{"id":10443,"date":"2024-05-31T18:51:33","date_gmt":"2024-05-31T18:51:33","guid":{"rendered":"https:\/\/www.dmsjuridica.com\/buscador_20179478954\/corteconstitucionalcronologico202454587\/2024\/05\/31\/c-158-04\/"},"modified":"2024-05-31T18:51:33","modified_gmt":"2024-05-31T18:51:33","slug":"c-158-04","status":"publish","type":"post","link":"https:\/\/www.dmsjuridica.com\/buscador_20179478954\/corteconstitucionalcronologico202454587\/c-158-04\/","title":{"rendered":"C-158-04"},"content":{"rendered":"\n<p>\u00a0 \u00a0 Sentencia C-158\/04 \u00a0<\/p>\n<p>COSA JUZGADA CONSTITUCIONAL-Cobro coactivo en materia de tr\u00e1nsito \u00a0<\/p>\n<p>Referencia.: expediente D-4786 \u00a0<\/p>\n<p>Demanda de inconstitucionalidad contra el art\u00edculo 140 (parcial) de la Ley 769 de 2002 \u201cPor la cual se expide el C\u00f3digo Nacional de Tr\u00e1nsito Terrestre y se dictan otras disposiciones \u201d. \u00a0<\/p>\n<p>Demandante: Reina Beltr\u00e1n Acosta \u00a0<\/p>\n<p>Magistrado Ponente: \u00a0<\/p>\n<p>Dr. EDUARDO MONTEALEGRE LYNETT \u00a0<\/p>\n<p>Bogot\u00e1, D. C., veinticuatro (24) de febrero de dos mil cuatro (2004). \u00a0<\/p>\n<p>La Sala Plena de la Corte Constitucional, en cumplimiento de sus atribuciones constitucionales y de los requisitos y tr\u00e1mite establecidos en el decreto 2067 de 1991, ha proferido la siguiente \u00a0<\/p>\n<p>SENTENCIA \u00a0<\/p>\n<p>I. ANTECEDENTES \u00a0<\/p>\n<p>Cumplidos los tr\u00e1mites constitucionales y legales propios de esta clase de procesos, entra la Corte a decidir sobre la demanda de la referencia. \u00a0<\/p>\n<p>II. NORMA DEMANDADA \u00a0<\/p>\n<p>A continuaci\u00f3n se transcribe el texto de la norma parcialmente acusada, de conformidad con su publicaci\u00f3n en el Diario Oficial No. 44.893, del 07 de agosto de 2002, subrayando el fragmento acusado\u00a0 \u00a0<\/p>\n<p>\u201cLEY 769 DE 2002 \u00a0<\/p>\n<p>(6 de agosto) \u00a0<\/p>\n<p>\u201cpor la cual se expide el C\u00f3digo Nacional de Tr\u00e1nsito Terrestre y se dictan otras disposiciones.\u201d \u00a0<\/p>\n<p>\u201cArt\u00edculo 140. Cobro Coactivo. Los organismos de tr\u00e1nsito podr\u00e1n hacer efectivas las multas por raz\u00f3n de las infracciones a este c\u00f3digo, a trav\u00e9s de la jurisdicci\u00f3n coactiva, con arreglo a lo que sobre ejecuciones fiscales establezca el C\u00f3digo de Procedimiento Civil. En todo caso ser\u00e1 procedente la inmovilizaci\u00f3n del veh\u00edculo o preferiblemente la retenci\u00f3n de la licencia de conducci\u00f3n si pasados treinta (30) d\u00edas de la imposici\u00f3n de la multa, \u00e9sta \u00a0no ha sido debidamente cancelada.\u201d\u00a0 \u00a0<\/p>\n<p>III. LA DEMANDA \u00a0<\/p>\n<p>La actora considera que el aparte acusado viola el derecho al trabajo de los conductores a quienes se les retenga la licencia, pues este oficio es la \u00fanica fuente de ingresos con la que cuentan. Tal situaci\u00f3n vulnera no s\u00f3lo sus derechos sino los de las personas que dependen del conductor afectado. Adem\u00e1s, en su opini\u00f3n, existen otros medios para recaudar las multas sin afectar los derechos fundamentales de los conductores y sin impulsarlos a actividades indeseables e ilegales para poder subsistir dignamente.\u00a0 \u00a0<\/p>\n<p>IV. Intervenci\u00f3n del Ministerio de Transporte \u00a0<\/p>\n<p>El ciudadano Leonardo Alvarez Casallas, representante del Ministerio de Transporte considera que el aparte acusado ya fue declarado inexequible mediante sentencia C-799 de 2003, por lo cual no es necesario efectuar ning\u00fan comentario adicional.\u00a0 \u00a0<\/p>\n<p>V. CONCEPTO DEL PROCURADOR GENERAL DE LA NACI\u00d3N \u00a0<\/p>\n<p>El Procurador General de la Naci\u00f3n, en concepto No. 3376, recibido el 09 de octubre de 2003, interviene en este proceso para solicitar que la Corte declare la existencia de cosa juzgada en relaci\u00f3n con la sentencia C-799 de 2003, mediante la cual se declar\u00f3 la inexequibilidad de la expresi\u00f3n \u201cEn todo caso ser\u00e1 procedente la inmovilizaci\u00f3n del veh\u00edculo o preferiblemente la retenci\u00f3n de la licencia de conducci\u00f3n si pasados treinta (30) d\u00edas de la imposici\u00f3n de la multa, \u00e9sta no ha sido debidamente cancelada\u201d contenida en el art\u00edculo 140 de la Ley 769 de 2002. \u00a0<\/p>\n<p>VI. CONSIDERACIONES Y FUNDAMENTOS \u00a0<\/p>\n<p>Competencia \u00a0<\/p>\n<p>1.- La Corte Constitucional es competente para conocer de la presente demanda en virtud del art\u00edculo 241 numeral 4 de la Carta, ya que la disposici\u00f3n acusada hace parte de una Ley de la rep\u00fablica. \u00a0\u00a0 \u00a0<\/p>\n<p>Existencia de cosa juzgada constitucional \u00a0<\/p>\n<p>2.- La Corte Constitucional, en sentencia C-799 de 2003, declar\u00f3 inexequible el aparte acusado, en los siguientes t\u00e9rminos: \u00a0<\/p>\n<p>\u201cDeclarar INEXEQUIBLE la expresi\u00f3n \u201cEn todo caso ser\u00e1 procedente la inmovilizaci\u00f3n del veh\u00edculo o preferiblemente la retenci\u00f3n de la licencia de conducci\u00f3n si pasados treinta (30) d\u00edas de la imposici\u00f3n de la multa, \u00e9sta no ha sido debidamente cancelada\u201d contenida en el art\u00edculo 140 de la Ley 769 de 2002.\u201d. \u00a0<\/p>\n<p>En consecuencia, existe cosa juzgada constitucional, toda vez que el aparte demandado ya fue estudiado por esta Corporaci\u00f3n y declarado inexequible. \u00a0<\/p>\n<p>VII. DECISION \u00a0<\/p>\n<p>En m\u00e9rito de lo expuesto, la Corte Constitucional de la Rep\u00fablica de Colombia, en nombre del pueblo y por mandato de la Constituci\u00f3n,\u00a0 \u00a0<\/p>\n<p>RESUELVE \u00a0<\/p>\n<p>Estarse a lo resuelto en la Sentencia C-799 de 2003, en la cual se declar\u00f3 inexequible el aparte demandado. \u00a0<\/p>\n<p>Notif\u00edquese, comun\u00edquese, c\u00famplase, publ\u00edquese, ins\u00e9rtese en la Gaceta de la Corte Constitucional y arch\u00edvese el expediente \u00a0<\/p>\n<p>CLARA INES VARGAS HERNANDEZ \u00a0<\/p>\n<p>Presidenta \u00a0<\/p>\n<p>JAIME ARAUJO RENTERIA \u00a0<\/p>\n<p>Magistrado\u00a0 \u00a0<\/p>\n<p>ALFREDO BELTRAN SIERRA \u00a0<\/p>\n<p>Magistrado \u00a0<\/p>\n<p>MANUEL JOSE CEPEDA ESPINOSA \u00a0<\/p>\n<p>Magistrado \u00a0<\/p>\n<p>JAIME CORDOBA TRIVI\u00d1O \u00a0<\/p>\n<p>Magistrado \u00a0<\/p>\n<p>RODRIGO ESCOBAR GIL \u00a0<\/p>\n<p>Magistrado \u00a0<\/p>\n<p>MARCO GERARDO MONROY CABRA \u00a0<\/p>\n<p>Magistrado \u00a0<\/p>\n<p>EDUARDO MONTEALEGRE LYNETT \u00a0<\/p>\n<p>Magistrado \u00a0<\/p>\n<p>ALVARO TAFUR GALVIS \u00a0<\/p>\n<p>Magistrado \u00a0<\/p>\n<p>IV\u00c1N HUMBERTO ESCRUCER\u00cdA MAYOLO \u00a0<\/p>\n<p>Secretario General (e) \u00a0<\/p>\n<p>EL SUSCRITO SECRETARIO GENERAL (E) \u00a0<\/p>\n<p>DE LA CORTE CONSTITUCIONAL \u00a0<\/p>\n<p>HACE CONSTAR: \u00a0<\/p>\n<p>Que la se\u00f1ora Presidenta doctora CLARA INES VARGAS HERNANDEZ, no firma la presente sentencia por encontrarse en comisi\u00f3n en el exterior debidamente autorizada por la Sala Plena de esta Corporaci\u00f3n. \u00a0<\/p>\n<p>IVAN HUMBERTO ESCRUCERIA MAYOLO \u00a0<\/p>\n<p>Secretario General (e) \u00a0 \u00a0<\/p>\n<p><\/p>\n","protected":false},"excerpt":{"rendered":"<p>\u00a0 \u00a0 Sentencia C-158\/04 \u00a0 COSA JUZGADA CONSTITUCIONAL-Cobro coactivo en materia de tr\u00e1nsito \u00a0 Referencia.: expediente D-4786 \u00a0 Demanda de inconstitucionalidad contra el art\u00edculo 140 (parcial) de la Ley 769 de 2002 \u201cPor la cual se expide el C\u00f3digo Nacional de Tr\u00e1nsito Terrestre y se dictan otras disposiciones \u201d. \u00a0 Demandante: Reina Beltr\u00e1n Acosta \u00a0 [&hellip;]<\/p>\n","protected":false},"author":1,"featured_media":0,"comment_status":"open","ping_status":"open","sticky":false,"template":"","format":"standard","meta":{"footnotes":""},"categories":[58],"tags":[],"class_list":["post-10443","post","type-post","status-publish","format-standard","hentry","category-sentencias-2004"],"_links":{"self":[{"href":"https:\/\/www.dmsjuridica.com\/buscador_20179478954\/corteconstitucionalcronologico202454587\/wp-json\/wp\/v2\/posts\/10443","targetHints":{"allow":["GET"]}}],"collection":[{"href":"https:\/\/www.dmsjuridica.com\/buscador_20179478954\/corteconstitucionalcronologico202454587\/wp-json\/wp\/v2\/posts"}],"about":[{"href":"https:\/\/www.dmsjuridica.com\/buscador_20179478954\/corteconstitucionalcronologico202454587\/wp-json\/wp\/v2\/types\/post"}],"author":[{"embeddable":true,"href":"https:\/\/www.dmsjuridica.com\/buscador_20179478954\/corteconstitucionalcronologico202454587\/wp-json\/wp\/v2\/users\/1"}],"replies":[{"embeddable":true,"href":"https:\/\/www.dmsjuridica.com\/buscador_20179478954\/corteconstitucionalcronologico202454587\/wp-json\/wp\/v2\/comments?post=10443"}],"version-history":[{"count":0,"href":"https:\/\/www.dmsjuridica.com\/buscador_20179478954\/corteconstitucionalcronologico202454587\/wp-json\/wp\/v2\/posts\/10443\/revisions"}],"wp:attachment":[{"href":"https:\/\/www.dmsjuridica.com\/buscador_20179478954\/corteconstitucionalcronologico202454587\/wp-json\/wp\/v2\/media?parent=10443"}],"wp:term":[{"taxonomy":"category","embeddable":true,"href":"https:\/\/www.dmsjuridica.com\/buscador_20179478954\/corteconstitucionalcronologico202454587\/wp-json\/wp\/v2\/categories?post=10443"},{"taxonomy":"post_tag","embeddable":true,"href":"https:\/\/www.dmsjuridica.com\/buscador_20179478954\/corteconstitucionalcronologico202454587\/wp-json\/wp\/v2\/tags?post=10443"}],"curies":[{"name":"wp","href":"https:\/\/api.w.org\/{rel}","templated":true}]}}