{"id":1105,"date":"2024-05-30T16:02:36","date_gmt":"2024-05-30T16:02:36","guid":{"rendered":"https:\/\/www.dmsjuridica.com\/buscador_20179478954\/corteconstitucionalcronologico202454587\/2024\/05\/30\/t-077-94\/"},"modified":"2024-05-30T16:02:36","modified_gmt":"2024-05-30T16:02:36","slug":"t-077-94","status":"publish","type":"post","link":"https:\/\/www.dmsjuridica.com\/buscador_20179478954\/corteconstitucionalcronologico202454587\/t-077-94\/","title":{"rendered":"T 077 94"},"content":{"rendered":"<p>T-077-94<\/p>\n<p>&nbsp; &nbsp; Sentencia No. T-077\/94 &nbsp;<\/p>\n<p>DERECHO DE PETICION-Pronta Resoluci\u00f3n &nbsp;<\/p>\n<p>La nueva Constituci\u00f3n contempla el derecho a obtener &#8220;la pronta resoluci\u00f3n&#8221; de las peticiones respetuosas ante las autoridades &#8220;por motivos de inter\u00e9s general o particular&#8221; , aspecto que hace parte del n\u00facleo esencial del derecho fundamental de petici\u00f3n, ya que &#8220;sin la posibilidad de exigir una respuesta r\u00e1pida y oportuna carecer\u00eda de efectividad este derecho. &nbsp;<\/p>\n<p>REF &nbsp; &nbsp; &nbsp; &nbsp;.: &nbsp;Expediente No. 25298 &nbsp;<\/p>\n<p>PETICIONARIO: &nbsp;MALELY AMPARO SANTANA BARBOSA en representaci\u00f3n de AMINTA SOFIA SANTANA BARBOSA. &nbsp;<\/p>\n<p>TEMA: &nbsp;Derecho de Petici\u00f3n &nbsp; &nbsp;<\/p>\n<p>PROCEDENCIA: &nbsp;Juzgado Treinta Civil del Circuito de Santaf\u00e9 de Bogot\u00e1. &nbsp;<\/p>\n<p>MAGISTRADO PONENTE: &nbsp;Dr. HERNANDO HERRERA VERGARA. &nbsp;<\/p>\n<p>Santaf\u00e9 de Bogot\u00e1, D.C., veintitres (23) de febrero de mil novecientos noventa y cuatro (1994). &nbsp;<\/p>\n<p>La Sala Sexta de Revisi\u00f3n, integrada por los Honorables magistrados ALEJANDRO MARTINEZ CABALLERO, FABIO MORON DIAZ y HERNANDO HERRERA VERGARA, previo estudio del Magistrado Ponente, procede a revisar la sentencia que para decidir la acci\u00f3n de la de referencia, fue proferida por el Juzgado Sexto Laboral del Circuito de Santaf\u00e9 de Bogot\u00e1, el d\u00eda quince (15) de Octubre de mil novecientos noventa y tres (1993). &nbsp;<\/p>\n<p>I. &nbsp;INFORMACION PRELIMINAR &nbsp;<\/p>\n<p>MALELY AMPARO SANTANA BARBOSA, en representaci\u00f3n de su hermana AMINTA SOFIA SANTANA BARBOSA, &nbsp;impetr\u00f3 la acci\u00f3n de tutela, prevista en el Art\u00edculo 86 de la Constituci\u00f3n Nacional, en contra de la CAJA NACIONAL DEL PREVISION SOCIAL, por vilaci\u00f3n del derecho a la igualdad y el derecho de petici\u00f3n.&nbsp; &nbsp;<\/p>\n<p>A. &nbsp;HECHOS &nbsp;<\/p>\n<p>Seg\u00fan la peticionaria, sirven de fundamento para el ejercicio de la acci\u00f3n de tutela, los siguientes hechos: &nbsp;<\/p>\n<p>1.- &#8220;&#8230;el 10 de Abril de 1991&#8243; &nbsp;solicit\u00f3 la pensi\u00f3n &nbsp;de jubilaci\u00f3n y no le ha sido concedida ni negada, en tanto que otras maestras que cumplieron los requisitos con posterioridad la solicitaron y ya les fue decretada&#8230;&#8221;. &nbsp;<\/p>\n<p>2.- La petici\u00f3n &#8220;&#8230; fue radicadabajo el N\u00famero 4940&#8230; En el momento de la entrega se me inform\u00f3 que pod\u00eda ir a preguntar, por lo tanto en los primeros quince d\u00edas del mes de octubre de 1991 fu\u00ed a averiguar y me dijeron que en esa fecha no hab\u00edan emprezado (sic) a estudiar las solicitudes radicadas &nbsp;en 1991, que fuera en seis meses, en consecuencia me present\u00e9 en abril de 1992 y me dijeron lo mismo que en abril de 1991 que volviera en dos (2) meses, me present\u00e9 entonces en Diciembre de 1992 y recib\u00ed la misma informaci\u00f3n&#8221;. &nbsp;<\/p>\n<p>II. &nbsp;LA SENTENCIA OBJETO DE REVISION&nbsp; &nbsp;<\/p>\n<p>El Juzgado Sexto Laboral del Circuito de Santaf\u00e9 de Bogot\u00e1, mediante Sentencia de octubre quince (15) de mil novecientos noventa y tres (1993), resolvi\u00f3 &#8220;DENEGAR LA ACCI\u00d3N DE TUTELA&#8230;&#8221; de conformidad con las siguientes consideraciones: &nbsp;<\/p>\n<p>1. &#8220;Pudiese as\u00ed el interesado, ocurrir en acci\u00f3n contenciosa administrativa, para obtener la declaraci\u00f3n de nulidad del acto administrativo, proveniente de la accionada, al no dar contestaci\u00f3n a la solicitud formulada, dentro del t\u00e9rmino de ley, y en consecuencia deprecar el reconocimiento de la pensi\u00f3n de jubilaci\u00f3n&#8230;. la acci\u00f3n de tutela solicitada no procede por expreso mandato del art. 6o. del Decreto 2591 de 1991, en raz\u00f3n a que en el evento sub judice, existen otros recursos o medios de defensa judiciales&#8230;&#8221;.&nbsp; &nbsp;<\/p>\n<p>III. &nbsp;CONSIDERACIONES DE LA SALA &nbsp;<\/p>\n<p>A. LA COMPETENCIA &nbsp;<\/p>\n<p>De conformidad con lo dispuesto por los Art\u00edculos 86, Inciso tercero y 241, Numeral noveno de la Constituci\u00f3n Pol\u00edtica, en concordancia con los Art\u00edculos 33, 34, 35 y 36 del Decreto 2591 de 1991, esta Sala es competente para revisar de la sentencia que resolvi\u00f3 acerca de la acci\u00f3n de tutela de la referencia. &nbsp; &nbsp;<\/p>\n<p>Se procede a la revisi\u00f3n en virtud de la selecci\u00f3n practicada por la Sala correspondiente y del reparto efectuado seg\u00fan lo establecido por el reglamento de esta Corporaci\u00f3n. &nbsp;<\/p>\n<p>B. LA MATERIA &nbsp;<\/p>\n<p>En reiteradas oportunidades esta Corporaci\u00f3n se ha pronunciado sobre hechos similares a los de la tutela aqu\u00ed referenciada, y ha ordenado la contestaci\u00f3n de las solicitudes elevadas ante las distintas Entidades renuentes, por violaci\u00f3n del derecho Fundamental de Petici\u00f3n. As\u00ed podr\u00eda citarse entre otras, las sentencias 244\/93, 284\/93, 286\/93, 287\/93, 315\/93, 353\/93, 357\/93, 386\/93, 408\/93, 475\/93, 461\/93, 514\/93, 518\/93, 581\/93, 583\/93, 584\/93,585\/93, 590\/93. &nbsp;<\/p>\n<p>En s\u00edntesis, expresan la anteriores providencias que el derecho de petici\u00f3n &nbsp;es &#8220;uno de los derechos fundamentales cuya efectividad resulta indispensable para el logro de los fines esenciales del Estado&#8230;&#8221; ( Sent. No. 12 de 1992, M.P. Jos\u00e9 Gregorio Hern\u00e1ndez Galindo) &nbsp;<\/p>\n<p>La nueva Constituci\u00f3n contempla el derecho a obtener &#8220;la pronta resoluci\u00f3n&#8221; de las peticiones respetuosas ante las autoridades &#8220;por motivos de inter\u00e9s general o particular&#8221; , aspecto que hace parte del n\u00facleo esencial del derecho fundamental de petici\u00f3n, ya que &#8220;sin la posibilidad de exigir una respuesta r\u00e1pida y oportuna carecer\u00eda de efectividad este derecho&#8221; y puede &#8220;incluso llegar a afirmarse que el derecho fundamental ser\u00eda inocuo si solo se formulara en t\u00e9rminos de poder presentar la respectiva petici\u00f3n. Lo que hace efectivo el derecho es que la petici\u00f3n elevada sea resuelta r\u00e1pidamente&#8221;. &#8220;Es en la resoluci\u00f3n y no en la formulaci\u00f3n donde este derecho fundamental adquiere toda su dimensi\u00f3n&#8230;&#8221;. (Sentencia T-426\/92, M.P. Dr. Jos\u00e9 Gregorio Hern\u00e1ndez Galindo, y T-495\/92, M.P. Dr.Ciro Angarita Bar\u00f3n). &nbsp;<\/p>\n<p>De otra parte, la sentencia 426\/92 se refiri\u00f3 a la figura del &#8220;Silencio administrativo&#8221; en el sentido de que &#8220;no constestar reclamaciones o solicitudes que conlleva a la configuraci\u00f3n del fen\u00f3meno del silencio administrativo (arts 40 a 42 c\u00f3digo contencioso administrativo) no debe entenderse como v\u00eda expedita para el desconocimiento &nbsp;del n\u00facleo esencial del derecho fundamental de petici\u00f3n&#8221;. &nbsp;<\/p>\n<p>Asimismo, en sentencia No. 481\/92 M.P. Dr. Jaime San\u00edn Greiffenstein se dijo: &#8220;&#8230;el derecho de petici\u00f3n que la Constituci\u00f3n consagra no queda satisfecho con el silencio administrativo que algunas normas disponen, pues esto es apenas un mecanismo que la ley se ingenia para que el adelantamiento de la actuaci\u00f3n sea posible y no sea bloqueada por la administraci\u00f3n&#8230;&#8221; &nbsp;<\/p>\n<p>Por esta raz\u00f3n se dispondr\u00e1 en la parte resolutiva de esta providencia que, en ejercicio del Derecho Fundamental de Petici\u00f3n, la CAJA NACIONAL DE PREVISION SOCIAL, deber\u00e1 resolver la reclamaci\u00f3n elevada en el presente asunto dentro del t\u00e9rmino de cuarenta y ocho (48) horas, contado a partir de la notificaci\u00f3n de esta sentencia, si para la fecha de \u00e9sta \u00faltima no ha sido resuelta la solicitud, amparando el Derecho de Petici\u00f3n.&nbsp; &nbsp;<\/p>\n<p>Tambi\u00e9n observa la Sala que en el caso sometido a estudio no existe otro medio de defensa judicial; en tal circunstancia, la v\u00eda expedita para la protecci\u00f3n del derecho fundamental en cuesti\u00f3n es la acci\u00f3n de tutela, mecanismo preferente que hace efectivo el derecho conculcado. &nbsp;<\/p>\n<p>IV. DECISION &nbsp;<\/p>\n<p>En m\u00e9rito de lo expuesto, la Sala Sexta de Revisi\u00f3n de la Corte Constitucional, administrando justicia en nombre del pueblo y por mandato de la Constituci\u00f3n &nbsp;<\/p>\n<p>RESUELVE &nbsp;<\/p>\n<p>Primero.&nbsp; REVOCAR la sentencia proferida por Juzgado Sexto Laboral del Circuito de Santaf\u00e9 de Bogot\u00e1, el d\u00eda quince (15) de octubre de mil novecientos noventa y tres (1993).&nbsp; &nbsp;<\/p>\n<p>Segundo. CONCEDER la tutela impetrada por violaci\u00f3n del derecho fundamental de petici\u00f3n. En tal virtud, se ordena a la CAJA NACIONAL DE PREVISION SOCIAL resolver la petici\u00f3n elevada por la se\u00f1ora AMINTA SOFIA ANTANA BARBOSA, en el improrrogable t\u00e9rmino de cuarenta y ocho (48) horas, contado a partir de la notificaci\u00f3n de esta sentencia, &nbsp;si para la fecha de esta \u00faltima no ha sido resuelta la solicitud.&nbsp; &nbsp;<\/p>\n<p>Cuarto.&nbsp; LIBRENSE por Secretar\u00eda las comunicaciones de que trata el art\u00edculo 36 del Decreto 2591 de 1991 para los efectos all\u00ed contemplados. &nbsp;<\/p>\n<p>C\u00f3piese, comun\u00edquese, c\u00famplase e ins\u00e9rtese en la Gaceta de la Corte Constitucional. &nbsp; &nbsp; &nbsp; &nbsp;<\/p>\n<p>HERNANDO HERRERA VERGARA &nbsp;<\/p>\n<p>Magistrado Ponente &nbsp;<\/p>\n<p>Magistrado &nbsp;<\/p>\n<p>FABIO MORON DIAZ &nbsp;<\/p>\n<p>Magistrado &nbsp;<\/p>\n<p>MATHA SACHICA DE MONCALEANO &nbsp;<\/p>\n<p>Secretaria General&nbsp; &nbsp;<\/p>\n<p>&nbsp; &nbsp;&nbsp;<\/p>\n<p>\n","protected":false},"excerpt":{"rendered":"<p>T-077-94 &nbsp; &nbsp; Sentencia No. T-077\/94 &nbsp; DERECHO DE PETICION-Pronta Resoluci\u00f3n &nbsp; La nueva Constituci\u00f3n contempla el derecho a obtener &#8220;la pronta resoluci\u00f3n&#8221; de las peticiones respetuosas ante las autoridades &#8220;por motivos de inter\u00e9s general o particular&#8221; , aspecto que hace parte del n\u00facleo esencial del derecho fundamental de petici\u00f3n, ya que &#8220;sin la posibilidad [&hellip;]<\/p>\n","protected":false},"author":1,"featured_media":0,"comment_status":"open","ping_status":"open","sticky":false,"template":"","format":"standard","meta":{"footnotes":""},"categories":[14],"tags":[],"class_list":["post-1105","post","type-post","status-publish","format-standard","hentry","category-tutelas-1994"],"_links":{"self":[{"href":"https:\/\/www.dmsjuridica.com\/buscador_20179478954\/corteconstitucionalcronologico202454587\/wp-json\/wp\/v2\/posts\/1105","targetHints":{"allow":["GET"]}}],"collection":[{"href":"https:\/\/www.dmsjuridica.com\/buscador_20179478954\/corteconstitucionalcronologico202454587\/wp-json\/wp\/v2\/posts"}],"about":[{"href":"https:\/\/www.dmsjuridica.com\/buscador_20179478954\/corteconstitucionalcronologico202454587\/wp-json\/wp\/v2\/types\/post"}],"author":[{"embeddable":true,"href":"https:\/\/www.dmsjuridica.com\/buscador_20179478954\/corteconstitucionalcronologico202454587\/wp-json\/wp\/v2\/users\/1"}],"replies":[{"embeddable":true,"href":"https:\/\/www.dmsjuridica.com\/buscador_20179478954\/corteconstitucionalcronologico202454587\/wp-json\/wp\/v2\/comments?post=1105"}],"version-history":[{"count":0,"href":"https:\/\/www.dmsjuridica.com\/buscador_20179478954\/corteconstitucionalcronologico202454587\/wp-json\/wp\/v2\/posts\/1105\/revisions"}],"wp:attachment":[{"href":"https:\/\/www.dmsjuridica.com\/buscador_20179478954\/corteconstitucionalcronologico202454587\/wp-json\/wp\/v2\/media?parent=1105"}],"wp:term":[{"taxonomy":"category","embeddable":true,"href":"https:\/\/www.dmsjuridica.com\/buscador_20179478954\/corteconstitucionalcronologico202454587\/wp-json\/wp\/v2\/categories?post=1105"},{"taxonomy":"post_tag","embeddable":true,"href":"https:\/\/www.dmsjuridica.com\/buscador_20179478954\/corteconstitucionalcronologico202454587\/wp-json\/wp\/v2\/tags?post=1105"}],"curies":[{"name":"wp","href":"https:\/\/api.w.org\/{rel}","templated":true}]}}