{"id":11124,"date":"2024-05-31T18:54:18","date_gmt":"2024-05-31T18:54:18","guid":{"rendered":"https:\/\/www.dmsjuridica.com\/buscador_20179478954\/corteconstitucionalcronologico202454587\/2024\/05\/31\/t-429-04\/"},"modified":"2024-05-31T18:54:18","modified_gmt":"2024-05-31T18:54:18","slug":"t-429-04","status":"publish","type":"post","link":"https:\/\/www.dmsjuridica.com\/buscador_20179478954\/corteconstitucionalcronologico202454587\/t-429-04\/","title":{"rendered":"T-429-04"},"content":{"rendered":"\n<p>\u00a0 \u00a0 Sentencia T-429\/04 \u00a0<\/p>\n<p>ACCION DE TUTELA-Hecho superado por cuanto ISS respondi\u00f3 \u00a0<\/p>\n<p>Reiteraci\u00f3n de Jurisprudencia \u00a0<\/p>\n<p>Referencia: expediente T-863523 \u00a0<\/p>\n<p>Acci\u00f3n de tutela instaurada por Maria Amanda Jaramillo Silva contra el Seguro Social, Seccional Itag\u00fci.\u00a0 \u00a0<\/p>\n<p>Magistrado Ponente: \u00a0<\/p>\n<p>Dr. MANUEL JOS\u00c9 CEPEDA ESPINOSA \u00a0<\/p>\n<p>Bogot\u00e1, D. C., seis (6) de mayo de dos mil cuatro (2004). \u00a0<\/p>\n<p>La Sala Tercera de Revisi\u00f3n de la Corte Constitucional, integrada por los magistrados, Manuel Jos\u00e9 Cepeda Espinosa, Jaime C\u00f3rdoba Trivi\u00f1o y Rodrigo Escobar Gil, en ejercicio de sus competencias constitucionales y legales, ha proferido la siguiente \u00a0<\/p>\n<p>SENTENCIA \u00a0<\/p>\n<p>Mar\u00eda Amanda Jaramillo Silva, interpuso acci\u00f3n de tutela contra el Seguro Social, Seccional Itag\u00fci el 14 de noviembre de 2003, con el prop\u00f3sito de que se le protegiera su derecho de petici\u00f3n. Se\u00f1ala que no ha recibido respuesta a un recurso de reposici\u00f3n y apelaci\u00f3n interpuesto desde el mes de abril de 2003 contra la resoluci\u00f3n que le neg\u00f3 el reconocimiento de \u201cun retroactivo.\u201d \u00a0<\/p>\n<p>1. Mediante oficio recibido por el juez de instancia el 1 de diciembre de 2003, el Seguro Social respondi\u00f3 se\u00f1alando que el expediente \u201cfue enviado al funcionario competente para que resuelva el recurso de reposici\u00f3n. Posteriormente el acto administrativo se enviar\u00e1 al Departamento de N\u00f3mina para la fecha y la radicaci\u00f3n, luego pasar\u00e1 al Departamento de Atenci\u00f3n al Pensionado para la firma de la Jefe. Una vez sea devuelto el expediente a este despacho por parte del Departamento de n\u00f3mina, se le estar\u00e1 notificando personalmente lo resuelto. Por lo anterior, comedidamente le solicito nos de un tiempo prudencial para surtir todo este tr\u00e1mite\u201d. \u00a0<\/p>\n<p>2. La sentencia de instancia, proferida por el Juzgado Segundo Civil del Circuito de Itag\u00fc\u00ed neg\u00f3 el amparo solicitado, se\u00f1alando que en este caso no se puede hablar de demora sino de tardanza y sumado a ello, \u201cla accionada \u00a0puede hacer uso del silencio administrativo y por consiguiente alegarlo como sustrato para entender agotada la v\u00eda gubernativa y poder as\u00ed continuar con la acci\u00f3n pertinente que la legislaci\u00f3n contenciosa contempla\u201d. \u00a0<\/p>\n<p>CONSIDERACIONES \u00a0<\/p>\n<p>Se discute en el presente asunto si la negativa en resolver los recursos interpuestos contra un acto administrativo, genera violaci\u00f3n al derecho de petici\u00f3n. Seg\u00fan lo tiene dispuesto la jurisprudencia de esta Corporaci\u00f3n, la v\u00eda gubernativa como mecanismo que tiene el doble car\u00e1cter de control de los actos administrativos y de instrumento obligatorio para acudir a la jurisdicci\u00f3n contenciosa, es una expresi\u00f3n m\u00e1s del derecho de petici\u00f3n consagrado en el art\u00edculo 23 de la Constituci\u00f3n Pol\u00edtica. As\u00ed lo ha dicho esta Corporaci\u00f3n en Sentencia T-033 de 2002 (M. P. Rodrigo Escobar Gil), al afirmar: \u201cCuando se interpone un recurso con la finalidad de agotar la v\u00eda gubernativa, la Administraci\u00f3n se convierte en sujeto pasivo del ejercicio del derecho de petici\u00f3n, quedando obligada a dar respuesta oportuna, clara y de fondo a la solicitud formulada\u201d. En consecuencia, si \u00a0la administraci\u00f3n no resuelve un recurso interpuesto contra alguno de sus actos, o lo resuelve por fuera de los t\u00e9rminos que la ley le ha fijado, quebranta el derecho fundamental de petici\u00f3n.\u00a0 \u00a0<\/p>\n<p>Ahora bien, una interpretaci\u00f3n sistem\u00e1tica de las normas que regulan el ejercicio del derecho de petici\u00f3n en materia de seguridad social en pensiones (C.C.A., Decreto 656 de 1994 y Ley 700 de 2001) ha llevado a la jurisprudencia a sostener que es de quince (15) d\u00edas el plazo con el \u00a0que cuenta la autoridad p\u00fablica para dar respuesta a los peticionarios que han interpuesto un recurso contra una decisi\u00f3n dentro de un tr\u00e1mite administrativo (SU-975 de 2003, M. P. Manuel Jos\u00e9 Cepeda). \u00a0<\/p>\n<p>Por lo tanto, contrario a lo sostenido por la sentencia de instancia, el silencio administrativo negativo no protege el derecho de petici\u00f3n, y por tanto, su ocurrencia hace procedente la acci\u00f3n de tutela.1 Por ello, la sentencia revisada ha debido favorecer las pretensiones de la accionante y conceder la tutela interpuesta por cuanto era clara la violaci\u00f3n del derecho de petici\u00f3n y la accionante llevaba 7 meses esperando la respectiva respuesta. \u00a0<\/p>\n<p>Esta Corporaci\u00f3n ha enfatizado, que si durante el tr\u00e1mite de la acci\u00f3n de tutela, la vulneraci\u00f3n o amenaza a los derechos fundamentales desaparece, la tutela pierde su raz\u00f3n de ser, pues bajo esas condiciones no existir\u00eda una orden que impartir ni un perjuicio que evitar2. Dado que en el presente caso la demandante inform\u00f3 que en efecto ya el Seguro Social hab\u00eda proferido resoluci\u00f3n resolviendo lo concerniente al retroactivo por ella solicitado,3 se est\u00e1 frente a un hecho superado, como quiera que la situaci\u00f3n que origin\u00f3 la presente acci\u00f3n de tutela ya desapareci\u00f3. \u00a0<\/p>\n<p>En consecuencia, la Sala revocar\u00e1 el fallo materia de revisi\u00f3n, pero ante la existencia de un hecho superado, declarar\u00e1 la carencia actual de objeto. Se reitera de esta manera el criterio expuesto por esta misma Sala seg\u00fan el cual, no se puede confirmar un fallo de tutela contrario a la Carta4. \u00a0<\/p>\n<p>En m\u00e9rito de lo expuesto, la Sala Tercera de Revisi\u00f3n de la Corte Constitucional, administrando justicia en nombre del pueblo y por mandato de la Constituci\u00f3n, \u00a0<\/p>\n<p>RESUELVE \u00a0<\/p>\n<p>Primero.- REVOCAR la sentencia proferida por el Juzgado Segundo Civil del Circuito de Itag\u00fc\u00ed. \u00a0<\/p>\n<p>Segundo.- DECLARAR la carencia actual de objeto, por la raz\u00f3n se\u00f1alada en esta sentencia. \u00a0<\/p>\n<p>Tercero.- Por Secretar\u00eda l\u00edbrese la comunicaci\u00f3n prevista en el art\u00edculo 36 del Decreto 2591 de 1991. \u00a0<\/p>\n<p>Notif\u00edquese, comun\u00edquese, publ\u00edquese en la Gaceta de la Corte Constitucional y c\u00famplase. \u00a0<\/p>\n<p>MANUEL JOS\u00c9 CEPEDA ESPINOSA \u00a0<\/p>\n<p>Magistrado Ponente \u00a0<\/p>\n<p>JAIME C\u00d3RDOBA TRIVI\u00d1O \u00a0<\/p>\n<p>Magistrado \u00a0<\/p>\n<p>RODRIGO ESCOBAR GIL \u00a0<\/p>\n<p>Magistrado \u00a0<\/p>\n<p>IV\u00c1N HUMBERTO ESCRUCER\u00cdA MAYOLO \u00a0<\/p>\n<p>Secretario General (e) \u00a0 \u00a0<\/p>\n<p>1 Cfr. \u00a0entre otras, \u00a0la sentencia T-788 de 2001, \u00a0M.P. Jaime C\u00f3rdoba Trivi\u00f1o. \u00a0<\/p>\n<p>2 Sentencias T-608 de 2002, T-552 de 2002, M.P Manuel Jos\u00e9 Cepeda Espinosa. \u00a0<\/p>\n<p>3 Folios 27 y 28 del expediente. \u00a0<\/p>\n<p>4 Sentencia T-271 de 2001. M. P. Manuel Jos\u00e9 Cepeda Espinosa. \u00a0 \u00a0<\/p>\n<p><\/p>\n","protected":false},"excerpt":{"rendered":"<p>\u00a0 \u00a0 Sentencia T-429\/04 \u00a0 ACCION DE TUTELA-Hecho superado por cuanto ISS respondi\u00f3 \u00a0 Reiteraci\u00f3n de Jurisprudencia \u00a0 Referencia: expediente T-863523 \u00a0 Acci\u00f3n de tutela instaurada por Maria Amanda Jaramillo Silva contra el Seguro Social, Seccional Itag\u00fci.\u00a0 \u00a0 Magistrado Ponente: \u00a0 Dr. MANUEL JOS\u00c9 CEPEDA ESPINOSA \u00a0 Bogot\u00e1, D. C., seis (6) de mayo de [&hellip;]<\/p>\n","protected":false},"author":1,"featured_media":0,"comment_status":"open","ping_status":"open","sticky":false,"template":"","format":"standard","meta":{"footnotes":""},"categories":[59],"tags":[],"class_list":["post-11124","post","type-post","status-publish","format-standard","hentry","category-tutelas-2004"],"_links":{"self":[{"href":"https:\/\/www.dmsjuridica.com\/buscador_20179478954\/corteconstitucionalcronologico202454587\/wp-json\/wp\/v2\/posts\/11124","targetHints":{"allow":["GET"]}}],"collection":[{"href":"https:\/\/www.dmsjuridica.com\/buscador_20179478954\/corteconstitucionalcronologico202454587\/wp-json\/wp\/v2\/posts"}],"about":[{"href":"https:\/\/www.dmsjuridica.com\/buscador_20179478954\/corteconstitucionalcronologico202454587\/wp-json\/wp\/v2\/types\/post"}],"author":[{"embeddable":true,"href":"https:\/\/www.dmsjuridica.com\/buscador_20179478954\/corteconstitucionalcronologico202454587\/wp-json\/wp\/v2\/users\/1"}],"replies":[{"embeddable":true,"href":"https:\/\/www.dmsjuridica.com\/buscador_20179478954\/corteconstitucionalcronologico202454587\/wp-json\/wp\/v2\/comments?post=11124"}],"version-history":[{"count":0,"href":"https:\/\/www.dmsjuridica.com\/buscador_20179478954\/corteconstitucionalcronologico202454587\/wp-json\/wp\/v2\/posts\/11124\/revisions"}],"wp:attachment":[{"href":"https:\/\/www.dmsjuridica.com\/buscador_20179478954\/corteconstitucionalcronologico202454587\/wp-json\/wp\/v2\/media?parent=11124"}],"wp:term":[{"taxonomy":"category","embeddable":true,"href":"https:\/\/www.dmsjuridica.com\/buscador_20179478954\/corteconstitucionalcronologico202454587\/wp-json\/wp\/v2\/categories?post=11124"},{"taxonomy":"post_tag","embeddable":true,"href":"https:\/\/www.dmsjuridica.com\/buscador_20179478954\/corteconstitucionalcronologico202454587\/wp-json\/wp\/v2\/tags?post=11124"}],"curies":[{"name":"wp","href":"https:\/\/api.w.org\/{rel}","templated":true}]}}