{"id":1608,"date":"2024-05-30T16:18:33","date_gmt":"2024-05-30T16:18:33","guid":{"rendered":"https:\/\/www.dmsjuridica.com\/buscador_20179478954\/corteconstitucionalcronologico202454587\/2024\/05\/30\/c-534-95\/"},"modified":"2024-05-30T16:18:33","modified_gmt":"2024-05-30T16:18:33","slug":"c-534-95","status":"publish","type":"post","link":"https:\/\/www.dmsjuridica.com\/buscador_20179478954\/corteconstitucionalcronologico202454587\/c-534-95\/","title":{"rendered":"C 534 95"},"content":{"rendered":"<p>C-534-95<\/p>\n<p>&nbsp; &nbsp; Sentencia No. C-534\/95 &nbsp;<\/p>\n<p>CONMOCION INTERIOR-Inconstitucionalidad de Decretos expedidos &nbsp;<\/p>\n<p>Mediante sentencia C-466 de 1995, la Corte Constitucional declar\u00f3 la inexequibilidad del Decreto 1370 de 1995, mediante el cual se declar\u00f3 el estado de conmoci\u00f3n interior. Como quiera que el decreto objeto de revisi\u00f3n se expidi\u00f3 en desarrollo del citado decreto, la Corte proceder\u00e1 a declarar su inexequibilidad. &nbsp;<\/p>\n<p>Ref.: Expediente R.E. 070 &nbsp;<\/p>\n<p>Revisi\u00f3n de constitucionalidad del Decreto 1532 de septiembre trece (13) de mil novecientos noventa y cinco (1995) \u201cpor el cual se adiciona el Presupuesto General de la Naci\u00f3n para la vigencia fiscal de 1995\u201d. &nbsp;<\/p>\n<p>Magistrado Ponente:&nbsp; &nbsp;<\/p>\n<p>EDUARDO CIFUENTES MU\u00d1OZ &nbsp;<\/p>\n<p>Santa Fe de Bogot\u00e1, D.C., Noviembre veintitr\u00e9s (23) de mil novecientos noventa y cinco (1995)&nbsp; &nbsp;<\/p>\n<p>Aprobado por Acta N\u00ba&nbsp; &nbsp;<\/p>\n<p>La Sala Plena de la Corte Constitucional integrada por su Presidente Jos\u00e9 Gregorio Hern\u00e1ndez Galindo y por los Magistrados Jorge Arango Mej\u00eda, Antonio Barrera Carbonell, Eduardo Cifuentes Mu\u00f1oz, Carlos Gaviria D\u00edaz, Jos\u00e9 Gregorio Hern\u00e1ndez Galindo, Hernando Herrera Vergara, Alejandro Mart\u00ednez Caballero, Fabio Mor\u00f3n D\u00edaz y Vladimiro Naranjo Mesa &nbsp;<\/p>\n<p>EN NOMBRE DEL PUEBLO &nbsp;<\/p>\n<p>Y &nbsp;<\/p>\n<p>POR MANDATO DE LA CONSTITUCION &nbsp;<\/p>\n<p>Ha pronunciado la siguiente &nbsp;<\/p>\n<p>En el proceso de revisi\u00f3n de constitucionalidad del Decreto 1532 de septiembre trece (13) de mil novecientos noventa y cinco (1995) \u201cpor el cual se adiciona el Presupuesto General de la Naci\u00f3n para la vigencia fiscal de 1995\u201d. &nbsp;<\/p>\n<p>I. TEXTO DE LA NORMA REVISADA &nbsp;<\/p>\n<p>PRESIDENCIA DE LA REPUBLICA &nbsp;<\/p>\n<p>DECRETO No. 1532&nbsp; &nbsp;<\/p>\n<p>SEPTIEMBRE 13 DE 1995 &nbsp;<\/p>\n<p>Por el cual se adiciona el Presupuesto General de la Naci\u00f3n para la vigencia fiscal de 1995. &nbsp;<\/p>\n<p>EL PRESIDENTE DE LA REPUBLICA DE COLOMBIA, &nbsp;<\/p>\n<p>en ejercicio de las facultades que le confiere el art\u00edculo 231 de la Constituci\u00f3n &nbsp;<\/p>\n<p>Pol\u00edtica, el Decreto 1370 de 1995 y el art\u00edculo 36 de la Ley 179 de 1994. &nbsp;<\/p>\n<p>CONSIDERANDO: &nbsp;<\/p>\n<p>Que mediante Decreto 1370 del 16 de agosto de 1995, se declar\u00f3 el Estado de Conmoci\u00f3n Interior en todo el territorio nacional, con el fin de controlar la grave situaci\u00f3n de orden p\u00fablico que se ha venido presentando en las \u00faltimas semanas; &nbsp;<\/p>\n<p>Que en ejercicio de las facultades conferidas en el art\u00edculo 213 de la Constituci\u00f3n Pol\u00edtica, y en desarrollo del Decreto 1370 de 1995 se expidi\u00f3 el Decreto 1531 de 1995, &#8220;Por el cual se crea la Corporaci\u00f3n para la Convivencia Ciudadana en la Regi\u00f3n de Urab\u00e1 &#8211; CONCIUDADANA -&#8220;; &nbsp;<\/p>\n<p>Que el literal II) del art\u00edculo 38 de la Ley 137 de 1994, Estatutaria de los Estados de Excepci\u00f3n, confiere al Gobierno la facultad de modificar el Presupuesto durante el Estado de Conmoci\u00f3n Interior; &nbsp;<\/p>\n<p>Que de conformidad con el art\u00edculo 36 de la Ley 179 de 1994, los cr\u00e9ditos adicionales y traslados al Presupuesto General de la Naci\u00f3n ser\u00e1n efectuados por el Gobierno en los t\u00e9rminos que \u00e9ste se\u00f1ale. La fuente de gasto p\u00fablico ser\u00e1 el Decreto que declare el estado de excepci\u00f3n respectivo; &nbsp;<\/p>\n<p>Que se hace necesario dotar a CONCIUDADANA de los recursos que le permitan cumplir con su objetivo y desarrollar adecuadamente sus funciones; &nbsp;<\/p>\n<p>DECRETA: &nbsp;<\/p>\n<p>ARTICULO l\u00ba. &nbsp;Adicionar los c\u00f3mputos del presupuesto de rentas y recursos del capital para la vigencia fiscal de 1995, en la suma de CINCO MIL MILLONES DE PESOS ($5.000.000.000), provenientes de: &nbsp;<\/p>\n<p>2. Recursos de Capital de la Naci\u00f3n &nbsp;<\/p>\n<p>2.6. Recursos del Cr\u00e9dito Interno &nbsp;<\/p>\n<p>Numeral 1038 Emisi\u00f3n y colocaci\u00f3n de t\u00edtulos &nbsp;<\/p>\n<p>de tesorer\u00eda clase B &nbsp; &nbsp; &nbsp; &nbsp; &nbsp; &nbsp; &nbsp; &nbsp; &nbsp; &nbsp; &nbsp; &nbsp; &nbsp; &nbsp;&nbsp; &nbsp; &nbsp; &nbsp; &nbsp; &nbsp; &nbsp; &nbsp; &nbsp; &nbsp; &nbsp; &nbsp; &nbsp; &nbsp; &nbsp; &nbsp; &nbsp; &nbsp; &nbsp; &nbsp; &nbsp; &nbsp; &nbsp; &nbsp; &nbsp; &nbsp; &nbsp; &nbsp; &nbsp; &nbsp; &nbsp; &nbsp; &nbsp; &nbsp; &nbsp; &nbsp; &nbsp; &nbsp; &nbsp; &nbsp; &nbsp; &nbsp; &nbsp; &nbsp; &nbsp; &nbsp; &nbsp; &nbsp; &nbsp; &nbsp; &nbsp; &nbsp; &nbsp; &nbsp; &nbsp; &nbsp; &nbsp;5.000.000.000 &nbsp;<\/p>\n<p>Total presupuesto de rentas y recursos de capital &nbsp; &nbsp; &nbsp; &nbsp; &nbsp; &nbsp; &nbsp;<\/p>\n<p>&nbsp; &nbsp; &nbsp; &nbsp; &nbsp; &nbsp; &nbsp; &nbsp; &nbsp; &nbsp; &nbsp; &nbsp; &nbsp; &nbsp; &nbsp; &nbsp; &nbsp; &nbsp; &nbsp; &nbsp; &nbsp; &nbsp; &nbsp; &nbsp; &nbsp; &nbsp; &nbsp; &nbsp; &nbsp; &nbsp; &nbsp; &nbsp;5.000.000.000 &nbsp;<\/p>\n<p>ARTICULO 2\u00ba. Con base en el recurso de que trata el art\u00edculo anterior, adicionar el presupuesto de gastos o ley de apropiaciones de la vigencia fiscal de 1995 en la suma de CINCO MIL MILLONES DE PESOS ($5.000.000.000), as\u00ed: &nbsp;<\/p>\n<p>SECCION 1006 &nbsp;<\/p>\n<p>CORPORACION PARA LA CONVIVENCIA CIUDADANA EN LA &nbsp;<\/p>\n<p>REGION DE URABA &#8211; CONCIUDADANA &#8211; &nbsp;<\/p>\n<p>Presupuesto de Funcionamiento &nbsp;<\/p>\n<p>Numeral &nbsp; &nbsp; &nbsp; &nbsp;1 &nbsp; &nbsp; &nbsp; &nbsp;Servicios Personales &nbsp;<\/p>\n<p>Art\u00edculo &nbsp; &nbsp; &nbsp; &nbsp;018 &nbsp; &nbsp; &nbsp; &nbsp;Otros Gastos por Servicios Personales &nbsp;<\/p>\n<p>Ordinal &nbsp; &nbsp; &nbsp; &nbsp;0001 &nbsp; &nbsp; &nbsp; &nbsp;Otros Gastos por Servicios Personales previo concepto DGPN &nbsp;<\/p>\n<p>Recurso &nbsp; &nbsp; &nbsp; &nbsp;17 &nbsp; &nbsp; &nbsp; &nbsp;Cr\u00e9dito Interno Nacional &nbsp; &nbsp; &nbsp; &nbsp; &nbsp; &nbsp; &nbsp; &nbsp;200.000.000 &nbsp;<\/p>\n<p>Numeral &nbsp; &nbsp; &nbsp; &nbsp;2 &nbsp; &nbsp; &nbsp; &nbsp;Gastos Generales &nbsp;<\/p>\n<p>Art\u00edculo &nbsp; &nbsp; &nbsp; &nbsp;012 &nbsp; &nbsp; &nbsp; &nbsp;Otros Gastos Generales &nbsp;<\/p>\n<p>Ordinal &nbsp; &nbsp; &nbsp; &nbsp;0001 &nbsp; &nbsp; &nbsp; &nbsp;Otros Gastos Generales Previo concepto DGPN &nbsp;<\/p>\n<p>Recurso &nbsp; &nbsp; &nbsp; &nbsp;17 &nbsp; &nbsp; &nbsp; &nbsp;Cr\u00e9dito Interno Nacional &nbsp; &nbsp; &nbsp; &nbsp; &nbsp; &nbsp; &nbsp; &nbsp;150.000.000 &nbsp;<\/p>\n<p>Numeral &nbsp; &nbsp; &nbsp; &nbsp;3 &nbsp; &nbsp; &nbsp; &nbsp;Transferencias &nbsp;<\/p>\n<p>Art\u00edculo &nbsp; &nbsp; &nbsp; &nbsp;022 &nbsp; &nbsp; &nbsp; &nbsp;Otras Transferencias &nbsp;<\/p>\n<p>Ordinal &nbsp; &nbsp; &nbsp; &nbsp;0001 &nbsp; &nbsp; &nbsp; &nbsp;Otras Transferencias Previo concepto DGPN &nbsp;<\/p>\n<p>Recurso &nbsp; &nbsp; &nbsp; &nbsp;17 &nbsp; &nbsp; &nbsp; &nbsp;Cr\u00e9dito Interno Nacional &nbsp; &nbsp; &nbsp; &nbsp; &nbsp; &nbsp; &nbsp; &nbsp;70.000.000 &nbsp;<\/p>\n<p>Total presupuesto de funcionamiento &nbsp; &nbsp; &nbsp; &nbsp; &nbsp; &nbsp; &nbsp; &nbsp; &nbsp; &nbsp; &nbsp; &nbsp;420.000.000 &nbsp;<\/p>\n<p>Presupuesto de Inversi\u00f3n &nbsp;<\/p>\n<p>Programa &nbsp; &nbsp; &nbsp; &nbsp;0320 &nbsp; &nbsp; &nbsp; &nbsp;Protecci\u00f3n y Bienestar Social del Recurso Humano &nbsp;<\/p>\n<p>Proyecto &nbsp; &nbsp; &nbsp; &nbsp;001 &nbsp; &nbsp; &nbsp; &nbsp;Fomento Especial de Desarrollo Econ\u00f3mico y Social, &nbsp;<\/p>\n<p>&nbsp; &nbsp; &nbsp; &nbsp; &nbsp; &nbsp; &nbsp; &nbsp; &nbsp; &nbsp; &nbsp; &nbsp;Promoci\u00f3n de Mecanismos de Solidaridad y Participaci\u00f3n &nbsp;<\/p>\n<p>&nbsp; &nbsp; &nbsp; &nbsp; &nbsp; &nbsp; &nbsp; &nbsp; &nbsp; &nbsp; &nbsp; &nbsp;Ciudadana para la Regi\u00f3n de Urab\u00e1 &nbsp;<\/p>\n<p>Recurso &nbsp; &nbsp; &nbsp; 17 &nbsp; &nbsp; &nbsp; &nbsp;Cr\u00e9dito Interno Nacional &nbsp; &nbsp; &nbsp; &nbsp; &nbsp; &nbsp; &nbsp; &nbsp;4.580.000.000 &nbsp;<\/p>\n<p>Total presupuesto de inversi\u00f3n &nbsp; &nbsp; &nbsp; &nbsp; &nbsp; &nbsp; &nbsp; &nbsp; &nbsp; &nbsp; &nbsp; &nbsp; &nbsp; &nbsp; &nbsp; &nbsp;4.580.000.000 &nbsp;<\/p>\n<p>Total presupuesto de gastos &nbsp; &nbsp; &nbsp; &nbsp; &nbsp; &nbsp; &nbsp; &nbsp; &nbsp; &nbsp; &nbsp; &nbsp; &nbsp; &nbsp; &nbsp; &nbsp;5.000.000.000 &nbsp;<\/p>\n<p>ARTICULO 3\u00ba. El presente decreto rige a partir de la fecha de su publicaci\u00f3n &nbsp;<\/p>\n<p>PUBLIQUESE Y CUMPLASE &nbsp;<\/p>\n<p>Dado en Santaf\u00e9 de Bogot\u00e1, D.C. &nbsp;<\/p>\n<p>Siguen firmas del Presidente de la Rep\u00fablica, once de sus ministros y cuatro Viceministros encargados de las funciones del Despacho del Ministro. &nbsp;<\/p>\n<p>II. ANTECEDENTES &nbsp;<\/p>\n<p>1. &nbsp;El Presidente de la Rep\u00fablica, con la firma de once de sus ministros y cuatro viceministros encargados de las funciones de los respectivos ministerios, expidi\u00f3 el Decreto 1532 de septiembre 13 de 1995 \u201cpor el cual se adiciona el Presupuesto General de la Naci\u00f3n para la vigencia fiscal de 1995\u201d, &nbsp;con base en las facultades que le confiere el art\u00edculo 213 de la Constituci\u00f3n Pol\u00edtica y el art\u00edculo 38 de la Ley 137 de 1994, y en desarrollo del Decreto 1370 de 1995. &nbsp;<\/p>\n<p>2. &nbsp;Mediante oficio de septiembre 14 de 1995, el Secretario General de la Presidencia de la Rep\u00fablica remiti\u00f3 al Presidente de la Corporaci\u00f3n copia aut\u00e9ntica del decreto objeto de revisi\u00f3n. &nbsp;<\/p>\n<p>3. &nbsp;Dentro del t\u00e9rmino fijado por la ley (D.L. 2067 de 1991) se recibieron un escrito de apoyo a la constitucionalidad del Decreto revisado por parte del Secretario Jur\u00eddico de la Presidencia de la Rep\u00fablica y el concepto fiscal de rigor rendido por el Jefe del Ministerio P\u00fablico, en &nbsp;el que solicita la declaratoria de inexequibilidad del decreto revisado. &nbsp;<\/p>\n<p>Intervenci\u00f3n del Secretario Jur\u00eddico de la Presidencia de la Rep\u00fablica &nbsp;<\/p>\n<p>4. El Secretario Jur\u00eddico de la Presidencia de la Rep\u00fablica, facultado por el literal f) del art\u00edculo 4\u00b0 del Decreto 1860 de 1991, solicita a la Corporaci\u00f3n que declare la constitucionalidad del decreto objeto de revisi\u00f3n.&nbsp; &nbsp;<\/p>\n<p>A su juicio, el Gobierno dio cumplimiento a los requisitos formales &#8211; firmas, motivaci\u00f3n y oportunidad &#8211; para la expedici\u00f3n del decreto legislativo, el cual por su parte guarda relaci\u00f3n de conexidad con la declaratoria del estado de conmoci\u00f3n interior. &nbsp;<\/p>\n<p>Sostiene que mediante Decreto 1531 del 13 de septiembre de 1995 el Gobierno cre\u00f3 la Corporaci\u00f3n para la Convivencia Ciudadana en la Regi\u00f3n de Urab\u00e1 -CONCIUDADANA -, buscando la implementaci\u00f3n de instrumentos democr\u00e1ticos para afrontar las causas generadoras de la violencia en la regi\u00f3n, fomentar el desarrollo econ\u00f3mico y social de sus habitantes y el respeto de los derechos humanos y facilitar as\u00ed la convivencia pac\u00edfica. &nbsp;Por su parte, el Decreto 1532 de la misma fecha resulta necesario para asignar los recursos requeridos para el funcionamiento de CONCIUDADANA. &nbsp;<\/p>\n<p>Considera que el \u201cDecreto objeto de revisi\u00f3n de constitucionalidad, se ajusta y es desarrollo de las normas consagradas en la Carta Fundamental y en las leyes\u201d, \u201cgarantizando el principio de legalidad del gasto, dentro del marco de las atribuciones fiscales previstas en la Constituci\u00f3n Pol\u00edtica para los estados de excepci\u00f3n\u201d, tal y como lo ha sostenido la Corte en sucesivas sentencias, entre ellas la C-206 de 1993\u201d. &nbsp;<\/p>\n<p>Concepto del Procurador General de la Naci\u00f3n &nbsp;<\/p>\n<p>5. El Procurador General de la Naci\u00f3n, expone que el Gobierno Nacional es competente para modificar el Presupuesto General de la Naci\u00f3n en ejercicio de las facultades derivadas de la declaratoria del estado de Conmoci\u00f3n Interior, de conformidad con la reiterada jurisprudencia de la Corporaci\u00f3n, el art\u00edculo 38 de la Ley 137 de 1994 y el art\u00edculo 36 de la Ley 179 de 1994. Sin embargo, estima que la constitucionalidad del Decreto 1532 de 1995 depende de la revisi\u00f3n de constitucionalidad del Decreto 1370 de 1995. &nbsp;<\/p>\n<p>III. FUNDAMENTOS &nbsp;<\/p>\n<p>Competencia &nbsp;<\/p>\n<p>1. La Corte Constitucional es competente para conocer del proceso de la referencia de conformidad con lo dispuesto en el art\u00edculo 241-7 de la Constituci\u00f3n. &nbsp;<\/p>\n<p>Inexequibilidad del Decreto 1532 de 1995 &nbsp;<\/p>\n<p>2. Mediante sentencia C-466 de 1995, la Corte Constitucional declar\u00f3 la inexequibilidad del Decreto 1370 de 1995, mediante el cual se declar\u00f3 el estado de conmoci\u00f3n interior. Como quiera que el decreto objeto de revisi\u00f3n se expidi\u00f3 en desarrollo del citado decreto, la Corte proceder\u00e1 a declarar su inexequibilidad.&nbsp; &nbsp;<\/p>\n<p>En m\u00e9rito de lo expuesto, la Corte Constitucional, &nbsp;<\/p>\n<p>R E S U E L V E : &nbsp;<\/p>\n<p>PRIMERO .- Declarar INEXEQUIBLE en su integridad el Decreto Legislativo 1532 de 1995 &#8220;por el cual se adiciona el Presupuesto General de la Naci\u00f3n para la vigencia fiscal de 1995\u201d. &nbsp;<\/p>\n<p>SEGUNDO.- Disponer que los efectos de la presente declaratoria de inexequibilidad s\u00f3lo se producir\u00e1n a partir de la notificaci\u00f3n de esta sentencia. &nbsp;<\/p>\n<p>Notif\u00edquese, C\u00f3piese, comun\u00edquese al Presidente de la Rep\u00fablica y al Presidente del Congreso, publ\u00edquese en la Gaceta de la Corte Constitucional y c\u00famplase. &nbsp;<\/p>\n<p>&nbsp; &nbsp; &nbsp; &nbsp; &nbsp; &nbsp; &nbsp; &nbsp; &nbsp; &nbsp; &nbsp; &nbsp; &nbsp; &nbsp; &nbsp; &nbsp; &nbsp;<\/p>\n<p>JOSE GREGORIO HERNANDEZ GALINDO &nbsp;<\/p>\n<p>&nbsp; &nbsp; &nbsp; &nbsp; &nbsp; &nbsp; &nbsp; &nbsp; &nbsp; &nbsp; &nbsp; &nbsp; &nbsp; &nbsp; &nbsp; &nbsp; &nbsp; &nbsp; &nbsp; &nbsp;Presidente &nbsp;<\/p>\n<p>&nbsp; &nbsp; &nbsp; &nbsp; &nbsp; &nbsp; &nbsp; &nbsp; &nbsp; &nbsp; &nbsp; &nbsp; &nbsp; &nbsp; &nbsp; &nbsp;JORGE ARANGO MEJIA &nbsp;<\/p>\n<p>&nbsp; &nbsp; &nbsp; &nbsp; &nbsp; &nbsp; &nbsp; &nbsp; &nbsp; &nbsp; &nbsp; &nbsp; &nbsp; &nbsp; &nbsp; &nbsp; &nbsp; &nbsp; &nbsp; &nbsp; &nbsp;Magistrado &nbsp;<\/p>\n<p>ANTONIO BARRERA CARBONELL &nbsp; &nbsp; &nbsp; &nbsp; &nbsp; &nbsp; &nbsp; &nbsp;CARLOS GAVIRIA DIAZ &nbsp;<\/p>\n<p>&nbsp; &nbsp;&nbsp; &nbsp; &nbsp; &nbsp; &nbsp;Magistrado&nbsp; &nbsp; &nbsp; &nbsp; &nbsp; &nbsp; &nbsp; &nbsp; &nbsp; &nbsp; &nbsp; &nbsp; &nbsp; &nbsp; &nbsp; &nbsp; &nbsp; &nbsp; &nbsp; &nbsp; &nbsp; &nbsp; &nbsp; &nbsp; &nbsp;Magistrado &nbsp;<\/p>\n<p>EDUARDO CIFUENTES MU\u00d1OZ&nbsp; &nbsp; &nbsp; &nbsp; &nbsp; &nbsp; &nbsp; &nbsp; &nbsp;FABIO MORON DIAZ &nbsp;<\/p>\n<p>&nbsp; &nbsp; &nbsp; &nbsp; &nbsp; &nbsp; &nbsp; &nbsp; &nbsp; &nbsp; &nbsp; &nbsp;Magistrado&nbsp; &nbsp; &nbsp; &nbsp; &nbsp; &nbsp; &nbsp; &nbsp; &nbsp; &nbsp; &nbsp; &nbsp; &nbsp; &nbsp; &nbsp; &nbsp; &nbsp; &nbsp; &nbsp; &nbsp; &nbsp;Magistrado &nbsp;<\/p>\n<p>HERNANDO HERRERA VERGARA &nbsp;<\/p>\n<p>Magistrado &nbsp;<\/p>\n<p>ALEJANDRO MARTINEZ CABALLERO&nbsp; &nbsp;<\/p>\n<p>Magistrado&nbsp; &nbsp;<\/p>\n<p>&nbsp; &nbsp; &nbsp; &nbsp;VLADIMIRO NARANJO MESA &nbsp;<\/p>\n<p>&nbsp; &nbsp; &nbsp; &nbsp;Magistrado &nbsp;<\/p>\n<p>MARTHA VICTORIA SACHICA DE MONCALEANO &nbsp;<\/p>\n<p>Secretaria General &nbsp;<\/p>\n<p>Salvamento de Voto a la Sentencia No. C-534\/95 &nbsp;<\/p>\n<p>REF: EXPEDIENTE RE-070 &nbsp;<\/p>\n<p>Disentimos del fallo proferido por la Sala Plena dentro del negocio de la referencia, porque sus efectos son hacia el futuro y no a partir de la notificaci\u00f3n de la sentencia C-466 del 18 de octubre de 1995 sobre la inexequibilidad del decreto 1370 de 1995 que declar\u00f3 el Estado de Conmoci\u00f3n Interior, por las razones que aparecen expuestas en el salvamento de voto que los suscritos hicimos a la sentencia C-488\/95 de la cual fue ponente el Dr. Jos\u00e9 Gregorio Hern\u00e1ndez, el cual damos por reproducido. &nbsp;&nbsp; &nbsp;<\/p>\n<p>Santaf\u00e9 de Bogot\u00e1 D.C., diciembre 13 de 1995. &nbsp;<\/p>\n<p>ANTONIO BARRERA CARBONELL &nbsp;<\/p>\n<p>Magistrado &nbsp;<\/p>\n<p>ALEJANDRO MARTINEZ CABALLERO &nbsp;<\/p>\n<p>Magistrado &nbsp;<\/p>\n<p>Aclaraci\u00f3n de voto a la Sentencia No. C-534\/95 &nbsp;<\/p>\n<p>Ref. RE-070 &nbsp;<\/p>\n<p>El suscrito &nbsp;Magistrado, &nbsp;en relaci\u00f3n con la Sentencia C-534 de 23 de noviembre de 1995, proferida por la Sala Plena de &nbsp;la &nbsp;Corporaci\u00f3n, &nbsp;en el &nbsp;proceso de &nbsp;revisi\u00f3n constitucional del Decreto 1532 de septiembre 13 de 1995, &nbsp;distinguido con el No. RE-070, dejo constancia en el sentido de que respeto la decisi\u00f3n adoptada por la Corte, pero aclaro mi voto, para expresar que reitero los conceptos que sustentaron mi salvamento de voto en la Sentencia C-466 de 18 de octubre de 1995. &nbsp;<\/p>\n<p>Fecha Ut Supra &nbsp;<\/p>\n<p>FABIO MORON DIAZ &nbsp;<\/p>\n<p>Magistrado &nbsp;<\/p>\n<p>Salvamento de voto a la Sentencia No. C-534\/95 &nbsp;<\/p>\n<p>Ref.: Expediente R.E. 070 &nbsp;<\/p>\n<p>Revisi\u00f3n Constitucional del Decreto No. 1532 del 13 de septiembre de 1995, &#8220;Por el cual se adiciona el Presupuesto General de la Naci\u00f3n para la vigencia fiscal de 1995&#8221;. &nbsp;<\/p>\n<p>Me remito a los argumentos expuestos a prop\u00f3sito de la sentencia C-503\/95, los que reitero en el presente caso. &nbsp;<\/p>\n<p>Fecha ut supra. &nbsp;<\/p>\n<p>CARLOS GAVIRIA DIAZ &nbsp;<\/p>\n<p>Magistrado &nbsp;<\/p>\n<p>&nbsp; &nbsp;&nbsp;<\/p>\n<p>\n","protected":false},"excerpt":{"rendered":"<p>C-534-95 &nbsp; &nbsp; Sentencia No. C-534\/95 &nbsp; CONMOCION INTERIOR-Inconstitucionalidad de Decretos expedidos &nbsp; Mediante sentencia C-466 de 1995, la Corte Constitucional declar\u00f3 la inexequibilidad del Decreto 1370 de 1995, mediante el cual se declar\u00f3 el estado de conmoci\u00f3n interior. Como quiera que el decreto objeto de revisi\u00f3n se expidi\u00f3 en desarrollo del citado decreto, la [&hellip;]<\/p>\n","protected":false},"author":1,"featured_media":0,"comment_status":"open","ping_status":"open","sticky":false,"template":"","format":"standard","meta":{"footnotes":""},"categories":[17],"tags":[],"class_list":["post-1608","post","type-post","status-publish","format-standard","hentry","category-sentencias-1995"],"_links":{"self":[{"href":"https:\/\/www.dmsjuridica.com\/buscador_20179478954\/corteconstitucionalcronologico202454587\/wp-json\/wp\/v2\/posts\/1608","targetHints":{"allow":["GET"]}}],"collection":[{"href":"https:\/\/www.dmsjuridica.com\/buscador_20179478954\/corteconstitucionalcronologico202454587\/wp-json\/wp\/v2\/posts"}],"about":[{"href":"https:\/\/www.dmsjuridica.com\/buscador_20179478954\/corteconstitucionalcronologico202454587\/wp-json\/wp\/v2\/types\/post"}],"author":[{"embeddable":true,"href":"https:\/\/www.dmsjuridica.com\/buscador_20179478954\/corteconstitucionalcronologico202454587\/wp-json\/wp\/v2\/users\/1"}],"replies":[{"embeddable":true,"href":"https:\/\/www.dmsjuridica.com\/buscador_20179478954\/corteconstitucionalcronologico202454587\/wp-json\/wp\/v2\/comments?post=1608"}],"version-history":[{"count":0,"href":"https:\/\/www.dmsjuridica.com\/buscador_20179478954\/corteconstitucionalcronologico202454587\/wp-json\/wp\/v2\/posts\/1608\/revisions"}],"wp:attachment":[{"href":"https:\/\/www.dmsjuridica.com\/buscador_20179478954\/corteconstitucionalcronologico202454587\/wp-json\/wp\/v2\/media?parent=1608"}],"wp:term":[{"taxonomy":"category","embeddable":true,"href":"https:\/\/www.dmsjuridica.com\/buscador_20179478954\/corteconstitucionalcronologico202454587\/wp-json\/wp\/v2\/categories?post=1608"},{"taxonomy":"post_tag","embeddable":true,"href":"https:\/\/www.dmsjuridica.com\/buscador_20179478954\/corteconstitucionalcronologico202454587\/wp-json\/wp\/v2\/tags?post=1608"}],"curies":[{"name":"wp","href":"https:\/\/api.w.org\/{rel}","templated":true}]}}