{"id":16666,"date":"2024-06-07T20:45:56","date_gmt":"2024-06-07T20:45:56","guid":{"rendered":"https:\/\/www.dmsjuridica.com\/buscador_20179478954\/corteconstitucionalcronologico202454587\/2024\/06\/07\/t-220-09\/"},"modified":"2024-06-07T20:45:56","modified_gmt":"2024-06-07T20:45:56","slug":"t-220-09","status":"publish","type":"post","link":"https:\/\/www.dmsjuridica.com\/buscador_20179478954\/corteconstitucionalcronologico202454587\/t-220-09\/","title":{"rendered":"T-220-09"},"content":{"rendered":"\n<p>\u00a0 \u00a0 Sentencia T-220-09 \u00a0<\/p>\n<p>(Marzo 27, Bogot\u00e1 DC) \u00a0<\/p>\n<p>Referencia: \u00a0 \u00a0 \u00a0 \u00a0Expediente T-2.111.639 \u00a0\u00a0<\/p>\n<p>Accionante: \u00a0Lina \u00a0Marcela Londo\u00f1o Buitrago en nombre de su menor hijo. \u00a0\u00a0<\/p>\n<p>Accionados: \u00a0Electricaribe S.A. \u00a0\u00a0<\/p>\n<p>Fallos \u00a0 de \u00a0 tutela \u00a0 objeto \u00a0 revisi\u00f3n: \u00a0sentencia \u00a0del \u00a0Juzgado \u00a0Segundo Civil del Circuito de \u00a0Barranquilla \u00a0del 28 de julio de 2008 (confirmatoria de la sentencia del Juzgado \u00a0Catorce \u00a0Civil Municipal de Barranquilla del 12 de junio del mismo a\u00f1o, la cual \u00a0neg\u00f3 el amparo constitucional). \u00a0\u00a0<\/p>\n<p>Magistrados \u00a0de \u00a0la Sala Quinta de Revisi\u00f3n: \u00a0Mauricio \u00a0Gonz\u00e1lez Cuervo, Cristina Pardo Schlesinger \u00a0(E) , Nilson Pinilla Pinilla. \u00a0\u00a0<\/p>\n<p>Magistrado \u00a0 \u00a0Ponente: \u00a0 \u00a0Mauricio Gonz\u00e1lez Cuervo. \u00a0\u00a0<\/p>\n<p>\u00a0 \u00a0\u00a0 \u00a0\u00a0 \u00a0\u00a0 \u00a0 \u00a0 \u00a0 \u00a0 \u00a0\u00a0<\/p>\n<p>I. ANTECEDENTES. \u00a0<\/p>\n<p>1. Demanda y pretensi\u00f3n. \u00a0<\/p>\n<p>1.1. \u00a0 Derechos \u00a0 fundamentales \u00a0invocados: \u00a0derecho a la vida digna y a la salud. \u00a0\u00a0<\/p>\n<p>1.2. \u00a0Conducta \u00a0que \u00a0causa \u00a0u \u00a0ocasiona \u00a0la \u00a0vulneraci\u00f3n: \u00a0la \u00a0suspensi\u00f3n recurrente del servicio \u00a0de \u00a0energ\u00eda, \u00a0por \u00a0la \u00a0entidad \u00a0accionada, \u00a0en el barrio donde el menor habita, \u00a0considerando \u00a0que \u00a0los \u00a0m\u00e9dicos \u00a0del \u00a0accionante \u00a0recomendaron para el menor su \u00a0permanencia \u00a0en \u00a0espacios \u00a0con \u00a0aire \u00a0acondicionado o bajo la ventilaci\u00f3n de un \u00a0abanico, \u00a0dada \u00a0su \u00a0patolog\u00eda \u00a0(Encefalopat\u00eda \u00a0Epil\u00e9ptica \u00a0Infantil \u00a0Precoz). \u00a0\u00a0<\/p>\n<p>1.3. \u00a0Pretensi\u00f3n del accionante: \u00a0ordenar \u00a0a \u00a0la accionada tome las medidas necesarias para instalar \u00a0en \u00a0la \u00a0casa \u00a0donde \u00a0habita el ni\u00f1o el servicio de energ\u00eda el\u00e9ctrica en forma \u00a0permanente. \u00a0\u00a0<\/p>\n<p>1.4. Fundamentos: (i) \u00a0por \u00a0sufrir \u00a0de \u00a0ENCEFALOPAT\u00cdA \u00a0EPIL\u00c9PTICA \u00a0INFANTIL \u00a0PRECOZ, \u00a0al menor le fue \u00a0practicada \u00a0una \u00a0cirug\u00eda \u00a0donde \u00a0le \u00a0implantaron \u00a0v\u00e1lvulas que le facilitan la \u00a0oxigenaci\u00f3n \u00a0cerebral; \u00a0(ii) la suspensi\u00f3n del servicio de energ\u00eda, de tres a \u00a0cuatro \u00a0veces diarias, impide atender la prescripci\u00f3n dictada por el m\u00e9dico en \u00a0salvaguarda \u00a0de la salud y la vida del menor, para lo cual requiere \u201cun \u00a0ambiente \u00a0totalmente \u00a0fresco, con aireaci\u00f3n \u00f3ptima para que \u00a0el ni\u00f1o pudiese estar en condiciones de sobrevivir\u201d. \u00a0\u00a0<\/p>\n<p>2. \u00a0 \u00a0 Respuesta \u00a0 \u00a0de \u00a0 \u00a0la \u00a0 \u00a0entidad \u00a0accionada.\u00a0\u00a0\u00a0 \u00a0\u00a0<\/p>\n<p>Fernando \u00a0Le\u00f3n \u00a0Ferrer \u00a0Ucros, abogado de la \u00a0unidad \u00a0legal \u00a0de \u00a0la \u00a0Electrificadora \u00a0del \u00a0Caribe S.A. E.S.P. -ELECTRICARIBE-, \u00a0solicita \u00a0declarar \u00a0la \u00a0improcedencia de la acci\u00f3n de tutela con los siguientes \u00a0argumentos: \u00a0\u00a0<\/p>\n<p>2.2. \u00a0La \u00a0accionada \u00a0y \u00a0el \u00a0barrio El Ferry &#8211; \u00a0distrito \u00a0de \u00a0Barranquilla \u00a0-, \u00a0realizaron \u00a0un convenio de condiciones uniformes \u00a0para \u00a0 el \u00a0 suministro \u00a0 de \u00a0energ\u00eda \u00a0el\u00e9ctrica, \u00a0y \u00a0actualmente \u00a0 dicho \u00a0barrio \u00a0ostenta \u00a0la \u00a0calidad \u00a0de \u00a0\u201cmoroso\u201d. \u00a0\u00a0<\/p>\n<p>2.3. Ordenar lo requerido por el accionante va \u00a0en \u00a0detrimento \u00a0de \u00a0los \u00a0intereses \u00a0de \u00a0la \u00a0empresa comercializadora, puesto que \u00a0generar\u00eda \u00a0p\u00e9rdidas \u00a0para \u00a0la \u00a0misma \u00a0y \u00a0pondr\u00eda \u00a0en \u00a0peligro \u00a0el servicio de \u00a0energ\u00eda en otros sectores. \u00a0\u00a0<\/p>\n<p>2.4. \u00a0La \u00a0normalizaci\u00f3n \u00a0del \u00a0servicio \u00a0de \u00a0energ\u00eda \u00a0el\u00e9ctrica \u00a0en \u00a0zonas \u00a0subnormales \u00a0le \u00a0corresponde \u00a0en \u00a0este \u00a0caso al \u00a0Distrito de Barranquilla. \u00a0\u00a0<\/p>\n<p>2.5. Las interrupciones del servicio se hacen \u00a0de \u00a0acuerdo \u00a0con los marcos legales y contractuales que rigen la prestaci\u00f3n del \u00a0servicio \u00a0en zonas subnormales, y van de la mano con el porcentaje de recaudo de \u00a0los \u00a0pagos \u00a0que debe hacer la comunidad a un suscriptor \u00fanico que a su vez debe \u00a0realizar los pagos totales a la empresa.\u00a0\u00a0 \u00a0\u00a0<\/p>\n<p>3. \u00a0 Hechos \u00a0 relevantes \u00a0 y \u00a0 medios \u00a0 de \u00a0prueba. \u00a0\u00a0<\/p>\n<p>3.1. \u00a0Al \u00a0menor \u00a0hijo \u00a0de la accionante, de 5 \u00a0a\u00f1os \u00a0de \u00a0edad1, \u00a0le \u00a0fue diagnosticado ENCEFALOPAT\u00cdA EPIL\u00c9PTICA INFANTIL PRECOZ, \u00a0el \u00a0 \u00a0 \u00a0 7 \u00a0 \u00a0 \u00a0de \u00a0 \u00a0 \u00a0julio \u00a0 \u00a0 \u00a0de \u00a0 \u00a0 \u00a020042. \u00a0\u00a0<\/p>\n<p>3.2. De acuerdo con la manifestaci\u00f3n hecha en \u00a0la \u00a0demanda, al menor le fue practicada una operaci\u00f3n en el cerebro y le fueron \u00a0implantadas \u00a0v\u00e1lvulas \u00a0que \u00a0le \u00a0facilitan \u00a0la oxigenaci\u00f3n cerebral3. \u00a0\u00a0<\/p>\n<p>3.3. \u00a0Seg\u00fan \u00a0lo planteado en la solicitud de \u00a0amparo, \u00a0\u201clas \u00a0altas \u00a0temperaturas \u00a0que se dan en la \u00a0Costa \u00a0Atl\u00e1ntica sobre todo en las \u00e9pocas de invierno, lo agobian por completo \u00a0provoc\u00e1ndole \u00a0situaciones \u00a0de \u00a0alto \u00a0riesgo \u00a0para \u00a0su \u00a0salud \u00a0y \u00a0su \u00a0vida \u00a0como \u00a0consecuencia \u00a0de \u00a0la \u00a0problem\u00e1tica org\u00e1nica cerebral que padece\u201d4. \u00a0\u00a0<\/p>\n<p>3.4. \u00a0Asegura el apoderado del accionante que \u00a0los \u00a0m\u00e9dicos \u00a0recomendaron a la se\u00f1ora Lina Marcela que para salvaguardarle la \u00a0salud \u00a0y \u00a0la \u00a0vida \u00a0del menor \u201cera menester que se le \u00a0garantizara \u00a0al ni\u00f1o un ambiente totalmente fresco, con aireaci\u00f3n \u00f3ptima para \u00a0que \u00a0 el \u00a0 ni\u00f1o \u00a0pudiese \u00a0estar \u00a0en \u00a0condiciones \u00a0de \u00a0sobrevivir\u201d5. \u00a0\u00a0<\/p>\n<p>3.5. \u00a0Por \u00a0otro lado, el actor manifiesta que \u00a0reside \u00a0 en \u00a0 Calle \u00a0 6 \u00a0 No. \u00a0 7 \u00a0A \u00a0\u2013 \u00a0 \u00a005 \u00a0 \u00a0del \u00a0 Barrio \u00a0 Primero \u00a0 de \u00a0 Mayo, \u00a0 donde \u00a0 \u201cla \u00a0empresa \u00a0Electricaribe \u00a0S.A. \u00a0le \u00a0esta suspendiendo el fluido \u00a0el\u00e9ctrico \u00a0 2 \u00a0 y \u00a0 hasta \u00a0 3 \u00a0 (tres) \u00a0 veces \u00a0 al \u00a0d\u00eda \u00a0(\u2026)\u201d6. \u00a0\u00a0<\/p>\n<p>3.7. \u00a0Con \u00a0la \u00a0demanda \u00a0adjunta \u00a0la \u00a0historia \u00a0cl\u00ednica \u00a0del \u00a0accionante, \u00a0la \u00a0cual \u00a0no \u00a0es legible8. \u00a0De \u00a0la misma manera anexan 3 \u00a0fotos \u00a0del menor donde intentan demostrar la diferencia f\u00edsica del ni\u00f1o cuando \u00a0cuento \u00a0 con \u00a0el \u00a0aire \u00a0acondicionado \u00a0y \u00a0el \u00a0abanico \u00a0y \u00a0cuando \u00a0no9. \u00a0\u00a0<\/p>\n<p>3.8. \u00a0Se \u00a0adjuntan tambi\u00e9n varias copias del \u00a0recibo \u00a0con \u00a0sello \u00a0de \u00a0cancelado de mayo de 2008, de la misma factura emitida a \u00a0direcci\u00f3n \u00a0de \u00a0la \u00a0demandante \u00a0por \u00a0el \u00a0recaudador \u00a0autorizado \u00a0en marzo 27 del \u00a0200810. \u00a0\u00a0<\/p>\n<p>3.9. El 25 de agosto de 2003, la Secretaria de \u00a0Planeaci\u00f3n \u00a0Distrital \u00a0(E) de Barranquilla, envi\u00f3 a la coordinadora de trabajo \u00a0comunitario \u00a0zona Atl\u00e1ntico Luisa Rodr\u00edguez V\u00e1squez, remitiendo un listado de \u00a0los \u00a0barrios \u00a0que \u00a0de \u00a0conformidad con el Decreto 155 de 1993 tiene establecidas \u00a0las \u00a0respectivas \u00a0delimitaciones, \u00a0dentro \u00a0de los cuales se encuentran en barrio \u00a0Primero \u00a0de \u00a0Mayo ubicado en la zona Ferry. Adem\u00e1s, emite un concepto favorable \u00a0donde \u00a0indica \u00a0que \u00a0dichos \u00a0barrios \u00a0deben \u00a0tenerse \u00a0en \u00a0cuenta \u00a0como uno de los \u00a0esenciales \u00a0cometidos \u00a0municipales \u00a0para \u00a0el \u00a0progreso \u00a0local, y asegurar que se \u00a0preste \u00a0a \u00a0sus habitantes el servicio publico de energ\u00eda el\u00e9ctrica a la luz de \u00a0la \u00a0ley \u00a0142 \u00a0de \u00a01994.\u00a0 \u00a0Finalmente se\u00f1ala \u201cse \u00a0expide \u00a0la \u00a0certificaci\u00f3n \u00a0a \u00a0solicitud \u00a0de \u00a0Electricaribe \u00a0S.A.\u201d11. \u00a0\u00a0<\/p>\n<p>3.10. El 17 de junio de 2004, Energ\u00eda Social \u00a0de \u00a0la \u00a0Costa \u00a0S.A. \u00a0E.S.P. \u00a0y \u00a0la \u00a0Asociaci\u00f3n \u00a0de vecinos de la zona el Ferry, \u00a0realizaron \u00a0un \u00a0acuerdo \u00a0de \u00a0prestaci\u00f3n \u00a0del \u00a0servicio de energ\u00eda: Como puntos \u00a0principales \u00a0se \u00a0destacan: \u00a0i) que la facturaci\u00f3n va a ser mensual y la factura \u00a0seria \u00a0entregada en la carrera 7 No. 5B-22; ii) que el municipio de Barranquilla \u00a0garantiza \u00a0el \u00a0cumplimiento \u00a0del \u00a0contrato \u00a0(apropiaci\u00f3n presupuestal); iii) el \u00a0acuerdo \u00a0fue \u00a0firmado por el alcalde municipal, por el representante de Energ\u00eda \u00a0Social \u00a0S.A., \u00a0el \u00a0representante \u00a0del suscriptor comunitario y por Electricaribe \u00a0como \u00a0 \u00a0 \u00a0 \u00a0 \u00a0 \u00a0 \u00a0 \u00a0 \u00a0 distribuidor12. Adjunto con lo anterior, se \u00a0encuentra \u00a0el \u00a0documento \u00a0que contiene las condiciones generales de los acuerdos \u00a0de \u00a0 prestaci\u00f3n \u00a0del \u00a0servicio \u00a0de \u00a0energ\u00eda \u00a0en \u00a0zonas \u00a0especiales13. \u00a0\u00a0<\/p>\n<p>3.11. \u00a0El \u00a0anexo \u00a01 \u00a0del \u00a0acuerdo mencionado, \u00a0refiere \u00a0la \u00a0f\u00f3rmula \u00a0para establecer el periodo de continuidad del servicio de \u00a0energ\u00eda, \u00a0as\u00ed: \u00a0\u201cSuma \u00a0de \u00a0porcentaje subsidiado + \u00a0suma \u00a0 \u00a0de \u00a0 porcentaje \u00a0 recaudado \u00a0 = \u00a0 porcentaje \u00a0 de \u00a0 energ\u00eda \u00a0 entregada \u00a0diariamente\u201d14. Lo \u00a0anterior \u00a0obedece \u00a0a \u00a0que \u00a0de \u00a0acuerdo \u00a0con \u00a0el \u00a0convenio \u00a0citado, \u00a0\u201cLa \u00a0 continuidad \u00a0 del \u00a0 suministro \u00a0de \u00a0energ\u00eda \u00a0el\u00e9ctrica \u00a0se \u00a0establecer\u00e1 \u00a0teniendo \u00a0en cuenta las necesidades del SUSCRIPTOR COMUNITARIO, su \u00a0capacidad \u00a0de \u00a0pago \u00a0\u2026y \u00a0el \u00a0mejoramiento \u00a0progresivo de \u00edndices de recaudo y \u00a0p\u00e9rdidas\u2026Lo \u00a0anterior sin perjuicio de las interrupciones que por concepto de \u00a0fuerza \u00a0mayor \u00a0o \u00a0caso \u00a0fortuito \u00a0se \u00a0presenten \u00a0en el circuito\u201d. El \u00a0N\u00ba \u00a0de \u00a0horas \u00a0de \u00a0entrega \u00a0de \u00a0energ\u00eda \u00a0diaria \u00a0resulta de la \u00a0\u201cValoraci\u00f3n \u00a0del \u00a0porcentaje de energ\u00eda diario que \u00a0deber\u00e1 \u00a0ser \u00a0entregado, en n\u00famero de d\u00edas, de acuerdo al recaudo obtenido por \u00a0el suscriptor comunitario\u201d. \u00a0\u00a0<\/p>\n<p>3.12. \u00a0El \u00a020 de mayo de 2008 los l\u00edderes de \u00a0los \u00a0sectores \u00a0Las \u00a0Ferias, \u00a0El Ferry y Primero de Mayo, convocados por Energ\u00eda \u00a0Social \u00a0S.A., \u00a0trataron \u00a0diferentes \u00a0temas, \u00a0entre \u00a0ellos las interrupciones del \u00a0fluido \u00a0el\u00e9ctrico \u00a0\u2013PCC-. \u00a0De dicho tema se concluy\u00f3 lo siguiente: \u00a0\u00a0<\/p>\n<p>\u201c- \u00a0El \u00a0ingeniero (\u2026) explic\u00f3 todos los \u00a0trabajos \u00a0que se est\u00e1n realizando en el circuito (\u2026) para mejorar el servicio \u00a0de \u00a0energ\u00eda en el sector, por ende disminuyan las interrupciones de energ\u00eda en \u00a0el sector\u2026. \u00a0 \u00a0\u00a0<\/p>\n<p>* Actualmente \u00a0en el \u00a0comportamiento \u00a0del \u00a0pago \u00a0promedio \u00a0de cada uno de los barrios es el siguiente: \u00a0Ferry 27%, las Ferias 22% y Primero de Mayo 21%. \u00a0\u00a0<\/p>\n<p>* Para evitar los PCC, \u00a0o \u00a0no \u00a0realizar \u00a0los \u00a0PCC, \u00a0los \u00a0barrios \u00a0deber\u00e1n \u00a0superar \u00a0el \u00a060% del consumo \u00a0comunitario. \u00a0\u00a0<\/p>\n<p>* Los PCC aumentar\u00e1n o \u00a0disminuir\u00e1n, \u00a0 dependiendo \u00a0 el \u00a0valor \u00a0recaudado, \u00a0porcentualmente \u00a0aumenta \u00a0o \u00a0disminuye\u201d. \u00a0 \u00a0\u00a0<\/p>\n<p>Adem\u00e1s se aclar\u00f3 que las interrupciones son \u00a0de \u00a010:00 \u00a0a.m. \u00a0a \u00a01 \u00a0p.m., \u00a0y \u00a0que las que trascurren en el resto del d\u00eda son \u00a0da\u00f1os que ocurren en el circuito. \u00a0\u00a0<\/p>\n<p>3.13. \u00a0La accionada y el barrio El Ferry del \u00a0distrito \u00a0de \u00a0Barranquilla, realizaron un convenio de condiciones uniformes para \u00a0el \u00a0suministro \u00a0de \u00a0energ\u00eda el\u00e9ctrica, y actualmente \u00a0dicho \u00a0barrio \u00a0ostenta \u00a0la \u00a0calidad \u00a0de \u00a0\u201cmoroso\u201d; \u00a0\u00a0<\/p>\n<p>4. \u00a0 Decisiones \u00a0 de \u00a0 tutela \u00a0 objeto \u00a0 de \u00a0revisi\u00f3n. \u00a0\u00a0<\/p>\n<p>4.1. \u00a0El \u00a0Juzgado \u00a0Catorce Civil Municipal de \u00a0Barranquilla. \u00a0\u00a0<\/p>\n<p>El \u00a012 de junio de 2008, el juez de instancia \u00a0decidi\u00f3 negar el amparo deprecado en la demanda, argumentando. \u00a0\u00a0<\/p>\n<p>\u201cAs\u00ed \u00a0las \u00a0cosas, \u00a0como \u00a0quiera que de no \u00a0recibir \u00a0la \u00a0prestaci\u00f3n \u00a0del \u00a0servicio \u00a0de \u00a0la \u00a0energ\u00eda \u00a0el\u00e9ctrica \u00a0que se ha \u00a0mencionado, \u00a0se afecta ostensiblemente la vida del menor en las m\u00e1s elementales \u00a0condiciones \u00a0de \u00a0dignidad \u00a0e \u00a0incluso \u00a0se pone en serio peligro su subsistencia; \u00a0este \u00a0despacho \u00a0considera que se deber realizar una interpretaci\u00f3n sistem\u00e1tica \u00a0de \u00a0las \u00a0normas constitucionales aplicables, es decir, en aplicaci\u00f3n directa de \u00a0la \u00a0Constituci\u00f3n, \u00a0en \u00a0este \u00a0caso \u00a0concreto, no es posible ordenar a la Empresa \u00a0Electricaribe \u00a0S.A. ESP., que instale el servicio de energ\u00eda solo a la vivienda \u00a0del \u00a0 accionante, \u00a0 por \u00a0 lo \u00a0 que \u00a0 se \u00a0estar\u00eda \u00a0contradiciendo \u00a0el \u00a0principio \u00a0Constitucional \u00a0que \u00a0establece \u00a0la \u00a0prevalencia \u00a0del \u00a0inter\u00e9s \u00a0General sobre el \u00a0inter\u00e9s \u00a0particular, \u00a0ya \u00a0que \u00a0si solo se instala en este inmueble, tambi\u00e9n se \u00a0deber\u00eda \u00a0instalar \u00a0el \u00a0servicio en todos los inmuebles del sector, m\u00e1s a\u00fan si \u00a0en \u00a0este \u00a0caso \u00a0estamos \u00a0frente \u00a0a \u00a0una Entidad Privada que presta un servicio a \u00a0cambio \u00a0del \u00a0pago \u00a0de \u00a0dinero, \u00a0por \u00a0lo \u00a0que \u00a0no se puede amparar las peticiones \u00a0solicitadas \u00a0 \u00a0por \u00a0 \u00a0el \u00a0 \u00a0accionante \u00a0 \u00a0a \u00a0 \u00a0trav\u00e9s \u00a0 \u00a0de \u00a0 la \u00a0 acci\u00f3n \u00a0 de \u00a0tutela.\u201d\u00a0\u00a0\u00a0\u00a0 \u00a0\u00a0<\/p>\n<p>4.2. Impugnaci\u00f3n. \u00a0<\/p>\n<p>El apoderado del accionante impugn\u00f3 el fallo \u00a0del \u00a0a-quo reiterando los argumentos de la demanda y resaltando que en reiterada \u00a0jurisprudencia \u00a0Constitucional, se ha mencionado que el derecho a la vida escapa \u00a0a cualquier discusi\u00f3n de car\u00e1cter legal o contractual.\u00a0 \u00a0\u00a0<\/p>\n<p>4.3. \u00a0Juzgado \u00a0Segundo \u00a0Civil del Circuito de \u00a0Barranquilla. \u00a0\u00a0<\/p>\n<p>El \u00a028 \u00a0de \u00a0julio de 2008, el juez de segunda \u00a0instancia confirm\u00f3 el fallo considerando: \u00a0\u00a0<\/p>\n<p>\u201cPues \u00a0bien, \u00a0tal \u00a0como \u00a0lo expres\u00f3 en su \u00a0fallo \u00a0el \u00a0A-quo, \u00a0no \u00a0es facultativo de \u00e9ste despacho ordenar la conexi\u00f3n del \u00a0servicio \u00a0 el\u00e9ctrico, \u00a0 pues \u00a0media \u00a0entre \u00a0las \u00a0partes \u00a0un \u00a0convenio \u00a0para \u00a0la \u00a0suspensi\u00f3n \u00a0 peri\u00f3dica \u00a0 del \u00a0 servicio \u00a0 el\u00e9ctrico, \u00a0denominada \u00a0periodo \u00a0de \u00a0continuidad, \u00a0del \u00a0cual depende, de manera exclusiva la prestaci\u00f3n del servicio \u00a0en \u00a0esa \u00a0misma \u00a0zona, \u00a0as\u00ed \u00a0como \u00a0en \u00a0toros barrios subnormales de la ciudad de \u00a0Barranquilla, \u00a0por \u00a0lo \u00a0que \u00a0el \u00a0incumplimiento \u00a0de \u00a0dicho \u00a0acuerdo, traer\u00eda un \u00a0desequilibrio \u00a0para \u00a0la prestaci\u00f3n del servicio el\u00e9ctrico, afectando de manera \u00a0directa el mismo lugar de habitaci\u00f3n del menor.\u201d \u00a0\u00a0<\/p>\n<p>5. Tr\u00e1mite en sede de revisi\u00f3n. \u00a0<\/p>\n<p>Mediante \u00a0Auto \u00a0del \u00a0seis \u00a0(06) de febrero de \u00a02009, \u00a0la \u00a0Sala \u00a0de \u00a0revisi\u00f3n vincul\u00f3 en al proceso a SALUDCOOP-COOMEVA y a la \u00a0Alcald\u00eda \u00a0de Barranquilla, con el fin de que se pronuncien acerca de los hechos \u00a0de la demanda y as\u00ed mismo respondan a las siguientes inquietudes: \u00a0\u00a0<\/p>\n<p>5.1. Saludcoop-Comeva. \u00a0<\/p>\n<p>\u201c-\u00bfCu\u00e1l es el estado de salud actual del \u00a0ni\u00f1o \u00a0(\u2026), \u00a0qu\u00e9 enfermedades padece y cu\u00e1les son los tratamientos que se le \u00a0vienen realizando o recomendando? \u00a0\u00a0<\/p>\n<p>-\u00bfQu\u00e9 \u00a0tratamiento le fue prescrito por el \u00a0doctor \u00a0Iv\u00e1n Stand, con base en que patolog\u00eda y cu\u00e1les son los beneficios del \u00a0mismo \u00a0 \u00a0 \u00a0en \u00a0 \u00a0 la \u00a0 \u00a0 salud \u00a0 \u00a0 del \u00a0 \u00a0 menor15? \u00a0\u00a0<\/p>\n<p>-\u00bfPara mejorar las condiciones de salud del \u00a0menor \u00a0 es \u00a0 necesario \u00a0 el \u00a0uso \u00a0permanente \u00a0de \u00a0aire \u00a0acondicionado \u00a0o \u00a0de \u00a0un \u00a0ventilador? \u00a0\u00a0<\/p>\n<p>-\u00bfDe ser positiva la respuesta a la pregunta \u00a0anterior, \u00a0durante \u00a0cuanto tiempo ser\u00eda necesario el uso del aire acondicionado \u00a0o ventilador, para obtener un resultado positivo en el tratamiento? \u00a0\u00a0<\/p>\n<p>-\u00bfCu\u00e1les son las consecuencias negativas de \u00a0no \u00a0utilizar \u00a0en \u00a0forma \u00a0permanente \u00a0un \u00a0ventilador \u00a0o \u00a0aire acondicionado y que \u00a0tratamientos \u00a0 alternativos \u00a0 existen \u00a0para \u00a0mejorar \u00a0el \u00a0estado \u00a0de \u00a0salud \u00a0del \u00a0menor? \u00a0\u00a0<\/p>\n<p>-\u00bfDe \u00a0no \u00a0ser \u00a0posible \u00a0el \u00a0uso \u00a0de \u00a0aire \u00a0acondicionado \u00a0o ventilador que soluciones o procedimientos alternativos ser\u00edan \u00a0procedentes?\u201d \u00a0\u00a0<\/p>\n<p>Mediante \u00a0oficio \u00a0OPTB \u00a0016-09 la entidad fue \u00a0notificada \u00a0del \u00a0contenido \u00a0del \u00a0Auto \u00a0del \u00a0seis \u00a0(06) \u00a0de \u00a0febrero \u00a0de \u00a02009 de \u00a0vinculaci\u00f3n \u00a0y \u00a0de \u00a0la \u00a0totalidad del proceso de tutela, y se pronunci\u00f3 dentro \u00a0del \u00a0t\u00e9rmino \u00a0probatorio \u00a0dispuesto \u00a0en \u00a0el \u00a0mismo, \u00a0para \u00a0informar que: (i) se \u00a0realiz\u00f3 \u00a0una \u00a0\u201cauditor\u00eda externa sobre el caso del \u00a0menor \u00a0(\u2026)\u201d \u00a0(ii) \u00a0\u201cel \u00a0diagnostico \u00a0 \u00a0por \u00a0 el \u00a0 cual \u00a0 viene \u00a0 siendo \u00a0 tratado \u00a0 es \u00a0 por \u00a0 ASMA \u00a0 NO \u00a0ESPECIFICADA\u201d; \u00a0(iii) \u201cel \u00a0tratamiento \u00a0prescrito \u00a0por \u00a0el \u00a0Dr. \u00a0IV\u00c1N \u00a0STAND \u00a0NI\u00d1O \u00a0con \u00a0especialidad \u00a0en \u00a0NEUMOLOGIA \u00a0consiste \u00a0en medicaciones especiales para tratar el cuadro asm\u00e1tico \u00a0tales \u00a0 como \u00a0beclometasona \u00a0diorop\u00ednato \u00a0aerosol \u00a0bucal, terbutalina solnebul, salbutamol erosol, hidroxido \u00a0aluminio, \u00a0 hidroxido \u00a0 de \u00a0 magnesio, \u00a0 simeticona \u00a0 mas \u00a0soluci\u00f3n \u00a0salina\u201d. \u00a0A\u00f1aden \u00a0que \u201cCon relaci\u00f3n \u00a0a \u00a0la \u00a0pregunta \u00a0sobre si para mejorar las condiciones \u00a0de \u00a0salud \u00a0del \u00a0menor es necesario el uso permanente de a\u00edre acondicionado o de \u00a0un \u00a0ventilador, se ha hecho la consulta de los m\u00e9dicos \u00a0especialistas \u00a0y \u00a0generales \u00a0que han venido tratando al menor (\u2026) en la ciudad \u00a0de \u00a0 Barranquilla, \u00a0 y \u00a0desconocen \u00a0haber \u00a0dado \u00a0esta \u00a0recomendaci\u00f3n\u201d. \u00a0\u00a0<\/p>\n<p>5.2. Alcald\u00eda de Barranquilla: informe sobre \u00a0los \u00a0programas \u00a0de \u00a0reubicaci\u00f3n \u00a0de \u00a0familias \u00a0localizadas en zonas marginales, \u00a0zonas \u00a0de \u00a0alto \u00a0riesgo o barrios subnormales, que tenga esa administraci\u00f3n. La \u00a0Oficina \u00a0Jur\u00eddica de la Alcald\u00eda, dio respuesta a los requerimientos hechos en \u00a0el auto, manifestando: \u00a0\u00a0<\/p>\n<p>&#8211; \u00a0Que \u00a0realizaron \u00a0una \u00a0visita a la vivienda \u00a0ubicada \u00a0en \u00a0la \u00a0calle \u00a06 \u00a0No. \u00a07 \u00a0A \u00a0\u2013 \u00a005 \u00a0del \u00a0barrio \u00a0Primero \u00a0de Mayo, el cual se encuentra dentro del \u00a0per\u00edmetro \u00a0urbano \u00a0del \u00a0Distrito de Barranquilla para constatar las condiciones \u00a0en que se encuentra el menor. \u00a0\u00a0<\/p>\n<p>&#8211; \u00a0Verificado \u00a0el \u00a0estado de salud del menor, \u00a0consideran \u00a0necesario \u00a0el servicio de energ\u00eda pues, a su juicio, para continuar \u00a0viviendo \u00a0en \u00a0condiciones \u00a0dignas \u00a0es \u00a0imperioso \u00a0el uso de por lo menos un aire \u00a0acondicionado o en su defecto un abanico para el menor. \u00a0\u00a0<\/p>\n<p>&#8211; Que conforme a la informaci\u00f3n suministrada \u00a0por \u00a0la \u00a0oficina \u00a0de \u00a0prevenci\u00f3n \u00a0y \u00a0atenci\u00f3n \u00a0de \u00a0emergencias \u00a0y desastres se \u00a0encontr\u00f3: \u00a0\u201cque \u00a0la \u00a0vivienda ubicada en la calle 6 \u00a0No. \u00a07 \u00a0A \u00a0\u2013 \u00a005, \u00a0NO \u00a0se \u00a0encuentra \u00a0en \u00a0alguna \u00a0de \u00a0las zonas de alto riesgo y NO APLICA a ninguna de las \u00a0posibles \u00a0postulaciones \u00a0para \u00a0la \u00a0reubicaci\u00f3n \u00a0o \u00a0reasentamiento que maneja la \u00a0oficina \u00a0 de \u00a0 prevenci\u00f3n \u00a0 y \u00a0 atenci\u00f3n \u00a0 de \u00a0 desastres \u00a0 del \u00a0 Distrito \u00a0de \u00a0Barranquilla.\u201d\u00a0 \u00a0\u00a0<\/p>\n<p>&#8211; \u00a0A \u00a0pesar \u00a0de \u00a0constatar \u00a0que \u00a0se \u00a0vienen \u00a0adelantando \u00a0trabajos \u00a0de normalizaci\u00f3n del suministro del servicio de energ\u00eda \u00a0el\u00e9ctrica, \u00a0conminaron \u00a0a \u00a0la empresa Electricaribe S.A. para que suministre el \u00a0servicio \u00a0domiciliario \u00a0de \u00a0energ\u00eda el\u00e9ctrica de forma continua y eficiente en \u00a0el \u00a0barrio \u00a0Primero \u00a0de \u00a0Mayo \u00a0y \u00a0se \u00a0procure \u00a0la \u00a0normalizaci\u00f3n \u00a0del servicio. \u00a0\u00a0<\/p>\n<p>5.3. \u00a0Intervenci\u00f3n del apoderado de la parte \u00a0demandante. \u00a0El \u00a0apoderado \u00a0de \u00a0la \u00a0parte \u00a0demandante \u00a0remiti\u00f3 v\u00eda fax 2 hojas \u00a0contentivas \u00a0de \u00a0la \u00a0historia \u00a0cl\u00ednica del menor en cuyo nombre se interpone la \u00a0tutela16, \u00a0al \u00a0igual \u00a0que \u00a0la \u00a0prescripci\u00f3n \u00a0del neum\u00f3logo tratante doctor \u00a0Iv\u00e1n \u00a0 Stand \u00a0 en \u00a0 el \u00a0 sentido \u00a0de \u00a0mantener \u00a0al \u00a0menor \u00a0en \u00a0un \u00a0\u201cambiente \u00a0 \u00a0 \u00a0de \u00a0 \u00a0 \u00a0temperatura \u00a0 \u00a0 estable \u00a0 \u00a0 sin \u00a0 \u00a0 cambios \u00a0extremos\u201d17 \u00a0\u00a0<\/p>\n<p>II. CONSIDERACIONES. \u00a0<\/p>\n<p>1. Competencia. \u00a0<\/p>\n<p>Esta \u00a0Sala \u00a0es \u00a0competente \u00a0para \u00a0revisar \u00a0la \u00a0providencia \u00a0de tutela, con base en la Constituci\u00f3n Pol\u00edtica &#8211; art\u00edculos 86 y \u00a0241 \u00a0numeral \u00a09 \u00a0-, desarrollada en el Decreto 2591 de 1991 &#8211; art\u00edculos 33 a 36 \u00a0-, \u00a0conforme \u00a0con \u00a0el \u00a0reparto \u00a0dispuesto \u00a0en \u00a0el \u00a0auto \u00a0de selecci\u00f3n del 18 de \u00a0noviembre de 2008. \u00a0\u00a0<\/p>\n<p>2. Problema jur\u00eddico. \u00a0<\/p>\n<p>En \u00a0el \u00a0presente \u00a0caso corresponde a la Sala \u00a0determinar \u00a0si \u00a0a Electricaribe S.A., en su condici\u00f3n de empresa prestadora del \u00a0servicio \u00a0p\u00fablico \u00a0domiciliario \u00a0de energ\u00eda el\u00e9ctrica, se le puede imputar la \u00a0presunta \u00a0vulneraci\u00f3n o amenaza de los derechos fundamentales del menor hijo de \u00a0la \u00a0demandante, \u00a0por \u00a0los \u00a0cortes \u00a0e \u00a0interrupciones\u00a0 \u00a0en el suministro del \u00a0servicio \u00a0de \u00a0energ\u00eda, \u00a0en \u00a0raz\u00f3n \u00a0del convenio celebrado con la comunidad, la \u00a0mora \u00a0en \u00a0el \u00a0pago \u00a0de \u00a0lo \u00a0acordado \u00a0en \u00a0el \u00a0convenio y las labores que para la \u00a0normalizaci\u00f3n \u00a0 del \u00a0suministro \u00a0del \u00a0servicio \u00a0viene \u00a0realizando \u00a0la \u00a0empresa. \u00a0\u00a0<\/p>\n<p>Antes \u00a0de \u00a0analizar el caso concreto la Corte \u00a0examinar\u00e1 \u00a0lo \u00a0relativo \u00a0a \u00a0(i) el derecho a la salud y a la vida digna; y (ii) \u00a0las \u00a0obligaciones \u00a0de \u00a0las \u00a0empresas \u00a0de \u00a0energ\u00eda \u00a0en \u00a0los barrios subnormales. \u00a0\u00a0<\/p>\n<p>3. Consideraciones generales. \u00a0<\/p>\n<p>3.1. El derecho a la salud y a una vida digna. \u00a0\u00a0<\/p>\n<p>3.1.1. \u00a0El \u00a0derecho \u00a0a \u00a0la \u00a0vida \u00a0humana \u00a0se \u00a0encuentra \u00a0en \u00a0la \u00a0Constituci\u00f3n \u00a0Pol\u00edtica, \u00a0como \u00a0un \u00a0valor superior que deben \u00a0garantizar \u00a0las \u00a0autoridades \u00a0de la Rep\u00fablica y vincula a los particulares. Los \u00a0art\u00edculos \u00a011 y 13 Superiores consagran la inviolabilidad del derecho a la vida \u00a0y \u00a0establecen \u00a0como \u00a0un \u00a0deber \u00a0del \u00a0Estado, \u00a0su \u00a0protecci\u00f3n, \u00a0en especial para \u00a0personas \u00a0que por su condiciones econ\u00f3micas, f\u00edsicas o mentales, se encuentren \u00a0en circunstancias de debilidad manifiesta. \u00a0\u00a0<\/p>\n<p>3.1.2. \u00a0De igual manera, esta Corporaci\u00f3n en \u00a0diferentes \u00a0 \u00a0 \u00a0 \u00a0 \u00a0 \u00a0 \u00a0 \u00a0providencias18 \u00a0ha destacado la importancia \u00a0del \u00a0derecho \u00a0a \u00a0la \u00a0vida, \u00a0como el m\u00e1s trascendente y fundamental de todos los \u00a0derechos; \u00a0y \u00a0ha \u00a0indicado \u00a0que \u00e9ste debe interpretarse en un sentido integral, \u00a0correspondiendo \u00a0 a \u00a0 una \u00a0 noci\u00f3n \u00a0de \u00a0\u201cexistencia \u00a0digna\u201d, \u00a0conforme \u00a0con \u00a0lo dispuesto en el art\u00edculo \u00a01\u00ba \u00a0 Superior \u00a0 que \u00a0 establece \u00a0 que \u00a0 la \u00a0Rep\u00fablica \u00a0se \u00a0funda \u00a0\u201cen el respeto de la dignidad humana.\u201d \u00a0\u00a0<\/p>\n<p>3.1.3. \u00a0 Adicionalmente \u00a0 la \u00a0Constituci\u00f3n \u00a0Pol\u00edtica, \u00a0reconoce a los derechos de los menores categor\u00eda de fundamentales y \u00a0un \u00a0valor prevalente, al indicar que \u201clos derechos de \u00a0los \u00a0 ni\u00f1os \u00a0 prevalecen \u00a0 sobre \u00a0 los \u00a0 derechos \u00a0 de \u00a0los \u00a0dem\u00e1s\u201d \u00a0(art. 44, CP). Respecto de la especial protecci\u00f3n que confiere \u00a0la \u00a0carta \u00a0a \u00a0los \u00a0derechos \u00a0de \u00a0los \u00a0menores \u00a0la \u00a0jurisprudencia de la Corte ha \u00a0indicado \u00a0que \u00a0ella \u00a0\u201cencuentra \u00a0sustento \u00a0en varias \u00a0razones, \u00a0entre \u00a0las cuales se resaltan tres. La primera es que la situaci\u00f3n de \u00a0fragilidad \u00a0en \u00a0que \u00a0est\u00e1n \u00a0los menores frente al mundo, en mayor o menor grado \u00a0dependiendo \u00a0de su desarrollo personal, impone al Estado cargas superiores en la \u00a0defensa \u00a0de \u00a0sus \u00a0derechos frente a lo que debe hacer para defender los de otros \u00a0grupos \u00a0que \u00a0no \u00a0se encuentran en tal situaci\u00f3n.\u00a0 La segunda es que es una \u00a0manera \u00a0de \u00a0promover \u00a0una \u00a0sociedad \u00a0democr\u00e1tica, \u00a0cuyos \u00a0miembros \u00a0conozcan \u00a0y \u00a0compartan \u00a0los \u00a0principios \u00a0de \u00a0la \u00a0libertad, \u00a0la \u00a0igualdad, \u00a0la tolerancia y la \u00a0solidaridad.19\u201d \u00a0 \u00a0 \u00a0 \u00a0 \u00a0 \u00a0 \u00a0 \u00a0 \u00a0 20. \u00a0\u00a0<\/p>\n<p>3.1.4. \u00a0 Por \u00a0otra \u00a0esta \u00a0Corporaci\u00f3n \u00a0ha \u00a0precisado \u00a0que \u00a0el \u00a0derecho \u00a0a \u00a0la \u00a0salud \u00a0puede ser protegido acudiendo al juez \u00a0constitucional \u00a0cuando se halla \u00edntimamente ligado con el derecho a la vida, la \u00a0integridad \u00a0 \u00a0 \u00a0 \u00a0y \u00a0 \u00a0 \u00a0 \u00a0la \u00a0 \u00a0 \u00a0 \u00a0dignidad21, \u00a0 \u00a0y \u00a0 \u00a0en \u00a0 tal \u00a0 virtud \u00a0\u201cel concepto de vida que ha guiado la jurisprudencia \u00a0de \u00a0 esta \u00a0 Corte, \u00a0 no \u00a0 se \u00a0 limita \u00a0a \u00a0la \u00a0protecci\u00f3n \u00a0de \u00a0una \u00a0mera \u00a0 \u00a0 \u00a0existencia \u00a0 \u00a0 biol\u00f3gica22, \u00a0sino \u00a0que debe fundarse en \u00a0el \u00a0principio \u00a0de \u00a0la \u00a0dignidad \u00a0humana, \u00a0lo \u00a0cual implica el derecho a una vida \u00a0saludable.23 \u00a0En \u00a0este \u00a0orden, \u00a0la \u00a0Sala \u00a0precisa \u00a0que \u00a0el derecho a la salud en \u00a0conexi\u00f3n \u00a0con \u00a0el \u00a0derecho \u00a0a \u00a0la \u00a0vida, no solo debe ampararse cuando se est\u00e1 \u00a0frente \u00a0a \u00a0un \u00a0peligro \u00a0de \u00a0muerte, o de perder una funci\u00f3n org\u00e1nica de manera \u00a0definitiva, \u00a0sino \u00a0ante eventos que pueden ser de menor gravedad pero que puedan \u00a0llegar \u00a0a \u00a0desvirtuar claramente la calidad de vida de\u00a0 las\u00a0 personas, \u00a0en \u00a0 \u00a0 \u00a0 \u00a0cada \u00a0 \u00a0 \u00a0 \u00a0caso \u00a0 \u00a0 \u00a0 \u00a0espec\u00edfico24.\u00a0 En efecto se trata de \u00a0casos \u00a0en los que se compromete la posibilidad que les \u00a0asiste \u00a0 a \u00a0 todas \u00a0las \u00a0personas \u00a0de\u00a0 \u00a0desarrollar \u00a0dignamente \u00a0todas \u00a0las \u00a0facultades \u00a0inherentes \u00a0al \u00a0ser \u00a0humano, as\u00ed como sus determinados proyectos de \u00a0vida25\u201d26. \u00a0\u00a0<\/p>\n<p>Ser\u00e1 necesario entonces establecer si en el \u00a0caso \u00a0existe \u00a0una \u00a0vulneraci\u00f3n \u00a0o amenaza a los derechos a la salud y a la vida \u00a0del menor hijo de la demandante. \u00a0\u00a0<\/p>\n<p>3.2. \u00a0Las \u00a0obligaciones \u00a0de \u00a0las \u00a0empresas de \u00a0energ\u00eda en los barrios subnormales. \u00a0\u00a0<\/p>\n<p>3.2.1. La Constituci\u00f3n Pol\u00edtica establece \u00a0que \u00a0los \u00a0servicios \u00a0p\u00fablicos son inherentes a la finalidad social del Estado y \u00a0es \u00a0deber \u00a0de \u00e9ste asegurar su prestaci\u00f3n eficiente a todos los habitantes del \u00a0territorio \u00a0nacional \u00a0(art. \u00a0365 \u00a0C.P.), otorgando a la ley la facultad de fijar \u00a0las \u00a0 competencias \u00a0y \u00a0responsabilidades \u00a0relativas \u00a0a \u00a0la \u00a0prestaci\u00f3n \u00a0de \u00a0los \u00a0servicios \u00a0p\u00fablicos \u00a0domiciliarios, su cobertura, calidad y financiaci\u00f3n, y el \u00a0r\u00e9gimen \u00a0tarifario \u00a0que \u00a0tendr\u00e1 \u00a0en cuenta adem\u00e1s de los criterios de costos, \u00a0los \u00a0de \u00a0solidaridad \u00a0y \u00a0redistribuci\u00f3n \u00a0de \u00a0ingresos \u00a0(art 367 C.P.). Tambi\u00e9n \u00a0corresponde \u00a0al legislador determinar los deberes y derechos de los usuarios, el \u00a0r\u00e9gimen \u00a0de \u00a0su \u00a0protecci\u00f3n \u00a0y \u00a0sus \u00a0formas de participaci\u00f3n en la gesti\u00f3n y \u00a0fiscalizaci\u00f3n \u00a0de \u00a0las \u00a0empresas \u00a0estatales \u00a0que \u00a0presten el servicio (art. 369 \u00a0C.P.). \u00a0\u00a0<\/p>\n<p>3.2.2. \u00a0Por \u00a0su \u00a0parte \u00a0la \u00a0Ley \u00a0136 \u00a0de 1994 \u00a0prescribe \u00a0en \u00a0el art\u00edculo 3\u00ba que son funciones del municipio \u201c5. Solucionar \u00a0las \u00a0necesidades insatisfechas de salud, educaci\u00f3n, saneamiento ambiental, agua \u00a0potable,\u00a0 \u00a0servicios\u00a0 \u00a0p\u00fablicos\u00a0 \u00a0domiciliarios, \u00a0vivienda, \u00a0recreaci\u00f3n\u00a0 y \u00a0deporte, \u00a0con \u00a0especial \u00a0\u00e9nfasis \u00a0en la ni\u00f1ez, la mujer, la tercera\u00a0 edad y\u00a0 \u00a0los\u00a0\u00a0 \u00a0 \u00a0sectores \u00a0 \u00a0discapacitados, \u00a0 \u00a0directamente \u00a0 y, \u00a0 en \u00a0 concurrencia, \u00a0complementariedad \u00a0y \u00a0coordinaci\u00f3n \u00a0con las dem\u00e1s entidades territoriales y la \u00a0Naci\u00f3n, \u00a0en \u00a0los \u00a0t\u00e9rminos que defina la ley. La ley \u00a0142 \u00a0de \u00a01994,\u00a0 \u00a0en \u00a0el \u00a0art\u00edculo 5.1, tambi\u00e9n establece en cabeza de los \u00a0municipios \u00a0la \u00a0competencia \u00a0para la prestaci\u00f3n de los servicios p\u00fablicos, que \u00a0ejercer\u00e1n \u00a0en \u00a0los t\u00e9rminos de la ley y de los reglamentos que con sujeci\u00f3n a \u00a0ella \u00a0 expidan \u00a0 los \u00a0 concejos \u00a0para \u00a0asegurar\u00a0 \u00a0que se presten a sus habitantes, de manera eficiente, \u00a0los \u00a0 servicios \u00a0domiciliarios \u00a0de \u00a0acueducto, \u00a0alcantarillado, \u00a0aseo, \u00a0energ\u00eda \u00a0el\u00e9ctrica \u00a0y \u00a0telefon\u00eda \u00a0p\u00fablica b\u00e1sica conmutada, por empresas de servicios \u00a0p\u00fablicos \u00a0de \u00a0car\u00e1cter \u00a0oficial, \u00a0privado \u00a0o \u00a0mixto, \u00a0o \u00a0directamente \u00a0por \u00a0la \u00a0administraci\u00f3n \u00a0central \u00a0del \u00a0respectivo \u00a0municipio. \u00a0La \u00a0ley 142 de 1994 en el \u00a0art\u00edculo \u00a02\u00ba \u00a0tambi\u00e9n \u00a0faculta \u00a0al \u00a0Estado \u00a0para \u00a0intervenir en los servicios \u00a0p\u00fablicos \u00a0buscando, entre otros fines, asegurar el mejoramiento de la \u00a0calidad \u00a0de \u00a0vida de los usuarios, la ampliaci\u00f3n permanente de \u00a0la \u00a0cobertura \u00a0mediante \u00a0sistemas que compensen la insuficiencia de la capacidad \u00a0de \u00a0pago \u00a0de \u00a0los \u00a0usuarios, la prestaci\u00f3n continua eficiente e ininterrumpida, \u00a0sin \u00a0excepci\u00f3n \u00a0alguna, \u00a0salvo \u00a0cuando \u00a0existan \u00a0razones de fuerza mayor o caso \u00a0fortuito o de orden t\u00e9cnico o econ\u00f3mico que as\u00ed lo exijan. \u00a0\u00a0<\/p>\n<p>3.2.3. \u00a0En \u00a0materia del servicio p\u00fablico de \u00a0energ\u00eda \u00a0seg\u00fan \u00a0el \u00a0art\u00edculo \u00a03\u00ba \u00a0de \u00a0la \u00a0ley \u00a0143 \u00a0de \u00a01994, el Estado debe \u00a0garantizar \u00a0entre otros, alcanzar una cobertura en los servicios de electricidad \u00a0a \u00a0las \u00a0diferentes regiones y sectores del pa\u00eds, que garantice la satisfacci\u00f3n \u00a0de \u00a0las \u00a0necesidades \u00a0b\u00e1sicas de los usuarios de los estratos I, II y III y los \u00a0de \u00a0menores \u00a0recursos \u00a0del \u00a0\u00e1rea \u00a0rural, \u00a0a \u00a0trav\u00e9s \u00a0de \u00a0los \u00a0diversos agentes \u00a0p\u00fablicos \u00a0y \u00a0privados \u00a0que \u00a0presten el servicio; y el art\u00edculo 6\u00ba de la misma \u00a0normatividad \u00a0previ\u00f3 \u00a0que \u00a0las \u00a0actividades \u00a0relacionadas \u00a0con \u00a0el \u00a0servicio de \u00a0electricidad \u00a0se \u00a0regir\u00e1n \u00a0por \u00a0principios de eficiencia, calidad, continuidad, \u00a0adaptabilidad, \u00a0neutralidad, solidaridad y equidad, desatacando que el principio \u00a0de \u00a0continuidad \u00a0implica \u00a0que \u00a0el \u00a0servicio \u00a0se deber\u00e1 prestar a\u00fan en casos de \u00a0quiebra, \u00a0liquidaci\u00f3n, \u00a0intervenci\u00f3n, sustituci\u00f3n o terminaci\u00f3n de contratos \u00a0de \u00a0de \u00a0las empresas responsables del mismo, sin interrupciones diferentes a las \u00a0programadas \u00a0por \u00a0razones \u00a0t\u00e9cnicas, \u00a0fuerza \u00a0mayor, \u00a0caso \u00a0fortuito, o por las \u00a0sanciones \u00a0impuestas \u00a0al \u00a0usuario \u00a0por \u00a0el \u00a0incumplimiento \u00a0de sus obligaciones. \u00a0\u00a0<\/p>\n<p>3.2.4. \u00a0En \u00a0desarrollo \u00a0de \u00a0los \u00a0anteriores \u00a0principios \u00a0 la \u00a0 Comisi\u00f3n \u00a0de \u00a0Regulaci\u00f3n \u00a0de \u00a0Energ\u00eda \u00a0y \u00a0Gas \u00a0\u2013CREG- \u00a0expidi\u00f3 la Resoluci\u00f3n 120 de \u00a02001 \u00a0\u201cPor \u00a0la \u00a0cual \u00a0se \u00a0regula la prestaci\u00f3n del \u00a0servicio \u00a0de \u00a0energ\u00eda \u00a0el\u00e9ctrica \u00a0en Barrios Subnormales conectados al Sistema \u00a0Interconectado \u00a0Nacional \u2013 \u00a0SIN\u201d \u00a0 \u00a0 \u00a0que \u00a0 \u00a0 define \u00a0 \u00a0 la \u00a0 \u00a0 prestaci\u00f3n \u00a0del \u00a0servicio \u00a0de \u00a0energ\u00eda \u00a0el\u00e9ctrica \u00a0 a \u00a0 barrios \u00a0 subnormales, \u00a0 como \u00a0\u201cel \u00a0suministro \u00a0de \u00a0electricidad \u00a0a usuarios residentes en asentamientos humanos que \u00a0han \u00a0sido \u00a0clasificados \u00a0como \u00a0tales \u00a0por \u00a0la autoridad competente y que adem\u00e1s \u00a0re\u00fanen \u00a0las \u00a0siguientes \u00a0caracter\u00edsticas: \u201c1. Que no tenga servicio p\u00fablico \u00a0domiciliario \u00a0de \u00a0energ\u00eda \u00a0el\u00e9ctrica \u00a0o \u00a0que \u00a0\u00e9ste \u00a0se \u00a0obtenga \u00a0a trav\u00e9s de \u00a0derivaciones \u00a0del \u00a0Sistema de Distribuci\u00f3n Local o de una Acometida, efectuadas \u00a0sin \u00a0 \u00a0aprobaci\u00f3n \u00a0 \u00a0del \u00a0 \u00a0respectivo \u00a0 Operador \u00a0 de \u00a0 Red\u201d; \u00a0 y \u00a0\u201c2. \u00a0Que no se trate de zonas donde \u00a0se \u00a0deba \u00a0suspender \u00a0el \u00a0servicio \u00a0p\u00fablico \u00a0domiciliario \u00a0de \u00a0electricidad, \u00a0de \u00a0conformidad \u00a0con \u00a0el \u00a0Art\u00edculo \u00a0139.2 \u00a0de \u00a0la Ley 142 de 1994 o las respectivas \u00a0normas \u00a0de \u00a0la \u00a0Ley \u00a0388 \u00a0de \u00a01997\u201d. Por su parte el \u00a0art\u00edculo \u00a03\u00ba \u00a0de \u00a0la \u00a0citada \u00a0Resoluci\u00f3n \u00a0establece \u00a0la posibilidad de que se \u00a0suscriban \u00a0Convenios \u00a0para \u00a0la \u00a0Normalizaci\u00f3n de los Circuitos Subnormales y de \u00a0las \u00a0Conexiones \u00a0de los usuarios, con suscriptores comunitarios. Adicionalmente, \u00a0en \u00a0los \u00a0contratos \u00a0de \u00a0prestaci\u00f3n \u00a0del \u00a0servicio se podr\u00e1n pactar condiciones \u00a0especiales, \u00a0tales \u00a0como: \u00a0garant\u00edas \u00a0de \u00a0pago; \u00a0suspensiones \u00a0peri\u00f3dicas \u00a0del \u00a0servicio \u00a0considerando \u00a0razones \u00a0de \u00a0orden \u00a0t\u00e9cnico \u00a0o \u00a0econ\u00f3mico \u00a0que as\u00ed lo \u00a0exijan. \u00a0\u00a0<\/p>\n<p>3.2.5. \u00a0 \u00a0As\u00ed \u00a0 mismo, \u00a0 el \u00a0 art\u00edculo \u00a013927 \u00a0de \u00a0la \u00a0Ley \u00a0142 de 1994 contiene las situaciones en que se puede \u00a0suspender \u00a0el \u00a0servicio \u00a0y \u00a0no \u00a0constituye \u00a0falla \u00a0del \u00a0mismo, \u00a0entre las cuales \u00a0figuran: \u00a0 \u00a0 \u201cHacer \u00a0 \u00a0reparaciones \u00a0 \u00a0t\u00e9cnicas, \u00a0mantenimientos \u00a0peri\u00f3dicos \u00a0y \u00a0racionamientos \u00a0por fuerza mayor, siempre que de \u00a0ello \u00a0 \u00a0se \u00a0 \u00a0d\u00e9 \u00a0 \u00a0aviso \u00a0 \u00a0amplio \u00a0 y \u00a0 oportuno \u00a0 a \u00a0 los \u00a0 suscriptores \u00a0 o \u00a0usuarios\u201d, y \u00a0 \u201cEvitar \u00a0perjuicios \u00a0que \u00a0se \u00a0deriven \u00a0de \u00a0la \u00a0inestabilidad \u00a0del inmueble o del terreno, \u00a0siempre \u00a0que \u00a0se \u00a0haya \u00a0empleado \u00a0toda \u00a0la \u00a0diligencia \u00a0posible, \u00a0dentro \u00a0de las \u00a0circunstancias, \u00a0para \u00a0que \u00a0el \u00a0suscriptor \u00a0o \u00a0usuario \u00a0pueda \u00a0hacer \u00a0valer \u00a0sus \u00a0derechos\u201d.\u00a0En desarrollo \u00a0de \u00a0la \u00a0anterior \u00a0normatividad \u00a0la \u00a0Resoluci\u00f3n \u00a0CREG \u00a0070 \u00a0de 1998 establece la \u00a0clasificaci\u00f3n \u00a0de \u00a0las \u00a0interrupciones \u00a0del \u00a0servicio de energ\u00eda el\u00e9ctrica de \u00a0acuerdo \u00a0 con \u00a0 la \u00a0 duraci\u00f3n \u00a0 de \u00a0 la \u00a0 interrupci\u00f3n \u00a0 y \u00a0el \u00a0origen \u00a0de \u00a0la \u00a0misma28. \u00a0\u00a0<\/p>\n<p>3.2.6. \u00a0 De \u00a0la \u00a0normativa \u00a0referenciada \u00a0se desprende que en el caso de los barrios subnormales, \u00a0cuando \u00a0el \u00a0servicio \u00a0se \u00a0presta \u00a0mediante la suscripci\u00f3n de un convenio con la \u00a0respectiva \u00a0empresa \u00a0de \u00a0energ\u00eda, \u00a0\u00e9sta \u00a0no contrata con usuarios individuales \u00a0sino \u00a0con \u00a0un \u00a0solo \u00a0usuario \u00a0que \u00a0representa \u00a0a \u00a0todos \u00a0los usuarios de la zona \u00a0subnormal \u00a0 de \u00a0que \u00a0se \u00a0trate; \u00a0la \u00a0medici\u00f3n \u00a0suele \u00a0hacerse \u00a0con \u00a0un \u00a0medidor \u00a0comunitario, \u00a0y \u00a0es a nombre de ese representante que se expide la factura; y en \u00a0caso \u00a0de \u00a0no pago la empresa puede suspender el servicio a todo el barrio que es \u00a0como \u00a0tal \u00a0su \u00a0cliente. Por otra parte, cada uno de los usuarios individualmente \u00a0considerados \u00a0se \u00a0encuentra \u00a0vinculado \u00a0al \u00a0acuerdo \u00a0a \u00a0que \u00a0se \u00a0lleg\u00f3 \u00a0con \u00a0el \u00a0representante \u00a0de la comunidad sobre los per\u00edodos de suministro e interrupci\u00f3n \u00a0del \u00a0 \u00a0 \u00a0 \u00a0servicio \u00a0 \u00a0 \u00a0 \u00a0de \u00a0 \u00a0 \u00a0 \u00a0energ\u00eda29, \u00a0de \u00a0manera que no podr\u00eda \u00a0solicitar, \u00a0a\u00fan \u00a0estando \u00a0a \u00a0paz y salvo en la parte que le corresponde, que el \u00a0servicio \u00a0le \u00a0sea \u00a0suministrado \u00a0individualmente \u00a0en \u00a0una \u00a0forma \u00a0diferente a la \u00a0pactada \u00a0con \u00a0la \u00a0comunidad. \u00a0Por \u00a0tratarse de un contrato, el convenio entre la \u00a0empresa \u00a0de \u00a0energ\u00eda \u00a0y el suscriptor de que se trate, y, en principio, como lo \u00a0ha \u00a0 se\u00f1alado \u00a0 la \u00a0Corte, \u00a0las \u00a0diferencias \u00a0que \u00a0puedan \u00a0surgir \u00a0al \u00a0respecto \u00a0el incumplimiento de obligaciones contractuales escapa \u00a0a \u00a0 la \u00a0 competencia \u00a0 del \u00a0 juez \u00a0 constitucional30. \u00a0 \u00a0No \u00a0 \u00a0obstante, \u00a0 esta \u00a0Corporaci\u00f3n \u00a0ha \u00a0admitido \u00a0en \u00a0ocasiones \u00a0que \u00a0la \u00a0actividad \u00a0de \u00a0las \u00a0empresas \u00a0prestadoras \u00a0de \u00a0servicios p\u00fablicos, pueda implicar una posible vulneraci\u00f3n de \u00a0los \u00a0derechos \u00a0fundamentales \u00a0de \u00a0terceros \u00a0ajenos a la relaci\u00f3n contractual; y \u00a0que, \u00a0si \u00a0bien \u00a0el racionamiento del servicio de energ\u00eda obedece a una facultad \u00a0legal \u00a0de \u00a0estas \u00a0empresas, \u00a0que dar\u00eda lugar a una controversia contractual que \u00a0tendr\u00eda \u00a0otras v\u00edas legales para ser dirimida, la tutela ser\u00eda el camino para \u00a0la \u00a0protecci\u00f3n \u00a0inmediata \u00a0de \u00a0dichos \u00a0derechos \u00a0en \u00a0la \u00a0medida \u00a0en \u00a0que pueden \u00a0afectarse\u00a0 \u00a0 \u00a0 \u00a0derechos \u00a0 \u00a0 constitucionales \u00a0 \u00a0 fundamentales31. \u00a0La \u00a0Corte \u00a0tambi\u00e9n \u00a0ha \u00a0se\u00f1alado \u00a0que \u00a0\u201cpor \u00a0regla general la \u00a0acci\u00f3n \u00a0de \u00a0tutela \u00a0no es procedente para dirimir controversias contractuales o \u00a0pecuniarias \u00a0 entre \u00a0 los \u00a0usuarios \u00a0y\/o \u00a0suscriptores \u00a0de \u00a0servicios \u00a0p\u00fablicos \u00a0domiciliarios \u00a0y \u00a0la empresa prestadora de los mismos. S\u00f3lo ser\u00e1 procedente la \u00a0acci\u00f3n \u00a0de \u00a0tutela \u00a0cuando \u00a0tales \u00a0controversias \u00a0impliquen \u00a0la vulneraci\u00f3n de \u00a0derechos \u00a0fundamentales \u00a0y \u00a0las \u00a0acciones judiciales disponibles no resultan ser \u00a0eficaces \u00a0 ante \u00a0 la \u00a0 inminencia \u00a0 de \u00a0 un \u00a0perjuicio \u00a0irremediable32\u201d33. \u00a0\u00a0<\/p>\n<p>3.2.7. \u00a0As\u00ed, \u00a0en \u00a0caso \u00a0de \u00a0demostrarse \u00a0una \u00a0vulneraci\u00f3n \u00a0a \u00a0los \u00a0derechos \u00a0fundamentales \u00a0del \u00a0menor hijo de la demandante, \u00a0ser\u00eda \u00a0necesario \u00a0evaluar \u00a0la \u00a0procedencia de ordenar a la entidad demandada la \u00a0permanencia \u00a0en \u00a0el \u00a0suministro \u00a0de energ\u00eda al barrio subnormal donde habita la \u00a0accionante.\u00a0 \u00a0Bajo \u00a0las \u00a0anteriores premisas establecidas, tanto por la ley \u00a0como \u00a0por \u00a0la jurisprudencia de esta Corporaci\u00f3n, proceder\u00e1 la Sala a resolver \u00a0el caso concreto. \u00a0\u00a0<\/p>\n<p>4. \u00a0Caso \u00a0concreto. \u00a0\u00a0<\/p>\n<p>4.1. \u00a0Al \u00a0menor \u00a0hijo \u00a0de la accionante, de 5 \u00a0a\u00f1os \u00a0de edad34, \u00a0le \u00a0fue diagnosticada ENCEFALOPAT\u00cdA EPIL\u00c9PTICA INFANTIL PRECOZ, \u00a0el \u00a0 \u00a0 \u00a0 7 \u00a0 \u00a0 \u00a0de \u00a0 \u00a0 \u00a0julio \u00a0 \u00a0 \u00a0de \u00a0 \u00a0 \u00a0200435. \u00a0 Adicionalmente \u00a0 se \u00a0 le \u00a0diagnostic\u00f3 \u00a0\u201cASMA \u00a0NO \u00a0ESPECIFICADA\u201d. \u00a0En \u00a0el \u00a0lugar \u00a0de \u00a0residencia \u00a0del \u00a0menor &#8211; Calle 6 No. 7A-05 del \u00a0Barrio \u00a0Primero \u00a0de Mayo -, \u201cla empresa Electricaribe \u00a0S.A. \u00a0le esta suspendiendo el fluido el\u00e9ctrico 2 y hasta 3 (tres) veces al d\u00eda \u00a0(\u2026)\u201d36 \u00a0sin \u00a0que \u00a0se \u00a0haya \u00a0establecido \u00a0por \u00a0la \u00a0demandante \u00a0la \u00a0intensidad y duraci\u00f3n de tales interrupciones. No obstante obra \u00a0en \u00a0el \u00a0expediente \u00a0copia \u00a0de \u00a0un \u00a0acta \u00a0donde \u00a0se \u00a0se\u00f1ala \u00a0que \u00a0se aclar\u00f3 que \u00a0\u201clas \u00a0interrupciones \u00a0se \u00a0realizan de 10:00 a.m. a 1 \u00a0p.m., \u00a0y \u00a0que \u00a0las que trascurren en el resto del d\u00eda son da\u00f1os que ocurren en \u00a0el \u00a0circuito. Consta el pago realizado en mayo de 2008, \u00a0de \u00a0la \u00a0misma \u00a0factura \u00a0emitida \u00a0a direcci\u00f3n de la demandante por el recaudador \u00a0autorizado \u00a0 \u00a0 en \u00a0 \u00a0 marzo \u00a0 \u00a0 27 \u00a0 \u00a0del \u00a0 \u00a0200837. Y el barrio donde reside la \u00a0demandante est\u00e1 clasificado como subnormal. \u00a0\u00a0<\/p>\n<p>4.2. \u00a0La \u00a0accionada y el barrio El Ferry, del \u00a0que \u00a0forma \u00a0parte \u00a0el \u00a01\u00ba \u00a0de \u00a0Mayo &#8211; distrito de Barranquilla -, realizaron un \u00a0convenio \u00a0de \u00a0condiciones \u00a0uniformes \u00a0para el suministro de energ\u00eda el\u00e9ctrica, \u00a0y \u00a0actualmente \u00a0dicho \u00a0barrio \u00a0ostenta \u00a0la calidad de \u00a0\u201cmoroso\u201d. \u00a0En \u00a0el \u00a0convenio \u00a0firmado \u00a0como \u00a0puntos \u00a0principales \u00a0se \u00a0destacan: (i) que la facturaci\u00f3n va a ser mensual y la factura \u00a0ser\u00eda \u00a0entregada \u00a0en \u00a0la \u00a0carrera \u00a07 \u00a0No. \u00a05B-22; \u00a0(ii) \u00a0que \u00a0el \u00a0municipio \u00a0de \u00a0Barranquilla \u00a0 \u00a0garantiza \u00a0 \u00a0el \u00a0 \u00a0cumplimiento \u00a0 del \u00a0 contrato \u00a0 (apropiaci\u00f3n \u00a0presupuestal); \u00a0(iii) \u00a0el \u00a0acuerdo \u00a0fue firmado por el alcalde municipal, por el \u00a0representante \u00a0 de \u00a0 Energ\u00eda \u00a0Social \u00a0S.A., \u00a0el \u00a0representante \u00a0del \u00a0suscriptor \u00a0comunitario \u00a0y \u00a0por \u00a0Electricaribe como distribuidor38. Adjunto con lo anterior, se \u00a0encuentra \u00a0el \u00a0documento \u00a0que contiene las condiciones generales de los acuerdos \u00a0de \u00a0 prestaci\u00f3n \u00a0del \u00a0servicio \u00a0de \u00a0energ\u00eda \u00a0en \u00a0zonas \u00a0especiales39. Adem\u00e1s se \u00a0acord\u00f3 \u00a0 que \u00a0\u201cLa \u00a0continuidad \u00a0del \u00a0suministro \u00a0de \u00a0energ\u00eda \u00a0el\u00e9ctrica \u00a0se \u00a0establecer\u00e1 \u00a0teniendo \u00a0en \u00a0cuenta las necesidades del \u00a0SUSCRIPTOR \u00a0COMUNITARIO, su capacidad de pago \u2026y el mejoramiento progresivo de \u00a0\u00edndices \u00a0 de \u00a0 recaudo \u00a0 y \u00a0 p\u00e9rdidas\u2026Lo \u00a0 anterior \u00a0sin \u00a0perjuicio \u00a0de \u00a0las \u00a0interrupciones \u00a0que por concepto de fuerza mayor o caso fortuito se presenten en \u00a0el \u00a0circuito\u201d, \u00a0y que el n\u00famero de horas de entrega \u00a0de \u00a0energ\u00eda \u00a0diaria \u00a0resultar\u00eda \u00a0de la \u201cValoraci\u00f3n \u00a0del \u00a0porcentaje \u00a0de \u00a0energ\u00eda \u00a0diario \u00a0que \u00a0deber\u00e1 ser entregado, en n\u00famero de \u00a0d\u00edas, \u00a0 \u00a0 de \u00a0 \u00a0acuerdo \u00a0 \u00a0al \u00a0 \u00a0recaudo \u00a0 \u00a0obtenido \u00a0 \u00a0por \u00a0 \u00a0el \u00a0 \u00a0suscriptor \u00a0comunitario\u201d. \u00a0En \u00a0el \u00a0momento \u00a0se est\u00e1n realizando \u00a0trabajos \u00a0en \u00a0el \u00a0circuito que incluye el sector 1\u00ba de mayo (barrio Ferri) para \u00a0mejorar \u00a0el \u00a0servicio \u00a0de \u00a0energ\u00eda \u00a0en \u00a0el \u00a0sector \u00a0y \u00a0por \u00a0ende \u00a0disminuir las \u00a0interrupciones \u00a0 \u00a0de \u00a0 \u00a0energ\u00eda. \u00a0 \u00a0Adem\u00e1s \u00a0 \u201cel \u00a0comportamiento \u00a0del \u00a0pago \u00a0promedio \u00a0de cada uno de los barrios es el siguiente: \u00a0Ferry \u00a027%, \u00a0las \u00a0Ferias 22% y Primero de Mayo 21%\u201d y \u00a0la \u00a0interrupci\u00f3n \u00a0en \u00a0el \u00a0flujo de energ\u00eda aumenta o disminuye porcentualmente \u00a0seg\u00fan \u00a0el \u00a0valor \u00a0recaudado. \u00a0A \u00a0pesar \u00a0de \u00a0constatar que se vienen adelantando \u00a0trabajos \u00a0de \u00a0normalizaci\u00f3n del suministro del servicio de energ\u00eda el\u00e9ctrica, \u00a0la \u00a0Alcald\u00eda \u00a0de Barranquilla conmin\u00f3 a la empresa Electricaribe S.A. para que \u00a0suministre \u00a0el \u00a0servicio domiciliario de energ\u00eda el\u00e9ctrica de forma continua y \u00a0eficiente \u00a0en \u00a0el \u00a0barrio \u00a0Primero \u00a0de \u00a0Mayo \u00a0y se procure la normalizaci\u00f3n del \u00a0servicio. \u00a0\u00a0<\/p>\n<p>4.3. La prescripci\u00f3n del neum\u00f3logo tratante \u00a0doctor \u00a0Iv\u00e1n \u00a0Stand \u00a0fue \u00a0mantener \u00a0al \u00a0menor \u00a0hijo \u00a0de \u00a0la \u00a0accionante \u00a0en \u00a0un \u00a0\u201cambiente \u00a0 de \u00a0 temperatura \u00a0estable \u00a0sin \u00a0cambios \u00a0extremos\u201d40. \u00a0( \u00a0negrilla \u00a0fuera del texto). Seg\u00fan lo \u00a0inform\u00f3 \u00a0la \u00a0E.P.S. \u00a0los \u00a0m\u00e9dicos \u00a0especialistas \u00a0y \u00a0generales \u00a0que han venido \u00a0tratando \u00a0al \u00a0menor en la ciudad de Barranquilla desconocen haber recomendado el \u00a0uso \u00a0de \u00a0aire \u00a0acondicionado \u00a0o \u00a0ventilador. El tratamiento prescrito por el Dr. \u00a0IV\u00c1N \u00a0STAND \u00a0NI\u00d1O \u00a0con \u00a0especialidad \u00a0en \u00a0NEUMOLOGIA \u00a0consiste \u00a0en \u00a0\u201cmedicaciones \u00a0especiales \u00a0para tratar el cuadro asm\u00e1tico tales \u00a0como \u00a0 \u00a0 beclometasona \u00a0diorop\u00ednato \u00a0aerosol \u00a0bucal, terbutalina solnebul, salbutamol erosol, hidroxido \u00a0aluminio, \u00a0 \u00a0 hidroxido \u00a0 \u00a0 de \u00a0 \u00a0 magnesio, \u00a0 \u00a0 simeticona \u00a0 \u00a0 mas \u00a0 \u00a0soluci\u00f3n \u00a0salina\u201d. \u00a0\u00a0<\/p>\n<p>4.4. De los antecedentes y pruebas obrantes en \u00a0el \u00a0expediente \u00a0se \u00a0concluye que lo que est\u00e1 en discusi\u00f3n, en el presente caso \u00a0es \u00a0la \u00a0necesidad \u00a0que \u00a0puede \u00a0tener \u00a0el \u00a0menor \u00a0de \u00a0mantener \u00a0constantemente un \u00a0ventilador \u00a0o \u00a0un \u00a0aire \u00a0acondicionado, \u00a0lo que implicar\u00eda la continuidad en la \u00a0prestaci\u00f3n \u00a0del \u00a0servicio \u00a0p\u00fablico \u00a0de energ\u00eda cuyos per\u00edodos de continuidad \u00a0fueron \u00a0pactados entre un suscriptor comunitario y la empresa de energ\u00eda. En la \u00a0demanda, \u00a0la accionante hizo menci\u00f3n a la supuesta vulneraci\u00f3n de los derechos \u00a0a \u00a0la salud y a la vida de su menor hijo, por las suspensiones en el servicio de \u00a0energ\u00eda \u00a0que impiden mantener un ventilador o aire acondicionado para el menor, \u00a0lo \u00a0cual \u00a0seg\u00fan \u00a0afirma \u00a0la accionante le fue recomendado por los m\u00e9dicos. Sin \u00a0embargo, \u00a0 tal \u00a0 vulneraci\u00f3n \u00a0no \u00a0fue \u00a0probada, \u00a0pues \u00a0la \u00a0demanda \u00a0se \u00a0limit\u00f3 \u00a0simplemente \u00a0 a \u00a0 hacer \u00a0 una \u00a0 afirmaci\u00f3n \u00a0 general \u00a0 al \u00a0respecto41. \u00a0De \u00a0igual \u00a0manera, \u00a0la \u00a0accionante \u00a0no \u00a0prob\u00f3 \u00a0la existencia de un perjuicio inminente que \u00a0hiciera imperioso el amparo. \u00a0\u00a0<\/p>\n<p>4.5. Encuentra la Sala, de una parte, que de \u00a0las \u00a0pruebas \u00a0allegadas al proceso se deriva que la prescripci\u00f3n del neum\u00f3logo \u00a0tratante \u00a0doctor \u00a0Iv\u00e1n \u00a0Stand fue mantener al menor hijo de la accionante en un \u00a0\u201cambiente \u00a0 de \u00a0 temperatura \u00a0estable \u00a0sin \u00a0cambios \u00a0extremos\u201d42 \u00a0(negrilla \u00a0fuera \u00a0del texto). \u00a0De \u00a0otra \u00a0parte, \u00a0seg\u00fan lo inform\u00f3 la \u00a0E.P.S., \u00a0los m\u00e9dicos especialistas y generales que han venido tratando al menor \u00a0en \u00a0la \u00a0ciudad \u00a0de \u00a0Barranquilla \u00a0desconocen \u00a0haber \u00a0recomendado \u00a0el uso de aire \u00a0acondicionado \u00a0o \u00a0ventilador. \u00a0No \u00a0se encuentra en la f\u00f3rmula citada previsi\u00f3n \u00a0alguna \u00a0que indique que el ambiente deba ser fr\u00edo o que deba emplearse en forma \u00a0permanente \u00a0un \u00a0ventilador o un aire acondicionado, elementos que seg\u00fan informa \u00a0Cafesalud \u00a0no \u00a0ha \u00a0ordenado ninguno de los m\u00e9dicos de la entidad que han venido \u00a0tratando \u00a0al \u00a0menor, pues lo pedido por el neum\u00f3logo tratante es la estabilidad \u00a0de \u00a0la temperatura en la cual se mantenga al menor. La Sala le da credibilidad a \u00a0lo \u00a0afirmado \u00a0por \u00a0la \u00a0EPS \u00a0sobre \u00a0la no formulaci\u00f3n de un ventilador o un aire \u00a0acondicionado \u00a0por \u00a0parte \u00a0de \u00a0los m\u00e9dicos que han venido tratando al menor, en \u00a0tanto \u00a0son ellos los llamados a establecer los tratamientos y procedimientos que \u00a0mejor \u00a0se \u00a0ajustan \u00a0a \u00a0la \u00a0protecci\u00f3n \u00a0de \u00a0la vida y la salud de sus pacientes, \u00a0m\u00e1xime \u00a0si \u00a0se \u00a0considera que, como lo ha se\u00f1alado la Corte la eficacia de los \u00a0procedimientos \u00a0o tratamientos que prescriben o dejan de prescribir los m\u00e9dicos \u00a0tratantes \u00a0est\u00e1 \u00a0determinada \u00a0por consideraciones relativas a la profesi\u00f3n que \u00a0ejercen \u00a0 los \u00a0 galenos \u00a0 y \u00a0 no \u00a0 es \u00a0 algo \u00a0 que \u00a0 competa \u00a0establecer \u00a0a \u00a0los \u00a0jueces \u00a0 \u00a0 \u00a0 43. \u00a0\u00a0<\/p>\n<p>4.6. \u00a0Se trata entonces de una demanda contra \u00a0una \u00a0empresa \u00a0prestadora \u00a0del \u00a0servicio \u00a0de energ\u00eda el\u00e9ctrica, con base en una \u00a0percepci\u00f3n \u00a0de \u00a0la \u00a0demandante sobre lo que consideran \u00f3ptimo para el menor, a \u00a0todas \u00a0luces respetable, pero que no se encuentra fundada en\u00a0 prueba alguna \u00a0sobre \u00a0la \u00a0imperiosa \u00a0necesidad \u00a0de \u00a0el \u00a0ventilador \u00a0o \u00a0aire \u00a0acondicionado para \u00a0asegurar \u00a0los \u00a0derechos \u00a0fundamentales \u00a0a la salud y a la vida del menor en cuyo \u00a0nombre \u00a0se \u00a0interpone \u00a0la \u00a0demanda, \u00a0como \u00a0tampoco \u00a0en \u00a0evidencia \u00a0alguna \u00a0de un \u00a0inminente \u00a0perjuicio \u00a0irremediable, \u00a0por \u00a0lo cual concluye la Sala que el amparo \u00a0solicitado no debe ser concedido. \u00a0\u00a0<\/p>\n<p>4.7. \u00a0La \u00a0Sala \u00a0estima \u00a0que, \u00a0a la luz de las \u00a0consideraciones \u00a0expuestas, \u00a0deber\u00e1 confirmar los fallos de instancia, en tanto \u00a0la \u00a0acci\u00f3n \u00a0de \u00a0tutela \u00a0no \u00a0es \u00a0el \u00a0mecanismo \u00a0judicial id\u00f3neo para dirimir la \u00a0controversia \u00a0planteada \u00a0entre la demandante en representaci\u00f3n de su menor hijo \u00a0y \u00a0la demandada, ya que las suspensiones en el servicio de energ\u00eda por parte de \u00a0la \u00a0entidad \u00a0accionada \u00a0no \u00a0guardan \u00a0una relaci\u00f3n de conexidad con los derechos \u00a0fundamentales del menor invocados como violados. \u00a0\u00a0<\/p>\n<p>III. DECISI\u00d3N. \u00a0<\/p>\n<p>En \u00a0m\u00e9rito de lo expuesto, la Sala Quinta de \u00a0Revisi\u00f3n \u00a0de \u00a0la \u00a0Corte \u00a0Constitucional, \u00a0administrando \u00a0justicia en nombre del \u00a0pueblo y por mandato de la Constituci\u00f3n Pol\u00edtica, \u00a0\u00a0<\/p>\n<p>RESUELVE: \u00a0<\/p>\n<p>Primero. CONFIRMAR la \u00a0sentencia \u00a0del \u00a0Juzgado \u00a0Segundo \u00a0Civil \u00a0del \u00a0Circuito de Barranquilla del 28 de \u00a0julio \u00a0de \u00a02008, \u00a0que confirm\u00f3 la sentencia del Juzgado Catorce Civil Municipal \u00a0de \u00a0Barranquilla del 12 de junio del mismo a\u00f1o, la cual hab\u00eda negado el amparo \u00a0constitucional solicitado. \u00a0\u00a0<\/p>\n<p>Segundo. \u00a0 Por \u00a0Secretar\u00eda \u00a0General, l\u00edbrese la comunicaci\u00f3n a que \u00a0se \u00a0 \u00a0 refiere \u00a0 \u00a0 el \u00a0 \u00a0 art\u00edculo \u00a0 \u00a0 36 \u00a0 \u00a0 del \u00a0 \u00a0 decreto 2591 de \u00a01991. \u00a0\u00a0<\/p>\n<p>Notif\u00edquese, comun\u00edquese, publ\u00edquese en la \u00a0Gaceta de la Corte Constitucional y c\u00famplase. \u00a0\u00a0<\/p>\n<p>MAURICIO GONZ\u00c1LEZ CUERVO \u00a0<\/p>\n<p>Magistrado Ponente \u00a0<\/p>\n<p>CRISTINA PARDO SCHLESINGER (E) \u00a0<\/p>\n<p>Magistrada \u00a0<\/p>\n<p>NILSON PINILLA PINILLA \u00a0<\/p>\n<p>Magistrado \u00a0<\/p>\n<p>Secretaria General \u00a0<\/p>\n<p>\u00a0 \u00a0\u00a0<\/p>\n<p>1 Ver \u00a0folio 6 del cuaderno 1. \u00a0\u00a0<\/p>\n<p>2 Ver \u00a0folio 7 del cuaderno 1. \u00a0\u00a0<\/p>\n<p>3 Ver \u00a0folio 1 del cuaderno 1. \u00a0\u00a0<\/p>\n<p>4 \u00a0Ib\u00eddem. \u00a0\u00a0<\/p>\n<p>5 \u00a0Ib\u00eddem. \u00a0\u00a0<\/p>\n<p>6 Ver \u00a0folios 1 y 2 del cuaderno 1. \u00a0\u00a0<\/p>\n<p>7 Ver \u00a0folio 2 del cuaderno 1. \u00a0\u00a0<\/p>\n<p>8 Ver \u00a0folios 14, 16, 17, 18, 19 y 20 del cuaderno 1. \u00a0\u00a0<\/p>\n<p>9 Ver \u00a0folios 22, 23 y 24 del cuaderno 1. \u00a0\u00a0<\/p>\n<p>10 Ver \u00a0folios 10, 11 y 12 del cuaderno 1. \u00a0\u00a0<\/p>\n<p>11 Ver \u00a0folios 48 al 51 del cuaderno 1. \u00a0\u00a0<\/p>\n<p>12 Ver \u00a0folios 52 y 53 del cuaderno 1. \u00a0\u00a0<\/p>\n<p>13 Ver \u00a0folios 54 al 59 del cuaderno 1. \u00a0\u00a0<\/p>\n<p>14 Ver \u00a0folio 60 del cuaderno 1. \u00a0\u00a0<\/p>\n<p>15 Se \u00a0requiere \u00a0para \u00a0verificar la recomendaci\u00f3n del doctor Iv\u00e1n Stand en la FORMULA \u00a0M\u00c9DICA N\u00b0 153537 de junio de 2008, Corporaci\u00f3n IPS SALUDCOOP. \u00a0\u00a0<\/p>\n<p>16 \u00a0Folios 16 y 17 Cuaderno de la Corte. \u00a0\u00a0<\/p>\n<p>17 \u00a0Folio \u00a019 \u00a0Cuaderno \u00a0de \u00a0la Corte. F\u00f3rmula M\u00e9dica N\u00ba 153537 del 6 de junio de \u00a02008 firmada por el m\u00e9dico I. Stand. \u00a0\u00a0<\/p>\n<p>18 Ver \u00a0entre otras, las Sentencias T-706 y T-274 de 2004. \u00a0\u00a0<\/p>\n<p>19 En \u00a0la \u00a0sentencia \u00a0SU-225 \u00a0de \u00a01998 \u00a0(MP Eduardo Cifuentes Mu\u00f1oz; SV Jos\u00e9 Gregorio \u00a0Hern\u00e1ndez \u00a0Galindo, \u00a0Carlos Gaviria y Antonio Barrera Carbonell) la Corte dijo: \u00a0\u201c(\u2026) \u00a0la \u00a0protecci\u00f3n especial de los derechos fundamentales del menor no se \u00a0explica \u00a0exclusivamente \u00a0por \u00a0la \u00a0fragilidad \u00a0en la que se encuentra frente a un \u00a0mundo \u00a0que \u00a0no \u00a0conoce \u00a0y que no est\u00e1 en capacidad de afrontar por s\u00ed solo. La \u00a0Carta \u00a0pretende \u00a0promover \u00a0un orden basado en los valores que orientan cualquier \u00a0Estado \u00a0civilizado: la libertad, la igualdad, la tolerancia y la solidaridad. No \u00a0obstante, \u00a0un \u00a0orden \u00a0tal \u00a0de \u00a0valores \u00a0s\u00f3lo \u00a0es verdaderamente efectivo si los \u00a0sujetos \u00a0a \u00a0quienes \u00a0se \u00a0orienta \u00a0lo conocen y lo comparten. En este sentido, el \u00a0constituyente \u00a0quiso que las personas, desde la infancia, tuvieran acceso a este \u00a0c\u00f3digo \u00a0axiol\u00f3gico, mediante un compromiso real y efectivo de la sociedad para \u00a0garantizar \u00a0las \u00a0condiciones \u00a0que \u00a0les \u00a0permitieran \u00a0crecer \u00a0en \u00a0igualdad \u00a0y \u00a0en \u00a0libertad, \u00a0con justicia y respeto por las opiniones y creencias ajenas. En estas \u00a0circunstancias, \u00a0es \u00a0razonable \u00a0suponer \u00a0que el menor acceder\u00e1 a la mayor\u00eda de \u00a0edad, \u00a0como \u00a0una persona libre y aut\u00f3noma, que conoce los valores de igualdad y \u00a0justicia \u00a0que \u00a0informan \u00a0la Carta y que, por lo tanto, se encuentra en capacidad \u00a0de \u00a0defenderlos \u00a0y \u00a0promoverlos.\u201d [En este caso la Corte decidi\u00f3 que \u201c(\u2026) \u00a0el \u00a0juez \u00a0constitucional \u00a0es \u00a0competente para aplicar \u00a0directamente, \u00a0en \u00a0ausencia de prescripci\u00f3n legislativa, el n\u00facleo esencial de \u00a0aquellos \u00a0derechos \u00a0prestacionales \u00a0de que trata el art\u00edculo 44 de la Carta. En \u00a0estos \u00a0casos, \u00a0debe ordenar a los sujetos directamente obligados el cumplimiento \u00a0de \u00a0 sus \u00a0 respec\u00adtivas \u00a0responsa\u00adbilidades, a fin \u00a0de \u00a0asegurar la satisfacci\u00f3n de las necesidades b\u00e1sicas del menor.\u201d] \u00a0\u00a0<\/p>\n<p>20 \u00a0Sentencia C-507\/04 M.P. Manuel Jos\u00e9 Cepeda Espinosa. \u00a0\u00a0<\/p>\n<p>21 \u00a0Sentencia T-007\/04 M.P. Marco Gerardo Monroy Cabra. \u00a0\u00a0<\/p>\n<p>22 \u00a0V\u00e9ase \u00a0al \u00a0respecto \u00a0la \u00a0sentencia \u00a0T-1081 \u00a0de \u00a02001, M.P. Marco Gerardo Monroy \u00a0Cabra. \u00a0\u00a0<\/p>\n<p>23 \u00a0Sentencia T-271 de 1995, M.P. Alejandro Mart\u00ednez Caballero. \u00a0\u00a0<\/p>\n<p>25 \u00a0Cons\u00faltense \u00a0en \u00a0este \u00a0mismo \u00a0sentido \u00a0las \u00a0sentencias T-283 de 1999 y T-860 de \u00a01999. \u00a0\u00a0<\/p>\n<p>26 \u00a0Sentencia T-007\/04 M.P. Marco Gerardo Monroy Cabra. \u00a0\u00a0<\/p>\n<p>27 \u00a0 \u00a0 ART\u00cdCULO \u00a0139. \u00a0SUSPENSI\u00d3N EN INTER\u00c9S DEL SERVICIO. No es \u00a0falla \u00a0en la prestaci\u00f3n del servicio la suspensi\u00f3n que haga la empresa para:\u00a0 \u00a0\u00a0<\/p>\n<p>139.1. \u00a0 Hacer \u00a0reparaciones \u00a0t\u00e9cnicas, \u00a0mantenimientos \u00a0peri\u00f3dicos \u00a0y racionamientos por fuerza mayor, siempre que de ello se d\u00e9 aviso \u00a0amplio y oportuno a los suscriptores o usuarios.\u00a0 \u00a0\u00a0<\/p>\n<p>139.2. \u00a0 Evitar \u00a0 perjuicios \u00a0 que \u00a0 se \u00a0deriven \u00a0de \u00a0la \u00a0inestabilidad \u00a0del \u00a0inmueble o del terreno, siempre que se haya empleado toda la \u00a0diligencia \u00a0posible, \u00a0dentro \u00a0de \u00a0las \u00a0circunstancias, \u00a0para que el suscriptor o \u00a0usuario pueda hacer valer sus derechos.\u00a0 \u00a0\u00a0<\/p>\n<p>28Resoluci\u00f3n \u00a0CREG \u00a0070 \u00a0de \u00a01998 \u00a0(\u2026) 6.3.1 Clasificaci\u00f3n de las \u00a0interrupciones del servicio de energ\u00eda. \u00a0 \u00a06.3.1.1 \u00a0De \u00a0acuerdo \u00a0con \u00a0la Duraci\u00f3n de la Interrupci\u00f3n. \u00a0Teniendo \u00a0en \u00a0cuenta \u00a0la \u00a0duraci\u00f3n \u00a0de las interrupciones, \u00e9stas se clasifican \u00a0as\u00ed:<\/p>\n<p>\u00b7 \u00a0Instant\u00e1neas: Son aquellas suspensiones \u00a0del \u00a0 \u00a0servicio \u00a0 \u00a0cuya \u00a0 \u00a0duraci\u00f3n \u00a0 \u00a0es \u00a0 inferior \u00a0 o \u00a0 igual \u00a0 a \u00a0 un \u00a0 (1) \u00a0minuto.<\/p>\n<p>\u00b7 Transitorias: Son aquellas suspensiones \u00a0del \u00a0servicio cuya duraci\u00f3n es superior a un (1) minuto y menor o igual a cinco \u00a0(5) \u00a0 \u00a0minutos.<\/p>\n<p>\u00b7 \u00a0 Temporales: \u00a0 Son \u00a0 aquellas \u00a0suspensiones \u00a0del \u00a0servicio \u00a0de \u00a0energ\u00eda \u00a0cuya \u00a0duraci\u00f3n \u00a0es mayor a cinco (5) \u00a0minutos.<\/p>\n<p>Para \u00a0el \u00a0c\u00e1lculo de los indicadores que \u00a0se \u00a0 definen \u00a0 m\u00e1s \u00a0 adelante \u00a0 no \u00a0 se \u00a0 tendr\u00e1n \u00a0en \u00a0cuenta:<\/p>\n<p>\u00b7 \u00a0Interrupciones \u00a0Instant\u00e1neas.<\/p>\n<p>\u00b7 \u00a0Interrupciones \u00a0por \u00a0racionamiento \u00a0de \u00a0emergencia \u00a0o \u00a0programadas \u00a0del \u00a0sistema \u00a0el\u00e9ctrico \u00a0nacional \u00a0debidas \u00a0a \u00a0insuficiencia en la generaci\u00f3n nacional o por \u00a0otros \u00a0Eventos \u00a0en \u00a0Generaci\u00f3n \u00a0y \u00a0en \u00a0el STN, siempre y cuando as\u00ed hayan sido \u00a0definidas \u00a0 por \u00a0 el \u00a0CND.<\/p>\n<p>\u00b7 \u00a0Interrupciones \u00a0por \u00a0seguridad \u00a0ciudadana \u00a0y \u00a0solicitadas \u00a0por \u00a0organismos \u00a0de \u00a0socorro o autoridades \u00a0competentes.<\/p>\n<p>\u00b7 Suspensiones o cortes del servicio \u00a0por \u00a0incumplimiento \u00a0del contrato de servicios p\u00fablicos. MODIFICADO: RESOLUCION \u00a0CREG-089\/99, art.1. \u00a0\u00a0<\/p>\n<p>6.3.1.2 \u00a0 De \u00a0 acuerdo \u00a0 con \u00a0el \u00a0Origen<\/p>\n<p>Teniendo \u00a0en \u00a0cuenta \u00a0el \u00a0origen \u00a0de \u00a0las \u00a0interrupciones \u00e9stas se \u00a0clasifican \u00a0as\u00ed:<\/p>\n<p>\u00b7 \u00a0No Programadas: Son aquellas \u00a0interrupciones \u00a0 que \u00a0 obedecen \u00a0 a \u00a0 Eventos \u00a0 No \u00a0Programados.<\/p>\n<p>\u00b7 \u00a0Programadas: Son aquellas interrupciones que obedecen a Eventos \u00a0Programados. \u00a0\u00a0<\/p>\n<p>29 El \u00a0Decreto \u00a03735 \u00a0de \u00a02003 \u00a0define \u00a0(i) \u00a0el Suscriptor Comunitario como el grupo de \u00a0usuarios \u00a0 ubicados \u00a0 en \u00a0 una \u00a0 zona \u00a0 especial \u00a0de \u00a0prestaci\u00f3n \u00a0del \u00a0servicio \u00a0representados \u00a0por \u00a0un \u00a0miembro de la comunidad o por una persona jur\u00eddica, que \u00a0es \u00a0 elegida \u00a0 o \u00a0designada \u00a0por \u00a0la \u00a0misma \u00a0comunidad \u00a0y \u00a0que \u00a0ha \u00a0obtenido \u00a0el \u00a0reconocimiento \u00a0del alcalde municipal\u2026y (ii) los per\u00edodos de continuidad como \u00a0los \u00a0lapsos \u00a0diarios \u00a0o \u00a0semanales \u00a0acordados \u00a0entre \u00a0la \u00a0empresa \u00a0de \u00a0servicios \u00a0p\u00fablicos \u00a0y \u00a0el suscriptor comunitario, per\u00edodo que est\u00e1 en funci\u00f3n del pago \u00a0que efectivamente realice dicho suscriptor. \u00a0\u00a0<\/p>\n<p>30 \u00a0Sentencia T-639\/04 M.P. Rodrigo Escobar Gil \u00a0\u00a0<\/p>\n<p>31 \u00a0Sentencias \u00a0 T-881 \u00a0de \u00a02002 \u00a0M.P. \u00a0Eduardo \u00a0Montealegre \u00a0Lynett. \u00a0Ver \u00a0tambi\u00e9n \u00a0Sentencia T-639\/04 M.P. Rodrigo Escobar Gil. \u00a0\u00a0<\/p>\n<p>32 Al \u00a0respecto, \u00a0ver entre otras las siguientes sentencias: T-712 de 2004 (MP: Rodrigo \u00a0Uprimny \u00a0Yepes), T-270 de 2004 (MP: Jaime C\u00f3rdoba Trivi\u00f1o), T-147 de 2004 (MP: \u00a0Jaime \u00a0Araujo \u00a0Renter\u00eda) \u00a0y \u00a0T-1016 \u00a0de \u00a01999 \u00a0(MP: \u00a0Eduardo Cifuentes Mu\u00f1oz). \u00a0\u00a0<\/p>\n<p>33 \u00a0Sentencia T-628 de 2005 M.P. Manuel Jos\u00e9 Cepeda Espinosa. \u00a0\u00a0<\/p>\n<p>34 Ver \u00a0folio 6 del cuaderno 1. \u00a0\u00a0<\/p>\n<p>35 Ver \u00a0folio 7 del cuaderno 1. \u00a0\u00a0<\/p>\n<p>36 Ver \u00a0folios 1 y 2 del cuaderno 1. \u00a0\u00a0<\/p>\n<p>37 Ver \u00a0folios 10, 11 y 12 del cuaderno 1. \u00a0\u00a0<\/p>\n<p>38 Ver \u00a0folios 52 y 53 del cuaderno 1. \u00a0\u00a0<\/p>\n<p>39 Ver \u00a0folios 54 al 59 del cuaderno 1. \u00a0\u00a0<\/p>\n<p>40 \u00a0Folio \u00a019 \u00a0Cuaderno \u00a0de \u00a0la Corte. F\u00f3rmula M\u00e9dica N\u00ba 153537 del 6 de junio de \u00a02008 firmada por el m\u00e9dico I. Stand. \u00a0\u00a0<\/p>\n<p>41 En \u00a0la \u00a0demanda \u00a0la \u00a0accionante \u00a0se\u00f1al\u00f3 \u00a0que los m\u00e9dicos le recomendaron que para \u00a0salvaguardar \u00a0la \u00a0salud \u00a0y \u00a0la vida del menor era menester que se le garantizara \u00a0\u201cun \u00a0ambiente \u00a0totalmente \u00a0fresco, \u00a0con \u00a0aireaci\u00f3n \u00a0\u00f3ptima para que el ni\u00f1o \u00a0pudiese \u00a0estar \u00a0en \u00a0condiciones de sobrevivir\u201d\u00a0 y que debe tener en forma \u00a0permanente \u00a0la \u00a0ayuda \u00a0de \u00a0aire \u00a0acondicionado \u00a0o \u00a0un abanico, utensilios que no \u00a0pueden \u00a0emplear \u00a0cuando \u00a0la \u00a0empresa \u00a0accionada \u00a0corta el servicio de luz.\u00a0 \u00a0\u00a0<\/p>\n<p>42 \u00a0Folio \u00a019 \u00a0Cuaderno \u00a0de \u00a0la Corte. F\u00f3rmula M\u00e9dica N\u00ba 153537 del 6 de junio de \u00a02008 firmada por el m\u00e9dico I. Stand. \u00a0\u00a0<\/p>\n<p>43 \u00a0Sentencias \u00a0T- \u00a0597 \u00a0de 2001 M.P. Rodrigo Escobar Gil, \u00a0T-974 \u00a0de \u00a02000 \u00a0M.P. \u00a0Jaime \u00a0Araujo Renter\u00eda, T-412 \u00a0\u00a0<\/p>\n<p><\/p>\n","protected":false},"excerpt":{"rendered":"<p>\u00a0 \u00a0 Sentencia T-220-09 \u00a0 (Marzo 27, Bogot\u00e1 DC) \u00a0 Referencia: \u00a0 \u00a0 \u00a0 \u00a0Expediente T-2.111.639 \u00a0\u00a0 Accionante: \u00a0Lina \u00a0Marcela Londo\u00f1o Buitrago en nombre de su menor hijo. \u00a0\u00a0 Accionados: \u00a0Electricaribe S.A. \u00a0\u00a0 Fallos \u00a0 de \u00a0 tutela \u00a0 objeto \u00a0 revisi\u00f3n: \u00a0sentencia \u00a0del \u00a0Juzgado \u00a0Segundo Civil del Circuito de \u00a0Barranquilla \u00a0del 28 de julio [&hellip;]<\/p>\n","protected":false},"author":1,"featured_media":0,"comment_status":"open","ping_status":"open","sticky":false,"template":"","format":"standard","meta":{"footnotes":""},"categories":[79],"tags":[],"class_list":["post-16666","post","type-post","status-publish","format-standard","hentry","category-tutelas-2009"],"_links":{"self":[{"href":"https:\/\/www.dmsjuridica.com\/buscador_20179478954\/corteconstitucionalcronologico202454587\/wp-json\/wp\/v2\/posts\/16666","targetHints":{"allow":["GET"]}}],"collection":[{"href":"https:\/\/www.dmsjuridica.com\/buscador_20179478954\/corteconstitucionalcronologico202454587\/wp-json\/wp\/v2\/posts"}],"about":[{"href":"https:\/\/www.dmsjuridica.com\/buscador_20179478954\/corteconstitucionalcronologico202454587\/wp-json\/wp\/v2\/types\/post"}],"author":[{"embeddable":true,"href":"https:\/\/www.dmsjuridica.com\/buscador_20179478954\/corteconstitucionalcronologico202454587\/wp-json\/wp\/v2\/users\/1"}],"replies":[{"embeddable":true,"href":"https:\/\/www.dmsjuridica.com\/buscador_20179478954\/corteconstitucionalcronologico202454587\/wp-json\/wp\/v2\/comments?post=16666"}],"version-history":[{"count":0,"href":"https:\/\/www.dmsjuridica.com\/buscador_20179478954\/corteconstitucionalcronologico202454587\/wp-json\/wp\/v2\/posts\/16666\/revisions"}],"wp:attachment":[{"href":"https:\/\/www.dmsjuridica.com\/buscador_20179478954\/corteconstitucionalcronologico202454587\/wp-json\/wp\/v2\/media?parent=16666"}],"wp:term":[{"taxonomy":"category","embeddable":true,"href":"https:\/\/www.dmsjuridica.com\/buscador_20179478954\/corteconstitucionalcronologico202454587\/wp-json\/wp\/v2\/categories?post=16666"},{"taxonomy":"post_tag","embeddable":true,"href":"https:\/\/www.dmsjuridica.com\/buscador_20179478954\/corteconstitucionalcronologico202454587\/wp-json\/wp\/v2\/tags?post=16666"}],"curies":[{"name":"wp","href":"https:\/\/api.w.org\/{rel}","templated":true}]}}