{"id":16748,"date":"2024-06-07T20:46:02","date_gmt":"2024-06-07T20:46:02","guid":{"rendered":"https:\/\/www.dmsjuridica.com\/buscador_20179478954\/corteconstitucionalcronologico202454587\/2024\/06\/07\/t-343-09\/"},"modified":"2024-06-07T20:46:02","modified_gmt":"2024-06-07T20:46:02","slug":"t-343-09","status":"publish","type":"post","link":"https:\/\/www.dmsjuridica.com\/buscador_20179478954\/corteconstitucionalcronologico202454587\/t-343-09\/","title":{"rendered":"T-343-09"},"content":{"rendered":"\n<p>\u00a0 \u00a0 Sentencia T-343-09 \u00a0<\/p>\n<p>Referencia: expediente T-2119463 \u00a0<\/p>\n<p>Acci\u00f3n \u00a0de \u00a0tutela instaurada por Zoila Rosa \u00a0Ram\u00edrez Garz\u00f3n contra el municipio de El Castillo. \u00a0\u00a0<\/p>\n<p>Magistrada Ponente: \u00a0<\/p>\n<p>Dra. MAR\u00cdA VICTORIA CALLE CORREA \u00a0<\/p>\n<p>Bogot\u00e1, \u00a0D.C., dieciocho (18) de mayo de dos \u00a0mil nueve (2009). \u00a0\u00a0<\/p>\n<p>La \u00a0Sala \u00a0Segunda \u00a0de \u00a0Revisi\u00f3n \u00a0de la Corte \u00a0Constitucional, \u00a0integrada \u00a0por \u00a0los \u00a0magistrados, Mar\u00eda Victoria Calle Correa, \u00a0Luis \u00a0Ernesto \u00a0Vargas \u00a0Silva \u00a0y Gabriel Eduardo Mendoza Martelo, en ejercicio de \u00a0sus \u00a0 \u00a0competencias \u00a0 \u00a0constitucionales \u00a0 \u00a0y \u00a0 \u00a0legales \u00a0 \u00a0ha \u00a0 \u00a0proferido \u00a0 \u00a0la \u00a0siguiente \u00a0\u00a0<\/p>\n<p>SENTENCIA \u00a0<\/p>\n<p>Que \u00a0pone \u00a0fin al proceso de revisi\u00f3n de los \u00a0fallos \u00a0proferidos \u00a0por \u00a0el Juzgado Promiscuo Municipal de El Castillo, el 12 de \u00a0junio \u00a0de \u00a02008, \u00a0y \u00a0por el Juzgado Promiscuo del Circuito de San Mart\u00edn de los \u00a0Llanos, el 19 de septiembre de 2008. \u00a0\u00a0<\/p>\n<p>\u00a0 \u00a0 \u00a0<\/p>\n<p>I. ANTECEDENTES \u00a0 \u00a0\u00a0<\/p>\n<p>Zoila \u00a0 Rosa \u00a0 Ram\u00edrez \u00a0 Garz\u00f3n, \u00a0persona \u00a0desplazada \u00a0de \u00a067 \u00a0a\u00f1os \u00a0de edad, interpuso acci\u00f3n de tutela de manera verbal \u00a0para \u00a0que \u00a0se \u00a0protegieran \u00a0sus \u00a0derechos \u00a0fundamentales al m\u00ednimo vital y a la \u00a0vivienda \u00a0digna, que considera vulnerados porque el municipio accionado no le ha \u00a0colaborado \u00a0con \u00a0la construcci\u00f3n de su vivienda y no le han entregado todas las \u00a0ayudas \u00a0a \u00a0las que tiene derecho como persona desplazada por la violencia.\u00a0 \u00a0\u00a0<\/p>\n<p>La accionante manifiesta que es desplazada por \u00a0la \u00a0violencia \u00a0y \u00a0vive \u00a0con \u00a0su \u00a0nieta. Afirma que viv\u00eda en una pieza arrendada \u00a0hasta \u00a0que \u00a0la \u00a0propietaria \u00a0de la casa la desaloj\u00f3 por atrasarse en el pago de \u00a0los \u00a0c\u00e1nones \u00a0de \u00a0arrendamiento, \u00a0por \u00a0lo \u00a0que \u00a0solicit\u00f3 \u00a0colaboraci\u00f3n \u00a0a \u00a0la \u00a0alcald\u00eda \u00a0municipal \u00a0para \u00a0construir \u00a0su \u00a0vivienda \u00a0en \u00a0un \u00a0lote \u00a0que le hab\u00eda \u00a0regalado \u00a0el \u00a0exalcalde \u00a0municipal \u00a0por ser desplazada. Asevera que le pidi\u00f3 al \u00a0alcalde \u00a0municipal \u00a0que le regalara balastro para iniciar la construcci\u00f3n de su \u00a0casa, \u00a0por lo que una volqueta fue hasta su lote y deposit\u00f3 el balastro pero no \u00a0lo regaron, por lo que su vivienda se inunda. \u00a0\u00a0<\/p>\n<p>En \u00a0cuanto \u00a0a \u00a0las \u00a0ayudas \u00a0recibidas \u00a0como \u00a0desplazada, \u00a0la actora se\u00f1ala: \u201cSoy desplazada, y yo \u00a0sal\u00ed \u00a0como \u00a0desplazada \u00a0en \u00a0la UAO, y tambi\u00e9n en Acci\u00f3n Social tambi\u00e9n sal\u00ed \u00a0como \u00a0desplazada y desde el a\u00f1o dos mil tres a la fecha he recibido dos remesas \u00a0y \u00a0el \u00a0lote, las tejas y Abei Martinez nos hab\u00eda dicho que ten\u00edamos la suma de \u00a0diez \u00a0millones \u00a0de \u00a0pesos \u00a0para \u00a0cada familia, pero a la fecha no hemos recibido \u00a0nada\u201d.\u00a0 \u00a0\u00a0<\/p>\n<p>Pruebas \u00a0decretadas \u00a0por \u00a0el \u00a0juez de primera \u00a0instancia \u00a0\u00a0<\/p>\n<p>El \u00a0Juez \u00a0Promiscuo \u00a0Municipal de El Castillo \u00a0solicit\u00f3 \u00a0el \u00a0testimonio \u00a0de \u00a0la \u00a0Secretaria de Gobierno Municipal. As\u00ed mismo, \u00a0orden\u00f3 una inspecci\u00f3n judicial al lugar donde reside la actora. \u00a0\u00a0<\/p>\n<p>Diligencia de Inspecci\u00f3n Judicial \u00a0<\/p>\n<p>En \u00a0el \u00a0acta \u00a0de \u00a0la inspecci\u00f3n judicial que \u00a0realiz\u00f3 \u00a0el \u00a0juzgado de primera instancia se se\u00f1ala que el lugar de residencia \u00a0de \u00a0 la \u00a0actora \u00a0\u201cse \u00a0encuentra \u00a0inundado \u00a0en \u00a0pocas \u00a0proporciones, \u00a0la \u00a0casa \u00a0se \u00a0encuentra \u00a0sin \u00a0nomenclatura, con puerta de entrada \u00a0principal \u00a0fabricada \u00a0en \u00a0una hoja de zinc, techo de zinc nuevo, paredes en lona \u00a0verde, \u00a0estructura en guadua , hay servicio de energ\u00eda, encontramos que el piso \u00a0de \u00a0la casa que consta solo de una habitaci\u00f3n, es en tierra, y se encuentra una \u00a0parte \u00a0inundado \u00a0en \u00a0mediana proporci\u00f3n y el resto completamente h\u00famedo (\u2026). \u00a0Se \u00a0observa balastro arrumado por lado y lado de la casa, y sin desag\u00fce, lo que \u00a0genera \u00a0estancamiento \u00a0de \u00a0las \u00a0aguas lluvias (\u2026). No hay unidad sanitaria, al \u00a0preguntarle \u00a0a \u00a0la \u00a0se\u00f1ora \u00a0Zoila Rosa Ram\u00edrez, manifiesta que sus necesidades \u00a0las hace en el monte (\u2026)\u201d. \u00a0\u00a0<\/p>\n<p>Testimonio \u00a0rendido \u00a0por \u00a0la \u00a0Secretaria \u00a0de \u00a0Gobierno \u00a0\u00a0<\/p>\n<p>Jhojanna \u00a0Camacho \u00a0Su\u00e1rez, \u00a0en \u00a0calidad \u00a0de \u00a0Secretaria \u00a0de Gobierno del municipio de El Castillo, se\u00f1al\u00f3 que la accionante \u00a0\u201clleg\u00f3 al despacho para solicitar una colaboraci\u00f3n \u00a0en \u00a0varias \u00a0oportunidades, \u00a0solicitando \u00a0unos \u00a0materiales \u00a0los cuales les fueron \u00a0suministrados, \u00a0para \u00a0colaborarle \u00a0porque \u00a0iba a construir una casita, por parte \u00a0del \u00a0despacho \u00a0se \u00a0le \u00a0colabor\u00f3 con unas puntillas, un alambre, con lo que ella \u00a0solicit\u00f3 \u00a0con eso se le colabor\u00f3, porque el resto ya lo ten\u00eda, ella iba mucho \u00a0a \u00a0la \u00a0alcald\u00eda \u00a0era \u00a0por \u00a0lo \u00a0del \u00a0balastro, \u00a0y eso si no se entend\u00eda conmigo \u00a0directamente, \u00a0porque \u00a0yo \u00a0no doy el manejo de los viajes de la volqueta, eso lo \u00a0maneja \u00a0servicios p\u00fablicos, adem\u00e1s para esos d\u00edas la volqueta no se encuentra \u00a0en \u00a0buen funcionamiento y creo si se le alcanz\u00f3 a llevar un viaje de balastro y \u00a0ella \u00a0no \u00a0volvi\u00f3 \u00a0por \u00a0all\u00e1 \u00a0tampoco, \u00a0hace \u00a0como \u00a0un \u00a0mes \u00a0m\u00e1s \u00a0o \u00a0menos\u201d. \u00a0\u00a0<\/p>\n<p>Al \u00a0pregunt\u00e1rsele \u00a0sobre \u00a0las pol\u00edticas del \u00a0municipio \u00a0para \u00a0atender \u00a0a \u00a0la \u00a0poblaci\u00f3n desplazada, manifest\u00f3: \u201cComo \u00a0pol\u00edticas \u00a0no \u00a0las \u00a0hay, \u00a0pero \u00a0a \u00a0los \u00a0desplazados se les \u00a0atiende, \u00a0 las \u00a0 pol\u00edticas \u00a0 est\u00e1n \u00a0 proyectando \u00a0en \u00a0el \u00a0plan \u00a0de \u00a0desarrollo \u00a0(sic) \u00a0 y \u00a0este \u00a0no \u00a0est\u00e1 \u00a0aprobado todav\u00eda\u201d. \u00a0\u00a0<\/p>\n<p>Sentencia de primera instancia \u00a0<\/p>\n<p>El Juzgado Promiscuo Municipal de El Castillo \u00a0concedi\u00f3 \u00a0el \u00a0amparo \u00a0mediante \u00a0sentencia \u00a0proferida el 12 de junio de 2008. El \u00a0juez \u00a0de \u00a0tutela \u00a0ampar\u00f3 \u00a0los derechos de la accionante a una vivienda digna en \u00a0conexidad \u00a0con el derecho a la vida, pues de las pruebas allegadas al proceso se \u00a0constat\u00f3 \u00a0las \u00a0malas \u00a0condiciones en que viv\u00eda. \u201cSe \u00a0desconoci\u00f3, \u00a0el \u00a0grado \u00a0de \u00a0vulnerabilidad \u00a0de \u00a0la \u00a0mujer \u00a0tutelante, \u00a0no se le \u00a0atendi\u00f3 \u00a0que \u00a0la misma administraci\u00f3n en cabeza del anterior alcalde cedi\u00f3 el \u00a0terreno \u00a0 \u00a0 \u00a0donde \u00a0 \u00a0 \u00a0pretende \u00a0 \u00a0 \u00a0construir \u00a0 \u00a0 su \u00a0 \u00a0 casa \u00a0 \u00a0 (sic), \u00a0hecho \u00a0que \u00a0no \u00a0est\u00e1 \u00a0por \u00a0dem\u00e1s \u00a0decir, \u00a0le \u00a0da \u00a0el sustento jur\u00eddico para interponer la acci\u00f3n impetrada, pues \u00a0le \u00a0da \u00a0viabilidad \u00a0para \u00a0pregonar \u00a0que \u00a0se \u00a0le \u00a0vulnera \u00a0su derecho a tener una \u00a0vivienda \u00a0digna \u00a0de \u00a0un \u00a0ser \u00a0humano. \u00a0Situaci\u00f3n \u00a0que \u00a0ata\u00f1e \u00a0a \u00a0la \u00a0alcald\u00eda \u00a0municipal, \u00a0entidad \u00a0pol\u00edtico \u00a0administrativa \u00a0que \u00a0debe \u00a0atender \u00a0este tipo de \u00a0problemas de la comunidad. \u00a0\u00a0<\/p>\n<p>\u201cTambi\u00e9n \u00a0le \u00a0cabe \u00a0responsabilidad \u00a0por \u00a0desconocer \u00a0quien \u00a0arroj\u00f3 \u00a0ese \u00a0material \u00a0en \u00a0el \u00a0barrio \u00a0Nueva \u00a0Esperanza, \u00a0la \u00a0alcald\u00eda \u00a0debe estar vigilante a lo que sucede en el municipio y debe vigilar a \u00a0las \u00a0 \u00a0 empresas \u00a0 \u00a0 que \u00a0 \u00a0realizan \u00a0 \u00a0obras \u00a0 \u00a0en \u00a0 \u00a0municipio \u00a0 \u00a0(sic), \u00a0pues no se puede convertir esta en \u00a0cargas para la comunidad\u201d. \u00a0\u00a0<\/p>\n<p>En \u00a0 consecuencia, \u00a0 el \u00a0 a-quo \u00a0resolvi\u00f3: \u00a0\u201cOrdenase \u00a0a \u00a0la \u00a0alcald\u00eda \u00a0municipal en cabeza del \u00a0se\u00f1or \u00a0Ancizar \u00a0Moreno \u00c1vila, que dentro de los quince d\u00edas (15) siguientes a \u00a0la \u00a0notificaci\u00f3n, \u00a0disponga lo pertinente y conducente para lo ordenado en esta \u00a0tutela \u00a0 endiente \u00a0 (sic) \u00a0a \u00a0proveer \u00a0lo \u00a0necesario \u00a0para \u00a0una \u00a0vivienda \u00a0digna \u00a0de do\u00f1a Zoila Rosa Ram\u00edrez \u00a0Garz\u00f3n \u00a0y \u00a0manejo \u00a0del \u00a0material que obra alrededor de su predio, conforme a lo \u00a0expuesto en la parte considerativa\u201d. \u00a0\u00a0<\/p>\n<p>Sentencia de segunda instancia \u00a0<\/p>\n<p>El \u00a0Juzgado \u00a0Promiscuo \u00a0de San Mart\u00edn de los \u00a0Llanos, \u00a0mediante \u00a0sentencia \u00a0del \u00a019 de septiembre de 2008 revoc\u00f3 la decisi\u00f3n \u00a0del \u00a0juez de primera instancia, y en su lugar, neg\u00f3 el amparo. Se\u00f1al\u00f3 el juez \u00a0de \u00a0segunda \u00a0instancia \u00a0que \u00a0el \u00a0derecho \u00a0a \u00a0una vivienda digna no es un derecho \u00a0fundamental, \u00a0 por \u00a0lo \u00a0que \u00a0la \u00a0tutela \u00a0resulta \u00a0improcedente, \u00a0pues \u00a0se \u00a0trata \u00a0\u201cde un derecho colectivo que debe ajustarse a la ley \u00a0y \u00a0 a \u00a0 la \u00a0reglamentaci\u00f3n \u00a0que \u00a0de \u00a0ella \u00a0haga \u00a0el \u00a0legislador\u201d. \u00a0\u00a0<\/p>\n<p>Pruebas \u00a0 \u00a0decretadas \u00a0 \u00a0por \u00a0 la \u00a0 Corte \u00a0Constitucional \u00a0\u00a0<\/p>\n<p>Mediante \u00a0Auto \u00a0del \u00a012 \u00a0de \u00a0marzo de 2009 la \u00a0Magistrada sustanciadora solicit\u00f3 a Acci\u00f3n Social: \u00a0\u00a0<\/p>\n<p>\u00a0 \u00a0\u00a0<\/p>\n<p>1. Se\u00f1alar \u00a0 si \u00a0 la \u00a0 accionante, \u00a0 Zoila \u00a0 Rosa \u00a0 Ram\u00edrez \u00a0Garz\u00f3n, \u00a0identificada \u00a0con \u00a0C.C \u00a020.803.781 \u00a0se encuentra incluida en el RUPD. En caso de \u00a0que \u00a0no \u00a0figure en el RUPD, indicar si la se\u00f1ora Ram\u00edrez Garz\u00f3n ha solicitado \u00a0su \u00a0inclusi\u00f3n \u00a0en \u00a0el mismo y las razones que llevaron a Acci\u00f3n Social a negar \u00a0su solicitud. \u00a0 \u00a0\u00a0<\/p>\n<p>\u00a0 \u00a0\u00a0<\/p>\n<p>1. Determinar \u00a0la composici\u00f3n del n\u00facleo familiar de la se\u00f1ora Zoila \u00a0Rosa Ram\u00edrez Garz\u00f3n. \u00a0 \u00a0\u00a0<\/p>\n<p>\u00a0 \u00a0\u00a0<\/p>\n<p>1. Indicar \u00a0qu\u00e9 \u00a0tipo \u00a0de \u00a0ayudas \u00a0le \u00a0ha brindado Acci\u00f3n Social a la \u00a0accionante, \u00a0Zoila Rosa Ram\u00edrez Garz\u00f3n, en su condici\u00f3n de persona desplazada \u00a0por la violencia. \u00a0 \u00a0\u00a0<\/p>\n<p>Mediante \u00a0oficio \u00a0del \u00a02 \u00a0de \u00a0abril de 2009, \u00a0Acci\u00f3n \u00a0Social \u00a0dio \u00a0respuesta \u00a0al \u00a0Auto \u00a0de \u00a0la \u00a0referencia \u00a0y se\u00f1al\u00f3 que la \u00a0accionante \u00a0se \u00a0encontraba inscrita en el RUPD desde el 1 de septiembre de 2003. \u00a0Agreg\u00f3 \u00a0que \u00a0la atenci\u00f3n humanitaria que se la ha prestado a la accionante y a \u00a0su \u00a0n\u00facleo familiar ha consistido en la entrega de 3 kits de higiene y aseo y 3 \u00a0mercados, todos estos elementos entregados en el a\u00f1o 2005. \u00a0\u00a0<\/p>\n<p>De \u00a0igual \u00a0manera \u00a0se\u00f1al\u00f3: \u00a0\u201cTeniendo \u00a0en \u00a0cuenta \u00a0el \u00a0orden \u00a0cronol\u00f3gico establecido para la \u00a0realizaci\u00f3n \u00a0de las entrevistas domiciliarias, a la se\u00f1ora Zoila Rosa Ram\u00edrez \u00a0Garz\u00f3n \u00a0se \u00a0le \u00a0program\u00f3 \u00a0la pr\u00f3rroga de Ayuda Humanitaria, correspondiente a \u00a0tres \u00a0meses \u00a0de \u00a0alimentaci\u00f3n \u00a0y \u00a0tres \u00a0meses \u00a0de alojamiento, esto mientras se \u00a0practica \u00a0el \u00a0procedimiento \u00a0anteriormente \u00a0mencionado, \u00a0el \u00a0cual nos permitir\u00e1 \u00a0evaluar \u00a0las \u00a0circunstancias \u00a0de \u00a0vulnerabilidad \u00a0y \u00a0las \u00a0ayudas \u00a0que \u00a0proceden, \u00a0respetando \u00a0los \u00a0turnos \u00a0de las personas que con anterioridad se programaron\u201d. \u00a0\u00a0<\/p>\n<p>\u00a0 \u00a0 \u00a0<\/p>\n<p>I. CONSIDERACIONES Y \u00a0FUNDAMENTOS \u00a0 \u00a0\u00a0<\/p>\n<p>\u00a0 \u00a0 \u00a0<\/p>\n<p>1. Competencia \u00a0 \u00a0\u00a0<\/p>\n<p>La \u00a0Corte \u00a0Constitucional \u00a0es competente para \u00a0revisar \u00a0la \u00a0decisi\u00f3n \u00a0judicial rese\u00f1ada, de conformidad con lo establecido en \u00a0los \u00a0art\u00edculos \u00a086 \u00a0y 241-9 de la Constituci\u00f3n Pol\u00edtica y 31 a 36 del Decreto \u00a02591 de 1991. \u00a0\u00a0<\/p>\n<p>2. Valoraci\u00f3n constitucional de la situaci\u00f3n \u00a0de \u00a0la \u00a0ciudadana \u00a0Zoila \u00a0Rosa \u00a0Ram\u00edrez \u00a0Garz\u00f3n, \u00a0dentro de la permanencia del \u00a0estado \u00a0 de \u00a0 cosas \u00a0 inconstitucional \u00a0 declarado \u00a0en \u00a0la \u00a0sentencia \u00a0T-025 \u00a0de \u00a02004. \u00a0\u00a0<\/p>\n<p>2.1. \u00a0Las \u00a0afirmaciones \u00a0efectuadas \u00a0por \u00a0la \u00a0ciudadana \u00a0 Zoila \u00a0 Rosa \u00a0 Ram\u00edrez \u00a0Garz\u00f3n \u00a0se \u00a0encuentran \u00a0amparadas \u00a0por \u00a0la \u00a0presunci\u00f3n \u00a0constitucional \u00a0de \u00a0buena fe (art. 83, C.P.), y \u00fanicamente podr\u00e1n \u00a0ser \u00a0desvirtuadas por los funcionarios competentes de Acci\u00f3n Social con base en \u00a0pruebas \u00a0fehacientes \u00a0y \u00a0detalladas \u00a0sobre \u00a0la \u00a0atenci\u00f3n \u00a0que \u00a0ha \u00a0recibido \u00a0la \u00a0peticionaria y las circunstancias socioecon\u00f3micas de su hogar. \u00a0\u00a0<\/p>\n<p>2.2. En el presente caso estamos frente a una \u00a0persona \u00a0que \u00a0adem\u00e1s \u00a0de \u00a0ser \u00a0desplazada \u00a0es \u00a0sujeto \u00a0de \u00a0especial protecci\u00f3n \u00a0constitucional, \u00a0por \u00a0ser de la tercera edad. De acuerdo a las pruebas que obran \u00a0en \u00a0el \u00a0expediente, desde la fecha de su desplazamiento, la peticionaria solo ha \u00a0recibido \u00a0una \u00a0parte \u00a0de \u00a0la \u00a0ayuda \u00a0humanitaria \u00a0de \u00a0emergencia \u00a0a la que tiene \u00a0derecho, \u00a0consistente \u00a0en la entrega de kits de higiene y aseo y mercados. Salvo \u00a0por \u00a0esta \u00a0prestaci\u00f3n, \u00a0la \u00a0accionante \u00a0no \u00a0se \u00a0ha beneficiado efectivamente de \u00a0ninguno \u00a0de \u00a0los \u00a0componentes \u00a0de \u00a0la \u00a0pol\u00edtica \u00a0de \u00a0atenci\u00f3n \u00a0a la poblaci\u00f3n \u00a0desplazada \u00a0por la violencia, lo cual conlleva una violaci\u00f3n de la totalidad de \u00a0sus derechos b\u00e1sicos como v\u00edctima de este crimen. \u00a0\u00a0<\/p>\n<p>2.3. En la sentencia T-025 de 2004, la Corte \u00a0protegi\u00f3 \u00a0los \u00a0derechos de todos los desplazados al declarar un estado de cosas \u00a0inconstitucional \u00a0que \u00a0a\u00fan \u00a0subsiste. \u00a0Sobre \u00a0el derecho a la vivienda digna la \u00a0Corte \u00a0precis\u00f3 \u00a0que \u00e9ste es uno de los derechos constitucionales fundamentales \u00a0que \u00a0resultan \u00a0amenazados \u00a0o \u00a0vulnerados \u00a0por \u00a0las situaciones de desplazamiento \u00a0forzoso, \u00a0\u201cpuesto que las personas en condiciones de \u00a0desplazamiento \u00a0tienen que abandonar sus propios hogares o lugares habituales de \u00a0residencia \u00a0y someterse a condiciones inapropiadas de alojamiento en los lugares \u00a0hacia \u00a0donde se desplazan, cuando pueden conseguirlas y no tienen que vivir a la \u00a0intemperie\u201d. \u00a0 \u00a0 Agreg\u00f3 \u00a0 \u00a0 que \u00a0 \u00a0 \u201cen \u00a0el \u00a0per\u00edodo \u00a01998-2002, los programas en materia de vivienda \u00a0han \u00a0cumplido \u00a0solamente \u00a0el 11.4% de las metas planteadas y se ha satisfecho el \u00a03.7% \u00a0de \u00a0la \u00a0demanda \u00a0potencial. \u00a0Se \u00a0constata que las viviendas construidas no \u00a0cumplen \u00a0 con \u00a0 las \u00a0 condiciones \u00a0m\u00ednimas \u00a0de \u00a0acceso \u00a0a \u00a0servicios \u00a0p\u00fablicos \u00a0domiciliarios, \u00a0ubicaci\u00f3n, \u00a0calidad \u00a0de \u00a0los \u00a0materiales y distribuci\u00f3n de los \u00a0espacios\u201d. \u00a0\u00a0<\/p>\n<p>De \u00a0otro parte, en la sentencia anteriormente \u00a0citada \u00a0se dijo sobre la ayuda humanitaria de emergencia que \u00e9sta constituye el \u00a0principal \u00a0medio \u00a0para \u00a0la \u00a0satisfacci\u00f3n \u00a0del \u00a0derecho \u00a0al m\u00ednimo vital de las \u00a0personas desplazadas, y se efectuaron las precisiones siguientes: \u00a0\u00a0<\/p>\n<p>\u201cEn \u00a0cuanto \u00a0a \u00a0la \u00a0ayuda \u00a0humanitaria \u00a0de \u00a0emergencia, \u00a0debe \u00a0precisar \u00a0la Corte que la duraci\u00f3n de la obligaci\u00f3n estatal \u00a0m\u00ednima \u00a0de \u00a0proveer \u00a0ayuda \u00a0humanitaria \u00a0de emergencia es, en principio, la que \u00a0se\u00f1ala \u00a0la \u00a0ley: \u00a0tres \u00a0meses, \u00a0prorrogables \u00a0hasta \u00a0por \u00a0otros tres meses para \u00a0ciertos \u00a0sujetos. \u00a0Considera \u00a0la Sala que este plazo fijado por el legislador no \u00a0es \u00a0manifiestamente \u00a0irrazonable, \u00a0si \u00a0se tiene en cuenta que (a) fija una regla \u00a0clara \u00a0con \u00a0base en la cual la persona desplazada puede planificar a corto plazo \u00a0y \u00a0tomar decisiones aut\u00f3nomas de auto &#8211; organizaci\u00f3n que le permitan acceder a \u00a0posibilidades \u00a0razonables \u00a0de subsistencia aut\u00f3noma sin estar apremiada por las \u00a0necesidades \u00a0inmediatas \u00a0de \u00a0subsistencia; \u00a0y \u00a0(b) \u00a0otorga \u00a0al \u00a0Estado \u00a0un plazo \u00a0igualmente \u00a0razonable \u00a0para \u00a0que dise\u00f1e los programas espec\u00edficos que sean del \u00a0caso \u00a0 para \u00a0 satisfacer \u00a0 sus \u00a0 obligaciones \u00a0 en \u00a0materia \u00a0de \u00a0ayuda \u00a0para \u00a0la \u00a0estabilizaci\u00f3n \u00a0 \u00a0 socioecon\u00f3mica \u00a0 \u00a0 de \u00a0 \u00a0los \u00a0 \u00a0desplazados \u00a0 \u00a0\u2013es \u00a0decir, \u00a0le \u00a0otorga \u00a0al \u00a0Estado \u00a0un \u00a0t\u00e9rmino \u00a0justo \u00a0para programar una respuesta razonable en materia de ayuda para \u00a0la \u00a0 \u00a0autosubsistencia \u00a0 \u00a0del \u00a0 \u00a0desplazado \u00a0 \u00a0y \u00a0 \u00a0su \u00a0 \u00a0familia \u00a0 \u2011. \u00a0\u00a0<\/p>\n<p>Ahora bien, dado que el plazo se\u00f1alado en la \u00a0ley \u00a0obedece \u00a0principalmente a las dos razones indicadas, debe la Corte precisar \u00a0que \u00a0existen \u00a0dos \u00a0tipos \u00a0de \u00a0personas \u00a0desplazadas \u00a0que, \u00a0por \u00a0sus \u00a0condiciones \u00a0particulares, \u00a0son \u00a0titulares \u00a0de un derecho m\u00ednimo a recibir ayuda humanitaria \u00a0de \u00a0emergencia durante un per\u00edodo de tiempo mayor al que fij\u00f3 la ley: se trata \u00a0de \u00a0(a) \u00a0quienes \u00a0est\u00e9n en situaci\u00f3n de urgencia extraordinaria, y (b) quienes \u00a0no \u00a0est\u00e9n \u00a0en \u00a0condiciones \u00a0de \u00a0asumir \u00a0su \u00a0autosostenimiento \u00a0a \u00a0trav\u00e9s de un \u00a0proyecto \u00a0de \u00a0estabilizaci\u00f3n o restablecimiento socio econ\u00f3mica,\u00a0 como es \u00a0el \u00a0caso \u00a0de \u00a0los \u00a0ni\u00f1os \u00a0que no tengan acudientes y las personas de la tercera \u00a0edad \u00a0quienes \u00a0por \u00a0raz\u00f3n \u00a0de su avanzada edad o de sus condiciones de salud no \u00a0est\u00e1n \u00a0en \u00a0capacidad \u00a0de \u00a0generar ingresos; o las mujeres cabeza de familia que \u00a0deban \u00a0dedicar \u00a0todo \u00a0su \u00a0tiempo y esfuerzos a cuidar a ni\u00f1os menores o adultos \u00a0mayores \u00a0bajo su responsabilidad. En estos dos tipos de situaci\u00f3n, se justifica \u00a0que \u00a0el \u00a0Estado \u00a0contin\u00fae \u00a0proveyendo \u00a0la \u00a0ayuda \u00a0humanitaria requerida para la \u00a0subsistencia \u00a0 digna \u00a0 de \u00a0los \u00a0afectados, \u00a0hasta \u00a0el \u00a0momento \u00a0en \u00a0el \u00a0cual \u00a0la \u00a0circunstancia \u00a0 \u00a0 en \u00a0 \u00a0 cuesti\u00f3n \u00a0 \u00a0 se \u00a0 \u00a0 haya \u00a0 \u00a0 superado \u00a0 \u00a0 \u2013es \u00a0 decir, \u00a0hasta \u00a0que \u00a0la \u00a0urgencia \u00a0extraordinaria \u00a0 haya \u00a0cesado, \u00a0o \u00a0hasta \u00a0que \u00a0los \u00a0sujetos \u00a0que \u00a0no \u00a0est\u00e9n \u00a0en \u00a0posibilidad \u00a0de \u00a0cubrir \u00a0su \u00a0propio sustento adquieran las condiciones para ello \u00a0\u2013\u201c. \u00a0\u00a0<\/p>\n<p>Posteriormente, en la sentencia C-287 de 2007 \u00a0y \u00a0siguiendo \u00a0esta \u00a0misma l\u00ednea, la Corte declar\u00f3 inexequible que la pr\u00f3rroga \u00a0de \u00a0la \u00a0Ayuda \u00a0Humanitaria \u00a0de \u00a0Emergencia \u00a0estuviera \u00a0supeditada \u00a0a un criterio \u00a0temporal, \u00a0y \u00a0concluy\u00f3 \u00a0que \u00a0la \u00a0Ayuda Humanitaria de Emergencia debe continuar \u00a0hasta \u00a0que las necesidades sean superadas por la persona o el hogar en virtud de \u00a0su ingreso a la etapa de estabilizaci\u00f3n socioecon\u00f3mica. \u00a0\u00a0<\/p>\n<p>2.4. \u00a0La \u00a0peticionaria \u00a0ha recibido de manera \u00a0fragmentada \u00a0algunos \u00a0de \u00a0los \u00a0componentes de la Ayuda Humanitaria de Emergencia \u00a0prevista \u00a0en \u00a0la \u00a0ley, \u00a0y \u00a0en \u00a0forma dispersa a lo largo del tiempo, lo cual (a) \u00a0desnaturaliza \u00a0la \u00a0provisi\u00f3n \u00a0de \u00a0este componente del sistema de atenci\u00f3n a la \u00a0poblaci\u00f3n \u00a0desplazada, \u00a0puesto \u00a0que no llega efectivamente a entregarse durante \u00a0la \u00a0etapa \u00a0de \u00a0emergencia, \u00a0y \u00a0su \u00a0entrega \u00a0parcial \u00a0y tard\u00eda equivale a paliar \u00a0espor\u00e1dicamente \u00a0 necesidades \u00a0 b\u00e1sicas \u00a0insatisfechas; \u00a0y \u00a0(b) \u00a0contribuye \u00a0a \u00a0perpetuar \u00a0la \u00a0etapa \u00a0de \u00a0emergencia del desplazamiento, puesto que la ciudadana \u00a0actualmente \u00a0se encuentra, junto con su n\u00facleo familiar, en condiciones de vida \u00a0violatorias de su derecho al m\u00ednimo vital. \u00a0\u00a0<\/p>\n<p>2.5. La petici\u00f3n presentada por la ciudadana \u00a0Zoila \u00a0Rosa \u00a0Ram\u00edrez \u00a0Garz\u00f3n \u00a0indica \u00a0que \u00a0ha \u00a0sido \u00a0afectada por nueve de las \u00a0facetas \u00a0de \u00a0g\u00e9nero \u00a0del desplazamiento identificadas en el Auto 092 de 2008, a \u00a0saber: \u00a0(i) \u00a0la \u00a0asunci\u00f3n \u00a0del \u00a0rol \u00a0de \u00a0jefatura \u00a0de \u00a0hogar \u00a0femenina \u00a0sin las \u00a0condiciones \u00a0de \u00a0subsistencia \u00a0material \u00a0m\u00ednimas requeridas por el principio de \u00a0dignidad \u00a0humana, \u00a0con \u00a0especiales \u00a0complicaciones\u00a0por \u00a0tratarse \u00a0de \u00a0una mujer \u00a0adulta \u00a0mayor; \u00a0(ii) \u00a0obst\u00e1culos \u00a0agravados \u00a0en el acceso al sistema educativo; \u00a0(iii) \u00a0obst\u00e1culos \u00a0agravados \u00a0en \u00a0la \u00a0inserci\u00f3n \u00a0al sistema econ\u00f3mico y en el \u00a0acceso \u00a0a \u00a0oportunidades laborales y productivas; (iv) el riesgo consiguiente de \u00a0explotaci\u00f3n \u00a0dom\u00e9stica \u00a0y laboral; (v) obst\u00e1culos agravados en el acceso a la \u00a0propiedad \u00a0de \u00a0la \u00a0tierra \u00a0y en la protecci\u00f3n de su patrimonio hacia el futuro, \u00a0especialmente \u00a0en \u00a0los planes de retorno y reubicaci\u00f3n; (vi) el desconocimiento \u00a0frontal \u00a0de \u00a0sus \u00a0derechos \u00a0como v\u00edctima del conflicto armado a la justicia, la \u00a0verdad, \u00a0la reparaci\u00f3n y la garant\u00eda de no repetici\u00f3n, en particular respecto \u00a0de \u00a0los \u00a0delitos que causaron su desplazamiento, el desplazamiento en s\u00ed mismo, \u00a0y \u00a0la \u00a0p\u00e9rdida \u00a0del \u00a0patrimonio \u00a0que \u00a0tuvo \u00a0que \u00a0dejar \u00a0abandonado; \u00a0(vii) \u00a0sus \u00a0requerimientos \u00a0de \u00a0atenci\u00f3n \u00a0y \u00a0acompa\u00f1amiento \u00a0psicosocial; \u00a0(viii) una alta \u00a0frecuencia \u00a0de funcionarios no capacitados o abiertamente hostiles e insensibles \u00a0a \u00a0su \u00a0situaci\u00f3n; \u00a0y \u00a0(ix) la reticencia estructural del sistema de atenci\u00f3n a \u00a0otorgarle \u00a0la \u00a0Atenci\u00f3n \u00a0Humanitaria \u00a0de \u00a0Emergencia \u00a0completa \u00a0y su respectiva \u00a0pr\u00f3rroga, \u00a0a \u00a0pesar de que llena las condiciones para recibirla. En esa medida, \u00a0la \u00a0ciudadana \u00a0Zoila \u00a0Rosa \u00a0Ram\u00edrez \u00a0Garz\u00f3n \u00a0ha sido v\u00edctima de vulneraciones \u00a0continuas \u00a0de \u00a0sus \u00a0derechos fundamentales al m\u00ednimo vital, a la igualdad, a la \u00a0educaci\u00f3n, \u00a0a \u00a0la \u00a0vivienda \u00a0digna, al trabajo en condiciones dignas y justas y \u00a0sus \u00a0derechos \u00a0como \u00a0v\u00edctima \u00a0del \u00a0conflicto \u00a0armado, as\u00ed como sus derechos de \u00a0acceso \u00a0 \u00a0al \u00a0 \u00a0sistema \u00a0 \u00a0oficial \u00a0 \u00a0de \u00a0 \u00a0protecci\u00f3n \u00a0 \u00a0en \u00a0 \u00a0tanto \u00a0 persona \u00a0desplazada. \u00a0\u00a0<\/p>\n<p>3. Medidas a adoptar \u00a0<\/p>\n<p>Para \u00a0proteger \u00a0los derechos fundamentales de \u00a0Zoila \u00a0Rosa Ram\u00edrez Garz\u00f3n al m\u00ednimo vital, a la igualdad, a la educaci\u00f3n, a \u00a0la \u00a0vivienda \u00a0digna \u00a0y \u00a0al trabajo en condiciones dignas y justas y sus derechos \u00a0como \u00a0v\u00edctima del conflicto armado, as\u00ed como sus derechos de acceso al sistema \u00a0oficial \u00a0de \u00a0protecci\u00f3n \u00a0en \u00a0tanto \u00a0persona \u00a0desplazada \u00a0y \u00a0los derechos de los \u00a0menores \u00a0 de \u00a0 edad \u00a0 que \u00a0 forman \u00a0parte \u00a0de \u00a0su \u00a0n\u00facleo \u00a0familiar, \u00a0la \u00a0Corte \u00a0Constitucional \u00a0ordenar\u00e1 \u00a0que \u00a0se \u00a0adopten \u00a0respecto \u00a0de \u00a0ella \u00a0las \u00a0siguientes \u00a0medidas: \u00a0\u00a0<\/p>\n<p>3.1. \u00a0Se \u00a0ordenar\u00e1 \u00a0al \u00a0Director \u00a0de Acci\u00f3n \u00a0Social \u00a0que, independientemente de los elementos que ya \u00a0hayan \u00a0sido \u00a0provistos, \u00a0garantice que se haga a Zoila \u00a0Rosa \u00a0Ram\u00edrez Garz\u00f3n una entrega completa \u00a0de los componentes de la Ayuda Humanitaria de Emergencia previstos \u00a0en \u00a0 la \u00a0 ley \u00a0\u2013a \u00a0saber: \u00a0alimentaci\u00f3n \u00a0b\u00e1sica, \u00a0apoyo \u00a0para \u00a0alojamiento, \u00a0implementos \u00a0de habitaci\u00f3n, \u00a0cocina \u00a0y \u00a0aseo \u00a0y \u00a0vestuario \u00a0adecuado-, \u00a0en cantidad y calidad suficiente para \u00a0suplir \u00a0temporalmente \u00a0las \u00a0necesidades \u00a0de \u00a0ella y de su familia, a m\u00e1s tardar \u00a0dentro \u00a0de \u00a0los quince (15) d\u00edas calendario siguientes a la comunicaci\u00f3n de la \u00a0presente providencia. \u00a0\u00a0<\/p>\n<p>3.2. \u00a0Se \u00a0ordenar\u00e1 \u00a0al \u00a0Director \u00a0de Acci\u00f3n \u00a0Social \u00a0que \u00a0aplique, en relaci\u00f3n con la ciudadana Zoila Rosa Ram\u00edrez Garz\u00f3n, \u00a0la \u00a0presunci\u00f3n \u00a0constitucional de pr\u00f3rroga autom\u00e1tica de la Ayuda Humanitaria \u00a0de \u00a0Emergencia \u00a0delimitada \u00a0en \u00a0cuanto \u00a0a \u00a0su \u00a0alcance preciso en el Auto 092 de \u00a02008. \u00a0\u00a0<\/p>\n<p>3.3. \u00a0Se \u00a0ordenar\u00e1 \u00a0al \u00a0Director \u00a0de Acci\u00f3n \u00a0Social \u00a0que adopte las medidas necesarias para garantizar que la ciudadana Zoila \u00a0Rosa \u00a0 Ram\u00edrez \u00a0Garz\u00f3n \u00a0sea \u00a0inscrita \u00a0como \u00a0beneficiaria \u00a0de \u00a0los \u00a0siguientes \u00a0programas \u00a0que \u00a0se \u00a0ordena dise\u00f1ar y crear en el Auto 092 de 2008, en cada caso \u00a0dentro \u00a0del t\u00e9rmino m\u00e1ximo de un (1) mes a partir de la fecha en que se inicie \u00a0la ejecuci\u00f3n del programa respectivo: \u00a0\u00a0<\/p>\n<p>3.3.1. \u00a0El \u00a0programa \u00a0de \u00a0apoyo a las mujeres \u00a0desplazadas \u00a0 que \u00a0 son \u00a0 jefes \u00a0de \u00a0hogar \u00a0y \u00a0de \u00a0facilitaci\u00f3n \u00a0del \u00a0acceso \u00a0a \u00a0oportunidades laborales y productivas. \u00a0\u00a0<\/p>\n<p>3.3.2. El programa de apoyo educativo para las \u00a0mujeres desplazadas mayores de 15 a\u00f1os. \u00a0\u00a0<\/p>\n<p>3.3.3. El programa de facilitaci\u00f3n de acceso \u00a0a la propiedad de la tierra por las mujeres desplazadas. \u00a0\u00a0<\/p>\n<p>3.3.4. \u00a0El \u00a0programa \u00a0de \u00a0garant\u00eda \u00a0de \u00a0los \u00a0derechos \u00a0 de \u00a0 las \u00a0 mujeres \u00a0 desplazadas \u00a0 como \u00a0 v\u00edctimas \u00a0 del \u00a0 conflicto \u00a0armado. \u00a0\u00a0<\/p>\n<p>3.3.5. \u00a0 El \u00a0 programa \u00a0de \u00a0acompa\u00f1amiento \u00a0psicosocial para mujeres desplazadas. \u00a0\u00a0<\/p>\n<p>3.3.6. \u00a0El \u00a0programa \u00a0de \u00a0eliminaci\u00f3n de las \u00a0barreras \u00a0 \u00a0de \u00a0 \u00a0acceso \u00a0 al \u00a0 sistema \u00a0 de \u00a0 protecci\u00f3n \u00a0 por \u00a0 las \u00a0 mujeres \u00a0desplazadas. \u00a0\u00a0<\/p>\n<p>3.4. \u00a0El \u00a0Director \u00a0de \u00a0Acci\u00f3n \u00a0Social, para \u00a0cumplir \u00a0con \u00a0las \u00a0\u00f3rdenes de protecci\u00f3n de los derechos de la ciudadana Zoila \u00a0Rosa \u00a0Ram\u00edrez \u00a0Garz\u00f3n, \u00a0puede \u00a0hacer \u00a0uso \u00a0de \u00a0los \u00a0procedimientos ordinarios, \u00a0especiales, \u00a0extraordinarios \u00a0o \u00a0de urgencia a los que considere que haya lugar, \u00a0especialmente \u00a0en cuanto a las actividades de coordinaci\u00f3n interinstitucional y \u00a0de acompa\u00f1amiento pertinentes. \u00a0\u00a0<\/p>\n<p>III. DECISION \u00a0<\/p>\n<p>En m\u00e9rito de lo anterior, la Sala Segunda de \u00a0Revisi\u00f3n \u00a0de \u00a0la \u00a0Corte \u00a0Constitucional, \u00a0administrando \u00a0justicia en nombre del \u00a0pueblo y por mandato de la Constituci\u00f3n, \u00a0\u00a0<\/p>\n<p>RESUELVE \u00a0<\/p>\n<p>Primero.- LEVANTAR la \u00a0suspensi\u00f3n del t\u00e9rmino decretada para decidir el presente asunto. \u00a0\u00a0<\/p>\n<p>Segundo.- REVOCAR las \u00a0sentencias \u00a0 \u00a0proferidas \u00a0 \u00a0por \u00a0 \u00a0el \u00a0 Juzgado \u00a0Promiscuo Municipal de El Castillo, el 12 de junio de 2008, \u00a0y \u00a0por el Juzgado Promiscuo de San Mart\u00edn de los Llanos, el 19 de septiembre de \u00a02008, \u00a0 y \u00a0 en \u00a0 su \u00a0 lugar \u00a0 CONCEDER \u00a0 la \u00a0 tutela \u00a0 interpuesta \u00a0 por \u00a0 la \u00a0se\u00f1ora \u00a0Zoila \u00a0Rosa \u00a0Ram\u00edrez \u00a0Garz\u00f3n. \u00a0\u00a0<\/p>\n<p>Tercero.- \u00a0 Se \u00a0ORDENA al Director de Acci\u00f3n \u00a0Social \u00a0que, independientemente de los elementos que ya \u00a0hayan \u00a0sido \u00a0provistos, \u00a0garantice que se haga a Zoila \u00a0Rosa \u00a0Ram\u00edrez Garz\u00f3n una entrega completa \u00a0de los componentes de la Ayuda Humanitaria de Emergencia previstos \u00a0en \u00a0 la \u00a0 ley \u00a0\u2013a \u00a0saber: \u00a0alimentaci\u00f3n \u00a0b\u00e1sica, \u00a0apoyo \u00a0para \u00a0alojamiento, \u00a0implementos \u00a0de habitaci\u00f3n, \u00a0cocina \u00a0y \u00a0aseo \u00a0y \u00a0vestuario \u00a0adecuado-, \u00a0en cantidad y calidad suficiente para \u00a0suplir \u00a0temporalmente \u00a0las \u00a0necesidades \u00a0de \u00a0ella y de su familia, a m\u00e1s tardar \u00a0dentro \u00a0de \u00a0los quince (15) d\u00edas calendario siguientes a la comunicaci\u00f3n de la \u00a0presente providencia. \u00a0\u00a0<\/p>\n<p>Cuarto.- \u00a0 Se \u00a0ORDENA al Director de Acci\u00f3n \u00a0Social \u00a0que \u00a0aplique, en relaci\u00f3n con la ciudadana Zoila Rosa Ram\u00edrez Garz\u00f3n, \u00a0la \u00a0presunci\u00f3n \u00a0constitucional de pr\u00f3rroga autom\u00e1tica de la Ayuda Humanitaria \u00a0de \u00a0Emergencia \u00a0delimitada \u00a0en \u00a0cuanto \u00a0a \u00a0su \u00a0alcance preciso en el Auto 092 de \u00a02008. \u00a0\u00a0<\/p>\n<p>Quinto.- \u00a0 Se \u00a0ORDENA al Director de Acci\u00f3n \u00a0Social \u00a0que adopte las medidas necesarias para garantizar que la ciudadana Zoila \u00a0Rosa \u00a0 Ram\u00edrez \u00a0Garz\u00f3n \u00a0sea \u00a0inscrita \u00a0como \u00a0beneficiaria \u00a0de \u00a0los \u00a0siguientes \u00a0programas \u00a0que \u00a0se \u00a0ordena dise\u00f1ar y crear en el Auto 092 de 2008, en cada caso \u00a0dentro \u00a0del t\u00e9rmino m\u00e1ximo de un (1) mes a partir de la fecha en que se inicie \u00a0la ejecuci\u00f3n del programa respectivo: \u00a0\u00a0<\/p>\n<p>3.1. \u00a0El \u00a0programa \u00a0de \u00a0apoyo \u00a0a \u00a0las mujeres \u00a0desplazadas \u00a0 que \u00a0 son \u00a0 jefes \u00a0de \u00a0hogar \u00a0y \u00a0de \u00a0facilitaci\u00f3n \u00a0del \u00a0acceso \u00a0a \u00a0oportunidades laborales y productivas. \u00a0\u00a0<\/p>\n<p>3.2. \u00a0El programa de apoyo educativo para las \u00a0mujeres desplazadas mayores de 15 a\u00f1os. \u00a0\u00a0<\/p>\n<p>3.3. El programa de facilitaci\u00f3n de acceso a \u00a0la propiedad de la tierra por las mujeres desplazadas. \u00a0\u00a0<\/p>\n<p>3.4. El programa de garant\u00eda de los derechos \u00a0de las mujeres desplazadas como v\u00edctimas del conflicto armado. \u00a0\u00a0<\/p>\n<p>3.5. \u00a0 El \u00a0 programa \u00a0 de \u00a0 acompa\u00f1amiento \u00a0psicosocial para mujeres desplazadas. \u00a0\u00a0<\/p>\n<p>3.6. \u00a0El \u00a0programa \u00a0de \u00a0eliminaci\u00f3n \u00a0de \u00a0las \u00a0barreras \u00a0 \u00a0de \u00a0 \u00a0acceso \u00a0 al \u00a0 sistema \u00a0 de \u00a0 protecci\u00f3n \u00a0 por \u00a0 las \u00a0 mujeres \u00a0desplazadas. \u00a0\u00a0<\/p>\n<p>C\u00f3piese, \u00a0 notif\u00edquese, \u00a0 comun\u00edquese, \u00a0publ\u00edquese en la Gaceta de la Corte Constitucional y c\u00famplase. \u00a0\u00a0<\/p>\n<p>MARIA \u00a0VICTORIA \u00a0CALLE \u00a0CORREA \u00a0\u00a0<\/p>\n<p>Magistrada \u00a0<\/p>\n<p>GABRIEL \u00a0EDUARDO MENDOZA \u00a0MARTELO \u00a0\u00a0<\/p>\n<p>LUIS \u00a0ERNESTO \u00a0VARGAS \u00a0SILVA \u00a0\u00a0<\/p>\n<p>Magistrado \u00a0<\/p>\n<p>MARTHA \u00a0VICTORIA SACHICA \u00a0MENDEZ \u00a0\u00a0<\/p>\n<p>Secretaria General \u00a0<\/p>\n<p>\u00a0 \u00a0\u00a0<\/p>\n<p><\/p>\n","protected":false},"excerpt":{"rendered":"<p>\u00a0 \u00a0 Sentencia T-343-09 \u00a0 Referencia: expediente T-2119463 \u00a0 Acci\u00f3n \u00a0de \u00a0tutela instaurada por Zoila Rosa \u00a0Ram\u00edrez Garz\u00f3n contra el municipio de El Castillo. \u00a0\u00a0 Magistrada Ponente: \u00a0 Dra. MAR\u00cdA VICTORIA CALLE CORREA \u00a0 Bogot\u00e1, \u00a0D.C., dieciocho (18) de mayo de dos \u00a0mil nueve (2009). \u00a0\u00a0 La \u00a0Sala \u00a0Segunda \u00a0de \u00a0Revisi\u00f3n \u00a0de la Corte \u00a0Constitucional, [&hellip;]<\/p>\n","protected":false},"author":1,"featured_media":0,"comment_status":"open","ping_status":"open","sticky":false,"template":"","format":"standard","meta":{"footnotes":""},"categories":[79],"tags":[],"class_list":["post-16748","post","type-post","status-publish","format-standard","hentry","category-tutelas-2009"],"_links":{"self":[{"href":"https:\/\/www.dmsjuridica.com\/buscador_20179478954\/corteconstitucionalcronologico202454587\/wp-json\/wp\/v2\/posts\/16748","targetHints":{"allow":["GET"]}}],"collection":[{"href":"https:\/\/www.dmsjuridica.com\/buscador_20179478954\/corteconstitucionalcronologico202454587\/wp-json\/wp\/v2\/posts"}],"about":[{"href":"https:\/\/www.dmsjuridica.com\/buscador_20179478954\/corteconstitucionalcronologico202454587\/wp-json\/wp\/v2\/types\/post"}],"author":[{"embeddable":true,"href":"https:\/\/www.dmsjuridica.com\/buscador_20179478954\/corteconstitucionalcronologico202454587\/wp-json\/wp\/v2\/users\/1"}],"replies":[{"embeddable":true,"href":"https:\/\/www.dmsjuridica.com\/buscador_20179478954\/corteconstitucionalcronologico202454587\/wp-json\/wp\/v2\/comments?post=16748"}],"version-history":[{"count":0,"href":"https:\/\/www.dmsjuridica.com\/buscador_20179478954\/corteconstitucionalcronologico202454587\/wp-json\/wp\/v2\/posts\/16748\/revisions"}],"wp:attachment":[{"href":"https:\/\/www.dmsjuridica.com\/buscador_20179478954\/corteconstitucionalcronologico202454587\/wp-json\/wp\/v2\/media?parent=16748"}],"wp:term":[{"taxonomy":"category","embeddable":true,"href":"https:\/\/www.dmsjuridica.com\/buscador_20179478954\/corteconstitucionalcronologico202454587\/wp-json\/wp\/v2\/categories?post=16748"},{"taxonomy":"post_tag","embeddable":true,"href":"https:\/\/www.dmsjuridica.com\/buscador_20179478954\/corteconstitucionalcronologico202454587\/wp-json\/wp\/v2\/tags?post=16748"}],"curies":[{"name":"wp","href":"https:\/\/api.w.org\/{rel}","templated":true}]}}