{"id":16764,"date":"2024-06-07T20:46:03","date_gmt":"2024-06-07T20:46:03","guid":{"rendered":"https:\/\/www.dmsjuridica.com\/buscador_20179478954\/corteconstitucionalcronologico202454587\/2024\/06\/07\/t-367-09\/"},"modified":"2024-06-07T20:46:03","modified_gmt":"2024-06-07T20:46:03","slug":"t-367-09","status":"publish","type":"post","link":"https:\/\/www.dmsjuridica.com\/buscador_20179478954\/corteconstitucionalcronologico202454587\/t-367-09\/","title":{"rendered":"T-367-09"},"content":{"rendered":"\n<p>\u00a0 \u00a0 Sentencia \u00a0T-367-09 \u00a0\u00a0<\/p>\n<p>Referencia: expediente T-2141228 \u00a0<\/p>\n<p>Acci\u00f3n \u00a0de \u00a0tutela \u00a0instaurada por el se\u00f1or \u00a0Rafael \u00a0Calixto \u00a0Escalona \u00a0Mart\u00ednez contra la sociedad Editora Internacional de \u00a0M\u00fasica Ltda- EDIMUSICA-. \u00a0\u00a0<\/p>\n<p>Magistrado Ponente: \u00a0<\/p>\n<p>Dr. JORGE IV\u00c1N PALACIO PALACIO \u00a0<\/p>\n<p>Bogot\u00e1, D.C.,\u00a0 veintis\u00e9is (26) de mayo \u00a0de dos mil nueve (2009). \u00a0\u00a0<\/p>\n<p>La \u00a0Sala \u00a0Novena \u00a0de \u00a0Revisi\u00f3n \u00a0de la Corte \u00a0Constitucional, \u00a0integrada por los Magistrados JORGE IV\u00c1N PALACIO PALACIO, JUAN \u00a0CARLOS \u00a0HENAO \u00a0P\u00c9REZ \u00a0y \u00a0MAR\u00cdA \u00a0VICTORIA \u00a0CALLE \u00a0CORREA, \u00a0en \u00a0ejercicio de sus \u00a0competencias \u00a0constitucionales \u00a0y \u00a0legales, \u00a0en \u00a0especial las que le confiere el \u00a0decreto 2591 de 1991, profiere la siguiente: \u00a0\u00a0<\/p>\n<p>SENTENCIA \u00a0<\/p>\n<p>Dentro del proceso de revisi\u00f3n de los fallos \u00a0proferidos \u00a0por \u00a0el \u00a0Juzgado \u00a0Diecis\u00e9is Penal Municipal de Bogot\u00e1 y el Juzgado \u00a0Cuarenta \u00a0y \u00a0Uno \u00a0Penal \u00a0del Circuito de Bogot\u00e1, en relaci\u00f3n con la acci\u00f3n de \u00a0tutela \u00a0instaurada \u00a0por \u00a0Rafael \u00a0Calixto \u00a0Escalona \u00a0Mart\u00ednez \u00a0en \u00a0contra \u00a0de la \u00a0sociedad \u00a0 \u00a0 \u00a0 Editora \u00a0 \u00a0 \u00a0Internacional \u00a0 \u00a0 \u00a0de \u00a0 \u00a0 \u00a0M\u00fasica \u00a0 \u00a0 \u00a0\u2013EDIMUSICA- Ltda. \u00a0\u00a0<\/p>\n<p>I. ANTECEDENTES \u00a0<\/p>\n<p>Mediante escrito presentado el 29 de julio de \u00a02008, \u00a0el \u00a0actor \u00a0interpuso acci\u00f3n de tutela a fin de que fueran protegidos sus \u00a0derechos \u00a0fundamentales \u00a0a la seguridad social y al m\u00ednimo vital, presuntamente \u00a0vulnerados \u00a0por \u00a0la \u00a0sociedad \u00a0Editora \u00a0Internacional \u00a0de \u00a0M\u00fasica \u00a0\u2013EDIMUSICA LTDA-.\u00a0 Como sustento de \u00a0su solicitud de amparo invoc\u00f3 los siguientes: \u00a0\u00a0<\/p>\n<p>1. Hechos y pretensiones. \u00a0<\/p>\n<p>Manifest\u00f3 \u00a0que \u00a0el 02 de septiembre de 1991 \u00a0firm\u00f3 \u00a0 un \u00a0 contrato \u00a0 con \u00a0 la \u00a0sociedad \u00a0Editora \u00a0Internacional \u00a0de \u00a0M\u00fasica \u00a0\u2013EDIMUSICA \u00a0LTDA.-, \u00a0cuyo \u00a0objeto \u00a0era \u00a0la \u00a0administraci\u00f3n editorial de sus obras musicales, comprendiendo \u00a0la \u00a0divulgaci\u00f3n, \u00a0utilizaci\u00f3n, \u00a0publicaci\u00f3n, \u00a0inclusi\u00f3n \u00a0en fonogramas, as\u00ed \u00a0como \u00a0el \u00a0cobro \u00a0de \u00a0derechos \u00a0producidos con ocasi\u00f3n de la explotaci\u00f3n de las \u00a0obras relacionadas expresamente en ese negocio jur\u00eddico. \u00a0\u00a0<\/p>\n<p>Indic\u00f3 \u00a0 que \u00a0 la \u00a0 cesi\u00f3n \u00a0de \u00a0derechos \u00a0patrimoniales \u00a0de \u00a0autor \u00a0en \u00a0aquella \u00a0oportunidad, \u00a0se \u00a0dio \u00a0en \u00a0los siguientes \u00a0t\u00e9rminos: \u00a0\u00a0<\/p>\n<p>\u201cEl AUTOR cede y transfiere a EDIMUSICA los \u00a0derechos \u00a0patrimoniales \u00a0que \u00a0le \u00a0reconoce el derecho autoral, sustituyendo a EL \u00a0AUTOR \u00a0para \u00a0autorizar o prohibir en Colombia y en el Exterior, la reproducci\u00f3n \u00a0de \u00a0las \u00a0obras \u00a0por \u00a0cualquier medio o proceso conocido o por conocerse, incluso \u00a0las \u00a0 adaptaciones, \u00a0 traducciones, \u00a0 orquestaciones, \u00a0arreglos \u00a0musicales, \u00a0las \u00a0inclusiones \u00a0fonogr\u00e1ficas, \u00a0cinematogr\u00e1ficas, \u00a0videogr\u00e1ficas, \u00a0publicitarias, \u00a0radiodifusi\u00f3n, \u00a0 televisi\u00f3n \u00a0 y \u00a0sincronizaci\u00f3n, \u00a0as\u00ed \u00a0como \u00a0determinar \u00a0las \u00a0retribuciones \u00a0econ\u00f3micas \u00a0por dichos usos, utilizaciones o reproducciones, los \u00a0que \u00a0EDIMUSICA \u00a0percibir\u00e1 \u00a0directamente \u00a0de los usuarios, sirviendo el presente \u00a0contrato \u00a0como \u00a0documento \u00a0suficiente \u00a0a fin de que EDIMUSICA pueda efectuar los \u00a0registros \u00a0o \u00a0dep\u00f3sitos que sean necesarios para la protecci\u00f3n y publicidad de \u00a0la cesi\u00f3n de derechos aqu\u00ed otorgados.\u201d \u00a0\u00a0<\/p>\n<p>En la cl\u00e1usula s\u00e9ptima del mismo documento, \u00a0se \u00a0pact\u00f3 \u00a0que \u00a0EDIMUSICA \u00a0asumir\u00eda \u00a0el \u00a0derecho \u00a0a cobrar el 25% de todos los \u00a0rendimientos \u00a0econ\u00f3micos \u00a0que \u00a0se \u00a0produjeran \u00a0a \u00a0partir la explotaci\u00f3n de sus \u00a0obras \u00a0en \u00a0Colombia, \u00a0incluidas las regal\u00edas por comunicaci\u00f3n p\u00fablica pagadas \u00a0por \u00a0 la \u00a0 Sociedad \u00a0 de \u00a0 Autores \u00a0 y \u00a0Compositores \u00a0de \u00a0Colombia \u00a0\u2013SAYCO.\u00a0 \u00a0 Adicionalmente, \u00a0en \u00a0la \u00a0cl\u00e1usula \u00a0octava \u00a0se \u00a0pact\u00f3 \u00a0que \u00a0la \u00a0sociedad \u00a0editora asumir\u00eda el derecho a \u00a0cobrar \u00a0 el \u00a0 40% \u00a0de \u00a0todos \u00a0los \u00a0ingresos \u00a0que \u00a0las \u00a0obras \u00a0produjeren \u00a0en \u00a0el \u00a0extranjero. \u00a0\u00a0<\/p>\n<p>Este \u00a0contrato \u00a0fue \u00a0pactado \u00a0a \u00a0diez \u00a0a\u00f1os \u00a0contados \u00a0a \u00a0partir \u00a0de su configuraci\u00f3n y se prorrogar\u00eda por tres a\u00f1os m\u00e1s, \u00a0en \u00a0la \u00a0medida \u00a0que en el t\u00e9rmino inicial existiera una comprobada explotaci\u00f3n \u00a0econ\u00f3mica \u00a0de las obras. Agreg\u00f3 que a pesar de que el contrato establec\u00eda una \u00a0cesi\u00f3n \u00a0de \u00a0derechos \u00a0patrimoniales \u00a0de \u00a0autor, \u00e9ste no hab\u00eda sido registrado \u00a0ante \u00a0la Direcci\u00f3n Nacional de Derechos de Autor, conforme a la exigencia legal \u00a0en la materia consagrada en el art\u00edculo 183 de la ley 23 de 1982. \u00a0\u00a0<\/p>\n<p>Continu\u00f3 su relato advirtiendo que el 09 de \u00a0junio \u00a0de \u00a01999, \u00a0antes de que expirara la vigencia del contrato celebrado el 02 \u00a0de \u00a0septiembre \u00a0de \u00a01991, \u00a0firm\u00f3 \u00a0un \u00a0nuevo \u00a0contrato \u00a0con \u00a0la \u00a0Editora, el que \u00a0denominaron \u00a0 \u201cContrato \u00a0de \u00a0Derechos \u00a0de \u00a0Autor.\u201d \u00a0Expuso \u00a0que el nuevo negocio jur\u00eddico tuvo por objeto \u00a0ceder \u00a0y \u00a0transferir, total e ilimitadamente a favor del editor los derechos que \u00a0tiene \u00a0el \u00a0autor \u00a0sobre \u00a0las \u00a0obras \u00a0relacionadas \u00a0en ese acuerdo. La cesi\u00f3n de \u00a0derechos se pact\u00f3 en los siguientes t\u00e9rminos: \u00a0\u00a0<\/p>\n<p>\u201cEl \u00a0AUTOR \u00a0cede \u00a0y \u00a0transfiere, \u00a0total \u00a0e \u00a0ilimitadamente, \u00a0a \u00a0favor \u00a0de \u00a0EL EDITOR, todos los derechos patrimoniales sobre \u00a0sus \u00a0obras, \u00a0los \u00a0cuales comprenden de manera enunciativa, m\u00e1s no exhaustiva ni \u00a0limitativa, \u00a0las \u00a0facultades \u00a0exclusivas a realizar, autorizar o prohibir, en el \u00a0territorio de Colombia y en el exterior.\u201d \u00a0\u00a0<\/p>\n<p>En lo atinente a la participaci\u00f3n econ\u00f3mica \u00a0de \u00a0las \u00a0partes, \u00a0se \u00a0dispuso \u00a0que \u00a0el \u00a0editor \u00a0pagar\u00eda \u00a0al autor el 75% de los \u00a0ingresos \u00a0obtenidos \u00a0por las diferentes formas de utilizaci\u00f3n o explotaci\u00f3n de \u00a0las \u00a0obras \u00a0en \u00a0el \u00a0territorio \u00a0nacional \u00a0y \u00a0el \u00a050% \u00a0de \u00a0todos \u00a0los \u00a0derechos o \u00a0participaciones \u00a0econ\u00f3micas \u00a0que \u00a0produzca \u00a0la \u00a0utilizaci\u00f3n \u00a0de \u00a0la obra en el \u00a0exterior.\u00a0 \u00a0Asimismo, se estableci\u00f3 que el contrato tendr\u00eda una duraci\u00f3n \u00a0de \u00a0veinte a\u00f1os, contados a partir de la culminaci\u00f3n del t\u00e9rmino inicial o de \u00a0la \u00a0pr\u00f3rroga \u00a0establecida \u00a0en \u00a0el \u00a0contrato \u00a0firmado \u00a0el \u00a002 \u00a0de \u00a0septiembre de \u00a01991. \u00a0\u00a0<\/p>\n<p>Precis\u00f3 \u00a0 que \u00a0 en \u00a0lo \u00a0referente \u00a0a \u00a0los \u00a0compromisos del editor se pactaron los siguientes actos: \u00a0\u00a0<\/p>\n<p>\u00a0 \u00a0 \u00a0<\/p>\n<p>a. Registrar \u00a0la \u00a0obra \u00a0en la Direcci\u00f3n Nacional del Derecho de Autor, \u00a0cuando \u00a0 \u00a0juzgue \u00a0 \u00a0necesario \u00a0 \u00a0para \u00a0 mayor \u00a0 seguridad \u00a0 jur\u00eddica \u00a0 de \u00a0 sus \u00a0derechos. \u00a0\u00a0<\/p>\n<p>b. Inscribir la(s) obra(s) en la Sociedad Autoral. \u00a0\u00a0<\/p>\n<p>c. Realizar \u00a0 \u00a0todas \u00a0 las \u00a0 gestiones \u00a0 empresariales, \u00a0 t\u00e9cnicas \u00a0 y \u00a0profesionales \u00a0 \u00a0para \u00a0 \u00a0obtener \u00a0 \u00a0la \u00a0 \u00a0inclusi\u00f3n \u00a0 de \u00a0 la(s) \u00a0 obra(s) \u00a0 en \u00a0fonograma(s). \u00a0\u00a0<\/p>\n<p>d. EL \u00a0EDITOR \u00a0llevar\u00e1 \u00a0a cabo todos los actos o gestiones que, seg\u00fan \u00a0su \u00a0criterio, \u00a0tiendan \u00a0a \u00a0obtener \u00a0la \u00a0mayor promoci\u00f3n difusi\u00f3n, explotaci\u00f3n \u00a0comercial \u00a0y \u00a0divulgaci\u00f3n \u00a0de la(s) obra(s), tanto en el campo nacional como el \u00a0internacional, \u00a0gestiones \u00a0con \u00a0las \u00a0que \u00a0EL \u00a0AUTOR \u00a0deber\u00e1 \u00a0prestar \u00a0su \u00a0mayor \u00a0colaboraci\u00f3n \u00a0cuando \u00a0as\u00ed \u00a0sea \u00a0solicitado \u00a0por EL EDITOR, para cuyo efecto EL \u00a0AUTOR \u00a0autoriza \u00a0a \u00a0EL \u00a0EDITOR \u00a0y\/o \u00a0sus \u00a0representantes \u00a0o concesionarios en el \u00a0exterior, \u00a0con \u00a0los \u00a0cuales tenga una vinculaci\u00f3n contractual vigente, para que \u00a0utilicen \u00a0su \u00a0retrato, caricatura, nombre, seud\u00f3nimo, biograf\u00eda o dem\u00e1s datos \u00a0pertinentes \u00a0en \u00a0la \u00a0forma en que EL EDITOR lo estime conveniente, inclusive por \u00a0medios audiovisuales.\u201d \u00a0 \u00a0\u00a0<\/p>\n<p>Se\u00f1al\u00f3 que a t\u00edtulo de anticipo se dispuso \u00a0la \u00a0 entrega \u00a0 de \u00a0 ciento \u00a0 cincuenta \u00a0 millones \u00a0 de \u00a0pesos \u00a0($150\u2019000.000.oo), suma que ser\u00eda descontada \u00a0en \u00a0un 100% de las liquidaciones de regal\u00edas causadas a su favor.\u00a0 En este \u00a0punto \u00a0aclar\u00f3 \u00a0que \u00a0si bien en otros documentos provenientes de EDIMUSICA Ltda. \u00a0se \u00a0da \u00a0cuenta \u00a0del \u00a0pago \u00a0de \u00a0anticipos \u00a0en distintas fechas por valor total de \u00a0trescientos \u00a0 millones \u00a0 trescientos \u00a0 cincuenta \u00a0 mil \u00a0 pesos \u00a0(300\u2019350.000.oo), \u00a0los \u00a0\u00fanicos \u00a0valores \u00a0de \u00a0cuyo \u00a0pago \u00a0existe soporte o constancia, son los ciento cincuenta millones antes \u00a0referidos. \u00a0\u00a0<\/p>\n<p>Mencion\u00f3 \u00a0que \u00a0a \u00a0partir del 09 de junio de \u00a01999 \u00a0a \u00a0la \u00a0fecha, \u00a0las \u00a0regal\u00edas \u00a0que \u00a0EDIMUSICA \u00a0Ltda. \u00a0le \u00a0ha pagado por la \u00a0explotaci\u00f3n \u00a0econ\u00f3mica de sus obras tanto a nivel nacional como internacional, \u00a0ni \u00a0siquiera \u00a0han \u00a0sido suficientes para cubrir el anticipo entregado en el a\u00f1o \u00a01999, \u00a0existiendo \u00a0actualmente \u00a0un \u00a0saldo \u00a0superior \u00a0a ochenta millones de pesos \u00a0($80\u2019000.000.oo).\u00a0 Por \u00a0tanto, \u00a0explic\u00f3 que desde la fecha en que firm\u00f3 el segundo contrato de cesi\u00f3n \u00a0de \u00a0los \u00a0derechos \u00a0de \u00a0sus \u00a0obras \u00a0no \u00a0recibi\u00f3 \u00a0pagos efectivos por parte de la \u00a0demandada.\u00a0 \u00a0\u00a0<\/p>\n<p>Conforme \u00a0con \u00a0lo \u00a0expuesto resalt\u00f3 que los \u00a0escasos \u00a0resultados \u00a0econ\u00f3micos \u00a0producidos \u00a0con \u00a0ocasi\u00f3n \u00a0de \u00a0la \u00a0gesti\u00f3n de \u00a0administraci\u00f3n \u00a0y \u00a0explotaci\u00f3n \u00a0a \u00a0cargo \u00a0de \u00a0EDIMUSICA, \u00a0revelan una gesti\u00f3n \u00a0ineficiente, \u00a0en \u00a0la \u00a0medida \u00a0que \u00a0no adelant\u00f3 una labor tendiente a obtener la \u00a0mayor \u00a0promoci\u00f3n, \u00a0difusi\u00f3n, \u00a0explotaci\u00f3n \u00a0comercial y divulgaci\u00f3n de dichas \u00a0obras musicales.\u00a0 \u00a0\u00a0<\/p>\n<p>Sobre \u00a0este \u00a0aspecto en particular, refiri\u00f3 \u00a0que \u00a0las \u00a0regal\u00edas por concepto de los derechos fonomec\u00e1nicos, que constituyen \u00a0para \u00a0la \u00a0mayor\u00eda de autores y compositores su principal ingreso econ\u00f3mico, no \u00a0se \u00a0desarrollaron \u00a0adecuadamente \u00a0en \u00a0su caso particular, pues a pesar de que su \u00a0obra \u00a0sigue \u00a0siendo \u00a0grabada \u00a0por \u00a0una \u00a0gran cantidad de casas discogr\u00e1ficas en \u00a0Colombia \u00a0y \u00a0en varios pa\u00edses del mundo, desde el a\u00f1o 1999 no recibi\u00f3 ninguna \u00a0suma \u00a0de \u00a0dinero, \u00a0lo que ha conllevado a que la deuda generada con ocasi\u00f3n del \u00a0anticipo entregado al accionante se torne impagable. \u00a0\u00a0<\/p>\n<p>Aunado \u00a0a \u00a0lo \u00a0anterior, \u00a0advirti\u00f3 \u00a0que \u00a0la \u00a0sociedad \u00a0accionada \u00a0no cumpli\u00f3 con otro aspecto relevante del citado contrato, \u00a0pues \u00a0no \u00a0hizo \u00a0entrega \u00a0oportuna \u00a0y adecuada\u00a0 del informe o reporte de las \u00a0regal\u00edas \u00a0percibidas \u00a0por \u00a0la \u00a0explotaci\u00f3n \u00a0de su obra, hecho que deb\u00eda darse \u00a0dentro \u00a0de \u00a0los \u00a0cuarenta \u00a0y \u00a0cinco \u00a0(45) \u00a0d\u00edas \u00a0siguientes \u00a0al \u00a0cierre de cada \u00a0trimestre \u00a0calendario, \u00a0indic\u00e1ndose \u00a0las \u00a0cantidades \u00a0percibidas, \u00a0mediante una \u00a0liquidaci\u00f3n \u00a0detallada \u00a0de \u00a0las \u00a0fuentes \u00a0de \u00a0pago, \u00a0con \u00a0sus \u00a0correspondientes \u00a0valores.\u00a0 \u00a0Sobre \u00a0este \u00a0particular \u00a0se\u00f1al\u00f3 \u00a0que \u00a0el reporte por regal\u00edas \u00a0correspondiente \u00a0 al \u00a0 primer \u00a0trimestre \u00a0de \u00a02007 \u00a0nunca \u00a0fue \u00a0entregado \u00a0y \u00a0el \u00a0correspondiente \u00a0al segundo, tercero y cuarto trimestre de ese mismo a\u00f1o, s\u00f3lo \u00a0vino \u00a0a \u00a0ser entregado mediante comunicaci\u00f3n remitida el 07 de febrero de 2008, \u00a0incumpli\u00e9ndose \u00a0 \u00a0 flagrantemente \u00a0 \u00a0 con \u00a0 \u00a0las \u00a0 \u00a0cl\u00e1usulas \u00a0 \u00a0contractuales \u00a0respectivas. \u00a0\u00a0<\/p>\n<p>Al \u00a0respecto adujo que EDIMUSICA al efectuar \u00a0el \u00a0recaudo \u00a0de \u00a0regal\u00edas \u00a0por \u00a0concepto \u00a0de \u00a0explotaci\u00f3n \u00a0de \u00a0sus obras en el \u00a0exterior, \u00a0 se \u00a0 encontr\u00f3 \u00a0 con \u00a0que \u00a0la \u00a0sociedad \u00a0EMLASA \u00a0de \u00a0M\u00e9xico \u00a0estaba \u00a0pretendiendo \u00a0cobrar dichos montos con fundamento en el contrato antes referido, \u00a0produci\u00e9ndose \u00a0un \u00a0contrareclamo, \u00a0por \u00a0tanto, estima que la sociedad accionada \u00a0debi\u00f3 \u00a0asumir, \u00a0desde \u00a0un \u00a0principio, \u00a0una gesti\u00f3n diligente para rescindir su \u00a0relaci\u00f3n \u00a0contractual con EMLASA, hecho que no se dio y le genera un detrimento \u00a0en la captaci\u00f3n de las regal\u00edas correspondientes. \u00a0\u00a0<\/p>\n<p>Consider\u00f3 que con una gesti\u00f3n m\u00ednimamente \u00a0proactiva \u00a0y \u00a0diligente \u00a0de \u00a0EDIMUSICA \u00a0ya \u00a0se \u00a0habr\u00edan \u00a0percibido los ingresos \u00a0suficientes \u00a0para pagarse el anticipo de regal\u00edas y le estar\u00edan haciendo pagos \u00a0efectivos, \u00a0para \u00a0de esta manera poder derivar su sustento econ\u00f3mico y el de su \u00a0familia, \u00a0 situaci\u00f3n \u00a0 que \u00a0 conlleva \u00a0 a \u00a0 la \u00a0vulneraci\u00f3n \u00a0de \u00a0sus \u00a0derechos \u00a0fundamentales, \u00a0pues \u00a0al momento de interponer la tutela contaba con 81 a\u00f1os de \u00a0edad, \u00a0 \u00a0adem\u00e1s \u00a0 \u00a0presentaba \u00a0 un \u00a0 delicado \u00a0 estado \u00a0 de \u00a0 salud1 \u00a0y no contaba \u00a0con otro tipo de ingreso ni pensi\u00f3n. \u00a0\u00a0<\/p>\n<p>Respecto \u00a0 de \u00a0su \u00a0situaci\u00f3n \u00a0personal \u00a0y \u00a0econ\u00f3mica \u00a0indic\u00f3 \u00a0que \u00a0de \u00a0\u00e9l \u00a0depend\u00edan todos los miembros de su hogar, el \u00a0cual \u00a0estaba \u00a0conformado por su esposa, tres hijas y un nieto, aclarando que los \u00a0gastos \u00a0de \u00a0manutenci\u00f3n comprenden el pago de universidades, comida y servicios \u00a0p\u00fablicos, entre otros.\u00a0 En este punto se\u00f1al\u00f3: \u00a0\u00a0<\/p>\n<p>\u201cla \u00a0factura de agua llega por un promedio \u00a0de \u00a0$400.000, la factura de luz llega por un promedio de $250.000, la factura de \u00a0tel\u00e9fono \u00a0llega por un promedio de $180.000 o $200.000, la factura de gas llega \u00a0por \u00a0$100.000, \u00a0la \u00a0vigilancia \u00a0de \u00a0la \u00a0casa llega por $180.000, como no podemos \u00a0manejar \u00a0pagamos un conductor por un valor de $500.000 mensuales, y una empleada \u00a0del \u00a0servicio por $400.000 al mes.\u00a0 Si a esto sumamos los gastos que se nos \u00a0han \u00a0generado \u00a0con \u00a0mi \u00a0enfermedad, puede verse que los ingresos recibidos ya no \u00a0son suficientes para nuestra congrua subsistencia.\u201d \u00a0\u00a0<\/p>\n<p>Agreg\u00f3 \u00a0que \u00a0si \u00a0bien \u00a0contaba \u00a0con \u00a0otros \u00a0ingresos \u00a0provenientes \u00a0de \u00a0las conferencias que dictaba en distintas partes del \u00a0pa\u00eds \u00a0y \u00a0a \u00a0nivel internacional, debido a su estado de salud, no pudo continuar \u00a0desarrollando esta actividad desde hace ya varios meses. \u00a0\u00a0<\/p>\n<p>Por otra parte, mencion\u00f3 que en lo referente \u00a0a \u00a0las \u00a0regal\u00edas \u00a0por \u00a0concepto \u00a0de \u00a0la \u00a0comunicaci\u00f3n \u00a0p\u00fablica de la m\u00fasica, \u00a0recaudada \u00a0por \u00a0SAYCO, \u00a0gestion\u00f3 \u00a0ante \u00a0esa entidad un pr\u00e9stamo que utilizaron \u00a0para \u00a0cubrir \u00a0una \u00a0parte \u00a0de \u00a0la \u00a0deuda \u00a0adquirida para la compra de la vivienda \u00a0familiar \u00a0que \u00a0hoy \u00a0habita, \u00a0de \u00a0manera \u00a0que SAYCO descuenta directamente de sus \u00a0regal\u00edas \u00a0las cuotas del citado cr\u00e9dito.\u00a0 En este punto aclara que de las \u00a0regal\u00edas \u00a0 por \u00a0 comunicaci\u00f3n \u00a0p\u00fablica \u00a0a \u00a0nivel \u00a0nacional \u00a0e \u00a0internacional, \u00a0EDIMUSICA \u00a0recibe un porcentaje importante sin que este dinero recaudado se haya \u00a0imputado \u00a0 \u00a0a \u00a0 \u00a0la \u00a0 \u00a0deuda \u00a0 \u00a0generada \u00a0 \u00a0con \u00a0 ocasi\u00f3n \u00a0 del \u00a0 anticipo \u00a0 de \u00a0regal\u00edas. \u00a0\u00a0<\/p>\n<p>Asever\u00f3 \u00a0que \u00a0no contaba con otros ingresos \u00a0econ\u00f3micos, \u00a0ni \u00a0pensi\u00f3n, \u00a0ya \u00a0que \u00a0entreg\u00f3 \u00a0a \u00a0EDIMUSICA la propiedad de sus \u00a0obras, \u00a0sin conocer un oficio diferente a componer.\u00a0 Adem\u00e1s indic\u00f3 que no \u00a0contaba \u00a0con \u00a0bienes \u00a0de \u00a0fortuna \u00a0que \u00a0le pudieran generar alguna renta, ni con \u00a0otras \u00a0 composiciones \u00a0 musicales \u00a0 que \u00a0pudiera \u00a0entregar \u00a0a \u00a0otro \u00a0editor, \u00a0ni \u00a0administrar \u00a0\u00e9l \u00a0mismo, \u00a0constituy\u00e9ndose \u00a0las \u00a0obras \u00a0cedidas \u00a0a \u00a0la \u00a0sociedad \u00a0accionada \u00a0en \u00a0su \u00a0\u00fanico \u00a0patrimonio \u00a0y \u00a0fuente \u00a0de \u00a0ingresos \u00a0para procurar su \u00a0sustento y el de su n\u00facleo familiar. \u00a0\u00a0<\/p>\n<p>Como \u00a0consecuencia de lo anterior, acudi\u00f3 a \u00a0este \u00a0medio, \u00a0buscando \u00a0la protecci\u00f3n de sus derechos fundamentales y por tanto \u00a0solicit\u00f3: \u00a0\u00a0<\/p>\n<p>\u201cSe \u00a0ordene \u00a0y \u00a0declare \u00a0que \u00a0los derechos \u00a0patrimoniales \u00a0 \u00a0de \u00a0 autor \u00a0 de \u00a0 Rafael \u00a0 Escalona \u00a0 Mart\u00ednez, \u00a0 asumen \u00a0 \u00a0el \u00a0 car\u00e1cter \u00a0 de \u00a0 inalienables \u00a0 e \u00a0 intransferibles, \u00a0rescindiendo \u00a0 y \u00a0 dejando \u00a0 sin \u00a0efectos \u00a0de \u00a0manera \u00a0inmediata \u00a0la \u00a0cesi\u00f3n \u00a0y \u00a0transferencia \u00a0realizada \u00a0a \u00a0favor \u00a0de \u00a0la \u00a0sociedad \u00a0Editora \u00a0Internacional \u00a0de \u00a0M\u00fasica \u00a0 \u2013Edimusica \u00a0Ltda. \u00a0mediante \u00a0contratos \u00a0de fechas 02 de septiembre de \u00a01991 y 09 de junio de 1999. \u00a0\u00a0<\/p>\n<p>Se ordene a la sociedad EDITORA INTERNACIONAL \u00a0DE \u00a0 M\u00daSICA \u00a0 \u2013EDIMUSICA \u00a0dar \u00a0por \u00a0terminados \u00a0los \u00a0contratos \u00a0de \u00a0subedici\u00f3n \u00a0musical \u00a0con \u00a0terceros respecto de las obras de Rafael \u00a0Escalona \u00a0Mart\u00ednez, \u00a0por medio de las cuales ha venido efectuando el recaudo de \u00a0regal\u00edas a nivel internacional. \u00a0\u00a0<\/p>\n<p>Ordenar \u00a0a \u00a0EDIMUSICA LTDA. que liquide \u00a0y \u00a0pague cualquier suma de dinero que se haya causado a la \u00a0fecha \u00a0por \u00a0concepto \u00a0de \u00a0regal\u00edas de Rafael Escalona \u00a0Mart\u00ednez y que a\u00fan se adeude. \u00a0\u00a0<\/p>\n<p>Se ordene a la sociedad EDITORA INTERNACIONAL \u00a0DE \u00a0MUSICA \u2013EDIMUSICA LTDA. \u00a0abstenerse \u00a0en \u00a0lo \u00a0sucesivo \u00a0de \u00a0otorgar \u00a0a \u00a0terceros \u00a0licencias, \u00a0contratos \u00a0o \u00a0autorizaciones \u00a0para \u00a0cualquier \u00a0acto de explotaci\u00f3n econ\u00f3mica de las obras de \u00a0Rafael \u00a0 Escalona \u00a0 Mart\u00ednez, \u00a0permitiendo \u00a0a \u00a0\u00e9ste \u00a0disponer \u00a0 directa \u00a0 y \u00a0 personalmente \u00a0 de \u00a0 sus \u00a0 derechos \u00a0 patrimoniales \u00a0de \u00a0autor, \u00a0como \u00a0medio \u00a0para \u00a0restituirle \u00a0su \u00a0derecho \u00a0a \u00a0percibir \u00a0el \u00a0m\u00ednimo \u00a0vital.\u201d \u00a0(Subrayas \u00a0fuera del \u00a0texto original). \u00a0\u00a0<\/p>\n<p>2. Tramite Procesal. \u00a0<\/p>\n<p>El \u00a0Juzgado \u00a0Diecis\u00e9is \u00a0Penal \u00a0Municipal de \u00a0Bogot\u00e1, \u00a0mediante \u00a0auto del 04 de agosto de 2008, asumi\u00f3 el conocimiento de la \u00a0presente \u00a0acci\u00f3n \u00a0de \u00a0tutela.\u00a0 \u00a0En \u00a0ese \u00a0mismo \u00a0auto corri\u00f3 traslado a la \u00a0entidad \u00a0accionada \u00a0a fin de que ejerciera su derecho de defensa.\u00a0 Para tal \u00a0efecto, \u00a0a \u00a0trav\u00e9s \u00a0de \u00a0despacho \u00a0comisorio \u00a0de \u00a0la \u00a0misma fecha, se dispuso la \u00a0notificaci\u00f3n \u00a0 de \u00a0 la \u00a0 sociedad \u00a0 accionada, \u00a0as\u00ed \u00a0como \u00a0el \u00a0env\u00edo \u00a0de \u00a0una \u00a0comunicaci\u00f3n \u00a0al \u00a0Apartado \u00a0A\u00e9reo \u00a0Num. 51568 de la ciudad de Medell\u00edn.\u00a0 \u00a0Sin embargo, la parte accionada no se pronunci\u00f3 al respecto. \u00a0\u00a0<\/p>\n<p>2.1. \u00a0 \u00a0Adici\u00f3n \u00a0 a \u00a0 la \u00a0 acci\u00f3n \u00a0 de \u00a0tutela. \u00a0\u00a0<\/p>\n<p>En \u00a0desarrollo \u00a0del \u00a0tr\u00e1mite \u00a0de \u00a0tutela en \u00a0primera \u00a0instancia, \u00a0el \u00a0se\u00f1or \u00a0Rafael \u00a0Calixto Escalona Mart\u00ednez present\u00f3 un \u00a0escrito \u00a0de \u00a0adici\u00f3n \u00a0a \u00a0la \u00a0acci\u00f3n \u00a0de \u00a0tutela, por medio del cual pretend\u00eda \u00a0complementar los fundamentos jur\u00eddicos invocados. \u00a0\u00a0<\/p>\n<p>En esta oportunidad el accionante se refiri\u00f3 \u00a0al \u00a0car\u00e1cter \u00a0inalienable \u00a0de \u00a0los \u00a0derechos \u00a0patrimoniales de autor, hecho que \u00a0permitir\u00eda \u00a0resolver \u00a0un \u00a0contrato \u00a0cuyo objeto es la cesi\u00f3n de esos derechos, \u00a0conforme \u00a0a \u00a0lo \u00a0se\u00f1alado \u00a0en \u00a0el art\u00edculo 33 de la ley 397 de 1997, norma que \u00a0fuera \u00a0objeto \u00a0de examen constitucional, donde se resolvi\u00f3 declararla exequible \u00a0en \u00a0el \u00a0entendido \u00a0que \u00a0los \u00a0derechos \u00a0patrimoniales \u00a0de autor se pueden ceder o \u00a0enajenar \u00a0libremente, \u00a0siempre \u00a0y \u00a0cuando la cesi\u00f3n o enajenaci\u00f3n no afecte el \u00a0derecho irrenunciable a la seguridad social de los titulares. \u00a0\u00a0<\/p>\n<p>Conforme \u00a0a esta normatividad estim\u00f3 que la \u00a0relaci\u00f3n \u00a0 contractual \u00a0con \u00a0EDIMUSICA \u00a0constitu\u00eda \u00a0una \u00a0vulneraci\u00f3n \u00a0de \u00a0sus \u00a0derechos \u00a0fundamentales \u00a0a \u00a0la \u00a0seguridad social, m\u00ednimo vital, salud y vida en \u00a0condiciones \u00a0dignas.\u00a0 \u00a0Agreg\u00f3 que si bien los contratos son leyes para las \u00a0partes, \u00a0estos \u00a0no \u00a0pueden \u00a0contrariar la Constituci\u00f3n ni vulnerar los derechos \u00a0fundamentales2. \u00a0\u00a0<\/p>\n<p>2.2. \u00a0Intervenci\u00f3n \u00a0de \u00a0la \u00a0Procuradur\u00eda \u00a0General de la Naci\u00f3n. \u00a0\u00a0<\/p>\n<p>El Procurador Judicial II, como representante \u00a0del \u00a0Ministerio \u00a0P\u00fablico, \u00a0intervino \u00a0en la presente demanda de tutela a fin de \u00a0ejercer \u00a0vigilancia \u00a0superior sobre el asunto objeto de examen.\u00a0 Expuso que \u00a0si \u00a0bien \u00a0el \u00a0actor puede acudir al juez ordinario para demandar la terminaci\u00f3n \u00a0del \u00a0contrato, \u00a0el \u00a0pago \u00a0de \u00a0lo \u00a0adeudado y la indemnizaci\u00f3n de perjuicios, la \u00a0acci\u00f3n \u00a0de \u00a0tutela resulta procedente, atendiendo a que se trata de una persona \u00a0de \u00a0la \u00a0tercera \u00a0edad, cuyo estado de salud es precario, ya que el se\u00f1or Rafael \u00a0Escalona \u00a0no \u00a0cuenta \u00a0con una expectativa de vida como para adelantar un proceso \u00a0civil \u00a0tendiente \u00a0a \u00a0que \u00a0se \u00a0ordene, \u00a0entre otras cosas, la terminaci\u00f3n de los \u00a0contratos \u00a0y \u00a0se \u00a0obligue \u00a0a \u00a0EDIMUSICA \u00a0a \u00a0liquidar y pagar las sumas de dinero \u00a0causadas por concepto de regal\u00edas. \u00a0\u00a0<\/p>\n<p>II. \u00a0 \u00a0 \u00a0 \u00a0\u00a0 \u00a0 \u00a0\u00a0DECISIONES \u00a0 \u00a0JUDICIALES \u00a0 \u00a0QUE \u00a0 SE \u00a0REVISAN \u00a0\u00a0<\/p>\n<p>1. \u00a0\u00a0 \u00a0\u00a0 \u00a0\u00a0 \u00a0 \u00a0 \u00a0\u00a0 \u00a0 \u00a0 Sentencia \u00a0 \u00a0 de \u00a0 \u00a0 primera \u00a0instancia \u00a0\u00a0<\/p>\n<p>El \u00a0Juzgado \u00a0Diecis\u00e9is \u00a0Penal \u00a0Municipal de \u00a0Bogot\u00e1, \u00a0mediante \u00a0providencia \u00a0del \u00a022 \u00a0de \u00a0agosto de 2008, resolvi\u00f3 declarar \u00a0improcedente \u00a0la \u00a0presente \u00a0solicitud de amparo, al estimar que no se cumpl\u00eda a \u00a0cabalidad \u00a0con \u00a0las circunstancias exigidas en el decreto 2591 de 1991, respecto \u00a0de \u00a0la procedencia de la acci\u00f3n de tutela contra particulares, atendiendo a que \u00a0en \u00a0el \u00a0caso \u00a0particular \u00a0no \u00a0exist\u00eda \u00a0subordinaci\u00f3n \u00a0entre \u00a0el \u00a0se\u00f1or Rafael \u00a0Escalona \u00a0Mart\u00ednez y la sociedad Editora Internacional de M\u00fasica, por el s\u00f3lo \u00a0hecho \u00a0de \u00a0haber suscrito contratos como los que ahora se debaten.\u00a0 Agreg\u00f3 \u00a0que \u00a0tampoco \u00a0se \u00a0evidenciaba \u00a0un \u00a0perjuicio irremediable, dada la existencia de \u00a0medios \u00a0de \u00a0defensa eficaces que no pueden ser remplazados so pretexto de que se \u00a0trata \u00a0de \u00a0una \u00a0figura p\u00fablica de reconocido renombre y cuyo precario estado de \u00a0salud ya fue objeto de amparo en sede constitucional. \u00a0\u00a0<\/p>\n<p>Como sustento de sus consideraciones se\u00f1al\u00f3 \u00a0que \u00a0no \u00a0es \u00a0posible \u00a0amparar \u00a0derecho \u00a0fundamental \u00a0alguno, \u00a0debido \u00a0a \u00a0que \u00a0lo \u00a0pretendido \u00a0en \u00a0este asunto es debatir la resoluci\u00f3n de unos contratos, el pago \u00a0de \u00a0regal\u00edas \u00a0y \u00a0adquirir \u00a0la \u00a0libertad \u00a0para \u00a0volver a contratar con una nueva \u00a0editora, \u00a0 aspectos \u00a0 estos \u00a0 que, \u00a0lejos \u00a0de \u00a0ubicarlo \u00a0en \u00a0una \u00a0situaci\u00f3n \u00a0de \u00a0indefensi\u00f3n \u00a0 o \u00a0 vulneraci\u00f3n, \u00a0reflejan \u00a0una \u00a0inconformidad \u00a0contractual \u00a0que \u00a0corresponde ser debatida ante la jurisdicci\u00f3n ordinaria. \u00a0\u00a0<\/p>\n<p>2.\u00a0 \u00a0Contestaci\u00f3n \u00a0extempor\u00e1nea de la \u00a0acci\u00f3n de tutela. \u00a0\u00a0<\/p>\n<p>Con \u00a0posterioridad \u00a0a \u00a0la \u00a0fecha \u00a0en que fue \u00a0proferido \u00a0el \u00a0fallo \u00a0de primera instancia, v\u00eda fax se recibi\u00f3 en ese despacho \u00a0la \u00a0contestaci\u00f3n \u00a0de \u00a0la \u00a0demanda, donde la sociedad accionada expres\u00f3 que las \u00a0peticiones \u00a0fueron atendidas en toda oportunidad y a pesar de que a la fecha les \u00a0adeuda \u00a0la \u00a0suma \u00a0de \u00a0setenta \u00a0y \u00a0seis \u00a0millones ochocientos sesenta y siete mil \u00a0trescientos \u00a0 \u00a0setenta \u00a0 \u00a0pesos \u00a0 ($76\u2019867.370.oo), \u00a0por \u00a0concepto \u00a0de \u00a0anticipos \u00a0y pr\u00e9stamos hechos a su \u00a0favor, \u00a0debido a su estado de salud se abstuvieron de retenerle cualquier suma y \u00a0procedieron \u00a0a \u00a0hacer \u00a0las consignaciones por concepto de regal\u00edas a su nombre, \u00a0sin \u00a0efectuarle \u00a0ning\u00fan descuento, indicando que a la fecha en que se interpuso \u00a0la \u00a0acci\u00f3n \u00a0de \u00a0tutela \u00a0se \u00a0hab\u00edan \u00a0entregado \u00a0al \u00a0accionante \u00a0veinte millones \u00a0doscientos \u00a0 \u00a0veinticinco \u00a0 \u00a0mil \u00a0 cuatrocientos \u00a0 cincuenta \u00a0 y \u00a0 nueve \u00a0 pesos \u00a0($20\u2019225.459,oo), \u00a0pagos \u00a0recibidos \u00a0a \u00a0conformidad, \u00a0lo \u00a0que en su concepto convalidar\u00eda la vigencia del \u00a0contrato \u00a0suscrito. \u00a0Adicionalmente se\u00f1al\u00f3 que se consign\u00f3 a favor del se\u00f1or \u00a0Escalona \u00a0la \u00a0suma \u00a0de \u00a0tres \u00a0millones noventa y cinco mil setecientos ochenta y \u00a0ocho \u00a0pesos ($3\u2019095.788,oo), \u00a0correspondiente al segundo trimestre de 2008. \u00a0\u00a0<\/p>\n<p>Agreg\u00f3 que al demandante le hicieron grandes \u00a0anticipos \u00a0econ\u00f3micos \u00a0por \u00a0valor de trescientos millones trescientos cincuenta \u00a0mil \u00a0 \u00a0 \u00a0 \u00a0 \u00a0pesos \u00a0 \u00a0 \u00a0 \u00a0 ($300\u2019350.000.oo), \u00a0 suma \u00a0 que \u00a0considera \u00a0f\u00e1cilmente \u00a0comprobable; \u00a0sin \u00a0embargo \u00a0no \u00a0adjunt\u00f3 \u00a0ning\u00fan \u00a0tipo \u00a0de documento que permitiera establecer tal \u00a0situaci\u00f3n.\u00a0 \u00a0Por \u00a0otra \u00a0parte, \u00a0indic\u00f3 \u00a0que \u00a0al \u00a0autor le fueron enviados \u00a0peri\u00f3dicamente \u00a0los \u00a0reportes \u00a0por \u00a0concepto \u00a0de regal\u00edas, pero los extravi\u00f3, \u00a0motivo \u00a0por el cual en el 2008 le remitieron un cuaderno empastado con todas las \u00a0regal\u00edas recibidas desde el inicio de la relaci\u00f3n contractual. \u00a0\u00a0<\/p>\n<p>Refiri\u00f3 que respecto de la relaci\u00f3n con su \u00a0hom\u00f3loga \u00a0de \u00a0M\u00e9xico, \u00a0EMLASA, se adelantaron las gestiones pertinentes, a tal \u00a0punto \u00a0que por las obras involucradas en el contrareclamo el accionante recibi\u00f3 \u00a0las respectivas regal\u00edas. \u00a0\u00a0<\/p>\n<p>De \u00a0manera adicional expuso que la tutela no \u00a0resulta \u00a0procedente, atendiendo a que no se cumplen los presupuestos consagrados \u00a0en \u00a0el \u00a0art\u00edculo \u00a042 \u00a0del decreto 2591 de 1991, al no existir una situaci\u00f3n de \u00a0subordinaci\u00f3n \u00a0 o \u00a0 indefensi\u00f3n; \u00a0adem\u00e1s \u00a0se\u00f1al\u00f3 \u00a0que \u00a0para \u00a0este \u00a0tipo \u00a0de \u00a0situaciones \u00a0existe otros medios de defensa judicial a los cuales pudo acudir el \u00a0actor. \u00a0\u00a0<\/p>\n<p>3.\u00a0 \u00a0Impugnaci\u00f3n \u00a0presentada \u00a0por \u00a0el \u00a0accionante. \u00a0\u00a0<\/p>\n<p>El \u00a0actor impugn\u00f3 la anterior sentencia, al \u00a0considerar \u00a0que \u00a0el \u00a0hecho \u00a0de \u00a0existir \u00a0otros \u00a0medios \u00a0de \u00a0defensa \u00a0judicial no \u00a0significa \u00a0que no se encontrara en un estado de indefensi\u00f3n frente a EDIMUSICA. \u00a0En \u00a0este \u00a0punto \u00a0advirti\u00f3 \u00a0que \u00a0la \u00a0procedibilidad \u00a0de \u00a0la demanda de tutela se \u00a0configura \u00a0en \u00a0la medida en que existe una demostrada dependencia e indefensi\u00f3n \u00a0en las relaciones contractuales entre autores y editores musicales. \u00a0\u00a0<\/p>\n<p>Agreg\u00f3 \u00a0que \u00a0la \u00a0realidad del mercado de la \u00a0m\u00fasica \u00a0en \u00a0Colombia se caracteriza por el control ejercido por los productores \u00a0fonogr\u00e1ficos, \u00a0 quienes \u00a0imponen \u00a0condiciones \u00a0unilaterales \u00a0a \u00a0los \u00a0autores \u00a0y \u00a0compositores \u00a0que \u00a0aspiran \u00a0a \u00a0que \u00a0sus \u00a0obras \u00a0sean grabadas y conocidas por el \u00a0p\u00fablico, \u00a0donde \u00e9stos deben entregar sus derechos patrimoniales a los editores \u00a0musicales \u00a0que \u00a0las \u00a0casas \u00a0disqueras \u00a0determinen, \u00a0las \u00a0cuales \u00a0terminan siendo \u00a0sociedades de un mismo grupo empresarial. \u00a0\u00a0<\/p>\n<p>Aclar\u00f3 \u00a0que una vez los autores entregan la \u00a0propiedad \u00a0de \u00a0sus \u00a0obras, \u00a0quedan \u00a0en \u00a0un estado de total dependencia frente al \u00a0Editor, \u00a0a \u00a0la espera de percibir ingresos por la cesi\u00f3n de sus derechos de los \u00a0cuales depende en la mayor\u00eda de los casos su m\u00ednimo vital. \u00a0\u00a0<\/p>\n<p>Expuso \u00a0que \u00a0si \u00a0el \u00a0Editor \u00a0reporta o no la \u00a0totalidad \u00a0de \u00a0las \u00a0regal\u00edas \u00a0causadas y pagadas es un hecho de dif\u00edcil y casi \u00a0imposible \u00a0verificaci\u00f3n \u00a0por \u00a0parte \u00a0del \u00a0autor, \u00a0quien \u00a0debe \u00a0confiar \u00a0en \u00a0las \u00a0liquidaciones \u00a0remitidas \u00a0y \u00a0pagadas \u00a0por \u00a0la sociedad Editora.\u00a0 Por tanto, \u00a0estima \u00a0que \u00a0la \u00a0indefensi\u00f3n \u00a0se \u00a0hace \u00a0manifiesta \u00a0en \u00a0la medida que el Editor \u00a0dispone \u00a0de \u00a0las \u00a0obras, las explota en la modalidad que \u00e9l define y reporta al \u00a0autor \u00a0 \u00a0las \u00a0 \u00a0regal\u00edas \u00a0 \u00a0que \u00a0 en \u00a0 su \u00a0 fuero \u00a0 interno \u00a0 tienen \u00a0 a \u00a0 bien \u00a0reconocer. \u00a0\u00a0<\/p>\n<p>Se\u00f1al\u00f3 que la sociedad EDIMUSICA pertenece \u00a0y \u00a0est\u00e1 \u00a0bajo \u00a0el \u00a0control \u00a0de la empresa discogr\u00e1fica Discos Fuentes y es por \u00a0ello \u00a0por \u00a0lo que no es adecuada la gesti\u00f3n de las casas editoras, en la medida \u00a0que \u00a0 pertenecen \u00a0 y \u00a0 sirven \u00a0 a \u00a0 los \u00a0intereses \u00a0del \u00a0gremio \u00a0de \u00a0productores \u00a0fonogr\u00e1ficos, \u00a0quien \u00a0en \u00a0una \u00a0situaci\u00f3n \u00a0contractual \u00a0transparente \u00a0ser\u00eda la \u00a0contraparte \u00a0frente \u00a0a \u00a0la \u00a0explotaci\u00f3n \u00a0de \u00a0sus \u00a0obras.\u00a0 A\u00f1adi\u00f3 que los \u00a0autores \u00a0se \u00a0ven \u00a0en \u00a0la \u00a0imposibilidad \u00a0de grabar sus obras con los productores \u00a0fonogr\u00e1ficos \u00a0si \u00a0antes \u00a0no aceptan entregar la totalidad de sus derechos a los \u00a0editores musicales por ellos designados. \u00a0\u00a0<\/p>\n<p>Reiter\u00f3 \u00a0su \u00a0posici\u00f3n \u00a0frente al car\u00e1cter \u00a0fundamental \u00a0e \u00a0inalienable de los derechos de autor concluyendo que se presenta \u00a0una \u00a0desigualdad \u00a0en \u00a0la \u00a0relaci\u00f3n \u00a0contractual \u00a0de \u00a0su caso, determinada en la \u00a0posici\u00f3n \u00a0dominante \u00a0que \u00a0el gremio de los productores y editores ejercen en el \u00a0mercado. \u00a0\u00a0<\/p>\n<p>4. \u00a0 Impugnaci\u00f3n \u00a0 presentada \u00a0 por \u00a0 la \u00a0Procuradur\u00eda General de la Naci\u00f3n. \u00a0\u00a0<\/p>\n<p>El \u00a0Procurador \u00a0Judicial \u00a0II, \u00a0en calidad de \u00a0agente \u00a0del \u00a0Ministerio \u00a0P\u00fablico, solicit\u00f3 se revocara la decisi\u00f3n de primera \u00a0instancia.\u00a0 \u00a0Para tal efecto, comenz\u00f3 por advertir que si bien se trata de \u00a0una \u00a0controversia \u00a0contractual \u00a0puede \u00a0ser \u00a0sometida al conocimiento del juez de \u00a0tutela, \u00a0atendiendo \u00a0a \u00a0que se presenta una vulneraci\u00f3n del derecho fundamental \u00a0al \u00a0m\u00ednimo vital, pues el \u00fanico patrimonio del autor lo constitu\u00edan las obras \u00a0musicales \u00a0 que \u00a0 no \u00a0 han \u00a0 sido \u00a0 explotadas \u00a0adecuadamente \u00a0por \u00a0la \u00a0sociedad \u00a0accionada.\u00a0 \u00a0Resalt\u00f3 \u00a0que \u00a0se \u00a0trataba \u00a0de \u00a0una persona perteneciente a la \u00a0tercera \u00a0edad, \u00a0quien adem\u00e1s padec\u00eda de graves enfermedades, lo que convert\u00eda \u00a0a \u00a0la \u00a0acci\u00f3n \u00a0de \u00a0tutela \u00a0en \u00a0el \u00a0remedio \u00a0m\u00e1s \u00a0eficaz \u00a0para \u00a0evitar lesiones \u00a0irreparables \u00a0 \u00a0o \u00a0 \u00a0trasgresiones \u00a0 \u00a0a \u00a0 \u00a0los \u00a0 \u00a0derechos \u00a0 fundamentales \u00a0 del \u00a0accionante. \u00a0\u00a0<\/p>\n<p>5. \u00a0Coadyuvancia \u00a0de \u00a0la \u00a0Defensor\u00eda \u00a0del \u00a0Pueblo. \u00a0\u00a0<\/p>\n<p>La abogada asesora con funciones de directora \u00a0nacional \u00a0de \u00a0recursos \u00a0y \u00a0acciones \u00a0judiciales de la Defensor\u00eda del Pueblo, de \u00a0conformidad \u00a0con \u00a0lo se\u00f1alado en los art\u00edculos 13, 46 y 48 de del decreto 2591 \u00a0de \u00a0 \u00a019913, \u00a0solicit\u00f3 \u00a0la \u00a0protecci\u00f3n \u00a0de \u00a0los \u00a0derechos \u00a0fundamentales \u00a0del \u00a0actor.\u00a0 \u00a0Para tal fin, en primer t\u00e9rmino hizo referencia a la indefensi\u00f3n \u00a0de \u00a0cara \u00a0a \u00a0la \u00a0procedencia \u00a0de la demanda de tutela, se\u00f1alando que el juez de \u00a0primera \u00a0instancia no realiz\u00f3 ning\u00fan estudio de fondo en este punto, cuando la \u00a0Corte \u00a0Constitucional \u00a0ha explicado que el juez de tutela debe evaluar cada caso \u00a0concreto.\u00a0 \u00a0 Record\u00f3 \u00a0 que \u00a0 se \u00a0debi\u00f3 \u00a0valorar \u00a0el \u00a0especial \u00a0estado \u00a0de \u00a0vulnerabilidad \u00a0del se\u00f1or Rafael Escalona, quien se encontraba en imposibilidad \u00a0de \u00a0satisfacer \u00a0sus necesidades b\u00e1sicas, debido a la negligencia presentada por \u00a0la \u00a0sociedad \u00a0accionada \u00a0en \u00a0la explotaci\u00f3n de sus obras.\u00a0 Adicionalmente, \u00a0ratific\u00f3 \u00a0que \u00a0en \u00a0su \u00a0concepto, EDIMUSICA ejerc\u00eda una posici\u00f3n dominante que \u00a0dejaba \u00a0al \u00a0accionante \u00a0en \u00a0una \u00a0verdadera situaci\u00f3n de indefensi\u00f3n, pues nada \u00a0pod\u00eda \u00a0hacer para derivar su sustento de la explotaci\u00f3n de las obras musicales \u00a0de \u00a0su \u00a0autor\u00eda, \u00a0por \u00a0encontrarse \u00a0a \u00a0merced de la actividad desplegada por la \u00a0parte demandada. \u00a0\u00a0<\/p>\n<p>Analizada \u00a0la \u00a0procedibilidad \u00a0de la tutela, \u00a0hizo \u00a0referencia al car\u00e1cter fundamental de los derechos de autor conforme a la \u00a0jurisprudencia \u00a0de esta Corporaci\u00f3n, donde se ha se\u00f1alado que \u00e9stos adquieren \u00a0la \u00a0calidad \u00a0de \u00a0inalienables por las implicaciones que tienen para la seguridad \u00a0social del artista. \u00a0\u00a0<\/p>\n<p>Conforme \u00a0con \u00a0lo \u00a0anterior, reiter\u00f3 que la \u00a0acci\u00f3n \u00a0de \u00a0tutela ser\u00eda procedente para que el actor recobrara la plenitud de \u00a0los \u00a0derechos \u00a0ilimitadamente \u00a0trasferidos \u00a0a la empresa accionada, reservando a \u00a0los \u00a0 medios \u00a0 ordinarios \u00a0 de \u00a0defensa \u00a0las \u00a0reclamaciones \u00a0de \u00a0tipo \u00a0meramente \u00a0patrimonial, \u00a0 como \u00a0 ser\u00edan \u00a0 las \u00a0indemnizatorias \u00a0por \u00a0el \u00a0no \u00a0pago \u00a0de \u00a0las \u00a0regal\u00edas. \u00a0\u00a0<\/p>\n<p>6.\u00a0 \u00a0 \u00a0Sentencia \u00a0 \u00a0de \u00a0 \u00a0Segunda \u00a0Instancia. \u00a0\u00a0<\/p>\n<p>El Juzgado Cuarenta y Uno Penal del Circuito \u00a0de \u00a0Bogot\u00e1, \u00a0mediante fallo del 11 de noviembre de 2008, confirm\u00f3 la sentencia \u00a0de \u00a0 \u00a0primera \u00a0 \u00a0instancia.\u00a0 \u00a0 \u00a0Para \u00a0 \u00a0el \u00a0 \u00a0ad \u00a0quem, \u00a0conforme \u00a0con la jurisprudencia constitucional, \u00a0la \u00a0situaci\u00f3n \u00a0de \u00a0subordinaci\u00f3n alegada por el accionante no se presentaba en \u00a0el \u00a0caso \u00a0particular, \u00a0debido \u00a0a que tanto \u00e9l como EDIMUSICA deliberadamente se \u00a0sometieron \u00a0a \u00a0las \u00a0condiciones \u00a0contractuales \u00a0que determinaron la exigencia de \u00a0prestaciones \u00a0rec\u00edprocas \u00a0pactadas en desarrollo de la autonom\u00eda y voluntad de \u00a0las partes en un plano de igualdad. \u00a0\u00a0<\/p>\n<p>Adicionalmente \u00a0 se\u00f1al\u00f3 \u00a0que \u00a0ni \u00a0de \u00a0la \u00a0petici\u00f3n, \u00a0ni \u00a0de \u00a0las \u00a0pruebas, \u00a0se \u00a0pod\u00eda \u00a0establecer \u00a0la \u00a0existencia \u00a0de un \u00a0perjuicio \u00a0irremediable, \u00a0debido \u00a0a \u00a0que \u00a0solamente existe la manifestaci\u00f3n del \u00a0accionante, \u00a0la \u00a0que \u00a0adem\u00e1s \u00a0carece \u00a0de sustento que haga procedente la tutela \u00a0como \u00a0mecanismo \u00a0transitorio.\u00a0 \u00a0Por \u00a0tanto, estim\u00f3 que no puede el juez de \u00a0tutela asumir facultades que son propias de otras instancias. \u00a0\u00a0<\/p>\n<p>III.\u00a0 \u00a0PRUEBAS APORTADAS EN EL TR\u00c1MITE \u00a0DE LA TUTELA ANTE LOS JUECES DE INSTANCIA. \u00a0\u00a0<\/p>\n<p>En \u00a0el \u00a0tr\u00e1mite \u00a0de la acci\u00f3n de tutela en \u00a0comento obran las siguientes pruebas relevantes: \u00a0\u00a0<\/p>\n<p>1.\u00a0 \u00a0Copia \u00a0de \u00a0la \u00a0historia cl\u00ednica y \u00a0certificaciones \u00a0m\u00e9dicas \u00a0del se\u00f1or Rafael Escalona Mart\u00ednez otorgada por los \u00a0m\u00e9dicos \u00a0 tratantes \u00a0 (folios \u00a0 72 \u00a0a \u00a083 \u00a0y \u00a098 \u00a0a \u00a0118 \u00a0cuaderno \u00a0de \u00a0primera \u00a0instancia). \u00a0\u00a0<\/p>\n<p>2.\u00a0 Copia del contrato de divulgaci\u00f3n, \u00a0utilizaci\u00f3n, \u00a0publicaci\u00f3n \u00a0e inclusi\u00f3n de obras musicales, celebrado entre la \u00a0Editora \u00a0Internacional de M\u00fasica Ltda. y el se\u00f1or Rafael Escalona Mart\u00ednez el \u00a030 \u00a0 de \u00a0 septiembre \u00a0 de \u00a0 1991 \u00a0 (folios \u00a0 85 \u00a0 a \u00a0 94 \u00a0 cuaderno \u00a0de \u00a0primera \u00a0instancia). \u00a0\u00a0<\/p>\n<p>3.\u00a0 \u00a0Copia \u00a0del contrato de derechos de \u00a0autor, \u00a0celebrado entre EDIMUSICA y el se\u00f1or Rafael Escalona Mart\u00ednez el 09 de \u00a0junio \u00a0de \u00a01999, \u00a0con sus respectivos anexos (folios 96, 97 y 121 a 130 cuaderno \u00a0de primera instancia). \u00a0\u00a0<\/p>\n<p>4.\u00a0 \u00a0Copia \u00a0de \u00a0la \u00a0sentencia de tutela \u00a0proferida \u00a0por \u00a0el \u00a0Juzgado \u00a0Cincuenta \u00a0y Siete Penal Municipal con Funciones de \u00a0Control \u00a0de \u00a0Garant\u00edas \u00a0de \u00a0Bogot\u00e1, \u00a0el 12 de octubre de 2007, por medio de la \u00a0cual \u00a0se \u00a0orden\u00f3 \u00a0a \u00a0la \u00a0EPS \u00a0Cafesalud \u00a0autorizar, \u00a0suministrar \u00a0y \u00a0asumir \u00a0el \u00a0cubrimiento \u00a0econ\u00f3mico \u00a0del \u00a0100% \u00a0de \u00a0los \u00a0medicamentos y tratamiento integral \u00a0requerido \u00a0por \u00a0el \u00a0se\u00f1or \u00a0Rafael \u00a0Escalona \u00a0Mart\u00ednez, con el fin de tratar la \u00a0patolog\u00eda \u00a0 \u00a0c\u00e1ncer \u00a0 de \u00a0 pr\u00f3stata \u00a0 (folios 141 a 157 cuaderno de primera instancia). \u00a0\u00a0<\/p>\n<p>5.\u00a0 \u00a0Copia de la comunicaci\u00f3n envidada \u00a0por \u00a0la \u00a0Representante \u00a0Legal \u00a0de EDIMUSICA al se\u00f1or Rafael Escalona Mart\u00ednez, \u00a0donde \u00a0 le \u00a0 informa \u00a0 que \u00a0 le \u00a0 ha \u00a0 consignado \u00a0 la \u00a0suma \u00a0de \u00a0$7\u2019269.257.oo, \u00a0por \u00a0concepto de regal\u00edas \u00a0autorales \u00a0en \u00a0los \u00faltimos tres trimestres del a\u00f1o 2007 (folio 212 cuaderno de \u00a0primera instancia). \u00a0\u00a0<\/p>\n<p>6.\u00a0 \u00a0Copia \u00a0de \u00a0la \u00a0carta \u00a0remitida por \u00a0Discos \u00a0Fuentes \u00a0al \u00a0se\u00f1or \u00a0Rafael \u00a0Escalona Mart\u00ednez, donde se le inform\u00f3 el \u00a0valor \u00a0correspondiente a las regal\u00edas del primer trimestre de 2008, por la suma \u00a0de \u00a0$8\u2019245.260.oo, los que \u00a0le \u00a0fueron \u00a0consignados en sus cuentas bancarias.\u00a0 Adem\u00e1s del env\u00edo de un \u00a0cheque \u00a0 \u00a0por \u00a0 \u00a0la \u00a0 \u00a0suma \u00a0 \u00a0de \u00a0 $4\u2019710.942.oo \u00a0por \u00a0concepto de las regal\u00edas acumuladas en el exterior \u00a0(folio 19 cuaderno de primera instancia). \u00a0\u00a0<\/p>\n<p>IV. CONSIDERACIONES \u00a0<\/p>\n<p>1.\u00a0 Competencia. \u00a0<\/p>\n<p>Esta \u00a0Sala \u00a0de \u00a0la \u00a0Corte \u00a0Constitucional es \u00a0competente \u00a0para \u00a0revisar \u00a0la decisi\u00f3n proferida dentro de la acci\u00f3n de tutela \u00a0de \u00a0la \u00a0referencia, \u00a0de \u00a0conformidad \u00a0con \u00a0lo establecido en los art\u00edculos 86 y \u00a0241-9 \u00a0de \u00a0la Constituci\u00f3n Pol\u00edtica en concordancia con los art\u00edculos 31 a 36 \u00a0del decreto 2591 de 1991. \u00a0\u00a0<\/p>\n<p>2. \u00a0 Tr\u00e1mite \u00a0 adelantado \u00a0 en \u00a0la \u00a0Corte \u00a0Constitucional. Pertinencia de las pruebas decretadas y respuestas. \u00a0\u00a0<\/p>\n<p>El expediente de la referencia fue remitido a \u00a0esta \u00a0Corporaci\u00f3n \u00a0para su eventual revisi\u00f3n, por parte del Juzgado Cuarenta y \u00a0Uno \u00a0Penal \u00a0del \u00a0Circuito \u00a0de \u00a0Bogot\u00e1, \u00a0mediante \u00a0oficio \u00a0Num. \u00a05191 \u00a0del 04 de \u00a0diciembre de 2008. \u00a0\u00a0<\/p>\n<p>As\u00ed, \u00a0una \u00a0vez \u00a0recibido \u00a0en la Secretar\u00eda \u00a0General \u00a0de \u00a0esta Corporaci\u00f3n el 10 de diciembre de 2008, fue enviado a la Sala \u00a0de Selecci\u00f3n respectiva el 12 de diciembre de 2008. \u00a0\u00a0<\/p>\n<p>La \u00a0Sala \u00a0de Selecci\u00f3n N\u00famero Uno de 2009, \u00a0por \u00a0medio \u00a0de \u00a0auto \u00a0del 29 de enero de 2009, resolvi\u00f3 seleccionar el presente \u00a0asunto, \u00a0siendo \u00a0remitido \u00a0a este Despacho el 10 de febrero de 2009 a trav\u00e9s de \u00a0la Secretar\u00eda General. \u00a0\u00a0<\/p>\n<p>Atendiendo a que el actor expuso una serie de \u00a0argumentos \u00a0bajo los cuales pretend\u00eda que se diera por terminado el contrato de \u00a0cesi\u00f3n \u00a0de \u00a0derechos \u00a0de \u00a0autor celebrado con EDIMUSICA y al no contar la Corte \u00a0con \u00a0suficientes \u00a0fundamentos probatorios frente a las evidentes contradicciones \u00a0existentes \u00a0entre \u00a0lo \u00a0afirmado por los sujetos activo y pasivo de la acci\u00f3n de \u00a0tutela, \u00a0en \u00a0torno a la situaci\u00f3n f\u00e1ctica que le dio origen, la Sala Novena de \u00a0Revisi\u00f3n \u00a0mediante \u00a0auto \u00a0del 23 de abril de 2009, orden\u00f3 la pr\u00e1ctica de unas \u00a0pruebas \u00a0tendientes \u00a0a obtener los elementos de juicio indispensables\u00a0 para \u00a0adoptar la decisi\u00f3n correspondiente. \u00a0\u00a0<\/p>\n<p>Por \u00a0 ello, \u00a0se \u00a0solicit\u00f3 \u00a0a \u00a0la \u00a0Editora \u00a0Internacional \u00a0 \u00a0 de \u00a0 \u00a0 M\u00fasica \u00a0 \u00a0 \u2013Edimusica \u00a0Ltda.-, que remitiera copia de \u00a0los \u00a0contratos \u00a0de \u00a0derechos \u00a0de \u00a0autor \u00a0celebrados con el se\u00f1or Rafael Calixto \u00a0Escalona \u00a0Mart\u00ednez, \u00a0as\u00ed \u00a0como \u00a0un informe con sus respectivos soportes sobre: \u00a0(i) \u00a0los \u00a0anticipos \u00a0efectuados al se\u00f1or Rafael Escalona Mart\u00ednez con ocasi\u00f3n \u00a0del \u00a0contrato \u00a0de \u00a0derechos \u00a0de autor celebrado el 09 de junio de 1999; (ii) las \u00a0sumas \u00a0 de \u00a0 dinero \u00a0recaudadas \u00a0por \u00a0concepto \u00a0de \u00a0regal\u00edas, \u00a0respecto \u00a0de \u00a0la \u00a0explotaci\u00f3n \u00a0de \u00a0las \u00a0obras musicales relacionadas en el citado contrato, desde \u00a0el \u00a009 \u00a0de junio de 1999 hasta la fecha; (iii) la suma que ha sido descontada de \u00a0las \u00a0liquidaciones \u00a0de regal\u00edas causadas con ocasi\u00f3n de la explotaci\u00f3n de las \u00a0obras \u00a0musicales \u00a0del se\u00f1or Rafael Escalona Mart\u00ednez; (iv) el Estado actual de \u00a0los \u00a0anticipos \u00a0hechos al actor, explicando c\u00f3mo han sido liquidados los mismos \u00a0y \u00a0precisando \u00a0si \u00a0se \u00a0ha \u00a0tasado \u00a0alg\u00fan tipo de inter\u00e9s sobre dichas sumas de \u00a0dinero; \u00a0y \u00a0(v) \u00a0los \u00a0fundamentos \u00a0jur\u00eddicos, \u00a0econ\u00f3micos \u00a0y \u00a0financieros \u00a0que \u00a0sirvieron \u00a0de \u00a0base para establecer las cl\u00e1usulas y porcentajes establecidos en \u00a0este tipo de contratos. \u00a0\u00a0<\/p>\n<p>A \u00a0su \u00a0vez, \u00a0se \u00a0requiri\u00f3 \u00a0a \u00a0la Direcci\u00f3n \u00a0Nacional \u00a0de \u00a0Derechos \u00a0de \u00a0Autor \u00a0que \u00a0informara al despacho: (i) qui\u00e9n figura \u00a0dentro \u00a0de sus archivos como el titular de las obras musicales del se\u00f1or Rafael \u00a0Calixto \u00a0 Escalona \u00a0Mart\u00ednez; \u00a0(ii) \u00a0qu\u00e9 \u00a0fonogramas \u00a0se \u00a0han \u00a0registrado \u00a0que \u00a0contengan \u00a0las \u00a0interpretaciones de las obras del se\u00f1or Rafael Calixto Escalona \u00a0Mart\u00ednez; \u00a0 (iii) \u00a0qu\u00e9 \u00a0programas, \u00a0conforme \u00a0a \u00a0la \u00a0legislaci\u00f3n \u00a0nacional \u00a0e \u00a0internacional \u00a0en \u00a0la \u00a0materia, \u00a0han implementado para establecer l\u00edmites en la \u00a0celebraci\u00f3n \u00a0de \u00a0contratos \u00a0de cesi\u00f3n de derechos patrimoniales de autor; (iv) \u00a0si \u00a0para el caso, la firma editora es aut\u00f3noma para fijar las tarifas, celebrar \u00a0contratos \u00a0y \u00a0efectuar \u00a0cobros \u00a0por \u00a0la \u00a0explotaci\u00f3n \u00a0de las obras musicales de \u00a0se\u00f1or \u00a0Rafael \u00a0Calixto \u00a0Escalona \u00a0Mart\u00ednez, \u00a0sin \u00a0que \u00e9ste tenga injerencia o \u00a0poder \u00a0de \u00a0decisi\u00f3n al respecto; y (v) qu\u00e9 elementos constituyen las regal\u00edas \u00a0por \u00a0concepto \u00a0de \u00a0la \u00a0explotaci\u00f3n \u00a0de \u00a0las \u00a0obras \u00a0musicales del se\u00f1or Rafael \u00a0Calixto Escalona Mart\u00ednez. \u00a0\u00a0<\/p>\n<p>Adem\u00e1s, se orden\u00f3 a la Sociedad de Autores \u00a0y \u00a0Compositores \u2013SAYCO-, que \u00a0informara: \u00a0 (i) \u00a0 cu\u00e1nto \u00a0 se \u00a0 ha \u00a0recaudado \u00a0por \u00a0concepto \u00a0de \u00a0derechos \u00a0de \u00a0comunicaci\u00f3n \u00a0p\u00fablica de las obras de Rafael Calixto Escalona Mart\u00ednez, desde \u00a0el \u00a0mes \u00a0de \u00a0junio \u00a0de \u00a01999 hasta la fecha, indic\u00e1ndose a quien son entregados \u00a0dichos \u00a0valores; (ii) qu\u00e9 beneficios son otorgados a los socios de SAYCO; (iii) \u00a0qu\u00e9 \u00a0programas existen respecto de los autores pertenecientes a la tercera edad \u00a0y \u00a0cu\u00e1les \u00a0le han sido aplicados al se\u00f1or Rafael Calixto Escalona Mart\u00ednez; y \u00a0(iv) \u00a0si dentro del contrato de derechos de autor celebrado entre Rafael Calixto \u00a0Escalona \u00a0Mart\u00ednez \u00a0y \u00a0la \u00a0Editora \u00a0Internacional de M\u00fasica, el 09 de junio de \u00a01999, \u00a0tuvo \u00a0alg\u00fan \u00a0tipo \u00a0de \u00a0participaci\u00f3n \u00a0o \u00a0prest\u00f3 alguna asesor\u00eda a las \u00a0partes. \u00a0\u00a0<\/p>\n<p>Por \u00a0otra \u00a0parte, \u00a0se \u00a0dispuso \u00a0que tanto el \u00a0Ministerio \u00a0del Interior y de Justicia como el Ministerio de Cultura, informaran \u00a0si \u00a0existe \u00a0alg\u00fan \u00a0programa para la protecci\u00f3n de los autores y en especial de \u00a0aquellos pertenecientes a la tercera edad. \u00a0\u00a0<\/p>\n<p>Por \u00a0 \u00faltimo, \u00a0 se \u00a0solicit\u00f3 \u00a0al \u00a0Centro \u00a0Colombiano \u00a0 del \u00a0 Derecho \u00a0de \u00a0Autor \u00a0\u2013CECOLDA-, \u00a0se \u00a0pronunciara \u00a0respecto \u00a0de \u00a0la legislaci\u00f3n nacional e \u00a0internacional, \u00a0aplicable \u00a0a \u00a0los \u00a0casos de cesi\u00f3n de derechos patrimoniales de \u00a0autor \u00a0y especialmente si existe alg\u00fan tipo de l\u00edmite temporal o porcentual en \u00a0la explotaci\u00f3n de las obras, en este tipo de contratos. \u00a0\u00a0<\/p>\n<p>Conforme \u00a0a \u00a0lo \u00a0anterior \u00a0y \u00a0de \u00a0acuerdo al \u00a0informe \u00a0entregado por la Secretar\u00eda General de esta Corporaci\u00f3n el d\u00eda 11 de \u00a0mayo \u00a0 \u00a0de \u00a0 \u00a02009, \u00a0 \u00a0de \u00a0 las \u00a0 pruebas \u00a0 solicitadas \u00a0 se \u00a0 recopilaron \u00a0 las \u00a0siguientes: \u00a0\u00a0<\/p>\n<p>\u00a0 \u00a0\u00a0<\/p>\n<p>* Informe \u00a0 rendido \u00a0 por \u00a0 la \u00a0 Editora \u00a0 Internacional \u00a0 de \u00a0M\u00fasica \u00a0\u2013EDIMUSICA Ltda.- donde se \u00a0anex\u00f3 \u00a0copia \u00a0de \u00a0los \u00a0contratos \u00a0de derechos de autor celebrados con el se\u00f1or \u00a0Rafael \u00a0Escalona \u00a0Mart\u00ednez \u00a0el \u00a002 \u00a0de \u00a0septiembre \u00a0de 1991 y el 09 de junio de \u00a01999.\u00a0 \u00a0Adem\u00e1s \u00a0se \u00a0se\u00f1al\u00f3 \u00a0que \u201c[a] \u00a0la \u00a0fecha \u00a0se ha entregado al maestro \u00a0Rafael \u00a0 Escalona \u00a0 en \u00a0 anticipos \u00a0 y \u00a0 en \u00a0 pagos \u00a0 no \u00a0abonados \u00a0la \u00a0suma \u00a0de \u00a0$324.043.635.00\u201d, \u00a0monto \u00a0de dinero que fue soportado a trav\u00e9s de varios \u00a0anexos.\u00a0 \u00a0A su vez adjunt\u00f3 copias de las liquidaciones de regal\u00edas de los \u00a0dineros \u00a0recaudados \u00a0por \u00a0las \u00a0obras \u00a0cedidas desde el tercer trimestre del a\u00f1o \u00a02004 \u00a0 hasta \u00a0el \u00a0cuarto \u00a0trimestre \u00a0de \u00a02008.\u00a0 \u00a0Aclar\u00f3 \u00a0que \u00a0los \u00a0dineros \u00a0entregados \u00a0como anticipos no generan ning\u00fan tipo de inter\u00e9s y que las tarifas \u00a0pactadas \u00a0en \u00a0los \u00a0contratos \u00a0son \u00a0las \u00a0usuales \u00a0en los convenios relativos a la \u00a0administraci\u00f3n de las obras musicales. \u00a0 \u00a0\u00a0<\/p>\n<p>Adicionalmente a lo solicitado por esta Sala \u00a0de \u00a0Revisi\u00f3n, \u00a0la \u00a0sociedad \u00a0editora se\u00f1al\u00f3 que solamente efect\u00faa el recaudo \u00a0por \u00a0 regal\u00edas \u00a0 fotomec\u00e1nicas \u00a0 generadas \u00a0por \u00a0la \u00a0reproducci\u00f3n \u00a0de \u00a0discos \u00a0compactos, \u00a0de \u00a0los \u00a0cuales \u00a0el \u00a0m\u00e1s \u00a0vendido \u00a0fue \u00a0en \u00a0su \u00e9poca el denominado \u00a0\u201cun \u00a0 \u00a0canto \u00a0 \u00a0a \u00a0 \u00a0la \u00a0 \u00a0vida\u201d \u00a0 \u00a0interpretado \u00a0 por \u00a0 Carlos \u00a0Vives, \u00a0cuyas \u00a0ventas \u00a0fueron \u00a0pactadas \u00a0directamente \u00a0por \u00a0el accionante.\u00a0 Agreg\u00f3 que el se\u00f1or Escalona Mart\u00ednez \u00a0firm\u00f3 \u00a0 un \u00a0 contrato \u00a0 de \u00a0 transacci\u00f3n \u00a0 con \u00a0 Caracol, \u00a0de \u00a0$45\u2019608.969 \u00a0en \u00a01996, \u00a0por \u00a0los \u00a0derechos \u00a0autorales \u00a0 del \u00a0 seriado \u00a0 \u201cEscalona\u201d, \u00a0as\u00ed \u00a0como \u00a0los dineros obtenidos por la promoci\u00f3n del DVD de la \u00a0misma serie. \u00a0\u00a0<\/p>\n<p>Expuso \u00a0que \u00a0el \u00a0mercado \u00a0musical colombiano \u00a0presenta \u00a0una pirater\u00eda del 70% seg\u00fan las estad\u00edsticas de la Asociaci\u00f3n para \u00a0la \u00a0defensa \u00a0de \u00a0los Derechos Intelectuales de los Fonogramas y por tanto, s\u00f3lo \u00a0el \u00a030% \u00a0del \u00a0mercado \u00a0es el que paga las regal\u00edas y sobre el cual se hacen los \u00a0pagos \u00a0al \u00a0actor.\u00a0 \u00a0A\u00f1adi\u00f3 \u00a0que \u00a0los \u00a0cobros \u00a0y \u00a0pagos \u00a0por comunicaci\u00f3n \u00a0p\u00fablica de sus obras son hechos directamente por SAYCO. \u00a0\u00a0<\/p>\n<p>Por \u00a0otra \u00a0parte, precis\u00f3 que la empresa ha \u00a0realizado \u00a0una \u00a0excelente \u00a0labor \u00a0de \u00a0promoci\u00f3n de las obras objeto de reclamo, \u00a0lanzando \u00a0diversos \u00a0productos \u00a0discogr\u00e1ficos \u00a0al \u00a0mercado, \u00a0realizando \u00a0videos, \u00a0ringtones \u00a0y \u00a0prensajes \u00a0especiales, \u00a0lo \u00a0que \u00a0no ha generado mayores beneficios \u00a0econ\u00f3micos \u00a0y \u00a0sin \u00a0embargo, \u00a0entregaron \u00a0al \u00a0actor \u00a0m\u00e1s \u00a0de \u00a0$300\u2019000.000.oo. \u00a0\u00a0<\/p>\n<p>Finalmente asevera que no han podido realizar \u00a0una \u00a0administraci\u00f3n \u00a0pac\u00edfica \u00a0de \u00a0las \u00a0obras \u00a0del \u00a0se\u00f1or Escalona Mart\u00ednez, \u00a0atendiendo \u00a0a que la editora EMLASA de M\u00e9xico cobra las regal\u00edas por las obras \u00a0El \u00a0Medall\u00f3n, \u00a0El \u00a0Testamento, \u00a0La Casa en el A\u00edre y \u00a0Rosa \u00a0Mar\u00eda \u00a0e igualmente con la editora PEER M\u00daSICA \u00a0est\u00e1n \u00a0en \u00a0disputa las obras El Ermita\u00f1o y \u00a0 \u00a0 \u00a0 La \u00a0 \u00a0 \u00a0 Molinera.\u00a0 \u00a0 Sobre \u00a0este \u00a0asunto \u00a0en \u00a0particular \u00a0anexa \u00a0una \u00a0serie \u00a0de \u00a0documentos en los cuales basa su afirmaci\u00f3n. \u00a0\u00a0<\/p>\n<p>\u00a0 \u00a0\u00a0<\/p>\n<p>* Informe \u00a0rendido \u00a0por \u00a0la \u00a0Direcci\u00f3n Nacional de Derechos de Autor, \u00a0donde \u00a0en \u00a0primer \u00a0t\u00e9rmino se hizo referencia a los actos y contratos inscritos \u00a0ante \u00a0el \u00a0Registro \u00a0Nacional \u00a0de \u00a0Derechos \u00a0de \u00a0Autor \u00a0en los cuales figura como \u00a0interviniente el se\u00f1or Rafael Escalona, as\u00ed: \u00a0 \u00a0\u00a0<\/p>\n<p>1. \u00a0Contrato \u00a0denominado \u00a0por \u00a0las \u00a0partes \u00a0de \u00a0 \u00a0\u201cinclusi\u00f3n \u00a0 \u00a0en \u00a0 fonograma\u201d, \u00a0en \u00a0el \u00a0cual \u00a0figura como intervinientes: el se\u00f1or EMILIO FORTOU \u00a0PEREIRA \u00a0en \u00a0representaci\u00f3n \u00a0de \u00a0INDUSTRIAS \u00a0FONOGR\u00c1FICAS \u00a0y \u00a0RAFAEL \u00a0ESCALONA \u00a0MART\u00cdNEZ, el que fue registrado el 19 de septiembre de 1991. \u00a0\u00a0<\/p>\n<p>2. \u00a0Contrato \u00a0denominado \u00a0por \u00a0las \u00a0partes \u00a0de \u00a0\u201cCesi\u00f3n\u201d, en el cual \u00a0figuran \u00a0como \u00a0intervinientes el se\u00f1or RAFAEL ESCALONA MART\u00cdNEZ, en calidad de \u00a0autor, \u00a0y \u00a0el \u00a0se\u00f1or DIEGO FERNANDO LONDO\u00d1O, en calidad de representante legal \u00a0de \u00a0CARACOL \u00a0TELEVISI\u00d3N S.A., el que fue registrado el d\u00eda 19 de septiembre de \u00a01991, \u00a0 pact\u00e1ndose \u00a0 principalmente \u00a0que \u00a0el \u00a0actor \u00a0se \u00a0obligaba \u00a0con \u00a0Caracol \u00a0Televisi\u00f3n \u00a0a \u00a0narrar \u00a0las \u00a0an\u00e9cdotas de su vida para que con base en ellas se \u00a0produjera \u00a0una \u00a0obra \u00a0cinematogr\u00e1fica y de video, autoriz\u00e1ndose adicionalmente \u00a0la \u00a0utilizaci\u00f3n \u00a0en \u00a0forma \u00a0exclusiva \u00a0de la totalidad de la obra musical de su \u00a0autor\u00eda, dentro de la citada obra cinematogr\u00e1fica y de video. \u00a0\u00a0<\/p>\n<p>3. \u00a0 \u00a0Contrato \u00a0 \u00a0denominado \u00a0\u201cInclusi\u00f3n \u00a0en Fonograma\u201d, que tiene \u00a0por \u00a0partes \u00a0intervinientes \u00a0al \u00a0se\u00f1or \u00a0RAFAEL ESCALONA MART\u00cdNEZ en calidad de \u00a0autor \u00a0y \u00a0a \u00a0la \u00a0se\u00f1ora \u00a0ROSA \u00a0GAVIRIA \u00a0GAVIRIA, como representante legal de la \u00a0EDITORA \u00a0INTERNACIONAL \u00a0DE \u00a0M\u00daSICA \u00a0EDIMUSICA, \u00a0el \u00a0que fue registrado el 28 de \u00a0octubre de 1991. \u00a0\u00a0<\/p>\n<p>4. \u00a0Contrato \u00a0de \u00a0cesi\u00f3n y transferencia de \u00a0derechos \u00a0de \u00a0autor \u00a0de \u00a0las \u00a0obras \u00a0relacionadas \u00a0en su anexo \u201cA\u201d, entre el \u00a0se\u00f1or \u00a0RAFAEL ESCALONA MART\u00cdNEZ y EDIM\u00daSICA LTDA., el cual tuvo como fecha de \u00a0inscripci\u00f3n \u00a0en \u00a0el \u00a0Registro \u00a0Nacional \u00a0de Derechos de Autor el 09 de julio de \u00a01999. \u00a0\u00a0<\/p>\n<p>5. \u00a0Contrato de transferencia de derechos de \u00a0autor, \u00a0suscrito \u00a0por \u00a0el accionante y la se\u00f1ora Luz Mar\u00eda Zambrano Hern\u00e1ndez \u00a0(c\u00f3nyuge), registrado el 13 de diciembre de 2007. \u00a0\u00a0<\/p>\n<p>Por \u00a0otra \u00a0parte, \u00a0en \u00a0el aludido informe se \u00a0advirti\u00f3 \u00a0que \u00a0conforme \u00a0con \u00a0el \u00a0art\u00edculo 3 de la ley 23 de 1982, los autores \u00a0tienen \u00a0la \u00a0facultad \u00a0exclusiva \u00a0para disponer de sus obras a t\u00edtulo gratuito u \u00a0oneroso \u00a0bajo las condiciones l\u00edcitas que su libre criterio les dicte.\u00a0 En \u00a0consecuencia, \u00a0los \u00a0contratos \u00a0celebrados \u00a0entre \u00a0la firma editora y el autor se \u00a0rigen \u00a0por \u00a0los principios del contrato de edici\u00f3n de obras literarias, el cual \u00a0es \u00a0 ley \u00a0 para \u00a0 las \u00a0 partes \u00a0 conforme \u00a0 a \u00a0 las \u00a0disposiciones \u00a0del \u00a0derecho \u00a0civil. \u00a0\u00a0<\/p>\n<p>\u00a0 \u00a0\u00a0<\/p>\n<p>* Informe \u00a0 remitido \u00a0 por \u00a0la \u00a0Sociedad \u00a0de \u00a0Autores \u00a0y \u00a0Compositores \u00a0\u2013Sayco-, \u00a0donde se se\u00f1ala \u00a0los \u00a0dineros \u00a0recaudados \u00a0y \u00a0pagados a cada derechohabiente por la ejecuci\u00f3n de \u00a0las obras de Rafael Escalona, as\u00ed: \u00a0 \u00a0\u00a0<\/p>\n<p>DERECHOHABIENTE \u00a0\u00a0 \u00a0 \u00a0 \u00a0 \u00a0 \u00a0<\/p>\n<p>RECAUDADO \u00a0\u00a0 \u00a0 \u00a0 \u00a0 \u00a0 \u00a0<\/p>\n<p>PAGADO \u00a0<\/p>\n<p>Escalona \u00a0Mart\u00ednez \u00a0Rafael \u00a0\u00a0 \u00a0 \u00a0 \u00a0 \u00a0 \u00a0<\/p>\n<p>322.610.520.82 \u00a0\u00a0 \u00a0 \u00a0 \u00a0 \u00a0 \u00a0<\/p>\n<p>220.236.326.31 \u00a0<\/p>\n<p>Discos \u00a0 Fuentes \u00a0EDIMUSICA S.A. \u00a0\u00a0 \u00a0 \u00a0 \u00a0 \u00a0 \u00a0<\/p>\n<p>35.442.635.75 \u00a0\u00a0 \u00a0 \u00a0 \u00a0 \u00a0 \u00a0<\/p>\n<p>23.324.459.26 \u00a0<\/p>\n<p>EDIMUSICA \u00a0LTDA. \u00a0\u00a0 \u00a0 \u00a0 \u00a0 \u00a0 \u00a0<\/p>\n<p>25.015.463.05 \u00a0\u00a0 \u00a0 \u00a0 \u00a0 \u00a0 \u00a0<\/p>\n<p>14.835.304.71 \u00a0<\/p>\n<p>PRODEMUS \u00a0LTDA. \u00a0\u00a0 \u00a0 \u00a0 \u00a0 \u00a0 \u00a0<\/p>\n<p>22.467.752.30 \u00a0\u00a0 \u00a0 \u00a0 \u00a0 \u00a0 \u00a0<\/p>\n<p>14.090.326.47 \u00a0<\/p>\n<p>TOTALES \u00a0\u00a0 \u00a0 \u00a0 \u00a0 \u00a0 \u00a0<\/p>\n<p>405.536.371.92 \u00a0\u00a0 \u00a0 \u00a0 \u00a0 \u00a0 \u00a0<\/p>\n<p>272.486.416.75 \u00a0<\/p>\n<p>Adem\u00e1s, \u00a0expone \u00a0que \u00a0el se\u00f1or Escalona se \u00a0encuentra recibiendo beneficios en los siguientes programas: \u00a0\u00a0<\/p>\n<p>&#8211; EPS Cafesalud con su grupo familiar con un \u00a0aporte mensual de ($122.250,oo) \u00a0\u00a0<\/p>\n<p>&#8211; \u00a0Medicina Prepagada en Cafesalud (Gourmet) \u00a0mensual ($687.610,oo) \u00a0\u00a0<\/p>\n<p>&#8211; \u00a0Medicina Prepagada en Cafesalud (excelso) \u00a0por \u00a0 \u00a0un \u00a0 \u00a0nieto \u00a0 \u00a0y \u00a0 \u00a0c\u00f3nyuge \u00a0 \u00a0Luz \u00a0 \u00a0Marina \u00a0 Zambrano \u00a0 semestralmente \u00a0($1.664.520.,oo) \u00a0\u00a0<\/p>\n<p>&#8211;\u00a0 \u00a0 \u00a0 Reconocimiento \u00a0 \u00a0 mensual \u00a0($1.500.000,oo) \u00a0\u00a0<\/p>\n<p>&#8211;\u00a0 \u00a0Seguro exequial (Plan Preferencial) \u00a0en Cristo Rey con su c\u00f3nyuge (9.400,oo) mensuales. \u00a0\u00a0<\/p>\n<p>&#8211;\u00a0 \u00a0Medicamentos, \u00a0hospitalizaciones \u00a0y \u00a0tratamientos \u00a0m\u00e9dicos \u00a0cada \u00a0vez \u00a0que \u00a0requiere \u00a0de \u00a0este \u00a0servicio \u00a0por no ser \u00a0cubiertos por el POS ni por medicina prepagada. \u00a0\u00a0<\/p>\n<p>\u00a0 \u00a0\u00a0<\/p>\n<p>* Oficios \u00a0remitido por el Ministerio del Interior y de Justicia en el \u00a0cual \u00a0 se\u00f1al\u00f3 \u00a0que \u00a0dentro \u00a0de \u00a0las \u00a0competencias \u00a0asignadas \u00a0a \u00a0ese \u00a0despacho \u00a0ministerial \u00a0no \u00a0est\u00e1 \u00a0contemplada \u00a0de \u00a0manera \u00a0puntual \u00a0la \u00a0protecci\u00f3n de los \u00a0autores \u00a0 y \u00a0en \u00a0especial \u00a0aquellos \u00a0pertenecientes \u00a0a \u00a0la \u00a0tercera \u00a0edad.\u00a0 \u00a0Indicando \u00a0que \u00a0en materia de derechos de autor y conexos la unidad encargada es \u00a0la Direcci\u00f3n Nacional de Derechos de Autor. \u00a0 \u00a0\u00a0<\/p>\n<p>\u00a0 \u00a0\u00a0<\/p>\n<p>* Oficio \u00a0remitido \u00a0por \u00a0el \u00a0Ministerio de Cultura, por medio del cual \u00a0inform\u00f3 \u00a0que \u00a0dentro \u00a0de \u00a0dicho \u00a0ministerio \u00a0no \u00a0existe \u00a0un \u00a0programa \u00a0para \u00a0la \u00a0protecci\u00f3n \u00a0de \u00a0los \u00a0autores, \u00a0en especial aquellos pertenecientes a la tercera \u00a0edad. \u00a0 \u00a0\u00a0<\/p>\n<p>\u00a0 \u00a0\u00a0<\/p>\n<p>* Informe \u00a0presentado \u00a0por \u00a0el \u00a0Centro Colombiano del Derecho de Autor \u00a0\u2013CECOLDA-, \u00a0donde \u00a0entre \u00a0otras \u00a0cosas \u00a0se \u00a0plante\u00f3 que dentro de la propiedad intelectual se manejan dos \u00a0dimensiones, \u00a0la \u00a0parte \u00a0moral \u00a0y \u00a0la parte patrimonial, en las que los derechos \u00a0morales \u00a0son \u00a0inalienables, \u00a0irrenunciables, \u00a0e \u00a0imprescriptibles, \u00a0mientras \u00a0lo \u00a0contrario \u00a0ocurre \u00a0con \u00a0los \u00a0derechos \u00a0patrimoniales. \u00a0Advirtiendo \u00a0adem\u00e1s, que \u00a0dentro \u00a0de \u00a0este \u00a0tipo de relaciones contractuales la parte d\u00e9bil la constituye \u00a0el \u00a0autor, \u00a0por \u00a0tanto, la jurisprudencia y la doctrina se han ocupado de sentar \u00a0unos \u00a0principios \u00a0bajo \u00a0los \u00a0cuales \u00a0debe \u00a0desarrollarse \u00a0este \u00a0tipo \u00a0de negocio \u00a0jur\u00eddico. \u00a0 \u00a0\u00a0<\/p>\n<p>3. \u00a0An\u00e1lisis \u00a0de \u00a0las \u00a0circunstancias \u00a0que \u00a0motivaron el presente asunto a pesar del fallecimiento del actor. \u00a0\u00a0<\/p>\n<p>Durante \u00a0el \u00a0tr\u00e1mite \u00a0de \u00a0revisi\u00f3n \u00a0de \u00a0la \u00a0acci\u00f3n \u00a0de \u00a0tutela, \u00a0la \u00a0Corte \u00a0tuvo \u00a0conocimiento de que el d\u00eda 13 de mayo de \u00a02009, \u00a0esto \u00a0es \u00a0dos \u00a0d\u00edas \u00a0despu\u00e9s de haberse recibido el material probatorio \u00a0solicitado \u00a0 por \u00a0 la \u00a0 Sala, \u00a0 el \u00a0se\u00f1or \u00a0Rafael \u00a0Calixto \u00a0Escalona \u00a0Mart\u00ednez \u00a0falleci\u00f3. \u00a0\u00a0<\/p>\n<p>A \u00a0pesar \u00a0de \u00a0este \u00a0hecho \u00a0sobreviniente, de \u00a0acuerdo \u00a0con \u00a0lo \u00a0afirmado \u00a0por \u00a0la Corte Constitucional frente a circunstancias \u00a0como \u00a0las \u00a0que \u00a0ahora \u00a0ocupan \u00a0la \u00a0atenci\u00f3n \u00a0de \u00a0la \u00a0Sala, subsiste el deber de \u00a0analizar, entre otras, las siguientes razones: \u00a0\u00a0<\/p>\n<p>\u201c(\u2026) \u00a0la \u00a0circunstancia de la muerte del \u00a0actor \u00a0en \u00a0tutela \u00a0configura un da\u00f1o consumado, que no necesariamente conduce a \u00a0la \u00a0improcedencia de la tutela porque \u201cla existencia de una carencia actual de \u00a0objeto \u00a0no es \u00f3bice para que la Corte analice\u201d a trav\u00e9s del estudio de fondo \u00a0sobre \u00a0la \u00a0vulneraci\u00f3n \u00a0que \u00a0se \u00a0puso \u00a0en conocimiento de los jueces de tutela, \u00a0\u201csi \u00a0existi\u00f3 \u00a0una vulneraci\u00f3n y, de esta manera, determine el alcance de los \u00a0derechos \u00a0 \u00a0fundamentales \u00a0 \u00a0cuya \u00a0 \u00a0protecci\u00f3n \u00a0 \u00a0se \u00a0 solicita\u201d4. \u00a0\u00a0<\/p>\n<p>En \u00a0efecto, \u00a0la \u00a0Corte \u00a0Constitucional \u00a0ha \u00a0sostenido \u00a0que, \u00a0aunque ocurra la muerte del peticionario durante el tr\u00e1mite de \u00a0la \u00a0tutela, \u00a0conserva \u00a0la \u00a0competencia \u00a0para \u00a0emitir un pronunciamiento sobre la \u00a0cuesti\u00f3n \u00a0objeto \u00a0de \u00a0debate, \u00a0porque \u00a0si \u00a0bien \u00a0es \u00a0cierto \u00a0que por esa causa, \u00a0entendida \u00a0como un da\u00f1o consumado, la Corte queda impedida para impartir contra \u00a0el \u00a0demandado \u00a0la orden a que hace referencia el art\u00edculo 86 Superior, tambi\u00e9n \u00a0lo \u00a0es \u00a0que \u00a0en \u00a0virtud \u00a0de \u00a0su \u00a0funci\u00f3n secundaria5, \u00a0en \u00a0la eventual revisi\u00f3n de \u00a0los \u00a0fallos \u00a0de \u00a0tutela, \u00a0debe \u00a0resolver sobre el fondo del asunto sometido a su \u00a0estudio, \u00a0i.) en cumplimiento \u00a0de \u00a0lo \u00a0dispuesto \u00a0por el art\u00edculo 29 del Decreto 2591 de 1991, que proh\u00edbe la \u00a0emisi\u00f3n \u00a0 de \u00a0 fallos \u00a0 inhibitorios \u00a0 en \u00a0materia \u00a0de \u00a0tutela \u00a0y \u00a0ii.) \u00a0 en \u00a0 consideraci\u00f3n \u00a0 a \u00a0que \u00a0sus \u00a0funciones, \u00a0en \u00a0materia \u00a0de \u00a0tutela, \u00a0exceden a las que cumple ordinariamente un \u00a0tribunal \u00a0 \u00a0 \u00a0 \u00a0 \u00a0 \u00a0de \u00a0 \u00a0 \u00a0 \u00a0 \u00a0 instancia6. \u00a0\u00a0<\/p>\n<p>(\u2026) \u00a0<\/p>\n<p>En \u00a0el \u00a0an\u00e1lisis \u00a0de \u00a0la carencia actual de \u00a0objeto, \u00a0resulta \u00a0necesario, \u00a0para \u00a0efectos \u00a0de \u00a0la \u00a0decisi\u00f3n, determinar si la \u00a0protecci\u00f3n \u00a0ius \u00a0fundamental \u00a0tiene \u00a0vocaci\u00f3n \u00a0necesaria \u00a0de proyectarse hacia \u00a0herederos \u00a0o \u00a0familiares \u00a0o \u00a0no \u00a0y \u00a0cu\u00e1l \u00a0es \u00a0la \u00a0incidencia \u00a0del \u00a0momento \u00a0del \u00a0fallecimiento \u00a0del \u00a0accionante, si ello ocurre antes de los fallos de instancia, \u00a0antes \u00a0 de \u00a0 la \u00a0 revisi\u00f3n \u00a0por \u00a0la \u00a0Corte, \u00a0o \u00a0durante \u00a0la \u00a0revisi\u00f3n \u00a0por \u00a0la \u00a0Corte.\u201d7 \u00a0\u00a0<\/p>\n<p>En ese orden de ideas, esta Sala proceder\u00e1 a \u00a0pronunciarse \u00a0de \u00a0fondo \u00a0sobre \u00a0el \u00a0asunto \u00a0a \u00a0pesar del fallecimiento del actor \u00a0durante \u00a0el tr\u00e1mite de la revisi\u00f3n de la tutela.\u00a0 Ello tambi\u00e9n obedece a \u00a0las \u00a0particularidades \u00a0que \u00a0ofrece \u00a0este \u00a0asunto de cara a la protecci\u00f3n de los \u00a0derechos patrimoniales de autor. \u00a0\u00a0<\/p>\n<p>4. Presentaci\u00f3n del caso y planteamiento del \u00a0problema jur\u00eddico. \u00a0\u00a0<\/p>\n<p>4.1. El actor solicit\u00f3 se declarar\u00e1 que sus \u00a0derechos \u00a0 patrimoniales \u00a0 de \u00a0 autor \u00a0 son \u00a0inalienables \u00a0e \u00a0intransferibles \u00a0y \u00a0consecuencialmente \u00a0se \u00a0rescinda \u00a0la \u00a0cesi\u00f3n \u00a0de \u00a0derechos \u00a0hecha \u00a0a \u00a0favor \u00a0de \u00a0EDIMUSICA, \u00a0mediante \u00a0los \u00a0contratos \u00a0de fechas 02 de septiembre de 1991 y 09 de \u00a0junio \u00a0de \u00a01999, adem\u00e1s de los contratos de subedici\u00f3n por medio de los cuales \u00a0se \u00a0ven\u00eda \u00a0efectuando \u00a0el \u00a0recaudo \u00a0de \u00a0las \u00a0regal\u00edas \u00a0a \u00a0nivel internacional. \u00a0\u00a0<\/p>\n<p>Sobre \u00a0este \u00a0particular \u00a0expuso \u00a0que \u00a0de \u00a0la \u00a0cesi\u00f3n \u00a0de \u00a0sus \u00a0obras \u00a0la \u00a0\u00fanica \u00a0suma percibida por tal concepto ascend\u00eda a \u00a0$150\u2019000.000,oo entregados \u00a0en \u00a0el \u00a0a\u00f1o \u00a0de \u00a01999 \u00a0a \u00a0manera \u00a0de \u00a0anticipo, \u00a0los \u00a0cuales \u00a0han venido siendo \u00a0descontados \u00a0en \u00a0un 100% por concepto de regal\u00edas, quedando a la fecha un saldo \u00a0a \u00a0 \u00a0favor \u00a0 de \u00a0 la \u00a0 sociedad \u00a0 editora \u00a0 superior \u00a0 a \u00a0 los \u00a0 $80\u2019000.000,oo.\u00a0 Por tanto, consider\u00f3 \u00a0que \u00a0la \u00a0gesti\u00f3n desarrollada por la firma accionada carec\u00eda de diligencia, en \u00a0la \u00a0medida \u00a0que \u00a0no \u00a0se hab\u00eda adelantado una labor tendiente a obtener la mayor \u00a0promoci\u00f3n, \u00a0difusi\u00f3n, \u00a0explotaci\u00f3n \u00a0comercial \u00a0y divulgaci\u00f3n de dichas obras \u00a0musicales, \u00a0lo \u00a0que \u00a0se \u00a0hace \u00a0manifiesto \u00a0en los escasos resultados econ\u00f3micos \u00a0obtenidos. \u00a0Adem\u00e1s se\u00f1al\u00f3 que la firma accionada no era puntual en la entrega \u00a0de \u00a0los \u00a0informes \u00a0o reportes de regal\u00edas percibidas por la explotaci\u00f3n de sus \u00a0obras.\u00a0 Todo ello en su opini\u00f3n vulneraba el m\u00ednimo vital. \u00a0\u00a0<\/p>\n<p>4.2. \u00a0Por \u00a0su \u00a0parte, EDIMUSICA se\u00f1al\u00f3 que \u00a0hizo \u00a0 grandes \u00a0 anticipos \u00a0 econ\u00f3micos \u00a0 por \u00a0valor \u00a0de \u00a0trescientos \u00a0millones \u00a0trescientos \u00a0cincuenta \u00a0mil \u00a0pesos ($300\u2019350.000.oo), \u00a0de \u00a0los \u00a0cuales \u00a0a \u00a0la fecha en que fue interpuesta la \u00a0acci\u00f3n \u00a0de \u00a0tutela, \u00a0el \u00a0actor \u00a0adeudaba \u00a0la \u00a0suma \u00a0de \u00a0setenta y seis millones \u00a0ochocientos \u00a0sesenta \u00a0y \u00a0siete \u00a0mil \u00a0trescientos \u00a0setenta pesos ($76\u2019867.370.oo).\u00a0 \u00a0 Advirti\u00f3 \u00a0que \u00a0a \u00a0pesar \u00a0del \u00a0saldo \u00a0existente, \u00a0se \u00a0abstuvieron \u00a0de \u00a0retenerle \u00a0cualquier suma de \u00a0dinero, \u00a0consignando \u00a0sus \u00a0regal\u00edas \u00a0a \u00a0partir \u00a0del \u00a0a\u00f1o \u00a02008, sin efectuarle \u00a0ning\u00fan \u00a0tipo \u00a0de \u00a0descuento.\u00a0 En consecuencia se\u00f1alaron que entregaron al \u00a0accionante \u00a0veinte millones doscientos veinticinco mil cuatrocientos cincuenta y \u00a0nueve \u00a0 \u00a0 \u00a0 \u00a0 pesos \u00a0 \u00a0 \u00a0 \u00a0 ($20\u2019225.459,oo), \u00a0pagos \u00a0recibidos a conformidad y tres millones noventa \u00a0y \u00a0 \u00a0cinco \u00a0 \u00a0mil \u00a0 \u00a0setecientos \u00a0 \u00a0ochenta \u00a0 y \u00a0 ocho \u00a0 pesos \u00a0 ($3\u2019095.788,oo) \u00a0correspondiente al segundo \u00a0trimestre \u00a0 de \u00a0 2008. \u00a0En \u00a0cuanto \u00a0a \u00a0los \u00a0informes \u00a0se\u00f1al\u00f3 \u00a0que \u00a0los \u00a0envi\u00f3 \u00a0peri\u00f3dicamente pero fueron extraviados por el actor. \u00a0\u00a0<\/p>\n<p>Adem\u00e1s, \u00a0expuso \u00a0que \u00a0la \u00a0tutela no resulta \u00a0procedente \u00a0por \u00a0cuanto \u00a0no \u00a0se \u00a0cumplen \u00a0con los presupuestos consagrados en el \u00a0art\u00edculo \u00a042 \u00a0del \u00a0decreto \u00a02591 \u00a0de \u00a01991, al no presentarse una situaci\u00f3n de \u00a0subordinaci\u00f3n \u00a0o \u00a0indefensi\u00f3n. \u00a0Tambi\u00e9n \u00a0hizo \u00a0referencia \u00a0a la existencia de \u00a0otros \u00a0medios \u00a0de defensa judicial a los cuales pod\u00eda acudir el accionante para \u00a0solicitar la resoluci\u00f3n de los contratos. \u00a0\u00a0<\/p>\n<p>4.3. \u00a0Frente \u00a0a \u00a0la \u00a0evidente contradicci\u00f3n \u00a0entre \u00a0las \u00a0afirmaciones \u00a0hechas \u00a0por \u00a0las \u00a0partes \u00a0y \u00a0la \u00a0ausencia \u00a0de material \u00a0probatorio \u00a0que brindara luces al respecto, esta Sala de Revisi\u00f3n, seg\u00fan se ha \u00a0expuesto, \u00a0encontr\u00f3 necesario ordenar una serie de pruebas tendientes a obtener \u00a0elementos \u00a0de \u00a0juicio \u00a0para \u00a0adoptar \u00a0la \u00a0decisi\u00f3n \u00a0correspondiente, los cuales \u00a0fueron \u00a0remitidos \u00a0al \u00a0despacho \u00a0el \u00a011 \u00a0de \u00a0mayo \u00a0de \u00a02009, dos d\u00edas antes del \u00a0fallecimiento del actor. \u00a0\u00a0<\/p>\n<p>4.4.\u00a0 \u00a0De \u00a0esta manera, toda vez que el \u00a0fallecimiento \u00a0del \u00a0actor \u00a0no \u00a0es obst\u00e1culo para entrar a decidir, esta Sala de \u00a0Revisi\u00f3n \u00a0proceder\u00e1 \u00a0a \u00a0establecer: \u00a0(i) \u00a0la procedencia o no de la acci\u00f3n de \u00a0tutela \u00a0contra \u00a0particulares \u00a0por \u00a0medio \u00a0de la cual se debate la resoluci\u00f3n de \u00a0contratos \u00a0de \u00a0derechos \u00a0patrimoniales \u00a0de \u00a0autor; (ii) la existencia o no de un \u00a0perjuicio \u00a0irremediable, \u00a0frente \u00a0a las particulares condiciones que presenta el \u00a0asunto y el tratarse de un adulto mayor. \u00a0\u00a0<\/p>\n<p>A efectos de desarrollar el anterior problema \u00a0jur\u00eddico, \u00a0se \u00a0har\u00e1 \u00a0referencia \u00a0a: (i) la procedencia de la acci\u00f3n de tutela \u00a0contra \u00a0particulares \u00a0y \u00a0frente \u00a0a \u00a0la \u00a0existencia \u00a0de \u00a0otros \u00a0medios de defensa \u00a0judicial; \u00a0y \u00a0(ii) \u00a0los derechos patrimoniales de autor y la seguridad social de \u00a0los \u00a0 adultos \u00a0 mayores; \u00a0 para \u00a0 finalmente \u00a0 abordar \u00a0 el \u00a0 estudio \u00a0del \u00a0caso \u00a0concreto. \u00a0\u00a0<\/p>\n<p>5. Procedencia de la acci\u00f3n de tutela contra \u00a0particulares \u00a0y \u00a0frente \u00a0a \u00a0la \u00a0existencia \u00a0de otros medios de defensa judicial. \u00a0\u00a0<\/p>\n<p>5.1 La acci\u00f3n de tutela contra particulares \u00a0bajo ciertas y especiales circunstancias de indefensi\u00f3n. \u00a0\u00a0<\/p>\n<p>Conforme \u00a0con lo establecido en el art\u00edculo \u00a086 \u00a0de \u00a0la \u00a0Constituci\u00f3n Pol\u00edtica la acci\u00f3n de tutela es procedente cuando se \u00a0dirige \u00a0contra \u00a0particulares \u00a0en \u00a0varios eventos: (i) cuando el particular est\u00e1 \u00a0encargado \u00a0de \u00a0la \u00a0prestaci\u00f3n \u00a0de un servicio p\u00fablico; (ii) cuando su conducta \u00a0afecte \u00a0grave \u00a0y \u00a0directamente \u00a0el \u00a0inter\u00e9s colectivo; \u00a0o (iii) cuando el accionante se encuentre en un estado \u00a0de \u00a0 subordinaci\u00f3n \u00a0 o \u00a0 indefensi\u00f3n. \u00a0 Dicho \u00a0 postulado \u00a0 fue \u00a0 desarrollado \u00a0posteriormente \u00a0 por \u00a0 el \u00a0 art\u00edculo \u00a042 \u00a0y \u00a0siguientes \u00a0del \u00a0decreto \u00a02591 \u00a0de \u00a019918. \u00a0\u00a0<\/p>\n<p>En \u00a0ese orden de ideas, resulta claro que el \u00a0prop\u00f3sito \u00a0 del \u00a0 Constituyente \u00a0 fue \u00a0 el \u00a0 de \u00a0 salvaguardar \u00a0las \u00a0garant\u00edas \u00a0fundamentales \u00a0de \u00a0los \u00a0individuos \u00a0y \u00a0no se limit\u00f3 a la amenaza o vulneraci\u00f3n \u00a0proveniente \u00a0de \u00a0los \u00a0poderes \u00a0p\u00fablicos, \u00a0pues \u00a0reconoci\u00f3 que los particulares \u00a0pueden \u00a0con \u00a0sus acciones u omisiones lesionar o amenazar derechos de naturaleza \u00a0fundamental.\u00a0 \u00a0Aspecto \u00a0que la Corte ha denominado, siguiendo la doctrina y \u00a0jurisprudencia \u00a0comparada, \u00a0como \u00a0los \u00a0efectos \u00a0horizontales \u00a0de \u00a0la \u00a0acci\u00f3n de \u00a0tutela9. \u00a0\u00a0<\/p>\n<p>Por \u00a0 ello, \u00a0 para \u00a0 la \u00a0 jurisprudencia \u00a0constitucional \u00a0se \u00a0ha desvanecido la diferencia entre lo p\u00fablico y lo privado, \u00a0para \u00a0superar \u00a0el \u00a0concepto \u00a0seg\u00fan \u00a0el \u00a0cual el \u00fanico capaz de violar derechos \u00a0fundamentales \u00a0 es \u00a0 el \u00a0Estado \u00a0y \u00a0as\u00ed \u00a0reconocer \u00a0que \u00a0las \u00a0relaciones \u00a0entre \u00a0particulares \u00a0no \u00a0siempre \u00a0se\u00a0 \u00a0desarrollan \u00a0en un plano de igualdad real y \u00a0material.10 \u00a0\u00a0<\/p>\n<p>As\u00ed \u00a0las cosas, bajo ciertas y espec\u00edficas \u00a0circunstancias, \u00a0la \u00a0acci\u00f3n de tutela procede en eventos en los que la ofensa a \u00a0los \u00a0derechos \u00a0fundamentales \u00a0proviene de un particular, sin que ello signifique \u00a0que \u00a0el juez de tutela se encuentra facultado para desplazar al juez ordinario o \u00a0para \u00a0invadir \u00a0su \u00a0orbita \u00a0de \u00a0competencia funcional11.\u00a0 \u00a0\u00a0<\/p>\n<p>Hecha \u00a0la anterior precisi\u00f3n, en materia de \u00a0indefensi\u00f3n \u00a0en \u00a0las \u00a0relaciones \u00a0contractuales, la Corte en sentencia T-222 de \u00a02004, estableci\u00f3 que: \u00a0\u00a0<\/p>\n<p>Conforme al principio pacta sunt servanda, la \u00a0persona \u00a0est\u00e1 \u00a0obligada a cumplir lo pactado en los t\u00e9rminos de lo pactado. No \u00a0interesa, \u00a0en este momento que, en virtud del principio rebus sic stantbtus, sea \u00a0posible \u00a0introducir \u00a0modificaciones \u00a0a \u00a0la \u00a0obligaci\u00f3n acordada. Interesa en el \u00a0momento, considerar las consecuencias jur\u00eddicas del pacto mismo. \u00a0\u00a0<\/p>\n<p>Desde \u00a0 una \u00a0 perspectiva \u00a0 exclusivamente \u00a0jur\u00eddica, \u00a0la \u00a0persona \u00a0que \u00a0acuerda \u00a0con \u00a0otra \u00a0o que firma un contrato, est\u00e1 \u00a0sujeta \u00a0al \u00a0mismo. \u00a0Est\u00e1 \u00a0obligada \u00a0por los t\u00e9rminos de su acuerdo. Bajo estas \u00a0condiciones, \u00a0se \u00a0encuentra \u00a0en \u00a0una \u00a0suerte \u00a0de situaci\u00f3n de indefensi\u00f3n, sin \u00a0considerar \u00a0 \u00a0la \u00a0 \u00a0posibilidad \u00a0 \u00a0de \u00a0 \u00a0que \u00a0 se \u00a0 presenten \u00a0 situaciones \u00a0 de \u00a0subordinaci\u00f3n. \u00a0\u00a0<\/p>\n<p>Esta \u00a0situaci\u00f3n \u00a0de \u00a0indefensi\u00f3n \u00a0es \u00a0el \u00a0resultado \u00a0de \u00a0dos elementos. De una parte, la seriedad con que ha de tomarse el \u00a0principio \u00a0pacta \u00a0sunt servanda, que obliga a reconocer el papel fundamental que \u00a0tiene \u00a0para \u00a0el funcionamiento de la sociedad, en particular para el tr\u00e1fico de \u00a0las \u00a0relaciones \u00a0jur\u00eddicas, supone que la persona no puede, de manera aut\u00f3noma \u00a0y \u00a0arbitraria, dejar de cumplir con lo pactado. As\u00ed, segundo elemento, dado que \u00a0el \u00a0 sistema \u00a0jur\u00eddico \u00a0otorga \u00a0al \u00a0acreedor \u00a0la \u00a0posibilidad \u00a0de \u00a0demandar \u00a0el \u00a0cumplimiento \u00a0de \u00a0lo \u00a0pactado, \u00a0la \u00a0persona \u00a0est\u00e1 \u00a0indefensa, \u00a0en \u00a0cuanto \u00a0a la \u00a0posibilidad \u00a0de \u00a0violaci\u00f3n o amenaza de un derecho fundamental, si ha de honrar \u00a0el \u00a0contrato. Resulta claro que se presenta una tensi\u00f3n para esta persona entre \u00a0su \u00a0derecho \u00a0al \u00a0buen \u00a0nombre \u00a0y \u00a0otros \u00a0derechos \u00a0fundamentales. Si incumple lo \u00a0pactado \u00a0para \u00a0proteger \u00a0sus \u00a0derechos \u00a0fundamentales, se ver\u00e1 afectado su buen \u00a0nombre \u00a0y \u00a0si \u00a0protege \u00a0su \u00a0buen \u00a0nombre, \u00a0se \u00a0ver\u00e1 en la situaci\u00f3n de que sus \u00a0derechos fundamentales terminen afectados. \u00a0\u00a0<\/p>\n<p>En igual sentido se advirti\u00f3 que a pesar de \u00a0existir \u00a0medios \u00a0de \u00a0defensa judicial, tal situaci\u00f3n no constituye por si misma \u00a0la \u00a0ausencia \u00a0de \u00a0indefensi\u00f3n.\u00a0 \u00a0Hecha la anterior precisi\u00f3n, en la misma \u00a0providencia \u00a0se \u00a0plante\u00f3 la indefensi\u00f3n desde dos concepciones distintas, como \u00a0fen\u00f3meno \u00a0jur\u00eddico \u00a0y \u00a0como \u00a0fen\u00f3meno \u00a0f\u00e1ctico, \u00a0atendiendo \u00a0a \u00a0que \u00a0podr\u00eda \u00a0pensarse \u00a0que \u00a0cuando \u00a0una persona contrata no puede alegar su propio hecho para \u00a0lograr \u00a0la \u00a0intervenci\u00f3n del juez constitucional para modificar el contrato que \u00a0estima atentatorio de sus derechos fundamentales.\u00a0 \u00a0\u00a0<\/p>\n<p>As\u00ed \u00a0las \u00a0cosas, \u00a0se puede concluir que una \u00a0persona \u00a0se \u00a0encuentra \u00a0en \u00a0estado de indefensi\u00f3n cuando no puede enfrentar con \u00a0rigor \u00a0los \u00a0ataques \u00a0de \u00a0que es v\u00edctima, circunstancia que se presenta no s\u00f3lo \u00a0por \u00a0la \u00a0ausencia \u00a0o \u00a0ineficacia \u00a0de \u00a0los \u00a0medios que la ley tiene previsto para \u00a0repelerlos, \u00a0sino \u00a0porque \u00a0ante su especial situaci\u00f3n dichos mecanismos pierden \u00a0toda \u00a0eficacia, \u00a0partiendo \u00a0de \u00a0la \u00a0base \u00a0que \u00a0el accionante constituya la parte \u00a0d\u00e9bil \u00a0de \u00a0la relaci\u00f3n contractual o que la ejecuci\u00f3n del contrato conlleve a \u00a0la \u00a0vulneraci\u00f3n \u00a0de derechos fundamentales de los cuales no se pueda disponer a \u00a0trav\u00e9s \u00a0de \u00a0un \u00a0negocio \u00a0jur\u00eddico, \u00a0situaciones \u00a0que naturalmente deber\u00e1n ser \u00a0estudiadas en cada caso particular y concreto. \u00a0\u00a0<\/p>\n<p>5.2.\u00a0 \u00a0La existencia de otros medios de \u00a0defensa judicial y el perjuicio irremediable. \u00a0\u00a0<\/p>\n<p>Atendiendo \u00a0a lo establecido en el art\u00edculo \u00a086 \u00a0de \u00a0la Constituci\u00f3n, la acci\u00f3n de tutela es un mecanismo de protecci\u00f3n de \u00a0car\u00e1cter \u00a0residual y subsidiario que puede ser utilizado ante la vulneraci\u00f3n o \u00a0amenaza \u00a0de derechos fundamentales, cuando (i) no exista otro medio id\u00f3neo para \u00a0la \u00a0protecci\u00f3n \u00a0de los derechos invocados, o cuando existiendo, (i) se requiera \u00a0acudir \u00a0al \u00a0amparo \u00a0constitucional \u00a0como \u00a0mecanismo \u00a0transitorio \u00a0para evitar un \u00a0perjuicio \u00a0irremediable \u00a0o \u00a0(ii) \u00a0dicho \u00a0medio resulte ineficaz atendiendo a las \u00a0circunstancias en que se encuentre el solicitante. \u00a0\u00a0<\/p>\n<p>Conforme \u00a0con \u00a0lo expuesto, si existen otros \u00a0mecanismos \u00a0de \u00a0defensa \u00a0judicial \u00a0debe \u00a0estudiarse, \u00a0en primer t\u00e9rmino, si los \u00a0mismos \u00a0resultan \u00a0id\u00f3neos \u00a0y \u00a0adecuados \u00a0para \u00a0la \u00a0protecci\u00f3n \u00a0de los derechos \u00a0invocados, \u00a0y de serlo, la procedencia excepcional de la acci\u00f3n de tutela est\u00e1 \u00a0sometida \u00a0a \u00a0la \u00a0real ocurrencia de un perjuicio irremediable que haga necesaria \u00a0la \u00a0intervenci\u00f3n \u00a0inmediata \u00a0y \u00a0directa \u00a0del \u00a0juez de tutela. Dicha protecci\u00f3n \u00a0ser\u00e1 \u00a0por \u00a0regla general transitoria, salvo que las circunstancias particulares \u00a0del \u00a0caso \u00a0hagan \u00a0necesario \u00a0que \u00a0el \u00a0amparo \u00a0tutelar \u00a0se \u00a0provea \u00a0con car\u00e1cter \u00a0definitivo. \u00a0\u00a0<\/p>\n<p>Sobre \u00a0este particular la Corte ha se\u00f1alado \u00a0en \u00a0m\u00faltiples \u00a0fallos \u00a0que, \u00a0por \u00a0regla \u00a0general, la acci\u00f3n de tutela no es un \u00a0mecanismo \u00a0judicial id\u00f3neo para solucionar conflictos surgidos de una relaci\u00f3n \u00a0contractual12.\u00a0 \u00a0Ello \u00a0atendiendo \u00a0que \u00a0de \u00a0aceptarse a la acci\u00f3n de tutela \u00a0como \u00a0mecanismo \u00a0adecuado para reclamar el reconocimiento de derechos originados \u00a0en \u00a0relaciones contractuales se estar\u00eda desnaturalizando por completo la raz\u00f3n \u00a0de \u00a0 ser \u00a0de \u00a0la \u00a0misma, \u00a0dada \u00a0su \u00a0caracter\u00edstica \u00a0principal \u00a0de \u00a0\u201csubsidiariedad\u201d, \u00a0pues \u00a0esta clase de \u00a0pretensiones \u00a0son \u00a0materia de conocimiento de la jurisdicci\u00f3n ordinaria y no de \u00a0la jurisdicci\u00f3n constitucional. \u00a0\u00a0<\/p>\n<p>No \u00a0 obstante \u00a0lo \u00a0anterior, \u00a0en \u00a0algunas \u00a0oportunidades \u00a0la \u00a0acci\u00f3n \u00a0de tutela resulta procedente, de manera transitoria, \u00a0cuando \u00a0existiendo recursos jur\u00eddicos ordinarios, es \u00e9sta la \u00fanica v\u00eda de la \u00a0que \u00a0se \u00a0dispone para evitar que de la vulneraci\u00f3n o la amenaza de los derechos \u00a0fundamentales pueda generarse un perjuicio irremediable. \u00a0\u00a0<\/p>\n<p>En \u00a0ese orden de ideas, la jurisprudencia de \u00a0esta \u00a0Corporaci\u00f3n \u00a0ha se\u00f1alado que para que pueda hablarse de la existencia de \u00a0un \u00a0perjuicio \u00a0irremediable \u00a0es necesario que concurran una serie de condiciones \u00a0que se explican as\u00ed: \u00a0\u00a0<\/p>\n<p>\u201cEn \u00a0primer \u00a0lugar, \u00a0el perjuicio debe ser \u00a0inminente \u00a0o \u00a0pr\u00f3ximo \u00a0a suceder. Este exige un considerable grado de certeza y \u00a0suficientes \u00a0elementos \u00a0f\u00e1cticos \u00a0que \u00a0as\u00ed \u00a0lo \u00a0demuestren, tomando en cuenta, \u00a0adem\u00e1s, \u00a0la causa del da\u00f1o. En segundo lugar, el perjuicio ha de ser grave, es \u00a0decir, \u00a0que \u00a0suponga \u00a0un \u00a0detrimento\u00a0 sobre un bien altamente significativo \u00a0para \u00a0 la \u00a0 persona \u00a0 (moral \u00a0 o \u00a0 material), \u00a0 pero \u00a0 que \u00a0sea \u00a0susceptible \u00a0de \u00a0determinaci\u00f3n\u00a0 \u00a0jur\u00eddica. \u00a0En \u00a0tercer \u00a0lugar, \u00a0deben \u00a0requerirse \u00a0medidas \u00a0urgentes \u00a0para \u00a0superar el da\u00f1o, entendidas \u00e9stas desde una doble perspectiva: \u00a0como \u00a0una \u00a0respuesta \u00a0adecuada \u00a0frente \u00a0a \u00a0la \u00a0inminencia \u00a0del perjuicio, y como \u00a0respuesta \u00a0que \u00a0armonice \u00a0con \u00a0las \u00a0particularidades \u00a0del caso. Por \u00faltimo, las \u00a0medidas \u00a0de \u00a0protecci\u00f3n \u00a0deben \u00a0ser \u00a0impostergables, \u00a0esto \u00a0es, que respondan a \u00a0criterios \u00a0de \u00a0oportunidad \u00a0y \u00a0eficiencia \u00a0a fin de evitar la consumaci\u00f3n de un \u00a0da\u00f1o antijur\u00eddico irreparable. \u00a0\u00a0<\/p>\n<p>En consecuencia, no todo perjuicio puede ser \u00a0considerado \u00a0como \u00a0irremediable, sino solo aquel que por sus caracter\u00edsticas de \u00a0inminencia \u00a0 y \u00a0 gravedad, \u00a0 requiera \u00a0de \u00a0medidas \u00a0de \u00a0protecci\u00f3n \u00a0urgentes \u00a0e \u00a0impostergables. \u00a0Con todo, esta previsi\u00f3n del art\u00edculo 86 de la Carta debe ser \u00a0analizada \u00a0en \u00a0forma \u00a0sistem\u00e1tica, \u00a0pues no puede olvidarse que existen ciertas \u00a0personas \u00a0 que \u00a0 por \u00a0 sus \u00a0 condiciones \u00a0 particulares, \u00a0f\u00edsicas, \u00a0mentales \u00a0o \u00a0econ\u00f3micas, \u00a0requieren \u00a0especial \u00a0protecci\u00f3n \u00a0del \u00a0Estado, \u00a0como \u00a0ocurre, \u00a0por \u00a0ejemplo, \u00a0en \u00a0el caso de los ni\u00f1os, las mujeres embarazadas, los menesterosos o \u00a0las \u00a0 \u00a0personas \u00a0 \u00a0de \u00a0 las \u00a0 tercera \u00a0 edad\u201d \u00a0 13. \u00a0\u00a0<\/p>\n<p>En este punto conviene agregar que, respecto \u00a0del \u00a0perjuicio \u00a0irremediable, \u00a0la \u00a0Corte \u00a0ha considerado que se debe analizar de \u00a0manera \u00a0menos \u00a0restrictiva \u00a0en \u00a0los eventos en que los derechos fundamentales de \u00a0las \u00a0personas \u00a0sujetos \u00a0de especial protecci\u00f3n constitucional sean vulnerados o \u00a0amenazados, \u00a0dentro \u00a0de \u00a0los \u00a0cuales \u00a0se \u00a0encuentran los ni\u00f1os, los disminuidos \u00a0f\u00edsicos \u00a0y \u00a0s\u00edquicos, los ancianos, las madres cabeza de familia, entre otros. \u00a0En \u00a0tal \u00a0sentido, esta Corporaci\u00f3n, en la sentencia T- 456 de 2004, reiter\u00f3 lo \u00a0siguiente: \u00a0\u00a0<\/p>\n<p>\u201c(\u2026) en ciertos casos el an\u00e1lisis de la \u00a0procedibilidad \u00a0de \u00a0la \u00a0acci\u00f3n \u00a0en \u00a0comento \u00a0deber\u00e1 ser llevado a cabo por los \u00a0funcionarios \u00a0judiciales \u00a0competentes \u00a0con un criterio m\u00e1s amplio, cuando quien \u00a0la \u00a0 interponga \u00a0 tenga \u00a0 el \u00a0 car\u00e1cter \u00a0 de \u00a0sujeto \u00a0de \u00a0especial \u00a0protecci\u00f3n \u00a0constitucional \u00a0\u2013esto es, \u00a0cuandoquiera \u00a0que la acci\u00f3n de tutela sea presentada por ni\u00f1os, mujeres cabeza \u00a0de \u00a0 familia, \u00a0discapacitados, \u00a0ancianos, \u00a0miembros \u00a0de \u00a0grupos \u00a0minoritarios \u00a0o \u00a0personas \u00a0 en \u00a0 situaci\u00f3n \u00a0 de \u00a0 pobreza \u00a0 extrema. \u00a0 En \u00a0 estos \u00a0 eventos, \u00a0la \u00a0caracterizaci\u00f3n \u00a0de perjuicio irremediable se debe efectuar con una \u00f3ptica, si \u00a0bien \u00a0no menos rigurosa, s\u00ed menos estricta, para as\u00ed materializar, en el campo \u00a0de \u00a0la \u00a0acci\u00f3n \u00a0de \u00a0tutela, \u00a0la \u00a0particular \u00a0atenci\u00f3n \u00a0y \u00a0protecci\u00f3n \u00a0que \u00a0el \u00a0Constituyente \u00a0 otorg\u00f3 \u00a0 a \u00a0 estas \u00a0 personas, \u00a0 dadas \u00a0 sus \u00a0 condiciones \u00a0 de \u00a0vulnerabilidad, \u00a0 \u00a0debilidad \u00a0 \u00a0o \u00a0 \u00a0marginalidad.\u201d \u00a0\u00a0<\/p>\n<p>De acuerdo a lo se\u00f1alado, algunos grupos con \u00a0caracter\u00edsticas \u00a0particulares, \u00a0como \u00a0los \u00a0antes \u00a0mencionados \u00a0pueden \u00a0llegar a \u00a0sufrir \u00a0da\u00f1os o amenazas que, a\u00fan cuando para la generalidad de la sociedad no \u00a0representan \u00a0un \u00a0perjuicio \u00a0irremediable, s\u00ed lo representa para ellos en virtud \u00a0de \u00a0las \u00a0especiales \u00a0circunstancias \u00a0de \u00a0debilidad \u00a0o \u00a0vulnerabilidad \u00a0en que se \u00a0encuentran. \u00a0Por \u00a0tanto, \u00a0el juez debe efectuar un juicio dual de procedencia de \u00a0la \u00a0tutela respecto de la valoraci\u00f3n del perjuicio irremediable, en aplicaci\u00f3n \u00a0de las obligaciones constitucionales del Estado. \u00a0\u00a0<\/p>\n<p>6. \u00a0Los derechos patrimoniales de autor y la \u00a0seguridad social de los adultos mayores. \u00a0\u00a0<\/p>\n<p>6.1. \u00a0En \u00a0atenci\u00f3n \u00a0a \u00a0lo \u00a0se\u00f1alado \u00a0en el \u00a0art\u00edculo \u00a061 \u00a0de la Carta Pol\u00edtica, el Estado debe velar por la protecci\u00f3n de \u00a0la \u00a0propiedad \u00a0intelectual \u00a0mediante las formalidades establecidas en la ley. En \u00a0desarrollo \u00a0de \u00a0este \u00a0precepto constitucional, la Corte ha tenido oportunidad de \u00a0se\u00f1alar \u00a0que, \u00a0\u201c[l]as \u00a0creaciones \u00a0del intelecto, y \u00a0aquellas \u00a0relacionadas \u00a0con \u00a0su \u00a0divulgaci\u00f3n \u00a0y \u00a0difusi\u00f3n, \u00a0en \u00a0cuanto \u00a0bienes \u00a0inmateriales \u00a0han \u00a0sido \u00a0agrupadas, \u00a0para efectos jur\u00eddicos, en los denominados \u00a0derechos \u00a0de \u00a0propiedad \u00a0intelectual, \u00a0los \u00a0cuales, \u00a0a \u00a0su \u00a0vez, \u00a0comprenden los \u00a0derechos \u00a0de \u00a0autor, \u00a0los \u00a0derechos de propiedad industrial y los derechos sobre \u00a0descubrimientos \u00a0cient\u00edficos, \u00a0as\u00ed \u00a0como \u00a0otras formas y manifestaciones de la \u00a0capacidad \u00a0 \u00a0 \u00a0creadora \u00a0 \u00a0 del \u00a0 \u00a0 individuo\u201d14. \u00a0\u00a0<\/p>\n<p>La \u00a0propiedad intelectual involucra entonces \u00a0aquella \u00a0disciplina \u00a0normativa a trav\u00e9s de la cual se busca proteger y asegurar \u00a0las \u00a0creaciones \u00a0intelectuales \u00a0surgidas \u00a0del esfuerzo, el trabajo o la destreza \u00a0del \u00a0hombre, \u00a0que \u00a0en \u00a0todos \u00a0los casos son dignas de obtener el correspondiente \u00a0reconocimiento \u00a0 y \u00a0 salvaguarda \u00a0 jur\u00eddica.\u00a0 \u00a0El \u00a0concepto \u00a0de \u00a0propiedad \u00a0intelectual \u00a0abarca, \u00a0en \u00a0un \u00a0primer \u00a0aspecto, \u00a0la \u00a0propiedad industrial, que se \u00a0refiere \u00a0 esencialmente \u00a0 a \u00a0la \u00a0protecci\u00f3n \u00a0de \u00a0las \u00a0invenciones, \u00a0las \u00a0marcas \u00a0comerciales \u00a0y \u00a0de f\u00e1brica, los dise\u00f1os industriales, el nombre comercial, los \u00a0modelos \u00a0de \u00a0utilidad \u00a0y \u00a0represi\u00f3n \u00a0de la competencia desleal; y en un segundo \u00a0aspecto, \u00a0 los \u00a0 derechos \u00a0 de \u00a0autor, \u00a0que \u00a0comprenden \u00a0las \u00a0obras \u00a0literarias, \u00a0cient\u00edficas \u00a0y \u00a0art\u00edsticas, \u00a0otorgando \u00a0tambi\u00e9n \u00a0la \u00a0debida protecci\u00f3n a los \u00a0artistas, \u00a0int\u00e9rpretes y ejecutantes, a quienes son productores de fonogramas y \u00a0a los propios organismos de radiodifusi\u00f3n respecto de su emisi\u00f3n. \u00a0\u00a0<\/p>\n<p>En lo que se refiere a los derechos de autor \u00a0y \u00a0conexos, \u00a0esta \u00a0Corporaci\u00f3n ha sostenido \u201cque son \u00a0aquellos \u00a0que \u00a0surgen \u00a0en \u00a0virtud \u00a0de \u00a0la \u00a0relaci\u00f3n \u00a0entre \u00a0personas \u00a0naturales \u00a0creadoras \u00a0 de \u00a0 obras \u00a0 originales, \u00a0 sean \u00a0\u00e9stas \u00a0literarias, \u00a0art\u00edsticas \u00a0o \u00a0cient\u00edficas,\u00a0 \u00a0y \u00a0que \u00a0recaen \u00a0exclusivamente sobre las expresiones de las \u00a0mismas\u201d15. \u00a0A \u00a0este \u00a0derecho \u00a0de \u00a0autor \u00a0se \u00a0le reconoce una doble dimensi\u00f3n \u00a0jur\u00eddica que resulta consustancial a su desarrollo y evoluci\u00f3n: \u00a0\u00a0<\/p>\n<p>\u201cEl \u00a0contenido moral del derecho que tiene \u00a0el \u00a0autor \u00a0sobre \u00a0la \u00a0propiedad \u00a0intelectual que es inalienable, irrenunciable e \u00a0imprescriptible \u00a0e \u00a0independiente del contenido patrimonial del mismo, contrario \u00a0a \u00a0lo \u00a0que \u00a0ocurre \u00a0con \u00a0el \u00a0derecho \u00a0de \u00a0propiedad \u00a0com\u00fan, \u00a0que s\u00f3lo tiene un \u00a0contenido \u00a0patrimonial, \u00a0alienable, \u00a0renunciable y prescriptible.\u201d17 \u00a0\u00a0<\/p>\n<p>En \u00a0posterior \u00a0oportunidad, \u00a0en la sentencia \u00a0C-276 de 1996, se sostuvo: \u00a0\u00a0<\/p>\n<p>\u201cEl \u00a0 derecho \u00a0 de \u00a0 autor, \u00a0en \u00a0los \u00a0pa\u00edses \u00a0de \u00a0vieja tradici\u00f3n \u00a0jur\u00eddica \u00a0latina \u00a0como \u00a0es \u00a0el \u00a0caso colombiano, es un concepto complejo y bien \u00a0elaborado, \u00a0en \u00a0el \u00a0que \u00a0concurren \u00a0las \u00a0dos \u00a0dimensiones \u00a0que hoy por hoy se le \u00a0reconocen \u00a0como esenciales: la primera, la que se traduce en el derecho personal \u00a0o \u00a0moral, \u00a0que nace con la obra misma, como consecuencia del acto de creaci\u00f3n y \u00a0no \u00a0 \u00a0por \u00a0 el \u00a0 reconocimiento \u00a0 de \u00a0 autoridad \u00a0 administrativa; \u00a0 ellos \u00a0 son \u00a0extrapatrimoniales \u00a0inalienables, \u00a0irrenunciables \u00a0y, en principio, de duraci\u00f3n \u00a0ilimitada, \u00a0pues \u00a0est\u00e1n \u00a0destinados \u00a0a proteger los intereses intelectuales del \u00a0autor \u00a0y \u00a0respecto \u00a0de \u00a0ellos \u00a0el \u00a0Estado \u00a0concreta \u00a0su acci\u00f3n, garantizando el \u00a0derecho \u00a0que \u00a0le asiste al titular de divulgar su obra o mantenerla en la esfera \u00a0de \u00a0su \u00a0intimidad, de reivindicar el reconocimiento de su paternidad intelectual \u00a0sobre \u00a0la misma, de exigir respeto a la integridad de su obra y de retractarse o \u00a0arrepentirse de su contenido.\u201d \u00a0\u00a0<\/p>\n<p>En \u00a0otra \u00a0oportunidad \u00a0bajo \u00a0la misma l\u00ednea \u00a0argumentativa, \u00a0en \u00a0la \u00a0sentencia \u00a0C-155 \u00a0de \u00a01998 \u00a0la \u00a0Corte \u00a0ratific\u00f3 que los \u00a0derechos morales de autor son fundamentales: \u00a0\u00a0<\/p>\n<p>\u201c18. \u00a0Antes de analizar estas acusaciones, \u00a0la \u00a0Corte \u00a0estima \u00a0pertinente \u00a0se\u00f1alar \u00a0que, \u00a0los \u00a0derechos morales de autor se \u00a0consideran\u00a0 \u00a0derechos \u00a0de rango fundamental, en cuanto la facultad creadora \u00a0del \u00a0hombre, \u00a0la \u00a0posibilidad \u00a0de \u00a0expresar \u00a0las \u00a0ideas \u00a0o sentimientos de forma \u00a0particular, \u00a0su \u00a0capacidad \u00a0de \u00a0invenci\u00f3n, \u00a0su \u00a0ingenio \u00a0y en general todas las \u00a0formas \u00a0de manifestaci\u00f3n del esp\u00edritu,\u00a0 son prerrogativas inherentes a la \u00a0condici\u00f3n \u00a0racional propia de la naturaleza humana, y a la dimensi\u00f3n libre que \u00a0de \u00a0ella \u00a0se \u00a0deriva. Desconocer al hombre el derecho de autor\u00eda sobre el fruto \u00a0de \u00a0su \u00a0propia \u00a0creatividad, la manifestaci\u00f3n exclusiva de su esp\u00edritu o de su \u00a0ingenio, \u00a0es \u00a0desconocer \u00a0al \u00a0hombre su condici\u00f3n de individuo que piensa y que \u00a0crea,\u00a0 \u00a0 y \u00a0 que\u00a0 \u00a0 expresa \u00a0 esta \u00a0racionalidad \u00a0y \u00a0creatividad \u00a0como \u00a0manifestaci\u00f3n \u00a0de su propia naturaleza. Por tal raz\u00f3n, los derechos morales de \u00a0autor, \u00a0deben \u00a0ser protegidos como derechos que emanan de la misma condici\u00f3n de \u00a0hombre.\u201d \u00a0\u00a0<\/p>\n<p>Tal afirmaci\u00f3n fue reiterada en la sentencia \u00a0C-1490 \u00a0de \u00a02000, incorporando adem\u00e1s la Decisi\u00f3n 351 del Acuerdo de Cartagena \u00a0al \u00a0bloque \u00a0de \u00a0constitucionalidad, en cuanto regula lo referente a los derechos \u00a0morales \u00a0de \u00a0autor, \u00a0que la Corte ha considerado fundamentales.\u00a0 En aquella \u00a0oportunidad se estableci\u00f3: \u00a0\u00a0<\/p>\n<p>\u201c3. La Decisi\u00f3n 351 de 1993, expedida por \u00a0la \u00a0Comisi\u00f3n \u00a0del \u00a0Acuerdo \u00a0de Cartagena, que contiene el R\u00e9gimen Com\u00fan sobre \u00a0derecho \u00a0de \u00a0autor y conexos, dado que regula los derechos morales de autor, que \u00a0son \u00a0derechos \u00a0fundamentales, \u00a0a la luz de lo dispuesto en el art\u00edculo 93 de la \u00a0C.P. \u00a0se \u00a0incorpora \u00a0al \u00a0bloque de constitucionalidad; no ocurre lo mismo con el \u00a0Acuerdo \u00a0a \u00a0trav\u00e9s \u00a0del \u00a0cual \u00a0se \u00a0estableci\u00f3 \u00a0la \u00a0\u201cOrganizaci\u00f3n Mundial de \u00a0Comercio \u00a0 -OMC-, \u00a0 cuya \u00a0 materia \u00a0 no \u00a0 puede \u00a0 incorporarse \u00a0 al \u00a0 bloque \u00a0de \u00a0constitucionalidad, \u00a0pues \u00a0no \u00a0corresponde \u00a0a \u00a0aquellas \u00a0a las que se refiere el \u00a0citado art\u00edculo 93 superior.\u201d \u00a0\u00a0<\/p>\n<p>6.1.2. \u00a0De \u00a0otro \u00a0lado, \u00a0se \u00a0encuentran \u00a0los \u00a0derechos \u00a0patrimoniales \u00a0de \u00a0autor, \u00a0esto \u00a0es, \u00a0aquellos \u00a0con \u00a0los que cuenta el \u00a0artista \u00a0para \u00a0derivar una remuneraci\u00f3n por el uso que se haga de su obra y que \u00a0se \u00a0causa \u00a0a \u00a0partir \u00a0del \u00a0momento \u00a0en \u00a0que la obra o producci\u00f3n susceptible de \u00a0valoraci\u00f3n \u00a0econ\u00f3mica \u00a0se \u00a0divulga \u00a0por \u00a0alg\u00fan \u00a0medio \u00a0o \u00a0modo de expresi\u00f3n. \u00a0Conforme \u00a0lo \u00a0rese\u00f1a \u00a0la \u00a0Organizaci\u00f3n \u00a0Mundial \u00a0de \u00a0la \u00a0Propiedad intelectual \u00a0-OMPI-, \u00a0los \u00a0derechos \u00a0patrimoniales \u00a0constituyen \u00a0el \u00a0elemento \u00a0pecuniario del \u00a0derecho \u00a0de \u00a0autor, \u00a0en \u00a0cuanto \u201csuponen, en general, \u00a0que, \u00a0dentro \u00a0de \u00a0las \u00a0limitaciones \u00a0impuestas por la legislaci\u00f3n de derecho de \u00a0autor, \u00a0el \u00a0titular del derecho de autor pueda hacer toda clase de utilizaciones \u00a0p\u00fablicas \u00a0 de \u00a0 la \u00a0obra \u00a0previo \u00a0abono \u00a0de \u00a0una \u00a0remuneraci\u00f3n.\u201d18 \u00a0En \u00a0este \u00a0sentido, \u00a0 sobre \u00a0 los \u00a0derechos \u00a0patrimoniales \u00a0\u201cel \u00a0titular \u00a0 tiene \u00a0 plena \u00a0 capacidad \u00a0de \u00a0disposici\u00f3n, \u00a0lo \u00a0que \u00a0hace \u00a0que \u00a0sean \u00a0transferibles \u00a0y \u00a0por \u00a0lo \u00a0tanto objeto eventual de una regulaci\u00f3n especial que \u00a0establezca \u00a0las \u00a0condiciones \u00a0y \u00a0limitaciones para el ejercicio de la misma, con \u00a0miras \u00a0a \u00a0su \u00a0explotaci\u00f3n \u00a0econ\u00f3mica, \u00a0(reproducci\u00f3n \u00a0material \u00a0de \u00a0la \u00a0obra, \u00a0comunicaci\u00f3n \u00a0 p\u00fablica \u00a0 en \u00a0 forma \u00a0 no \u00a0 material, \u00a0 transformaci\u00f3n \u00a0de \u00a0la \u00a0obra).\u201d19 \u00a0\u00a0<\/p>\n<p>Ahora \u00a0bien, \u00a0los \u00a0derechos patrimoniales de \u00a0autor \u00a0a pesar de no ostentar el car\u00e1cter de fundamentales gozan de protecci\u00f3n \u00a0constitucional.\u00a0 \u00a0Al \u00a0respecto, \u00a0en \u00a0la \u00a0sentencia \u00a0C-155 \u00a0de 1998 la Corte \u00a0precis\u00f3: \u00a0\u00a0<\/p>\n<p>\u201cPor \u00a0su parte, los derechos patrimoniales \u00a0derivados \u00a0de \u00a0los \u00a0derechos \u00a0de \u00a0autor, \u00a0aunque no se consideran fundamentales, \u00a0merecen \u00a0 tambi\u00e9n \u00a0la \u00a0protecci\u00f3n \u00a0del \u00a0Estado.\u00a0 \u00a0As\u00ed \u00a0lo \u00a0establece \u00a0la \u00a0Constituci\u00f3n \u00a0 Pol\u00edtica \u00a0en \u00a0(el) \u00a0art\u00edculo \u00a061 \u00a0superior, \u00a0que \u00a0se\u00f1ala \u00a0que \u00a0\u2018(el) Estado proteger\u00e1 la \u00a0propiedad \u00a0intelectual \u00a0por el tiempo y mediante las formalidades que establezca \u00a0la Ley.\u2019\u201d \u00a0\u00a0<\/p>\n<p>En \u00a0ese orden de ideas, conviene aclarar que \u00a0al \u00a0contar \u00a0el autor con la plena disposici\u00f3n de su obra, tales derechos pueden \u00a0ser \u00a0transferibles \u00a0bajo \u00a0las \u00a0condiciones \u00a0legales y contractuales que rigen la \u00a0materia. \u00a0\u00a0<\/p>\n<p>6.2. \u00a0Por \u00a0otra \u00a0parte, la Corte tambi\u00e9n ha \u00a0se\u00f1alado \u00a0que \u00a0los derechos de autor revisten un inter\u00e9s social, ya que aparte \u00a0de \u00a0constituir un incentivo \u00a0para \u00a0la \u00a0creaci\u00f3n, el producto mismo del trabajo, su resultado material, es un \u00a0aporte \u00a0conjunto \u00a0del \u00a0individuo y de la sociedad.\u00a0 El beneficio social que \u00a0reporta \u00a0 la \u00a0 producci\u00f3n \u00a0 art\u00edstica, \u00a0literaria \u00a0y \u00a0cient\u00edfica \u00a0se \u00a0concibe \u00a0precisamente \u00a0a \u00a0partir \u00a0de \u00a0la \u00a0interacci\u00f3n entre el autor y el conjunto de la \u00a0cultura.\u00a0 \u00a0En \u00a0efecto, \u00a0la \u00a0obra \u00a0es \u00a0el \u00a0resultado \u00a0del \u00a0contacto personal \u00a0individual \u00a0con \u00a0la cultura como expresi\u00f3n de la sociedad y, en esta medida, la \u00a0sociedad \u00a0 \u00a0 contribuye \u00a0 \u00a0 a \u00a0 \u00a0 su \u00a0 \u00a0creaci\u00f3n20.\u00a0 En este sentido en la \u00a0sentencia C-053 de 2001 esta Corporaci\u00f3n se\u00f1al\u00f3: \u00a0\u00a0<\/p>\n<p>\u201c12. \u00a0 \u00a0 \u00a0\u00a0 \u00a0\u00a0Aunque \u00a0no \u00a0toda la producci\u00f3n cultural \u00a0individual \u00a0 reporte \u00a0 el \u00a0mismo \u00a0beneficio \u00a0social, \u00a0la \u00a0creaci\u00f3n \u00a0art\u00edstica, \u00a0literaria \u00a0y \u00a0cient\u00edfica, \u00a0en \u00a0sus \u00a0diversas \u00a0manifestaciones \u00a0es un patrimonio \u00a0social.\u00a0 \u00a0L\u00f3gicamente, \u00a0a \u00a0esta sociedad le interesa que el Estado proteja \u00a0tanto \u00a0la \u00a0parte \u00a0que \u00a0le \u00a0corresponde \u00a0directamente, \u00a0es \u00a0decir \u00a0el conjunto de \u00a0prerrogativas \u00a0que le corresponden sobre la obra, como los derechos que el autor \u00a0tiene, \u00a0 \u00a0 sin \u00a0 \u00a0los \u00a0 \u00a0cuales \u00a0 \u00a0no \u00a0 \u00a0existir\u00edan \u00a0 \u00a0incentivos \u00a0 \u00a0para \u00a0 \u00a0la \u00a0creaci\u00f3n.\u201d \u00a0\u00a0<\/p>\n<p>Este inter\u00e9s social que se reputa sobre los \u00a0derechos \u00a0de \u00a0autor \u00a0est\u00e1 \u00a0en \u00a0concordancia \u00a0adem\u00e1s \u00a0con \u00a0lo \u00a0dispuesto \u00a0en el \u00a0art\u00edculo \u00a058 \u00a0de \u00a0la \u00a0Carta, \u00a0en cuanto afirma que la propiedad es una funci\u00f3n \u00a0social, \u00a0puesto \u00a0que \u00a0reconoce \u00a0el \u00a0derecho que tienen los autores a percibir el \u00a0fruto \u00a0material \u00a0de \u00a0su \u00a0actividad creadora, pero adem\u00e1s establece un l\u00edmite a \u00a0tal \u00a0protecci\u00f3n y, en tal medida, reitera la potestad del Estado para regularla \u00a0y \u00a0as\u00ed \u00a0lograr \u00a0obtener \u00a0tambi\u00e9n, \u00a0los \u00a0prop\u00f3sitos \u00a0constitucionales \u00a0que \u00a0la \u00a0sociedad pretende derivar.\u201d \u00a0\u00a0<\/p>\n<p>Asimismo, \u00a0la \u00a0Corte \u00a0en \u00a0sentencia C-334 de \u00a01993, \u00a0se \u00a0indic\u00f3 \u00a0que \u00a0atendiendo \u00a0a \u00a0la \u00a0importancia \u00a0cultural \u00a0de \u00a0las obras \u00a0art\u00edsticas, \u00a0la \u00a0propiedad \u00a0que \u00a0se \u00a0ejerce \u00a0sobre \u00a0ellas no tiene un car\u00e1cter \u00a0intemporal.\u00a0 En este sentido advirti\u00f3: \u00a0\u00a0<\/p>\n<p>\u201cEn \u00a0cuanto al tiempo, raz\u00f3n de ser de la \u00a0limitaci\u00f3n \u00a0no \u00a0es \u00a0otra \u00a0que la funci\u00f3n social de la propiedad, consagrada en \u00a0los \u00a0art\u00edculos \u00a058 \u00a0y \u00a02\u00b0 \u00a0inciso \u00a0segundo de la Carta. En efecto, la doctrina \u00a0coincide \u00a0en afirmar que una creaci\u00f3n del esp\u00edritu que beneficie la cultura de \u00a0un \u00a0pueblo \u00a0es algo que involucra simult\u00e1neamente los derechos del creador como \u00a0los \u00a0derechos \u00a0de \u00a0la \u00a0comunidad. Tanto a nivel tecnol\u00f3gico como art\u00edstico, un \u00a0nuevo \u00a0aporte \u00a0nunca \u00a0es \u00a0un \u00a0fen\u00f3meno \u00a0individual. \u00a0De all\u00ed que el derecho de \u00a0propiedad \u00a0sobre \u00a0dichos \u00a0aportes \u00a0no \u00a0sea intemporal sino que, por un fen\u00f3meno \u00a0convencional \u00a0de \u00a0transacci\u00f3n entre el m\u00ednimo que exige el goce exclusivo y el \u00a0m\u00e1ximo \u00a0de \u00a0difusi\u00f3n \u00a0que la comunidad exige, se fija discrecionalmente por el \u00a0legislador \u00a0un \u00a0t\u00e9rmino \u00a0razonable \u00a0al \u00a0cabo \u00a0del cual el derecho individual de \u00a0propiedad \u00a0se extingue. La temporalidad del derecho intelectual busca finalmente \u00a0resolver \u00a0la \u00a0tensi\u00f3n \u00a0que \u00a0existe \u00a0entre \u00a0el \u00a0inter\u00e9s \u00a0privado \u00a0y el inter\u00e9s \u00a0p\u00fablico.\u201d \u00a0\u00a0<\/p>\n<p>En aquella oportunidad, la Corte explic\u00f3 que \u00a0el \u00a0legislador, \u00a0como \u00a0representante \u00a0del \u00a0conglomerado \u00a0social, \u00a0cuenta \u00a0con la \u00a0facultad \u00a0de \u00a0imponer \u00a0restricciones \u00a0a \u00a0los \u00a0derechos \u00a0de \u00a0autor, \u00a0debido \u00a0a la \u00a0relaci\u00f3n \u00a0 existente \u00a0entre \u00a0los \u00a0artistas \u00a0y \u00a0la \u00a0sociedad, \u00a0respecto \u00a0de \u00a0las \u00a0creaciones art\u00edsticas, literarias y cient\u00edficas, entre otras. \u00a0\u00a0<\/p>\n<p>6.3.\u00a0 \u00a0Por otra parte conviene advertir \u00a0que, \u00a0cuando \u00a0el \u00a0ejercicio de los derechos de autor involucra la vulneraci\u00f3n o \u00a0amenaza \u00a0de \u00a0la \u00a0seguridad \u00a0social \u00a0del \u00a0artista, \u00a0a \u00a0tal punto que se afecta su \u00a0m\u00ednimo \u00a0vital, \u00a0son \u00a0susceptibles \u00a0de \u00a0protecci\u00f3n \u00a0constitucional. \u00a0As\u00ed puede \u00a0deducirse \u00a0de \u00a0lo se\u00f1alado por esta Corporaci\u00f3n en la sentencia C-155 de 1998, \u00a0por \u00a0medio \u00a0de la cual ejerci\u00f3 el control constitucional del art\u00edculo 33 de la \u00a0ley \u00a0 \u00a0 \u00a0 \u00a0 \u00a0 397 \u00a0 \u00a0 \u00a0 \u00a0 \u00a0de \u00a0 \u00a0 \u00a0 \u00a0 \u00a0199721, \u00a0declar\u00e1ndola exequible de \u00a0manera \u00a0condicionada, en el entendido de que los derechos patrimoniales\u00a0 de \u00a0autor \u00a0se \u00a0pueden \u00a0ceder \u00a0o \u00a0enajenar \u00a0libremente, siempre y cuando la cesi\u00f3n o \u00a0enajenaci\u00f3n \u00a0no \u00a0afecte \u00a0el \u00a0derecho irrenunciable a la seguridad social de sus \u00a0titulares.\u00a0 En tal sentido se dijo: \u00a0\u00a0<\/p>\n<p>\u201cAhora \u00a0bien,\u00a0 \u00a0la referida Decisi\u00f3n \u00a0351, \u00a0 relativa \u00a0al \u00a0\u201cR\u00e9gimen \u00a0Com\u00fan \u00a0sobre \u00a0derecho \u00a0de \u00a0Autor \u00a0y \u00a0Derechos \u00a0Conexos\u201d, \u00a0cuyo \u00a0objeto \u00a0es \u00a0la \u00a0protecci\u00f3n sobre todas las obras literarias, \u00a0art\u00edsticas \u00a0y \u00a0cient\u00edficas \u00a0que puedan reproducirse o divulgarse por cualquier \u00a0forma \u00a0o \u00a0medio \u00a0conocido \u00a0o \u00a0por \u00a0conocer, \u00a0prescribe \u00a0en \u00a0su art\u00edculo 9\u00b0 que \u00a0personas \u00a0naturales \u00a0o \u00a0jur\u00eddicas, \u00a0distintas \u00a0del \u00a0autor, \u00a0podr\u00e1n ostentar la \u00a0titularidad \u00a0 de \u00a0 los \u00a0 derechos \u00a0 patrimoniales \u00a0 sobre \u00a0 dichas \u00a0obras.\u00a0 \u00a0Evidentemente, \u00a0 entiende \u00a0 la \u00a0 Corte, \u00a0 la \u00a0 Decisi\u00f3n \u00a0al \u00a0emplear \u00a0el \u00a0verbo \u00a0\u201cpodr\u00e1n,\u201d \u00a0autoriza \u00a0que \u00a0terceras personas, distintas del autor, lleguen a \u00a0ser \u00a0titulares \u00a0de \u00a0tales \u00a0derechos \u00a0de \u00a0contenido \u00a0econ\u00f3mico \u00a0derivados \u00a0de la \u00a0autor\u00eda \u00a0de la obra. Lo cual, aunque parezca perogrullada, significa que dichos \u00a0derechos \u00a0son \u00a0enajenables. \u00a0Y por cuanto la Decisi\u00f3n no se\u00f1ala excepciones en \u00a0lo \u00a0 referente \u00a0a \u00a0la \u00a0forma \u00a0de \u00a0enajenabilidad, \u00a0debe \u00a0interpretarse \u00a0que \u00a0son \u00a0enajenables \u00a0tanto \u00a0a t\u00edtulo gratuito como a t\u00edtulo oneroso,\u00a0 y\u00a0 por \u00a0tanto \u00a0por acto entre vivos o por causa de muerte. Es decir, son transferibles y \u00a0transmisibles, y, as\u00ed mismo, renunciables. \u00a0\u00a0<\/p>\n<p>Ello \u00a0corresponde, \u00a0adicionalmente, \u00a0a \u00a0la \u00a0tradici\u00f3n \u00a0jur\u00eddica\u00a0 \u00a0m\u00e1s \u00a0arraigada \u00a0respecto \u00a0de \u00a0la naturaleza de los \u00a0derechos \u00a0de la propiedad art\u00edstica e intelectual, que considera que adem\u00e1s de \u00a0ser \u00a0una \u00a0expresi\u00f3n \u00a0de \u00a0la \u00a0facultad \u00a0racional del hombre y de su capacidad de \u00a0manifestar \u00a0su \u00a0esp\u00edritu, son tambi\u00e9n un medio de reportar utilidad econ\u00f3mica \u00a0a \u00a0su \u00a0titular; de facilitar su supervivencia .\u00a0 O de reportar tal utilidad \u00a0a \u00a0terceras \u00a0personas \u00a0a \u00a0quienes \u00a0libremente \u00a0el autor ceda gratuitamente tales \u00a0beneficios. \u00a0\u00a0<\/p>\n<p>(&#8230;) \u00a0<\/p>\n<p>Sin \u00a0embargo, \u00a0para la Corte el art\u00edculo 33 \u00a0demandado \u00a0no persigue prescribir la inalienabilidad absoluta de los derechos de \u00a0autor.\u00a0 \u00a0 Una \u00a0 lectura \u00a0 completa \u00a0de \u00a0la \u00a0norma \u00a0y \u00a0de \u00a0sus \u00a0antecedentes \u00a0legislativos, \u00a0pone \u00a0de \u00a0manifiesto \u00a0que \u00a0la intenci\u00f3n del legislador fue la de \u00a0proteger \u00a0los \u00a0derechos \u00a0de autores, actores, directores y dramaturgos en lo que \u00a0concerniente \u00a0a la seguridad social. Por ello la norma \u00a0dice \u00a0que \u00a0tales \u00a0derechos \u00a0de \u00a0autor \u00a0se \u00a0consideran \u00a0inalienables \u2018por \u00a0 las \u00a0implicaciones \u00a0que \u00a0estos \u00a0tienen \u00a0 \u00a0 \u00a0para \u00a0 \u00a0 la \u00a0 \u00a0 seguridad \u00a0 \u00a0 social \u00a0 \u00a0 del \u00a0 \u00a0 artista.\u2019 \u00a0 \u00a0Es \u00a0decir,\u00a0 \u00a0para \u00a0la \u00a0Corte \u00a0lo \u00a0que \u00a0la \u00a0norma \u00a0demandada proscribe, no es la \u00a0enajenabilidad \u00a0de \u00a0los derechos en comento, sino la de los derechos relativos a \u00a0la \u00a0seguridad social que se derivan para sus titulares en raz\u00f3n del trabajo que \u00a0ejercen. \u00a0\u00a0<\/p>\n<p>(&#8230;) \u00a0<\/p>\n<p>Estas \u00a0normas, \u00a0puestas \u00a0en relaci\u00f3n con la \u00a0normatividad \u00a0impugnada, \u00a0avalan \u00a0la interpretaci\u00f3n seg\u00fan la cual el \u00a0prop\u00f3sito \u00a0del \u00a0legislador \u00a0fue hacer irrenunciables\u00a0 los \u00a0beneficios \u00a0prestacionales \u00a0derivados \u00a0de \u00a0la \u00a0condici\u00f3n \u00a0de \u00a0gestor \u00a0o creador \u00a0cultural, y no los derechos de autor en si mismos considerados. \u00a0\u00a0<\/p>\n<p>As\u00ed \u00a0las \u00a0cosas, \u00a0la Corte encuentra que el \u00a0art\u00edculo \u00a033 \u00a0bajo examen no desconoce la Constituci\u00f3n, en el entendido de que \u00a0los \u00a0 derechos \u00a0 patrimoniales\u00a0 \u00a0 de \u00a0autor \u00a0se \u00a0pueden \u00a0ceder \u00a0o \u00a0enajenar \u00a0libremente, \u00a0siempre \u00a0y \u00a0cuando \u00a0la \u00a0cesi\u00f3n o enajenaci\u00f3n no afecte el derecho \u00a0irrenunciable \u00a0 a \u00a0 la \u00a0 seguridad \u00a0 social \u00a0 de \u00a0sus \u00a0titulares.\u201d(Subrayas fuera del texto original) \u00a0\u00a0<\/p>\n<p>De \u00a0acuerdo con la jurisprudencia citada, la \u00a0propiedad \u00a0intelectual \u00a0es \u00a0susceptible de ser protegida en la medida en que con \u00a0la \u00a0cesi\u00f3n de los derechos patrimoniales de autor se afecta la seguridad social \u00a0del \u00a0artista, \u00a0especialmente \u00a0si \u00a0se \u00a0tiene \u00a0en cuenta que los autores no suelen \u00a0tener \u00a0un \u00a0marco \u00a0de \u00a0protecci\u00f3n \u00a0a \u00a0la seguridad social, particularmente en lo \u00a0referente \u00a0a la pensi\u00f3n, ya que no es extra\u00f1o que su \u00fanica fuente de ingresos \u00a0provenga de la promoci\u00f3n y divulgaci\u00f3n de sus obras. \u00a0\u00a0<\/p>\n<p>6.4.\u00a0 \u00a0Ahora \u00a0bien, \u00a0en \u00a0relaci\u00f3n con el \u00a0derecho \u00a0a \u00a0la \u00a0seguridad social, este adquiere una dimensi\u00f3n especial respecto \u00a0de \u00a0los \u00a0adultos \u00a0mayores, \u00a0no \u00a0solo \u00a0en \u00a0materia \u00a0de \u00a0salud \u00a0sino \u00a0frente a una \u00a0asignaci\u00f3n \u00a0que \u00a0le \u00a0permita un nivel de vida en condiciones dignas.\u00a0 As\u00ed \u00a0las \u00a0cosas, \u00a0la \u00a0interpretaci\u00f3n \u00a0que \u00a0del \u00a0derecho a la seguridad social de los \u00a0adultos \u00a0mayores \u00a0ha \u00a0realizado \u00a0el \u00a0Comit\u00e9 de Derechos Econ\u00f3micos, Sociales y \u00a0Culturales \u00a0 -int\u00e9rprete \u00a0 autorizado \u00a0 del \u00a0Pacto22- \u00a0conforme \u00a0al \u00a0documento de \u00a0observaciones generales No. 6 indica: \u00a0\u00a0<\/p>\n<p>\u201cEl art\u00edculo 9 del Pacto prev\u00e9 de manera \u00a0general \u00a0que \u00a0los \u00a0Estados \u00a0Partes \u00a0\u201creconocen el derecho de toda persona a la \u00a0seguridad \u00a0social\u201d, \u00a0sin precisar la \u00edndole ni el nivel de la protecci\u00f3n que \u00a0debe \u00a0 garantizarse. \u00a0Sin \u00a0embargo, \u00a0en \u00a0el \u00a0t\u00e9rmino \u00a0\u201cseguro \u00a0social\u201d, quedan incluidos de forma impl\u00edcita todos los riesgos que \u00a0ocasionen \u00a0la p\u00e9rdida de los medios de subsistencia por circunstancias ajenas a \u00a0la \u00a0 \u00a0voluntad \u00a0 \u00a0de \u00a0 las \u00a0 personas.\u201d (subrayas fuera del texto original). \u00a0\u00a0<\/p>\n<p>En esa medida, se debe tener en cuenta que el \u00a0derecho \u00a0a \u00a0la seguridad social tiene estrecha relaci\u00f3n con el m\u00ednimo vital de \u00a0cada \u00a0individuo, \u00a0el cual est\u00e1 determinado por las condiciones de vida congrua, \u00a0entendido \u00a0como \u00a0\u201c(&#8230;) \u00a0los requerimientos b\u00e1sicos \u00a0indispensables \u00a0para \u00a0asegurar \u00a0la \u00a0digna \u00a0subsistencia \u00a0de \u00a0la \u00a0persona y de su \u00a0familia, \u00a0no \u00a0solamente en lo relativo a la alimentaci\u00f3n y vestuario sino en lo \u00a0referente \u00a0a \u00a0salud, educaci\u00f3n, vivienda, seguridad social y medio ambiente, en \u00a0cuanto \u00a0factores \u00a0insustituibles \u00a0para \u00a0la \u00a0preservaci\u00f3n de una calidad de vida \u00a0que, \u00a0no obstante su modestia, corresponda a las exigencias m\u00e1s elementales del \u00a0ser \u00a0humano\u201d23. \u00a0\u00a0<\/p>\n<p>De \u00a0 igual \u00a0forma \u00a0esta \u00a0Corporaci\u00f3n, \u00a0en \u00a0relaci\u00f3n con el tema, ha se\u00f1alado lo siguiente: \u00a0\u00a0<\/p>\n<p>\u201c\u2026 \u00a0el \u00a0concepto \u00a0de m\u00ednimo vital ha de \u00a0mirarse \u00a0desde una \u00f3ptica muy particular, pues para determinar si efectivamente \u00a0se \u00a0encuentra vulnerado han de tenerse en cuenta otros factores propios del caso \u00a0en \u00a0concreto, \u00a0sin que por ello, el concepto en s\u00ed, pueda ser restringido en su \u00a0aplicaci\u00f3n \u00a0a \u00a0ciertos y determinados grupos sociales. Evidentemente, cuando un \u00a0particular \u00a0considera \u00a0en \u00a0peligro \u00a0su \u00a0m\u00ednimo vital, pretender\u00e1 justificar su \u00a0violaci\u00f3n \u00a0en \u00a0la \u00a0ausencia \u00a0de \u00a0aquellos medios materiales que se constitu\u00edan \u00a0como \u00a0los \u00a0garantes \u00a0de una vida en condiciones dignas y justas, y que le est\u00e1n \u00a0siendo \u00a0negados, \u00a0ya \u00a0sea \u00a0por \u00a0un particular o por un ente p\u00fablico, que con su \u00a0conducta \u00a0 omisiva, \u00a0 desconocen \u00a0 el \u00a0 derecho \u00a0 que \u00a0 tiene \u00a0 la \u00a0 persona \u00a0 a \u00a0reclamarlos.\u201d24 \u00a0\u00a0<\/p>\n<p>Adicionalmente, en otra oportunidad la Corte \u00a0indic\u00f3 \u00a0que \u00a0\u201cla idea de un m\u00ednimo de condiciones \u00a0decorosas \u00a0 de \u00a0 vida \u00a0 (v.gr. \u00a0 vestido, \u00a0 alimentaci\u00f3n, \u00a0 educaci\u00f3n, \u00a0salud, \u00a0recreaci\u00f3n), \u00a0 no \u00a0va \u00a0ligada \u00a0s\u00f3lo \u00a0con \u00a0una \u00a0valoraci\u00f3n \u00a0num\u00e9rica \u00a0de \u00a0las \u00a0necesidades \u00a0biol\u00f3gicas \u00a0m\u00ednimas \u00a0por \u00a0satisfacer \u00a0para subsistir, sino con la \u00a0apreciaci\u00f3n \u00a0material del valor de su trabajo, de las circunstancias propias de \u00a0cada \u00a0 individuo, \u00a0 y \u00a0 del \u00a0 respeto \u00a0 por \u00a0 sus \u00a0particulares \u00a0condiciones \u00a0de \u00a0vida.\u201d25 \u00a0\u00a0<\/p>\n<p>As\u00ed \u00a0las \u00a0cosas, \u00a0es claro que cada persona \u00a0maneja \u00a0un \u00a0m\u00ednimo \u00a0vital \u00a0de \u00a0acuerdo \u00a0con su situaci\u00f3n particular y la de su \u00a0familia, \u00a0de \u00a0acuerdo con sus gastos y obligaciones, lo cual evidencia que dicho \u00a0concepto \u00a0no \u00a0va ligado necesariamente a un monto fijo previamente determinado o \u00a0a \u00a0una \u00a0noci\u00f3n \u00a0netamente \u00a0cuantitativa \u00a0de los recursos, sino que puede variar \u00a0atendiendo \u00a0a \u00a0las condiciones particulares de cada caso particular, siempre que \u00a0represente \u00a0 un \u00a0 m\u00ednimo \u00a0 de \u00a0 condiciones \u00a0decorosas \u00a0de \u00a0vida \u00a0de \u00a0quien \u00a0lo \u00a0reclama. \u00a0\u00a0<\/p>\n<p>6.5.\u00a0 \u00a0Bajo \u00a0estas \u00a0premisas, \u00a0se puede \u00a0concluir \u00a0que en aquellos asuntos relacionados con derechos de autor, el juez de \u00a0tutela \u00a0cuenta \u00a0con \u00a0la facultad intervenci\u00f3n, \u00fanicamente en cuanto exista una \u00a0relaci\u00f3n \u00a0 \u00a0directa \u00a0 \u00a0con \u00a0 \u00a0su \u00a0 \u00a0dimensi\u00f3n \u00a0 ius \u00a0fundamental.\u00a0 \u00a0En otras palabras, la potestad del \u00a0juez \u00a0 se \u00a0restringe \u00a0a \u00a0dicha \u00a0problem\u00e1tica, \u00a0porque \u00a0por \u00a0regla \u00a0general \u00a0las \u00a0controversias \u00a0que \u00a0de \u00a0ellos \u00a0se \u00a0derivan \u00a0son \u00a0de \u00a0orden \u00a0legal y de contenido \u00a0econ\u00f3mico, debiendo ser debatidos ante la jurisdicci\u00f3n ordinaria. \u00a0\u00a0<\/p>\n<p>7.\u00a0 Caso Concreto. \u00a0<\/p>\n<p>7.1. \u00a0 \u00a0 \u00a0\u00a0 \u00a0 \u00a0Como \u00a0 se \u00a0 estableci\u00f3 \u00a0a \u00a0pesar \u00a0del \u00a0fallecimiento \u00a0del \u00a0actor \u00a0en \u00a0este \u00a0caso es procedente un estudio del fondo del \u00a0asunto \u00a0a \u00a0fin \u00a0de \u00a0determinar \u00a0si \u00a0las \u00a0decisiones \u00a0de \u00a0los jueces de instancia \u00a0estuvieron \u00a0precedidas \u00a0del \u00a0respeto de los preceptos constitucionales. De igual \u00a0modo, \u00a0se pretende se\u00f1alar unas directrices generales respecto a la protecci\u00f3n \u00a0de los derechos patrimoniales de autor. \u00a0\u00a0<\/p>\n<p>7.2. \u00a0 \u00a0 \u00a0\u00a0 \u00a0\u00a0En \u00a0primer \u00a0lugar, \u00a0entiende la Sala que \u00a0existen \u00a0algunas \u00a0diferencias \u00a0en \u00a0el \u00a0desarrollo \u00a0de \u00a0los \u00a0contratos firmados y \u00a0aceptados \u00a0por \u00a0las \u00a0partes las que no corresponden ser definidas por esta v\u00eda, \u00a0pues, \u00a0requieren \u00a0de \u00a0un amplio debate judicial el cual debe ser adelantado ante \u00a0las \u00a0instancias \u00a0correspondientes \u00a0seg\u00fan \u00a0lo \u00a0previsto \u00a0en los art\u00edculos 242 y \u00a0siguientes de la Ley 23 de 1982. \u00a0\u00a0<\/p>\n<p>En este sentido, en desarrollo de los apartes \u00a0jurisprudenciales \u00a0se\u00f1alados \u00a0en el ac\u00e1pite precedente, es claro que por regla \u00a0general \u00a0\u201cel \u00a0tema \u00a0relativo a los derechos de autor \u00a0debe \u00a0resolverse \u00a0por la v\u00eda ordinaria, al menos en lo referente a los aspectos \u00a0puramente \u00a0econ\u00f3micos \u00a0de \u00a0la \u00a0relaci\u00f3n jur\u00eddica que se establece26. \u00a0Lo \u00a0cual significa que, en principio, no es la acci\u00f3n \u00a0de \u00a0tutela \u00a0el mecanismo previsto para formular las reclamaciones a los editores \u00a0en \u00a0aquellos \u00a0aspectos \u00a0relacionados con la explotaci\u00f3n econ\u00f3mica de las obras \u00a0musicales \u00a0y \u00a0con \u00a0ocasi\u00f3n de los contratos celebrados con los autores. De ah\u00ed \u00a0que \u00a0el ordenamiento jur\u00eddico colombiano haya contemplado el proceso civil ante \u00a0la jurisdicci\u00f3n ordinaria. \u00a0\u00a0<\/p>\n<p>7.3. \u00a0 \u00a0 \u00a0\u00a0 \u00a0\u00a0No obstante, la anterior situaci\u00f3n puede \u00a0variar \u00a0atendiendo \u00a0las especiales circunstancias que rodean cada caso, pues, la \u00a0intervenci\u00f3n \u00a0del \u00a0juez de tutela se torna imperiosa en aquellos eventos en que \u00a0las \u00a0cl\u00e1usulas contractuales vulneran o amenazan los derechos fundamentales del \u00a0artista, \u00a0como \u00a0lo \u00a0concerniente \u00a0al \u00a0derecho \u00a0al \u00a0m\u00ednimo \u00a0vital \u00a0y \u00a0la vida en \u00a0condiciones \u00a0dignas, ya que a pesar de existir un acuerdo de voluntades \u00e9ste no \u00a0puede \u00a0llegar \u00a0a comprometer en grado sumo los referidos derechos, m\u00e1xime si se \u00a0tiene \u00a0en \u00a0cuenta \u00a0que tales intereses adquieren el grado de fundamental por las \u00a0especiales \u00a0circunstancias \u00a0que \u00a0puedan \u00a0rodear \u00a0la \u00a0relaci\u00f3n \u00a0contractual y la \u00a0eventual \u00a0indefensi\u00f3n \u00a0en \u00a0que \u00a0se \u00a0pueda encontrar el actor frente a las casas \u00a0editoras, \u00a0particularmente \u00a0si \u00a0se \u00a0trata de una persona de la tercera edad como \u00a0sujeto de especial protecci\u00f3n constitucional. \u00a0\u00a0<\/p>\n<p>Como \u00a0se \u00a0expuso, \u00a0la \u00a0acci\u00f3n \u00a0de tutela no \u00a0resulta \u00a0procedente \u00a0de \u00a0manera general para solucionar conflictos que emanen de \u00a0una \u00a0relaci\u00f3n contractual, salvo que se comprometan derechos fundamentales como \u00a0pudiera \u00a0ser \u00a0el \u00a0caso en que se haga indispensable la procedencia de la acci\u00f3n \u00a0como \u00a0mecanismo \u00a0transitorio \u00a0para \u00a0evitar un perjuicio irremediable27. \u00a0\u00a0<\/p>\n<p>7.4. \u00a0 \u00a0 \u00a0\u00a0 \u00a0 \u00a0De \u00a0esta \u00a0manera, \u00a0procede \u00a0la \u00a0Sala \u00a0a \u00a0verificar \u00a0la \u00a0situaci\u00f3n \u00a0del \u00a0se\u00f1or \u00a0Escalona, \u00a0quien acudi\u00f3 a la acci\u00f3n de \u00a0tutela \u00a0con la finalidad de que se le concediera a sus derechos patrimoniales de \u00a0autor \u00a0el \u00a0car\u00e1cter \u00a0de \u00a0inalienables \u00a0e \u00a0intransferibles \u00a0y \u00a0de esta manera se \u00a0resolviera \u00a0o \u00a0dejaran sin efectos los contratos de cesi\u00f3n de derechos firmados \u00a0con \u00a0la \u00a0sociedad \u00a0EDIMUSICA \u00a0Ltda., adem\u00e1s de los contratos de subedici\u00f3n por \u00a0medio \u00a0de \u00a0los \u00a0cuales \u00a0se ven\u00eda efectuando el recaudo de las regal\u00edas a nivel \u00a0internacional. \u00a0\u00a0<\/p>\n<p>Al respecto debe se\u00f1alarse que los derechos \u00a0patrimoniales \u00a0 de \u00a0 autor, \u00a0 como \u00a0se \u00a0ha \u00a0explicado, \u00a0no \u00a0son \u00a0inalienables \u00a0e \u00a0intransferibles \u00a0por \u00a0cuanto \u00a0sus \u00a0titulares \u00a0pueden disponer voluntariamente de \u00a0ellos \u00a0a \u00a0t\u00edtulo gratuito u oneroso, bajo las condiciones l\u00edcitas que su libre \u00a0criterio \u00a0les \u00a0dicte para que de esta manera, en la medida en que lo consideren, \u00a0los \u00a0aprovechen \u00a0con \u00a0fines \u00a0de \u00a0lucro haciendo la respectiva divulgaci\u00f3n, as\u00ed \u00a0como \u00a0la \u00a0ejecuci\u00f3n, \u00a0representaci\u00f3n, \u00a0traducci\u00f3n, \u00a0adaptaci\u00f3n, exhibici\u00f3n, \u00a0transmisi\u00f3n \u00a0o \u00a0cualquier \u00a0tipo \u00a0de \u00a0difusi\u00f3n \u00a0conocida o por conocerse. Dicha \u00a0cesi\u00f3n \u00a0de \u00a0derechos \u00a0parte \u00a0de \u00a0la \u00a0libre \u00a0voluntad de quien es titular de los \u00a0derechos de propiedad intelectual. \u00a0\u00a0<\/p>\n<p>7.5. \u00a0 \u00a0 \u00a0\u00a0 \u00a0\u00a0Tal cesi\u00f3n y explotaci\u00f3n de derechos se \u00a0encuentra \u00a0regulada \u00a0esencialmente por la Ley 23 de 1982, que procura establecer \u00a0unos \u00a0lineamientos \u00a0b\u00e1sicos en relaci\u00f3n con los creadores de obras art\u00edsticas \u00a0y \u00a0la \u00a0generaci\u00f3n \u00a0de recursos por su explotaci\u00f3n. Adem\u00e1s, la Ley 397 de 1997 \u00a0en \u00a0su \u00a0art\u00edculo \u00a033 \u00a0refiere \u00a0a \u00a0los \u00a0derechos \u00a0de \u00a0autor y la garant\u00eda de la \u00a0seguridad \u00a0social. \u00a0Por \u00a0ello, \u00a0la \u00a0disposici\u00f3n \u00a0que \u00a0se \u00a0haga \u00a0de los derechos \u00a0patrimoniales \u00a0de \u00a0autor \u00a0encuentra \u00a0una \u00a0limitante \u00a0en \u00a0la \u00a0medida en que \u00e9sta \u00a0conlleve \u00a0a la afectaci\u00f3n de la seguridad social en conexidad con el derecho al \u00a0m\u00ednimo vital. \u00a0\u00a0<\/p>\n<p>En \u00a0efecto, como lo ha sostenido esta Corte, \u00a0la \u00a0seguridad \u00a0social \u00a0desde \u00a0el \u00a0punto \u00a0de vista constitucional (arts. 48 y 49) \u00a0implica \u00a0un concepto ampliado, expansivo y no excluyente por lo que comprende el \u00a0\u201cmayor n\u00famero de servicios, auxilios, asistencias y \u00a0prestaciones \u00a0en \u00a0general, \u00a0diferenci\u00e1ndose \u00a0de \u00a0la \u00a0escuela que la limita a lo \u00a0b\u00e1sico\u201d28. \u00a0De \u00a0ah\u00ed \u00a0que \u00a0no \u00a0pueda sostenerse que la seguridad social en un \u00a0Estado \u00a0social \u00a0de \u00a0derecho \u00a0se \u00a0encuentre limitada a aspectos como la salud, la \u00a0pensi\u00f3n \u00a0 y \u00a0 los \u00a0riesgos \u00a0profesionales, \u00a0dado \u00a0que \u00a0incluye \u00a0igualmente \u00a0las \u00a0condiciones \u00a0materiales \u00a0m\u00ednimas de subsistencia para todos y en especial sobre \u00a0quienes \u00a0por \u00a0su situaci\u00f3n de vulnerabilidad se encuentran en circunstancias de \u00a0debilidad \u00a0manifiesta. Recu\u00e9rdese que el m\u00ednimo vital no va atado solo con una \u00a0valoraci\u00f3n \u00a0num\u00e9rica \u00a0de \u00a0las \u00a0necesidades biol\u00f3gicas m\u00ednimas por satisfacer \u00a0para \u00a0la \u00a0subsistencia, \u00a0sino \u00a0que tambi\u00e9n incumbe la apreciaci\u00f3n material del \u00a0valor \u00a0del \u00a0trabajo, las circunstancias propias de cada persona y el respeto por \u00a0las \u00a0particulares \u00a0condiciones de vida del solicitante. Lo anterior adquiere una \u00a0mayor \u00a0importancia si se tiene en cuenta que para los autores, en la mayor\u00eda de \u00a0los \u00a0casos, \u00a0los \u00a0ingresos \u00a0generados \u00a0por sus obras se constituyen en la \u00fanica \u00a0fuente \u00a0 \u00a0de \u00a0 \u00a0recursos \u00a0 para \u00a0 proporcionarse \u00a0 una \u00a0 vida \u00a0 en \u00a0 condiciones \u00a0dignas. \u00a0\u00a0<\/p>\n<p>7.6. \u00a0 \u00a0 \u00a0\u00a0 \u00a0\u00a0Ahora bien, el accionante expone que los \u00a0dineros \u00a0 percibidos \u00a0 bajo \u00a0 los \u00a0contratos \u00a0celebrados \u00a0con \u00a0EDIMUSICA \u00a0LTDA., \u00a0resultaban \u00a0insuficientes para su\u00a0 congrua subsistencia por cuanto desde el \u00a0a\u00f1o \u00a01999 \u00a0al \u00a02008 recibi\u00f3 solamente la suma de $150.000.000.oo, por concepto \u00a0de \u00a0anticipo \u00a0a \u00a0las regal\u00edas quedando pendiente un saldo a favor de la entidad \u00a0por \u00a0valor \u00a0de \u00a0$80.000.000.oo, por lo que entend\u00eda que la actividad desplegada \u00a0por \u00a0la \u00a0accionada \u00a0resultaba \u00a0negligente, \u00a0m\u00e1xime \u00a0cuando \u00a0no \u00a0era oportuna la \u00a0entrega \u00a0de \u00a0los \u00a0informes \u00a0por la explotaci\u00f3n de sus obras. Esta situaci\u00f3n se \u00a0agravaba \u00a0a\u00fan m\u00e1s por la carencia de otras fuentes de ingreso y dado su estado \u00a0de salud y avanzada edad. \u00a0\u00a0<\/p>\n<p>Sobre \u00a0este particular debe indicarse que de \u00a0acuerdo \u00a0con el material probatorio recaudado se logr\u00f3 establecer que EDIMUSICA \u00a0LTDA., \u00a0desde \u00a0el \u00a0a\u00f1o \u00a0de \u00a01999 \u00a0a la fecha de interposici\u00f3n de la demanda de \u00a0tutela \u00a0 \u00a0 consign\u00f3 \u00a0 \u00a0 al \u00a0 \u00a0 actor \u00a0 \u00a0 la \u00a0 \u00a0 suma \u00a0 \u00a0 de \u00a0 \u00a0$324\u2019043.636,oo, por concepto de anticipos y \u00a0pagos no abonados a la deuda, como puede apreciarse: \u00a0\u00a0<\/p>\n<p>FECHA \u00a0\u00a0 \u00a0 \u00a0 \u00a0 \u00a0 \u00a0<\/p>\n<p>CONCEPTO \u00a0\u00a0 \u00a0 \u00a0 \u00a0 \u00a0 \u00a0<\/p>\n<p>VALOR \u00a0<\/p>\n<p>Jun-99 \u00a0\u00a0 \u00a0 \u00a0 \u00a0 \u00a0 \u00a0<\/p>\n<p>ANTICIPO \u00a0\u00a0 \u00a0 \u00a0 \u00a0 \u00a0 \u00a0<\/p>\n<p>80.000.000,oo \u00a0<\/p>\n<p>Sep-99 \u00a0\u00a0 \u00a0 \u00a0 \u00a0 \u00a0 \u00a0<\/p>\n<p>ANTICIPO \u00a0\u00a0 \u00a0 \u00a0 \u00a0 \u00a0 \u00a0<\/p>\n<p>20.000.000,oo \u00a0<\/p>\n<p>Feb-00 \u00a0\u00a0 \u00a0 \u00a0 \u00a0 \u00a0 \u00a0<\/p>\n<p>ANTICIPO \u00a0\u00a0 \u00a0 \u00a0 \u00a0 \u00a0 \u00a0<\/p>\n<p>50.000.000,oo \u00a0<\/p>\n<p>Sep-02 \u00a0\u00a0 \u00a0 \u00a0 \u00a0 \u00a0 \u00a0<\/p>\n<p>ANTICIPO \u00a0\u00a0 \u00a0 \u00a0 \u00a0 \u00a0 \u00a0<\/p>\n<p>150.000.000,oo \u00a0<\/p>\n<p>Subtotal \u00a0\u00a0 \u00a0 \u00a0 \u00a0 \u00a0 \u00a0<\/p>\n<p>300.000.000,oo \u00a0<\/p>\n<p>Otros \u00a0 \u00a0dineros \u00a0entregados \u00a0<\/p>\n<p>Ago-99 \u00a0\u00a0 \u00a0 \u00a0 \u00a0 \u00a0 \u00a0<\/p>\n<p>Para \u00a0medicamentos \u00a0\u00a0 \u00a0 \u00a0 \u00a0 \u00a0 \u00a0<\/p>\n<p>350.000,oo \u00a0<\/p>\n<p>Mar-03 \u00a0\u00a0 \u00a0 \u00a0 \u00a0 \u00a0 \u00a0<\/p>\n<p>Compra \u00a0 \u00a0 de \u00a0m\u00fasica \u00a0\u00a0 \u00a0 \u00a0 \u00a0 \u00a0 \u00a0<\/p>\n<p>228.097,oo \u00a0<\/p>\n<p>Subtotal \u00a0\u00a0 \u00a0 \u00a0 \u00a0 \u00a0 \u00a0<\/p>\n<p>Los dineros entregados al actor a partir del \u00a02008 \u00a0 por \u00a0 concepto \u00a0de \u00a0regal\u00edas \u00a0y \u00a0no \u00a0abonados \u00a0a \u00a0la \u00a0citada \u00a0deuda, \u00a0se \u00a0discriminaron as\u00ed: \u00a0\u00a0<\/p>\n<p>Mar- 08 \u00a0\u00a0 \u00a0 \u00a0 \u00a0 \u00a0 \u00a0<\/p>\n<p>Regal\u00edas 2\u00b0, 3er y 4\u00b0 \u00a0trimestre 2007 \u00a0\u00a0 \u00a0 \u00a0 \u00a0 \u00a0 \u00a0<\/p>\n<p>7.269.257,oo \u00a0<\/p>\n<p>Jun-\u00a0 08 \u00a0\u00a0 \u00a0 \u00a0 \u00a0 \u00a0 \u00a0<\/p>\n<p>Regal\u00edas 1er trimestre \u00a02008 \u00a0\u00a0 \u00a0 \u00a0 \u00a0 \u00a0 \u00a0<\/p>\n<p>8.245.260,oo \u00a0<\/p>\n<p>Ago- 08 \u00a0\u00a0 \u00a0 \u00a0 \u00a0 \u00a0 \u00a0<\/p>\n<p>Regal\u00edas 2\u00b0 trimestre \u00a02008 \u00a0\u00a0 \u00a0 \u00a0 \u00a0 \u00a0 \u00a0<\/p>\n<p>3.095.788,oo \u00a0<\/p>\n<p>Nov- 08 \u00a0\u00a0 \u00a0 \u00a0 \u00a0 \u00a0 \u00a0<\/p>\n<p>Regal\u00edas 3er trimestre \u00a02008 \u00a0\u00a0 \u00a0 \u00a0 \u00a0 \u00a0 \u00a0<\/p>\n<p>2.811.624,oo \u00a0<\/p>\n<p>Feb- 09 \u00a0\u00a0 \u00a0 \u00a0 \u00a0 \u00a0 \u00a0<\/p>\n<p>Regal\u00edas 4\u00b0 trimestre \u00a02008 \u00a0\u00a0 \u00a0 \u00a0 \u00a0 \u00a0 \u00a0<\/p>\n<p>1.388.250,oo \u00a0<\/p>\n<p>Feb- 09 \u00a0\u00a0 \u00a0 \u00a0 \u00a0 \u00a0 \u00a0<\/p>\n<p>Regal\u00edas USA \u00a0\u00a0 \u00a0 \u00a0 \u00a0 \u00a0 \u00a0<\/p>\n<p>655.359,oo \u00a0<\/p>\n<p>TOTAL \u00a0\u00a0 \u00a0 \u00a0 \u00a0 \u00a0 \u00a0<\/p>\n<p>23.465.538,oo \u00a0<\/p>\n<p>En consecuencia, al se\u00f1or Escalona le fueron \u00a0entregadas en total las siguientes cantidades: \u00a0\u00a0<\/p>\n<p>TOTAL \u00a0ANTICIPOS \u00a0\u00a0 \u00a0 \u00a0 \u00a0 \u00a0 \u00a0<\/p>\n<p>$300.578.097,oo \u00a0<\/p>\n<p>PAGOS \u00a0 REALIZADOS \u00a02008 \u00a0\u00a0 \u00a0 \u00a0 \u00a0 \u00a0 \u00a0<\/p>\n<p>TOTAL \u00a0\u00a0 \u00a0 \u00a0 \u00a0 \u00a0 \u00a0<\/p>\n<p>$324.043.635,oo \u00a0<\/p>\n<p>As\u00ed \u00a0las cosas, el accionante efectivamente \u00a0recibi\u00f3 \u00a0 un \u00a0 valor \u00a0 total \u00a0de \u00a0$324\u2019043.635,oo \u00a0y \u00a0no \u00a0como \u00a0en principio se sostuvo de $150\u2019000.000,oo. \u00a0As\u00ed \u00a0mismo, \u00a0la \u00a0entidad \u00a0accionada \u00a0procedi\u00f3 \u00a0a partir del 2008 a realizar pagos trimestrales de acuerdo \u00a0a \u00a0los \u00a0valores \u00a0recaudados \u00a0sin \u00a0hacer \u00a0exigible el pago del saldo resultante a \u00a0favor \u00a0de \u00a0la \u00a0sociedad \u00a0que \u00a0ascend\u00eda \u00a0a $76.867.370,02. Hasta el a\u00f1o 2007 la \u00a0totalidad \u00a0de \u00a0las sumas percibidas por concepto de regal\u00edas fueron consignadas \u00a0\u00fanica \u00a0y exclusivamente como abono a los anticipos hechos al autor, fecha en la \u00a0cual \u00a0la \u00a0sociedad \u00a0accionada \u00a0opt\u00f3 por dejar de hacer tales abonos a pesar del \u00a0saldo \u00a0pendiente dada la especial condici\u00f3n de salud del actor. Tambi\u00e9n, puede \u00a0apreciarse \u00a0que \u00a0el \u00a0accionante \u00a0percibi\u00f3 otros ingresos por la explotaci\u00f3n de \u00a0sus \u00a0obras \u00a0como \u00a0lo \u00a0fueron \u00a0las \u00a0derivadas \u00a0de su relaci\u00f3n con Sayco, Caracol \u00a0Televisi\u00f3n \u00a0 \u00a0 \u00a0 \u00a0 \u00a0 \u00a0y \u00a0 \u00a0 \u00a0 \u00a0 \u00a0 \u00a0Emlasa29.\u00a0 \u00a0\u00a0<\/p>\n<p>7.7. \u00a0 \u00a0 \u00a0\u00a0 \u00a0 \u00a0Conforme \u00a0 a \u00a0 lo \u00a0 anterior, \u00a0podr\u00eda \u00a0sostenerse \u00a0que \u00a0el \u00a0m\u00ednimo \u00a0vital \u00a0del \u00a0actor estuvo garantizado dado el monto \u00a0total \u00a0percibido a la fecha de la presentaci\u00f3n de la acci\u00f3n de tutela. Ello no \u00a0es \u00a0claro \u00a0para la Corte puesto que un examen minucioso de los dineros que hasta \u00a0hoy \u00a0ha \u00a0recibido \u00a0por \u00a0los \u00a0contratos \u00a0celebrados \u00a0con \u00a0EDIMUSICA \u00a0LTDA., puede \u00a0llevarnos \u00a0a \u00a0la \u00a0conclusi\u00f3n \u00a0contraria, \u00a0dado \u00a0que el monto total percibido se \u00a0predica \u00a0de \u00a0un \u00a0tiempo \u00a0considerable \u00a0(9 \u00a0a\u00f1os), \u00a0donde \u00a0adem\u00e1s pudo resultar \u00a0comprometida \u00a0la \u00a0congrua \u00a0subsistencia \u00a0del \u00a0actor \u00a0y \u00a0no \u00a0apreci\u00f3 \u00a0en toda su \u00a0dimensi\u00f3n \u00a0las circunstancias que actualmente le rodeaban dadas las condiciones \u00a0de \u00a0salud y el ser una persona de la tercera edad (82 a\u00f1os), sujeto de especial \u00a0protecci\u00f3n \u00a0constitucional. \u00a0Estas particulares condiciones del actor no pueden \u00a0ser \u00a0extra\u00f1as \u00a0a la valoraci\u00f3n que hagan los jueces de tutela como garantes de \u00a0los derechos fundamentales. \u00a0\u00a0<\/p>\n<p>Tambi\u00e9n \u00a0debe reconocerse que la cesi\u00f3n de \u00a0derechos \u00a0patrimoniales \u00a0de \u00a0autor \u00a0tiene \u00a0como particularidad que las regal\u00edas \u00a0captadas \u00a0se \u00a0encuentran \u00a0supeditadas a la explotaci\u00f3n que se haga de las obras \u00a0musicales, \u00a0pues, \u00a0del \u00a0impacto que tenga en el mercado en cuanto a la demanda y \u00a0la \u00a0adecuada gesti\u00f3n que se realice por la casa editora, depende en gran medida \u00a0los \u00a0ingresos \u00a0que \u00a0habr\u00e1 \u00a0de \u00a0percibir \u00a0el \u00a0artista. \u00a0Dado que en este caso la \u00a0comercializaci\u00f3n \u00a0de \u00a0las \u00a0obras est\u00e1 sujeta a factores variables como los que \u00a0rodean \u00a0el \u00a0mercado de la m\u00fasica y atendiendo a la gesti\u00f3n de la casa editora, \u00a0no \u00a0podr\u00eda \u00a0obligarse \u00a0a la sociedad a entregar una suma fija de dinero en cada \u00a0trimestre.\u00a0 \u00a0\u00a0<\/p>\n<p>7.8. \u00a0 \u00a0 \u00a0\u00a0 \u00a0\u00a0Para la Sala es claro que siempre que se \u00a0comprometa \u00a0el \u00a0derecho \u00a0a \u00a0la \u00a0seguridad social del artista en relaci\u00f3n con su \u00a0m\u00ednimo \u00a0vital y vida en condiciones dignas, pesa sobre la casa editora un deber \u00a0de \u00a0solidaridad \u00a0reforzado a favor de \u00e9ste, en la medida en que su subsistencia \u00a0dependa \u00a0exclusivamente \u00a0de \u00a0los \u00a0recursos \u00a0que genere el o los contratos. Dicho \u00a0deber \u00a0de \u00a0solidaridad \u00a0se traduce en la obligaci\u00f3n de informar al autor con la \u00a0mayor \u00a0oportunidad \u00a0posible \u00a0a \u00a0cerca del detrimento significativo que presenten \u00a0sus \u00a0regal\u00edas, lo cual debe estar precedido de una comunicaci\u00f3n clara, precisa \u00a0y \u00a0detallada \u00a0sobre \u00a0dicha situaci\u00f3n para que el artista pueda cotejarlo con la \u00a0realidad \u00a0actual \u00a0y \u00a0de \u00a0encontrarlo \u00a0necesario \u00a0solicitar ante la jurisdicci\u00f3n \u00a0competente \u00a0la resoluci\u00f3n del contrato, como podr\u00eda ser cuando se presenta una \u00a0gesti\u00f3n \u00a0ineficiente por la sociedad editora, o excepcionalmente acudir a\u00a0 \u00a0la \u00a0acci\u00f3n de tutela en el caso de considerar la existencia de la violaci\u00f3n de \u00a0sus \u00a0derechos \u00a0fundamentales. Recu\u00e9rdese que la seguridad social es un concepto \u00a0expansivo \u00a0que \u00a0a \u00a0partir \u00a0del \u00a0principio y deber de solidaridad (arts. 1\u00ba y 95 \u00a0superior) \u00a0buscan \u00a0garantizar \u00a0las condiciones i) de bienestar general y ii) las \u00a0materiales \u00a0m\u00ednimas \u00a0de subsistencia para todos y en especial sobre quienes por \u00a0su \u00a0situaci\u00f3n de vulnerabilidad y la calidad de sujetos de especial protecci\u00f3n \u00a0constitucional \u00a0 requieren \u00a0de \u00a0la \u00a0atenci\u00f3n \u00a0del \u00a0Estado, \u00a0la \u00a0sociedad \u00a0y \u00a0la \u00a0familia. \u00a0\u00a0<\/p>\n<p>De \u00a0ah\u00ed que la gesti\u00f3n por la editora deba \u00a0desarrollarse \u00a0con \u00a0diligencia, \u00a0eficiencia y publicidad para que ello repercuta \u00a0favorablemente \u00a0en \u00a0la garant\u00eda del m\u00ednimo vital para el autor, m\u00e1xime cuando \u00a0en \u00a0casos \u00a0como \u00a0el \u00a0presente \u00a0puede estar comprometido el patrimonio social del \u00a0pa\u00eds. \u00a0\u00a0<\/p>\n<p>7.9. \u00a0 \u00a0 \u00a0\u00a0 \u00a0\u00a0De \u00a0esta forma, la presente decisi\u00f3n se \u00a0constituye \u00a0en \u00a0un \u00a0llamado \u00a0de atenci\u00f3n en la celebraci\u00f3n de los contratos de \u00a0cesi\u00f3n \u00a0de \u00a0derechos \u00a0patrimoniales de autor en cuanto deben partir y propender \u00a0en \u00a0su \u00a0desarrollo \u00a0y \u00a0ejecuci\u00f3n \u00a0por \u00a0garantizar \u00a0las \u00a0condiciones \u00a0materiales \u00a0m\u00ednimas \u00a0de \u00a0subsistencia \u00a0para \u00a0los autores en orden a la seguridad social que \u00a0les \u00a0asiste \u00a0y \u00a0dadas las particulares condiciones de indefensi\u00f3n en que puedan \u00a0encontrarse. \u00a0Ello, \u00a0adem\u00e1s, \u00a0implica \u00a0para \u00a0las \u00a0casas \u00a0editoras \u00a0el \u00a0deber de \u00a0informar \u00a0al \u00a0autor \u00a0con \u00a0la \u00a0mayor \u00a0oportunidad \u00a0la \u00a0situaci\u00f3n \u00a0en que resulte \u00a0comprometido su m\u00ednimo vital. \u00a0\u00a0<\/p>\n<p>7.10. \u00a0 La \u00a0 Corte \u00a0 hace \u00a0 manifiesta \u00a0su \u00a0preocupaci\u00f3n \u00a0 en \u00a0 torno \u00a0a \u00a0la \u00a0legislaci\u00f3n \u00a0existente \u00a0sobre \u00a0los \u00a0derechos \u00a0patrimoniales \u00a0de autor. Encuentra concretamente que se trata de un ordenamiento \u00a0jur\u00eddico \u00a0de \u00a0vieja \u00a0data que no se acompasa con las necesidades actuales de la \u00a0poblaci\u00f3n \u00a0art\u00edstica y mucho menos con la protecci\u00f3n del m\u00ednimo vital. En el \u00a0mundo \u00a0contempor\u00e1neo \u00a0la \u00a0realidad \u00a0social, \u00a0pol\u00edtica, \u00a0econ\u00f3mica \u00a0y cultural \u00a0imponen \u00a0nuevas garant\u00edas b\u00e1sicas para los creadores de obras art\u00edsticas como \u00a0parte importante de la identidad cultural de los pueblos. \u00a0\u00a0<\/p>\n<p>En \u00a0cuanto \u00a0a dicha identidad cultural, pesa \u00a0sobre \u00a0el \u00a0Estado \u00a0en \u00a0cabeza de los ministerios del Interior y de Justicia y de \u00a0Cultura \u00a0el \u00a0deber \u00a0constitucional \u00a0de \u00a0actualizar \u00a0la \u00a0legislaci\u00f3n \u00a0sobre \u00a0los \u00a0derechos \u00a0de \u00a0autor \u00a0para \u00a0brindar \u00a0la \u00a0adecuada \u00a0y \u00a0necesaria protecci\u00f3n de la \u00a0seguridad \u00a0social de los artistas en toda su dimensi\u00f3n. Los par\u00e1metros a tener \u00a0en \u00a0cuenta \u00a0deben partir del reconocimiento de los derechos constitucionales que \u00a0le \u00a0asisten \u00a0a \u00a0los autores de obras art\u00edsticas y los reconocidos en el \u00e1mbito \u00a0internacional \u00a0de los derechos humanos. Lo anterior, se constituye adem\u00e1s en un \u00a0llamado \u00a0de atenci\u00f3n sobre las empresas que se lucran de la explotaci\u00f3n de los \u00a0derechos \u00a0de \u00a0autor en orden a garantizarles los derechos constitucionales a los \u00a0artistas. \u00a0Por \u00a0tanto, la identidad cultural de un pueblo como patrimonio social \u00a0debe \u00a0ser \u00a0objeto \u00a0de \u00a0protecci\u00f3n y garant\u00eda tanto por el Gobierno como por el \u00a0\u00f3rgano legislativo. \u00a0\u00a0<\/p>\n<p>7.11. \u00a0 \u00a0 \u00a0\u00a0 \u00a0\u00a0Por \u00a0\u00faltimo, \u00a0la \u00a0Sala \u00a0de Revisi\u00f3n no \u00a0puede \u00a0pasar \u00a0por \u00a0alto \u00a0que \u00a0en \u00a0el \u00a0presente asunto subsisten las obligaciones \u00a0contractuales \u00a0pactadas \u00a0en \u00a0su \u00a0momento \u00a0por \u00a0el \u00a0se\u00f1or \u00a0Escalona \u00a0por \u00a0lo que \u00a0corresponde \u00a0a \u00a0EDIMUSICA \u00a0LTDA. \u00a0cumplir \u00a0las \u00a0cl\u00e1usulas \u00a0que fueron objeto de \u00a0reclamo \u00a0con \u00a0la \u00a0presente \u00a0acci\u00f3n de tutela.\u00a0 De ah\u00ed que los herederos y \u00a0causahabientes \u00a0a \u00a0t\u00edtulo \u00a0singular \u00a0o plural o quien acredite un derecho sobre \u00a0las \u00a0 obras30 \u00a0habr\u00e1n \u00a0de ser informados de manera clara, precisa y detallada de \u00a0las \u00a0gestiones \u00a0que \u00a0se \u00a0adelanten \u00a0respecto de la explotaci\u00f3n de las obras del \u00a0se\u00f1or \u00a0Escalona \u00a0tanto \u00a0a \u00a0nivel \u00a0nacional \u00a0como \u00a0internacional, precisando los \u00a0montos \u00a0de \u00a0dinero \u00a0recaudados \u00a0por \u00a0concepto de derechos de autor, todo lo cual \u00a0debe \u00a0ser \u00a0comunicado \u00a0permanentemente \u00a0acompa\u00f1ando los respectivos soportes de \u00a0acuerdo \u00a0con los t\u00e9rminos del contrato.\u00a0 As\u00ed mismo, los herederos o quien \u00a0acredite \u00a0un \u00a0derecho \u00a0sobre \u00a0sus \u00a0obras \u00a0pueden incoar la demanda civil ante la \u00a0jurisdicci\u00f3n \u00a0ordinaria \u00a0para solicitar la resoluci\u00f3n del contrato, si as\u00ed lo \u00a0encuentran \u00a0necesario. \u00a0Al \u00a0respecto, \u00a0se \u00a0dispondr\u00e1 \u00a0que \u00a0el \u00a0juez \u00a0de primera \u00a0instancia \u00a0en \u00a0tutela \u00a0informe a los herederos y causahabientes o quien acredite \u00a0un \u00a0derecho \u00a0sobre \u00a0las obras, los recursos judiciales de que disponen a efectos \u00a0de \u00a0dar \u00a0por \u00a0terminados \u00a0los \u00a0contratos de cesi\u00f3n de derechos patrimoniales de \u00a0autor \u00a0celebrados \u00a0o \u00a0de \u00a0considerarlo \u00a0necesario \u00a0y ser procedente perseguir la \u00a0protecci\u00f3n \u00a0de \u00a0sus \u00a0derechos \u00a0fundamentales \u00a0a \u00a0trav\u00e9s \u00a0de \u00a0los \u00a0instrumentos \u00a0constitucionales. \u00a0\u00a0<\/p>\n<p>V. DECISI\u00d3N \u00a0<\/p>\n<p>En m\u00e9rito de lo expuesto, la Sala Novena de \u00a0Revisi\u00f3n \u00a0de \u00a0la \u00a0Corte \u00a0Constitucional, \u00a0administrando justicia, en nombre del \u00a0pueblo y por mandato de la Constituci\u00f3n \u00a0\u00a0<\/p>\n<p>RESUELVE: \u00a0<\/p>\n<p>Primero. Advertir a \u00a0las \u00a0casas \u00a0editoras \u00a0que \u00a0en \u00a0la \u00a0celebraci\u00f3n \u00a0de \u00a0los contratos de cesi\u00f3n de \u00a0derechos \u00a0patrimoniales \u00a0de \u00a0autor \u00a0deben \u00a0partir y propender en su desarrollo y \u00a0ejecuci\u00f3n \u00a0por \u00a0garantizar \u00a0las condiciones materiales m\u00ednimas de subsistencia \u00a0para \u00a0los autores en orden a la seguridad social que les asiste y atendiendo las \u00a0particulares \u00a0condiciones \u00a0de \u00a0indefensi\u00f3n \u00a0en \u00a0que puedan encontrarse, lo cual \u00a0adem\u00e1s \u00a0implica \u00a0el \u00a0deber \u00a0de \u00a0informar \u00a0al \u00a0autor con la mayor oportunidad la \u00a0situaci\u00f3n en que resulte comprometido su m\u00ednimo vital. \u00a0\u00a0<\/p>\n<p>Segundo. \u00a0Exhortar \u00a0a \u00a0los ministerios \u00a0del \u00a0Interior y de Justicia y de Cultura para que gestionen la actualizaci\u00f3n de \u00a0la \u00a0legislaci\u00f3n \u00a0sobre \u00a0derechos \u00a0de \u00a0autor \u00a0en orden a garantizar la seguridad \u00a0social \u00a0de \u00a0los \u00a0artistas \u00a0en \u00a0Colombia, \u00a0en \u00a0consonancia \u00a0con \u00a0los \u00a0par\u00e1metros \u00a0constitucionales e internacionales de derechos humanos. \u00a0\u00a0<\/p>\n<p>Tercero. Ordenar al \u00a0juez \u00a0de \u00a0primera instancia en tutela informe a los herederos y causahabientes o \u00a0quien \u00a0acredite \u00a0un \u00a0derecho \u00a0sobre \u00a0las \u00a0obras, \u00a0los recursos judiciales de que \u00a0disponen \u00a0a \u00a0efectos \u00a0de dar por terminados los contratos de cesi\u00f3n de derechos \u00a0patrimoniales \u00a0de \u00a0autor celebrados o de considerarlo necesario y ser procedente \u00a0perseguir \u00a0la \u00a0protecci\u00f3n \u00a0de \u00a0sus \u00a0derechos \u00a0fundamentales \u00a0a \u00a0trav\u00e9s \u00a0de los \u00a0instrumentos constitucionales. \u00a0\u00a0<\/p>\n<p>Cuarto. \u00a0 \u00a0 \u00a0 \u00a0 Declarar \u00a0 la \u00a0carencia actual de objeto de la presente acci\u00f3n de tutela. \u00a0\u00a0<\/p>\n<p>Quinto. Levantar la \u00a0suspensi\u00f3n de t\u00e9rminos decretada para decidir el presente asunto. \u00a0\u00a0<\/p>\n<p>Sexto. L\u00edbrense \u00a0las \u00a0comunicaciones \u00a0de \u00a0que \u00a0trata \u00a0el \u00a0art\u00edculo 36 del \u00a0Decreto 2591 de 1991, para los efectos all\u00ed contemplados. \u00a0\u00a0<\/p>\n<p>C\u00f3piese, \u00a0 notif\u00edquese, \u00a0 comun\u00edquese, \u00a0publ\u00edquese en la Gaceta de la Corte Constitucional y c\u00famplase. \u00a0\u00a0<\/p>\n<p>JORGE IV\u00c1N PALACIO PALACIO \u00a0<\/p>\n<p>Magistrado Ponente \u00a0<\/p>\n<p>JUAN CARLOS HENAO P\u00c9REZ \u00a0<\/p>\n<p>Magistrado \u00a0<\/p>\n<p>MAR\u00cdA VICTORA CALLE CORREA \u00a0<\/p>\n<p>Magistrada \u00a0<\/p>\n<p>MARTHA \u00a0 \u00a0 VICTORIA \u00a0 \u00a0 S\u00c1CHICA \u00a0 \u00a0 DE \u00a0MONCALEANO \u00a0\u00a0<\/p>\n<p>Secretaria General \u00a0 \u00a0<\/p>\n<p>1 \u00a0Al \u00a0accionante \u00a0se \u00a0le \u00a0diagnosticaron \u00a0diversas \u00a0enfermedades \u00a0dentro de las que se \u00a0cuenta: \u00a0insuficiencia \u00a0renal \u00a0cr\u00f3nica, \u00a0insuficiencia \u00a0cardiaca \u00a0y \u00a0c\u00e1ncer de \u00a0pr\u00f3stata \u00a0con \u00a0met\u00e1stasis a los huesos de la pelvis y frontal tratado por m\u00e1s \u00a0de 13 a\u00f1os. \u00a0\u00a0<\/p>\n<p>2 Las \u00a0argumentaciones \u00a0esbozadas \u00a0por el accionante son acompa\u00f1adas de diversas citas \u00a0jurisprudenciales, \u00a0dentro de las que se destacan las sentencias C-155 de 1998 y \u00a0T-222 de 2004. \u00a0\u00a0<\/p>\n<p>3 \u00a0Art\u00edculo \u00a013. \u00a0Personas \u00a0contra \u00a0quien \u00a0se dirige la \u00a0acci\u00f3n \u00a0 e \u00a0intervinientes. \u00a0(\u2026)Quien \u00a0tuviere \u00a0un \u00a0inter\u00e9s \u00a0leg\u00edtimo \u00a0en \u00a0el \u00a0resultado del proceso podr\u00e1 intervenir en \u00e9l como \u00a0coadyuvante \u00a0del \u00a0actor \u00a0o \u00a0de \u00a0la \u00a0persona o autoridad p\u00fablica contra quien se \u00a0hubiere \u00a0 \u00a0hecho \u00a0 la \u00a0 solicitud; \u00a0 Art\u00edculo \u00a0 46. \u00a0Legitimaci\u00f3n. \u00a0El \u00a0Defensor \u00a0del \u00a0Pueblo \u00a0podr\u00e1 sin \u00a0perjuicio \u00a0del \u00a0derecho \u00a0que \u00a0asiste a los interesados, interponer la acci\u00f3n de \u00a0tutela \u00a0en \u00a0nombre \u00a0de \u00a0cualquier \u00a0persona \u00a0que \u00a0se \u00a0lo \u00a0solicite o que est\u00e9 en \u00a0situaci\u00f3n \u00a0de desamparo e indefensi\u00f3n; Art\u00edculo 48. \u00a0Asesores \u00a0y \u00a0asistentes. El Defensor del Pueblo podr\u00e1 \u00a0designar \u00a0libremente \u00a0los \u00a0asesores y asistentes necesarios para el ejercicio de \u00a0esta funci\u00f3n. \u00a0\u00a0<\/p>\n<p>4 \u00a0Sentencia T-309 de 2006. \u00a0\u00a0<\/p>\n<p>5 \u00a0En \u00a0las \u00a0Sentencias \u00a0T-260 \u00a0de 1995 y T-175 de 1997 la Corte Constitucional precis\u00f3 \u00a0que \u00a0la \u00a0revisi\u00f3n \u00a0eventual \u00a0de \u00a0los fallos de tutela cumple dos funciones, una \u00a0primaria \u00a0 que \u00a0 \u201creside \u00a0 en \u00a0 la \u00a0 consolidaci\u00f3n \u00a0 y \u00a0armonizaci\u00f3n \u00a0de \u00a0la \u00a0jurisprudencia \u00a0 relativa \u00a0 a \u00a0la \u00a0efectividad \u00a0de \u00a0los \u00a0postulados \u00a0y \u00a0mandatos \u00a0superiores \u00a0 en \u00a0 materia \u00a0 de \u00a0 derechos \u00a0fundamentales\u201d, \u00a0y \u00a0una \u00a0secundaria \u00a0consistente \u00a0en \u00a0la \u00a0\u201cresoluci\u00f3n \u00a0espec\u00edfica \u00a0del caso escogido.\u201d Sobre la \u00a0funci\u00f3n \u00a0secundaria \u00a0pueden \u00a0consultarse las sentencias T-662 de 2005, T-901 de \u00a02001, T-428 de 1998, T-175 de 1997 y T-699 de 1996. \u00a0\u00a0<\/p>\n<p>6 Cfr. \u00a0Sentencias T-662 de 2005 y T-696 de 2002. \u00a0\u00a0<\/p>\n<p>7 \u00a0Sentencia SU-540 de 2007. \u00a0\u00a0<\/p>\n<p>8 \u00a0Art\u00edculo \u00a042. \u00a0Procedencia. \u00a0\u201cLa acci\u00f3n de tutela \u00a0proceder\u00e1 \u00a0contra acciones u omisiones de particulares en los siguientes casos: \u00a01. \u00a0Cuando \u00a0aquel \u00a0contra quien se hubiere hecho la solicitud est\u00e9 encargado de \u00a0la \u00a0 \u00a0prestaci\u00f3n \u00a0 \u00a0del \u00a0 \u00a0servicio \u00a0 p\u00fablico \u00a0 de \u00a0 educaci\u00f3n \u00a0 para \u00a0proteger \u00a0los \u00a0derechos consagrados en los art\u00edculos 13, 15, \u00a016, \u00a018, \u00a019, \u00a020, \u00a023, \u00a027, \u00a029, \u00a037 \u00a0y \u00a038 \u00a0de \u00a0la \u00a0Constituci\u00f3n. \u00a02. \u00a0Cuando aquel contra quien se hubiere hecho la solicitud est\u00e9 \u00a0encargado \u00a0de \u00a0la \u00a0prestaci\u00f3n \u00a0del \u00a0servicio \u00a0p\u00fablico \u00a0de \u00a0salud \u00a0para \u00a0proteger \u00a0los \u00a0derechos \u00a0a \u00a0la \u00a0vida, \u00a0a \u00a0la \u00a0intimidad, a la \u00a0igualdad \u00a0y \u00a0a \u00a0la \u00a0autonom\u00eda. 3. Cuando aquel contra \u00a0quien \u00a0se \u00a0hubiera \u00a0hecho \u00a0la \u00a0solicitud \u00a0est\u00e9 \u00a0encargado \u00a0de la prestaci\u00f3n de \u00a0servicios \u00a0p\u00fablicos \u00a0domiciliarios.4. Cuando la solicitud fuere dirigida contra \u00a0una \u00a0organizaci\u00f3n \u00a0privada, \u00a0contra \u00a0quien la controle efectivamente o fuere el \u00a0beneficiario \u00a0real \u00a0de la situaci\u00f3n que motiv\u00f3 la acci\u00f3n, siempre y cuando el \u00a0solicitante \u00a0tenga \u00a0una \u00a0relaci\u00f3n \u00a0de \u00a0subordinaci\u00f3n \u00a0o \u00a0indefensi\u00f3n \u00a0con tal \u00a0organizaci\u00f3n. \u00a05. Cuando aquel contra quien se hubiere hecho la solicitud viole \u00a0o \u00a0amenace \u00a0violar \u00a0el \u00a0art\u00edculo \u00a017 \u00a0de la Constituci\u00f3n. 6. Cuando la entidad \u00a0privada \u00a0sea aquella contra quien se hubiere hecho la solicitud en ejercicio del \u00a0habeas \u00a0data, \u00a0de \u00a0conformidad \u00a0con \u00a0lo \u00a0establecido \u00a0en \u00a0el \u00a0art\u00edculo 15 de la \u00a0Constituci\u00f3n. \u00a07. \u00a0Cuando se solicite rectificaci\u00f3n de informaciones inexactas \u00a0o \u00a0 err\u00f3neas. \u00a0 En \u00a0este \u00a0caso \u00a0se \u00a0deber\u00e1 \u00a0anexar \u00a0la \u00a0transcripci\u00f3n \u00a0de \u00a0la \u00a0informaci\u00f3n \u00a0o \u00a0la \u00a0copia \u00a0de la publicaci\u00f3n y de la rectificaci\u00f3n solicitada \u00a0que \u00a0no \u00a0fue \u00a0publicada \u00a0en \u00a0condiciones que aseguren la eficacia de la misma.8. \u00a0Cuando \u00a0el \u00a0particular act\u00fae o deba actuar en ejercicio de funciones p\u00fablicas, \u00a0en \u00a0 cuyo \u00a0 caso \u00a0 se \u00a0 aplicar\u00e1 \u00a0el \u00a0mismo \u00a0r\u00e9gimen \u00a0que \u00a0a \u00a0las \u00a0autoridades \u00a0p\u00fablicas.\u00a0 \u00a0 9. \u00a0 Cuando \u00a0 la \u00a0solicitud \u00a0sea \u00a0para \u00a0tutelar \u00a0la \u00a0vida \u00a0o \u00a0la \u00a0integridad \u00a0de quien se \u00a0encuentre \u00a0 en \u00a0 situaci\u00f3n \u00a0 de \u00a0subordinaci\u00f3n \u00a0o \u00a0indefensi\u00f3n \u00a0respecto \u00a0del \u00a0particular \u00a0contra \u00a0el \u00a0cual se interpuso la acci\u00f3n. Se presume la indefensi\u00f3n \u00a0del \u00a0menor \u00a0que \u00a0solicite \u00a0la \u00a0tutela.\u201d (Los apartes \u00a0tachados \u00a0 fueron \u00a0 declarados \u00a0inexequibles \u00a0mediante \u00a0la \u00a0sentencia \u00a0C-134 \u00a0de \u00a01994). \u00a0\u00a0<\/p>\n<p>9 \u00a0Al \u00a0respecto \u00a0la sentencia T-1042 de 2001 se\u00f1al\u00f3: \u201cUna \u00a0buena \u00a0muestra del abandono de dicho viejo entendimiento sobre el alcance de los \u00a0derechos \u00a0 \u00a0 \u00a0son \u00a0 \u00a0 \u00a0el \u00a0 \u00a0 reconocimiento \u00a0 \u00a0 constitucional \u00a0 \u00a0 \u2013 \u00a0 como \u00a0 es \u00a0 el \u00a0 caso \u00a0colombiano \u00a0\u2013 \u00a0 \u00a0o \u00a0 \u00a0doctrinal \u00a0\u2013 como es el caso alem\u00e1n \u00a0con \u00a0 \u00a0la \u00a0 \u00a0doctrina \u00a0 \u00a0de \u00a0 los \u00a0 efectos \u00a0 horizontales \u00a0 de \u00a0 los \u00a0 derechos \u00a0fundamentales\u2013 de que los \u00a0derechos \u00a0fundamentales \u00a0tambi\u00e9n \u00a0valen, y pueden ser protegidos, en el \u00e1mbito \u00a0de las relaciones privadas.\u201d \u00a0\u00a0<\/p>\n<p>10 \u00a0Ib\u00eddem \u00a0\u00a0<\/p>\n<p>11 Ver \u00a0Sentencia T-1302 de 2005, entre otras. \u00a0\u00a0<\/p>\n<p>12 Al \u00a0respecto, \u00a0pueden \u00a0consultarse, entre muchas otras, las sentencia T-231 de 1996; \u00a0T-340 de 1997; T-080 de 1998, y\u00a0 SU-091 de 2000. \u00a0\u00a0<\/p>\n<p>13 \u00a0Corte \u00a0Constitucional, \u00a0Sentencia \u00a0T-1316 de 2001 MP. Rodrigo Uprimny Yepes. Ver \u00a0tambi\u00e9n \u00a0las \u00a0sentencias \u00a0T- 225\/93 MP.\u00a0 Vladimiro Naranjo Mesa, T-403\/94, \u00a0T-485\/94,\u00a0 \u00a0 T- \u00a0015\/ \u00a095, \u00a0T-050\/96, \u00a0T-576\/98, \u00a0T-468 \u00a0\/99, \u00a0SU-879\/00 \u00a0y \u00a0T-383\/01 \u00a0\u00a0<\/p>\n<p>14 \u00a0C-276 de 1996. \u00a0\u00a0<\/p>\n<p>15 Ley \u00a023 \u00a0de \u00a01982, \u00a0art\u00edculo 1\u00ba, Comisi\u00f3n del Acuerdo de Cartagena, Decisi\u00f3n 351, \u00a0art\u00edculo 3. Ley 33 de 1987, art\u00edculo 2.1 \u00a0\u00a0<\/p>\n<p>16 \u00a0Sentencia C-276 de 1996. \u00a0\u00a0<\/p>\n<p>17 \u00a0Sentencia C-334 de 1993. \u00a0\u00a0<\/p>\n<p>18 \u00a0C-792 de 2000. \u00a0\u00a0<\/p>\n<p>20 \u00a0Sentencia C-053 de 2001. \u00a0\u00a0<\/p>\n<p>21 \u00a0Art\u00edculo. \u00a033. \u2014 Derechos \u00a0de \u00a0autor. \u00a0Los \u00a0derechos de autor y conexos morales y patrimoniales de autores, \u00a0actores, \u00a0directores \u00a0y \u00a0dramaturgos, se consideran de car\u00e1cter inalienable por \u00a0las \u00a0 implicaciones \u00a0 que \u00a0 \u00e9stos \u00a0 tienen \u00a0 para \u00a0 la \u00a0 seguridad \u00a0social \u00a0del \u00a0artista. \u00a0\u00a0<\/p>\n<p>22 En \u00a0las \u00a0sentencias \u00a0C-406 \u00a0de \u00a01996, \u00a0C-251 \u00a0de 1997, T-568 de 1999, C-010 de 2000, \u00a0T-1319 \u00a0de \u00a02001, \u00a0C-671 de 2002, T-558 de 2003 y T-786 de 2003, entre otras, la \u00a0Corte \u00a0Constitucional \u00a0ha \u00a0destacado \u00a0que \u00a0la \u00a0jurisprudencia \u00a0de las instancias \u00a0internacionales \u00a0 de \u00a0derechos \u00a0humanos \u00a0constituye \u00a0una \u00a0pauta \u00a0relevante \u00a0para \u00a0interpretar \u00a0el \u00a0alcance \u00a0de los tratados sobre derechos humanos y, por ende, de \u00a0los propios derechos constitucionales. \u00a0\u00a0<\/p>\n<p>23 \u00a0Sentencia T-011 de 1998. \u00a0\u00a0<\/p>\n<p>24 \u00a0T-237 de 2001 \u00a0\u00a0<\/p>\n<p>25 \u00a0SU-995 de 1999. \u00a0\u00a0<\/p>\n<p>26 \u00a0Sentencia T-409 de 1998. \u00a0\u00a0<\/p>\n<p>27 \u00a0Cft. \u00a0sentencias \u00a0T-231 \u00a0de \u00a01996, T-340 de 1997, T-080 de 1998, SU-091 de 2000, \u00a0T-585 de 2002, T-587 de 2003 y\u00a0 T-423 de 2003, entre otras. \u00a0\u00a0<\/p>\n<p>28 \u00a0Sentencias C-655 de 2003 y C-040 de 2004. \u00a0\u00a0<\/p>\n<p>29 Ver \u00a0punto \u00a0 No. \u00a02 \u00a0de \u00a0esta \u00a0decisi\u00f3n, \u00a0concerniente \u00a0a \u00a0las \u00a0pruebas \u00a0recaudadas. \u00a0\u00a0<\/p>\n<p>30 El \u00a0art\u00edculo \u00a0 \u00a0 23 \u00a0 \u00a0 de \u00a0 \u00a0la \u00a0 \u00a0Ley \u00a0 \u00a023 \u00a0 \u00a0de \u00a0 \u00a01982 \u00a0 \u00a0se\u00f1ala:\u2014\u201cSi \u00a0 no \u00a0 hubiere \u00a0 herederos \u00a0ni \u00a0causahabientes, \u00a0la \u00a0obra \u00a0ser\u00e1 \u00a0de \u00a0dominio p\u00fablico desde el fallecimiento de \u00a0este. \u00a0En los casos en que los derechos de autor fueren transmitidos por un acto \u00a0entre \u00a0vivos, \u00a0corresponder\u00e1n \u00a0a \u00a0los \u00a0adquirientes durante la vida del autor y \u00a0veinticinco \u00a0a\u00f1os \u00a0desde el fallecimiento de este y para los herederos el resto \u00a0del \u00a0tiempo \u00a0hasta \u00a0completar \u00a0los \u00a0ochenta \u00a0a\u00f1os, \u00a0sin \u00a0perjuicio \u00a0de \u00a0lo \u00a0que \u00a0expresamente \u00a0hubieren \u00a0estipulado \u00a0al \u00a0respecto \u00a0el \u00a0autor \u00a0de la obra y dichos \u00a0adquirentes.\u201d \u00a0 \u00a0\u00a0<\/p>\n<p><\/p>\n","protected":false},"excerpt":{"rendered":"<p>\u00a0 \u00a0 Sentencia \u00a0T-367-09 \u00a0\u00a0 Referencia: expediente T-2141228 \u00a0 Acci\u00f3n \u00a0de \u00a0tutela \u00a0instaurada por el se\u00f1or \u00a0Rafael \u00a0Calixto \u00a0Escalona \u00a0Mart\u00ednez contra la sociedad Editora Internacional de \u00a0M\u00fasica Ltda- EDIMUSICA-. \u00a0\u00a0 Magistrado Ponente: \u00a0 Dr. JORGE IV\u00c1N PALACIO PALACIO \u00a0 Bogot\u00e1, D.C.,\u00a0 veintis\u00e9is (26) de mayo \u00a0de dos mil nueve (2009). \u00a0\u00a0 La \u00a0Sala \u00a0Novena \u00a0de [&hellip;]<\/p>\n","protected":false},"author":1,"featured_media":0,"comment_status":"open","ping_status":"open","sticky":false,"template":"","format":"standard","meta":{"footnotes":""},"categories":[79],"tags":[],"class_list":["post-16764","post","type-post","status-publish","format-standard","hentry","category-tutelas-2009"],"_links":{"self":[{"href":"https:\/\/www.dmsjuridica.com\/buscador_20179478954\/corteconstitucionalcronologico202454587\/wp-json\/wp\/v2\/posts\/16764","targetHints":{"allow":["GET"]}}],"collection":[{"href":"https:\/\/www.dmsjuridica.com\/buscador_20179478954\/corteconstitucionalcronologico202454587\/wp-json\/wp\/v2\/posts"}],"about":[{"href":"https:\/\/www.dmsjuridica.com\/buscador_20179478954\/corteconstitucionalcronologico202454587\/wp-json\/wp\/v2\/types\/post"}],"author":[{"embeddable":true,"href":"https:\/\/www.dmsjuridica.com\/buscador_20179478954\/corteconstitucionalcronologico202454587\/wp-json\/wp\/v2\/users\/1"}],"replies":[{"embeddable":true,"href":"https:\/\/www.dmsjuridica.com\/buscador_20179478954\/corteconstitucionalcronologico202454587\/wp-json\/wp\/v2\/comments?post=16764"}],"version-history":[{"count":0,"href":"https:\/\/www.dmsjuridica.com\/buscador_20179478954\/corteconstitucionalcronologico202454587\/wp-json\/wp\/v2\/posts\/16764\/revisions"}],"wp:attachment":[{"href":"https:\/\/www.dmsjuridica.com\/buscador_20179478954\/corteconstitucionalcronologico202454587\/wp-json\/wp\/v2\/media?parent=16764"}],"wp:term":[{"taxonomy":"category","embeddable":true,"href":"https:\/\/www.dmsjuridica.com\/buscador_20179478954\/corteconstitucionalcronologico202454587\/wp-json\/wp\/v2\/categories?post=16764"},{"taxonomy":"post_tag","embeddable":true,"href":"https:\/\/www.dmsjuridica.com\/buscador_20179478954\/corteconstitucionalcronologico202454587\/wp-json\/wp\/v2\/tags?post=16764"}],"curies":[{"name":"wp","href":"https:\/\/api.w.org\/{rel}","templated":true}]}}