{"id":16813,"date":"2024-06-07T20:46:07","date_gmt":"2024-06-07T20:46:07","guid":{"rendered":"https:\/\/www.dmsjuridica.com\/buscador_20179478954\/corteconstitucionalcronologico202454587\/2024\/06\/07\/t-433-09\/"},"modified":"2024-06-07T20:46:07","modified_gmt":"2024-06-07T20:46:07","slug":"t-433-09","status":"publish","type":"post","link":"https:\/\/www.dmsjuridica.com\/buscador_20179478954\/corteconstitucionalcronologico202454587\/t-433-09\/","title":{"rendered":"T-433-09"},"content":{"rendered":"\n<p>\u00a0 \u00a0 Sentencia \u00a0T-433-09 \u00a0\u00a0<\/p>\n<p>Referencia: expediente T-2191447. \u00a0<\/p>\n<p>Acci\u00f3n de tutela instaurada por Vivian Ivette \u00a0Torres de Bonilla, contra el Instituto Nacional de Salud y otros. \u00a0\u00a0<\/p>\n<p>Procedencia: \u00a0 Juzgado \u00a0Primero \u00a0Penal \u00a0del \u00a0Circuito de Medell\u00edn. \u00a0\u00a0<\/p>\n<p>Magistrado Ponente: \u00a0<\/p>\n<p>Dr. \u00a0Nilson Pinilla \u00a0Pinilla. \u00a0\u00a0<\/p>\n<p>Bogot\u00e1, \u00a0D. \u00a0C., primero (1\u00b0) de julio dos \u00a0mil nueve (2009). \u00a0\u00a0<\/p>\n<p>La \u00a0Sala \u00a0S\u00e9ptima \u00a0de Revisi\u00f3n de la Corte \u00a0Constitucional, \u00a0integrada \u00a0por los Magistrados Nilson Pinilla Pinilla, Humberto \u00a0Antonio \u00a0Sierra \u00a0Porto \u00a0y \u00a0Jorge \u00a0Iv\u00e1n \u00a0Palacio \u00a0Palacio, \u00a0en \u00a0ejercicio de sus \u00a0competencias constitucionales y legales ha proferido la siguiente. \u00a0\u00a0<\/p>\n<p>SENTENCIA \u00a0<\/p>\n<p>en la revisi\u00f3n del fallo proferido en \u00fanica \u00a0instancia \u00a0por \u00a0el Juzgado Primero Penal del Circuito de Medell\u00edn, dentro de la \u00a0acci\u00f3n \u00a0de \u00a0tutela \u00a0instaurada \u00a0por \u00a0Vivian Ivette Torres de Bonilla, contra el \u00a0Instituto Nacional de Salud y otros. \u00a0\u00a0<\/p>\n<p>El \u00a0 expediente \u00a0 lleg\u00f3 \u00a0 a \u00a0 la \u00a0 Corte \u00a0Constitucional \u00a0por \u00a0remisi\u00f3n \u00a0que \u00a0hizo \u00a0el \u00a0mencionado \u00a0despacho judicial, en \u00a0virtud \u00a0de \u00a0lo ordenado por el art\u00edculo 31 del Decreto 2591 de 1991. La Sala de \u00a0Selecci\u00f3n \u00a0N\u00ba \u00a03 \u00a0de la Corte, el 10 de marzo de 2009, eligi\u00f3 el asunto de la \u00a0referencia para su revisi\u00f3n. \u00a0\u00a0<\/p>\n<p>I. ANTECEDENTES. \u00a0<\/p>\n<p>La \u00a0se\u00f1ora \u00a0Vivian Ivette Torres de Bonilla \u00a0instaur\u00f3 \u00a0acci\u00f3n \u00a0de \u00a0tutela, \u00a0contra \u00a0el Instituto Nacional de Salud y otros, \u00a0aduciendo \u00a0vulneraci\u00f3n \u00a0de los derechos \u201ca la salud, \u00a0en \u00a0conexidad \u00a0con \u00a0la \u00a0vida, \u00a0con \u00a0la \u00a0vida \u00a0digna, con la dignidad humana y la \u00a0igualdad\u201d, \u00a0por \u00a0los \u00a0hechos que a continuaci\u00f3n son \u00a0resumidos. \u00a0\u00a0<\/p>\n<p>A. \u00a0 Hechos \u00a0 y \u00a0relato \u00a0contenido \u00a0en \u00a0la \u00a0demanda. \u00a0\u00a0<\/p>\n<p>\u00a0 \u00a0\u00a0<\/p>\n<p>1. La se\u00f1ora Vivian Ivette Torres de \u00a0Bonilla, \u00a0ciudadana \u00a0paname\u00f1a, \u00a0est\u00e1 \u00a0residenciada temporalmente en Medell\u00edn; \u00a0visit\u00f3 \u00a0Colombia \u00a0por \u00a0primera \u00a0vez en 2004, asistiendo a la Cl\u00ednica Valle del \u00a0Lili \u00a0 en \u00a0 Cali, \u00a0donde \u00a0solicit\u00f3 \u00a0atenci\u00f3n \u00a0m\u00e9dica \u00a0para \u00a0ser \u00a0evaluada \u00a0de \u00a0\u201cpoliqu\u00edstica \u00a0 hep\u00e1tica \u00a0 y \u00a0 renal \u00a0 de \u00a0origen \u00a0cong\u00e9nito\u201d. \u00a0Los \u00a0galenos \u00a0se\u00f1alaron \u00a0que \u00a0no \u00a0era \u00a0posible \u00a0 realizar \u00a0 alg\u00fan\u00a0 \u00a0 procedimiento \u00a0 por \u00a0 padecer \u00a0 \u201cvarices \u00a0esof\u00e1gicas\u201d, que le pod\u00edan \u00a0producir hemorragia e inclusive la muerte. \u00a0 \u00a0\u00a0<\/p>\n<p>\u00a0 \u00a0\u00a0<\/p>\n<p>1. La accionante volvi\u00f3 a Colombia en \u00a02008, \u00a0remitida \u00a0a Medell\u00edn por el doctor Norberto Carre\u00f1o, adscrito a la Caja \u00a0del \u00a0 Seguro \u00a0Social \u00a0de \u00a0Panam\u00e1, \u00a0donde \u00a0hab\u00edan \u00a0determinado \u00a0que \u00a0la \u00a0\u00fanica \u00a0alternativa \u00a0que \u00a0ten\u00eda \u00a0la \u00a0actora para recuperar su salud era por medio de un \u00a0transplante \u00a0hep\u00e1tico, el cual no pod\u00eda ser practicado en su pa\u00eds por carecer \u00a0de \u00a0 \u00a0m\u00e9dicos \u00a0 \u00a0y \u00a0 \u00a0entidades \u00a0 \u00a0con\u00a0 \u00a0 capacidad \u00a0 para \u00a0 realizar \u00a0 el \u00a0procedimiento. \u00a0 \u00a0\u00a0<\/p>\n<p>\u00a0 \u00a0\u00a0<\/p>\n<p>1. En \u00a0Medell\u00edn \u00a0fue atendida por un \u00a0hepat\u00f3logo \u00a0y el grupo de transplantes del Hospital San Vicente de Pa\u00fal, donde \u00a0se \u00a0le \u00a0orden\u00f3 \u00a0permanecer \u00a0en la ciudad e iniciar el protocolo pre trasplante. \u00a0 \u00a0\u00a0<\/p>\n<p>\u00a0 \u00a0\u00a0<\/p>\n<p>1. La Caja de Seguro Social de Panam\u00e1, \u00a0por \u00a0intermedio \u00a0del \u00a0Ministerio \u00a0de \u00a0la \u00a0Presidencia \u00a0de ese pa\u00eds, cancel\u00f3 el \u00a0dinero \u00a0 necesario \u00a0 para \u00a0 realizar \u00a0 todos \u00a0 los \u00a0ex\u00e1menes \u00a0y \u00a0procedimientos \u00a0requeridos. \u00a0 \u00a0\u00a0<\/p>\n<p>\u00a0 \u00a0\u00a0<\/p>\n<p>1. Una \u00a0 vez \u00a0 examinada \u00a0 por \u00a0el \u00a0especialista \u00a0del \u00a0Hospital \u00a0San Vicente de Pa\u00fal, se corrobor\u00f3 el diagn\u00f3stico \u00a0\u201cpoliqu\u00edstica \u00a0 hep\u00e1tica \u00a0 y \u00a0 renal \u00a0 de \u00a0origen \u00a0cong\u00e9nito\u201d, \u00a0 \u00a0y \u00a0 se \u00a0 recomend\u00f3 \u00a0 \u201cun \u00a0transplante \u00a0hep\u00e1tico como opci\u00f3n terap\u00e9utica para mejorar \u00a0su calidad de vida\u201d (f. 30 cd. inicial) \u00a0 \u00a0\u00a0<\/p>\n<p>\u00a0 \u00a0\u00a0<\/p>\n<p>1. En diciembre 4 de 2008 el Hospital \u00a0San \u00a0Vicente \u00a0de \u00a0Pa\u00fal, \u00a0a \u00a0trav\u00e9s \u00a0del Jefe de Transplantes y Cardiovascular, \u00a0instruy\u00f3 \u00a0a \u00a0la \u00a0peticionaria \u00a0sobre \u00a0el \u00a0Decreto 2493 de 2004, relacionado con \u00a0trasplantes \u00a0de \u00a0\u00f3rganos; \u00a0al \u00a0respecto determin\u00f3 dar prioridad a \u201cla \u00a0realizaci\u00f3n \u00a0del \u00a0transplante \u00a0a los pacientes Colombianos y \u00a0como \u00a0segunda \u00a0opci\u00f3n \u00a0siempre \u00a0y \u00a0cuando \u00a0no \u00a0exista \u00a0receptor \u00a0Colombiano, \u00a0a \u00a0pacientes \u00a0extranjeros, \u00a0quedando a la espera de esta aprobaci\u00f3n\u201d. \u00a0 \u00a0\u00a0<\/p>\n<p>A \u00a0continuaci\u00f3n \u00a0expuso \u00a0que \u00a0se \u00a0realiz\u00f3 \u00a0\u201cel protocolo Pre-transplante y queda activado en la \u00a0lista \u00a0de \u00a0espera para Transplante Hep\u00e1tico; sin embargo estamos a la espera de \u00a0la \u00a0autorizaci\u00f3n \u00a0de \u00a0la Coordinaci\u00f3n Regional y Nacional de Transplantes para \u00a0ser \u00a0transplantado \u00a0cuando \u00a0haya \u00a0la \u00a0opci\u00f3n \u00a0del \u00a0donante para \u00e9l y est\u00e9 por \u00a0supuesto \u00a0 previamente \u00a0 autorizado \u00a0 por \u00a0 la \u00a0 Coordinaci\u00f3n\u201d \u00a0 (f. 31 ib.). \u00a0\u00a0<\/p>\n<p>\u00a0 \u00a0\u00a0<\/p>\n<p>1. La peticionaria solicit\u00f3 entonces \u00a0que \u00a0se \u00a0le \u00a0realizara \u00a0el transplante de h\u00edgado en igualdad de condiciones con \u00a0los \u00a0 dem\u00e1s \u00a0 aspirantes, \u00a0 de \u00a0 manera \u00a0 que \u00a0 se \u00a0 le \u00a0 coloque \u00a0\u201cinmediatamente\u201d en la lista de espera \u00a0y \u00a0 \u00a0se \u00a0 \u00a0le \u00a0 \u00a0expida \u00a0 \u00a0la \u00a0 \u00a0autorizaci\u00f3n \u00a0 para \u00a0 que \u00a0 se \u00a0 efect\u00fae \u00a0 el \u00a0procedimiento. \u00a0 \u00a0\u00a0<\/p>\n<p>B. \u00a0Documentos \u00a0relevantes \u00a0cuya \u00a0copia obra \u00a0dentro del expediente. \u00a0\u00a0<\/p>\n<p>1. \u00a0C\u00e9dula \u00a0de \u00a0Ciudadan\u00eda paname\u00f1a de la \u00a0peticionaria (f. 26 ib.). \u00a0\u00a0<\/p>\n<p>2. \u00a0Pasaporte \u00a0de \u00a0la \u00a0accionante \u00a0(f. \u00a027 \u00a0ib.). \u00a0\u00a0<\/p>\n<p>3. \u00a0 Concepto \u00a0 del \u00a0 m\u00e9dico \u00a0internista, \u00a0gastroenter\u00f3logo y hepat\u00f3logo (f. 30 ib.). \u00a0\u00a0<\/p>\n<p>4. \u00a0Certificaci\u00f3n \u00a0de \u00a0pago \u00a0efectuado \u00a0al \u00a0Hospital \u00a0San \u00a0Vicente \u00a0de Pa\u00fal, por el Ministerio de la Presidencia de Panam\u00e1 \u00a0(fs. 28 y 29 ib.). \u00a0\u00a0<\/p>\n<p>5. Carta enviada por la Jefe de Transplantes \u00a0y \u00a0Cardiovascular del Hospital Universitario San Vicente de Pa\u00fal en diciembre 4 \u00a0de \u00a02008, \u00a0donde \u00a0inform\u00f3 \u00a0los \u00a0requisitos \u00a0tanto legales como m\u00e9dicos para el \u00a0trasplante hep\u00e1tico (f. 31 ib.)\u00a0 \u00a0\u00a0<\/p>\n<p>C. \u00a0Respuesta \u00a0de Hospital Universitario San \u00a0Vicente de Pa\u00fal. \u00a0\u00a0<\/p>\n<p>Mediante \u00a0escrito \u00a0recibido \u00a0en \u00a0el \u00a0Juzgado \u00a0Primero \u00a0 Penal \u00a0 del \u00a0Circuito \u00a0de \u00a0Medell\u00edn \u00a0en \u00a0diciembre \u00a011 \u00a0de \u00a02008, \u00a0el \u00a0representante \u00a0legal \u00a0del \u00a0Hospital San Vicente de Pa\u00fal asever\u00f3 que si bien su \u00a0representada \u00a0es \u00a0una \u00a0fundaci\u00f3n \u00a0privada sin \u00e1nimo de lucro, debe respetar la \u00a0normatividad \u00a0vigente, \u00a0frente \u00a0a \u00a0las \u00a0exigencias \u00a0a \u00a0las que est\u00e1 sometido un \u00a0paciente \u00a0que \u00a0requiere \u00a0un \u00a0transplante de \u00f3rgano. As\u00ed, cit\u00f3 el art\u00edculo 40 \u00a0del \u00a0Decreto \u00a02493 \u00a0de 2004 y agreg\u00f3 que \u201cexistiendo \u00a0una \u00a0amplia \u00a0lista \u00a0de \u00a0espera \u00a0en los diferentes centros hospitalarios donde se \u00a0realizan \u00a0estos \u00a0procedimientos, tal y como lo puede certificar la coordinaci\u00f3n \u00a0nacional \u00a0de \u00a0la \u00a0red es necesario evacuar la lista nacional antes de proceder a \u00a0la \u00a0inclusi\u00f3n \u00a0de \u00a0un \u00a0paciente \u00a0extranjero\u201d(f. \u00a052 \u00a0ib.). \u00a0\u00a0<\/p>\n<p>Finaliz\u00f3 \u00a0solicitando que se declare que el \u00a0Hospital \u00a0 no \u00a0 ha \u00a0violado \u00a0derecho \u00a0alguno, \u00a0en \u00a0raz\u00f3n \u00a0de \u00a0que \u00a0\u201cse \u00a0le ha dado tratamiento y la esperanza de una opci\u00f3n de vida, \u00a0pendiente \u00a0solo \u00a0de la autorizaci\u00f3n de la autoridad competente en el pa\u00eds para \u00a0proceder \u00a0a \u00a0la \u00a0realizaci\u00f3n \u00a0de \u00a0la \u00a0cirug\u00eda \u00a0una vez se encuentre el \u00f3rgano \u00a0compatible\u201d (fs. 52 y 53 ib.). \u00a0\u00a0<\/p>\n<p>D. Respuesta\u00a0 del Secretario de Salud de \u00a0Antioquia. \u00a0\u00a0<\/p>\n<p>En escrito radicado bajo N\u00b0 2008-0597-00, el \u00a0Secretario \u00a0Seccional \u00a0de \u00a0Salud \u00a0de Antioquia precis\u00f3 que la se\u00f1ora Torres de \u00a0Bonilla \u00a0 a \u00a0 la \u00a0 fecha \u00a0 de \u00a0instauraci\u00f3n\u00a0 \u00a0de \u00a0la \u00a0tutela \u00a0\u201cya \u00a0estaba incluida en la lista, tal y como lo informa la jefe de \u00a0transplantes \u00a0y \u00a0cardiovascular \u00a0desde \u00a0el \u00a04 \u00a0de \u00a0diciembre \u00a0de \u00a02008 ya que ha \u00a0culminado \u00a0el \u00a0protocolo, \u00a0raz\u00f3n \u00a0por \u00a0la \u00a0cual \u00a0la \u00a0instituci\u00f3n ya concept\u00fao \u00a0respeto \u00a0a \u00a0su \u00a0cumplimiento como posible aspirante y quien despu\u00e9s de llevarlo \u00a0al \u00a0comit\u00e9 \u00a0de \u00a0transplante \u00a0institucional \u00a0lo \u00a0incluy\u00f3 en lista respectiva\u201d \u00a0(f. 38 ib.). \u00a0\u00a0<\/p>\n<p>Agreg\u00f3 \u00a0que \u00a0la \u00a0lista \u00a0de \u00a0espera \u00a0a nivel \u00a0nacional \u00a0es \u00a0de \u00a0aproximadamente \u00a0111 \u00a0personas \u00a0y \u00a07 en el \u00e1mbito regional, e \u00a0inst\u00f3 \u00a0a \u00a0la \u00a0IPS para que incluya en lista regional y nacional a la paciente y \u00a0se \u00a0le \u00a0practique el transplante hep\u00e1tico. De manera categ\u00f3rica indic\u00f3 que la \u00a0actora \u00a0no \u00a0est\u00e1 \u00a0siendo discriminada por su condici\u00f3n de extranjera y, por el \u00a0contrario, \u00a0se \u00a0le \u00a0han \u00a0prestado \u00a0todos \u00a0los servicios requeridos, \u201cha \u00a0 podido \u00a0 acceder \u00a0 a \u00a0 las \u00a0distintas \u00a0atenciones \u00a0m\u00e9dicas, \u00a0quir\u00fargicas, \u00a0hospitalarias \u00a0y \u00a0ambulatorias \u00a0requeridas \u00a0para \u00a0salvaguardar su \u00a0vida\u201d \u00a0(f. \u00a039 \u00a0ib.); \u00a0el \u00a0hecho que no sea nacional \u00a0colombiana \u00a0o \u00a0extranjera \u00a0residente, \u00a0no \u00a0ha \u00a0provocado \u00a0que sea excluida de un \u00a0posible \u00a0transplante, \u00a0simplemente \u00a0se \u00a0pretende \u00a0proteger \u00a0a \u00a0los pacientes que \u00a0est\u00e1n \u00a0en \u00a0prelaci\u00f3n \u00a0en raz\u00f3n de tiempo o estado de salud, de tal manera que \u00a0\u201cno \u00a0 se \u00a0le \u00a0est\u00e1 \u00a0vulnerando \u00a0el \u00a0derecho \u00a0a \u00a0la \u00a0igualdad\u201d (f. 39 ib.). \u00a0\u00a0<\/p>\n<p>Adicion\u00f3 \u00a0que \u00a0no \u00a0se \u00a0ha \u00a0practicado \u00a0el \u00a0transplante \u00a0porque \u00a0el \u00a0m\u00e9dico \u00a0tratante \u00a0no \u00a0ha \u00a0informado a la Coordinaci\u00f3n \u00a0Regional \u00a0y \u00a0Nacional el estado de urgencia grado cero, que har\u00eda perentorio el \u00a0transplante \u00a0sin \u00a0necesidad \u00a0de \u00a0acudir \u00a0a \u00a0la \u00a0acci\u00f3n \u00a0de tutela, \u201cpermitiendo \u00a0garantizar \u00a0el \u00a0primer \u00a0\u00f3rgano \u00a0que \u00a0aparezca en el \u00a0pa\u00eds\u201d (f. 39 ib). \u00a0\u00a0<\/p>\n<p>Por \u00a0lo \u00a0anterior, \u00a0concluye \u00a0que \u00a0la actora \u00a0requiere \u00a0un \u00a0\u201cprocedimiento \u00a0de \u00a0tipo \u00a0electivo, es \u00a0decir, \u00a0al \u00a0momento \u00a0su vida no est\u00e1 en peligro\u201d (f. \u00a040 \u00a0ib.); \u00a0luego \u00a0explica \u00a0someramente la enfermedad padecida por la actora y la \u00a0forma \u00a0de \u00a0calificar \u00a0dicho padecimiento, para terminar solicitando \u201cnegar \u00a0la \u00a0tutela, \u00a0teniendo en cuenta que no se est\u00e1 vulnerando \u00a0el \u00a0derecho \u00a0de \u00a0igualdad y de la vida de esta usuaria y que adem\u00e1s, una vez el \u00a0comit\u00e9 \u00a0de \u00a0transplante\u00a0 \u00a0del Hospital San Vicente de Pa\u00fal, la incluya en \u00a0la \u00a0lista de espera para transplante de h\u00edgado, igualmente estar\u00e1 en espera de \u00a0la \u00a0aplicaci\u00f3n \u00a0del \u00a0marco \u00a0normativo \u00a0vigente \u00a0y \u00a0de \u00a0los \u00a0criterios t\u00e9cnicos \u00a0cient\u00edficos \u00a0 por \u00a0 parte \u00a0 de \u00a0 la \u00a0 IPS, \u00a0 como \u00a0lo \u00a0ha \u00a0expresado \u00a0la \u00a0Corte \u00a0Constitucional\u201d \u00a0 \u00a0 (f. \u00a0 \u00a049 \u00a0 \u00a0ib.).\u00a0 \u00a0\u00a0<\/p>\n<p>E. Respuesta del m\u00e9dico gastroenter\u00f3logo &#8211; \u00a0hepat\u00f3logo. \u00a0\u00a0<\/p>\n<p>F. Sentencia \u00fanica de instancia. \u00a0<\/p>\n<p>Mediante providencia de diciembre 18 de 2008, \u00a0el \u00a0Juzgado \u00a0Primero \u00a0Penal \u00a0del \u00a0Circuito \u00a0de \u00a0Medell\u00edn, luego de analizar una \u00a0situaci\u00f3n \u00a0 decidida \u00a0 en \u00a0 esta \u00a0 Corte \u00a0 mediante \u00a0 sentencia \u00a0 T\u2013269 \u00a0de \u00a02008, \u00a0M. \u00a0P. \u00a0Jaime \u00a0Ara\u00fajo \u00a0Renter\u00eda, \u00a0 decidi\u00f3 \u00a0 negar \u00a0 la \u00a0 tutela \u00a0 al \u00a0 se\u00f1alar \u00a0 que \u00a0 \u201clos \u00a0hechos \u00a0consignados \u00a0en \u00a0la \u00a0sentencia \u00a0de la Corte difieren \u00a0notablemente \u00a0del \u00a0que ahora se estudia y, por lo tanto, no guardan la similitud \u00a0requerida \u00a0para adoptar una decisi\u00f3n favorable a las pretensiones de la se\u00f1ora \u00a0Vivian \u00a0 Ivette \u00a0 Torres \u00a0 Bonilla\u201d \u00a0 (f. \u00a0 70 \u00a0 v. \u00a0ib.). \u00a0\u00a0<\/p>\n<p>Refiri\u00f3 \u00a0 tambi\u00e9n \u00a0 que \u00a0 \u201csi \u00a0bien \u00a0el \u00a0Juzgado \u00a0cuenta \u00a0con \u00a0la \u00a0informaci\u00f3n m\u00ednima para \u00a0denegar \u00a0 esta \u00a0 acci\u00f3n \u00a0 de \u00a0 tutela \u00a0porque \u00a0ni \u00a0la \u00a0Fundaci\u00f3n \u00a0Hospitalaria \u00a0Universitaria \u00a0San \u00a0Vicente \u00a0de \u00a0Pa\u00fal \u00a0ni \u00a0la \u00a0Direcci\u00f3n Seccional de Salud de \u00a0Antioquia \u00a0le \u00a0han \u00a0vulnerado \u00a0derecho \u00a0fundamental \u00a0alguno\u2026 Se ordenar\u00e1 a la \u00a0Fundaci\u00f3n \u00a0Hospital Universitario San Vicente de Pa\u00fal de Medell\u00edn que, cuando \u00a0lo \u00a0considere \u00a0necesario, tomando los criterios t\u00e9cnicos cient\u00edficos\u2026 inicie \u00a0las \u00a0 gestiones \u00a0 necesarias \u00a0para \u00a0que \u00a0lleven \u00a0a \u00a0efecto, \u00a0cuando \u00a0lo \u00a0estimen \u00a0pertinente, \u00a0 el \u00a0 procedimiento \u00a0 de \u00a0 Transplante \u00a0 de \u00a0H\u00edgado\u201d \u00a0 \u00a0 \u00a0 \u00a0 \u00a0 (f. \u00a0 \u00a0 \u00a0 \u00a0 \u00a0 72 \u00a0 \u00a0 \u00a0 \u00a0 \u00a0 v. \u00a0 \u00a0 \u00a0 \u00a0 \u00a0 ib.).\u00a0\u00a0\u00a0\u00a0\u00a0 \u00a0\u00a0<\/p>\n<p>G. \u00a0 Actuaci\u00f3n \u00a0 cumplida \u00a0 en \u00a0 sede \u00a0de \u00a0revisi\u00f3n. \u00a0\u00a0<\/p>\n<p>El Magistrado sustanciador, mediante auto de \u00a0abril \u00a02 \u00a0de \u00a02009, \u00a0dispuso \u00a0oficiar\u00a0 \u00a0al \u00a0Instituto Nacional de Salud, al \u00a0considerar \u00a0que podr\u00eda verse afectado con la decisi\u00f3n y para que, si a bien lo \u00a0considerase, \u00a0ejerciera \u00a0el \u00a0derecho \u00a0de \u00a0defensa; \u00a0de \u00a0igual manera, se orden\u00f3 \u00a0oficiar \u00a0a \u00a0la \u00a0Organizaci\u00f3n Panamericana de la Salud, al Director del Hospital \u00a0Universitario \u00a0de \u00a0San \u00a0Pa\u00fal, \u00a0y \u00a0al \u00a0Secretario Jur\u00eddico del Ministerio de la \u00a0Protecci\u00f3n \u00a0 Social, \u00a0 para \u00a0que \u00a0rindieran \u00a0concepto \u00a0de \u00a0lo \u00a0debatido \u00a0en \u00a0la \u00a0referencia. \u00a0\u00a0<\/p>\n<p>En respuesta, fueron recibidas las siguientes \u00a0comunicaciones: \u00a0\u00a0<\/p>\n<p>1. \u00a0Mediante escrito allegado en abril 20 de \u00a02009, \u00a0el Director (e) del Instituto Nacional de Salud, indic\u00f3 que \u201cde \u00a0acuerdo \u00a0a \u00a0las estad\u00edsticas registradas en la Coordinaci\u00f3n \u00a0Nacional \u00a0de la Red de Donaci\u00f3n y Transplante a cargo del Instituto Nacional de \u00a0Salud, \u00a0es \u00a0posible \u00a0afirmar \u00a0que \u00a0los \u00a0extranjeros \u00a0no \u00a0residentes \u00a0en Colombia \u00a0si \u00a0 \u00a0reciben \u00a0 \u00a0un \u00a0 \u00a0trato \u00a0 \u00a0igual \u00a0 o \u00a0 incluso \u00a0prerrogativo\u00a0 frente a los nacionales respecto al \u00a0procedimiento \u00a0 de \u00a0transplante\u2026 \u00a0la \u00a0Coordinaci\u00f3n \u00a0Nacional \u00a0de \u00a0la \u00a0Red \u00a0de \u00a0Donaci\u00f3n \u00a0y \u00a0Transplante \u00a0emiti\u00f3 certificado para transplante a extranjero con \u00a0consecutivo \u00a02021208-54, \u00a0raz\u00f3n \u00a0por \u00a0la \u00a0cual \u00a0la se\u00f1ora VIVIAN IVETTE TORRES \u00a0BONILLA, \u00a0se \u00a0encuentra \u00a0transplantada \u00a0desde \u00a0el \u00a0d\u00eda 20 de Diciembre de 2008, \u00a0procedimiento \u00a0efectuado \u00a0en el Hospital San Vicente de Pa\u00fal, a pesar del fallo \u00a0contradictorio \u00a0emitido \u00a0por \u00a0el Juzgado Primero Penal del Circuito de Medell\u00edn \u00a0el \u00a018 \u00a0de \u00a0diciembre \u00a0de \u00a02008, \u00a0destacando \u00a0que \u00a0la \u00a0se\u00f1ora TORRES BONILLA se \u00a0encontraba \u00a0 activa \u00a0 en \u00a0 lista \u00a0de \u00a0espera \u00a0para \u00a0trasplante \u00a0hep\u00e1tico \u00a0desde \u00a0el \u00a012 de diciembre de 2008, \u00a0es \u00a0decir, \u00a0su \u00a0tiempo \u00a0en \u00a0lista \u00a0de \u00a0espera \u00a0fue \u00a08 \u00a0d\u00edas, \u00a0siendo \u00a0este per\u00edodo corto frente a pacientes \u00a0colombianos \u00a0con m\u00e1s de 48 meses en lista de espera\u201d \u00a0(est\u00e1 subrayado y en negrilla en el texto original.) \u00a0\u00a0<\/p>\n<p>2. \u00a0En oficio N\u00b0 86 de abril 17 de 2009, la \u00a0Coordinadora \u00a0del \u00a0Grupo \u00a0de \u00a0Acciones \u00a0Constitucionales \u00a0del \u00a0Ministerio \u00a0de la \u00a0Protecci\u00f3n \u00a0Social, \u00a0dio \u00a0respuesta a las inquietudes presentadas en el estudio \u00a0de \u00a0la \u00a0presente \u00a0acci\u00f3n \u00a0de \u00a0tutela, \u00a0en relaci\u00f3n a quien le corresponden los \u00a0costos \u00a0 sufragados \u00a0 en \u00a0los \u00a0procedimientos \u00a0de \u00a0transplante \u00a0realizado \u00a0a \u00a0un \u00a0extranjero \u00a0no \u00a0residente \u00a0en \u00a0Colombia; \u00a0el \u00a0Ministerio preciso que conforme al \u00a0art\u00edculo \u00a040 \u00a0del Decreto 2493 de 2004, los costos ser\u00e1n financiados\u00a0 por \u00a0el \u00a0receptor \u00a0o \u00a0la \u00a0entidad \u00a0que \u00a0asumir\u00e1 \u00a0el \u00a0costo \u00a0del procedimiento previa \u00a0suscripci\u00f3n de contrato. \u00a0\u00a0<\/p>\n<p>3. \u00a0En \u00a0escrito \u00a0de \u00a0la \u00a0Organizaci\u00f3n\u00a0 \u00a0Panamericana \u00a0de \u00a0la \u00a0Salud, \u00a0recibido \u00a0en \u00a0abril \u00a027 de 2009, expres\u00f3 no tener \u00a0\u201cconocimiento \u00a0 de \u00a0 la \u00a0 existencia \u00a0 de \u00a0 ning\u00fan \u00a0instrumento \u00a0internacional \u00a0vinculante que regule lo concerniente al transplante \u00a0de \u00a0\u00f3rganos \u00a0extranjeros \u00a0no \u00a0residentes. \u00a0Sin embargo, consideramos importante \u00a0hacer \u00a0menci\u00f3n \u00a0en \u00a0t\u00e9rminos \u00a0generales \u00a0a \u00a0los \u00a0instrumentos \u00a0internacionales \u00a0ratificados \u00a0por \u00a0Colombia \u00a0que \u00a0hacen \u00a0referencia al derecho de toda persona al \u00a0disfrute \u00a0del \u00a0m\u00e1s \u00a0alto nivel posible de salud f\u00edsica y mental\u201d. A continuaci\u00f3n expres\u00f3: \u00a0\u00a0<\/p>\n<p>\u201cAs\u00ed, \u00a0la \u00a0Convenci\u00f3n \u00a0Americana \u00a0sobre \u00a0Derechos \u00a0Humanos \u00a0(Organizaci\u00f3n \u00a0de \u00a0los \u00a0Estados \u00a0Americanos), ratificada por \u00a0Colombia \u00a0el 28 de mayo de 1973, exige a todos los Estados Partes la protecci\u00f3n \u00a0del \u00a0derecho \u00a0a \u00a0la \u00a0vida (art\u00edculo 4) y a la integridad personal (art\u00edculo 5) \u00a0respecto \u00a0a \u00a0toda \u00a0persona \u00a0que \u00a0se \u00a0encuentre \u00a0bajo \u00a0su jurisdicci\u00f3n (articulo \u00a01). \u00a0\u00a0<\/p>\n<p>Adicionalmente, \u00a0Colombia \u00a0ha \u00a0ratificado el \u00a0Pacto \u00a0Internacional \u00a0de \u00a0Derecho \u00a0Econ\u00f3micos \u00a0Sociales \u00a0y \u00a0Culturales, el cual \u00a0protege \u00a0el derecho al disfrute del m\u00e1s alto nivel posible de salud, ratificado \u00a0por Colombia el 29 de octubre de 1969. \u00a0\u00a0<\/p>\n<p>El \u00a0Protocolo \u00a0Adicional \u00a0a \u00a0la \u00a0Convenci\u00f3n \u00a0Americana \u00a0sobre Derechos Humanos en materia de Derechos Econ\u00f3micos, Sociales y \u00a0Culturales, \u00a0Protocolo de San Salvador, ratificado por Colombia el 22 de octubre \u00a0de \u00a01997 \u00a0protege \u00a0el \u00a0derecho a la salud (articulo 10)\u2026 los Estados partes se \u00a0comprometen \u00a0a garantizar la extensi\u00f3n\u00a0 de los beneficios de los servicios \u00a0de \u00a0 salud \u00a0 a \u00a0 todos \u00a0 los \u00a0 individuos \u00a0 sujetos \u00a0 a \u00a0 la \u00a0jurisdicci\u00f3n \u00a0del \u00a0Estado.\u201d \u00a0\u00a0<\/p>\n<p>4. En abril 15 de 2009, el Secretario General \u00a0del \u00a0Hospital Universitario San Vicente de Pa\u00fal, asever\u00f3 que la se\u00f1ora Vivian \u00a0Ivette \u00a0Torres \u00a0de \u00a0Bonilla \u201cfue trasplantada el d\u00eda \u00a020 \u00a0 de \u00a0 diciembre \u00a0 del \u00a0 a\u00f1o \u00a02008 \u00a0en \u00a0nuestra \u00a0instituci\u00f3n\u201d. \u00a0\u00a0<\/p>\n<p>En \u00a0mayo 5 de este mismo a\u00f1o se recibe otra \u00a0comunicaci\u00f3n, \u00a0de \u00a0igual \u00a0procedencia, \u00a0donde \u00a0se \u00a0reiter\u00f3 \u00a0que \u00a0la actora fue \u00a0atendida \u00a0en \u00a0el \u00a0Hospital San Vicente de Pa\u00fal en el mes de noviembre del 2008, \u00a0realiz\u00e1ndosele \u00a0 todos \u00a0 los \u00a0 ex\u00e1menes \u00a0 requeridos \u00a0para \u00a0el \u00a0procedimiento; \u00a0\u201cse \u00a0incluy\u00f3 en lista de espera para transplante el \u00a012 \u00a0de \u00a0diciembre \u00a0y \u00a0el \u00a020 \u00a0de \u00a0diciembre del mismo a\u00f1o, se encontr\u00f3 donante \u00a0compatible \u00a0por \u00a0lo que se realiz\u00f3 el procedimiento, previa autorizaci\u00f3n de la \u00a0Coordinaci\u00f3n \u00a0Regional \u00a0y Nacional de Transplantes\u201d, \u00a0sin que mediara receptor nacional para recibirlo. \u00a0\u00a0<\/p>\n<p>\u00a0\u00a0\u00a0\u00a0\u00a0\u00a0\u00a0 \u00a0\u00a0<\/p>\n<p>II. \u00a0 \u00a0CONSIDERACIONES \u00a0 DE \u00a0 LA \u00a0 CORTE \u00a0CONSTITUCIONAL \u00a0\u00a0<\/p>\n<p>Primera. Competencia. \u00a0<\/p>\n<p>Esta \u00a0Corte \u00a0es \u00a0competente para decidir, en \u00a0Sala \u00a0de \u00a0Revisi\u00f3n, de conformidad con lo dispuesto en los art\u00edculos 86 y 241, \u00a0numeral \u00a0 9\u00b0, \u00a0 de \u00a0 la \u00a0 Constituci\u00f3n, \u00a0 y \u00a031 \u00a0a \u00a036 \u00a0del \u00a0Decreto \u00a02591 \u00a0de \u00a01991. \u00a0\u00a0<\/p>\n<p>Segunda. \u00a0 \u00a0El \u00a0 \u00a0asunto \u00a0 \u00a0objeto \u00a0 \u00a0de \u00a0decisi\u00f3n. \u00a0\u00a0<\/p>\n<p>Vivian \u00a0Ivette \u00a0Torres de Bonilla solicit\u00f3, \u00a0mediante \u00a0esta \u00a0acci\u00f3n, \u00a0se \u00a0ordenara \u00a0al \u00a0Instituto \u00a0Nacional \u00a0de \u00a0Salud, o al \u00a0Servicio \u00a0Seccional de Salud de Antioquia, o al\u00a0 Hospital Universitario San \u00a0Vicente \u00a0de \u00a0Pa\u00fal, \u00a0practicar transplante de h\u00edgado, colocando a la accionante \u00a0en \u00a0igualdad de condiciones con los dem\u00e1s futuros transplantados, sin tener que \u00a0esperar \u00a0remanentes. Sin embargo, cursando este tr\u00e1mite la Corte Constitucional \u00a0recibi\u00f3 \u00a0 informes \u00a0 de \u00a0 la \u00a0Direcci\u00f3n \u00a0Nacional \u00a0de \u00a0Salud \u00a0y \u00a0del \u00a0Hospital \u00a0Universitario \u00a0de \u00a0San \u00a0Pa\u00fal, \u00a0que \u00a0dieron a conocer que a la se\u00f1ora Torres de \u00a0Bonilla ya se le hab\u00eda practicado la operaci\u00f3n requerida. \u00a0\u00a0<\/p>\n<p>La Sala determinar\u00e1 si la pretensi\u00f3n de la \u00a0demandante \u00a0efectivamente \u00a0se \u00a0encuentra \u00a0cumplida \u00a0y \u00a0por ende, de ser as\u00ed, se \u00a0configura un hecho superado. \u00a0\u00a0<\/p>\n<p>Tercera. \u00a0 Concepto \u00a0 de \u00a0 hecho \u00a0superado \u00a0pronunciamientos reiterados. \u00a0\u00a0<\/p>\n<p>La acci\u00f3n de tutela ha sido instituida como \u00a0un \u00a0instrumento \u00a0preferente \u00a0y \u00a0sumario, \u00a0dirigido \u00a0a la protecci\u00f3n de derechos \u00a0fundamentales \u00a0que \u00a0sean\u00a0 \u00a0violentados \u00a0o amenazados de una manera actual e \u00a0inminente; \u00a0esta \u00a0corporaci\u00f3n \u00a0ha \u00a0precisado \u00a0que existen eventos en los que la \u00a0amenaza \u00a0al \u00a0derecho \u00a0fundamental generadora de la reclamaci\u00f3n desaparece en el \u00a0transcurrir \u00a0de la acci\u00f3n, de suerte que el instrumento pierde efectividad y no \u00a0procede ordenar que se realice lo que ya est\u00e1 efectuado. \u00a0\u00a0<\/p>\n<p>Reiterando pronunciamientos respecto al hecho \u00a0superado, \u00a0 \u00a0 \u00a0 \u00a0se \u00a0 \u00a0 \u00a0 puede \u00a0 \u00a0 \u00a0 recordar1 \u00a0\u00a0<\/p>\n<p>: \u00a0<\/p>\n<p>\u201c\u2026 \u00a0si en el tr\u00e1mite de una determinada \u00a0acci\u00f3n \u00a0de \u00a0tutela, sobrevienen hechos que demuestran que la vulneraci\u00f3n a los \u00a0derechos \u00a0fundamentales \u00a0ha \u00a0cesado \u00a0o \u00a0se \u00a0ha \u00a0consumado \u00a0en \u00a0forma tal que sea \u00a0imposible \u00a0restablecer \u00a0al \u00a0solicitante \u00a0en \u00a0el \u00a0goce \u00a0efectivo \u00a0de \u00a0su \u00a0derecho \u00a0conculcado, \u00a0la \u00a0acci\u00f3n \u00a0pierde \u00a0eficacia \u00a0y \u00a0raz\u00f3n \u00a0de ser, al extinguirse el \u00a0objeto \u00a0jur\u00eddico \u00a0sobre \u00a0el \u00a0cual \u00a0se \u00a0pretend\u00eda, \u00a0resultando inocua cualquier \u00a0decisi\u00f3n al respecto. \u00a0\u00a0<\/p>\n<p>Lo \u00a0 importante, \u00a0entonces, \u00a0para \u00a0que \u00a0se \u00a0establezca \u00a0la \u00a0existencia \u00a0de \u00a0un hecho superado es que emerja un acto o suceso \u00a0que \u00a0conlleve el cese de la vulneraci\u00f3n a los derechos fundamentales del actor; \u00a0quiere \u00a0significar \u00a0lo anterior, que cualquier otra pretensi\u00f3n propuesta por el \u00a0demandante, \u00a0que \u00a0tuviera \u00a0que \u00a0ver directamente con la zanjada conculcaci\u00f3n de \u00a0sus \u00a0 derechos \u00a0 fundamentales, \u00a0 no \u00a0 puede \u00a0 ya \u00a0 resolverse \u00a0 por \u00a0 la \u00a0 v\u00eda \u00a0constitucional. \u00a0\u00a0<\/p>\n<p>En \u00a0un principio, la Corte consider\u00f3 que en \u00a0aquellos \u00a0procesos \u00a0de \u00a0tutela \u00a0en los que se presentaba un hecho superado, dado \u00a0que \u00a0la \u00a0situaci\u00f3n \u00a0u \u00a0omisi\u00f3n \u00a0acusada \u00a0de \u00a0vulnerar \u00a0o \u00a0amenazar \u00a0un derecho \u00a0fundamental \u00a0hab\u00eda desaparecido, se deb\u00eda declarar la improcedencia de tutela, \u00a0puesto \u00a0que \u00a0la \u00a0orden \u00a0que \u00a0podr\u00eda \u00a0impartir \u00a0el \u00a0juez de tutela caer\u00eda en el \u00a0vac\u00edo. \u00a0En \u00a0otras ocasiones, estim\u00f3 pertinente confirmar los fallos de tutela, \u00a0con \u00a0base \u00a0en \u00a0el \u00a0mismo \u00a0argumento \u00a0acerca \u00a0de \u00a0la carencia actual de objeto, o \u00a0simplemente se abstuvo de pronunciarse de fondo. \u00a0\u00a0<\/p>\n<p>En \u00a0la \u00a0actualidad se acepta que en aquellos \u00a0casos \u00a0en \u00a0los \u00a0que \u00a0se observe carencia de objeto de la acci\u00f3n de tutela y sea \u00a0evidente \u00a0que la tutela deb\u00eda haber sido decidida en un sentido diferente, debe \u00a0definir \u00a0si \u00a0confirma \u00a0o \u00a0revoca, con la anotaci\u00f3n de que no se pronunciar\u00e1 de \u00a0fondo \u00a0y \u00a0no \u00a0impartir\u00e1 \u00a0\u00f3rdenes \u00a0para \u00a0indicar \u00a0un \u00a0remedio judicial sobre el \u00a0problema jur\u00eddico.\u201d \u00a0\u00a0<\/p>\n<p>Cuarta. \u00a0 \u00a0 An\u00e1lisis \u00a0 \u00a0 del \u00a0 \u00a0 caso \u00a0concreto. \u00a0\u00a0<\/p>\n<p>Como \u00a0qued\u00f3 \u00a0expuesto \u00a0anteladamente, \u00a0los \u00a0derechos \u00a0cuya \u00a0protecci\u00f3n solicit\u00f3 la actora carecen de actualidad amparable, \u00a0al \u00a0 quedar \u00a0establecido \u00a0mediante \u00a0las \u00a0comunicaciones \u00a0recibidas \u00a0en \u00a0sede \u00a0de \u00a0revisi\u00f3n \u00a0del Instituto Nacional de Salud y del Secretario General del Hospital \u00a0Universitario \u00a0San \u00a0Vicente \u00a0de \u00a0Pa\u00fal, \u00a0de \u00a0fechas \u00a0abril \u00a020 \u00a0y mayo 5 de 2009 \u00a0respectivamente, \u00a0que la demandante estuvo en lista de espera desde diciembre 12 \u00a0de \u00a02008 y que el procedimiento reclamado por la se\u00f1ora Torres de Bonilla ya se \u00a0realiz\u00f3, \u00a0en \u00a0diciembre \u00a020 \u00a0del \u00a0mismo \u00a0a\u00f1o, \u00a0dejando \u00a0sin \u00a0objeto la acci\u00f3n \u00a0invocada. \u00a0\u00a0<\/p>\n<p>Bajo los anteriores supuestos y asumidas las \u00a0reglas \u00a0delimitadas \u00a0frente \u00a0a \u00a0situaciones \u00a0semejantes, \u00a0estima \u00a0la Sala que la \u00a0eventual \u00a0violaci\u00f3n \u00a0a \u00a0derechos \u00a0fundamentales \u00a0carece \u00a0de \u00a0vigencia \u00a0y \u00a0no es \u00a0pertinente \u00a0emitir \u00a0orden \u00a0alguna, \u00a0pues lo pretendido ya se atendi\u00f3. Por ello, \u00a0frente \u00a0a \u00a0la \u00a0informaci\u00f3n \u00a0con \u00a0la \u00a0cual \u00a0cont\u00f3 \u00a0el Juzgado Primero Penal del \u00a0Circuito \u00a0de Medell\u00edn, su fallo de fecha diciembre 18 de 2008 ser\u00e1 confirmado, \u00a0pero ante la carencia actual de objeto. \u00a0\u00a0<\/p>\n<p>III.- DECISI\u00d3N \u00a0<\/p>\n<p>En \u00a0m\u00e9rito de lo expuesto, la Sala S\u00e9ptima \u00a0de \u00a0Revisi\u00f3n \u00a0de \u00a0la Corte Constitucional, administrando justicia en nombre del \u00a0pueblo y por mandato de la Constituci\u00f3n, \u00a0\u00a0<\/p>\n<p>RESUELVE \u00a0<\/p>\n<p>Primero: \u00a0CONFIRMAR \u00a0el \u00a0fallo \u00a0proferido \u00a0por \u00a0el Juzgado Primero Penal del Circuito de Medell\u00edn en \u00a0diciembre \u00a018 \u00a0de \u00a02008, \u00a0pero por carencia actual de objeto, sin quedar vigente \u00a0orden alguna. \u00a0\u00a0<\/p>\n<p>Segundo: \u00a0 Por \u00a0Secretar\u00eda \u00a0General, L\u00cdBRESE \u00a0la \u00a0comunicaci\u00f3n \u00a0a \u00a0que \u00a0se \u00a0refiere \u00a0el \u00a0art\u00edculo \u00a036 \u00a0del \u00a0Decreto \u00a02591 de \u00a01991. \u00a0\u00a0<\/p>\n<p>Notif\u00edquese, \u00a0comun\u00edquese, \u00a0publ\u00edquese \u00a0e \u00a0ins\u00e9rtese en la Gaceta de la Corte Constitucional. C\u00famplase. \u00a0\u00a0<\/p>\n<p>NILSON PINILLA PINILLA \u00a0<\/p>\n<p>Magistrado \u00a0<\/p>\n<p>HUMBERTO ANTONIO SIERRA PORTO \u00a0<\/p>\n<p>Magistrado \u00a0<\/p>\n<p>JORGE IV\u00c1N PALACIO PALACIO \u00a0<\/p>\n<p>Magistrado \u00a0<\/p>\n<p>MARTHA S\u00c1CHICA DE MONCALEANO \u00a0<\/p>\n<p>Secretaria General \u00a0 \u00a0<\/p>\n<p>1 \u00a0T- \u00a0486 \u00a0de \u00a0mayo \u00a015 de 2008, M. P. Nilson Pinilla Pinilla, reiterado en T- 1004 de \u00a0octubre \u00a015 de 2008, M. P. Nilson Pinilla Pinilla. En sentido similar, T- 442 de \u00a0junio 2 de 2006, M. P. Manuel Jos\u00e9 Cepeda Espinosa. \u00a0 \u00a0\u00a0<\/p>\n<p><\/p>\n","protected":false},"excerpt":{"rendered":"<p>\u00a0 \u00a0 Sentencia \u00a0T-433-09 \u00a0\u00a0 Referencia: expediente T-2191447. \u00a0 Acci\u00f3n de tutela instaurada por Vivian Ivette \u00a0Torres de Bonilla, contra el Instituto Nacional de Salud y otros. \u00a0\u00a0 Procedencia: \u00a0 Juzgado \u00a0Primero \u00a0Penal \u00a0del \u00a0Circuito de Medell\u00edn. \u00a0\u00a0 Magistrado Ponente: \u00a0 Dr. \u00a0Nilson Pinilla \u00a0Pinilla. \u00a0\u00a0 Bogot\u00e1, \u00a0D. \u00a0C., primero (1\u00b0) de julio dos \u00a0mil [&hellip;]<\/p>\n","protected":false},"author":1,"featured_media":0,"comment_status":"open","ping_status":"open","sticky":false,"template":"","format":"standard","meta":{"footnotes":""},"categories":[79],"tags":[],"class_list":["post-16813","post","type-post","status-publish","format-standard","hentry","category-tutelas-2009"],"_links":{"self":[{"href":"https:\/\/www.dmsjuridica.com\/buscador_20179478954\/corteconstitucionalcronologico202454587\/wp-json\/wp\/v2\/posts\/16813","targetHints":{"allow":["GET"]}}],"collection":[{"href":"https:\/\/www.dmsjuridica.com\/buscador_20179478954\/corteconstitucionalcronologico202454587\/wp-json\/wp\/v2\/posts"}],"about":[{"href":"https:\/\/www.dmsjuridica.com\/buscador_20179478954\/corteconstitucionalcronologico202454587\/wp-json\/wp\/v2\/types\/post"}],"author":[{"embeddable":true,"href":"https:\/\/www.dmsjuridica.com\/buscador_20179478954\/corteconstitucionalcronologico202454587\/wp-json\/wp\/v2\/users\/1"}],"replies":[{"embeddable":true,"href":"https:\/\/www.dmsjuridica.com\/buscador_20179478954\/corteconstitucionalcronologico202454587\/wp-json\/wp\/v2\/comments?post=16813"}],"version-history":[{"count":0,"href":"https:\/\/www.dmsjuridica.com\/buscador_20179478954\/corteconstitucionalcronologico202454587\/wp-json\/wp\/v2\/posts\/16813\/revisions"}],"wp:attachment":[{"href":"https:\/\/www.dmsjuridica.com\/buscador_20179478954\/corteconstitucionalcronologico202454587\/wp-json\/wp\/v2\/media?parent=16813"}],"wp:term":[{"taxonomy":"category","embeddable":true,"href":"https:\/\/www.dmsjuridica.com\/buscador_20179478954\/corteconstitucionalcronologico202454587\/wp-json\/wp\/v2\/categories?post=16813"},{"taxonomy":"post_tag","embeddable":true,"href":"https:\/\/www.dmsjuridica.com\/buscador_20179478954\/corteconstitucionalcronologico202454587\/wp-json\/wp\/v2\/tags?post=16813"}],"curies":[{"name":"wp","href":"https:\/\/api.w.org\/{rel}","templated":true}]}}