{"id":22585,"date":"2024-06-26T17:34:06","date_gmt":"2024-06-26T17:34:06","guid":{"rendered":"https:\/\/www.dmsjuridica.com\/buscador_20179478954\/corteconstitucionalcronologico202454587\/2024\/06\/26\/t-252-15\/"},"modified":"2024-06-26T17:34:06","modified_gmt":"2024-06-26T17:34:06","slug":"t-252-15","status":"publish","type":"post","link":"https:\/\/www.dmsjuridica.com\/buscador_20179478954\/corteconstitucionalcronologico202454587\/t-252-15\/","title":{"rendered":"T-252-15"},"content":{"rendered":"\n<p>\u00a0 \u00a0 \u00a0 \u00a0 \u00a0 \u00a0T-252-15 \u00a0 \u00a0 \u00a0 \u00a0 \u00a0 \u00a0\u00a0<\/p>\n<p>Sentencia T-252\/15 \u00a0 \u00a0<\/p>\n<p>ACCION DE TUTELA PARA RECLAMAR EL RECONOCIMIENTO Y PAGO DE DERECHOS PENSIONALES-Procedencia \u00a0 excepcional\u00a0 \u00a0 \u00a0<\/p>\n<p>La herramienta constitucional procede de manera excepcional \u00a0 para amparar las garant\u00edas derivadas del reconocimiento y pago de las \u00a0 prestaciones sociales, en los siguientes casos:\u00a0i)\u00a0cuando no existe \u00a0 otro medio de defensa judicial o, en caso de existir, el mismo no resulta id\u00f3neo \u00a0 ni eficaz para garantizar la protecci\u00f3n de los derechos fundamentales del \u00a0 peticionario, evento en el que la tutela procede como mecanismo principal y \u00a0 definitivo de defensa, ante la imposibilidad material de solicitar una \u00a0 protecci\u00f3n real y cierta por otra v\u00eda o\u00a0ii)cuando esta se promueve como mecanismo transitorio, \u00a0 siempre que el demandante demuestre la existencia de un perjuicio irremediable, \u00a0 en cuyo caso la orden de protecci\u00f3n tendr\u00e1 efectos temporales, solo hasta el \u00a0 momento en que la autoridad judicial competente decida, de manera definitiva, el \u00a0 conflicto planteado. Dicho perjuicio, de conformidad con la jurisprudencia \u00a0 constitucional, debe cumplir las siguientes condiciones: ser inminente, es \u00a0 decir, que se trate de una amenaza que est\u00e1 por suceder prontamente; ser grave, \u00a0 esto es, que el da\u00f1o o menoscabo material o moral en el haber jur\u00eddico de la \u00a0 persona sea de gran intensidad; ser urgente, es decir, que exija la adopci\u00f3n de \u00a0 medidas prontas o inmediatas para conjurar la amenaza; ser impostergable, es \u00a0 decir, acreditar la necesidad de recurrir al amparo como mecanismo expedito y \u00a0 necesario para la protecci\u00f3n de los derechos fundamentales. \u00a0 \u00a0<\/p>\n<p>INDEMNIZACION SUSTITUTIVA DE LA PENSION DE VEJEZ-Finalidad \u00a0 \u00a0<\/p>\n<p>Para este Tribunal, la indemnizaci\u00f3n sustitutiva constituye un \u00a0 auxilio econ\u00f3mico para todas aquellas personas que, teniendo la edad para \u00a0 pensionarse no cuentan con la cantidad de semanas m\u00ednimas requeridas para \u00a0 consolidar su derecho pensional y no tienen la posibilidad financiera de \u00a0 continuar cotizando al sistema para adquirir el estatus de pensionado. Dichas \u00a0 personas ven en esta figura legal, la posibilidad de recibir una suma de dinero \u00a0 en contraprestaci\u00f3n al tiempo aportado y en sustituci\u00f3n de la pensi\u00f3n a la que \u00a0 pretend\u00edan inicialmente acceder, indemnizaci\u00f3n que les evita la posible \u00a0 afectaci\u00f3n de sus derechos fundamentales, principalmente, al m\u00ednimo vital y a la \u00a0 vida en condiciones dignas. \u00a0 \u00a0<\/p>\n<p>DERECHO A LA INDEMNIZACION SUSTITUTIVA DE LA PENSION DE VEJEZ-Se deben \u00a0 tener en cuenta las semanas cotizadas con anterioridad a la entrada en vigencia \u00a0 de la ley 100 de 1993\u00a0 \u00a0 \u00a0<\/p>\n<p>No es aceptable que se deniegue el reconocimiento de una \u00a0 indemnizaci\u00f3n sustitutiva con fundamento en que los aportes fueron realizados en \u00a0 vigencia de otras normas precedentes y las cuales no contemplaban dicha figura, \u00a0 por cuanto estos dineros son un ahorro del trabajador y es \u00e9ste, quien tiene \u00a0 derecho a gozar de dichos recursos cuando por diversas razones no alcance a \u00a0 consolidar su derecho pensional y mal har\u00eda la entidad encargada en retenerlos, \u00a0 pues incurrir\u00eda en la conducta de enriquecimiento sin causa. \u00a0 \u00a0<\/p>\n<p>INDEMNIZACION SUSTITUTIVA DE PENSION DE VEJEZ Y DE SOBREVIVIENTES-Orden a \u00a0 \u00a0Municipio reconocer indemnizaci\u00f3n sustitutiva de pensi\u00f3n de vejez y de \u00a0 sobrevivientes, a quienes acrediten el cumplimiento de los requisitos legales \u00a0 exigidos \u00a0 \u00a0<\/p>\n<p>Referencia: Expediente T-4.671.143 \u00a0 \u00a0<\/p>\n<p>Demandado: Municipio de San Juan de Betulia, Sucre \u00a0 \u00a0<\/p>\n<p>Magistrado Ponente: \u00a0 \u00a0<\/p>\n<p>GABRIEL EDUARDO MENDOZA MARTELO \u00a0 \u00a0<\/p>\n<p>Bogot\u00e1, \u00a0 D.C., cuatro (4) de mayo de dos mil quince (2015) \u00a0 \u00a0<\/p>\n<p>La Sala \u00a0 Cuarta de Revisi\u00f3n de la Corte Constitucional, integrada por los Magistrados \u00a0 Gabriel Eduardo Mendoza Martelo, Gloria Stella Ortiz Delgado y Jorge Iv\u00e1n \u00a0 Palacio Palacio, en ejercicio de sus competencias constitucionales y legales, ha \u00a0 pronunciado la siguiente \u00a0 \u00a0<\/p>\n<p>SENTENCIA \u00a0 \u00a0<\/p>\n<p>En la revisi\u00f3n de la providencia \u00a0 dictada el 13 de agosto de 2014 por el Juzgado Promiscuo Municipal de El Roble, \u00a0 Sucre, dentro de la acci\u00f3n de tutela promovida por la se\u00f1ora Ayda Salom\u00e9 Barrios \u00a0 \u00c1lvarez y Otros, contra el municipio de San Juan de Betulia, Sucre. \u00a0 \u00a0<\/p>\n<p>El \u00a0 presente expediente fue escogido para revisi\u00f3n por la Sala de Selecci\u00f3n n\u00famero \u00a0 Doce, por medio de auto de 18 de diciembre de 2014, y repartido a la Sala Cuarta \u00a0 de Revisi\u00f3n. \u00a0 \u00a0<\/p>\n<p>I.\u00a0\u00a0\u00a0\u00a0 \u00a0 \u00a0ANTECEDENTES \u00a0 \u00a0<\/p>\n<p>1. La \u00a0 solicitud \u00a0 \u00a0<\/p>\n<p>2. \u00a0 Hechos \u00a0 \u00a0<\/p>\n<p>El \u00a0 peticionario los describe en la demanda as\u00ed: \u00a0 \u00a0<\/p>\n<p>2.1. La \u00a0 mayor\u00eda de los accionantes laboraron directamente al servicio del municipio de \u00a0 San Juan de Betulia, Sucre, hasta antes de la entrada en vigencia de la Ley 100 \u00a0 de 1993, efectuando sus aportes en seguridad social en pensi\u00f3n y salud a la \u00a0 extinta caja de previsi\u00f3n municipal de dicha entidad territorial. Los dem\u00e1s, por \u00a0 su parte, son beneficiarios de quienes estuvieron vinculados laboralmente pero \u00a0 ya fallecieron.\u00a0 \u00a0 \u00a0<\/p>\n<p>2.2. Los \u00a0 demandantes presentaron solicitud de reconocimiento y pago de la indemnizaci\u00f3n \u00a0 sustitutiva de la pensi\u00f3n de vejez o de sobrevivientes, seg\u00fan su situaci\u00f3n \u00a0 particular, ante el municipio accionado. \u00a0 \u00a0<\/p>\n<p>2.3. Mediante \u00a0 respuesta emitida el 20 de mayo de 2014, el Alcalde Municipal neg\u00f3 lo \u00a0 solicitado, bajo el argumento de que para la \u00e9poca de vinculaci\u00f3n, no exist\u00eda la \u00a0 figura jur\u00eddica denominada \u201cindemnizaci\u00f3n sustitutiva de pensi\u00f3n de vejez\u201d, \u00a0 la cual fue creada por la Ley 100 de 1993. Adem\u00e1s, sostuvo que los accionantes \u00a0 nunca efectuaron aportes a pensi\u00f3n, habida cuenta que su situaci\u00f3n se encontraba \u00a0 regulada por la Ley 6ta de 1945, en concordancia con la Ley 33 de 1985. \u00a0 \u00a0<\/p>\n<p>2.4. A su \u00a0 juicio, el fundamento de la negativa contradice lo manifestado en las \u00a0 certificaciones laborales de sus poderdantes, expedidas por la Secretaria del \u00a0 Interior del municipio de San Juan de Betulia, Sucre, de las cuales es viable \u00a0 inferir que \u00e9stos s\u00ed efectuaban sus aportes a pensi\u00f3n a la caja de previsi\u00f3n \u00a0 social del municipio. \u00a0 \u00a0<\/p>\n<p>2.5. Precisa \u00a0 que los actos administrativos, por silencio administrativo negativo, negaron el \u00a0 reconocimiento de la prestaci\u00f3n contrar\u00edan lo dispuesto en los art\u00edculos 37 y \u00a0 siguientes de la Ley 100 de 1993 y propiciaron el enriquecimiento sin justa \u00a0 causa del ente territorial. \u00a0 \u00a0<\/p>\n<p>2.6. Por \u00a0 \u00faltimo, manifiesta que los poderdantes carecen de una fuente de ingresos para \u00a0 atender sus necesidades b\u00e1sicas y que al ser personas de avanzada edad se \u00a0 encuentran impedidos para laborar. \u00a0 \u00a0<\/p>\n<p>3. \u00a0 Pretensiones \u00a0 \u00a0<\/p>\n<p>Los \u00a0 demandantes pretenden que por medio de la acci\u00f3n de tutela les sean protegidos \u00a0 sus derechos fundamentales a la seguridad social, a la vida digna, a la \u00a0 igualdad, al debido proceso y al m\u00ednimo vital y, en consecuencia, se ordene a la \u00a0 entidad accionada el reconocimiento y pago de la indemnizaci\u00f3n sustitutiva de la \u00a0 pensi\u00f3n de vejez o de sobrevivientes, seg\u00fan corresponda.\u00a0 \u00a0 \u00a0<\/p>\n<p>4. \u00a0 Pruebas \u00a0 \u00a0<\/p>\n<p>Las \u00a0 pruebas que reposan en el expediente se encuentran relacionadas en el anexo 1 de \u00a0 esta providencia. \u00a0 \u00a0<\/p>\n<p>5. \u00a0 Respuesta de las entidades accionadas \u00a0 \u00a0<\/p>\n<p>Alcald\u00eda \u00a0 Municipal de San Juan de Betulia, Sucre \u00a0 \u00a0<\/p>\n<p>Dentro \u00a0 de la oportunidad procesal correspondiente, el Alcalde Municipal de San Juan de \u00a0 Betulia, Sucre, solicit\u00f3 negar el amparo pretendido por las razones que a \u00a0 continuaci\u00f3n se exponen. \u00a0 \u00a0<\/p>\n<p>En \u00a0 primer lugar, expres\u00f3 que algunos demandantes omitieron aportar el acto \u00a0 administrativo de nombramiento y posesi\u00f3n para demostrar la presunta \u00a0 vinculaci\u00f3n con la administraci\u00f3n. \u00a0 \u00a0<\/p>\n<p>Por otra \u00a0 parte, sostuvo que el municipio no es el ente encargado de \u00a0 reconocer y pagar pensiones e indemnizaciones sustitutivas, habida cuenta que \u00a0 dicha funci\u00f3n es competencia\u00a0 del ISS, actualmente, Colpensiones, o, en su \u00a0 defecto, de los fondos privados, en cuyo caso opera la devoluci\u00f3n de aportes. \u00a0 \u00a0<\/p>\n<p>Finalmente, recuerda que la tutela no es el mecanismo judicial preferente para \u00a0 exigir presuntos derechos laborales inexistentes, inexactos e inventados, raz\u00f3n \u00a0 por la cual debe ser declarada improcedente. \u00a0 \u00a0<\/p>\n<p>II. \u00a0 DECISI\u00d3N JUDICIAL QUE SE REVISA \u00a0 \u00a0<\/p>\n<p>1. \u00a0 Decisi\u00f3n de \u00fanica instancia \u00a0 \u00a0<\/p>\n<p>El asunto le fue repartido al Juzgado Promiscuo Municipal de El Roble, Sucre, \u00a0 despacho judicial que mediante providencia del 13 de agosto de 2014, concedi\u00f3 la \u00a0 medida de amparo pretendida por los demandantes pues, a su parecer, se denotaba, \u00a0 con meridiana claridad, la existencia de unos argumentos que, por su relevancia \u00a0 constitucional, ameritaban un pronunciamiento de fondo. Determinaci\u00f3n que, \u00a0 adem\u00e1s, se soport\u00f3 en los siguientes razonamientos: \u00a0 \u00a0<\/p>\n<p>En el caso no se evidencia una transgresi\u00f3n al requisito de inmediatez como \u00a0 quiera que, dicho fen\u00f3meno no es aplicable cuando se pretenda reclamar la \u00a0 indemnizaci\u00f3n sustitutiva de la pensi\u00f3n de vejez o de sobrevivientes por cuanto, \u00a0 a su juicio, \u201cdicha prestaci\u00f3n es equiparable a la pensi\u00f3n de jubilaci\u00f3n\u201d \u00a0 y con su negativa se genera una afectaci\u00f3n que se prolonga en el tiempo da\u00f1o que \u00a0 se repara solo hasta que se reconozca tal prestaci\u00f3n econ\u00f3mica. \u00a0 \u00a0<\/p>\n<p>Seg\u00fan la l\u00ednea fijada por la Corte Constitucional no son de recibo los \u00a0 argumentos alegados por la entidad territorial demandada como quiera que eso \u00a0 implicar\u00eda permitir un enriquecimiento sin causa que, adem\u00e1s, implicar\u00eda el \u00a0 empobrecimiento de los accionantes y los colocar\u00eda ante un perjuicio \u00a0 irremediable a sus prerrogativas fundamentales. \u00a0 \u00a0<\/p>\n<p>Luego, como encontr\u00f3 claro la relaci\u00f3n laboral de los demandantes y el \u00a0 cumplimiento de los requisitos legales exigidos para la consolidaci\u00f3n de las \u00a0 prestaciones econ\u00f3micas pretendidas, a excepci\u00f3n de uno, procedi\u00f3 a ordenar el \u00a0 pago de las indemnizaciones en un t\u00e9rmino no mayor a 30 d\u00edas y, aplicando para \u00a0 su liquidaci\u00f3n, la f\u00f3rmula contenida en el art\u00edculo 3\u00ba del Decreto 1730 de 2001, \u00a0 el cual prev\u00e9 que se debe liquidar de la siguiente manera: I = SBC x SC x PPC \u00a0 donde PPC equivale al 45.45% del total de la cotizaci\u00f3n efectuada. \u00a0 \u00a0<\/p>\n<p>IV.\u00a0\u00a0\u00a0 \u00a0 FUNDAMENTOS JUR\u00cdDICOS DE LA DECISI\u00d3N \u00a0 \u00a0<\/p>\n<p>1. \u00a0 Competencia \u00a0 \u00a0<\/p>\n<p>A trav\u00e9s \u00a0 de esta Sala de Revisi\u00f3n, la Corte Constitucional es competente para revisar la \u00a0 sentencia proferida por el Juzgado Promiscuo Municipal del \u00a0 Roble, Sucre, con fundamento en lo dispuesto por los art\u00edculos 86 y 241, numeral \u00a0 9\u00ba, de la Constituci\u00f3n Pol\u00edtica, en concordancia con los art\u00edculos 31 a 36 del \u00a0 Decreto 2591 de 1991. \u00a0 \u00a0<\/p>\n<p>2. \u00a0 Problema Jur\u00eddico \u00a0 \u00a0<\/p>\n<p>Corresponde a la Sala Cuarta de Revisi\u00f3n determinar, si la entidad accionada \u00a0 vulner\u00f3 los derechos fundamentales a la seguridad social, a la vida digna, a la \u00a0 igualdad, al debido proceso y al m\u00ednimo vital de los accionantes, al negarles el \u00a0 reconocimiento y pago de la indemnizaci\u00f3n sustitutiva de la pensi\u00f3n de vejez o \u00a0 de sobrevivientes, seg\u00fan el caso, con fundamento en que la vinculaci\u00f3n laboral \u00a0 tuvo lugar con anterioridad a la entrada en vigencia de la Ley 100 de 1993, la \u00a0 cual cre\u00f3 la figura en menci\u00f3n. \u00a0 \u00a0<\/p>\n<p>Antes de \u00a0 abordar el caso concreto, se realizar\u00e1 un an\u00e1lisis jurisprudencial de temas \u00a0 como: i) la procedencia excepcional del mecanismo tutelar para garantizar \u00a0 el reconocimiento y pago de acreencias pensionales. Reiteraci\u00f3n jurisprudencial \u00a0 y ii) la indemnizaci\u00f3n sustitutiva y su \u00a0 reconocimiento cuando los aportes se hubiesen efectuado antes de la entrada en \u00a0 vigencia de la Ley 100 de 1993. \u00a0 \u00a0<\/p>\n<p>4. Procedencia excepcional del mecanismo tutelar para garantizar el \u00a0 reconocimiento y pago de acreencias pensionales. Reiteraci\u00f3n jurisprudencial \u00a0 \u00a0<\/p>\n<p>En abundante jurisprudencia de este Tribunal se ha se\u00f1alado que, \u00a0 por regla general, la acci\u00f3n tuitiva es improcedente para garantizar el \u00a0 reconocimiento de derechos pensionales, dado que es viable controvertir el \u00a0 contenido de estos a trav\u00e9s de la justicia laboral ordinaria o contenciosa \u00a0 administrativa, seg\u00fan corresponda. \u00a0 \u00a0<\/p>\n<p>No obstante, el m\u00e1ximo \u00f3rgano de la jurisdicci\u00f3n constitucional ha \u00a0 advertido que la tutela es procedente cuando se ejerce como mecanismo \u00a0 transitorio con el fin de evitar la ocurrencia de un perjuicio irremediable o \u00a0 cuando el medio judicial preferente no resulte eficaz para obtener el amparo del \u00a0 derecho frente a la exigencia de una protecci\u00f3n inmediata en el caso concreto, \u00a0 es decir, de manera excepcional. \u00a0 \u00a0<\/p>\n<p>As\u00ed las cosas, es deber del juez analizar los presupuestos f\u00e1cticos \u00a0 del caso concreto, en aras de determinar si el instrumento de defensa judicial \u00a0 ordinario resulta eficaz para el amparo de las garant\u00edas fundamentales del \u00a0 accionante, puesto que ante la inminente ocurrencia de un perjuicio \u00a0 irremediable, el conflicto planteado trasciende del nivel meramente legal al \u00a0 constitucional, teniendo la acci\u00f3n de tutela la facultad de tornarse en el \u00a0 mecanismo principal de tr\u00e1mite del asunto, desplazando a la respectiva instancia \u00a0 ordinaria. \u00a0 \u00a0<\/p>\n<p>Justamente en este punto juega un papel de enorme importancia los \u00a0 presupuestos sentados por la Corte Constitucional en la Sentencia T-063 de 2013[1], para determinar i) si los mecanismos ordinarios son \u00a0 eficaces para la protecci\u00f3n de los derechos fundamentales involucrados en \u00a0 conflictos en que se pretenda el reconocimiento de acreencias pensionales y \u00a0 ii) \u00a0si permiten evaluar la gravedad, inminencia e irreparabilidad del da\u00f1o que \u00a0 podr\u00eda generarse si no se protegen por v\u00eda tutelar. Dichos presupuestos son: \u00a0 \u00a0<\/p>\n<p>\u201c(i) que se trate de una \u00a0 persona de la tercera edad, para ser considerado sujeto de especial de \u00a0 protecci\u00f3n; \u00a0 \u00a0<\/p>\n<p>(ii) que la falta de pago de la \u00a0 prestaci\u00f3n o su disminuci\u00f3n, genere un alto grado de afectaci\u00f3n de los derechos \u00a0 fundamentales, en particular, del derecho al m\u00ednimo vital; \u00a0 \u00a0<\/p>\n<p>(iii) que se haya desplegado \u00a0 cierta actividad administrativa y judicial por el interesado tendiente a obtener \u00a0 la protecci\u00f3n de sus derechos; y \u00a0 \u00a0<\/p>\n<p>En ese orden de ideas, la herramienta constitucional procede de \u00a0 manera excepcional para amparar las garant\u00edas derivadas del reconocimiento y \u00a0 pago de las prestaciones sociales, en los siguientes casos: i) cuando no \u00a0 existe otro medio de defensa judicial o, en caso de existir, el mismo no resulta \u00a0 id\u00f3neo ni eficaz para garantizar la protecci\u00f3n de los derechos fundamentales del \u00a0 peticionario, evento en el que la tutela procede como mecanismo principal y \u00a0 definitivo de defensa, ante la imposibilidad material de solicitar una \u00a0 protecci\u00f3n real y cierta por otra v\u00eda o ii) cuando esta se promueve como \u00a0 mecanismo transitorio, siempre que el demandante demuestre la existencia de un \u00a0 perjuicio irremediable, en cuyo caso la orden de protecci\u00f3n tendr\u00e1 efectos \u00a0 temporales, solo hasta el momento en que la autoridad judicial competente \u00a0 decida, de manera definitiva, el conflicto planteado. Dicho perjuicio, de \u00a0 conformidad con la jurisprudencia constitucional, debe cumplir las siguientes \u00a0 condiciones: ser inminente, es decir, que se trate de una amenaza que est\u00e1 por \u00a0 suceder prontamente; ser grave, esto es, que el da\u00f1o o menoscabo material o \u00a0 moral en el haber jur\u00eddico de la persona sea de gran intensidad; ser urgente, es \u00a0 decir, que exija la adopci\u00f3n de medidas prontas o inmediatas para conjurar la \u00a0 amenaza; ser impostergable, es decir, acreditar la necesidad de recurrir al \u00a0 amparo como mecanismo expedito y necesario para la protecci\u00f3n de los derechos \u00a0 fundamentales. \u00a0 \u00a0<\/p>\n<p>5. La \u00a0 indemnizaci\u00f3n sustitutiva y su reconocimiento cuando los aportes se hubiesen \u00a0 efectuado antes de la entrada en vigencia de la Ley 100 de 1993 \u00a0 \u00a0<\/p>\n<p>Conforme \u00a0 con el mandato superior que consagra el art\u00edculo 48[2], \u00a0 el Estado garantizar\u00e1 a todos sus habitantes el derecho y el acceso a la \u00a0 seguridad social, la cual ha sido considerada como un servicio p\u00fablico, \u00a0 obligatorio e irrenunciable. As\u00ed mismo, con fundamento en el art\u00edculo 53 de la \u00a0 Carta[3] \u00a0se deber\u00e1 asegurar, a quienes hayan consolidado su derecho pensional o tengan \u00a0 alg\u00fan derecho adquirido, su pago oportuno. \u00a0 \u00a0<\/p>\n<p>Lo \u00a0 anterior, con el fin de evitar un perjuicio irremediable al m\u00ednimo vital de las \u00a0 personas que durante el transcurso de su vida laboral han aportado al sistema \u00a0 pensional con la expectativa de que una vez cumplidos los requisitos que el \u00a0 Congreso de la Rep\u00fablica ha previsto para acceder a alguna prestaci\u00f3n econ\u00f3mica, \u00a0 puedan hacer efectivo su derecho y mantener unas condiciones de vida dignas \u00a0 tanto para ellos, como para quienes dependen econ\u00f3micamente del afiliado. \u00a0 \u00a0<\/p>\n<p>Consciente el legislador de la necesidad de garantizar un nivel \u00f3ptimo de vida a \u00a0 las personas, constituy\u00f3 una serie de prestaciones sociales para prevenir \u00a0 contingencias propias del ser humano, como la vejez, la invalidez, la viudez, \u00a0 etc., pues, son acontecimientos que podr\u00edan vulnerar los derechos fundamentales \u00a0 de los afectados si no se contare con un amparo econ\u00f3mico para confrontar los \u00a0 perjuicios, siquiera financieros, que les son ocasionados por sus \u00a0 circunstancias. \u00a0 \u00a0<\/p>\n<p>De esta \u00a0 forma, se implementaron en el sistema colombiano unas prestaciones econ\u00f3micas \u00a0 con el prop\u00f3sito de auxiliar a las personas que sufren alguna de las distintas \u00a0 calamidades mencionadas y que sino cuentan con una ayuda econ\u00f3mica para \u00a0 afrontarlas, pueden ver menguadas sus garant\u00edas constitucionales. Prestaciones \u00a0 dentro de las que se destacan la pensi\u00f3n de vejez, de sobrevivientes, de \u00a0 invalidez y la indemnizaci\u00f3n sustitutiva. \u00a0 \u00a0<\/p>\n<p>Con \u00a0 relaci\u00f3n a esta \u00faltima figura, se ha se\u00f1alado que su fin es aliviar la situaci\u00f3n \u00a0 en la que se encuentran las personas que, habiendo cumplido la edad requerida \u00a0 para pensionarse, no logran cotizar la totalidad de las semanas exigidas por la \u00a0 ley para obtener el reconocimiento pensional y por diversas razones se ven \u00a0 impedidas para continuar cotizando al sistema. \u00a0 \u00a0<\/p>\n<p>Dicha \u00a0 figura, fue reconocida inicialmente en el Sistema General de Seguridad Social en \u00a0 Pensiones previsto en la Ley 100 de 1993 y, puntualmente, en el art\u00edculo 37, el \u00a0 cual se\u00f1ala: \u00a0 \u00a0<\/p>\n<p>\u201cLas personas que habiendo cumplido la edad \u00a0 para obtener la pensi\u00f3n de vejez no hayan cotizado el m\u00ednimo de semanas \u00a0 exigidas, y declaren su imposibilidad de continuar cotizando, tendr\u00e1n derecho a \u00a0 recibir, en sustituci\u00f3n, una indemnizaci\u00f3n equivalente a un salario base de \u00a0 liquidaci\u00f3n promedio semanal multiplicado por el n\u00famero de semanas cotizadas; al \u00a0 resultado as\u00ed obtenido se le aplica el promedio ponderado de los porcentajes \u00a0 sobre los cuales haya cotizado el afiliado.\u201d \u00a0 \u00a0<\/p>\n<p>No \u00a0 obstante lo anterior, este Tribunal en la Sentencia C-624 de 2003[4], \u00a0 defini\u00f3 la indemnizaci\u00f3n sustitutiva como: \u00a0 \u00a0<\/p>\n<p>\u201c(\u2026) el derecho que le asiste a las personas que no logran acreditar los \u00a0 requisitos para obtener el reconocimiento de una pensi\u00f3n de invalidez, de vejez \u00a0 y de sobreviviente, para reclamar -en sustituci\u00f3n de dicha pensi\u00f3n- una \u00a0 indemnizaci\u00f3n equivalente a las sumas cotizadas debidamente actualizadas.\u201d \u00a0 \u00a0<\/p>\n<p>Del mismo modo, en \u00a0 la Sentencia T-080 de 2010[5], fue definida \u00a0 como: \u00a0 \u00a0<\/p>\n<p>\u201c(\u2026) una especie de ahorro que pertenece a los trabajadores por los \u00a0 aportes efectuados durante un periodo de su vida laboral, los cuales tendr\u00e1n \u00a0 derecho de recuperar ante la imposibilidad de obtener la pensi\u00f3n por no cumplir \u00a0 con todos los requisitos que exige la Ley.\u201d(Subrayado por fuera del texto \u00a0 original) \u00a0 \u00a0<\/p>\n<p>Resulta \u00a0 entonces claro para este Tribunal, que la indemnizaci\u00f3n sustitutiva constituye \u00a0 un auxilio econ\u00f3mico para todas aquellas personas que, teniendo la edad para \u00a0 pensionarse no cuentan con la cantidad de semanas m\u00ednimas requeridas para \u00a0 consolidar su derecho pensional y no tienen la posibilidad financiera de \u00a0 continuar cotizando al sistema para adquirir el estatus de pensionado. Dichas \u00a0 personas ven en esta figura legal, la posibilidad de recibir una suma de dinero \u00a0 en contraprestaci\u00f3n al tiempo aportado y en sustituci\u00f3n de la pensi\u00f3n a la que \u00a0 pretend\u00edan inicialmente acceder, indemnizaci\u00f3n que les evita la posible \u00a0 afectaci\u00f3n de sus derechos fundamentales, principalmente, al m\u00ednimo vital y a la \u00a0 vida en condiciones dignas. \u00a0 \u00a0<\/p>\n<p>Igualmente, se ha se\u00f1alado por esta Corte, que la indemnizaci\u00f3n sustitutiva es \u00a0 un derecho imprescriptible[6], \u00a0 irrenunciable[7] \u00a0y suplementario[8]. \u00a0 \u00a0<\/p>\n<p>As\u00ed las \u00a0 cosas, dicho ahorro pertenece al trabajador que efectu\u00f3 el aporte y es \u00e9l, en \u00a0 definitiva, quien tiene el derecho a gozar de los dineros, pues son fruto de su \u00a0 tiempo laborado y aportado y, por tanto, resulta inaceptable que se deniegue el \u00a0 goce de ellos, cuando se cumplen con los requisitos para su reconocimiento, \u00a0 aduciendo razones no contempladas por la ley y que lo \u00fanico que logran, es \u00a0 afectar las garant\u00edas constitucionales del interesado en la prestaci\u00f3n \u00a0 econ\u00f3mica. \u00a0 \u00a0<\/p>\n<p>De esta \u00a0 forma, no es de recibo para esta Corporaci\u00f3n, denegar el acceso y goce efectivo \u00a0 de la indemnizaci\u00f3n sustitutiva de la pensi\u00f3n de vejez, con fundamento en que \u00a0 los aportes fueron realizados con anterioridad a la entrada en vigencia de la \u00a0 Ley 100 de 1993, entre otras razones, porque: \u00a0 \u00a0<\/p>\n<p>&#8211;\u00a0\u00a0\u00a0\u00a0\u00a0\u00a0\u00a0\u00a0 \u00a0 \u00a0Si la persona no tiene consolidado su derecho bajo otro r\u00e9gimen legal diferente, \u00a0 aplicable con anterioridad a la entrada en vigencia de la Ley 100 de 1993, se le \u00a0 afectar\u00edan fuertemente sus garant\u00edas fundamentales, si no se le permite \u00a0 consolidar sus derechos bajo el nuevo r\u00e9gimen. Al respecto, la Sentencia T-792 \u00a0 de 2003[9], \u00a0 se\u00f1al\u00f3: \u00a0 \u00a0<\/p>\n<p>\u201cLas personas que ven\u00edan \u00a0 cotizando al sistema de seguridad social en pensiones bajo el imperio de normas \u00a0 precedentes, se rigen en la actualidad por las disposiciones de la Ley 100 de \u00a0 1993, salvo que antes de su entrada en vigencia estuvieran consolidados derechos \u00a0 subjetivos, respecto de los cuales, por el principio de respeto a los derechos \u00a0 adquiridos (art\u00edculo 58 de la Constituci\u00f3n Pol\u00edtica), no tienen aplicaci\u00f3n los \u00a0 preceptos introducidos por la Ley en referencia.\u201d \u00a0 \u00a0<\/p>\n<p>En esa \u00a0 medida, aquellas personas que cotizaron en vigencia de la normatividad anterior \u00a0 a la Ley 100 de 1993 y cuya situaci\u00f3n jur\u00eddica no se consolid\u00f3 respecto a las \u00a0 normas precedentes, se encuentran entonces cobijadas por lo establecido en el \u00a0 r\u00e9gimen de 1993 y, por tanto, si se retuvieren los dineros aportados con \u00a0 anterioridad a la vigencia de este \u00faltimo, se estar\u00eda incurriendo por parte de \u00a0 la entidad encargada de su administraci\u00f3n en un enriquecimiento sin causa. \u00a0 Situaci\u00f3n reconocida por este Tribunal, entre otras, en la Sentencia T-850 de \u00a0 2008[10] \u00a0y en la que se se\u00f1al\u00f3: \u00a0 \u00a0<\/p>\n<p>\u201cEl derecho a reclamar la indemnizaci\u00f3n sustitutiva de la pensi\u00f3n de vejez se \u00a0 encuentra en cabeza de aquellas personas que, independientemente de haber estado \u00a0 afiliadas al Sistema Integral de Seguridad Social en el momento de entrada en \u00a0 vigencia la Ley 100 de 1993 pero que habiendo cumplido con la edad para reclamar \u00a0 la pensi\u00f3n, no cuenten con el n\u00famero de semanas cotizadas para acceder a dicha \u00a0 prestaci\u00f3n. Adem\u00e1s las entidades de previsi\u00f3n social a las que en alg\u00fan momento \u00a0 cotiz\u00f3 el accionante, deben reconocer y pagar la indemnizaci\u00f3n so pena de que se \u00a0 incurra en un enriquecimiento sin causa\u201d. \u00a0 \u00a0<\/p>\n<p>De esta \u00a0 manera, la Sala reitera que no es aceptable que se deniegue el reconocimiento de \u00a0 una indemnizaci\u00f3n sustitutiva con fundamento en que los aportes fueron \u00a0 realizados en vigencia de otras normas precedentes y las cuales no contemplaban \u00a0 dicha figura, por cuanto estos dineros son un ahorro del trabajador y es \u00e9ste, \u00a0 quien tiene derecho a gozar de dichos recursos cuando por diversas razones no \u00a0 alcance a consolidar su derecho pensional y mal har\u00eda la entidad encargada en \u00a0 retenerlos, pues incurrir\u00eda en la conducta de enriquecimiento sin causa. \u00a0 \u00a0<\/p>\n<p>De \u00a0 acuerdo con las anteriores consideraciones, la Sala entrar\u00e1 a decidir el caso \u00a0 concreto. \u00a0 \u00a0<\/p>\n<p>CASO \u00a0 CONCRETO \u00a0 \u00a0<\/p>\n<p>Como se \u00a0 ha se\u00f1alado, el presente asunto versa sobre la negativa emanada del municipio de \u00a0 San Juan de Betulia, Sucre, respecto de la solicitud de reconocimiento y pago de \u00a0 la indemnizaci\u00f3n sustitutiva de la pensi\u00f3n de vejez y de sobrevivientes, elevada \u00a0 por los diversos accionantes, decisi\u00f3n que se fundament\u00f3 en que los aportes \u00a0 fueron realizados con anterioridad a la entrada en vigencia de la Ley 100 de \u00a0 1993, aparte normativo que en su art\u00edculo 37, cre\u00f3 la figura de indemnizaci\u00f3n \u00a0 sustitutiva. \u00a0 \u00a0<\/p>\n<p>Para la \u00a0 Sala, el presente caso se torna de gran importancia, por cuanto cautiva la \u00a0 atenci\u00f3n la manera como el juez de instancia decidi\u00f3 conceder la prestaci\u00f3n \u00a0 econ\u00f3mica a la gran mayor\u00eda de los accionantes pese a que no exist\u00eda claridad \u00a0 respecto del cumplimiento de los requisitos necesarios para el reconocimiento y \u00a0 pago de la indemnizaci\u00f3n sustitutiva. \u00a0 \u00a0<\/p>\n<p>Al \u00a0 analizar cada uno de los casos[11], \u00a0 esta Sala de Revisi\u00f3n pudo constatar que existen numerosas inconsistencias, pues \u00a0 en muy pocos de ellos se logr\u00f3 establecer con exactitud el periodo de \u00a0 vinculaci\u00f3n laboral de los accionantes con el municipio, ya que aun cuando en \u00a0 algunos de ellos se alleg\u00f3 certificaci\u00f3n expedida por la Secretar\u00eda de Gobierno \u00a0 de la Alcald\u00eda Municipal de San Juan de Betulia, Sucre, en esta se especificaba \u00a0 que al revisar los archivos no fue posible constatar la fecha de desvinculaci\u00f3n \u00a0 al no existir evidencia f\u00edsica de su culminaci\u00f3n laboral. No obstante, la \u00a0 prestaci\u00f3n se reconoci\u00f3. \u00a0 \u00a0<\/p>\n<p>Asimismo, cabe destacar que hubo casos en los que ni siquiera se prob\u00f3 \u00a0 debidamente la vinculaci\u00f3n laboral, pues el \u00fanico soporte para demostrarla \u00a0 consisti\u00f3 en declaraciones extrajuicio, en su mayor parte rendidas por los \u00a0 propios accionantes, las cuales no resultan suficientes para demostrar la \u00a0 vinculaci\u00f3n y sus extremos. \u00a0 \u00a0<\/p>\n<p>En lo \u00a0 que concierne al cumplimiento del requisito de subsidiariedad propio de la \u00a0 acci\u00f3n tuitiva, esta Sala debe aclarar que aunque los demandantes no agotaron la \u00a0 v\u00eda gubernativa, lo cierto es que tal exigencia, que, como requisito de \u00a0 procedibilidad de la tutela no es obligatoria, toda vez de conformidad con los \u00a0 lineamientos se\u00f1alados en el art\u00edculo 9\u00b0 de Decreto 2591 de 1991[12], esto \u00a0 es necesario de manera previa para acudir ante la jurisdicci\u00f3n de lo contencioso \u00a0 administrativa, m\u00e1s no para solicitar el amparo de derechos fundamentales por \u00a0 medio del mecanismo previsto en el art\u00edculo 86 Superior, pues en algunos casos \u00a0 espec\u00edficos, con el requerimiento de dicho tr\u00e1mite, se puede obstaculizar el \u00a0 acceso de las personas a obtener un amparo inmediato, pronto y eficaz ante el \u00a0 inminente da\u00f1o al que se ven expuestos. \u00a0 \u00a0<\/p>\n<p>Teniendo en cuenta las consideraciones precedentes, relativas a la procedencia \u00a0 excepcional del mecanismo tutelar para garantizar el reconocimiento y pago de \u00a0 acreencias pensionales, en el sub examine, la herramienta constitucional \u00a0 resulta procedente solamente en aquellos casos en los que los accionantes \u00a0 acrediten contar con sesenta y cinco a\u00f1os o m\u00e1s de edad[13]. De no \u00a0 ser as\u00ed, su procedencia se encontrar\u00e1 supeditada a que los accionantes \u00a0 demuestren encontrarse inmersos en un estado de vulnerabilidad que justifique las razones por las cuales el medio judicial \u00a0 ordinario es ineficaz para lograr la protecci\u00f3n inmediata de los derechos \u00a0 fundamentales presuntamente afectados, permitiendo con ello obviar el \u00a0 presupuesto de subsidiariedad. \u00a0 \u00a0<\/p>\n<p>En tal virtud y, una vez analizado cada uno de los casos, esta Sala \u00a0 decide confirmar lo decidido por el juez de tutela respecto de los siguientes \u00a0 actores: Elvia Rosa Caldera Vides, Gustavo Sol\u00f3rzano Mu\u00f1oz, Elvia Rosa P\u00e9rez de \u00a0 Tovar, Cila del Carmen Gil Ortega, Gilma Mar\u00eda Vergara de Morales y Neila Rosa \u00a0 Aguas Acosta, habida cuenta que tan solo ellos lograron acreditar con precisi\u00f3n, \u00a0 a trav\u00e9s de medios probatorios fidedignos, la vinculaci\u00f3n laboral con el \u00a0 municipio de San Juan de Betulia, Sucre, a la vez que cumplieron con el \u00a0 requisito m\u00ednimo de edad se\u00f1alado anteriormente, es decir, sesenta y cinco a\u00f1os. \u00a0 \u00a0<\/p>\n<p>IV.\u00a0\u00a0\u00a0 DECISI\u00d3N \u00a0 \u00a0<\/p>\n<p>En \u00a0 m\u00e9rito de lo expuesto, la Sala Cuarta de Revisi\u00f3n de la Corte Constitucional, \u00a0 administrando justicia en nombre del pueblo y por mandato de la Constituci\u00f3n, \u00a0 \u00a0<\/p>\n<p>RESUELVE \u00a0 \u00a0<\/p>\n<p>SEGUNDO. \u00a0 \u00a0Como consecuencia de lo anterior, se CONFIRMA la decisi\u00f3n \u00a0 proferida por el \u00a0 Juzgado Promiscuo Municipal de El Roble, Sucre, el 13 de agosto de 2014, \u00a0 respecto de los siguientes accionantes: Elvia Rosa Caldera Vides, \u00a0 Gustavo Sol\u00f3rzano Mu\u00f1oz, Elvia Rosa P\u00e9rez de Tovar, Cila del Carmen Gil Ortega, \u00a0 Gilma Mar\u00eda Vergara de Morales y Neila Rosa Aguas Acosta. \u00a0 \u00a0<\/p>\n<p>TERCERO. \u00a0 ORDENAR \u00a0al Municipio de San Juan de Betulia, Sucre, que en un plazo m\u00e1ximo de quince \u00a0 (15) d\u00edas contados a partir de la notificaci\u00f3n de este fallo reconozca la \u00a0 indemnizaci\u00f3n sustitutiva a los restantes demandantes que contando con sesenta y \u00a0 cinco a\u00f1os o m\u00e1s de edad o, en su defecto, se encuentren inmersos en un estado \u00a0 de vulnerabilidad debidamente justificado, acrediten a cabalidad el cumplimiento \u00a0 de los requisitos legales exigidos mediante pruebas fidedignas que demuestren la \u00a0 existencia y duraci\u00f3n exacta de la vinculaci\u00f3n laboral con la entidad \u00a0 territorial. \u00a0 \u00a0<\/p>\n<p>CUARTO. \u00a0 \u00a0Por Secretar\u00eda General, l\u00edbrese la comunicaci\u00f3n prevista en el art\u00edculo 36 del \u00a0 Decreto 2591 de 1991, para los efectos all\u00ed contemplados. \u00a0 \u00a0<\/p>\n<p>Notif\u00edquese, comun\u00edquese, c\u00f3piese, publ\u00edquese en la Gaceta de la Corte \u00a0 Constitucional y c\u00famplase. \u00a0 \u00a0<\/p>\n<p>GABRIEL EDUARDO MENDOZA MARTELO \u00a0 \u00a0<\/p>\n<p>Magistrado \u00a0 \u00a0<\/p>\n<p>GLORIA STELLA ORT\u00cdZ DELGADO \u00a0 \u00a0<\/p>\n<p>Magistrada \u00a0 \u00a0<\/p>\n<p>JORGE IV\u00c1N PALACIO PALACIO \u00a0 \u00a0<\/p>\n<p>Magistrado \u00a0 \u00a0<\/p>\n<p>ANDR\u00c9S MUTIS VANEGAS \u00a0 \u00a0<\/p>\n<p>Secretario General (E) \u00a0 \u00a0<\/p>\n<p>\u00a0 \u00a0 \u00a0\u00a0<\/p>\n<p>\u00a0 \u00a0 \u00a0 \u00a0\u00a0<\/p>\n<p>ACCIONANTE \u00a0 \u00a0 \u00a0 \u00a0 \u00a0 \u00a0 \u00a0 \u00a0 \u00a0 \u00a0<\/p>\n<p>CALIDAD \u00a0 \u00a0 \u00a0 \u00a0 \u00a0 \u00a0 \u00a0 \u00a0 \u00a0 \u00a0<\/p>\n<p>PODER \u00a0 \u00a0 \u00a0 \u00a0 \u00a0 \u00a0 \u00a0 \u00a0 \u00a0 \u00a0<\/p>\n<p>EDAD A LA ACTUALIDAD \u00a0 \u00a0 \u00a0 \u00a0 \u00a0 \u00a0 \u00a0 \u00a0 \u00a0 \u00a0<\/p>\n<p>VINCULACI\u00d3N LABORAL \u00a0 \u00a0 \u00a0 \u00a0 \u00a0 \u00a0 \u00a0 \u00a0 \u00a0 \u00a0<\/p>\n<p>INCAPACIDAD ECON\u00d3MICA \u00a0 \u00a0 \u00a0 \u00a0 \u00a0 \u00a0 \u00a0 \u00a0 \u00a0 \u00a0<\/p>\n<p>OTROS \u00a0\u00a0<\/p>\n<p>Ayda \u00a0\u00a0 \u00a0 \u00a0 \u00a0 \u00a0Salom\u00e9 Barrios \u00c1lvarez \u00a0 \u00a0 \u00a0 \u00a0 \u00a0 \u00a0 \u00a0 \u00a0 \u00a0 \u00a0<\/p>\n<p>A \u00a0\u00a0 \u00a0 \u00a0 \u00a0 \u00a0nombre propio. \u00a0 \u00a0 \u00a0 \u00a0 \u00a0 \u00a0 \u00a0 \u00a0 \u00a0 \u00a0<\/p>\n<p>Si. \u00a0 \u00a0<\/p>\n<p>58 \u00a0\u00a0 \u00a0 \u00a0 \u00a0 \u00a0a\u00f1os. \u00a0 \u00a0<\/p>\n<p>\u00a0 \u00a0 \u00a0 \u00a0 \u00a0 \u00a0 \u00a0 \u00a0 \u00a0 \u00a0 \u00a0<\/p>\n<p>Certificaci\u00f3n de la Secretar\u00eda de Gobierno de la Alcald\u00eda. \u00a0 \u00a0<\/p>\n<p>&#8211; \u00a0\u00a0 \u00a0 \u00a0 \u00a0 \u00a0Fecha: \u00a0 \u00a0(15\/01\/2014). \u00a0 \u00a0<\/p>\n<p>&#8211; \u00a0\u00a0 \u00a0 \u00a0 \u00a0 \u00a0Cargo: \u00a0 \u00a0Secretaria del Consejo Municipal &#8212;&#8212; \u00a0 \u00a0<\/p>\n<p>&#8211; \u00a0\u00a0 \u00a0 \u00a0 \u00a0 \u00a0Periodo: \u00a0 \u00a0(09\/11\/1982 \u2013 ?). \u00a0 \u00a0 \u00a0 \u00a0 \u00a0 \u00a0 \u00a0 \u00a0 \u00a0 \u00a0<\/p>\n<p>Declaraci\u00f3n extrajuicio. \u00a0 \u00a0<\/p>\n<p>\u00a0 \u00a0 \u00a0 \u00a0 \u00a0 \u00a0 \u00a0 \u00a0 \u00a0 \u00a0 \u00a0<\/p>\n<p>\u00a0 \u00a0\u00a0<\/p>\n<p>Ana \u00a0\u00a0 \u00a0 \u00a0 \u00a0 \u00a0Mercedes Ramos Quiroz \u00a0 \u00a0 \u00a0 \u00a0 \u00a0 \u00a0 \u00a0 \u00a0 \u00a0 \u00a0<\/p>\n<p>A \u00a0\u00a0 \u00a0 \u00a0 \u00a0 \u00a0nombre propio \u00a0 \u00a0 \u00a0 \u00a0 \u00a0 \u00a0 \u00a0 \u00a0 \u00a0 \u00a0<\/p>\n<p>Si. \u00a0 \u00a0<\/p>\n<p>\u00a0 \u00a0 \u00a0 \u00a0 \u00a0 \u00a0 \u00a0 \u00a0 \u00a0 \u00a0 \u00a0<\/p>\n<p>56 \u00a0\u00a0 \u00a0 \u00a0 \u00a0 \u00a0a\u00f1os. \u00a0 \u00a0<\/p>\n<p>\u00a0 \u00a0 \u00a0 \u00a0 \u00a0 \u00a0 \u00a0 \u00a0 \u00a0 \u00a0 \u00a0<\/p>\n<p>Certificaci\u00f3n de la Secretar\u00eda de Gobierno de la Alcald\u00eda. \u00a0 \u00a0<\/p>\n<p>&#8211; \u00a0\u00a0 \u00a0 \u00a0 \u00a0 \u00a0Fecha: \u00a0 \u00a0(10\/02\/2014). \u00a0 \u00a0<\/p>\n<p>&#8211; \u00a0\u00a0 \u00a0 \u00a0 \u00a0 \u00a0Cargo: \u00a0 \u00a0<\/p>\n<p>\u00a0\u00a0 \u00a0\u00a0 \u00a0 \u00a0 \u00a0 \u00a0\u00a0Inspectora de Villa L\u00f3pez (05\/06\/1984 \u2013 12\/12\/1985). \u00a0 \u00a0<\/p>\n<p>\u00a0\u00a0 \u00a0\u00a0 \u00a0 \u00a0 \u00a0 \u00a0Inspectora de Villa L\u00f3pez (15\/12\/1986 \u2013 03\/06\/1988). \u00a0 \u00a0 \u00a0 \u00a0 \u00a0 \u00a0 \u00a0 \u00a0 \u00a0 \u00a0<\/p>\n<p>Declaraci\u00f3n extrajuicio. \u00a0 \u00a0<\/p>\n<p>\u00a0 \u00a0 \u00a0 \u00a0 \u00a0 \u00a0 \u00a0 \u00a0 \u00a0 \u00a0 \u00a0<\/p>\n<p>\u00a0 \u00a0\u00a0<\/p>\n<p>Arnulfo Segundo de la Ossa P\u00e9rez \u00a0 \u00a0 \u00a0 \u00a0 \u00a0 \u00a0 \u00a0 \u00a0 \u00a0 \u00a0<\/p>\n<p>A \u00a0\u00a0 \u00a0 \u00a0 \u00a0 \u00a0nombre propio. \u00a0 \u00a0 \u00a0 \u00a0 \u00a0 \u00a0 \u00a0 \u00a0 \u00a0 \u00a0<\/p>\n<p>Si. \u00a0 \u00a0<\/p>\n<p>\u00a0 \u00a0 \u00a0 \u00a0 \u00a0 \u00a0 \u00a0 \u00a0 \u00a0 \u00a0 \u00a0<\/p>\n<p>60 \u00a0\u00a0 \u00a0 \u00a0 \u00a0 \u00a0a\u00f1os. \u00a0 \u00a0<\/p>\n<p>\u00a0 \u00a0 \u00a0 \u00a0 \u00a0 \u00a0 \u00a0 \u00a0 \u00a0 \u00a0 \u00a0<\/p>\n<p>Certificaci\u00f3n Alcald\u00eda. \u00a0 \u00a0<\/p>\n<p>&#8211; \u00a0\u00a0 \u00a0 \u00a0 \u00a0 \u00a0Fecha: \u00a0 \u00a010\/07\/2014. \u00a0 \u00a0<\/p>\n<p>&#8211; \u00a0\u00a0 \u00a0 \u00a0 \u00a0 \u00a0Cargo: \u00a0 \u00a0Celador del puesto de salud del corregimiento de Villa L\u00f3pez. \u00a0 \u00a0<\/p>\n<p>&#8211; \u00a0\u00a0 \u00a0 \u00a0 \u00a0 \u00a0Periodo: \u00a0 \u00a015\/02\/1982 &#8211; ?. \u00a0 \u00a0<\/p>\n<p>Declaraci\u00f3n extrajuicio. \u00a0 \u00a0<\/p>\n<p>\u00a0 \u00a0 \u00a0 \u00a0 \u00a0 \u00a0 \u00a0 \u00a0 \u00a0 \u00a0 \u00a0<\/p>\n<p>\u00a0 \u00a0\u00a0<\/p>\n<p>Elvia \u00a0\u00a0 \u00a0 \u00a0 \u00a0 \u00a0Rosa Caldera Vides \u00a0 \u00a0 \u00a0 \u00a0 \u00a0 \u00a0 \u00a0 \u00a0 \u00a0 \u00a0<\/p>\n<p>A \u00a0\u00a0 \u00a0 \u00a0 \u00a0 \u00a0nombre propio. \u00a0 \u00a0 \u00a0 \u00a0 \u00a0 \u00a0 \u00a0 \u00a0 \u00a0 \u00a0<\/p>\n<p>Si. \u00a0 \u00a0 \u00a0 \u00a0 \u00a0 \u00a0 \u00a0 \u00a0 \u00a0 \u00a0<\/p>\n<p>69 \u00a0\u00a0 \u00a0 \u00a0 \u00a0 \u00a0a\u00f1os. \u00a0 \u00a0<\/p>\n<p>\u00a0 \u00a0 \u00a0 \u00a0 \u00a0 \u00a0 \u00a0 \u00a0 \u00a0 \u00a0 \u00a0<\/p>\n<p>Certificaci\u00f3n Alcald\u00eda. \u00a0 \u00a0<\/p>\n<p>&#8211; \u00a0\u00a0 \u00a0 \u00a0 \u00a0 \u00a0Fecha: \u00a0 \u00a031\/01\/2014. \u00a0 \u00a0<\/p>\n<p>&#8211; \u00a0\u00a0 \u00a0 \u00a0 \u00a0 \u00a0Cargo: \u00a0 \u00a0Inspector de Villa L\u00f3pez. \u00a0 \u00a0<\/p>\n<p>&#8211; \u00a0\u00a0 \u00a0 \u00a0 \u00a0 \u00a0Periodo: \u00a0 \u00a008\/07\/1981 \u2013 06\/04\/1984. \u00a0 \u00a0 \u00a0 \u00a0 \u00a0 \u00a0 \u00a0 \u00a0 \u00a0 \u00a0<\/p>\n<p>Declaraci\u00f3n extrajuicio. \u00a0 \u00a0<\/p>\n<p>\u00a0 \u00a0 \u00a0 \u00a0 \u00a0 \u00a0 \u00a0 \u00a0 \u00a0 \u00a0 \u00a0<\/p>\n<p>\u00a0 \u00a0\u00a0<\/p>\n<p>Gustavo Sol\u00f3rzano Mu\u00f1oz \u00a0 \u00a0 \u00a0 \u00a0 \u00a0 \u00a0 \u00a0 \u00a0 \u00a0 \u00a0<\/p>\n<p>A \u00a0\u00a0 \u00a0 \u00a0 \u00a0 \u00a0nombre propio. \u00a0 \u00a0 \u00a0 \u00a0 \u00a0 \u00a0 \u00a0 \u00a0 \u00a0 \u00a0<\/p>\n<p>Si. \u00a0 \u00a0<\/p>\n<p>\u00a0 \u00a0 \u00a0 \u00a0 \u00a0 \u00a0 \u00a0 \u00a0 \u00a0 \u00a0 \u00a0<\/p>\n<p>72 \u00a0\u00a0 \u00a0 \u00a0 \u00a0 \u00a0a\u00f1os. \u00a0 \u00a0<\/p>\n<p>\u00a0 \u00a0 \u00a0 \u00a0 \u00a0 \u00a0 \u00a0 \u00a0 \u00a0 \u00a0 \u00a0<\/p>\n<p>Certificaci\u00f3n Alcald\u00eda. \u00a0 \u00a0<\/p>\n<p>&#8211; \u00a0\u00a0 \u00a0 \u00a0 \u00a0 \u00a0Fecha: \u00a0 \u00a007\/02\/2014. \u00a0 \u00a0<\/p>\n<p>&#8211; \u00a0\u00a0 \u00a0 \u00a0 \u00a0 \u00a0Cargo: \u00a0 \u00a0Inspector de Sabaneta. \u00a0 \u00a0<\/p>\n<p>&#8211; \u00a0\u00a0 \u00a0 \u00a0 \u00a0 \u00a0Periodo: \u00a0 \u00a019\/03\/1985 \u2013 10\/06\/1988. \u00a0 \u00a0 \u00a0 \u00a0 \u00a0 \u00a0 \u00a0 \u00a0 \u00a0 \u00a0<\/p>\n<p>Declaraci\u00f3n extrajuicio. \u00a0 \u00a0<\/p>\n<p>\u00a0 \u00a0 \u00a0 \u00a0 \u00a0 \u00a0 \u00a0 \u00a0 \u00a0 \u00a0 \u00a0<\/p>\n<p>\u00a0 \u00a0\u00a0<\/p>\n<p>Luis \u00a0\u00a0 \u00a0 \u00a0 \u00a0 \u00a0Emiro Oviedo Rivera \u00a0 \u00a0 \u00a0 \u00a0 \u00a0 \u00a0 \u00a0 \u00a0 \u00a0 \u00a0<\/p>\n<p>A \u00a0\u00a0 \u00a0 \u00a0 \u00a0 \u00a0nombre propio. \u00a0 \u00a0 \u00a0 \u00a0 \u00a0 \u00a0 \u00a0 \u00a0 \u00a0 \u00a0<\/p>\n<p>Si. \u00a0 \u00a0 \u00a0 \u00a0 \u00a0 \u00a0 \u00a0 \u00a0 \u00a0 \u00a0<\/p>\n<p>Edad \u00a0\u00a0 \u00a0 \u00a0 \u00a0 \u00a0incierta. \u00a0 \u00a0 \u00a0 \u00a0 \u00a0 \u00a0 \u00a0 \u00a0 \u00a0 \u00a0<\/p>\n<p>Certificaci\u00f3n Alcald\u00eda. \u00a0 \u00a0<\/p>\n<p>&#8211; \u00a0\u00a0 \u00a0 \u00a0 \u00a0 \u00a0Fecha: \u00a0 \u00a010\/07\/2014. \u00a0 \u00a0<\/p>\n<p>&#8211; \u00a0\u00a0 \u00a0 \u00a0 \u00a0 \u00a0Cargo: \u00a0 \u00a0Inspector de Polic\u00eda de Albania. \u00a0 \u00a0<\/p>\n<p>&#8211; \u00a0\u00a0 \u00a0 \u00a0 \u00a0 \u00a0Periodo: \u00a0 \u00a017\/08\/1979 &#8211; ?. \u00a0 \u00a0 \u00a0 \u00a0 \u00a0 \u00a0 \u00a0 \u00a0 \u00a0 \u00a0<\/p>\n<p>Declaraci\u00f3n extrajuicio. \u00a0 \u00a0<\/p>\n<p>\u00a0 \u00a0 \u00a0 \u00a0 \u00a0 \u00a0 \u00a0 \u00a0 \u00a0 \u00a0 \u00a0<\/p>\n<p>\u00a0 \u00a0\u00a0<\/p>\n<p>Omaira \u00a0\u00a0 \u00a0 \u00a0 \u00a0 \u00a0de Jes\u00fas Arrieta Gil \u00a0 \u00a0 \u00a0 \u00a0 \u00a0 \u00a0 \u00a0 \u00a0 \u00a0 \u00a0<\/p>\n<p>A \u00a0\u00a0 \u00a0 \u00a0 \u00a0 \u00a0nombre propio. \u00a0 \u00a0<\/p>\n<p>Si. \u00a0 \u00a0<\/p>\n<p>\u00a0 \u00a0 \u00a0 \u00a0 \u00a0 \u00a0 \u00a0 \u00a0 \u00a0 \u00a0 \u00a0<\/p>\n<p>64 \u00a0\u00a0 \u00a0 \u00a0 \u00a0 \u00a0a\u00f1os. \u00a0 \u00a0<\/p>\n<p>\u00a0 \u00a0 \u00a0 \u00a0 \u00a0 \u00a0 \u00a0 \u00a0 \u00a0 \u00a0 \u00a0<\/p>\n<p>Certificaci\u00f3n Alcald\u00eda. \u00a0 \u00a0<\/p>\n<p>-Fecha: \u00a0 \u00a023\/08\/2001. \u00a0 \u00a0<\/p>\n<p>-Cargos:\u00a0\u00a0\u00a0\u00a0\u00a0 \u00a0\u00a0 \u00a0 \u00a0 \u00a0 \u00a0Administradora del Centro de Nutrici\u00f3n del municipio (02\/01\/1973 \u2013 \u00a0\u00a0 \u00a0 \u00a0 \u00a0 \u00a023\/05\/1984). \u00a0 \u00a0<\/p>\n<p>Directora del Centro de Educaci\u00f3n no formal Isidro Gil de la Barrera \u00a0\u00a0 \u00a0 \u00a0 \u00a0 \u00a0(22\/01\/1996 \u2013 08\/01\/2001). \u00a0 \u00a0 \u00a0 \u00a0 \u00a0 \u00a0 \u00a0 \u00a0 \u00a0 \u00a0<\/p>\n<p>Declaraci\u00f3n extrajuicio. \u00a0 \u00a0<\/p>\n<p>\u00a0 \u00a0 \u00a0 \u00a0 \u00a0 \u00a0 \u00a0 \u00a0 \u00a0 \u00a0 \u00a0<\/p>\n<p>\u00a0 \u00a0\u00a0<\/p>\n<p>Rodrigo Jos\u00e9 Aguas Mendoza \u00a0 \u00a0 \u00a0 \u00a0 \u00a0 \u00a0 \u00a0 \u00a0 \u00a0 \u00a0<\/p>\n<p>A \u00a0\u00a0 \u00a0 \u00a0 \u00a0 \u00a0nombre propio. \u00a0 \u00a0 \u00a0 \u00a0 \u00a0 \u00a0 \u00a0 \u00a0 \u00a0 \u00a0<\/p>\n<p>Si. \u00a0 \u00a0<\/p>\n<p>\u00a0 \u00a0 \u00a0 \u00a0 \u00a0 \u00a0 \u00a0 \u00a0 \u00a0 \u00a0 \u00a0<\/p>\n<p>89 \u00a0\u00a0 \u00a0 \u00a0 \u00a0 \u00a0a\u00f1os. \u00a0 \u00a0<\/p>\n<p>\u00a0 \u00a0 \u00a0 \u00a0 \u00a0 \u00a0 \u00a0 \u00a0 \u00a0 \u00a0 \u00a0<\/p>\n<p>Certificaci\u00f3n Alcald\u00eda. \u00a0 \u00a0<\/p>\n<p>-Fecha: \u00a0 \u00a010\/07\/2014. \u00a0 \u00a0<\/p>\n<p>-Cargo: \u00a0 \u00a0Celador del puesto de salud municipal. \u00a0 \u00a0<\/p>\n<p>-Periodo: \u00a0 \u00a023\/05\/1972 &#8211; \u00a0 \u00a0 \u00a0 \u00a0 \u00a0 \u00a0 \u00a0 \u00a0 \u00a0 \u00a0<\/p>\n<p>Declaraci\u00f3n extrajuicio. \u00a0 \u00a0<\/p>\n<p>\u00a0 \u00a0 \u00a0 \u00a0 \u00a0 \u00a0 \u00a0 \u00a0 \u00a0 \u00a0 \u00a0<\/p>\n<p>Jos\u00e9 \u00a0\u00a0 \u00a0 \u00a0 \u00a0 \u00a0Rafael Gil Ortega \u00a0 \u00a0 \u00a0 \u00a0 \u00a0 \u00a0 \u00a0 \u00a0 \u00a0 \u00a0<\/p>\n<p>A \u00a0\u00a0 \u00a0 \u00a0 \u00a0 \u00a0nombre propio. \u00a0 \u00a0 \u00a0 \u00a0 \u00a0 \u00a0 \u00a0 \u00a0 \u00a0 \u00a0<\/p>\n<p>Si. \u00a0 \u00a0<\/p>\n<p>\u00a0 \u00a0 \u00a0 \u00a0 \u00a0 \u00a0 \u00a0 \u00a0 \u00a0 \u00a0 \u00a0<\/p>\n<p>84 \u00a0\u00a0 \u00a0 \u00a0 \u00a0 \u00a0a\u00f1os. \u00a0 \u00a0<\/p>\n<p>\u00a0 \u00a0 \u00a0 \u00a0 \u00a0 \u00a0 \u00a0 \u00a0 \u00a0 \u00a0 \u00a0<\/p>\n<p>\u00a0 \u00a0 \u00a0 \u00a0 \u00a0 \u00a0 \u00a0 \u00a0 \u00a0 \u00a0 \u00a0<\/p>\n<p>Declaraci\u00f3n extrajuicio. \u00a0 \u00a0<\/p>\n<p>\u00a0 \u00a0 \u00a0 \u00a0 \u00a0 \u00a0 \u00a0 \u00a0 \u00a0 \u00a0 \u00a0<\/p>\n<p>\u00a0 \u00a0\u00a0<\/p>\n<p>Sonia \u00a0\u00a0 \u00a0 \u00a0 \u00a0 \u00a0del Carmen Barrios Ochoa \u00a0 \u00a0 \u00a0 \u00a0 \u00a0 \u00a0 \u00a0 \u00a0 \u00a0 \u00a0<\/p>\n<p>A \u00a0\u00a0 \u00a0 \u00a0 \u00a0 \u00a0nombre propio. \u00a0 \u00a0 \u00a0 \u00a0 \u00a0 \u00a0 \u00a0 \u00a0 \u00a0 \u00a0<\/p>\n<p>Si. \u00a0 \u00a0<\/p>\n<p>\u00a0 \u00a0 \u00a0 \u00a0 \u00a0 \u00a0 \u00a0 \u00a0 \u00a0 \u00a0 \u00a0<\/p>\n<p>63 \u00a0\u00a0 \u00a0 \u00a0 \u00a0 \u00a0a\u00f1os. \u00a0 \u00a0<\/p>\n<p>\u00a0 \u00a0 \u00a0 \u00a0 \u00a0 \u00a0 \u00a0 \u00a0 \u00a0 \u00a0 \u00a0<\/p>\n<p>Certificaci\u00f3n Alcald\u00eda. \u00a0 \u00a0<\/p>\n<p>-Fecha: \u00a0 \u00a005\/12\/2013. \u00a0 \u00a0<\/p>\n<p>-Cargo: \u00a0 \u00a0Inspectora del corregimiento de Sabaneta. \u00a0 \u00a0<\/p>\n<p>-Periodo: \u00a0 \u00a018\/09\/1981 &#8211; ?. \u00a0 \u00a0<\/p>\n<p>\u00a0 \u00a0 \u00a0 \u00a0 \u00a0 \u00a0 \u00a0 \u00a0 \u00a0 \u00a0 \u00a0<\/p>\n<p>\u00a0 \u00a0 \u00a0 \u00a0 \u00a0 \u00a0 \u00a0 \u00a0 \u00a0 \u00a0 \u00a0<\/p>\n<p>Acta \u00a0\u00a0 \u00a0 \u00a0 \u00a0 \u00a0de posesi\u00f3n. \u00a0 \u00a0<\/p>\n<p>\u00a0 \u00a0\u00a0<\/p>\n<p>Leandro Gil Meza \u00a0 \u00a0 \u00a0 \u00a0 \u00a0 \u00a0 \u00a0 \u00a0 \u00a0 \u00a0<\/p>\n<p>A \u00a0\u00a0 \u00a0 \u00a0 \u00a0 \u00a0nombre propio. \u00a0 \u00a0 \u00a0 \u00a0 \u00a0 \u00a0 \u00a0 \u00a0 \u00a0 \u00a0<\/p>\n<p>Si. \u00a0 \u00a0<\/p>\n<p>\u00a0 \u00a0 \u00a0 \u00a0 \u00a0 \u00a0 \u00a0 \u00a0 \u00a0 \u00a0 \u00a0<\/p>\n<p>72 \u00a0\u00a0 \u00a0 \u00a0 \u00a0 \u00a0a\u00f1os. \u00a0 \u00a0<\/p>\n<p>\u00a0 \u00a0 \u00a0 \u00a0 \u00a0 \u00a0 \u00a0 \u00a0 \u00a0 \u00a0 \u00a0<\/p>\n<p>Certificaci\u00f3n Alcald\u00eda. \u00a0 \u00a0<\/p>\n<p>-Fecha: \u00a0 \u00a005\/12\/2013. \u00a0 \u00a0<\/p>\n<p>-Cargo: \u00a0 \u00a0Inspector en el corregimiento Las Cruces. \u00a0 \u00a0<\/p>\n<p>-Periodo: \u00a0 \u00a005\/06\/1973 &#8211; ?. \u00a0 \u00a0 \u00a0 \u00a0 \u00a0 \u00a0 \u00a0 \u00a0 \u00a0 \u00a0<\/p>\n<p>Declaraci\u00f3n extrajuicio. \u00a0 \u00a0<\/p>\n<p>\u00a0 \u00a0 \u00a0 \u00a0 \u00a0 \u00a0 \u00a0 \u00a0 \u00a0 \u00a0 \u00a0<\/p>\n<p>Acta \u00a0\u00a0 \u00a0 \u00a0 \u00a0 \u00a0de posesi\u00f3n. \u00a0 \u00a0<\/p>\n<p>\u00a0 \u00a0\u00a0<\/p>\n<p>Margoth Mar\u00eda Acosta Tovar \u00a0 \u00a0 \u00a0 \u00a0 \u00a0 \u00a0 \u00a0 \u00a0 \u00a0 \u00a0<\/p>\n<p>A \u00a0\u00a0 \u00a0 \u00a0 \u00a0 \u00a0nombre propio. \u00a0 \u00a0 \u00a0 \u00a0 \u00a0 \u00a0 \u00a0 \u00a0 \u00a0 \u00a0<\/p>\n<p>Si. \u00a0 \u00a0<\/p>\n<p>\u00a0 \u00a0 \u00a0 \u00a0 \u00a0 \u00a0 \u00a0 \u00a0 \u00a0 \u00a0 \u00a0<\/p>\n<p>Edad \u00a0\u00a0 \u00a0 \u00a0 \u00a0 \u00a0incierta. \u00a0 \u00a0 \u00a0 \u00a0 \u00a0 \u00a0 \u00a0 \u00a0 \u00a0 \u00a0<\/p>\n<p>Certificaci\u00f3n Alcald\u00eda: \u00a0 \u00a0<\/p>\n<p>-Fecha: \u00a0 \u00a024\/02\/2014. \u00a0 \u00a0<\/p>\n<p>-Cargo: \u00a0 \u00a0Inspectora de Polic\u00eda de Sabaneta. \u00a0 \u00a0<\/p>\n<p>-Periodo: \u00a0 \u00a012\/12\/1978 \u2013 17\/09\/1980. \u00a0 \u00a0 \u00a0 \u00a0 \u00a0 \u00a0 \u00a0 \u00a0 \u00a0 \u00a0<\/p>\n<p>Declaraci\u00f3n extrajuicio. \u00a0 \u00a0<\/p>\n<p>\u00a0 \u00a0 \u00a0 \u00a0 \u00a0 \u00a0 \u00a0 \u00a0 \u00a0 \u00a0 \u00a0<\/p>\n<p>\u00a0 \u00a0\u00a0<\/p>\n<p>Elvira \u00a0\u00a0 \u00a0 \u00a0 \u00a0 \u00a0Luz Ortega P\u00e9rez \u00a0 \u00a0 \u00a0 \u00a0 \u00a0 \u00a0 \u00a0 \u00a0 \u00a0 \u00a0<\/p>\n<p>A \u00a0\u00a0 \u00a0 \u00a0 \u00a0 \u00a0nombre propio. \u00a0 \u00a0 \u00a0 \u00a0 \u00a0 \u00a0 \u00a0 \u00a0 \u00a0 \u00a0<\/p>\n<p>\u00a0 \u00a0 \u00a0 \u00a0 \u00a0 \u00a0 \u00a0 \u00a0 \u00a0 \u00a0 \u00a0<\/p>\n<p>74 \u00a0\u00a0 \u00a0 \u00a0 \u00a0 \u00a0a\u00f1os. \u00a0 \u00a0<\/p>\n<p>\u00a0 \u00a0 \u00a0 \u00a0 \u00a0 \u00a0 \u00a0 \u00a0 \u00a0 \u00a0 \u00a0<\/p>\n<p>Certificaci\u00f3n Alcald\u00eda. \u00a0 \u00a0<\/p>\n<p>-Fecha: \u00a0 \u00a010\/01\/2014. \u00a0 \u00a0<\/p>\n<p>-Cargo: \u00a0 \u00a0Cocinera de la Polic\u00eda Nacional. \u00a0 \u00a0<\/p>\n<p>-Periodo: \u00a0 \u00a004\/06\/1992 &#8211; ?. \u00a0 \u00a0 \u00a0 \u00a0 \u00a0 \u00a0 \u00a0 \u00a0 \u00a0 \u00a0<\/p>\n<p>Declaraci\u00f3n extrajuicio. \u00a0 \u00a0<\/p>\n<p>\u00a0 \u00a0 \u00a0 \u00a0 \u00a0 \u00a0 \u00a0 \u00a0 \u00a0 \u00a0 \u00a0<\/p>\n<p>\u00a0 \u00a0\u00a0<\/p>\n<p>Antonio Jos\u00e9 Garrido Jim\u00e9nez \u00a0 \u00a0 \u00a0 \u00a0 \u00a0 \u00a0 \u00a0 \u00a0 \u00a0 \u00a0<\/p>\n<p>A \u00a0\u00a0 \u00a0 \u00a0 \u00a0 \u00a0nombre propio. \u00a0 \u00a0 \u00a0 \u00a0 \u00a0 \u00a0 \u00a0 \u00a0 \u00a0 \u00a0<\/p>\n<p>Si. \u00a0 \u00a0<\/p>\n<p>\u00a0 \u00a0 \u00a0 \u00a0 \u00a0 \u00a0 \u00a0 \u00a0 \u00a0 \u00a0 \u00a0<\/p>\n<p>68 \u00a0\u00a0 \u00a0 \u00a0 \u00a0 \u00a0a\u00f1os. \u00a0 \u00a0<\/p>\n<p>\u00a0 \u00a0 \u00a0 \u00a0 \u00a0 \u00a0 \u00a0 \u00a0 \u00a0 \u00a0 \u00a0<\/p>\n<p>\u00a0 \u00a0 \u00a0 \u00a0 \u00a0 \u00a0 \u00a0 \u00a0 \u00a0 \u00a0 \u00a0<\/p>\n<p>Declaraci\u00f3n extrajuicio. \u00a0 \u00a0<\/p>\n<p>\u00a0 \u00a0 \u00a0 \u00a0 \u00a0 \u00a0 \u00a0 \u00a0 \u00a0 \u00a0 \u00a0<\/p>\n<p>Actas \u00a0\u00a0 \u00a0 \u00a0 \u00a0 \u00a0de posesi\u00f3n: \u00a0 \u00a0<\/p>\n<p>1) \u00a0\u00a0 \u00a0 \u00a0 \u00a0 \u00a028\/09\/1981 \u00a0 \u00a0<\/p>\n<p>Cargo: \u00a0\u00a0 \u00a0 \u00a0 \u00a0 \u00a0Auditor Fiscal Municipal. \u00a0 \u00a0<\/p>\n<p>2) \u00a0\u00a0 \u00a0 \u00a0 \u00a0 \u00a004\/06\/1990 \u00a0 \u00a0<\/p>\n<p>Cargo: \u00a0\u00a0 \u00a0 \u00a0 \u00a0 \u00a0Oficial Mayor. \u00a0 \u00a0<\/p>\n<p>3) \u00a0\u00a0 \u00a0 \u00a0 \u00a0 \u00a031\/12\/1990 \u00a0 \u00a0<\/p>\n<p>Anibal \u00a0\u00a0 \u00a0 \u00a0 \u00a0 \u00a0Segundo Acosta Salcedo \u00a0 \u00a0 \u00a0 \u00a0 \u00a0 \u00a0 \u00a0 \u00a0 \u00a0 \u00a0<\/p>\n<p>A \u00a0\u00a0 \u00a0 \u00a0 \u00a0 \u00a0nombre propio. \u00a0 \u00a0 \u00a0 \u00a0 \u00a0 \u00a0 \u00a0 \u00a0 \u00a0 \u00a0<\/p>\n<p>Si. \u00a0 \u00a0<\/p>\n<p>\u00a0 \u00a0 \u00a0 \u00a0 \u00a0 \u00a0 \u00a0 \u00a0 \u00a0 \u00a0 \u00a0<\/p>\n<p>63 \u00a0\u00a0 \u00a0 \u00a0 \u00a0 \u00a0a\u00f1os. \u00a0 \u00a0<\/p>\n<p>\u00a0 \u00a0 \u00a0 \u00a0 \u00a0 \u00a0 \u00a0 \u00a0 \u00a0 \u00a0 \u00a0<\/p>\n<p>Certificaci\u00f3n Alcald\u00eda. \u00a0 \u00a0<\/p>\n<p>-Fecha: \u00a0 \u00a005\/12\/2013. \u00a0 \u00a0<\/p>\n<p>-Cargo: \u00a0 \u00a0Inspector de Polic\u00eda del Corregimiento Las Cruces. \u00a0 \u00a0<\/p>\n<p>-Periodo: \u00a0 \u00a006\/06\/1990 &#8211; ?. \u00a0 \u00a0 \u00a0 \u00a0 \u00a0 \u00a0 \u00a0 \u00a0 \u00a0 \u00a0<\/p>\n<p>Declaraci\u00f3n extrajuicio. \u00a0 \u00a0<\/p>\n<p>\u00a0 \u00a0 \u00a0 \u00a0 \u00a0 \u00a0 \u00a0 \u00a0 \u00a0 \u00a0 \u00a0<\/p>\n<p>Acta \u00a0\u00a0 \u00a0 \u00a0 \u00a0 \u00a0de posesi\u00f3n \u00a0 \u00a0<\/p>\n<p>\u00a0 \u00a0\u00a0<\/p>\n<p>Cristina Ermet Angulo Acosta \u00a0 \u00a0 \u00a0 \u00a0 \u00a0 \u00a0 \u00a0 \u00a0 \u00a0 \u00a0<\/p>\n<p>A \u00a0\u00a0 \u00a0 \u00a0 \u00a0 \u00a0nombre propio. \u00a0 \u00a0 \u00a0 \u00a0 \u00a0 \u00a0 \u00a0 \u00a0 \u00a0 \u00a0<\/p>\n<p>Si. \u00a0 \u00a0<\/p>\n<p>\u00a0 \u00a0 \u00a0 \u00a0 \u00a0 \u00a0 \u00a0 \u00a0 \u00a0 \u00a0 \u00a0<\/p>\n<p>60 \u00a0\u00a0 \u00a0 \u00a0 \u00a0 \u00a0a\u00f1os. \u00a0 \u00a0<\/p>\n<p>\u00a0 \u00a0 \u00a0 \u00a0 \u00a0 \u00a0 \u00a0 \u00a0 \u00a0 \u00a0 \u00a0<\/p>\n<p>\u00a0 \u00a0 \u00a0 \u00a0 \u00a0 \u00a0 \u00a0 \u00a0 \u00a0 \u00a0 \u00a0<\/p>\n<p>Declaraci\u00f3n extrajuicio. \u00a0 \u00a0<\/p>\n<p>\u00a0 \u00a0 \u00a0 \u00a0 \u00a0 \u00a0 \u00a0 \u00a0 \u00a0 \u00a0 \u00a0<\/p>\n<p>\u00a0 \u00a0\u00a0<\/p>\n<p>Edilberto Daniel Baldovino \u00c1lvarez \u00a0 \u00a0 \u00a0 \u00a0 \u00a0 \u00a0 \u00a0 \u00a0 \u00a0 \u00a0<\/p>\n<p>A \u00a0\u00a0 \u00a0 \u00a0 \u00a0 \u00a0nombre propio. \u00a0 \u00a0 \u00a0 \u00a0 \u00a0 \u00a0 \u00a0 \u00a0 \u00a0 \u00a0<\/p>\n<p>Si. \u00a0 \u00a0 \u00a0 \u00a0 \u00a0 \u00a0 \u00a0 \u00a0 \u00a0 \u00a0<\/p>\n<p>60 \u00a0\u00a0 \u00a0 \u00a0 \u00a0 \u00a0a\u00f1os. \u00a0 \u00a0<\/p>\n<p>\u00a0 \u00a0 \u00a0 \u00a0 \u00a0 \u00a0 \u00a0 \u00a0 \u00a0 \u00a0 \u00a0<\/p>\n<p>Certificaci\u00f3n Alcald\u00eda. \u00a0 \u00a0<\/p>\n<p>-Fecha: \u00a0\u00a0 \u00a0 \u00a0 \u00a0 \u00a015\/01\/2014. \u00a0 \u00a0<\/p>\n<p>-Cargo: \u00a0 \u00a0Celador n el centro de salud Loma Alta. \u00a0 \u00a0<\/p>\n<p>-Periodo: \u00a0 \u00a005\/06\/1990 &#8211; ?. \u00a0 \u00a0<\/p>\n<p>\u00a0 \u00a0 \u00a0 \u00a0 \u00a0 \u00a0 \u00a0 \u00a0 \u00a0 \u00a0 \u00a0<\/p>\n<p>Declaraci\u00f3n extrajuicio. \u00a0 \u00a0<\/p>\n<p>\u00a0 \u00a0\u00a0<\/p>\n<p>Lucy \u00a0\u00a0 \u00a0 \u00a0 \u00a0 \u00a0del Carmen Acosta Acosta \u00a0 \u00a0 \u00a0 \u00a0 \u00a0 \u00a0 \u00a0 \u00a0 \u00a0 \u00a0<\/p>\n<p>A \u00a0\u00a0 \u00a0 \u00a0 \u00a0 \u00a0nombre propio. \u00a0 \u00a0 \u00a0 \u00a0 \u00a0 \u00a0 \u00a0 \u00a0 \u00a0 \u00a0<\/p>\n<p>Si. \u00a0 \u00a0<\/p>\n<p>10\/10\/2013. \u00a0 \u00a0<\/p>\n<p>\u00a0 \u00a0 \u00a0 \u00a0 \u00a0 \u00a0 \u00a0 \u00a0 \u00a0 \u00a0 \u00a0<\/p>\n<p>58 \u00a0\u00a0 \u00a0 \u00a0 \u00a0 \u00a0a\u00f1os. \u00a0 \u00a0<\/p>\n<p>\u00a0 \u00a0 \u00a0 \u00a0 \u00a0 \u00a0 \u00a0 \u00a0 \u00a0 \u00a0 \u00a0<\/p>\n<p>\u00a0 \u00a0 \u00a0 \u00a0 \u00a0 \u00a0 \u00a0 \u00a0 \u00a0 \u00a0 \u00a0<\/p>\n<p>Declaraci\u00f3n extrajuicio. \u00a0 \u00a0 \u00a0 \u00a0 \u00a0 \u00a0 \u00a0 \u00a0 \u00a0 \u00a0<\/p>\n<p>\u00a0 \u00a0\u00a0<\/p>\n<p>Julio \u00a0\u00a0 \u00a0 \u00a0 \u00a0 \u00a0Quiroz Ortega \u00a0 \u00a0 \u00a0 \u00a0 \u00a0 \u00a0 \u00a0 \u00a0 \u00a0 \u00a0<\/p>\n<p>A \u00a0\u00a0 \u00a0 \u00a0 \u00a0 \u00a0nombre propio. \u00a0 \u00a0 \u00a0 \u00a0 \u00a0 \u00a0 \u00a0 \u00a0 \u00a0 \u00a0<\/p>\n<p>Si. \u00a0 \u00a0<\/p>\n<p>\u00a0 \u00a0 \u00a0 \u00a0 \u00a0 \u00a0 \u00a0 \u00a0 \u00a0 \u00a0 \u00a0<\/p>\n<p>76 \u00a0\u00a0 \u00a0 \u00a0 \u00a0 \u00a0a\u00f1os. \u00a0 \u00a0<\/p>\n<p>\u00a0 \u00a0 \u00a0 \u00a0 \u00a0 \u00a0 \u00a0 \u00a0 \u00a0 \u00a0 \u00a0<\/p>\n<p>\u00a0 \u00a0 \u00a0 \u00a0 \u00a0 \u00a0 \u00a0 \u00a0 \u00a0 \u00a0 \u00a0<\/p>\n<p>Acta \u00a0\u00a0 \u00a0 \u00a0 \u00a0 \u00a0de declaraci\u00f3n juramentada con fines procesales. \u00a0 \u00a0 \u00a0 \u00a0 \u00a0 \u00a0 \u00a0 \u00a0 \u00a0 \u00a0<\/p>\n<p>\u00a0 \u00a0\u00a0<\/p>\n<p>Cesar \u00a0\u00a0 \u00a0 \u00a0 \u00a0 \u00a0Antonio Vergara Paternina \u00a0 \u00a0 \u00a0 \u00a0 \u00a0 \u00a0 \u00a0 \u00a0 \u00a0 \u00a0<\/p>\n<p>A \u00a0\u00a0 \u00a0 \u00a0 \u00a0 \u00a0nombre propio. \u00a0 \u00a0 \u00a0 \u00a0 \u00a0 \u00a0 \u00a0 \u00a0 \u00a0 \u00a0<\/p>\n<p>Si. \u00a0 \u00a0 \u00a0 \u00a0 \u00a0 \u00a0 \u00a0 \u00a0 \u00a0 \u00a0<\/p>\n<p>63 \u00a0\u00a0 \u00a0 \u00a0 \u00a0 \u00a0a\u00f1os. \u00a0 \u00a0<\/p>\n<p>\u00a0 \u00a0 \u00a0 \u00a0 \u00a0 \u00a0 \u00a0 \u00a0 \u00a0 \u00a0 \u00a0<\/p>\n<p>Certificaci\u00f3n Alcald\u00eda. \u00a0 \u00a0<\/p>\n<p>-Fecha: \u00a0 \u00a015\/01\/2014. \u00a0 \u00a0<\/p>\n<p>-Cargo: \u00a0 \u00a0Digitador. \u00a0 \u00a0<\/p>\n<p>-Periodo: \u00a0 \u00a024\/08\/1976 &#8211; ?. \u00a0 \u00a0 \u00a0 \u00a0 \u00a0 \u00a0 \u00a0 \u00a0 \u00a0 \u00a0<\/p>\n<p>Actas \u00a0\u00a0 \u00a0 \u00a0 \u00a0 \u00a0de declaraci\u00f3n extrajuicio \u00a0 \u00a0<\/p>\n<p>\u00a0 \u00a0 \u00a0 \u00a0 \u00a0 \u00a0 \u00a0 \u00a0 \u00a0 \u00a0 \u00a0<\/p>\n<p>\u00a0 \u00a0\u00a0<\/p>\n<p>Cenaida Rosa Moreno de Herazo \u00a0 \u00a0 \u00a0 \u00a0 \u00a0 \u00a0 \u00a0 \u00a0 \u00a0 \u00a0<\/p>\n<p>Beneficiaria de Antonio Julio Rom\u00e1n Arrieta. \u00a0 \u00a0<\/p>\n<p>Parentesco: Compa\u00f1era permanente. \u00a0 \u00a0 \u00a0 \u00a0 \u00a0 \u00a0 \u00a0 \u00a0 \u00a0 \u00a0<\/p>\n<p>Si. \u00a0 \u00a0 \u00a0 \u00a0 \u00a0 \u00a0 \u00a0 \u00a0 \u00a0 \u00a0<\/p>\n<p>Edad \u00a0\u00a0 \u00a0 \u00a0 \u00a0 \u00a0beneficiaria: 68 a\u00f1os. \u00a0 \u00a0<\/p>\n<p>\u00a0 \u00a0 \u00a0 \u00a0 \u00a0 \u00a0 \u00a0 \u00a0 \u00a0 \u00a0 \u00a0<\/p>\n<p>Certificaci\u00f3n Alcald\u00eda \u00a0 \u00a0<\/p>\n<p>-Fecha: \u00a0 \u00a015\/01\/2014. \u00a0 \u00a0<\/p>\n<p>-Cargo: \u00a0 \u00a0Inspector de polic\u00eda del corregimiento de Albania. \u00a0 \u00a0<\/p>\n<p>-Periodo: \u00a0 \u00a012\/08\/1976 &#8211; ?. \u00a0 \u00a0 \u00a0 \u00a0 \u00a0 \u00a0 \u00a0 \u00a0 \u00a0 \u00a0<\/p>\n<p>Declaraci\u00f3n extrajuicio \u00a0 \u00a0<\/p>\n<p>-Registro de defunci\u00f3n: \u00a0\u00a0<\/p>\n<p>Elvia \u00a0\u00a0 \u00a0 \u00a0 \u00a0 \u00a0Rosa P\u00e9rez de Tovar \u00a0 \u00a0 \u00a0 \u00a0 \u00a0 \u00a0 \u00a0 \u00a0 \u00a0 \u00a0<\/p>\n<p>Beneficiaria de Carmelo de Jes\u00fas Tovar Ascencio Parentesco: C\u00f3nyuge. \u00a0 \u00a0 \u00a0 \u00a0 \u00a0 \u00a0 \u00a0 \u00a0 \u00a0 \u00a0<\/p>\n<p>Si. \u00a0 \u00a0<\/p>\n<p>\u00a0 \u00a0 \u00a0 \u00a0 \u00a0 \u00a0 \u00a0 \u00a0 \u00a0 \u00a0 \u00a0<\/p>\n<p>Edad \u00a0\u00a0 \u00a0 \u00a0 \u00a0 \u00a0beneficiaria: 74 a\u00f1os. \u00a0 \u00a0<\/p>\n<p>\u00a0 \u00a0 \u00a0 \u00a0 \u00a0 \u00a0 \u00a0 \u00a0 \u00a0 \u00a0 \u00a0<\/p>\n<p>Certificaci\u00f3n Alcald\u00eda \u00a0 \u00a0<\/p>\n<p>-Fecha: 09\/01\/2014. \u00a0 \u00a0<\/p>\n<p>-Cargo: Operador del pozo No. 18. \u00a0 \u00a0<\/p>\n<p>-Periodo: 09\/06\/1992 hasta 01\/04\/1994. \u00a0 \u00a0<\/p>\n<p>\u00a0 \u00a0 \u00a0 \u00a0 \u00a0 \u00a0 \u00a0 \u00a0 \u00a0 \u00a0 \u00a0<\/p>\n<p>\u00a0 \u00a0 \u00a0 \u00a0 \u00a0 \u00a0 \u00a0 \u00a0 \u00a0 \u00a0 \u00a0<\/p>\n<p>Partida de matrimonio. \u00a0 \u00a0<\/p>\n<p>\u00a0 \u00a0\u00a0<\/p>\n<p>Cila \u00a0\u00a0 \u00a0 \u00a0 \u00a0 \u00a0del Carmen Gil Ortega \u00a0 \u00a0 \u00a0 \u00a0 \u00a0 \u00a0 \u00a0 \u00a0 \u00a0 \u00a0<\/p>\n<p>Beneficiaria de Laureano de Jes\u00fas G\u00f3mez Acosta. \u00a0 \u00a0<\/p>\n<p>Parentesco: C\u00f3nyuge. \u00a0 \u00a0 \u00a0 \u00a0 \u00a0 \u00a0 \u00a0 \u00a0 \u00a0 \u00a0<\/p>\n<p>Si. \u00a0 \u00a0<\/p>\n<p>\u00a0 \u00a0 \u00a0 \u00a0 \u00a0 \u00a0 \u00a0 \u00a0 \u00a0 \u00a0 \u00a0<\/p>\n<p>-Edad \u00a0\u00a0 \u00a0 \u00a0 \u00a0 \u00a0beneficiaria: 66 a\u00f1os. \u00a0 \u00a0<\/p>\n<p>Certificaci\u00f3n alcald\u00eda. \u00a0 \u00a0<\/p>\n<p>-Fecha: \u00a0 \u00a028\/01\/2014. \u00a0 \u00a0<\/p>\n<p>-Cargo: \u00a0 \u00a0Auditor municipal. \u00a0 \u00a0<\/p>\n<p>-Periodo: \u00a0 \u00a019\/01\/1979 hasta 28\/09\/1981. \u00a0 \u00a0 \u00a0 \u00a0 \u00a0 \u00a0 \u00a0 \u00a0 \u00a0 \u00a0<\/p>\n<p>Declaraci\u00f3n extrajuicio. \u00a0 \u00a0<\/p>\n<p>\u00a0 \u00a0 \u00a0 \u00a0 \u00a0 \u00a0 \u00a0 \u00a0 \u00a0 \u00a0 \u00a0<\/p>\n<p>-Registro civil de defunci\u00f3n. \u00a0 \u00a0<\/p>\n<p>-Partida de matrimonio. \u00a0 \u00a0<\/p>\n<p>-Registro civil de nacimiento de la beneficiaria. \u00a0\u00a0<\/p>\n<p>Gilma \u00a0\u00a0 \u00a0 \u00a0 \u00a0 \u00a0Mar\u00eda Vergara de Morales \u00a0 \u00a0<\/p>\n<p>\u00a0 \u00a0 \u00a0 \u00a0 \u00a0 \u00a0 \u00a0 \u00a0 \u00a0 \u00a0 \u00a0<\/p>\n<p>Beneficiaria de Eliecer Morales Sierra. \u00a0 \u00a0<\/p>\n<p>Parentesco: C\u00f3nyuge. \u00a0 \u00a0 \u00a0 \u00a0 \u00a0 \u00a0 \u00a0 \u00a0 \u00a0 \u00a0<\/p>\n<p>Si. \u00a0 \u00a0 \u00a0 \u00a0 \u00a0 \u00a0 \u00a0 \u00a0 \u00a0 \u00a0<\/p>\n<p>Edad \u00a0\u00a0 \u00a0 \u00a0 \u00a0 \u00a0beneficiaria:78 a\u00f1os. \u00a0 \u00a0<\/p>\n<p>\u00a0 \u00a0 \u00a0 \u00a0 \u00a0 \u00a0 \u00a0 \u00a0 \u00a0 \u00a0 \u00a0<\/p>\n<p>Certificaci\u00f3n Alcald\u00eda. \u00a0 \u00a0<\/p>\n<p>-Fecha: \u00a0 \u00a024\/02\/2014. \u00a0 \u00a0<\/p>\n<p>-Cargo: \u00a0 \u00a0Celador en el puesto de salud de Villa L\u00f3pez. \u00a0 \u00a0<\/p>\n<p>-Periodo: \u00a0 \u00a011\/06\/1990 \u2013 15\/02\/1993. \u00a0 \u00a0<\/p>\n<p>\u00a0 \u00a0 \u00a0 \u00a0 \u00a0 \u00a0 \u00a0 \u00a0 \u00a0 \u00a0 \u00a0<\/p>\n<p>Declaraciones extrajuicio. \u00a0 \u00a0<\/p>\n<p>\u00a0 \u00a0 \u00a0 \u00a0 \u00a0 \u00a0 \u00a0 \u00a0 \u00a0 \u00a0 \u00a0<\/p>\n<p>-Registro de defunci\u00f3n. \u00a0 \u00a0<\/p>\n<p>\u00a0 \u00a0\u00a0<\/p>\n<p>Lesme \u00a0\u00a0 \u00a0 \u00a0 \u00a0 \u00a0Diomar Acosta Tovar \u00a0 \u00a0 \u00a0 \u00a0 \u00a0 \u00a0 \u00a0 \u00a0 \u00a0 \u00a0<\/p>\n<p>Beneficiario de Tercero Acosta Tovar. \u00a0 \u00a0<\/p>\n<p>Parentesco: Hijo.\u00a0 \u00a0 \u00a0 \u00a0 \u00a0 \u00a0 \u00a0 \u00a0 \u00a0 \u00a0 \u00a0<\/p>\n<p>Si. \u00a0 \u00a0 \u00a0 \u00a0 \u00a0 \u00a0 \u00a0 \u00a0 \u00a0 \u00a0<\/p>\n<p>Edad \u00a0\u00a0 \u00a0 \u00a0 \u00a0 \u00a0beneficiario: Indeterminada. \u00a0 \u00a0 \u00a0 \u00a0 \u00a0 \u00a0 \u00a0 \u00a0 \u00a0 \u00a0<\/p>\n<p>Certificaci\u00f3n Alcald\u00eda. \u00a0 \u00a0<\/p>\n<p>-Fecha: \u00a0 \u00a028\/02\/2014. \u00a0 \u00a0<\/p>\n<p>-Cargos \u00a0\u00a0 \u00a0 \u00a0 \u00a0 \u00a0y periodos: \u00a0 \u00a0<\/p>\n<p>\u00a0\u00a0\u00a0\u00a0\u00a0\u00a0\u00a0\u00a0\u00a0 \u00a0\u00a0 \u00a0 \u00a0 \u00a0 \u00a0Inspector de Polic\u00eda de Sabaneta (29\/11\/1974 hasta 26\/08\/1975. \u00a0 \u00a0<\/p>\n<p>\u00a0\u00a0\u00a0\u00a0\u00a0\u00a0\u00a0\u00a0 \u00a0\u00a0 \u00a0 \u00a0 \u00a0 \u00a0Inspector de polic\u00eda de Sabaneta (17\/09\/1980 hasta 29\/10\/1980). \u00a0 \u00a0<\/p>\n<p>\u00a0\u00a0\u00a0\u00a0\u00a0\u00a0\u00a0 \u00a0\u00a0 \u00a0 \u00a0 \u00a0 \u00a0Inspector de polic\u00eda de Sabaneta (16\/09\/1981 hasta 19\/03\/1985) \u00a0 \u00a0 \u00a0 \u00a0 \u00a0 \u00a0 \u00a0 \u00a0 \u00a0 \u00a0<\/p>\n<p>\u00a0 \u00a0 \u00a0 \u00a0 \u00a0 \u00a0 \u00a0 \u00a0 \u00a0 \u00a0 \u00a0<\/p>\n<p>Certificado de defunci\u00f3n.. \u00a0\u00a0<\/p>\n<p>Mar\u00eda \u00a0\u00a0 \u00a0 \u00a0 \u00a0 \u00a0Lourdes Ortega P\u00e1jaro \u00a0 \u00a0 \u00a0 \u00a0 \u00a0 \u00a0 \u00a0 \u00a0 \u00a0 \u00a0<\/p>\n<p>Beneficiaria de Rafael Mar\u00eda Ortega Gil. \u00a0 \u00a0<\/p>\n<p>Parentesco: Hija. \u00a0 \u00a0 \u00a0 \u00a0 \u00a0 \u00a0 \u00a0 \u00a0 \u00a0 \u00a0<\/p>\n<p>Si. \u00a0 \u00a0 \u00a0 \u00a0 \u00a0 \u00a0 \u00a0 \u00a0 \u00a0 \u00a0<\/p>\n<p>Edad \u00a0\u00a0 \u00a0 \u00a0 \u00a0 \u00a0de la beneficiaria: 54 a\u00f1os. \u00a0 \u00a0<\/p>\n<p>\u00a0 \u00a0 \u00a0 \u00a0 \u00a0 \u00a0 \u00a0 \u00a0 \u00a0 \u00a0 \u00a0<\/p>\n<p>\u00a0 \u00a0 \u00a0 \u00a0 \u00a0 \u00a0 \u00a0 \u00a0 \u00a0 \u00a0 \u00a0<\/p>\n<p>\u00a0 \u00a0 \u00a0 \u00a0 \u00a0 \u00a0 \u00a0 \u00a0 \u00a0 \u00a0 \u00a0<\/p>\n<p>Certificado de defunci\u00f3n. Certificado de nacimiento de la beneficiaria. \u00a0\u00a0<\/p>\n<p>Neila \u00a0\u00a0 \u00a0 \u00a0 \u00a0 \u00a0Rosa Aguas Acosta \u00a0 \u00a0 \u00a0 \u00a0 \u00a0 \u00a0 \u00a0 \u00a0 \u00a0 \u00a0<\/p>\n<p>Beneficiaria de Pedro Eminiano Mu\u00f1oz Acosta. \u00a0 \u00a0<\/p>\n<p>Parenteso: C\u00f3nyuge. \u00a0 \u00a0 \u00a0 \u00a0 \u00a0 \u00a0 \u00a0 \u00a0 \u00a0 \u00a0<\/p>\n<p>Si. \u00a0 \u00a0<\/p>\n<p>\u00a0 \u00a0 \u00a0 \u00a0 \u00a0 \u00a0 \u00a0 \u00a0 \u00a0 \u00a0 \u00a0<\/p>\n<p>Edad \u00a0\u00a0 \u00a0 \u00a0 \u00a0 \u00a0de la beneficiaria: 65 a\u00f1os. \u00a0 \u00a0 \u00a0 \u00a0 \u00a0 \u00a0 \u00a0 \u00a0 \u00a0 \u00a0<\/p>\n<p>Certificaci\u00f3n Alcald\u00eda. \u00a0 \u00a0<\/p>\n<p>-Fecha: \u00a0 \u00a0<\/p>\n<p>-Cargo: \u00a0 \u00a0Inspector de polic\u00eda. \u00a0 \u00a0<\/p>\n<p>-Periodo: \u00a0 \u00a002\/11\/1989 \u2013 05\/06\/1990. \u00a0 \u00a0<\/p>\n<p>\u00a0 \u00a0 \u00a0 \u00a0 \u00a0 \u00a0 \u00a0 \u00a0 \u00a0 \u00a0 \u00a0<\/p>\n<p>Declaraci\u00f3n extrajuicio. \u00a0 \u00a0<\/p>\n<p>\u00a0 \u00a0 \u00a0 \u00a0 \u00a0 \u00a0 \u00a0 \u00a0 \u00a0 \u00a0 \u00a0<\/p>\n<p>-Registro civil de defunci\u00f3n. &#8211;Partida de matrimonio. \u00a0\u00a0<\/p>\n<p>Teresa \u00a0\u00a0 \u00a0 \u00a0 \u00a0 \u00a0del Socorro Buelvas Severiche \u00a0 \u00a0 \u00a0 \u00a0 \u00a0 \u00a0 \u00a0 \u00a0 \u00a0 \u00a0<\/p>\n<p>Beneficiara de Rafael Enrique Gil Gil. \u00a0 \u00a0<\/p>\n<p>Parentesco: Compa\u00f1era permanente. \u00a0 \u00a0 \u00a0 \u00a0 \u00a0 \u00a0 \u00a0 \u00a0 \u00a0 \u00a0<\/p>\n<p>Si. \u00a0 \u00a0<\/p>\n<p>\u00a0 \u00a0 \u00a0 \u00a0 \u00a0 \u00a0 \u00a0 \u00a0 \u00a0 \u00a0 \u00a0<\/p>\n<p>Edad \u00a0\u00a0 \u00a0 \u00a0 \u00a0 \u00a0de la beneficiaria: 50 a\u00f1os. \u00a0 \u00a0 \u00a0 \u00a0 \u00a0 \u00a0 \u00a0 \u00a0 \u00a0 \u00a0<\/p>\n<p>Certificaci\u00f3n Alcald\u00eda. \u00a0 \u00a0<\/p>\n<p>-Fecha: \u00a0 \u00a010\/01\/2014. \u00a0 \u00a0<\/p>\n<p>-Cargo: \u00a0 \u00a0 \u00a0 \u00a0 \u00a0 \u00a0 \u00a0\u00a0Tesorero municipal. \u00a0 \u00a0<\/p>\n<p>-Periodo: \u00a0 \u00a016\/06\/1968 \u2013 09\/07\/1990 \u00a0 \u00a0 \u00a0 \u00a0 \u00a0 \u00a0 \u00a0 \u00a0 \u00a0 \u00a0<\/p>\n<p>Declaraci\u00f3n extrajuicio. \u00a0 \u00a0<\/p>\n<p>\u00a0 \u00a0 \u00a0 \u00a0 \u00a0 \u00a0 \u00a0 \u00a0 \u00a0 \u00a0 \u00a0<\/p>\n<p>-Registro civil de defunci\u00f3n.&#8212;Registro de matrimonio. \u00a0\u00a0<\/p>\n<p>Yonis \u00a0\u00a0 \u00a0 \u00a0 \u00a0 \u00a0Fernando Quiroz \u00a0 \u00a0 \u00a0 \u00a0 \u00a0 \u00a0 \u00a0 \u00a0 \u00a0 \u00a0<\/p>\n<p>Beneficiario de Ricardo Manuel Quiroz Herazo. \u00a0 \u00a0<\/p>\n<p>Parentesco: Padre. \u00a0 \u00a0 \u00a0 \u00a0 \u00a0 \u00a0 \u00a0 \u00a0 \u00a0 \u00a0<\/p>\n<p>Si. \u00a0 \u00a0<\/p>\n<p>\u00a0 \u00a0 \u00a0 \u00a0 \u00a0 \u00a0 \u00a0 \u00a0 \u00a0 \u00a0 \u00a0<\/p>\n<p>Edad \u00a0\u00a0 \u00a0 \u00a0 \u00a0 \u00a0del beneficiario: 49 a\u00f1os. \u00a0 \u00a0 \u00a0 \u00a0 \u00a0 \u00a0 \u00a0 \u00a0 \u00a0 \u00a0<\/p>\n<p>Certificaci\u00f3n Alcald\u00eda. \u00a0 \u00a0<\/p>\n<p>-Fecha: \u00a0 \u00a003\/03\/2014. \u00a0 \u00a0<\/p>\n<p>-Cargo: \u00a0 \u00a0Inspector de polic\u00eda. \u00a0 \u00a0<\/p>\n<p>-Periodo: \u00a0 \u00a003\/06\/1988 \u2013 07\/06\/1990. \u00a0 \u00a0 \u00a0 \u00a0 \u00a0 \u00a0 \u00a0 \u00a0 \u00a0 \u00a0<\/p>\n<p>Declaraci\u00f3n extrajuicio. \u00a0 \u00a0<\/p>\n<p>\u00a0 \u00a0 \u00a0 \u00a0 \u00a0 \u00a0 \u00a0 \u00a0 \u00a0 \u00a0 \u00a0<\/p>\n<p>Biqui \u00a0\u00a0 \u00a0 \u00a0 \u00a0 \u00a0Roci\u00f3 Ortega Tovio \u00a0 \u00a0 \u00a0 \u00a0 \u00a0 \u00a0 \u00a0 \u00a0 \u00a0 \u00a0<\/p>\n<p>Beneficiaria de Oswaldo Segundo Ortega Ortega. \u00a0 \u00a0<\/p>\n<p>Parentesco: Padre. \u00a0 \u00a0 \u00a0 \u00a0 \u00a0 \u00a0 \u00a0 \u00a0 \u00a0 \u00a0<\/p>\n<p>Si. \u00a0 \u00a0<\/p>\n<p>\u00a0 \u00a0 \u00a0 \u00a0 \u00a0 \u00a0 \u00a0 \u00a0 \u00a0 \u00a0 \u00a0<\/p>\n<p>Edad \u00a0\u00a0 \u00a0 \u00a0 \u00a0 \u00a0del beneficiario: 48 a\u00f1os. \u00a0 \u00a0 \u00a0 \u00a0 \u00a0 \u00a0 \u00a0 \u00a0 \u00a0 \u00a0<\/p>\n<p>Certificaci\u00f3n Alcald\u00eda. \u00a0 \u00a0<\/p>\n<p>-Fecha: \u00a0 \u00a020\/01\/2014. \u00a0 \u00a0<\/p>\n<p>-Cargo: \u00a0 \u00a0Personero municipal. \u00a0 \u00a0<\/p>\n<p>-Periodo: \u00a0 \u00a003\/01\/1983 \u2013 02\/01\/1984. \u00a0 \u00a0 \u00a0 \u00a0 \u00a0 \u00a0 \u00a0 \u00a0 \u00a0 \u00a0<\/p>\n<p>Declaraci\u00f3n extrajuicio. \u00a0 \u00a0<\/p>\n<p>\u00a0 \u00a0 \u00a0 \u00a0 \u00a0 \u00a0 \u00a0 \u00a0 \u00a0 \u00a0 \u00a0<\/p>\n<p>-Registro civil de nacimiento de la beneficiaria. \u00a0 \u00a0<\/p>\n<p>-Registro civil de defunci\u00f3n. \u00a0\u00a0<\/p>\n<p>Diocelina Acosta \u00a0 \u00a0 \u00a0 \u00a0 \u00a0 \u00a0 \u00a0 \u00a0 \u00a0 \u00a0<\/p>\n<p>Beneficiaria de Rafael Augusto Ortega. \u00a0 \u00a0<\/p>\n<p>Parentesco: Madre. \u00a0 \u00a0 \u00a0 \u00a0 \u00a0 \u00a0 \u00a0 \u00a0 \u00a0 \u00a0<\/p>\n<p>Si. \u00a0 \u00a0<\/p>\n<p>\u00a0 \u00a0 \u00a0 \u00a0 \u00a0 \u00a0 \u00a0 \u00a0 \u00a0 \u00a0 \u00a0<\/p>\n<p>Edad \u00a0\u00a0 \u00a0 \u00a0 \u00a0 \u00a0de la beneficiaria: Indeterminada. \u00a0 \u00a0 \u00a0 \u00a0 \u00a0 \u00a0 \u00a0 \u00a0 \u00a0 \u00a0<\/p>\n<p>Certificaci\u00f3n Alcald\u00eda. \u00a0 \u00a0<\/p>\n<p>-Fecha: \u00a0 \u00a006\/12\/2013. \u00a0 \u00a0<\/p>\n<p>-Cargo: \u00a0 \u00a0 \u00a0 \u00a0 \u00a0 \u00a0 \u00a0Inspector de polic\u00eda. \u00a0 \u00a0<\/p>\n<p>-Periodo: \u00a0 \u00a005\/10\/1982 &#8211; ?. \u00a0 \u00a0 \u00a0 \u00a0 \u00a0 \u00a0 \u00a0 \u00a0 \u00a0 \u00a0<\/p>\n<p>\u00a0 \u00a0 \u00a0 \u00a0 \u00a0 \u00a0 \u00a0 \u00a0 \u00a0 \u00a0 \u00a0<\/p>\n<p>-Acta \u00a0\u00a0 \u00a0 \u00a0 \u00a0 \u00a0de posesi\u00f3n en el cargo de inspector de polic\u00eda. \u00a0 \u00a0<\/p>\n<p>-Registro civil de defunci\u00f3n. \u00a0\u00a0<\/p>\n<p>Manuel \u00a0\u00a0 \u00a0 \u00a0 \u00a0 \u00a0de Jes\u00fas Mendoza Rivera \u00a0 \u00a0 \u00a0 \u00a0 \u00a0 \u00a0 \u00a0 \u00a0 \u00a0 \u00a0<\/p>\n<p>Beneficiario de Manuel Joaqu\u00edn Mendoza \u00a0 \u00a0 \u00a0 \u00a0 \u00a0 \u00a0 \u00a0 \u00a0 \u00a0 \u00a0<\/p>\n<p>Si. \u00a0 \u00a0 \u00a0 \u00a0 \u00a0 \u00a0 \u00a0 \u00a0 \u00a0 \u00a0<\/p>\n<p>Edad \u00a0\u00a0 \u00a0 \u00a0 \u00a0 \u00a0del beneficiario: 31 a\u00f1os. \u00a0 \u00a0 \u00a0 \u00a0 \u00a0 \u00a0 \u00a0 \u00a0 \u00a0 \u00a0<\/p>\n<p>\u00a0 \u00a0 \u00a0 \u00a0 \u00a0 \u00a0 \u00a0 \u00a0 \u00a0 \u00a0 \u00a0<\/p>\n<p>Declaraci\u00f3n extrajuicio. \u00a0 \u00a0 \u00a0 \u00a0 \u00a0 \u00a0 \u00a0 \u00a0 \u00a0 \u00a0<\/p>\n<p>-Registro de defunci\u00f3n. \u00a0 \u00a0<\/p>\n<p>-Registro de nacimiento del accionante. \u00a0\u00a0<\/p>\n<p>Nairo \u00a0\u00a0 \u00a0 \u00a0 \u00a0 \u00a0Jos\u00e9\u00a0 Acosta Quiroz \u00a0 \u00a0 \u00a0 \u00a0 \u00a0 \u00a0 \u00a0 \u00a0 \u00a0 \u00a0<\/p>\n<p>A \u00a0\u00a0 \u00a0 \u00a0 \u00a0 \u00a0nombre propio. \u00a0 \u00a0 \u00a0 \u00a0 \u00a0 \u00a0 \u00a0 \u00a0 \u00a0 \u00a0<\/p>\n<p>Si. \u00a0 \u00a0 \u00a0 \u00a0 \u00a0 \u00a0 \u00a0 \u00a0 \u00a0 \u00a0<\/p>\n<p>Edad: \u00a0\u00a0 \u00a0 \u00a0 \u00a0 \u00a044 a\u00f1os. \u00a0 \u00a0 \u00a0 \u00a0 \u00a0 \u00a0 \u00a0 \u00a0 \u00a0 \u00a0<\/p>\n<p>Certificaci\u00f3n Alcald\u00eda. \u00a0 \u00a0<\/p>\n<p>-Fecha: 05\/12\/2013. \u00a0 \u00a0<\/p>\n<p>-Periodo: 05\/06\/1992 &#8211; ? \u00a0 \u00a0 \u00a0 \u00a0 \u00a0 \u00a0 \u00a0 \u00a0 \u00a0 \u00a0<\/p>\n<p>Declaraci\u00f3n extrajuicio. \u00a0 \u00a0 \u00a0 \u00a0 \u00a0 \u00a0 \u00a0 \u00a0 \u00a0 \u00a0<\/p>\n<p>-Certificaci\u00f3n en que consta que presenta discapacidad motora del lado \u00a0\u00a0 \u00a0 \u00a0 \u00a0 \u00a0izquierdo. \u00a0\u00a0<\/p>\n<p>Manuel \u00a0\u00a0 \u00a0 \u00a0 \u00a0 \u00a0de Jes\u00fas Mendoza Rivera \u00a0 \u00a0 \u00a0 \u00a0 \u00a0 \u00a0 \u00a0 \u00a0 \u00a0 \u00a0<\/p>\n<p>Beneficiario de Manuel Joaqu\u00edn Mendoza. \u00a0 \u00a0<\/p>\n<p>Parntesco: Padre. \u00a0 \u00a0 \u00a0 \u00a0 \u00a0 \u00a0 \u00a0 \u00a0 \u00a0 \u00a0<\/p>\n<p>Si. \u00a0\u00a0 \u00a0 \u00a0 \u00a0 \u00a0Otorgado por el beneficiario al Dr. Jos\u00e9 David Mart\u00ednez. \u00a0 \u00a0<\/p>\n<p>10\/10\/2013. \u00a0 \u00a0<\/p>\n<p>Observaci\u00f3n: Poder sin firma del accionante. \u00a0 \u00a0 \u00a0 \u00a0 \u00a0 \u00a0 \u00a0 \u00a0 \u00a0 \u00a0<\/p>\n<p>Edad \u00a0\u00a0 \u00a0 \u00a0 \u00a0 \u00a0del beneficiario: \u00a0 \u00a0 \u00a0 \u00a0 \u00a0 \u00a0 \u00a0 \u00a0 \u00a0 \u00a0<\/p>\n<p>\u00a0 \u00a0 \u00a0 \u00a0 \u00a0 \u00a0 \u00a0 \u00a0 \u00a0 \u00a0 \u00a0<\/p>\n<p>Declaraci\u00f3n extrajuicio. \u00a0 \u00a0<\/p>\n<p>-Fecha: 22\/04\/2014. \u00a0 \u00a0<\/p>\n<p>-Declarante: Beneficiario. \u00a0 \u00a0<\/p>\n<p>-Manifestaci\u00f3n: Su padre falleci\u00f3 en 2002. \u00a0 \u00a0<\/p>\n<p>Sin \u00a0\u00a0 \u00a0 \u00a0 \u00a0 \u00a0trabajo, sin ingresos, sin pensi\u00f3n. \u00a0 \u00a0<\/p>\n<p>Su \u00a0\u00a0 \u00a0 \u00a0 \u00a0 \u00a0padre labor\u00f3 con el municipio en el cargo de celador en el matadero, \u00a0\u00a0 \u00a0 \u00a0 \u00a0 \u00a0cementerio y en el parque. \u00a0 \u00a0 \u00a0 \u00a0 \u00a0 \u00a0 \u00a0 \u00a0 \u00a0 \u00a0<\/p>\n<p>-Registro civil de defunci\u00f3n: 09\/08\/2002. \u00a0 \u00a0<\/p>\n<p>-Registro civil de nacimiento del beneficiario. \u00a0\u00a0<\/p>\n<p>Nairo \u00a0\u00a0 \u00a0 \u00a0 \u00a0 \u00a0Jos\u00e9 Acosta Quiroz \u00a0 \u00a0 \u00a0 \u00a0 \u00a0 \u00a0 \u00a0 \u00a0 \u00a0 \u00a0<\/p>\n<p>A \u00a0\u00a0 \u00a0 \u00a0 \u00a0 \u00a0nombre propio. \u00a0 \u00a0 \u00a0 \u00a0 \u00a0 \u00a0 \u00a0 \u00a0 \u00a0 \u00a0<\/p>\n<p>Si. \u00a0\u00a0 \u00a0 \u00a0 \u00a0 \u00a0Otorgado por el beneficiario al Dr. Jos\u00e9 David Mart\u00ednez. \u00a0 \u00a0<\/p>\n<p>10\/10\/2013. \u00a0 \u00a0<\/p>\n<p>\u00a0 \u00a0 \u00a0 \u00a0 \u00a0 \u00a0 \u00a0 \u00a0 \u00a0 \u00a0 \u00a0<\/p>\n<p>Edad \u00a0\u00a0 \u00a0 \u00a0 \u00a0 \u00a0del beneficiario: 44 a\u00f1os. \u00a0 \u00a0 \u00a0 \u00a0 \u00a0 \u00a0 \u00a0 \u00a0 \u00a0 \u00a0<\/p>\n<p>Certificaci\u00f3n Alcald\u00eda. \u00a0 \u00a0<\/p>\n<p>-Fecha: \u00a0 \u00a005\/12\/2013. \u00a0 \u00a0<\/p>\n<p>-Cargo: \u00a0 \u00a0 \u00a0 \u00a0 \u00a0 \u00a0 \u00a0Inspector en el corregimiento Las Cruces. \u00a0 \u00a0<\/p>\n<p>-Periodo: \u00a0 \u00a0 \u00a0 \u00a0 \u00a0 \u00a0 \u00a005\/06\/1992 &#8211; ?. \u00a0 \u00a0 \u00a0 \u00a0 \u00a0 \u00a0 \u00a0 \u00a0 \u00a0 \u00a0<\/p>\n<p>Declaraci\u00f3n extrajuicio. \u00a0 \u00a0<\/p>\n<p>-Fecha: \u00a0 \u00a012\/12\/2013. \u00a0 \u00a0<\/p>\n<p>-Declarante: \u00a0 \u00a0Accionante. \u00a0 \u00a0<\/p>\n<p>-Manifestaci\u00f3n: \u00a0\u00a0 \u00a0 \u00a0 \u00a0 \u00a0Soltero, sin trabajo, sin ingresos. \u00a0 \u00a0<\/p>\n<p>Se \u00a0\u00a0 \u00a0 \u00a0 \u00a0 \u00a0encuentra incapacitado f\u00edsicamente. \u00a0 \u00a0 \u00a0 \u00a0 \u00a0 \u00a0 \u00a0 \u00a0 \u00a0 \u00a0<\/p>\n<p>-Acta \u00a0\u00a0 \u00a0 \u00a0 \u00a0 \u00a0de posesi\u00f3n en el cargo. \u00a0 \u00a0<\/p>\n<p>-Certificaci\u00f3n de la ESE San Juan de Betulia, de fecha 16\/07\/2014, en que \u00a0\u00a0 \u00a0 \u00a0 \u00a0 \u00a0consta que padeci\u00f3 poliomielitis y presenta discapacidad motora del lado \u00a0\u00a0 \u00a0 \u00a0 \u00a0 \u00a0izquierdo, usa muletas y tiene que ayudarse en sus labores. \u00a0\u00a0<\/p>\n<p>Yamilis Emerson Guevara V. \u00a0 \u00a0 \u00a0 \u00a0 \u00a0 \u00a0 \u00a0 \u00a0 \u00a0 \u00a0<\/p>\n<p>A \u00a0\u00a0 \u00a0 \u00a0 \u00a0 \u00a0nombre propio. \u00a0 \u00a0 \u00a0 \u00a0 \u00a0 \u00a0 \u00a0 \u00a0 \u00a0 \u00a0<\/p>\n<p>Si. \u00a0\u00a0 \u00a0 \u00a0 \u00a0 \u00a0Otorgado por el accionante al Dr. Jos\u00e9 David Mart\u00ednez. \u00a0 \u00a0<\/p>\n<p>10\/10\/2013. \u00a0 \u00a0 \u00a0 \u00a0 \u00a0 \u00a0 \u00a0 \u00a0 \u00a0 \u00a0<\/p>\n<p>Edad: \u00a0\u00a0 \u00a0 \u00a0 \u00a0 \u00a049 a\u00f1os. \u00a0 \u00a0 \u00a0 \u00a0 \u00a0 \u00a0 \u00a0 \u00a0 \u00a0 \u00a0<\/p>\n<p>\u00a0 \u00a0 \u00a0 \u00a0 \u00a0 \u00a0 \u00a0 \u00a0 \u00a0 \u00a0 \u00a0<\/p>\n<p>\u00a0 \u00a0 \u00a0 \u00a0 \u00a0 \u00a0 \u00a0 \u00a0 \u00a0 \u00a0 \u00a0<\/p>\n<p>\u00a0 \u00a0 \u00a0\u00a0<\/p>\n<p>[1] M.P. Luis Guillermo \u00a0 Guerrero P\u00e9rez. En el mismo sentido se pueden consultar, entre otras, las \u00a0 sentencias T-055 de 2006, T-249 de 2006 y T-851 de 2006. \u00a0 \u00a0<\/p>\n<p>[2] \u00a0Constituci\u00f3n Pol\u00edtica. Art\u00edculo 48: \u201cLa Seguridad Social es un servicio \u00a0 p\u00fablico de car\u00e1cter obligatorio que se prestar\u00e1 bajo la direcci\u00f3n, coordinaci\u00f3n \u00a0 y control del Estado, en sujeci\u00f3n a los principios de eficiencia, universalidad \u00a0 y solidaridad, en los t\u00e9rminos que establezca la Ley. \u00a0 \u00a0<\/p>\n<p>Se garantiza a \u00a0 todos los habitantes el derecho irrenunciable a la Seguridad Social. (\u2026)\u201d. \u00a0 \u00a0<\/p>\n<p>[3] \u00a0Constituci\u00f3n Pol\u00edtica. Art\u00edculo 53: \u201cEl Congreso expedir\u00e1 el estatuto del \u00a0 trabajo. La ley correspondiente tendr\u00e1 en cuenta por lo menos los siguientes \u00a0 principios m\u00ednimos fundamentales: \u00a0 \u00a0<\/p>\n<p>Igualdad de \u00a0 oportunidades para los trabajadores; remuneraci\u00f3n m\u00ednima vital y m\u00f3vil, \u00a0 proporcional a la cantidad y calidad de trabajo; estabilidad en el empleo; \u00a0 irrenunciabilidad a los beneficios m\u00ednimos establecidos en normas laborales; \u00a0 facultades para transigir y conciliar sobre derechos inciertos y discutibles; \u00a0 situaci\u00f3n mas favorable al trabajador en caso de duda en la aplicaci\u00f3n e \u00a0 interpretaci\u00f3n de las fuentes formales de derecho: primac\u00eda de la realidad sobre \u00a0 formalidades establecidas por los sujetos de las relaciones laborales; garant\u00eda \u00a0 a la seguridad social, la capacitaci\u00f3n, el adiestramiento y el descanso \u00a0 necesario; protecci\u00f3n especial a la mujer, a la maternidad y al trabajador menor \u00a0 de edad. \u00a0 \u00a0<\/p>\n<p>El Estado garantiza \u00a0 el derecho al pago oportuno y al reajuste peri\u00f3dico de las pensiones legales. \u00a0 \u00a0<\/p>\n<p>Los convenios \u00a0 internacionales del trabajo debidamente ratificados, hacen parte de la \u00a0 legislaci\u00f3n interna. \u00a0 \u00a0<\/p>\n<p>La ley, los \u00a0 contratos, los acuerdos y los convenios de trabajo, no pueden menoscabar la \u00a0 libertad, la dignidad humana ni los derechos de los trabajadores\u201d. \u00a0 \u00a0<\/p>\n<p>[4] M. P. \u00a0 Rodrigo Escobar Gil. \u00a0 \u00a0<\/p>\n<p>[5] M. P. \u00a0 Luis Ernesto Vargas Silva. \u00a0 \u00a0<\/p>\n<p>[6] Al \u00a0 respecto, ver Sentencia T-972 de 2006. M. P. Rodrigo Escobar Gil. \u00a0 \u00a0<\/p>\n<p>[7] Al \u00a0 respecto, ver Sentencia T-1046 de 2007. M. P. Jaime C\u00f3rdoba Trivi\u00f1o. \u00a0 \u00a0<\/p>\n<p>[8] Al \u00a0 respecto, ver Sentencia C-624 de 2003. M. P. Rodrigo Escobar Gil. \u00a0 \u00a0<\/p>\n<p>[9] M. P. \u00a0 Clara In\u00e9s Vargas Hern\u00e1ndez. \u00a0 \u00a0<\/p>\n<p>[10] M. P. \u00a0 Marco Gerardo Monroy Cabra. \u00a0 \u00a0<\/p>\n<p>[11] Ver el \u00a0 anexo 1. \u00a0 \u00a0<\/p>\n<p>[12] Decreto 2591 de 1991, \u00a0 Art\u00edculo 9: \u201cAGOTAMIENTO DE LA VIA GUBERNATIVA. \u00a0No ser\u00e1 necesario interponer previamente la reposici\u00f3n u otro recurso \u00a0 administrativo para presentar la solicitud de tutela. El interesado podr\u00e1 \u00a0 interponer los recursos administrativos, sin perjuicio de que ejerza \u00a0 directamente en cualquier momento la acci\u00f3n de tutela. \u00a0 \u00a0\u00a0<\/p>\n<p>El ejercicio de la acci\u00f3n de tutela no \u00a0 exime de la obligaci\u00f3n de agotar la v\u00eda gubernativa para acudir a la \u00a0 jurisdicci\u00f3n de lo contencioso administrativo.\u201d \u00a0 \u00a0<\/p>\n<p>[13] Ello por cuanto de \u00a0 conformidad con diferentes normas del ordenamiento laboral vigente, verbi \u00a0 gracia, el art. 29 de la Ley 100 de 1993 y el art\u00edculo 24 del Decreto 3771 \u00a0 de 2007, los sesenta y cinco a\u00f1os de edad ha sido considerado como la edad en \u00a0 que cesa la obligaci\u00f3n de brindar el subsidio del Fondo de Solidaridad \u00a0 Pensional. Al respecto, mirar la sentencia T-757 de 7 de octubre de 2011, M.P. \u00a0 Humberto Antonio Sierra Porto. \u00a0 \u00a0\u00a0<\/p>\n<p>\u00a0<\/p>\n<p><\/p>\n","protected":false},"excerpt":{"rendered":"<p>\u00a0 \u00a0 \u00a0 \u00a0 \u00a0 \u00a0T-252-15 \u00a0 \u00a0 \u00a0 \u00a0 \u00a0 \u00a0\u00a0 Sentencia T-252\/15 \u00a0 \u00a0 ACCION DE TUTELA PARA RECLAMAR EL RECONOCIMIENTO Y PAGO DE DERECHOS PENSIONALES-Procedencia \u00a0 excepcional\u00a0 \u00a0 \u00a0 La herramienta constitucional procede de manera excepcional \u00a0 para amparar las garant\u00edas derivadas del reconocimiento y pago de las \u00a0 prestaciones sociales, en [&hellip;]<\/p>\n","protected":false},"author":1,"featured_media":0,"comment_status":"open","ping_status":"open","sticky":false,"template":"","format":"standard","meta":{"footnotes":""},"categories":[103],"tags":[],"class_list":["post-22585","post","type-post","status-publish","format-standard","hentry","category-tutelas-2015"],"_links":{"self":[{"href":"https:\/\/www.dmsjuridica.com\/buscador_20179478954\/corteconstitucionalcronologico202454587\/wp-json\/wp\/v2\/posts\/22585","targetHints":{"allow":["GET"]}}],"collection":[{"href":"https:\/\/www.dmsjuridica.com\/buscador_20179478954\/corteconstitucionalcronologico202454587\/wp-json\/wp\/v2\/posts"}],"about":[{"href":"https:\/\/www.dmsjuridica.com\/buscador_20179478954\/corteconstitucionalcronologico202454587\/wp-json\/wp\/v2\/types\/post"}],"author":[{"embeddable":true,"href":"https:\/\/www.dmsjuridica.com\/buscador_20179478954\/corteconstitucionalcronologico202454587\/wp-json\/wp\/v2\/users\/1"}],"replies":[{"embeddable":true,"href":"https:\/\/www.dmsjuridica.com\/buscador_20179478954\/corteconstitucionalcronologico202454587\/wp-json\/wp\/v2\/comments?post=22585"}],"version-history":[{"count":0,"href":"https:\/\/www.dmsjuridica.com\/buscador_20179478954\/corteconstitucionalcronologico202454587\/wp-json\/wp\/v2\/posts\/22585\/revisions"}],"wp:attachment":[{"href":"https:\/\/www.dmsjuridica.com\/buscador_20179478954\/corteconstitucionalcronologico202454587\/wp-json\/wp\/v2\/media?parent=22585"}],"wp:term":[{"taxonomy":"category","embeddable":true,"href":"https:\/\/www.dmsjuridica.com\/buscador_20179478954\/corteconstitucionalcronologico202454587\/wp-json\/wp\/v2\/categories?post=22585"},{"taxonomy":"post_tag","embeddable":true,"href":"https:\/\/www.dmsjuridica.com\/buscador_20179478954\/corteconstitucionalcronologico202454587\/wp-json\/wp\/v2\/tags?post=22585"}],"curies":[{"name":"wp","href":"https:\/\/api.w.org\/{rel}","templated":true}]}}