{"id":270,"date":"2024-05-30T15:35:31","date_gmt":"2024-05-30T15:35:31","guid":{"rendered":"https:\/\/www.dmsjuridica.com\/buscador_20179478954\/corteconstitucionalcronologico202454587\/2024\/05\/30\/c-041-93\/"},"modified":"2024-05-30T15:35:31","modified_gmt":"2024-05-30T15:35:31","slug":"c-041-93","status":"publish","type":"post","link":"https:\/\/www.dmsjuridica.com\/buscador_20179478954\/corteconstitucionalcronologico202454587\/c-041-93\/","title":{"rendered":"C 041 93"},"content":{"rendered":"<p>C-041-93<\/p>\n<p>&nbsp; &nbsp; Sentencia C-041\/93 &nbsp;<\/p>\n<p>&nbsp; &nbsp; &nbsp; &nbsp; &nbsp; &nbsp; &nbsp; &nbsp; &nbsp; &nbsp; &nbsp; &nbsp; &nbsp;&nbsp; &nbsp;<\/p>\n<p>COSA JUZGADA CONSTITUCIONAL &nbsp;<\/p>\n<p>Esta Corporaci\u00f3n carece de competencia para conocer de la demanda de la referencia, por la existencia de cosa juzgada constitucional. La Corte se encuentra ante un texto que ya no es norma jur\u00eddica, como quiera que esta Corporaci\u00f3n declar\u00f3 la inexequibilidad de los literales p) del art. 3\u00b0 y ll) del art. 7\u00b0 del Decreto 1472 de 1990 (Sentencia N\u00b0 C-560 de 1992). &nbsp;<\/p>\n<p>REF: Expediente N\u00ba D-108 &nbsp;<\/p>\n<p>Norma acusada: Decreto 1472 de 1990, art\u00edculos 3\u00ba literal p) y 7\u00ba literal 11) &nbsp;<\/p>\n<p>Actor: Jes\u00fas Vallejo Mej\u00eda &nbsp;<\/p>\n<p>Magistrado Sustanciador: &nbsp;<\/p>\n<p>ALEJANDRO MARTINEZ CABALLERO &nbsp;<\/p>\n<p>Santaf\u00e9 de Bogot\u00e1, febrero once (11) de mil novecientos noventa y tres (1.993). &nbsp;<\/p>\n<p>La Corte Constitucional de la Rep\u00fablica de Colombia, &nbsp;<\/p>\n<p>EN NOMBRE DEL PUEBLO&nbsp; &nbsp;<\/p>\n<p>Y&nbsp; &nbsp;<\/p>\n<p>POR MANDATO DE LA CONSTITUCION &nbsp;<\/p>\n<p>Ha pronunciado la siguiente &nbsp;<\/p>\n<p>SENTENCIA &nbsp;<\/p>\n<p>En la demanda instaurada por los el ciudadano JESUS VALLEJO MEJIA, en ejercicio de la acci\u00f3n p\u00fablica de inconstitucionalidad, radicada con el N\u00ba D-108. &nbsp;<\/p>\n<p>I. ANTECEDENTES &nbsp;<\/p>\n<p>A. De la Demanda &nbsp;<\/p>\n<p>El ciudadano JESUS VALLEJO MEJIA present\u00f3 demanda de constitucionalidad contra &nbsp;los literales p) del art\u00edculo 3\u00b0 y ll) del art\u00edculo 7\u00b0 del Decreto Ley 1472 de 1990. &nbsp;<\/p>\n<p>Por reparto le correspondi\u00f3 al Magistrado Alejandro Mart\u00ednez Caballero la ponencia de este negocio. &nbsp;<\/p>\n<p>Sin embargo con anterioridad se hab\u00eda presentado y tramitado ante la Corte una demanda contra las mismas normas, formulada por el ciudadano Abd\u00f3n Ort\u00edz Fl\u00f3rez. Dicho proceso fue sustanciado por el Magistrado Sim\u00f3n Rodr\u00edguez Rodr\u00edguez y fallado por la Sala Plena de la Corporaci\u00f3n el d\u00eda 15 de octubre de 1992. &nbsp;<\/p>\n<p>Luego por simples motivos de falta de coincidencia en el tiempo no se pudo acumular el proceso D-039 con el D-108. &nbsp;<\/p>\n<p>B. De la Norma Acusada &nbsp;<\/p>\n<p>El siguiente es el texto de las normas acusadas: &nbsp;<\/p>\n<p>DECRETO LEY 1472 DE 1990 &nbsp;<\/p>\n<p>(julio 9) &nbsp;<\/p>\n<p>por el cual se reorganiza la Superintendencia Nacional de Salud y se dictan otras disposiciones &nbsp;<\/p>\n<p>El Presidente de la Rep\u00fablica de Colombia, en uso de las facultades extraordinarios que le confiere el literal b) del art\u00edculo 51 de la Ley 10 de 1990, &nbsp;<\/p>\n<p>DECRETA: &nbsp;<\/p>\n<p>ART\u00cdCULO 3\u00b0.- De las funciones de la Superintendencia: LITERAL p).- Establecer y liquidar las contribuciones que corresponde sufragar a las entidades sometidas a su inspecci\u00f3n, control y vigilancia. &nbsp;<\/p>\n<p>ART\u00cdCULO 7\u00b0.- De las funciones del Superintendente Nacional de Salud: LITERAL ll).- Fijar las contribuciones que corresponda sufragar a las entidades sometidas a la inspecci\u00f3n, vigilancia y control de la Superintendencia. &nbsp;<\/p>\n<p>C. De los Argumentos del Actor &nbsp;<\/p>\n<p>El ciudadano JESUS VALLEJO MEJIA presenta argumentos de forma y de fondo en su demanda: &nbsp;<\/p>\n<p>Primero, en cuanto a la competencia, el actor afirma que esta Corporaci\u00f3n es competente para conocer de estas demandas, por cuanto la sentencia de la Corte Suprema de Justicia1 en el proceso de constitucionalidad adelantado contra las mismas normas que ahora nos ocupan no hace tr\u00e1nsito a cosa juzgada material, como quiera que en aquella oportunidad se fall\u00f3 sobre el contenido y no sobre las facultades extraordinarias conferidas para su expedici\u00f3n. &nbsp;<\/p>\n<p>Segundo, en cuanto al fondo del asunto, el ciudadano VALLEJO MEJIA formula dos cargos contra las normas acusadas, as\u00ed: &nbsp;<\/p>\n<p>Primer cargo:&nbsp; &nbsp;<\/p>\n<p>&#8220;Como quiera que en parte alguna la ley de facultades (art\u00edculo 51-b) Ley 10\/90) habilit\u00f3 al Presidente para expedir decretos con fuerza de ley en materia de contribuciones, mal podr\u00eda entonces expedir un texto como el del literal p) del art\u00edculo 3- y el literal ll) del art\u00edculo 7- del D. 1472\/90, sin incurrir en manifiesto exceso en el ejercicio de las facultades que le fueron concedidas&#8230;&#8221; &nbsp;<\/p>\n<p>Segundo cargo: &nbsp;<\/p>\n<p>&#8220;Bien miradas las cosas, las contribuciones que los textos acusados autorizan a establecer y liquidar por parte de la Superintendencia Nacional de Salud, participan m\u00e1s de la naturaleza del impuesto que de la tasa&#8230; Todo esto se trae a colaci\u00f3n para se\u00f1alar que tambi\u00e9n hubo exceso en el ejercicio de facultades extraordinarias&#8230;&#8221; &nbsp;<\/p>\n<p>D. Del Concepto del Procurador &nbsp;<\/p>\n<p>Mediante el Oficio N\u00b0 078 del 17 de septiembre de 1992, el se\u00f1or Procurador General de la Naci\u00f3n emiti\u00f3 el concepto de rigor en el proceso de la referencia. &nbsp;<\/p>\n<p>En s\u00edntesis el Ministerio P\u00fablico solicita: &nbsp;<\/p>\n<p>&#8220;1. En el evento de acumularse este proceso al radicado bajo el n\u00famero D-039, se solicita a la H. Corte Constitucional, se declare la INEXEQUIBILIDAD de los literales p) del art\u00edculo 3o. y ll) del art\u00edculo 7o. del Decreto Ley 1472 de 1990. &nbsp;<\/p>\n<p>2. Si no se efect\u00faa tal acumulaci\u00f3n, y se dicta sentencia en el aludido expediente, se solicita a esa Alta Corporaci\u00f3n, se est\u00e9 a lo resulto en ella.&#8221; &nbsp;<\/p>\n<p>En respaldo de su primera solicitud, la vista fiscal transcribe in extenso el concepto por ella emitido en el marco del proceso D-039. Respecto de su segunda solicitud no se presentan argumentos. &nbsp;<\/p>\n<p>II. FUNDAMENTOS JURIDICOS &nbsp;<\/p>\n<p>Esta Corporaci\u00f3n carece de competencia para conocer de la demanda de la referencia, por la existencia de cosa juzgada constitucional. &nbsp;<\/p>\n<p>En efecto, las funciones de la Corte Constitucional est\u00e1n fijadas de manera taxativa en el art\u00edculo 241 de la Constituci\u00f3n Pol\u00edtica, las cuales se ejercen &#8220;en los estrictos y precisos t\u00e9rminos de este art\u00edculo&#8221;. Dicha norma consagra en diez numerales el control de constitucionalidad de diversas normas jur\u00eddicas. &nbsp;<\/p>\n<p>Ahora bien, en el negocio que nos ocupa la Corte se encuentra ante un texto que ya no es norma jur\u00eddica, como quiera que esta Corporaci\u00f3n declar\u00f3 el d\u00eda 20 de octubre del a\u00f1o en curso la inexequibilidad de los literales p) del art. 3\u00b0 y ll) del art. 7\u00b0 del Decreto 1472 de 1990, en el marco del proceso de constitucionalidad radicado con el N\u00b0 D-039, con ponencia del Magistrado Sim\u00f3n Rodr\u00edguez Rodr\u00edguez, mediante la Sentencia N\u00b0 C-560 de 1992. &nbsp;<\/p>\n<p>Al declararse dicha inexequibilidad los textos ahora acusados desaparecieron del mundo jur\u00eddico y ello constituye cosa juzgada constitucional. &nbsp;<\/p>\n<p>As\u00ed lo establece el art\u00edculo 243 inciso primero de la Constituci\u00f3n, que dice: &nbsp;<\/p>\n<p>&#8220;Los fallos que la Corte dicte en ejercicio del control jurisdiccional hacen tr\u00e1nsito a cosa juzgada constitucional&#8221; &nbsp;<\/p>\n<p>Esta idea es ratificada por el art\u00edculo 49 del Decreto 2067 de 1991 dice en sus inciso primero: &nbsp;<\/p>\n<p>&#8220;Contra las sentencias de la Corte Constitucional no procede recurso alguno&#8221; &nbsp;<\/p>\n<p>La cosa juzgada significa que una decisi\u00f3n judicial es definitiva y no controvertible. Se trata de un importante principio concebido para imprimir seguridad al tr\u00e1fico jur\u00eddico, fruto del compromiso entre la justicia material y la certeza. &nbsp;<\/p>\n<p>Por tanto esta Corporaci\u00f3n no puede pronunciarse de fondo y se estar\u00e1 a lo resuelto en la sentencia precitada. &nbsp;<\/p>\n<p>En m\u00e9rito de lo expuesto, la Corte Constitucional de la Rep\u00fablica de Colombia, &nbsp;<\/p>\n<p>RESUELVE &nbsp;<\/p>\n<p>Estarse a lo resuelto en la Sentencia N\u00ba C-560 de 1992, que declar\u00f3 la inexequibilidad de los art\u00edculos 3\u00ba literal p) y 7\u00ba literal 11) del Decreto N\u00b0 1472 de 1990. &nbsp;<\/p>\n<p>&nbsp; &nbsp;<\/p>\n<p>C\u00famplase, c\u00f3piese, comun\u00edquese, publ\u00edquese y arch\u00edvese. &nbsp;<\/p>\n<p>Dada en Santaf\u00e9 de Bogot\u00e1, D.C., a los once (11) d\u00edas del mes de febrero &nbsp;de mil novecientos noventa y tres (1.993). &nbsp;<\/p>\n<p>SIMON RODRIGUEZ RODRIGUEZ &nbsp;<\/p>\n<p>Presidente &nbsp;<\/p>\n<p>CIRO ANGARITA BARON &nbsp; &nbsp; &nbsp; &nbsp; &nbsp; &nbsp; &nbsp; &nbsp; &nbsp; &nbsp; &nbsp; &nbsp; &nbsp; &nbsp; &nbsp; &nbsp;EDUARDO CIFUENTES MU\u00d1OZ &nbsp;<\/p>\n<p>&nbsp; &nbsp; &nbsp; &nbsp;Magistrado &nbsp; &nbsp; &nbsp; &nbsp; &nbsp; &nbsp; &nbsp; &nbsp; &nbsp; &nbsp; &nbsp; &nbsp; &nbsp; &nbsp; &nbsp; &nbsp; &nbsp; &nbsp; &nbsp; &nbsp; &nbsp; Magistrado &nbsp;<\/p>\n<p>JOSE GREGORIO HERNANDEZ GALINDO &nbsp; &nbsp; &nbsp; &nbsp; ALEJANDRO MARTINEZ CABALLERO &nbsp;<\/p>\n<p>&nbsp; &nbsp; &nbsp; &nbsp;&nbsp; &nbsp; &nbsp; &nbsp; &nbsp;Magistrado&nbsp; &nbsp; &nbsp; &nbsp; &nbsp; &nbsp; &nbsp; &nbsp; &nbsp; &nbsp; &nbsp; &nbsp; &nbsp; &nbsp; &nbsp; &nbsp; &nbsp; &nbsp; &nbsp; &nbsp; &nbsp;Magistrado &nbsp;<\/p>\n<p>FABIO &nbsp;MORON &nbsp;DIAZ &nbsp; &nbsp; &nbsp; &nbsp; &nbsp; &nbsp; &nbsp; &nbsp; &nbsp; &nbsp; &nbsp; &nbsp; &nbsp; &nbsp; &nbsp; &nbsp;JAIME SANIN GREFFEINSTEIN &nbsp;<\/p>\n<p>&nbsp; &nbsp; &nbsp; &nbsp;Magistrado &nbsp; &nbsp; &nbsp; &nbsp; &nbsp; &nbsp; &nbsp; &nbsp; &nbsp; &nbsp; &nbsp; &nbsp; &nbsp; &nbsp; &nbsp; &nbsp; &nbsp; &nbsp; &nbsp; &nbsp; &nbsp; &nbsp; &nbsp; &nbsp; &nbsp; Magistrado &nbsp;<\/p>\n<p>MARTHA VICTORIA SACHICA DE MONCALEANO &nbsp;<\/p>\n<p>Secretaria General &nbsp;<\/p>\n<p>&nbsp; &nbsp;&nbsp;<\/p>\n<p>1 Cfr. Corte Suprema de Justicia. Sentencia del 28 de noviembre de 1991. Proceso N\u00b0 2345 &nbsp; &nbsp;<\/p>\n<p>\n","protected":false},"excerpt":{"rendered":"<p>C-041-93 &nbsp; &nbsp; Sentencia C-041\/93 &nbsp; &nbsp; &nbsp; &nbsp; &nbsp; &nbsp; &nbsp; &nbsp; &nbsp; &nbsp; &nbsp; &nbsp; &nbsp; &nbsp;&nbsp; &nbsp; COSA JUZGADA CONSTITUCIONAL &nbsp; Esta Corporaci\u00f3n carece de competencia para conocer de la demanda de la referencia, por la existencia de cosa juzgada constitucional. La Corte se encuentra ante un texto que ya no es [&hellip;]<\/p>\n","protected":false},"author":1,"featured_media":0,"comment_status":"open","ping_status":"open","sticky":false,"template":"","format":"standard","meta":{"footnotes":""},"categories":[8],"tags":[],"class_list":["post-270","post","type-post","status-publish","format-standard","hentry","category-sentencias-1993"],"_links":{"self":[{"href":"https:\/\/www.dmsjuridica.com\/buscador_20179478954\/corteconstitucionalcronologico202454587\/wp-json\/wp\/v2\/posts\/270","targetHints":{"allow":["GET"]}}],"collection":[{"href":"https:\/\/www.dmsjuridica.com\/buscador_20179478954\/corteconstitucionalcronologico202454587\/wp-json\/wp\/v2\/posts"}],"about":[{"href":"https:\/\/www.dmsjuridica.com\/buscador_20179478954\/corteconstitucionalcronologico202454587\/wp-json\/wp\/v2\/types\/post"}],"author":[{"embeddable":true,"href":"https:\/\/www.dmsjuridica.com\/buscador_20179478954\/corteconstitucionalcronologico202454587\/wp-json\/wp\/v2\/users\/1"}],"replies":[{"embeddable":true,"href":"https:\/\/www.dmsjuridica.com\/buscador_20179478954\/corteconstitucionalcronologico202454587\/wp-json\/wp\/v2\/comments?post=270"}],"version-history":[{"count":0,"href":"https:\/\/www.dmsjuridica.com\/buscador_20179478954\/corteconstitucionalcronologico202454587\/wp-json\/wp\/v2\/posts\/270\/revisions"}],"wp:attachment":[{"href":"https:\/\/www.dmsjuridica.com\/buscador_20179478954\/corteconstitucionalcronologico202454587\/wp-json\/wp\/v2\/media?parent=270"}],"wp:term":[{"taxonomy":"category","embeddable":true,"href":"https:\/\/www.dmsjuridica.com\/buscador_20179478954\/corteconstitucionalcronologico202454587\/wp-json\/wp\/v2\/categories?post=270"},{"taxonomy":"post_tag","embeddable":true,"href":"https:\/\/www.dmsjuridica.com\/buscador_20179478954\/corteconstitucionalcronologico202454587\/wp-json\/wp\/v2\/tags?post=270"}],"curies":[{"name":"wp","href":"https:\/\/api.w.org\/{rel}","templated":true}]}}