{"id":2871,"date":"2024-05-30T17:17:31","date_gmt":"2024-05-30T17:17:31","guid":{"rendered":"https:\/\/www.dmsjuridica.com\/buscador_20179478954\/corteconstitucionalcronologico202454587\/2024\/05\/30\/c-240-97\/"},"modified":"2024-05-30T17:17:31","modified_gmt":"2024-05-30T17:17:31","slug":"c-240-97","status":"publish","type":"post","link":"https:\/\/www.dmsjuridica.com\/buscador_20179478954\/corteconstitucionalcronologico202454587\/c-240-97\/","title":{"rendered":"C 240 97"},"content":{"rendered":"<p>C-240-97<\/p>\n<p>&nbsp; &nbsp; Sentencia C-240\/97 &nbsp;<\/p>\n<p>COSA JUZGADA CONSTITUCIONAL-Contribuci\u00f3n parafiscal de origen agropecuario &nbsp;<\/p>\n<p>Referencia: Expediente D-1491 &nbsp;<\/p>\n<p>Norma acusada: Art\u00edculo 182 de la Ley 223 de 1995. &nbsp;<\/p>\n<p>Demandante: Mauricio Sarria Barrag\u00e1n &nbsp;<\/p>\n<p>Tema: &nbsp;<\/p>\n<p>Cosa juzgada constitucional &nbsp;<\/p>\n<p>Magistrado Ponente:&nbsp; &nbsp;<\/p>\n<p>Dr. ALEJANDRO MART\u00cdNEZ CABALLERO &nbsp;<\/p>\n<p>Santa Fe de Bogot\u00e1, veinte (20) de mayo de mil novecientos noventa y siete (1997). &nbsp;<\/p>\n<p>La Corte Constitucional de la Rep\u00fablica de Colombia, integrada por su Presidente Antonio Barrera Carbonell y por los Magistrados Jorge Arango Mej\u00eda, Eduardo Cifuentes Mu\u00f1oz, Carlos Gaviria D\u00edaz, Jos\u00e9 Gregorio Hern\u00e1ndez Galindo, Hernando Herrera Vergara, Alejandro Mart\u00ednez Caballero, Fabio Mor\u00f3n D\u00edaz y Vladimiro Naranjo Mesa &nbsp;<\/p>\n<p>EN NOMBRE DEL PUEBLO &nbsp;<\/p>\n<p>Y &nbsp;<\/p>\n<p>POR MANDATO DE LA CONSTITUCI\u00d3N &nbsp;<\/p>\n<p>Ha pronunciado la siguiente &nbsp;<\/p>\n<p>I. ANTECEDENTES &nbsp;<\/p>\n<p>El ciudadano Mauricio Sarria Barrag\u00e1n presenta demanda de inconstitucionalidad contra el art\u00edculo 182 de la Ley 223 de 1995, la cual fue radicada con el n\u00famero D-1491. &nbsp;Cumplidos, como est\u00e1n, los tr\u00e1mites previstos en la Constituci\u00f3n y en el Decreto No. 2067 de 1991, procede la Corte a decidir el asunto por medio de esta sentencia. &nbsp;<\/p>\n<p>II. DEL TEXTO OBJETO DE REVISI\u00d3N. &nbsp;<\/p>\n<p>A continuaci\u00f3n se transcribe el art\u00edculo 182 de la Ley 223 de 1995, el cual se encuentra demandado en su totalidad. &nbsp;<\/p>\n<p>&#8220;LEY N\u00daMERO 223 DE 1995 &nbsp;<\/p>\n<p>(Diciembre 20) &nbsp;<\/p>\n<p>Por la cual se expiden normas sobre racionalizaci\u00f3n tributaria y se dictan otras disposiciones &nbsp;<\/p>\n<p>El Congreso de Colombia, &nbsp;<\/p>\n<p>DECRETA: &nbsp;<\/p>\n<p>(&#8230;) &nbsp;<\/p>\n<p>Art\u00edculo 182. Contribuciones Parafiscales. Las contribuciones parafiscales sobre productos de origen agropecuario y pesquero se causar\u00e1n tambi\u00e9n sobre las importaciones, tomando como base de liquidaci\u00f3n su valor FOB en el porcentaje que en cada caso se\u00f1ale la ley que establece la correspondiente cuota de fomento. &nbsp;<\/p>\n<p>Toda persona natural o jur\u00eddica que importe un producto de origen agropecuario y pesquero sujeto a una contribuci\u00f3n parafiscal est\u00e1 obligada a autorretener el valor de la cuota de fomento al momento de efectuar la nacionalizaci\u00f3n del producto y a remitir el monto total liquidado al respectivo fondo de fomento, bajo el procedimiento que establecen las normas vigentes sobre recaudo y administraci\u00f3n del fondo. &nbsp;<\/p>\n<p>Estos recursos se destinar\u00e1n exclusivamente a apoyar programas y proyectos de investigaci\u00f3n, transferencia de tecnolog\u00eda, y control y vigilancia sanitarios, elaborados por el Ministerio de Agricultura y la entidad administradora del fondo respectivo, y deber\u00e1n ser aprobados por el Comit\u00e9 Especial Directivo de que trata el Par\u00e1grafo siguiente. &nbsp;<\/p>\n<p>PAR\u00c1GRAFO. Para los efectos de las contribuciones parafiscales de que trata el presente art\u00edculo se conformar\u00e1 un Comit\u00e9 Especial Directivo, para cada uno de los renglones cubiertos por estas disposiciones, integrado as\u00ed: &nbsp;<\/p>\n<p>1. El Ministro de Agricultura y Desarrollo Rural o su delegado, quien lo presidir\u00e1. &nbsp;<\/p>\n<p>2. El Ministro de Desarrollo Econ\u00f3mico, o su delegado. &nbsp;<\/p>\n<p>3. El Ministro de Comercio Exterior, o su delegado. &nbsp;<\/p>\n<p>4. El Director de CORPOICA, o su delegado. &nbsp;<\/p>\n<p>5. El Gerente General del ICA, o su delegado. &nbsp;<\/p>\n<p>6. El presidente de la SAC, o su delegado. &nbsp;<\/p>\n<p>7. El representante legal de la entidad administradora del respectivo fondo parafiscal. &nbsp;<\/p>\n<p>8. Un representante de las comercializadoras importadoras a las cuales se refiere el presente art\u00edculo. &nbsp;<\/p>\n<p>9. Un representante de las agroindustrias importadoras a las cuales se refiere el presente art\u00edculo&#8221;. &nbsp;<\/p>\n<p>III. LA DEMANDA. &nbsp;<\/p>\n<p>El actor considera que la norma demandada viola los art\u00edculos 9, 359, &nbsp;y 363 de la Constituci\u00f3n Pol\u00edtica. &nbsp; &nbsp;<\/p>\n<p>As\u00ed mismo, el demandante considera que las cuotas de fomento se orientan de manera exclusiva y espec\u00edfica a la elevaci\u00f3n de la producci\u00f3n agr\u00edcola y con ella a la reducci\u00f3n de costos de producci\u00f3n, lo que se traduce en aumento de rentabilidad para los productores. &nbsp;Por consiguiente, no justifica la inclusi\u00f3n del sector importador como sujeto pasivo de la contribuci\u00f3n parafiscal, pues de ninguna manera se beneficia con el objetivo que persigue la norma. &nbsp;<\/p>\n<p>De otro lado, el actor manifiesta que la norma acusada busca garantizar la seguridad alimentaria, objetivo loable, pero que no es suficiente para justificar la creaci\u00f3n de la contribuci\u00f3n parafiscal, puesto que difumina la esencia del tributo y se constituye en una carga injusta e inequitativa en detrimento de un grupo en particular. &nbsp;Por ello, si se ampara el inter\u00e9s de toda la sociedad el sujeto aportante debe ser todo el conglomerado. &nbsp;En consecuencia, seg\u00fan su criterio, la norma acusada tambi\u00e9n vulnera los principios de equidad y justicia tributaria, que son l\u00edmites a la actividad legislativa en este campo. &nbsp;<\/p>\n<p>El actor tambi\u00e9n manifiesta que la norma acusada transgrede el principio de representatividad del gremio importador, porque les niega la posibilidad de participaci\u00f3n en el recaudo y administraci\u00f3n de las cuotas, en la medida en que delega esa actividad al Ministerio de Agricultura y al Fondo administrador. &nbsp;<\/p>\n<p>Finalmente, el demandante considera que lo que aparenta ser una contribuci\u00f3n parafiscal est\u00e1 calificada en el comercio internacional como un gravamen a las importaciones y como tal es un tributo que contrar\u00eda del programa de liberaci\u00f3n comercial establecido en el Acuerdo de Cartagena. &nbsp;<\/p>\n<p>IV. INTERVENCI\u00d3N DE AUTORIDADES P\u00daBLICAS &nbsp;<\/p>\n<p>4. 1. Intervenci\u00f3n del Ministerio de Agricultura y Desarrollo Rural &nbsp;<\/p>\n<p>La ciudadana Patricia Cuevas Mar\u00edn, en representaci\u00f3n del Ministerio de Agricultura y Desarrollo Rural, interviene en el proceso para defender la constitucionalidad de la norma acusada. &nbsp;Seg\u00fan su criterio, la contribuci\u00f3n parafiscal demandada re\u00fane todos los elementos que la determinan, lo que incluye la identidad del gremio de los sujetos aportantes, toda vez que la actividad econ\u00f3mica del sector agropecuario no se desarrolla exclusivamente por el productor, sino que tambi\u00e9n vincula de manera activa a la empresa procesadora, comercializadora y distribuidora de los productos agropecuarios y pesqueros. &nbsp;Es por ello que la Ley General del Desarrollo Agropecuario y Pesquero -Ley 101 de 1993- busc\u00f3 adecuar el sector agr\u00edcola a la internacionalizaci\u00f3n de estos productos, por lo cual el concepto de sector es mucho m\u00e1s amplio que el de s\u00f3lo productor. &nbsp;<\/p>\n<p>As\u00ed mismo, para la interviniente la norma acusada no desconoce el Acuerdo de Cartagena sino que lo desarrolla, pues de acuerdo con el art\u00edculo 44 de esa misma disposici\u00f3n, &#8220;los impuestos, tasas y grav\u00e1menes internos, los productos originarios de un pa\u00eds miembro gozar\u00e1n en el territorio de otro pa\u00eds miembro de tratamiento no menos favorable que el que se aplica a productos similares nacionales&#8221; &nbsp;<\/p>\n<p>V. INTERVENCI\u00d3N CIUDADANA &nbsp;<\/p>\n<p>5.1. El ciudadano Luis Carlos S\u00e1chica Aponte, interviene para impugnar la demanda. &nbsp;Seg\u00fan su criterio, no es procedente el cargo sobre el car\u00e1cter de impuesto con destinaci\u00f3n espec\u00edfica de la norma acusada, toda vez que en la contribuci\u00f3n parafiscal el beneficiario no es un grupo individualizado sino la colectividad, en la medida en que se favorecen todas las personas que contribuyen al resultado econ\u00f3mico del sector. &nbsp;Por consiguiente, a su juicio, existen circunstancias en donde los intereses individuales del sujeto aportante no coinciden con el segmento del sector beneficiado, puesto que a la parafiscalidad le es inherente la funci\u00f3n del Estado de intervenci\u00f3n en la Econom\u00eda, ya que esta &#8220;no es un privilegio gremial o de grupo sino un mecanismo macroecon\u00f3mico que se ajusta a la pol\u00edtica econ\u00f3mica general del Estado&#8221;. &nbsp;<\/p>\n<p>De otro lado, afirma el ciudadano inteviniente que la norma acusada no transgrede el art\u00edculo 363 de la Constituci\u00f3n porque dicha disposici\u00f3n no rige para la parafiscalidad, pues est\u00e1 dirigida expresamente a orientar la pol\u00edtica fiscal del Congreso y del Gobierno cuando inician, tramitan y aprueban leyes que ordenan impuestos. &nbsp;Adem\u00e1s, considera que resulta equivocado el argumento seg\u00fan el cual al privilegiar un segmento de la poblaci\u00f3n se coloca en una posici\u00f3n inequitativa e injusta a quienes no se favorecen, pues por el contrario, as\u00ed se aplica el verdadero sentido de la intervenci\u00f3n econ\u00f3mica. &nbsp;Entonces, a su juicio, lo fiscal est\u00e1 dirigido al provecho de la actividad estatal y lo parafiscal &#8220;est\u00e1 dirigido al provecho de la sociedad en general, mediante el mejoramiento de uno de sus sectores&#8221; &nbsp;<\/p>\n<p>Finalmente, el interviniente se\u00f1ala que es impropio plantear en un proceso de inconstitucionalidad la violaci\u00f3n de normas de nivel supranacional, puesto que ese estudio escapa el \u00e1mbito de decisi\u00f3n de un tribunal de derecho interno y contrar\u00eda la t\u00e9cnica constitucional. &nbsp;<\/p>\n<p>5.2. Concepto del Instituto Colombiano de Derecho Tributario &nbsp;<\/p>\n<p>VI. DEL CONCEPTO DEL PROCURADOR GENERAL DE LA NACI\u00d3N. &nbsp;<\/p>\n<p>El Procurador General de la Naci\u00f3n (E) Luis Eduardo Montoya Medina, rinde el concepto fiscal de rigor y solicita a la Corte que por encontrarse en tr\u00e1mite el expediente D-1420 en donde se estudi\u00f3 la misma norma demandada, se declare estarse a lo resuelto en esa providencia, en la cual el Ministerio P\u00fcblico solicit\u00f3 la declaratoria de exequibilidad de la norma acusada. &nbsp;<\/p>\n<p>La Vista Fiscal reitera su posici\u00f3n en el sentido de considerar que la norma acusada es una contribuci\u00f3n parafiscal, pues goza de todos los elementos de ese tipo de tributo. &nbsp;As\u00ed pues, seg\u00fan su criterio, existe identidad en el beneficio sectorial, ya que pese a que los importadores no son beneficiarios directos de las contribuciones, todos los agentes econ\u00f3micos se integran al n\u00facleo esencial del proceso productivo. &nbsp;<\/p>\n<p>El Ministerio P\u00fablico se\u00f1ala que de acuerdo con los art\u00edculos 150 numeral 12 y 338 de la Carta, el Legislador est\u00e1 habilitado para establecer contribuciones parafiscales como las demandadas, y por lo tanto puede determinar los sujetos pasivos, ampliar o restringir la cobertura impositiva, se\u00f1alar el hecho generador y la base imponible, toda vez que la tributaci\u00f3n es un instrumento eficaz de intervenci\u00f3n del Estado en la econom\u00eda. &nbsp;<\/p>\n<p>Finalmente, el Procurador General (E) considera que la norma no s\u00f3lo est\u00e1 conforme con la Carta, sino que desarrolla los art\u00edculos 64 y 65 de la Constituci\u00f3n, pues las contribuciones parafiscales son mecanismos eficaces para garantizar la producci\u00f3n alimentaria del pa\u00eds y, a la vez, pretenden financiar los gastos e inversiones del Estado, fomentar la actividad agroindustrial y la transferencia de tecnolog\u00eda. &nbsp;<\/p>\n<p>VII. FUNDAMENTO JUR\u00cdDICO &nbsp;<\/p>\n<p>Competencia. &nbsp;<\/p>\n<p>1. Conforme al art\u00edculo 241 ordinal 4\u00ba de la Constituci\u00f3n, la Corte es competente para conocer de la constitucionalidad del art\u00edculo 182 de la Ley 223 de 1995, ya que se trata de una demanda de inconstitucionalidad en contra de una norma contenida en una ley de la Rep\u00fablica. &nbsp;<\/p>\n<p>Cosa juzgada constitucional &nbsp;<\/p>\n<p>2. Al realizar el estudio del art\u00edculo demandado, se encuentra que esta ya fue objeto de estudio por parte de esta Corporaci\u00f3n. &nbsp;As\u00ed, la sentencia C-152 de marzo 19 de 1997, decidi\u00f3 declarar inexequible el art\u00edculo 182 de la Ley 223 de 1995. &nbsp;Se tiene entonces, que oper\u00f3 la cosa juzgada constitucional y que, en consecuencia, esta Corporaci\u00f3n no puede volver a pronunciarse sobre materias que fueron objeto de decisi\u00f3n, por tal motivo se ordenar\u00e1 estarse a lo resuelto en la providencia citada. &nbsp;<\/p>\n<p>VIII. DECISI\u00d3N &nbsp;<\/p>\n<p>En m\u00e9rito de lo expuesto, la Corte Constitucional de la Rep\u00fablica de Colombia, en nombre del pueblo y por mandato de la Constituci\u00f3n, &nbsp;<\/p>\n<p>RESUELVE &nbsp;<\/p>\n<p>ESTARSE A LO RESUELTO por la Corte Constitucional en sentencia C-152 de marzo 19 de 1997, que dispuso &#8220;decl\u00e1rase INEXEQUIBLE el art\u00edculo 182 de la Ley 223 de 1995.&#8221; &nbsp;<\/p>\n<p>C\u00f3piese, notif\u00edquese, comun\u00edquese, ins\u00e9rtese en la Gaceta de la Corte Constitucional, c\u00famplase y arch\u00edvese el expediente. &nbsp;<\/p>\n<p>ANTONIO BARRERA CARBONELL &nbsp;<\/p>\n<p>Presidente &nbsp;<\/p>\n<p>&nbsp; &nbsp; &nbsp; &nbsp;JORGE ARANGO MEJ\u00cdA &nbsp; &nbsp; &nbsp;&nbsp; &nbsp; &nbsp; &nbsp; &nbsp; &nbsp; &nbsp; &nbsp; &nbsp;EDUARDO CIFUENTES MU\u00d1OZ &nbsp;<\/p>\n<p>&nbsp; &nbsp; &nbsp; &nbsp; &nbsp; &nbsp; &nbsp; &nbsp;Magistrado &nbsp; &nbsp; &nbsp; &nbsp; &nbsp; &nbsp; &nbsp; &nbsp; &nbsp; &nbsp; &nbsp; &nbsp; &nbsp; &nbsp; &nbsp; &nbsp; &nbsp; &nbsp; &nbsp;&nbsp; &nbsp; &nbsp; &nbsp; &nbsp;Magistrado &nbsp;<\/p>\n<p>CARLOS GAVIRIA D\u00cdAZ&nbsp; &nbsp; &nbsp; &nbsp; &nbsp; &nbsp; &nbsp; &nbsp; &nbsp; &nbsp; &nbsp; &nbsp; &nbsp;JOS\u00c9 GREGORIO HERN\u00c1NDEZ GALINDO&nbsp; &nbsp; &nbsp; &nbsp; &nbsp; &nbsp; &nbsp; &nbsp; &nbsp;Magistrado &nbsp; &nbsp; &nbsp; &nbsp; &nbsp; &nbsp; &nbsp; &nbsp; &nbsp; &nbsp; &nbsp; &nbsp; &nbsp; &nbsp; &nbsp; &nbsp; &nbsp; &nbsp; &nbsp; &nbsp; &nbsp; &nbsp; &nbsp; &nbsp;Magistrado &nbsp;<\/p>\n<p>&nbsp; &nbsp; &nbsp; &nbsp; &nbsp;<\/p>\n<p>HERNANDO HERRERA VERGARA &nbsp; &nbsp; &nbsp; &nbsp; &nbsp; &nbsp; &nbsp; &nbsp; &nbsp; &nbsp;ALEJANDRO MART\u00cdNEZ CABALLERO &nbsp;<\/p>\n<p>&nbsp; &nbsp; &nbsp; &nbsp; &nbsp;&nbsp; &nbsp; &nbsp; &nbsp; &nbsp;Magistrado &nbsp; &nbsp; &nbsp; &nbsp; &nbsp; &nbsp; &nbsp; &nbsp; &nbsp; &nbsp; &nbsp; &nbsp; &nbsp; &nbsp; &nbsp; &nbsp; &nbsp; &nbsp; &nbsp; &nbsp; &nbsp; &nbsp; &nbsp; &nbsp;Magistrado &nbsp;<\/p>\n<p>FABIO MOR\u00d3N D\u00cdAZ &nbsp; &nbsp; &nbsp; &nbsp; &nbsp; &nbsp; &nbsp; &nbsp; &nbsp; &nbsp; &nbsp; &nbsp; &nbsp; &nbsp; &nbsp; &nbsp; &nbsp; &nbsp; &nbsp; &nbsp;VLADIMIRO NARANJO MESA &nbsp; &nbsp;&nbsp; &nbsp; &nbsp; &nbsp; &nbsp; &nbsp;<\/p>\n<p>&nbsp; &nbsp; &nbsp; &nbsp;Magistrado &nbsp; &nbsp; &nbsp; &nbsp; &nbsp; &nbsp; &nbsp; &nbsp; &nbsp; &nbsp; &nbsp; &nbsp; &nbsp; &nbsp; &nbsp; &nbsp; &nbsp; &nbsp; &nbsp; &nbsp; &nbsp; &nbsp;&nbsp; &nbsp; &nbsp; &nbsp; &nbsp; &nbsp; &nbsp; &nbsp; &nbsp; &nbsp; &nbsp; &nbsp; &nbsp;Magistrado &nbsp; &nbsp;<\/p>\n<p>&nbsp; &nbsp; &nbsp; &nbsp; &nbsp;<\/p>\n<p>&nbsp; &nbsp; &nbsp; &nbsp; &nbsp; &nbsp; &nbsp; &nbsp; &nbsp; &nbsp; &nbsp; &nbsp; &nbsp; &nbsp; &nbsp; &nbsp; &nbsp; &nbsp; &nbsp; &nbsp; &nbsp; &nbsp; &nbsp; &nbsp; &nbsp; &nbsp; &nbsp; &nbsp; &nbsp; &nbsp; &nbsp;<\/p>\n<p>MARTHA VICTORIA S\u00c1CHICA DE MONCALEANO &nbsp;<\/p>\n<p>Secretaria General &nbsp;<\/p>\n<p>&nbsp; &nbsp;&nbsp;<\/p>\n<p>\n","protected":false},"excerpt":{"rendered":"<p>C-240-97 &nbsp; &nbsp; Sentencia C-240\/97 &nbsp; COSA JUZGADA CONSTITUCIONAL-Contribuci\u00f3n parafiscal de origen agropecuario &nbsp; Referencia: Expediente D-1491 &nbsp; Norma acusada: Art\u00edculo 182 de la Ley 223 de 1995. &nbsp; Demandante: Mauricio Sarria Barrag\u00e1n &nbsp; Tema: &nbsp; Cosa juzgada constitucional &nbsp; Magistrado Ponente:&nbsp; &nbsp; Dr. ALEJANDRO MART\u00cdNEZ CABALLERO &nbsp; Santa Fe de Bogot\u00e1, veinte (20) de [&hellip;]<\/p>\n","protected":false},"author":1,"featured_media":0,"comment_status":"open","ping_status":"open","sticky":false,"template":"","format":"standard","meta":{"footnotes":""},"categories":[25],"tags":[],"class_list":["post-2871","post","type-post","status-publish","format-standard","hentry","category-sentencias-1997"],"_links":{"self":[{"href":"https:\/\/www.dmsjuridica.com\/buscador_20179478954\/corteconstitucionalcronologico202454587\/wp-json\/wp\/v2\/posts\/2871","targetHints":{"allow":["GET"]}}],"collection":[{"href":"https:\/\/www.dmsjuridica.com\/buscador_20179478954\/corteconstitucionalcronologico202454587\/wp-json\/wp\/v2\/posts"}],"about":[{"href":"https:\/\/www.dmsjuridica.com\/buscador_20179478954\/corteconstitucionalcronologico202454587\/wp-json\/wp\/v2\/types\/post"}],"author":[{"embeddable":true,"href":"https:\/\/www.dmsjuridica.com\/buscador_20179478954\/corteconstitucionalcronologico202454587\/wp-json\/wp\/v2\/users\/1"}],"replies":[{"embeddable":true,"href":"https:\/\/www.dmsjuridica.com\/buscador_20179478954\/corteconstitucionalcronologico202454587\/wp-json\/wp\/v2\/comments?post=2871"}],"version-history":[{"count":0,"href":"https:\/\/www.dmsjuridica.com\/buscador_20179478954\/corteconstitucionalcronologico202454587\/wp-json\/wp\/v2\/posts\/2871\/revisions"}],"wp:attachment":[{"href":"https:\/\/www.dmsjuridica.com\/buscador_20179478954\/corteconstitucionalcronologico202454587\/wp-json\/wp\/v2\/media?parent=2871"}],"wp:term":[{"taxonomy":"category","embeddable":true,"href":"https:\/\/www.dmsjuridica.com\/buscador_20179478954\/corteconstitucionalcronologico202454587\/wp-json\/wp\/v2\/categories?post=2871"},{"taxonomy":"post_tag","embeddable":true,"href":"https:\/\/www.dmsjuridica.com\/buscador_20179478954\/corteconstitucionalcronologico202454587\/wp-json\/wp\/v2\/tags?post=2871"}],"curies":[{"name":"wp","href":"https:\/\/api.w.org\/{rel}","templated":true}]}}