{"id":2893,"date":"2024-05-30T17:17:34","date_gmt":"2024-05-30T17:17:34","guid":{"rendered":"https:\/\/www.dmsjuridica.com\/buscador_20179478954\/corteconstitucionalcronologico202454587\/2024\/05\/30\/c-311-97\/"},"modified":"2024-05-30T17:17:34","modified_gmt":"2024-05-30T17:17:34","slug":"c-311-97","status":"publish","type":"post","link":"https:\/\/www.dmsjuridica.com\/buscador_20179478954\/corteconstitucionalcronologico202454587\/c-311-97\/","title":{"rendered":"C 311 97"},"content":{"rendered":"<p>C-311-97<\/p>\n<p>&nbsp; &nbsp; Sentencia C-311\/97 &nbsp;<\/p>\n<p>COSA JUZGADA CONSTITUCIONAL-Norma subrogada clasificaci\u00f3n empleos de Fiscal\u00eda &nbsp;<\/p>\n<p>Referencia: Expediente D-1519 &nbsp;<\/p>\n<p>Demanda de inconstitucionalidad contra los numerales 3\u00b0, 4\u00b0(parcial), 5\u00b0, 6\u00b0, 8\u00b0 y 9\u00b0 del art\u00edculo 1\u00b0 de la ley 116 de 1994. &nbsp;<\/p>\n<p>&nbsp; &nbsp;<\/p>\n<p>Actor: Carlos Mario Isaza Serrano &nbsp;<\/p>\n<p>Magistrado Ponente: &nbsp;<\/p>\n<p>Dr. VLADIMIRO NARANJO MESA &nbsp;<\/p>\n<p>&nbsp; &nbsp;<\/p>\n<p>Santaf\u00e9 de Bogot\u00e1, D.C., veinticinco (25) de junio de mil novecientos noventa y siete (1997) &nbsp;<\/p>\n<p>I. ANTECEDENTES &nbsp;<\/p>\n<p>El ciudadano Carlos Mario Isaza Serrano, en ejercicio de la acci\u00f3n p\u00fablica de inconstitucionalidad consagrada en los art\u00edculos 241 y 242 de la Constituci\u00f3n Pol\u00edtica, demand\u00f3 la inexequibilidad de los numerales 3\u00b0, 4\u00b0(parcial), 5\u00b0, 6\u00b0, 8\u00b0 y 9\u00b0 del art\u00edculo 1\u00b0 de la ley 116 de 1994, el cual modific\u00f3 el art\u00edculo 66 del decreto 2699 de 1991. &nbsp;<\/p>\n<p>Admitida la demanda se ordenaron las comunicaciones constitucionales y legales correspondientes, se fij\u00f3 en lista el negocio en la Secretar\u00eda General de la Corporaci\u00f3n para efectos de la intervenci\u00f3n ciudadana y, simult\u00e1neamente, se dio traslado al procurador general de la Naci\u00f3n, quien rindi\u00f3 el concepto de su competencia. &nbsp;<\/p>\n<p>Una vez cumplidos los tr\u00e1mites previstos en el art\u00edculo 242 de la Constituci\u00f3n y en el decreto 2067 de 1991, procede la Corte a resolver sobre la demanda de la referencia. &nbsp;<\/p>\n<p>II. TEXTO DE LA NORMA ACUSADA &nbsp;<\/p>\n<p>El tenor literal de las disposiciones acusadas, con la claridad de que se subraya lo demandado: &nbsp;<\/p>\n<p>Ley 116 de 1994 &nbsp;<\/p>\n<p>\u201cPor la cual se modifican los art\u00edculos 66 y 89 del Decreto 2699 del 30 de noviembre de 1991\u201d &nbsp;<\/p>\n<p>Art\u00edculo 1\u00b0. El art\u00edculo 66 del Decreto 2699 del 30 de noviembre de 1991, quedar\u00e1 as\u00ed: &nbsp;<\/p>\n<p>(&#8230;) &nbsp;<\/p>\n<p>\u201c3. Jefes de oficina de la fiscal\u00eda general. &nbsp;<\/p>\n<p>\u201c4. Directores nacionales y jefes de divisi\u00f3n de la fiscal\u00eda general. &nbsp;<\/p>\n<p>\u201c5. Director de escuela. &nbsp;<\/p>\n<p>\u201c6. Directores regionales y seccionales. &nbsp;<\/p>\n<p>\u201c(&#8230;) &nbsp;<\/p>\n<p>\u201c8. Los fiscales y funcionarios de las fiscal\u00edas regionales. &nbsp;<\/p>\n<p>\u201c9. Los empleados del cuerpo t\u00e9cnico de investigaci\u00f3n a nivel nacional, regional y seccional. &nbsp;<\/p>\n<p>\u201cLos dem\u00e1s cargos ser\u00e1n de carrera y deber\u00e1n proveerse mediante el sistema de m\u00e9ritos\u201d &nbsp;<\/p>\n<p>III. LA DEMANDA &nbsp;<\/p>\n<p>1. Normas constitucionales que se consideran infringidas &nbsp;<\/p>\n<p>Estima el actor que las disposiciones acusadas son violatorias de los art\u00edculos 13 y 125 de la Constituci\u00f3n Pol\u00edtica de Colombia. &nbsp;<\/p>\n<p>2. Fundamentos de la demanda &nbsp;<\/p>\n<p>Considera el demandante que mientras la Constituci\u00f3n Pol\u00edtica estableci\u00f3 el sistema de carrera administrativa como la regla general por seguir en la provisi\u00f3n de cargos de la administraci\u00f3n, y el sistema de libre nombramiento y remoci\u00f3n como la excepci\u00f3n a la regla cuando se trate de cargos de direcci\u00f3n y confianza o de conducci\u00f3n u orientaci\u00f3n institucional, las normas demandadas, en contrav\u00eda de lo prescrito en el numeral 125 superior, clasificaron como cargos de libre nombramiento y remoci\u00f3n, algunos que, por sus caracter\u00edsticas, no pueden ser considerados de confianza o direcci\u00f3n, o que impliquen conducci\u00f3n institucional.&nbsp; &nbsp;<\/p>\n<p>En ese sentido, para el demandante los numerales acusados tambi\u00e9n son violatorios del principio constitucional de la igualdad al catalogar, en contra de la jurisprudencia constitucional, algunos cargos de la Fiscal\u00eda General de la Naci\u00f3n como pertenecientes al sistema de libre nombramiento y remoci\u00f3n, mientras las normatividades de otras entidades p\u00fablicas consideran los cargos de similares caracter\u00edsticas, como de carrera administrativa. &nbsp;<\/p>\n<p>IV. CONCEPTO DEL PROCURADOR GENERAL DE LA NACION &nbsp;<\/p>\n<p>En la oportunidad legal, el se\u00f1or procurador general de la Naci\u00f3n se pronunci\u00f3 sobre la demanda presentada por el actor y solicit\u00f3 a esta Corporaci\u00f3n que se declare la constitucionalidad del numeral 9\u00b0 del art\u00edculo 1\u00b0 de la ley 116 de 1994, y que se declare inhibida para emitir pronunciamiento de fondo en lo correspondiente a los dem\u00e1s numerales de la misma, de acuerdo con los argumentos que se enuncian a continuaci\u00f3n. &nbsp;<\/p>\n<p>Considera el procurador general que los numerales 3\u00b0, 4\u00b0, 5\u00b0, 6\u00b0 y 8\u00b0 del art\u00edculo 1\u00b0 de la ley 116 de 1994 fueron subrogados por el art\u00edculo 130 de la ley 270 de 1996, \u201cEstatutaria de la Administraci\u00f3n de justicia\u201d, lo que impide cualquier pronunciamiento de fondo, en vista de que se presenta una carencia actual de objeto.&nbsp; &nbsp;<\/p>\n<p>En cuanto al numeral 9\u00b0 demandado, el cual, seg\u00fan la vista fiscal, no fue subrogado por la ley 270 de 1996, considera que se aviene a la Constituci\u00f3n, \u201csiempre y cuando se entienda que los cargos all\u00ed mencionados son de libre nombramiento y remoci\u00f3n porque comprende el ejercicio de tareas directivas, de formulaci\u00f3n de pol\u00edticas, de conducci\u00f3n institucional o de confianza, como por ejemplo las que son propias de las direcciones nacional, seccional y regional del Cuerpo T\u00e9cnico de &nbsp;Investigaci\u00f3n\u201d. Por el contrario, afirma el Ministerio P\u00fablico, \u201clos empleos del Cuerpo T\u00e9cnico de Investigaci\u00f3n que conllevan el cumplimiento de tareas cient\u00edficas, t\u00e9cnicas y log\u00edsticas no relacionadas con la esfera directiva, por tratarse de funciones de car\u00e1cter profesional y operativo, son de carrera administrativa.\u201d &nbsp;<\/p>\n<p>Por \u00faltimo, solicita la vista fiscal que si para la fecha en que ha de producirse el fallo de este proceso, la Corte se ha pronunciado ya en el que, contra las mismas normas, se adelanta bajo la radicaci\u00f3n D-1401, esta corporaci\u00f3n se est\u00e9 a lo resuelto en dicha oportunidad. &nbsp;<\/p>\n<p>V. CONSIDERACIONES DE LA CORTE &nbsp;<\/p>\n<p>1. La competencia &nbsp;<\/p>\n<p>Por dirigirse la demanda contra una disposici\u00f3n que forma parte de una ley de la Rep\u00fablica, es competente la Corte Constitucional para decidir sobre su constitucionalidad, seg\u00fan lo prescribe el art\u00edculo 241-4 de la Carta Fundamental. &nbsp;<\/p>\n<p>2. Cosa Juzgada Constitucional &nbsp;<\/p>\n<p>En esa oportunidad la Corte afirm\u00f3 lo siguiente: &nbsp;<\/p>\n<p>\u201cEl art\u00edculo parcialmente demandado, que a su vez modifica el 66 del Decreto 2699 del 30 de noviembre de 1991, fue sustituido por el 130 de la Ley 270 de 1996, Estatutaria de la Administraci\u00f3n de Justicia, cuyo contenido ya fue objeto del examen de la Corte Constitucional en Sentencia C-037 del 5 de febrero de 1996 (M.P.: Dr. Vladimiro Naranjo Mesa).\u201d &nbsp;<\/p>\n<p>(&#8230;) &nbsp;<\/p>\n<p>\u201c Considera la Corte que la ley Estatutaria regul\u00f3 completamente el tema, quitando toda vigencia al art\u00edculo impugnado, motivo por el cual no acoge el concepto del Procurador General de la Naci\u00f3n, que pide resolver de fondo sobre la exequibilidad de los numerales 2 y 9 de aqu\u00e9l, referentes al Secretario General de la Fiscal\u00eda y a los empleados del Cuerpo T\u00e9cnico de Investigaci\u00f3n, a nivel nacional, regional y seccional, ya que tanto en uno como en otro caso tiene pleno vigor y aplicaci\u00f3n la norma estatutaria.\u201d &nbsp;<\/p>\n<p>(&#8230;) &nbsp;<\/p>\n<p>\u201cLa Corte, entonces, no podr\u00eda entrar a declarar la exequibilidad de la inclusi\u00f3n de los aludidos cargos como de libre nombramiento y remoci\u00f3n en norma ya subrogada por el texto estatutario, declarado exequible mediante la citada providencia.\u201d(Resaltado por fuera del texto original) &nbsp;<\/p>\n<p>Por haberse producido entonces el fen\u00f3meno de la cosa juzgada constitucional, en esta oportunidad la Corte Constitucional se estar\u00e1 a lo resuelto en la Sentencia C-053 de 1997. &nbsp;<\/p>\n<p>DECISION &nbsp;<\/p>\n<p>En m\u00e9rito de lo expuesto, la Sala Plena de la Corte Constitucional, o\u00eddo el concepto del se\u00f1or procurador general de la Naci\u00f3n y cumplidos los tr\u00e1mites previstos en el decreto 2067 de 1991, administrando justicia en nombre del pueblo y por mandato de la Constituci\u00f3n, &nbsp;<\/p>\n<p>R E S U E L V E : &nbsp;<\/p>\n<p>En cuanto a la procedencia de un pronunciamiento de fondo sobre la constitucionalidad de los numerales 3\u00b0, 4\u00b0, 5\u00b0, 6\u00b0, 8\u00b0 y 9\u00b0 del art\u00edculo 1\u00b0 de la ley 116 de 1994, ESTARSE a lo resuelto en la Sentencia C-053 de 1997. &nbsp;<\/p>\n<p>C\u00f3piese, notif\u00edquese, publ\u00edquese, comun\u00edquese al Gobierno Nacional y al Congreso de la Rep\u00fablica, ins\u00e9rtese en la Gaceta de la Corte Constitucional y arch\u00edvese el expediente. &nbsp;<\/p>\n<p>ANTONIO BARRERA CARBONELL &nbsp;<\/p>\n<p>Presidente &nbsp;<\/p>\n<p>JORGE ARANGO MEJIA &nbsp;<\/p>\n<p>Magistrado &nbsp;<\/p>\n<p>EDUARDO CIFUENTES MU\u00d1OZ &nbsp;<\/p>\n<p>Magistrado &nbsp;<\/p>\n<p>CARLOS GAVIRIA DIAZ &nbsp;<\/p>\n<p>Magistrado &nbsp;<\/p>\n<p>JOSE GREGORIO HERNANDEZ GALINDO &nbsp;<\/p>\n<p>Magistrado &nbsp;<\/p>\n<p>&nbsp;HERNANDO HERRERA VERGARA &nbsp;<\/p>\n<p>Magistrado &nbsp;<\/p>\n<p>ALEJANDRO MARTINEZ CABALLERO &nbsp;<\/p>\n<p>Magistrado &nbsp;<\/p>\n<p>FABIO MORON DIAZ &nbsp;<\/p>\n<p>Magistrado &nbsp;<\/p>\n<p>VLADIMIRO NARANJO MESA &nbsp;<\/p>\n<p>Magistrado ponente &nbsp;<\/p>\n<p>MARTHA VICTORIA SACHICA DE MONCALEANO &nbsp;<\/p>\n<p>Secretaria General &nbsp;<\/p>\n<p>&nbsp; &nbsp;&nbsp;<\/p>\n<p>\n","protected":false},"excerpt":{"rendered":"<p>C-311-97 &nbsp; &nbsp; Sentencia C-311\/97 &nbsp; COSA JUZGADA CONSTITUCIONAL-Norma subrogada clasificaci\u00f3n empleos de Fiscal\u00eda &nbsp; Referencia: Expediente D-1519 &nbsp; Demanda de inconstitucionalidad contra los numerales 3\u00b0, 4\u00b0(parcial), 5\u00b0, 6\u00b0, 8\u00b0 y 9\u00b0 del art\u00edculo 1\u00b0 de la ley 116 de 1994. &nbsp; &nbsp; &nbsp; Actor: Carlos Mario Isaza Serrano &nbsp; Magistrado Ponente: &nbsp; Dr. VLADIMIRO [&hellip;]<\/p>\n","protected":false},"author":1,"featured_media":0,"comment_status":"open","ping_status":"open","sticky":false,"template":"","format":"standard","meta":{"footnotes":""},"categories":[25],"tags":[],"class_list":["post-2893","post","type-post","status-publish","format-standard","hentry","category-sentencias-1997"],"_links":{"self":[{"href":"https:\/\/www.dmsjuridica.com\/buscador_20179478954\/corteconstitucionalcronologico202454587\/wp-json\/wp\/v2\/posts\/2893","targetHints":{"allow":["GET"]}}],"collection":[{"href":"https:\/\/www.dmsjuridica.com\/buscador_20179478954\/corteconstitucionalcronologico202454587\/wp-json\/wp\/v2\/posts"}],"about":[{"href":"https:\/\/www.dmsjuridica.com\/buscador_20179478954\/corteconstitucionalcronologico202454587\/wp-json\/wp\/v2\/types\/post"}],"author":[{"embeddable":true,"href":"https:\/\/www.dmsjuridica.com\/buscador_20179478954\/corteconstitucionalcronologico202454587\/wp-json\/wp\/v2\/users\/1"}],"replies":[{"embeddable":true,"href":"https:\/\/www.dmsjuridica.com\/buscador_20179478954\/corteconstitucionalcronologico202454587\/wp-json\/wp\/v2\/comments?post=2893"}],"version-history":[{"count":0,"href":"https:\/\/www.dmsjuridica.com\/buscador_20179478954\/corteconstitucionalcronologico202454587\/wp-json\/wp\/v2\/posts\/2893\/revisions"}],"wp:attachment":[{"href":"https:\/\/www.dmsjuridica.com\/buscador_20179478954\/corteconstitucionalcronologico202454587\/wp-json\/wp\/v2\/media?parent=2893"}],"wp:term":[{"taxonomy":"category","embeddable":true,"href":"https:\/\/www.dmsjuridica.com\/buscador_20179478954\/corteconstitucionalcronologico202454587\/wp-json\/wp\/v2\/categories?post=2893"},{"taxonomy":"post_tag","embeddable":true,"href":"https:\/\/www.dmsjuridica.com\/buscador_20179478954\/corteconstitucionalcronologico202454587\/wp-json\/wp\/v2\/tags?post=2893"}],"curies":[{"name":"wp","href":"https:\/\/api.w.org\/{rel}","templated":true}]}}