{"id":3018,"date":"2024-05-30T17:17:43","date_gmt":"2024-05-30T17:17:43","guid":{"rendered":"https:\/\/www.dmsjuridica.com\/buscador_20179478954\/corteconstitucionalcronologico202454587\/2024\/05\/30\/c-590-97\/"},"modified":"2024-05-30T17:17:43","modified_gmt":"2024-05-30T17:17:43","slug":"c-590-97","status":"publish","type":"post","link":"https:\/\/www.dmsjuridica.com\/buscador_20179478954\/corteconstitucionalcronologico202454587\/c-590-97\/","title":{"rendered":"C 590 97"},"content":{"rendered":"<p>C-590-97<\/p>\n<p>&nbsp; &nbsp; Sentencia C-590\/97 &nbsp;<\/p>\n<p>COSA JUZGADA CONSTITUCIONAL &nbsp;<\/p>\n<p>Referencia: D-1685 &nbsp;<\/p>\n<p>Actores: &nbsp;Andr\u00e9s De Zubir\u00eda Samper Y Carlos Alberto Ballesteros Bar\u00f3n. &nbsp; &nbsp;<\/p>\n<p>Demanda de inconstitucionalidad contra el art\u00edculo 146 (parcial) de la Ley 100 de 1993. &nbsp;<\/p>\n<p>Magistrado Ponente: &nbsp; &nbsp;<\/p>\n<p>Dr. Eduardo Cifuentes Mu\u00f1oz &nbsp;<\/p>\n<p>Santa Fe de Bogot\u00e1, D.C., Noviembre trece (13) mil novecientos noventa y siete (1997). &nbsp;<\/p>\n<p>Aprobada por acta N\u00ba 53 &nbsp;<\/p>\n<p>La Sala Plena de la Corte Constitucional, integrada por su Presidente Antonio Barrera Carbonell, y por los Magistrados Jorge Arango Mej\u00eda, Eduardo Cifuentes Mu\u00f1oz, Carlos Gaviria D\u00edaz, Jos\u00e9 Gregorio Hern\u00e1ndez Galindo, &nbsp;Hernando Herrera Vergara, Alejandro Mart\u00ednez Caballero, Fabio Mor\u00f3n D\u00edaz y Vladimiro Naranjo Mesa &nbsp;<\/p>\n<p>EN NOMBRE DEL PUEBLO &nbsp;<\/p>\n<p>Y &nbsp;<\/p>\n<p>POR MANDATO DE LA CONSTITUCION &nbsp;<\/p>\n<p>ha pronunciado la siguiente &nbsp;<\/p>\n<p>En el proceso de constitucionalidad contra el art\u00edculo 146 de la Ley 100 de 1993, \u201cpor la cual se crea el sistema de seguridad social integral y se dictan otras disposiciones\u201d. &nbsp;<\/p>\n<p>I. &nbsp;NORMA ACUSADA &nbsp;<\/p>\n<p>Ley 100 de 1993 &nbsp;<\/p>\n<p>(diciembre 23) &nbsp;<\/p>\n<p>\u201cpor la cual se crea el sistema de seguridad social integral y se dictan otras disposiciones\u201d &nbsp;<\/p>\n<p>El Congreso de Colombia &nbsp;<\/p>\n<p>DECRETA: &nbsp;<\/p>\n<p>\u201cArt\u00edculo 146. Situaciones jur\u00eddicas individuales definidas por disposiciones municipales o departamentales. &nbsp;Las situaciones jur\u00eddicas de car\u00e1cter individual definidas con anterioridad a la presente ley, con base en disposiciones municipales o departamentales en materia de pensiones de jubilaci\u00f3n extralegales en favor de empleados o servidores p\u00fablicos o personas vinculadas laboralmente a las entidades territoriales o sus organismos descentralizados, continuar\u00e1n vigentes. &nbsp;<\/p>\n<p>Tambi\u00e9n tendr\u00e1n derecho a pensionarse con arreglo a tales disposiciones, quienes con anterioridad a la vigencia de este art\u00edculo, hayan cumplido o cumplan dentro de los dos a\u00f1os siguientes los requisitos exigidos en dichas normas. &nbsp;<\/p>\n<p>Lo dispuesto en la presente ley no afecta ni modifica la situaci\u00f3n de las personas a que se refiere este art\u00edculo. &nbsp;<\/p>\n<p>Las disposiciones de este art\u00edculo regir\u00e1n desde la sanci\u00f3n de la presente ley\u201d. &nbsp;<\/p>\n<p>(Se subraya la parte demandada) &nbsp;<\/p>\n<p>II. &nbsp;ANTECEDENTES &nbsp;<\/p>\n<p>1. El Congreso de la Rep\u00fablica expidi\u00f3 la Ley 100 de 1993, publicado en el Diario Oficial N\u00ba 41.148 del 23 de diciembre de 1993. &nbsp;<\/p>\n<p>2. Los ciudadanos Andr\u00e9s de Zubir\u00eda Samper y Carlos Alberto Ballesteros Baron demandaron el art\u00edculo 146 de la Ley 100 de 1993 por encontrarlo violatorio de los art\u00edculos 13, 25, 48, 53 y 230 de la Constituci\u00f3n pol\u00edtica. &nbsp;<\/p>\n<p>3. El Procurador General de la Naci\u00f3n solicit\u00f3 a la Corte la declaraci\u00f3n de constitucionalidad de la norma. &nbsp;<\/p>\n<p>III. &nbsp;CARGOS DE LOS DEMANDANTES &nbsp;<\/p>\n<p>Primero. &nbsp;Violaci\u00f3n del art\u00edculo 13 de la C.P. &nbsp;<\/p>\n<p>El art\u00edculo 146, en la parte acusada, contempla un trato distinto contrario a la Carta. &nbsp;El art\u00edculo 36 de la Ley 100 de 1993 establece un r\u00e9gimen &nbsp;de transici\u00f3n, seg\u00fan el cual los trabajadores que est\u00e9n dentro de las hip\u00f3tesis del art\u00edculo, pueden acceder a la pensi\u00f3n en los t\u00e9rminos de las normas antecesoras de la Ley 100 de 1993. &nbsp;<\/p>\n<p>El art\u00edculo acusado dispone que para que los servidores departamentales y municipales puedan gozar de la pensi\u00f3n anteriores o en los t\u00e9rminos de las normas precedentes a la Ley 100 de 1993, deben cumplir a cabalidad los requisitos dentro de los dos (2) a\u00f1os siguientes a la entrada en vigencia de la Ley 100 de 1993. &nbsp;A pesar de que el art\u00edculo 36, norma general, dispone lo contrario. &nbsp;<\/p>\n<p>La desigualdad resulta manifiesta si se tiene en cuenta que muchos trabajadores, que cumplir\u00edan con sus requisitos a los pocos d\u00edas de vencerse el t\u00e9rmino se\u00f1alado por el legislador, tendr\u00edan que someterse a las nuevas condiciones fijadas en la Ley 100 de 1993. &nbsp;<\/p>\n<p>Podr\u00eda pensarse que la diferencia de trato se explica por las caracter\u00edsticas de los respectivos empleadores. &nbsp;Sin embargo, en la Sentencia C-221 de 1992 la Corte Constitucional dijo que \u201cla Constituci\u00f3n no autoriza el que la condici\u00f3n o las circunstancias particulares del patrono se conviertan en factores de tratos desiguales, en perjuicio de los trabajadores\u201d. &nbsp;<\/p>\n<p>Por otra parte, cabe se\u00f1alar que el art\u00edculo 48 de la C.P., dispone que el r\u00e9gimen de seguridad social debe regirse por el principio de universalidad, el cual se desconoce al imped\u00edrsele a los trabajadores acceder a la pensi\u00f3n por la aplicaci\u00f3n de la disposici\u00f3n acusada. &nbsp;<\/p>\n<p>Segundo. &nbsp;Violaci\u00f3n del art\u00edculo 53 de la C.P. &nbsp;<\/p>\n<p>El art\u00edculo 53 de la Carta, en consonancia con los principios que rigen en materia laboral, contempla que, en caso de duda, debe preferirse la interpretaci\u00f3n m\u00e1s favorable para el trabajador. &nbsp;<\/p>\n<p>La disposici\u00f3n acusada desconoce el mandato del art\u00edculo 53 de la C.P., al impedir a los trabajadores que re\u00fanen las condiciones fijadas en leyes anteriores a la Ley 100 de 1993, disfrutar de sus derechos prestacionales. &nbsp;Lo anterior por cuanto las normas anteriores a la Ley 100 de 1993 consagran condiciones m\u00e1s favorables. &nbsp;<\/p>\n<p>IV. &nbsp;CONCEPTO DEL PROCURADOR GENERAL DE LA NACI\u00d3N &nbsp;<\/p>\n<p>El Sr. Procurador se\u00f1ala que ha emitido concepto sobre la misma materia en el proceso D-1585, raz\u00f3n por la cual reitera lo expuesto. &nbsp;<\/p>\n<p>Competencia &nbsp;<\/p>\n<p>1. En los t\u00e9rminos del art\u00edculo 241-4 la Corte Constitucional es competente para conocer de la presente demanda. &nbsp;<\/p>\n<p>Cosa Juzgada Constitucional &nbsp;<\/p>\n<p>2. &nbsp;En la sentencia C-410 de 1997, la Corte Constitucional se pronunci\u00f3 sobre el art\u00edculo acusado, que declar\u00f3 exequible, salvo la expresi\u00f3n \u201co cumplan dentro de los dos a\u00f1os siguientes\u201d. &nbsp;<\/p>\n<p>En consecuencia, respecto de la expresi\u00f3n acusada existe cosa juzgada constitucional. &nbsp;<\/p>\n<p>VI. &nbsp;DECISION &nbsp;<\/p>\n<p>En m\u00e9rito de lo expuesto, la Corte Constitucional&nbsp; &nbsp;<\/p>\n<p>R E S U E L V E &nbsp;<\/p>\n<p>Estarse a lo resuelto en la Sentencia C-410 de 1997, en la que se declar\u00f3 exequible el art\u00edculo 146 de la Ley 100 de 1993, salvo la expresi\u00f3n &nbsp;\u201co cumplan dentro de los dos a\u00f1os siguientes\u201d, que fue declarado inexequible. &nbsp;<\/p>\n<p>Notif\u00edquese, comun\u00edquese, c\u00famplase e insertese en la Gaceta de la Corte Constitucional.&nbsp; &nbsp;<\/p>\n<p>ANTONIO BARRERA CARBONELL &nbsp;<\/p>\n<p>Presidente &nbsp;<\/p>\n<p>JORGE ARANGO MEJIA &nbsp;<\/p>\n<p>Magistrado &nbsp;<\/p>\n<p>EDUARDO CIFUENTES MU\u00d1OZ &nbsp;<\/p>\n<p>Magistrado &nbsp;<\/p>\n<p>CARLOS GAVIRIA DIAZ &nbsp;<\/p>\n<p>Magistrado &nbsp;<\/p>\n<p>JOSE GREGORIO HERNANDEZ GALINDO &nbsp;<\/p>\n<p>Magistrado &nbsp;<\/p>\n<p>HERNANDO HERRERA VERGARA &nbsp;<\/p>\n<p>Magistrado &nbsp;<\/p>\n<p>ALEJANDRO MARTINEZ CABALLERO &nbsp;<\/p>\n<p>Magistrado &nbsp;<\/p>\n<p>FABIO MORON DIAZ&nbsp; &nbsp;<\/p>\n<p>Magistrado &nbsp;<\/p>\n<p>VLADIMIRO NARANJO MESA &nbsp;<\/p>\n<p>Magistrado &nbsp;<\/p>\n<p>MARTHA VICTORIA SACHICA DE MONCALEANO &nbsp;<\/p>\n<p>Secretaria General &nbsp;<\/p>\n<p>&nbsp; &nbsp;&nbsp;<\/p>\n<p>\n","protected":false},"excerpt":{"rendered":"<p>C-590-97 &nbsp; &nbsp; Sentencia C-590\/97 &nbsp; COSA JUZGADA CONSTITUCIONAL &nbsp; Referencia: D-1685 &nbsp; Actores: &nbsp;Andr\u00e9s De Zubir\u00eda Samper Y Carlos Alberto Ballesteros Bar\u00f3n. &nbsp; &nbsp; Demanda de inconstitucionalidad contra el art\u00edculo 146 (parcial) de la Ley 100 de 1993. &nbsp; Magistrado Ponente: &nbsp; &nbsp; Dr. Eduardo Cifuentes Mu\u00f1oz &nbsp; Santa Fe de Bogot\u00e1, D.C., Noviembre [&hellip;]<\/p>\n","protected":false},"author":1,"featured_media":0,"comment_status":"open","ping_status":"open","sticky":false,"template":"","format":"standard","meta":{"footnotes":""},"categories":[25],"tags":[],"class_list":["post-3018","post","type-post","status-publish","format-standard","hentry","category-sentencias-1997"],"_links":{"self":[{"href":"https:\/\/www.dmsjuridica.com\/buscador_20179478954\/corteconstitucionalcronologico202454587\/wp-json\/wp\/v2\/posts\/3018","targetHints":{"allow":["GET"]}}],"collection":[{"href":"https:\/\/www.dmsjuridica.com\/buscador_20179478954\/corteconstitucionalcronologico202454587\/wp-json\/wp\/v2\/posts"}],"about":[{"href":"https:\/\/www.dmsjuridica.com\/buscador_20179478954\/corteconstitucionalcronologico202454587\/wp-json\/wp\/v2\/types\/post"}],"author":[{"embeddable":true,"href":"https:\/\/www.dmsjuridica.com\/buscador_20179478954\/corteconstitucionalcronologico202454587\/wp-json\/wp\/v2\/users\/1"}],"replies":[{"embeddable":true,"href":"https:\/\/www.dmsjuridica.com\/buscador_20179478954\/corteconstitucionalcronologico202454587\/wp-json\/wp\/v2\/comments?post=3018"}],"version-history":[{"count":0,"href":"https:\/\/www.dmsjuridica.com\/buscador_20179478954\/corteconstitucionalcronologico202454587\/wp-json\/wp\/v2\/posts\/3018\/revisions"}],"wp:attachment":[{"href":"https:\/\/www.dmsjuridica.com\/buscador_20179478954\/corteconstitucionalcronologico202454587\/wp-json\/wp\/v2\/media?parent=3018"}],"wp:term":[{"taxonomy":"category","embeddable":true,"href":"https:\/\/www.dmsjuridica.com\/buscador_20179478954\/corteconstitucionalcronologico202454587\/wp-json\/wp\/v2\/categories?post=3018"},{"taxonomy":"post_tag","embeddable":true,"href":"https:\/\/www.dmsjuridica.com\/buscador_20179478954\/corteconstitucionalcronologico202454587\/wp-json\/wp\/v2\/tags?post=3018"}],"curies":[{"name":"wp","href":"https:\/\/api.w.org\/{rel}","templated":true}]}}