{"id":30210,"date":"2024-12-09T21:05:34","date_gmt":"2024-12-09T21:05:34","guid":{"rendered":"https:\/\/www.dmsjuridica.com\/buscador_20179478954\/corteconstitucionalcronologico202454587\/t-032-24-2\/"},"modified":"2024-12-09T21:05:34","modified_gmt":"2024-12-09T21:05:34","slug":"t-032-24-2","status":"publish","type":"post","link":"https:\/\/www.dmsjuridica.com\/buscador_20179478954\/corteconstitucionalcronologico202454587\/t-032-24-2\/","title":{"rendered":"T-032-24"},"content":{"rendered":"\n<p>\u00a0 \u00a0 Expedientes T-9.516.179 y T-9.542.631 \u00a0<\/p>\n<p>\u00a0\u00a0<\/p>\n<p>\u00a0\u00a0<\/p>\n<p>TEMAS-SUBTEMAS \u00a0<\/p>\n<p>\u00a0\u00a0<\/p>\n<p>Sentencia T-032\/24 \u00a0<\/p>\n<p>\u00a0\u00a0<\/p>\n<p>\u00a0\u00a0<\/p>\n<p>DERECHO FUNDAMENTAL A LA EDUCACION DE NI\u00d1OS, NI\u00d1AS Y ADOLESCENTES-Transporte escolar gratuito y eficaz para familias de escasos recursos \u00a0<\/p>\n<p>\u00a0\u00a0<\/p>\n<p>DERECHO A LA EDUCACION DE NI\u00d1OS, NI\u00d1AS Y ADOLESCENTES-Procedencia de la acci\u00f3n de tutela para su protecci\u00f3n\u00a0 \u00a0<\/p>\n<p>DERECHO A LA EDUCACION DE MENORES DE EDAD-Debe ser interpretado conforme al principio del inter\u00e9s superior del menor\u00a0\u00a0 \u00a0<\/p>\n<p>\u00a0 \u00a0<\/p>\n<p>DERECHO A LA EDUCACION-Contenido y alcance\u00a0 \u00a0<\/p>\n<p>\u00a0 \u00a0<\/p>\n<p>DERECHO A LA EDUCACION-Desarrollo integral\u00a0 \u00a0<\/p>\n<p>\u00a0 \u00a0<\/p>\n<p>DERECHO A LA EDUCACION-Obligaci\u00f3n del Estado\u00a0 \u00a0<\/p>\n<p>\u00a0 \u00a0<\/p>\n<p>DERECHO A LA EDUCACION-Disponibilidad, accesibilidad, aceptabilidad y adaptabilidad\u00a0 \u00a0<\/p>\n<p>\u00a0 \u00a0<\/p>\n<p>ACCESIBILIDAD COMO COMPONENTE ESENCIAL DEL DERECHO A LA EDUCACION-Dimensiones\u00a0 \u00a0<\/p>\n<p>\u00a0 \u00a0<\/p>\n<p>i) la imposibilidad de restringir el acceso por motivos prohibidos, de manera que todos tengan cabida, en especial quienes hacen parte de los grupos m\u00e1s vulnerables; ii) la accesibilidad\u00a0 material o geogr\u00e1fica, que se logra con instituciones de acceso razonable y herramientas tecnol\u00f3gicas modernas y iii) la accesibilidad econ\u00f3mica, (la educaci\u00f3n ha de estar al alcance de todos), involucra la gratuidad de la educaci\u00f3n primaria y la implementaci\u00f3n gradual de la ense\u00f1anza secundaria y superior gratuita.\u00a0 \u00a0<\/p>\n<p>\u00a0 \u00a0<\/p>\n<p>ACCESO MATERIAL AL SISTEMA GENERAL DE EDUCACION-Incorpora la accesibilidad como n\u00facleo esencial del derecho a la educaci\u00f3n\u00a0 \u00a0<\/p>\n<p>\u00a0 \u00a0<\/p>\n<p>DERECHO A LA EDUCACION-Obligaciones presupuestales de las entidades territoriales en materia educativa\u00a0 \u00a0<\/p>\n<p>\u00a0 \u00a0<\/p>\n<p>SISTEMA GENERAL DE PARTICIPACIONES DEL SECTOR EDUCATIVO-Financiaci\u00f3n \u00a0<\/p>\n<p>\u00a0\u00a0<\/p>\n<p>SISTEMA GENERAL DE PARTICIPACIONES DEL SECTOR EDUCATIVO-Distribuci\u00f3n de recursos\u00a0 \u00a0<\/p>\n<p>\u00a0 \u00a0<\/p>\n<p>SISTEMA GENERAL DE PARTICIPACIONES DEL SECTOR EDUCATIVO-Competencia de la Naci\u00f3n y de las entidades territoriales \u00a0 \u00a0<\/p>\n<p>\u00a0 \u00a0<\/p>\n<p>COMPETENCIA ENTRE LA NACI\u00d3N Y LAS ENTIDADES TERRITORIALES EN MATERIA DE EDUCACI\u00d3N-Principios de coordinaci\u00f3n, concurrencia y subsidiariedad \u00a0<\/p>\n<p>\u00a0\u00a0<\/p>\n<p>DERECHO A LA EDUCACION DE NI\u00d1OS, NI\u00d1AS Y ADOLESCENTES-El transporte escolar de aquellos que residen en zonas alejadas de la instituci\u00f3n educativa o de dif\u00edcil acceso, es una prestaci\u00f3n propia del derecho a la educaci\u00f3n \u00a0 \u00a0<\/p>\n<p>\u00a0\u00a0<\/p>\n<p>REP\u00daBLICA DE COLOMBIA \u00a0 \u00a0<\/p>\n<p>CORTE CONSTITUCIONAL \u00a0<\/p>\n<p>Sala Sexta de Revisi\u00f3n \u00a0<\/p>\n<p>\u00a0\u00a0<\/p>\n<p>SENTENCIA T-032 DE 2024 \u00a0<\/p>\n<p>\u00a0\u00a0<\/p>\n<p>Referencia: expedientes T-9.516.179 y T-9.542.631\u00a0 \u00a0<\/p>\n<p>\u00a0\u00a0<\/p>\n<p>Revisi\u00f3n de las decisiones judiciales relacionadas con las solicitudes de tutela presentadas por Ignacio y Luisa en contra de la Secretar\u00eda de Educaci\u00f3n Municipal de Piedecuesta y la Secretar\u00eda de Educaci\u00f3n Municipal de Jamund\u00ed, respectivamente. \u00a0<\/p>\n<p>\u00a0\u00a0<\/p>\n<p>Magistrado sustanciador: \u00a0<\/p>\n<p>ANTONIO JOS\u00c9 LIZARAZO OCAMPO \u00a0<\/p>\n<p>\u00a0\u00a0<\/p>\n<p>Bogot\u00e1, D. C., trece (13) de febrero de dos mil veinticuatro (2024) \u00a0<\/p>\n<p>\u00a0\u00a0<\/p>\n<p>La Sala Sexta de Revisi\u00f3n, en ejercicio de sus competencias constitucionales y legales, decide sobre la revisi\u00f3n de los fallos proferidos, en primera instancia, por el Juzgado Primero Penal Municipal con Funciones Mixtas de Piedecuesta y, en segunda instancia, por el Juzgado Octavo Penal del Circuito de Bucaramanga con Funciones de Conocimiento (expediente T-9.516.179). Y, del mismo modo, sobre el fallo proferido en primera instancia por el Juzgado Primero Civil Municipal de Jamund\u00ed (expediente T-9.542.631), previas las siguientes consideraciones1. \u00a0<\/p>\n<p>\u00a0 \u00a0 \u00a0 \u00a0 \u00a0<\/p>\n<p>Aclaraci\u00f3n preliminar \u00a0<\/p>\n<p>\u00a0\u00a0<\/p>\n<p>La Sala ha adoptado como medida de protecci\u00f3n a la intimidad de los menores de edad involucrados en el presente proceso, la supresi\u00f3n de los datos que permitan su identificaci\u00f3n, raz\u00f3n por la cual su nombre y el de sus familiares ser\u00e1n remplazados por unos ficticios2 \u00a0 \u00a0<\/p>\n<p>1 Los expedientes fueron seleccionados para revisi\u00f3n por la Sala de Selecci\u00f3n de Tutelas N\u00famero Ocho, por medio del Auto del 31 de agosto de 2023 y notificado el 14 de septiembre del mismo a\u00f1o. En el resolutivo d\u00e9cimo cuarto del auto de selecci\u00f3n se decidi\u00f3 acumular los casos, por presentar unidad de\u00a0<\/p>\n<p><\/p>\n","protected":false},"excerpt":{"rendered":"<p>\u00a0 \u00a0 Expedientes T-9.516.179 y T-9.542.631 \u00a0 \u00a0\u00a0 \u00a0\u00a0 TEMAS-SUBTEMAS \u00a0 \u00a0\u00a0 Sentencia T-032\/24 \u00a0 \u00a0\u00a0 \u00a0\u00a0 DERECHO FUNDAMENTAL A LA EDUCACION DE NI\u00d1OS, NI\u00d1AS Y ADOLESCENTES-Transporte escolar gratuito y eficaz para familias de escasos recursos \u00a0 \u00a0\u00a0 DERECHO A LA EDUCACION DE NI\u00d1OS, NI\u00d1AS Y ADOLESCENTES-Procedencia de la acci\u00f3n de tutela para su protecci\u00f3n\u00a0 [&hellip;]<\/p>\n","protected":false},"author":1,"featured_media":0,"comment_status":"open","ping_status":"open","sticky":false,"template":"","format":"standard","meta":{"footnotes":""},"categories":[146],"tags":[],"class_list":["post-30210","post","type-post","status-publish","format-standard","hentry","category-tutelas-2024"],"_links":{"self":[{"href":"https:\/\/www.dmsjuridica.com\/buscador_20179478954\/corteconstitucionalcronologico202454587\/wp-json\/wp\/v2\/posts\/30210","targetHints":{"allow":["GET"]}}],"collection":[{"href":"https:\/\/www.dmsjuridica.com\/buscador_20179478954\/corteconstitucionalcronologico202454587\/wp-json\/wp\/v2\/posts"}],"about":[{"href":"https:\/\/www.dmsjuridica.com\/buscador_20179478954\/corteconstitucionalcronologico202454587\/wp-json\/wp\/v2\/types\/post"}],"author":[{"embeddable":true,"href":"https:\/\/www.dmsjuridica.com\/buscador_20179478954\/corteconstitucionalcronologico202454587\/wp-json\/wp\/v2\/users\/1"}],"replies":[{"embeddable":true,"href":"https:\/\/www.dmsjuridica.com\/buscador_20179478954\/corteconstitucionalcronologico202454587\/wp-json\/wp\/v2\/comments?post=30210"}],"version-history":[{"count":0,"href":"https:\/\/www.dmsjuridica.com\/buscador_20179478954\/corteconstitucionalcronologico202454587\/wp-json\/wp\/v2\/posts\/30210\/revisions"}],"wp:attachment":[{"href":"https:\/\/www.dmsjuridica.com\/buscador_20179478954\/corteconstitucionalcronologico202454587\/wp-json\/wp\/v2\/media?parent=30210"}],"wp:term":[{"taxonomy":"category","embeddable":true,"href":"https:\/\/www.dmsjuridica.com\/buscador_20179478954\/corteconstitucionalcronologico202454587\/wp-json\/wp\/v2\/categories?post=30210"},{"taxonomy":"post_tag","embeddable":true,"href":"https:\/\/www.dmsjuridica.com\/buscador_20179478954\/corteconstitucionalcronologico202454587\/wp-json\/wp\/v2\/tags?post=30210"}],"curies":[{"name":"wp","href":"https:\/\/api.w.org\/{rel}","templated":true}]}}