{"id":30336,"date":"2024-12-09T21:05:46","date_gmt":"2024-12-09T21:05:46","guid":{"rendered":"https:\/\/www.dmsjuridica.com\/buscador_20179478954\/corteconstitucionalcronologico202454587\/t-210-24\/"},"modified":"2024-12-09T21:05:46","modified_gmt":"2024-12-09T21:05:46","slug":"t-210-24","status":"publish","type":"post","link":"https:\/\/www.dmsjuridica.com\/buscador_20179478954\/corteconstitucionalcronologico202454587\/t-210-24\/","title":{"rendered":"T-210-24"},"content":{"rendered":"\n<p>\u00a0 \u00a0 Expediente T-9.707.299 \u00a0<\/p>\n<p>\u00a0\u00a0<\/p>\n<p>\u00a0\u00a0<\/p>\n<p>DERECHO AL DEBIDO PROCESO ADMINISTRATIVO Y A LA PERSONALIDAD JUR\u00cdDICA-Vulneraci\u00f3n por la Registradur\u00eda Nacional del Estado Civil al negar la cancelaci\u00f3n del registro civil de nacimiento, a pesar de haber constatado que la persona ya hab\u00eda sido registrada \u00a0<\/p>\n<p>\u00a0\u00a0<\/p>\n<p>(&#8230;) la entidad accionada estaba en la capacidad de establecer si los dos registros civiles de nacimiento&#8230; pertenec\u00edan a una misma persona y se trataba del mismo hecho (nacimiento) registrado dos veces o si, por el contrario, hac\u00edan referencia a personas distintas&#8230; Adem\u00e1s el actuar de la Registradur\u00eda permiti\u00f3 que un menor de edad obtuviera un segundo registro civil de nacimiento tramitado por los abuelos, pese a que estaba en la capacidad de constatar que este ya hab\u00eda sido registrado con anterioridad por sus padres&#8230; la Registradur\u00eda Nacional del Estado Civil no solo vulner\u00f3 el derecho a la personalidad jur\u00eddica del menor de edad representado en esta oportunidad, sino su derecho al debido proceso administrativo, pues las actuaciones de la entidad no se enmarcaron en los principios que deben caracterizar el cumplimiento de las funciones de las entidades p\u00fablicas y en el deber de debida diligencia. \u00a0<\/p>\n<p>\u00a0\u00a0<\/p>\n<p>DERECHOS DE LOS NI\u00d1OS, NI\u00d1AS Y ADOLESCENTES-Regla de subsidiariedad es menos rigurosa y se debe atender de manera primordial el inter\u00e9s superior de los menores de edad \u00a0<\/p>\n<p>\u00a0\u00a0<\/p>\n<p>PRINCIPIO DE SUBSIDIARIEDAD DE LA ACCION DE TUTELA-Procedencia excepcional en caso de no existir otro medio de defensa judicial \u00a0<\/p>\n<p>\u00a0\u00a0<\/p>\n<p>DERECHO A LA PERSONALIDAD JURIDICA-Alcance \u00a0<\/p>\n<p>\u00a0\u00a0<\/p>\n<p>ATRIBUTOS DE LA PERSONALIDAD-Nombre, capacidad, estado civil, domicilio, nacionalidad y patrimonio \u00a0<\/p>\n<p>\u00a0\u00a0<\/p>\n<p>DERECHO A LA PERSONALIDAD JURIDICA-Importancia del nombre, del registro civil y de la c\u00e9dula de ciudadan\u00eda en su ejercicio \u00a0<\/p>\n<p>\u00a0\u00a0<\/p>\n<p>DERECHO AL DEBIDO PROCESO ADMINISTRATIVO Y SU INCIDENCIA EN LAS ACTUACIONES DE LA REGISTRADURIA NACIONAL DEL ESTADO CIVIL-Aspectos b\u00e1sicos \u00a0<\/p>\n<p>\u00a0\u00a0<\/p>\n<p>ACTUACION ADMINISTRATIVA-Principios \u00a0<\/p>\n<p>\u00a0\u00a0<\/p>\n<p>DEBIDA DILIGENCIA EN LAS ACTUACIONES ADMINISTRATIVAS-Aplicaci\u00f3n en el cumplimiento de sus funciones \u00a0<\/p>\n<p>\u00a0\u00a0<\/p>\n<p>(&#8230;) el est\u00e1ndar de la debida diligencia supone que la administraci\u00f3n ejerza sus deberes y actuaciones de acuerdo con el ordenamiento jur\u00eddico y de manera eficaz para la garant\u00eda de los derechos de los administrados. \u00a0<\/p>\n<p>\u00a0\u00a0<\/p>\n<p>\u00a0\u00a0<\/p>\n<p>DERECHO A LA PERSONALIDAD JURIDICA-Importancia para el ejercicio de otros derechos fundamentales \u00a0<\/p>\n<p>\u00a0\u00a0<\/p>\n<p>PRINCIPIO DE RESPONSABILIDAD-Finalidad \u00a0<\/p>\n<p>\u00a0\u00a0<\/p>\n<p>(&#8230;) las autoridades y sus agentes asumir\u00e1n las consecuencias por sus decisiones, omisiones o extralimitaci\u00f3n de funciones, de acuerdo con la Constituci\u00f3n, las leyes y los reglamentos. \u00a0<\/p>\n<p>\u00a0\u00a0<\/p>\n<p>\u00a0\u00a0<\/p>\n<p>\u00a0\u00a0<\/p>\n<p>REP\u00daBLICA DE COLOMBIA \u00a0 \u00a0<\/p>\n<p>CORTE CONSTITUCIONAL \u00a0<\/p>\n<p>Sala Sexta de Revisi\u00f3n \u00a0<\/p>\n<p>\u00a0\u00a0<\/p>\n<p>SENTENCIA T-210 DE 2024 \u00a0<\/p>\n<p>\u00a0\u00a0<\/p>\n<p>Referencia: expediente T-9.707.299 \u00a0<\/p>\n<p>\u00a0\u00a0<\/p>\n<p>Revisi\u00f3n de las decisiones judiciales relacionadas con la solicitud de tutela presentada por Julia en contra de la Registradur\u00eda Nacional del Estado Civil. \u00a0<\/p>\n<p>\u00a0\u00a0<\/p>\n<p>Magistrado sustanciador: \u00a0<\/p>\n<p>ANTONIO JOS\u00c9 LIZARAZO OCAMPO \u00a0<\/p>\n<p>\u00a0\u00a0<\/p>\n<p>Bogot\u00e1, D. C., seis (06) de junio de dos mil veinticuatro (2024) \u00a0<\/p>\n<p>\u00a0\u00a0<\/p>\n<p>La Sala Sexta de Revisi\u00f3n, en ejercicio de sus competencias constitucionales y legales, decide sobre la revisi\u00f3n de los fallos proferidos, en primera instancia, por el Juzgado Penal del Circuito de Fundaci\u00f3n, Magdalena, y, en segunda instancia, por la Sala Penal del Tribunal Superior del Distrito Judicial de Santa Marta, dentro del proceso de la referencia1, previas las siguientes consideraciones. \u00a0<\/p>\n<p>\u00a0\u00a0<\/p>\n<p>Aclaraci\u00f3n preliminar \u00a0<\/p>\n<p>\u00a0\u00a0<\/p>\n<p>La Sala ha adoptado como medida de protecci\u00f3n a la intimidad del menor de edad involucrado en el presente proceso, la supresi\u00f3n de los datos que permitan su identificaci\u00f3n, raz\u00f3n por la cual su nombre y el de sus familiares ser\u00e1n remplazados por unos ficticios2 \u00a0 \u00a0<\/p>\n<p>1 El expediente fue escogido para su revisi\u00f3n por la Sala de Selecci\u00f3n de Tutela N\u00famero 11, por medio del Auto del 30 de noviembre de 2023 y notificado el 15 de diciembre del mismo a\u00f1o.\u00a0 \u00a0<\/p>\n<p>2 Corte Constitucional, Circular Interna n.\u00ba 10 de 2022. Al respecto, se precisa que la Sala va a emitir dos versiones de la misma sentencia y que la versi\u00f3n que se va a publicar en internet es la que corresponde a la anonimizada. La informaci\u00f3n de remplazo\u00a0<\/p>\n<p><\/p>\n","protected":false},"excerpt":{"rendered":"<p>\u00a0 \u00a0 Expediente T-9.707.299 \u00a0 \u00a0\u00a0 \u00a0\u00a0 DERECHO AL DEBIDO PROCESO ADMINISTRATIVO Y A LA PERSONALIDAD JUR\u00cdDICA-Vulneraci\u00f3n por la Registradur\u00eda Nacional del Estado Civil al negar la cancelaci\u00f3n del registro civil de nacimiento, a pesar de haber constatado que la persona ya hab\u00eda sido registrada \u00a0 \u00a0\u00a0 (&#8230;) la entidad accionada estaba en la capacidad [&hellip;]<\/p>\n","protected":false},"author":1,"featured_media":0,"comment_status":"open","ping_status":"open","sticky":false,"template":"","format":"standard","meta":{"footnotes":""},"categories":[146],"tags":[],"class_list":["post-30336","post","type-post","status-publish","format-standard","hentry","category-tutelas-2024"],"_links":{"self":[{"href":"https:\/\/www.dmsjuridica.com\/buscador_20179478954\/corteconstitucionalcronologico202454587\/wp-json\/wp\/v2\/posts\/30336","targetHints":{"allow":["GET"]}}],"collection":[{"href":"https:\/\/www.dmsjuridica.com\/buscador_20179478954\/corteconstitucionalcronologico202454587\/wp-json\/wp\/v2\/posts"}],"about":[{"href":"https:\/\/www.dmsjuridica.com\/buscador_20179478954\/corteconstitucionalcronologico202454587\/wp-json\/wp\/v2\/types\/post"}],"author":[{"embeddable":true,"href":"https:\/\/www.dmsjuridica.com\/buscador_20179478954\/corteconstitucionalcronologico202454587\/wp-json\/wp\/v2\/users\/1"}],"replies":[{"embeddable":true,"href":"https:\/\/www.dmsjuridica.com\/buscador_20179478954\/corteconstitucionalcronologico202454587\/wp-json\/wp\/v2\/comments?post=30336"}],"version-history":[{"count":0,"href":"https:\/\/www.dmsjuridica.com\/buscador_20179478954\/corteconstitucionalcronologico202454587\/wp-json\/wp\/v2\/posts\/30336\/revisions"}],"wp:attachment":[{"href":"https:\/\/www.dmsjuridica.com\/buscador_20179478954\/corteconstitucionalcronologico202454587\/wp-json\/wp\/v2\/media?parent=30336"}],"wp:term":[{"taxonomy":"category","embeddable":true,"href":"https:\/\/www.dmsjuridica.com\/buscador_20179478954\/corteconstitucionalcronologico202454587\/wp-json\/wp\/v2\/categories?post=30336"},{"taxonomy":"post_tag","embeddable":true,"href":"https:\/\/www.dmsjuridica.com\/buscador_20179478954\/corteconstitucionalcronologico202454587\/wp-json\/wp\/v2\/tags?post=30336"}],"curies":[{"name":"wp","href":"https:\/\/api.w.org\/{rel}","templated":true}]}}