{"id":30356,"date":"2024-12-09T21:05:48","date_gmt":"2024-12-09T21:05:48","guid":{"rendered":"https:\/\/www.dmsjuridica.com\/buscador_20179478954\/corteconstitucionalcronologico202454587\/t-238-24\/"},"modified":"2024-12-09T21:05:48","modified_gmt":"2024-12-09T21:05:48","slug":"t-238-24","status":"publish","type":"post","link":"https:\/\/www.dmsjuridica.com\/buscador_20179478954\/corteconstitucionalcronologico202454587\/t-238-24\/","title":{"rendered":"T-238-24"},"content":{"rendered":"\n<p><\/p>\n<p>TEMAS-SUBTEMAS<\/p>\n<p>Sentencia T-238\/24<\/p>\n<p>COMITE DE LIBERTAD SINDICAL DE LA OIT-Recomendaciones, debidamente aprobadas por el Consejo de Administraci\u00f3n, tienen car\u00e1cter vinculante\/DERECHO DE HUELGA-Facultad legislativa de reglamentaci\u00f3n de ejercicio\/DERECHO DE LIBERTAD SINDICAL-No vulneraci\u00f3n<\/p>\n<p>PRINCIPIO DE INMEDIATEZ COMO REQUISITO DE PROCEDIBILIDAD DE LA ACCION DE TUTELA-Debe ponderarse bajo el criterio del plazo razonable y oportuno<\/p>\n<p>DERECHO A LA HUELGA-Contenido y alcance<\/p>\n<p>DERECHO A LA HUELGA-L\u00edmites en los servicios p\u00fablicos esenciales<\/p>\n<p>DERECHO A LA HUELGA-Puede ser limitado por el legislador\/PROHIBICION DE HUELGA EN SERVICIOS PUBLICOS ESENCIALES-Reglas jurisprudenciales<\/p>\n<p>OBLIGATORIEDAD DE RECOMENDACIONES DEL COMITE DE LIBERTAD SINDICAL APROBADAS POR EL CONSEJO DE ADMINISTRACION DE LA OIT-Jurisprudencia constitucional<\/p>\n<p>CORTE INTERAMERICANA DE DERECHOS HUMANOS-Criterio hermen\u00e9utico relevante para establecer sentido de derechos fundamentales<\/p>\n<p>ESTADO DE COSAS INCONSTITUCIONAL-Factores que lo determinan<\/p>\n<p>REP\u00daBLICA DE COLOMBIA<\/p>\n<p>CORTE CONSTITUCIONAL<\/p>\n<p>Sala Quinta de Revisi\u00f3n<\/p>\n<p>SENTENCIA T-238 DE 2024<\/p>\n<p>Expediente: T-9.805.776<\/p>\n<p>Acci\u00f3n de tutela instaurada por Juan Esteban Z\u00fa\u00f1iga L\u00f3pez contra la Presidencia de la Rep\u00fablica de Colombia, el Ministerio de Relaciones Exteriores, el Ministerio del Interior, el Ministerio del trabajo, el Ministerio del Transporte, el Senado de la Rep\u00fablica, la C\u00e1mara de Representantes, la Fiscal\u00eda General de la Naci\u00f3n, la Procuradur\u00eda General de la Naci\u00f3n y Defensor\u00eda del Pueblo.<\/p>\n<p>Magistrado Ponente: Jorge Enrique Ib\u00e1\u00f1ez Najar<\/p>\n<p>Bogot\u00e1, D.C., diecinueve (19) de junio de dos mil veinticuatro (2024)<\/p>\n<p>La Sala Quinta de Revisi\u00f3n de la Corte Constitucional, integrada por los Magistrados Antonio Jos\u00e9 Lizarazo Ocampo, Paola Andrea Meneses Mosquera y Jorge Enrique Ib\u00e1\u00f1ez Najar, quien la preside, en ejercicio de sus competencias constitucionales, legales y reglamentarias, ha pronunciado la siguiente:<\/p>\n<p>SENTENCIA<\/p>\n<p>Dentro del proceso de revisi\u00f3n del fallo emitido, en primera instancia, por el Juzgado Cincuenta y Siete Administrativo del Circuito Judicial de Bogot\u00e1 D.C., Secci\u00f3n Segunda y, en segunda instancia, por el Tribunal Administrativo de Cundinamarca, Secci\u00f3n Segunda, Subsecci\u00f3n \u201cB\u201d, respecto de la acci\u00f3n de tutela presentada por Juan Esteban Z\u00fa\u00f1iga L\u00f3pez.<\/p>\n<p>I. ANTECEDENTES<\/p>\n<p>Hechos relevantes<\/p>\n<p>1. 1. \u00a0El 8 de agosto de 2017, la Asociaci\u00f3n Colombiana de Aviadores Civiles -en adelante, ACDAC-, en su calidad de sindicato de industria, present\u00f3 un pliego de peticiones a la sociedad Aerov\u00edas del Continente Americano S.A. -en adelante, Avianca S.A-. En dicho pliego de peticiones, el sindicato solicit\u00f3 el mejoramiento de las condiciones de trabajo de sus afiliados, as\u00ed como la renovaci\u00f3n y cumplimiento efectivo de la convenci\u00f3n colectiva de trabajo que, en el pasado, hab\u00eda suscrito con la empresa.<\/p>\n<p>2. La presentaci\u00f3n del pliego de peticiones dio inicio a la negociaci\u00f3n colectiva, pero en la etapa de arreglo directo no se lleg\u00f3 a ning\u00fan acuerdo entre las partes. Por esta raz\u00f3n, los miembros de la ACDAC decidieron, el 15 de septiembre de 2017, acudir al mecanismo de la huelga desde las 4 de la ma\u00f1ana del 20 de septiembre siguiente. Seg\u00fan las actas del sindicato, esta decisi\u00f3n se tom\u00f3 en una asamblea donde 699 miembros de la organizaci\u00f3n votaron a favor. De estos votos, 215 fueron presenciales y los dem\u00e1s por representaci\u00f3n.<\/p>\n<p>3. Afirm\u00f3 el accionante que, durante la huelga, los miembros de la ACDAC fueron v\u00edctimas de interceptaciones ilegales de comunicaciones, amenazas e injurias por parte del presidente de Avianca S.A.<\/p>\n<p>4. Avianca S.A. inici\u00f3 un proceso especial para que se calificara la legalidad del cese de actividades ejecutado en sus instalaciones y centros de servicio desde el 20 de septiembre de 2017, con fundamento en las causales a) y d) del art\u00edculo 450 del C\u00f3digo Sustantivo del Trabajo, por no haber sido votada por las mayor\u00edas establecidas legalmente y por recaer sobre un servicio p\u00fablico esencial.<\/p>\n<p>5. Mediante Sentencia del 6 de octubre de 2017, el Tribunal Superior del Distrito Judicial de Bogot\u00e1, Sala Laboral, declar\u00f3 que la huelga hab\u00eda sido ilegal porque (i) hab\u00eda reca\u00eddo sobre un servicio p\u00fablico esencial, y (ii) hubo irregularidades en la decisi\u00f3n tomada por el sindicato en su asamblea, dado que no se hab\u00edan respetado las mayor\u00edas exigidas por la ley. Igualmente, el Tribunal decidi\u00f3 prevenir a la empresa con el \u00e1nimo de que, a pesar de esta declaratoria, no desvinculara a quienes participaron activamente en el cese, a menos que se diera plena aplicaci\u00f3n a lo dispuesto en el art\u00edculo 1 del Decreto 2164 de 1959.<\/p>\n<p>6. La anterior decisi\u00f3n fue apelada y mediante la sentencia SL20094-2017, la Corte Suprema de Justicia confirm\u00f3 la ilegalidad de la huelga y revoc\u00f3 la previsi\u00f3n que hab\u00eda hecho el Tribunal en lo relativo a la aplicaci\u00f3n del art\u00edculo 1 del Decreto 2164 de 1959, en el marco de los procesos disciplinarios que se iniciaran contra quienes participaron en el cese de actividades. Esto \u00faltimo tras considerar que este tr\u00e1mite judicial especial estaba dirigido \u00fanicamente a calificar el cese de actividades y, por tanto, el Tribunal no ten\u00eda permitido pronunciarse sobre otras cuestiones distintas.<\/p>\n<p>7. Sobre la ilegalidad de la huelga, la Corte Suprema de Justicia sostuvo que: a) la ACDAC era un sindicato de industria minoritario dado que contaba (para el a\u00f1o 2017) con 702 afiliados, cuando el n\u00famero total de trabajadores de Avianca S.A. era de 8.540. Al ser un sindicato minoritario, para acudir a la huelga deb\u00eda \u201ccontar con [la aprobaci\u00f3n de] la mayor\u00eda de los trabajadores de la empresa, [a partir de] mecanismos democr\u00e1ticos de participaci\u00f3n y control\u201d. Esto en virtud de lo dispuesto en el art\u00edculo 444 del C\u00f3digo Sustantivo del Trabajo. En contraste, la decisi\u00f3n tomada por el sindicato solo fue apoyada por sus afiliados.<\/p>\n<p>9. De cualquier manera, al mismo tiempo que trascurr\u00eda la huelga y se defin\u00eda su legalidad por parte de los jueces, el Ministerio del Trabajo orden\u00f3 la conformaci\u00f3n de un Tribunal de Arbitramento Obligatorio. Ese tribunal modific\u00f3 la convenci\u00f3n colectiva de trabajo por medio de un laudo que se profiri\u00f3 el 11 de diciembre de 2017. El Ministerio conform\u00f3 dicho tribunal amparado en lo dispuesto por el art\u00edculo 452 -literal a- del C\u00f3digo Sustantivo del Trabajo.<\/p>\n<p>10. Declarada la ilegalidad de la huelga, el actor se\u00f1al\u00f3 que el sindicato y sus miembros fueron v\u00edctimas de distintas pr\u00e1cticas antisindicales. Algunas de ellas fueron las siguientes:<\/p>\n<p>i. (i) \u00a0Avianca S.A. inici\u00f3 procesos disciplinarios en contra de quienes hab\u00edan participado en la huelga. El accionante indic\u00f3 que, en esos procesos, \u201cse negaba a los pilotos la pr\u00e1ctica de pruebas en su favor, se otorgaban permisos sindicales unilaterales para no permitir a directivos de la ACDAC efectuar labores de vuelo, no se permit\u00eda a los disciplinados contar con presencia de los representantes de la ACDAC en su defensa, entre otras\u201d. Concluidos dichos procesos, Avianca S.A. despidi\u00f3 a un centenar de pilotos, y entre ellos se encontraba el actor.<\/p>\n<p>() El Ministerio del Trabajo no vigil\u00f3 esos procedimientos, y no verific\u00f3 que los despidos se hicieran conforme a la ley. En ese sentido, el actor indic\u00f3 que ese Ministerio no hab\u00eda dado cumplimiento al art\u00edculo 1 del Decreto 2164 de 1959. Tambi\u00e9n sostuvo que ese Ministerio no dio tr\u00e1mite a las querellas que, con sus compa\u00f1eros, present\u00f3 para que se investigara el presunto desconocimiento de su derecho al debido proceso en los tr\u00e1mites disciplinarios.<\/p>\n<p>() Asimismo, se\u00f1al\u00f3 que el presidente del sindicato fue objeto de una investigaci\u00f3n penal por sus actividades sindicales, que a algunos copilotos no se les permiti\u00f3 ascender, que los participantes de la huelga fueron objeto de interceptaciones ilegales e, incluso, que muchos de los miembros del sindicato fueron amenazados en su integridad personal.<\/p>\n<p>() Tambi\u00e9n indic\u00f3 que la empresa se ha dedicado a promover la celebraci\u00f3n de pactos colectivos con trabajadores no sindicalizados, como aquellos que hacen parte de la denominada Organizaci\u00f3n de Aviadores de Avianca -ODEAA-. Uno de esos pactos que reprocha el actor, se suscribi\u00f3 en abril de 2017.<\/p>\n<p>11. En cuanto a los despidos dados con posterioridad al cese de actividades, en Sentencia SU-598 de 2019, la Corte ampar\u00f3 los derechos a un debido proceso de varios pilotos de Avianca por cuanto se constat\u00f3 que \u201c[e]l empleador al ejercer la facultad prevista en el art\u00edculo 450 del C.S.T. debe garantizar al trabajador sindicalizado el respeto de su debido proceso, toda vez que dicha libertad al fundamentarse en una justa causa de terminaci\u00f3n del contrato de trabajo comporta la obligaci\u00f3n de demostrar el supuesto de hecho en que se funda. Demostraci\u00f3n que requiere la realizaci\u00f3n de un procedimiento disciplinario que cumpla con las garant\u00edas m\u00ednimas de debido proceso.\u201d<\/p>\n<p>12. Luego de todo lo anterior, el sindicato de la ACDAC formul\u00f3 una queja ante el Comit\u00e9 de Libertad Sindical -en adelante, CLS o el Comit\u00e9- en contra del Estado. Esto por el presunto desconocimiento del principio de libertad sindical. El Comit\u00e9 recibi\u00f3 la queja y le asign\u00f3 el n\u00famero 3316. Luego de escuchar las versiones de las partes present\u00f3, en marzo del a\u00f1o 2021, las siguientes recomendaciones:<\/p>\n<p>a. a) \u00a0el Comit\u00e9 pide al Gobierno que tome las medidas necesarias para asegurar que, en el futuro, eventuales conflictos acerca de la renovaci\u00f3n de la convenci\u00f3n colectiva de la empresa sean resueltos por medio de la negociaci\u00f3n y de mecanismos voluntarios de resoluci\u00f3n de los conflictos, de acuerdo con los principios de la libertad sindical;<\/p>\n<p>b) a la luz de sus conclusiones sobre el movimiento de huelga objeto del presente caso y teniendo en cuenta, en particular, la necesidad de adecuar, tal como resaltado por la Corte Suprema, las disposiciones de la legislaci\u00f3n que proh\u00edben cualquier huelga en el sector del transporte a\u00e9reo a los principios de la libertad sindical, el Comit\u00e9 pide al Gobierno que, en consulta con los interlocutores sociales representativos del pa\u00eds, tome a la brevedad las medidas necesarias para revisar la legislaci\u00f3n en el sentido indicado, garantizando la existencia de un mecanismo que permita establecer la negociaci\u00f3n de los servicios m\u00ednimos en caso de huelga en dicho sector. El Comit\u00e9 invita al Gobierno a que solicite la asistencia t\u00e9cnica de la Oficina a este respecto;<\/p>\n<p>c) en relaci\u00f3n con el proceso penal del cual es objeto el presidente de la Asociaci\u00f3n Colombiana de Aviadores Civiles (ACDAC), el Comit\u00e9 subraya la importancia de sus decisiones mencionadas en las conclusiones del presente caso y pide al Gobierno que le mantenga informado respecto del desarrollo del proceso penal en curso;<\/p>\n<p>d) el Comit\u00e9 espera firmemente que las instituciones pertinentes seguir\u00e1n tomando todas las medidas pertinentes con miras a que, a la brevedad, se deslinden las responsabilidades y se sancionen tanto a los autores materiales como intelectuales de las interceptaciones ilegales de las cuales la ACDAC fue objeto. El Comit\u00e9 pide al Gobierno que le mantenga informado al respecto, y<\/p>\n<p>e) el Comit\u00e9 conf\u00eda en que el Gobierno seguir\u00e1 dando la mayor atenci\u00f3n a la situaci\u00f3n de seguridad de los directivos de la ACDAC de manera que se pueda brindar de manera inmediata la protecci\u00f3n que los mismos puedan necesitar.<\/p>\n<p>13. Igualmente, el accionante hizo referencia a la opini\u00f3n consultiva OC-27\/21 del 5 de mayo de 2021, proferida por la Corte Interamericana de Derechos Humanos -en adelante, Corte IDH-, donde ese alto tribunal record\u00f3 la trascendental importancia del derecho a la libertad sindical, y resalt\u00f3 que una prohibici\u00f3n absoluta de la huelga podr\u00eda ponerlo en vilo. Para el demandante, tanto la opini\u00f3n consultiva se\u00f1alada, como las recomendaciones dadas por el CLS en el caso 3316, son instrumentos vinculantes y deben ser acatados por el Estado colombiano. Esto \u00faltimo, entre otras cosas, porque contienen directrices derivadas, directamente, de lo dispuesto en los convenios 87 y 98 de la Organizaci\u00f3n Internacional del Trabajo -en adelante, OIT- que hacen parte del bloque de constitucionalidad.<\/p>\n<p>14. Con ocasi\u00f3n de las recomendaciones dadas por el CLS, la ACDAC inici\u00f3 conversaciones con Avianca S.A., para lograr el restablecimiento de los derechos de quienes fueron desvinculados por haber participado en la huelga del a\u00f1o 2017. Dentro de esas conversaciones, el 25 de noviembre de 2021, se acord\u00f3 la reincorporaci\u00f3n a la empresa de 108 pilotos. Sin embargo, reiter\u00f3 el accionante que los derechos econ\u00f3micos de todos estos pilotos -tambi\u00e9n \u00e9l incluido- no han sido plenamente reestablecidos por la empresa. As\u00ed, desde su perspectiva, la vulneraci\u00f3n de sus prerrogativas persiste a la fecha.<\/p>\n<p>15. Con base en este contexto, el actor solicit\u00f3 al juez constitucional tutelar los siguientes derechos fundamentales: \u201casociaci\u00f3n sindical, libertad sindical, negociaci\u00f3n colectiva, a no ser discriminado, al trabajo, a la dignidad humana y a la igualdad\u201d. En consecuencia, present\u00f3 14 pretensiones. Estas pueden recopilarse en tres grandes grupos: (i) aquellas tendientes a que se eval\u00fae nuevamente la legalidad de la huelga llevada a cabo en el a\u00f1o 2017, (ii) aquellas que buscan que se declare la ilegalidad de los despidos ocurridos en el a\u00f1o 2018, y el restablecimiento de los derechos econ\u00f3micos y patrimoniales del accionante; y (iii) aquellas que persiguen el cumplimiento de las recomendaciones del CLS, adoptadas en el marco del caso 3316. A continuaci\u00f3n, se resumen estas pretensiones, y se presenta una justificaci\u00f3n sobre las mismas:<\/p>\n<p>\u00a0 \u00a0 \u00a0 \u00a0 \u00a0<\/p>\n<p>Pretensiones \u00a0 \u00a0 \u00a0 \u00a0<\/p>\n<p>Justificaci\u00f3n<\/p>\n<p>Primer grupo \u00a0 \u00a0 \u00a0 \u00a0<\/p>\n<p>El accionante pretende que el juez de tutela declare que la ACDAC llev\u00f3 a cabo, en el a\u00f1o 2017, una huelga leg\u00edtima y l\u00edcita. Esto siguiendo los par\u00e1metros establecidos por el CLS, y por la Corte IDH. \u00a0 \u00a0 \u00a0 \u00a0<\/p>\n<p>Aunque el actor no dirigi\u00f3 la tutela, espec\u00edficamente, contra la Sentencia SL20094-2017, proferida por la Corte Suprema de Justicia, s\u00ed indic\u00f3 que el juez constitucional deb\u00eda evaluar nuevamente la legalidad de la huelga del a\u00f1o 2017. El accionante expres\u00f3 que dicha huelga fue legal, si se siguen las conclusiones del CLS. En ese sentido, sugiri\u00f3 que el juez constitucional deb\u00eda declarar dicha legalidad y acudir a la figura de la excepci\u00f3n de inconstitucionalidad para, por medio de ella, inaplicar la sentencia aludida.<\/p>\n<p>Segundo grupo \u00a0 \u00a0 \u00a0 \u00a0<\/p>\n<p>El accionante pidi\u00f3 declarar que el despido del que fue v\u00edctima en el a\u00f1o 2018, fue discriminatorio y atent\u00f3 contra el derecho a la libertad sindical. Adem\u00e1s, pidi\u00f3 que sus derechos econ\u00f3micos se restablezcan por completo. Igualmente, solicit\u00f3 que se ordene a la Defensor\u00eda del Pueblo acompa\u00f1ar este proceso. \u00a0 \u00a0 \u00a0 \u00a0<\/p>\n<p>Tercer grupo \u00a0 \u00a0 \u00a0 \u00a0<\/p>\n<p>Ordenar que se d\u00e9 cumplimiento a las recomendaciones establecidas en el caso 3316, por parte del CLS. Esto en concordancia con lo dispuesto por la Corte IDH, en la opini\u00f3n consultiva OC-27\/21 de mayo de 2021. En tal sentido, pide al juez constitucional ordenar (i) al Congreso de la Rep\u00fablica, al presidente de la Rep\u00fablica y al Ministerio del Transporte, regular el derecho a la huelga en el servicio de transporte a\u00e9reo; (ii) a la Fiscal\u00eda General de la Naci\u00f3n, el cumplimiento de las recomendaciones c y d del caso 3316; (iii) a la Procuradur\u00eda General de la Naci\u00f3n, establecer un plan de seguimiento a las recomendaciones indicadas, para garantizar su cumplimiento. A su turno, investigar a los funcionarios del Ministerio del Trabajo que no acompa\u00f1aron el proceso de despido de los pilotos. \u00a0 \u00a0 \u00a0 \u00a0<\/p>\n<p>Para el actor, estas recomendaciones deben acatarse. As\u00ed presenta el argumento: \u201c[d]esarrollados los contenidos y alcances tanto de la recomendaci\u00f3n del caso 3316 del Comit\u00e9 de Libertad Sindical de la OIT y la opini\u00f3n consultiva OC-27\/21 de mayo de 2021 de la Corte Interamericana de Derechos Humanos (CoIDH), es menester expresar la fuerza vinculante de tales decisiones y el deber irrestricto del estado colombiano y del juez de tutela de darles aplicaci\u00f3n frente a los hechos del caso presente\u201d. Igualmente, este deber se desprender\u00eda -seg\u00fan sostiene- de lo \u201cdispuesto en los Convenios 87 y 98 de la OIT, la Convenci\u00f3n Americana de Derechos Humanos y el Protocolo de San Salvador\u201d.<\/p>\n<p>16. El actor concluy\u00f3, finalmente, que en este proceso deb\u00eda declararse la existencia de un estado de cosas inconstitucional, dado que la vulneraci\u00f3n de derechos es masiva y afecta a un n\u00famero importante de aviadores. Al mismo tiempo, se\u00f1al\u00f3 que los efectos de esta sentencia deber\u00edan recaer sobre dicho grupo poblacional, y no sobre cada tutelante.<\/p>\n<p>Tr\u00e1mite procesal y respuesta de la accionada<\/p>\n<p>17. La acci\u00f3n de tutela formulada por el se\u00f1or Juan Esteban Z\u00fa\u00f1iga L\u00f3pez fue inicialmente repartida al Juzgado Primero Laboral del Circuito de Bogot\u00e1, el cual, mediante auto del 23 de marzo de 2023, remiti\u00f3 el asunto al Consejo de Estado por considerar que carec\u00eda de competencia para tramitar la acci\u00f3n de tutela dirigida, entre otras entidades, contra la Presidencia de la Rep\u00fablica. Sin embargo, el Consejo de Estado, a trav\u00e9s de auto de fecha 17 de mayo de 2023, remiti\u00f3 la acci\u00f3n a los jueces administrativos, al estimar que no se plantearon inconformidades respecto del actuar de la Presidencia de la Rep\u00fablica.<\/p>\n<p>18. El 30 de mayo de 2023, despu\u00e9s de haberse realizado el reparto del expediente, el Juzgado Cuarto Administrativo de Bogot\u00e1 \u2013 Secci\u00f3n Primera se abstuvo de avocar conocimiento en la acci\u00f3n de tutela de la referencia, pues constat\u00f3 que la solicitud de amparo presentada por el se\u00f1or Z\u00fa\u00f1iga L\u00f3pez era id\u00e9ntica a las que ya hab\u00edan sido falladas por el Juzgado Cincuenta y Siete Administrativo del Circuito Judicial de Bogot\u00e1 \u2013 Secci\u00f3n Segunda. En consecuencia, remiti\u00f3 el expediente a dicha autoridad judicial en virtud de lo previsto en el Decreto 1834 de 2015.<\/p>\n<p>19. El 1 de junio de 2023, el Juzgado Cincuenta y Siete Administrativo del Circuito Judicial de Bogot\u00e1 \u2013 Secci\u00f3n Segunda admiti\u00f3 la acci\u00f3n de tutela de la referencia y vincul\u00f3 al proceso a Avianca S.A. y a la ACDAC.<\/p>\n<p>Contestaci\u00f3n de las accionadas, de las vinculadas y recepci\u00f3n de pruebas<\/p>\n<p>Respuesta de las accionadas<\/p>\n<p>20. El 2 de junio de 2023, el Senado de la Rep\u00fablica manifest\u00f3 que, a la fecha de interposici\u00f3n de la acci\u00f3n de tutela de la referencia, no se advert\u00eda proyecto de ley alguno, radicado por el se\u00f1or Z\u00fa\u00f1iga L\u00f3pez o por la ACDAC, sobre la huelga en materia de aviaci\u00f3n.<\/p>\n<p>21. De otro lado, inform\u00f3 que el Ministerio del Trabaj\u00f3 present\u00f3 una iniciativa legislativa para regular la huelga en materia de aviaci\u00f3n, la cual fue radicada bajo la denominaci\u00f3n \u201cProyecto de Ley NO. 183 de 1995 Senado\u201d y fue archivada. En el mismo sentido, se inform\u00f3 sobre los proyectos de ley No. 149 de 2020 y No. 331 de 2022 Senado, los cuales pretend\u00edan regular la huelga en los servicios p\u00fablicos esenciales y se encuentran archivados.<\/p>\n<p>22. El 2 de junio de 2023, El Ministerio de Relaciones Exteriores solicit\u00f3 su desvinculaci\u00f3n de la presente acci\u00f3n de tutela, toda vez que no le constaban los hechos expuestos en la demanda, pues hac\u00edan referencia a situaciones ajenas a las competencias y funciones de ese ministerio, configur\u00e1ndose una falta de legitimaci\u00f3n por pasiva.<\/p>\n<p>23. El 5 de junio de 2023, la Procuradur\u00eda General de la Naci\u00f3n consider\u00f3 que carece de legitimaci\u00f3n por pasiva, pues el accionante dirige la acci\u00f3n de tutela en contra de la Procuradur\u00eda General de la Naci\u00f3n \u00fanicamente para solicitarle la adopci\u00f3n de un programa de seguimiento en lo relativo al cumplimiento del caso 3316 de marzo de 2021 del Comit\u00e9 de Libertad Sindical de la OIT, y para que investigue a los funcionarios del Ministerio del Trabajo respecto de sus actuaciones durante los procesos disciplinarios adelantados contra los pilotos de la ACDAC.<\/p>\n<p>24. Sobre el particular, manifest\u00f3 que no le corresponde hacer el seguimiento a las recomendaciones de la OIT, dado que esa es una funci\u00f3n legal y constitucionalmente asignada al Ministerio del Trabajo. De otro lado, afirm\u00f3 que el accionante no le ha solicitado la investigaci\u00f3n disciplinaria contra los funcionarios del Ministerio del Trabajo. Sin embargo, con ocasi\u00f3n de un escrito remitido por el presidente de la ACDAC sobre este punto, se dio inicio a las investigaciones disciplinarias correspondientes desde el 8 de marzo de 2023.<\/p>\n<p>25. El 5 de junio de 2023, la Fiscal\u00eda General de la Naci\u00f3n se\u00f1al\u00f3 que los hechos informados por las organizaciones sindicales SINTRAAVIANCA, SINTRASASC, y SINTRAEREOS, entre otras, aluden a los actos violentos de los que han sido objeto los funcionarios de varias aerol\u00edneas, entre ellas Avianca, pero por parte de pasajeros. Ninguno de estos hechos est\u00e1 relacionado con la huelga del a\u00f1o 2017. En consecuencia, la entidad puso de presente que acorde con sus atribuciones constitucionales, previstas en el art\u00edculo 250 Superior, consistentes en adelantar la acci\u00f3n penal sobre hechos que revisten las caracter\u00edsticas de delitos, carece de legitimaci\u00f3n por pasiva sobre los hechos de la presente tutela.<\/p>\n<p>26. El 5 de junio de 2023, el Ministerio del Trabajo indic\u00f3 que dentro del caso 3316: (i) Avianca S.A. reintegr\u00f3 a los trabajadores en virtud del acta del 25 de noviembre de 2021, y pact\u00f3 expresamente que para resolver sobre el pago de las acreencias laborales causadas durante el tiempo transcurrido entre la fecha de terminaci\u00f3n de los contratos de trabajo y el 1 de julio de 2021, se establecer\u00eda una mesa de di\u00e1logo con la ACDAC. (ii) Avianca desisti\u00f3 de la acci\u00f3n civil iniciada en contra de la ACDAC, a fin de obtener reparaci\u00f3n por los perjuicios causados por la huelga; igualmente (iii) retir\u00f3 la demanda en la que pretend\u00eda la cancelaci\u00f3n de la personer\u00eda jur\u00eddica de la ACDAC y (iv) el CLS determin\u00f3 no proseguir con el examen del tema sobre la suspensi\u00f3n de las cuotas sindicales por parte de Avianca S.A. a la ACDAC, toda vez que la empresa s\u00ed estaba haciendo la consignaci\u00f3n oportuna de las mismas.<\/p>\n<p>27. De otro lado, manifest\u00f3 que, en el proyecto de reforma laboral presentado por el Gobierno al Congreso, se pretende suprimir la prohibici\u00f3n del derecho de huelga a las federaciones y confederaciones, prevista en el art\u00edculo 417 del CST; se incluye una regulaci\u00f3n de la huelga en los servicios p\u00fablicos esenciales y se plantea la imposibilidad de despedir a los trabajadores que hayan intervenido o participado en una huelga declarada ilegal.<\/p>\n<p>28. Finalmente, manifest\u00f3 que la acci\u00f3n de tutela no cumple con los requisitos de inmediatez y subsidiariedad dado que debi\u00f3 presentarse tan pronto la ACDAC tuvo conocimiento de la decisi\u00f3n tomada por la OIT en el caso 3316 y, adem\u00e1s, indic\u00f3 que el actor dispone de medios de defensa judiciales ordinarios para salvaguardar los derechos que considera vulnerados, espec\u00edficamente se refiri\u00f3 al medio de control de nulidad y restablecimiento del derecho.<\/p>\n<p>29. La Presidencia de la Rep\u00fablica solicit\u00f3 su desvinculaci\u00f3n en el tr\u00e1mite de la referencia por carecer de legitimaci\u00f3n por pasiva, pues no existe acci\u00f3n u omisi\u00f3n de la entidad que se relacione con los derechos presuntamente vulnerados al accionante. Por consiguiente, destac\u00f3 que no puede responder por acciones u omisiones que correspondan a otras entidades.<\/p>\n<p>Respuesta de la vinculada<\/p>\n<p>30. Avianca S.A. estim\u00f3 que carece de legitimaci\u00f3n por pasiva, toda vez que no existe nexo causal entre la presunta vulneraci\u00f3n de los derechos invocados y las actuaciones de la empresa. Igualmente, se\u00f1al\u00f3 que el juez constitucional no es el competente para declarar la legalidad de un cese de actividades que ya fue valorado y calificado por el juez ordinario laboral y la Corte Suprema de Justicia.<\/p>\n<p>31. En todo caso, destac\u00f3 que la presente acci\u00f3n de tutela no cumple con el requisito de inmediatez, pues ha transcurrido un lapso importante desde que la Corte Suprema de Justicia declar\u00f3 ilegal el cese de actividades promovido por ACDAC, desde que el CLS emiti\u00f3 la recomendaci\u00f3n en el caso 3316 de 2021, y desde que se adopt\u00f3 la opini\u00f3n consultiva de la Corte Interamericana de Derechos Humanos (CIDH). Sin embargo, precis\u00f3 que en caso de encontrarse satisfechos los requisitos de procedencia, la acci\u00f3n de tutela no es el mecanismo para buscar el cumplimiento de los convenios o recomendaciones de libertad sindical dadas por la OIT.<\/p>\n<p>32. Por \u00faltimo, manifest\u00f3 que actualmente no existe una vulneraci\u00f3n de derechos por parte de Avianca S.A. al accionante, comoquiera que fue reincorporado a la empresa sin soluci\u00f3n de continuidad desde el 1 de julio de 2021, es piloto activo de la empresa, se le ha respetado su antig\u00fcedad y posici\u00f3n en el escalaf\u00f3n de pilotos. Asimismo, se encuentra activo y afiliado a la ACDAC y es beneficiario de la convenci\u00f3n colectiva de trabajo vigente. En lo relativo a las acreencias presuntamente adeudadas a los pilotos que se incluyeron en el acta del 21 de noviembre de 2021, destac\u00f3 que la compa\u00f1\u00eda le present\u00f3 una propuesta econ\u00f3mica a la ACDAC con el \u00e1nimo de resolver el asunto, pero que aquella no fue aceptada.<\/p>\n<p>33. La ACDAC no present\u00f3 escrito de contestaci\u00f3n.<\/p>\n<p>Sentencia de primera instancia<\/p>\n<p>34. El 14 de junio de 2023, el Juzgado Cincuenta y Siete Administrativo del Circuito Judicial de Bogot\u00e1 D.C.-Secci\u00f3n Segunda-, profiri\u00f3 sentencia de primera instancia mediante la cual accedi\u00f3 a varias de las pretensiones del accionante. Estas fueron sus \u00f3rdenes:<\/p>\n<p>\u201c(1) Negar la acci\u00f3n de tutela presentada por el se\u00f1or Juan Esteban Z\u00fa\u00f1iga L\u00f3pez, para obtener el reconocimiento de las pretensiones sobre la declaratoria de (a) la legalidad de la huelga y (b) el despido discriminatorio con ocasi\u00f3n de su participaci\u00f3n en la huelga; as\u00ed como ordenar (c) al Ministerio del Trabajo la adopci\u00f3n de medidas para la cesaci\u00f3n de actos discriminatorios contra los pilotos de la ACDAC, y (d) a la Procuradur\u00eda General de la Naci\u00f3n iniciar investigaci\u00f3n disciplinaria en contra de los funcionarios del Ministerio del trabajo que dilataron el tr\u00e1mite de las quejas presentadas por la ACDAC y que no asistieron a los procesos disciplinarios contra los pilotos despedidos por Avianca S.A.<\/p>\n<p>(2) Tutelar parcialmente los derechos de asociaci\u00f3n sindical, libertad sindical, negociaci\u00f3n colectiva, a no ser discriminado, al trabajo, a la dignidad del se\u00f1or Juan Esteban Z\u00fa\u00f1iga L\u00f3pez vulnerados por el Ministerio del Trabajo por no cumplir la recomendaci\u00f3n de la OIT en el caso 3316 y en consecuencia, acceder a las restantes pretensiones de la demanda.<\/p>\n<p>(3) Ordenar al Ministerio del Trabajo adoptar las siguientes medidas con el fin de acatar la recomendaci\u00f3n a) impartida por el CLS en el caso 3316:<\/p>\n<p># \u00a0 \u00a0 \u00a0 \u00a0<\/p>\n<p>FUNDAMENTO NORMATIVO \u00a0 \u00a0 \u00a0 \u00a0<\/p>\n<p>T\u00c9RMINO PARA CUMPLIR LAS \u00d3RDENES<\/p>\n<p>1. \u00a0 \u00a0 \u00a0 \u00a0<\/p>\n<p>CONFORMAR una mesa o grupo interno de trabajo con la ACDAC, los accionantes, Avianca S.A., el Ministerio de Transporte y la Defensor\u00eda del Pueblo, con el fin de que se traten, entre otros, los siguientes temas: a) Analizar, crear y socializar mecanismos de negociaci\u00f3n voluntarios para resolver futuros conflictos derivados de la renovaci\u00f3n de la convenci\u00f3n colectiva de la empresa, de acuerdo con los principios de libertad sindical. b) Abrir los espacios para lograr restablecimiento de los derechos econ\u00f3micos de los pilotos despedidos a ra\u00edz de la huelga efectuada en 2017. c) Proponer, discutir y proyectar un protocolo administrativo para la atenci\u00f3n y resoluci\u00f3n de futuros conflictos derivados de la renovaci\u00f3n de la convenci\u00f3n colectiva de la empresa Avianca S.A. y eliminar barreras para el ejercicio de la libertad sindical. \u00a0 \u00a0 \u00a0 \u00a0<\/p>\n<p>Numeral 27 del art\u00edculo 6 del Decreto 4108 de 2011. \u00a0 \u00a0 \u00a0 \u00a0<\/p>\n<p>Un (1) mes contado desde la ejecutoria de la presente providencia.<\/p>\n<p>2. \u00a0 \u00a0 \u00a0 \u00a0<\/p>\n<p>EXPEDIR dentro del marco de sus competencias un protocolo administrativo para la atenci\u00f3n y resoluci\u00f3n de futuros conflictos derivados de la renovaci\u00f3n de la convenci\u00f3n colectiva de la empresa Avianca S.A., con sujeci\u00f3n a lo previsto en los t\u00edtulos II y III del C\u00f3digo Sustantivo del Trabajo, en el cual se incluyan los siguientes temas: a) Mecanismos voluntarios de negociaci\u00f3n y resoluci\u00f3n de conflictos a implementar. b) Impartir instrucciones para que Avianca S.A, se comprometa a no limitar los derechos de libertad sindical, negociaci\u00f3n colectiva y sindicalizaci\u00f3n. \u00a0 \u00a0 \u00a0 \u00a0<\/p>\n<p>Numerales 13 y 17 del art\u00edculo 2 del Decreto 4108 de 2011. \u00a0 \u00a0 \u00a0 \u00a0<\/p>\n<p>Un (1) mes contado desde la finalizaci\u00f3n de la mesa de trabajo mencionada en la primera orden.<\/p>\n<p>(4) Declarar la carencia parcial de objeto por hecho superado, en cuanto al cumplimiento de la recomendaci\u00f3n b) dada por el CLS de la OIT.<\/p>\n<p>(5) Negar el amparo de los derechos fundamentales invocados por el accionante frente a la Defensor\u00eda del Pueblo.<\/p>\n<p>(6) Declarar la falta de legitimaci\u00f3n en la causa por pasiva del Ministerio del Interior y del Ministerio de Relaciones Exteriores.<\/p>\n<p>(7) Exhortar: a) la Fiscal\u00eda General de la Naci\u00f3n para que informe al CLS sobre el desarrollo de los procesos penales surtidos contra el presidente de la ACDAC, entre otras actuaciones. b) a la Procuradur\u00eda General de la Naci\u00f3n para que realice seguimiento al cumplimiento de las recomendaciones dadas por el CLS, y le informe sobre las medidas adoptadas por el Gobierno Nacional dirigidas a dar cumplimiento de dichas recomendaciones.<\/p>\n<p>35. En su motivaci\u00f3n, el a quo se\u00f1al\u00f3 que la acci\u00f3n de tutela no es el medio id\u00f3neo para reclamar pretensiones econ\u00f3micas -como restablecimiento de derechos-. Igualmente, se\u00f1al\u00f3 que el debate sobre la legalidad de la huelga es un asunto que ya fue resuelto por los jueces ordinarios competentes y que la acci\u00f3n de tutela no fue instituida como una tercera instancia o herramienta para modificar decisiones judiciales que han hecho tr\u00e1nsito a cosa juzgada. En todo caso, precis\u00f3 que la presente acci\u00f3n no puede interpretarse como una tutela contra providencia judicial, toda vez que no goza de la argumentaci\u00f3n requerida para verificar su procedencia.<\/p>\n<p>36. Respecto de la legalidad del despido acaecido en el a\u00f1o 2018, y las acreencias presuntamente adeudadas al actor, indic\u00f3 que esas pretensiones deb\u00edan ser dirimidas por los jueces ordinarios laborales en los procesos que ya se encontraban en curso. Adem\u00e1s, manifest\u00f3 que no pod\u00eda ordenarse al Ministerio del Trabajo cesar en los presuntos actos de discriminaci\u00f3n laboral, m\u00e1xime cuando el accionante fue reintegrado como piloto de Avianca S.A. desde el a\u00f1o 2021.<\/p>\n<p>37. Frente a la orden que se pretende dar a la Procuradur\u00eda General de la Naci\u00f3n, a fin de que abra una investigaci\u00f3n disciplinaria a los funcionarios del Ministerio del Trabajo, el juez de primera instancia destac\u00f3 que el accionante no ha solicitado ninguna investigaci\u00f3n a la mencionada entidad y que la queja es el instrumento id\u00f3neo de impulso de la acci\u00f3n disciplinaria, raz\u00f3n por la cual su solicitud no es procedente.<\/p>\n<p>38. En el mismo sentido, el juez decidi\u00f3 sobre la solicitud de acompa\u00f1amiento por parte de la Defensor\u00eda del Pueblo a quienes fueron despedidos por su participaci\u00f3n en la huelga. Si bien consider\u00f3 que esa funci\u00f3n se encuentra prevista en el art\u00edculo 13 del Decreto 25 de 2014, sostuvo que no se demostr\u00f3 en el tr\u00e1mite de tutela que el actor hubiese solicitado a dicha entidad el mencionado acompa\u00f1amiento.<\/p>\n<p>39. Sobre las recomendaciones del CLS de la OIT, el juez precis\u00f3 que son vinculantes para el Estado colombiano y que, por ende, deben acatarse, pues se trata de verdaderas \u00f3rdenes. En consecuencia, se\u00f1al\u00f3 que las recomendaciones a) y b) se dirigen al Ministerio del Trabajo dado que lo que buscan, la primera, es resolver los conflictos laborales a trav\u00e9s de la negociaci\u00f3n colectiva y, la segunda, tomar medidas para revisar la legislaci\u00f3n colombiana que proh\u00edbe la huelga en el servicio p\u00fablico de transporte a\u00e9reo. En esta \u00faltima, el juez de instancia consider\u00f3 que tambi\u00e9n le corresponde cumplirla al Congreso de la Rep\u00fablica y al Ministerio del transporte.<\/p>\n<p>40. Las recomendaciones c) y d) pretenden que se informe sobre el desarrollo del proceso penal adelantado en contra del presidente de la ACDAC, y se sancione a los responsables de las interceptaciones ilegales hechas a los miembros de la ACDAC, en el ejercicio de la huelga del a\u00f1o 2017. Sobre el particular, el juez de instancia consider\u00f3 que la entidad llamada a cumplir tales recomendaciones es la Fiscal\u00eda General de la Naci\u00f3n.<\/p>\n<p>41. Por \u00faltimo, sobre la recomendaci\u00f3n e), el juez estim\u00f3 que es de competencia de la Unidad de Protecci\u00f3n Nacional dado que la misma se dirige a brindar de forma inmediata la protecci\u00f3n necesaria a los directivos de la ACDAC.<\/p>\n<p>42. En este orden de ideas, al revisar las actuaciones de las mencionadas entidades de cara a las recomendaciones del CLS de la OIT, la primera instancia advirti\u00f3 que respecto de la recomendaci\u00f3n b) deb\u00eda declararse un hecho superado, toda vez que tanto el Ministerio del Trabajo como el Congreso de la Rep\u00fablica hab\u00edan iniciado gestiones para modificar la legislaci\u00f3n actual, que impide el derecho a la huelga en el servicio p\u00fablico esencial del transporte a\u00e9reo de pasajeros.<\/p>\n<p>Impugnaciones presentadas por los accionados<\/p>\n<p>43. El 21 de junio de 2021, Avianca S.A. impugn\u00f3 la decisi\u00f3n al estimar que no existe nexo causal entre la presunta vulneraci\u00f3n de los derechos fundamentales alegados por el accionante, y las medidas que adopt\u00f3 el despacho para superar la supuesta amenaza. En este sentido, resalt\u00f3 que la sentencia no explic\u00f3 con suficiencia por qu\u00e9, en este caso, existi\u00f3 una vulneraci\u00f3n del derecho a la asociaci\u00f3n sindical del actor, m\u00e1xime cuando a \u00e9l no se le ha impedido su derecho a la libertad sindical, no se encuentra en una situaci\u00f3n de discriminaci\u00f3n, su derecho al trabajo est\u00e1 plenamente garantizado, permanece asociado a la ACDAC e incluso es uno de sus directivos.<\/p>\n<p>44. El 21 de junio de 2023, el Ministerio del Transporte atac\u00f3 la decisi\u00f3n del a quo al considerar que la orden tercera lo vincula sin tener en cuenta sus competencias y funciones, establecidas en los Decretos 2171 de 1992 y 087 de 2011. Ese Ministerio se\u00f1al\u00f3 que le corresponde formular y adoptar pol\u00edticas, planes, programas y proyectos en materia de transporte y tr\u00e1nsito, pero que no tiene competencia en la regulaci\u00f3n y ejecuci\u00f3n de pol\u00edticas p\u00fablicas que guarden relaci\u00f3n con el derecho laboral colectivo.<\/p>\n<p>45. El 21 de junio de 2023, el Ministerio del Trabajo impugn\u00f3 la sentencia de primera instancia, al considerar que no hab\u00eda incumplido las obligaciones emanadas de la OIT, ni vulnerado los derechos de los trabajadores. Resalt\u00f3 que el proyecto de reforma laboral que se est\u00e1 tramitando ante el Congreso de la Rep\u00fablica se realiz\u00f3, entre otras cuestiones, con base en las recomendaciones de la OIT.<\/p>\n<p>46. El mencionado ministerio se\u00f1al\u00f3 que el caso 3316 sigue vigente y se encuentra en seguimiento ante la OIT, raz\u00f3n por la cual se est\u00e1 a la espera de que ese organismo internacional decida dar un nuevo an\u00e1lisis al asunto. En ese sentido, manifest\u00f3 que el ministerio ha servido como puente entre las partes, en conjunto con otras entidades estatales (como la Defensor\u00eda del Pueblo), para adelantar mesas de trabajo y as\u00ed lograr mayor cercan\u00eda y acuerdos tendientes a superar las discrepancias que persistan entre los trabajadores y su empleador.<\/p>\n<p>47. De otro lado, se\u00f1al\u00f3 que las recomendaciones que el CLS le presenta al Consejo de Administraci\u00f3n de la OIT no son vinculantes, tal y como lo aclar\u00f3 la Corte Constitucional en la Sentencia T-979 de 2004. Igualmente, destac\u00f3 que la acci\u00f3n de tutela de la referencia no cumple con el requisito de la inmediatez, ni con el de la subsidiariedad, toda vez que el accionante dispone de medios de defensa judicial ordinarios para salvaguardar los derechos fundamentales que considera vulnerados, espec\u00edficamente, dispone del medio de control de nulidad y restablecimiento del derecho.<\/p>\n<p>48. El 21 de junio de 2023, la Procuradur\u00eda General de la Naci\u00f3n impugn\u00f3 el fallo de primera instancia al estimar que corresponde al Ministerio del Trabajo -y no a ella- realizar el respectivo seguimiento al cumplimiento de las recomendaciones emitidas en el caso 3316 del CLS. Esto porque ese Ministerio tiene el compromiso de garantizar y proteger los derechos laborales reconocidos internacionalmente, relativos a la libertad sindical y a la negociaci\u00f3n colectiva. A\u00f1adi\u00f3 que el interlocutor v\u00e1lido ante los organismos de la OIT siempre ser\u00e1 el Gobierno Nacional, representado por el Ministerio del Trabajo. Por consiguiente, se\u00f1al\u00f3 que la Procuradur\u00eda no era la entidad llamada a responder por la presunta afectaci\u00f3n de derechos fundamentales invocada por el accionante.<\/p>\n<p>Sentencia de segunda instancia<\/p>\n<p>49. El 26 de julio de 2023, el Tribunal Administrativo de Cundinamarca, Secci\u00f3n Segunda, Subsecci\u00f3n \u201cB\u201d, revoc\u00f3 los numerales segundo y tercero de la sentencia proferida el 14 de junio de 2023 por el Juzgado Cincuenta y Siete Administrativo del Circuito de Bogot\u00e1 \u2013 Secci\u00f3n Segunda, y en su lugar neg\u00f3 el amparo de los derechos fundamentales del se\u00f1or Juan Esteban Z\u00fa\u00f1iga L\u00f3pez. En lo dem\u00e1s, confirm\u00f3 la sentencia de primera instancia.<\/p>\n<p>50. Sobre el particular, el Tribunal consider\u00f3 que no exist\u00eda prueba de que las autoridades accionadas hubieren vulnerado los derechos fundamentales a la libertad de asociaci\u00f3n sindical, a la negociaci\u00f3n colectiva, al trabajo y a la igualdad del se\u00f1or Z\u00fa\u00f1iga L\u00f3pez, y que las recomendaciones del CLS de la OIT en el caso 3316 no eran vinculantes.<\/p>\n<p>Actuaciones en sede de revisi\u00f3n<\/p>\n<p>Auto de pruebas del 28 de febrero de 2024<\/p>\n<p>51. Revisado el expediente, con el \u00e1nimo de contar con mayores elementos de juicio, el Magistrado Ponente estim\u00f3 necesario recaudar algunas pruebas. En concreto, solicit\u00f3: (i) a Avianca S.A., informaci\u00f3n sobre la relaci\u00f3n laboral que tiene con el accionante; (ii) al Juzgado Doce Laboral del Circuito de Bogot\u00e1, informaci\u00f3n sobre el estado de los procesos ordinarios iniciados por el se\u00f1or Z\u00fa\u00f1iga L\u00f3pez; (iii) al actor, informaci\u00f3n sobre su estado laboral actual, y sobre los pagos que ha recibido por parte de Avianca S.A.; (iv) a la Fiscal\u00eda General de la Naci\u00f3n informaci\u00f3n respecto de la existencia de alg\u00fan proceso en contra del se\u00f1or Z\u00fa\u00f1iga L\u00f3pez, y las gestiones que ha realizado para dar cumplimiento a las recomendaciones del CLS en el caso 3316 y (v) a la Unidad Nacional de Protecci\u00f3n para que informe si el se\u00f1or Z\u00fa\u00f1iga L\u00f3pez es o ha sido objeto de alguna medida de protecci\u00f3n.<\/p>\n<p>52. El 13 de marzo de 2024, el representante legal de Avianca S.A. reiter\u00f3 que el se\u00f1or Juan Esteban Z\u00fa\u00f1iga L\u00f3pez actualmente trabaja en esa empresa y desempe\u00f1a el cargo de copiloto B787, con un salario de $21.175.865, dado que accedi\u00f3 a la oferta de reintegro voluntario con efectos desde el 1 de julio de 2021. Adicionalmente, manifest\u00f3 que, desde la fecha de su reintegro, el se\u00f1or Z\u00fa\u00f1iga L\u00f3pez no ha sido objeto de procesos disciplinarios.<\/p>\n<p>53. En escrito adicional, el representante legal de Avianca S.A. indic\u00f3 que la acci\u00f3n de tutela va dirigida principalmente contra varias entidades del Estado, a fin de acatar una recomendaci\u00f3n en el caso en seguimiento n\u00famero 3316, que no es vinculante ni obligatoria; mientras que el resto de pretensiones buscan reabrir el debate judicial concluido, en la jurisdicci\u00f3n ordinaria, referente a la calificaci\u00f3n de la huelga de 2017, junto con el pago de todas las acreencias laborales que se causaron a los pilotos desvinculados en esa \u00e9poca.<\/p>\n<p>55. Por \u00faltimo, la compa\u00f1\u00eda resalt\u00f3 que de acuerdo con lo pactado con la ACDAC no se allan\u00f3 al pago de acreencias espec\u00edficas, de manera que ello ser\u00eda decidido a trav\u00e9s del di\u00e1logo social con dicho sindicato, o mediante procesos judiciales que cada piloto, de considerarlo pertinente, presentar\u00eda en contra de Avianca. En consecuencia, precis\u00f3 que la f\u00f3rmula \u201csin soluci\u00f3n de continuidad\u201d utilizada en la reincorporaci\u00f3n de los pilotos despedidos con ocasi\u00f3n de la huelga, pretend\u00eda que no se perdieran puestos en el escalaf\u00f3n ni ingresos en la cola de este, por lo que la intensi\u00f3n de las partes fue garantizar las posiciones que dependen de la antig\u00fcedad.<\/p>\n<p>56. El 13 de marzo de 2024, el director de asuntos jur\u00eddicos de la Fiscal\u00eda General de la Naci\u00f3n inform\u00f3 que una vez efectuada la b\u00fasqueda en los sistemas SPOA y SIJUF, a nivel nacional, se constat\u00f3 que no aparecen registros de vinculaci\u00f3n a procesos penales con los nombres Juan Esteban Z\u00fa\u00f1iga L\u00f3pez ni contra el presidente de la ACDAC. De otro lado, en cuanto al cumplimiento de las recomendaciones c) y d) emitidas por el CLS en el caso 3316, inform\u00f3 que la Fiscal\u00eda 12 en la actualidad adelanta varias investigaciones relativas a la presunta interceptaci\u00f3n ilegal que se hizo a algunos miembros de la ACDAC.<\/p>\n<p>57. El 13 de marzo de 2024, Juan Esteban Z\u00fa\u00f1iga L\u00f3pez manifest\u00f3 que fue despedido de Avianca S.A. con motivo de la huelga efectuada por la ACDAC desde el d\u00eda 20 de septiembre hasta el 12 de noviembre de 2017, fecha para la cual ocupaba el cargo de copiloto de la aeronave ATR. Sin embargo, se\u00f1al\u00f3 que el 25 de noviembre de 2021 la empresa accionada procedi\u00f3 a su reintegro sin soluci\u00f3n de continuidad. Reintegro que se entendi\u00f3 efectivo desde el 1 de julio de 2021, raz\u00f3n por la cual actualmente desempe\u00f1a funciones de copiloto de la aeronave B-787.<\/p>\n<p>58. En su respuesta, el accionante aclar\u00f3 que fue objeto de un proceso disciplinario el 15 de febrero de 2018, en el que se le imput\u00f3 un grave incumplimiento de sus obligaciones laborales por haber participado en la huelga efectuada por la ACDAC, pero precis\u00f3 que desde que fue reintegrado a la compa\u00f1\u00eda, no se ha generado ning\u00fan nuevo proceso disciplinario en su contra. Adicionalmente, el se\u00f1or Z\u00fa\u00f1iga L\u00f3pez inform\u00f3 que hace parte de la junta directiva del sindicato ACDAC, en el cargo de director de asuntos internacionales y que, a la fecha, Avianca S.A. no ha realizado el pago de los salarios y prestaciones causados con ocasi\u00f3n del despido por la huelga.<\/p>\n<p>59. Por \u00faltimo, el actor quiso destacar que en el marco de la recomendaci\u00f3n 3316 emitida por el CLS de la OIT, para dar por finalizado el conflicto entre ACDAC y Avianca S.A., se acord\u00f3 que el reintegro de los aviadores se har\u00eda sin soluci\u00f3n de continuidad. Esto supondr\u00eda que Avianca le adeuda los salarios y prestaciones dejados de pagar mientras estuvo desvinculado.<\/p>\n<p>60. El 13 de marzo de 2024, el Juzgado Doce Laboral del Circuito de Bogot\u00e1 inform\u00f3 que en su despacho se encuentran dos procesos ordinarios laborales iniciados por el se\u00f1or Z\u00fa\u00f1iga L\u00f3pez contra Avianca S.A., en el primero se profiri\u00f3 sentencia condenatoria, la cual fue revocada en segunda instancia y se concedi\u00f3 el recurso de casaci\u00f3n. Sin embargo, el actor desisti\u00f3 de las pretensiones y se aprob\u00f3 la liquidaci\u00f3n en costas. En el segundo, se declar\u00f3 probada parcialmente la excepci\u00f3n previa de cosa juzgada y se remiti\u00f3 el proceso al Tribunal Superior de Bogot\u00e1, a fin de que desate el recurso de apelaci\u00f3n, el cual a\u00fan se encuentra pendiente de decisi\u00f3n.<\/p>\n<p>61. El 13 de marzo de 2024, la Unidad Nacional de Protecci\u00f3n inform\u00f3 que despu\u00e9s de realizar la b\u00fasqueda en los sistemas de informaci\u00f3n y de gesti\u00f3n SIGOB, SeR y CERREM, advirti\u00f3 que el se\u00f1or Juan Esteban Z\u00fa\u00f1iga L\u00f3pez no ha solicitado la realizaci\u00f3n de un estudio de nivel de riesgo, para la implementaci\u00f3n de medidas de protecci\u00f3n. Por esa raz\u00f3n, el actor no cuenta con ninguna medida de protecci\u00f3n por parte de esa unidad. Por otra parte, la entidad se\u00f1al\u00f3 que carece de legitimaci\u00f3n por pasiva para pronunciarse sobre los hechos y pretensiones de la acci\u00f3n de tutela de la referencia.<\/p>\n<p>Traslado de pruebas<\/p>\n<p>62. El 2 de abril de 2024, mediante auto, el magistrado sustanciador traslad\u00f3 a este proceso las pruebas recaudadas en el expediente T-9.590.333, referentes a las respuestas emitidas por el Senado de la Rep\u00fablica y el Ministerio del Trabajo, al considerar que tiene una importante similitud f\u00e1ctica el caso que se revisa en el mencionado expediente y la presente acci\u00f3n de tutela.<\/p>\n<p>63. El secretario general del Senado de la Rep\u00fablica inform\u00f3 a esta Corte que, con el objeto de regular la huelga en servicios p\u00fablicos esenciales, se han presentado los proyectos de ley 331 de 2022 (archivado), 149 de 2020 (archivado), 158 de 2017 (archivado) y 053 de 2023 (pendiente para discutir).<\/p>\n<p>64. La Oficina Jur\u00eddica del Ministerio del Trabajo inform\u00f3 que, luego de presentadas varias acciones de tutela por los pilotos desvinculados de Avianca S.A., con ocasi\u00f3n de la huelga de 2017, se han llevado a cabo diversas mesas de trabajo con las que se ha buscado la concertaci\u00f3n y la resoluci\u00f3n de las discrepancias que a\u00fan subsisten entre las partes. En esas mesas se ha discutido sobre las posibilidades de resolver los conflictos a partir de la negociaci\u00f3n colectiva, y sobre el restablecimiento de los derechos econ\u00f3micos de los pilotos.<\/p>\n<p>65. De otra parte, el Ministerio se\u00f1al\u00f3 que, en lo que se refiere a las recomendaciones del CLS, ha hecho importantes intentos por incluir, en el proyecto de reforma laboral que actualmente se discute en el Congreso de la Rep\u00fablica, modificaciones al C\u00f3digo Sustantivo del Trabajo sobre el derecho fundamental a la huelga. Al respecto, manifest\u00f3 que:<\/p>\n<p>\u201c(\u2026) el nuevo proyecto de reforma en su art\u00edculo 80, modifica el art\u00edculo 430, relacionado a la huelga en los servicios esenciales, estableciendo que se consideran esenciales los servicios cuya interrupci\u00f3n pudiera poner en peligro la vida, la seguridad o la salud de toda o parte de la poblaci\u00f3n. Tambi\u00e9n indica que: \u201cLa fijaci\u00f3n de los servicios m\u00ednimos se har\u00e1 de com\u00fan acuerdo entre el o los empleadores o asociaciones de empleadores concernidos, por una parte, y las organizaciones de trabajadores o grupos de trabajadores, por otra. En las empresas que presten servicios p\u00fablicos esenciales, en tiempos de normalidad laboral, deber\u00e1n promoverse escenarios de di\u00e1logo social para acordar los servicios m\u00ednimos en casos de huelga. El Ministerio del Trabajo identificar\u00e1 estos servicios de oficio a solicitud de parte y acompa\u00f1ar\u00e1 esos escenarios procurando un acuerdo sobre la prestaci\u00f3n de servicios m\u00ednimos. De no lograrse el acuerdo, la fijaci\u00f3n de los servicios m\u00ednimos ser\u00e1 decidida por un comit\u00e9 independiente. El Ministerio del Trabajo, dentro de los seis (6) meses siguientes a la promulgaci\u00f3n de esta ley, reglamentar\u00e1 lo concerniente a la integraci\u00f3n y funcionamiento de este comit\u00e9. La reglamentaci\u00f3n que al efecto se expida deber\u00e1 estar acorde con los criterios de los organismos de control de la Organizaci\u00f3n Internacional del Trabajo y en ning\u00fan caso deber\u00e1 privar de efectividad el ejercicio del derecho fundamental de huelga\u201d.<\/p>\n<p>66. Del mismo modo, indic\u00f3 que en el proyecto de reforma se contempla, entre otros puntos, la posibilidad de que los trabajadores que hayan participado en una huelga declarada ilegal no sean despedidos. Asimismo, se incluye tambi\u00e9n la prohibici\u00f3n de que se suscriban pactos colectivos con trabajadores no sindicalizados cuando, en la empresa, existan organizaciones sindicales.<\/p>\n<p>A. Competencia<\/p>\n<p>67. Con fundamento en lo previsto en el art\u00edculo 86 de la Constituci\u00f3n Pol\u00edtica, la Sala Quinta de Revisi\u00f3n de la Corte Constitucional es competente para revisar la acci\u00f3n de tutela de la referencia. Tambi\u00e9n lo es por lo dispuesto en el Auto del 18 de diciembre de 2023, por medio del cual la Sala de Selecci\u00f3n n\u00famero Doce escogi\u00f3 para su revisi\u00f3n el aludido expediente.<\/p>\n<p>B. An\u00e1lisis de procedencia de la acci\u00f3n de tutela<\/p>\n<p>68. La Corte Constitucional, en amplia jurisprudencia, ha sostenido que una acci\u00f3n de tutela ser\u00e1 procedente si cumple con la legitimaci\u00f3n en la causa por activa y por pasiva, con la inmediatez y con la subsidiariedad.<\/p>\n<p>69. Legitimaci\u00f3n en la causa por activa. De acuerdo con este presupuesto, quien interpone la acci\u00f3n de tutela debe ser la persona que considera vulnerados o amenazados sus derechos, salvo que act\u00fae por conducto de un tercero debidamente facultado para ello (representante legal, apoderado judicial o agente oficioso). En este caso, se advierte que el se\u00f1or Juan Esteban Z\u00fa\u00f1iga Pino instaur\u00f3 la acci\u00f3n de tutela en nombre propio. En efecto, la declaratoria de la ilegalidad de la huelga, las prestaciones econ\u00f3micas adeudadas y la falta de cumplimiento de las recomendaciones dadas por el CLS, al tiempo que pueden afectar al sindicato en su conjunto, tambi\u00e9n pueden impedirle al actor gozar de su derecho a la libertad sindical. Por esta raz\u00f3n, este requisito se cumple.<\/p>\n<p>70. En lo que tiene que ver con el cumplimiento de las recomendaciones adoptadas por el CLS, en el caso 3316, podr\u00eda pensarse inicialmente que esta es una pretensi\u00f3n que interesa, m\u00e1s que al accionante en esta causa, al sindicato. En otras ocasiones, cuando ha sido el sindicato el que ha instaurado una acci\u00f3n de tutela buscando el cumplimiento de determinadas recomendaciones, esta Corte ha sostenido que se cumple el requisito de la legitimaci\u00f3n en la causa por activa. La raz\u00f3n que ha sido expuesta para concluir lo anterior, puede resumirse en las siguientes l\u00edneas:<\/p>\n<p>\u201c(\u2026) como el sindicato representa los intereses de la comunidad de los trabajadores, con arreglo a las funciones generales que le son propias, seg\u00fan el art. 372 del C.S.T su legitimaci\u00f3n para instaurar la tutela no s\u00f3lo proviene de su propia naturaleza que lo erige personero de dichos intereses, sino de las normas de los art\u00edculos 86 de la Constituci\u00f3n y 10 del Decreto 2591 de 1991, seg\u00fan los cuales la tutela puede ser instaurada por el afectado o por quien act\u00fae en su nombre o lo represente\u201d.<\/p>\n<p>71. En este caso, como se ha visto, el demandante act\u00faa en nombre propio y no en el de sus compa\u00f1eros. \u00c9l considera que, entre otras cosas, el no reconocimiento de las recomendaciones dadas por el CLS lo afecta directamente. Y estima que esto contribuye al desconocimiento de su derecho a la libertad sindical. As\u00ed, si el actor est\u00e1 persiguiendo, en t\u00e9rminos concretos, el restablecimiento de sus propias y particulares prerrogativas, entonces el requisito de la legitimaci\u00f3n en la causa por activa se cumple en este caso. Sobre este \u00faltimo aspecto, recu\u00e9rdese que, de conformidad con la jurisprudencia de esta Corte, el derecho a la libertad sindical es bivalente, en tanto que \u201c(\u2026) de una parte\u00a0es un derecho individual\u00a0que comporta la facultad de trabajadores y empleadores para constituir los organismos que estimen convenientes, afiliarse, desafiliarse o no afiliarse a ellos y solicitar su disoluci\u00f3n cuando lo estimen pertinente; y de otra, constituye un\u00a0derecho de car\u00e1cter colectivo, pues una vez constituida la organizaci\u00f3n, \u00e9sta tiene derecho a regir su destino soberanamente\u201d. Si el actor considera que el no cumplimiento de recomendaciones del CLS afecta su propio derecho a la libertad sindical, esto deber\u00e1 ser analizado por la Corte en una providencia de fondo.<\/p>\n<p>72. Legitimaci\u00f3n en la causa por pasiva. De conformidad con lo dispuesto en el art\u00edculo 5 del Decreto 2591 de 1991 \u201c[l]a acci\u00f3n de tutela procede contra toda acci\u00f3n u omisi\u00f3n de las autoridades p\u00fablicas, que haya violado, viole o amenace violar cualquiera de los derechos de que trata el art\u00edculo 2 de esta ley. Tambi\u00e9n procede contra acciones u omisiones de particulares, de conformidad con lo establecido en el Cap\u00edtulo III de este Decreto\u201d.<\/p>\n<p>73. Precisamente, el citado mandato constitucional contempla las siguientes hip\u00f3tesis en las que es posible ejercer la acci\u00f3n de tutela en contra de particulares: (i) cuando el particular est\u00e1 encargado de la prestaci\u00f3n de un servicio p\u00fablico; (ii) cuando con su conducta afecta de manera grave y directa el inter\u00e9s colectivo; o (iii) cuando existe un estado de subordinaci\u00f3n o indefensi\u00f3n entre el solicitante del amparo y quien supuestamente incurri\u00f3 en la violaci\u00f3n de un derecho fundamental.<\/p>\n<p>74. Esta Corte ha precisado que el estado de subordinaci\u00f3n se presenta en aquellas situaciones en las que el sujeto se encuentra sometido a \u201c\u00f3rdenes proferidas por quienes, en raz\u00f3n de sus calidades, tienen la competencia para impartirlas\u201d y alude a la existencia de una relaci\u00f3n jur\u00eddica de dependencia que tiene su origen en\u00a0\u201cla obligatoriedad de un orden jur\u00eddico o social determinado\u201d, la cual, seg\u00fan la jurisprudencia, se manifiesta principalmente entre trabajadores y patronos, o estudiantes y profesores. Ahora, en relaci\u00f3n con la indefensi\u00f3n, \u00a0la Corte ha se\u00f1alado que esta alude a aquellas situaciones en las que la persona no cuenta con la posibilidad material de hacer frente a las amenazas o a las transgresiones de otra, en algunas ocasiones por la ausencia de medios ordinarios de defensa y en otras porque \u00e9stos resultan exiguos para resistir el agravio particular del que se trata.<\/p>\n<p>75. Conforme con lo expuesto, para que se entienda cumplido el requisito de legitimaci\u00f3n por pasiva, es necesario acreditar, por una parte, que se trata de un sujeto respecto del cual procede el amparo y por otra, que la conducta que genera vulneraci\u00f3n o amenaza del derecho se pueda vincular directa o indirectamente, con su acci\u00f3n u omisi\u00f3n.<\/p>\n<p>76. En el caso concreto, se advierte que la tutela fue formulada contra la Presidencia de la Rep\u00fablica, el Ministerio de Relaciones Exteriores, el Ministerio del Interior, el Ministerio del Trabajo, el Ministerio del Transporte, el Senado de la Rep\u00fablica, la C\u00e1mara de Representantes, la Fiscal\u00eda General de la Naci\u00f3n, la Procuradur\u00eda General de la Naci\u00f3n y la Defensor\u00eda del Pueblo. Adicionalmente, al proceso se vincul\u00f3 a la Sociedad Avianca S.A. y a la ACDAC, dado que podr\u00edan tener inter\u00e9s en la orden de tutela que se podr\u00eda proferir.<\/p>\n<p>77. M\u00e1s adelante se advertir\u00e1 que las pretensiones relacionadas con que se califique nuevamente la legalidad de la huelga llevada a cabo en el a\u00f1o 2017, o con que se declare que el accionante fue desvinculado de su trabajo de manera discriminatoria y que, por tanto, merece percibir los salarios y prestaciones que se dejaron de pagar por esa causa, son improcedentes dado que incumplen el requisito de la inmediatez y, en alg\u00fan grado, el de la subsidiariedad. Por ello, el an\u00e1lisis de fondo en este asunto solo se llevar\u00e1 a cabo a partir de las pretensiones relacionadas con el presunto incumplimiento de las recomendaciones dadas por el CLS. Si esto es as\u00ed, corresponde a esta Corte estudiar la legitimaci\u00f3n en la causa por pasiva de las entidades accionadas, y establecer si estas tienen la aptitud legal para responder por el presunto desconocimiento de las recomendaciones aludidas.<\/p>\n<p>78. En cuanto a la legitimaci\u00f3n por pasiva del Ministerio del Trabajo, la Sala advierte que se cumple dado que la accionada es una entidad p\u00fablica, que hace parte del Gobierno Nacional, y que est\u00e1 encargada de \u201catender las quejas iniciadas ante la OIT, en contra del Gobierno Nacional por presunta violaci\u00f3n al derecho de libertad sindical\u201d.<\/p>\n<p>79. Asimismo, sobre las competencias del Ministerio del Trabajo en estas materias, recu\u00e9rdese que el Decreto 4108 de 2011, \u201c[p]or el cual se modifican los objetivos y la estructura del Ministerio del Trabajo y se integra el Sector Administrativo del Trabajo\u201d, dispuso que el Despacho del ministro tiene el deber de \u201c[r]epresentar en los asuntos de su competencia al Gobierno Nacional en la ejecuci\u00f3n de tratados y convenios internacionales, de acuerdo con las normas legales sobre la materia\u201d. Al mismo tiempo, la Oficina de Cooperaci\u00f3n y Relaciones Internacionales del mismo ministerio tiene la competencia de \u201c[c]oordinar y evaluar la gesti\u00f3n de los asuntos relacionados con el cumplimiento de compromisos internacionales, en coordinaci\u00f3n con las dependencias del Ministerio, y formular las recomendaciones para el mejoramiento de los resultados en esta materia\u201d. De otra parte, el Despacho del Viceministerio de Relaciones Laborales e Inspecci\u00f3n ser\u00eda el encargado de, entre otras cosas, \u201c[a]sesorar al Ministro en las iniciativas para cumplir los Convenios Internacionales en materia de Derechos Humanos de los trabajadores y los requerimientos de la Organizaci\u00f3n Internacional del Trabajo, OIT, u otros organismos internacionales\u201d. De lo anterior se advierte que, en lo relativo a las quejas presentadas ante el Comit\u00e9 de Libertad Sindical por el presunto incumplimiento de los principios de la libertad sindical, es el Ministerio del Trabajo el encargado de hacerles seguimiento. Por esta raz\u00f3n, ese ministerio est\u00e1 legitimado en la causa por pasiva para responder por la presunta falta de cumplimiento de las recomendaciones dadas, por el CLS, en el caso 3316.<\/p>\n<p>80. De otro lado, respecto del Senado de la Rep\u00fablica y de la C\u00e1mara de Representantes o, en t\u00e9rminos generales, del Congreso de la Rep\u00fablica, esta Sala advierte que tambi\u00e9n se acredita el requisito de legitimaci\u00f3n por pasiva, pues de trata de una entidad p\u00fablica que, en concreto, tiene la competencia de revisar y adecuar la legislaci\u00f3n sobre la huelga en el servicio p\u00fablico de transporte.<\/p>\n<p>81. Por lo dem\u00e1s, la Sala advierte que no cumplen con el requisito de la legitimaci\u00f3n en la causa por pasiva la Presidencia de la Rep\u00fablica y el Ministerio del Transporte, porque, aunque ambas entidades hacen parte del Gobierno Nacional, entre sus funciones no se encuentra, espec\u00edficamente, la de hacer seguimiento a las recomendaciones de los \u00f3rganos de control de la OIT. Lo mismo advierte esta Sala respecto de la Defensor\u00eda del Pueblo y la Procuradur\u00eda General de la Naci\u00f3n. En efecto, esos \u00f3rganos que hacen parte del Ministerio P\u00fablico no tienen, tampoco, la funci\u00f3n de cumplir las recomendaciones del CLS. Igual consideraci\u00f3n cabr\u00eda respecto de la Sociedad Avianca S.A., entidad del orden privado a la que tampoco compete la funci\u00f3n aludida.<\/p>\n<p>82. Ahora bien, por \u00faltimo, esta Sala considera que el Ministerio de Relaciones Exteriores, el Ministerio del Interior, la Fiscal\u00eda General de la Naci\u00f3n y la Unidad Nacional de Protecci\u00f3n &#8211; UNP- tampoco est\u00e1n legitimadas por pasiva por al menos tres razones. Primero, porque el accionante no identific\u00f3 ninguna acci\u00f3n u omisi\u00f3n atribuible a estas entidades, de la cual se derive la amenaza o vulneraci\u00f3n del derecho fundamental a la libertad sindical. Segundo, porque acorde con las pretensiones expuestas en el escrito de tutela, no se desprende ninguna solicitud dirigida a tales autoridades demandadas, a fin de salvaguardar los derechos del tutelante.<\/p>\n<p>83. Y tercero, porque si bien dentro de las recomendaciones aludidas el CLS sugiere al Gobierno Nacional mantenerlo informado sobre las acciones penales que se adelanten en el pa\u00eds, y sobre el servicio de seguridad que se preste a algunas personas, ser\u00e1 dicho Gobierno -y no espec\u00edficamente la Fiscal\u00eda o la UNP- el que deba cumplir esa funci\u00f3n informativa. Luego, no pareciera existir raz\u00f3n alguna para entender que, en este caso, el no cumplimiento de recomendaciones es una omisi\u00f3n atribuible a la Fiscal\u00eda o a la UNP.<\/p>\n<p>84. Sobre esto \u00faltimo vale la pena advertir que la Fiscal\u00eda General de la Naci\u00f3n tiene la funci\u00f3n de \u201cadelantar el ejercicio de la acci\u00f3n penal y realizar la investigaci\u00f3n de los hechos que revistan las caracter\u00edsticas de un delito que lleguen a su conocimiento por medio de denuncia, petici\u00f3n especial, querella o de oficio, siempre y cuando medien suficientes motivos y circunstancias f\u00e1cticas que indiquen la posible existencia del mismo\u201d.<\/p>\n<p>85. Por su parte, corresponde a la Unidad Nacional de Protecci\u00f3n \u201c(\u2026) articular, coordinar y ejecutar la prestaci\u00f3n del servicio de protecci\u00f3n a quienes determine el Gobierno Nacional que por virtud de sus actividades, condiciones o situaciones pol\u00edticas, p\u00fablicas, sociales, humanitarias, culturales, \u00e9tnicas, de g\u00e9nero, de su calidad de v\u00edctima de la violencia, desplazado, activista de derechos humanos, se encuentren en situaci\u00f3n de riesgo extraordinario o extremo de sufrir da\u00f1os contra su vida, integridad, libertad y seguridad personal o en raz\u00f3n al ejercicio de un cargo p\u00fablico u otras actividades que pueden generar riesgo extraordinario, como el liderazgo sindical, de ONG y de grupos de personas desplazadas, y garantizar la oportunidad, eficiencia e idoneidad de las medidas que se otorgan\u201d.<\/p>\n<p>86. Como puede verse -se reitera- ninguna de estas entidades debe mantener informado al CLS sobre el cumplimiento de sus recomendaciones.<\/p>\n<p>87. Inmediatez. Con este requisito, \u201cse exige al tutelante haber ejercido la acci\u00f3n en un t\u00e9rmino razonable, proporcionado, prudencial y adecuado a partir del hecho que gener\u00f3 la presunta vulneraci\u00f3n de los derechos constitucionales fundamentales\u201d. Esto es as\u00ed porque la naturaleza de la acci\u00f3n de tutela es garantizar la protecci\u00f3n inmediata de un derecho fundamental. Por tanto, es un recurso que busca \u201cdar una soluci\u00f3n de car\u00e1cter urgente a las situaciones que tengan la potencialidad de generar una vulneraci\u00f3n o amenaza a derechos fundamentales\u201d.<\/p>\n<p>88. El cumplimiento del requisito de inmediatez debe revisarse analizando cada caso concreto. Solo as\u00ed corresponder\u00e1 al juez constitucional establecer \u201csi hay un plazo razonable entre el momento en el que se interpuso la acci\u00f3n y el momento en el que se gener\u00f3 el hecho u omisi\u00f3n que vulnera los derechos fundamentales del accionante\u201d. Como lo advierte el art\u00edculo 86 de la Constituci\u00f3n Pol\u00edtica, la vulneraci\u00f3n puede acreditarse por una de dos v\u00edas: una acci\u00f3n o una omisi\u00f3n. Ahora, cuando la tardanza en la formulaci\u00f3n de la acci\u00f3n de tutela no parezca, prima facie, razonable, habr\u00eda que valorar aspectos como los siguientes:<\/p>\n<p>\u201c(i) La existencia de\u00a0razones v\u00e1lidas para la inactividad, como podr\u00eda ser, por ejemplo, la ocurrencia de un suceso de fuerza mayor o caso fortuito, la incapacidad o imposibilidad del actor para interponer la tutela en un t\u00e9rmino razonable, la ocurrencia de un hecho completamente nuevo y sorpresivo que hubiere cambiado dr\u00e1sticamente las circunstancias previas, entre otras.<\/p>\n<p>(ii)\u00a0Cuando a pesar del paso del tiempo es evidente que la vulneraci\u00f3n o amenaza de los derechos fundamentales del accionante permanece, es decir, su situaci\u00f3n desfavorable como consecuencia de la afectaci\u00f3n de sus derechos contin\u00faa y es actual. Lo que adquiere sentido si se recuerda que la finalidad de la exigencia de la inmediatez no es imponer un t\u00e9rmino de prescripci\u00f3n o caducidad a la acci\u00f3n de tutela\u00a0sino asegurarse de que se trate de una amenaza o violaci\u00f3n de derechos fundamentales que requiera, en realidad, una protecci\u00f3n inmediata.<\/p>\n<p>(iii) Cuando la carga de la interposici\u00f3n de la acci\u00f3n de tutela en un plazo razonable resulta\u00a0desproporcionada dada la situaci\u00f3n de debilidad manifiesta en la que se encuentra el accionante, lo que constituye un trato preferente autorizado por el art\u00edculo 13 de la Constituci\u00f3n que ordena que \u2018el Estado proteger\u00e1 especialmente a aquellas personas que por su condici\u00f3n econ\u00f3mica, f\u00edsica o mental, se encuentren en circunstancia de debilidad manifiesta y sancionar\u00e1 los abusos o maltratos que contra ellas se cometan\u201d.<\/p>\n<p>89. Dicho esto, se tiene acreditado que el se\u00f1or Juan Esteban Z\u00fa\u00f1iga L\u00f3pez formul\u00f3 la acci\u00f3n de tutela el 23 de marzo de 2023 y sus pretensiones pueden agruparse en tres bloques principales: (i) aquellas que solicitan la declaratoria de legalidad de la huelga llevada a cabo en 2017, (ii) aquellas que piden declarar que el despido acaecido en 2018 es discriminatorio, y solicitan el restablecimiento econ\u00f3mico de derechos, y (iii) aquellas que requieren el cumplimiento de las recomendaciones dadas por el CLS.<\/p>\n<p>90. Frente a lo primero (analizar nuevamente la legalidad de la huelga), debe recordarse que la ilegalidad de la huelga llevada a cabo en el a\u00f1o 2017 se declar\u00f3, por la v\u00eda judicial, en las sentencias del 6 de octubre de 2017 -proferida por el Tribunal Superior del Distrito Judicial de Bogot\u00e1-, y del 29 de noviembre de 2017 -proferida por la Corte Suprema de Justicia-. En este punto es importante destacar que el demandante no expres\u00f3 que su acci\u00f3n de tutela estuviese dirigida contra las decisiones judiciales antedichas.<\/p>\n<p>92. Adicionalmente, el actor no expres\u00f3 razones de peso para entender que estaba en la imposibilidad de acudir a la acci\u00f3n de tutela en un t\u00e9rmino razonable para discutir, por esta v\u00eda, las razones esbozadas por la Corte Suprema de Justicia en su sentencia. De hecho, aunque el actor se\u00f1ala que las recomendaciones dadas por el CLS, en el marco del caso 3316, pudo constituir un hecho nuevo, a partir del cual debe revaluarse la calificaci\u00f3n dada por la Corte Suprema de Justicia a la huelga, lo cierto es que ello no es as\u00ed en estricto sentido. Esto porque, como se ver\u00e1 al resolver el caso concreto, las recomendaciones indicadas no ordenan al Estado declarar que la huelga referida haya sido legal. Lo que s\u00ed establecen, es que el Estado debe revisar, a futuro, su legislaci\u00f3n sobre la materia. Por ello, en esta oportunidad, no cabr\u00eda sostener que dichas recomendaciones constituyen un hecho nuevo a partir del cual deba flexibilizarse el requisito de la inmediatez con el \u00e1nimo de revisar, nuevamente, la decisi\u00f3n proferida por la Corte Suprema de Justicia.<\/p>\n<p>93. Frente a lo segundo (declarar que el despido fue discriminatorio, y que al actor se le adeudan acreencias laborales), debe decirse que tampoco se acudi\u00f3 en un plazo razonable a la acci\u00f3n de tutela. Lo probado en este proceso, y aceptado por las partes, es que desde el 1 de julio de 2021, en adelante, el actor fue reintegrado a la empresa y desde esa fecha recibe el pago de sus salarios y prestaciones sin inconveniente alguno. De manera que la discusi\u00f3n se centra en el pago de unas prestaciones dejadas de percibir entre 2018 y junio de 2021, dado que all\u00ed nace la presunta vulneraci\u00f3n de derechos. Toda vez que la tutela se formul\u00f3 poco m\u00e1s de un a\u00f1o y 8 meses despu\u00e9s de la \u00faltima fecha, no se satisface el requisito de la inmediatez. A ello se suma que estas cuestiones ya son materia de an\u00e1lisis en la jurisdicci\u00f3n ordinaria laboral y que, por tanto, esta espec\u00edfica pretensi\u00f3n tambi\u00e9n incumplir\u00eda el requisito de la subsidiariedad.<\/p>\n<p>94. Finalmente, frente a lo tercero (declarar que el Estado debe cumplir las recomendaciones dadas por el CLS), cabr\u00eda sostener que s\u00ed se acudi\u00f3 a la tutela en un plazo razonable. El accionante indica que es importante que el juez constitucional ordene a las diferentes entidades accionadas acatar las recomendaciones dadas por el CLS, en marzo de 2021 y en el marco del caso 3316.<\/p>\n<p>95. Esta pretensi\u00f3n s\u00ed supera el requisito de la inmediatez por dos razones en particular: (i) porque, aunque las recomendaciones fueron adoptadas en marzo de 2021 por el CLS, y aprobadas por el Consejo de Administraci\u00f3n en su reuni\u00f3n 341, realizada en Ginebra, en ese mismo mes y a\u00f1o, el Gobierno cuenta con un plazo razonable para dar cumplimiento a aquellas. As\u00ed las cosas, el conteo de tiempos para definir si se cumpli\u00f3 con el presupuesto de la inmediatez no debe, en este escenario, iniciar en la fecha en que fueron adoptadas las recomendaciones. Adem\u00e1s, (ii) en este caso se reprocha el hecho de que el Gobierno no hubiere dado cumplimiento a las mismas. En otras palabras, la fuente de la vulneraci\u00f3n es una omisi\u00f3n que parece mantenerse en el tiempo y ser actual.<\/p>\n<p>96. Subsidiariedad. Por regla general, esta Corte ha sostenido que la acci\u00f3n de tutela es subsidiaria. Sobre el particular cabe a\u00f1adir que, seg\u00fan lo establecido en el art\u00edculo 86 de la Constituci\u00f3n Pol\u00edtica, la tutela goza de un car\u00e1cter residual. Lo que significa que solo procede para proteger derechos fundamentales, y siempre que \u201cel afectado no disponga de otro medio de defensa judicial\u201d. Ahora, el art\u00edculo 86 Superior establece las siguientes dos excepciones a la regla general.<\/p>\n<p>97. La primera de ellas se\u00f1ala que, aun existiendo medios judiciales principales de defensa, la tutela proceder\u00e1 cuando \u201cse utilice como mecanismo transitorio para evitar un perjuicio irremediable\u201d. Para que el perjuicio se entienda irremediable, debe ser inminente y grave, de modo tal que se deban tomar medidas urgentes e impostergables para superarlo. Si todo esto est\u00e1 demostrado, el juez de tutela podr\u00e1 amparar el derecho fundamental con efectos transitorios, mientras el actor hace uso del medio judicial principal de defensa.<\/p>\n<p>98. La segunda excepci\u00f3n consiste en que la acci\u00f3n de tutela ser\u00e1 procedente si, a partir de lo dispuesto en el art\u00edculo 6 -numeral 1- del Decreto 2591 de 1991, se encuentra acreditado que, por las condiciones particulares del accionante o la situaci\u00f3n f\u00e1ctica en que este se encuentra, los otros medios de defensa judicial no son id\u00f3neos ni eficaces para proteger el derecho fundamental. Si esto es as\u00ed, proceder\u00e1 un amparo definitivo.<\/p>\n<p>99. Del mismo modo, la jurisprudencia constitucional ha sostenido que \u201c[u]n mecanismo judicial se considera que es\u00a0id\u00f3neo\u00a0cuando materialmente puede resolver el problema jur\u00eddico planteado y generar el restablecimiento de los derechos fundamentales. Por su parte, la\u00a0eficacia\u00a0del medio se predica de la posibilidad de brindar una protecci\u00f3n oportuna de las garant\u00edas amenazadas o vulneradas\u201d. Como se puede ver, ambos requisitos se deben analizar a la luz de las circunstancias que se presentan en cada caso concreto, y no de manera general o abstracta.<\/p>\n<p>100. Dicho esto, el an\u00e1lisis de la subsidiariedad debe recaer sobre el \u00fanico grupo de pretensiones que super\u00f3 el requisito de la inmediatez. En este grupo de pretensiones, el actor pide que se d\u00e9 cumplimiento a las recomendaciones del CLS. Sobre el particular, es preciso recordar que la jurisprudencia ha se\u00f1alado que es la jurisdicci\u00f3n ordinaria la primera llamada a definir tales asuntos, salvo que dichos mecanismos no sean id\u00f3neos, especialmente cuando lo que se persigue es la protecci\u00f3n de derechos fundamentales desde la \u00f3ptica de los convenios y las recomendaciones de un organismo internacional. Este razonamiento ha sido incluido, por ejemplo, en la Sentencia T-261 de 2012, y reiterado en la Sentencia SU-555 de 2014. En esta \u00faltima providencia se incluy\u00f3 la siguiente regla:<\/p>\n<p>\u201c(\u2026) el juez de tutela tiene competencia para resolver asuntos en que medie la actividad sindical, entre otras causas: i) cuando los dem\u00e1s medios judiciales no sean id\u00f3neos ni efectivos, bien sea porque los jueces ordinarios, quienes son los primeros llamados a aplicar los postulados de la Carta Pol\u00edtica, incluido el bloque de constitucionalidad, desconocen sus mandatos, los inaplican o les dan un alcance equ\u00edvoco; ii) cuando el contenido de las normas que desarrollan derechos fundamentales es contrario a los compromisos adquiridos por el Estado colombiano en los instrumentos internacionales; iii) cuando se busque\u00a0amparar los derechos fundamentales colectivos radicados en cabeza del sindicato accionante, desde la \u00f3ptica de los convenios y las recomendaciones de un organismo internacional, o iv) cuando el ordenamiento jur\u00eddico no establece un procedimiento particular y espec\u00edfico para obtener el cumplimiento de las decisiones de los \u00f3rganos internacionales\u201d. (Subrayas fuera de texto).<\/p>\n<p>101. En la sentencia SU-555 de 2014, la Corte resolvi\u00f3 una acci\u00f3n de tutela en la que los actores ped\u00edan el cumplimiento de una recomendaci\u00f3n proferida por el CLS, y en su examen del caso concreto advirti\u00f3 que la tutela era procedente \u201c(\u2026) por no existir un instrumento id\u00f3neo en el ordenamiento jur\u00eddico interno que\u00a0permita garantizar el cumplimiento de la citada recomendaci\u00f3n\u201d. En esa oportunidad, los actores ped\u00edan que se diera cumplimiento a las recomendaciones del CLS, aprobadas por el Consejo de Administraci\u00f3n de la OIT en su reuni\u00f3n 301, llevada a cabo en marzo de 2008. Esta aprobaci\u00f3n estaba contenida en el informe GB.301\/8 que, a su turno, conten\u00eda el informe No. 349 del CLS. En \u00e9l se inclu\u00edan las conclusiones de dicho Comit\u00e9 en lo relativo al caso No. 2434 que algunas organizaciones sindicales presentaron contra el Gobierno de Colombia.<\/p>\n<p>102. En este caso, de manera casi id\u00e9ntica, el actor solicita dar cumplimiento a las recomendaciones contenidas en el informe 393 del CLS, dentro del caso 3316. Esas recomendaciones, puntualmente, fueron adoptadas por el Consejo de Administraci\u00f3n de la OIT en el informe GB.341\/INS\/12\/1. En efecto, y de manera expl\u00edcita, en el informe antedicho, el Consejo de Administraci\u00f3n aprob\u00f3 en su totalidad el informe 393 del CLS donde se encuentran las recomendaciones cuyo cumplimiento se persigue por parte del accionante.<\/p>\n<p>103. Como consecuencia de lo anterior, y dada la similitud f\u00e1ctica que se presenta entre este caso y el que llev\u00f3 a la Corte a proferir la Sentencia SU-555 de 2014, la Sala acoge la regla, seg\u00fan la cual, en casos como estos debe entenderse que se acredita el requisito de la subsidiariedad. Regla adoptada en la Sentencia SU-555 de 2014 y, con anterioridad, en la Sentencia T-261 de 2012.<\/p>\n<p>C. Problema jur\u00eddico y esquema de resoluci\u00f3n<\/p>\n<p>104. Luego de revisada la procedencia de la acci\u00f3n de tutela, la Sala estudiar\u00e1 si el Ministerio del Trabajo, el Senado de la Rep\u00fablica y la C\u00e1mara de Representantes desconocieron el derecho fundamental a la libertad sindical del accionante, toda vez que, presuntamente, no han dado cumplimiento a las recomendaciones emitidas por el CLS en el caso 3316.<\/p>\n<p>105. Con el \u00e1nimo de resolver este planteamiento, la Sala Quinta de Revisi\u00f3n realizar\u00e1 un breve recuento sobre el contenido y alcance del derecho a la huelga (en general y en el transporte a\u00e9reo), y sobre la presunta vinculatoriedad de las recomendaciones del CLS. Luego de ello, con las reglas extra\u00eddas, resolver\u00e1 el caso concreto.<\/p>\n<p>Sobre la huelga y su relaci\u00f3n con los servicios p\u00fablicos esenciales, entre ellos, el transporte a\u00e9reo<\/p>\n<p>106. La Corte Suprema de Justicia ha entendido que los sindicatos cuentan con una serie de herramientas dirigidas a lograr, con alg\u00fan grado de eficiencia, sus demandas. Una de las herramientas con que cuentan, y con la cual pueden presionar el mejoramiento de las condiciones laborales de los trabajadores, es la huelga, la cual ha sido definida por esa Corte, como \u201c(\u2026) el mecanismo cl\u00e1sico, principal y m\u00e1s certero de presi\u00f3n al alcance de los trabajadores, para lograr la defensa de sus intereses\u201d. Asimismo, se ha dicho que la huelga es la herramienta \u201cm\u00e1s importante para los trabajadores y la m\u00e1s gravosa para los empleadores, por lo que se encuentra resguardada como derecho y corolario esencial de la libertad sindical, a la vez que limitada en funci\u00f3n de otros bienes de especial protecci\u00f3n constitucional\u201d.<\/p>\n<p>107. La Corte Suprema de Justicia tambi\u00e9n ha recordado que la huelga \u201cemana del art\u00edculo 3.1 del Convenio 87, seg\u00fan el cual las organizaciones de trabajadores tienen derecho, entre otras cosas, a \u00ab[\u2026] organizar su administraci\u00f3n y sus actividades y el de formular su programa de acci\u00f3n.\u00bb\u201d No en vano la Corte Constitucional ha se\u00f1alado que la naturaleza constitucional del derecho a la huelga est\u00e1 dada a partir de dos mecanismos, uno es el de su consagraci\u00f3n en el art\u00edculo 56 de la Constituci\u00f3n Pol\u00edtica, y otro es el de su incorporaci\u00f3n en \u201clos convenios 87, 98 y 154 de la Organizaci\u00f3n Internacional del Trabajo, instrumentos internacionales que la jurisprudencia constitucional ha incorporado al bloque de constitucionalidad en sentido estricto\u201d.<\/p>\n<p>108. A su turno, esta Corte ha reconocido que \u201cla funci\u00f3n de ese derecho se explica a partir de tres niveles definidos: el equilibrio de las relaciones entre los empleadores y los trabajadores, la resoluci\u00f3n pac\u00edfica de los conflictos econ\u00f3micos colectivos y la materializaci\u00f3n de la dignidad humana y los derechos de los trabajadores. Esto, bajo el entendido de que la huelga no solo est\u00e1 enfocada hacia la satisfacci\u00f3n de asuntos econ\u00f3micos al interior de la relaci\u00f3n de trabajo, sino que tambi\u00e9n se dirige a la b\u00fasqueda de soluciones a cuestiones de pol\u00edtica econ\u00f3mica y social.\u201d<\/p>\n<p>109. Con todo, la huelga es un derecho que admite limitaciones. El art\u00edculo 56 de la Constituci\u00f3n Pol\u00edtica se\u00f1ala, de manera expresa, que este es un derecho que se garantiza \u201csalvo en los servicios p\u00fablicos esenciales definidos por el legislador\u201d. Y, el mismo art\u00edculo, ordena que el legislador debe \u201creglamentar este derecho\u201d. Para la Corte Constitucional, esa reglamentaci\u00f3n debe ser sumamente cuidadosa, pues la limitaci\u00f3n del derecho no puede implicar su eliminaci\u00f3n. Sobre el particular, y de manera m\u00e1s espec\u00edfica, ha se\u00f1alado la Corte Constitucional que:<\/p>\n<p>\u201c(\u2026) las limitaciones que imponga la ley [sobre el derecho a la huelga] no pueden ser arbitrarias y deben estar sometidas a condiciones de razonabilidad y proporcionalidad. Inclusive, ese precedente prev\u00e9 un est\u00e1ndar m\u00e1s riguroso para dichas limitaciones y a partir de dos variables: (i) las condiciones que se impongan deben ser\u00a0necesarias, indispensables, razonables y proporcionadas a la finalidad que se pretende alcanzar, de modo que no se atente contra la libertad sindical al tornar el derecho de huelga nugatorio o impracticable; y (ii) estas limitaciones deben estar prioritariamente concentradas en el caso particular de los servicios p\u00fablicos esenciales definidos por el legislador, puesto que ese es el est\u00e1ndar que expresamente prev\u00e9 la Constituci\u00f3n.\u201d<\/p>\n<p>110. A nivel legal, el art\u00edculo 430 del C\u00f3digo Sustantivo del Trabajo dispone que \u201c<\/p>\n<p>De conformidad con la Constituci\u00f3n Nacional, est\u00e1 prohibida la huelga en los servicios p\u00fablicos. (\u2026) Para este efecto se considera como servicio p\u00fablico, toda actividad organizada que tienda a satisfacer necesidades de inter\u00e9s general en forma regular y continua, de acuerdo con un r\u00e9gimen jur\u00eddico especial, bien que se realice por el Estado, directa o indirectamente, o por personas privadas. (\u2026) Constituyen, por tanto, servicio p\u00fablico, entre otras, las siguientes actividades: (\u2026) b) Las de empresas de transporte por tierra, agua y aire; y de acueducto, energ\u00eda el\u00e9ctrica y telecomunicaciones;\u201d.<\/p>\n<p>111. La anterior norma fue analizada por la Corte en varias ocasiones. Primero, en la Sentencia C-473 de 1994 se declar\u00f3 exequible la prohibici\u00f3n de la huelga siempre que se trate de servicios p\u00fablicos esenciales definidos por el legislador. En esta sentencia la Corte aclar\u00f3 que las limitaciones constitucionales al derecho de huelga deben ser interpretadas de manera que se busque armonizar los derechos de los usuarios de los servicios p\u00fablicos esenciales con los derechos de los trabajadores. En especial, indic\u00f3 que \u201c[l]a lectura del art\u00edculo 56 superior muestra tambi\u00e9n que la Constituci\u00f3n ha establecido una reserva legal estricta en materia de huelga. En efecto, la norma no s\u00f3lo precisa que la ley reglamentar\u00e1 este derecho. sino que adem\u00e1s se\u00f1ala que es \u00fanicamente el Legislador, es decir el Congreso, quien define cu\u00e1les son los servicios p\u00fablicos esenciales en donde la huelga no est\u00e1 garantizada. Esto significa que corresponde al Congreso establecer el marco regulatorio espec\u00edfico de la huelga en los servicios p\u00fablicos esenciales, sin que el Legislador pueda, en esta materia, efectuar remisiones o delegaciones de esta facultad a otras autoridades\u201d. Adem\u00e1s, el art\u00edculo 452 del C\u00f3digo Sustantivo del Trabajo sostiene que cuando se presenten conflictos colectivos en empresas dedicadas a la prestaci\u00f3n de servicios p\u00fablicos esenciales, y donde no haya sido posible su resoluci\u00f3n en la etapa de arreglo directo, esos asuntos ser\u00e1n sometidos a un arbitramento obligatorio.<\/p>\n<p>112. Luego, en la Sentencia C-450 de 1995, la Corte, tras analizar otro cargo por violaci\u00f3n del art\u00edculo 56 de la Constituci\u00f3n, declar\u00f3 igualmente exequible el literal b) del art\u00edculo 430 del C\u00f3digo Sustantivo del Trabajo al constatar que \u201c[c]on respecto al literal b) de la mencionada disposici\u00f3n estima que las actividades de las empresas de transporte por tierra, mar y aire, indudablemente son servicios p\u00fablicos esenciales, porque est\u00e1n destinadas a asegurar la libertad de circulaci\u00f3n (art. 24 C.P.), o pueden constituir medios necesarios para el ejercicio o la protecci\u00f3n de otros derechos fundamentales (vida, salud, educaci\u00f3n, trabajo, etc).\u201d<\/p>\n<p>113. La Corte Suprema de Justicia, a su turno, ha resaltado que los servicios p\u00fablicos esenciales lo son en cumplimiento de dos factores espec\u00edficamente: (i) un factor formal, seg\u00fan el cual, el servicio p\u00fablico ser\u00e1 esencial si as\u00ed lo establece el legislador, y (ii) un factor material, seg\u00fan el cual, solo ser\u00e1n esenciales \u201clos servicios que de manera aut\u00e9ntica sean primordiales o vitales para la comunidad\u201d.<\/p>\n<p>114. Ahora bien, tal y como lo dispone la legislaci\u00f3n en la actualidad, el servicio p\u00fablico de transporte a\u00e9reo es esencial. Por tanto, la huelga estar\u00eda prohibida prima facie. Esta posici\u00f3n contrasta con la doctrina establecida por el Comit\u00e9 de Libertad Sindical en su condici\u00f3n de \u00f3rgano de control de la OIT. Por eso, la Corte Suprema de Justicia ha instado al Congreso de la Rep\u00fablica para que revise, en t\u00e9rminos generales, la materia. Esto con el \u00e1nimo de acoplar la legislaci\u00f3n nacional a los est\u00e1ndares internacionales. La Corte ha sugerido, en tal sentido, que la huelga puede ser restringida pero no de manera absoluta, sino cuando ello sea imperioso para salvaguardar la salud, la seguridad y la vida de los ciudadanos.<\/p>\n<p>115. As\u00ed, por ejemplo, en la Sentencia SL20094-2017 -que declar\u00f3 la ilegalidad de la huelga llevada a cabo por la ACDAC en el a\u00f1o 2017-, la Corte Suprema de Justicia repar\u00f3 en el hecho de que \u201c(\u2026) los \u00f3rganos de control de la Organizaci\u00f3n Internacional del Trabajo han estimado gen\u00e9ricamente que las labores que cumplen los pilotos de l\u00edneas a\u00e9reas no constituyen un servicio esencial, en el sentido estricto del t\u00e9rmino, respecto del cual pueda operar una prohibici\u00f3n absoluta para el ejercicio del derecho de huelga\u201d. La Corte, para sostener lo anterior, cit\u00f3 la \u201cRecopilaci\u00f3n de decisiones y principios del Comit\u00e9 de Libertad Sindical del Consejo de Administraci\u00f3n de la OIT \u2013 \u00abla libertad sindical\u00bb\u201d; y cit\u00f3 a la Comisi\u00f3n de Expertos en Aplicaci\u00f3n de Convenios y Recomendaciones de la OIT, \u201cseg\u00fan la cual los trabajadores deber\u00edan poder realizar huelgas, entre otros, en \u00ab\u2026los servicios de transporte a\u00e9reo y aviaci\u00f3n civil\u201d.<\/p>\n<p>116. Tambi\u00e9n record\u00f3 que la misma Comisi\u00f3n de Expertos, en el informe 100 del a\u00f1o 2011, dirigido a la Conferencia Internacional del Trabajo, inst\u00f3 \u201c(\u2026) a pa\u00edses como Etiopia a \u00ab\u2026eliminar el transporte a\u00e9reo y los servicios urbanos de autobuses de la lista de los servicios esenciales en los que se proh\u00edbe el derecho de huelga\u2026\u00bb y le ha advertido a otros como Nigeria que \u00ab\u2026habida cuenta de que los servicios relacionados con las aeronaves, con excepci\u00f3n de los controladores de tr\u00e1fico a\u00e9reo, no se consideran en s\u00ed mismos servicios esenciales, en el sentido estricto del t\u00e9rmino, la huelga de los trabajadores en este sector o en sectores conexos no deber\u00eda estar sujeta a una prohibici\u00f3n absoluta\u2026\u00bb\u201d.<\/p>\n<p>117. La Corte Suprema de Justicia resalt\u00f3 en esa sentencia -citando a la Corte Constitucional- que, si bien las recomendaciones del Comit\u00e9 de Libertad Sindical en algunas ocasiones no son vinculantes, \u201cs\u00ed constituyen criterios orientadores para los distintos \u00f3rganos del Estado colombiano y, en consecuencia, son relevantes para la interpretaci\u00f3n de las disposiciones constitucionales relacionadas con el derecho laboral.\u201d<\/p>\n<p>118. Por eso mismo, en la referida sentencia, estableci\u00f3 que aun cuando el servicio de transporte a\u00e9reo s\u00ed es considerado esencial en la legislaci\u00f3n actual -Ley 336 de 1996-, lo cierto es que resulta: \u201c(\u2026) de importancia cardinal la orientaci\u00f3n emanada de los organismos de control de la Organizaci\u00f3n Internacional del Trabajo, referida a que, en todo caso, no deber\u00eda existir una prohibici\u00f3n absoluta del derecho de huelga en este sector, que se deriva de interpretaciones autorizadas de los derechos a la libertad sindical y a la negociaci\u00f3n colectiva, proclamadas en convenios fundamentales como el 87 y 98, que Colombia se ha comprometido a respetar, promover y cumplir de buena fe.\u201d<\/p>\n<p>119. Dicho esto, la Corte concluy\u00f3 que correspond\u00eda al Congreso de la Rep\u00fablica regular la posibilidad de que la huelga pueda desarrollarse en el marco de la prestaci\u00f3n del servicio p\u00fablico de transporte a\u00e9reo, garantizando, eso s\u00ed, unos servicios m\u00ednimos con el objeto de que no se afecte la salud, la vida y la seguridad de las personas. As\u00ed expuso este punto:<\/p>\n<p>\u201c(\u2026) la doctrina del Comit\u00e9 de Libertad Sindical (\u2026) debe servir de base para que el legislador, en el marco de una pol\u00edtica estatal y en uso de sus potestades constitucionales, con la participaci\u00f3n de todas las organizaciones sociales involucradas y de manera democr\u00e1tica y deliberativa, clarifique la posibilidad excepcional de ejercer el derecho de huelga en servicios p\u00fablicos como el transporte a\u00e9reo, con la garant\u00eda de servicios m\u00ednimos de funcionamiento encaminados a resguardar derechos fundamentales a la salud, la vida y la seguridad de la poblaci\u00f3n.\u201d<\/p>\n<p>120. En consecuencia, es claro que el derecho a la huelga no es absoluto. La Constituci\u00f3n establece que aquel no podr\u00e1 garantizarse en los servicios p\u00fablicos esenciales, y que corresponder\u00e1 al legislador definir el alcance del derecho. Con todo, existe un est\u00e1ndar internacional que, a la fecha, aboga por que las legislaciones maximicen el derecho a la huelga, siempre que se permita la continuidad de unos servicios m\u00ednimos que garanticen a la poblaci\u00f3n la salud, la seguridad y la vida. En ese sentido, y en lo relacionado, espec\u00edficamente, con el servicio de transporte a\u00e9reo, la Corte Suprema de Justicia ha instado al Congreso de la Rep\u00fablica para que regule la materia.<\/p>\n<p>Sobre la vinculatoriedad de las recomendaciones del Comit\u00e9 de Libertad Sindical<\/p>\n<p>121. El art\u00edculo 53.4 de la Constituci\u00f3n dispone que \u201clos convenios internacionales del trabajo debidamente ratificados, hacen parte de la legislaci\u00f3n interna\u201d. A su turno, el art\u00edculo 93 se\u00f1ala que \u201clos tratados y convenios internacionales ratificados por el Congreso, que reconocen derechos humanos y que proh\u00edben su limitaci\u00f3n en estados de excepci\u00f3n prevalecen el orden interno\u201d.<\/p>\n<p>122. La Corte se ha pronunciado sobre el alcance de estos mandatos. Analizando el papel que cumplir\u00edan los convenios internacionales en el derecho interno, la Corte realiz\u00f3 algunas precisiones en la Sentencia C-401 de 2005 que se siguen manteniendo hasta la fecha. La primera precisi\u00f3n, es que \u201ctodos los convenios internacionales del trabajo ratificados por Colombia fueron integrados a la legislaci\u00f3n interna, por disposici\u00f3n expresa del inciso cuarto del art\u00edculo 53 de la Constituci\u00f3n. Esto significa que, de manera general, todos estos convenios adquieren el car\u00e1cter de normas jur\u00eddicas obligatorias en el derecho interno por el solo hecho de su ratificaci\u00f3n, sin que sea necesario que se dicten nuevas leyes para incorporar su contenido espec\u00edfico en el ordenamiento jur\u00eddico del pa\u00eds o para desarrollarlo\u201d (Subrayas fuera de texto). Empero, de todos ellos, -esta es la segunda precisi\u00f3n- solo algunos har\u00edan parte del bloque de constitucionalidad en sentido estricto. Espec\u00edficamente, la Corte estableci\u00f3 que aquellos convenios ser\u00edan los que reconozcan derechos humanos fundamentales, y que proh\u00edban su limitaci\u00f3n en estados de excepci\u00f3n.<\/p>\n<p>123. De cualquier modo, aunque la doctrina antedicha gozara de meridiana claridad, la Corte empez\u00f3 a preguntarse si, adem\u00e1s de los convenios internacionales, las recomendaciones del CLS, emitidas en el marco de las quejas conocidas por ese \u00f3rgano de control de la OIT, pod\u00edan llegar a ser vinculantes para el Estado.<\/p>\n<p>124. Antes de entrar en materia, y analizar la jurisprudencia sobre el particular y la respuesta que la Corte ha dado a este interrogante, conviene recordar algunos aspectos relacionados con el tr\u00e1mite que siguen las quejas por el presunto desconocimiento del derecho a la libertad sindical.<\/p>\n<p>125. Primero. Como lo ha recordado esta Corte, el CLS \u201ces el organismo especializado de la OIT que examina las quejas que se reciben sobre violaciones a la libertad sindical, y en ese proceso estudia las legislaciones dom\u00e9sticas sobre sindicalizaci\u00f3n, negociaci\u00f3n y huelgas, y examina las medidas de hecho que se tomen en los Estados contra estas libertades.\u201d Ese Comit\u00e9 es uno de los tres \u00f3rganos de control con que cuenta la OIT.<\/p>\n<p>126. Segundo. La Corte ha expuesto que, luego de evaluar una queja, el CLS puede \u201c(\u2026) recomendar: la inadmisibilidad de la queja, que no se estudie por ser un tema ajeno al de la competencia del Comit\u00e9, determinar que no hubo violaci\u00f3n a la libertad sindical o, en el caso contrario, indicar al gobierno demandado las irregularidades encontradas, e invitarlo a que tome los correctivos necesarios.\u00a0 En este evento, peri\u00f3dicamente se solicita al gobierno un informe sobre el curso dado a las recomendaciones.\u201d<\/p>\n<p>127. Tercero. De conformidad con el art\u00edculo 24 de la Constituci\u00f3n de la OIT \u201c[t]oda reclamaci\u00f3n dirigida a la Oficina Internacional del Trabajo por una organizaci\u00f3n profesional de empleadores o de trabajadores en la que se alegue que cualquiera de los Miembros no ha adoptado medidas para el cumplimiento satisfactorio, dentro de su jurisdicci\u00f3n, de un convenio en el que dicho Miembro sea parte podr\u00e1 ser comunicada por el Consejo de Administraci\u00f3n al gobierno contra el cual se presente la reclamaci\u00f3n y podr\u00e1 invitarse a dicho gobierno a formular sobre la materia la declaraci\u00f3n que considere conveniente\u201d. En lo relativo a las recomendaciones que emite el CLS por la presunta vulneraci\u00f3n del derecho a la libertad sindical, este \u00f3rgano tiene el deber de solicitar al Consejo de Administraci\u00f3n que las apruebe.<\/p>\n<p>128. Cuarto. Si el Consejo de Administraci\u00f3n aprueba las recomendaciones dadas por el CLS, y concluye que un Estado no est\u00e1 cumpliendo los Convenios 87 y 98 de la OIT, invitar\u00e1 al Gobierno para que siga las recomendaciones que haya aprobado.<\/p>\n<p>129. Quinto. Acto seguido, puede que el Gobierno no acate las recomendaciones antedichas, que han sido aprobadas por el Consejo de Administraci\u00f3n. Si ese es el caso, dicho Consejo podr\u00e1, incluso y en \u00faltima instancia, someter el asunto al conocimiento de la Corte Internacional de Justicia. En efecto, eso es lo que dispone el art\u00edculo 37 de la Constituci\u00f3n de la OIT, al decir, en su p\u00e1rrafo 1, que: \u201c[t]odas las cuestiones o dificultades relativas a la interpretaci\u00f3n de esta Constituci\u00f3n y de los convenios ulteriormente concluidos por los Miembros en virtud de las disposiciones de esta Constituci\u00f3n ser\u00e1n sometidas a la Corte Internacional de Justicia para su resoluci\u00f3n.\u201d En este caso, la decisi\u00f3n que tome ese \u00f3rgano judicial ser\u00e1 de obligatorio cumplimiento.<\/p>\n<p>130. Dicho esto, la Corte Constitucional inicialmente concluy\u00f3 que, en algunas ocasiones, las recomendaciones del CLS s\u00ed pueden ser vinculantes. La primera vez que la Corte se refiri\u00f3 a esta materia, lo hizo en la Sentencia T-568 de 1999. En dicha providencia, luego de presentar un recuento dogm\u00e1tico sobre el tr\u00e1mite de este tipo de quejas, y de detallar el procedimiento que surte este asunto ante el CLS, la Corte concluy\u00f3 de manera espec\u00edfica que las recomendaciones dadas por los \u00f3rganos de control de la OIT -entre ellos, el CLS-, ser\u00edan vinculantes solo si el Consejo de Administraci\u00f3n las acog\u00eda. Esto ser\u00eda as\u00ed, en tanto y en cuanto: \u201cColombia est\u00e1 obligada, en virtud de su calidad de Estado Parte del Tratado Constitutivo de la OIT, a acatar las recomendaciones del Consejo de Administraci\u00f3n (arts. 24 y ss).\u201d<\/p>\n<p>131. La doctrina sentada en esta providencia fue reiterada en las sentencias T-1211 de 2000 y T-603 de 2003. En esta \u00faltima se a\u00f1adi\u00f3 que la obligaci\u00f3n de acatar las recomendaciones del CLS, se desprend\u00eda del hecho de \u201cque las relaciones exteriores del Estado se fundamentan en el reconocimiento de los principios del derecho internacional aceptados por Colombia\u201d. La Corte resalt\u00f3 que, en tanto el Estado hace parte de la OIT y est\u00e1 obligado por los Convenios 87 y 98 -porque los ratific\u00f3 por medio de las Leyes 26 y 27 de 1976-, debe \u201csujetarse a lo que dispongan los \u00f3rganos de Control de la Organizaci\u00f3n Internacional del Trabajo, a cuyas determinaciones tambi\u00e9n se sujet\u00f3, al hacer parte del convenio constitutivo de dicha organizaci\u00f3n.\u201d<\/p>\n<p>132. En la Sentencia T-979 de 2004, la Corte reiter\u00f3 que el CLS \u201c(\u2026) no est\u00e1 facultado para proferir, de manera directa, recomendaciones vinculantes para los Estados Miembros. Sus conclusiones y recomendaciones ser\u00e1n sometidas para adopci\u00f3n por el Consejo de Administraci\u00f3n.\u201d\u00a0(subrayas fuera de texto). Igualmente, la providencia expres\u00f3 que \u201cser\u00e1 el Consejo de Administraci\u00f3n\u00a0el que se\u00f1ale las anomal\u00edas al gobierno en cuesti\u00f3n y le solicite que tome medidas para corregirlas.\u201d<\/p>\n<p>133. De cualquier manera, la doctrina, seg\u00fan la cual, algunas recomendaciones del CLS -aprobadas por el Consejo de Administraci\u00f3n- son vinculantes, fue reiterada en las Sentencias T-171 de 2011. Al mismo tiempo, esa sentencia reconoci\u00f3 que las recomendaciones ser\u00edan vinculantes, siempre que -se reitera- hubieren sido adoptadas por el Consejo de Administraci\u00f3n. De cualquier manera, la Sentencia tambi\u00e9n reconoci\u00f3 que \u201c(\u2026) a\u00fan en el evento de recomendaciones de car\u00e1cter vinculante, el gobierno conserva un margen para adoptar las medidas que mejor cumplan con esas recomendaciones. La amplitud de dicho margen var\u00eda seg\u00fan el grado de especificidad de la recomendaci\u00f3n y si \u00e9sta prev\u00e9 alternativas de acci\u00f3n\u201d.<\/p>\n<p>134. En la Sentencia T-087 de 2012, adicionalmente, se resalt\u00f3 de manera vehemente que \u201cla exigencia del cumplimiento de las obligaciones emanadas de all\u00ed, debe hacerse de forma integral, es decir, las Recomendaciones no son escindibles ni aplicables parcialmente. Lo anterior, en virtud a que \u00e9stas son equiparables a \u00f3rdenes emitidas por un ente competente, para la soluci\u00f3n de un conflicto.\u201d En otras palabras, una recomendaci\u00f3n del CLS, debidamente adoptada por el Consejo de Administraci\u00f3n, pasa a ser una orden de perentorio cumplimiento por parte del Estado.<\/p>\n<p>135. Todas estas consideraciones se reiteraron con posterioridad (v. gr. Sentencia T-261 de 2012). Por su parte, en la Sentencia SU-555 de 2014 la Corte precis\u00f3, nuevamente, que los convenios internacionales del trabajo, en el ordenamiento interno, han sido objeto de una evoluci\u00f3n jurisprudencial, toda vez que (i) en un primer momento la Corte no analiz\u00f3 la posici\u00f3n jer\u00e1rquica de los convenios dentro del ordenamiento, sino que se limit\u00f3 a reiterar lo establecido en el art\u00edculo 53 de la Constituci\u00f3n; \u00a0y posteriormente, (ii) la Corte dej\u00f3 claro que, dependiendo de la materia tratada en los convenios del trabajo, algunos pertenecer\u00edan al bloque de constitucionalidad en sentido estricto y otros al lato.<\/p>\n<p>136. Dicho esto, en esta \u00faltima sentencia la Corte precis\u00f3 dos cosas. En primer lugar, que las recomendaciones de la OIT no son, en principio, vinculantes. Esto porque \u201cno integran el bloque de constitucionalidad\u201d. En contraste -se\u00f1al\u00f3 la Corte- esas recomendaciones \u201crecogen directrices que pueden llegar a orientar la pol\u00edtica y las acciones nacionales, pero no son instrumentos que obliguen a los Estados\u201d. Todo esto obedece a que \u201cdichas recomendaciones no son convenios ni tratados ratificados por el Congreso, y por tanto, no surtieron el procedimiento constitucional establecido, requisito inequ\u00edvoco consagrado en la Constituci\u00f3n para que un instrumento internacional haga parte del bloque de constitucionalidad\u201d.<\/p>\n<p>137. De cualquier manera, siguiendo lo establecido en Sentencias como la T-568 de 1999, la T-1211 de 2000, la T-603 de 2003, la T-171 de 2011\u00a0y la T-261 de 2012, la Corte record\u00f3, en segundo lugar, que solo las recomendaciones que, siendo emitidas por el CLS, son aprobadas por el Consejo de Administraci\u00f3n de la OIT, tienen fuerza vinculante para el Estado Colombiano. Sin embargo, la mencionada providencia tambi\u00e9n destac\u00f3 que las autoridades nacionales, a\u00fan en caso de encontrarse ante una recomendaci\u00f3n vinculante de este estilo, conservan un margen de apreciaci\u00f3n para determinar su compatibilidad con el ordenamiento constitucional y para la adopci\u00f3n de medidas concretas para hacerla efectiva. Incluso -resalt\u00f3 la Corte- las autoridades nacionales pueden apartarse de una recomendaci\u00f3n si esta no se corresponde con los contenidos de la Constituci\u00f3n Pol\u00edtica de 1991. Esta es la posici\u00f3n actual, y se ha reiterado en las sentencias T-796 de 2014 y T-376 de 2020.<\/p>\n<p>138. En consecuencia, de acuerdo con la jurisprudencia de esta Corporaci\u00f3n, solo la recomendaci\u00f3n que haya sido aprobada por el Consejo de Administraci\u00f3n, debe ser atendida por el Estado en un plazo razonable. Con todo, aunque la recomendaci\u00f3n cumpla las caracter\u00edsticas antedichas, las autoridades administrativas y judiciales nacionales, as\u00ed como el Congreso de la Rep\u00fablica, pueden hacer uso del margen de apreciaci\u00f3n, con el objeto de establecer de qu\u00e9 manera las implementan, siempre que no vaya en contra del ordenamiento constitucional.<\/p>\n<p>D. An\u00e1lisis del caso concreto<\/p>\n<p>139. En este caso, el actor solicit\u00f3, v\u00eda tutela, el cumplimiento de las recomendaciones dadas por el CLS en el caso 3316, y aprobadas por el Consejo de Administraci\u00f3n en el informe GB.341\/INS\/12\/1. As\u00ed las cosas, corresponde a esta Corte evaluar si las referidas recomendaciones son vinculantes, en los t\u00e9rminos expuestos por la jurisprudencia constitucional, y si el Estado desconoci\u00f3 el derecho a la libertad sindical del accionante al no acatarlas.<\/p>\n<p>140. La queja que dio lugar a las recomendaciones se present\u00f3 el 2 de abril de 2018. Luego de recibida por parte del CLS, el Gobierno present\u00f3 sus observaciones en distintos momentos: junio de 2019, octubre de 2019 y octubre de 2020. Tras analizar la informaci\u00f3n allegada, el Comit\u00e9 incluy\u00f3 las recomendaciones de las que ha tratado esta providencia, en su informe 393 de marzo de 2021. A su turno, el Consejo de Administraci\u00f3n las adopt\u00f3 en su reuni\u00f3n 341. Estas recomendaciones fueron incluidas en un \u201c[i]nforme en que el Comit\u00e9 pide que se le mantenga informado de la evoluci\u00f3n de la situaci\u00f3n\u201d.<\/p>\n<p>141. Acto seguido, el Gobierno remiti\u00f3 al CLS informaciones sobre el seguimiento aludido en octubre de 2021, marzo de 2022, junio de 2022, octubre de 2022, marzo de 2023, junio de 2023, octubre de 2023 y marzo de 2024. A la fecha, el seguimiento se mantiene. A partir de lo dicho, conviene referirse al contenido de las recomendaciones aludidas para establecer si la eventual falta de adopci\u00f3n de estas pudo desconocer alg\u00fan derecho fundamental al actor.<\/p>\n<p>142. En la primera recomendaci\u00f3n, el CLS \u201cpide\u201d al Gobierno que tome medidas con el \u00e1nimo de que \u201cen el futuro\u201d, los conflictos que surjan entre el sindicato y la empresa, en orden a lograr la renovaci\u00f3n de las convenciones colectivas, se resuelvan \u201cpor medio de la negociaci\u00f3n y de mecanismos voluntarios de resoluci\u00f3n de los conflictos\u201d. Todo esto, \u201cde acuerdo con los principios de la libertad sindical\u201d.<\/p>\n<p>143. Esta recomendaci\u00f3n se tom\u00f3 porque las organizaciones sindicales querellantes informaron que cuando se estaba desarrollando la huelga del a\u00f1o 2017, promovida por la ACDAC, el Ministerio del Trabajo conform\u00f3 un Tribunal de Arbitramento Obligatorio. Ese Tribunal se conform\u00f3, de acuerdo con lo dicho por ese Ministerio, porque la huelga estaba afectando un servicio p\u00fablico esencial. Esta decisi\u00f3n encontr\u00f3 respaldo en el art\u00edculo 452 del CST -numeral 1, literal a-. El Comit\u00e9, en sus conclusiones, se\u00f1al\u00f3 que \u201c(\u2026) en la medida en que el arbitraje obligatorio impide el ejercicio de la huelga, dicho arbitraje atenta contra el derecho de las organizaciones sindicales a organizar libremente sus actividades, y solo podr\u00eda justificarse en el marco de la funci\u00f3n p\u00fablica o de los servicios esenciales en el sentido estricto del t\u00e9rmino\u201d. Acto seguido, incluy\u00f3 la recomendaci\u00f3n indicada en el p\u00e1rrafo inmediatamente anterior.<\/p>\n<p>144. En la reciente Sentencia T-181 de 2024, al analizar un caso id\u00e9ntico al presente, esta Corte concluy\u00f3 que ni el Ministerio del Trabajo ni el Congreso de la Rep\u00fablica estaban desconociendo derecho fundamental alguno a dos pilotos que presentaron, bajo un mismo formato de acci\u00f3n de tutela, las mismas pretensiones que formul\u00f3 en esta causa el se\u00f1or Juan Esteban Z\u00fa\u00f1iga L\u00f3pez. Las razones para concluir lo anterior fueron dos: la primera, estuvo relacionada con que en la actualidad no existe ning\u00fan conflicto entre la ACDAC y Avianca S.A., y que por ello no ser\u00eda posible, en lo inmediato, ordenar al Gobierno Nacional que tome medidas para que, en un eventual proceso de negociaci\u00f3n colectiva, se respeten los principios de la libertad sindical en los t\u00e9rminos se\u00f1alados por el Comit\u00e9.<\/p>\n<p>145. La segunda, ten\u00eda que ver con que, para la fecha en que se profiri\u00f3 la sentencia mencionada (20 de mayo de 2024), la Comisi\u00f3n S\u00e9ptima Permanente de la C\u00e1mara de Representantes estaba pendiente de debatir la reforma laboral que conten\u00eda diversas propuestas de art\u00edculos, en los que se buscaba proteger el derecho a la negociaci\u00f3n colectiva. As\u00ed se refiri\u00f3 esa providencia sobre el punto:<\/p>\n<p>\u201cAdem\u00e1s, es preciso advertir que el proyecto de reforma laboral que actualmente cursa en el Congreso de la Rep\u00fablica, y que fue presentado por el Ministerio del Trabajo -accionado en esta causa- plantea la posibilidad de derogar el art\u00edculo 452 del C\u00f3digo Sustantivo del Trabajo que facult\u00f3 a dicho Ministerio para conformar el Tribunal de Arbitramento Obligatorio.\u00a0Esta derogatoria se plantea en el art\u00edculo 92 del proyecto referido. Al mismo tiempo, la reforma plantea modificar, en su art\u00edculo 75, el art\u00edculo 467 del C\u00f3digo Sustantivo del Trabajo, para indicar que la negociaci\u00f3n colectiva es un\u00a0derecho\u00a0y que el Ministerio del Trabajo se compromete a garantizarlo.<\/p>\n<p>Del mismo modo, el art\u00edculo 75 del proyecto propone, en su par\u00e1grafo 1, que el Ministerio del Trabajo deber\u00e1 regular este derecho y que, en ese ejercicio, \u201c[d]eber\u00e1 garantizar la eficacia del derecho a la negociaci\u00f3n colectiva en todos los niveles y deber\u00e1 [seguir] las normas internacionales del trabajo y los criterios de los organismos de control de la Organizaci\u00f3n Internacional del Trabajo\u201d.\u00a0Ya depender\u00e1 del debate legislativo si estas previsiones se aprueban como ley. En ese prop\u00f3sito, debe recordarse que el legislador cuenta con un margen de apreciaci\u00f3n de conformidad con lo dispuesto en la Sentencia SU-555 de 2014. En caso de que esta reforma se apruebe e introduzca los cambios mencionados, la misma aplicar\u00e1 para los conflictos que se traben, en el futuro, entre la ACDAC y Avianca S.A. Por este motivo, no se advierte que el Ministerio del Trabajo est\u00e9 vulnerando, en la actualidad, el derecho a la libertad sindical de los actores, dado que est\u00e1 adelantando gestiones en orden a cumplir las directrices del Comit\u00e9 de Libertad Sindical\u201d.<\/p>\n<p>146. Esta misma raz\u00f3n ser\u00eda aplicable a este caso, de no haber sido porque, como se ha indicado en diversos medios de comunicaci\u00f3n y confirmado por los propios representantes a la C\u00e1mara que hacen parte de la Comisi\u00f3n S\u00e9ptima, en sesi\u00f3n del 13 de junio de 2024 se acord\u00f3 eliminar de la reforma laboral los art\u00edculos que guardaban relaci\u00f3n con estas materias. Eso significa que, cuando el proyecto de ley sea estudiado en el segundo debate, que se surtir\u00e1 en la plenaria de la C\u00e1mara de Representantes, ya no se discutir\u00e1n los art\u00edculos mencionados en los p\u00e1rrafos que se citan.<\/p>\n<p>147. Esta circunstancia modifica la raz\u00f3n de esta decisi\u00f3n, pero no su sentido. Ello, debido a que no puede haber vulneraci\u00f3n de derechos actual en la medida en que no hay un conflicto o proceso de negociaci\u00f3n en curso entre la empresa Avianca S.A. y la ACDAC, de la cual se pudiera alegar o llegar a desconocer los principios de la libertad sindical. Recu\u00e9rdese que, para conceder el amparo de derechos fundamentales, debe estar claramente acreditada una vulneraci\u00f3n o amenaza actual de los mismos. En otras palabras, la tutela no cabe ante situaciones hipot\u00e9ticas o futuras y, por ende, esta corporaci\u00f3n no puede presumir que, ante una nueva y futura negociaci\u00f3n colectiva entre las partes, Avianca S.A. desconocer\u00e1 los principios aludidos, y que el Gobierno Nacional -representado por el Ministerio del Trabajo- lo permitir\u00e1. Por lo mismo, ante la inexistencia de un proceso de negociaci\u00f3n en curso entre la empresa Avianca S.A. y la ACDAC, tampoco es evidente c\u00f3mo la falta de regulaci\u00f3n inmediata dirigida a cumplir la recomendaci\u00f3n del Comit\u00e9 de Libertad Sindical podr\u00eda afectar directamente los derechos fundamentales del accionante.<\/p>\n<p>148. En la segunda recomendaci\u00f3n, el CLS \u201cpide\u201d al Gobierno, que \u201cen consulta con los interlocutores sociales representativos del pa\u00eds\u201d, revise su legislaci\u00f3n y cree \u201c(\u2026) un mecanismo que permita establecer la negociaci\u00f3n de los servicios m\u00ednimos en caso de huelga en [el sector del transporte a\u00e9reo]\u201d. Adem\u00e1s, el Comit\u00e9 invit\u00f3 \u201cal Gobierno a que solicite la asistencia t\u00e9cnica de la Oficina a este respecto\u201d.<\/p>\n<p>149. En efecto, el CLS, para establecer esta recomendaci\u00f3n, indic\u00f3 que \u201c[c]on base en los elementos puestos a su disposici\u00f3n sobre la importancia del sector a\u00e9reo en el pa\u00eds y con miras a asegurar tanto el respeto de los derechos fundamentales de la poblaci\u00f3n como el derecho de los pilotos a defender sus intereses profesionales por medio de la huelga, el Comit\u00e9 considera por lo tanto que podr\u00eda establecerse un mecanismo de fijaci\u00f3n negociada de servicios m\u00ednimos en caso de huelga en el transporte a\u00e9reo del pa\u00eds.\u201d Esta consideraci\u00f3n la hizo luego de encontrar que, en efecto, la prestaci\u00f3n del servicio de transporte a\u00e9reo puede ser de suma importancia para ciertos sectores. Empero, al mismo tiempo, no deber\u00eda proscribirse totalmente la posibilidad de llevar a cabo una huelga en dicho sector.<\/p>\n<p>150. La invitaci\u00f3n, adem\u00e1s, reconoce que el proceso de revisi\u00f3n de la legislaci\u00f3n interna sobre la materia no puede hacerse al margen del debate p\u00fablico y razonado, que debe llevarse a cabo en el seno del Congreso de la Rep\u00fablica. Como puede verse, el Comit\u00e9 propone al Gobierno Nacional revisar la legislaci\u00f3n vigente sobre la materia, y para ello pide que se escuche a los diversos sectores sociales del pa\u00eds.<\/p>\n<p>151. Sobre este punto tambi\u00e9n cabr\u00eda aclarar que en la reciente Sentencia T-181 de 2024 se indic\u00f3 que ni el Ministerio del Trabajo ni el Congreso de la Rep\u00fablica estaban desconociendo los derechos fundamentales de dos pilotos que se encontraban en las mismas circunstancias f\u00e1cticas y jur\u00eddicas del se\u00f1or Z\u00fa\u00f1iga L\u00f3pez. Y esa decisi\u00f3n se tom\u00f3 porque, para la fecha en que se adopt\u00f3 (20 de mayo de 2024), estaban pendientes de discusi\u00f3n, en la Comisi\u00f3n S\u00e9ptima de la C\u00e1mara de Representantes, algunos art\u00edculos que, estando incluidos en el proyecto de reforma laboral, pretend\u00edan regular la huelga en los servicios p\u00fablicos esenciales. Por ello, concluy\u00f3 la Corte que las accionadas no hab\u00edan desconocido derecho fundamental alguno, m\u00e1xime cuando no se advert\u00eda una inacci\u00f3n evidente por parte del Ministerio del Trabajo o del Congreso de la Rep\u00fablica en esta materia. En espec\u00edfico y sobre este punto, la Corte Constitucional indic\u00f3 lo siguiente:<\/p>\n<p>\u201c(\u2026) es importante resaltar que, en el proyecto de reforma laboral presentada por el Gobierno Nacional -representado por el Ministerio del Trabajo (accionado en esta causa)-, est\u00e1 incluida la posibilidad de modificar la legislaci\u00f3n interna sobre este asunto. El proyecto contiene un t\u00edtulo denominado \u201clibertad sindical y cumplimiento de est\u00e1ndares internacionales\u201d. El cap\u00edtulo tercero del mencionado t\u00edtulo regula todo lo relacionado con la huelga. En el art\u00edculo 80, por ejemplo, se propone modificar el art\u00edculo 430 del C\u00f3digo Sustantivo del Trabajo. En \u00e9l se propone que la huelga no est\u00e9 totalmente prohibida en los servicios p\u00fablicos esenciales, y que pueda aceptarse siempre que se garantice \u201cla prestaci\u00f3n de servicios m\u00ednimos\u201d.\u00a0La propuesta de art\u00edculo, que ser\u00e1 discutida por el Congreso de la Rep\u00fablica y que actualmente es conocida por la Comisi\u00f3n S\u00e9ptima Permanente de la C\u00e1mara de Representantes, es la siguiente:<\/p>\n<p>\u201cCuando el ejercicio del derecho de huelga pueda comprometer servicios esenciales, se deber\u00e1 garantizar la prestaci\u00f3n de servicios m\u00ednimos para evitar su interrupci\u00f3n.<\/p>\n<p>Para tales efectos, se consideran esenciales aquellos servicios que, en desarrollo de sus funciones, determinen como tales los \u00f3rganos de control de la Organizaci\u00f3n Internacional del Trabajo, por tratarse de servicios cuya interrupci\u00f3n, en sentido estricto, puede poner en peligro la vida, la seguridad o la salud de toda o parte de la poblaci\u00f3n.<\/p>\n<p>La fijaci\u00f3n de los servicios m\u00ednimos se har\u00e1 de com\u00fan acuerdo entre el o los empleadores o asociaciones de empleadores concernidos, por una parte, y las organizaciones de trabajadores o grupos de trabajadores, por otra. En las empresas que presten servicios p\u00fablicos esenciales, en tiempos de normalidad laboral, deber\u00e1n promoverse escenarios de di\u00e1logo social para acordar los servicios m\u00ednimos en casos de huelga. El Ministerio del Trabajo identificar\u00e1 estos servicios de oficio o a solicitud de parte y acompa\u00f1ar\u00e1 esos escenarios procurando un acuerdo sobre la prestaci\u00f3n de servicios m\u00ednimos.<\/p>\n<p>De no lograrse el acuerdo, la fijaci\u00f3n de los servicios m\u00ednimos ser\u00e1 decidida por un comit\u00e9 independiente. El Ministerio del Trabajo, dentro de los seis (6) meses siguientes a la promulgaci\u00f3n de esta ley, reglamentar\u00e1 lo concerniente a la integraci\u00f3n y funcionamiento de este comit\u00e9. La reglamentaci\u00f3n que al efecto se expida deber\u00e1 estar acorde con los criterios de los organismos de control de la Organizaci\u00f3n Internacional del Trabajo y en ning\u00fan caso deber\u00e1 privar de efectividad el ejercicio del derecho fundamental de huelga.\u201d<\/p>\n<p>Esta norma, de aprobarse, tendr\u00eda incidencia en todos los servicios p\u00fablicos que hoy son reconocidos como esenciales en la legislaci\u00f3n colombiana, incluido el transporte a\u00e9reo. Que esta norma se acoja tal y como fue planteada, o sufra determinadas modificaciones, depender\u00e1 del di\u00e1logo democr\u00e1tico. En el tr\u00e1mite del debate, de cualquier manera, el Congreso de la Rep\u00fablica deber\u00e1 tomar en consideraci\u00f3n, por una parte, las recomendaciones dadas por la Corte Suprema de Justicia en la Sentencia\u00a0SL20094-2017 sobre el asunto, y por la otra, el margen de apreciaci\u00f3n con que cuenta para acatar las recomendaciones del CLS que han sido aprobadas por el Consejo de Administraci\u00f3n.\u00a0En todo caso, como puede advertirse, esta Corte reconoce que el Ministerio del Trabajo, como accionado en esta causa, est\u00e1 haciendo gestiones para seguir las recomendaciones dadas por el CLS. Y a su turno, el Congreso de la Rep\u00fablica se encuentra estudiando dicha propuesta. Por ello, no se advierte una inacci\u00f3n evidente por parte de las autoridades del Estado, que implique una vulneraci\u00f3n del derecho a la libertad sindical de los accionantes\u201d.<\/p>\n<p>152. Tal y como se advirti\u00f3 al estudiar la primera recomendaci\u00f3n, en sesi\u00f3n del 13 de junio de 2024, la Comisi\u00f3n S\u00e9ptima de la C\u00e1mara de Representantes decidi\u00f3, en el marco del primer debate de la reforma laboral, eliminar algunos art\u00edculos del proyecto que guardaban relaci\u00f3n con materias del derecho colectivo. Entre esos art\u00edculos se encuentra el relacionado con la huelga en servicios p\u00fablicos esenciales.<\/p>\n<p>153. Con todo, esto no significa que los derechos fundamentales del actor deban ser tutelados. Como logr\u00f3 demostrarse con el material probatorio recaudado, ni \u00e9l, ni sus compa\u00f1eros de sindicato, est\u00e1n adelantando actualmente un proceso de negociaci\u00f3n colectiva. Adem\u00e1s, no es evidente que al se\u00f1or Z\u00fa\u00f1iga se le est\u00e9n desconociendo derechos sindicales dado que sigue afiliado a la ACDAC, a\u00fan labora para Avianca S.A. y no ha sido perseguido por sus actividades recientemente. Por \u00faltimo, tampoco es claro c\u00f3mo la falta de regulaci\u00f3n inmediata dirigida a cumplir la recomendaci\u00f3n del Comit\u00e9 de Libertad Sindical podr\u00eda afectar directamente los derechos fundamentales del accionante.<\/p>\n<p>154. Sin embargo, esto no quiere decir que el Congreso de la Rep\u00fablica pueda eludir indefinidamente la discusi\u00f3n sobre esta materia. Como se ha advertido en esta sentencia (que recogi\u00f3 las consideraciones de la Sentencia T-181 de 2024), es cierto que el derecho a la huelga no es absoluto y que, por tanto, puede ser limitado en servicios p\u00fablicos esenciales. Empero, al mismo tiempo (i) existe un est\u00e1ndar internacional que aboga por que las legislaciones maximicen el derecho a la huelga, siempre que se permita la continuidad de unos servicios m\u00ednimos que garanticen a la poblaci\u00f3n la salud, la seguridad y la vida; (ii) la Corte Suprema de Justicia ha exhortado al Congreso de la Rep\u00fablica para que sea aquel el que regule el asunto (espec\u00edficamente, en lo que tiene que ver con el servicio de transporte a\u00e9reo), y (iii) en la segunda recomendaci\u00f3n, dentro del caso 3316, se ha sugerido al Estado revisar el punto luego de escuchar a los \u201cinterlocutores sociales representativos del pa\u00eds\u201d.<\/p>\n<p>155. Con la eliminaci\u00f3n de los art\u00edculos relacionados con materias del derecho colectivo, esta discusi\u00f3n ya no se presentar\u00e1 de manera abierta y profunda con ocasi\u00f3n del proyecto de ley 166 de 2023 (C\u00e1mara), que sigue su curso en el Congreso de la Rep\u00fablica. De all\u00ed que deba conminarse a esta \u00faltima instituci\u00f3n para que discuta esta cuesti\u00f3n en un futuro cercano, dado que solo a ella corresponde emitir reglas claras sobre la materia, luego de escuchar a quienes tengan inter\u00e9s en ello. En ese proceso democr\u00e1tico -como ya se resalt\u00f3 en la Sentencia T-181 de 2024-, el Congreso de la Rep\u00fablica deber\u00e1 \u201ctomar en consideraci\u00f3n, por una parte, las recomendaciones dadas por la Corte Suprema de Justicia en la Sentencia\u00a0SL20094-2017 sobre el asunto, y por la otra, el margen de apreciaci\u00f3n con que cuenta para acatar las recomendaciones del CLS que han sido aprobadas por el Consejo de Administraci\u00f3n\u201d.<\/p>\n<p>156. De otra parte, las recomendaciones tercera y cuarta se refieren a puntos muy espec\u00edficos. En la tercera, a efectos de hacer el seguimiento respectivo del caso, el Comit\u00e9 \u201cpide\u201d al Gobierno mantenerlo \u201cinformado respecto del desarrollo del proceso penal en curso\u201d que se sigue contra el entonces presidente de la ACDAC. Del mismo modo, el CLS no sugiere que la acci\u00f3n penal iniciada contra el referido ciudadano deba necesariamente cesar. De hecho, en sus conclusiones sobre este punto, el Comit\u00e9 se\u00f1al\u00f3 que \u201csi bien las personas dedicadas a actividades sindicales, o que desempe\u00f1en un cargo sindical, no pueden pretender la inmunidad respecto de las leyes penales ordinarias, el arresto de sindicalistas o la presentaci\u00f3n de cargos penales en su contra \u00fanicamente podr\u00e1 basarse en requisitos jur\u00eddicos que no infrinjan los principios de la libertad sindical\u201d.<\/p>\n<p>157. La informaci\u00f3n solicitada por el CLS puede ser remitida por el Gobierno Nacional dado que el Estado debe colaborar en el tr\u00e1mite de la queja que se present\u00f3 ante ese Comit\u00e9. El inter\u00e9s del Comit\u00e9, como puede verse, \u00fanicamente tiene que ver con que el Gobierno le mantenga informado de este proceso, para confirmar que el inicio del mismo no haya atentado contra el principio de libertad sindical. De cualquier manera, el cumplimiento o no de esta recomendaci\u00f3n no afecta los derechos particulares del accionante. Como puede verse, el proceso se inici\u00f3 contra una persona distinta -no contra el actor-. De hecho, en respuesta al Auto de pruebas del 28 de febrero de 2024, la Fiscal\u00eda General de la Naci\u00f3n indic\u00f3 que contra el accionante no se hab\u00eda iniciado proceso penal alguno.<\/p>\n<p>158. La recomendaci\u00f3n cuarta es similar, en su estructura, a la anterior. Simplemente el CLS le \u201cpide\u201d al Gobierno mantenerlo informado sobre las responsabilidades y sanciones que se han impuesto a \u201clos autores materiales [e] intelectuales de las interceptaciones ilegales de las cuales la ACDAC fue objeto\u201d. Como se advierte, esta es una recomendaci\u00f3n que se hace en el marco del caso 3316, que se dirige simplemente a establecer si el Estado colombiano condena las interceptaciones ilegales que se realizaron contra los miembros de la ACDAC y, en esa medida, condena las acciones que atentan contra los principios de la libertad sindical. Nada impide al Gobierno Nacional mantener informado al Comit\u00e9 sobre los avances en este tipo de investigaciones como, en efecto, ha venido haci\u00e9ndolo seg\u00fan puede advertirse en la p\u00e1gina Web de la OIT. Por ello, no se evidencia un desconocimiento del derecho a la libertad sindical del accionante.<\/p>\n<p>160. Dicho todo esto, la Corte considera imperioso precisar que la alusi\u00f3n que en esta sentencia se ha hecho de las recomendaciones del CLS, emitidas en el marco del caso 3316, en manera alguna constituye una revisi\u00f3n anticipada de constitucionalidad respecto del contenido material de las mismas.<\/p>\n<p>161. Finalmente, es preciso que esta Corte se pronuncie sobre dos consideraciones adicionales, que abord\u00f3 el accionante en su tutela:<\/p>\n<p>162. La primera, tiene que ver con la afirmaci\u00f3n del tutelante, seg\u00fan la cual, la Opini\u00f3n Consultiva OC-27\/21 de mayo de 2021, proferida por la Corte IDH, es vinculante y debe ser acogida por el Estado. Esa Opini\u00f3n contiene importantes apreciaciones sobre el alcance del derecho a la huelga. En todo caso, es preciso reiterar la jurisprudencia de esta Corte sobre el asunto. La Corte IDH, ha sostenido que \u201clas autoridades estatales deben tener en cuenta no solo el texto de la CADH (y de otros tratados internacionales sobre derechos humanos), sino tambi\u00e9n la interpretaci\u00f3n que de esta ha hecho la Corte IDH\u201d. Esa interpretaci\u00f3n puede estar incluida en sus sentencias o en sus opiniones consultivas.<\/p>\n<p>163. La jurisprudencia constitucional, de otra parte, no ha puesto en duda que (i) \u201c[l]a CADH fue incorporada al ordenamiento jur\u00eddico interno mediante la Ley 16 de 1972\u201d; (ii) que \u201c[e]ste instrumento protege derechos humanos que no pueden suspenderse en estados de excepci\u00f3n\u201d, y (iii) \u201cque cumple los requisitos del art\u00edculo 93.1 C.P. y, por tanto, integra el bloque de constitucional\u00a0stricto\u00a0sensu\u201d.<\/p>\n<p>164. Sin embargo, este reconocimiento \u201cno supone integrar al bloque de constitucionalidad la jurisprudencia de la Corte Interamericana\u201d, sino simplemente reconocer su valor como \u201ccriterio hermen\u00e9utico relevante que deber\u00e1 ser considerado en cada caso\u201d. De acuerdo con la postura de esta Corte:<\/p>\n<p>\u201c(\u2026) las decisiones (\u2026) de la Corte IDH son relevantes, debido a que \u201ctienen implicaciones directas en la apreciaci\u00f3n del sentido de un derecho previsto en la Convenci\u00f3n Americana\u201d. Sin embargo, la aplicaci\u00f3n de los est\u00e1ndares formulados por la Corte IDH en su jurisprudencia implica \u201cuna interpretaci\u00f3n sistem\u00e1tica y arm\u00f3nica con la lectura que deriva de la Constituci\u00f3n Pol\u00edtica\u00a0[y de] [\u2026]\u00a0otros tratados que tambi\u00e9n prev\u00e9n obligaciones vinculantes para el Estado\u201d.\u00a0En suma, \u201cla determinaci\u00f3n de lo que un derecho de la Convenci\u00f3n significa, m\u00e1xime cuando Colombia ha aceptado la competencia (\u2026) de dicho organismo, involucra tener en cuenta lo que al respecto ha dicho su int\u00e9rprete autorizado; [pero]\u00a0no para acogerlo de manera irreflexiva\u201d.<\/p>\n<p>165. En ese sentido, si bien la opini\u00f3n consultiva no es vinculante, en los t\u00e9rminos expuestos, ella contiene est\u00e1ndares internacionales que de acuerdo con el margen nacional de apreciaci\u00f3n podr\u00edan ser tenidos en cuenta, como criterio orientador, por las autoridades del Estado. Esto puede tenerse en cuenta por parte del Congreso de la Rep\u00fablica cuando, en el futuro, decida regular la huelga en servicios p\u00fablicos esenciales.<\/p>\n<p>166. La segunda, est\u00e1 relacionada con el presunto Estado de Cosas Inconstitucional que, de acuerdo con el actor, deber\u00eda declararse en esta causa. Un ECI surge en virtud de la grave, masiva y sistem\u00e1tica violaci\u00f3n de derechos fundamentales causada, las m\u00e1s de las veces, por la omisi\u00f3n del Estado en desarrollar pol\u00edticas p\u00fablicas. Podr\u00eda decirse que el principal objeto de una declaratoria como esta es que la Corte pueda emitir \u00f3rdenes estructurales y complejas que permitan, en un plazo determinado, superar ese escenario de bloqueo institucional que impide, en s\u00ed mismo, la protecci\u00f3n y garant\u00eda de los derechos fundamentales de los ciudadanos. Para declarar un ECI, de conformidad con la jurisprudencia de esta Corte, deber\u00edan acreditarse los siguientes factores:<\/p>\n<p>\u201c(i) la vulneraci\u00f3n masiva y generalizada de varios derechos constitucionales que afecta a un n\u00famero significativo de personas; (ii) la prolongada omisi\u00f3n de las autoridades en el cumplimiento de sus obligaciones para garantizar los derechos; (iii) la adopci\u00f3n de pr\u00e1cticas inconstitucionales, como la incorporaci\u00f3n de la acci\u00f3n de tutela como parte del procedimiento para garantizar el derecho conculcado; (iv) la no expedici\u00f3n de medidas legislativas, administrativas o presupuestales necesarias para evitar la vulneraci\u00f3n de los derechos; (v) la existencia de un problema social cuya soluci\u00f3n compromete la intervenci\u00f3n de varias entidades, requiere la adopci\u00f3n de un conjunto complejo y coordinado de acciones y exige un nivel de recursos que demanda un esfuerzo presupuestal adicional importante; (vi) si todas las personas afectadas por el mismo problema acudieran a la acci\u00f3n de tutela para obtener la protecci\u00f3n de sus derechos, se producir\u00eda una mayor congesti\u00f3n judicial\u201d.<\/p>\n<p>167. En este caso, esas condiciones no se advierten. De otra parte, debe tenerse en cuenta que la propia Sala Plena de esta Corporaci\u00f3n ha recordado que \u201cen un Estado cuya base la conforman los principios de legalidad y separaci\u00f3n de poderes, la intervenci\u00f3n del juez constitucional en pol\u00edticas p\u00fablicas, ya sea que actu\u00e9 en sede de constitucionalidad, como juez de tutela, en el seguimiento al cumplimiento de sus \u00f3rdenes o, inclusive, en el marco de la declaratoria de un estado de cosas inconstitucional, debe ser excepcional\u201d (Subrayas fuera de texto). Por ello, dado que en este caso no se evidencian motivos suficientes para declarar un ECI, la Sala negar\u00e1 dicha pretensi\u00f3n.<\/p>\n<p>168. En consecuencia: (i) a\u00fan a pesar de que las recomendaciones contenidas en el informe 3316 fueron aprobadas por el Consejo de Administraci\u00f3n, lo cierto es que no es evidente que la eliminaci\u00f3n de algunos art\u00edculos relativos a materias del derecho colectivo -que estaban incluidos en la reforma laboral y que se dirig\u00edan a incorporar las dos primeras recomendaciones- implique el desconocimiento de derecho fundamental alguno, espec\u00edficamente porque el actor sigue vinculado tanto a la ACDAC como a Avianca S.A., y esta \u00faltima empresa no lo ha perseguido por sus actividades sindicales recientemente. Asimismo, en la actualidad no existe conflicto entre las partes, no se lleva a cabo ninguna negociaci\u00f3n colectiva y mucho menos se desarrolla huelga alguna. Por ello, la falta de reglamentaci\u00f3n inmediata sobre la negociaci\u00f3n colectiva voluntaria, o sobre la huelga en servicios p\u00fablicos esenciales, no parece vulnerar sus derechos fundamentales. (ii) Igualmente, las tres recomendaciones restantes, como se ha visto, simplemente solicitan al Gobierno informaci\u00f3n sobre el avance de determinados procesos penales, y piden que se garantice la seguridad de los pilotos cuya vida se encuentre en riesgo, y que hagan parte de la junta directiva de la ACDAC. La Corte, en consecuencia, entiende que nada impide al Gobierno para que entregue la informaci\u00f3n pedida por el CLS, como hasta la fecha viene haci\u00e9ndolo. En consecuencia, la Sala no advierte que las autoridades accionadas hubieren desconocido el derecho a la libertad sindical del accionante. Finalmente, la Corte reconoce que las conclusiones contenidas en la Opini\u00f3n Consultiva OC-27\/21 de mayo de 2021 pueden ser tenidas en cuenta como criterio orientador, pero no como criterio vinculante.<\/p>\n<p>169. Por lo expuesto, la Sala Quinta de Revisi\u00f3n confirmar\u00e1 parcialmente la decisi\u00f3n proferida, el 26 de julio de 2023, por el Tribunal Administrativo de Cundinamarca -Secci\u00f3n Segunda, Subsecci\u00f3n \u201cB\u201d-, en lo que ata\u00f1e a la negativa del amparo de los derechos fundamentales deprecados por Juan Esteban Z\u00fa\u00f1iga L\u00f3pez frente a la pretensi\u00f3n de obtener el cumplimiento, por parte del Estado colombiano, de las recomendaciones dadas por el CLS en el caso 3316. Por lo dem\u00e1s, revocar\u00e1 el numeral segundo de la providencia judicial para, en su lugar, declarar la improcedencia de todas las pretensiones restantes.<\/p>\n<p>E. S\u00edntesis de la decisi\u00f3n<\/p>\n<p>170. La Corte conoci\u00f3 el caso de un ciudadano que fue desvinculado de Avianca S.A., en 2018, por haber participado activamente en la huelga que la ACDAC llev\u00f3 a cabo en el a\u00f1o 2017. Huelga declarada ilegal por la Corte Suprema de Justicia. El actor indic\u00f3 que su despido hab\u00eda sido discriminatorio, que la huelga fue legal y que el Estado no hab\u00eda dado cumplimiento a las recomendaciones dadas por el CLS en el caso 3316, aprobadas por el Consejo de Administraci\u00f3n de la OIT en su informe GB.341\/INS\/12\/1. El juez de primera instancia accedi\u00f3 parcialmente a las pretensiones. En segunda instancia, esa determinaci\u00f3n se revoc\u00f3.<\/p>\n<p><\/p>\n<p>171. La Sala estim\u00f3 que frente a la pretensi\u00f3n de ordenar el cumplimiento de las recomendaciones del CLS, la acci\u00f3n de tutela era procedente. En el an\u00e1lisis de fondo, constat\u00f3 que, aunque las recomendaciones fueron aprobadas por el Consejo de Administraci\u00f3n, el Estado tiene un amplio margen de apreciaci\u00f3n al momento de darles cumplimiento. Acto seguido, advirti\u00f3 que (i) en lo relativo a las dos primeras recomendaciones, no se advierte c\u00f3mo su falta de regulaci\u00f3n impacta negativamente en los derechos fundamentales del accionante; y (ii) que las recomendaciones restantes simplemente le ordenan al Estado mantener informado al Comit\u00e9 sobre el avance de algunos procesos penales, al tiempo que piden prestar seguridad a los directivos de la ACDAC. Sobre esto la Corte manifest\u00f3 que el Gobierno Nacional ha presentado informes a dicho Comit\u00e9 sobre el particular. Inc<\/p>\n<p><\/p>\n","protected":false},"excerpt":{"rendered":"<p>TEMAS-SUBTEMAS Sentencia T-238\/24 COMITE DE LIBERTAD SINDICAL DE LA OIT-Recomendaciones, debidamente aprobadas por el Consejo de Administraci\u00f3n, tienen car\u00e1cter vinculante\/DERECHO DE HUELGA-Facultad legislativa de reglamentaci\u00f3n de ejercicio\/DERECHO DE LIBERTAD SINDICAL-No vulneraci\u00f3n PRINCIPIO DE INMEDIATEZ COMO REQUISITO DE PROCEDIBILIDAD DE LA ACCION DE TUTELA-Debe ponderarse bajo el criterio del plazo razonable y oportuno DERECHO A LA [&hellip;]<\/p>\n","protected":false},"author":1,"featured_media":0,"comment_status":"open","ping_status":"open","sticky":false,"template":"","format":"standard","meta":{"footnotes":""},"categories":[146],"tags":[],"class_list":["post-30356","post","type-post","status-publish","format-standard","hentry","category-tutelas-2024"],"_links":{"self":[{"href":"https:\/\/www.dmsjuridica.com\/buscador_20179478954\/corteconstitucionalcronologico202454587\/wp-json\/wp\/v2\/posts\/30356","targetHints":{"allow":["GET"]}}],"collection":[{"href":"https:\/\/www.dmsjuridica.com\/buscador_20179478954\/corteconstitucionalcronologico202454587\/wp-json\/wp\/v2\/posts"}],"about":[{"href":"https:\/\/www.dmsjuridica.com\/buscador_20179478954\/corteconstitucionalcronologico202454587\/wp-json\/wp\/v2\/types\/post"}],"author":[{"embeddable":true,"href":"https:\/\/www.dmsjuridica.com\/buscador_20179478954\/corteconstitucionalcronologico202454587\/wp-json\/wp\/v2\/users\/1"}],"replies":[{"embeddable":true,"href":"https:\/\/www.dmsjuridica.com\/buscador_20179478954\/corteconstitucionalcronologico202454587\/wp-json\/wp\/v2\/comments?post=30356"}],"version-history":[{"count":0,"href":"https:\/\/www.dmsjuridica.com\/buscador_20179478954\/corteconstitucionalcronologico202454587\/wp-json\/wp\/v2\/posts\/30356\/revisions"}],"wp:attachment":[{"href":"https:\/\/www.dmsjuridica.com\/buscador_20179478954\/corteconstitucionalcronologico202454587\/wp-json\/wp\/v2\/media?parent=30356"}],"wp:term":[{"taxonomy":"category","embeddable":true,"href":"https:\/\/www.dmsjuridica.com\/buscador_20179478954\/corteconstitucionalcronologico202454587\/wp-json\/wp\/v2\/categories?post=30356"},{"taxonomy":"post_tag","embeddable":true,"href":"https:\/\/www.dmsjuridica.com\/buscador_20179478954\/corteconstitucionalcronologico202454587\/wp-json\/wp\/v2\/tags?post=30356"}],"curies":[{"name":"wp","href":"https:\/\/api.w.org\/{rel}","templated":true}]}}