{"id":3140,"date":"2024-05-30T17:19:05","date_gmt":"2024-05-30T17:19:05","guid":{"rendered":"https:\/\/www.dmsjuridica.com\/buscador_20179478954\/corteconstitucionalcronologico202454587\/2024\/05\/30\/t-126-97\/"},"modified":"2024-05-30T17:19:05","modified_gmt":"2024-05-30T17:19:05","slug":"t-126-97","status":"publish","type":"post","link":"https:\/\/www.dmsjuridica.com\/buscador_20179478954\/corteconstitucionalcronologico202454587\/t-126-97\/","title":{"rendered":"T 126 97"},"content":{"rendered":"<p>T-126-97<\/p>\n<p>&nbsp; &nbsp; 13 &nbsp;<\/p>\n<p>Sentencia T-126\/97 &nbsp;<\/p>\n<p>MEDIO DE DEFENSA JUDICIAL-Reconocimiento y pago de prestaciones sociales &nbsp;<\/p>\n<p>En la gran mayor\u00eda de los expedientes, los actores han hecho uso de la acci\u00f3n de tutela con el objeto de reemplazar los procedimientos ordinarios, que habr\u00edan podido servir con eficiencia para la finalidad buscada, que no ha sido otra que la de obtener el examen judicial de los distintos casos, con miras al reconocimiento y pago de numerosas prestaciones sociales. Ninguno de los demandantes pidi\u00f3 el pago de una pensi\u00f3n que requiriera para sostener su m\u00ednimo vital ni demostr\u00f3 que estuvieren afectados sus derechos fundamentales como persona de la tercera edad -pues, aunque algunos de ellos pertenecen a ese grupo, gozan de una pensi\u00f3n otorgada que actualmente se paga-, ni se hall\u00f3 motivo alguno del cual pudiera inferirse la inminencia de un perjuicio irremediable. &nbsp;<\/p>\n<p>ABUSO DE LA TUTELA-Reclamaci\u00f3n prestaciones sociales a Foncolpuertos\/ACCION DE TUTELA TEMERARIA POR ABOGADO-Falta de poder\/ACCION DE TUTELA TEMERARIA POR ABOGADO-Utilizaci\u00f3n fotocopia del poder para otro asunto &nbsp;<\/p>\n<p>Varios de los accionantes han incurrido en protuberante abuso del instrumento constitucional, utiliz\u00e1ndolo dos, tres y hasta cuatro veces respecto de las mismas pretensiones y por iguales hechos. Adem\u00e1s, ha corroborado la Corte que algunos abogados ejercieron temerariamente la acci\u00f3n de tutela, present\u00e1ndola en varias ocasiones. En otros eventos, actuaron sin poder, o sustituyeron en colegas suyos poderes inexistentes. No pod\u00edan los abogados, sin poder, la facultad de agenciar los derechos de extrabajadores de Colpuertos, menos todav\u00eda si no se configuraba ejercicio de una agencia oficiosa, que ni ten\u00eda lugar, por cuanto faltaba el requisito de la indefensi\u00f3n de los solicitantes, ni fue puesta de presente en las respectivas demandas, ni tampoco ratificada por los interesados. Mal puede concebirse la utilizaci\u00f3n de un original del poder para presentar una demanda y el uso de fotocopias del mismo documento con el objeto de presentar otras, a no ser que se trate del ejercicio temerario de la acci\u00f3n, proscrito por la ley. &nbsp;<\/p>\n<p>DERECHO DE PETICION-Resoluci\u00f3n de solicitudes &nbsp;<\/p>\n<p>Las \u00f3rdenes judiciales no pueden entenderse en ning\u00fan caso como \u00f3rdenes o autorizaciones de pago de las sumas reclamadas, sino como mandatos encaminados exclusivamente a la respuesta pronta, favorable o desfavorable, a cada peticionario. Como en invariable jurisprudencia lo ha se\u00f1alado esta Corte, el derecho de petici\u00f3n no consiste en un mecanismo para asegurar que la decisi\u00f3n administrativa acepte o reconozca materialmente lo que ante ella se impetra, es decir, no constituye un seguro para la prosperidad de las pretensiones correspondientes y, por tanto, no se configura la violaci\u00f3n de aqu\u00e9l por el hecho de que la autoridad se abstenga de acceder a lo que se le pide. &nbsp;<\/p>\n<p>ACCION DE TUTELA-Resoluci\u00f3n &nbsp;<\/p>\n<p>Quien ejerce acci\u00f3n de tutela tiene derecho a que el juez competente resuelva acerca de la demanda presentada, con independencia del sentido en que lo haga. Ello es propio de la actividad confiada por la Carta Pol\u00edtica a los jueces y corresponde al debido proceso y a un concepto material del acceso a la administraci\u00f3n de justicia, m\u00e1xime si se trata de definir situaciones que comprometen los derechos fundamentales de los solicitantes. &nbsp;<\/p>\n<p>Referencia: Expedientes acumulados T-105736, T-108775, T-104615, T-108466, T-108599, T-106911, T-105855, &nbsp;T-107178, &nbsp;T-107691, T-108209, T-107780, T-107224, T-108772, T-107437, T-107835, T-104616, T-104441, T-107891, T-107460, T-107114, T-106326, T-107083, T-109171, T-108964, T-106515, T-106197 y T-104292. &nbsp;<\/p>\n<p>Acci\u00f3n de tutela &nbsp;instaurada por Pablo Vesga Prada y otros contra el Fondo de Pasivo Social de la Empresa Puertos de Colombia -FONCOLPUERTOS-. &nbsp;<\/p>\n<p>Magistrado Ponente: &nbsp;<\/p>\n<p>Dr. JOSE GREGORIO HERNANDEZ GALINDO &nbsp;<\/p>\n<p>Sentencia aprobada en Santa Fe de Bogot\u00e1, D.C., a los catorce (14) d\u00edas del mes marzo de mil novecientos noventa y siete (1997). &nbsp;<\/p>\n<p>Se revisan los fallos proferidos por distintos jueces de la Rep\u00fablica al resolver sobre demandas acumuladas de tutela en los procesos de la referencia. &nbsp;<\/p>\n<p>Al igual que en los casos que fueron objeto de an\u00e1lisis en la Sentencia T-01 del 21 de enero de 1997, por razones de celeridad y econom\u00eda procesal la Sala ha resuelto fallar sobre los anotados veintisiete expedientes del total que ha sido acumulado en torno a la misma materia. Los dem\u00e1s se seguir\u00e1n resolviendo por grupos, mediante posteriores fallos, en orden de ingreso al Despacho. &nbsp;<\/p>\n<p>I. INFORMACION PRELIMINAR &nbsp;<\/p>\n<p>Como acontec\u00eda en los procesos originados por las acciones objeto de la mencionada decisi\u00f3n, se trata aqu\u00ed de las instauradas contra el Fondo de Pasivo Social de la &nbsp;Empresa Puertos de Colombia -FONCOLPUERTOS-, por personas que mantuvieron v\u00ednculos laborales con la entidad cuya liquidaci\u00f3n se adelanta. &nbsp;<\/p>\n<p>En este segundo grupo la Corte revis\u00f3 un total de 27 expedientes, relativos a las demandas incoadas por 152 personas, cuyos nombres se indican a continuaci\u00f3n: &nbsp;<\/p>\n<p>Abad\u00eda Cecilia &nbsp;<\/p>\n<p>Abella Torres Alfredo Cayetano &nbsp;<\/p>\n<p>Acosta Ariza Januario E. &nbsp;<\/p>\n<p>Altamiranda Morales Alvaro &nbsp;<\/p>\n<p>Alvarez Castellanos Benjam\u00edn &nbsp;<\/p>\n<p>Alvarez Ortega Julio &nbsp;<\/p>\n<p>Amador Racines Jos\u00e9 &nbsp;<\/p>\n<p>Ar\u00e9valo Hern\u00e1ndez Carlos Arturo &nbsp;<\/p>\n<p>Arteaga Hern\u00e1ndez Luis Alfonso &nbsp;<\/p>\n<p>Avila Ther\u00e1n Heriberto Antonio &nbsp;<\/p>\n<p>Barros Herrera Armando Cayetano &nbsp;<\/p>\n<p>Barros Linero Gustavo Manuel &nbsp;<\/p>\n<p>Berm\u00fadez de Serna Rosa Cecilia &nbsp;<\/p>\n<p>Berm\u00fadez Viloria Silvia Liliana &nbsp;<\/p>\n<p>Blanco Banquez Julio Alberto &nbsp;<\/p>\n<p>Bola\u00f1o Schorboth Jos\u00e9 Rafael &nbsp;<\/p>\n<p>Borja Gonz\u00e1lez Alberto &nbsp;<\/p>\n<p>Borrego Gonz\u00e1lez Doris &nbsp;<\/p>\n<p>Bravo Labastidas Jos\u00e9 Antonio &nbsp;<\/p>\n<p>Bujato Ordo\u00f1ez Manuel &nbsp;<\/p>\n<p>Camargo Fontalvo Wilman Alfonso &nbsp;<\/p>\n<p>C\u00e1rdenas Rodr\u00edguez Juan Jos\u00e9 &nbsp;<\/p>\n<p>Carrillo G\u00f3mez Jorge Eli\u00e9cer &nbsp;<\/p>\n<p>Carvajal Mart\u00ednez Rodrigo &nbsp;<\/p>\n<p>Castiblanco Borrego Judith Esther en representaci\u00f3n de sus dos hijos Adalvaro Segundo e Ileida Palacios Castiblanco &nbsp;<\/p>\n<p>Castro Rocha Silena de Jes\u00fas &nbsp;<\/p>\n<p>Ceballos Ruiz Fernando Segundo &nbsp;<\/p>\n<p>Charris Massi Fabiola Isabel del Carmen &nbsp;<\/p>\n<p>Charris Reyes Bernardo Jos\u00e9 &nbsp;<\/p>\n<p>Corzo D\u00edaz Lucas Vicente &nbsp;<\/p>\n<p>Cuadrado Bernal Rodrigo Emilio &nbsp;<\/p>\n<p>De Angelis M\u00e1rquez C\u00e9sar &nbsp;<\/p>\n<p>De la Hoz De la Hoz Olmedo Rafael &nbsp;<\/p>\n<p>De la Hoz Diazgranados Denys Mar\u00eda &nbsp;<\/p>\n<p>De la Hoz Ortega Hinarco Higinio &nbsp;<\/p>\n<p>De Luque Ponz\u00f3n Domingo de Jes\u00fas &nbsp;<\/p>\n<p>Delgado Noriega Jaime &nbsp;<\/p>\n<p>Deluque Povea Lucinda Beatriz &nbsp;<\/p>\n<p>D\u00edaz Fern\u00e1ndez Manuel Francisco &nbsp;<\/p>\n<p>Diazgranados Camargo Jos\u00e9 de la Cruz &nbsp;<\/p>\n<p>Escobar Guzm\u00e1n Julio Efra\u00edn &nbsp;<\/p>\n<p>Esmeral Ariza Pedro Nel &nbsp;<\/p>\n<p>Fajardo Acevedo Mar\u00eda Cecilia &nbsp;<\/p>\n<p>Fern\u00e1ndez Manjarr\u00e9s Rita Cecilia &nbsp;<\/p>\n<p>Fern\u00e1ndez Pardo Edgar Emilio &nbsp;<\/p>\n<p>Fern\u00e1ndez Pardo Jorge &nbsp;<\/p>\n<p>Fern\u00e1ndez Royero Osvaldo Antonio &nbsp;<\/p>\n<p>Forero Orozco Luis Carlos &nbsp;<\/p>\n<p>G\u00e1mez Perozo Alfredo Enrique &nbsp;<\/p>\n<p>Garc\u00eda Castellanos Eladio Enrique &nbsp;<\/p>\n<p>Garc\u00eda Olivero Carlos &nbsp;<\/p>\n<p>Garrido Anzola Alfredo Enrique &nbsp;<\/p>\n<p>Giacometto Ortiz Leland &nbsp;<\/p>\n<p>Gonz\u00e1lez Salas Mario &nbsp;<\/p>\n<p>Gonz\u00e1lez Tovar Glenis Maruja &nbsp;<\/p>\n<p>Granados Pab\u00f3n Ricardo Enrique &nbsp;<\/p>\n<p>Guerrero S\u00e1nchez Julio &nbsp;<\/p>\n<p>Guevara Leotur Jorge Antonio &nbsp;<\/p>\n<p>Herrera Esmeral Alejandro Manuel &nbsp;<\/p>\n<p>Jim\u00e9nez Mestra Arbenio Antonio &nbsp;<\/p>\n<p>Larios Fern\u00e1ndez Napole\u00f3n &nbsp;<\/p>\n<p>Lerma Caicedo Diana Ximena &nbsp;<\/p>\n<p>Linero Quiroz Miguel Angel &nbsp;<\/p>\n<p>Llanes C\u00f3rdoba Gustavo Manuel &nbsp;<\/p>\n<p>Llanes Varela Carlos Alfonso &nbsp;<\/p>\n<p>Loaiza Jos\u00e9 de los Santos &nbsp;<\/p>\n<p>L\u00f3pez P\u00e9rez Jos\u00e9 &nbsp;<\/p>\n<p>Machuca Quintero Dar\u00edo &nbsp;<\/p>\n<p>Maldonado Pe\u00f1a Antonio Ram\u00f3n &nbsp;<\/p>\n<p>Manjarres Berdugo Juan Manuel &nbsp;<\/p>\n<p>Manjarres Meza Juan Manuel &nbsp;<\/p>\n<p>Manjarrez Hern\u00e1ndez Galo &nbsp;<\/p>\n<p>M\u00e1rquez De Le\u00f3n Armando Rafael &nbsp;<\/p>\n<p>Marrugo Cordero Oswaldo Enrique &nbsp;<\/p>\n<p>Mart\u00ednez Castro Hector &nbsp;<\/p>\n<p>Mart\u00ednez Meza Manuel Salvador &nbsp;<\/p>\n<p>Mart\u00ednez Villar Manuel de Jes\u00fas &nbsp;<\/p>\n<p>Mart\u00ednez Zambrano Luis Aurelio &nbsp;<\/p>\n<p>Medina de D\u00edaz Dioselina &nbsp;<\/p>\n<p>Melendez Granadillo Rodrigo &nbsp;<\/p>\n<p>M\u00e9ndez Linero Pedro Nel &nbsp;<\/p>\n<p>Mendez Llanes Alvaro Antonio &nbsp;<\/p>\n<p>Mendoza de Logreira Carmen &nbsp;<\/p>\n<p>Mendoza Morales Jos\u00e9 Luis &nbsp;<\/p>\n<p>Meza Mart\u00ednez Apolinar &nbsp;<\/p>\n<p>Mieles Moreno Juan Segundo &nbsp;<\/p>\n<p>Montenegro Mozo Walberto Enrique &nbsp;<\/p>\n<p>Montoya Palencia Celso Emiro &nbsp;<\/p>\n<p>Navarro Maiguel Germ\u00e1n &nbsp;<\/p>\n<p>Nieto Santiago Alfredo &nbsp;<\/p>\n<p>Nu\u00f1ez Dom\u00ednguez Jos\u00e9 Francisco &nbsp;<\/p>\n<p>Nu\u00f1ez Garc\u00eda Rafael Emilio &nbsp;<\/p>\n<p>Ojito Pab\u00f3n Julio Cesar &nbsp;<\/p>\n<p>Ortiz Mar\u00edn Raquel y otros &nbsp;<\/p>\n<p>Osorio Parra Jes\u00fas del Cristo &nbsp;<\/p>\n<p>Ovalle Lascano Luis &nbsp;<\/p>\n<p>Pacheco Reales Hugo Rafael &nbsp;<\/p>\n<p>Padilla Contreras Gladys E. &nbsp;<\/p>\n<p>Palacio Solano Blanca Isabel &nbsp;<\/p>\n<p>Pardo Aguilar Julio Cesar &nbsp;<\/p>\n<p>Pardo Sierra Alfredo &nbsp;<\/p>\n<p>Pati\u00f1o Fray Daniel Segundo &nbsp;<\/p>\n<p>Pavajeau Labastidas Marcos &nbsp;<\/p>\n<p>Pe\u00f1aranda Alvarado Jorge Enrique &nbsp;<\/p>\n<p>Peralta Celed\u00f3n Celson Domingo &nbsp;<\/p>\n<p>Pereira Diazgranados Osnaldo de Jes\u00fas &nbsp;<\/p>\n<p>P\u00e9rez Orozco Angel Mar\u00eda &nbsp;<\/p>\n<p>P\u00e9rez Serpa Aristides &nbsp;<\/p>\n<p>Perozo Mu\u00f1oz Luis Rafael &nbsp;<\/p>\n<p>Pinedo Bruges Helena Rosario &nbsp;<\/p>\n<p>Porras Alfaro Joaqu\u00edn &nbsp;<\/p>\n<p>Ram\u00edrez Guti\u00e9rrez Jos\u00e9 Hip\u00f3lito &nbsp;<\/p>\n<p>Ramos G\u00e1mez Dagoberto Ram\u00f3n &nbsp;<\/p>\n<p>Rangel Granados Leopoldo &nbsp;<\/p>\n<p>Rangel Jim\u00e9nez Jos\u00e9 Manuel &nbsp;<\/p>\n<p>Redondo Rosette Carlos Arturo &nbsp;<\/p>\n<p>Riascos de Pedraza Graciela &nbsp;<\/p>\n<p>Riascos Herman Cesar Augusto &nbsp;<\/p>\n<p>Rico Romero Felix Venancio &nbsp;<\/p>\n<p>Riveros L\u00f3pez Jes\u00fas &nbsp;<\/p>\n<p>Roa Cabarcas Jos\u00e9 de Jes\u00fas &nbsp;<\/p>\n<p>Robles Casta\u00f1eda Leonor &nbsp;<\/p>\n<p>Rodr\u00edguez Castillo Jos\u00e9 &nbsp;<\/p>\n<p>Rodr\u00edguez Guette Manuel Salvador &nbsp;<\/p>\n<p>Rodr\u00edguez Polo Daisy Esther &nbsp;<\/p>\n<p>Rosales Osorio Oscar &nbsp;<\/p>\n<p>Rovira Mercado Luis Carlos &nbsp;<\/p>\n<p>Russo Eguis Carlos &nbsp;<\/p>\n<p>Santacoloma Cort\u00e9s Guillermo &nbsp;<\/p>\n<p>Shoonewolff Ram\u00edrez Jhon &nbsp;<\/p>\n<p>Sierra Mej\u00eda Luis Alberto &nbsp;<\/p>\n<p>Sinning D\u00edaz Rodolfo &nbsp;<\/p>\n<p>Solano de Palacio Ruth Helena &nbsp;<\/p>\n<p>Soleno Labastidas Marlene Isabel &nbsp;<\/p>\n<p>Suarez Lobera Alvaro &nbsp;<\/p>\n<p>Torres Rinc\u00f3n Danilo Alcidez &nbsp;<\/p>\n<p>Trujillo Triana Carlos Gregorio &nbsp;<\/p>\n<p>Uribe Anaya Luis &nbsp;<\/p>\n<p>Vacca Sinisterra Aldemar &nbsp;<\/p>\n<p>Valderrama Puche Hermes Alberto&nbsp; &nbsp;<\/p>\n<p>Valiente Orozco Jos\u00e9 Mar\u00eda &nbsp;<\/p>\n<p>Vega Revollo Jaime Alberto &nbsp;<\/p>\n<p>Vergara Maestre Marco Jos\u00e9 &nbsp;<\/p>\n<p>Vesga Prada Pablo &nbsp;<\/p>\n<p>Vilarete Fern\u00e1ndez Guzman Segundo &nbsp;<\/p>\n<p>Vives Llanes Eduardo &nbsp;<\/p>\n<p>Yanett Yanett Jos\u00e9 Manuel &nbsp;<\/p>\n<p>Piden los accionantes, entre otras cosas, la reliquidaci\u00f3n, el reconocimiento y pago de reajustes pensionales&nbsp;; el pago de indemnizaciones moratorias por no cancelaci\u00f3n oportuna de prestaciones; la ejecuci\u00f3n de condenas decretadas mediante providencias de la justicia laboral; pagos por mesadas pensionales a trav\u00e9s de consignaci\u00f3n en cuenta corriente o cuenta de ahorros; pago de la pensi\u00f3n y prestaci\u00f3n de servicios m\u00e9dicos en el lugar de residencia; pago de lo que estiman se les debe por suspensi\u00f3n injustificada de los descuentos ordenados judicialmente por concepto de alimentos; suspensi\u00f3n de la orden de no pago de pensi\u00f3n, suspensi\u00f3n de descuentos aplicados a la pensi\u00f3n de jubilaci\u00f3n; pago por concepto de elementos de dotaci\u00f3n (uniformes y calzado).&nbsp; &nbsp;<\/p>\n<p>Algunos peticionarios demandan de &#8220;FONCOLPUERTOS&#8221; la respuesta a solicitudes de sustituci\u00f3n pensional o a peticiones para que sea devuelta la primera copia de la sentencia laboral que condena al demandado.&nbsp; &nbsp;<\/p>\n<p>Otras acciones se instauran, adem\u00e1s, para que se ordene a dicho ente la expedici\u00f3n de copias de documentos solicitados. &nbsp;<\/p>\n<p>Los peticionarios, conforme a la diversidad de peticiones de amparo, se\u00f1alaron como vulnerados los derechos a la igualdad, a la vida, a la salud, al trabajo, a la seguridad social, a la educaci\u00f3n, a la tranquilidad, a la dignidad humana, a la solidaridad, a la pronta y cumplida administraci\u00f3n de justicia, al libre desarrollo de la personalidad, e invocaron tambi\u00e9n el derecho de petici\u00f3n, los derechos de los ni\u00f1os, de las personas de la tercera edad y de la familia. &nbsp;<\/p>\n<p>II. DECISIONES JUDICIALES &nbsp;<\/p>\n<p>Algunos jueces ante los cuales fueron incoadas las acciones de tutela resolvieron amparar los derechos invocados. Otros, en cambio, negaron las pretensiones de los accionantes por considerar que exist\u00edan medios alternativos de defensa judicial para la protecci\u00f3n de aquellos. &nbsp;<\/p>\n<p>El detalle de las decisiones judiciales adoptadas aparece en documento anexo a la presente sentencia. &nbsp;<\/p>\n<p>III. CONSIDERACIONES DE LA CORTE CONSTITUCIONAL &nbsp;<\/p>\n<p>1. Competencia &nbsp;<\/p>\n<p>Seg\u00fan lo disponen los art\u00edculos 86 y 241, numeral 9, de la Constituci\u00f3n Pol\u00edtica, y el Decreto 2591 de 1991, la Corte Constitucional, a trav\u00e9s de su Sala Quinta, es competente para revisar los fallos proferidos al resolver acerca de las acciones instauradas en el asunto de la referencia. Las providencias materia de examen fueron debidamente seleccionadas, acumuladas y repartidas a esta Sala. &nbsp;<\/p>\n<p>Atendiendo a la relativa unidad de materia y puesto que la totalidad de las acciones &nbsp;fueron &nbsp;dirigidas &nbsp;contra &nbsp;el Fondo de Pasivo &nbsp;Social de la &nbsp;Empresa &nbsp;Puertos de &nbsp;Colombia -FONCOLPUERTOS-, se decidir\u00e1 acerca de las solicitudes de tutela mediante un solo fallo. &nbsp;<\/p>\n<p>2. Reiteraci\u00f3n de los criterios que inspiraron a la Corte en la anterior providencia sobre el caso &#8220;Foncolpuertos&#8221; &nbsp;<\/p>\n<p>La Corte Constitucional, verificada las caracter\u00edsticas de los fen\u00f3menos que dieron base al ejercicio de la acci\u00f3n de tutela en los procesos materia de revisi\u00f3n, y habi\u00e9ndolas comparado con las consideradas en la Sentencia T-01 del presente a\u00f1o, encuentra similitudes y diferencias, por lo cual es indispensable introducir las pertinentes distinciones para resolver. &nbsp;<\/p>\n<p>a) En cuanto a las semejanzas, cabe destacar que, de nuevo, en la gran mayor\u00eda de los expedientes, los actores han hecho uso de la acci\u00f3n de tutela con el objeto de reemplazar los procedimientos ordinarios, que habr\u00edan podido servir con eficiencia para la finalidad buscada, que no ha sido otra que la de obtener el examen judicial de los distintos casos, con miras al reconocimiento y pago de numerosas prestaciones sociales. &nbsp;<\/p>\n<p>Se ha establecido que, como entonces ocurri\u00f3, ninguno de los demandantes pidi\u00f3 el pago de una pensi\u00f3n que requiriera para sostener su m\u00ednimo vital ni demostr\u00f3 que estuvieren afectados sus derechos fundamentales como persona de la tercera edad -pues, aunque algunos de ellos pertenecen a ese grupo, gozan de una pensi\u00f3n otorgada que actualmente se paga-, ni se hall\u00f3 motivo alguno del cual pudiera inferirse la inminencia de un perjuicio irremediable. &nbsp;<\/p>\n<p>Tambi\u00e9n se ha encontrado en esta oportunidad que varios de los accionantes han incurrido en protuberante abuso del instrumento constitucional, utiliz\u00e1ndolo dos, tres y hasta cuatro veces respecto de las mismas pretensiones y por iguales hechos. &nbsp;<\/p>\n<p>Debe reiterarse, ante lo expuesto, la abierta improcedencia del amparo judicial, con base en las mismas consideraciones en que se fund\u00f3 la Corte para denegar la tutela en los procesos acumulados que arriba se mencionan. &nbsp;<\/p>\n<p>Adem\u00e1s, ha corroborado la Corte que algunos abogados ejercieron temerariamente la acci\u00f3n de tutela, present\u00e1ndola en varias ocasiones. En otros eventos, actuaron sin poder, o sustituyeron en colegas suyos poderes inexistentes. &nbsp;<\/p>\n<p>En el expediente radicado con el n\u00famero T-107.891, en relaci\u00f3n con el ciudadano VALIENTE OROZCO JOSE MARIA, no aparece poder conferido por \u00e9ste al abogado; y en el expediente T-106.515, donde aparecen como accionantes la se\u00f1ora ORTIZ MARIN RAQUEL &#8220;y otros&#8221; -no se especifica en la demanda qui\u00e9nes son esas otras personas-, se encuentra s\u00f3lo una fotocopia de sustituci\u00f3n de poder otorgado al abogado para conciliar, lo cual hace irregular la representaci\u00f3n procesal de los demandantes.&nbsp; &nbsp;<\/p>\n<p>De lo anterior se deduce que no pod\u00edan los abogados en los casos bajo examen atribuirse, sin poder, la facultad de agenciar los derechos de extrabajadores de Colpuertos, menos todav\u00eda si no se configuraba ejercicio de una agencia oficiosa, que ni ten\u00eda lugar, por cuanto faltaba el requisito de la indefensi\u00f3n de los solicitantes, ni fue puesta de presente en las respectivas demandas, ni tampoco ratificada por los interesados. &nbsp;<\/p>\n<p>Adicionalmente, hall\u00f3 la Corte que en el proceso T-104.441 a la demanda fueron anexados poderes en fotocopia de los 42 demandantes, circunstancia que amerita investigaci\u00f3n, toda vez que, no obstante la informalidad propia de la tutela y la presunci\u00f3n de autenticidad que el art\u00edculo 10 del Decreto 2591 de 1991 establece a favor de los poderes presentados, es entendido, por las caracter\u00edsticas de la acci\u00f3n, que todo poder en materia de tutela es especial, vale decir, se otorga una sola vez para el fin espec\u00edfico y determinado de representar los intereses del accionante en punto de los derechos fundamentales que alega, contra cierta autoridad o persona y en relaci\u00f3n con unos hechos concretos que dan lugar a su pretensi\u00f3n. &nbsp;<\/p>\n<p>En ese orden de ideas, mal puede concebirse la utilizaci\u00f3n de un original del poder para presentar una demanda y el uso de fotocopias del mismo documento con el objeto de presentar otras, a no ser que se trate del ejercicio temerario de la acci\u00f3n, proscrito por la ley. &nbsp;<\/p>\n<p>Podr\u00eda, al respecto, preguntarse por el destino que se dio a los originales de los poderes, bien por el apoderado, ya por los despachos judiciales que tramitaron la demanda plural en referencia, pues, al menos en la documentaci\u00f3n conocida por la Corte, tales originales no aparecen. &nbsp;<\/p>\n<p>Ser\u00e1n revocadas las sentencias que concedieron la protecci\u00f3n impetrada no obstante la evidente falta de viabilidad del procedimiento utilizado y en claro desconocimiento de reiterada jurisprudencia en contrario, pues mediante tales decisiones fueron desvirtuados los alcances del art\u00edculo 86 de la Constituci\u00f3n, sustituyendo por un medio judicial subsidiario los tr\u00e1mites que han debido adelantarse ante la justicia ordinaria, sin que en los asuntos revisados -se repite- hubiera podido acreditarse la evidencia de un perjuicio irremediable, y sin que se diera ninguno de los supuestos extraordinarios que la doctrina de esta Corte ha se\u00f1alado como razonables excepciones a la expuesta regla general. &nbsp;<\/p>\n<p>b) Claro est\u00e1, no todas las acciones instauradas tuvieron por finalidad el reconocimiento o pago de prestaciones sociales, ya que algunas de ellas se incoaron apenas con el prop\u00f3sito de obtener que se diera respuesta a solicitudes formuladas ante la entidad demandada, en ejercicio del derecho de petici\u00f3n. &nbsp;<\/p>\n<p>Probado como est\u00e1 que en algunos de esos casos la esperada contestaci\u00f3n no se produjo, resulta palmaria la vulneraci\u00f3n del invocado derecho fundamental, por lo cual se hace menester otorgar el amparo e impartir la orden perentoria de que se resuelva inmediatamente sobre lo pedido. &nbsp;<\/p>\n<p>Empero, dados los antecedentes de acciones temerarias instauradas contra &#8220;FONCOLPUERTOS&#8221;, tanto en este grupo de procesos acumulados como en el anterior, las pertinentes \u00f3rdenes judiciales no pueden entenderse en ning\u00fan caso como \u00f3rdenes o autorizaciones de pago de las sumas reclamadas, sino como mandatos encaminados exclusivamente a la respuesta pronta, favorable o desfavorable, a cada peticionario. &nbsp;<\/p>\n<p>Como en invariable jurisprudencia lo ha se\u00f1alado esta Corte, el derecho de petici\u00f3n no consiste en un mecanismo para asegurar que la decisi\u00f3n administrativa acepte o reconozca materialmente lo que ante ella se impetra, es decir, no constituye un seguro para la prosperidad de las pretensiones correspondientes y, por tanto, no se configura la violaci\u00f3n de aqu\u00e9l por el hecho de que la autoridad se abstenga de acceder a lo que se le pide. &nbsp;<\/p>\n<p>As\u00ed las cosas, &#8220;FONCOLPUERTOS&#8221; estaba obligado a responder a los peticionarios de manera oportuna si, verificada administrativamente la situaci\u00f3n prestacional de cada uno de ellos, ten\u00edan o no derecho al reconocimiento y pago de lo que reclamaban, y tambi\u00e9n ha debido suministrar las copias que se le ped\u00edan siempre que obraran en su poder y no se refirieran a documentos legalmente reservados (art. 74 C.P.), sin que ello hubiera significado que por fuerza debiera resolver favorablemente en relaci\u00f3n con acreencias de orden laboral. &nbsp;<\/p>\n<p>Desde luego, el transcurso del t\u00e9rmino consagrado en la ley sin que tales respuestas se hubieren recibido por los solicitantes, seg\u00fan el examen efectuado por la Corte, da lugar a que prospere la acci\u00f3n de tutela en algunos de los procesos materia de revisi\u00f3n, de conformidad con la relaci\u00f3n que aparece en el cuadro anexo. &nbsp;<\/p>\n<p>As\u00ed, pues, se confirmar\u00e1n las decisiones que tutelaron el derecho de petici\u00f3n de acuerdo con la doctrina antes expuesta, es decir, sin que se hubiera ordenado a la entidad decidir en un determinado sentido -favorable o adverso- las solicitudes formuladas; y, a su vez, se revocar\u00e1n los fallos que se apartaron de dicha doctrina, ya sea porque ordenaron el pago de prestaciones, o la resoluci\u00f3n favorable al peticionario, sin darse los requisitos constitucionales para ello, o simplemente cuando la orden judicial fue muy vaga. En este \u00faltimo evento, los t\u00e9rminos judiciales que la Corte tacha son aquellos que inducen a confusi\u00f3n o a una doble interpretaci\u00f3n por parte de quien haya de cumplir el fallo y de quien desee invocarlo para reclamar la efectividad de los pagos pretendidos. &nbsp;<\/p>\n<p>El caso descrito se produjo, en el grupo de procesos examinados, cuando algunos jueces ordenaron &#8220;resolver la situaci\u00f3n jur\u00eddico-prestacional del actor&#8221;, lo cual puede entenderse en un doble sentido&nbsp;: como restringido s\u00f3lo a la resoluci\u00f3n -afirmativa o negativa- de la petici\u00f3n, o como mandato judicial de liquidar y pagar, sobre el supuesto de que se debe, extremo \u00e9ste \u00faltimo que, no existiendo ninguna situaci\u00f3n de viabilidad excepcional del amparo, est\u00e1 vedado al juez de tutela. &nbsp;<\/p>\n<p>Por lo dem\u00e1s, como ya lo dijo esta Sala en la anterior providencia sobre el caso &#8220;FONCOLPUERTOS&#8221;, la acci\u00f3n de tutela, como instrumento que hace parte de las instituciones del Estado de Derecho, debe ser usada de manera exclusiva para la finalidad que le fue asignada en la Carta Pol\u00edtica, que no es otra que la protecci\u00f3n efectiva de los derechos fundamentales, y no en b\u00fasqueda de objetivos ajenos a ella, ni por fuera de los claros l\u00edmites se\u00f1alados en la normativa que la rige. &nbsp;<\/p>\n<p>3. An\u00e1lisis de los procesos acumulados &nbsp;<\/p>\n<p>De los 27 expedientes analizados resulta: &nbsp;<\/p>\n<p>Ejercieron la acci\u00f3n de tutela 152 personas. De ellas, 140 presentaron demanda una sola vez -al menos en cuanto a los expedientes hasta ahora revisados (ver Sentencia T-01 del 21 de enero de 1997) y los que son materia de este fallo-. &nbsp;<\/p>\n<p>Del an\u00e1lisis de esta segunda muestra de 152 accionantes, se encontr\u00f3 que s\u00f3lo uno propuso dos veces acci\u00f3n de tutela. &nbsp;Sin embargo, al hacer la confrontaci\u00f3n de datos con la muestra pasada (ver Sentencia T-01 de 1997), se tiene que 11 peticionarios m\u00e1s incurrieron en temeridad, pues 7 de ellos incoaron 2 veces la acci\u00f3n, y 4 lo hicieron 3 veces. &nbsp;<\/p>\n<p>De estas 12 personas que incurrieron en temeridad, a 3 se les concedi\u00f3 2 veces el amparo; a 2 se les otorg\u00f3 3 veces; a 4 se les ha concedido en una oportunidad y se les ha negado en otra; y a 3 les ha sido negada la tutela 2 veces. &nbsp;<\/p>\n<p>Es evidente, entonces, que en los procesos \u00faltimamente enunciados -como aconteci\u00f3 en varios de los que ya examin\u00f3 la Corte- se incurri\u00f3 en un palmario e inconcebible abuso de la acci\u00f3n de tutela, merced a la temeridad de los actores o de sus apoderados, raz\u00f3n por la cual, adem\u00e1s de la absoluta negativa de prosperidad de las pretensiones, se deriva la consecuencia de la condena en costas y de las indispensables investigaciones de car\u00e1cter penal que habr\u00e1n de ser ordenadas en la parte resolutiva de la presente providencia. &nbsp;<\/p>\n<p>Se ordenar\u00e1, adem\u00e1s, que se compulsen copias de lo actuado a la Sala Disciplinaria del Consejo Superior de la Judicatura respecto de los abogados que presentaron varias acciones de tutela por los mismos hechos y en relaci\u00f3n con los mismos derechos.&nbsp; &nbsp;<\/p>\n<p>La Contralor\u00eda General de la Rep\u00fablica verificar\u00e1 lo pertinente a la gesti\u00f3n fiscal de &#8220;FONCOLPUERTOS&#8221; en relaci\u00f3n con los pagos que, por raz\u00f3n de las tutelas revisadas que fueron concedidas, hayan podido hacerse. &nbsp;<\/p>\n<p>4. La resoluci\u00f3n de la tutela &nbsp;<\/p>\n<p>Seg\u00fan lo reiterado por la jurisprudencia, quien ejerce acci\u00f3n de tutela tiene derecho, en los t\u00e9rminos de los art\u00edculos 29, 86, 228 y 229 de la Constituci\u00f3n, a que el juez competente resuelva acerca de la demanda presentada, con independencia del sentido en que lo haga. &nbsp;<\/p>\n<p>Ello es propio de la actividad confiada por la Carta Pol\u00edtica a los jueces y corresponde al debido proceso y a un concepto material del acceso a la administraci\u00f3n de justicia, m\u00e1xime si se trata de definir situaciones que comprometen los derechos fundamentales de los solicitantes. &nbsp;<\/p>\n<p>En los procesos acumulados objeto de verificaci\u00f3n, en relaci\u00f3n con uno de los peticionarios, GUEVARA LEOTUR JORGE ANTONIO, no se encuentra ning\u00fan pronunciamiento judicial mediante el cual se defina sobre la acci\u00f3n instaurada. &nbsp;<\/p>\n<p>Aunque no escapa a la Corte que se obr\u00f3 en esta ocasi\u00f3n sin que el poder del abogado firmante de la demanda estuviere debidamente acreditado, en cuanto se present\u00f3 en fotocopia simple, lo cierto es que, sobre dicho libelo no recay\u00f3 decisi\u00f3n alguna de los jueces que conocieron en instancia, por lo cual esta Corte mal puede confirmar o revocar las providencias respectivas en cuanto hace a dicho solicitante. &nbsp;<\/p>\n<p>Se dispondr\u00e1 la devoluci\u00f3n del expediente, para que la demanda sufra el tr\u00e1mite contemplado en el art\u00edculo 86 de la Carta Pol\u00edtica y en el Decreto 2591 de 1991. Ya ver\u00e1n los jueces competentes c\u00f3mo resolver y, en todo caso, la sentencia o sentencias que se profieran, seg\u00fan que en el caso concreto haya o no impugnaci\u00f3n, deber\u00e1n volver a esta Corte para su eventual examen. &nbsp;<\/p>\n<p>DECISION &nbsp;<\/p>\n<p>Con base en las expuestas consideraciones, la Sala Quinta de Revisi\u00f3n de la Corte Constitucional, administrando justicia en nombre del pueblo y por mandato de la Constituci\u00f3n, &nbsp;<\/p>\n<p>RESUELVE: &nbsp;<\/p>\n<p>Primero.- CONFIRMANSE las sentencias proferidas por el Tribunal Superior &nbsp;de Santa Marta -Sala Civil-, &nbsp;el &nbsp;Tribunal Superior de Buga -Sala Laboral-, y los Juzgados 8 Penal del Circuito de Barranquilla, 3 Civil Municipal de Santa Marta, 1 Civil del Circuito de Buenaventura, 1 Civil del Circuito de Cartagena, 3 Laboral del Circuito de Barranquilla, 4 Laboral del Circuito y 34 Penal del Circuito de Santa Fe de Bogot\u00e1, 2 Penal del Circuito de Santa Marta, 1 Penal del Circuito de Buenaventura y 6 Penal Municipal de Barranquilla, mediante las cuales se tutel\u00f3 solamente el derecho de petici\u00f3n de los siguientes personas (se excluye de esta lista a los demandantes que incurrieron en temeridad): &nbsp;<\/p>\n<p>Bujato Ordo\u00f1ez Manuel &nbsp;<\/p>\n<p>Camargo Fontalvo Wilman Alfonso &nbsp;<\/p>\n<p>Carvajal Mart\u00ednez Rodrigo &nbsp;<\/p>\n<p>De la Hoz Diazgrandos Denys Mar\u00eda &nbsp;<\/p>\n<p>Herrera Esmeral Alejandro Manuel &nbsp;<\/p>\n<p>Lerma Caicedo Diana Ximena &nbsp;<\/p>\n<p>Manjarres Berdugo Juan Manuel &nbsp;<\/p>\n<p>Mart\u00ednez Castro H\u00e9ctor &nbsp;<\/p>\n<p>Marrugo Cordero Oswaldo Enrique &nbsp;<\/p>\n<p>M\u00e9ndez Linero Pedro Nel &nbsp;<\/p>\n<p>Montoya Palencia Celso Emiro &nbsp;<\/p>\n<p>Osorio Parra Jes\u00fas del Cristo &nbsp;<\/p>\n<p>Pacheco Reales Hugo Rafael &nbsp;<\/p>\n<p>Palacio Solano Blanca Isabel &nbsp;<\/p>\n<p>Porras Alfaro Joaqu\u00edn &nbsp;<\/p>\n<p>Ram\u00edrez Amador Freddy Manuel &nbsp;<\/p>\n<p>Riascos Herman Cesar Augusto &nbsp;<\/p>\n<p>Rosales Osorio Oscar &nbsp;<\/p>\n<p>Solano de Palacio Ruth Helena &nbsp;<\/p>\n<p>Torres Rinc\u00f3n Danilo Alcidez &nbsp;<\/p>\n<p>Uribe Anaya Luis &nbsp; &nbsp;<\/p>\n<p>Vergara Maestre Marco Jos\u00e9 &nbsp;<\/p>\n<p>Vesga Prada Pablo &nbsp;<\/p>\n<p>Segundo. CONFIRMANSE los fallos proferidos por el Tribunal Superior de Santa Fe de Bogot\u00e1 -Sala Laboral-, y por los juzgados 1, 2, 5 y 7 Penal del Circuito de Santa Marta, 1 Civil del Circuito de Santa Marta, 2 Laboral del Circuito de Buenaventura, 8 Penal del Circuito y 14 Penal Municipal de Barranquilla, y 6 Penal Municipal de Buenaventura, a trav\u00e9s de los cuales se deneg\u00f3 el amparo solicitado por: &nbsp;<\/p>\n<p>Abad\u00eda Cecilia &nbsp;<\/p>\n<p>Abella Torres Alfredo Cayetano &nbsp;<\/p>\n<p>Acosta Ariza Januario E. &nbsp;<\/p>\n<p>Altamiranda Morales Alvaro &nbsp;<\/p>\n<p>Alvarez Castellanos Benjam\u00edn &nbsp;<\/p>\n<p>Alvarez Ortega Julio &nbsp;<\/p>\n<p>Amador Racines Jos\u00e9 &nbsp;<\/p>\n<p>Aponte Gonz\u00e1lez Tomas Emilio &nbsp;<\/p>\n<p>Arteaga Hern\u00e1ndez Luis Alfonso &nbsp;<\/p>\n<p>Avila Ther\u00e1n Heriberto Antonio &nbsp;<\/p>\n<p>Barros Herrera Armando Cayetano &nbsp;<\/p>\n<p>Berm\u00fadez de Serna Rosa Cecilia &nbsp;<\/p>\n<p>Blanco Banquez Julio Alberto &nbsp;<\/p>\n<p>Bola\u00f1o Schorboth Jos\u00e9 Rafael &nbsp;<\/p>\n<p>Borja Gonz\u00e1lez Alberto &nbsp;<\/p>\n<p>Borrego Gonz\u00e1lez Doris &nbsp;<\/p>\n<p>Bravo Labastidas Jos\u00e9 Antonio &nbsp;<\/p>\n<p>C\u00e1rdenas Rodr\u00edguez Juan Jos\u00e9 &nbsp;<\/p>\n<p>Carrillo G\u00f3mez Jorge Eli\u00e9cer &nbsp;<\/p>\n<p>Castiblanco Borrego Judith Esther en representaci\u00f3n de sus dos hijos Adalvaro Segundo e Ileida Palacios Castiblanco &nbsp;<\/p>\n<p>Castro Rocha Silena de Jes\u00fas &nbsp;<\/p>\n<p>Ceballos Ruiz Fernando Segundo &nbsp;<\/p>\n<p>Charris Massi Fabiola Isabel del Carmen &nbsp;<\/p>\n<p>Constante H. Jos\u00e9 Francisco &nbsp;<\/p>\n<p>Corzo D\u00edaz Lucas Vicente &nbsp;<\/p>\n<p>Cuadrado Bernal Rodrigo Emilio &nbsp;<\/p>\n<p>De Angelis M\u00e1rquez C\u00e9sar &nbsp;<\/p>\n<p>De la Hoz De la Hoz Olmedo Rafael &nbsp;<\/p>\n<p>De la Hoz Ortega Hinarco Higinio &nbsp;<\/p>\n<p>De Luque Ponz\u00f3n Domingo de Jes\u00fas &nbsp;<\/p>\n<p>Delgado Noriega Jaime &nbsp;<\/p>\n<p>Deluque Povea Lucinda Beatriz &nbsp;<\/p>\n<p>D\u00edaz Fern\u00e1ndez Manuel Francisco &nbsp;<\/p>\n<p>Diazgranados Camargo Jos\u00e9 de la Cruz &nbsp;<\/p>\n<p>Escobar Guzm\u00e1n Julio Efra\u00edn &nbsp;<\/p>\n<p>Esmeral Ariza Pedro Nel &nbsp;<\/p>\n<p>Fern\u00e1ndez Manjarr\u00e9s Rita Cecilia &nbsp;<\/p>\n<p>Fern\u00e1ndez Pardo Edgar Emilio &nbsp;<\/p>\n<p>Fern\u00e1ndez Pardo Jorge &nbsp;<\/p>\n<p>Fern\u00e1ndez Royero Osvaldo Antonio &nbsp;<\/p>\n<p>Forero Orozco Luis Carlos &nbsp;<\/p>\n<p>G\u00e1mez Perozo Alfredo Enrique &nbsp;<\/p>\n<p>Garc\u00eda Castellanos Eladio Enrique &nbsp;<\/p>\n<p>Garc\u00eda Olivero Carlos &nbsp;<\/p>\n<p>Garrido Anzola Alfredo Enrique &nbsp;<\/p>\n<p>Giacometto Ortiz Leland &nbsp;<\/p>\n<p>Gonz\u00e1lez Salas Mario &nbsp;<\/p>\n<p>Gonz\u00e1lez Tovar Glenis Maruja &nbsp;<\/p>\n<p>Granados Pab\u00f3n Ricardo Enrique &nbsp;<\/p>\n<p>Guerrero S\u00e1nchez Julio &nbsp;<\/p>\n<p>Jim\u00e9nez Mestra Arbenio Antonio &nbsp;<\/p>\n<p>Larios Fern\u00e1ndez Napole\u00f3n &nbsp;<\/p>\n<p>Llanes C\u00f3rdoba Gustavo Manuel &nbsp;<\/p>\n<p>L\u00f3pez P\u00e9rez Jos\u00e9 &nbsp;<\/p>\n<p>Machuca Quintero Dar\u00edo &nbsp;<\/p>\n<p>Maldonado Pe\u00f1a Antonio Ram\u00f3n &nbsp;<\/p>\n<p>Manjarres Meza Juan Manuel &nbsp;<\/p>\n<p>Manjarrez Hern\u00e1ndez Galo &nbsp;<\/p>\n<p>M\u00e1rquez De Le\u00f3n Armando Rafael &nbsp;<\/p>\n<p>Mart\u00ednez Meza Manuel Salvador &nbsp;<\/p>\n<p>Mart\u00ednez Villar Manuel de Jes\u00fas &nbsp;<\/p>\n<p>Mart\u00ednez Zambrano Luis Aurelio &nbsp;<\/p>\n<p>Melendez Granadillo Rodrigo &nbsp;<\/p>\n<p>Mendez Llanes Alvaro Antonio &nbsp;<\/p>\n<p>Mendoza Amairo Jos\u00e9 &nbsp;<\/p>\n<p>Mendoza de Logreira Carmen &nbsp;<\/p>\n<p>Mendoza Morales Jos\u00e9 Luis &nbsp;<\/p>\n<p>Mieles Moreno Juan Segundo &nbsp;<\/p>\n<p>Montenegro Mozo Walberto Enrique &nbsp;<\/p>\n<p>Nieto Santiago Alfredo &nbsp;<\/p>\n<p>Nu\u00f1ez Dom\u00ednguez Jos\u00e9 Francisco &nbsp;<\/p>\n<p>Nu\u00f1ez Garc\u00eda Rafael Emilio &nbsp;<\/p>\n<p>Ojito Pab\u00f3n Julio Cesar &nbsp;<\/p>\n<p>Ortiz Mar\u00edn Raquel y otros &nbsp;<\/p>\n<p>Ovalle Lascano Luis &nbsp;<\/p>\n<p>Pardo Sierra Alfredo &nbsp;<\/p>\n<p>Pati\u00f1o Fray Daniel Segundo &nbsp;<\/p>\n<p>Pavajeau Labastidas Marcos &nbsp;<\/p>\n<p>Pe\u00f1aranda Alvarado Jorge Enrique &nbsp;<\/p>\n<p>Peralta Celed\u00f3n Celson Domingo &nbsp;<\/p>\n<p>Pereira Diazgranados Osnaldo de Jes\u00fas &nbsp;<\/p>\n<p>P\u00e9rez Orozco Angel Mar\u00eda &nbsp;<\/p>\n<p>P\u00e9rez Serpa Aristides &nbsp;<\/p>\n<p>Perozo Mu\u00f1oz Luis Rafael &nbsp;<\/p>\n<p>Pinedo Bruges Helena Rosario &nbsp;<\/p>\n<p>Ram\u00edrez Guti\u00e9rrez Jos\u00e9 Hip\u00f3lito &nbsp;<\/p>\n<p>Rangel Granados Leopoldo &nbsp;<\/p>\n<p>Rangel Jim\u00e9nez Jos\u00e9 Manuel &nbsp;<\/p>\n<p>Redondo Rosette Carlos Arturo &nbsp;<\/p>\n<p>Riascos de Pedraza Graciela &nbsp;<\/p>\n<p>Rico Romero Felix Venancio &nbsp;<\/p>\n<p>Riveros L\u00f3pez Jes\u00fas &nbsp;<\/p>\n<p>Roa Cabarcas Jos\u00e9 de Jes\u00fas &nbsp;<\/p>\n<p>Robles Casta\u00f1eda Leonor &nbsp;<\/p>\n<p>Rodr\u00edguez Castillo Jos\u00e9 &nbsp;<\/p>\n<p>Rodr\u00edguez Guette Manuel Salvador &nbsp;<\/p>\n<p>Rodr\u00edguez Polo Daisy Esther &nbsp;<\/p>\n<p>Santacoloma Cort\u00e9s Guillermo &nbsp;<\/p>\n<p>Shoonewolff Ram\u00edrez Jhon &nbsp;<\/p>\n<p>Sinning D\u00edaz Rodolfo &nbsp;<\/p>\n<p>Soleno Labastidas Marlene Isabel &nbsp;<\/p>\n<p>Suarez Lobera Alvaro &nbsp;<\/p>\n<p>Trujillo Triana Carlos Gregorio &nbsp;<\/p>\n<p>Vacca Sinisterra Aldemar &nbsp;<\/p>\n<p>Valderrama Puche Hermes Alberto&nbsp; &nbsp;<\/p>\n<p>Valiente Orozco Jos\u00e9 Mar\u00eda &nbsp;<\/p>\n<p>Vega Revollo Jaime Alberto &nbsp;<\/p>\n<p>Vilarete Fern\u00e1ndez Guzm\u00e1n Segundo &nbsp;<\/p>\n<p>Vives Llanes Eduardo &nbsp;<\/p>\n<p>Yanett Yanett Jos\u00e9 Manuel &nbsp;<\/p>\n<p>Tercero.- REVOCANSE los fallos proferidos por los Juzgados 4 Civil Municipal de Santa Marta y 6 Penal Municipal de Barranquilla, mediante los cuales se concedi\u00f3 el amparo solicitado por: &nbsp;<\/p>\n<p>Ar\u00e9valo Hern\u00e1ndez Carlos Arturo &nbsp;<\/p>\n<p>Barros Linero Gustavo Manuel &nbsp;<\/p>\n<p>Charris Reyes Bernardo Jos\u00e9 &nbsp;<\/p>\n<p>Linero Quiroz Miguel Angel &nbsp;<\/p>\n<p>Loaiza Jos\u00e9 de los Santos &nbsp;<\/p>\n<p>Medina de D\u00edaz Dioselina &nbsp;<\/p>\n<p>Padilla Contreras Gladys E. &nbsp;<\/p>\n<p>Pardo Aguilar Julio Cesar &nbsp;<\/p>\n<p>Russo Eguis Carlos &nbsp;<\/p>\n<p>Sierra Mej\u00eda Luis Alberto &nbsp;<\/p>\n<p>En su lugar, SE NIEGA la tutela. &nbsp;<\/p>\n<p>Cuarto. REVOCASE PARCIALMENTE el fallo proferido por el Juzgado 2 Penal del Circuito de Santa Marta respecto de los ciudadanos Dagoberto Ramos G\u00e1mez y Apolinar Meza Mart\u00ednez, aun en la medida en que concedieron el amparo s\u00f3lo respecto del derecho de petici\u00f3n, y en su lugar SE NIEGA la tutela, pues los peticionarios incurrieron en temeridad, y CONFIRMASE PARCIALMENTE dicho fallo en cuanto no concedi\u00f3 la tutela de los dem\u00e1s derechos invocados. &nbsp;<\/p>\n<p>Quinto.- REVOCASE TOTALMENTE el fallo proferido por el Juzgado 4 Civil Municipal de Santa Marta, mediante el cual se concedi\u00f3 el amparo solicitado por el siguiente ciudadano Germ\u00e1n Navarro Maiguel, toda vez que \u00e9ste incurri\u00f3 en temeridad. &nbsp;<\/p>\n<p>Sexto.- Por ejercicio temerario de la acci\u00f3n de tutela, SE CONDENA a los siguientes peticionarios al pago de las costas causadas por el tr\u00e1mite de los correspondientes procesos: &nbsp;<\/p>\n<p>Ar\u00e9valo Hern\u00e1ndez Carlos Arturo &nbsp;<\/p>\n<p>C\u00e1rdenas Rodr\u00edguez Juan Jos\u00e9 &nbsp;<\/p>\n<p>Carrillo G\u00f3mez Jorge Eli\u00e9cer &nbsp;<\/p>\n<p>Granados Pab\u00f3n Ricardo Enrique &nbsp;<\/p>\n<p>Llanes C\u00f3rdoba Gustavo Manuel &nbsp;<\/p>\n<p>Mendoza Amairo Jos\u00e9 &nbsp;<\/p>\n<p>Meza Mart\u00ednez Apolinar &nbsp;<\/p>\n<p>Navarro Maiguel Germ\u00e1n&nbsp; &nbsp;<\/p>\n<p>Pe\u00f1aranda Alvarado Jorge Enrique &nbsp;<\/p>\n<p>Ramos G\u00e1mez Dagoberto Ram\u00f3n &nbsp;<\/p>\n<p>Rovira Mercado Luis Carlos &nbsp;<\/p>\n<p>Las costas se liquidar\u00e1n de conformidad con lo previsto en el art\u00edculo 25 del Decreto 2591 de 1991 y normas concordantes, por los jueces de instancia. &nbsp;<\/p>\n<p>S\u00e9ptimo.- REMITANSE los originales de los expedientes objeto de an\u00e1lisis y copia de la presente Sentencia al Fiscal General de la Naci\u00f3n, para que se inicien las investigaciones penales tendientes a establecer responsabilidades por la posible comisi\u00f3n de delitos en la iniciaci\u00f3n, tr\u00e1mite y decisi\u00f3n de los procesos adelantados.&nbsp; &nbsp;<\/p>\n<p>&nbsp; &nbsp;<\/p>\n<p>Octavo.- REMITANSE copias del presente fallo y de los expedientes analizados al Procurador General de la Naci\u00f3n para que se adelanten los correspondientes procesos disciplinarios contra los servidores del Estado que hayan podido actuar irregularmente en el tr\u00e1mite y decisi\u00f3n de los procesos en referencia y en el manejo de los recursos e intereses p\u00fablicos afectados por ellos. &nbsp;<\/p>\n<p>Noveno.- OFICIESE al Consejo Superior de la Judicatura -Sala Jurisdiccional Disciplinaria-, con el objeto de que se inicie investigaci\u00f3n disciplinaria contra los abogados Octavio Portillo Gerardino, con tarjeta profesional No. 12.146, Manuel Salvador G\u00f3ngora Giraldo, con tarjeta profesional 44.691, Carlos Emilio Collante Thomas, con tarjeta profesional 50.534, Edgar Alfonso S\u00e1nchez Varela, con tarjeta profesional 58.958, Emil Alberto Pulgar Lemus, cuyo n\u00famero de tarjeta profesional se desconoce, y Alfredo Alfonso Angarita Rada, con tarjeta profesional 45.297, pues, seg\u00fan lo que obra en los expedientes examinados por la Corte, pudieron incurrir en falta disciplinaria. En relaci\u00f3n con el primero de los mencionados abogados, pudo configurarse la causal de sanci\u00f3n prevista en el art\u00edculo 38 del Decreto 2591 de 1991. &nbsp;<\/p>\n<p>D\u00e9cimo.- El Fondo de Pasivo Social de la Empresa Puertos de Colombia -FONCOLPUERTOS- cesar\u00e1, a partir de la notificaci\u00f3n de esta Sentencia, todo pago ordenado judicialmente por la v\u00eda de tutela, en los expedientes examinados, a los accionantes o a sus apoderados, sin perjuicio de las respuestas que deba dar a las peticiones respetuosas que le hubieren sido presentadas, en los t\u00e9rminos del art\u00edculo 23 de la Constituci\u00f3n Pol\u00edtica. &nbsp;<\/p>\n<p>Igualmente, el Fondo dentro de los ocho (8) d\u00edas h\u00e1biles siguientes a la notificaci\u00f3n de este fallo, ejercer\u00e1 las pertinentes acciones judiciales encaminadas a obtener el reintegro de las sumas pagadas sin t\u00edtulo como consecuencia de los fallos que se revocan, y las canceladas en exceso por el ejercicio temerario de dos o m\u00e1s acciones por las mismas personas y en relaci\u00f3n con los mismos hechos y derechos. &nbsp;<\/p>\n<p>El presente fallo presta m\u00e9rito ejecutivo para efectuar dichos cobros. &nbsp;<\/p>\n<p>D\u00e9cimo primero.- OFICIESE al Contralor General de la Rep\u00fablica, para que, con base en la presente Sentencia, cuya copia se le remitir\u00e1, ejerza el control fiscal, en el marco de sus competencias, sobre el Fondo de Pasivo Social de la Empresa Puertos de Colombia-FONCOLPUERTOS-, en el asunto examinado. &nbsp;<\/p>\n<p>D\u00e9cimo segundo.- REMITASE al Juzgado Tercero Penal Municipal de Santa Marta copia del expediente T-104.441 para que resuelva sobre la acci\u00f3n de tutela instaurada a nombre de Jorge Antonio Guevara Leotur, toda vez que \u00e9ste fue exclu\u00eddo del fallo. &nbsp;<\/p>\n<p>D\u00e9cimo Tercero.- SURTASE el tr\u00e1mite previsto en el art\u00edculo 36 del Decreto 2591 de 1991.&nbsp; &nbsp;<\/p>\n<p>En raz\u00f3n de la investigaci\u00f3n penal que deber\u00e1 iniciarse, se remitir\u00e1n copias de los expedientes revisados a los juzgados de origen, pues los originales ser\u00e1n enviados a la Fiscal\u00eda General de la Naci\u00f3n. &nbsp;<\/p>\n<p>&nbsp; &nbsp;<\/p>\n<p>JOSE GREGORIO HERNANDEZ GALINDO &nbsp;<\/p>\n<p>Magistrado Ponente &nbsp;<\/p>\n<p>Presidente de la Sala &nbsp;<\/p>\n<p>HERNANDO HERRERA VERGARA &nbsp; &nbsp; &nbsp; &nbsp; &nbsp; &nbsp; &nbsp; &nbsp;ALEJANDRO MARTINEZ CABALLERO &nbsp; &nbsp; &nbsp; &nbsp; &nbsp; &nbsp; &nbsp; &nbsp; &nbsp; &nbsp;<\/p>\n<p>&nbsp; &nbsp; &nbsp; &nbsp; Magistrado &nbsp; &nbsp; &nbsp; &nbsp; &nbsp; &nbsp; &nbsp; &nbsp; &nbsp; &nbsp; &nbsp;Magistrado &nbsp;<\/p>\n<p>MARTHA VICTORIA SACHICA DE MONCALEANO &nbsp;<\/p>\n<p>&nbsp; &nbsp; &nbsp; &nbsp;Secretaria General &nbsp; &nbsp; &nbsp; &nbsp; &nbsp;<\/p>\n<p>&nbsp; &nbsp;&nbsp;<\/p>\n<p>\n","protected":false},"excerpt":{"rendered":"<p>T-126-97 &nbsp; &nbsp; 13 &nbsp; Sentencia T-126\/97 &nbsp; MEDIO DE DEFENSA JUDICIAL-Reconocimiento y pago de prestaciones sociales &nbsp; En la gran mayor\u00eda de los expedientes, los actores han hecho uso de la acci\u00f3n de tutela con el objeto de reemplazar los procedimientos ordinarios, que habr\u00edan podido servir con eficiencia para la finalidad buscada, que no [&hellip;]<\/p>\n","protected":false},"author":1,"featured_media":0,"comment_status":"open","ping_status":"open","sticky":false,"template":"","format":"standard","meta":{"footnotes":""},"categories":[27],"tags":[],"class_list":["post-3140","post","type-post","status-publish","format-standard","hentry","category-tutelas-1997"],"_links":{"self":[{"href":"https:\/\/www.dmsjuridica.com\/buscador_20179478954\/corteconstitucionalcronologico202454587\/wp-json\/wp\/v2\/posts\/3140","targetHints":{"allow":["GET"]}}],"collection":[{"href":"https:\/\/www.dmsjuridica.com\/buscador_20179478954\/corteconstitucionalcronologico202454587\/wp-json\/wp\/v2\/posts"}],"about":[{"href":"https:\/\/www.dmsjuridica.com\/buscador_20179478954\/corteconstitucionalcronologico202454587\/wp-json\/wp\/v2\/types\/post"}],"author":[{"embeddable":true,"href":"https:\/\/www.dmsjuridica.com\/buscador_20179478954\/corteconstitucionalcronologico202454587\/wp-json\/wp\/v2\/users\/1"}],"replies":[{"embeddable":true,"href":"https:\/\/www.dmsjuridica.com\/buscador_20179478954\/corteconstitucionalcronologico202454587\/wp-json\/wp\/v2\/comments?post=3140"}],"version-history":[{"count":0,"href":"https:\/\/www.dmsjuridica.com\/buscador_20179478954\/corteconstitucionalcronologico202454587\/wp-json\/wp\/v2\/posts\/3140\/revisions"}],"wp:attachment":[{"href":"https:\/\/www.dmsjuridica.com\/buscador_20179478954\/corteconstitucionalcronologico202454587\/wp-json\/wp\/v2\/media?parent=3140"}],"wp:term":[{"taxonomy":"category","embeddable":true,"href":"https:\/\/www.dmsjuridica.com\/buscador_20179478954\/corteconstitucionalcronologico202454587\/wp-json\/wp\/v2\/categories?post=3140"},{"taxonomy":"post_tag","embeddable":true,"href":"https:\/\/www.dmsjuridica.com\/buscador_20179478954\/corteconstitucionalcronologico202454587\/wp-json\/wp\/v2\/tags?post=3140"}],"curies":[{"name":"wp","href":"https:\/\/api.w.org\/{rel}","templated":true}]}}