{"id":356,"date":"2024-05-30T15:35:37","date_gmt":"2024-05-30T15:35:37","guid":{"rendered":"https:\/\/www.dmsjuridica.com\/buscador_20179478954\/corteconstitucionalcronologico202454587\/2024\/05\/30\/c-217-93\/"},"modified":"2024-05-30T15:35:37","modified_gmt":"2024-05-30T15:35:37","slug":"c-217-93","status":"publish","type":"post","link":"https:\/\/www.dmsjuridica.com\/buscador_20179478954\/corteconstitucionalcronologico202454587\/c-217-93\/","title":{"rendered":"C 217 93"},"content":{"rendered":"<p>C-217-93<\/p>\n<p>&nbsp; &nbsp; Sentencia No. C-217\/93 &nbsp;<\/p>\n<p>COSA JUZGADA CONSTITUCIONAL &nbsp;<\/p>\n<p>REF: Expediente N\u00b0 D-215 &nbsp;<\/p>\n<p>Actor: Andr\u00e9s Caicedo Ru\u00edz &nbsp;<\/p>\n<p>Norma acusada: art\u00edculo 23 del Decreto 2067 de 1991 &nbsp;<\/p>\n<p>Magistrado Sustanciador:&nbsp; &nbsp;<\/p>\n<p>ALEJANDRO MARTINEZ CABALLERO &nbsp;<\/p>\n<p>La Corte Constitucional de la Rep\u00fablica de Colombia, &nbsp;<\/p>\n<p>EN NOMBRE DEL PUEBLO&nbsp; &nbsp;<\/p>\n<p>Y&nbsp; &nbsp;<\/p>\n<p>POR MANDATO DE LA CONSTITUCION &nbsp;<\/p>\n<p>Ha pronunciado la siguiente &nbsp;<\/p>\n<p>SENTENCIA &nbsp;<\/p>\n<p>En el proceso iniciado a ra\u00edz de la demanda formulada en acci\u00f3n p\u00fablica de inconstitucionalidad por el ciudadano Andr\u00e9s Caicedo Ru\u00edz. &nbsp;<\/p>\n<p>I- ANTECEDENTES &nbsp;<\/p>\n<p>1. De la norma objeto de revisi\u00f3n &nbsp;<\/p>\n<p>El siguiente es el texto del art\u00edculo 23 del Decreto 2067 de 1991: &nbsp;<\/p>\n<p>Art\u00edculo 23.- La doctrina constitucional enunciada en las sentencias de la Corte Constitucional, mientras no sea modificada por \u00e9sta, ser\u00e1 criterio auxiliar obligatorio para las autoridades y corrige la jurisprudencia. &nbsp;<\/p>\n<p>Las modificaciones a la doctrina existente deber\u00e1 ser expl\u00edcita en las sentencias. &nbsp;<\/p>\n<p>2. De los argumentos del actor &nbsp;<\/p>\n<p>El actor estima que la norma demandada viola los art\u00edculos 4\u00b0, 95, 230 y 241 de la Constituci\u00f3n, por lo siguiente: &nbsp;<\/p>\n<p>Primero, el art\u00edculo 23 del Decreto 2067 de 1991 es contrario al art\u00edculo 230 superior, el cual s\u00f3lo le confiere un alcance de criterio auxiliar a la jurisprudencia. &nbsp;<\/p>\n<p>Tercero, el se\u00f1or Andr\u00e9s Caicedo Ru\u00edz sostiene que el constituyente no quiso introducir en Colombia el sistema anglosaj\u00f3n basado en la jurisprudencia sino que reiter\u00f3 la tradici\u00f3n jur\u00eddica del pa\u00eds, inspirada en el legado romano, en donde la ley escrita es la fuente principal de derecho. &nbsp;<\/p>\n<p>Cuarto, el demandante solicita la inaplicaci\u00f3n de la norma acusada, en virtud del art\u00edculo 4\u00b0 de la Constituci\u00f3n. &nbsp;<\/p>\n<p>Quinto, el actor estima que de conservarse la norma revisada se transformar\u00eda la tradici\u00f3n jur\u00eddica del pa\u00eds por una concepci\u00f3n antidemocr\u00e1tica. &nbsp;<\/p>\n<p>3. Del concepto del Procurador General de la Naci\u00f3n &nbsp;<\/p>\n<p>En primer lugar, el Ministerio P\u00fablico solicita a la Corte Constitucional estarse a lo resuelto en el proceso identificado con el n\u00famero de radicaci\u00f3n D-182, con base en la cosa juzgada constitucional. &nbsp;<\/p>\n<p>En segundo lugar, y en subsidio, la vista fiscal solicita a la Corte Constitucional en su concepto de rigor declarar INEXEQUIBLE la palabra &#8220;obligatorio&#8221; del art\u00edculo revisado, si se decide entrar a estudiar de fondo dicha disposici\u00f3n, con fundamento en el siguiente argumento: &nbsp;<\/p>\n<p>Resulta entonces, que cuando la Corte Constitucional decide sobre un asunto de su competencia, lo hace \u00fanica y exclusivamente para el caso concreto, sin que sea posible que los argumentos expuestos o la doctrina enunciada en el cuerpo de la sentencia sea de obligatorio cumplimiento para las autoridades en casos distintos. &nbsp;<\/p>\n<p>Cuando el Decreto 2067, en su art\u00edculo 23, eleva la doctrina enunciada en las sentencias de la Corte Constitucional al rango de criterio auxiliar obligatorio, si bien es cierto no la coloca por encima de la ley, le otorga un ligar preferente con relaci\u00f3n a los dem\u00e1s criterios auxiliares, como ser\u00eda el caso de la jurisprudencia de la Corte Suprema de Justicia o del Consejo de Estado, situaci\u00f3n que en nuestra opini\u00f3n no es aceptable no solamente por el art\u00edculo 230 del estatuto superior no contempl\u00f3 la posibilidad de establecer categor\u00edas jer\u00e1rquicas entre los criterios auxiliares de la actividad judicial (y donde la Constituci\u00f3n no distingue no es dable al int\u00e9rprete distinguir), sino tambi\u00e9n porque, como se vi\u00f3 anteriormente, el control constitucional en Colombia es un control difuso, es decir, que no ha sido entregado de manera exclusiva a la Corte Constitucional. &nbsp;<\/p>\n<p>En consecuencia, se considera la expresi\u00f3n &#8220;obligatorio&#8221; contenida en el art\u00edculo 23 del Decreto 2067 de 1991, como contraria al art\u00edculo 230 de la Constituci\u00f3n Nacional. &nbsp;<\/p>\n<p>Cumplidos, como est\u00e1n, los tr\u00e1mites previstos en la Constituci\u00f3n &nbsp;y en el Decreto 2067 de 1991, procede la Corte a decidir el asunto por medio de esta sentencia. &nbsp;<\/p>\n<p>II- FUNDAMENTO JURIDICO &nbsp;<\/p>\n<p>La norma acusada, esto es, el art\u00edculo 23 del Decreto 2067 de 1991, ya fue estudiada por la Corte Constitucional. En efecto, en la sentencia N\u00b0 SC-131 del 1\u00b0 de abril de 1993, la Corte declar\u00f3 inexequible la palabra &#8220;obligatorio&#8221; y fij\u00f3 la interpretaci\u00f3n constitucional del art\u00edculo en su conjunto. &nbsp;<\/p>\n<p>En este proceso nos encontramos en presencia de una demanda contra la misma norma, &nbsp;de suerte que se estar\u00e1 a lo resuelto en la sentencia precitada. &nbsp;<\/p>\n<p>III- DECISION &nbsp;<\/p>\n<p>En m\u00e9rito de lo expuesto, la Corte Constitucional, en nombre del pueblo y por mandato de la Constituci\u00f3n, &nbsp;<\/p>\n<p>RESUELVE: &nbsp;<\/p>\n<p>Estarse a lo resuelto en la Sentencia de la Corte Constitucional N\u00b0 SC-131 del d\u00eda 1\u00b0 de abril de 1993, en la que se declar\u00f3 inexequible el art\u00edculo 23 del Decreto 2067 de 1991. &nbsp;<\/p>\n<p>C\u00famplase, comun\u00edquese, publ\u00edquese y arch\u00edvese. &nbsp;<\/p>\n<p>HERNANDO HERRERA VERGARA &nbsp;<\/p>\n<p>Presidente &nbsp; &nbsp;<\/p>\n<p>&nbsp; &nbsp; &nbsp; &nbsp; JORGE ARANGO MEJIA &nbsp; &nbsp; &nbsp; &nbsp; &nbsp; ANTONIO BARRERA CARBONELL&nbsp; &nbsp;<\/p>\n<p>&nbsp; &nbsp; &nbsp; &nbsp; &nbsp; &nbsp; &nbsp; &nbsp; &nbsp;Magistrado &nbsp; &nbsp; &nbsp; &nbsp; &nbsp; &nbsp; &nbsp; &nbsp; &nbsp; &nbsp; &nbsp; &nbsp; &nbsp;Magistrado &nbsp; &nbsp;<\/p>\n<p>&nbsp; &nbsp; &nbsp; &nbsp; &nbsp; &nbsp; &nbsp; &nbsp; &nbsp; &nbsp; &nbsp; &nbsp; &nbsp;<\/p>\n<p>EDUARDO CIFUENTES MU\u00d1OZ &nbsp; &nbsp; &nbsp; &nbsp; &nbsp;JOSE GREGORIO HERNANDEZ GALINDO &nbsp;Magistrado &nbsp; &nbsp; &nbsp; &nbsp; &nbsp; &nbsp; &nbsp; &nbsp; &nbsp; &nbsp; &nbsp; &nbsp; &nbsp; &nbsp; &nbsp; &nbsp; &nbsp; Magistrado &nbsp;<\/p>\n<p>CARLOS GAVIRIA DIAZ &nbsp; &nbsp; &nbsp; &nbsp; &nbsp; &nbsp; &nbsp; &nbsp; &nbsp; &nbsp; &nbsp;ALEJANDRO MARTINEZ CABALLERO &nbsp;<\/p>\n<p>&nbsp; &nbsp; &nbsp; &nbsp; Magistrado &nbsp; &nbsp; &nbsp; &nbsp; &nbsp; &nbsp; &nbsp; &nbsp; &nbsp; &nbsp; &nbsp; &nbsp; &nbsp; &nbsp; &nbsp; &nbsp; &nbsp; &nbsp; &nbsp; &nbsp; &nbsp; &nbsp; &nbsp;Magistrado &nbsp;<\/p>\n<p>FABIO MORON DIAZ &nbsp; &nbsp; &nbsp; &nbsp; &nbsp; &nbsp; &nbsp; &nbsp; &nbsp; &nbsp; &nbsp; &nbsp; &nbsp; &nbsp; &nbsp; VLADIMIRO NARANJO MEJIA &nbsp; &nbsp;<\/p>\n<p>&nbsp; &nbsp;Magistrado &nbsp; &nbsp; &nbsp; &nbsp; &nbsp; &nbsp; &nbsp; &nbsp; &nbsp; &nbsp; &nbsp; &nbsp; &nbsp; &nbsp; &nbsp; &nbsp; &nbsp; &nbsp; &nbsp; &nbsp; &nbsp; Magistrado &nbsp; &nbsp; &nbsp;<\/p>\n<p>MARTHA VICTORIA SACHICA DE MONCALEANO &nbsp;<\/p>\n<p>Secretaria General &nbsp;<\/p>\n<p>&nbsp; &nbsp;&nbsp;<\/p>\n<p>\n","protected":false},"excerpt":{"rendered":"<p>C-217-93 &nbsp; &nbsp; Sentencia No. C-217\/93 &nbsp; COSA JUZGADA CONSTITUCIONAL &nbsp; REF: Expediente N\u00b0 D-215 &nbsp; Actor: Andr\u00e9s Caicedo Ru\u00edz &nbsp; Norma acusada: art\u00edculo 23 del Decreto 2067 de 1991 &nbsp; Magistrado Sustanciador:&nbsp; &nbsp; ALEJANDRO MARTINEZ CABALLERO &nbsp; La Corte Constitucional de la Rep\u00fablica de Colombia, &nbsp; EN NOMBRE DEL PUEBLO&nbsp; &nbsp; Y&nbsp; &nbsp; POR [&hellip;]<\/p>\n","protected":false},"author":1,"featured_media":0,"comment_status":"open","ping_status":"open","sticky":false,"template":"","format":"standard","meta":{"footnotes":""},"categories":[8],"tags":[],"class_list":["post-356","post","type-post","status-publish","format-standard","hentry","category-sentencias-1993"],"_links":{"self":[{"href":"https:\/\/www.dmsjuridica.com\/buscador_20179478954\/corteconstitucionalcronologico202454587\/wp-json\/wp\/v2\/posts\/356","targetHints":{"allow":["GET"]}}],"collection":[{"href":"https:\/\/www.dmsjuridica.com\/buscador_20179478954\/corteconstitucionalcronologico202454587\/wp-json\/wp\/v2\/posts"}],"about":[{"href":"https:\/\/www.dmsjuridica.com\/buscador_20179478954\/corteconstitucionalcronologico202454587\/wp-json\/wp\/v2\/types\/post"}],"author":[{"embeddable":true,"href":"https:\/\/www.dmsjuridica.com\/buscador_20179478954\/corteconstitucionalcronologico202454587\/wp-json\/wp\/v2\/users\/1"}],"replies":[{"embeddable":true,"href":"https:\/\/www.dmsjuridica.com\/buscador_20179478954\/corteconstitucionalcronologico202454587\/wp-json\/wp\/v2\/comments?post=356"}],"version-history":[{"count":0,"href":"https:\/\/www.dmsjuridica.com\/buscador_20179478954\/corteconstitucionalcronologico202454587\/wp-json\/wp\/v2\/posts\/356\/revisions"}],"wp:attachment":[{"href":"https:\/\/www.dmsjuridica.com\/buscador_20179478954\/corteconstitucionalcronologico202454587\/wp-json\/wp\/v2\/media?parent=356"}],"wp:term":[{"taxonomy":"category","embeddable":true,"href":"https:\/\/www.dmsjuridica.com\/buscador_20179478954\/corteconstitucionalcronologico202454587\/wp-json\/wp\/v2\/categories?post=356"},{"taxonomy":"post_tag","embeddable":true,"href":"https:\/\/www.dmsjuridica.com\/buscador_20179478954\/corteconstitucionalcronologico202454587\/wp-json\/wp\/v2\/tags?post=356"}],"curies":[{"name":"wp","href":"https:\/\/api.w.org\/{rel}","templated":true}]}}