{"id":3707,"date":"2024-05-30T17:44:15","date_gmt":"2024-05-30T17:44:15","guid":{"rendered":"https:\/\/www.dmsjuridica.com\/buscador_20179478954\/corteconstitucionalcronologico202454587\/2024\/05\/30\/t-031-98\/"},"modified":"2024-05-30T17:44:15","modified_gmt":"2024-05-30T17:44:15","slug":"t-031-98","status":"publish","type":"post","link":"https:\/\/www.dmsjuridica.com\/buscador_20179478954\/corteconstitucionalcronologico202454587\/t-031-98\/","title":{"rendered":"T 031 98"},"content":{"rendered":"<p>T-031-98<\/p>\n<p>&nbsp; &nbsp; Sentencia T-031\/98 &nbsp;<\/p>\n<p>DERECHO A LA SEGURIDAD SOCIAL DE PERSONA DE LA TERCERA EDAD-Afectaci\u00f3n m\u00ednimo vital por no pago oportuno de mesadas pensionales\/DERECHO AL MINIMO VITAL DEL PENSIONADO-Pago oportuno de mesadas\/ PRINCIPIO DE DIGNIDAD HUMANA DEL PENSIONADO-Pago oportuno de mesadas&nbsp; &nbsp;<\/p>\n<p>Referencia: Expediente T-146350 &nbsp;<\/p>\n<p>Procedencia: Tribunal Superior de Santa Marta Sala Penal &nbsp;<\/p>\n<p>Accionante: Grimaldina Barrios de Navarro &nbsp;<\/p>\n<p>Tema:&nbsp; &nbsp;<\/p>\n<p>Pago de Pensi\u00f3n &nbsp;<\/p>\n<p>Magistrado Ponente: &nbsp;<\/p>\n<p>Dr. ALEJANDRO MARTINEZ CABALLERO &nbsp;<\/p>\n<p>&nbsp;&nbsp; &nbsp;<\/p>\n<p>La Sala S\u00e9ptima de la Corte Constitucional, integrada por los Magistrados doctores, Fabio Mor\u00f3n D\u00edaz, Vladimiro Naranjo Mesa, y Alejandro Mart\u00ednez Caballero, quien la preside en ejercicio de sus competencias constitucionales y legales &nbsp;<\/p>\n<p>EN NOMBRE DEL PUEBLO &nbsp;<\/p>\n<p>Y &nbsp;<\/p>\n<p>POR MANDATO DE LA CONSTITUCION &nbsp;<\/p>\n<p>Ha pronunciado la siguiente &nbsp;<\/p>\n<p>SENTENCIA &nbsp;<\/p>\n<p>Dentro de la acci\u00f3n de tutela instaurada por Grimaldina Barrios de Navarro contra el Fondo Territorial de Pensiones y Cesant\u00edas del Magdalena. &nbsp;<\/p>\n<p>ANTECEDENTES &nbsp;<\/p>\n<p>Grimaldina Barrios de Navarro, de 76 a\u00f1os de edad, jubilada, instaura tutela porque no se le han cancelado las mesadas desde junio de 1996, mientras a otros s\u00ed les han pagado. &nbsp;<\/p>\n<p>El propio vocero del Departamento del Magdalena reconoce que la tutelante es pensionada desde 1977, que se le adeudan mesadas de junio a diciembre de 1996, y de enero a marzo de 1997 (informaci\u00f3n dada el 24 de abril de 1997). Invoca como raz\u00f3n para el no pago la situaci\u00f3n econ\u00f3mica del Ente departamental. Sin embargo, el Fondo Territorial de Pensiones certifica el 28 de abril de 1997 que \u201cel valor del presupuesto para el pago de mesadas para el a\u00f1o de 1997 es por la suma de Tres mil doscientos ocho millones quinientos veinte mil veintiocho pesos ($3\u2019208.520.028,oo). &nbsp;<\/p>\n<p>DECISION DE UNICA INSTANCIA &nbsp;<\/p>\n<p>La Sala Penal del Tribunal Superior de Santa Marta, en fallo de 29 de abril de 1997, neg\u00f3 la tutela porque: &nbsp;<\/p>\n<p>\u201cEn el caso presente si bien la accionante tiene una edad de 76 a\u00f1os, &nbsp;no aparece acreditado que el no pago de sus mesadas pensionales haya comprometido su m\u00ednimo vital y el de su familia. &nbsp;<\/p>\n<p>De otra parte se sabe &nbsp;que los que prestaron sus servicios al magisterio gozan de una pensi\u00f3n nacional la que si bien, su monto no es apreciable s\u00ed lo suficiente para vivir, mal, pero viven, y cuyo pago es oportuno, facilitando as\u00ed la soluci\u00f3n de las primarias necesidades. Y adem\u00e1s en el caso presente solo se le adeuda las mesadas de junio a diciembre de 1996 y la prima de junio del a\u00f1o en cita; lo que comparado con otros pensionados, est\u00e1 la accionante en mejor situaci\u00f3n de preferencia en relaci\u00f3n con sus cong\u00e9neres, luego el principio de igualdad tampoco aparece comprometido. &nbsp;<\/p>\n<p>En lo que respecta a las mesadas del presente a\u00f1o ya se ajusto el Presupuesto a las previsiones establecidas por la Corte Constitucional en las sentencias mencionadas, pues en efecto se incluy\u00f3 la suma de $3\u2019208.520.028,oo millones de pesos. Est\u00e1 pues en mora el Fondo Territorial de Pensiones del Magdalena, comenzar a satisfacer esta necesidad sentida por los habitantes de la tercera edad en este lugar de la patria\u201d. (subraya fuera de texto). &nbsp;<\/p>\n<p>F U N D A M E N T O S &nbsp; &nbsp; J U R I D I C O S &nbsp;<\/p>\n<p>&nbsp; &nbsp; &nbsp;<\/p>\n<p>A. COMPETENCIA &nbsp; &nbsp;<\/p>\n<p>Es competente esta Sala de Revisi\u00f3n de la Corte Constitucional para proferir sentencia de revisi\u00f3n dentro de la acci\u00f3n de tutela de la referencia, con fundamento en los art\u00edculos 86 inciso 2\u00ba y 241 numeral 9\u00ba de la Constituci\u00f3n Pol\u00edtica, en concordancia con los art\u00edculos 33, 34, 35 y 36 del Decreto 2591 de 1991; adem\u00e1s, su examen se hace por virtud de la selecci\u00f3n que de dicha acci\u00f3n practic\u00f3 la Sala correspondiente, del reparto que se verific\u00f3 en la forma se\u00f1alada por el Reglamento de esta Corporaci\u00f3n. &nbsp;<\/p>\n<p>Ha dicho la Corte Constitucional: &nbsp;<\/p>\n<p>\u201c El derecho fundamental a la seguridad social de las personas de la tercera edad &nbsp;<\/p>\n<p>3. En reiterada jurisprudencia, la Corte ha establecido que, si bien el derecho a la seguridad social (C.P., art\u00edculo 48) no tiene, en principio, el car\u00e1cter de derecho fundamental, puede llegar a tenerlo cuando su vulneraci\u00f3n o amenaza pongan en peligro o afecten alg\u00fan derecho fundamental per se. Sin embargo, esta Corporaci\u00f3n ha considerado que, en el caso de las personas de la tercera edad (C.P., art\u00edculos 13 y 46), el derecho a la seguridad social, que se hace efectivo a trav\u00e9s del pago de las correspondientes mesadas pensionales y la prestaci\u00f3n de los servicios m\u00e9dico-asistenciales, adquiere el car\u00e1cter de derecho fundamental, como quiera que el m\u00ednimo vital de los ancianos, quienes se encuentran excluidos del mercado laboral o hallan serias dificultades para acceder a un empleo, depende por entero de los recursos que perciben por concepto de las pensiones.&nbsp; &nbsp;<\/p>\n<p>Esta Corporaci\u00f3n ha estimado que la falta o el retraso en el pago de las mesadas pensionales o de las cotizaciones en salud a que tienen derecho las personas de la tercera edad, les ocasiona un perjuicio irremediable que autoriza la procedencia transitoria de la acci\u00f3n de tutela, mientras se resuelven los recursos y acciones ordinarios respectivos. Con respecto a lo anterior, esta Sala de Revisi\u00f3n ha sentado la siguiente doctrina:&nbsp; &nbsp;<\/p>\n<p>&#8220;En s\u00edntesis, la Corte ha entendido que el derecho a la seguridad social y en especial el derecho a la pensi\u00f3n de jubilaci\u00f3n o vejez, en los t\u00e9rminos definidos por la ley, constituye un derecho de aplicaci\u00f3n inmediata en aquellos eventos en los cuales est\u00e1 destinado a suplir el m\u00ednimo vital b\u00e1sico de las personas de la tercera edad. Lo anterior, no s\u00f3lo por su estrecha relaci\u00f3n con el derecho al trabajo, sino porque en trat\u00e1ndose de personas cuya edad hace incierta una virtual vinculaci\u00f3n laboral, su transgresi\u00f3n compromete la dignidad de su titular, como quiera que depende de la pensi\u00f3n para satisfacer sus necesidades b\u00e1sicas. &nbsp;<\/p>\n<p>Sostener lo contrario implicar\u00eda desconocer evidentes razones de justicia material que llevaron al constituyente a vincular al Estado con la garant\u00eda de la dignidad de quienes, al t\u00e9rmino de su vida laboral, luego de contribuir con su trabajo a la construcci\u00f3n de la riqueza nacional, merecen de la sociedad, no s\u00f3lo un justo reconocimiento sino una pensi\u00f3n equivalente a un porcentaje de su salario, para asegurar una vejez tranquila. Frente a este derecho, el Estado debe actuar con toda energ\u00eda y prontitud, de manera tal que quienes han adquirido, en virtud de su edad y a\u00f1os de trabajo, una pensi\u00f3n de jubilaci\u00f3n o vejez, no se vean, ni siquiera transitoriamente, desprotegidos frente a actos arbitrarios o negligentes del propio Estado o de los particulares que por ley est\u00e9n obligados a asumir la prestaci\u00f3n social\u201d. &nbsp;<\/p>\n<p>De igual forma, la Corte ha considerado que el m\u00ednimo vital de las personas de la tercera edad no s\u00f3lo resulta vulnerado por la falta de pago de las mesadas pensionales sino, tambi\u00e9n, por el retraso injustificado en la cancelaci\u00f3n de las mismas. As\u00ed, por ejemplo, si en materia de salarios, en ciertos casos &#8211; b\u00e1sicamente aquellos en los cuales resulta comprometido el m\u00ednimo vital del trabajador &#8211; la Corte ha entendido que el retraso en su pago vulnera su derecho a una subsistencia digna, con mayor raz\u00f3n esta vulneraci\u00f3n se produce si lo que no se cancela oportunamente son las mesadas pensionales de las que depende por entero la subsistencia de las personas de la tercera edad.1\u201d &nbsp;<\/p>\n<p>Una jubilada de 77 a\u00f1os, depende para su subsistencia de la mesada correspondiente. Es inhumano invocar la suma exigua que adicionalmente recibe por su condici\u00f3n de maestra tambi\u00e9n pensionada por la naci\u00f3n, como justificaci\u00f3n para que no prospere la tutela y es inhumano decir que \u201cvive mal\u201d, pero vive\u201d. El m\u00ednimo vital se afecta cuando la pensi\u00f3n departamental no se le paga oportunamente y cuando lo que recibe por otro concepto apenas le alcanza para \u201cvivir mal\u201d. Lo fundamental no es sobrevivir, lo fundamental es vivir con dignidad. &nbsp;<\/p>\n<p>Luego, se debe revocar la sentencia motivo de revisi\u00f3n y en su lugar conceder la tutela. &nbsp;<\/p>\n<p>En m\u00e9rito de lo expuesto, la Sala S\u00e9ptima de Revisi\u00f3n de la Corte Constitucional, administrando justicia en nombre del pueblo y por autoridad de la Constituci\u00f3n &nbsp;<\/p>\n<p>R E SU E L V E&nbsp;: &nbsp;<\/p>\n<p>Primero. REVOCAR el fallo de la Sala Penal del Tribunal Superior de Santa Marta proferido en la tutela de la referencia y en su lugar CONCEDER la tutela y ORDENAR que en el plazo de 5 d\u00edas&nbsp; &nbsp; &nbsp; &nbsp; &nbsp;contados a partir de la notificaci\u00f3n de la presente sentencia, se le cancelen la mesadas debidas a la peticionaria. Se ordena tambi\u00e9n que en adelante se le paguen oportunamente. &nbsp;<\/p>\n<p>Segundo. Por Secretar\u00eda se librar\u00e1 la comunicaci\u00f3n de que trata el art\u00edculo 36 el decreto 2591 de 1991, para los efectos del caso. &nbsp;<\/p>\n<p>C\u00f3piese, notif\u00edquese y c\u00famplase, ins\u00e9rtese en la Gaceta Constitucional. &nbsp;<\/p>\n<p>ALEJANDRO MART\u00cdNEZ CABALLERO &nbsp;<\/p>\n<p>Magistrado&nbsp; &nbsp;<\/p>\n<p>FABIO MOR\u00d3N D\u00cdAZ &nbsp;<\/p>\n<p>Magistrado &nbsp;<\/p>\n<p>VLADIMIRO NARANJO MESA &nbsp;<\/p>\n<p>Magistrado &nbsp;<\/p>\n<p>MARTHA VICTORIA S\u00c1CHICA DE MONCALEANO &nbsp;<\/p>\n<p>Secretaria General &nbsp;<\/p>\n<p>1 Sentencia 299 de 1997, Magistrado Ponente: Eduardo Cifuentes Mu\u00f1oz. &nbsp; &nbsp;<\/p>\n<p>\n","protected":false},"excerpt":{"rendered":"<p>T-031-98 &nbsp; &nbsp; Sentencia T-031\/98 &nbsp; DERECHO A LA SEGURIDAD SOCIAL DE PERSONA DE LA TERCERA EDAD-Afectaci\u00f3n m\u00ednimo vital por no pago oportuno de mesadas pensionales\/DERECHO AL MINIMO VITAL DEL PENSIONADO-Pago oportuno de mesadas\/ PRINCIPIO DE DIGNIDAD HUMANA DEL PENSIONADO-Pago oportuno de mesadas&nbsp; &nbsp; Referencia: Expediente T-146350 &nbsp; Procedencia: Tribunal Superior de Santa Marta Sala [&hellip;]<\/p>\n","protected":false},"author":1,"featured_media":0,"comment_status":"open","ping_status":"open","sticky":false,"template":"","format":"standard","meta":{"footnotes":""},"categories":[31],"tags":[],"class_list":["post-3707","post","type-post","status-publish","format-standard","hentry","category-tutelas-1998"],"_links":{"self":[{"href":"https:\/\/www.dmsjuridica.com\/buscador_20179478954\/corteconstitucionalcronologico202454587\/wp-json\/wp\/v2\/posts\/3707","targetHints":{"allow":["GET"]}}],"collection":[{"href":"https:\/\/www.dmsjuridica.com\/buscador_20179478954\/corteconstitucionalcronologico202454587\/wp-json\/wp\/v2\/posts"}],"about":[{"href":"https:\/\/www.dmsjuridica.com\/buscador_20179478954\/corteconstitucionalcronologico202454587\/wp-json\/wp\/v2\/types\/post"}],"author":[{"embeddable":true,"href":"https:\/\/www.dmsjuridica.com\/buscador_20179478954\/corteconstitucionalcronologico202454587\/wp-json\/wp\/v2\/users\/1"}],"replies":[{"embeddable":true,"href":"https:\/\/www.dmsjuridica.com\/buscador_20179478954\/corteconstitucionalcronologico202454587\/wp-json\/wp\/v2\/comments?post=3707"}],"version-history":[{"count":0,"href":"https:\/\/www.dmsjuridica.com\/buscador_20179478954\/corteconstitucionalcronologico202454587\/wp-json\/wp\/v2\/posts\/3707\/revisions"}],"wp:attachment":[{"href":"https:\/\/www.dmsjuridica.com\/buscador_20179478954\/corteconstitucionalcronologico202454587\/wp-json\/wp\/v2\/media?parent=3707"}],"wp:term":[{"taxonomy":"category","embeddable":true,"href":"https:\/\/www.dmsjuridica.com\/buscador_20179478954\/corteconstitucionalcronologico202454587\/wp-json\/wp\/v2\/categories?post=3707"},{"taxonomy":"post_tag","embeddable":true,"href":"https:\/\/www.dmsjuridica.com\/buscador_20179478954\/corteconstitucionalcronologico202454587\/wp-json\/wp\/v2\/tags?post=3707"}],"curies":[{"name":"wp","href":"https:\/\/api.w.org\/{rel}","templated":true}]}}