{"id":3725,"date":"2024-05-30T17:44:17","date_gmt":"2024-05-30T17:44:17","guid":{"rendered":"https:\/\/www.dmsjuridica.com\/buscador_20179478954\/corteconstitucionalcronologico202454587\/2024\/05\/30\/t-072-98\/"},"modified":"2024-05-30T17:44:17","modified_gmt":"2024-05-30T17:44:17","slug":"t-072-98","status":"publish","type":"post","link":"https:\/\/www.dmsjuridica.com\/buscador_20179478954\/corteconstitucionalcronologico202454587\/t-072-98\/","title":{"rendered":"T 072 98"},"content":{"rendered":"<p>T-072-98<\/p>\n<p>&nbsp; &nbsp; Sentencia T-072\/98 &nbsp;<\/p>\n<p>DERECHO AL MINIMO VITAL DEL PENSIONADO-Pago oportuno de mesadas &nbsp;<\/p>\n<p>Referencia: Expediente T-148104 &nbsp;<\/p>\n<p>Procedencia: Juzgado Promiscuo Municipal de Tol\u00fa &nbsp;<\/p>\n<p>Accionante: Filomena de Iriarte &nbsp;<\/p>\n<p>Tema:&nbsp; &nbsp;<\/p>\n<p>Pensi\u00f3n de jubilaci\u00f3n &nbsp;<\/p>\n<p>Magistrado Ponente: &nbsp;<\/p>\n<p>Dr. ALEJANDRO MARTINEZ CABALLERO &nbsp;<\/p>\n<p>&nbsp;&nbsp; &nbsp;<\/p>\n<p>Santa Fe de Bogot\u00e1, D.C., cinco (5) de marzo de mil novecientos noventa y ocho (1998). &nbsp;<\/p>\n<p>La Sala S\u00e9ptima de la Corte Constitucional, integrada por los Magistrados doctores, Fabio Mor\u00f3n D\u00edaz, Vladimiro Naranjo Mesa, y Alejandro Mart\u00ednez Caballero, quien la preside, en ejercicio de sus competencias constitucionales y legales &nbsp;<\/p>\n<p>EN NOMBRE DEL PUEBLO &nbsp;<\/p>\n<p>Y &nbsp;<\/p>\n<p>Ha pronunciado la siguiente &nbsp;<\/p>\n<p>SENTENCIA &nbsp;<\/p>\n<p>Dentro de la acci\u00f3n de tutela instaurada por Filomena de Iriarte contra el Municipio de Tol\u00fa. &nbsp;<\/p>\n<p>ANTECEDENTES &nbsp;<\/p>\n<p>&nbsp; &nbsp; &nbsp;<\/p>\n<p>a. Los principales hechos est\u00e1n resumidos en la solicitud: &nbsp; &nbsp;<\/p>\n<p>\u201cSoy persona de la tercera edad, pues alcanzo una edad de SETENTA y NUEVE A\u00d1OS (79) y en mi ancianidad se hace m\u00e1s dif\u00edcil mi existencia con la carencia de recursos econ\u00f3micos para cubrir las cotidianas necesidades que toda persona requiere. Con el valor de mi pensi\u00f3n mitigo en gran parte esas necesidades, las que por no ser pagadas efectivas y puntualmente por el municipio de Tol\u00fa atenta contra mi vida, pues, cuando hay insolvencia econ\u00f3mica el malestar, a mis muchos a\u00f1os de edad, cunde y golpea el primero de los derechos fundamentales: LA VIDA. &nbsp;<\/p>\n<p>Por esa falta de atenci\u00f3n de la administraci\u00f3n municipal de Tol\u00fa, en el pago de mis mesadas, las \u201ccondiciones dignas y justas\u201d que requiero para mi status como persona humana han sido mermadas, pues la protecci\u00f3n que el estado a trav\u00e9s de mi sueldo pensi\u00f3n debe darme la ha descuidado con el atraso del pago de las mismas.\u201d &nbsp;<\/p>\n<p>&nbsp; &nbsp; &nbsp;<\/p>\n<p>a. El Juzgado Promiscuo Municipal de Tol\u00fa el 7 de agosto de 1997, rechaz\u00f3 la aci\u00f3n porque, en su sentir, hay otros medios judiciales para reclamar las mesadas pensionales. Dijo: &nbsp; &nbsp;<\/p>\n<p>\u201c Lo que se desprende de la actuaci\u00f3n que viene, es una situaci\u00f3n dada en el sentido de que, siendo la accionante una persona pensionada por parte de la Alcald\u00eda Municipal de Santiago de Tol\u00fa, a la misma no se le ha dado cumplimiento en el pago de las mesadas que dicha accionante se\u00f1ala, lo ,cual conlleva, a que resulte una situaci\u00f3n de incumplimiento por parte de la Alcald\u00eda Municipal de Tol\u00fa, en el pago de las mesadas que por concepto de pensi\u00f3n, tiene derecho la mencionada accionante, lo cual le da lugar a esta \u00faltima de poder acudir por la v\u00eda propia de la ejecuci\u00f3n laboral, con el fin de obtener la efectividad en cuanto al pago de las mesadas que se le adeudan..\u201d &nbsp;<\/p>\n<p>c) El juez de Segunda Instancia: Primero Penal del Circuito de Sincelejo, el 22 de septiembre de 1997, confirm\u00f3 la sentencia de primera instancia. &nbsp;<\/p>\n<p>F U N D A M E N T O S &nbsp; &nbsp; J U R I D I C O S &nbsp;<\/p>\n<p>&nbsp; &nbsp; &nbsp;<\/p>\n<p>A. COMPETENCIA &nbsp; &nbsp;<\/p>\n<p>Es competente esta Sala de Revisi\u00f3n de la Corte Constitucional para proferir sentencia de revisi\u00f3n dentro de la acci\u00f3n de tutela de la referencia, con fundamento en los art\u00edculos 86 inciso 2\u00ba y 241 numeral 9\u00ba de la Constituci\u00f3n Pol\u00edtica, en concordancia con los art\u00edculos 33, 34, 35 y 36 del Decreto 2591 de 1991; adem\u00e1s, su examen se hace por virtud de la selecci\u00f3n que de dicha acci\u00f3n practic\u00f3 la Sala correspondiente, del reparto que se verific\u00f3 en la forma se\u00f1alada por el Reglamento de esta Corporaci\u00f3n. &nbsp;<\/p>\n<p>CASO CONCRETO FRENTE A LA JURISPRUDENCIA &nbsp;<\/p>\n<p>Ha dicho la Corte Constitucional: &nbsp;<\/p>\n<p>\u201cLos fallos de instancia &nbsp;son &nbsp;un\u00e1nimes al se\u00f1alar el proceso ejecutivo laboral como mecanismo judicial de defensa al que deben acudir los actores, y el que hace improcedente &nbsp;amparar los derechos fundamentales &nbsp;cuya efectividad ellos reclaman. Sin embargo en todos &nbsp;se olvida que la eficacia del mecanismo alterno para la &nbsp;defensa de los derechos fundamentales, debe ser evaluada por el juez &nbsp;de tutela teniendo en cuenta &nbsp;la situaci\u00f3n del actor &nbsp;(art.6 del Decreto 2591 de 1991). &nbsp;<\/p>\n<p>En los procesos &nbsp;que se revisan, dos de los actores son personas &nbsp;de la tercera edad, y la doctrina constitucional ha sido clara al se\u00f1alar que la ancianidad es una situaci\u00f3n &nbsp;de debilidad manifiesta, que amerita &nbsp;una protecci\u00f3n especial&nbsp;; &nbsp; v\u00e9anse por ejemplo, las sentencias T-156\/95 &nbsp;y T-147\/95 Magistrado Ponente &nbsp;Hernando Herrera Vergara . &nbsp;<\/p>\n<p>En el tercer caso, &nbsp;la actora tiene 50 a\u00f1os, pero est\u00e1 acreditado en el expediente &nbsp;que sufre de c\u00e1ncer, &nbsp;es mujer cabeza de hogar y tiene a su cargo &nbsp;una hija menor de edad, &nbsp;razones que tambi\u00e9n &nbsp;la hacen merecedora &nbsp;de una protecci\u00f3n especial por parte del Estado, seg\u00fan los art\u00edculos 43 y 47 de la Carta Pol\u00edtica. &nbsp;<\/p>\n<p>Adem\u00e1s, en los tres casos est\u00e1 acreditado que el sustento m\u00ednimo vital de los actores &nbsp;y de sus familias &nbsp;depende del pago oportuno de las mesadas pensionales, y &nbsp;ninguno de los demandantes est\u00e1 en condiciones f\u00edsicas &nbsp;de procurarse otro ingreso acudiendo al mercado laboral. Seg\u00fan la Jurisprudencia reiterada de la Corte constitucional, &nbsp;la verificaci\u00f3n &nbsp;de los anteriores hechos &nbsp;es suficiente para que proceda la tutela de manera definitiva y se ordene el restablecimiento de los pagos ( ver las sentencias T-212\/96, Magistrado Ponente Vladimiro Naranjo Mesa, T-076\/96 Magistrado Ponente &nbsp;Jorge Arango Mej\u00eda ).&nbsp; &nbsp;<\/p>\n<p>Adem\u00e1s, si bien &nbsp;los actores deber\u00e1n acudir al proceso ejecutivo laboral para reclamar las mesadas que ya &nbsp;se dejaron de pagar ( t\u00e9ngase en cuenta que las rentas naciones son embargables en esta clase de procesos, de acuerdo con la sentencia C-546\/92 Magistrados Ponentes Ciro Angarita Bar\u00f3n y Alejandro Mart\u00ednez Caballero), corresponde al juez de tutela &nbsp;ordenar que se garantice debidamente el pago de las mesadas &nbsp;pensionales futuras (ver las sentencias &nbsp;T- 500\/96 Magistrado Ponente Antonio Barrera Carbonell, y T-323\/96 Magistrado Ponente Eduardo Cifuentes Mu\u00f1oz).1\u201d &nbsp;<\/p>\n<p>En el presente caso, el solicitante (de 80 a\u00f1os) expresa que la mesada pensional es indispensable para el sostenimiento de \u00e9l y su familia, es decir, es su m\u00ednimo vital, luego, la tutela debe prosperar. No necesitaba la anciana, demostrar que la mesada es su \u00fanico sustento, porque hay una conexidad necesaria, trat\u00e1ndose de personas de la tercera edad. Por supuesto que la tutela se predica de las mesadas actuales y futuras porque para las anteriores, su reclamaci\u00f3n es por juicio ejecutivo. &nbsp;<\/p>\n<p>En m\u00e9rito de lo expuesto, la Sala S\u00e9ptima de Revisi\u00f3n de la Corte Constitucional, administrando justicia en nombre del pueblo y por autoridad de la Constituci\u00f3n &nbsp;<\/p>\n<p>R E SU E L V E&nbsp;: &nbsp;<\/p>\n<p>Primero. REVOCAR las sentencias materia de revisi\u00f3n y en su lugar, tutelar los derechos a la vida y a la seguridad social de Filomena Teresa Rosa de Iriarte. &nbsp;<\/p>\n<p>Segundo. ORDENAR &nbsp;al Alcalde del Municipio de Tol\u00fa que, si a\u00fan no lo han hecho, reanude el pago de las mesadas pensionales &nbsp;de Filomena Teresa Rosa de Iriarte en el termino m\u00e1ximo de 48 horas contados a &nbsp;partir de la notificaci\u00f3n de la presente providencia, so pena &nbsp;de las sanciones previstas en el Decreto 2591 de 1991 para el desacato y acuerdo con lo expresado en la parte motiva de este fallo. &nbsp;<\/p>\n<p>Tercero. COMUNICAR la presente providencia al juzgador de primera instancia para los efectos previstos en el art\u00edculo 36 del Decreto 2591 de 1991. &nbsp;<\/p>\n<p>ALEJANDRO MART\u00cdNEZ CABALLERO &nbsp;<\/p>\n<p>Magistrado Ponente &nbsp;<\/p>\n<p>FABIO MOR\u00d3N D\u00cdAZ &nbsp;<\/p>\n<p>Magistrado &nbsp;<\/p>\n<p>VLADIMIRO NARANJO MESA &nbsp;<\/p>\n<p>Magistrado &nbsp;<\/p>\n<p>MARTHA VICTORIA S\u00c1CHICA DE MONCALEANO &nbsp;<\/p>\n<p>Secretaria General &nbsp;<\/p>\n<p>&nbsp; &nbsp;&nbsp;<\/p>\n<p>1 Sentencia T-160\/97, Magistrado Ponente Carlos Gaviria D\u00edaz. &nbsp; &nbsp;<\/p>\n<p>\n","protected":false},"excerpt":{"rendered":"<p>T-072-98 &nbsp; &nbsp; Sentencia T-072\/98 &nbsp; DERECHO AL MINIMO VITAL DEL PENSIONADO-Pago oportuno de mesadas &nbsp; Referencia: Expediente T-148104 &nbsp; Procedencia: Juzgado Promiscuo Municipal de Tol\u00fa &nbsp; Accionante: Filomena de Iriarte &nbsp; Tema:&nbsp; &nbsp; Pensi\u00f3n de jubilaci\u00f3n &nbsp; Magistrado Ponente: &nbsp; Dr. ALEJANDRO MARTINEZ CABALLERO &nbsp; &nbsp;&nbsp; &nbsp; Santa Fe de Bogot\u00e1, D.C., cinco (5) [&hellip;]<\/p>\n","protected":false},"author":1,"featured_media":0,"comment_status":"open","ping_status":"open","sticky":false,"template":"","format":"standard","meta":{"footnotes":""},"categories":[31],"tags":[],"class_list":["post-3725","post","type-post","status-publish","format-standard","hentry","category-tutelas-1998"],"_links":{"self":[{"href":"https:\/\/www.dmsjuridica.com\/buscador_20179478954\/corteconstitucionalcronologico202454587\/wp-json\/wp\/v2\/posts\/3725","targetHints":{"allow":["GET"]}}],"collection":[{"href":"https:\/\/www.dmsjuridica.com\/buscador_20179478954\/corteconstitucionalcronologico202454587\/wp-json\/wp\/v2\/posts"}],"about":[{"href":"https:\/\/www.dmsjuridica.com\/buscador_20179478954\/corteconstitucionalcronologico202454587\/wp-json\/wp\/v2\/types\/post"}],"author":[{"embeddable":true,"href":"https:\/\/www.dmsjuridica.com\/buscador_20179478954\/corteconstitucionalcronologico202454587\/wp-json\/wp\/v2\/users\/1"}],"replies":[{"embeddable":true,"href":"https:\/\/www.dmsjuridica.com\/buscador_20179478954\/corteconstitucionalcronologico202454587\/wp-json\/wp\/v2\/comments?post=3725"}],"version-history":[{"count":0,"href":"https:\/\/www.dmsjuridica.com\/buscador_20179478954\/corteconstitucionalcronologico202454587\/wp-json\/wp\/v2\/posts\/3725\/revisions"}],"wp:attachment":[{"href":"https:\/\/www.dmsjuridica.com\/buscador_20179478954\/corteconstitucionalcronologico202454587\/wp-json\/wp\/v2\/media?parent=3725"}],"wp:term":[{"taxonomy":"category","embeddable":true,"href":"https:\/\/www.dmsjuridica.com\/buscador_20179478954\/corteconstitucionalcronologico202454587\/wp-json\/wp\/v2\/categories?post=3725"},{"taxonomy":"post_tag","embeddable":true,"href":"https:\/\/www.dmsjuridica.com\/buscador_20179478954\/corteconstitucionalcronologico202454587\/wp-json\/wp\/v2\/tags?post=3725"}],"curies":[{"name":"wp","href":"https:\/\/api.w.org\/{rel}","templated":true}]}}