{"id":3848,"date":"2024-05-30T17:44:27","date_gmt":"2024-05-30T17:44:27","guid":{"rendered":"https:\/\/www.dmsjuridica.com\/buscador_20179478954\/corteconstitucionalcronologico202454587\/2024\/05\/30\/t-285-98\/"},"modified":"2024-05-30T17:44:27","modified_gmt":"2024-05-30T17:44:27","slug":"t-285-98","status":"publish","type":"post","link":"https:\/\/www.dmsjuridica.com\/buscador_20179478954\/corteconstitucionalcronologico202454587\/t-285-98\/","title":{"rendered":"T 285 98"},"content":{"rendered":"<p>T-285-98<\/p>\n<p>&nbsp; &nbsp; Sentencia T-285\/98 &nbsp;<\/p>\n<p>DERECHO DE PETICION-No constituye respuesta informaci\u00f3n suministrada al juez de tutela &nbsp;<\/p>\n<p>Referencia: Expediente T-155627 &nbsp;<\/p>\n<p>Acci\u00f3n de tutela incoada por Mar\u00eda Amparo Zul\u00faaga de Mar\u00edn contra el Instituto de Seguros Sociales. &nbsp;<\/p>\n<p>Magistrado Ponente: &nbsp;<\/p>\n<p>Dr. FABIO MOR\u00d3N D\u00cdAZ &nbsp;<\/p>\n<p>Sentencia aprobada en Santa Fe de Bogot\u00e1, D.C., a los cuatro (4) d\u00edas del mes de junio de mil novecientos noventa y ocho (1998). &nbsp;<\/p>\n<p>Se revisa el fallo proferido en el asunto de la referencia por el Tribunal Contencioso Administrativo de Risaralda. &nbsp;<\/p>\n<p>&nbsp; &nbsp; &nbsp;<\/p>\n<p>I. INFORMACION PRELIMINAR. &nbsp; &nbsp;<\/p>\n<p>Mar\u00eda Amparo Zul\u00faaga Mar\u00edn, obtuvo el reconocimiento de su pensi\u00f3n de jubilaci\u00f3n, mediante resoluci\u00f3n 4158 de julio 22 de 1997. Desde esa fecha, la \u00faltima el 30 de octubre de 1997, ha elevado reiteradas solicitudes a la entidad accionada para que se considere su inclusi\u00f3n en n\u00f3mina y la entidad no ha dado respuesta alguna. &nbsp;<\/p>\n<p>Interpone acci\u00f3n de tutela el 2 de diciembre de 1997, pues consider\u00f3 vulnerado su derecho de petici\u00f3n, reconocido en el art\u00edculo 23 de la Constituci\u00f3n Pol\u00edtica. &nbsp;<\/p>\n<p>I. LA DECISION JUDICIAL EXAMINADA. &nbsp; &nbsp;<\/p>\n<p>El Tribunal Contencioso Administrativo de Risaralda conoci\u00f3 de la presente tutela y orden\u00f3 al ISS informara sobre el curso dado a la petici\u00f3n de la se\u00f1ora Zul\u00faaga Mar\u00edn. La accionada remiti\u00f3 la resoluci\u00f3n 7.162 del 1 de diciembre de 1997,mediante la cual se revoca la resoluci\u00f3n 4.158 del 22 de julio de 1997, que hab\u00eda concedido la pensi\u00f3n de jubilaci\u00f3n a la peticionaria. Con fundamento en ello, el a-quo consider\u00f3 que exist\u00eda carencia actual de objeto, puesto que la decisi\u00f3n que tom\u00f3 la entidad de revocar el derecho reconocido, implicaba ya una respuesta a su solicitud de inclusi\u00f3n en n\u00f3mina. &nbsp;<\/p>\n<p>&nbsp; &nbsp; &nbsp;<\/p>\n<p>I. CONSIDERACIONES DE LA CORTE CONSTITUCIONAL. &nbsp; &nbsp;<\/p>\n<p>&nbsp; &nbsp; &nbsp;<\/p>\n<p>A. Competencia. &nbsp; &nbsp;<\/p>\n<p>Esta Corte es competente para revisar el fallo en referencia, seg\u00fan lo disponen los art\u00edculos 86 y 241-9 de la Constituci\u00f3n Pol\u00edtica y el Decreto 2591 de 1991. &nbsp;<\/p>\n<p>B. Caso concreto. &nbsp;<\/p>\n<p>Se revisa la sentencia que no concede la tutela con el argumento de que la entidad demandada ya contest\u00f3 la petici\u00f3n de la actora, en lo referente a su solicitud de ser incluida en la n\u00f3mina de jubilados del I.S.S. En verdad, lo que consta en el expediente, no es exactamente respuesta a la peticionaria, sino una informaci\u00f3n que se le hace al juez sobre la existencia de una resoluci\u00f3n que revoca otra, pero en ning\u00fan caso aparece comunicaci\u00f3n o documento alguno que pueda considerarse una respuesta directa a la solicitud inicial de la actora. &nbsp;<\/p>\n<p>El Tribunal al fallar entiende que dicha comunicaci\u00f3n, dirigida a \u00e9l y no a la peticionaria, es una respuesta satisfactoria, lo cual contradice la jurisprudencia de esta Corporaci\u00f3n que ha sido clara en advertir que: &nbsp;<\/p>\n<p>\u201cLo que la entidad sindicada de violar el derecho de petici\u00f3n informe al juez de tutela para justificar la mora en la resoluci\u00f3n o para suministrar datos sobre el tr\u00e1mite de una solicitud no constituye respuesta al peticionario. El sentido del derecho de una solicitud fundamental radica en que sea la persona solicitante la que reciba contestaci\u00f3n oportuna. Cuanto se haga luego ante el juez de tutela, puesto que precisamente tal acci\u00f3n tiene por fundamento la violaci\u00f3n del derecho, es ya tard\u00edo e in\u00fatil, a no ser que se trate de probar documentalmente que ya hubo respuesta y que ella se produjo en tiempo, con lo cual se desvirtuar\u00eda el cargo formulado\u201d(T-388 de 1997). &nbsp;<\/p>\n<p>&nbsp; &nbsp;<\/p>\n<p>Por lo anterior, se revocar\u00e1 el fallo de instancia, concediendo el derecho de petici\u00f3n a la actora, por cuanto es evidente que permanece violado, y ordenando que se le comunique directamente sobre su petici\u00f3n original. Dado que no consta en el expediente los t\u00e9rminos en los cuales la demandada realiz\u00f3 la revocatoria del acto que conced\u00eda la pensi\u00f3n, y se ignora si fue o no consultada la petente, solo se le concede el derecho de petici\u00f3n alegado y vulnerado. &nbsp;<\/p>\n<p>DECISI\u00d3N &nbsp;<\/p>\n<p>RESUELVE: &nbsp;<\/p>\n<p>Primero.- REVOCAR la sentencia del tribunal contencioso administrativo de Risaralda proferida el 12 de diciembre de 1997 &nbsp;y en su lugar conceder la tutela por el derecho de petici\u00f3n. &nbsp;<\/p>\n<p>Segundo.- ORDENASE al ISS- Seccional &nbsp;Pereira &#8211; que a m\u00e1s tardar dentro de las cuarenta y ocho horas ( 48 ) siguientes a la notificaci\u00f3n de este fallo, resuelva de fondo y razonadamente sobre la &nbsp;solicitud de inclusi\u00f3n en n\u00f3mina de la actora. &nbsp;<\/p>\n<p>Tercero.- DESE cumplimiento a lo previsto en el art\u00edculo 36 del Decreto 2591 de 1991. &nbsp;<\/p>\n<p>C\u00f3piese, notif\u00edquese, comun\u00edquese, publ\u00edquese en la Gaceta de la Corte Constitucional y c\u00famplase. &nbsp;<\/p>\n<p>FABIO MOR\u00d3N D\u00cdAZ &nbsp;<\/p>\n<p>Magistrado Ponente &nbsp;<\/p>\n<p>CARMENZA ISAZA DE G\u00d3MEZ &nbsp;<\/p>\n<p>Magistrada (E) &nbsp;<\/p>\n<p>VLADIMIRO NARANJO MESA &nbsp;<\/p>\n<p>Magistrado &nbsp;<\/p>\n<p>MARTHA VICTORIA S\u00c1CHICA DE MONCALEANO &nbsp;<\/p>\n<p>Secretaria General &nbsp;<\/p>\n<p>&nbsp; &nbsp;&nbsp;<\/p>\n<p>\n","protected":false},"excerpt":{"rendered":"<p>T-285-98 &nbsp; &nbsp; Sentencia T-285\/98 &nbsp; DERECHO DE PETICION-No constituye respuesta informaci\u00f3n suministrada al juez de tutela &nbsp; Referencia: Expediente T-155627 &nbsp; Acci\u00f3n de tutela incoada por Mar\u00eda Amparo Zul\u00faaga de Mar\u00edn contra el Instituto de Seguros Sociales. &nbsp; Magistrado Ponente: &nbsp; Dr. FABIO MOR\u00d3N D\u00cdAZ &nbsp; Sentencia aprobada en Santa Fe de Bogot\u00e1, D.C., [&hellip;]<\/p>\n","protected":false},"author":1,"featured_media":0,"comment_status":"open","ping_status":"open","sticky":false,"template":"","format":"standard","meta":{"footnotes":""},"categories":[31],"tags":[],"class_list":["post-3848","post","type-post","status-publish","format-standard","hentry","category-tutelas-1998"],"_links":{"self":[{"href":"https:\/\/www.dmsjuridica.com\/buscador_20179478954\/corteconstitucionalcronologico202454587\/wp-json\/wp\/v2\/posts\/3848","targetHints":{"allow":["GET"]}}],"collection":[{"href":"https:\/\/www.dmsjuridica.com\/buscador_20179478954\/corteconstitucionalcronologico202454587\/wp-json\/wp\/v2\/posts"}],"about":[{"href":"https:\/\/www.dmsjuridica.com\/buscador_20179478954\/corteconstitucionalcronologico202454587\/wp-json\/wp\/v2\/types\/post"}],"author":[{"embeddable":true,"href":"https:\/\/www.dmsjuridica.com\/buscador_20179478954\/corteconstitucionalcronologico202454587\/wp-json\/wp\/v2\/users\/1"}],"replies":[{"embeddable":true,"href":"https:\/\/www.dmsjuridica.com\/buscador_20179478954\/corteconstitucionalcronologico202454587\/wp-json\/wp\/v2\/comments?post=3848"}],"version-history":[{"count":0,"href":"https:\/\/www.dmsjuridica.com\/buscador_20179478954\/corteconstitucionalcronologico202454587\/wp-json\/wp\/v2\/posts\/3848\/revisions"}],"wp:attachment":[{"href":"https:\/\/www.dmsjuridica.com\/buscador_20179478954\/corteconstitucionalcronologico202454587\/wp-json\/wp\/v2\/media?parent=3848"}],"wp:term":[{"taxonomy":"category","embeddable":true,"href":"https:\/\/www.dmsjuridica.com\/buscador_20179478954\/corteconstitucionalcronologico202454587\/wp-json\/wp\/v2\/categories?post=3848"},{"taxonomy":"post_tag","embeddable":true,"href":"https:\/\/www.dmsjuridica.com\/buscador_20179478954\/corteconstitucionalcronologico202454587\/wp-json\/wp\/v2\/tags?post=3848"}],"curies":[{"name":"wp","href":"https:\/\/api.w.org\/{rel}","templated":true}]}}