{"id":4065,"date":"2024-05-30T17:44:45","date_gmt":"2024-05-30T17:44:45","guid":{"rendered":"https:\/\/www.dmsjuridica.com\/buscador_20179478954\/corteconstitucionalcronologico202454587\/2024\/05\/30\/t-581-98\/"},"modified":"2024-05-30T17:44:45","modified_gmt":"2024-05-30T17:44:45","slug":"t-581-98","status":"publish","type":"post","link":"https:\/\/www.dmsjuridica.com\/buscador_20179478954\/corteconstitucionalcronologico202454587\/t-581-98\/","title":{"rendered":"T 581 98"},"content":{"rendered":"<p>T-581-98<\/p>\n<p>&nbsp; &nbsp; Sentencia T-581\/98 &nbsp;<\/p>\n<p>FONDO NACIONAL DE PRESTACIONES SOCIALES DEL MAGISTERIO-Deber de afiliaci\u00f3n\/DERECHO A LA IGUALDAD ENTRE DOCENTES-Afiliaci\u00f3n a seguridad social &nbsp;<\/p>\n<p>Reiteraci\u00f3n de Jurisprudencia &nbsp;<\/p>\n<p>Referencia: Expediente T-176489 &nbsp;<\/p>\n<p>Peticionario: Mar\u00eda Elena Bogot\u00e1 Prieto &nbsp; &nbsp; &nbsp; &nbsp; &nbsp;<\/p>\n<p>Magistrado Ponente: &nbsp;<\/p>\n<p>Dr. ANTONIO BARRERA CARBONELL. &nbsp;<\/p>\n<p>Santaf\u00e9 de Bogot\u00e1, D.C., octubre catorce (14) de mil novecientos noventa y ocho (1998) &nbsp;<\/p>\n<p>Se\u00f1ala la demandante, que desde el momento de su vinculaci\u00f3n como docente en el Municipio del Soacha (Cund.) la Secretar\u00eda de Educaci\u00f3n y la Administraci\u00f3n municipal, han transgredido las normas que garantizan la igualdad y seguridad social de los docentes, por cuanto no ha sido afiliada al Fondo Nacional de Prestaciones Sociales del Magisterio. El Juzgado Primero Civil Municipal del Soacha mediante sentencia de julio nueve de mil novecientos noventa y ocho reconoce que la accionante tiene derecho a ser afiliada al mencionado Fondo, pero manifiesta que no es la tutela la v\u00eda expedita para ello; en consecuencia la primera y \u00fanica instancia en este proceso, niega el amparo solicitado. &nbsp;<\/p>\n<p>CONSIDERACIONES DE LA CORTE. &nbsp;<\/p>\n<p>Respecto a la afiliaci\u00f3n de los docentes al Fondo Nacional de Prestaciones Sociales del Magisterio, la sentencia de Unificaci\u00f3n SU-559 de 1997, analiz\u00f3 la situaci\u00f3n de dichos servidores en el marco de la ley 60 de 1993 y se\u00f1al\u00f3: &nbsp;<\/p>\n<p>\u201cEl Decreto 196 de 1995 dispuso, reiterando lo expresado en el inciso 2 del art\u00edculo 6 de la Ley 60 de 1993, que todos los educadores de los entes territoriales deb\u00edan ser afiliados al Fondo Nacional de Prestaciones Sociales del Magisterio. &nbsp;<\/p>\n<p>\u201cDe las normas se\u00f1aladas se deduce que las relaciones laborales de los docentes estatales se gobiernan por un r\u00e9gimen &nbsp;m\u00ednimo general. Inicialmente, ese r\u00e9gimen no era aplicable a los &nbsp;educadores de las entidades territoriales, pero esta situaci\u00f3n fue modificada a partir de la Ley 60 de 1993. Ella estatuy\u00f3, entre otras cosas, que los docentes &nbsp;del orden territorial deb\u00edan ser tambi\u00e9n incorporados al Fondo Nacional de Prestaciones Sociales del Magisterio, tal como se ven\u00eda haciendo con los docentes nacionales y nacionalizados.&nbsp; &nbsp;<\/p>\n<p>De lo anterior se concluye que los docentes de los municipios de Mar\u00eda la Baja y Zambrano que son pagados con recursos propios de esos municipios tienen derecho a ser tratados en igualdad de condiciones respecto de los dem\u00e1s docentes, sin importar cu\u00e1l sea su fuente de financiaci\u00f3n. Ello significa que su no afiliaci\u00f3n al Fondo Nacional de Prestaciones Sociales del Magisterio constituye una vulneraci\u00f3n al derecho de igualdad, m\u00e1xime si se tiene en cuenta que la gran mayor\u00eda de los docentes que son financiados con recursos del situado fiscal ya han sido afiliados al Fondo, al igual que los docentes de un n\u00famero considerable de municipios\u201d.(T-SU 559 de 1997 M. P. Eduardo Cifuentes Mu\u00f1oz). &nbsp;<\/p>\n<p>Es esta la jurisprudencia llamada a reiterar en este caso, no obstante que reconoce la Sala los esfuerzos que se han llevado a cabo por parte de la Alcald\u00eda de Soacha para el logro de los intereses de la actora. Sin embargo, la vulneraci\u00f3n al derecho a la igualdad persiste en la medida en que existen docentes afiliados a dicho Fondo, con el consiguiente beneficio en la seguridad social que ello representa y que a la actora, por el contrario, la no afiliaci\u00f3n, le supone una desmejora en sus condiciones de vida. Por ello se ordenar\u00e1 al Alcalde de Soacha , que en el &nbsp;t\u00e9rmino de 30 d\u00edas culmine los tr\u00e1mites &nbsp;para la afiliaci\u00f3n de la actora al Fondo Nacional de Prestaciones Sociales del Magisterio. &nbsp;<\/p>\n<p>DECISION &nbsp;<\/p>\n<p>En m\u00e9rito de lo expuesto, la Sala Segunda de Revisi\u00f3n de la Corte Constitucional, administrando justicia, en nombre del pueblo y por mandato de Constituci\u00f3n, &nbsp;<\/p>\n<p>RESUELVE: &nbsp;<\/p>\n<p>Primero. REVOCAR la sentencia proferida el nueve de julio de mil novecientos noventa y ocho (1998) por el juzgado primero civil municipal de Soacha (Cund). &nbsp;<\/p>\n<p>Segundo. CONC\u00c9DESE la presente tutela, y en consecuencia, se ordena al Se\u00f1or Alcalde Municipal de Soacha (Cund.) que en el t\u00e9rmino de treinta (30) d\u00edas contados a partir de la notificaci\u00f3n de esta sentencia, culmine los tramites necesarios para lograr la afiliaci\u00f3n de la actora al Fondo Nacional de Prestaciones Sociales del Magisterio. &nbsp;<\/p>\n<p>Tercero. L\u00cdBRENSE por Secretar\u00eda General de esta Corporaci\u00f3n, las comunicaciones de que trata el art\u00edculo 36 del decreto 2591 de 1991. &nbsp;<\/p>\n<p>C\u00f3piese, comun\u00edquese, ins\u00e9rtese en la Gaceta de la Corte Constitucional y c\u00famplase. &nbsp;<\/p>\n<p>ANTONIO BARRERA CARBONELL &nbsp; &nbsp; &nbsp; &nbsp; &nbsp; &nbsp; &nbsp; &nbsp;EDUARDO CIFUENTES MU\u00d1OZ &nbsp;<\/p>\n<p>Magistrado Ponente &nbsp; &nbsp; &nbsp; &nbsp; &nbsp; &nbsp; &nbsp; &nbsp; &nbsp; &nbsp; &nbsp; &nbsp;Magistrado &nbsp;<\/p>\n<p>CARLOS GAVIRIA D\u00cdAZ &nbsp; &nbsp; &nbsp; &nbsp; &nbsp; &nbsp; &nbsp; &nbsp;MARTHA VICTORIA S\u00c1CHICA DE MONCALEANO &nbsp;<\/p>\n<p>Magistrado &nbsp; &nbsp; &nbsp; &nbsp; &nbsp; &nbsp; &nbsp; &nbsp; &nbsp; &nbsp; &nbsp; &nbsp; &nbsp; &nbsp; &nbsp; &nbsp; &nbsp; &nbsp; &nbsp; &nbsp;Secretaria General &nbsp;<\/p>\n<p>&nbsp; &nbsp;&nbsp;<\/p>\n<p>\n","protected":false},"excerpt":{"rendered":"<p>T-581-98 &nbsp; &nbsp; Sentencia T-581\/98 &nbsp; FONDO NACIONAL DE PRESTACIONES SOCIALES DEL MAGISTERIO-Deber de afiliaci\u00f3n\/DERECHO A LA IGUALDAD ENTRE DOCENTES-Afiliaci\u00f3n a seguridad social &nbsp; Reiteraci\u00f3n de Jurisprudencia &nbsp; Referencia: Expediente T-176489 &nbsp; Peticionario: Mar\u00eda Elena Bogot\u00e1 Prieto &nbsp; &nbsp; &nbsp; &nbsp; &nbsp; Magistrado Ponente: &nbsp; Dr. ANTONIO BARRERA CARBONELL. &nbsp; Santaf\u00e9 de Bogot\u00e1, D.C., octubre [&hellip;]<\/p>\n","protected":false},"author":1,"featured_media":0,"comment_status":"open","ping_status":"open","sticky":false,"template":"","format":"standard","meta":{"footnotes":""},"categories":[31],"tags":[],"class_list":["post-4065","post","type-post","status-publish","format-standard","hentry","category-tutelas-1998"],"_links":{"self":[{"href":"https:\/\/www.dmsjuridica.com\/buscador_20179478954\/corteconstitucionalcronologico202454587\/wp-json\/wp\/v2\/posts\/4065","targetHints":{"allow":["GET"]}}],"collection":[{"href":"https:\/\/www.dmsjuridica.com\/buscador_20179478954\/corteconstitucionalcronologico202454587\/wp-json\/wp\/v2\/posts"}],"about":[{"href":"https:\/\/www.dmsjuridica.com\/buscador_20179478954\/corteconstitucionalcronologico202454587\/wp-json\/wp\/v2\/types\/post"}],"author":[{"embeddable":true,"href":"https:\/\/www.dmsjuridica.com\/buscador_20179478954\/corteconstitucionalcronologico202454587\/wp-json\/wp\/v2\/users\/1"}],"replies":[{"embeddable":true,"href":"https:\/\/www.dmsjuridica.com\/buscador_20179478954\/corteconstitucionalcronologico202454587\/wp-json\/wp\/v2\/comments?post=4065"}],"version-history":[{"count":0,"href":"https:\/\/www.dmsjuridica.com\/buscador_20179478954\/corteconstitucionalcronologico202454587\/wp-json\/wp\/v2\/posts\/4065\/revisions"}],"wp:attachment":[{"href":"https:\/\/www.dmsjuridica.com\/buscador_20179478954\/corteconstitucionalcronologico202454587\/wp-json\/wp\/v2\/media?parent=4065"}],"wp:term":[{"taxonomy":"category","embeddable":true,"href":"https:\/\/www.dmsjuridica.com\/buscador_20179478954\/corteconstitucionalcronologico202454587\/wp-json\/wp\/v2\/categories?post=4065"},{"taxonomy":"post_tag","embeddable":true,"href":"https:\/\/www.dmsjuridica.com\/buscador_20179478954\/corteconstitucionalcronologico202454587\/wp-json\/wp\/v2\/tags?post=4065"}],"curies":[{"name":"wp","href":"https:\/\/api.w.org\/{rel}","templated":true}]}}