{"id":4418,"date":"2024-05-30T18:03:19","date_gmt":"2024-05-30T18:03:19","guid":{"rendered":"https:\/\/www.dmsjuridica.com\/buscador_20179478954\/corteconstitucionalcronologico202454587\/2024\/05\/30\/c-598-99\/"},"modified":"2024-05-30T18:03:19","modified_gmt":"2024-05-30T18:03:19","slug":"c-598-99","status":"publish","type":"post","link":"https:\/\/www.dmsjuridica.com\/buscador_20179478954\/corteconstitucionalcronologico202454587\/c-598-99\/","title":{"rendered":"C 598 99"},"content":{"rendered":"<p>C-598-99<\/p>\n<p>&nbsp; &nbsp; Sentencia C-598\/99 &nbsp;<\/p>\n<p>COSA JUZGADA &nbsp;<\/p>\n<p>Referencia: Expediente D-2379 &nbsp;<\/p>\n<p>Demanda de inconstitucionalidad contra un aparte del art\u00edculo 669 del C\u00f3digo Civil &nbsp;<\/p>\n<p>Demandantes: Claudia Liliana Pinz\u00f3n Varela y otros &nbsp;<\/p>\n<p>Magistrado Ponente:&nbsp; &nbsp;<\/p>\n<p>Dr. CARLOS GAVIRIA D\u00cdAZ &nbsp;<\/p>\n<p>Santaf\u00e9 de Bogot\u00e1, D.C., agosto dieciocho (18) de mil novecientos noventa y nueve (1999). &nbsp;<\/p>\n<p>I. ANTECEDENTES &nbsp;<\/p>\n<p>En ejercicio de la acci\u00f3n p\u00fablica de inconstitucionalidad, los ciudadanos Claudia Liliana Pinz\u00f3n Varela, Johanna Andrade Forero, Sandra Viviana Henao, Paula Andrea Ruiz Bohorquez, Alejandro Palacio Vel\u00e1squez y Mar\u00eda Gloria Angel Jaramillo, presentan demanda contra una expresi\u00f3n del art\u00edculo 669 del C\u00f3digo Civil, por infringir el art\u00edculo 58 del Estatuto Superior. &nbsp;<\/p>\n<p>Cumplidos los tr\u00e1mites constitucionales y legales establecidos para procesos de esta \u00edndole procede la Corte a decidir. &nbsp;<\/p>\n<p>II. NORMA ACUSADA &nbsp;<\/p>\n<p>La expresi\u00f3n demandada es la que aparece subrayada dentro de la disposici\u00f3n a la que pertenece. &nbsp;<\/p>\n<p>\u201cEl dominio (que tambi\u00e9n se llama propiedad) es el derecho real en una cosa corporal, para gozar y disponer de ella arbitrariamente, no siendo contra la ley o contra derecho ajeno. &nbsp;<\/p>\n<p>La propiedad separada del goce de la cosa se llama mera o nuda propiedad.\u201d &nbsp; &nbsp;<\/p>\n<p>III. LA DEMANDA &nbsp;<\/p>\n<p>Los demandantes consideran que la expresi\u00f3n \u201carbitrariamente\u201d contenida en el precepto antes transcrito, infringe el art\u00edculo 58 de la Constituci\u00f3n, al desconocer que la propiedad cumple una funci\u00f3n social y, por tanto, debe ser usada de manera que no perjudique a la comunidad sino a favor de ella.&nbsp; &nbsp;<\/p>\n<p>La funci\u00f3n social de la propiedad, en criterio de los accionantes, tiene un contenido pol\u00edtico por cuanto est\u00e1 asociada a la idea de solidaridad social \u201cde manera que el propietario tiene el deber social de contribuir mediante su explotaci\u00f3n racional al bienestar de la comunidad y a la defensa del medio ambiente.\u201d&nbsp; &nbsp;<\/p>\n<p>As concluyen que dicha expresi\u00f3n debe ser retirada del ordenamiento por no respetar la funci\u00f3n social de la propiedad y el car\u00e1cter absoluto de la misma.&nbsp; &nbsp;<\/p>\n<p>III. INTERVENCIONES &nbsp;<\/p>\n<p>El Ministro de Justicia y del Derecho, actuando por medio de apoderado, solicita a la Corte declarar exequible la expresi\u00f3n acusada, la cual debe interpretarse en uni\u00f3n de las dos \u00faltimas frases del inciso al que pertenece, esto es, siempre y cuando \u201cno atente contra la ley o derecho ajeno\u201d. &nbsp;<\/p>\n<p>Son estos los argumentos que expone para llegar a esta conclusi\u00f3n: &nbsp;<\/p>\n<p>&#8211; Dicha naturaleza social ha sido reiterada en la Constituci\u00f3n de 1991, la que adem\u00e1s, le otorga una funci\u00f3n ecol\u00f3gica, la cual puede ser limitada por la ley, siempre y cuando se haga en inter\u00e9s p\u00fablico o general.&nbsp; &nbsp;<\/p>\n<p>&#8211; El adverbio demandado no significa arbitrariedad, sino voluntad o facultad de disponer de la propiedad, es decir, dentro los l\u00edmites que la misma Constituci\u00f3n establece. En consecuencia, dicha expresi\u00f3n no vulnera el ordenamiento supremo y as\u00ed deber\u00e1 declararlo la Corte. &nbsp;<\/p>\n<p>IV. CONCEPTO FISCAL &nbsp;<\/p>\n<p>El Procurador General de la Naci\u00f3n al emitir el concepto correspondiente, se\u00f1ala que su despacho ya se pronunci\u00f3 sobre una demanda id\u00e9ntica a la que hoy debe resolver la Corte, dentro del proceso radicado con el No. D-2292, y all\u00ed solicit\u00f3 que se declarara exequible la expresi\u00f3n demandada, por no vulnerar el estatuto superior. En consecuencia, se remite a los argumentos all\u00ed expuestos. &nbsp; &nbsp;<\/p>\n<p>V. CONSIDERACIONES DE LA CORTE &nbsp;<\/p>\n<p>1. Competencia &nbsp;<\/p>\n<p>Esta corporaci\u00f3n es tribunal competente para resolver la presente demanda, por dirigirse contra un aparte de una disposici\u00f3n que forma parte de una ley (art. 241-4 C.P.) &nbsp;<\/p>\n<p>2. Cosa juzgada &nbsp;<\/p>\n<p>La Corte Constitucional ya se pronunci\u00f3 sobre la misma expresi\u00f3n que hoy se acusa, dentro del proceso D-2292, el que culmin\u00f3 con la sentencia C-595 de agosto 18 de 1999, en la que se declar\u00f3 inexequible. &nbsp;&nbsp; &nbsp;<\/p>\n<p>Ante esta circunstancia solo procede ordenar que se est\u00e9 a lo all\u00ed resuelto pues ha operado el fen\u00f3meno procesal de la cosa juzgada constitucional, que impide a esta corporaci\u00f3n volver sobre lo decidido (art. 243 C.P.) &nbsp; &nbsp; &nbsp; &nbsp;&nbsp; &nbsp;<\/p>\n<p>En raz\u00f3n de lo anotado, la Corte Constitucional&nbsp; &nbsp;<\/p>\n<p>R E S U E L V E : &nbsp;<\/p>\n<p>Estarse a lo resuelto en la sentencia C- 595 de agosto 18 de 1999, que declar\u00f3 inexequible la expresi\u00f3n \u201carbitrariamente\u201d contenida en el art\u00edculo 669 del C\u00f3digo Civil. &nbsp; &nbsp; &nbsp; &nbsp; &nbsp; &nbsp; &nbsp;&nbsp; &nbsp;<\/p>\n<p>C\u00f3piese, notif\u00edquese, comun\u00edquese, publ\u00edquese, ins\u00e9rtese en la Gaceta de la Corte Constitucional y arch\u00edvese el expediente. &nbsp;<\/p>\n<p>EDUARDO CIFUENTES MU\u00d1OZ &nbsp;<\/p>\n<p>ANTONIO BARRERA CARBONELL &nbsp;<\/p>\n<p>Magistrado &nbsp;<\/p>\n<p>ALFREDO BELTRAN SIERRA &nbsp;<\/p>\n<p>Magistrado &nbsp;<\/p>\n<p>CARLOS GAVIRIA DIAZ &nbsp;<\/p>\n<p>Magistrado &nbsp;<\/p>\n<p>JOSE GREGORIO HERNANDEZ GALINDO &nbsp;<\/p>\n<p>Magistrado &nbsp;<\/p>\n<p>ALEJANDRO MARTINEZ CABALLERO &nbsp;<\/p>\n<p>Magistrado &nbsp;<\/p>\n<p>FABIO MORON DIAZ &nbsp;<\/p>\n<p>Magistrado&nbsp; &nbsp;<\/p>\n<p>VLADIMIRO NARANJO MESA &nbsp;<\/p>\n<p>Magistrado &nbsp;<\/p>\n<p>MARTHA VICTORIA SACHICA DE MONCALEANO &nbsp;<\/p>\n<p>Secretaria General&nbsp; &nbsp;<\/p>\n<p>&nbsp; &nbsp;&nbsp;<\/p>\n<p>\n","protected":false},"excerpt":{"rendered":"<p>C-598-99 &nbsp; &nbsp; Sentencia C-598\/99 &nbsp; COSA JUZGADA &nbsp; Referencia: Expediente D-2379 &nbsp; Demanda de inconstitucionalidad contra un aparte del art\u00edculo 669 del C\u00f3digo Civil &nbsp; Demandantes: Claudia Liliana Pinz\u00f3n Varela y otros &nbsp; Magistrado Ponente:&nbsp; &nbsp; Dr. CARLOS GAVIRIA D\u00cdAZ &nbsp; Santaf\u00e9 de Bogot\u00e1, D.C., agosto dieciocho (18) de mil novecientos noventa y nueve [&hellip;]<\/p>\n","protected":false},"author":1,"featured_media":0,"comment_status":"open","ping_status":"open","sticky":false,"template":"","format":"standard","meta":{"footnotes":""},"categories":[33],"tags":[],"class_list":["post-4418","post","type-post","status-publish","format-standard","hentry","category-sentencias-1999"],"_links":{"self":[{"href":"https:\/\/www.dmsjuridica.com\/buscador_20179478954\/corteconstitucionalcronologico202454587\/wp-json\/wp\/v2\/posts\/4418","targetHints":{"allow":["GET"]}}],"collection":[{"href":"https:\/\/www.dmsjuridica.com\/buscador_20179478954\/corteconstitucionalcronologico202454587\/wp-json\/wp\/v2\/posts"}],"about":[{"href":"https:\/\/www.dmsjuridica.com\/buscador_20179478954\/corteconstitucionalcronologico202454587\/wp-json\/wp\/v2\/types\/post"}],"author":[{"embeddable":true,"href":"https:\/\/www.dmsjuridica.com\/buscador_20179478954\/corteconstitucionalcronologico202454587\/wp-json\/wp\/v2\/users\/1"}],"replies":[{"embeddable":true,"href":"https:\/\/www.dmsjuridica.com\/buscador_20179478954\/corteconstitucionalcronologico202454587\/wp-json\/wp\/v2\/comments?post=4418"}],"version-history":[{"count":0,"href":"https:\/\/www.dmsjuridica.com\/buscador_20179478954\/corteconstitucionalcronologico202454587\/wp-json\/wp\/v2\/posts\/4418\/revisions"}],"wp:attachment":[{"href":"https:\/\/www.dmsjuridica.com\/buscador_20179478954\/corteconstitucionalcronologico202454587\/wp-json\/wp\/v2\/media?parent=4418"}],"wp:term":[{"taxonomy":"category","embeddable":true,"href":"https:\/\/www.dmsjuridica.com\/buscador_20179478954\/corteconstitucionalcronologico202454587\/wp-json\/wp\/v2\/categories?post=4418"},{"taxonomy":"post_tag","embeddable":true,"href":"https:\/\/www.dmsjuridica.com\/buscador_20179478954\/corteconstitucionalcronologico202454587\/wp-json\/wp\/v2\/tags?post=4418"}],"curies":[{"name":"wp","href":"https:\/\/api.w.org\/{rel}","templated":true}]}}