{"id":4843,"date":"2024-05-30T18:04:35","date_gmt":"2024-05-30T18:04:35","guid":{"rendered":"https:\/\/www.dmsjuridica.com\/buscador_20179478954\/corteconstitucionalcronologico202454587\/2024\/05\/30\/t-449-99\/"},"modified":"2024-05-30T18:04:35","modified_gmt":"2024-05-30T18:04:35","slug":"t-449-99","status":"publish","type":"post","link":"https:\/\/www.dmsjuridica.com\/buscador_20179478954\/corteconstitucionalcronologico202454587\/t-449-99\/","title":{"rendered":"T 449 99"},"content":{"rendered":"<p>T-449-99<\/p>\n<p>&nbsp; &nbsp; Sentencia T-449\/99 &nbsp;<\/p>\n<p>DERECHO DE PETICION-N\u00facleo esencial &nbsp;<\/p>\n<p>DERECHO DE PETICION-Pronta resoluci\u00f3n &nbsp;<\/p>\n<p>DERECHO DE PETICION-No comprende sentido de la decisi\u00f3n &nbsp;<\/p>\n<p>Reiteraci\u00f3n de Jurisprudencia &nbsp;<\/p>\n<p>Referencia: Expediente T-207223 &nbsp;<\/p>\n<p>Peticionario: Abelardo Riascos Pinillos &nbsp;<\/p>\n<p>Magistrado Ponente: &nbsp;<\/p>\n<p>Dr. EDUARDO CIFUENTES MU\u00d1OZ. &nbsp;<\/p>\n<p>Sentencia aprobada en Santa Fe de Bogot\u00e1, D.C., a los diez (10) d\u00edas del mes de junio de mil novecientos noventa y nueve (1999). &nbsp;<\/p>\n<p>Actuando a trav\u00e9s &nbsp;de apoderado, el se\u00f1or Abelardo Riascos Pinillos, relata en la demanda, que prest\u00f3 sus servicios en el terminal Mar\u00edtimo de Buenaventura- Puertos de Colombia- y dicha entidad lo afili\u00f3 al servicio del I.S.S. Cotiz\u00f3 por m\u00e1s de veinte a\u00f1os los correspondientes aportes al I.S.S. con el fin de obtener su pensi\u00f3n de vejez. La desaparecida empresa, le retir\u00f3 la afiliaci\u00f3n del IS.S. y con este proceder no pudo cotizar las semanas restantes para obtener el derecho a la mencionada pensi\u00f3n. De conformidad con la ley 100 de 1993, tiene derecho a que el Seguro Social le pague la indemnizaci\u00f3n por vejez y \u00e9sta entidad no se ha pronunciado al respecto. Solicita amparo a su derecho de petici\u00f3n ante la conducta omisiva del I.S.S. La sentencia de instancia niega la tutela al considerar que la entidad demandada no ha incurrido en mora frente a la solicitud del actor, puesto que seg\u00fan el t\u00e9rmino que consagra el decreto 656 de 1994, reglamentario de la ley 100 de 1993, el ISS cuenta con 4 meses para resolver la petici\u00f3n del actor, los cuales a la fecha de presentaci\u00f3n de la tutela, no hab\u00edan transcurrido a\u00fan. &nbsp; &nbsp;<\/p>\n<p>El derecho petici\u00f3n, seg\u00fan lo tiene entendido la jurisprudencia de esta Corporaci\u00f3n1, es aquel que permite presentar solicitudes respetuosas a las autoridades y obtener de ellas una &nbsp;respuesta oportuna y completa sobre el particular. Existe efectivamente en el expediente una petici\u00f3n &nbsp;elevada al ISS, que a la fecha de la tutela a\u00fan no aparec\u00eda respondida, &nbsp;y tampoco se indicaban las razones por las cuales la entidad no hab\u00eda podido responder. Por ello, se obligar\u00e1 a la entidad demandada, si a\u00fan no lo ha hecho, a responder al peticionario sobre la suerte de su solicitud, advirtiendo que el n\u00facleo esencial del mencionado derecho radica en una respuesta pronta y eficaz, pero que puede ser negativa o positiva a las pretensiones solicitadas2. &nbsp;<\/p>\n<p>&nbsp;No se puede olvidar que la resoluci\u00f3n de fondo de una petici\u00f3n no implica que la misma se adopte en el sentido esperado por el peticionario Valga recordar que no es lo mismo el derecho fundamental de petici\u00f3n, que en esta ocasi\u00f3n aparece vulnerado en tanto no se ha dado respuesta en ning\u00fan sentido, que el derecho del interesado- que pueden tener o no, a la luz de la ley \u2013 al &nbsp; pago de la indemnizaci\u00f3n &nbsp;que solicita3. &nbsp;<\/p>\n<p>DECISI\u00d3N. &nbsp;<\/p>\n<p>Primero. REVOCAR la sentencia proferida por el Tribunal Administrativo de Cali, y en consecuencia, CONCEDER la tutela al derecho de petici\u00f3n. Por lo tanto, se ordena al I.S.S., Pensiones- Valle, que en el t\u00e9rmino de cuarenta y ocho horas contadas a partir de la notificaci\u00f3n de esta sentencia, proceda, si a\u00fan no lo ha hecho, a dar respuesta de fondo a las peticiones presentadas por el se\u00f1or Abelardo Riascos Pinillos. &nbsp;<\/p>\n<p>Segundo. L\u00cdBRENSE por Secretar\u00eda la comunicaci\u00f3n de que trata el art\u00edculo 36 del Decreto 2591 de 1991, para los fines all\u00ed establecidos. &nbsp;<\/p>\n<p>Comun\u00edquese, notif\u00edquese, c\u00famplase e ins\u00e9rtese en la Gaceta de la Corte Constitucional. &nbsp;<\/p>\n<p>EDUARDO CIFUENTES MU\u00d1OZ &nbsp; &nbsp; &nbsp; &nbsp; &nbsp; &nbsp; &nbsp; &nbsp;CARLOS GAVIRIA D\u00cdAZ &nbsp;<\/p>\n<p>Magistrado Ponente &nbsp; &nbsp; &nbsp; &nbsp; &nbsp; &nbsp; &nbsp; &nbsp; &nbsp; &nbsp; &nbsp; &nbsp; &nbsp; &nbsp; &nbsp; &nbsp; &nbsp; &nbsp; &nbsp; &nbsp;Magistrado &nbsp;<\/p>\n<p>Magistrado &nbsp; &nbsp; &nbsp; &nbsp; &nbsp; &nbsp; &nbsp; &nbsp; &nbsp; &nbsp; &nbsp; &nbsp; &nbsp; &nbsp; &nbsp; &nbsp; &nbsp; &nbsp; &nbsp; &nbsp; &nbsp; &nbsp; &nbsp; &nbsp;Secretario General (E) &nbsp;<\/p>\n<p>&nbsp; &nbsp;&nbsp;<\/p>\n<p>1 Ver Sentencia T 296 de 1997 MP Jos\u00e9 Gregorio Hern\u00e1ndez Galindo, reiterada por los fallos: T 363 de 1997 MP Jos\u00e9 Gregorio Hern\u00e1ndez Galindo, T 368 de 1997 MP Jos\u00e9 Gregorio Hern\u00e1ndez Galindo, T 370 de 1997 MP Jos\u00e9 Gregorio Hern\u00e1ndez Galindo, &nbsp;T 392 de 1997 MP Jos\u00e9 Gregorio Hern\u00e1ndez Galindo, T 498 de 1997 MP Hernando Herrera Vergara, T 505 de 1997 MP Hernando Herrera Vergara, T 506 de 1997 MP Hernando Herrera Vergara, T 544 de 1997 MP Hernando Herrera Vergara, T 545 de 1997 MP Hernando Herrera Vergara, T 628 de 1997 MP Hernando Herrera Vergara, T 629 de 1997 MP Hernando Herrera Vergara, T 631 de 1997 MP Hernando Herrera Vergara, T 634 de 1997 MP Hernando Herrera Vergara, T 637 de 1997 MP Hernando Herrera Vergara , T 068 de 1998 MP Alejandro Mart\u00ednez Caballero &nbsp;<\/p>\n<p>2 Al juez de tutela no le corresponde se\u00f1alar el contenido de las decisiones que deban tomar las autoridades p\u00fablicas en ejercicio de sus atribuciones constitucionales y legales, como la de reconocer una pensi\u00f3n, pues fuera de carecer de competencia para ello, no cuenta con los elementos &nbsp;de juicio indispensable para resolver sobre los derechos &nbsp;por cuyo reconocimiento y efectividad se propende. En este sentido ha sido clara la jurisprudencia de la Corporaci\u00f3n en indicar que \u201clos fallos emitidos en materia de acci\u00f3n de tutela no tienen virtualidad para declarar derechos litigiosos, menos a\u00fan cuando de estos se predica su car\u00e1cter legal . Cfr. T-038 de 1997, T-093 de 1995, T- 477 de 1993, T- 513 de 1998 y T- 582 de 1998.&nbsp; &nbsp;<\/p>\n<p>3 En lo que respecta al derecho de petici\u00f3n y el derecho a lo pedido, consultar, entre otras, las sentencias T-242 de 1993 &nbsp;y T-390 de 1997. &nbsp; &nbsp;<\/p>\n<p>\n","protected":false},"excerpt":{"rendered":"<p>T-449-99 &nbsp; &nbsp; Sentencia T-449\/99 &nbsp; DERECHO DE PETICION-N\u00facleo esencial &nbsp; DERECHO DE PETICION-Pronta resoluci\u00f3n &nbsp; DERECHO DE PETICION-No comprende sentido de la decisi\u00f3n &nbsp; Reiteraci\u00f3n de Jurisprudencia &nbsp; Referencia: Expediente T-207223 &nbsp; Peticionario: Abelardo Riascos Pinillos &nbsp; Magistrado Ponente: &nbsp; Dr. EDUARDO CIFUENTES MU\u00d1OZ. &nbsp; Sentencia aprobada en Santa Fe de Bogot\u00e1, D.C., a [&hellip;]<\/p>\n","protected":false},"author":1,"featured_media":0,"comment_status":"open","ping_status":"open","sticky":false,"template":"","format":"standard","meta":{"footnotes":""},"categories":[35],"tags":[],"class_list":["post-4843","post","type-post","status-publish","format-standard","hentry","category-tutelas-1999"],"_links":{"self":[{"href":"https:\/\/www.dmsjuridica.com\/buscador_20179478954\/corteconstitucionalcronologico202454587\/wp-json\/wp\/v2\/posts\/4843","targetHints":{"allow":["GET"]}}],"collection":[{"href":"https:\/\/www.dmsjuridica.com\/buscador_20179478954\/corteconstitucionalcronologico202454587\/wp-json\/wp\/v2\/posts"}],"about":[{"href":"https:\/\/www.dmsjuridica.com\/buscador_20179478954\/corteconstitucionalcronologico202454587\/wp-json\/wp\/v2\/types\/post"}],"author":[{"embeddable":true,"href":"https:\/\/www.dmsjuridica.com\/buscador_20179478954\/corteconstitucionalcronologico202454587\/wp-json\/wp\/v2\/users\/1"}],"replies":[{"embeddable":true,"href":"https:\/\/www.dmsjuridica.com\/buscador_20179478954\/corteconstitucionalcronologico202454587\/wp-json\/wp\/v2\/comments?post=4843"}],"version-history":[{"count":0,"href":"https:\/\/www.dmsjuridica.com\/buscador_20179478954\/corteconstitucionalcronologico202454587\/wp-json\/wp\/v2\/posts\/4843\/revisions"}],"wp:attachment":[{"href":"https:\/\/www.dmsjuridica.com\/buscador_20179478954\/corteconstitucionalcronologico202454587\/wp-json\/wp\/v2\/media?parent=4843"}],"wp:term":[{"taxonomy":"category","embeddable":true,"href":"https:\/\/www.dmsjuridica.com\/buscador_20179478954\/corteconstitucionalcronologico202454587\/wp-json\/wp\/v2\/categories?post=4843"},{"taxonomy":"post_tag","embeddable":true,"href":"https:\/\/www.dmsjuridica.com\/buscador_20179478954\/corteconstitucionalcronologico202454587\/wp-json\/wp\/v2\/tags?post=4843"}],"curies":[{"name":"wp","href":"https:\/\/api.w.org\/{rel}","templated":true}]}}