{"id":5573,"date":"2024-05-30T20:37:57","date_gmt":"2024-05-30T20:37:57","guid":{"rendered":"https:\/\/www.dmsjuridica.com\/buscador_20179478954\/corteconstitucionalcronologico202454587\/2024\/05\/30\/t-1173-00\/"},"modified":"2024-05-30T20:37:57","modified_gmt":"2024-05-30T20:37:57","slug":"t-1173-00","status":"publish","type":"post","link":"https:\/\/www.dmsjuridica.com\/buscador_20179478954\/corteconstitucionalcronologico202454587\/t-1173-00\/","title":{"rendered":"T-1173-00"},"content":{"rendered":"\n<p>\u00a0 \u00a0 Sentencia T-1173\/00 \u00a0<\/p>\n<p>HOGARES COMUNITARIOS-V\u00ednculo contractual\/MADRE COMUNITARIA-V\u00ednculo contractual\/LICENCIA DE MATERNIDAD DE MADRES COMUNITARIAS-Improcedencia de pago por vinculaci\u00f3n a r\u00e9gimen subsidiado \u00a0<\/p>\n<p>Referencia: expediente: T-320957 \u00a0<\/p>\n<p>Acci\u00f3n de tutela instaurada por Alba Cecilia Z\u00fa\u00f1iga Cu\u00e9llar contra los Seguros Sociales Seccional Garz\u00f3n (Huila). \u00a0<\/p>\n<p>Magistrado Ponente: \u00a0<\/p>\n<p>Dr. ANTONIO BARRERA CARBONELL \u00a0<\/p>\n<p>Bogot\u00e1, D.C., septiembre siete (7) de dos mil (2000). \u00a0<\/p>\n<p>La Sala Primera de Revisi\u00f3n de la Corte Constitucional, integrada por los magistrados Antonio Barrera Carbonell, Alfredo Beltr\u00e1n Sierra y Martha S\u00e1chica de Moncaleano, en ejercicio de sus competencias constitucionales y legales, ha proferido la siguiente \u00a0<\/p>\n<p>SENTENCIA \u00a0<\/p>\n<p>dentro del proceso de revisi\u00f3n de los fallos adoptados por la Sala Civil Familia Laboral del Tribunal Superior del Distrito Judicial de Neiva y la Sala de Casaci\u00f3n Laboral de la Corte Suprema de Justicia, en el tr\u00e1mite de la acci\u00f3n de tutela instaurada por Alba Cecilia Z\u00fa\u00f1iga Cu\u00e9llar contra los Seguros Sociales Seccional Garz\u00f3n (Huila). \u00a0<\/p>\n<p>I. ANTECEDENTES. \u00a0<\/p>\n<p>1. Hechos. \u00a0<\/p>\n<p>1.1. Afirma la actora que presta sus servicios como madre comunitaria del Programa de Hogares de Bienestar que desarrolla el Instituto Colombiano de Bienestar Familiar y con esa calidad, fue afiliada al sistema general de seguridad social en salud a trav\u00e9s de la E.P.S. Seguros Sociales. \u00a0<\/p>\n<p>1.2. Considera que el S.S le ha violado su derechos a la vida, a la salud, a la protecci\u00f3n a la maternidad y a los menores, por no hab\u00e9rsele reconocido y ordenado el pago de la licencia de maternidad a que cree tener derecho. \u00a0<\/p>\n<p>2. Pretensi\u00f3n. \u00a0<\/p>\n<p>La demandante solicita que se ordene a los Seguros Sociales, el pago de la prestaci\u00f3n econ\u00f3mica por licencia de maternidad que le adeuda con la respectiva indexacci\u00f3n. \u00a0<\/p>\n<p>3. Sentencias objeto de revisi\u00f3n. \u00a0<\/p>\n<p>Primera instancia. \u00a0<\/p>\n<p>La Sala Civil Familia Laboral del Tribunal Superior del Distrito Judicial de Neiva, mediante providencia del 7 de marzo del 2000, neg\u00f3 por improcedente la tutela solicitada, considerando que no es admisible argumentar, casi diez meses despu\u00e9s del parto, amenaza de derecho fundamental alguno, dado que la finalidad de la licencia de maternidad es que tanto la madre como su hijo reciban las atenciones y el descanso que requieren para su recuperaci\u00f3n y bienestar en fecha inmediata al parto, y la falta de acci\u00f3n de los padres frente al no reconocimiento oportuno de ese auxilio se materializa y supera con la capacidad de la familia para resolver la dificultades que se hubieren presentado. \u00a0<\/p>\n<p>Segunda instancia. \u00a0<\/p>\n<p>La Sala de Casaci\u00f3n Laboral de la Corte Suprema de Justicia, mediante providencia del 14 de abril del 2000, confirm\u00f3 la decisi\u00f3n impugnada, por cuanto resulta evidente que la actora puede acudir en demanda ante la jurisdicci\u00f3n competente, con el objeto de reclamar los derechos que considere tener a su favor. Adem\u00e1s no se est\u00e1 ante la presencia de un perjuicio con la caracter\u00edstica de irremediable que posibilite la protecci\u00f3n como mecanismo transitorio. \u00a0<\/p>\n<p>II. CONSIDERACIONES Y FUNDAMENTOS. \u00a0<\/p>\n<p>1. Planteamiento del problema. \u00a0<\/p>\n<p>El asunto sometido a revisi\u00f3n de la Sala en el presente caso, consiste en determinar si la demandante, quien se desempe\u00f1a como madre comunitaria dentro del Programa de Hogares Comunitarios de Bienestar, tiene derecho a que se le cancele la prestaci\u00f3n econ\u00f3mica de licencia de maternidad. \u00a0<\/p>\n<p>2. Soluci\u00f3n al problema. \u00a0<\/p>\n<p>Mediante Sentencia T-668\/20001, esta Sala de Revisi\u00f3n se pronunci\u00f3 respecto de otras demandas de tutela, relacionadas con los mismos hechos y circunstancias a los aqu\u00ed planteados; en consecuencia, es del caso reiterar las consideraciones y fundamentos, tenidos en cuenta en dicha oportunidad, para aplicarlos al presente caso. \u00a0<\/p>\n<p>En tales circunstancias cabe recordar que: \u00a0<\/p>\n<p>\u201c2.1. El Gobierno Nacional, a trav\u00e9s de la Ley 89 de 1988, cre\u00f3 el Programa de Hogares Comunitarios de Bienestar, dirigido a fortalecer la responsabilidad de los padres en la formaci\u00f3n y cuidado de sus hijos, la participaci\u00f3n comunitaria en la autogesti\u00f3n y soluci\u00f3n de sus problemas, asign\u00e1ndoles unos recursos para desarrollar y darle cobertura a los Hogares Comunitarios con el fin de proteger a la poblaci\u00f3n infantil m\u00e1s vulnerable del pa\u00eds.\u201d \u00a0<\/p>\n<p>\u201cEste programa se ejecuta trav\u00e9s de asociaciones conformadas por los padres de familia de los ni\u00f1os que se benefician con \u00e9l, quienes una vez tramitada su personer\u00eda jur\u00eddica ante el ICBF pueden celebrar contratos de aporte con el Instituto, a trav\u00e9s de los cuales se provee al contratista, mensualmente, de los recursos b\u00e1sicos para la atenci\u00f3n de los ni\u00f1os y es quien administra los recursos asignados por el Gobierno Nacional y los provenientes de la comunidad.\u201d \u00a0<\/p>\n<p>\u201cEsta Asociaci\u00f3n de Padres es quien se responsabiliza del cumplimiento del contrato de aporte, para lo cual elige a unas madres comunitarias, quienes mediante una vinculaci\u00f3n de trabajo solidario y de contribuci\u00f3n voluntaria participan en el programa, se hacen cargo de la atenci\u00f3n de los menores y reciben los aportes para atender las necesidades b\u00e1sicas del hogar comunitario, que deben ser empleados en la obtenci\u00f3n de material did\u00e1ctico de consumo y duradero, raci\u00f3n, reposici\u00f3n de la dotaci\u00f3n, aseo y combustible, de conformidad con normas t\u00e9cnicas y administrativas dictadas por el ICBF.\u201d \u00a0<\/p>\n<p>\u201cEn desarrollo de lo anterior, el art\u00edculo 4\u00b0 del decreto 1340 de 1995 se\u00f1ala que \u201cLa vinculaci\u00f3n de la madre comunitaria, as\u00ed como la de las dem\u00e1s personas y organismos de la comunidad, que participan en el Programa Hogares de Bienestar, mediante trabajo solidario, constituye contribuci\u00f3n voluntaria de los miembros de la comunidad al desarrollo de este programa y por consiguiente, dicha vinculaci\u00f3n no implica relaci\u00f3n laboral con las asociaciones que para tal efecto se organicen, ni con las entidades p\u00fablicas que participen en el mismo.\u201d \u00a0<\/p>\n<p>\u201c2.2. En lo referente a la seguridad social de las madres comunitarias, \u00e9sta nunca ha estado a cargo del ICBF, sino a cargo de otras entidades que han aportado los recursos para prestarles los servicios de salud. Es as\u00ed como hasta el 5 de mayo de 1998 estuvieron afiliadas a los Seguros Sociales, en las siguientes condiciones:\u00a0 \u00a0<\/p>\n<p>\u201cMediante la Ley 6 de 1992, art\u00edculo 19, par\u00e1grafo 3 se dispuso que el Gobierno destinar\u00e1 durante los a\u00f1os 1993 a 1997, recursos por el valor de 15 mil millones de pesos anuales del mayor recaudo del IVA, para apoyar entre otros prop\u00f3sitos la atenci\u00f3n en salud de las madres comunitarias.\u201d \u00a0<\/p>\n<p>\u201cEn la Ley 100 de 1993, art. 157, literal A numeral 2 se incluy\u00f3 a las madres comunitarias en el r\u00e9gimen subsidiado. La respectiva financiaci\u00f3n deb\u00eda realizarla el FOSYGA con los recursos de la subcuenta de solidaridad y los recursos del IVA SOCIAL de conformidad con la Ley 6 de 1992.\u201d \u00a0<\/p>\n<p>\u201cMediante Acuerdo No. 17 de 1995, el Consejo Nacional de Seguridad Social dispuso autorizar a los Seguros Sociales, para continuar ofreciendo el POS del r\u00e9gimen contributivo a las madres comunitarias, con base en los recursos existentes disponibles de la Ley 6 de 1992 (con cargo a las transferencias del IVA efectuadas hasta el a\u00f1o 1994), y hasta que se desarrollara la reglamentaci\u00f3n del r\u00e9gimen subsidiado. Es decir, que frente a la seguridad social en salud, las madres comunitarias estuvieron en un r\u00e9gimen transitorio (Acuerdo 17\/95) que por una parte garantiz\u00f3 la atenci\u00f3n en salud, seg\u00fan el r\u00e9gimen contributivo y, por otra cubri\u00f3 el pago de las incapacidades y licencias de maternidad.\u201d \u00a0<\/p>\n<p>\u201cA partir del 5 de mayo de 1998, los Seguros Sociales desafiliaron a las madres comunitarias del sistema de seguridad social en salud, con fundamento en el art\u00edculo 57 del decreto 806 de 1998 que dispone que la afiliaci\u00f3n ser\u00e1 suspendida despu\u00e9s de un mes de no pago de lo que le corresponde al afiliado y el art\u00edculo 80 de la misma disposici\u00f3n, que contempla el no pago de las prestaciones econ\u00f3micas, por parte del sistema general de seguridad social en salud cuando el afiliado o el empleador se encuentren en mora.\u201d \u00a0<\/p>\n<p>\u201cLo anterior, por cuanto los recursos del IVA SOCIAL transferidos con base a la Ley 6 de 1992 alcanzaron para financiar el programa durante los a\u00f1os 1994 a 1998. Adem\u00e1s que el Acuerdo 17\/95 era una medida transitoria mientras se reglamentaba el r\u00e9gimen subsidiado dentro del cual las madres comunitarias ser\u00edan afiliadas por parte de las Administradoras del R\u00e9gimen Subsidiado (Ley 100\/93, num. 2, lit. A del art\u00edculo 157).\u201d \u00a0<\/p>\n<p>\u201cEn la actualidad, mediante la Ley 509 del 30 de julio de 1999 se estableci\u00f3 un r\u00e9gimen especial de afiliaci\u00f3n al r\u00e9gimen contributivo del sistema general de seguridad social en salud para las madres comunitarias, para lo cual deber\u00e1n cancelar el 8% de la bonificaci\u00f3n que les reconoce el ICBF para afiliar a la madre comunitaria, o el 12% para incluir a sus beneficiarios, que las hace acreedoras de las mismas prestaciones asistenciales y econ\u00f3micas de que gozan los afiliados al r\u00e9gimen contributivo y ser\u00e1n afiliadas al sistema de seguridad social en salud a trav\u00e9s de los Seguros Sociales; pero como esta disposici\u00f3n entr\u00f3 en vigencia a partir de la fecha de su promulgaci\u00f3n, no le es aplicable a las peticionarias de las presentes tutelas.\u201d \u00a0<\/p>\n<p>\u201c2.3. Hechas las precisiones anteriores, la Sala considera que no hubo violaci\u00f3n a derecho fundamental alguno por las siguientes razones: \u00a0<\/p>\n<p>\u201ca) En los contratos de aporte suscritos entre los directores regionales del Bienestar Familiar y el representante legal de la asociaci\u00f3n de padres de familia que contrata a la madre comunitaria, la cl\u00e1usula tercera, que se denomina autonom\u00eda del contratista, establece la independencia y la inexistencia de v\u00ednculos laborales o de cualquier naturaleza entre el ICBF, el contratista, o las personas que participen en la prestaci\u00f3n del servicio y que pertenezcan a estas asociaciones.\u201d \u00a0<\/p>\n<p>\u201cb) Sobre la naturaleza jur\u00eddica del v\u00ednculo existente entre las madres comunitarias y la asociaci\u00f3n de padres de familia de los hogares comunitarios de bienestar, esta Corporaci\u00f3n, en sentencia T-269\/952, estableci\u00f3 que \u00e9ste es de naturaleza contractual y de origen civil, en los siguientes t\u00e9rminos: \u00a0<\/p>\n<p>\u2018Para la Sala, el v\u00ednculo que uni\u00f3 a la se\u00f1ora G\u00f3mez de Soto con la Asociaci\u00f3n de Padres de Familia Hogares Comunitarios de Bienestar del Sector La Fuente, Municipio de Tunja, Departamento de Boyac\u00e1, era de naturaleza contractual. En esto concuerda con el criterio que adopt\u00f3 el ad quem en la sentencia objeto de revisi\u00f3n, porque para \u00e9ste, tal nexo, sin ser laboral, s\u00ed supuso una vinculaci\u00f3n voluntaria, una colaboraci\u00f3n humanitaria y ciudadana.\u2019 \u00a0<\/p>\n<p>\u2018Sin duda, alrededor de la relaci\u00f3n surgida entre ambas partes -una entidad sin \u00e1nimo de lucro, de beneficio social, vinculada al Sistema Nacional de Bienestar Familiar, y un particular que nunca ostent\u00f3 la calidad de empleado- se puede decir que fue de orden civil; bilateral, en la medida en que los contratantes se obligaron rec\u00edprocamente: la madre, a la satisfacci\u00f3n del inter\u00e9s de su contraparte, o sea la adecuada prestaci\u00f3n de una serie de servicios a los ni\u00f1os usuarios y a sus padres, y la asociaci\u00f3n, al apoyo debido y al pago de la beca suministrada por el I.C.B.F.; consensual, puesto que no requiri\u00f3 de ninguna solemnidad; onerosa, porque daba derecho a la madre comunitaria para percibir parcialmente parte de la beca mencionada.\u2019 \u00a0<\/p>\n<p>\u2018Establecido que el nexo era contractual, la Sala piensa que la clausura del hogar no fue sino una simple consecuencia de su terminaci\u00f3n. Y, en este sentido, considera que la decisi\u00f3n de la junta directiva no fue una medida disciplinaria, sino la aplicaci\u00f3n de una facultad otorgada por el ordenamiento.\u2019 \u00a0<\/p>\n<p>\u201cEn ninguno de los casos que se revisan, las actoras prestan un servicio personal al ICBF, porque aunque desarrollan su labor siguiendo los lineamientos y procedimientos t\u00e9cnicos y administrativas que les se\u00f1ala esta entidad, no lo hacen bajo subordinaci\u00f3n; tampoco reciben salario como retribuci\u00f3n a su servicio, sino el valor de una beca por cada ni\u00f1o que atienden para satisfacer las necesidades b\u00e1sicas del hogar comunitario para su normal funcionamiento y que tiene como fin la obtenci\u00f3n de material did\u00e1ctico de consumo y duradero, raci\u00f3n, reposici\u00f3n de la dotaci\u00f3n, aseo y combustible de los menores a su cargo. Por tanto, no aparecen demostrados ninguno de los elementos constitutivos del contrato de trabajo.\u201d \u00a0<\/p>\n<p>\u201cTampoco existe una relaci\u00f3n legal y reglamentaria que las vincule como empleadas de dicho instituto, porque no se dan los presupuestos jur\u00eddicos ni f\u00e1cticos conforme a los cuales pueda configurarse una vinculaci\u00f3n de esta naturaleza.\u201d \u00a0<\/p>\n<p>\u201cDe lo expresado se concluye que a pesar de que el ICBF establece los criterios, par\u00e1metros y procedimientos t\u00e9cnicos y administrativos que permiten la organizaci\u00f3n y funcionamiento del Programa de Hogares Comunitarios de Bienestar, \u00e9ste no es el empleador de las madres comunitarias; por tal raz\u00f3n no existe contrato laboral ni ninguna otra clase de relaci\u00f3n laboral entre las actoras y el ICBF, sino una relaci\u00f3n contractual de origen civil entre la madre comunitaria y la Asociaci\u00f3n de Padres de Familia con la cual colabora.\u201d \u00a0<\/p>\n<p>\u201c2.4. Con relaci\u00f3n a la posible responsabilidad que pudieran tener los Seguros Sociales en el reconocimiento y pago de las licencias de maternidad que reclaman las actoras, encuentra la Sala que para la procedencia de esta prestaci\u00f3n econ\u00f3mica, dada la naturaleza de la situaci\u00f3n descrita, es indispensable encontrarse a paz y salvo en el pago de las respectivas cotizaciones para que aquella entidad, asuma tanto las prestaciones asistenciales como econ\u00f3micas que se generen, como ven\u00eda ocurriendo, con base en las previsiones contenidas en la ley 6 de 1992.\u201d \u00a0<\/p>\n<p>De conformidad con lo expuesto, estima la Sala que no es procedente el reconocimiento de la prestaci\u00f3n econ\u00f3mica de licencia de maternidad solicitada por la actora en la acci\u00f3n de tutela objeto de esta revisi\u00f3n. \u00a0<\/p>\n<p>III. DECISION. \u00a0<\/p>\n<p>En m\u00e9rito de lo expuesto, la Sala Primera de Revisi\u00f3n de la Corte Constitucional, administrando justicia en nombre del pueblo y por mandato de la Constituci\u00f3n,\u00a0 \u00a0<\/p>\n<p>PRIMERO. CONFIRMAR la sentencia proferida por la Sala de Casaci\u00f3n Laboral de la Corte Suprema de Justicia, el 14 de abril del 2000, dentro de la acci\u00f3n de tutela promovida por Alba Cecilia Z\u00fa\u00f1iga Cu\u00e9llar contra los Seguros Sociales. \u00a0<\/p>\n<p>SEGUNDO. Por Secretar\u00eda, l\u00edbrese la comunicaci\u00f3n prevista en el art\u00edculo 36 de Decreto 2591 de 1991. \u00a0<\/p>\n<p>Notif\u00edquese, comun\u00edquese, publ\u00edquese en la Gaceta de la Corte Constitucional y c\u00famplase. \u00a0<\/p>\n<p>ANTONIO BARRERA CARBONELL \u00a0<\/p>\n<p>Magistrado \u00a0<\/p>\n<p>ALFREDO BELTRAN SIERRA \u00a0<\/p>\n<p>Magistrado \u00a0<\/p>\n<p>MARTHA SACHICA DE MONCALEANO \u00a0<\/p>\n<p>Magistrada\u00a0 \u00a0<\/p>\n<p>IVAN H. ESCRUCERIA MAYOLO \u00a0<\/p>\n<p>Secretario General \u00a0<\/p>\n<p>\u00a0 \u00a0\u00a0<\/p>\n<p>1 M.P. Antonio Barrera Carbonell \u00a0<\/p>\n<p><\/p>\n","protected":false},"excerpt":{"rendered":"<p>\u00a0 \u00a0 Sentencia T-1173\/00 \u00a0 HOGARES COMUNITARIOS-V\u00ednculo contractual\/MADRE COMUNITARIA-V\u00ednculo contractual\/LICENCIA DE MATERNIDAD DE MADRES COMUNITARIAS-Improcedencia de pago por vinculaci\u00f3n a r\u00e9gimen subsidiado \u00a0 Referencia: expediente: T-320957 \u00a0 Acci\u00f3n de tutela instaurada por Alba Cecilia Z\u00fa\u00f1iga Cu\u00e9llar contra los Seguros Sociales Seccional Garz\u00f3n (Huila). \u00a0 Magistrado Ponente: \u00a0 Dr. ANTONIO BARRERA CARBONELL \u00a0 Bogot\u00e1, D.C., septiembre [&hellip;]<\/p>\n","protected":false},"author":1,"featured_media":0,"comment_status":"open","ping_status":"open","sticky":false,"template":"","format":"standard","meta":{"footnotes":""},"categories":[39],"tags":[],"class_list":["post-5573","post","type-post","status-publish","format-standard","hentry","category-tutelas-2000"],"_links":{"self":[{"href":"https:\/\/www.dmsjuridica.com\/buscador_20179478954\/corteconstitucionalcronologico202454587\/wp-json\/wp\/v2\/posts\/5573","targetHints":{"allow":["GET"]}}],"collection":[{"href":"https:\/\/www.dmsjuridica.com\/buscador_20179478954\/corteconstitucionalcronologico202454587\/wp-json\/wp\/v2\/posts"}],"about":[{"href":"https:\/\/www.dmsjuridica.com\/buscador_20179478954\/corteconstitucionalcronologico202454587\/wp-json\/wp\/v2\/types\/post"}],"author":[{"embeddable":true,"href":"https:\/\/www.dmsjuridica.com\/buscador_20179478954\/corteconstitucionalcronologico202454587\/wp-json\/wp\/v2\/users\/1"}],"replies":[{"embeddable":true,"href":"https:\/\/www.dmsjuridica.com\/buscador_20179478954\/corteconstitucionalcronologico202454587\/wp-json\/wp\/v2\/comments?post=5573"}],"version-history":[{"count":0,"href":"https:\/\/www.dmsjuridica.com\/buscador_20179478954\/corteconstitucionalcronologico202454587\/wp-json\/wp\/v2\/posts\/5573\/revisions"}],"wp:attachment":[{"href":"https:\/\/www.dmsjuridica.com\/buscador_20179478954\/corteconstitucionalcronologico202454587\/wp-json\/wp\/v2\/media?parent=5573"}],"wp:term":[{"taxonomy":"category","embeddable":true,"href":"https:\/\/www.dmsjuridica.com\/buscador_20179478954\/corteconstitucionalcronologico202454587\/wp-json\/wp\/v2\/categories?post=5573"},{"taxonomy":"post_tag","embeddable":true,"href":"https:\/\/www.dmsjuridica.com\/buscador_20179478954\/corteconstitucionalcronologico202454587\/wp-json\/wp\/v2\/tags?post=5573"}],"curies":[{"name":"wp","href":"https:\/\/api.w.org\/{rel}","templated":true}]}}