{"id":5663,"date":"2024-05-30T20:38:03","date_gmt":"2024-05-30T20:38:03","guid":{"rendered":"https:\/\/www.dmsjuridica.com\/buscador_20179478954\/corteconstitucionalcronologico202454587\/2024\/05\/30\/t-1282-00\/"},"modified":"2024-05-30T20:38:03","modified_gmt":"2024-05-30T20:38:03","slug":"t-1282-00","status":"publish","type":"post","link":"https:\/\/www.dmsjuridica.com\/buscador_20179478954\/corteconstitucionalcronologico202454587\/t-1282-00\/","title":{"rendered":"T-1282-00"},"content":{"rendered":"\n<p>\u00a0 \u00a0 Sentencia T-1282\/00 \u00a0<\/p>\n<p>ACCION DE TUTELA-Hecho superado por pago de acreencias laborales \u00a0<\/p>\n<p>Referencia: expediente T-320803 \u00a0<\/p>\n<p>Acci\u00f3n de tutela instaurada por Manuel Barleta Acosta contra el Departamento del Magdalena. \u00a0<\/p>\n<p>Magistrado Ponente: \u00a0<\/p>\n<p>Dr. FABIO MORON DIAZ\u00a0 \u00a0<\/p>\n<p>Bogot\u00e1, D.C., septiembre veintid\u00f3s (22) del dos mil (2000) \u00a0\u00a0 \u00a0<\/p>\n<p>\u00a0 \u00a0<\/p>\n<p>La Sala S\u00e9ptima de Revisi\u00f3n de Tutelas de la Corte Constitucional, integrada por los Magistrados VLADIMIRO NARANJO MESA, ALVARO TAFUR GALVIS y FABIO MORON DIAZ, en ejercicio de sus competencias constitucionales y legales, ha proferido la siguiente \u00a0<\/p>\n<p>SENTENCIA \u00a0<\/p>\n<p>I. \u00a0 \u00a0 \u00a0 \u00a0ANTECEDENTES \u00a0<\/p>\n<p>1. Hechos \u00a0<\/p>\n<p>Manifiesta el actor que presta sus servicios como docente al Departamento del Magdalena, y que su inconformismo radica en que su empleador le adeuda los salarios correspondientes a los meses de enero y febrero del a\u00f1o 2000, lo cual lo coloca en una situaci\u00f3n apremiante, pues debido a la no cancelaci\u00f3n de su estipendio se ha visto impedido para cumplir obligaciones familiares y crediticias, raz\u00f3n por la cual solicita que se proteja su derecho constitucional al trabajo y por ende se obligue al demandado a cancelar los salarios adeudados. \u00a0<\/p>\n<p>2. \u00a0 \u00a0 \u00a0 \u00a0Sentencia Objeto de Revisi\u00f3n \u00a0<\/p>\n<p>La decisi\u00f3n judicial de \u00fanica instancia \u00a0<\/p>\n<p>El Juzgado Primero Penal Municipal de Ci\u00e9naga a trav\u00e9s de Sentencia del 10 de abril del 2000, decidi\u00f3 negar las pretensiones del demandante, con fundamento en las siguientes apreciaciones: \u00a0<\/p>\n<p>&#8220;La tutela no es un mecanismo alternativo que reemplace los procesos judiciales o adopte decisiones paralelas a la del funcionario que est\u00e1 conociendo de un determinado asunto radicado bajo su responsabilidad. Tampoco puede entenderse como un camino f\u00e1cil para quien busca dilatar los procedimientos ordinarios o alternativo para efectos de solucionar los conflictos sin acudir a la v\u00eda respectiva&#8221;. \u00a0<\/p>\n<p>II. \u00a0CONSIDERACIONES Y FUNDAMENTOS \u00a0<\/p>\n<p>Reiteraci\u00f3n sobre el hecho consumado \u00a0<\/p>\n<p>En muchas oportunidades1 esta Corporaci\u00f3n se ha referido al hecho consumado; entendido tal fen\u00f3meno jur\u00eddico como la cesaci\u00f3n de la actuaci\u00f3n impugnada de una autoridad p\u00fablica o un particular, lo cual hace entonces que se deniegue la acci\u00f3n incoada pues no existe un objeto jur\u00eddico sobre el cual proveer: \u00a0<\/p>\n<p>&#8220;Efectivamente, si como lo ha reconocido esta Corporaci\u00f3n en diferentes pronunciamientos y se reitera en esta Sentencia, la acci\u00f3n de tutela tiene por objeto la protecci\u00f3n efectiva e inmediata de los derechos constitucionales fundamentales, resulta l\u00f3gico suponer que su efectividad reside en la posibilidad que tiene el juez, en caso de existir la violaci\u00f3n o amenaza alegada, de impartir una orden encaminada a la defensa actual y cierta del derecho afectado. Pero si, como ocurre en el presente caso, la situaci\u00f3n de hecho que produce la violaci\u00f3n o amenaza ya ha sido superada, la acci\u00f3n de amparo pierde su raz\u00f3n de ser, pues la orden que pudiera impartir el juez no produce ning\u00fan efecto por carencia actual de objeto, resultando improcedente la tutela.&#8221; Sentencia T-675 de 1996 M.P. Dr. Vladimiro Naranjo Mesa. \u00a0<\/p>\n<p>En este orden de ideas y descendiendo al caso sub lite, observa la Sala que el motivo generador de la acci\u00f3n de tutela ya desapareci\u00f3, esto es, la no cancelaci\u00f3n de algunas acreencias laborales al demandante por parte de su empleador, llega esta Corporaci\u00f3n a esta conclusi\u00f3n luego de valorar los elementos probatorios que obran en el plenario. En efecto, mediante comunicaci\u00f3n de fecha 2 de agosto del 2000, la Pagadur\u00eda Departamental del Departamento del Magdalena, informa al Magistrado Sustanciador lo siguiente: \u00a0<\/p>\n<p>&#8220;En \u00a0atenci\u00f3n a los oficios n\u00fameros 300 y 301 del 2000, nos permitimos manifestarle que al se\u00f1or MANUEL BARLETA ACOSTA, identificado con c\u00e9dula de ciudadan\u00eda n\u00famero 7.462867, se le cancelaron a trav\u00e9s de consignaci\u00f3n en la cuenta de ahorro n\u00famero 805-000486 del banco Ganadero de la ciudad de Santa Marta, las siguientes cantidades a saber: $ 461.389, correspondiente al mes de enero y $ 482.513, del mes de febrero del a\u00f1o en curso, las cuales fueron canceladas en abril 26 y junio 12 del a\u00f1o en curso respectivamente&#8221;. \u00a0<\/p>\n<p>Por consiguiente y en vista de que se est\u00e1 frente a un hecho superado, la Sala confirmar\u00e1 la providencia del Juzgado Primero Penal Municipal de Ci\u00e9naga Magdalena, pero por los motivos expresados en la parte motiva de este prove\u00eddo. \u00a0<\/p>\n<p>III. DECISIONEn m\u00e9rito de lo expuesto, la Sala S\u00e9ptima de Revisi\u00f3n de la Corte Constitucional, administrando justicia en nombre del pueblo, y por mandato de la Constituci\u00f3n Pol\u00edtica, \u00a0<\/p>\n<p>RESUELVE \u00a0<\/p>\n<p>Primero.- CONFIRMAR la sentencia proferida por Juzgado Primero Penal Municipal de Ci\u00e9naga Magdalena, de fecha 10 de abril del 2000 que deneg\u00f3 las pretensiones del demandante, dentro de la acci\u00f3n de tutela instaurada por Manuel Alfonso Barleta Acosta contra la Gobernaci\u00f3n del Magdalena, pero por las razones expresadas en la parte motiva de este prove\u00eddo. \u00a0<\/p>\n<p>Segundo.- Por Secretar\u00eda General, l\u00edbrense las comunicaciones previstas en el art\u00edculo 36 del Decreto 2591 de 1991, para los efectos all\u00ed contemplados. \u00a0<\/p>\n<p>Notif\u00edquese, comun\u00edquese, publ\u00edquese en la Gaceta de la Corte Constitucional y c\u00famplase. \u00a0<\/p>\n<p>FABIO MORON DIAZ \u00a0<\/p>\n<p>Magistrado \u00a0<\/p>\n<p>VLADIMIRO NARANJO MESA \u00a0<\/p>\n<p>Magistrado \u00a0<\/p>\n<p>ALVARO TAFUR GALVIS \u00a0<\/p>\n<p>Magistrado \u00a0<\/p>\n<p>IVAN ESCRUCERIA MAYOLO \u00a0<\/p>\n<p>Secretario General (E) \u00a0<\/p>\n<p>\u00a0 \u00a0\u00a0<\/p>\n<p>1 Al respecto consultar sentencias T-167\/97; T-463\/97; T-281\/98; T-288\/98; T-278\/99 entre muchas otras. \u00a0 \u00a0<\/p>\n<p><\/p>\n","protected":false},"excerpt":{"rendered":"<p>\u00a0 \u00a0 Sentencia T-1282\/00 \u00a0 ACCION DE TUTELA-Hecho superado por pago de acreencias laborales \u00a0 Referencia: expediente T-320803 \u00a0 Acci\u00f3n de tutela instaurada por Manuel Barleta Acosta contra el Departamento del Magdalena. \u00a0 Magistrado Ponente: \u00a0 Dr. FABIO MORON DIAZ\u00a0 \u00a0 Bogot\u00e1, D.C., septiembre veintid\u00f3s (22) del dos mil (2000) \u00a0\u00a0 \u00a0 \u00a0 \u00a0 La [&hellip;]<\/p>\n","protected":false},"author":1,"featured_media":0,"comment_status":"open","ping_status":"open","sticky":false,"template":"","format":"standard","meta":{"footnotes":""},"categories":[39],"tags":[],"class_list":["post-5663","post","type-post","status-publish","format-standard","hentry","category-tutelas-2000"],"_links":{"self":[{"href":"https:\/\/www.dmsjuridica.com\/buscador_20179478954\/corteconstitucionalcronologico202454587\/wp-json\/wp\/v2\/posts\/5663","targetHints":{"allow":["GET"]}}],"collection":[{"href":"https:\/\/www.dmsjuridica.com\/buscador_20179478954\/corteconstitucionalcronologico202454587\/wp-json\/wp\/v2\/posts"}],"about":[{"href":"https:\/\/www.dmsjuridica.com\/buscador_20179478954\/corteconstitucionalcronologico202454587\/wp-json\/wp\/v2\/types\/post"}],"author":[{"embeddable":true,"href":"https:\/\/www.dmsjuridica.com\/buscador_20179478954\/corteconstitucionalcronologico202454587\/wp-json\/wp\/v2\/users\/1"}],"replies":[{"embeddable":true,"href":"https:\/\/www.dmsjuridica.com\/buscador_20179478954\/corteconstitucionalcronologico202454587\/wp-json\/wp\/v2\/comments?post=5663"}],"version-history":[{"count":0,"href":"https:\/\/www.dmsjuridica.com\/buscador_20179478954\/corteconstitucionalcronologico202454587\/wp-json\/wp\/v2\/posts\/5663\/revisions"}],"wp:attachment":[{"href":"https:\/\/www.dmsjuridica.com\/buscador_20179478954\/corteconstitucionalcronologico202454587\/wp-json\/wp\/v2\/media?parent=5663"}],"wp:term":[{"taxonomy":"category","embeddable":true,"href":"https:\/\/www.dmsjuridica.com\/buscador_20179478954\/corteconstitucionalcronologico202454587\/wp-json\/wp\/v2\/categories?post=5663"},{"taxonomy":"post_tag","embeddable":true,"href":"https:\/\/www.dmsjuridica.com\/buscador_20179478954\/corteconstitucionalcronologico202454587\/wp-json\/wp\/v2\/tags?post=5663"}],"curies":[{"name":"wp","href":"https:\/\/api.w.org\/{rel}","templated":true}]}}