{"id":5714,"date":"2024-05-30T20:38:06","date_gmt":"2024-05-30T20:38:06","guid":{"rendered":"https:\/\/www.dmsjuridica.com\/buscador_20179478954\/corteconstitucionalcronologico202454587\/2024\/05\/30\/t-1348-00\/"},"modified":"2024-05-30T20:38:06","modified_gmt":"2024-05-30T20:38:06","slug":"t-1348-00","status":"publish","type":"post","link":"https:\/\/www.dmsjuridica.com\/buscador_20179478954\/corteconstitucionalcronologico202454587\/t-1348-00\/","title":{"rendered":"T-1348-00"},"content":{"rendered":"\n<p>\u00a0 \u00a0 Sentencia T-1348\/00 \u00a0<\/p>\n<p>GOBIERNO NACIONAL-Formulaci\u00f3n anual del presupuesto y ley de apropiaciones\/JUEZ DE TUTELA-Imposibilidad de modificar presupuesto para incremento salarial de servidores p\u00fablicos \u00a0<\/p>\n<p>ACCION DE TUTELA TRANSITORIA-Improcedencia incremento salarial para servidores p\u00fablicos \u00a0<\/p>\n<p>Reiteraci\u00f3n de Jurisprudencia \u00a0<\/p>\n<p>Referencia: expedientes T-333065 y acumulados \u00a0<\/p>\n<p>Peticionario: Ruth Marina Maldonado Carrillo y otros. \u00a0<\/p>\n<p>Magistrada Ponente (E): \u00a0<\/p>\n<p>Dra. MARTHA VICTORIA S\u00c1CHICA M\u00c9NDEZ\u00a0 \u00a0<\/p>\n<p>Bogot\u00e1, D.C., cuatro (4) de octubre de dos mil (2000). \u00a0<\/p>\n<p>Los ciudadanos Ruth Marina Maldonado Carrillo y cerca de 1.500 demandantes cuyos nombres se relacionan en cuadros anexos al presente fallo, instauraron acci\u00f3n de tutela en contra de la Naci\u00f3n, representada en el Presidente de la Rep\u00fablica, el Ministerio de Hacienda, el Ministerio de Educaci\u00f3n, el Departamento Administrativo de la Funci\u00f3n P\u00fablica, las Cajas de Retiro de las Fuerzas Militares y la Polic\u00eda Nacional, por considerar vulnerados sus derechos fundamentales a la igualdad y \u00a0al trabajo. \u00a0Algunos manifiestan que tiene la condici\u00f3n de servidores p\u00fablicos y otros de pensionados. Aseguran que el monto de sus salarios o pensiones se encuentra entre los dos (2) y los cuarenta (40) salarios m\u00ednimos mensuales legales vigentes. \u00a0<\/p>\n<p>De un lado, los demandantes aducen que, pese a la existencia de un alto \u00edndice de inflaci\u00f3n, mediante el Decreto 182 de 2000 el Gobierno Nacional determin\u00f3 congelar el monto de los salarios de los servidores p\u00fablicos cuya asignaci\u00f3n mensual se encontraba entre los dos (2) y los cuarenta (40) salarios m\u00ednimos mensuales legales vigentes. Sin embargo, indican, que aquellos funcionarios que percib\u00edan cuarenta (40) salarios m\u00ednimos mensuales legales vigentes o m\u00e1s, tuvieron un incremento salarial del 15.3%. Consideran que, en las condiciones anotadas, la decisi\u00f3n del Gobierno de mantener congelado el valor nominal de su salario, vulnera sus derechos fundamentales. \u00a0<\/p>\n<p>Los pensionados de las cajas de retiro, por su parte, se\u00f1alan que sus mesadas (asignaciones por retiro) se incrementan en la misma proporci\u00f3n que a los miembros de las fuerzas militares en servicio activo. \u00a0Por lo anterior, debido a que se congel\u00f3 el salario para las escalas de referencia de sus mesadas, sus pensiones no se han incrementado, con lo cual se violan tambi\u00e9n, sus derechos fundamentales. \u00a0<\/p>\n<p>En la mayor\u00eda de los casos, los jueces que conocieron de las tutelas negaron el amparo solicitado, principalmente, por existir un medio alternativo de defensa judicial. En otros, los jueces concedieron la tutela ordenando el incremento salarial solicitado.\u00a0 \u00a0<\/p>\n<p>Mediante sentencia SU-1052 de 2000, esta Corporaci\u00f3n se pronunci\u00f3 en relaci\u00f3n con acciones de tutela ejercidas por servidores p\u00fablicos para obtener incrementos salariales, id\u00e9nticos a la mayor\u00eda de los procesos que revisa la Sala en esta oportunidad. En ese fallo, la Corte consider\u00f3 que la acci\u00f3n de tutela no proced\u00eda para sustituir a las autoridades y \u00f3rganos competentes en las funciones que les han sido asignadas por la ley, en este caso, al Gobierno Nacional en su funci\u00f3n de presentar el proyecto de presupuesto y formular la pol\u00edtica fiscal del Estado y al Congreso en la aprobaci\u00f3n de la ley anual de presupuesto. A juicio de la Corte, no corresponde al juez por la v\u00eda de la tutela, ordenar un incremento salarial para todos los servidores p\u00fablicos en un monto determinado, pues con ello se ir\u00eda contra lo previsto en la Constituci\u00f3n Pol\u00edtica, respecto de las competencias de los \u00f3rganos estatales y del juez de tutela y el principio de legalidad del gasto consagrado en la Carta (arts. 6\u00ba, 113, 345, 346 y 347 de la C.P.).\u00a0 \u00a0<\/p>\n<p>De otra parte, la Corte encontr\u00f3 que existe un medio de defensa judicial para controvertir la decisi\u00f3n del Gobierno y que no se configura en estos casos las circunstancias que permitan deducir que se est\u00e1 frente a un perjuicio irremediable que justifique un amparo inmediato. Sobre este aspecto, la Corte se\u00f1al\u00f3: \u00a0 \u00a0<\/p>\n<p>\u201cAl respecto se observa que todos los accionantes invocan la protecci\u00f3n transitoria arguyendo que se disminuy\u00f3 el poder adquisitivo de su salario al no haberse decretado su reajuste de conformidad al incremento del IPC para el a\u00f1o inmediatamente anterior. Ninguno se refiere a circunstancias especiales, como tampoco se aportan pruebas de hechos excepcionales que ameriten protecci\u00f3n. De ah\u00ed que ha de considerarse que \u00e9stos han sido afectados por el incremento del costo de vida, al igual que todos los habitantes del territorio nacional, problem\u00e1tica que debido a su generalidad y a su componente estructural, no puede remediarse mediante las \u00f3rdenes que compete impartir al juez de tutela.\u00a0 \u00a0<\/p>\n<p>En armon\u00eda con lo expuesto, debido a que es improcedente la acci\u00f3n de tutela instaurada por los accionantes por existir otro medio de defensa judicial, y el perjuicio aducido no cumple con los requisitos de gravedad y particularidad necesarios para que proceda como amparo transitorio, se confirmar\u00e1n las decisiones que se revisan\u2026., mediante las cuales se negaron por improcedentes las acciones de tutela\u2026\u201d (Sentencia SU-1052. MP: Dr. Alvaro Tafur Galvis) \u00a0<\/p>\n<p>En el presente proceso se advierte que los actores son servidores p\u00fablicos que devengan un salario cuyo monto se encuentra entre los dos (2) y los cuarenta (40) salarios m\u00ednimos mensuales legales vigentes. En consecuencia, existe identidad entre los hechos y los derechos reclamados en el presente caso, y los se\u00f1alados en la jurisprudencia constitucional a la que se ha aludido, por lo cual la Corte proceder\u00e1 a confirmar las decisiones que negaron las tutelas de la referencia y a revocar aqu\u00e9llas en donde se haya concedido. \u00a0<\/p>\n<p>Id\u00e9ntica decisi\u00f3n se adoptar\u00e1 en relaci\u00f3n con las pretensiones de reajuste a las mesadas pensionales, pues las razones invocadas por los demandantes se fundan en el mismo argumento que sustentan las pretensiones de reajuste salarial. En efecto, los pensionados se\u00f1alan que la causa del no reajuste de sus pensiones, se debe a que su monto est\u00e1 \u201catado\u201d al salario de ciertas categor\u00edas del personal activo, que fueron \u201ccongelados\u201d. En \u00faltimas, identifican como causa de la supuesta violaci\u00f3n de sus derechos fundamentales la decisi\u00f3n gubernamental en materia salarial, respecto de la cual la Corte no es competente, de acuerdo con la sentencia arriba indicada. \u00a0<\/p>\n<p>En m\u00e9rito de lo expuesto,\u00a0 \u00a0<\/p>\n<p>RESUELVE: \u00a0<\/p>\n<p>Primero.- REVOCAR los fallos proferidos en los expedientes de tutela relacionados en el Cuadro A, que se anexa a la presente sentencia y en su lugar, NEGAR la tutela concedida por los jueces en cada uno de los casos.\u00a0 \u00a0<\/p>\n<p>Segundo.- CONFIRMAR los fallos proferidos en los expedientes de tutela relacionados en el Cuadro B, anexo a esta sentencia, mediante los cuales se deneg\u00f3 la tutela solicitado por los actores indicados en el mismo cuadro.\u00a0 \u00a0<\/p>\n<p>Tercero.- L\u00edbrese por Secretar\u00eda la comunicaci\u00f3n de que trata el art\u00edculo 36 del Decreto 2591 de 1991, para los fines all\u00ed establecidos. \u00a0<\/p>\n<p>C\u00f3piese, notif\u00edquese, c\u00famplase y publ\u00edquese e ins\u00e9rtese en la Gaceta de la Corte Constitucional. \u00a0<\/p>\n<p>MARTHA V. SACHICA MENDEZ \u00a0<\/p>\n<p>Magistrada (e) \u00a0<\/p>\n<p>CARLOS GAVIRIA DIAZ \u00a0<\/p>\n<p>Magistrado \u00a0<\/p>\n<p>JOSE GREGORIO HERNANDEZ GALINDO \u00a0<\/p>\n<p>Magistrado \u00a0<\/p>\n<p>IVAN H. ESCRUCERIA MAYOLO \u00a0<\/p>\n<p>Secretario General (e) \u00a0<\/p>\n<p>NOTA DE RELATORIA: Dada la extensi\u00f3n de los cuadros anexos de esta sentencia, no se publican y se pueden consultar en el texto que reposa en la Corte Constitucional. \u00a0<\/p>\n<p>Auto 010A\/01 \u00a0<\/p>\n<p>Referencia: expediente T-333065 y acumulados \u00a0<\/p>\n<p>Peticionarios: Ruth Marina Maldonado Carrillo y otros. \u00a0<\/p>\n<p>Magistrada Ponente: \u00a0<\/p>\n<p>Dra. MARTHA VICTORIA S\u00c1CHICA M\u00c9NDEZ \u00a0<\/p>\n<p>La Sala Tercera de Revisi\u00f3n de la Corte Constitucional, integrada por los Magistrados Martha Victoria S\u00e1chica M\u00e9ndez (E), Carlos Gaviria D\u00edaz y Jos\u00e9 Gregorio Hern\u00e1ndez Galindo, \u00a0<\/p>\n<p>La Sala Tercera de Revisi\u00f3n, en ejercicio de sus facultades legales, \u00a0<\/p>\n<p>CONSIDERANDO \u00a0<\/p>\n<p>1.- Que mediante sentencia T-1348 de 2000 se resolvi\u00f3 la tutela T-333065 al cual estaban acumulados los expedientes T-333221, 333222, 335787, 335791, 335793, 335794, 335795, 335800, 335801, 335802, 335803, 335805, 335806, 335807, 335808, 335809, 335810, 335811, 335812, 335818, 335819. \u00a0<\/p>\n<p>2.- Que al revisar los cuadros anexos a la sentencia, no aparecen los expedientes T-333221, 333222, 335787, 335791, 335793, 335794, 335795, 335800, 335801, 335802, 335803, 335805, 335806, 335807, 335808, 335809, 335810, 335811, 335812, 335818, 335819, que fueron fallados en la misma fecha. \u00a0<\/p>\n<p>3.- Que, en consecuencia, es necesario \u00a0corregir la sentencia T-1348 de 2000. \u00a0<\/p>\n<p>RESUELVE \u00a0<\/p>\n<p>Incluir en el anexo B de la sentencia T-1348 de 2000 los procesos que a continuaci\u00f3n se se\u00f1alan, cuyas decisiones fueron confirmadas por la Corte en la mencionada decisi\u00f3n. \u00a0<\/p>\n<p>T-333221 \u00a0 \u00a0 \u00a0 \u00a0 \u00a0 \u00a0 \u00a0 \u00a0 \u00a0 \u00a0\u00a0<\/p>\n<p>Hern\u00e1ndez Moreno Ana Elvia \u00a0 \u00a0 \u00a0 \u00a0 \u00a0 \u00a0 \u00a0 \u00a0 \u00a0 \u00a0\u00a0<\/p>\n<p>Presidente de la Rep\u00fablica, Ministerio de Hacienda y Cr\u00e9dito P\u00fablico, Ministerio de Educaci\u00f3n Nacional \u00a0 \u00a0 \u00a0 \u00a0 \u00a0 \u00a0 \u00a0 \u00a0 \u00a0 \u00a0\u00a0<\/p>\n<p>Villavicencio, Sala Civil y Laboral del Tribunal Superior del Distrito Judicial \u00a0 \u00a0 \u00a0 \u00a0 \u00a0 \u00a0 \u00a0 \u00a0 \u00a0 \u00a0\u00a0<\/p>\n<p>Niega \u00a0\u00a0<\/p>\n<p>T-333222 \u00a0 \u00a0 \u00a0 \u00a0 \u00a0 \u00a0 \u00a0 \u00a0 \u00a0 \u00a0\u00a0<\/p>\n<p>Borrero Benavides Roselia \u00a0 \u00a0 \u00a0 \u00a0 \u00a0 \u00a0 \u00a0 \u00a0 \u00a0 \u00a0\u00a0<\/p>\n<p>Presidente de la Rep\u00fablica, Ministerio de Hacienda y Cr\u00e9dito P\u00fablico, Ministerio de Educaci\u00f3n Nacional \u00a0 \u00a0 \u00a0 \u00a0 \u00a0 \u00a0 \u00a0 \u00a0 \u00a0 \u00a0\u00a0<\/p>\n<p>Villavicencio, Sala Civil y Laboral del Tribunal Superior del Distrito Judicial \u00a0 \u00a0 \u00a0 \u00a0 \u00a0 \u00a0 \u00a0 \u00a0 \u00a0 \u00a0\u00a0<\/p>\n<p>Niega \u00a0\u00a0<\/p>\n<p>T-335787 \u00a0 \u00a0 \u00a0 \u00a0 \u00a0 \u00a0 \u00a0 \u00a0 \u00a0 \u00a0\u00a0<\/p>\n<p>Osorio Sierra Rita Ligia \u00a0 \u00a0 \u00a0 \u00a0 \u00a0 \u00a0 \u00a0 \u00a0 \u00a0 \u00a0\u00a0<\/p>\n<p>La Naci\u00f3n, Ministerio de Hacienda y Cr\u00e9dito P\u00fablico, Ministerio de Educaci\u00f3n Nacional, Departamento Administrativo de la Funci\u00f3n P\u00fablica \u00a0 \u00a0 \u00a0 \u00a0 \u00a0 \u00a0 \u00a0 \u00a0 \u00a0 \u00a0\u00a0<\/p>\n<p>Bogot\u00e1, Juzgado 11 Civil del Circuito \u00a0 \u00a0 \u00a0 \u00a0 \u00a0 \u00a0 \u00a0 \u00a0 \u00a0 \u00a0\u00a0<\/p>\n<p>Deniega \u00a0\u00a0<\/p>\n<p>T-335791 \u00a0 \u00a0 \u00a0 \u00a0 \u00a0 \u00a0 \u00a0 \u00a0 \u00a0 \u00a0\u00a0<\/p>\n<p>Bar\u00f3n Durango Ad\u00e1n Emiro \u00a0 \u00a0 \u00a0 \u00a0 \u00a0 \u00a0 \u00a0 \u00a0 \u00a0 \u00a0\u00a0<\/p>\n<p>La Naci\u00f3n, Ministerio de Hacienda, Ministerio de Educaci\u00f3n, Departamento Administrativo de la Funci\u00f3n P\u00fablica \u00a0 \u00a0 \u00a0 \u00a0 \u00a0 \u00a0 \u00a0 \u00a0 \u00a0 \u00a0\u00a0<\/p>\n<p>Bogot\u00e1, Juzgado 27 Civil del Circuito \u00a0 \u00a0 \u00a0 \u00a0 \u00a0 \u00a0 \u00a0 \u00a0 \u00a0 \u00a0\u00a0<\/p>\n<p>Deniega \u00a0\u00a0<\/p>\n<p>T-335793 \u00a0 \u00a0 \u00a0 \u00a0 \u00a0 \u00a0 \u00a0 \u00a0 \u00a0 \u00a0\u00a0<\/p>\n<p>Duque Ram\u00edrez Myriam Rosa \u00a0 \u00a0 \u00a0 \u00a0 \u00a0 \u00a0 \u00a0 \u00a0 \u00a0 \u00a0\u00a0<\/p>\n<p>La Naci\u00f3n, Ministerio de Hacienda, Ministerio de Educaci\u00f3n, Departamento Administrativo de la Funci\u00f3n P\u00fablica \u00a0 \u00a0 \u00a0 \u00a0 \u00a0 \u00a0 \u00a0 \u00a0 \u00a0 \u00a0\u00a0<\/p>\n<p>Bogot\u00e1, Juzgado 3 de Familia \u00a0 \u00a0 \u00a0 \u00a0 \u00a0 \u00a0 \u00a0 \u00a0 \u00a0 \u00a0\u00a0<\/p>\n<p>Deniega \u00a0\u00a0<\/p>\n<p>T-335794 \u00a0 \u00a0 \u00a0 \u00a0 \u00a0 \u00a0 \u00a0 \u00a0 \u00a0 \u00a0\u00a0<\/p>\n<p>La Naci\u00f3n, Ministerio de Hacienda, Ministerio de Educaci\u00f3n, Departamento Administrativo de la Funci\u00f3n P\u00fablica \u00a0 \u00a0 \u00a0 \u00a0 \u00a0 \u00a0 \u00a0 \u00a0 \u00a0 \u00a0\u00a0<\/p>\n<p>Bogot\u00e1, Juzgado 3 de Familia \u00a0 \u00a0 \u00a0 \u00a0 \u00a0 \u00a0 \u00a0 \u00a0 \u00a0 \u00a0\u00a0<\/p>\n<p>Deniega \u00a0\u00a0<\/p>\n<p>T-335795 \u00a0 \u00a0 \u00a0 \u00a0 \u00a0 \u00a0 \u00a0 \u00a0 \u00a0 \u00a0\u00a0<\/p>\n<p>Correa de Ocampo Nelly Amparo \u00a0 \u00a0 \u00a0 \u00a0 \u00a0 \u00a0 \u00a0 \u00a0 \u00a0 \u00a0\u00a0<\/p>\n<p>La Naci\u00f3n, Ministerio de Hacienda, Ministerio de Educaci\u00f3n, Departamento Administrativo de la Funci\u00f3n P\u00fablica \u00a0 \u00a0 \u00a0 \u00a0 \u00a0 \u00a0 \u00a0 \u00a0 \u00a0 \u00a0\u00a0<\/p>\n<p>Bogot\u00e1, Juzgado 3 de Familia \u00a0 \u00a0 \u00a0 \u00a0 \u00a0 \u00a0 \u00a0 \u00a0 \u00a0 \u00a0\u00a0<\/p>\n<p>Deniega \u00a0\u00a0<\/p>\n<p>T-335800 \u00a0 \u00a0 \u00a0 \u00a0 \u00a0 \u00a0 \u00a0 \u00a0 \u00a0 \u00a0\u00a0<\/p>\n<p>Moreno Mar\u00eda Cecilia y Otros. \u00a0 \u00a0 \u00a0 \u00a0 \u00a0 \u00a0 \u00a0 \u00a0 \u00a0 \u00a0\u00a0<\/p>\n<p>Gobierno Nacional, Ministerio de Hacienda, Ministerio de Educaci\u00f3n \u00a0 \u00a0 \u00a0 \u00a0 \u00a0 \u00a0 \u00a0 \u00a0 \u00a0 \u00a0\u00a0<\/p>\n<p>Bogot\u00e1, Juzgado 25 Civil Municipal \u00a0 \u00a0 \u00a0 \u00a0 \u00a0 \u00a0 \u00a0 \u00a0 \u00a0 \u00a0\u00a0<\/p>\n<p>Deniega \u00a0\u00a0<\/p>\n<p>T-335801 \u00a0 \u00a0 \u00a0 \u00a0 \u00a0 \u00a0 \u00a0 \u00a0 \u00a0 \u00a0\u00a0<\/p>\n<p>Ana Joaquina L\u00f3pez Petro \u00a0 \u00a0 \u00a0 \u00a0 \u00a0 \u00a0 \u00a0 \u00a0 \u00a0 \u00a0\u00a0<\/p>\n<p>La Naci\u00f3n, Ministerio de Hacienda. Ministerio de Educaci\u00f3n, Departamento Administrativo de la Funci\u00f3n P\u00fablica \u00a0 \u00a0 \u00a0 \u00a0 \u00a0 \u00a0 \u00a0 \u00a0 \u00a0 \u00a0\u00a0<\/p>\n<p>Bogot\u00e1, Juzgado 25 Civil Municipal \u00a0 \u00a0 \u00a0 \u00a0 \u00a0 \u00a0 \u00a0 \u00a0 \u00a0 \u00a0\u00a0<\/p>\n<p>Deniega \u00a0\u00a0<\/p>\n<p>T-335802 \u00a0 \u00a0 \u00a0 \u00a0 \u00a0 \u00a0 \u00a0 \u00a0 \u00a0 \u00a0\u00a0<\/p>\n<p>N\u00fa\u00f1ez C\u00e1rdenas Yadira \u00a0 \u00a0 \u00a0 \u00a0 \u00a0 \u00a0 \u00a0 \u00a0 \u00a0 \u00a0\u00a0<\/p>\n<p>La Naci\u00f3n, Ministerio de Hacienda, Ministerio de Educaci\u00f3n, Departamento Administrativo de la Funci\u00f3n P\u00fablica \u00a0 \u00a0 \u00a0 \u00a0 \u00a0 \u00a0 \u00a0 \u00a0 \u00a0 \u00a0\u00a0<\/p>\n<p>Bogot\u00e1, Juzgado 25 Civil Municipal \u00a0 \u00a0 \u00a0 \u00a0 \u00a0 \u00a0 \u00a0 \u00a0 \u00a0 \u00a0\u00a0<\/p>\n<p>Deniega \u00a0\u00a0<\/p>\n<p>T-335803 \u00a0 \u00a0 \u00a0 \u00a0 \u00a0 \u00a0 \u00a0 \u00a0 \u00a0 \u00a0\u00a0<\/p>\n<p>Bedoya Casta\u00f1o Luis Ernesto \u00a0 \u00a0 \u00a0 \u00a0 \u00a0 \u00a0 \u00a0 \u00a0 \u00a0 \u00a0\u00a0<\/p>\n<p>La Naci\u00f3n, Ministerio de Hacienda, Ministerio de Educaci\u00f3n, Departamento Administrativo de la Funci\u00f3n P\u00fablica \u00a0 \u00a0 \u00a0 \u00a0 \u00a0 \u00a0 \u00a0 \u00a0 \u00a0 \u00a0\u00a0<\/p>\n<p>Bogot\u00e1, Juzgado 25 Civil Municipal \u00a0 \u00a0 \u00a0 \u00a0 \u00a0 \u00a0 \u00a0 \u00a0 \u00a0 \u00a0\u00a0<\/p>\n<p>Deniega \u00a0\u00a0<\/p>\n<p>T-335805 \u00a0 \u00a0 \u00a0 \u00a0 \u00a0 \u00a0 \u00a0 \u00a0 \u00a0 \u00a0\u00a0<\/p>\n<p>Florez Escobar Mercedes Mar\u00eda \u00a0 \u00a0 \u00a0 \u00a0 \u00a0 \u00a0 \u00a0 \u00a0 \u00a0 \u00a0\u00a0<\/p>\n<p>La Naci\u00f3n, Ministerio de Hacienda, Ministerio de Educaci\u00f3n, Departamento Administrativo de la Funci\u00f3n P\u00fablica \u00a0 \u00a0 \u00a0 \u00a0 \u00a0 \u00a0 \u00a0 \u00a0 \u00a0 \u00a0\u00a0<\/p>\n<p>Bogot\u00e1, Juzgado 25 Civil Municipal \u00a0 \u00a0 \u00a0 \u00a0 \u00a0 \u00a0 \u00a0 \u00a0 \u00a0 \u00a0\u00a0<\/p>\n<p>Deniega \u00a0\u00a0<\/p>\n<p>T-335806 \u00a0 \u00a0 \u00a0 \u00a0 \u00a0 \u00a0 \u00a0 \u00a0 \u00a0 \u00a0\u00a0<\/p>\n<p>Ram\u00edrez Arcila Hildebrando \u00a0 \u00a0 \u00a0 \u00a0 \u00a0 \u00a0 \u00a0 \u00a0 \u00a0 \u00a0\u00a0<\/p>\n<p>La Naci\u00f3n, Ministerio de Hacienda, Ministerio de Educaci\u00f3n, Departamento Administrativo de la Funci\u00f3n P\u00fablica \u00a0 \u00a0 \u00a0 \u00a0 \u00a0 \u00a0 \u00a0 \u00a0 \u00a0 \u00a0\u00a0<\/p>\n<p>Bogot\u00e1, Juzgado 25 Civil Municipal \u00a0 \u00a0 \u00a0 \u00a0 \u00a0 \u00a0 \u00a0 \u00a0 \u00a0 \u00a0\u00a0<\/p>\n<p>Deniega \u00a0\u00a0<\/p>\n<p>T-335807 \u00a0 \u00a0 \u00a0 \u00a0 \u00a0 \u00a0 \u00a0 \u00a0 \u00a0 \u00a0\u00a0<\/p>\n<p>S\u00e1nchez Rodrigo de Jes\u00fas \u00a0 \u00a0 \u00a0 \u00a0 \u00a0 \u00a0 \u00a0 \u00a0 \u00a0 \u00a0\u00a0<\/p>\n<p>La Naci\u00f3n, Ministerio de Hacienda y Cr\u00e9dito P\u00fablico, Ministerio de Educaci\u00f3n Nacional, Departamento Administrativo de la Funci\u00f3n P\u00fablica \u00a0 \u00a0 \u00a0 \u00a0 \u00a0 \u00a0 \u00a0 \u00a0 \u00a0 \u00a0\u00a0<\/p>\n<p>Bogot\u00e1, Juzgado 25 Civil Municipal \u00a0 \u00a0 \u00a0 \u00a0 \u00a0 \u00a0 \u00a0 \u00a0 \u00a0 \u00a0\u00a0<\/p>\n<p>T- 335808 \u00a0 \u00a0 \u00a0 \u00a0 \u00a0 \u00a0 \u00a0 \u00a0 \u00a0 \u00a0\u00a0<\/p>\n<p>Moreno Bejarano Juan Antonio \u00a0 \u00a0 \u00a0 \u00a0 \u00a0 \u00a0 \u00a0 \u00a0 \u00a0 \u00a0\u00a0<\/p>\n<p>La Naci\u00f3n, Ministerio de Hacienda y Cr\u00e9dito P\u00fablico, Ministerio de Educaci\u00f3n Nacional, Departamento Administrativo de la Funci\u00f3n P\u00fablica \u00a0 \u00a0 \u00a0 \u00a0 \u00a0 \u00a0 \u00a0 \u00a0 \u00a0 \u00a0\u00a0<\/p>\n<p>Bogot\u00e1, Juzgado 25 Civil Municipal \u00a0 \u00a0 \u00a0 \u00a0 \u00a0 \u00a0 \u00a0 \u00a0 \u00a0 \u00a0\u00a0<\/p>\n<p>Deniega \u00a0\u00a0<\/p>\n<p>T-335809 \u00a0 \u00a0 \u00a0 \u00a0 \u00a0 \u00a0 \u00a0 \u00a0 \u00a0 \u00a0\u00a0<\/p>\n<p>Ardila Aguirre Jos\u00e9 Dario \u00a0 \u00a0 \u00a0 \u00a0 \u00a0 \u00a0 \u00a0 \u00a0 \u00a0 \u00a0\u00a0<\/p>\n<p>La Naci\u00f3n, Ministerio de Hacienda y Cr\u00e9dito P\u00fablico, Ministerio de Educaci\u00f3n Nacional, Departamento Administrativo de la Funci\u00f3n P\u00fablica\u00a0 \u00a0 \u00a0 \u00a0 \u00a0 \u00a0 \u00a0 \u00a0 \u00a0 \u00a0 \u00a0\u00a0<\/p>\n<p>Bogot\u00e1, Juzgado 25 Civil Municipal \u00a0 \u00a0 \u00a0 \u00a0 \u00a0 \u00a0 \u00a0 \u00a0 \u00a0 \u00a0\u00a0<\/p>\n<p>Deniega \u00a0\u00a0<\/p>\n<p>T-335810 \u00a0 \u00a0 \u00a0 \u00a0 \u00a0 \u00a0 \u00a0 \u00a0 \u00a0 \u00a0\u00a0<\/p>\n<p>Plaza C\u00f3rdoba Jhonny Manuel \u00a0 \u00a0 \u00a0 \u00a0 \u00a0 \u00a0 \u00a0 \u00a0 \u00a0 \u00a0\u00a0<\/p>\n<p>La Naci\u00f3n, Ministerio de Hacienda y Cr\u00e9dito P\u00fablico, Ministerio de Educaci\u00f3n Nacional, Departamento Administrativo de la Funci\u00f3n P\u00fablica \u00a0 \u00a0 \u00a0 \u00a0 \u00a0 \u00a0 \u00a0 \u00a0 \u00a0 \u00a0\u00a0<\/p>\n<p>Bogot\u00e1, Juzgado 25 Civil Municipal \u00a0 \u00a0 \u00a0 \u00a0 \u00a0 \u00a0 \u00a0 \u00a0 \u00a0 \u00a0\u00a0<\/p>\n<p>Deniega \u00a0\u00a0<\/p>\n<p>T-335811 \u00a0 \u00a0 \u00a0 \u00a0 \u00a0 \u00a0 \u00a0 \u00a0 \u00a0 \u00a0\u00a0<\/p>\n<p>Guisao Varela Miguel Angel \u00a0 \u00a0 \u00a0 \u00a0 \u00a0 \u00a0 \u00a0 \u00a0 \u00a0 \u00a0\u00a0<\/p>\n<p>La Naci\u00f3n, Ministerio de Hacienda, Ministerio de Educaci\u00f3n, Departamento Administrativo de la Funci\u00f3n P\u00fablica \u00a0 \u00a0 \u00a0 \u00a0 \u00a0 \u00a0 \u00a0 \u00a0 \u00a0 \u00a0\u00a0<\/p>\n<p>Bogot\u00e1, Juzgado 25 Civil Municipal \u00a0 \u00a0 \u00a0 \u00a0 \u00a0 \u00a0 \u00a0 \u00a0 \u00a0 \u00a0\u00a0<\/p>\n<p>Deniega \u00a0\u00a0<\/p>\n<p>T-335812 \u00a0 \u00a0 \u00a0 \u00a0 \u00a0 \u00a0 \u00a0 \u00a0 \u00a0 \u00a0\u00a0<\/p>\n<p>Rodr\u00edguez Roa Claudia Patricia \u00a0 \u00a0 \u00a0 \u00a0 \u00a0 \u00a0 \u00a0 \u00a0 \u00a0 \u00a0\u00a0<\/p>\n<p>Gobierno Nacional, Presidente de la Rep\u00fablica, Ministerio de Hacienda, Ministerio de Trabajo, Ministerio de Desarrollo Econ\u00f3mico, Departamento Nacional de Planeaci\u00f3n \u00a0 \u00a0 \u00a0 \u00a0 \u00a0 \u00a0 \u00a0 \u00a0 \u00a0 \u00a0\u00a0<\/p>\n<p>Bogot\u00e1, Juzgado 2 Civil Municipal \u00a0 \u00a0 \u00a0 \u00a0 \u00a0 \u00a0 \u00a0 \u00a0 \u00a0 \u00a0\u00a0<\/p>\n<p>Deniega \u00a0\u00a0<\/p>\n<p>T-335818 \u00a0 \u00a0 \u00a0 \u00a0 \u00a0 \u00a0 \u00a0 \u00a0 \u00a0 \u00a0\u00a0<\/p>\n<p>Cahuache Amia Anibal y Otros \u00a0 \u00a0 \u00a0 \u00a0 \u00a0 \u00a0 \u00a0 \u00a0 \u00a0 \u00a0\u00a0<\/p>\n<p>La Naci\u00f3n, Ministerio de Hacienda, Ministerio de Educaci\u00f3n, Departamento Administrativo de la Funci\u00f3n P\u00fablica \u00a0 \u00a0 \u00a0 \u00a0 \u00a0 \u00a0 \u00a0 \u00a0 \u00a0 \u00a0\u00a0<\/p>\n<p>Bogot\u00e1, Juzgado 34 Civil del Circuito \u00a0 \u00a0 \u00a0 \u00a0 \u00a0 \u00a0 \u00a0 \u00a0 \u00a0 \u00a0\u00a0<\/p>\n<p>Deniega \u00a0\u00a0<\/p>\n<p>T-335819 \u00a0 \u00a0 \u00a0 \u00a0 \u00a0 \u00a0 \u00a0 \u00a0 \u00a0 \u00a0\u00a0<\/p>\n<p>Aguirre Casta\u00f1eda Martha Cecilia \u00a0 \u00a0 \u00a0 \u00a0 \u00a0 \u00a0 \u00a0 \u00a0 \u00a0 \u00a0\u00a0<\/p>\n<p>La Naci\u00f3n, Ministerio de Hacienda y Cr\u00e9dito P\u00fablico, Ministerio de Educaci\u00f3n Nacional, Departamento Administrativo de la Funci\u00f3n P\u00fablica \u00a0 \u00a0 \u00a0 \u00a0 \u00a0 \u00a0 \u00a0 \u00a0 \u00a0 \u00a0\u00a0<\/p>\n<p>Bogot\u00e1, Juzgado 34 Civil del Circuito \u00a0 \u00a0 \u00a0 \u00a0 \u00a0 \u00a0 \u00a0 \u00a0 \u00a0 \u00a0\u00a0<\/p>\n<p>Rechaza \u00a0<\/p>\n<p>Notif\u00edquese, comun\u00edquese, c\u00famplase e ins\u00e9rtese al final de la sentencia T-1348 de 2000. \u00a0<\/p>\n<p>MARTHA \u00a0VICTORIA SACHICA MENDEZ \u00a0<\/p>\n<p>Magistrada (E) \u00a0<\/p>\n<p>CARLOS GAVIRIA DIAZ \u00a0<\/p>\n<p>Magistrado \u00a0<\/p>\n<p>JOSE GREGORIO HERNANDEZ GALINDO \u00a0<\/p>\n<p>Magistrado \u00a0<\/p>\n<p>IVAN C. ESCRUCERIA MAYOLO \u00a0<\/p>\n<p>Secretario General (E) \u00a0<\/p>\n<p>\u00a0 \u00a0\u00a0<\/p>\n<p><\/p>\n","protected":false},"excerpt":{"rendered":"<p>\u00a0 \u00a0 Sentencia T-1348\/00 \u00a0 GOBIERNO NACIONAL-Formulaci\u00f3n anual del presupuesto y ley de apropiaciones\/JUEZ DE TUTELA-Imposibilidad de modificar presupuesto para incremento salarial de servidores p\u00fablicos \u00a0 ACCION DE TUTELA TRANSITORIA-Improcedencia incremento salarial para servidores p\u00fablicos \u00a0 Reiteraci\u00f3n de Jurisprudencia \u00a0 Referencia: expedientes T-333065 y acumulados \u00a0 Peticionario: Ruth Marina Maldonado Carrillo y otros. \u00a0 Magistrada [&hellip;]<\/p>\n","protected":false},"author":1,"featured_media":0,"comment_status":"open","ping_status":"open","sticky":false,"template":"","format":"standard","meta":{"footnotes":""},"categories":[39],"tags":[],"class_list":["post-5714","post","type-post","status-publish","format-standard","hentry","category-tutelas-2000"],"_links":{"self":[{"href":"https:\/\/www.dmsjuridica.com\/buscador_20179478954\/corteconstitucionalcronologico202454587\/wp-json\/wp\/v2\/posts\/5714","targetHints":{"allow":["GET"]}}],"collection":[{"href":"https:\/\/www.dmsjuridica.com\/buscador_20179478954\/corteconstitucionalcronologico202454587\/wp-json\/wp\/v2\/posts"}],"about":[{"href":"https:\/\/www.dmsjuridica.com\/buscador_20179478954\/corteconstitucionalcronologico202454587\/wp-json\/wp\/v2\/types\/post"}],"author":[{"embeddable":true,"href":"https:\/\/www.dmsjuridica.com\/buscador_20179478954\/corteconstitucionalcronologico202454587\/wp-json\/wp\/v2\/users\/1"}],"replies":[{"embeddable":true,"href":"https:\/\/www.dmsjuridica.com\/buscador_20179478954\/corteconstitucionalcronologico202454587\/wp-json\/wp\/v2\/comments?post=5714"}],"version-history":[{"count":0,"href":"https:\/\/www.dmsjuridica.com\/buscador_20179478954\/corteconstitucionalcronologico202454587\/wp-json\/wp\/v2\/posts\/5714\/revisions"}],"wp:attachment":[{"href":"https:\/\/www.dmsjuridica.com\/buscador_20179478954\/corteconstitucionalcronologico202454587\/wp-json\/wp\/v2\/media?parent=5714"}],"wp:term":[{"taxonomy":"category","embeddable":true,"href":"https:\/\/www.dmsjuridica.com\/buscador_20179478954\/corteconstitucionalcronologico202454587\/wp-json\/wp\/v2\/categories?post=5714"},{"taxonomy":"post_tag","embeddable":true,"href":"https:\/\/www.dmsjuridica.com\/buscador_20179478954\/corteconstitucionalcronologico202454587\/wp-json\/wp\/v2\/tags?post=5714"}],"curies":[{"name":"wp","href":"https:\/\/api.w.org\/{rel}","templated":true}]}}