{"id":5966,"date":"2024-05-30T20:38:21","date_gmt":"2024-05-30T20:38:21","guid":{"rendered":"https:\/\/www.dmsjuridica.com\/buscador_20179478954\/corteconstitucionalcronologico202454587\/2024\/05\/30\/t-1667-00\/"},"modified":"2024-05-30T20:38:21","modified_gmt":"2024-05-30T20:38:21","slug":"t-1667-00","status":"publish","type":"post","link":"https:\/\/www.dmsjuridica.com\/buscador_20179478954\/corteconstitucionalcronologico202454587\/t-1667-00\/","title":{"rendered":"T-1667-00"},"content":{"rendered":"\n<p>\u00a0 \u00a0 Sentencia T-1667\/00 \u00a0<\/p>\n<p>ACCION DE TUTELA-Improcedencia para sustituir a las autoridades en las competencias asignadas por la Constituci\u00f3n Pol\u00edtica \u00a0<\/p>\n<p>GOBIERNO NACIONAL-Formulaci\u00f3n anual del presupuesto y ley de apropiaciones\/JUEZ DE TUTELA-Imposibilidad de modificar presupuesto para incremento salarial de servidores p\u00fablicos \u00a0<\/p>\n<p>ACCION DE TUTELA TRANSITORIA-Improcedencia incremento salarial para servidores p\u00fablicos \u00a0<\/p>\n<p>Reiteraci\u00f3n de jurisprudencia \u00a0<\/p>\n<p>Referencia: expedientes acumulados T-359192, 359193, 359194, 359230, 359231, 359232, 359233, 359234, 359235, 359236, 359461, 359462, 359466, 359699, 359781, 359786, 359787, 359793, 359881, 359882, 359883, 359884, 359885, 359887, 359888, 359889, 359908, 359961, 360068, 360074, 360113, 360203, 360213, 360366, 360401, 360402, 360403, 360404, 360405, 360419, 360420, 360421, 360422, 360423, 360430, 360491, 360496, 360907, 360932, 361024, 361025, 361026, 361027, 361028, 361099, 361169, 361170, 361171, 361172, 361173, 361175, 361323. \u00a0<\/p>\n<p>Acciones de tutela contra el Gobierno Nacional, por una presunta violaci\u00f3n de los principios m\u00ednimos consagrados en el art\u00edculo 53 Superior, y los derechos fundamentales a la igualdad y el trabajo. \u00a0<\/p>\n<p>Actores: CASDELO DE GONZALEZ EVELIA MARIA, POMARES DE POLO FLOR MARIA, GUERRERO DE MARQUEZ ROSA ELVIRA, YEPEZ PIMIENTA ILDEFONSO ANTONIO, PEREZ BRICE\u00d1O MIRIAM CECILIA, MU\u00d1OZ RAMIREZ JOAQUIN DE JESUS, LAVALLE POMARES EDGARDO RAFAEL, COLON VARELA FRNKLIN, POLO MARQUEZ ZORAIMA DOLORES, GARCIA DE MONTALVO ARACELY ESTHER, RAMIREZ MARIA ASTRID, GODOY ORTIGOZA LUZ MERY, GUZMAN SERRANO MARTHA CECILIA, GOMEZ ARIAS MARIA MARGARITA Y HERRERA ALZATE CARMEN CECILIA, VELEZ RENGIFO MARINA Y OTROS, PARRA JIMENEZ MARIA IRENE, QUINTERO ESCOBAR LEONARDO, GUTIERREZ ALVAREZ AMPARO DEL SOCORRO, POLO SILVERA UBALDO RAFAEL, GARCIA CASTILLO GILMA, ARIAS TERNERA MARGARITA, PACHECO HERNANDEZ MILADIS ONDINA, BARRIOS CANTILLO CANDELARIA MARIA, BASTIDAS PORTOCARRERO PAX ZULIMA, CORTES OSORIO MARIA BERENICE, GIRALDO GALLEGO JOAQUIN EMILIO, CANDELO QUINTERO HARVEY, OBANDO GARCIA STELLA Y OTROS, MAZO MIRA MARTHA NELLY, CORREA BARRIENTOS GABRIEL MELKIADES, ARIZA GIL AURA, CARDONA MARTINEZ CONSUELO, ORJUELA ZAPATA NASLY, PE\u00d1A TAMAYO JUDITH DEL SOCORRO, SAMPER MIRANDA GLORIA MARINA, RACINES DURAN SONIA MARIA, JUVINAO RUIZ ROSA ELENA, ESMERAL LOPEZ LYDA ROSA, POLO PAYARES CECILIA, VEGA DE MENDOZA GRACIELA MERCEDEZ, RODRIGUEZ SUAREZ ISABEL DE JESUS, SILVA DE POLO JOSEFINA DEL CARMEN, ESCORCIA IBA\u00d1EZ ILDA ROSA, PEREZ ARAQUE ALEJANDRO CESAR, DELGADO CASTILLO ALVARO, ARROYO TIRADO JORGE LUIS Y OTROS, PABA BARBOSA CARMELINA, CHAPARRO DE ARANGO LILIA Y OTROS, JARAMILLO VELASQUEZ MAGOLA, VARGAS HERRERA VIRGINIA, CARABALLO PARRA LUZ ARMIDA, GUTIERREZ BETANCUR MARIA ELENA, CARDONA PUERTA ELBA LUZ, MARIN RAMIREZ MIGUEL ANGEL, MORENO ROSERO LUIS ALEJANDRO Y OTRO, JIMENEZ CONRADO CARMEN JULIA, VIVES HENRIQUEZ MANUEL POLONIO, URIELES PALMA KELY CECILIA, VARELA AVILA MARLENE, PEDRAZA NIEBLES LUIS ADOLFO, VILLA GONZALEZ ANA MARIA DE LOS DOLORES y HENAO VALENCIA HARVEY Y OTROS. \u00a0<\/p>\n<p>Tema: \u00a0<\/p>\n<p>Magistrado Ponente: CARLOS GAVIRIA D\u00cdAZ \u00a0<\/p>\n<p>Bogot\u00e1 D.C., cinco (5) de \u00a0diciembre del a\u00f1o dos mil (2000). \u00a0<\/p>\n<p>La Sala Cuarta de Revisi\u00f3n de Tutelas de la Corte Constitucional, compuesta por los Magistrados Jos\u00e9 Gregorio Hern\u00e1ndez Galindo, Alejandro Mart\u00ednez Caballero, y Carlos Gaviria D\u00edaz, en ejercicio de sus competencias constitucionales y legales, ha proferido la siguiente \u00a0<\/p>\n<p>SENTENCIA \u00a0<\/p>\n<p>en el proceso de revisi\u00f3n de los fallos proferidos por distintos despachos judiciales del pa\u00eds, dentro de los procesos de tutela instaurados por \u00a0diversos empleados y pensionados del sector p\u00fablico, en contra del Presidente de la Rep\u00fablica; los Ministros de Hacienda y Cr\u00e9dito P\u00fablico; Desarrollo; Educaci\u00f3n; \u00a0Trabajo y Seguridad Social; Justicia y del Derecho; Defensa; Salud; Jefe de Departamento Administrativo de la Funci\u00f3n P\u00fablica; el Director de Planeaci\u00f3n Nacional; el Director de la Polic\u00eda Nacional y la Caja de Sueldos y Retiro de la Polic\u00eda Nacional, entre otros. \u00a0 \u00a0<\/p>\n<p>Los expedientes llegaron a la Corte Constitucional, por remisi\u00f3n que hicieron las secretar\u00edas de los distintos despachos judiciales. La Sala de Selecci\u00f3n No. 9 de tutelas de la Corte Constitucional, por auto del quince (15) de septiembre del a\u00f1o 2000, orden\u00f3 la revisi\u00f3n de los casos de la referencia, as\u00ed como su acumulaci\u00f3n, para ser decididos en una sola sentencia, si la Sala de Revisi\u00f3n as\u00ed lo consideraba pertinente.\u00a0 \u00a0<\/p>\n<p>Correspondi\u00e9ndole a la Sala Cuarta de Revisi\u00f3n adoptar la decisi\u00f3n, se determin\u00f3 que, al existir identidad en los hechos que motivaron las diversas acciones, era procedente la acumulaci\u00f3n decretada por la Sala de Selecci\u00f3n, raz\u00f3n por la que se proferir\u00eda un solo fallo para decidir los procesos de la referencia, salvo por los expedientes radicados bajo los n\u00fameros T-360.644 y 361.503, que tratan sobre otros asuntos y se resolver\u00e1n por separado. \u00a0 \u00a0<\/p>\n<p>I. ANTECEDENTES \u00a0<\/p>\n<p>Los hechos que dieron origen a las acciones de la referencia, pueden resumirse as\u00ed:\u00a0 \u00a0<\/p>\n<p>\u00a0 \u00a0 \u00a0<\/p>\n<p>A. Hechos y pretensiones.\u00a0 \u00a0 \u00a0<\/p>\n<p>1. Los actores, servidores p\u00fablicos vinculados a distintas entidades del Estado, y algunos de ellos pensionados de la Polic\u00eda Nacional, consideran que la decisi\u00f3n del Gobierno \u00a0Nacional de no reconocer aumento alguno a los salarios de los empleados p\u00fablicos, y a las pensiones de quienes devengaban para enero de 2000, m\u00e1s de dos (2) salarios m\u00ednimos mensuales, es contraria a sus derechos fundamentales, espec\u00edficamente de los derechos a un salario digno y justo (art\u00edculo 25); m\u00f3vil y proporcional (art\u00edculo 53); \u00a0as\u00ed como al reajuste peri\u00f3dico de las pensiones (art\u00edculo 53). Y, en especial, del derecho a la igualdad (art\u00edculo 13), por cuanto unos servidores p\u00fablicos s\u00ed obtuvieron un aumento en sus \u00a0salarios y mesadas pensionales, as\u00ed: Los empleados y pensionados cuya asignaci\u00f3n a enero de 2000 fue inferior a dos (2) salarios m\u00ednimos, recibieron un aumento del nueve por ciento (9%). Por su parte, a los Congresistas y a otros funcionarios como Magistrados de las Altas Cortes; \u00a0el Fiscal General de la Naci\u00f3n; el Procurador General de la Naci\u00f3n; el Contralor General de la Rep\u00fablica y el Defensor del Pueblo, se les reconoci\u00f3 un reajuste del quince punto tres por ciento (15.3%), pese a la pol\u00edtica de ajuste fiscal que promovi\u00f3 el Gobierno. \u00a0<\/p>\n<p>2. Entienden los diversos actores que las decisiones econ\u00f3micas del Gobierno \u00a0 no pueden desconocer los derechos laborales de quienes prestan o prestaron sus servicios a los distintos entes del Estado, pues las asignaciones que \u00e9ste est\u00e1 obligado a reconocer como empleador, \u00a0deben, por lo menos, mantener su valor adquisitivo. Dentro de este contexto, consideran que el Gobierno \u00a0 ten\u00eda el deber de reconocer a todos y cada uno de los empleados y pensionados estatales, un aumento o reajuste en sus emolumentos, \u00a0que les permitiese conservar el poder adquisitivo de \u00e9ste, toda vez que en raz\u00f3n del fen\u00f3meno de la inflaci\u00f3n, \u00e9stos resultan inferiores a los que percib\u00edan el a\u00f1o inmediatamente anterior. \u00a0<\/p>\n<p>3. En este sentido, los diversos actores solicitan, con fundamento en decisiones de esta Corporaci\u00f3n, espec\u00edficamente en las sentencias T-102 de 1995 y C-710 de 1999, se ordene al Gobierno Nacional \u00a0aumentar sus salarios y pensiones, en un porcentaje igual o similar al \u00edndice de precios al consumidor que certifique el Departamento Administrativo de Estad\u00edstica -DANE-, con \u00a0el fin de conservar el valor adquisitivo de los mismos. \u00a0Orden que debe tener un car\u00e1cter retroactivo a enero del a\u00f1o en curso. \u00a0 \u00a0<\/p>\n<p>4. La acci\u00f3n de tutela para la protecci\u00f3n de los derechos fundamentales antes se\u00f1alados, seg\u00fan se lee en los diversos escritos de tutela, se interpone, en algunos casos, como mecanismo transitorio a efectos de evitar un perjuicio de car\u00e1cter irremediable y, en otros, como el \u00fanico mecanismo judicial que existe en el ordenamiento jur\u00eddico colombiano para lograr el restablecimiento de los derechos que se dicen vulnerados.\u00a0 \u00a0<\/p>\n<p>B. \u00a0Las sentencias de instancia. \u00a0 \u00a0<\/p>\n<p>Despu\u00e9s de la intervenci\u00f3n de los distintos entes estatales, que, en t\u00e9rminos generales, \u00a0solicitaron negar las acciones de tutela interpuestas en su contra, por considerar que la decisi\u00f3n del Gobierno Nacional de no aumentar los salarios y pensiones de quienes reciben emolumentos en cuant\u00eda mayor a dos salarios m\u00ednimos, no desconoce derecho fundamental alguno de quienes se \u00a0dicen lesionados con la medida, la mayor\u00eda de despachos judiciales que conocieron de estas acciones, coincidieron en otorgar la protecci\u00f3n impetrada.\u00a0 \u00a0<\/p>\n<p>Los argumentos para arribar a tal decisi\u00f3n, fueron coincidentes y \u00a0se pueden resumir de las siguiente manera:\u00a0 \u00a0<\/p>\n<p>\u00a0 \u00a0 \u00a0<\/p>\n<p>1. En el marco del Estado Social de Derecho, el Gobierno Nacional no pod\u00eda desconocer, con su pol\u00edtica econ\u00f3mica, los derechos de los trabajadores a tener un salario vital y m\u00f3vil, as\u00ed como el reajuste peri\u00f3dico de las pensiones, que la Constituci\u00f3n consagra en favor de trabajadores y pensionados. \u00a0En especial, cuando en virtud del fen\u00f3meno de la inflaci\u00f3n, las mesadas pensionales y las asignaciones salariales sufren una disminuci\u00f3n que vulnera directamente los derechos fundamentales de \u00e9stos, dado que se est\u00e1 recibiendo un emolumento menor al que se recib\u00eda en el a\u00f1o inmediatamente anterior.\u00a0 \u00a0 \u00a0<\/p>\n<p>\u00a0 \u00a0 \u00a0<\/p>\n<p>1. La jurisprudencia constitucional ha sido clara al se\u00f1alar que el reajuste de salarios y pensiones en una econom\u00eda inflacionaria como la colombiana, es un derecho irrenunciable de los trabajadores y pensionados. Mecanismo tendiente a mantener, en todo o en parte, el valor adquisitivo de sus asignaciones. Por tanto, el Gobierno Nacional ten\u00eda el deber de aumentar la remuneraci\u00f3n de los empleados y pensionados p\u00fablicos, en un porcentaje que les permitiera mantener el poder adquisitivo de \u00e9stas.\u00a0 \u00a0 \u00a0<\/p>\n<p>Dentro de este contexto, los diversos despachos judiciales consideraron que el Gobierno Nacional ha debido aumentar los salarios y las pensiones del sector estatal, en un porcentaje igual al \u00edndice de precios al consumidor, certificado por el Departamento Administrativo de Estad\u00edstica -DANE-. \u00a0 \u00a0<\/p>\n<p>En consecuencia, y con fundamento en diversas decisiones de esta Corporaci\u00f3n, los diferentes despachos judiciales ordenaron al Gobierno Nacional y, espec\u00edficamente, al Ministro de Hacienda, iniciar las gestiones presupuestales correspondientes, a efectos de hacer viable el aumento salarial al que ten\u00eda derecho cada empleado o pensionado p\u00fablico. Aumento que, por lo menos, deber\u00eda consistir en el mismo porcentaje de variaci\u00f3n de los \u00edndices de precios al Consumidor, certificado por el DANE, para el a\u00f1o inmediatamente anterior. Orden \u00e9sta que deb\u00eda cumplirse entre los dos y cuatro meses de la notificaci\u00f3n del correspondiente fallo, lapso que variaba seg\u00fan el despacho judicial de conocimiento.\u00a0 \u00a0<\/p>\n<p>Reajuste que, seg\u00fan lo sentenciaron los diversos funcionarios judiciales, deb\u00eda hacerse en forma retroactiva al primero (1\u00ba) de enero de 2000. \u00a0<\/p>\n<p>\u00a0 \u00a0 \u00a0<\/p>\n<p>1. La decisi\u00f3n del Gobierno \u00a0Nacional al estar materializada en diversos actos administrativos, puede ser objeto de demanda ante la jurisdicci\u00f3n de lo contencioso administrativo, a trav\u00e9s de la acci\u00f3n de nulidad y restablecimiento del derecho, procedimiento \u00e9ste que hace de la acci\u00f3n de tutela un mecanismo improcedente, por existir v\u00edas judiciales diversas a ella, por medio de las cuales se \u00a0puede obtener la reparaci\u00f3n del da\u00f1o que se afirma, \u00a0est\u00e1 causando \u00a0la determinaci\u00f3n gubernamental.\u00a0 \u00a0 \u00a0<\/p>\n<p>2. La decisi\u00f3n del Gobierno Nacional \u00a0no est\u00e1 causando un da\u00f1o de car\u00e1cter irremediable que haga de la acci\u00f3n de tutela el mecanismo id\u00f3neo para obtener la protecci\u00f3n de los derechos fundamentales que se dicen vulnerados. Requisito \u00e9ste indispensable para que proceda transitoriamente esta acci\u00f3n, ante la existencia de otros mecanismos de defensa judicial. \u00a0 \u00a0<\/p>\n<p>\u00a0 \u00a0<\/p>\n<p>3. La decisi\u00f3n del Gobierno Nacional es de car\u00e1cter general e impersonal, hecho que hace improcedente la acci\u00f3n de tutela, \u00a0en los t\u00e9rminos del decreto 306 de 1992.\u00a0 \u00a0<\/p>\n<p>4. La decisi\u00f3n del Gobierno Nacional, cuyo fundamento est\u00e1 en las competencias constitucionales y legales a \u00e9l reconocida, y como parte del plan de ajuste econ\u00f3mico de la actual administraci\u00f3n, \u00a0no puede ser discutida ni desconocida por los jueces de la Rep\u00fablica, menos a trav\u00e9s de una acci\u00f3n tan breve y sumaria como lo es la acci\u00f3n de tutela. \u00a0 \u00a0<\/p>\n<p>\u00a0 \u00a0 \u00a0<\/p>\n<p>1. La pretendida violaci\u00f3n del derecho a la igualdad no se configura, pues se reconoci\u00f3 aumento s\u00f3lo a aquel sector que, por sus condiciones econ\u00f3micas, se encuentran en condiciones que requieren de la intervenci\u00f3n del Estado. As\u00ed, la desigualdad que se alega, no es otra cosa que una diferenciaci\u00f3n que es v\u00e1lida en el contexto de un Estado Social de Derecho.\u00a0 \u00a0 \u00a0<\/p>\n<p>Algunos de los fallos fueron impugnados, pero con id\u00e9nticas consideraciones a las rese\u00f1adas anteriormente, fueron confirmadas las decisiones de instancia. \u00a0 \u00a0<\/p>\n<p>Algunas de estas providencias fueron objeto de impugnaci\u00f3n, y revocadas por el superior jer\u00e1rquico del funcionario que las emiti\u00f3. Otras, por su parte, pese a ser impugnadas, \u00a0fueron confirmadas con similares consideraciones. Finalmente, algunas de ellas no fueron recurridas.\u00a0 \u00a0<\/p>\n<p>Sobre todas estas decisiones, la Sala Cuarta de la Corte entrar\u00e1 a decidir. Para el efecto y con el fin de dar cumplimiento al deber de motivaci\u00f3n de las sentencias, a continuaci\u00f3n se individualizan los datos esenciales de las acciones de tutela a las que ha de referirse esta providencia y las consideraciones de la misma. \u00a0<\/p>\n<p>No. DEL EXPEDIENTE \u00a0 \u00a0 \u00a0 \u00a0 \u00a0 \u00a0 \u00a0 \u00a0 \u00a0 \u00a0\u00a0<\/p>\n<p>PETICIONARIO \u00a0 \u00a0 \u00a0 \u00a0 \u00a0 \u00a0 \u00a0 \u00a0 \u00a0 \u00a0\u00a0<\/p>\n<p>ENTIDAD DEMANDADA \u00a0 \u00a0 \u00a0 \u00a0 \u00a0 \u00a0 \u00a0 \u00a0 \u00a0 \u00a0\u00a0<\/p>\n<p>PRIMERA\u00a0 \u00a0 \u00a0\u00a0<\/p>\n<p>INSTANCIA \u00a0 \u00a0 \u00a0 \u00a0 \u00a0 \u00a0 \u00a0 \u00a0 \u00a0 \u00a0\u00a0<\/p>\n<p>SEGUNDA INSTANCIA \u00a0 \u00a0 \u00a0 \u00a0 \u00a0 \u00a0 \u00a0 \u00a0 \u00a0 \u00a0\u00a0<\/p>\n<p>OBSERVACIONES \u00a0\u00a0<\/p>\n<p>359192 \u00a0 \u00a0 \u00a0 \u00a0 \u00a0 \u00a0 \u00a0 \u00a0 \u00a0 \u00a0\u00a0<\/p>\n<p>CASDELO DE GONZALEZ EVELIA MARIA \u00a0 \u00a0 \u00a0 \u00a0 \u00a0 \u00a0 \u00a0 \u00a0 \u00a0 \u00a0\u00a0<\/p>\n<p>MINISTERIO DE HACIENDA Y CREDITO PUBLICO, MINISTERIO DE EDUCACION NACIONAL Y DEPARTAMENTO ADMINISTRATIVO DE LA FUNCION PUBLICA \u00a0 \u00a0 \u00a0 \u00a0 \u00a0 \u00a0 \u00a0 \u00a0 \u00a0 \u00a0\u00a0<\/p>\n<p>CIENAGA (MAG.) JUZGADO 2 LABORAL DEL CIRCUITO \u00a0 \u00a0\u00a0<\/p>\n<p>CONCEDE \u00a0 \u00a0 \u00a0 \u00a0 \u00a0 \u00a0 \u00a0 \u00a0 \u00a0 \u00a0\u00a0<\/p>\n<p>\u00a0 \u00a0\u00a0 \u00a0 \u00a0 \u00a0 \u00a0 \u00a0 \u00a0 \u00a0 \u00a0\u00a0<\/p>\n<p>SE REVOCA \u00a0\u00a0<\/p>\n<p>359193 \u00a0 \u00a0 \u00a0 \u00a0 \u00a0 \u00a0 \u00a0 \u00a0 \u00a0 \u00a0\u00a0<\/p>\n<p>POMARES DE POLO FLOR MARIA \u00a0 \u00a0 \u00a0 \u00a0 \u00a0 \u00a0 \u00a0 \u00a0 \u00a0 \u00a0\u00a0<\/p>\n<p>MINISTERIO DE HACIENDA Y CREDITO PUBLICO, MINISTERIO DE EDUCACION NACIONAL Y DEPARTAMENTO ADMINISTRATIVO DE LA FUNCION PUBLICA \u00a0 \u00a0 \u00a0 \u00a0 \u00a0 \u00a0 \u00a0 \u00a0 \u00a0 \u00a0\u00a0<\/p>\n<p>CIENAGA (MAG.) JUZGADO 2 LABORAL DEL CIRCUITO \u00a0 \u00a0\u00a0<\/p>\n<p>CONCEDE \u00a0 \u00a0 \u00a0 \u00a0 \u00a0 \u00a0 \u00a0 \u00a0 \u00a0 \u00a0\u00a0<\/p>\n<p>\u00a0 \u00a0\u00a0 \u00a0 \u00a0 \u00a0 \u00a0 \u00a0 \u00a0 \u00a0 \u00a0\u00a0<\/p>\n<p>SE REVOCA \u00a0\u00a0<\/p>\n<p>359194 \u00a0 \u00a0 \u00a0 \u00a0 \u00a0 \u00a0 \u00a0 \u00a0 \u00a0 \u00a0\u00a0<\/p>\n<p>GUERRERO DE MARQUEZ ROSA ELVIRA \u00a0 \u00a0 \u00a0 \u00a0 \u00a0 \u00a0 \u00a0 \u00a0 \u00a0 \u00a0\u00a0<\/p>\n<p>MINISTERIO DE HACIENDA Y CREDITO PUBLICO, MINISTERIO DE EDUCACION NACIONAL Y DEPARTAMENTO ADMINISTRATIVO DE LA FUNCION PUBLICA \u00a0 \u00a0 \u00a0 \u00a0 \u00a0 \u00a0 \u00a0 \u00a0 \u00a0 \u00a0\u00a0<\/p>\n<p>CIENAGA (MAG.) JUZGADO 2 LABORAL DEL CIRCUITO \u00a0 \u00a0\u00a0<\/p>\n<p>CONCEDE \u00a0 \u00a0 \u00a0 \u00a0 \u00a0 \u00a0 \u00a0 \u00a0 \u00a0 \u00a0\u00a0<\/p>\n<p>\u00a0 \u00a0\u00a0 \u00a0 \u00a0 \u00a0 \u00a0 \u00a0 \u00a0 \u00a0 \u00a0\u00a0<\/p>\n<p>SE REVOCA \u00a0\u00a0<\/p>\n<p>359230 \u00a0 \u00a0 \u00a0 \u00a0 \u00a0 \u00a0 \u00a0 \u00a0 \u00a0 \u00a0\u00a0<\/p>\n<p>YEPEZ PIMIENTA ILDEFONSO ANTONIO \u00a0 \u00a0 \u00a0 \u00a0 \u00a0 \u00a0 \u00a0 \u00a0 \u00a0 \u00a0\u00a0<\/p>\n<p>MINISTERIO DE HACIENDA Y CREDITO PUBLICO, MINISTERIO DE EDUCACION NACIONAL Y DEPARTAMENTO ADMINISTRATIVO DE LA FUNCION PUBLICA \u00a0 \u00a0 \u00a0 \u00a0 \u00a0 \u00a0 \u00a0 \u00a0 \u00a0 \u00a0\u00a0<\/p>\n<p>CIENAGA (MAG.) JUZGADO 2 LABORAL DEL CIRCUITO \u00a0 \u00a0\u00a0<\/p>\n<p>CONCEDE \u00a0 \u00a0 \u00a0 \u00a0 \u00a0 \u00a0 \u00a0 \u00a0 \u00a0 \u00a0\u00a0<\/p>\n<p>\u00a0 \u00a0\u00a0 \u00a0 \u00a0 \u00a0 \u00a0 \u00a0 \u00a0 \u00a0 \u00a0\u00a0<\/p>\n<p>SE REVOCA \u00a0\u00a0<\/p>\n<p>359231 \u00a0 \u00a0 \u00a0 \u00a0 \u00a0 \u00a0 \u00a0 \u00a0 \u00a0 \u00a0\u00a0<\/p>\n<p>MINISTERIO DE HACIENDA Y CREDITO PUBLICO, MINISTERIO DE EDUCACION NACIONAL Y DEPARTAMENTO ADMINISTRATIVO DE LA FUNCION PUBLICA \u00a0 \u00a0 \u00a0 \u00a0 \u00a0 \u00a0 \u00a0 \u00a0 \u00a0 \u00a0\u00a0<\/p>\n<p>CIENAGA (MAG.) JUZGADO 2 LABORAL DEL CIRCUITO \u00a0 \u00a0\u00a0<\/p>\n<p>CONCEDE \u00a0 \u00a0 \u00a0 \u00a0 \u00a0 \u00a0 \u00a0 \u00a0 \u00a0 \u00a0\u00a0<\/p>\n<p>\u00a0 \u00a0\u00a0 \u00a0 \u00a0 \u00a0 \u00a0 \u00a0 \u00a0 \u00a0 \u00a0\u00a0<\/p>\n<p>SE REVOCA \u00a0\u00a0<\/p>\n<p>359232 \u00a0 \u00a0 \u00a0 \u00a0 \u00a0 \u00a0 \u00a0 \u00a0 \u00a0 \u00a0\u00a0<\/p>\n<p>MU\u00d1OZ RAMIREZ JOAQUIN DE JESUS \u00a0 \u00a0 \u00a0 \u00a0 \u00a0 \u00a0 \u00a0 \u00a0 \u00a0 \u00a0\u00a0<\/p>\n<p>MINISTERIO DE HACIENDA Y CREDITO PUBLICO, MINISTERIO DE EDUCACION NACIONAL Y DEPARTAMENTO ADMINISTRATIVO DE LA FUNCION PUBLICA \u00a0 \u00a0 \u00a0 \u00a0 \u00a0 \u00a0 \u00a0 \u00a0 \u00a0 \u00a0\u00a0<\/p>\n<p>CIENAGA (MAG.) JUZGADO 2 LABORAL DEL CIRCUITO \u00a0 \u00a0\u00a0<\/p>\n<p>CONCEDE \u00a0 \u00a0 \u00a0 \u00a0 \u00a0 \u00a0 \u00a0 \u00a0 \u00a0 \u00a0\u00a0<\/p>\n<p>\u00a0 \u00a0\u00a0 \u00a0 \u00a0 \u00a0 \u00a0 \u00a0 \u00a0 \u00a0 \u00a0\u00a0<\/p>\n<p>SE REVOCA \u00a0\u00a0<\/p>\n<p>359233 \u00a0 \u00a0 \u00a0 \u00a0 \u00a0 \u00a0 \u00a0 \u00a0 \u00a0 \u00a0\u00a0<\/p>\n<p>LAVALLE POMARESEDGARDO RAFAEL \u00a0 \u00a0 \u00a0 \u00a0 \u00a0 \u00a0 \u00a0 \u00a0 \u00a0 \u00a0\u00a0<\/p>\n<p>MINISTERIO DE HACIENDA Y CREDITO PUBLICO, MINISTERIO DE EDUCACION NACIONAL Y DEPARTAMENTO ADMINISTRATIVO DE LA FUNCION PUBLICA \u00a0 \u00a0 \u00a0 \u00a0 \u00a0 \u00a0 \u00a0 \u00a0 \u00a0 \u00a0\u00a0<\/p>\n<p>CIENAGA (MAG.) JUZGADO 2 LABORAL DEL CIRCUITO \u00a0 \u00a0\u00a0<\/p>\n<p>CONCEDE \u00a0 \u00a0 \u00a0 \u00a0 \u00a0 \u00a0 \u00a0 \u00a0 \u00a0 \u00a0\u00a0<\/p>\n<p>\u00a0 \u00a0\u00a0 \u00a0 \u00a0 \u00a0 \u00a0 \u00a0 \u00a0 \u00a0 \u00a0\u00a0<\/p>\n<p>SE REVOCA \u00a0\u00a0<\/p>\n<p>359234 \u00a0 \u00a0 \u00a0 \u00a0 \u00a0 \u00a0 \u00a0 \u00a0 \u00a0 \u00a0\u00a0<\/p>\n<p>COLON VARELA FRNKLIN \u00a0 \u00a0 \u00a0 \u00a0 \u00a0 \u00a0 \u00a0 \u00a0 \u00a0 \u00a0\u00a0<\/p>\n<p>MINISTERIO DE HACIENDA Y CREDITO PUBLICO, MINISTERIO DE EDUCACION NACIONAL Y DEPARTAMENTO ADMINISTRATIVO DE LA FUNCION PUBLICA \u00a0 \u00a0 \u00a0 \u00a0 \u00a0 \u00a0 \u00a0 \u00a0 \u00a0 \u00a0\u00a0<\/p>\n<p>CIENAGA (MAG.) JUZGADO 2 LABORAL DEL CIRCUITO \u00a0 \u00a0\u00a0<\/p>\n<p>CONCEDE \u00a0 \u00a0 \u00a0 \u00a0 \u00a0 \u00a0 \u00a0 \u00a0 \u00a0 \u00a0\u00a0<\/p>\n<p>\u00a0 \u00a0\u00a0 \u00a0 \u00a0 \u00a0 \u00a0 \u00a0 \u00a0 \u00a0 \u00a0\u00a0<\/p>\n<p>359235 \u00a0 \u00a0 \u00a0 \u00a0 \u00a0 \u00a0 \u00a0 \u00a0 \u00a0 \u00a0\u00a0<\/p>\n<p>POLO MARQUEZ ZORAIMA DOLORES \u00a0 \u00a0 \u00a0 \u00a0 \u00a0 \u00a0 \u00a0 \u00a0 \u00a0 \u00a0\u00a0<\/p>\n<p>MINISTERIO DE HACIENDA Y CREDITO PUBLICO, MINISTERIO DE EDUCACION NACIONAL Y DEPARTAMENTO ADMINISTRATIVO DE LA FUNCION PUBLICA \u00a0 \u00a0 \u00a0 \u00a0 \u00a0 \u00a0 \u00a0 \u00a0 \u00a0 \u00a0\u00a0<\/p>\n<p>CIENAGA (MAG.) JUZGADO 2 LABORAL DEL CIRCUITO \u00a0 \u00a0\u00a0<\/p>\n<p>CONCEDE \u00a0 \u00a0 \u00a0 \u00a0 \u00a0 \u00a0 \u00a0 \u00a0 \u00a0 \u00a0\u00a0<\/p>\n<p>\u00a0 \u00a0\u00a0 \u00a0 \u00a0 \u00a0 \u00a0 \u00a0 \u00a0 \u00a0 \u00a0\u00a0<\/p>\n<p>SE REVOCA \u00a0\u00a0<\/p>\n<p>359236 \u00a0 \u00a0 \u00a0 \u00a0 \u00a0 \u00a0 \u00a0 \u00a0 \u00a0 \u00a0\u00a0<\/p>\n<p>GARCIA DE MONTALVO ARACELY ESTHER \u00a0 \u00a0 \u00a0 \u00a0 \u00a0 \u00a0 \u00a0 \u00a0 \u00a0 \u00a0\u00a0<\/p>\n<p>MINISTERIO DE HACIENDA Y CREDITO PUBLICO, MINISTERIO DE EDUCACION NACIONAL Y DEPARTAMENTO ADMINISTRATIVO DE LA FUNCION PUBLICA \u00a0 \u00a0 \u00a0 \u00a0 \u00a0 \u00a0 \u00a0 \u00a0 \u00a0 \u00a0\u00a0<\/p>\n<p>CIENAGA (MAG.) JUZGADO 2 LABORAL DEL CIRCUITO \u00a0 \u00a0\u00a0<\/p>\n<p>CONCEDE \u00a0 \u00a0 \u00a0 \u00a0 \u00a0 \u00a0 \u00a0 \u00a0 \u00a0 \u00a0\u00a0<\/p>\n<p>\u00a0 \u00a0\u00a0 \u00a0 \u00a0 \u00a0 \u00a0 \u00a0 \u00a0 \u00a0 \u00a0\u00a0<\/p>\n<p>SE REVOCA \u00a0\u00a0<\/p>\n<p>359461 \u00a0 \u00a0 \u00a0 \u00a0 \u00a0 \u00a0 \u00a0 \u00a0 \u00a0 \u00a0\u00a0<\/p>\n<p>RAMIREZ MARIA ASTRID \u00a0 \u00a0 \u00a0 \u00a0 \u00a0 \u00a0 \u00a0 \u00a0 \u00a0 \u00a0\u00a0<\/p>\n<p>MINISTERIO DE HACIENDA Y CREDITO PUBLICO, MINISTERIO DE EDUCACION NACIONAL Y DEPARTAMENTO ADMINISTRATIVO DE LA FUNCION PUBLICA \u00a0 \u00a0 \u00a0 \u00a0 \u00a0 \u00a0 \u00a0 \u00a0 \u00a0 \u00a0\u00a0<\/p>\n<p>IBAGUE (TOL.) JUZGADO 1 PENAL MUNICIPAL \u00a0 \u00a0\u00a0<\/p>\n<p>CONCEDE \u00a0 \u00a0 \u00a0 \u00a0 \u00a0 \u00a0 \u00a0 \u00a0 \u00a0 \u00a0\u00a0<\/p>\n<p>IBAGUE (TOL.) JUZGADO 1 PENAL DEL CIRCUITO \u00a0 \u00a0\u00a0<\/p>\n<p>CONFIRMA \u00a0 \u00a0 \u00a0 \u00a0 \u00a0 \u00a0 \u00a0 \u00a0 \u00a0 \u00a0\u00a0<\/p>\n<p>SE REVOCA \u00a0\u00a0<\/p>\n<p>359462 \u00a0 \u00a0 \u00a0 \u00a0 \u00a0 \u00a0 \u00a0 \u00a0 \u00a0 \u00a0\u00a0<\/p>\n<p>GODOY ORTIGOZA LUZ MERY \u00a0 \u00a0 \u00a0 \u00a0 \u00a0 \u00a0 \u00a0 \u00a0 \u00a0 \u00a0\u00a0<\/p>\n<p>MINISTERIO DE HACIENDA Y CREDITO PUBLICO, MINISTERIO DE EDUCACION NACIONAL Y DEPARTAMENTO ADMINISTRATIVO DE LA FUNCION PUBLICA \u00a0 \u00a0 \u00a0 \u00a0 \u00a0 \u00a0 \u00a0 \u00a0 \u00a0 \u00a0\u00a0<\/p>\n<p>IBAGUE (TOL.) JUZGADO 1 PENAL MUNICIPAL \u00a0 \u00a0\u00a0<\/p>\n<p>CONCEDE \u00a0 \u00a0 \u00a0 \u00a0 \u00a0 \u00a0 \u00a0 \u00a0 \u00a0 \u00a0\u00a0<\/p>\n<p>IBAGUE (TOL.) JUZGADO 1 PENAL DEL CIRCUITO \u00a0 \u00a0\u00a0<\/p>\n<p>CONFIRMA \u00a0 \u00a0 \u00a0 \u00a0 \u00a0 \u00a0 \u00a0 \u00a0 \u00a0 \u00a0\u00a0<\/p>\n<p>SE REVOCA \u00a0\u00a0<\/p>\n<p>359466 \u00a0 \u00a0 \u00a0 \u00a0 \u00a0 \u00a0 \u00a0 \u00a0 \u00a0 \u00a0\u00a0<\/p>\n<p>MINISTERIO DE HACIENDA Y CREDITO PUBLICO, MINISTERIO DE EDUCACION NACIONAL Y DEPARTAMENTO ADMINISTRATIVO DE LA FUNCION PUBLICA \u00a0 \u00a0 \u00a0 \u00a0 \u00a0 \u00a0 \u00a0 \u00a0 \u00a0 \u00a0\u00a0<\/p>\n<p>IBAGUE (TOL.) JUZGADO 1 PENAL MUNICIPAL \u00a0 \u00a0\u00a0<\/p>\n<p>CONCEDE \u00a0 \u00a0 \u00a0 \u00a0 \u00a0 \u00a0 \u00a0 \u00a0 \u00a0 \u00a0\u00a0<\/p>\n<p>IBAGUE (TOL.) JUZGADO 1 PENAL DEL CIRCUITO \u00a0 \u00a0\u00a0<\/p>\n<p>CONFIRMA \u00a0 \u00a0 \u00a0 \u00a0 \u00a0 \u00a0 \u00a0 \u00a0 \u00a0 \u00a0\u00a0<\/p>\n<p>SE REVOCA \u00a0\u00a0<\/p>\n<p>359699 \u00a0 \u00a0 \u00a0 \u00a0 \u00a0 \u00a0 \u00a0 \u00a0 \u00a0 \u00a0\u00a0<\/p>\n<p>GOMEZ ARIAS MARIA MARGARITA Y HERRERA ALZATE CARMEN CECILIA \u00a0 \u00a0 \u00a0 \u00a0 \u00a0 \u00a0 \u00a0 \u00a0 \u00a0 \u00a0\u00a0<\/p>\n<p>MINISTERIO DE HACIENDA Y CREDITO PUBLICO, MINISTERIO DE EDUCACION NACIONAL Y DEPARTAMENTO ADMINISTRATIVO DE LA FUNCION PUBLICA \u00a0 \u00a0 \u00a0 \u00a0 \u00a0 \u00a0 \u00a0 \u00a0 \u00a0 \u00a0\u00a0<\/p>\n<p>YOLOMBO (ANT.) JUZGADO PROMISCUO DE FAMILIA \u00a0 \u00a0\u00a0<\/p>\n<p>CONCEDE \u00a0 \u00a0 \u00a0 \u00a0 \u00a0 \u00a0 \u00a0 \u00a0 \u00a0 \u00a0\u00a0<\/p>\n<p>\u00a0 \u00a0\u00a0 \u00a0 \u00a0 \u00a0 \u00a0 \u00a0 \u00a0 \u00a0 \u00a0\u00a0<\/p>\n<p>SE REVOCA \u00a0\u00a0<\/p>\n<p>359781 \u00a0 \u00a0 \u00a0 \u00a0 \u00a0 \u00a0 \u00a0 \u00a0 \u00a0 \u00a0\u00a0<\/p>\n<p>VELEZ RENGIFO MARINA Y OTROS \u00a0 \u00a0 \u00a0 \u00a0 \u00a0 \u00a0 \u00a0 \u00a0 \u00a0 \u00a0\u00a0<\/p>\n<p>PRESIDENTE DE LA REPUBLICA, MINISTRO DE HACIENDA Y CREDITO PUBLICO, MINISTRO DEL TRABAJO Y SEGURIDAD SOCIAL \u00a0 \u00a0 \u00a0 \u00a0 \u00a0 \u00a0 \u00a0 \u00a0 \u00a0 \u00a0\u00a0<\/p>\n<p>TULUA (VALLE) JUZGADO 6 CIVIL MUNICIPAL \u00a0 \u00a0\u00a0<\/p>\n<p>CONCEDE \u00a0 \u00a0 \u00a0 \u00a0 \u00a0 \u00a0 \u00a0 \u00a0 \u00a0 \u00a0\u00a0<\/p>\n<p>\u00a0 \u00a0\u00a0 \u00a0 \u00a0 \u00a0 \u00a0 \u00a0 \u00a0 \u00a0 \u00a0\u00a0<\/p>\n<p>SE REVOCA \u00a0\u00a0<\/p>\n<p>359786 \u00a0 \u00a0 \u00a0 \u00a0 \u00a0 \u00a0 \u00a0 \u00a0 \u00a0 \u00a0\u00a0<\/p>\n<p>PARRA JIMENEZ MARIA IRENE \u00a0 \u00a0 \u00a0 \u00a0 \u00a0 \u00a0 \u00a0 \u00a0 \u00a0 \u00a0\u00a0<\/p>\n<p>MINISTERIO DE HACIENDA Y CREDITO PUBLICO, MINISTERIO DE EDUCACION NACIONAL Y DEPARTAMENTO ADMINISTRATIVO DE LA FUNCION PUBLICA \u00a0 \u00a0 \u00a0 \u00a0 \u00a0 \u00a0 \u00a0 \u00a0 \u00a0 \u00a0\u00a0<\/p>\n<p>MEDELLIN JUZGADO 1 DE MENORES \u00a0 \u00a0\u00a0<\/p>\n<p>CONCEDE \u00a0 \u00a0 \u00a0 \u00a0 \u00a0 \u00a0 \u00a0 \u00a0 \u00a0 \u00a0\u00a0<\/p>\n<p>MEDELLIN TRIBUNAL SUPERIOR DEL DISTRITO JUDICIAL \u00a0 \u00a0\u00a0<\/p>\n<p>CONFIRMA \u00a0 \u00a0 \u00a0 \u00a0 \u00a0 \u00a0 \u00a0 \u00a0 \u00a0 \u00a0\u00a0<\/p>\n<p>SE REVOCA \u00a0\u00a0<\/p>\n<p>359787 \u00a0 \u00a0 \u00a0 \u00a0 \u00a0 \u00a0 \u00a0 \u00a0 \u00a0 \u00a0\u00a0<\/p>\n<p>QUINTERO ESCOBAR LEONARDO \u00a0 \u00a0 \u00a0 \u00a0 \u00a0 \u00a0 \u00a0 \u00a0 \u00a0 \u00a0\u00a0<\/p>\n<p>MEDELLIN JUZGADO 1 DE MENORES \u00a0 \u00a0\u00a0<\/p>\n<p>CONCEDE \u00a0 \u00a0 \u00a0 \u00a0 \u00a0 \u00a0 \u00a0 \u00a0 \u00a0 \u00a0\u00a0<\/p>\n<p>MEDELLIN TRIBUNAL SUPERIOR DEL DISTRITO JUDICIAL \u00a0 \u00a0\u00a0<\/p>\n<p>CONFIRMA \u00a0 \u00a0 \u00a0 \u00a0 \u00a0 \u00a0 \u00a0 \u00a0 \u00a0 \u00a0\u00a0<\/p>\n<p>SE REVOCA \u00a0\u00a0<\/p>\n<p>359793 \u00a0 \u00a0 \u00a0 \u00a0 \u00a0 \u00a0 \u00a0 \u00a0 \u00a0 \u00a0\u00a0<\/p>\n<p>GUTIERREZ ALVAREZ AMPARO DEL SOCORRO \u00a0 \u00a0 \u00a0 \u00a0 \u00a0 \u00a0 \u00a0 \u00a0 \u00a0 \u00a0\u00a0<\/p>\n<p>MINISTERIO DE HACIENDA Y CREDITO PUBLICO, MINISTERIO DE EDUCACION NACIONAL Y DEPARTAMENTO ADMINISTRATIVO DE LA FUNCION PUBLICA \u00a0 \u00a0 \u00a0 \u00a0 \u00a0 \u00a0 \u00a0 \u00a0 \u00a0 \u00a0\u00a0<\/p>\n<p>MEDELLIN JUZGADO 2 DE MENORES \u00a0 \u00a0\u00a0<\/p>\n<p>CONCEDE \u00a0 \u00a0 \u00a0 \u00a0 \u00a0 \u00a0 \u00a0 \u00a0 \u00a0 \u00a0\u00a0<\/p>\n<p>MEDELLIN TRIBUNAL SUPERIOR DEL DISTRITO JUDICIAL \u00a0 \u00a0\u00a0<\/p>\n<p>CONFIRMA \u00a0 \u00a0 \u00a0 \u00a0 \u00a0 \u00a0 \u00a0 \u00a0 \u00a0 \u00a0\u00a0<\/p>\n<p>SE REVOCA \u00a0\u00a0<\/p>\n<p>359881 \u00a0 \u00a0 \u00a0 \u00a0 \u00a0 \u00a0 \u00a0 \u00a0 \u00a0 \u00a0\u00a0<\/p>\n<p>POLO SILVERA UBALDO RAFAEL \u00a0 \u00a0 \u00a0 \u00a0 \u00a0 \u00a0 \u00a0 \u00a0 \u00a0 \u00a0\u00a0<\/p>\n<p>MINISTERIO DE HACIENDA Y CREDITO PUBLICO, MINISTERIO DE EDUCACION NACIONAL Y DEPARTAMENTO ADMINISTRATIVO DE LA FUNCION PUBLICA \u00a0 \u00a0 \u00a0 \u00a0 \u00a0 \u00a0 \u00a0 \u00a0 \u00a0 \u00a0\u00a0<\/p>\n<p>CIENAGA (MAG.) JUZGADO 2 LABORAL DEL CIRCUITO \u00a0 \u00a0\u00a0<\/p>\n<p>CONCEDE \u00a0 \u00a0 \u00a0 \u00a0 \u00a0 \u00a0 \u00a0 \u00a0 \u00a0 \u00a0\u00a0<\/p>\n<p>\u00a0 \u00a0\u00a0 \u00a0 \u00a0 \u00a0 \u00a0 \u00a0 \u00a0 \u00a0 \u00a0\u00a0<\/p>\n<p>SE REVOCA \u00a0\u00a0<\/p>\n<p>359882 \u00a0 \u00a0 \u00a0 \u00a0 \u00a0 \u00a0 \u00a0 \u00a0 \u00a0 \u00a0\u00a0<\/p>\n<p>GARCIA CASTILLO GILMA \u00a0 \u00a0 \u00a0 \u00a0 \u00a0 \u00a0 \u00a0 \u00a0 \u00a0 \u00a0\u00a0<\/p>\n<p>MINISTERIO DE HACIENDA Y CREDITO PUBLICO, MINISTERIO DE EDUCACION NACIONAL Y DEPARTAMENTO ADMINISTRATIVO DE LA FUNCION PUBLICA \u00a0 \u00a0 \u00a0 \u00a0 \u00a0 \u00a0 \u00a0 \u00a0 \u00a0 \u00a0\u00a0<\/p>\n<p>CIENAGA (MAG.) JUZGADO 2 LABORAL DEL CIRCUITO \u00a0 \u00a0 \u00a0 \u00a0 \u00a0 \u00a0 \u00a0 \u00a0 \u00a0 \u00a0\u00a0<\/p>\n<p>\u00a0 \u00a0\u00a0 \u00a0 \u00a0 \u00a0 \u00a0 \u00a0 \u00a0 \u00a0 \u00a0\u00a0<\/p>\n<p>SE REVOCA \u00a0\u00a0<\/p>\n<p>359883 \u00a0 \u00a0 \u00a0 \u00a0 \u00a0 \u00a0 \u00a0 \u00a0 \u00a0 \u00a0\u00a0<\/p>\n<p>ARIAS TERNERA MARGARITA \u00a0 \u00a0 \u00a0 \u00a0 \u00a0 \u00a0 \u00a0 \u00a0 \u00a0 \u00a0\u00a0<\/p>\n<p>MINISTERIO DE HACIENDA Y CREDITO PUBLICO, MINISTERIO DE EDUCACION NACIONAL Y DEPARTAMENTO ADMINISTRATIVO DE LA FUNCION PUBLICA \u00a0 \u00a0 \u00a0 \u00a0 \u00a0 \u00a0 \u00a0 \u00a0 \u00a0 \u00a0\u00a0<\/p>\n<p>CIENAGA (MAG.) JUZGADO 2 LABORAL DEL CIRCUITO \u00a0 \u00a0\u00a0<\/p>\n<p>CONCEDE \u00a0 \u00a0 \u00a0 \u00a0 \u00a0 \u00a0 \u00a0 \u00a0 \u00a0 \u00a0\u00a0<\/p>\n<p>\u00a0 \u00a0\u00a0 \u00a0 \u00a0 \u00a0 \u00a0 \u00a0 \u00a0 \u00a0 \u00a0\u00a0<\/p>\n<p>SE REVOCA \u00a0\u00a0<\/p>\n<p>359884 \u00a0 \u00a0 \u00a0 \u00a0 \u00a0 \u00a0 \u00a0 \u00a0 \u00a0 \u00a0\u00a0<\/p>\n<p>PACHECO HERNANDEZ MILADIS ONDINA \u00a0 \u00a0 \u00a0 \u00a0 \u00a0 \u00a0 \u00a0 \u00a0 \u00a0 \u00a0\u00a0<\/p>\n<p>MINISTERIO DE HACIENDA Y CREDITO PUBLICO, MINISTERIO DE EDUCACION NACIONAL Y DEPARTAMENTO ADMINISTRATIVO DE LA FUNCION PUBLICA \u00a0 \u00a0 \u00a0 \u00a0 \u00a0 \u00a0 \u00a0 \u00a0 \u00a0 \u00a0\u00a0<\/p>\n<p>CIENAGA (MAG.) JUZGADO 2 LABORAL DEL CIRCUITO \u00a0 \u00a0\u00a0<\/p>\n<p>CONCEDE \u00a0 \u00a0 \u00a0 \u00a0 \u00a0 \u00a0 \u00a0 \u00a0 \u00a0 \u00a0\u00a0<\/p>\n<p>\u00a0 \u00a0\u00a0 \u00a0 \u00a0 \u00a0 \u00a0 \u00a0 \u00a0 \u00a0 \u00a0\u00a0<\/p>\n<p>SE REVOCA \u00a0\u00a0<\/p>\n<p>359885 \u00a0 \u00a0 \u00a0 \u00a0 \u00a0 \u00a0 \u00a0 \u00a0 \u00a0 \u00a0\u00a0<\/p>\n<p>BARRIOS CANTILLO CANDELARIA MARIA \u00a0 \u00a0 \u00a0 \u00a0 \u00a0 \u00a0 \u00a0 \u00a0 \u00a0 \u00a0\u00a0<\/p>\n<p>MINISTERIO DE HACIENDA Y CREDITO PUBLICO, MINISTERIO DE EDUCACION NACIONAL Y DEPARTAMENTO ADMINISTRATIVO DE LA FUNCION PUBLICA \u00a0 \u00a0 \u00a0 \u00a0 \u00a0 \u00a0 \u00a0 \u00a0 \u00a0 \u00a0\u00a0<\/p>\n<p>CIENAGA (MAG.) JUZGADO 2 LABORAL DEL CIRCUITO \u00a0 \u00a0\u00a0<\/p>\n<p>CONCEDE \u00a0 \u00a0 \u00a0 \u00a0 \u00a0 \u00a0 \u00a0 \u00a0 \u00a0 \u00a0\u00a0<\/p>\n<p>\u00a0 \u00a0\u00a0 \u00a0 \u00a0 \u00a0 \u00a0 \u00a0 \u00a0 \u00a0 \u00a0\u00a0<\/p>\n<p>SE REVOCA \u00a0\u00a0<\/p>\n<p>359887 \u00a0 \u00a0 \u00a0 \u00a0 \u00a0 \u00a0 \u00a0 \u00a0 \u00a0 \u00a0\u00a0<\/p>\n<p>BASTIDAS PORTOCARRERO PAX ZULIMA \u00a0 \u00a0 \u00a0 \u00a0 \u00a0 \u00a0 \u00a0 \u00a0 \u00a0 \u00a0\u00a0<\/p>\n<p>ITUANGO (ANT.) JUZGADO PROMISCUO DEL CIRCUITO \u00a0 \u00a0\u00a0<\/p>\n<p>CONCEDE \u00a0 \u00a0 \u00a0 \u00a0 \u00a0 \u00a0 \u00a0 \u00a0 \u00a0 \u00a0\u00a0<\/p>\n<p>\u00a0 \u00a0\u00a0 \u00a0 \u00a0 \u00a0 \u00a0 \u00a0 \u00a0 \u00a0 \u00a0\u00a0<\/p>\n<p>SE REVOCA \u00a0\u00a0<\/p>\n<p>359888 \u00a0 \u00a0 \u00a0 \u00a0 \u00a0 \u00a0 \u00a0 \u00a0 \u00a0 \u00a0\u00a0<\/p>\n<p>CORTES OSORIO MARIA BERENICE \u00a0 \u00a0 \u00a0 \u00a0 \u00a0 \u00a0 \u00a0 \u00a0 \u00a0 \u00a0\u00a0<\/p>\n<p>MINISTERIO DE HACIENDA Y CREDITO PUBLICO, MINISTERIO DE EDUCACION NACIONAL Y DEPARTAMENTO ADMINISTRATIVO DE LA FUNCION PUBLICA \u00a0 \u00a0 \u00a0 \u00a0 \u00a0 \u00a0 \u00a0 \u00a0 \u00a0 \u00a0\u00a0<\/p>\n<p>ITUANGO (ANT.) JUZGADO PROMISCUO MUNICIPAL \u00a0 \u00a0\u00a0<\/p>\n<p>CONCEDE \u00a0 \u00a0 \u00a0 \u00a0 \u00a0 \u00a0 \u00a0 \u00a0 \u00a0 \u00a0\u00a0<\/p>\n<p>\u00a0 \u00a0\u00a0 \u00a0 \u00a0 \u00a0 \u00a0 \u00a0 \u00a0 \u00a0 \u00a0\u00a0<\/p>\n<p>SE REVOCA \u00a0\u00a0<\/p>\n<p>359889 \u00a0 \u00a0 \u00a0 \u00a0 \u00a0 \u00a0 \u00a0 \u00a0 \u00a0 \u00a0\u00a0<\/p>\n<p>GIRALDO GALLEGO JOAQUIN EMILIO \u00a0 \u00a0 \u00a0 \u00a0 \u00a0 \u00a0 \u00a0 \u00a0 \u00a0 \u00a0\u00a0<\/p>\n<p>MINISTERIO DE HACIENDA Y CREDITO PUBLICO, MINISTERIO DE EDUCACION NACIONAL Y DEPARTAMENTO ADMINISTRATIVO DE LA FUNCION PUBLICA \u00a0 \u00a0 \u00a0 \u00a0 \u00a0 \u00a0 \u00a0 \u00a0 \u00a0 \u00a0\u00a0<\/p>\n<p>ITUANGO (ANT.) JUZGADO PROMISCUO MUNICIPAL \u00a0 \u00a0\u00a0<\/p>\n<p>CONCEDE \u00a0 \u00a0 \u00a0 \u00a0 \u00a0 \u00a0 \u00a0 \u00a0 \u00a0 \u00a0\u00a0<\/p>\n<p>\u00a0 \u00a0\u00a0 \u00a0 \u00a0 \u00a0 \u00a0 \u00a0 \u00a0 \u00a0 \u00a0\u00a0<\/p>\n<p>SE REVOCA \u00a0\u00a0<\/p>\n<p>359908 \u00a0 \u00a0 \u00a0 \u00a0 \u00a0 \u00a0 \u00a0 \u00a0 \u00a0 \u00a0\u00a0<\/p>\n<p>CANDELO QUINTERO HARVEY \u00a0 \u00a0 \u00a0 \u00a0 \u00a0 \u00a0 \u00a0 \u00a0 \u00a0 \u00a0\u00a0<\/p>\n<p>MINISTERIO DE HACIENDA Y CREDITO PUBLICO, MINISTERIO DE EDUCACION NACIONAL Y DEPARTAMENTO ADMINISTRATIVO DE LA FUNCION PUBLICA \u00a0 \u00a0 \u00a0 \u00a0 \u00a0 \u00a0 \u00a0 \u00a0 \u00a0 \u00a0\u00a0<\/p>\n<p>PALMIRA (VALLE) JUZGADO 7 CIVIL MUNICIPAL \u00a0 \u00a0\u00a0<\/p>\n<p>CONCEDE \u00a0 \u00a0 \u00a0 \u00a0 \u00a0 \u00a0 \u00a0 \u00a0 \u00a0 \u00a0\u00a0<\/p>\n<p>SE REVOCA \u00a0\u00a0<\/p>\n<p>359961 \u00a0 \u00a0 \u00a0 \u00a0 \u00a0 \u00a0 \u00a0 \u00a0 \u00a0 \u00a0\u00a0<\/p>\n<p>OBANDO GARCIA STELLA Y OTROS \u00a0 \u00a0 \u00a0 \u00a0 \u00a0 \u00a0 \u00a0 \u00a0 \u00a0 \u00a0\u00a0<\/p>\n<p>MINISTERIO DE HACIENDA Y CREDITO PUBLICO, MINISTERIO DE EDUCACION NACIONAL Y DEPARTAMENTO ADMINISTRATIVO DE LA FUNCION PUBLICA \u00a0 \u00a0 \u00a0 \u00a0 \u00a0 \u00a0 \u00a0 \u00a0 \u00a0 \u00a0\u00a0<\/p>\n<p>TULUA (VALLE) JUZGADO SEGUNDO CIVIL MUNICIPAL \u00a0 \u00a0\u00a0<\/p>\n<p>CONCEDE \u00a0 \u00a0 \u00a0 \u00a0 \u00a0 \u00a0 \u00a0 \u00a0 \u00a0 \u00a0\u00a0<\/p>\n<p>TULUA (VALLE) JUZGADO 2 CIVIL DEL CIRCUITO \u00a0 \u00a0\u00a0<\/p>\n<p>CONFIRMA \u00a0 \u00a0 \u00a0 \u00a0 \u00a0 \u00a0 \u00a0 \u00a0 \u00a0 \u00a0\u00a0<\/p>\n<p>SE REVOCA \u00a0\u00a0<\/p>\n<p>360068 \u00a0 \u00a0 \u00a0 \u00a0 \u00a0 \u00a0 \u00a0 \u00a0 \u00a0 \u00a0\u00a0<\/p>\n<p>MAZO MIRA MARTHA NELLY \u00a0 \u00a0 \u00a0 \u00a0 \u00a0 \u00a0 \u00a0 \u00a0 \u00a0 \u00a0\u00a0<\/p>\n<p>MINISTERIO DE HACIENDA Y CREDITO PUBLICO, MINISTERIO DE EDUCACION NACIONAL Y DEPARTAMENTO ADMINISTRATIVO DE LA FUNCION PUBLICA \u00a0 \u00a0 \u00a0 \u00a0 \u00a0 \u00a0 \u00a0 \u00a0 \u00a0 \u00a0\u00a0<\/p>\n<p>BELLO (ANT.) JUZGADO 2 DE FAMILIA \u00a0 \u00a0\u00a0<\/p>\n<p>CONCEDE \u00a0 \u00a0 \u00a0 \u00a0 \u00a0 \u00a0 \u00a0 \u00a0 \u00a0 \u00a0\u00a0<\/p>\n<p>MEDELLIN TRIBUNAL SUPERIOR DEL DISTRITO JUDICIAL \u00a0 \u00a0\u00a0<\/p>\n<p>CONFIRMA \u00a0 \u00a0 \u00a0 \u00a0 \u00a0 \u00a0 \u00a0 \u00a0 \u00a0 \u00a0\u00a0<\/p>\n<p>SE REVOCA \u00a0\u00a0<\/p>\n<p>360074 \u00a0 \u00a0 \u00a0 \u00a0 \u00a0 \u00a0 \u00a0 \u00a0 \u00a0 \u00a0\u00a0<\/p>\n<p>CORREA BARRIENTOS GABRIEL MELKIADES \u00a0 \u00a0 \u00a0 \u00a0 \u00a0 \u00a0 \u00a0 \u00a0 \u00a0 \u00a0\u00a0<\/p>\n<p>MINISTERIO DE HACIENDA Y CREDITO PUBLICO, MINISTERIO DE EDUCACION NACIONAL Y DEPARTAMENTO ADMINISTRATIVO DE LA FUNCION PUBLICA \u00a0 \u00a0 \u00a0 \u00a0 \u00a0 \u00a0 \u00a0 \u00a0 \u00a0 \u00a0\u00a0<\/p>\n<p>YOLOMBO (ANT.) JUZGADO PROMISCUO DE FAMILIA \u00a0 \u00a0\u00a0<\/p>\n<p>CONCEDE \u00a0 \u00a0 \u00a0 \u00a0 \u00a0 \u00a0 \u00a0 \u00a0 \u00a0 \u00a0\u00a0<\/p>\n<p>\u00a0 \u00a0\u00a0 \u00a0 \u00a0 \u00a0 \u00a0 \u00a0 \u00a0 \u00a0 \u00a0\u00a0<\/p>\n<p>SE REVOCA \u00a0\u00a0<\/p>\n<p>360113 \u00a0 \u00a0 \u00a0 \u00a0 \u00a0 \u00a0 \u00a0 \u00a0 \u00a0 \u00a0\u00a0<\/p>\n<p>ARIZA GIL AURA \u00a0 \u00a0 \u00a0 \u00a0 \u00a0 \u00a0 \u00a0 \u00a0 \u00a0 \u00a0\u00a0<\/p>\n<p>PRESIDENTE DE LA REPUBLICA, MINISTRO DE HACIENDA Y CREDITO PUBLICO, MINISTRO DEL TRABAJO Y SEGURIDAD SOCIAL, MINISTRO DE DESARROLLO ECONOMICO Y DEPARTAMENTO NACIONAL DE PLANEACION \u00a0 \u00a0 \u00a0 \u00a0 \u00a0 \u00a0 \u00a0 \u00a0 \u00a0 \u00a0\u00a0<\/p>\n<p>BOGOTA JUZGADO 15 LABORAL DEL CIRCUITO \u00a0 \u00a0\u00a0<\/p>\n<p>CONCEDE \u00a0 \u00a0 \u00a0 \u00a0 \u00a0 \u00a0 \u00a0 \u00a0 \u00a0 \u00a0\u00a0<\/p>\n<p>BOGOTA TRIBUNAL SUPERIOR DEL DISTRITO JUDICIAL \u00a0 \u00a0\u00a0<\/p>\n<p>REVOCA \u00a0\u00a0<\/p>\n<p>360203 \u00a0 \u00a0 \u00a0 \u00a0 \u00a0 \u00a0 \u00a0 \u00a0 \u00a0 \u00a0\u00a0<\/p>\n<p>PRESIDENTE DE LA REPUBLICA, MINISTRO DE HACIENDA Y CREDITO PUBLICO, MINISTRO DEL TRABAJO Y SEGURIDAD SOCIAL, MINISTRO DE DESARROLLO ECONOMICO Y DEPARTAMENTO NACIONAL DE PLANEACION \u00a0 \u00a0 \u00a0 \u00a0 \u00a0 \u00a0 \u00a0 \u00a0 \u00a0 \u00a0\u00a0<\/p>\n<p>BOGOTA JUZGADO 15 LABORAL DEL CIRCUITO \u00a0 \u00a0\u00a0<\/p>\n<p>CONCEDE \u00a0 \u00a0 \u00a0 \u00a0 \u00a0 \u00a0 \u00a0 \u00a0 \u00a0 \u00a0\u00a0<\/p>\n<p>BOGOTA TRIBUNAL SUPERIOR DEL DISTRITO JUDICIAL \u00a0 \u00a0\u00a0<\/p>\n<p>CONFIRMA \u00a0 \u00a0 \u00a0 \u00a0 \u00a0 \u00a0 \u00a0 \u00a0 \u00a0 \u00a0\u00a0<\/p>\n<p>SE REVOCA \u00a0\u00a0<\/p>\n<p>360213 \u00a0 \u00a0 \u00a0 \u00a0 \u00a0 \u00a0 \u00a0 \u00a0 \u00a0 \u00a0\u00a0<\/p>\n<p>ORJUELA ZAPATA NASLY \u00a0 \u00a0 \u00a0 \u00a0 \u00a0 \u00a0 \u00a0 \u00a0 \u00a0 \u00a0\u00a0<\/p>\n<p>PRESIDENTE DE LA REPUBLICA, MINISTRO DE HACIENDA Y CREDITO PUBLICO, MINISTRO DEL TRABAJO Y SEGURIDAD SOCIAL, MINISTRO DE DESARROLLO ECONOMICO Y DEPARTAMENTO NACIONAL DE PLANEACION \u00a0 \u00a0 \u00a0 \u00a0 \u00a0 \u00a0 \u00a0 \u00a0 \u00a0 \u00a0\u00a0<\/p>\n<p>BOGOTA JUZGADO 15 LABORAL DEL CIRCUITO \u00a0 \u00a0\u00a0<\/p>\n<p>CONCEDE \u00a0 \u00a0 \u00a0 \u00a0 \u00a0 \u00a0 \u00a0 \u00a0 \u00a0 \u00a0\u00a0<\/p>\n<p>BOGOTA TRIBUNAL SUPERIOR DEL DISTRITO JUDICIAL \u00a0 \u00a0\u00a0<\/p>\n<p>CONFIRMA \u00a0 \u00a0 \u00a0 \u00a0 \u00a0 \u00a0 \u00a0 \u00a0 \u00a0 \u00a0\u00a0<\/p>\n<p>SE REVOCA \u00a0\u00a0<\/p>\n<p>360366 \u00a0 \u00a0 \u00a0 \u00a0 \u00a0 \u00a0 \u00a0 \u00a0 \u00a0 \u00a0\u00a0<\/p>\n<p>PE\u00d1A TAMAYO JUDITH DEL SOCORRO \u00a0 \u00a0 \u00a0 \u00a0 \u00a0 \u00a0 \u00a0 \u00a0 \u00a0 \u00a0\u00a0<\/p>\n<p>MINISTERIO DE HACIENDA Y CREDITO PUBLICO, MINISTERIO DE EDUCACION NACIONAL Y DEPARTAMENTO ADMINISTRATIVO DE LA FUNCION PUBLICA \u00a0 \u00a0 \u00a0 \u00a0 \u00a0 \u00a0 \u00a0 \u00a0 \u00a0 \u00a0\u00a0<\/p>\n<p>MEDELLIN JUZGADO 28 PENAL MUNICIPAL \u00a0 \u00a0\u00a0<\/p>\n<p>CONCEDE \u00a0 \u00a0 \u00a0 \u00a0 \u00a0 \u00a0 \u00a0 \u00a0 \u00a0 \u00a0\u00a0<\/p>\n<p>MEDELLIN JUZGADO 19 PENAL DEL CIRCUITO \u00a0 \u00a0\u00a0<\/p>\n<p>CONFIRMA \u00a0 \u00a0 \u00a0 \u00a0 \u00a0 \u00a0 \u00a0 \u00a0 \u00a0 \u00a0\u00a0<\/p>\n<p>SE REVOCA \u00a0\u00a0<\/p>\n<p>360401 \u00a0 \u00a0 \u00a0 \u00a0 \u00a0 \u00a0 \u00a0 \u00a0 \u00a0 \u00a0\u00a0<\/p>\n<p>MINISTERIO DE HACIENDA Y CREDITO PUBLICO, MINISTERIO DE EDUCACION NACIONAL Y DEPARTAMENTO ADMINISTRATIVO DE LA FUNCION PUBLICA \u00a0 \u00a0 \u00a0 \u00a0 \u00a0 \u00a0 \u00a0 \u00a0 \u00a0 \u00a0\u00a0<\/p>\n<p>CIENAGA (MAG.) JUZGADO 2 LABORAL DEL CIRCUITO \u00a0 \u00a0\u00a0<\/p>\n<p>CONCEDE \u00a0 \u00a0 \u00a0 \u00a0 \u00a0 \u00a0 \u00a0 \u00a0 \u00a0 \u00a0\u00a0<\/p>\n<p>\u00a0 \u00a0\u00a0 \u00a0 \u00a0 \u00a0 \u00a0 \u00a0 \u00a0 \u00a0 \u00a0\u00a0<\/p>\n<p>SE REVOCA \u00a0\u00a0<\/p>\n<p>360402 \u00a0 \u00a0 \u00a0 \u00a0 \u00a0 \u00a0 \u00a0 \u00a0 \u00a0 \u00a0\u00a0<\/p>\n<p>RACINES DURAN SONIA MARIA \u00a0 \u00a0 \u00a0 \u00a0 \u00a0 \u00a0 \u00a0 \u00a0 \u00a0 \u00a0\u00a0<\/p>\n<p>MINISTERIO DE HACIENDA Y CREDITO PUBLICO, MINISTERIO DE EDUCACION NACIONAL Y DEPARTAMENTO ADMINISTRATIVO DE LA FUNCION PUBLICA \u00a0 \u00a0 \u00a0 \u00a0 \u00a0 \u00a0 \u00a0 \u00a0 \u00a0 \u00a0\u00a0<\/p>\n<p>CIENAGA (MAG.) JUZGADO 2 LABORAL DEL CIRCUITO \u00a0 \u00a0\u00a0<\/p>\n<p>CONCEDE \u00a0 \u00a0 \u00a0 \u00a0 \u00a0 \u00a0 \u00a0 \u00a0 \u00a0 \u00a0\u00a0<\/p>\n<p>\u00a0 \u00a0\u00a0 \u00a0 \u00a0 \u00a0 \u00a0 \u00a0 \u00a0 \u00a0 \u00a0\u00a0<\/p>\n<p>SE REVOCA \u00a0\u00a0<\/p>\n<p>360403 \u00a0 \u00a0 \u00a0 \u00a0 \u00a0 \u00a0 \u00a0 \u00a0 \u00a0 \u00a0\u00a0<\/p>\n<p>JUVINAO RUIZ ROSA ELENA \u00a0 \u00a0 \u00a0 \u00a0 \u00a0 \u00a0 \u00a0 \u00a0 \u00a0 \u00a0\u00a0<\/p>\n<p>MINISTERIO DE HACIENDA Y CREDITO PUBLICO, MINISTERIO DE EDUCACION NACIONAL Y DEPARTAMENTO ADMINISTRATIVO DE LA FUNCION PUBLICA \u00a0 \u00a0 \u00a0 \u00a0 \u00a0 \u00a0 \u00a0 \u00a0 \u00a0 \u00a0\u00a0<\/p>\n<p>CIENAGA (MAG.) JUZGADO 2 LABORAL DEL CIRCUITO \u00a0 \u00a0 \u00a0 \u00a0 \u00a0 \u00a0 \u00a0 \u00a0 \u00a0 \u00a0\u00a0<\/p>\n<p>\u00a0 \u00a0\u00a0 \u00a0 \u00a0 \u00a0 \u00a0 \u00a0 \u00a0 \u00a0 \u00a0\u00a0<\/p>\n<p>SE REVOCA \u00a0\u00a0<\/p>\n<p>360404 \u00a0 \u00a0 \u00a0 \u00a0 \u00a0 \u00a0 \u00a0 \u00a0 \u00a0 \u00a0\u00a0<\/p>\n<p>ESMERAL LOPEZ LYDA ROSA \u00a0 \u00a0 \u00a0 \u00a0 \u00a0 \u00a0 \u00a0 \u00a0 \u00a0 \u00a0\u00a0<\/p>\n<p>MINISTERIO DE HACIENDA Y CREDITO PUBLICO, MINISTERIO DE EDUCACION NACIONAL Y DEPARTAMENTO ADMINISTRATIVO DE LA FUNCION PUBLICA \u00a0 \u00a0 \u00a0 \u00a0 \u00a0 \u00a0 \u00a0 \u00a0 \u00a0 \u00a0\u00a0<\/p>\n<p>CIENAGA (MAG.) JUZGADO 2 LABORAL DEL CIRCUITO \u00a0 \u00a0\u00a0<\/p>\n<p>CONCEDE \u00a0 \u00a0 \u00a0 \u00a0 \u00a0 \u00a0 \u00a0 \u00a0 \u00a0 \u00a0\u00a0<\/p>\n<p>\u00a0 \u00a0\u00a0 \u00a0 \u00a0 \u00a0 \u00a0 \u00a0 \u00a0 \u00a0 \u00a0\u00a0<\/p>\n<p>SE REVOCA \u00a0\u00a0<\/p>\n<p>360405 \u00a0 \u00a0 \u00a0 \u00a0 \u00a0 \u00a0 \u00a0 \u00a0 \u00a0 \u00a0\u00a0<\/p>\n<p>POLO PAYARES CECILIA \u00a0 \u00a0 \u00a0 \u00a0 \u00a0 \u00a0 \u00a0 \u00a0 \u00a0 \u00a0\u00a0<\/p>\n<p>MINISTERIO DE HACIENDA Y CREDITO PUBLICO, MINISTERIO DE EDUCACION NACIONAL Y DEPARTAMENTO ADMINISTRATIVO DE LA FUNCION PUBLICA \u00a0 \u00a0 \u00a0 \u00a0 \u00a0 \u00a0 \u00a0 \u00a0 \u00a0 \u00a0\u00a0<\/p>\n<p>CIENAGA (MAG.) JUZGADO 2 LABORAL DEL CIRCUITO \u00a0 \u00a0\u00a0<\/p>\n<p>CONCEDE \u00a0 \u00a0 \u00a0 \u00a0 \u00a0 \u00a0 \u00a0 \u00a0 \u00a0 \u00a0\u00a0<\/p>\n<p>\u00a0 \u00a0\u00a0 \u00a0 \u00a0 \u00a0 \u00a0 \u00a0 \u00a0 \u00a0 \u00a0\u00a0<\/p>\n<p>SE REVOCA \u00a0\u00a0<\/p>\n<p>360419 \u00a0 \u00a0 \u00a0 \u00a0 \u00a0 \u00a0 \u00a0 \u00a0 \u00a0 \u00a0\u00a0<\/p>\n<p>VEGA DE MENDOZA GRACIELA MERCEDEZ \u00a0 \u00a0 \u00a0 \u00a0 \u00a0 \u00a0 \u00a0 \u00a0 \u00a0 \u00a0\u00a0<\/p>\n<p>MINISTERIO DE HACIENDA Y CREDITO PUBLICO, MINISTERIO DE EDUCACION NACIONAL Y DEPARTAMENTO ADMINISTRATIVO DE LA FUNCION PUBLICA \u00a0 \u00a0 \u00a0 \u00a0 \u00a0 \u00a0 \u00a0 \u00a0 \u00a0 \u00a0\u00a0<\/p>\n<p>CIENAGA (MAG.) JUZGADO 2 LABORAL DEL CIRCUITO \u00a0 \u00a0\u00a0<\/p>\n<p>CONCEDE \u00a0 \u00a0 \u00a0 \u00a0 \u00a0 \u00a0 \u00a0 \u00a0 \u00a0 \u00a0\u00a0<\/p>\n<p>\u00a0 \u00a0\u00a0 \u00a0 \u00a0 \u00a0 \u00a0 \u00a0 \u00a0 \u00a0 \u00a0\u00a0<\/p>\n<p>SE REVOCA \u00a0\u00a0<\/p>\n<p>360420 \u00a0 \u00a0 \u00a0 \u00a0 \u00a0 \u00a0 \u00a0 \u00a0 \u00a0 \u00a0\u00a0<\/p>\n<p>RODRIGUEZ SUAREZ ISABEL DE JESUS \u00a0 \u00a0 \u00a0 \u00a0 \u00a0 \u00a0 \u00a0 \u00a0 \u00a0 \u00a0\u00a0<\/p>\n<p>MINISTERIO DE HACIENDA Y CREDITO PUBLICO, MINISTERIO DE EDUCACION NACIONAL Y DEPARTAMENTO ADMINISTRATIVO DE LA FUNCION PUBLICA \u00a0 \u00a0 \u00a0 \u00a0 \u00a0 \u00a0 \u00a0 \u00a0 \u00a0 \u00a0\u00a0<\/p>\n<p>CIENAGA (MAG.) JUZGADO 2 LABORAL DEL CIRCUITO \u00a0 \u00a0\u00a0<\/p>\n<p>CONCEDE \u00a0 \u00a0 \u00a0 \u00a0 \u00a0 \u00a0 \u00a0 \u00a0 \u00a0 \u00a0\u00a0<\/p>\n<p>\u00a0 \u00a0\u00a0 \u00a0 \u00a0 \u00a0 \u00a0 \u00a0 \u00a0 \u00a0 \u00a0\u00a0<\/p>\n<p>SE REVOCA \u00a0\u00a0<\/p>\n<p>360421 \u00a0 \u00a0 \u00a0 \u00a0 \u00a0 \u00a0 \u00a0 \u00a0 \u00a0 \u00a0\u00a0<\/p>\n<p>SILVA DE POLO JOSEFINA DEL CARMEN \u00a0 \u00a0 \u00a0 \u00a0 \u00a0 \u00a0 \u00a0 \u00a0 \u00a0 \u00a0\u00a0<\/p>\n<p>MINISTERIO DE HACIENDA Y CREDITO PUBLICO, MINISTERIO DE EDUCACION NACIONAL Y DEPARTAMENTO ADMINISTRATIVO DE LA FUNCION PUBLICA \u00a0 \u00a0 \u00a0 \u00a0 \u00a0 \u00a0 \u00a0 \u00a0 \u00a0 \u00a0\u00a0<\/p>\n<p>CIENAGA (MAG.) JUZGADO 2 LABORAL DEL CIRCUITO \u00a0 \u00a0\u00a0<\/p>\n<p>CONCEDE \u00a0 \u00a0 \u00a0 \u00a0 \u00a0 \u00a0 \u00a0 \u00a0 \u00a0 \u00a0\u00a0<\/p>\n<p>\u00a0 \u00a0\u00a0 \u00a0 \u00a0 \u00a0 \u00a0 \u00a0 \u00a0 \u00a0 \u00a0\u00a0<\/p>\n<p>360422 \u00a0 \u00a0 \u00a0 \u00a0 \u00a0 \u00a0 \u00a0 \u00a0 \u00a0 \u00a0\u00a0<\/p>\n<p>ESCORCIA IBA\u00d1EZ ILDA ROSA \u00a0 \u00a0 \u00a0 \u00a0 \u00a0 \u00a0 \u00a0 \u00a0 \u00a0 \u00a0\u00a0<\/p>\n<p>MINISTERIO DE HACIENDA Y CREDITO PUBLICO, MINISTERIO DE EDUCACION NACIONAL Y DEPARTAMENTO ADMINISTRATIVO DE LA FUNCION PUBLICA \u00a0 \u00a0 \u00a0 \u00a0 \u00a0 \u00a0 \u00a0 \u00a0 \u00a0 \u00a0\u00a0<\/p>\n<p>CIENAGA (MAG.) JUZGADO 2 LABORAL DEL CIRCUITO \u00a0 \u00a0\u00a0<\/p>\n<p>CONCEDE \u00a0 \u00a0 \u00a0 \u00a0 \u00a0 \u00a0 \u00a0 \u00a0 \u00a0 \u00a0\u00a0<\/p>\n<p>\u00a0 \u00a0\u00a0 \u00a0 \u00a0 \u00a0 \u00a0 \u00a0 \u00a0 \u00a0 \u00a0\u00a0<\/p>\n<p>SE REVOCA \u00a0\u00a0<\/p>\n<p>360423 \u00a0 \u00a0 \u00a0 \u00a0 \u00a0 \u00a0 \u00a0 \u00a0 \u00a0 \u00a0\u00a0<\/p>\n<p>PEREZ ARAQUE ALEJANDRO CESAR \u00a0 \u00a0 \u00a0 \u00a0 \u00a0 \u00a0 \u00a0 \u00a0 \u00a0 \u00a0\u00a0<\/p>\n<p>MINISTERIO DE HACIENDA Y CREDITO PUBLICO, MINISTERIO DE EDUCACION NACIONAL Y DEPARTAMENTO ADMINISTRATIVO DE LA FUNCION PUBLICA \u00a0 \u00a0 \u00a0 \u00a0 \u00a0 \u00a0 \u00a0 \u00a0 \u00a0 \u00a0\u00a0<\/p>\n<p>CIENAGA (MAG.) JUZGADO 2 LABORAL DEL CIRCUITO \u00a0 \u00a0\u00a0<\/p>\n<p>CONCEDE \u00a0 \u00a0 \u00a0 \u00a0 \u00a0 \u00a0 \u00a0 \u00a0 \u00a0 \u00a0\u00a0<\/p>\n<p>\u00a0 \u00a0\u00a0 \u00a0 \u00a0 \u00a0 \u00a0 \u00a0 \u00a0 \u00a0 \u00a0\u00a0<\/p>\n<p>SE REVOCA \u00a0\u00a0<\/p>\n<p>360430 \u00a0 \u00a0 \u00a0 \u00a0 \u00a0 \u00a0 \u00a0 \u00a0 \u00a0 \u00a0\u00a0<\/p>\n<p>DELGADO CASTILLO ALVARO \u00a0 \u00a0 \u00a0 \u00a0 \u00a0 \u00a0 \u00a0 \u00a0 \u00a0 \u00a0\u00a0<\/p>\n<p>MINISTRO DE HACIENDA Y CREDITO PUBLICO \u00a0 \u00a0 \u00a0 \u00a0 \u00a0 \u00a0 \u00a0 \u00a0 \u00a0 \u00a0\u00a0<\/p>\n<p>BUENAVENTURA (VALLE) JUZGADO 5 LABORAL DEL CIRCUITO \u00a0 \u00a0\u00a0<\/p>\n<p>CONCEDE \u00a0 \u00a0 \u00a0 \u00a0 \u00a0 \u00a0 \u00a0 \u00a0 \u00a0 \u00a0\u00a0<\/p>\n<p>\u00a0 \u00a0\u00a0 \u00a0 \u00a0 \u00a0 \u00a0 \u00a0 \u00a0 \u00a0 \u00a0\u00a0<\/p>\n<p>SE REVOCA \u00a0\u00a0<\/p>\n<p>360491 \u00a0 \u00a0 \u00a0 \u00a0 \u00a0 \u00a0 \u00a0 \u00a0 \u00a0 \u00a0\u00a0<\/p>\n<p>ARROYO TIRADO JORGE LUIS Y OTROS \u00a0 \u00a0 \u00a0 \u00a0 \u00a0 \u00a0 \u00a0 \u00a0 \u00a0 \u00a0\u00a0<\/p>\n<p>MINISTERIO DE HACIENDA Y CREDITO PUBLICO, MINISTERIO DE EDUCACION NACIONAL Y DEPARTAMENTO ADMINISTRATIVO DE LA FUNCION PUBLICA \u00a0 \u00a0 \u00a0 \u00a0 \u00a0 \u00a0 \u00a0 \u00a0 \u00a0 \u00a0\u00a0<\/p>\n<p>PLANETA RICA (CORD.) JUZGADO PROMISCUO DE FAMILIA \u00a0 \u00a0\u00a0<\/p>\n<p>CONCEDE \u00a0 \u00a0 \u00a0 \u00a0 \u00a0 \u00a0 \u00a0 \u00a0 \u00a0 \u00a0\u00a0<\/p>\n<p>\u00a0 \u00a0\u00a0 \u00a0 \u00a0 \u00a0 \u00a0 \u00a0 \u00a0 \u00a0 \u00a0\u00a0<\/p>\n<p>SE REVOCA \u00a0\u00a0<\/p>\n<p>360496 \u00a0 \u00a0 \u00a0 \u00a0 \u00a0 \u00a0 \u00a0 \u00a0 \u00a0 \u00a0\u00a0<\/p>\n<p>PABA BARBOSA CARMELINA \u00a0 \u00a0 \u00a0 \u00a0 \u00a0 \u00a0 \u00a0 \u00a0 \u00a0 \u00a0\u00a0<\/p>\n<p>PRESIDENTE DE LA REPUBLICA, MINISTERIO DE HACIENDA Y CREDITO PUBLICO, MINISTERIO DE EDUCACION NACIONAL \u00a0 \u00a0 \u00a0 \u00a0 \u00a0 \u00a0 \u00a0 \u00a0 \u00a0 \u00a0\u00a0<\/p>\n<p>SANTA MARTA JUZGADO 3 PENAL DEL CIRCUITO \u00a0 \u00a0\u00a0<\/p>\n<p>CONCEDE \u00a0 \u00a0 \u00a0 \u00a0 \u00a0 \u00a0 \u00a0 \u00a0 \u00a0 \u00a0\u00a0<\/p>\n<p>\u00a0 \u00a0\u00a0 \u00a0 \u00a0 \u00a0 \u00a0 \u00a0 \u00a0 \u00a0 \u00a0\u00a0<\/p>\n<p>SE REVOCA \u00a0\u00a0<\/p>\n<p>360907 \u00a0 \u00a0 \u00a0 \u00a0 \u00a0 \u00a0 \u00a0 \u00a0 \u00a0 \u00a0\u00a0<\/p>\n<p>CHAPARRO DE ARANGO LILIA Y OTROS \u00a0 \u00a0 \u00a0 \u00a0 \u00a0 \u00a0 \u00a0 \u00a0 \u00a0 \u00a0\u00a0<\/p>\n<p>MINISTERIO DE HACIENDA Y CREDITO PUBLICO, MINISTERIO DE EDUCACION NACIONAL Y DEPARTAMENTO ADMINISTRATIVO DE LA FUNCION PUBLICA \u00a0 \u00a0 \u00a0 \u00a0 \u00a0 \u00a0 \u00a0 \u00a0 \u00a0 \u00a0\u00a0<\/p>\n<p>PALMIRA (VALLE) JUZGADO 3 LABORAL DEL CIRCUITO \u00a0 \u00a0\u00a0<\/p>\n<p>CONCEDE \u00a0 \u00a0 \u00a0 \u00a0 \u00a0 \u00a0 \u00a0 \u00a0 \u00a0 \u00a0\u00a0<\/p>\n<p>\u00a0 \u00a0\u00a0 \u00a0 \u00a0 \u00a0 \u00a0 \u00a0 \u00a0 \u00a0 \u00a0\u00a0<\/p>\n<p>SE REVOCA \u00a0\u00a0<\/p>\n<p>360932 \u00a0 \u00a0 \u00a0 \u00a0 \u00a0 \u00a0 \u00a0 \u00a0 \u00a0 \u00a0\u00a0<\/p>\n<p>MINISTERIO DE HACIENDA Y CREDITO PUBLICO, MINISTERIO DE EDUCACION NACIONAL Y DEPARTAMENTO ADMINISTRATIVO DE LA FUNCION PUBLICA \u00a0 \u00a0 \u00a0 \u00a0 \u00a0 \u00a0 \u00a0 \u00a0 \u00a0 \u00a0\u00a0<\/p>\n<p>MEDELLIN JUZGADO 17 CIVIL MUNICIPAL \u00a0 \u00a0\u00a0<\/p>\n<p>CONCEDE \u00a0 \u00a0 \u00a0 \u00a0 \u00a0 \u00a0 \u00a0 \u00a0 \u00a0 \u00a0\u00a0<\/p>\n<p>\u00a0 \u00a0\u00a0 \u00a0 \u00a0 \u00a0 \u00a0 \u00a0 \u00a0 \u00a0 \u00a0\u00a0<\/p>\n<p>SE REVOCA \u00a0\u00a0<\/p>\n<p>361024 \u00a0 \u00a0 \u00a0 \u00a0 \u00a0 \u00a0 \u00a0 \u00a0 \u00a0 \u00a0\u00a0<\/p>\n<p>VARGAS HERRERA VIRGINIA \u00a0 \u00a0 \u00a0 \u00a0 \u00a0 \u00a0 \u00a0 \u00a0 \u00a0 \u00a0\u00a0<\/p>\n<p>MINISTERIO DE HACIENDA Y CREDITO PUBLICO, MINISTERIO DE EDUCACION NACIONAL Y DEPARTAMENTO ADMINISTRATIVO DE LA FUNCION PUBLICA \u00a0 \u00a0 \u00a0 \u00a0 \u00a0 \u00a0 \u00a0 \u00a0 \u00a0 \u00a0\u00a0<\/p>\n<p>ITUANGO (ANT.) JUZGADO PROMISCUO DEL CIRCUITO \u00a0 \u00a0\u00a0<\/p>\n<p>CONCEDE \u00a0 \u00a0 \u00a0 \u00a0 \u00a0 \u00a0 \u00a0 \u00a0 \u00a0 \u00a0\u00a0<\/p>\n<p>\u00a0 \u00a0\u00a0 \u00a0 \u00a0 \u00a0 \u00a0 \u00a0 \u00a0 \u00a0 \u00a0\u00a0<\/p>\n<p>SE REVOCA \u00a0\u00a0<\/p>\n<p>361025 \u00a0 \u00a0 \u00a0 \u00a0 \u00a0 \u00a0 \u00a0 \u00a0 \u00a0 \u00a0\u00a0<\/p>\n<p>CARABALLO PARRA LUZ ARMIDA \u00a0 \u00a0 \u00a0 \u00a0 \u00a0 \u00a0 \u00a0 \u00a0 \u00a0 \u00a0\u00a0<\/p>\n<p>MINISTERIO DE HACIENDA Y CREDITO PUBLICO, MINISTERIO DE EDUCACION NACIONAL Y DEPARTAMENTO ADMINISTRATIVO DE LA FUNCION PUBLICA \u00a0 \u00a0 \u00a0 \u00a0 \u00a0 \u00a0 \u00a0 \u00a0 \u00a0 \u00a0\u00a0<\/p>\n<p>ITUANGO (ANT.) JUZGADO PROMISCUO DEL CIRCUITO \u00a0 \u00a0\u00a0<\/p>\n<p>CONCEDE \u00a0 \u00a0 \u00a0 \u00a0 \u00a0 \u00a0 \u00a0 \u00a0 \u00a0 \u00a0\u00a0<\/p>\n<p>\u00a0 \u00a0\u00a0 \u00a0 \u00a0 \u00a0 \u00a0 \u00a0 \u00a0 \u00a0 \u00a0\u00a0<\/p>\n<p>SE REVOCA \u00a0\u00a0<\/p>\n<p>361026 \u00a0 \u00a0 \u00a0 \u00a0 \u00a0 \u00a0 \u00a0 \u00a0 \u00a0 \u00a0\u00a0<\/p>\n<p>GUTIERREZ BETANCUR MARIA ELENA \u00a0 \u00a0 \u00a0 \u00a0 \u00a0 \u00a0 \u00a0 \u00a0 \u00a0 \u00a0\u00a0<\/p>\n<p>MINISTERIO DE HACIENDA Y CREDITO PUBLICO, MINISTERIO DE EDUCACION NACIONAL Y DEPARTAMENTO ADMINISTRATIVO DE LA FUNCION PUBLICA \u00a0 \u00a0 \u00a0 \u00a0 \u00a0 \u00a0 \u00a0 \u00a0 \u00a0 \u00a0\u00a0<\/p>\n<p>ITUANGO (ANT.) JUZGADO PROMISCUO DEL CIRCUITO \u00a0 \u00a0\u00a0<\/p>\n<p>CONCEDE \u00a0 \u00a0 \u00a0 \u00a0 \u00a0 \u00a0 \u00a0 \u00a0 \u00a0 \u00a0\u00a0<\/p>\n<p>\u00a0 \u00a0\u00a0 \u00a0 \u00a0 \u00a0 \u00a0 \u00a0 \u00a0 \u00a0 \u00a0\u00a0<\/p>\n<p>SE REVOCA \u00a0\u00a0<\/p>\n<p>361027 \u00a0 \u00a0 \u00a0 \u00a0 \u00a0 \u00a0 \u00a0 \u00a0 \u00a0 \u00a0\u00a0<\/p>\n<p>CARDONA PUERTA ELBA LUZ \u00a0 \u00a0 \u00a0 \u00a0 \u00a0 \u00a0 \u00a0 \u00a0 \u00a0 \u00a0\u00a0<\/p>\n<p>MINISTERIO DE HACIENDA Y CREDITO PUBLICO, MINISTERIO DE EDUCACION NACIONAL Y DEPARTAMENTO ADMINISTRATIVO DE LA FUNCION PUBLICA \u00a0 \u00a0 \u00a0 \u00a0 \u00a0 \u00a0 \u00a0 \u00a0 \u00a0 \u00a0\u00a0<\/p>\n<p>ITUANGO (ANT.) JUZGADO PROMISCUO DEL CIRCUITO \u00a0 \u00a0\u00a0<\/p>\n<p>CONCEDE \u00a0 \u00a0 \u00a0 \u00a0 \u00a0 \u00a0 \u00a0 \u00a0 \u00a0 \u00a0\u00a0<\/p>\n<p>\u00a0 \u00a0\u00a0 \u00a0 \u00a0 \u00a0 \u00a0 \u00a0 \u00a0 \u00a0 \u00a0\u00a0<\/p>\n<p>SE REVOCA \u00a0\u00a0<\/p>\n<p>361028 \u00a0 \u00a0 \u00a0 \u00a0 \u00a0 \u00a0 \u00a0 \u00a0 \u00a0 \u00a0\u00a0<\/p>\n<p>MARIN RAMIREZ MIGUEL ANGEL \u00a0 \u00a0 \u00a0 \u00a0 \u00a0 \u00a0 \u00a0 \u00a0 \u00a0 \u00a0\u00a0<\/p>\n<p>MINISTERIO DE HACIENDA Y CREDITO PUBLICO, MINISTERIO DE EDUCACION NACIONAL Y DEPARTAMENTO ADMINISTRATIVO DE LA FUNCION PUBLICA \u00a0 \u00a0 \u00a0 \u00a0 \u00a0 \u00a0 \u00a0 \u00a0 \u00a0 \u00a0\u00a0<\/p>\n<p>ITUANGO (ANT.) JUZGADO PROMISCUO DEL CIRCUITO \u00a0 \u00a0\u00a0<\/p>\n<p>CONCEDE \u00a0 \u00a0 \u00a0 \u00a0 \u00a0 \u00a0 \u00a0 \u00a0 \u00a0 \u00a0\u00a0<\/p>\n<p>\u00a0 \u00a0\u00a0 \u00a0 \u00a0 \u00a0 \u00a0 \u00a0 \u00a0 \u00a0 \u00a0\u00a0<\/p>\n<p>SE REVOCA \u00a0\u00a0<\/p>\n<p>361099 \u00a0 \u00a0 \u00a0 \u00a0 \u00a0 \u00a0 \u00a0 \u00a0 \u00a0 \u00a0\u00a0<\/p>\n<p>MORENO ROSERO LUIS ALEJANDRO Y OTRO \u00a0 \u00a0 \u00a0 \u00a0 \u00a0 \u00a0 \u00a0 \u00a0 \u00a0 \u00a0\u00a0<\/p>\n<p>MINISTERIO DE HACIENDA Y CREDITO PUBLICO \u00a0 \u00a0 \u00a0 \u00a0 \u00a0 \u00a0 \u00a0 \u00a0 \u00a0 \u00a0\u00a0<\/p>\n<p>PASTO TRIBUNAL SUPERIOR DEL DISTRITO JUDICIAL \u00a0 \u00a0\u00a0<\/p>\n<p>CONCEDE \u00a0 \u00a0 \u00a0 \u00a0 \u00a0 \u00a0 \u00a0 \u00a0 \u00a0 \u00a0\u00a0<\/p>\n<p>\u00a0 \u00a0\u00a0 \u00a0 \u00a0 \u00a0 \u00a0 \u00a0 \u00a0 \u00a0 \u00a0\u00a0<\/p>\n<p>SE REVOCA \u00a0\u00a0<\/p>\n<p>361169 \u00a0 \u00a0 \u00a0 \u00a0 \u00a0 \u00a0 \u00a0 \u00a0 \u00a0 \u00a0\u00a0<\/p>\n<p>MINISTERIO DE HACIENDA Y CREDITO PUBLICO, MINISTERIO DE EDUCACION NACIONAL Y DEPARTAMENTO ADMINISTRATIVO DE LA FUNCION PUBLICA \u00a0 \u00a0 \u00a0 \u00a0 \u00a0 \u00a0 \u00a0 \u00a0 \u00a0 \u00a0\u00a0<\/p>\n<p>CIENAGA (MAG.) JUZGADO 2 LABORAL DEL CIRCUITO \u00a0 \u00a0\u00a0<\/p>\n<p>CONCEDE \u00a0 \u00a0 \u00a0 \u00a0 \u00a0 \u00a0 \u00a0 \u00a0 \u00a0 \u00a0\u00a0<\/p>\n<p>\u00a0 \u00a0\u00a0 \u00a0 \u00a0 \u00a0 \u00a0 \u00a0 \u00a0 \u00a0 \u00a0\u00a0<\/p>\n<p>SE REVOCA \u00a0\u00a0<\/p>\n<p>361170 \u00a0 \u00a0 \u00a0 \u00a0 \u00a0 \u00a0 \u00a0 \u00a0 \u00a0 \u00a0\u00a0<\/p>\n<p>VIVES HENRIQUEZ MANUEL POLONIO \u00a0 \u00a0 \u00a0 \u00a0 \u00a0 \u00a0 \u00a0 \u00a0 \u00a0 \u00a0\u00a0<\/p>\n<p>MINISTERIO DE HACIENDA Y CREDITO PUBLICO, MINISTERIO DE EDUCACION NACIONAL Y DEPARTAMENTO ADMINISTRATIVO DE LA FUNCION PUBLICA \u00a0 \u00a0 \u00a0 \u00a0 \u00a0 \u00a0 \u00a0 \u00a0 \u00a0 \u00a0\u00a0<\/p>\n<p>CIENAGA (MAG.) JUZGADO 2 LABORAL DEL CIRCUITO \u00a0 \u00a0\u00a0<\/p>\n<p>CONCEDE \u00a0 \u00a0 \u00a0 \u00a0 \u00a0 \u00a0 \u00a0 \u00a0 \u00a0 \u00a0\u00a0<\/p>\n<p>\u00a0 \u00a0\u00a0 \u00a0 \u00a0 \u00a0 \u00a0 \u00a0 \u00a0 \u00a0 \u00a0\u00a0<\/p>\n<p>SE REVOCA \u00a0\u00a0<\/p>\n<p>361171 \u00a0 \u00a0 \u00a0 \u00a0 \u00a0 \u00a0 \u00a0 \u00a0 \u00a0 \u00a0\u00a0<\/p>\n<p>URIELES PALMA KELY CECILIA \u00a0 \u00a0 \u00a0 \u00a0 \u00a0 \u00a0 \u00a0 \u00a0 \u00a0 \u00a0\u00a0<\/p>\n<p>MINISTERIO DE HACIENDA Y CREDITO PUBLICO, MINISTERIO DE EDUCACION NACIONAL Y DEPARTAMENTO ADMINISTRATIVO DE LA FUNCION PUBLICA \u00a0 \u00a0 \u00a0 \u00a0 \u00a0 \u00a0 \u00a0 \u00a0 \u00a0 \u00a0\u00a0<\/p>\n<p>CIENAGA (MAG.) JUZGADO 2 LABORAL DEL CIRCUITO \u00a0 \u00a0\u00a0<\/p>\n<p>CONCEDE \u00a0 \u00a0 \u00a0 \u00a0 \u00a0 \u00a0 \u00a0 \u00a0 \u00a0 \u00a0\u00a0<\/p>\n<p>\u00a0 \u00a0\u00a0 \u00a0 \u00a0 \u00a0 \u00a0 \u00a0 \u00a0 \u00a0 \u00a0\u00a0<\/p>\n<p>SE REVOCA \u00a0\u00a0<\/p>\n<p>361172 \u00a0 \u00a0 \u00a0 \u00a0 \u00a0 \u00a0 \u00a0 \u00a0 \u00a0 \u00a0\u00a0<\/p>\n<p>VARELA AVILA MARLENE \u00a0 \u00a0 \u00a0 \u00a0 \u00a0 \u00a0 \u00a0 \u00a0 \u00a0 \u00a0\u00a0<\/p>\n<p>MINISTERIO DE HACIENDA Y CREDITO PUBLICO, MINISTERIO DE EDUCACION NACIONAL Y DEPARTAMENTO ADMINISTRATIVO DE LA FUNCION PUBLICA \u00a0 \u00a0 \u00a0 \u00a0 \u00a0 \u00a0 \u00a0 \u00a0 \u00a0 \u00a0\u00a0<\/p>\n<p>CIENAGA (MAG.) JUZGADO 2 LABORAL DEL CIRCUITO \u00a0 \u00a0\u00a0<\/p>\n<p>CONCEDE \u00a0 \u00a0 \u00a0 \u00a0 \u00a0 \u00a0 \u00a0 \u00a0 \u00a0 \u00a0\u00a0<\/p>\n<p>\u00a0 \u00a0\u00a0 \u00a0 \u00a0 \u00a0 \u00a0 \u00a0 \u00a0 \u00a0 \u00a0\u00a0<\/p>\n<p>SE REVOCA \u00a0\u00a0<\/p>\n<p>361173 \u00a0 \u00a0 \u00a0 \u00a0 \u00a0 \u00a0 \u00a0 \u00a0 \u00a0 \u00a0\u00a0<\/p>\n<p>PEDRAZA NIEBLES LUIS ADOLFO \u00a0 \u00a0 \u00a0 \u00a0 \u00a0 \u00a0 \u00a0 \u00a0 \u00a0 \u00a0\u00a0<\/p>\n<p>PRESIDENTE DE LA REPUBLICA, MINISTRO DE HACIENDA Y CREDITO PUBLICO, MINISTRO DE LA DEFENSA NACIONAL Y CAJA DE SUELDOS Y RETIRO DE LA POLICIA NACIONAL \u00a0 \u00a0 \u00a0 \u00a0 \u00a0 \u00a0 \u00a0 \u00a0 \u00a0 \u00a0\u00a0<\/p>\n<p>CIENAGA (MAG.) JUZGADO 2 LABORAL DEL CIRCUITO \u00a0 \u00a0\u00a0<\/p>\n<p>CONCEDE \u00a0 \u00a0 \u00a0 \u00a0 \u00a0 \u00a0 \u00a0 \u00a0 \u00a0 \u00a0\u00a0<\/p>\n<p>\u00a0 \u00a0\u00a0 \u00a0 \u00a0 \u00a0 \u00a0 \u00a0 \u00a0 \u00a0 \u00a0\u00a0<\/p>\n<p>SE REVOCA \u00a0\u00a0<\/p>\n<p>361175 \u00a0 \u00a0 \u00a0 \u00a0 \u00a0 \u00a0 \u00a0 \u00a0 \u00a0 \u00a0\u00a0<\/p>\n<p>VILLA GONZALEZ ANA MARIA DE LOS DOLORES \u00a0 \u00a0 \u00a0 \u00a0 \u00a0 \u00a0 \u00a0 \u00a0 \u00a0 \u00a0\u00a0<\/p>\n<p>MEDELLIN JUZGADO 1 DE FAMILIA \u00a0 \u00a0\u00a0<\/p>\n<p>CONCEDE \u00a0 \u00a0 \u00a0 \u00a0 \u00a0 \u00a0 \u00a0 \u00a0 \u00a0 \u00a0\u00a0<\/p>\n<p>\u00a0 \u00a0\u00a0 \u00a0 \u00a0 \u00a0 \u00a0 \u00a0 \u00a0 \u00a0 \u00a0\u00a0<\/p>\n<p>SE REVOCA \u00a0\u00a0<\/p>\n<p>361323 \u00a0 \u00a0 \u00a0 \u00a0 \u00a0 \u00a0 \u00a0 \u00a0 \u00a0 \u00a0\u00a0<\/p>\n<p>HENAO VALENCIA HARVEY Y OTROS \u00a0 \u00a0 \u00a0 \u00a0 \u00a0 \u00a0 \u00a0 \u00a0 \u00a0 \u00a0\u00a0<\/p>\n<p>MINISTERIO DE HACIENDA Y CREDITO PUBLICO, MINISTERIO DE EDUCACION NACIONAL Y DEPARTAMENTO ADMINISTRATIVO DE LA FUNCION PUBLICA \u00a0 \u00a0 \u00a0 \u00a0 \u00a0 \u00a0 \u00a0 \u00a0 \u00a0 \u00a0\u00a0<\/p>\n<p>PALMIRA (VALLE) JUZGADO 3 LABORAL DEL CIRCUITO \u00a0 \u00a0\u00a0<\/p>\n<p>CONCEDE \u00a0 \u00a0 \u00a0 \u00a0 \u00a0 \u00a0 \u00a0 \u00a0 \u00a0 \u00a0\u00a0<\/p>\n<p>\u00a0 \u00a0\u00a0 \u00a0 \u00a0 \u00a0 \u00a0 \u00a0 \u00a0 \u00a0 \u00a0\u00a0<\/p>\n<p>SE REVOCA \u00a0<\/p>\n<p>CONSIDERACIONES Y FUNDAMENTOS \u00a0<\/p>\n<p>\u00a0 \u00a0 \u00a0<\/p>\n<p>1. Competencia.\u00a0 \u00a0 \u00a0<\/p>\n<p>La Sala Cuarta de Revisi\u00f3n de Tutelas de la Corte Constitucional es competente para decidir, de conformidad con lo dispuesto en los art\u00edculos 241, numeral 9o., de la Constituci\u00f3n, y 33 y 34 del decreto 2591 de 1991. \u00a0<\/p>\n<p>Segunda.- Lo que se debate. \u00a0<\/p>\n<p>Corresponde analizar a esta Sala, \u00a0si la decisi\u00f3n del Gobierno de no aumentar los salarios y pensiones en el sector p\u00fablico para el a\u00f1o 2000, cuando la cuant\u00eda de \u00e9stas fuera mayor a los dos (2) salarios m\u00ednimos legales mensuales vigentes, desconoce derecho fundamental alguno de los actores, y si tal decisi\u00f3n puede ser revisada mediante la acci\u00f3n de tutela. \u00a0 \u00a0<\/p>\n<p>Tercera. Reiteraci\u00f3n de jurisprudencia.\u00a0 \u00a0<\/p>\n<p>3.1. La Sala Plena de esta Corporaci\u00f3n, en decisi\u00f3n un\u00e1nime del \u00a0diez (10) de agosto del a\u00f1o en curso, y contenida en la sentencia SU- 1052 de 2000, resolvi\u00f3 denegar las acciones de tutela que, por los mismos hechos y pretensiones contenidas en los expedientes que ahora son objeto de revisi\u00f3n, interpusieran distintos servidores y pensionados estatales. En el mencionado fallo, se explicaron las razones por las cuales la acci\u00f3n \u00a0de tutela era un mecanismo improcedente para controvertir la determinaci\u00f3n gubernamental de no aumentar los emolumentos salariales y pensionales de los servidores y ex servidores \u00a0p\u00fablicos que, a enero de 2000, devengasen m\u00e1s de dos (2) salarios m\u00ednimos.\u00a0 \u00a0<\/p>\n<p>3.2. En relaci\u00f3n con la improcedencia de la acci\u00f3n de tutela para resolver sobre la decisi\u00f3n del Gobierno Nacional de no reajustar los salarios y pensiones estatales para el a\u00f1o 2000, afirm\u00f3 la Sala Plena de esta Corporaci\u00f3n:\u00a0 \u00a0<\/p>\n<p>\u201cal juez constitucional no le corresponde interferir, por v\u00eda de tutela, en las decisiones generales abstractas e impersonales confiadas por la Constituci\u00f3n Pol\u00edtica a otras autoridades estatales, aunque si podr\u00eda, en defensa de aquellas situaciones concretas y particulares que le competen, ordenar que se adopten medidas excepcionales con el prop\u00f3sito de salvaguardar los derechos de aquellos que, por quedar cubiertos en una decisi\u00f3n general, resultan discriminados y por tanto desprotegidos.\u00a0 \u00a0<\/p>\n<p>\u201cDe tal manera que, tal como lo consideraron los jueces de instancia, mediante la acci\u00f3n de tutela no es posible sustituir al Gobierno \u00a0Ncional en su gesti\u00f3n de formular y aplicar la pol\u00edtica fiscal del Estado, como tampoco resulta procedente, con el prop\u00f3sito por dem\u00e1s loable de proteger los derechos fundamentales, cuestionar las decisiones que con respecto a esta facultad se tomen, porque de ser posibles la sustituci\u00f3n y la disputa, tendr\u00edamos que concluir que el constituyente le confi\u00f3 al juez constitucional, por v\u00eda de tutela, el poder omn\u00edmodo de decidir en todos los asuntos p\u00fablicos, incluyendo la direcci\u00f3n econ\u00f3mica del Estado lo cual, adem\u00e1s de impertinente, contradice abiertamente la Constituci\u00f3n Pol\u00edtica. Este ordenamiento determina con claridad las funciones de los diferentes \u00f3rganos del poder p\u00fablico delimitando las concurrencias, las cuales se establecen, como mecanismos de control y cooperaci\u00f3n en la consecuci\u00f3n de los fines del Estado, pero nunca como inmisiones o interferencias (Art. 113. C.P.).\u00a0 \u00a0<\/p>\n<p>\u201cAs\u00ed las cosas, corresponde al Gobierno Nacional \u00a0la formulaci\u00f3n anual del presupuesto de rentas y ley de apropiaciones que deber\u00e1 corresponder al Plan \u00a0 de Desarrollo, de conformidad con lo dispuesto en el art\u00edculo 346 de la Constituci\u00f3n Pol\u00edtica y compete al Congreso Nacional su aprobaci\u00f3n. Por su parte, esta Corporaci\u00f3n es la encargada de estudiar y decidir respecto de su constitucionalidad, si en ejercicio de la acci\u00f3n p\u00fablica de inconstitucionalidad se llegare a controvertir.\u00a0 \u00a0<\/p>\n<p>\u201cEn consecuencia si como lo expone con claridad el Ministro de Hacienda y Cr\u00e9dito P\u00fablico y lo ha sostenido esta Corporaci\u00f3n, compete al Gobierno \u00a0 presentar el proyecto de presupuesto y la ley de apropiaciones en armon\u00eda con su pol\u00edtica econ\u00f3mica y fiscal, no le corresponde al juez de tutela ordenar su modificaci\u00f3n con miras a que se incluya un rubro destinado al incremento salarial de los servidores p\u00fablicos, porque, de hacerlo, se inmiscuir\u00eda por v\u00eda de tutela, en los asuntos que competen a otras autoridades, desbordando as\u00ed la competencia constitucional conferida en el art\u00edculo 86 de la Constituci\u00f3n Pol\u00edtica y deber\u00e1 responder por extralimitaci\u00f3n de funciones de conformidad con lo dispuesto por el art\u00edculo 6 del mismo ordenamiento.\u00a0 \u00a0<\/p>\n<p>\u201cDe otra parte, debe recordarse que en la contestaci\u00f3n a las acciones de tutela cuyas decisiones se revisan, el Ministro de Hacienda y Cr\u00e9dito P\u00fablico relaciona la decisi\u00f3n del Gobierno \u00a0de no incluir en el proyecto de presupuesto un rubro destinado a incrementar la remuneraci\u00f3n de los servidores p\u00fablicos que devengan m\u00e1s de dos salarios m\u00ednimos, con la necesidad de incluir en el proyecto de ley de presupuesto compromisos que cuenten con los correspondientes recursos para que puedan efectivamente ser atendidos, de conformidad con lo dispuesto por el art\u00edculo 39 del Decreto 111 de 1996, Estatuto Org\u00e1nico del Presupuesto.\u00a0 \u00a0<\/p>\n<p>\u201cEsta menci\u00f3n del Ministro de Hacienda no puede pasar inadvertida, porque de conformidad con la regla de legalidad del gasto que es un desarrollo del principio de legalidad de la funci\u00f3n p\u00fablica, esta Corporaci\u00f3n no podr\u00eda crear la obligaci\u00f3n a cargo del Estado de reajustar el salario de los servidores p\u00fablicos en un monto determinado y para una vigencia espec\u00edfica, como tampoco ordenar que el Gobierno Ncional lo haga, porque adem\u00e1s de transgredir los art\u00edculos 6\u00b0 y 86 de la Constituci\u00f3n Pol\u00edtica, como qued\u00f3 explicado, quebrantar\u00eda los art\u00edculos 345, 346 y 347 del mismo ordenamiento, como tambi\u00e9n el art\u00edculo 71 del Estatuto Org\u00e1nico del Presupuesto (Decreto 111 de 1996). Lo anterior por cuanto, de conformidad con estas disposiciones no se puede crear una obligaci\u00f3n ni tampoco ordenar un gasto, sin que se cuente para el efecto con la respectiva disponibilidad presupuestal. As\u00ed mismo, no debe olvidarse que el art\u00edculo 136 del C\u00f3digo Penal tipifica como peculado comprometer sumas superiores a las fijadas en \u201cel presupuesto\u201d al igual que invertir las incluidas en \u00e9ste en forma diferente a la prevista. De tal suerte que, tanto por la naturaleza de la acci\u00f3n de tutela como por el principio de legalidad del gasto p\u00fablico, el juez constitucional no puede por v\u00eda de tutela incrementar el salario de los accionantes como tampoco ordenar al Gobierno \u00a0Nacional que lo haga. \u00a0<\/p>\n<p>\u201c3.2. Los tutelantes adem\u00e1s de estar inconformes con la decisi\u00f3n del Gobierno \u00a0 relativa al no incremento de sus salarios, discrepan de los reajustes previstos en el ordenamiento, tanto para los miembros del Congreso \u00a0 por el art\u00edculo 187 de la Constituci\u00f3n Pol\u00edtica, como para los Magistrados del Consejo Superior de la Judicatura, de la Corte Constitucional, de la Corte Suprema de Justicia, del Consejo de Estado y de otros funcionarios al servicio del Estado, por el art\u00edculo 15 de la Ley 04 de 1992. Al respecto consideran, que los incrementos previstos en estas normas desconocen el principio de igualdad consagrado en el art\u00edculo 13 de la Constituci\u00f3n Pol\u00edtica. Arguyen que la medida del Gobierno Nacional los discrimina, porque solo algunos servidores p\u00fablicos resultar\u00edan afectados con el no incremento de sus salarios para el presente a\u00f1o. Al respecto, precisa reiterar que las anteriores disposiciones no pueden ser controvertidas por v\u00eda de tutela porque tienen previsto en el ordenamiento un tr\u00e1mite especial que hace de suyo a la tutela improcedente.\u00a0 \u00a0<\/p>\n<p>\u201cDe lo anterior se sigue que deben confirmarse las decisiones de instancia porque la acci\u00f3n de tutela, tal como qued\u00f3 expuesto, no es el mecanismo pertinente para cuestionar o modificar las orientaciones o directrices del Gobierno \u00a0 en materia de gasto p\u00fablico, en raz\u00f3n a que la pol\u00edtica fiscal del Estado se hace realidad en la Ley Org\u00e1nica del Presupuesto y Ley de apropiaciones para una vigencia determinada, que debe controvertirse, ante esta Corporaci\u00f3n, pero en ejercicio de la acci\u00f3n p\u00fablica de inconstitucionalidad. Al respecto vale recordar que a consideraci\u00f3n de \u00e9sta Corte se encuentran sendas demandas en las cuales se controvierte la constitucionalidad de la Ley 547 de 1999 &#8211; por la cual se decreta el Presupuesto de Rentas y Recursos de Capital y Ley de Apropiaciones para la vigencia Fiscal del 1\u00b0 de enero al 31 de diciembre del 2000- radicadas con los n\u00fameros 2780, 2804, 2922 y 3051. \u00a0<\/p>\n<p>\u201cIgualmente, tampoco la acci\u00f3n de tutela es el procedimiento id\u00f3neo para controvertir la constitucionalidad del art\u00edculo 15 de la Ley 04 de 1992. Esta disposici\u00f3n, al igual que las anteriores, debe demandarse ante \u00e9sta Corte en ejercicio de la acci\u00f3n p\u00fablica de inconstitucionalidad.\u00a0 \u00a0<\/p>\n<p>\u201cAs\u00ed mismo, el mandato del art\u00edculo 187 de la Constituci\u00f3n Pol\u00edtica, de conformidad con el cual la asignaci\u00f3n de los miembros del Congreso se reajustar\u00e1 cada a\u00f1o, no puede objetarse por ning\u00fan procedimiento, puesto que su incuestionable jerarqu\u00eda la hace inmune a las controversias, incluso ante esta Corporaci\u00f3n a la cual corresponde velar por su guarda e integridad. No obstante cabe recordar que las mismas pueden ser reformadas por los canales previstos para el efecto en el mismo ordenamiento (Art. 374 a 379 C.P.).\u00a0 \u00a0<\/p>\n<p>\u201c4.- Improcedencia de la acci\u00f3n de tutela como medida transitoria.\u00a0 \u00a0<\/p>\n<p>Sobre este asunto, en la misma sentencia antes citada se consider\u00f3: \u00a0<\/p>\n<p>\u201c &#8230; se observa que todos los accionantes invocan la protecci\u00f3n transitoria arguyendo que se disminuy\u00f3 el poder adquisitivo de su salario al no haberse decretado su reajuste de conformidad al incremento del IPC para el a\u00f1o inmediatamente anterior. Ninguno se refiere a circunstancias especiales, como tampoco se aportan pruebas de hechos excepcionales que ameriten protecci\u00f3n. De ah\u00ed que ha de considerarse que \u00e9stos han sido afectados por el incremento del costo de vida, al igual que todos los habitantes del territorio \u00a0, problem\u00e1tica que debido a su generalidad y a su componente estructural, no puede remediarse mediante las \u00f3rdenes que compete impartir al juez de tutela.\u00a0 \u00a0<\/p>\n<p>\u201cAdem\u00e1s, de conformidad con lo expuesto por la apoderada de la Secretar\u00eda Jur\u00eddica de la Presidencia de la Rep\u00fablica, corroborado por el Ministerio de Hacienda y Cr\u00e9dito P\u00fablico y no contradicho por los actores, \u201cdebido a que a los servidores p\u00fablicos tuvieron en 1999 un incremento real de 3 puntos, al comparar el aumento salarial del 15% frente a una inflaci\u00f3n esperada del 12%. Como la inflaci\u00f3n prevista para el a\u00f1o 2000 es de un 10% y la masa salarial crecer\u00e1 un 5.6% , se presenta en el presenta a\u00f1o una p\u00e9rdida de 4 puntos que pr\u00e1cticamente es compensada con el aumento real obtenido por los servidores p\u00fablicos en el a\u00f1o inmediatamente anterior\u201d. Quiere decir entonces que la violaci\u00f3n general impersonal y abstracta del derecho al trabajo de los servidores p\u00fablicos, invocada para fundamentar el amparo provisional, no ha sido grave e irreparable porque, en t\u00e9rminos globales, de llegar la inflaci\u00f3n al 10% en el presente a\u00f1o, la p\u00e9rdida del poder adquisitivo de la masa salarial que conforman estos servidores ser\u00eda m\u00ednima.\u00a0 \u00a0<\/p>\n<p>\u201cPor consiguiente, la Corte estima que en el presente asunto la tutela no puede concederse como mecanismo transitorio, en raz\u00f3n a que deben ser las instancias correspondientes las que decidan si los actos generales que se controvierten, vulneran el derecho a la igualdad y al trabajo de los servidores p\u00fablicos; y, como ha quedado expuesto, ninguno de los accionantes adujo ni prob\u00f3 un perjuicio irremediable que amerite la protecci\u00f3n transitoria.\u201d\u00a0 \u00a0<\/p>\n<p>3.2. Dentro de este contexto, al existir identidad tanto en los hechos como en las pretensiones de las acciones de tutela que fueron revisadas mediante el fallo de diez (10) de agosto del a\u00f1o en curso -sentencia SU-1052 \u00a0de 2000-, y \u00a0las que ahora ocupan la atenci\u00f3n de esta Sala, habr\u00e1 de reiterarse lo dicho en esa oportunidad por el pleno de la Corporaci\u00f3n, para confirmar as\u00ed, las decisiones judiciales que denegaron el amparo que solicitaran distintos servidores y pensionados estatales. \u00a0 \u00a0 \u00a0<\/p>\n<p>3.3. Igualmente, teniendo en cuenta que algunos despachos judiciales en las acciones que ahora son objeto de revisi\u00f3n, \u00a0concedieron la protecci\u00f3n solicitada, tales decisiones han de entenderse revocadas mediante esta providencia, por cuanto la acci\u00f3n de tutela, tal como fue explicado por la Sala Plena en el fallo parcialmente transcrito, es improcedente para lograr el reajuste salarial solicitado por los diversos empleados y pensionados p\u00fablicos.\u00a0 \u00a0<\/p>\n<p>III.- DECISI\u00d3N. \u00a0<\/p>\n<p>En m\u00e9rito de lo expuesto, la Sala Cuarta de Revisi\u00f3n de la Corte Constitucional, administrando justicia en nombre del Pueblo y por \u00a0mandato \u00a0de la Constituci\u00f3n,\u00a0 \u00a0<\/p>\n<p>RESUELVE: \u00a0<\/p>\n<p>Primero: CONF\u00cdRMANSE las sentencias proferidas por los despachos judiciales que decidieron en instancia la acci\u00f3n de tutela de que trata el expediente acumulado T-360113. \u00a0<\/p>\n<p>Segundo: REV\u00d3CANSE las sentencias proferidas por los despachos judiciales que decidieron en instancia las acciones de tutela de que tratan los expedientes T-359192, 359193, 359194, 359230, 359231, 359232, 359233, 359234, 359235, 359236, 359461, 359462, 359466, 359699, 359781, 359786, 359787, 359793, 359881, 359882, 359883, 359884, 359885, 359887, 359888, 359889, 359908, 359961, 360068, 360074, 360203, 360213, 360366, 360401, 360402, 360403, 360404, 360405, 360419, 360420, 360421, 360422, 360423, 360430, 360491, 360496, 360907, 360932, 361024, 361025, 361026, 361027, 361028, 361099, 361169, 361170, 361171, 361172, 361173, 361175 y 361323 en las que se concedi\u00f3 el amparo que solicitaron los actores, \u00a0servidores \u00a0y pensionados p\u00fablicos, por la decisi\u00f3n del Gobierno Nacional \u00a0de no aumentar los salarios y pensiones estatales para el a\u00f1o 2000, cuando \u00e9stas, en su cuant\u00eda, \u00a0fueran superiores a dos (2) salarios m\u00ednimos. En consecuencia, se dejan sin efecto las \u00f3rdenes que fueron emitidas por los diferentes despachos judiciales en estos expedientes, para que el Gobierno Nacional hiciera las apropiaciones presupuestales correspondientes, a efectos de reconocer y pagar, en forma retroactiva, el reajuste salarial para el a\u00f1o 2000.\u00a0 \u00a0<\/p>\n<p>Tercero. Por Secretar\u00eda General, L\u00cdBRENSE las comunicaciones a que se refiere el art\u00edculo 36 del decreto 2591 de 1991.\u00a0 \u00a0<\/p>\n<p>Notif\u00edquese, c\u00f3piese, publ\u00edquese, comun\u00edquese e ins\u00e9rtese en la Gaceta de la Corte Constitucional. \u00a0<\/p>\n<p>CARLOS GAVIRIA D\u00cdAZ \u00a0<\/p>\n<p>Magistrado Ponente \u00a0<\/p>\n<p>ALEJANDRO MARTINEZ CABALLERO \u00a0<\/p>\n<p>Magistrado \u00a0<\/p>\n<p>JOSE GREGORIO HERNANDEZ GALINDO \u00a0<\/p>\n<p>Magistrado \u00a0<\/p>\n<p>IVAN H. ESCRUCERIA MAYOLO \u00a0<\/p>\n<p>Secretario General (E) \u00a0<\/p>\n<p>\u00a0 \u00a0\u00a0<\/p>\n<p><\/p>\n","protected":false},"excerpt":{"rendered":"<p>\u00a0 \u00a0 Sentencia T-1667\/00 \u00a0 ACCION DE TUTELA-Improcedencia para sustituir a las autoridades en las competencias asignadas por la Constituci\u00f3n Pol\u00edtica \u00a0 GOBIERNO NACIONAL-Formulaci\u00f3n anual del presupuesto y ley de apropiaciones\/JUEZ DE TUTELA-Imposibilidad de modificar presupuesto para incremento salarial de servidores p\u00fablicos \u00a0 ACCION DE TUTELA TRANSITORIA-Improcedencia incremento salarial para servidores p\u00fablicos \u00a0 Reiteraci\u00f3n de [&hellip;]<\/p>\n","protected":false},"author":1,"featured_media":0,"comment_status":"open","ping_status":"open","sticky":false,"template":"","format":"standard","meta":{"footnotes":""},"categories":[39],"tags":[],"class_list":["post-5966","post","type-post","status-publish","format-standard","hentry","category-tutelas-2000"],"_links":{"self":[{"href":"https:\/\/www.dmsjuridica.com\/buscador_20179478954\/corteconstitucionalcronologico202454587\/wp-json\/wp\/v2\/posts\/5966","targetHints":{"allow":["GET"]}}],"collection":[{"href":"https:\/\/www.dmsjuridica.com\/buscador_20179478954\/corteconstitucionalcronologico202454587\/wp-json\/wp\/v2\/posts"}],"about":[{"href":"https:\/\/www.dmsjuridica.com\/buscador_20179478954\/corteconstitucionalcronologico202454587\/wp-json\/wp\/v2\/types\/post"}],"author":[{"embeddable":true,"href":"https:\/\/www.dmsjuridica.com\/buscador_20179478954\/corteconstitucionalcronologico202454587\/wp-json\/wp\/v2\/users\/1"}],"replies":[{"embeddable":true,"href":"https:\/\/www.dmsjuridica.com\/buscador_20179478954\/corteconstitucionalcronologico202454587\/wp-json\/wp\/v2\/comments?post=5966"}],"version-history":[{"count":0,"href":"https:\/\/www.dmsjuridica.com\/buscador_20179478954\/corteconstitucionalcronologico202454587\/wp-json\/wp\/v2\/posts\/5966\/revisions"}],"wp:attachment":[{"href":"https:\/\/www.dmsjuridica.com\/buscador_20179478954\/corteconstitucionalcronologico202454587\/wp-json\/wp\/v2\/media?parent=5966"}],"wp:term":[{"taxonomy":"category","embeddable":true,"href":"https:\/\/www.dmsjuridica.com\/buscador_20179478954\/corteconstitucionalcronologico202454587\/wp-json\/wp\/v2\/categories?post=5966"},{"taxonomy":"post_tag","embeddable":true,"href":"https:\/\/www.dmsjuridica.com\/buscador_20179478954\/corteconstitucionalcronologico202454587\/wp-json\/wp\/v2\/tags?post=5966"}],"curies":[{"name":"wp","href":"https:\/\/api.w.org\/{rel}","templated":true}]}}