{"id":6019,"date":"2024-05-30T20:38:25","date_gmt":"2024-05-30T20:38:25","guid":{"rendered":"https:\/\/www.dmsjuridica.com\/buscador_20179478954\/corteconstitucionalcronologico202454587\/2024\/05\/30\/t-1731-00\/"},"modified":"2024-05-30T20:38:25","modified_gmt":"2024-05-30T20:38:25","slug":"t-1731-00","status":"publish","type":"post","link":"https:\/\/www.dmsjuridica.com\/buscador_20179478954\/corteconstitucionalcronologico202454587\/t-1731-00\/","title":{"rendered":"T-1731-00"},"content":{"rendered":"\n<p>\u00a0 \u00a0 {p} \u00a0<\/p>\n<p>Expediente T-367880 y acumulados \u00a0<\/p>\n<p>Sentencia T-1731\/00 \u00a0<\/p>\n<p>ACCION DE TUTELA-Naturaleza \u00a0<\/p>\n<p>JUEZ CONSTITUCIONAL-Improcedencia para sustituir a las autoridades en las competencias asignadas por la Constituci\u00f3n Pol\u00edtica \u00a0<\/p>\n<p>GOBIERNO NACIONAL-Formulaci\u00f3n anual del presupuesto y ley de apropiaciones\/JUEZ DE TUTELA-Imposibilidad de modificar presupuesto para incremento salarial de servidores p\u00fablicos \u00a0<\/p>\n<p>Referencia: expedientes T-367880 y otros (Acumulados) \u00a0<\/p>\n<p>Acci\u00f3n de tutela instaurada por Martha Leticia Guzm\u00e1n Mar\u00edn y otros contra la Naci\u00f3n y otros entes territoriales y de servicios. \u00a0<\/p>\n<p>Magistrado Ponente: \u00a0<\/p>\n<p>Dr. FABIO MORON DIAZ\u00a0 \u00a0<\/p>\n<p>Bogot\u00e1, D.C., diciembre doce (12) del dos mil (2000) \u00a0\u00a0 \u00a0<\/p>\n<p>\u00a0 \u00a0<\/p>\n<p>La Sala S\u00e9ptima de Revisi\u00f3n de Tutelas de la Corte Constitucional, integrada por los Magistrados FABIO MORON DIAZ, CRISTINA PARDO SCHLESINGER (E) y ALVARO TAFUR GALVIS, en ejercicio de sus competencias constitucionales y legales, ha proferido la siguiente \u00a0<\/p>\n<p>SENTENCIA \u00a0<\/p>\n<p>En el proceso de revisi\u00f3n de los fallos proferidos en primera y en segunda instancia por distintos despachos judiciales del pa\u00eds, en relaci\u00f3n con las acciones de tutela instauradas por \u00a0diferentes empleados y pensionados del sector p\u00fablico, en contra del Presidente de la Rep\u00fablica; los Ministros de Hacienda y Cr\u00e9dito P\u00fablico; Desarrollo; Educaci\u00f3n; Trabajo y Seguridad Social; Justicia y del Derecho; Jefe de Departamento Administrativo de la Funci\u00f3n P\u00fablica; el Director de Planeaci\u00f3n Nacional; el Director de la Polic\u00eda Nacional y la Caja de Sueldos y Retiro de la Polic\u00eda Nacional, entre otros. \u00a0 \u00a0<\/p>\n<p>La Sala de Selecci\u00f3n No. 10 de tutelas de la Corte Constitucional, por auto del cinco (5) de octubre del a\u00f1o 2000, orden\u00f3 la revisi\u00f3n de los casos de la referencia, as\u00ed como su acumulaci\u00f3n, para ser fallados en una misma sentencia, por presentar unidad de materia. \u00a0<\/p>\n<p>I. ANTECEDENTES \u00a0<\/p>\n<p>\u00a0 \u00a0 \u00a0<\/p>\n<p>A. Hechos \u00a0 \u00a0<\/p>\n<p>Los hechos constitutivos de las acciones de tutela objeto de revisi\u00f3n por parte de esta Sala, pueden resumirse as\u00ed: \u00a0<\/p>\n<p>Los demandantes, servidores p\u00fablicos vinculados a las distintas entidades del Estado, y algunos de ellos pensionados, consideran que la decisi\u00f3n del Gobierno Nacional de no reconocer incremento salarial alguno a los empleados p\u00fablicos, y a las pensiones de quienes devengaban para el primero (1) de enero de dos mil (2000), m\u00e1s de dos (2) salarios m\u00ednimos mensuales, es contraria a sus derechos fundamentales, espec\u00edficamente a un salario digno y justo; m\u00f3vil y proporcional; as\u00ed como al reajuste peri\u00f3dico de las pensiones y al principio de igualdad, por cuanto funcionarios de alto nivel como los magistrados de las Altas Corporaciones, el Contralor General de la Rep\u00fablica, el Fiscal General de la Naci\u00f3n, el Procurador General de la Naci\u00f3n, el Defensor del Pueblo y los Congresistas, obtuvieron un reajuste salarial equivalente al quince punto tres por ciento (15.3%), pese a la pol\u00edtica de ajuste fiscal promovida por el Gobierno, lo cual constituye en sus conceptos un flagrante desconocimiento de las garant\u00edas constitucionales relativas a la protecci\u00f3n de los derechos de los trabajadores y pensionados, puesto que dicha determinaci\u00f3n conduce inevitablemente a un perdida ostensible del poder adquisitivo de los salarios de los peticionarios.\u00a0 \u00a0<\/p>\n<p>B.- Pretensi\u00f3n. \u00a0<\/p>\n<p>Solicitan que se tutelen los derechos fundamentales a un salario digno y justo (art\u00edculo 25); m\u00f3vil y proporcional (art\u00edculo 53); as\u00ed como al reajuste peri\u00f3dico de las pensiones (art\u00edculo 53) y al principio de igualdad (art\u00edculo 13) de la Constituci\u00f3n Pol\u00edtica y que, en consecuencia, se ordene al Gobierno Nacional incrementar los salarios y pensiones de los demandantes, en un porcentaje igual o similar al \u00edndice de precios al consumidor que certifique el Departamento Administrativo de Estad\u00edstica -DANE- para el a\u00f1o de mil novecientos noventa y nueve (1999), a efectos de que puedan conservar el valor adquisitivo de los mismos; con efecto a partir del primero (1) de enero del a\u00f1o en curso. \u00a0 \u00a0<\/p>\n<p>C.- Sentencias objeto de revisi\u00f3n. \u00a0<\/p>\n<p>Despu\u00e9s de la intervenci\u00f3n de las entidades estatales demandadas, que, en t\u00e9rminos generales, solicitaron negar las acciones de tutela interpuestas en su contra, por considerar que la decisi\u00f3n del Gobierno Nacional de no aumentar los salarios y pensiones de quienes reciben emolumentos en cuant\u00eda mayor a dos salarios m\u00ednimos, no desconoce derecho fundamental alguno de quienes se consideran lesionados con la medida, los diferentes despachos judiciales que conocieron de estas acciones en el \u00e1mbito nacional, determinaron algunos, conceder el amparo de tutela solicitado al estimar que la aludida decisi\u00f3n constituye una flagrante vulneraci\u00f3n al postulado de igualdad, en raz\u00f3n al trato discriminatorio otorgado a algunos funcionarios p\u00fablicos en detrimento de otros. As\u00ed mismo, otros operadores jur\u00eddicos negaron las pretensiones de la demanda al considerar que dicha determinaci\u00f3n corresponde a una potestad exclusiva del ejecutivo en sus diversas manifestaciones. \u00a0<\/p>\n<p>Para mejor ilustraci\u00f3n sobre las actuaciones judiciales se anexa un cuadro informativo de las decisiones proferidas en \u00fanica, primera y segunda instancia reca\u00eddas en cada uno de los procesos de tutela sub examine. \u00a0<\/p>\n<p>II. \u00a0 \u00a0 \u00a0 \u00a0CONSIDERACIONES Y FUNDAMENTOS DE LA SALA \u00a0<\/p>\n<p>1. Competencia. \u00a0<\/p>\n<p>La Sala S\u00e9ptima de Revisi\u00f3n de Tutelas de la Corte Constitucional es competente para revisar los fallos de la referencia, seg\u00fan lo precept\u00faan los art\u00edculos 86 inciso 1 y 241-9 de la Constituci\u00f3n Pol\u00edtica, en armon\u00eda con los art\u00edculos 33, 34 y 35 del Decreto 2591 de 1991. \u00a0<\/p>\n<p>2. Reiteraci\u00f3n de jurisprudencia.\u00a0 \u00a0<\/p>\n<p>El problema jur\u00eddico planteado a esta Sala de Revisi\u00f3n de la Corte Constitucional, esto es, el no incremento de los salarios y pensiones de los servidores p\u00fablicos a nivel nacional, departamental y municipal en raz\u00f3n a la potestad gubernamental de fijar los salarios y sus respectivos aumentos conforme al presupuesto p\u00fablico, ya fue objeto de decisi\u00f3n por parte de esta Corporaci\u00f3n, que en decisi\u00f3n un\u00e1nime de fecha diez (10) de agosto del a\u00f1o en curso, y contenida en la sentencia SU-1052 del 20001 M.P. Dr. Alvaro Tafur Galvis, resolvi\u00f3 denegar las acciones de tutela que, por los mismos hechos y pretensiones contenidas en los expedientes que ahora son objeto de revisi\u00f3n, interpusieran distintos servidores estatales. En consecuencia, resulta oportuno remitirse a lo expresado en dicha providencia, en la cual se explicaron las razones por las cuales la acci\u00f3n \u00a0de tutela era un mecanismo improcedente para controvertir la determinaci\u00f3n gubernamental que origin\u00f3 la interposici\u00f3n de las acciones de la referencia. En efecto, en la mencionada providencia se consignaron las siguientes consideraciones sobre el tema: \u00a0<\/p>\n<p>De tal manera que, tal como lo consideraron los jueces de instancia, mediante la acci\u00f3n de tutela no es posible sustituir al Gobierno Nacional en su gesti\u00f3n de formular y aplicar la pol\u00edtica fiscal del Estado, como tampoco resulta procedente, con el prop\u00f3sito por dem\u00e1s loable de proteger los derechos fundamentales, cuestionar las decisiones que con respecto a \u00e9sta facultad se tomen, porque de ser posibles la sustituci\u00f3n y la disputa, tendr\u00edamos que concluir que el constituyente le confi\u00f3 al juez constitucional, por v\u00eda de tutela, el poder omn\u00edmodo de decidir en todos los asuntos p\u00fablicos, incluyendo la direcci\u00f3n econ\u00f3mica del Estado lo cual, adem\u00e1s de impertinente, contradice abiertamente la Constituci\u00f3n Pol\u00edtica. Este ordenamiento determina con claridad las funciones de los diferentes \u00f3rganos del poder p\u00fablico delimitando las concurrencias, las cuales se establecen, como mecanismos de control y cooperaci\u00f3n en la consecuci\u00f3n de los fines del Estado, pero nunca como inmisiones o interferencias (Art. 113. C.P.).\u00a0 \u00a0<\/p>\n<p>As\u00ed las cosas, corresponde al Gobierno Nacional la formulaci\u00f3n anual del presupuesto de rentas y ley de apropiaciones que deber\u00e1 corresponder al Plan Nacional de Desarrollo, de conformidad con lo dispuesto en el art\u00edculo 346 de la Constituci\u00f3n Pol\u00edtica y compete al Congreso Nacional su aprobaci\u00f3n. Por su parte, esta Corporaci\u00f3n es la encargada de estudiar y decidir respecto de su constitucionalidad, si en ejercicio de la acci\u00f3n p\u00fablica de inconstitucionalidad se llegare a controvertir.\u00a0 \u00a0<\/p>\n<p>En consecuencia si como lo expone con claridad el Ministro de Hacienda y Cr\u00e9dito P\u00fablico y lo ha sostenido esta Corporaci\u00f3n, compete al Gobierno Nacional presentar el proyecto de presupuesto y la ley de apropiaciones en armon\u00eda con su pol\u00edtica econ\u00f3mica y fiscal, no le corresponde al juez de tutela ordenar su modificaci\u00f3n con miras a que se incluya un rubro destinado al incremento salarial de los servidores p\u00fablicos, porque, de hacerlo, se inmiscuir\u00eda por v\u00eda de tutela, en los asuntos que competen a otras autoridades, desbordando as\u00ed la competencia constitucional conferida en el art\u00edculo 86 de la Constituci\u00f3n Pol\u00edtica y deber\u00e1 responder por extralimitaci\u00f3n de funciones de conformidad con lo dispuesto por el art\u00edculo 6 del mismo ordenamiento.\u00a0 \u00a0<\/p>\n<p>De otra parte, debe recordarse que en la contestaci\u00f3n a las acciones de tutela cuyas decisiones se revisan, el Ministro de Hacienda y Cr\u00e9dito P\u00fablico relaciona la decisi\u00f3n del Gobierno Nacional de no incluir en el proyecto de presupuesto un rubro destinado a incrementar la remuneraci\u00f3n de los servidores p\u00fablicos que devengan m\u00e1s de dos salarios m\u00ednimos, con la necesidad de incluir en el proyecto de ley de presupuesto compromisos que cuenten con los correspondientes recursos para que puedan efectivamente ser atendidos, de conformidad con lo dispuesto por el art\u00edculo 39 del Decreto 111 de 1996, Estatuto Org\u00e1nico del Presupuesto.\u00a0 \u00a0<\/p>\n<p>Esta menci\u00f3n del Ministro de Hacienda no puede pasar inadvertida, porque de conformidad con la regla de legalidad del gasto que es un desarrollo del principio de legalidad de la funci\u00f3n p\u00fablica, esta Corporaci\u00f3n no podr\u00eda crear la obligaci\u00f3n a cargo del Estado de reajustar el salario de los servidores p\u00fablicos en un monto determinado y para una vigencia espec\u00edfica, como tampoco ordenar que el Gobierno Nacional lo haga, porque adem\u00e1s de transgredir los art\u00edculos 6\u00b0 y 86 de la Constituci\u00f3n Pol\u00edtica, como qued\u00f3 explicado, quebrantar\u00eda los art\u00edculos 345, 346 y 347 del mismo ordenamiento, como tambi\u00e9n el art\u00edculo 71 del Estatuto Org\u00e1nico del Presupuesto (Decreto 111 de 1996). Lo anterior por cuanto, de conformidad con estas disposiciones no se puede crear una obligaci\u00f3n ni tampoco ordenar un gasto, sin que se cuente para el efecto con la respectiva disponibilidad presupuestal. As\u00ed mismo, no debe olvidarse que el art\u00edculo 136 del C\u00f3digo Penal tipifica como peculado comprometer sumas superiores a las fijadas en \u201cel presupuesto\u201d al igual que invertir las incluidas en \u00e9ste en forma diferente a la prevista. De tal suerte que, tanto por la naturaleza de la acci\u00f3n de tutela como por el principio de legalidad del gasto p\u00fablico, el juez constitucional no puede por v\u00eda de tutela incrementar el salario de los accionantes como tampoco ordenar al Gobierno Nacional que lo haga.2 \u00a0<\/p>\n<p>3.2. Los tutelantes adem\u00e1s de estar inconformes con la decisi\u00f3n del Gobierno Nacional relativa al no incremento de sus salarios, discrepan de los reajustes previstos en el ordenamiento, tanto para los miembros del Congreso Nacional por el art\u00edculo 187 de la Constituci\u00f3n Pol\u00edtica, como para los Magistrados del Consejo Superior de la Judicatura, de la Corte Constitucional, de la Corte Suprema de Justicia, del Consejo de Estado y de otros funcionarios al servicio del Estado, por el art\u00edculo 15 de la Ley 04 de 1992. Al respecto consideran, que los incrementos previstos en estas normas desconocen el principio de igualdad consagrado en el art\u00edculo 13 de la Constituci\u00f3n Pol\u00edtica. Arguyen que la medida del Gobierno Nacional los discrimina, porque solo algunos servidores p\u00fablicos resultar\u00edan afectados con el no incremento de sus salarios para el presente a\u00f1o. Al respecto, precisa reiterar que las anteriores disposiciones no pueden ser controvertidas por v\u00eda de tutela porque tienen previsto en el ordenamiento un tr\u00e1mite especial que hace de suyo a la tutela improcedente.\u00a0 \u00a0<\/p>\n<p>De lo anterior se sigue que deben confirmarse las decisiones de instancia porque la acci\u00f3n de tutela, tal como qued\u00f3 expuesto, no es el mecanismo pertinente para cuestionar o modificar las orientaciones o directrices del Gobierno Nacional en materia de gasto p\u00fablico, en raz\u00f3n a que la pol\u00edtica fiscal del Estado se hace realidad en la Ley Org\u00e1nica del Presupuesto y Ley de apropiaciones para una vigencia determinada, que debe controvertirse, ante esta Corporaci\u00f3n, pero en ejercicio de la acci\u00f3n p\u00fablica de inconstitucionalidad. Al respecto vale recordar que a consideraci\u00f3n de \u00e9sta Corte se encuentran sendas demandas en las cuales se controvierte la constitucionalidad de la Ley 547 de 1999 &#8211; por la cual se decreta el Presupuesto de Rentas y Recursos de Capital y Ley de Apropiaciones para la vigencia Fiscal del 1\u00b0 de enero al 31 de diciembre del 2000- radicadas con los n\u00fameros 2780, 2804, 2922 y 3051. \u00a0<\/p>\n<p>Igualmente, tampoco la acci\u00f3n de tutela es el procedimiento id\u00f3neo para controvertir la constitucionalidad del art\u00edculo 15 de la Ley 04 de 1992. Esta disposici\u00f3n, al igual que las anteriores, debe demandarse ante \u00e9sta Corte en ejercicio de la acci\u00f3n p\u00fablica de inconstitucionalidad.\u00a0 \u00a0<\/p>\n<p>As\u00ed mismo, el mandato del art\u00edculo 187 de la Constituci\u00f3n Pol\u00edtica, de conformidad con el cual la asignaci\u00f3n de los miembros del Congreso se reajustar\u00e1 cada a\u00f1o, no puede objetarse por ning\u00fan procedimiento, puesto que su incuestionable jerarqu\u00eda la hace inmune a las controversias, incluso ante esta Corporaci\u00f3n a la cual corresponde velar por su guarda e integridad. No obstante cabe recordar que las mismas pueden ser reformadas por los canales previstos para el efecto en el mismo ordenamiento (Art. 374 a 379 C.P.).\u00a0 \u00a0<\/p>\n<p>4.- Improcedencia de la acci\u00f3n de tutela como medida transitoria.\u00a0 \u00a0<\/p>\n<p>Corresponde a la Corte determinar si procede conceder las acciones instauradas como mecanismo transitorio, teniendo en cuenta que la solicitud de amparo constitucional definitivo debe negarse, por existir otros procedimientos establecidos en el ordenamiento para controvertir los hechos aducidos por los accionantes, tal y como qued\u00f3 explicado. \u00a0<\/p>\n<p>Por consiguiente, se hace necesario valorar la situaci\u00f3n particular y concreta de cada uno de los accionantes a fin de establecer, si las circunstancias relatadas por \u00e9stos son de tal gravedad que ameritan la intervenci\u00f3n del juez constitucional en asuntos que competen a otras autoridades desconociendo las disposiciones Constitucionales y legales que consagran y desarrollan el principio de la legalidad de la funci\u00f3n p\u00fablica. En caso contrario se negar\u00e1n las acciones tambi\u00e9n como mecanismo transitorio porque, si las circunstancias que aquejan a los accionantes no constituyen amenaza o consolidaci\u00f3n de un perjuicio irremediable, nada se remediar\u00eda con la intervenci\u00f3n del juez de tutela, empero si se quebrantar\u00eda todo el orden institucional.\u00a0 \u00a0<\/p>\n<p>Al respecto se observa que todos los accionantes invocan la protecci\u00f3n transitoria arguyendo que se disminuy\u00f3 el poder adquisitivo de su salario al no haberse decretado su reajuste de conformidad al incremento del IPC para el a\u00f1o inmediatamente anterior. Ninguno se refiere a circunstancias especiales, como tampoco se aportan pruebas de hechos excepcionales que ameriten protecci\u00f3n. De ah\u00ed que ha de considerarse que \u00e9stos han sido afectados por el incremento del costo de vida, al igual que todos los habitantes del territorio nacional, problem\u00e1tica que debido a su generalidad y a su componente estructural, no puede remediarse mediante las \u00f3rdenes que compete impartir al juez de tutela.\u00a0 \u00a0<\/p>\n<p>Adem\u00e1s, de conformidad con lo expuesto por la apoderada de la Secretar\u00eda Jur\u00eddica de la Presidencia de la Rep\u00fablica, corroborado por el Ministerio de Hacienda y Cr\u00e9dito P\u00fablico y no contradicho por los actores, \u201cdebido a que a los servidores p\u00fablicos tuvieron en 1999 un incremento real de 3 puntos, al comparar el aumento salarial del 15% frente a una inflaci\u00f3n esperada del 12%. Como la inflaci\u00f3n prevista para el a\u00f1o 2000 es de un 10% y la masa salarial crecer\u00e1 un 5.6% , se presenta en el presenta a\u00f1o una p\u00e9rdida de 4 puntos que pr\u00e1cticamente es compensada con el aumento real obtenido por los servidores p\u00fablicos en el a\u00f1o inmediatamente anterior\u201d. Quiere decir entonces que la violaci\u00f3n general impersonal y abstracta del derecho al trabajo de los servidores p\u00fablicos, invocada para fundamentar el amparo provisional, no ha sido grave e irreparable porque, en t\u00e9rminos globales, de llegar la inflaci\u00f3n al 10% en el presente a\u00f1o, la p\u00e9rdida del poder adquisitivo de la masa salarial que conforman estos servidores ser\u00eda m\u00ednima.\u00a0 \u00a0<\/p>\n<p>Por consiguiente, la Corte estima que en el presente asunto la tutela no puede concederse como mecanismo transitorio, en raz\u00f3n a que deben ser las instancias correspondientes las que decidan si los actos generales que se controvierten, vulneran el derecho a la igualdad y al trabajo de los servidores p\u00fablicos; y, como ha quedado expuesto, ninguno de los accionantes adujo ni prob\u00f3 un perjuicio irremediable que amerite la protecci\u00f3n transitoria.&#8221; \u00a0<\/p>\n<p>En este orden de ideas y en vista de que existe identidad tanto en los hechos como en las pretensiones de las acciones de tutela que fueron revisadas mediante el fallo de diez (10) de agosto del a\u00f1o en curso -sentencia SU &#8211; 1052 \u00a0de 2000-, y \u00a0las que ahora ocupan la atenci\u00f3n de esta Sala, habr\u00e1 de reiterarse la doctrina constitucional sentada en la mencionada providencia. \u00a0<\/p>\n<p>Por lo anterior, se confirmar\u00e1n las decisiones judiciales que denegaron el amparo que solicitar\u00e1n distintos servidores y pensionados estatales y se revocar\u00e1n las providencias que accedieron a \u00e9sta. \u00a0<\/p>\n<p>III.-\u00a0 \u00a0 \u00a0 \u00a0 \u00a0DECISI\u00d3N. \u00a0<\/p>\n<p>En m\u00e9rito de lo expuesto, la Sala S\u00e9ptima de Revisi\u00f3n de la Corte Constitucional, administrando justicia en nombre del pueblo y por \u00a0mandato \u00a0de la Constituci\u00f3n,\u00a0 \u00a0<\/p>\n<p>RESUELVE: \u00a0<\/p>\n<p>Primero. \u00a0CONF\u00cdRMANSE las Sentencias proferidas por los despachos judiciales que decidieron en instancia las acciones de tutela de que tratan los expedientes T-367880 y acumulados, en las cuales se neg\u00f3 el amparo que solicitaron los actores, servidores y pensionados p\u00fablicos, de sus derechos a la igualdad y al trabajo, por la decisi\u00f3n del Gobierno Nacional de no aumentar los salarios y pensiones estatales para al a\u00f1o 2000, cuando \u00e9stos, en su cuant\u00eda, fueran superiores a dos (2) salarios m\u00ednimos. \u00a0<\/p>\n<p>Segundo. REVOCANSE las sentencias proferidas por los despachos judiciales que decidieron en instancia las acciones de tutela de que tratan los expedientes T-367880 y acumulados, en las que se concedi\u00f3 el amparo que solicitaron los actores, servidores y pensionados p\u00fablicos, por la decisi\u00f3n del Gobierno Nacional de no aumentar los salarios y pensiones estatales para al a\u00f1o 2000, cuando \u00e9stos, en su cuant\u00eda, fueran superiores a dos (2) salarios m\u00ednimos. En consecuencia, se dejan sin efecto las \u00f3rdenes que fueron emitidas por los diferentes despachos judiciales en estos expedientes, para que el Gobierno Nacional hiciera las apropiaciones presupuestales correspondientes, a efectos de reconocer y pagar en forma retroactiva, el reajuste salarial para el a\u00f1o 2000. \u00a0<\/p>\n<p>Tercero. Por Secretar\u00eda General, l\u00edbrense las comunicaciones previstas en el art\u00edculo 36 del Decreto 2591 de 1991, para los efectos all\u00ed contemplados. \u00a0<\/p>\n<p>Notif\u00edquese, comun\u00edquese, publ\u00edquese en la Gaceta de la Corte Constitucional y c\u00famplase. \u00a0<\/p>\n<p>FABIO MORON DIAZ \u00a0<\/p>\n<p>Magistrado \u00a0<\/p>\n<p>CRISTINA PARDO SCHLESINGER \u00a0<\/p>\n<p>Magistrada (E) \u00a0<\/p>\n<p>ALVARO TAFUR GALVIS \u00a0<\/p>\n<p>Magistrado \u00a0<\/p>\n<p>IVAN ESCRUCERIA MAYOLO \u00a0<\/p>\n<p>Secretario General (E) \u00a0<\/p>\n<p>N\u00famero \u00a0 \u00a0\u00a0<\/p>\n<p>\u00a0 \u00a0\u00a0 \u00a0 \u00a0 \u00a0 \u00a0 \u00a0 \u00a0 \u00a0 \u00a0\u00a0<\/p>\n<p>\u00a0 \u00a0 \u00a0<\/p>\n<p>Demandante \u00a0 \u00a0 \u00a0 \u00a0 \u00a0 \u00a0 \u00a0 \u00a0 \u00a0 \u00a0\u00a0<\/p>\n<p>\u00a0 \u00a0 \u00a0<\/p>\n<p>\u00a0 \u00a0 \u00a0<\/p>\n<p>Juez 1\u00aa Instancia \u00a0 \u00a0 \u00a0 \u00a0 \u00a0 \u00a0 \u00a0 \u00a0 \u00a0 \u00a0\u00a0<\/p>\n<p>\u00a0 \u00a0 \u00a0<\/p>\n<p>Decisi\u00f3n \u00a0 \u00a0 \u00a0 \u00a0 \u00a0 \u00a0 \u00a0 \u00a0 \u00a0 \u00a0\u00a0<\/p>\n<p>\u00a0 \u00a0 \u00a0<\/p>\n<p>Juez 2\u00aa Instancia \u00a0 \u00a0 \u00a0 \u00a0 \u00a0 \u00a0 \u00a0 \u00a0 \u00a0 \u00a0\u00a0<\/p>\n<p>\u00a0 \u00a0 \u00a0<\/p>\n<p>Decisi\u00f3n \u00a0 \u00a0 \u00a0 \u00a0 \u00a0 \u00a0 \u00a0 \u00a0 \u00a0 \u00a0\u00a0<\/p>\n<p>\u00a0 \u00a0 \u00a0<\/p>\n<p>Trabajador o pensionado \u00a0\u00a0<\/p>\n<p>T-367896 \u00a0 \u00a0 \u00a0 \u00a0 \u00a0 \u00a0 \u00a0 \u00a0 \u00a0 \u00a0\u00a0<\/p>\n<p>Martha Eumelia Galeano Castro\u00a0 \u00a0 \u00a0 \u00a0 \u00a0 \u00a0 \u00a0 \u00a0 \u00a0 \u00a0 \u00a0\u00a0<\/p>\n<p>Gobierno Nal. \u00a0 \u00a0 \u00a0 \u00a0 \u00a0 \u00a0 \u00a0 \u00a0 \u00a0 \u00a0\u00a0<\/p>\n<p>Juzgado 21 Civil Municipal de Medell\u00edn \u00a0 \u00a0 \u00a0 \u00a0 \u00a0 \u00a0 \u00a0 \u00a0 \u00a0 \u00a0\u00a0<\/p>\n<p>Concedi\u00f3 \u00a0 \u00a0 \u00a0 \u00a0 \u00a0 \u00a0 \u00a0 \u00a0 \u00a0 \u00a0\u00a0<\/p>\n<p>Juzgado 13 Civil del Circuito de Medell\u00edn \u00a0 \u00a0 \u00a0 \u00a0 \u00a0 \u00a0 \u00a0 \u00a0 \u00a0 \u00a0\u00a0<\/p>\n<p>Confirm\u00f3 \u00a0 \u00a0 \u00a0 \u00a0 \u00a0 \u00a0 \u00a0 \u00a0 \u00a0 \u00a0\u00a0<\/p>\n<p>Trabajadora \u00a0\u00a0<\/p>\n<p>T-368026 \u00a0 \u00a0 \u00a0 \u00a0 \u00a0 \u00a0 \u00a0 \u00a0 \u00a0 \u00a0\u00a0<\/p>\n<p>Aura Lucila Castillo de Tulcan\u00a0 \u00a0 \u00a0\u00a0<\/p>\n<p>Mar\u00eda Florecita Ram\u00edrez \u00a0 \u00a0\u00a0<\/p>\n<p>Margarita Otaya Villota \u00a0 \u00a0\u00a0<\/p>\n<p>Elvia Ordo\u00f1ez Burbano \u00a0 \u00a0\u00a0<\/p>\n<p>Rosa del Carmen Ordo\u00f1ez \u00a0 \u00a0\u00a0<\/p>\n<p>Carmen Regina Valenzuela \u00a0 \u00a0\u00a0<\/p>\n<p>Concepci\u00f3n Guaitarilla \u00a0 \u00a0\u00a0<\/p>\n<p>Mar\u00eda Eugenia Montenegro Luna \u00a0 \u00a0\u00a0<\/p>\n<p>Amparo del Socorro Lasso Molina \u00a0 \u00a0\u00a0<\/p>\n<p>F\u00e1tima Cabrera Pantoja \u00a0 \u00a0\u00a0<\/p>\n<p>Ivan Sigifredo Obando Insuasty \u00a0 \u00a0\u00a0<\/p>\n<p>Jos\u00e9 Arqu\u00edmedes Gomajoa Mart\u00ednez \u00a0 \u00a0\u00a0<\/p>\n<p>Gloria del Socorro Puchana \u00a0 \u00a0\u00a0<\/p>\n<p>Mar\u00eda Eugenia Gamboa Coral \u00a0 \u00a0\u00a0<\/p>\n<p>Margarita L\u00f3pez Caez \u00a0 \u00a0\u00a0<\/p>\n<p>Flor Mar\u00eda David Fajardo \u00a0 \u00a0\u00a0<\/p>\n<p>Luis Humberto Meza Vargas \u00a0 \u00a0\u00a0<\/p>\n<p>Mar\u00eda Ang\u00e9lica Guaitarilla \u00a0 \u00a0 \u00a0 \u00a0 \u00a0 \u00a0 \u00a0 \u00a0 \u00a0 \u00a0\u00a0<\/p>\n<p>Gobierno Nal. \u00a0 \u00a0\u00a0<\/p>\n<p>Gobierno Nal. \u00a0 \u00a0\u00a0<\/p>\n<p>Gobierno Nal. \u00a0 \u00a0\u00a0<\/p>\n<p>Gobierno Nal. \u00a0 \u00a0\u00a0<\/p>\n<p>Gobierno Nal. \u00a0 \u00a0\u00a0<\/p>\n<p>Gobierno Nal. \u00a0 \u00a0\u00a0<\/p>\n<p>Gobierno Nal. \u00a0 \u00a0\u00a0<\/p>\n<p>Gobierno Nal. \u00a0 \u00a0\u00a0<\/p>\n<p>Gobierno Nal. \u00a0 \u00a0\u00a0<\/p>\n<p>Gobierno Nal. \u00a0 \u00a0\u00a0<\/p>\n<p>Gobierno Nal. \u00a0 \u00a0\u00a0<\/p>\n<p>Gobierno Nal. \u00a0 \u00a0\u00a0<\/p>\n<p>Gobierno Nal. \u00a0 \u00a0\u00a0<\/p>\n<p>Gobierno Nal. \u00a0 \u00a0\u00a0<\/p>\n<p>Gobierno Nal. \u00a0 \u00a0\u00a0<\/p>\n<p>Gobierno Nal. \u00a0 \u00a0\u00a0<\/p>\n<p>Gobierno Nal. \u00a0 \u00a0\u00a0<\/p>\n<p>Gobierno Nal. \u00a0 \u00a0 \u00a0 \u00a0 \u00a0 \u00a0 \u00a0 \u00a0 \u00a0 \u00a0\u00a0<\/p>\n<p>Tribunal Superior de Pasto, S. Laboral \u00a0 \u00a0\u00a0<\/p>\n<p>Tribunal Superior de Pasto, S. Laboral \u00a0 \u00a0\u00a0<\/p>\n<p>Tribunal Superior de Pasto, S. Laboral \u00a0 \u00a0\u00a0<\/p>\n<p>Tribunal Superior de Pasto, S. Laboral \u00a0 \u00a0\u00a0<\/p>\n<p>Tribunal Superior de Pasto, S. Laboral \u00a0 \u00a0\u00a0<\/p>\n<p>Tribunal Superior de Pasto, S. Laboral \u00a0 \u00a0\u00a0<\/p>\n<p>Tribunal Superior de Pasto, S. Laboral \u00a0 \u00a0\u00a0<\/p>\n<p>Tribunal Superior de Pasto, S. Laboral \u00a0 \u00a0\u00a0<\/p>\n<p>Tribunal Superior de Pasto, S. Laboral \u00a0 \u00a0\u00a0<\/p>\n<p>Tribunal Superior de Pasto, S. Laboral \u00a0 \u00a0\u00a0<\/p>\n<p>Tribunal Superior de Pasto, S. Laboral \u00a0 \u00a0\u00a0<\/p>\n<p>Tribunal Superior de Pasto, S. Laboral \u00a0 \u00a0\u00a0<\/p>\n<p>Tribunal Superior de Pasto, S. Laboral<\/p>\n<p>Tribunal Superior de Pasto, S. Laboral \u00a0 \u00a0\u00a0<\/p>\n<p>Tribunal Superior de Pasto, S. Laboral \u00a0 \u00a0\u00a0<\/p>\n<p>Tribunal Superior de Pasto, S. Laboral \u00a0 \u00a0\u00a0<\/p>\n<p>Tribunal Superior de Pasto, S. Laboral \u00a0 \u00a0\u00a0<\/p>\n<p>Tribunal Superior de Pasto, S. Laboral \u00a0 \u00a0\u00a0<\/p>\n<p>Tribunal Superior de Pasto, S. Laboral \u00a0 \u00a0 \u00a0 \u00a0 \u00a0 \u00a0 \u00a0 \u00a0 \u00a0 \u00a0\u00a0<\/p>\n<p>Concedi\u00f3 \u00a0 \u00a0\u00a0<\/p>\n<p>Concedi\u00f3 \u00a0 \u00a0\u00a0<\/p>\n<p>Concedi\u00f3 \u00a0 \u00a0\u00a0<\/p>\n<p>Concedi\u00f3 \u00a0 \u00a0\u00a0<\/p>\n<p>Concedi\u00f3 \u00a0 \u00a0\u00a0<\/p>\n<p>Concedi\u00f3 \u00a0 \u00a0\u00a0<\/p>\n<p>Concedi\u00f3 \u00a0 \u00a0\u00a0<\/p>\n<p>Concedi\u00f3 \u00a0 \u00a0\u00a0<\/p>\n<p>Concedi\u00f3 \u00a0 \u00a0\u00a0<\/p>\n<p>Concedi\u00f3 \u00a0 \u00a0\u00a0<\/p>\n<p>Concedi\u00f3 \u00a0 \u00a0\u00a0<\/p>\n<p>Concedi\u00f3 \u00a0 \u00a0\u00a0<\/p>\n<p>Concedi\u00f3 \u00a0 \u00a0\u00a0<\/p>\n<p>Neg\u00f3 \u00a0 \u00a0\u00a0<\/p>\n<p>Neg\u00f3 \u00a0 \u00a0\u00a0<\/p>\n<p>Neg\u00f3 \u00a0 \u00a0\u00a0<\/p>\n<p>Neg\u00f3 \u00a0 \u00a0\u00a0<\/p>\n<p>Neg\u00f3 \u00a0 \u00a0\u00a0<\/p>\n<p>Neg\u00f3\u00a0 \u00a0 \u00a0 \u00a0 \u00a0 \u00a0 \u00a0 \u00a0 \u00a0 \u00a0 \u00a0\u00a0<\/p>\n<p>\u00a0 \u00a0\u00a0 \u00a0 \u00a0 \u00a0 \u00a0 \u00a0 \u00a0 \u00a0 \u00a0\u00a0<\/p>\n<p>\u00a0 \u00a0\u00a0 \u00a0 \u00a0 \u00a0 \u00a0 \u00a0 \u00a0 \u00a0 \u00a0\u00a0<\/p>\n<p>Trabajadora \u00a0 \u00a0\u00a0<\/p>\n<p>Trabajadora \u00a0 \u00a0\u00a0<\/p>\n<p>Trabajadora \u00a0 \u00a0\u00a0<\/p>\n<p>Trabajadora \u00a0 \u00a0\u00a0<\/p>\n<p>Trabajadora \u00a0 \u00a0\u00a0<\/p>\n<p>Trabajadora \u00a0 \u00a0\u00a0<\/p>\n<p>Trabajadora \u00a0 \u00a0\u00a0<\/p>\n<p>Trabajadora \u00a0 \u00a0\u00a0<\/p>\n<p>Trabajadora \u00a0 \u00a0\u00a0<\/p>\n<p>Trabajadora \u00a0 \u00a0\u00a0<\/p>\n<p>Trabajador \u00a0 \u00a0\u00a0<\/p>\n<p>Trabajador \u00a0 \u00a0\u00a0<\/p>\n<p>Trabajadora \u00a0 \u00a0\u00a0<\/p>\n<p>Trabajadora \u00a0 \u00a0\u00a0<\/p>\n<p>Trabajadora \u00a0 \u00a0\u00a0<\/p>\n<p>Trabajadora \u00a0 \u00a0\u00a0<\/p>\n<p>Trabajador \u00a0 \u00a0\u00a0<\/p>\n<p>Trabajadora \u00a0\u00a0<\/p>\n<p>T-368036 \u00a0 \u00a0 \u00a0 \u00a0 \u00a0 \u00a0 \u00a0 \u00a0 \u00a0 \u00a0\u00a0<\/p>\n<p>Luis Angel Toro Herrera y otros \u00a0 \u00a0 \u00a0 \u00a0 \u00a0 \u00a0 \u00a0 \u00a0 \u00a0 \u00a0\u00a0<\/p>\n<p>Gobierno Nal. \u00a0 \u00a0 \u00a0 \u00a0 \u00a0 \u00a0 \u00a0 \u00a0 \u00a0 \u00a0\u00a0<\/p>\n<p>Juzgado Promiscuo Municipal de Ricaurte Nari\u00f1o \u00a0 \u00a0 \u00a0 \u00a0 \u00a0 \u00a0 \u00a0 \u00a0 \u00a0 \u00a0\u00a0<\/p>\n<p>Concedi\u00f3 \u00a0 \u00a0 \u00a0 \u00a0 \u00a0 \u00a0 \u00a0 \u00a0 \u00a0 \u00a0\u00a0<\/p>\n<p>Juzgado Civil del Circuito Ad-hoc de Tuquerres Nari\u00f1o \u00a0 \u00a0 \u00a0 \u00a0 \u00a0 \u00a0 \u00a0 \u00a0 \u00a0 \u00a0\u00a0<\/p>\n<p>Confirm\u00f3 \u00a0 \u00a0 \u00a0 \u00a0 \u00a0 \u00a0 \u00a0 \u00a0 \u00a0 \u00a0\u00a0<\/p>\n<p>Trabajadores \u00a0\u00a0<\/p>\n<p>T-368382 \u00a0 \u00a0 \u00a0 \u00a0 \u00a0 \u00a0 \u00a0 \u00a0 \u00a0 \u00a0\u00a0<\/p>\n<p>Luz Estela Gallo Trejos \u00a0 \u00a0 \u00a0 \u00a0 \u00a0 \u00a0 \u00a0 \u00a0 \u00a0 \u00a0\u00a0<\/p>\n<p>Gobierno Nal. \u00a0 \u00a0 \u00a0 \u00a0 \u00a0 \u00a0 \u00a0 \u00a0 \u00a0 \u00a0\u00a0<\/p>\n<p>Juzgado 1 de Menores de Medell\u00edn \u00a0 \u00a0 \u00a0 \u00a0 \u00a0 \u00a0 \u00a0 \u00a0 \u00a0 \u00a0\u00a0<\/p>\n<p>Concedi\u00f3\u00a0 \u00a0 \u00a0 \u00a0 \u00a0 \u00a0 \u00a0 \u00a0 \u00a0 \u00a0 \u00a0\u00a0<\/p>\n<p>Tribunal Superior de Medell\u00edn, S. Familia \u00a0 \u00a0 \u00a0 \u00a0 \u00a0 \u00a0 \u00a0 \u00a0 \u00a0 \u00a0\u00a0<\/p>\n<p>Confirm\u00f3 \u00a0 \u00a0 \u00a0 \u00a0 \u00a0 \u00a0 \u00a0 \u00a0 \u00a0 \u00a0\u00a0<\/p>\n<p>Trabajadora \u00a0\u00a0<\/p>\n<p>T-368454 \u00a0 \u00a0 \u00a0 \u00a0 \u00a0 \u00a0 \u00a0 \u00a0 \u00a0 \u00a0\u00a0<\/p>\n<p>Luis Simaco David y otro \u00a0 \u00a0 \u00a0 \u00a0 \u00a0 \u00a0 \u00a0 \u00a0 \u00a0 \u00a0\u00a0<\/p>\n<p>Gobierno Nal. \u00a0 \u00a0 \u00a0 \u00a0 \u00a0 \u00a0 \u00a0 \u00a0 \u00a0 \u00a0\u00a0<\/p>\n<p>Juzgado 3 Penal del Circuito de Santa Marta \u00a0 \u00a0 \u00a0 \u00a0 \u00a0 \u00a0 \u00a0 \u00a0 \u00a0 \u00a0\u00a0<\/p>\n<p>Concedi\u00f3 \u00a0 \u00a0 \u00a0 \u00a0 \u00a0 \u00a0 \u00a0 \u00a0 \u00a0 \u00a0\u00a0<\/p>\n<p>\u00a0 \u00a0\u00a0 \u00a0 \u00a0 \u00a0 \u00a0 \u00a0 \u00a0 \u00a0 \u00a0\u00a0<\/p>\n<p>\u00a0 \u00a0\u00a0 \u00a0 \u00a0 \u00a0 \u00a0 \u00a0 \u00a0 \u00a0 \u00a0\u00a0<\/p>\n<p>Trabajadores \u00a0\u00a0<\/p>\n<p>T-368487 \u00a0 \u00a0 \u00a0 \u00a0 \u00a0 \u00a0 \u00a0 \u00a0 \u00a0 \u00a0\u00a0<\/p>\n<p>Manuel Ram\u00edrez Caldas \u00a0 \u00a0 \u00a0 \u00a0 \u00a0 \u00a0 \u00a0 \u00a0 \u00a0 \u00a0\u00a0<\/p>\n<p>Gobierno Nal. \u00a0 \u00a0 \u00a0 \u00a0 \u00a0 \u00a0 \u00a0 \u00a0 \u00a0 \u00a0\u00a0<\/p>\n<p>Juzgado 4 Laboral del Circuito de Barranquilla \u00a0 \u00a0 \u00a0 \u00a0 \u00a0 \u00a0 \u00a0 \u00a0 \u00a0 \u00a0\u00a0<\/p>\n<p>Neg\u00f3 \u00a0 \u00a0 \u00a0 \u00a0 \u00a0 \u00a0 \u00a0 \u00a0 \u00a0 \u00a0\u00a0<\/p>\n<p>Tribunal Superior de Barranquilla, S. Laboral \u00a0 \u00a0 \u00a0 \u00a0 \u00a0 \u00a0 \u00a0 \u00a0 \u00a0 \u00a0\u00a0<\/p>\n<p>Confirm\u00f3 \u00a0 \u00a0 \u00a0 \u00a0 \u00a0 \u00a0 \u00a0 \u00a0 \u00a0 \u00a0\u00a0<\/p>\n<p>Pensionado \u00a0\u00a0<\/p>\n<p>T-368526 \u00a0 \u00a0 \u00a0 \u00a0 \u00a0 \u00a0 \u00a0 \u00a0 \u00a0 \u00a0\u00a0<\/p>\n<p>V\u00edctor Julio Vela Mart\u00ednez \u00a0 \u00a0 \u00a0 \u00a0 \u00a0 \u00a0 \u00a0 \u00a0 \u00a0 \u00a0\u00a0<\/p>\n<p>Gobierno Nal. \u00a0 \u00a0 \u00a0 \u00a0 \u00a0 \u00a0 \u00a0 \u00a0 \u00a0 \u00a0\u00a0<\/p>\n<p>Juzgado 5 Civil Municipal de Medell\u00edn \u00a0 \u00a0 \u00a0 \u00a0 \u00a0 \u00a0 \u00a0 \u00a0 \u00a0 \u00a0\u00a0<\/p>\n<p>Concedi\u00f3 \u00a0 \u00a0 \u00a0 \u00a0 \u00a0 \u00a0 \u00a0 \u00a0 \u00a0 \u00a0\u00a0<\/p>\n<p>Juzgado 13 Civil del Circuito de Medell\u00edn \u00a0 \u00a0 \u00a0 \u00a0 \u00a0 \u00a0 \u00a0 \u00a0 \u00a0 \u00a0\u00a0<\/p>\n<p>Confirm\u00f3 \u00a0 \u00a0 \u00a0 \u00a0 \u00a0 \u00a0 \u00a0 \u00a0 \u00a0 \u00a0\u00a0<\/p>\n<p>Trabajador \u00a0\u00a0<\/p>\n<p>T-367880 \u00a0 \u00a0 \u00a0 \u00a0 \u00a0 \u00a0 \u00a0 \u00a0 \u00a0 \u00a0\u00a0<\/p>\n<p>Gobierno Nal. \u00a0 \u00a0 \u00a0 \u00a0 \u00a0 \u00a0 \u00a0 \u00a0 \u00a0 \u00a0\u00a0<\/p>\n<p>Juzgado 2 de Familia de Bello Antioquia \u00a0 \u00a0 \u00a0 \u00a0 \u00a0 \u00a0 \u00a0 \u00a0 \u00a0 \u00a0\u00a0<\/p>\n<p>Concedi\u00f3 \u00a0 \u00a0 \u00a0 \u00a0 \u00a0 \u00a0 \u00a0 \u00a0 \u00a0 \u00a0\u00a0<\/p>\n<p>\u00a0 \u00a0\u00a0 \u00a0 \u00a0 \u00a0 \u00a0 \u00a0 \u00a0 \u00a0 \u00a0\u00a0<\/p>\n<p>\u00a0 \u00a0\u00a0 \u00a0 \u00a0 \u00a0 \u00a0 \u00a0 \u00a0 \u00a0 \u00a0\u00a0<\/p>\n<p>Trabajadora \u00a0\u00a0<\/p>\n<p>T-369177 \u00a0 \u00a0 \u00a0 \u00a0 \u00a0 \u00a0 \u00a0 \u00a0 \u00a0 \u00a0\u00a0<\/p>\n<p>Angel Mar\u00eda Higuita Campos y otra \u00a0 \u00a0 \u00a0 \u00a0 \u00a0 \u00a0 \u00a0 \u00a0 \u00a0 \u00a0\u00a0<\/p>\n<p>Gobierno Nal. \u00a0 \u00a0 \u00a0 \u00a0 \u00a0 \u00a0 \u00a0 \u00a0 \u00a0 \u00a0\u00a0<\/p>\n<p>Juzgado Promiscuo Municipal de San Vicente Antioquia \u00a0 \u00a0 \u00a0 \u00a0 \u00a0 \u00a0 \u00a0 \u00a0 \u00a0 \u00a0\u00a0<\/p>\n<p>Concedi\u00f3 \u00a0 \u00a0 \u00a0 \u00a0 \u00a0 \u00a0 \u00a0 \u00a0 \u00a0 \u00a0\u00a0<\/p>\n<p>\u00a0 \u00a0\u00a0 \u00a0 \u00a0 \u00a0 \u00a0 \u00a0 \u00a0 \u00a0 \u00a0\u00a0<\/p>\n<p>\u00a0 \u00a0\u00a0 \u00a0 \u00a0 \u00a0 \u00a0 \u00a0 \u00a0 \u00a0 \u00a0\u00a0<\/p>\n<p>Trabajadores \u00a0\u00a0<\/p>\n<p>T-369590 \u00a0 \u00a0 \u00a0 \u00a0 \u00a0 \u00a0 \u00a0 \u00a0 \u00a0 \u00a0\u00a0<\/p>\n<p>Rosa Elda Mira Sucerquia \u00a0 \u00a0 \u00a0 \u00a0 \u00a0 \u00a0 \u00a0 \u00a0 \u00a0 \u00a0\u00a0<\/p>\n<p>Gobierno Nal. \u00a0 \u00a0 \u00a0 \u00a0 \u00a0 \u00a0 \u00a0 \u00a0 \u00a0 \u00a0\u00a0<\/p>\n<p>Juzgado Promiscuo del Circuito de Ituango Antioquia \u00a0 \u00a0 \u00a0 \u00a0 \u00a0 \u00a0 \u00a0 \u00a0 \u00a0 \u00a0\u00a0<\/p>\n<p>Concedi\u00f3 \u00a0 \u00a0 \u00a0 \u00a0 \u00a0 \u00a0 \u00a0 \u00a0 \u00a0 \u00a0\u00a0<\/p>\n<p>\u00a0 \u00a0\u00a0 \u00a0 \u00a0 \u00a0 \u00a0 \u00a0 \u00a0 \u00a0 \u00a0\u00a0<\/p>\n<p>\u00a0 \u00a0\u00a0 \u00a0 \u00a0 \u00a0 \u00a0 \u00a0 \u00a0 \u00a0 \u00a0\u00a0<\/p>\n<p>Trabajadora \u00a0\u00a0<\/p>\n<p>T-369591 \u00a0 \u00a0 \u00a0 \u00a0 \u00a0 \u00a0 \u00a0 \u00a0 \u00a0 \u00a0\u00a0<\/p>\n<p>Octavio de Jes\u00fas Palacio Jaramillo \u00a0 \u00a0 \u00a0 \u00a0 \u00a0 \u00a0 \u00a0 \u00a0 \u00a0 \u00a0\u00a0<\/p>\n<p>Gobierno Nal. \u00a0 \u00a0 \u00a0 \u00a0 \u00a0 \u00a0 \u00a0 \u00a0 \u00a0 \u00a0\u00a0<\/p>\n<p>Juzgado Promiscuo del Circuito de Ituango Antioquia \u00a0 \u00a0 \u00a0 \u00a0 \u00a0 \u00a0 \u00a0 \u00a0 \u00a0 \u00a0\u00a0<\/p>\n<p>Concedi\u00f3 \u00a0 \u00a0 \u00a0 \u00a0 \u00a0 \u00a0 \u00a0 \u00a0 \u00a0 \u00a0\u00a0<\/p>\n<p>\u00a0 \u00a0\u00a0 \u00a0 \u00a0 \u00a0 \u00a0 \u00a0 \u00a0 \u00a0 \u00a0\u00a0<\/p>\n<p>\u00a0 \u00a0\u00a0 \u00a0 \u00a0 \u00a0 \u00a0 \u00a0 \u00a0 \u00a0 \u00a0\u00a0<\/p>\n<p>Trabajador \u00a0\u00a0<\/p>\n<p>T-369592 \u00a0 \u00a0 \u00a0 \u00a0 \u00a0 \u00a0 \u00a0 \u00a0 \u00a0 \u00a0\u00a0<\/p>\n<p>Amparo Lopera Chica \u00a0 \u00a0 \u00a0 \u00a0 \u00a0 \u00a0 \u00a0 \u00a0 \u00a0 \u00a0\u00a0<\/p>\n<p>Gobierno Nal. \u00a0 \u00a0 \u00a0 \u00a0 \u00a0 \u00a0 \u00a0 \u00a0 \u00a0 \u00a0\u00a0<\/p>\n<p>Juzgado Promiscuo del Circuito de Ituango Antioquia \u00a0 \u00a0 \u00a0 \u00a0 \u00a0 \u00a0 \u00a0 \u00a0 \u00a0 \u00a0\u00a0<\/p>\n<p>Concedi\u00f3 \u00a0 \u00a0 \u00a0 \u00a0 \u00a0 \u00a0 \u00a0 \u00a0 \u00a0 \u00a0\u00a0<\/p>\n<p>\u00a0 \u00a0\u00a0 \u00a0 \u00a0 \u00a0 \u00a0 \u00a0 \u00a0 \u00a0 \u00a0\u00a0<\/p>\n<p>Trabajadora \u00a0\u00a0<\/p>\n<p>T-369844 \u00a0 \u00a0 \u00a0 \u00a0 \u00a0 \u00a0 \u00a0 \u00a0 \u00a0 \u00a0\u00a0<\/p>\n<p>M\u00f3nica Mar\u00eda \u00c1lzate Pineda \u00a0 \u00a0 \u00a0 \u00a0 \u00a0 \u00a0 \u00a0 \u00a0 \u00a0 \u00a0\u00a0<\/p>\n<p>Gobierno Nal. \u00a0 \u00a0 \u00a0 \u00a0 \u00a0 \u00a0 \u00a0 \u00a0 \u00a0 \u00a0\u00a0<\/p>\n<p>Juzgado 2 Civil del Circuito de Medell\u00edn \u00a0 \u00a0 \u00a0 \u00a0 \u00a0 \u00a0 \u00a0 \u00a0 \u00a0 \u00a0\u00a0<\/p>\n<p>Concedi\u00f3 \u00a0 \u00a0 \u00a0 \u00a0 \u00a0 \u00a0 \u00a0 \u00a0 \u00a0 \u00a0\u00a0<\/p>\n<p>\u00a0 \u00a0\u00a0 \u00a0 \u00a0 \u00a0 \u00a0 \u00a0 \u00a0 \u00a0 \u00a0\u00a0<\/p>\n<p>\u00a0 \u00a0\u00a0 \u00a0 \u00a0 \u00a0 \u00a0 \u00a0 \u00a0 \u00a0 \u00a0\u00a0<\/p>\n<p>Trabajadora \u00a0\u00a0<\/p>\n<p>T-369990 \u00a0 \u00a0 \u00a0 \u00a0 \u00a0 \u00a0 \u00a0 \u00a0 \u00a0 \u00a0\u00a0<\/p>\n<p>Elsa del Carmen P\u00e9rez Amaya \u00a0 \u00a0 \u00a0 \u00a0 \u00a0 \u00a0 \u00a0 \u00a0 \u00a0 \u00a0\u00a0<\/p>\n<p>Gobierno Nal. \u00a0 \u00a0 \u00a0 \u00a0 \u00a0 \u00a0 \u00a0 \u00a0 \u00a0 \u00a0\u00a0<\/p>\n<p>Tribunal Superior de Santa Rosa de Viterbo, S. Penal \u00a0 \u00a0 \u00a0 \u00a0 \u00a0 \u00a0 \u00a0 \u00a0 \u00a0 \u00a0\u00a0<\/p>\n<p>Neg\u00f3 \u00a0 \u00a0 \u00a0 \u00a0 \u00a0 \u00a0 \u00a0 \u00a0 \u00a0 \u00a0\u00a0<\/p>\n<p>\u00a0 \u00a0\u00a0 \u00a0 \u00a0 \u00a0 \u00a0 \u00a0 \u00a0 \u00a0 \u00a0\u00a0<\/p>\n<p>\u00a0 \u00a0\u00a0 \u00a0 \u00a0 \u00a0 \u00a0 \u00a0 \u00a0 \u00a0 \u00a0\u00a0<\/p>\n<p>Trabajadora \u00a0\u00a0<\/p>\n<p>T-368616 \u00a0 \u00a0 \u00a0 \u00a0 \u00a0 \u00a0 \u00a0 \u00a0 \u00a0 \u00a0\u00a0<\/p>\n<p>Jes\u00fas Hernando Ram\u00edrez Duque \u00a0 \u00a0 \u00a0 \u00a0 \u00a0 \u00a0 \u00a0 \u00a0 \u00a0 \u00a0\u00a0<\/p>\n<p>Gobierno Nal. \u00a0 \u00a0 \u00a0 \u00a0 \u00a0 \u00a0 \u00a0 \u00a0 \u00a0 \u00a0\u00a0<\/p>\n<p>Juzgado 23 Civil Municipal de Medell\u00edn \u00a0 \u00a0 \u00a0 \u00a0 \u00a0 \u00a0 \u00a0 \u00a0 \u00a0 \u00a0\u00a0<\/p>\n<p>Concedi\u00f3\u00a0 \u00a0 \u00a0 \u00a0 \u00a0 \u00a0 \u00a0 \u00a0 \u00a0 \u00a0 \u00a0\u00a0<\/p>\n<p>Juzgado 13 Civil del Circuito de Medell\u00edn \u00a0 \u00a0 \u00a0 \u00a0 \u00a0 \u00a0 \u00a0 \u00a0 \u00a0 \u00a0\u00a0<\/p>\n<p>Confirm\u00f3 \u00a0 \u00a0 \u00a0 \u00a0 \u00a0 \u00a0 \u00a0 \u00a0 \u00a0 \u00a0\u00a0<\/p>\n<p>Trabajador \u00a0\u00a0<\/p>\n<p>T-368666 \u00a0 \u00a0 \u00a0 \u00a0 \u00a0 \u00a0 \u00a0 \u00a0 \u00a0 \u00a0\u00a0<\/p>\n<p>Hector Alonso Medina Zapata \u00a0 \u00a0 \u00a0 \u00a0 \u00a0 \u00a0 \u00a0 \u00a0 \u00a0 \u00a0\u00a0<\/p>\n<p>Gobierno Nal. \u00a0 \u00a0 \u00a0 \u00a0 \u00a0 \u00a0 \u00a0 \u00a0 \u00a0 \u00a0\u00a0<\/p>\n<p>Juzgado 2 Civil del Circuito de Medell\u00edn \u00a0 \u00a0 \u00a0 \u00a0 \u00a0 \u00a0 \u00a0 \u00a0 \u00a0 \u00a0\u00a0<\/p>\n<p>Concedi\u00f3 \u00a0 \u00a0 \u00a0 \u00a0 \u00a0 \u00a0 \u00a0 \u00a0 \u00a0 \u00a0\u00a0<\/p>\n<p>\u00a0 \u00a0\u00a0 \u00a0 \u00a0 \u00a0 \u00a0 \u00a0 \u00a0 \u00a0 \u00a0\u00a0<\/p>\n<p>\u00a0 \u00a0\u00a0 \u00a0 \u00a0 \u00a0 \u00a0 \u00a0 \u00a0 \u00a0 \u00a0\u00a0<\/p>\n<p>Trabajador \u00a0\u00a0<\/p>\n<p>T-368749 \u00a0 \u00a0 \u00a0 \u00a0 \u00a0 \u00a0 \u00a0 \u00a0 \u00a0 \u00a0\u00a0<\/p>\n<p>Sandra Arango Suaza \u00a0 \u00a0 \u00a0 \u00a0 \u00a0 \u00a0 \u00a0 \u00a0 \u00a0 \u00a0\u00a0<\/p>\n<p>Gobierno Nal. \u00a0 \u00a0 \u00a0 \u00a0 \u00a0 \u00a0 \u00a0 \u00a0 \u00a0 \u00a0\u00a0<\/p>\n<p>Juzgado 2 Civil del Circuito de Medell\u00edn \u00a0 \u00a0 \u00a0 \u00a0 \u00a0 \u00a0 \u00a0 \u00a0 \u00a0 \u00a0\u00a0<\/p>\n<p>Concedi\u00f3 \u00a0 \u00a0 \u00a0 \u00a0 \u00a0 \u00a0 \u00a0 \u00a0 \u00a0 \u00a0\u00a0<\/p>\n<p>\u00a0 \u00a0\u00a0 \u00a0 \u00a0 \u00a0 \u00a0 \u00a0 \u00a0 \u00a0 \u00a0\u00a0<\/p>\n<p>\u00a0 \u00a0\u00a0 \u00a0 \u00a0 \u00a0 \u00a0 \u00a0 \u00a0 \u00a0 \u00a0\u00a0<\/p>\n<p>Trabajadora \u00a0\u00a0<\/p>\n<p>Jes\u00fas Antonio Salazar \u00a0 \u00a0 \u00a0 \u00a0 \u00a0 \u00a0 \u00a0 \u00a0 \u00a0 \u00a0\u00a0<\/p>\n<p>Gobierno Nal. \u00a0 \u00a0 \u00a0 \u00a0 \u00a0 \u00a0 \u00a0 \u00a0 \u00a0 \u00a0\u00a0<\/p>\n<p>Juzgado 2 Civil del Circuito de Medell\u00edn \u00a0 \u00a0 \u00a0 \u00a0 \u00a0 \u00a0 \u00a0 \u00a0 \u00a0 \u00a0\u00a0<\/p>\n<p>Concedi\u00f3 \u00a0 \u00a0 \u00a0 \u00a0 \u00a0 \u00a0 \u00a0 \u00a0 \u00a0 \u00a0\u00a0<\/p>\n<p>\u00a0 \u00a0\u00a0 \u00a0 \u00a0 \u00a0 \u00a0 \u00a0 \u00a0 \u00a0 \u00a0\u00a0<\/p>\n<p>\u00a0 \u00a0\u00a0 \u00a0 \u00a0 \u00a0 \u00a0 \u00a0 \u00a0 \u00a0 \u00a0\u00a0<\/p>\n<p>Trabajador \u00a0\u00a0<\/p>\n<p>T-368753 \u00a0 \u00a0 \u00a0 \u00a0 \u00a0 \u00a0 \u00a0 \u00a0 \u00a0 \u00a0\u00a0<\/p>\n<p>Jhon Jaime Restrepo Quintero \u00a0 \u00a0 \u00a0 \u00a0 \u00a0 \u00a0 \u00a0 \u00a0 \u00a0 \u00a0\u00a0<\/p>\n<p>Gobierno Nal. \u00a0 \u00a0 \u00a0 \u00a0 \u00a0 \u00a0 \u00a0 \u00a0 \u00a0 \u00a0\u00a0<\/p>\n<p>Juzgado 22 Civil Municipal \u00a0 \u00a0 \u00a0 \u00a0 \u00a0 \u00a0 \u00a0 \u00a0 \u00a0 \u00a0\u00a0<\/p>\n<p>Concedi\u00f3 \u00a0 \u00a0 \u00a0 \u00a0 \u00a0 \u00a0 \u00a0 \u00a0 \u00a0 \u00a0\u00a0<\/p>\n<p>Juzgado 2 Civil del Circuito de Medell\u00edn \u00a0 \u00a0 \u00a0 \u00a0 \u00a0 \u00a0 \u00a0 \u00a0 \u00a0 \u00a0\u00a0<\/p>\n<p>Confirm\u00f3 \u00a0 \u00a0 \u00a0 \u00a0 \u00a0 \u00a0 \u00a0 \u00a0 \u00a0 \u00a0\u00a0<\/p>\n<p>Trabajador \u00a0\u00a0<\/p>\n<p>T-368958 \u00a0 \u00a0 \u00a0 \u00a0 \u00a0 \u00a0 \u00a0 \u00a0 \u00a0 \u00a0\u00a0<\/p>\n<p>Estela del Socorro Pe\u00f1ate Coronado \u00a0 \u00a0 \u00a0 \u00a0 \u00a0 \u00a0 \u00a0 \u00a0 \u00a0 \u00a0\u00a0<\/p>\n<p>Gobierno Nal. \u00a0 \u00a0 \u00a0 \u00a0 \u00a0 \u00a0 \u00a0 \u00a0 \u00a0 \u00a0\u00a0<\/p>\n<p>Juzgado Promiscuo del Circuito de Ituango Antioquia \u00a0 \u00a0 \u00a0 \u00a0 \u00a0 \u00a0 \u00a0 \u00a0 \u00a0 \u00a0\u00a0<\/p>\n<p>Concedi\u00f3 \u00a0 \u00a0 \u00a0 \u00a0 \u00a0 \u00a0 \u00a0 \u00a0 \u00a0 \u00a0\u00a0<\/p>\n<p>\u00a0 \u00a0\u00a0 \u00a0 \u00a0 \u00a0 \u00a0 \u00a0 \u00a0 \u00a0 \u00a0\u00a0<\/p>\n<p>\u00a0 \u00a0\u00a0 \u00a0 \u00a0 \u00a0 \u00a0 \u00a0 \u00a0 \u00a0 \u00a0\u00a0<\/p>\n<p>Trabajadora \u00a0\u00a0<\/p>\n<p>T-368959 \u00a0 \u00a0 \u00a0 \u00a0 \u00a0 \u00a0 \u00a0 \u00a0 \u00a0 \u00a0\u00a0<\/p>\n<p>Jos\u00e9 Rodrigo Castro Jaramillo \u00a0 \u00a0 \u00a0 \u00a0 \u00a0 \u00a0 \u00a0 \u00a0 \u00a0 \u00a0\u00a0<\/p>\n<p>Gobierno Nal. \u00a0 \u00a0 \u00a0 \u00a0 \u00a0 \u00a0 \u00a0 \u00a0 \u00a0 \u00a0\u00a0<\/p>\n<p>Juzgado Promiscuo del Circuito de Ituango Antioquia \u00a0 \u00a0 \u00a0 \u00a0 \u00a0 \u00a0 \u00a0 \u00a0 \u00a0 \u00a0\u00a0<\/p>\n<p>Concedi\u00f3\u00a0 \u00a0 \u00a0 \u00a0 \u00a0 \u00a0 \u00a0 \u00a0 \u00a0 \u00a0 \u00a0\u00a0<\/p>\n<p>\u00a0 \u00a0\u00a0 \u00a0 \u00a0 \u00a0 \u00a0 \u00a0 \u00a0 \u00a0 \u00a0\u00a0<\/p>\n<p>\u00a0 \u00a0\u00a0 \u00a0 \u00a0 \u00a0 \u00a0 \u00a0 \u00a0 \u00a0 \u00a0\u00a0<\/p>\n<p>Trabajador \u00a0\u00a0<\/p>\n<p>T-368960 \u00a0 \u00a0 \u00a0 \u00a0 \u00a0 \u00a0 \u00a0 \u00a0 \u00a0 \u00a0\u00a0<\/p>\n<p>Mar\u00eda Merly C\u00e9spedes L\u00f3pez \u00a0 \u00a0 \u00a0 \u00a0 \u00a0 \u00a0 \u00a0 \u00a0 \u00a0 \u00a0\u00a0<\/p>\n<p>Gobierno Nal. \u00a0 \u00a0 \u00a0 \u00a0 \u00a0 \u00a0 \u00a0 \u00a0 \u00a0 \u00a0\u00a0<\/p>\n<p>Juzgado Promiscuo del Circuito de Ituango Antioquia \u00a0 \u00a0 \u00a0 \u00a0 \u00a0 \u00a0 \u00a0 \u00a0 \u00a0 \u00a0\u00a0<\/p>\n<p>\u00a0 \u00a0\u00a0 \u00a0 \u00a0 \u00a0 \u00a0 \u00a0 \u00a0 \u00a0 \u00a0\u00a0<\/p>\n<p>\u00a0 \u00a0\u00a0 \u00a0 \u00a0 \u00a0 \u00a0 \u00a0 \u00a0 \u00a0 \u00a0\u00a0<\/p>\n<p>\u00a0 \u00a0\u00a0 \u00a0 \u00a0 \u00a0 \u00a0 \u00a0 \u00a0 \u00a0 \u00a0\u00a0<\/p>\n<p>T-370479 \u00a0 \u00a0 \u00a0 \u00a0 \u00a0 \u00a0 \u00a0 \u00a0 \u00a0 \u00a0\u00a0<\/p>\n<p>Eusebia Isabel Orellanos Perea \u00a0 \u00a0 \u00a0 \u00a0 \u00a0 \u00a0 \u00a0 \u00a0 \u00a0 \u00a0\u00a0<\/p>\n<p>Gobierno Nal. \u00a0 \u00a0 \u00a0 \u00a0 \u00a0 \u00a0 \u00a0 \u00a0 \u00a0 \u00a0\u00a0<\/p>\n<p>Juzgado 2 Laboral del Circuito de Ci\u00e9naga Magdalena \u00a0 \u00a0 \u00a0 \u00a0 \u00a0 \u00a0 \u00a0 \u00a0 \u00a0 \u00a0\u00a0<\/p>\n<p>Concedi\u00f3 \u00a0 \u00a0 \u00a0 \u00a0 \u00a0 \u00a0 \u00a0 \u00a0 \u00a0 \u00a0\u00a0<\/p>\n<p>\u00a0 \u00a0\u00a0 \u00a0 \u00a0 \u00a0 \u00a0 \u00a0 \u00a0 \u00a0 \u00a0\u00a0<\/p>\n<p>\u00a0 \u00a0\u00a0 \u00a0 \u00a0 \u00a0 \u00a0 \u00a0 \u00a0 \u00a0 \u00a0\u00a0<\/p>\n<p>Trabajadora \u00a0\u00a0<\/p>\n<p>T-370480 \u00a0 \u00a0 \u00a0 \u00a0 \u00a0 \u00a0 \u00a0 \u00a0 \u00a0 \u00a0\u00a0<\/p>\n<p>Luis Roberto Padilla Polo \u00a0 \u00a0 \u00a0 \u00a0 \u00a0 \u00a0 \u00a0 \u00a0 \u00a0 \u00a0\u00a0<\/p>\n<p>Gobierno Nal. \u00a0 \u00a0 \u00a0 \u00a0 \u00a0 \u00a0 \u00a0 \u00a0 \u00a0 \u00a0\u00a0<\/p>\n<p>Juzgado 2 Laboral del Circuito de Ci\u00e9naga Magdalena \u00a0 \u00a0 \u00a0 \u00a0 \u00a0 \u00a0 \u00a0 \u00a0 \u00a0 \u00a0\u00a0<\/p>\n<p>Concedi\u00f3 \u00a0 \u00a0 \u00a0 \u00a0 \u00a0 \u00a0 \u00a0 \u00a0 \u00a0 \u00a0\u00a0<\/p>\n<p>\u00a0 \u00a0\u00a0 \u00a0 \u00a0 \u00a0 \u00a0 \u00a0 \u00a0 \u00a0 \u00a0\u00a0<\/p>\n<p>\u00a0 \u00a0\u00a0 \u00a0 \u00a0 \u00a0 \u00a0 \u00a0 \u00a0 \u00a0 \u00a0\u00a0<\/p>\n<p>Trabajador \u00a0\u00a0<\/p>\n<p>T-370481 \u00a0 \u00a0 \u00a0 \u00a0 \u00a0 \u00a0 \u00a0 \u00a0 \u00a0 \u00a0\u00a0<\/p>\n<p>Giralda Aronna Cadena \u00a0 \u00a0 \u00a0 \u00a0 \u00a0 \u00a0 \u00a0 \u00a0 \u00a0 \u00a0\u00a0<\/p>\n<p>Gobierno Nal. \u00a0 \u00a0 \u00a0 \u00a0 \u00a0 \u00a0 \u00a0 \u00a0 \u00a0 \u00a0\u00a0<\/p>\n<p>Juzgado 2 Laboral del Circuito de Ci\u00e9naga Magdalena \u00a0 \u00a0 \u00a0 \u00a0 \u00a0 \u00a0 \u00a0 \u00a0 \u00a0 \u00a0\u00a0<\/p>\n<p>Concedi\u00f3 \u00a0 \u00a0 \u00a0 \u00a0 \u00a0 \u00a0 \u00a0 \u00a0 \u00a0 \u00a0\u00a0<\/p>\n<p>\u00a0 \u00a0\u00a0 \u00a0 \u00a0 \u00a0 \u00a0 \u00a0 \u00a0 \u00a0 \u00a0\u00a0<\/p>\n<p>\u00a0 \u00a0\u00a0 \u00a0 \u00a0 \u00a0 \u00a0 \u00a0 \u00a0 \u00a0 \u00a0\u00a0<\/p>\n<p>Trabajadora \u00a0\u00a0<\/p>\n<p>T-370482 \u00a0 \u00a0 \u00a0 \u00a0 \u00a0 \u00a0 \u00a0 \u00a0 \u00a0 \u00a0\u00a0<\/p>\n<p>Beatriz Constante Hernandez \u00a0 \u00a0 \u00a0 \u00a0 \u00a0 \u00a0 \u00a0 \u00a0 \u00a0 \u00a0\u00a0<\/p>\n<p>Gobierno Nal. \u00a0 \u00a0 \u00a0 \u00a0 \u00a0 \u00a0 \u00a0 \u00a0 \u00a0 \u00a0\u00a0<\/p>\n<p>Juzgado 2 Laboral del Circuito de Ci\u00e9naga Magdalena \u00a0 \u00a0 \u00a0 \u00a0 \u00a0 \u00a0 \u00a0 \u00a0 \u00a0 \u00a0\u00a0<\/p>\n<p>Concedi\u00f3 \u00a0 \u00a0 \u00a0 \u00a0 \u00a0 \u00a0 \u00a0 \u00a0 \u00a0 \u00a0\u00a0<\/p>\n<p>\u00a0 \u00a0\u00a0 \u00a0 \u00a0 \u00a0 \u00a0 \u00a0 \u00a0 \u00a0 \u00a0\u00a0<\/p>\n<p>Trabajadora \u00a0\u00a0<\/p>\n<p>T-370594 \u00a0 \u00a0 \u00a0 \u00a0 \u00a0 \u00a0 \u00a0 \u00a0 \u00a0 \u00a0\u00a0<\/p>\n<p>Fanny Amparo Giraldo Buritica \u00a0 \u00a0 \u00a0 \u00a0 \u00a0 \u00a0 \u00a0 \u00a0 \u00a0 \u00a0\u00a0<\/p>\n<p>Gobierno Nal. \u00a0 \u00a0 \u00a0 \u00a0 \u00a0 \u00a0 \u00a0 \u00a0 \u00a0 \u00a0\u00a0<\/p>\n<p>Juzgado 17 Civil Municipal de Medell\u00edn \u00a0 \u00a0 \u00a0 \u00a0 \u00a0 \u00a0 \u00a0 \u00a0 \u00a0 \u00a0\u00a0<\/p>\n<p>Concedi\u00f3 \u00a0 \u00a0 \u00a0 \u00a0 \u00a0 \u00a0 \u00a0 \u00a0 \u00a0 \u00a0\u00a0<\/p>\n<p>\u00a0 \u00a0\u00a0 \u00a0 \u00a0 \u00a0 \u00a0 \u00a0 \u00a0 \u00a0 \u00a0\u00a0<\/p>\n<p>\u00a0 \u00a0\u00a0 \u00a0 \u00a0 \u00a0 \u00a0 \u00a0 \u00a0 \u00a0 \u00a0\u00a0<\/p>\n<p>Trabajadora \u00a0\u00a0<\/p>\n<p>T-368607 \u00a0 \u00a0 \u00a0 \u00a0 \u00a0 \u00a0 \u00a0 \u00a0 \u00a0 \u00a0\u00a0<\/p>\n<p>Oved de Jes\u00fas Rojas Vergara \u00a0 \u00a0 \u00a0 \u00a0 \u00a0 \u00a0 \u00a0 \u00a0 \u00a0 \u00a0\u00a0<\/p>\n<p>Gobierno Nal. \u00a0 \u00a0 \u00a0 \u00a0 \u00a0 \u00a0 \u00a0 \u00a0 \u00a0 \u00a0\u00a0<\/p>\n<p>Juzgado 1 de Familia de Medell\u00edn \u00a0 \u00a0 \u00a0 \u00a0 \u00a0 \u00a0 \u00a0 \u00a0 \u00a0 \u00a0\u00a0<\/p>\n<p>Concedi\u00f3 \u00a0 \u00a0 \u00a0 \u00a0 \u00a0 \u00a0 \u00a0 \u00a0 \u00a0 \u00a0\u00a0<\/p>\n<p>\u00a0 \u00a0\u00a0 \u00a0 \u00a0 \u00a0 \u00a0 \u00a0 \u00a0 \u00a0 \u00a0\u00a0<\/p>\n<p>\u00a0 \u00a0\u00a0 \u00a0 \u00a0 \u00a0 \u00a0 \u00a0 \u00a0 \u00a0 \u00a0\u00a0<\/p>\n<p>Trabajador \u00a0\u00a0<\/p>\n<p>T-370664 \u00a0 \u00a0 \u00a0 \u00a0 \u00a0 \u00a0 \u00a0 \u00a0 \u00a0 \u00a0\u00a0<\/p>\n<p>Mar\u00eda Stella Rosales Ledesma \u00a0 \u00a0 \u00a0 \u00a0 \u00a0 \u00a0 \u00a0 \u00a0 \u00a0 \u00a0\u00a0<\/p>\n<p>Gobierno Nal. \u00a0 \u00a0 \u00a0 \u00a0 \u00a0 \u00a0 \u00a0 \u00a0 \u00a0 \u00a0\u00a0<\/p>\n<p>Juzgado 7 Civil Municipal de Cali \u00a0 \u00a0 \u00a0 \u00a0 \u00a0 \u00a0 \u00a0 \u00a0 \u00a0 \u00a0\u00a0<\/p>\n<p>Concedi\u00f3 \u00a0 \u00a0 \u00a0 \u00a0 \u00a0 \u00a0 \u00a0 \u00a0 \u00a0 \u00a0\u00a0<\/p>\n<p>\u00a0 \u00a0\u00a0 \u00a0 \u00a0 \u00a0 \u00a0 \u00a0 \u00a0 \u00a0 \u00a0\u00a0<\/p>\n<p>\u00a0 \u00a0\u00a0 \u00a0 \u00a0 \u00a0 \u00a0 \u00a0 \u00a0 \u00a0 \u00a0\u00a0<\/p>\n<p>T-370629 \u00a0 \u00a0 \u00a0 \u00a0 \u00a0 \u00a0 \u00a0 \u00a0 \u00a0 \u00a0\u00a0<\/p>\n<p>Marleny del Socorro Moreno S\u00e1nchez \u00a0 \u00a0 \u00a0 \u00a0 \u00a0 \u00a0 \u00a0 \u00a0 \u00a0 \u00a0\u00a0<\/p>\n<p>Gobierno Nal. \u00a0 \u00a0 \u00a0 \u00a0 \u00a0 \u00a0 \u00a0 \u00a0 \u00a0 \u00a0\u00a0<\/p>\n<p>Juzgado 4 de Menores de Medell\u00edn \u00a0 \u00a0 \u00a0 \u00a0 \u00a0 \u00a0 \u00a0 \u00a0 \u00a0 \u00a0\u00a0<\/p>\n<p>Concedi\u00f3 \u00a0 \u00a0 \u00a0 \u00a0 \u00a0 \u00a0 \u00a0 \u00a0 \u00a0 \u00a0\u00a0<\/p>\n<p>Tribunal Superior de Medell\u00edn, S. Familia \u00a0 \u00a0 \u00a0 \u00a0 \u00a0 \u00a0 \u00a0 \u00a0 \u00a0 \u00a0\u00a0<\/p>\n<p>Confirm\u00f3 \u00a0 \u00a0 \u00a0 \u00a0 \u00a0 \u00a0 \u00a0 \u00a0 \u00a0 \u00a0\u00a0<\/p>\n<p>Trabajadora \u00a0\u00a0<\/p>\n<p>T-369040 \u00a0 \u00a0 \u00a0 \u00a0 \u00a0 \u00a0 \u00a0 \u00a0 \u00a0 \u00a0\u00a0<\/p>\n<p>Nadiezca Quiroz Ortega y otros \u00a0 \u00a0 \u00a0 \u00a0 \u00a0 \u00a0 \u00a0 \u00a0 \u00a0 \u00a0\u00a0<\/p>\n<p>Gobierno Nal. \u00a0 \u00a0 \u00a0 \u00a0 \u00a0 \u00a0 \u00a0 \u00a0 \u00a0 \u00a0\u00a0<\/p>\n<p>Juzgado Promiscuo de Familia de Planeta Rica C\u00f3rdoba \u00a0 \u00a0 \u00a0 \u00a0 \u00a0 \u00a0 \u00a0 \u00a0 \u00a0 \u00a0\u00a0<\/p>\n<p>Concedi\u00f3 \u00a0 \u00a0 \u00a0 \u00a0 \u00a0 \u00a0 \u00a0 \u00a0 \u00a0 \u00a0\u00a0<\/p>\n<p>\u00a0 \u00a0\u00a0 \u00a0 \u00a0 \u00a0 \u00a0 \u00a0 \u00a0 \u00a0 \u00a0\u00a0<\/p>\n<p>\u00a0 \u00a0\u00a0 \u00a0 \u00a0 \u00a0 \u00a0 \u00a0 \u00a0 \u00a0 \u00a0\u00a0<\/p>\n<p>Trabajadores \u00a0\u00a0<\/p>\n<p>T-370621 \u00a0 \u00a0 \u00a0 \u00a0 \u00a0 \u00a0 \u00a0 \u00a0 \u00a0 \u00a0\u00a0<\/p>\n<p>Luz Miriam Uribe Sierra\u00a0 \u00a0 \u00a0 \u00a0 \u00a0 \u00a0 \u00a0 \u00a0 \u00a0 \u00a0 \u00a0\u00a0<\/p>\n<p>Gobierno Nal. \u00a0 \u00a0 \u00a0 \u00a0 \u00a0 \u00a0 \u00a0 \u00a0 \u00a0 \u00a0\u00a0<\/p>\n<p>Juzgado 1 de Menores de Medell\u00edn \u00a0 \u00a0 \u00a0 \u00a0 \u00a0 \u00a0 \u00a0 \u00a0 \u00a0 \u00a0\u00a0<\/p>\n<p>Concedi\u00f3 \u00a0 \u00a0 \u00a0 \u00a0 \u00a0 \u00a0 \u00a0 \u00a0 \u00a0 \u00a0\u00a0<\/p>\n<p>Tribunal Superior de Medell\u00edn, S. Familia \u00a0 \u00a0 \u00a0 \u00a0 \u00a0 \u00a0 \u00a0 \u00a0 \u00a0 \u00a0\u00a0<\/p>\n<p>Confirm\u00f3 \u00a0 \u00a0 \u00a0 \u00a0 \u00a0 \u00a0 \u00a0 \u00a0 \u00a0 \u00a0\u00a0<\/p>\n<p>Trabajadora \u00a0<\/p>\n<p>\u00a0 \u00a0\u00a0<\/p>\n<p>1 Sobre el mismo tema pueden consultarse las sentencias SU-106\/00 M.P. Dr. Alfredo Beltr\u00e1n Sierra y SU-1135\/00 del mismo magistrado. \u00a0<\/p>\n<p>2Consultar entre otras \u00a0C-073 y 555 de 1993; C-018 de 1996, T-363 de 1997 y C-054 de 1998.\u00a0 \u00a0 \u00a0<\/p>\n<p><\/p>\n","protected":false},"excerpt":{"rendered":"<p>\u00a0 \u00a0 {p} \u00a0 Expediente T-367880 y acumulados \u00a0 Sentencia T-1731\/00 \u00a0 ACCION DE TUTELA-Naturaleza \u00a0 JUEZ CONSTITUCIONAL-Improcedencia para sustituir a las autoridades en las competencias asignadas por la Constituci\u00f3n Pol\u00edtica \u00a0 GOBIERNO NACIONAL-Formulaci\u00f3n anual del presupuesto y ley de apropiaciones\/JUEZ DE TUTELA-Imposibilidad de modificar presupuesto para incremento salarial de servidores p\u00fablicos \u00a0 Referencia: expedientes [&hellip;]<\/p>\n","protected":false},"author":1,"featured_media":0,"comment_status":"open","ping_status":"open","sticky":false,"template":"","format":"standard","meta":{"footnotes":""},"categories":[39],"tags":[],"class_list":["post-6019","post","type-post","status-publish","format-standard","hentry","category-tutelas-2000"],"_links":{"self":[{"href":"https:\/\/www.dmsjuridica.com\/buscador_20179478954\/corteconstitucionalcronologico202454587\/wp-json\/wp\/v2\/posts\/6019","targetHints":{"allow":["GET"]}}],"collection":[{"href":"https:\/\/www.dmsjuridica.com\/buscador_20179478954\/corteconstitucionalcronologico202454587\/wp-json\/wp\/v2\/posts"}],"about":[{"href":"https:\/\/www.dmsjuridica.com\/buscador_20179478954\/corteconstitucionalcronologico202454587\/wp-json\/wp\/v2\/types\/post"}],"author":[{"embeddable":true,"href":"https:\/\/www.dmsjuridica.com\/buscador_20179478954\/corteconstitucionalcronologico202454587\/wp-json\/wp\/v2\/users\/1"}],"replies":[{"embeddable":true,"href":"https:\/\/www.dmsjuridica.com\/buscador_20179478954\/corteconstitucionalcronologico202454587\/wp-json\/wp\/v2\/comments?post=6019"}],"version-history":[{"count":0,"href":"https:\/\/www.dmsjuridica.com\/buscador_20179478954\/corteconstitucionalcronologico202454587\/wp-json\/wp\/v2\/posts\/6019\/revisions"}],"wp:attachment":[{"href":"https:\/\/www.dmsjuridica.com\/buscador_20179478954\/corteconstitucionalcronologico202454587\/wp-json\/wp\/v2\/media?parent=6019"}],"wp:term":[{"taxonomy":"category","embeddable":true,"href":"https:\/\/www.dmsjuridica.com\/buscador_20179478954\/corteconstitucionalcronologico202454587\/wp-json\/wp\/v2\/categories?post=6019"},{"taxonomy":"post_tag","embeddable":true,"href":"https:\/\/www.dmsjuridica.com\/buscador_20179478954\/corteconstitucionalcronologico202454587\/wp-json\/wp\/v2\/tags?post=6019"}],"curies":[{"name":"wp","href":"https:\/\/api.w.org\/{rel}","templated":true}]}}