{"id":6173,"date":"2024-05-30T20:38:34","date_gmt":"2024-05-30T20:38:34","guid":{"rendered":"https:\/\/www.dmsjuridica.com\/buscador_20179478954\/corteconstitucionalcronologico202454587\/2024\/05\/30\/t-318-00\/"},"modified":"2024-05-30T20:38:34","modified_gmt":"2024-05-30T20:38:34","slug":"t-318-00","status":"publish","type":"post","link":"https:\/\/www.dmsjuridica.com\/buscador_20179478954\/corteconstitucionalcronologico202454587\/t-318-00\/","title":{"rendered":"T-318-00"},"content":{"rendered":"\n<p>\u00a0 \u00a0 Sentencia T-318\/00 \u00a0<\/p>\n<p>DERECHO AL SUBSIDIO FAMILIAR DEL NI\u00d1O-Procedencia de tutela \u00a0<\/p>\n<p>DERECHO A LA SEGURIDAD SOCIAL DEL NI\u00d1O-Fundamental \u00a0<\/p>\n<p>SUBSIDIO FAMILIAR-Improcedencia de tutela respecto de mayor de edad \u00a0<\/p>\n<p>Referencia: expediente T-263379 \u00a0<\/p>\n<p>Acci\u00f3n de tutela instaurada Esneda Gonz\u00e1lez contra el Hospital &#8220;Federico Lleras Acosta&#8221; \u00a0<\/p>\n<p>Magistrado Ponente: \u00a0<\/p>\n<p>Dr. JOS\u00c9 GREGORIO HERN\u00c1NDEZ GALINDO \u00a0<\/p>\n<p>Santa Fe de Bogot\u00e1 D.C., veintiuno (21) de marzo de dos mil (2000). \u00a0<\/p>\n<p>La Sala Quinta de Revisi\u00f3n de la Corte Constitucional, en ejercicio de sus competencias constitucionales y legales, en especial las previstas en los art\u00edculos 86 y 241-9 de la Carta Pol\u00edtica y en el Decreto 2591 de 1991, ha proferido la siguiente \u00a0<\/p>\n<p>SENTENCIA \u00a0<\/p>\n<p>que pone fin al proceso de revisi\u00f3n del fallo dictado por el Tribunal Superior de Ibagu\u00e9 al resolver sobre la acci\u00f3n de tutela instaurada por Esneda Gonz\u00e1lez Fl\u00f3rez, en nombre propio y de hijo Carlos Vladimir Rivas Gonz\u00e1lez contra el Hospital &#8220;Federico Lleras Acosta&#8221;, de la ciudad de Ibagu\u00e9. \u00a0<\/p>\n<p>I. ANTECEDENTES \u00a0<\/p>\n<p>Acude a la acci\u00f3n de tutela la se\u00f1ora Esneda Gonz\u00e1lez Fl\u00f3rez, manifestando que es trabajadora del Hospital Federico Lleras Acosta de la ciudad de Ibagu\u00e9, y solicita que esta entidad cancele a la Caja de Compensaci\u00f3n del Tolima el valor correspondiente al subsidio familiar que le adeuda desde 1998. \u00a0<\/p>\n<p>Dicha omisi\u00f3n en su concepto, vulnera los derechos a la familia, a la recreaci\u00f3n y los derechos fundamentales los ni\u00f1os que la Constituci\u00f3n Nacional, a trav\u00e9s del art\u00edculo 44 protege de manera prevalente. \u00a0<\/p>\n<p>II. SENTENCIA OBJETO DE REVISI\u00d3N \u00a0<\/p>\n<p>El Tribunal Superior de Ibagu\u00e9, mediante Fallo del 5 de octubre de 1999, neg\u00f3 la tutela impetrada, por considerar que el derecho al subsidio familiar s\u00f3lo procede por v\u00eda de tutela cuando se trata de menores de edad, no siendo \u00e9ste un caso objeto de tal protecci\u00f3n. \u00a0<\/p>\n<p>III. CONSIDERACIONES DE LA CORTE CONSTITUCIONAL Y FUNDAMENTOS DE LA DECISI\u00d3N \u00a0<\/p>\n<p>El derecho al subsidio familiar puede obtenerse por medio de la acci\u00f3n de tutela, cuando sus beneficiarios son menores de edad \u00a0<\/p>\n<p>Se reitera en este caso la jurisprudencia que ha sentado esta Corporaci\u00f3n en relaci\u00f3n con la procedencia de la tutela para obtener el pago del subsidio familiar cuando los beneficiarios del mismo son menores de edad. \u00a0<\/p>\n<p>Se ha expresado as\u00ed la Corte: \u00a0<\/p>\n<p>\u201c\u2026en la Constituci\u00f3n ha sido se\u00f1alado de manera expresa el caso de los ni\u00f1os, cuyo derecho a la seguridad social es fundamental y susceptible, por tanto, de ser reclamado, mediante el ejercicio de la acci\u00f3n de tutela, de manera inmediata aunque no incondicional. \u00a0<\/p>\n<p>\u201cEllo es as\u00ed por cuanto el art\u00edculo 44 de la Carta enuncia este derecho entre los que se reconocen a los ni\u00f1os con car\u00e1cter prevalente, a la par que el 48 supedita la prestaci\u00f3n del correspondiente servicio p\u00fablico a los t\u00e9rminos y forma que determine la ley. \u00a0<\/p>\n<p>\u201cLa Sala Plena de la Corte &#8230; , dej\u00f3 en claro que el trato especial otorgado por el Ordenamiento a los menores tiene el alcance de una preeminencia o primac\u00eda, que debe su raz\u00f3n de ser, como esta Sala lo ha advertido reiteradamente, a las condiciones de debilidad e indefensi\u00f3n que los caracteriza, dada la crucial etapa de formaci\u00f3n f\u00edsica y mental por la que atraviesan, y a la promesa que su sana supervivencia representa para la sociedad del futuro. \u00a0<\/p>\n<p>\u201cEs evidente que las obligaciones radicadas en las entidades y organismos, p\u00fablicos y privados, que tienen a su cargo la seguridad social se intensifican y ampl\u00edan en la medida en que est\u00e9n de por medio la salud y la vida de los ni\u00f1os, por lo cual trat\u00e1ndose de ellos, aumentan de modo considerable las posibilidades de su vulneraci\u00f3n por negligencia, descuido o desconocimiento del nivel preferente al que han sido elevados por la propia Constituci\u00f3n&#8230;&#8221; (Cfr. Corte Constitucional. Sala Quinta de Revisi\u00f3n. Sentencia T-001 del 16 d enero de 1995). \u00a0<\/p>\n<p>\u201c\u2026el derecho a recibir el subsidio familiar, que ha sido reconocido como una derivaci\u00f3n prestacional del derecho a la seguridad social, puede ser reclamado por v\u00eda de tutela cuando el afectado es un menor de edad, pues la Constituci\u00f3n lo eleva en estos casos a la categor\u00eda de derecho fundamental.\u201d (Cfr. Corte Constitucional. Sala Novena de Revisi\u00f3n. \u00a0Sentencia T-223 del 18 de mayo de 1998. \u00a0M.P.: Dr. Vladimiro Naranjo Mesa). \u00a0<\/p>\n<p>Se confirmar\u00e1 el Fallo de instancia. \u00a0<\/p>\n<p>DECISI\u00d3N \u00a0<\/p>\n<p>En virtud de lo expuesto, la Sala Quinta de Revisi\u00f3n de la Corte Constitucional, administrando justicia en nombre del pueblo y por mandato de la Constituci\u00f3n, \u00a0<\/p>\n<p>RESUELVE \u00a0<\/p>\n<p>Primero. CONFIRMAR el Fallo proferido por el Tribunal Superior de Ibagu\u00e9 al resolver sobre la acci\u00f3n de tutela de la referencia. \u00a0<\/p>\n<p>Segundo. Por Secretar\u00eda, L\u00cdBRESE la comunicaci\u00f3n de que trata el art\u00edculo 36 del Decreto 2591 de 1991, para los efectos all\u00ed contemplados. \u00a0<\/p>\n<p>C\u00f3piese, notif\u00edquese, publ\u00edquese en la Gaceta de la Corte Constitucional y c\u00famplase. \u00a0<\/p>\n<p>JOSE GREGORIO HERNANDEZ GALINDO \u00a0<\/p>\n<p>Magistrado Ponente \u00a0<\/p>\n<p>ALEJANDRO MARTINEZ CABALLERO \u00a0 \u00a0 \u00a0 \u00a0 \u00a0 \u00a0 \u00a0 \u00a0 \u00a0 \u00a0 \u00a0 \u00a0 \u00a0 \u00a0 \u00a0 \u00a0 \u00a0 \u00a0 \u00a0 \u00a0 \u00a0 \u00a0 FABIO MORON DIAZ \u00a0<\/p>\n<p>\u00a0 \u00a0 \u00a0 \u00a0 \u00a0 \u00a0 \u00a0 Magistrado \u00a0 \u00a0 \u00a0 \u00a0 \u00a0 \u00a0 \u00a0 \u00a0 \u00a0 \u00a0 \u00a0 \u00a0 \u00a0 \u00a0 \u00a0 \u00a0 \u00a0 \u00a0 \u00a0 \u00a0 \u00a0 \u00a0 \u00a0 \u00a0 \u00a0 \u00a0 \u00a0 \u00a0 \u00a0 \u00a0 \u00a0 \u00a0 \u00a0 \u00a0 \u00a0 \u00a0 \u00a0 \u00a0 \u00a0 \u00a0 \u00a0 Magistrado \u00a0<\/p>\n<p>MARTHA SACHICA DE MONCALEANO \u00a0<\/p>\n<p>Secretaria General \u00a0<\/p>\n<p>\u00a0 \u00a0\u00a0<\/p>\n<p><\/p>\n","protected":false},"excerpt":{"rendered":"<p>\u00a0 \u00a0 Sentencia T-318\/00 \u00a0 DERECHO AL SUBSIDIO FAMILIAR DEL NI\u00d1O-Procedencia de tutela \u00a0 DERECHO A LA SEGURIDAD SOCIAL DEL NI\u00d1O-Fundamental \u00a0 SUBSIDIO FAMILIAR-Improcedencia de tutela respecto de mayor de edad \u00a0 Referencia: expediente T-263379 \u00a0 Acci\u00f3n de tutela instaurada Esneda Gonz\u00e1lez contra el Hospital &#8220;Federico Lleras Acosta&#8221; \u00a0 Magistrado Ponente: \u00a0 Dr. JOS\u00c9 GREGORIO [&hellip;]<\/p>\n","protected":false},"author":1,"featured_media":0,"comment_status":"open","ping_status":"open","sticky":false,"template":"","format":"standard","meta":{"footnotes":""},"categories":[39],"tags":[],"class_list":["post-6173","post","type-post","status-publish","format-standard","hentry","category-tutelas-2000"],"_links":{"self":[{"href":"https:\/\/www.dmsjuridica.com\/buscador_20179478954\/corteconstitucionalcronologico202454587\/wp-json\/wp\/v2\/posts\/6173","targetHints":{"allow":["GET"]}}],"collection":[{"href":"https:\/\/www.dmsjuridica.com\/buscador_20179478954\/corteconstitucionalcronologico202454587\/wp-json\/wp\/v2\/posts"}],"about":[{"href":"https:\/\/www.dmsjuridica.com\/buscador_20179478954\/corteconstitucionalcronologico202454587\/wp-json\/wp\/v2\/types\/post"}],"author":[{"embeddable":true,"href":"https:\/\/www.dmsjuridica.com\/buscador_20179478954\/corteconstitucionalcronologico202454587\/wp-json\/wp\/v2\/users\/1"}],"replies":[{"embeddable":true,"href":"https:\/\/www.dmsjuridica.com\/buscador_20179478954\/corteconstitucionalcronologico202454587\/wp-json\/wp\/v2\/comments?post=6173"}],"version-history":[{"count":0,"href":"https:\/\/www.dmsjuridica.com\/buscador_20179478954\/corteconstitucionalcronologico202454587\/wp-json\/wp\/v2\/posts\/6173\/revisions"}],"wp:attachment":[{"href":"https:\/\/www.dmsjuridica.com\/buscador_20179478954\/corteconstitucionalcronologico202454587\/wp-json\/wp\/v2\/media?parent=6173"}],"wp:term":[{"taxonomy":"category","embeddable":true,"href":"https:\/\/www.dmsjuridica.com\/buscador_20179478954\/corteconstitucionalcronologico202454587\/wp-json\/wp\/v2\/categories?post=6173"},{"taxonomy":"post_tag","embeddable":true,"href":"https:\/\/www.dmsjuridica.com\/buscador_20179478954\/corteconstitucionalcronologico202454587\/wp-json\/wp\/v2\/tags?post=6173"}],"curies":[{"name":"wp","href":"https:\/\/api.w.org\/{rel}","templated":true}]}}