{"id":6379,"date":"2024-05-30T20:38:47","date_gmt":"2024-05-30T20:38:47","guid":{"rendered":"https:\/\/www.dmsjuridica.com\/buscador_20179478954\/corteconstitucionalcronologico202454587\/2024\/05\/30\/t-605-00\/"},"modified":"2024-05-30T20:38:47","modified_gmt":"2024-05-30T20:38:47","slug":"t-605-00","status":"publish","type":"post","link":"https:\/\/www.dmsjuridica.com\/buscador_20179478954\/corteconstitucionalcronologico202454587\/t-605-00\/","title":{"rendered":"T-605-00"},"content":{"rendered":"\n<p>\u00a0 \u00a0 Sentencia T-605\/00 \u00a0<\/p>\n<p>ACCION DE TUTELA-Subsidiariedad \u00a0<\/p>\n<p>DERECHO AL MINIMO VITAL DEL TRABAJADOR-Presunci\u00f3n de afectaci\u00f3n por ausencia prolongada en pago de salarios \u00a0<\/p>\n<p>ACCION DE TUTELA-Improcedencia general pago de acreencias laborales \u00a0<\/p>\n<p>DERECHO AL MINIMO VITAL DEL TRABAJADOR-No afectaci\u00f3n por no pago de primas complementarias de salario a educadores \u00a0<\/p>\n<p>Referencia: expedientes \u00a0<\/p>\n<p>T-283367, T-283380, T-283407, T-283408, T-283409, T-283447, T-283469, T-283775, T-283781, T-283791, T-283792, T-283793, T-283794, T-283804, T-283805, T-283809, T-283867, T-283875, T-284103, T-284104, T-284105, T-284106, T-284127, T-284128, T-284129. T-284131, T-284132, T-284134, T-284161, T-284163, T-284165, T-284168, T-284171, T-284180, T-284181, T-284182, T-284183, T-284200, T-284201, T-284204, T-284205, T-284206, T-284208, T-284209, T-284210, T-284211, T-284212, T-284213, T-284217, T-284225, T-284226, T-284227, T-284231, T-284232, T-284237, T-284238, T-284239, T-284240, T-284241, T-284242, T-284243, T-284457, T-284459, T-284460, T-284462, T-284466, T-284467, T-284468, T-284469, T-284470, T-284471, T-284472, T-284473, T-284474, T-284489, T-284491, T-284510, T-284546, T-284547, T-284548, T-284549, T-284550, T-284551, T-284552, T-284661, T-284891, T-284892, T-284893, T-284901, T-284924, T-284951, T-284952, T-284954, T-284955, T-284956, T-284957, T-284970, T-284971, T-284972, T-284973, T-284974, T-284996, T-285167, T-285170.\u00a0 \u00a0<\/p>\n<p>Accionantes: Ovidio de Jes\u00fas Pardo y otros. \u00a0<\/p>\n<p>Magistrado Ponente: \u00a0<\/p>\n<p>Dr. ANTONIO BARRERA CARBONELL \u00a0<\/p>\n<p>Santaf\u00e9 de Bogot\u00e1, D.C., mayo veinticinco (25) de dos mil (2000). \u00a0<\/p>\n<p>La Sala Primera de Revisi\u00f3n de la Corte Constitucional, integrada por los magistrados Antonio Barrera Carbonell, Alfredo Beltr\u00e1n Sierra y Eduardo Cifuentes Mu\u00f1oz, en ejercicio de sus competencias constitucionales y legales, ha proferido la siguiente \u00a0<\/p>\n<p>SENTENCIA \u00a0<\/p>\n<p>dentro del proceso de revisi\u00f3n de los fallos dictados en \u00fanica, \u00a0primera y en segunda instancia por distintos despachos judiciales del departamento de Antioqu\u00eda en relaci\u00f3n con las acciones de tutela impetradas contra el gobernador de Antioqu\u00eda por los docentes nacionalizados al servicio de ese departamento. \u00a0<\/p>\n<p>I. ANTECEDENTES. \u00a0<\/p>\n<p>Pretensiones y hechos. \u00a0<\/p>\n<p>Los accionantes instauraron acci\u00f3n de tutela contra el Gobernador de Antioqu\u00eda, con el fin de obtener el amparo de sus derechos al trabajo en condiciones dignas y a la igualdad y, en tal virtud, que se ordene a dicho funcionario disponer el pago de las sumas de dinero que se les adeudan por concepto de primas, creadas por ordenanza de la Asamblea Departamental, que en cada caso se especifican.\u00a0 \u00a0<\/p>\n<p>Son hechos comunes a todas las demandas los siguientes: \u00a0<\/p>\n<p>Los accionantes laboran como educadores al servicio del Departamento de Antioqu\u00eda, adscritos a diferentes centros educativos, y manifiestan que a trav\u00e9s de ordenanzas departamentales fueron creadas una serie de primas complementarias de sus salarios. \u00a0<\/p>\n<p>Durante el a\u00f1o de 1999, solamente les fueron pagadas las primas correspondientes al mes de enero y la prima de vida cara que corresponde al mes de febrero.\u00a0 \u00a0<\/p>\n<p>De acuerdo a la especialidad y a la zona en donde labora cada uno de ellos, tienen derecho a que se les reconozcan y paguen \u00a0diferentes primas, seg\u00fan el caso. Dichas primas son las de normalista, licenciatura, aula especial, vida cara, escuela unitaria, dif\u00edcil acceso, de directores y rector\u00eda. \u00a0<\/p>\n<p>En un acto de discriminaci\u00f3n la administraci\u00f3n departamental ha hecho pagos de algunas de las primas a empleados y maestros, sin raz\u00f3n que los justifique.\u00a0 \u00a0<\/p>\n<p>\u00a0 \u00a0<\/p>\n<p>II. DECISIONES JUDICIALES. \u00a0<\/p>\n<p>Conocieron de los procesos de tutela diferentes despachos judiciales del departamento de Antioqu\u00eda, algunos concedieron el amparo de tutela solicitado y otros lo negaron por considerar que no se presentaba vulneraci\u00f3n a los derechos invocados por los actores. En 102 de los casos en revisi\u00f3n la tutela \u00a0fue denegada y solo en 2 procesos el fallo de tutela fue favorable al accionante. \u00a0<\/p>\n<p>Para mayor ilustraci\u00f3n sobre las actuaciones judiciales se anexa un cuadro informativo de las decisiones proferidas en \u00fanica, primera y segunda instancia reca\u00eddas en cada uno de los procesos de tutela en estudio. \u00a0<\/p>\n<p>III. CONSIDERACIONES Y FUNDAMENTOS.\u00a0 \u00a0<\/p>\n<p>1. El problema jur\u00eddico planteado. \u00a0<\/p>\n<p>Corresponde a la Sala determinar si la acci\u00f3n de tutela constituye el instrumento procesal adecuado para que los demandantes obtengan el pago de las sumas de dinero que se les adeuda por concepto de primas de diferente naturaleza, que constituyen un complemento salarial. \u00a0<\/p>\n<p>\u00a0 \u00a0 \u00a0<\/p>\n<p>1. Soluci\u00f3n al problema planteado. \u00a0 \u00a0<\/p>\n<p>Mediante Sentencia T- 3761 de marzo 31 de 2000, esta Sala de Revisi\u00f3n se pronunci\u00f3 respecto de otras demandas de tutela, relacionadas con los mismos hechos y circunstancias a las aqu\u00ed planteadas; en consecuencia, es del caso reiterar las consideraciones y fundamentos, tenidos en cuenta en dicha oportunidad, para aplicarlas a los casos de que dan cuenta los procesos en referencia.\u00a0 \u00a0<\/p>\n<p>En tales circunstancias cabe recordar que: \u00a0<\/p>\n<p>\u201c2.1. Seg\u00fan el art\u00edculo 86 de la Constituci\u00f3n Pol\u00edtica la acci\u00f3n de tutela es un mecanismo subsidiario de defensa, pues ella s\u00f3lo procede \u201ccuando el afectado no disponga de otro medio de defensa judicial, salvo que aqu\u00e9lla se utilice como mecanismo transitorio para evitar un perjuicio irremediable.\u201d \u00a0<\/p>\n<p>\u201cEn concordancia con tal disposici\u00f3n, la jurisprudencia constitucional ha establecido que los jueces de tutela no tienen competencia para resolver conflictos jur\u00eddicos ocasionados en el incumplimiento de obligaciones de \u00edndole laboral, a menos que ello comprometa o amenace el m\u00ednimo vital del peticionario, caso en el cual la tutela se torna id\u00f3nea para que a trav\u00e9s de este medio se pueda obtener el pago de aqu\u00e9llas, aun existiendo otras v\u00edas judiciales para lograr ese cometido.\u201d\u00a0 \u00a0<\/p>\n<p>\u00a0 \u00a0<\/p>\n<p>\u201c2.2. Sobre la afectaci\u00f3n del m\u00ednimo vital o de subsistencia ha dicho la Corte, en reiterada jurisprudencia, que \u00e9ste se presume afectado, cuando la suspensi\u00f3n en el pago del salario se prolonga indefinidamente en el tiempo, de tal suerte que se coloca al trabajador y a su familia en una situaci\u00f3n econ\u00f3mica cr\u00edtica que afecta sus derechos fundamentales y que hace necesaria la intervenci\u00f3n r\u00e1pida y eficaz del juez de tutela para restablecer su goce, correspondi\u00e9ndole al demandado la demostraci\u00f3n de que el peticionario de la tutela cuenta con otros ingresos o recursos, con los cuales pueda atender sus necesidades primarias vitales y las de su familia. \u201c \u00a0<\/p>\n<p>\u201cb. La acci\u00f3n de tutela s\u00f3lo proceder\u00e1 como mecanismo para evitar que el trabajador sufra una situaci\u00f3n cr\u00edtica econ\u00f3mica y psicol\u00f3gica. Con esta referencia se busca dejar intacta la competencia de la jurisdicci\u00f3n laboral ordinaria, cuando no se trate de situaciones injustificadas, inminentes y graves que hacen urgente la intervenci\u00f3n del juez de amparo3. Esta Corporaci\u00f3n ha dicho al respecto\u201d: \u00a0<\/p>\n<p>\u201cLa jurisprudencia de la Corte ha sido enf\u00e1tica en sostener que la liquidaci\u00f3n y pago de obligaciones laborales escapa al \u00e1mbito propio de la acci\u00f3n de tutela, y si bien es cierto ha admitido su procedencia en algunos casos, ellos han sido excepcionales y, primordialmente, sustentados en la falta de idoneidad del medio ordinario en los t\u00e9rminos que se dejan expuestos, relativos siempre de manera espec\u00edfica y directa a las circunstancias en las que se encuentra el actor, lo cual excluye de plano que pueda concederse el amparo judicial para los indicados fines, masiva e indiscriminadamente\u201d4 \u00a0<\/p>\n<p>\u201cEn el mismo fallo se afirma:\u00a0 \u00a0<\/p>\n<p>\u201cAs\u00ed, ha encontrado la Corte que puede tutelarse el derecho del trabajador a obtener el pago de su salario cuando resulta afectado el m\u00ednimo vital (Cfr. sentencias T-426 del 24. de junio de 1992, T-063 del 22 de febrero de 1995, y T-437 del 16 de septiembre de 1996); que es posible intentar la acci\u00f3n de tutela para que se cancelen las mesadas pensionales dejadas de percibir por una &#8216;0persona de la tercera edad en circunstancias apremiantes y siendo ese su \u00fanico ingreso (Cfr. sentencias T-426 del 24 de junio de 1992, T-147 del 4 de abril de 1995, T-244 del 1 de junio de 1995, T-212 del 14 de mayo de 1996 y T- 608 del 13 de noviembre de 1996); que cuando la entidad obligada al pago de la pensi\u00f3n revoca unilateralmente su reconocimiento, procede la tutela para restablecer el derecho del afectado (Crf. sentencia T-246 del 3 de junio de 1996); que es posible restaurar, por la v\u00eda del amparo, la igualdad quebrantada por el Estado cuando se discrimina entre los trabajadores, para fijar el momento de la cancelaci\u00f3n de prestaciones, favoreciendo con un pago r\u00e1pido a quienes se acogen a determinado r\u00e9gimen y demor\u00e1ndolo indefinidamente a aquellos que han optado por otro (Cfr. sentencia T-418 del 9 de septiembre de 1996); que resulta admisible la tutela para \u00b4eliminar las desigualdades generadas por el uso indebido de los pactos colectivos de trabajo con el objeto de desestimular la asociaci\u00f3n sindical\u00b4\u201c (sentencia SU-342 del 2 de agosto de 1995, M\u00a0.P. Antonio Barrera Carbonell) Resalta la Sala.\u201d \u00a0<\/p>\n<p>\u201c2.4. Analizadas las demandas, se pone de presente que en ellas los demandantes no \u00a0solicitan el pago de sus salarios, sino de algunas primas que tienen el car\u00e1cter de complementos salariales; de donde se deduce que la administraci\u00f3n departamental ha cumplido sus obligaciones en relaci\u00f3n con el pago de salarios. Tampoco se afirma por los demandantes que se les haya afectado el m\u00ednimo vital con el no pago de las primas reclamadas; ni dentro del proceso existe prueba alguna que permita a la Sala inferir que se ha afectado el referido m\u00ednimo. \u201c \u00a0<\/p>\n<p>\u201cLa demostraci\u00f3n de la lesi\u00f3n del m\u00ednimo vital es una condici\u00f3n necesaria para la procedencia de la acci\u00f3n y para que se puedan despachar favorablemente las pretensiones de los actores.\u201d \u00a0<\/p>\n<p>\u201cAdem\u00e1s, con las declaraciones de algunos de los demandantes y la informaci\u00f3n suministrada por el Tesorero General del Departamento, se pudo establecer que el m\u00ednimo vital de estas personas no est\u00e1 comprometiendo, toda vez que est\u00e1n recibiendo el pago oportuno de sus salarios y de las otras acreencias laborales legales, adeud\u00e1ndoseles solamente las primas extralegales.\u201d \u00a0<\/p>\n<p>\u201cEn cuanto a la alegada violaci\u00f3n del derecho a la igualdad, tampoco se ha establecido discriminaci\u00f3n alguna por la administraci\u00f3n departamental, si se tiene en cuenta que a las personas a quienes no se les ha cancelado esas primas son educadores nacionalizados al servicio del Departamento de Antioqu\u00eda, que se les paga con recursos provenientes del situado fiscal, a diferencia de los educadores departamentales y municipales a quienes si se les ha pagado, pero con cargo a los presupuestos del departamento o de cada municipio.\u201d \u00a0<\/p>\n<p>\u201cEn tales circunstancias, la tutela resulta ser un mecanismo inadecuado para obtener el pago de las referidas primas, dado que el incumplimiento de la administraci\u00f3n no configura una vulneraci\u00f3n o lesi\u00f3n de su m\u00ednimo vital, definido \u00e9ste como \u201clos requerimientos b\u00e1sicos indispensables para asegurar la digna subsistencia de la persona y de su familia, no solamente en lo relativo a alimentaci\u00f3n y vestuario sino en lo referente a la salud, educaci\u00f3n, vivienda, seguridad social y medio ambiente, en cuanto factores insustituibles para la preservaci\u00f3n de una calidad de vida que, no obstante su modestia, corresponda a las exigencias m\u00e1s elementales del ser humano5.\u201d \u00a0 \u00a0<\/p>\n<p>\u201cEn consecuencia, los demandantes tienen expeditos los instrumentos procesales alternativos, el proceso ejecutivo laboral, o la acci\u00f3n contenciosa administrativa, previo agotamiento de la v\u00eda gubernativa, para obtener la protecci\u00f3n de sus derechos.\u201d \u00a0<\/p>\n<p>Por lo anterior, se confirmar\u00e1n las sentencias que denegaron las pretensiones de tutela y se revocar\u00e1n las sentencias que accedieron a \u00e9stas. \u00a0<\/p>\n<p>IV. DECISI\u00d3N \u00a0<\/p>\n<p>En m\u00e9rito de lo expuesto, la Sala Primera de Revisi\u00f3n de la Corte Constitucional, administrando justicia en nombre del pueblo y por mandato de la Constituci\u00f3n,\u00a0 \u00a0<\/p>\n<p>RESUELVE: \u00a0<\/p>\n<p>Primero. REVOCAR los fallos de tutela proferidos por los juzgados: Civil del Circuito de Frontino (T-284.165) y Civil del Circuito de Apartad\u00f3 (T-284.901) que concedieron el amparo de tutela solicitado. En consecuencia ni\u00e9gase la tutela concedida en los referidos procesos.\u00a0 \u00a0<\/p>\n<p>Segundo. CONFIRMAR los fallos de tutela que denegaron la protecci\u00f3n de tutela solicitada, proferidos por los siguientes despachos judiciales: Juzgado Laboral del Circuito de Turbo (T-283.367, T-283.380), Juzgado Diecisiete Civil Municipal de Medell\u00edn (T-283.407, T-283.408, T-283.409), Juzgado Once Penal del Circuito de Medell\u00edn (T-283.447), Juzgado Sexto Laboral del Circuito de Medell\u00edn (T-283.469), Juzgado Once Laboral del Circuito de Medell\u00edn (T- 283.775, T-283.791, T-283,792, T-283.793, T-283.794), Juzgado Diecinueve Civil Municipal de Medell\u00edn (T-283.781), Juzgado Promiscuo Municipal de Carolina del Pr\u00edncipe (T-283.804, T-283.805), Juzgado Tercero Civil del Circuito de Medell\u00edn (T-283.809), Juzgado D\u00e9cimo Penal Municipal de Medell\u00edn (T-283.867, T-284.466, T-284.467), Juzgado Doce Penal Municipal de Medell\u00edn (T-283.875, T-284.213, T-284.225, T-284.226, T-284.227, T-284.239, T- 284.240, \u00a0T-284.241, T-284.996), Juzgado Cuarto de Menores de Medell\u00edn (T-284.103, T-284.104, T-284.105, T-284.106, T-284.129, T-284, 161, T-284.168, T-284.171, T-284.231, T-284.232, T-284.951, T-284.952), Juzgado Primero Promiscuo del Circuito de Santa Rosa de Osos (T-284.127, T-284,128), Juzgado Once Penal Municipal de Medell\u00edn (T-284.131, T-284.132, T-284.134, T-284.237, T-284.238), Juzgado Promiscuo Municipal de Jard\u00edn (T-284.163, T-284.954, T-284.955, T-284.956, T-284.957), Juzgado Diecisiete Penal Municipal de Medell\u00edn (T-284.180, T-284.181, T-284.182, T-284.204, T-284.205, T-284.206, T-284.208, T-284.209, T-284.210, T-284.211, T-284.212, T-284.470, T-284.471, T-284.472, T-284.473, T-284.474), Juzgado Veintid\u00f3s Penal Municipal de Medell\u00edn (T-284.183, T-284.973, T-284.974), Juzgado Promiscuo de Familia de Turbo (T-284.200, T.284.201), Juzgado Treinta y Tres Penal Municipal de Medell\u00edn (T-284.217), Juzgado Veintisiete Penal Municipal de Medell\u00edn (T-284.242, T-284.243, T-284.468, T-284.469), Juzgado Diecis\u00e9is Civil del Circuito de Medell\u00edn (T-284.457), Juzgado Cuarto Penal Municipal de Medell\u00edn (T-284.459, T-284.460, T-284.462), Juzgado Civil &#8211; Laboral del Circuito de Cauc\u00e1sia (T-284.489, T-284.491), Juzgado Octavo Penal del Circuito de Medell\u00edn \u00a0(T-284.510), Tribunal Superior de Antioqu\u00eda Sala Civil (T- 284.546, T-284.547, T-284.548, T-284.549, T-284.550, T-284.551, T-284.552), Juzgado Veintisiete Penal del Circuito de Medell\u00edn (T-284.661), Juzgado Civil Municipal de Chigorod\u00f3 (T-284.891, T-284.892, T-284.893), Juzgado Dieciocho Penal Municipal de Medell\u00edn (T-284.924), Juzgado Civil Municipal de Fredonia (T- 284.970, T- 284.971), Juzgado Sexto Penal Municipal de Medell\u00edn (T-284.972), Juzgado Cuarto Penal del Circuito de Medell\u00edn (T-285.167) Y Juzgado Dieciocho Penal del Circuito de Medell\u00edn (T-285.170). \u00a0<\/p>\n<p>\u00a0 \u00a0 \u00a0 \u00a0<\/p>\n<p>Tercero. Por Secretar\u00eda, L\u00cdBRESE la comunicaci\u00f3n de que trata el art\u00edculo 36 del Decreto 2591 de 1991. \u00a0<\/p>\n<p>Notif\u00edquese, comun\u00edquese, publ\u00edquese en la Gaceta de la Corte Constitucional y c\u00famplase. \u00a0\u00a0 \u00a0<\/p>\n<p>ANTONIO BARRERA CARBONELL \u00a0<\/p>\n<p>Magistrado \u00a0<\/p>\n<p>Magistrado \u00a0<\/p>\n<p>EDUARDO CIFUENTES MU\u00d1OZ \u00a0<\/p>\n<p>Magistrado \u00a0<\/p>\n<p>MARTHA SACHICA DE MONCALEANO \u00a0<\/p>\n<p>Secretaria General\u00a0 \u00a0<\/p>\n<p>ANEXO \u00a0<\/p>\n<p>T-283367 \u00a0 \u00a0 \u00a0 \u00a0 \u00a0 \u00a0 \u00a0 \u00a0 \u00a0 \u00a0\u00a0<\/p>\n<p>Ovidio de Jes\u00fas Pardo y otros\u00a0 \u00a0 \u00a0 \u00a0 \u00a0 \u00a0 \u00a0 \u00a0 \u00a0 \u00a0 \u00a0\u00a0<\/p>\n<p>Juzg. Promiscuo Municipal de Arboletes DENIEGA\u00a0 \u00a0 \u00a0 \u00a0 \u00a0 \u00a0 \u00a0 \u00a0 \u00a0 \u00a0 \u00a0\u00a0<\/p>\n<p>Juzg. Laboral Circuito de Turbo DENIEGA \u00a0\u00a0<\/p>\n<p>T- 283380 \u00a0 \u00a0 \u00a0 \u00a0 \u00a0 \u00a0 \u00a0 \u00a0 \u00a0 \u00a0\u00a0<\/p>\n<p>Gloria Mar\u00eda Herrera L\u00e1zaro y otros \u00a0 \u00a0 \u00a0 \u00a0 \u00a0 \u00a0 \u00a0 \u00a0 \u00a0 \u00a0\u00a0<\/p>\n<p>Juzg. Promiscuo Municipal de Arboletes DENIEGA \u00a0 \u00a0 \u00a0 \u00a0 \u00a0 \u00a0 \u00a0 \u00a0 \u00a0 \u00a0\u00a0<\/p>\n<p>Juzg. Laboral Circuito de Turbo DENIEGA \u00a0\u00a0<\/p>\n<p>T- 283407 \u00a0 \u00a0 \u00a0 \u00a0 \u00a0 \u00a0 \u00a0 \u00a0 \u00a0 \u00a0\u00a0<\/p>\n<p>Jader Antonio P\u00e9rez R\u00edos.\u00a0 \u00a0 \u00a0 \u00a0 \u00a0 \u00a0 \u00a0 \u00a0 \u00a0 \u00a0 \u00a0\u00a0<\/p>\n<p>Juzg. 17 Civil Municipal Medell\u00edn DENIEGA\u00a0 \u00a0\u00a0<\/p>\n<p>T- 283408 \u00a0 \u00a0 \u00a0 \u00a0 \u00a0 \u00a0 \u00a0 \u00a0 \u00a0 \u00a0\u00a0<\/p>\n<p>Edilma del Socorro Rend\u00f3n Londo\u00f1o \u00a0 \u00a0 \u00a0 \u00a0 \u00a0 \u00a0 \u00a0 \u00a0 \u00a0 \u00a0\u00a0<\/p>\n<p>Juzg. 17 Civil Municipal Medell\u00edn DENIEGA \u00a0\u00a0<\/p>\n<p>T- 283409 \u00a0 \u00a0 \u00a0 \u00a0 \u00a0 \u00a0 \u00a0 \u00a0 \u00a0 \u00a0\u00a0<\/p>\n<p>Martha Margarita G\u00f3mez Quintero \u00a0 \u00a0 \u00a0 \u00a0 \u00a0 \u00a0 \u00a0 \u00a0 \u00a0 \u00a0\u00a0<\/p>\n<p>T- 283447 \u00a0 \u00a0 \u00a0 \u00a0 \u00a0 \u00a0 \u00a0 \u00a0 \u00a0 \u00a0\u00a0<\/p>\n<p>Gladys Amparo Taborda Uribe\u00a0 \u00a0 \u00a0 \u00a0 \u00a0 \u00a0 \u00a0 \u00a0 \u00a0 \u00a0 \u00a0\u00a0<\/p>\n<p>Juzg. 25 Penal Municipal Medell\u00edn CONCEDE\u00a0 \u00a0 \u00a0 \u00a0 \u00a0 \u00a0 \u00a0 \u00a0 \u00a0 \u00a0 \u00a0\u00a0<\/p>\n<p>Juzg. 11 Penal Circuito de Medell\u00edn DENIEGA \u00a0\u00a0<\/p>\n<p>T- 283469 \u00a0 \u00a0 \u00a0 \u00a0 \u00a0 \u00a0 \u00a0 \u00a0 \u00a0 \u00a0\u00a0<\/p>\n<p>Lu\u00eds Alfredo Hern\u00e1ndez Duque \u00a0 \u00a0 \u00a0 \u00a0 \u00a0 \u00a0 \u00a0 \u00a0 \u00a0 \u00a0\u00a0<\/p>\n<p>Juzg. 6 Laboral del Circuito Medell\u00edn DENIEGA \u00a0\u00a0<\/p>\n<p>T- 283775 \u00a0 \u00a0 \u00a0 \u00a0 \u00a0 \u00a0 \u00a0 \u00a0 \u00a0 \u00a0\u00a0<\/p>\n<p>Carolina Zuluaga G\u00f3mez\u00a0 \u00a0 \u00a0 \u00a0 \u00a0 \u00a0 \u00a0 \u00a0 \u00a0 \u00a0 \u00a0\u00a0<\/p>\n<p>Juzg.11 Laboral Circuito Medell\u00edn DENIEGA \u00a0\u00a0<\/p>\n<p>T- 283781 \u00a0 \u00a0 \u00a0 \u00a0 \u00a0 \u00a0 \u00a0 \u00a0 \u00a0 \u00a0\u00a0<\/p>\n<p>Doralba de J. Carmona Mu\u00f1oz\u00a0 \u00a0 \u00a0 \u00a0 \u00a0 \u00a0 \u00a0 \u00a0 \u00a0 \u00a0 \u00a0\u00a0<\/p>\n<p>Juzg. 19 Civil Municipal Medell\u00edn DENIEGA \u00a0\u00a0<\/p>\n<p>T- 283791 \u00a0 \u00a0 \u00a0 \u00a0 \u00a0 \u00a0 \u00a0 \u00a0 \u00a0 \u00a0\u00a0<\/p>\n<p>Marta C. Munera Arango \u00a0 \u00a0 \u00a0 \u00a0 \u00a0 \u00a0 \u00a0 \u00a0 \u00a0 \u00a0\u00a0<\/p>\n<p>Juzg.11 Laboral Circuito Medell\u00edn DENIEGA \u00a0\u00a0<\/p>\n<p>T- 283792 \u00a0 \u00a0 \u00a0 \u00a0 \u00a0 \u00a0 \u00a0 \u00a0 \u00a0 \u00a0\u00a0<\/p>\n<p>Jorgelina Montoya Sep\u00falveda\u00a0 \u00a0 \u00a0 \u00a0 \u00a0 \u00a0 \u00a0 \u00a0 \u00a0 \u00a0 \u00a0\u00a0<\/p>\n<p>Juzg.11 Laboral Circuito Medell\u00edn DENIEGA \u00a0\u00a0<\/p>\n<p>T- 283793 \u00a0 \u00a0 \u00a0 \u00a0 \u00a0 \u00a0 \u00a0 \u00a0 \u00a0 \u00a0\u00a0<\/p>\n<p>Sof\u00eda Correa G\u00f3mez\u00a0 \u00a0 \u00a0 \u00a0 \u00a0 \u00a0 \u00a0 \u00a0 \u00a0 \u00a0 \u00a0\u00a0<\/p>\n<p>Juzg.11 Laboral Circuito Medell\u00edn DENIEGA \u00a0\u00a0<\/p>\n<p>T- 283794 \u00a0 \u00a0 \u00a0 \u00a0 \u00a0 \u00a0 \u00a0 \u00a0 \u00a0 \u00a0\u00a0<\/p>\n<p>Nury Cecilia Bland\u00f3n\u00a0 \u00a0 \u00a0 \u00a0 \u00a0 \u00a0 \u00a0 \u00a0 \u00a0 \u00a0 \u00a0\u00a0<\/p>\n<p>T- 283804 \u00a0 \u00a0 \u00a0 \u00a0 \u00a0 \u00a0 \u00a0 \u00a0 \u00a0 \u00a0\u00a0<\/p>\n<p>Martha Elena Hincapi\u00e9 Gonzalez\u00a0 \u00a0 \u00a0 \u00a0 \u00a0 \u00a0 \u00a0 \u00a0 \u00a0 \u00a0 \u00a0\u00a0<\/p>\n<p>Juzg. Promiscuo Municipal Carolina del Principe DENIEGA \u00a0\u00a0<\/p>\n<p>T- 283805 \u00a0 \u00a0 \u00a0 \u00a0 \u00a0 \u00a0 \u00a0 \u00a0 \u00a0 \u00a0\u00a0<\/p>\n<p>Cruz Elvia Sep\u00falveda Jim\u00e9nez \u00a0 \u00a0 \u00a0 \u00a0 \u00a0 \u00a0 \u00a0 \u00a0 \u00a0 \u00a0\u00a0<\/p>\n<p>Juzg. Promiscuo Municipal Carolina del Principe DENIEGA\u00a0 \u00a0\u00a0<\/p>\n<p>T- 283809 \u00a0 \u00a0 \u00a0 \u00a0 \u00a0 \u00a0 \u00a0 \u00a0 \u00a0 \u00a0\u00a0<\/p>\n<p>Hern\u00e1n de J. Rua V\u00e1squez\u00a0 \u00a0 \u00a0 \u00a0 \u00a0 \u00a0 \u00a0 \u00a0 \u00a0 \u00a0 \u00a0\u00a0<\/p>\n<p>Juzg. 22 Civil Municipal Medell\u00edn CONCEDE \u00a0 \u00a0 \u00a0 \u00a0 \u00a0 \u00a0 \u00a0 \u00a0 \u00a0 \u00a0\u00a0<\/p>\n<p>Juzg. 3 Civil Circuito Medell\u00edn DENIEGA \u00a0\u00a0<\/p>\n<p>T- 283867 \u00a0 \u00a0 \u00a0 \u00a0 \u00a0 \u00a0 \u00a0 \u00a0 \u00a0 \u00a0\u00a0<\/p>\n<p>Carmen Alicia Medrano Campos\u00a0 \u00a0 \u00a0 \u00a0 \u00a0 \u00a0 \u00a0 \u00a0 \u00a0 \u00a0 \u00a0\u00a0<\/p>\n<p>Juzg. 10 Penal Municipal Medell\u00edn DENIEGA \u00a0\u00a0<\/p>\n<p>T- 283875 \u00a0 \u00a0 \u00a0 \u00a0 \u00a0 \u00a0 \u00a0 \u00a0 \u00a0 \u00a0\u00a0<\/p>\n<p>Yolanda Isabel Salgado Arrieta \u00a0 \u00a0 \u00a0 \u00a0 \u00a0 \u00a0 \u00a0 \u00a0 \u00a0 \u00a0\u00a0<\/p>\n<p>Juzg. 12 Penal Municipal Medell\u00edn DENIEGA \u00a0\u00a0<\/p>\n<p>T- 284103 \u00a0 \u00a0 \u00a0 \u00a0 \u00a0 \u00a0 \u00a0 \u00a0 \u00a0 \u00a0\u00a0<\/p>\n<p>Mar\u00eda Hilfa Alvarez Pe\u00f1a \u00a0 \u00a0 \u00a0 \u00a0 \u00a0 \u00a0 \u00a0 \u00a0 \u00a0 \u00a0\u00a0<\/p>\n<p>Juzg. 4 Menores de Medell\u00edn DENIEGA \u00a0\u00a0<\/p>\n<p>T- 284104 \u00a0 \u00a0 \u00a0 \u00a0 \u00a0 \u00a0 \u00a0 \u00a0 \u00a0 \u00a0\u00a0<\/p>\n<p>Martha Irene Restrepo Vargas \u00a0 \u00a0 \u00a0 \u00a0 \u00a0 \u00a0 \u00a0 \u00a0 \u00a0 \u00a0\u00a0<\/p>\n<p>Juzg.4 \u00a0Menores de Medell\u00edn DENIEGA \u00a0\u00a0<\/p>\n<p>T- 284105 \u00a0 \u00a0 \u00a0 \u00a0 \u00a0 \u00a0 \u00a0 \u00a0 \u00a0 \u00a0\u00a0<\/p>\n<p>Bertha In\u00e9s Rold\u00e1n Calle \u00a0 \u00a0 \u00a0 \u00a0 \u00a0 \u00a0 \u00a0 \u00a0 \u00a0 \u00a0\u00a0<\/p>\n<p>Juzg. 4 Menores de Medell\u00edn DENIEGA \u00a0\u00a0<\/p>\n<p>T- 284106 \u00a0 \u00a0 \u00a0 \u00a0 \u00a0 \u00a0 \u00a0 \u00a0 \u00a0 \u00a0\u00a0<\/p>\n<p>Rocio del S. Herrera Cuartas \u00a0 \u00a0 \u00a0 \u00a0 \u00a0 \u00a0 \u00a0 \u00a0 \u00a0 \u00a0\u00a0<\/p>\n<p>Juzg. 4 Menores Medell\u00edn DENIEGA \u00a0\u00a0<\/p>\n<p>T- 284127 \u00a0 \u00a0 \u00a0 \u00a0 \u00a0 \u00a0 \u00a0 \u00a0 \u00a0 \u00a0\u00a0<\/p>\n<p>Blanca Luz G\u00f3mez M\u00fanera\u00a0 \u00a0 \u00a0 \u00a0 \u00a0 \u00a0 \u00a0 \u00a0 \u00a0 \u00a0 \u00a0\u00a0<\/p>\n<p>Juzg. Civil Municipal de Don Mat\u00edas DENIEGA \u00a0 \u00a0 \u00a0 \u00a0 \u00a0 \u00a0 \u00a0 \u00a0 \u00a0 \u00a0\u00a0<\/p>\n<p>Juzg. 1\u00ba Promiscuo Circuito Santa Rosa de Osos DENIEGA \u00a0\u00a0<\/p>\n<p>T- 284128 \u00a0 \u00a0 \u00a0 \u00a0 \u00a0 \u00a0 \u00a0 \u00a0 \u00a0 \u00a0\u00a0<\/p>\n<p>Nazarena Mira Palacio y otros \u00a0 \u00a0 \u00a0 \u00a0 \u00a0 \u00a0 \u00a0 \u00a0 \u00a0 \u00a0\u00a0<\/p>\n<p>Juzg. Promiscuo Municipal Guadalupe Ant. \u00a0 \u00a0\u00a0<\/p>\n<p>\u00a0DENIEGA \u00a0 \u00a0 \u00a0 \u00a0 \u00a0 \u00a0 \u00a0 \u00a0 \u00a0 \u00a0\u00a0<\/p>\n<p>Juzg.1\u00ba \u00a0Promiscuo Circuito Santa Rosa de Osos DENIEGA \u00a0\u00a0<\/p>\n<p>T- 284129 \u00a0 \u00a0 \u00a0 \u00a0 \u00a0 \u00a0 \u00a0 \u00a0 \u00a0 \u00a0\u00a0<\/p>\n<p>Jos\u00e9 Hern\u00e1n P\u00e9rez Yepes \u00a0 \u00a0 \u00a0 \u00a0 \u00a0 \u00a0 \u00a0 \u00a0 \u00a0 \u00a0\u00a0<\/p>\n<p>Juzg. 4 Menores de Medell\u00edn DENIEGA \u00a0\u00a0<\/p>\n<p>T-284131 \u00a0 \u00a0 \u00a0 \u00a0 \u00a0 \u00a0 \u00a0 \u00a0 \u00a0 \u00a0\u00a0<\/p>\n<p>Jes\u00fas Rua Pi\u00f1a \u00a0 \u00a0 \u00a0 \u00a0 \u00a0 \u00a0 \u00a0 \u00a0 \u00a0 \u00a0\u00a0<\/p>\n<p>Juzg.11 Penal Municipal Medell\u00edn DENIEGA \u00a0\u00a0<\/p>\n<p>T- 284132 \u00a0 \u00a0 \u00a0 \u00a0 \u00a0 \u00a0 \u00a0 \u00a0 \u00a0 \u00a0\u00a0<\/p>\n<p>Fabiola de J. Zuluaga de Herrera\u00a0 \u00a0 \u00a0 \u00a0 \u00a0 \u00a0 \u00a0 \u00a0 \u00a0 \u00a0 \u00a0\u00a0<\/p>\n<p>Juzg.11 Penal Municipal Medell\u00edn \u00a0DENIEGA\u00a0 \u00a0\u00a0<\/p>\n<p>T- 284134 \u00a0 \u00a0 \u00a0 \u00a0 \u00a0 \u00a0 \u00a0 \u00a0 \u00a0 \u00a0\u00a0<\/p>\n<p>Mar\u00eda Piedad Ca\u00f1as Palacio\u00a0 \u00a0 \u00a0 \u00a0 \u00a0 \u00a0 \u00a0 \u00a0 \u00a0 \u00a0 \u00a0\u00a0<\/p>\n<p>Juzg.11 Penal Municipal Medell\u00edn DENIEGA\u00a0 \u00a0\u00a0<\/p>\n<p>T- 284161 \u00a0 \u00a0 \u00a0 \u00a0 \u00a0 \u00a0 \u00a0 \u00a0 \u00a0 \u00a0\u00a0<\/p>\n<p>Fabiola Amparo R\u00faa Agudelo \u00a0 \u00a0 \u00a0 \u00a0 \u00a0 \u00a0 \u00a0 \u00a0 \u00a0 \u00a0\u00a0<\/p>\n<p>Juzg. 4 Menores Medell\u00edn \u00a0DENIEGA \u00a0\u00a0<\/p>\n<p>Cruz Marina Herrera Osorio\u00a0 \u00a0 \u00a0 \u00a0 \u00a0 \u00a0 \u00a0 \u00a0 \u00a0 \u00a0 \u00a0\u00a0<\/p>\n<p>Juzg. Promiscuo Municipal Jard\u00edn Ant. DENIEGA \u00a0\u00a0<\/p>\n<p>T- 284165 \u00a0 \u00a0 \u00a0 \u00a0 \u00a0 \u00a0 \u00a0 \u00a0 \u00a0 \u00a0\u00a0<\/p>\n<p>Delfa Luz Correa Hern\u00e1ndez \u00a0 \u00a0 \u00a0 \u00a0 \u00a0 \u00a0 \u00a0 \u00a0 \u00a0 \u00a0\u00a0<\/p>\n<p>Juzg. Civil Circuito Frontino Ant. CONCEDE \u00a0\u00a0<\/p>\n<p>T- 284168 \u00a0 \u00a0 \u00a0 \u00a0 \u00a0 \u00a0 \u00a0 \u00a0 \u00a0 \u00a0\u00a0<\/p>\n<p>Rodrigo Santa Cardona\u00a0 \u00a0 \u00a0 \u00a0 \u00a0 \u00a0 \u00a0 \u00a0 \u00a0 \u00a0 \u00a0\u00a0<\/p>\n<p>Juzg. 4 Menores Medell\u00edn DENIEGA \u00a0\u00a0<\/p>\n<p>T- 284171 \u00a0 \u00a0 \u00a0 \u00a0 \u00a0 \u00a0 \u00a0 \u00a0 \u00a0 \u00a0\u00a0<\/p>\n<p>Marina del S. Mart\u00ednez Vallejo \u00a0 \u00a0 \u00a0 \u00a0 \u00a0 \u00a0 \u00a0 \u00a0 \u00a0 \u00a0\u00a0<\/p>\n<p>Juzg. 4 Menores Medell\u00edn DENIEGA \u00a0\u00a0<\/p>\n<p>T-284180 \u00a0 \u00a0 \u00a0 \u00a0 \u00a0 \u00a0 \u00a0 \u00a0 \u00a0 \u00a0\u00a0<\/p>\n<p>Fernando de J. Echeverri Mej\u00eda \u00a0 \u00a0 \u00a0 \u00a0 \u00a0 \u00a0 \u00a0 \u00a0 \u00a0 \u00a0\u00a0<\/p>\n<p>Juzg.17 Penal Municipal Medell\u00edn DENIEGA \u00a0\u00a0<\/p>\n<p>T- 284181 \u00a0 \u00a0 \u00a0 \u00a0 \u00a0 \u00a0 \u00a0 \u00a0 \u00a0 \u00a0\u00a0<\/p>\n<p>Aura Rosa Valencia Ram\u00edrez \u00a0 \u00a0 \u00a0 \u00a0 \u00a0 \u00a0 \u00a0 \u00a0 \u00a0 \u00a0\u00a0<\/p>\n<p>Juzg.17 Penal Municipal Medell\u00edn DENIEGA \u00a0\u00a0<\/p>\n<p>T- 284182 \u00a0 \u00a0 \u00a0 \u00a0 \u00a0 \u00a0 \u00a0 \u00a0 \u00a0 \u00a0\u00a0<\/p>\n<p>Oliva del S. Fern\u00e1ndez Restrepo \u00a0 \u00a0 \u00a0 \u00a0 \u00a0 \u00a0 \u00a0 \u00a0 \u00a0 \u00a0\u00a0<\/p>\n<p>Juzg. 17 Penal Municipal Medell\u00edn DENIEGA \u00a0\u00a0<\/p>\n<p>T- 284183 \u00a0 \u00a0 \u00a0 \u00a0 \u00a0 \u00a0 \u00a0 \u00a0 \u00a0 \u00a0\u00a0<\/p>\n<p>Angel Mar\u00eda S\u00e1nchez L\u00f3pez y otros \u00a0 \u00a0 \u00a0 \u00a0 \u00a0 \u00a0 \u00a0 \u00a0 \u00a0 \u00a0\u00a0<\/p>\n<p>Juzg. 22 Penal Municipal Medell\u00edn DENIEGA \u00a0\u00a0<\/p>\n<p>T- 284200 \u00a0 \u00a0 \u00a0 \u00a0 \u00a0 \u00a0 \u00a0 \u00a0 \u00a0 \u00a0\u00a0<\/p>\n<p>Edna Cordoba Valoyes \u00a0 \u00a0 \u00a0 \u00a0 \u00a0 \u00a0 \u00a0 \u00a0 \u00a0 \u00a0\u00a0<\/p>\n<p>Juzg. Promiscuo Municipal Arboletes Ant. DENIEGA \u00a0 \u00a0 \u00a0 \u00a0 \u00a0 \u00a0 \u00a0 \u00a0 \u00a0 \u00a0\u00a0<\/p>\n<p>T- 284201 \u00a0 \u00a0 \u00a0 \u00a0 \u00a0 \u00a0 \u00a0 \u00a0 \u00a0 \u00a0\u00a0<\/p>\n<p>Ernesto Bedoya G\u00f3mez\u00a0 \u00a0 \u00a0 \u00a0 \u00a0 \u00a0 \u00a0 \u00a0 \u00a0 \u00a0 \u00a0\u00a0<\/p>\n<p>Juzg. Promiscuo Municipal Arboletes Ant. DENIEGA \u00a0 \u00a0 \u00a0 \u00a0 \u00a0 \u00a0 \u00a0 \u00a0 \u00a0 \u00a0\u00a0<\/p>\n<p>Juzg. Promiscuo Familia Turbo Ant. DENIEGA \u00a0\u00a0<\/p>\n<p>T- 284204 \u00a0 \u00a0 \u00a0 \u00a0 \u00a0 \u00a0 \u00a0 \u00a0 \u00a0 \u00a0\u00a0<\/p>\n<p>Martha Roc\u00edo P\u00e9rez Vel\u00e1squez\u00a0 \u00a0 \u00a0 \u00a0 \u00a0 \u00a0 \u00a0 \u00a0 \u00a0 \u00a0 \u00a0\u00a0<\/p>\n<p>Juzg. 17 Penal Municipal Medell\u00edn DENIEGA \u00a0\u00a0<\/p>\n<p>T- 284205 \u00a0 \u00a0 \u00a0 \u00a0 \u00a0 \u00a0 \u00a0 \u00a0 \u00a0 \u00a0\u00a0<\/p>\n<p>Rafael Vel\u00e1squez V\u00e9lez \u00a0 \u00a0 \u00a0 \u00a0 \u00a0 \u00a0 \u00a0 \u00a0 \u00a0 \u00a0\u00a0<\/p>\n<p>Juzg 17 Penal Municipal Medell\u00edn DENIEGA \u00a0\u00a0<\/p>\n<p>T- 284206 \u00a0 \u00a0 \u00a0 \u00a0 \u00a0 \u00a0 \u00a0 \u00a0 \u00a0 \u00a0\u00a0<\/p>\n<p>Gladys Gonz\u00e1lez Garc\u00e9s\u00a0 \u00a0 \u00a0 \u00a0 \u00a0 \u00a0 \u00a0 \u00a0 \u00a0 \u00a0 \u00a0\u00a0<\/p>\n<p>Juzg 17 Penal Municipal Medell\u00edn DENIEGA \u00a0\u00a0<\/p>\n<p>T- 284208 \u00a0 \u00a0 \u00a0 \u00a0 \u00a0 \u00a0 \u00a0 \u00a0 \u00a0 \u00a0\u00a0<\/p>\n<p>Alba Rosa Rojas Rojas \u00a0 \u00a0 \u00a0 \u00a0 \u00a0 \u00a0 \u00a0 \u00a0 \u00a0 \u00a0\u00a0<\/p>\n<p>Juzg.17 Penal Municipal Medell\u00edn DENIEGA \u00a0\u00a0<\/p>\n<p>T- 284209 \u00a0 \u00a0 \u00a0 \u00a0 \u00a0 \u00a0 \u00a0 \u00a0 \u00a0 \u00a0\u00a0<\/p>\n<p>Olga de Jes\u00fas Manco Calder\u00f3n\u00a0 \u00a0 \u00a0 \u00a0 \u00a0 \u00a0 \u00a0 \u00a0 \u00a0 \u00a0 \u00a0\u00a0<\/p>\n<p>Juzg. 17 Penal Municipal Medell\u00edn DENIEGA. \u00a0\u00a0<\/p>\n<p>T- 284210 \u00a0 \u00a0 \u00a0 \u00a0 \u00a0 \u00a0 \u00a0 \u00a0 \u00a0 \u00a0\u00a0<\/p>\n<p>Silvia Gladis Arias Gallo \u00a0 \u00a0 \u00a0 \u00a0 \u00a0 \u00a0 \u00a0 \u00a0 \u00a0 \u00a0\u00a0<\/p>\n<p>Juzg.17 Penal Municipal Medell\u00edn DENIEGA \u00a0\u00a0<\/p>\n<p>T- 284211 \u00a0 \u00a0 \u00a0 \u00a0 \u00a0 \u00a0 \u00a0 \u00a0 \u00a0 \u00a0\u00a0<\/p>\n<p>Dora Cecilia Carvajal Giraldo \u00a0 \u00a0 \u00a0 \u00a0 \u00a0 \u00a0 \u00a0 \u00a0 \u00a0 \u00a0\u00a0<\/p>\n<p>Juzg. 17 Penal Municipal Medell\u00edn DENIEGA \u00a0\u00a0<\/p>\n<p>T- 284212 \u00a0 \u00a0 \u00a0 \u00a0 \u00a0 \u00a0 \u00a0 \u00a0 \u00a0 \u00a0\u00a0<\/p>\n<p>H\u00e9ctor Tulio Caicedo Murillo \u00a0 \u00a0 \u00a0 \u00a0 \u00a0 \u00a0 \u00a0 \u00a0 \u00a0 \u00a0\u00a0<\/p>\n<p>Juzg.17 Penal Municipal Medell\u00edn DENIEGA \u00a0\u00a0<\/p>\n<p>T- 284213 \u00a0 \u00a0 \u00a0 \u00a0 \u00a0 \u00a0 \u00a0 \u00a0 \u00a0 \u00a0\u00a0<\/p>\n<p>Luc\u00eda de Jes\u00fas Mu\u00f1oz Cano \u00a0 \u00a0 \u00a0 \u00a0 \u00a0 \u00a0 \u00a0 \u00a0 \u00a0 \u00a0\u00a0<\/p>\n<p>Juzg.12 Penal Municipal Medell\u00edn DENIEGA \u00a0\u00a0<\/p>\n<p>T- 284217 \u00a0 \u00a0 \u00a0 \u00a0 \u00a0 \u00a0 \u00a0 \u00a0 \u00a0 \u00a0\u00a0<\/p>\n<p>Alba Rosa Ca\u00f1as Palacio \u00a0 \u00a0 \u00a0 \u00a0 \u00a0 \u00a0 \u00a0 \u00a0 \u00a0 \u00a0\u00a0<\/p>\n<p>Juzg.33 Penal Municipal Medell\u00edn DENIEGA \u00a0\u00a0<\/p>\n<p>T- 284225 \u00a0 \u00a0 \u00a0 \u00a0 \u00a0 \u00a0 \u00a0 \u00a0 \u00a0 \u00a0\u00a0<\/p>\n<p>Mar\u00eda Rosalba Bedoya\u00a0 \u00a0 \u00a0 \u00a0 \u00a0 \u00a0 \u00a0 \u00a0 \u00a0 \u00a0 \u00a0\u00a0<\/p>\n<p>Juzg.12 Penal Municipal Medell\u00edn DENIEGA \u00a0\u00a0<\/p>\n<p>T- 284226 \u00a0 \u00a0 \u00a0 \u00a0 \u00a0 \u00a0 \u00a0 \u00a0 \u00a0 \u00a0\u00a0<\/p>\n<p>Berta Gloria V\u00e9lez Tob\u00f3n\u00a0 \u00a0 \u00a0 \u00a0 \u00a0 \u00a0 \u00a0 \u00a0 \u00a0 \u00a0 \u00a0\u00a0<\/p>\n<p>Juzg. 12 Penal Municipal Medell\u00edn DENIEGA \u00a0\u00a0<\/p>\n<p>T- 284227 \u00a0 \u00a0 \u00a0 \u00a0 \u00a0 \u00a0 \u00a0 \u00a0 \u00a0 \u00a0\u00a0<\/p>\n<p>Roc\u00edo del S. Parra Arcila \u00a0 \u00a0 \u00a0 \u00a0 \u00a0 \u00a0 \u00a0 \u00a0 \u00a0 \u00a0\u00a0<\/p>\n<p>Juzg. 12 Penal Municipal Medell\u00edn DENIEGA \u00a0\u00a0<\/p>\n<p>Ofelia Cano Caballero\u00a0 \u00a0 \u00a0 \u00a0 \u00a0 \u00a0 \u00a0 \u00a0 \u00a0 \u00a0 \u00a0\u00a0<\/p>\n<p>Juzg. 4 Menores Medell\u00edn DENIEGA \u00a0\u00a0<\/p>\n<p>T- 284232 \u00a0 \u00a0 \u00a0 \u00a0 \u00a0 \u00a0 \u00a0 \u00a0 \u00a0 \u00a0\u00a0<\/p>\n<p>Rosabel D\u00edaz Alzate \u00a0 \u00a0 \u00a0 \u00a0 \u00a0 \u00a0 \u00a0 \u00a0 \u00a0 \u00a0\u00a0<\/p>\n<p>Juzg. 4 Menores Medell\u00edn DENIEGA \u00a0\u00a0<\/p>\n<p>T- 284237 \u00a0 \u00a0 \u00a0 \u00a0 \u00a0 \u00a0 \u00a0 \u00a0 \u00a0 \u00a0\u00a0<\/p>\n<p>Leonor de la Cruz Bedoya Gil \u00a0 \u00a0 \u00a0 \u00a0 \u00a0 \u00a0 \u00a0 \u00a0 \u00a0 \u00a0\u00a0<\/p>\n<p>Juzg.11 Penal Municipal Medell\u00edn DENIEGA \u00a0\u00a0<\/p>\n<p>T- 284238 \u00a0 \u00a0 \u00a0 \u00a0 \u00a0 \u00a0 \u00a0 \u00a0 \u00a0 \u00a0\u00a0<\/p>\n<p>Ana Josefa Ocampo Zuluaga \u00a0 \u00a0 \u00a0 \u00a0 \u00a0 \u00a0 \u00a0 \u00a0 \u00a0 \u00a0\u00a0<\/p>\n<p>Juzg.11 Penal Municipal Medell\u00edn DENIEGA \u00a0\u00a0<\/p>\n<p>T- 284239 \u00a0 \u00a0 \u00a0 \u00a0 \u00a0 \u00a0 \u00a0 \u00a0 \u00a0 \u00a0\u00a0<\/p>\n<p>Martha Berenice Puerta G.\u00a0 \u00a0 \u00a0 \u00a0 \u00a0 \u00a0 \u00a0 \u00a0 \u00a0 \u00a0 \u00a0\u00a0<\/p>\n<p>Juzg. 12 Penal Municipal Medell\u00edn DENIEGA \u00a0\u00a0<\/p>\n<p>T- 284240 \u00a0 \u00a0 \u00a0 \u00a0 \u00a0 \u00a0 \u00a0 \u00a0 \u00a0 \u00a0\u00a0<\/p>\n<p>Luz Amparo Cano Zuluaga \u00a0 \u00a0 \u00a0 \u00a0 \u00a0 \u00a0 \u00a0 \u00a0 \u00a0 \u00a0\u00a0<\/p>\n<p>Juzg.12 Penal Municipal Medell\u00edn DENIEGA \u00a0\u00a0<\/p>\n<p>T- 284241 \u00a0 \u00a0 \u00a0 \u00a0 \u00a0 \u00a0 \u00a0 \u00a0 \u00a0 \u00a0\u00a0<\/p>\n<p>Sol Marina Galvis Gallego \u00a0 \u00a0 \u00a0 \u00a0 \u00a0 \u00a0 \u00a0 \u00a0 \u00a0 \u00a0\u00a0<\/p>\n<p>Juzg.12 Penal Municipal Medell\u00edn DENIEGA \u00a0\u00a0<\/p>\n<p>T- 284242 \u00a0 \u00a0 \u00a0 \u00a0 \u00a0 \u00a0 \u00a0 \u00a0 \u00a0 \u00a0\u00a0<\/p>\n<p>Mar\u00eda Isaura L\u00f3pez Cardona\u00a0 \u00a0 \u00a0 \u00a0 \u00a0 \u00a0 \u00a0 \u00a0 \u00a0 \u00a0 \u00a0\u00a0<\/p>\n<p>Juzg. 27 Penal Municipal Medell\u00edn DENIEGA \u00a0\u00a0<\/p>\n<p>T- 284243 \u00a0 \u00a0 \u00a0 \u00a0 \u00a0 \u00a0 \u00a0 \u00a0 \u00a0 \u00a0\u00a0<\/p>\n<p>Mar\u00eda Isabel Arango Fajardo \u00a0 \u00a0 \u00a0 \u00a0 \u00a0 \u00a0 \u00a0 \u00a0 \u00a0 \u00a0\u00a0<\/p>\n<p>Juzg.27 Penal Municipal Medell\u00edn DENIEGA \u00a0\u00a0<\/p>\n<p>T- 284457 \u00a0 \u00a0 \u00a0 \u00a0 \u00a0 \u00a0 \u00a0 \u00a0 \u00a0 \u00a0\u00a0<\/p>\n<p>Clara Elena Mora Zapata \u00a0 \u00a0 \u00a0 \u00a0 \u00a0 \u00a0 \u00a0 \u00a0 \u00a0 \u00a0\u00a0<\/p>\n<p>Juzg.22 Civil Municipal Medell\u00edn CONCEDE \u00a0 \u00a0 \u00a0 \u00a0 \u00a0 \u00a0 \u00a0 \u00a0 \u00a0 \u00a0\u00a0<\/p>\n<p>Juzg. 16 Civil Circuito Medell\u00edn DENIEGA \u00a0\u00a0<\/p>\n<p>T- 284459 \u00a0 \u00a0 \u00a0 \u00a0 \u00a0 \u00a0 \u00a0 \u00a0 \u00a0 \u00a0\u00a0<\/p>\n<p>Luis Alberto Villamizar Pab\u00f3n\u00a0 \u00a0 \u00a0 \u00a0 \u00a0 \u00a0 \u00a0 \u00a0 \u00a0 \u00a0 \u00a0\u00a0<\/p>\n<p>Juzg.4 Penal Municipal Medell\u00edn DENIEGA \u00a0\u00a0<\/p>\n<p>T- 284460 \u00a0 \u00a0 \u00a0 \u00a0 \u00a0 \u00a0 \u00a0 \u00a0 \u00a0 \u00a0\u00a0<\/p>\n<p>Silvia Amparo V\u00e9lez Bol\u00edvar\u00a0 \u00a0 \u00a0 \u00a0 \u00a0 \u00a0 \u00a0 \u00a0 \u00a0 \u00a0 \u00a0\u00a0<\/p>\n<p>Juzg. 4 Penal Municipal Medell\u00edn DENIEGA \u00a0\u00a0<\/p>\n<p>T- 284462 \u00a0 \u00a0 \u00a0 \u00a0 \u00a0 \u00a0 \u00a0 \u00a0 \u00a0 \u00a0\u00a0<\/p>\n<p>Mirelia del S. Vel\u00e1squez Vel\u00e1squez \u00a0 \u00a0 \u00a0 \u00a0 \u00a0 \u00a0 \u00a0 \u00a0 \u00a0 \u00a0\u00a0<\/p>\n<p>Juzg.4 Penal Municipal \u00a0Medell\u00edn DENIEGA \u00a0\u00a0<\/p>\n<p>T- 284466 \u00a0 \u00a0 \u00a0 \u00a0 \u00a0 \u00a0 \u00a0 \u00a0 \u00a0 \u00a0\u00a0<\/p>\n<p>Orlando de J. D\u00edaz Atehort\u00faa \u00a0 \u00a0 \u00a0 \u00a0 \u00a0 \u00a0 \u00a0 \u00a0 \u00a0 \u00a0\u00a0<\/p>\n<p>Juzg.10 Penal Municipal Medell\u00edn DENIEGA \u00a0\u00a0<\/p>\n<p>T- 284467 \u00a0 \u00a0 \u00a0 \u00a0 \u00a0 \u00a0 \u00a0 \u00a0 \u00a0 \u00a0\u00a0<\/p>\n<p>Martha Ligia Garc\u00eda Mart\u00ednez \u00a0 \u00a0 \u00a0 \u00a0 \u00a0 \u00a0 \u00a0 \u00a0 \u00a0 \u00a0\u00a0<\/p>\n<p>Juzg.10 Penal Municipal Medell\u00edn DENIEGA \u00a0\u00a0<\/p>\n<p>Oscar de Jes\u00fas Acevedo Colorado \u00a0 \u00a0 \u00a0 \u00a0 \u00a0 \u00a0 \u00a0 \u00a0 \u00a0 \u00a0\u00a0<\/p>\n<p>Juzg. 27 Penal Municipal Medell\u00edn DENIEGA \u00a0\u00a0<\/p>\n<p>T- 284469 \u00a0 \u00a0 \u00a0 \u00a0 \u00a0 \u00a0 \u00a0 \u00a0 \u00a0 \u00a0\u00a0<\/p>\n<p>Mar\u00eda Didia Ruiz Soto \u00a0 \u00a0 \u00a0 \u00a0 \u00a0 \u00a0 \u00a0 \u00a0 \u00a0 \u00a0\u00a0<\/p>\n<p>Juzg. 27 Penal Municipal Medell\u00edn DENIEGA \u00a0\u00a0<\/p>\n<p>T- 284470 \u00a0 \u00a0 \u00a0 \u00a0 \u00a0 \u00a0 \u00a0 \u00a0 \u00a0 \u00a0\u00a0<\/p>\n<p>Orfelina del S. Hern\u00e1ndez Z. \u00a0 \u00a0 \u00a0 \u00a0 \u00a0 \u00a0 \u00a0 \u00a0 \u00a0 \u00a0\u00a0<\/p>\n<p>Juzg. 17 Penal Municipal Medell\u00edn DENIEGA \u00a0\u00a0<\/p>\n<p>T- 284471 \u00a0 \u00a0 \u00a0 \u00a0 \u00a0 \u00a0 \u00a0 \u00a0 \u00a0 \u00a0\u00a0<\/p>\n<p>Herlinda del S. Parra Ruiz \u00a0 \u00a0 \u00a0 \u00a0 \u00a0 \u00a0 \u00a0 \u00a0 \u00a0 \u00a0\u00a0<\/p>\n<p>Juzg. 17 Penal Municipal Medell\u00edn DENIEGA \u00a0\u00a0<\/p>\n<p>T- 284472 \u00a0 \u00a0 \u00a0 \u00a0 \u00a0 \u00a0 \u00a0 \u00a0 \u00a0 \u00a0\u00a0<\/p>\n<p>Consuelo Mar\u00edn Cardona\u00a0 \u00a0 \u00a0 \u00a0 \u00a0 \u00a0 \u00a0 \u00a0 \u00a0 \u00a0 \u00a0\u00a0<\/p>\n<p>Juzg. 17 Penal Municipal Medell\u00edn DENIEGA \u00a0\u00a0<\/p>\n<p>T- 284473 \u00a0 \u00a0 \u00a0 \u00a0 \u00a0 \u00a0 \u00a0 \u00a0 \u00a0 \u00a0\u00a0<\/p>\n<p>Ivan Dar\u00edo Mar\u00edn V\u00e1squez\u00a0 \u00a0 \u00a0 \u00a0 \u00a0 \u00a0 \u00a0 \u00a0 \u00a0 \u00a0 \u00a0\u00a0<\/p>\n<p>Juzg. 17 Penal Municipal Medell\u00edn DENIEGA \u00a0\u00a0<\/p>\n<p>T- 284474 \u00a0 \u00a0 \u00a0 \u00a0 \u00a0 \u00a0 \u00a0 \u00a0 \u00a0 \u00a0\u00a0<\/p>\n<p>Elvia Fanny Londo\u00f1o Gutierrez \u00a0 \u00a0 \u00a0 \u00a0 \u00a0 \u00a0 \u00a0 \u00a0 \u00a0 \u00a0\u00a0<\/p>\n<p>Juzg. 17 Penal Municipal Medell\u00edn DENIEGA \u00a0\u00a0<\/p>\n<p>T- 284489 \u00a0 \u00a0 \u00a0 \u00a0 \u00a0 \u00a0 \u00a0 \u00a0 \u00a0 \u00a0\u00a0<\/p>\n<p>Catalina Isabel Royero Baldovino y otro\u00a0 \u00a0 \u00a0 \u00a0 \u00a0 \u00a0 \u00a0 \u00a0 \u00a0 \u00a0 \u00a0\u00a0<\/p>\n<p>Juzg. Civil-Laboral Circuito Caucasia DENIEGA \u00a0\u00a0<\/p>\n<p>T- 284491 \u00a0 \u00a0 \u00a0 \u00a0 \u00a0 \u00a0 \u00a0 \u00a0 \u00a0 \u00a0\u00a0<\/p>\n<p>Elvira Palacio Sierra y otros \u00a0\u00a0 \u00a0 \u00a0 \u00a0 \u00a0 \u00a0 \u00a0 \u00a0 \u00a0 \u00a0 \u00a0\u00a0<\/p>\n<p>Juzg. Civil Municipal Caucasia DENIEGA \u00a0 \u00a0 \u00a0 \u00a0 \u00a0 \u00a0 \u00a0 \u00a0 \u00a0 \u00a0\u00a0<\/p>\n<p>Juzg. Civil Laboral Circuito Caucasia DENIEGA \u00a0\u00a0<\/p>\n<p>T- 284510 \u00a0 \u00a0 \u00a0 \u00a0 \u00a0 \u00a0 \u00a0 \u00a0 \u00a0 \u00a0\u00a0<\/p>\n<p>Mar\u00eda Rossina Restrepo Arango\u00a0 \u00a0 \u00a0 \u00a0 \u00a0 \u00a0 \u00a0 \u00a0 \u00a0 \u00a0 \u00a0\u00a0<\/p>\n<p>Juzg. 1\u00ba Penal Municipal Medell\u00edn CONCEDE \u00a0 \u00a0 \u00a0 \u00a0 \u00a0 \u00a0 \u00a0 \u00a0 \u00a0 \u00a0\u00a0<\/p>\n<p>Juzg. 8 Penal Circuito Medell\u00edn DENIEGA \u00a0\u00a0<\/p>\n<p>Dora Emilsen Moreno R.\u00a0 \u00a0 \u00a0 \u00a0 \u00a0 \u00a0 \u00a0 \u00a0 \u00a0 \u00a0 \u00a0\u00a0<\/p>\n<p>Juzg. Civil Circuito Frontino Ant. CONCEDE \u00a0 \u00a0 \u00a0 \u00a0 \u00a0 \u00a0 \u00a0 \u00a0 \u00a0 \u00a0\u00a0<\/p>\n<p>Tribunal Superior Antioqu\u00eda \u00a0 \u00a0\u00a0<\/p>\n<p>Sala Civil DENIEGA \u00a0\u00a0<\/p>\n<p>T- 284547 \u00a0 \u00a0 \u00a0 \u00a0 \u00a0 \u00a0 \u00a0 \u00a0 \u00a0 \u00a0\u00a0<\/p>\n<p>Mar\u00eda del R. Hoyos Ram\u00edrez \u00a0 \u00a0 \u00a0 \u00a0 \u00a0 \u00a0 \u00a0 \u00a0 \u00a0 \u00a0\u00a0<\/p>\n<p>Juzg. Civil Circuito Santuario Ant. CONCEDE \u00a0 \u00a0 \u00a0 \u00a0 \u00a0 \u00a0 \u00a0 \u00a0 \u00a0 \u00a0\u00a0<\/p>\n<p>Tribunal Superior Antioqu\u00eda Sala Civil DENIEGA \u00a0\u00a0<\/p>\n<p>T- 284548 \u00a0 \u00a0 \u00a0 \u00a0 \u00a0 \u00a0 \u00a0 \u00a0 \u00a0 \u00a0\u00a0<\/p>\n<p>Blanca Rosa G\u00f3mez\u00a0 \u00a0 \u00a0 \u00a0 \u00a0 \u00a0 \u00a0 \u00a0 \u00a0 \u00a0 \u00a0\u00a0<\/p>\n<p>Juzg. Civil Circuito Santuario Ant. CONCEDE \u00a0 \u00a0 \u00a0 \u00a0 \u00a0 \u00a0 \u00a0 \u00a0 \u00a0 \u00a0\u00a0<\/p>\n<p>Tribunal Superior Antioqu\u00eda Sala Civil DENIEGA \u00a0\u00a0<\/p>\n<p>T- 284549 \u00a0 \u00a0 \u00a0 \u00a0 \u00a0 \u00a0 \u00a0 \u00a0 \u00a0 \u00a0\u00a0<\/p>\n<p>Aura Helena Hoyos Zuluaga \u00a0 \u00a0 \u00a0 \u00a0 \u00a0 \u00a0 \u00a0 \u00a0 \u00a0 \u00a0\u00a0<\/p>\n<p>Juzg. Civil Circuito Santuario Ant. CONCEDE\u00a0 \u00a0 \u00a0 \u00a0 \u00a0 \u00a0 \u00a0 \u00a0 \u00a0 \u00a0 \u00a0\u00a0<\/p>\n<p>Tribunal Superior Antioqu\u00eda Sala Civil DENIEGA \u00a0\u00a0<\/p>\n<p>T- 284550 \u00a0 \u00a0 \u00a0 \u00a0 \u00a0 \u00a0 \u00a0 \u00a0 \u00a0 \u00a0\u00a0<\/p>\n<p>Rubiela Zuluaga Vargas\u00a0 \u00a0 \u00a0 \u00a0 \u00a0 \u00a0 \u00a0 \u00a0 \u00a0 \u00a0 \u00a0\u00a0<\/p>\n<p>Juzg. Civil Circuito Santuario Ant. CONCEDE \u00a0 \u00a0 \u00a0 \u00a0 \u00a0 \u00a0 \u00a0 \u00a0 \u00a0 \u00a0\u00a0<\/p>\n<p>Tribunal Superior Antioqu\u00eda Sala Civil DENIEGA \u00a0\u00a0<\/p>\n<p>T- 284551 \u00a0 \u00a0 \u00a0 \u00a0 \u00a0 \u00a0 \u00a0 \u00a0 \u00a0 \u00a0\u00a0<\/p>\n<p>Mar\u00eda Orfilia G\u00f3mez G\u00f3mez\u00a0 \u00a0 \u00a0 \u00a0 \u00a0 \u00a0 \u00a0 \u00a0 \u00a0 \u00a0 \u00a0\u00a0<\/p>\n<p>Juzg. Civil Circuito Santuario Ant. CONCEDE \u00a0 \u00a0 \u00a0 \u00a0 \u00a0 \u00a0 \u00a0 \u00a0 \u00a0 \u00a0\u00a0<\/p>\n<p>Tribunal Superior Antioqu\u00eda Sala Civil DENIEGA \u00a0\u00a0<\/p>\n<p>T- 284552 \u00a0 \u00a0 \u00a0 \u00a0 \u00a0 \u00a0 \u00a0 \u00a0 \u00a0 \u00a0\u00a0<\/p>\n<p>Olga Luc\u00eda Duque Aritiz\u00e1bal \u00a0 \u00a0 \u00a0 \u00a0 \u00a0 \u00a0 \u00a0 \u00a0 \u00a0 \u00a0\u00a0<\/p>\n<p>Juzg. Civil Circuito Santuario Ant. CONCEDE \u00a0 \u00a0 \u00a0 \u00a0 \u00a0 \u00a0 \u00a0 \u00a0 \u00a0 \u00a0\u00a0<\/p>\n<p>Tribunal Superior Antioqu\u00eda Sala Civil DENIEGA \u00a0\u00a0<\/p>\n<p>T- 284661 \u00a0 \u00a0 \u00a0 \u00a0 \u00a0 \u00a0 \u00a0 \u00a0 \u00a0 \u00a0\u00a0<\/p>\n<p>Estela Cardona de Yepes \u00a0 \u00a0 \u00a0 \u00a0 \u00a0 \u00a0 \u00a0 \u00a0 \u00a0 \u00a0\u00a0<\/p>\n<p>Juzg. 30 Penal Municipal Medell\u00edn DENIEGA \u00a0 \u00a0 \u00a0 \u00a0 \u00a0 \u00a0 \u00a0 \u00a0 \u00a0 \u00a0\u00a0<\/p>\n<p>Juzg. 27 Penal Circuito Medell\u00edn DENIEGA \u00a0\u00a0<\/p>\n<p>T- 284891 \u00a0 \u00a0 \u00a0 \u00a0 \u00a0 \u00a0 \u00a0 \u00a0 \u00a0 \u00a0\u00a0<\/p>\n<p>Mary Concepci\u00f3n Palacios C\u00f3rdoba \u00a0 \u00a0 \u00a0 \u00a0 \u00a0 \u00a0 \u00a0 \u00a0 \u00a0 \u00a0\u00a0<\/p>\n<p>Juzg. Civil Municipal Chigorod\u00f3 Ant. DENIEGA\u00a0 \u00a0\u00a0<\/p>\n<p>T- 284892 \u00a0 \u00a0 \u00a0 \u00a0 \u00a0 \u00a0 \u00a0 \u00a0 \u00a0 \u00a0\u00a0<\/p>\n<p>Yolanda Echeverry Echeverry \u00a0 \u00a0 \u00a0 \u00a0 \u00a0 \u00a0 \u00a0 \u00a0 \u00a0 \u00a0\u00a0<\/p>\n<p>Juzg. Civil Municipal Chigorod\u00f3 Ant. DENIEGA \u00a0\u00a0<\/p>\n<p>T- 284893 \u00a0 \u00a0 \u00a0 \u00a0 \u00a0 \u00a0 \u00a0 \u00a0 \u00a0 \u00a0\u00a0<\/p>\n<p>Mar\u00eda Miriam Palacios Mosquera \u00a0 \u00a0 \u00a0 \u00a0 \u00a0 \u00a0 \u00a0 \u00a0 \u00a0 \u00a0\u00a0<\/p>\n<p>Juzg. Civil Municipal Chigorod\u00f3 Ant. DENIEGA \u00a0\u00a0<\/p>\n<p>T- 284901 \u00a0 \u00a0 \u00a0 \u00a0 \u00a0 \u00a0 \u00a0 \u00a0 \u00a0 \u00a0\u00a0<\/p>\n<p>Sobeida C\u00e1ceres Murillo y otros\u00a0 \u00a0 \u00a0 \u00a0 \u00a0 \u00a0 \u00a0 \u00a0 \u00a0 \u00a0 \u00a0\u00a0<\/p>\n<p>Juzg. Promiscuo Municipal Carepa Ant. CONCEDE \u00a0 \u00a0 \u00a0 \u00a0 \u00a0 \u00a0 \u00a0 \u00a0 \u00a0 \u00a0\u00a0<\/p>\n<p>Juzg. Civil Circuito Apartad\u00f3 Ant. CONCEDE \u00a0\u00a0<\/p>\n<p>T- 284924 \u00a0 \u00a0 \u00a0 \u00a0 \u00a0 \u00a0 \u00a0 \u00a0 \u00a0 \u00a0\u00a0<\/p>\n<p>Luz Helena Montoya Ram\u00edrez \u00a0 \u00a0 \u00a0 \u00a0 \u00a0 \u00a0 \u00a0 \u00a0 \u00a0 \u00a0\u00a0<\/p>\n<p>Juzg. 18 Penal Municipal Medell\u00edn DENIEGA \u00a0\u00a0<\/p>\n<p>T- 284951 \u00a0 \u00a0 \u00a0 \u00a0 \u00a0 \u00a0 \u00a0 \u00a0 \u00a0 \u00a0\u00a0<\/p>\n<p>Mar\u00eda Eugenia Ospina L\u00f3pez\u00a0 \u00a0 \u00a0 \u00a0 \u00a0 \u00a0 \u00a0 \u00a0 \u00a0 \u00a0 \u00a0\u00a0<\/p>\n<p>Juzg. 4 Menores Medell\u00edn DENIEGA \u00a0\u00a0<\/p>\n<p>T- 284952 \u00a0 \u00a0 \u00a0 \u00a0 \u00a0 \u00a0 \u00a0 \u00a0 \u00a0 \u00a0\u00a0<\/p>\n<p>Flor Angela Jim\u00e9nez Ram\u00edrez \u00a0 \u00a0 \u00a0 \u00a0 \u00a0 \u00a0 \u00a0 \u00a0 \u00a0 \u00a0\u00a0<\/p>\n<p>T- 284954 \u00a0 \u00a0 \u00a0 \u00a0 \u00a0 \u00a0 \u00a0 \u00a0 \u00a0 \u00a0\u00a0<\/p>\n<p>Mar\u00eda F\u00e1tima Mesa Jaramillo \u00a0 \u00a0 \u00a0 \u00a0 \u00a0 \u00a0 \u00a0 \u00a0 \u00a0 \u00a0\u00a0<\/p>\n<p>Juzg. Promiscuo Municipal Jard\u00edn Ant. DENIEGA \u00a0\u00a0<\/p>\n<p>T- 284955 \u00a0 \u00a0 \u00a0 \u00a0 \u00a0 \u00a0 \u00a0 \u00a0 \u00a0 \u00a0\u00a0<\/p>\n<p>Ofelia de J. Herrera Mej\u00eda \u00a0 \u00a0 \u00a0 \u00a0 \u00a0 \u00a0 \u00a0 \u00a0 \u00a0 \u00a0\u00a0<\/p>\n<p>Juzg. Promiscuo Municipal Jard\u00edn Ant. DENIEGA \u00a0\u00a0<\/p>\n<p>T- 284956 \u00a0 \u00a0 \u00a0 \u00a0 \u00a0 \u00a0 \u00a0 \u00a0 \u00a0 \u00a0\u00a0<\/p>\n<p>Carlos Arturo Casta\u00f1eda Garc\u00eda \u00a0 \u00a0 \u00a0 \u00a0 \u00a0 \u00a0 \u00a0 \u00a0 \u00a0 \u00a0\u00a0<\/p>\n<p>Juzg. Promiscuo Municipal Jard\u00edn Ant. DENIEGA \u00a0\u00a0<\/p>\n<p>T- 284957 \u00a0 \u00a0 \u00a0 \u00a0 \u00a0 \u00a0 \u00a0 \u00a0 \u00a0 \u00a0\u00a0<\/p>\n<p>Ana Luc\u00eda Carvajal Vargas \u00a0 \u00a0 \u00a0 \u00a0 \u00a0 \u00a0 \u00a0 \u00a0 \u00a0 \u00a0\u00a0<\/p>\n<p>Juzg. Promiscuo Municipal Jard\u00edn Ant. DENIEGA \u00a0\u00a0<\/p>\n<p>T- 284970 \u00a0 \u00a0 \u00a0 \u00a0 \u00a0 \u00a0 \u00a0 \u00a0 \u00a0 \u00a0\u00a0<\/p>\n<p>Luz Fabiola Arenas Acevedo \u00a0 \u00a0 \u00a0 \u00a0 \u00a0 \u00a0 \u00a0 \u00a0 \u00a0 \u00a0\u00a0<\/p>\n<p>Juzg. Civil Municipal Fredonia Ant. DENIEGA \u00a0\u00a0<\/p>\n<p>T- 284971 \u00a0 \u00a0 \u00a0 \u00a0 \u00a0 \u00a0 \u00a0 \u00a0 \u00a0 \u00a0\u00a0<\/p>\n<p>Gloria Alicia Isaza de Betancur \u00a0 \u00a0 \u00a0 \u00a0 \u00a0 \u00a0 \u00a0 \u00a0 \u00a0 \u00a0\u00a0<\/p>\n<p>Juzg. Civil Municipal Fredonia Ant. DENIEGA \u00a0\u00a0<\/p>\n<p>T- 284972 \u00a0 \u00a0 \u00a0 \u00a0 \u00a0 \u00a0 \u00a0 \u00a0 \u00a0 \u00a0\u00a0<\/p>\n<p>Gildardo de J. Restrepo C\u00e1rdenas \u00a0 \u00a0 \u00a0 \u00a0 \u00a0 \u00a0 \u00a0 \u00a0 \u00a0 \u00a0\u00a0<\/p>\n<p>Juzg. 6 Penal Municipal Medell\u00edn DENIEGA \u00a0\u00a0<\/p>\n<p>T- 284973 \u00a0 \u00a0 \u00a0 \u00a0 \u00a0 \u00a0 \u00a0 \u00a0 \u00a0 \u00a0\u00a0<\/p>\n<p>Jes\u00fas Antonio Granados Atehort\u00faa\u00a0 \u00a0 \u00a0 \u00a0 \u00a0 \u00a0 \u00a0 \u00a0 \u00a0 \u00a0 \u00a0\u00a0<\/p>\n<p>Juzg. 22 Penal Municipal Medell\u00edn DENIEGA \u00a0\u00a0<\/p>\n<p>T- 284974 \u00a0 \u00a0 \u00a0 \u00a0 \u00a0 \u00a0 \u00a0 \u00a0 \u00a0 \u00a0\u00a0<\/p>\n<p>Mar\u00eda Eucaris V\u00e9lez\u00a0 \u00a0 \u00a0 \u00a0 \u00a0 \u00a0 \u00a0 \u00a0 \u00a0 \u00a0 \u00a0\u00a0<\/p>\n<p>Juzg. 22 Penal Municipal Medell\u00edn DENIEGA \u00a0\u00a0<\/p>\n<p>T- 284996 \u00a0 \u00a0 \u00a0 \u00a0 \u00a0 \u00a0 \u00a0 \u00a0 \u00a0 \u00a0\u00a0<\/p>\n<p>Nancy Mar\u00eda Valencia Garc\u00eda\u00a0 \u00a0 \u00a0 \u00a0 \u00a0 \u00a0 \u00a0 \u00a0 \u00a0 \u00a0 \u00a0\u00a0<\/p>\n<p>T- 285167 \u00a0 \u00a0 \u00a0 \u00a0 \u00a0 \u00a0 \u00a0 \u00a0 \u00a0 \u00a0\u00a0<\/p>\n<p>Doris del S. Guti\u00e9rrez Gaviria \u00a0 \u00a0 \u00a0 \u00a0 \u00a0 \u00a0 \u00a0 \u00a0 \u00a0 \u00a0\u00a0<\/p>\n<p>Juzg. 4 Penal Circuito Medell\u00edn DENIEGA \u00a0\u00a0<\/p>\n<p>T- 285170 \u00a0 \u00a0 \u00a0 \u00a0 \u00a0 \u00a0 \u00a0 \u00a0 \u00a0 \u00a0\u00a0<\/p>\n<p>Nubia Cecilia Correa Quiroz \u00a0 \u00a0 \u00a0 \u00a0 \u00a0 \u00a0 \u00a0 \u00a0 \u00a0 \u00a0\u00a0<\/p>\n<p>Juzg. 18 Penal del Circuito de Medell\u00edn DENIEGA \u00a0<\/p>\n<p>\u00a0 \u00a0\u00a0<\/p>\n<p>1 M.P. Antonio Barrera Carbonell \u00a0<\/p>\n<p>2 M.P. Carlos Gaviria D\u00edaz. \u00a0<\/p>\n<p>3 Se pueden consultar, entre otras, las sentencias: T-225 de 1993 M.P. Vladimiro Naranjo Mesa y T-125 de 1994. M.P. Jos\u00e9 Gregorio Hern\u00e1ndez Galindo. \u00a0<\/p>\n<p>4 Corte Constitucional Sentencia T-01 de 1997. M.P. Jos\u00e9 Gregorio Hern\u00e1ndez Galindo.\u00a0 \u00a0<\/p>\n<p>5 Sentencias T- 246 de \u00a01992; T- 366 de 1998, entre otras) \u00a0 \u00a0<\/p>\n<p><\/p>\n","protected":false},"excerpt":{"rendered":"<p>\u00a0 \u00a0 Sentencia T-605\/00 \u00a0 ACCION DE TUTELA-Subsidiariedad \u00a0 DERECHO AL MINIMO VITAL DEL TRABAJADOR-Presunci\u00f3n de afectaci\u00f3n por ausencia prolongada en pago de salarios \u00a0 ACCION DE TUTELA-Improcedencia general pago de acreencias laborales \u00a0 DERECHO AL MINIMO VITAL DEL TRABAJADOR-No afectaci\u00f3n por no pago de primas complementarias de salario a educadores \u00a0 Referencia: expedientes \u00a0 [&hellip;]<\/p>\n","protected":false},"author":1,"featured_media":0,"comment_status":"open","ping_status":"open","sticky":false,"template":"","format":"standard","meta":{"footnotes":""},"categories":[39],"tags":[],"class_list":["post-6379","post","type-post","status-publish","format-standard","hentry","category-tutelas-2000"],"_links":{"self":[{"href":"https:\/\/www.dmsjuridica.com\/buscador_20179478954\/corteconstitucionalcronologico202454587\/wp-json\/wp\/v2\/posts\/6379","targetHints":{"allow":["GET"]}}],"collection":[{"href":"https:\/\/www.dmsjuridica.com\/buscador_20179478954\/corteconstitucionalcronologico202454587\/wp-json\/wp\/v2\/posts"}],"about":[{"href":"https:\/\/www.dmsjuridica.com\/buscador_20179478954\/corteconstitucionalcronologico202454587\/wp-json\/wp\/v2\/types\/post"}],"author":[{"embeddable":true,"href":"https:\/\/www.dmsjuridica.com\/buscador_20179478954\/corteconstitucionalcronologico202454587\/wp-json\/wp\/v2\/users\/1"}],"replies":[{"embeddable":true,"href":"https:\/\/www.dmsjuridica.com\/buscador_20179478954\/corteconstitucionalcronologico202454587\/wp-json\/wp\/v2\/comments?post=6379"}],"version-history":[{"count":0,"href":"https:\/\/www.dmsjuridica.com\/buscador_20179478954\/corteconstitucionalcronologico202454587\/wp-json\/wp\/v2\/posts\/6379\/revisions"}],"wp:attachment":[{"href":"https:\/\/www.dmsjuridica.com\/buscador_20179478954\/corteconstitucionalcronologico202454587\/wp-json\/wp\/v2\/media?parent=6379"}],"wp:term":[{"taxonomy":"category","embeddable":true,"href":"https:\/\/www.dmsjuridica.com\/buscador_20179478954\/corteconstitucionalcronologico202454587\/wp-json\/wp\/v2\/categories?post=6379"},{"taxonomy":"post_tag","embeddable":true,"href":"https:\/\/www.dmsjuridica.com\/buscador_20179478954\/corteconstitucionalcronologico202454587\/wp-json\/wp\/v2\/tags?post=6379"}],"curies":[{"name":"wp","href":"https:\/\/api.w.org\/{rel}","templated":true}]}}