{"id":6556,"date":"2024-05-30T20:38:58","date_gmt":"2024-05-30T20:38:58","guid":{"rendered":"https:\/\/www.dmsjuridica.com\/buscador_20179478954\/corteconstitucionalcronologico202454587\/2024\/05\/30\/t-851-00\/"},"modified":"2024-05-30T20:38:58","modified_gmt":"2024-05-30T20:38:58","slug":"t-851-00","status":"publish","type":"post","link":"https:\/\/www.dmsjuridica.com\/buscador_20179478954\/corteconstitucionalcronologico202454587\/t-851-00\/","title":{"rendered":"T-851-00"},"content":{"rendered":"\n<p>\u00a0 \u00a0 Sentencia T-851\/00 \u00a0<\/p>\n<p>ACCION DE TUTELA-Procedencia excepcional pago de acreencias laborales \u00a0<\/p>\n<p>DERECHO AL MINIMO VITAL DEL TRABAJADOR-No afectaci\u00f3n por no pago de primas complementarias de salario a educadores \u00a0<\/p>\n<p>Referencia: expedientes \u00a0<\/p>\n<p>T-291457, T-297679, T-297684, T-299207, T-300660, T-300661, T-300662, T-300663, T-300664, T-300665, T-300666, T-300667, T-300685, T-300686, T-300687, T-300688, T-300689, T-300690, T-300691, T-300811, T-300943, T-300944, T-300945, T-300946, T-300947, T-300948, T-300949, T-300950, T-301187, T-301248, T-301249, T-301250, T-301251, T-301252, T-301253, T-301254, T-301255, T-301256, T-301257, T-301258, T-301313, T-301314, T-301822, T-301933, T-301987, T-302759, T-302761, T-302767, T-302885, T-303160, T-303214, T-303716, T-304424, T-304427, T-305937, T-307745, T-307949, T-307950, T-307951, T-307952, T-308262, T-308336, T-308521, T-308886, T-312478, T-312486, T-314122, T-314173, T-317394. \u00a0<\/p>\n<p>Accionantes: Elvia Ruth Mu\u00f1oz Londo\u00f1o y otros. \u00a0<\/p>\n<p>\u00a0 \u00a0<\/p>\n<p>Magistrado Ponente: \u00a0<\/p>\n<p>Dr. ANTONIO BARRERA CARBONELL \u00a0<\/p>\n<p>Santaf\u00e9 de Bogot\u00e1, D.C., siete (7) de julio de dos mil (2000). \u00a0<\/p>\n<p>La Sala Primera de Revisi\u00f3n de la Corte Constitucional, integrada por los magistrados ANTONIO BARRERA CARBONELL, ALFREDO BELTRAN SIERRA y EDUARDO CIFUENTES MU\u00d1OZ, en ejercicio de sus competencias constitucionales y legales, ha proferido la siguiente \u00a0<\/p>\n<p>SENTENCIA \u00a0<\/p>\n<p>dentro del proceso de revisi\u00f3n de los fallos dictados en \u00fanica, \u00a0primera y en segunda instancia por distintos despachos judiciales del departamento de Antioqu\u00eda en relaci\u00f3n con las acciones de tutela impetradas contra el Gobernador de Antioqu\u00eda por los docentes nacionalizados al servicio de ese departamento. \u00a0<\/p>\n<p>I. ANTECEDENTES. \u00a0<\/p>\n<p>La identidad en el objeto de las acciones de tutela incoadas contra la Gobernaci\u00f3n de Antioqu\u00eda llev\u00f3 a la acumulaci\u00f3n de los expedientes de la referencia, tal como se dispuso en diferentes Salas de Selecci\u00f3n. Por la misma raz\u00f3n y por econom\u00eda procesal, decide esta Sala acumular entre s\u00ed los expedientes que a continuaci\u00f3n se relacionan con sus respectivos acumulados: T-291.457, T-297.679, T-300.660, T-305.937, T-307.745, T-312.478 y T-314.122 \u00a0 \u00a0<\/p>\n<p>Pretensiones y hechos. \u00a0<\/p>\n<p>Los accionantes instauraron acci\u00f3n de tutela contra el Gobernador de Antioqu\u00eda, con el fin de obtener el amparo de sus derechos al trabajo en condiciones dignas y a la igualdad y, en tal virtud, que se ordene a dicho funcionario disponer el pago de las sumas de dinero que se les adeudan por concepto de primas, creadas por ordenanza de la Asamblea Departamental, que en cada caso se especifican.\u00a0 \u00a0<\/p>\n<p>Son hechos comunes a todas las demandas los siguientes: \u00a0<\/p>\n<p>Los accionantes laboran como educadores al servicio del Departamento de Antioqu\u00eda, adscritos a diferentes centros educativos, y manifiestan que a trav\u00e9s de ordenanzas departamentales fueron creadas una serie de primas complementarias de sus salarios. \u00a0<\/p>\n<p>Durante el a\u00f1o de 1999, solamente les fueron pagadas las primas correspondientes al mes de enero y la prima de vida cara que corresponde al mes de febrero.\u00a0 \u00a0<\/p>\n<p>De acuerdo a la especialidad y a la zona en donde labora cada uno de ellos, tienen derecho a que se les reconozcan y paguen \u00a0diferentes primas, seg\u00fan el caso. Dichas primas son las de normalista, licenciatura, aula especial, vida cara, escuela unitaria, dif\u00edcil acceso, de directores y rector\u00eda. \u00a0<\/p>\n<p>En un acto de discriminaci\u00f3n la administraci\u00f3n departamental ha hecho pagos de algunas de las primas a empleados y maestros, sin raz\u00f3n que los justifique.\u00a0 \u00a0<\/p>\n<p>\u00a0 \u00a0<\/p>\n<p>II. DECISIONES JUDICIALES. \u00a0<\/p>\n<p>Conocieron de los procesos de tutela diferentes despachos judiciales del departamento de Antioqu\u00eda, algunos concedieron el amparo de tutela solicitado y otros lo negaron por considerar que no se presentaba vulneraci\u00f3n a los derechos invocados por los actores.\u00a0 \u00a0<\/p>\n<p>Para mayor ilustraci\u00f3n sobre las actuaciones judiciales se anexa un cuadro informativo de las decisiones proferidas en \u00fanica, primera y segunda instancia reca\u00eddas en cada uno de los procesos de tutela en estudio. \u00a0<\/p>\n<p>III. CONSIDERACIONES Y FUNDAMENTOS.\u00a0 \u00a0<\/p>\n<p>Corresponde a la Sala determinar si la acci\u00f3n de tutela constituye el instrumento procesal adecuado para que los demandantes obtengan el pago de las sumas de dinero que se les adeuda por concepto de primas de diferente naturaleza, que constituyen un complemento salarial. \u00a0<\/p>\n<p>2. Soluci\u00f3n al problema planteado. \u00a0<\/p>\n<p>Mediante Sentencia T-3761 de marzo 31 de 2000, esta Sala de Revisi\u00f3n se pronunci\u00f3 respecto de otras demandas de tutela, relacionadas con los mismos hechos y circunstancias a las aqu\u00ed planteadas; en consecuencia, es del caso reiterar las consideraciones y fundamentos, tenidos en cuenta en dicha oportunidad, para aplicarlas a los casos de que dan cuenta los procesos en referencia.\u00a0 \u00a0<\/p>\n<p>En tales circunstancias cabe recordar que: \u00a0<\/p>\n<p>\u201c2.1. Seg\u00fan el art\u00edculo 86 de la Constituci\u00f3n Pol\u00edtica la acci\u00f3n de tutela es un mecanismo subsidiario de defensa, pues ella s\u00f3lo procede \u201ccuando el afectado no disponga de otro medio de defensa judicial, salvo que aqu\u00e9lla se utilice como mecanismo transitorio para evitar un perjuicio irremediable.\u201d \u00a0<\/p>\n<p>\u201cEn concordancia con tal disposici\u00f3n, la jurisprudencia constitucional ha establecido que los jueces de tutela no tienen competencia para resolver conflictos jur\u00eddicos ocasionados en el incumplimiento de obligaciones de \u00edndole laboral, a menos que ello comprometa o amenace el m\u00ednimo vital del peticionario, caso en el cual la tutela se torna id\u00f3nea para que a trav\u00e9s de este medio se pueda obtener el pago de aqu\u00e9llas, aun existiendo otras v\u00edas judiciales para lograr ese cometido.\u201d\u00a0 \u00a0<\/p>\n<p>\u00a0 \u00a0<\/p>\n<p>\u201c2.2. Sobre la afectaci\u00f3n del m\u00ednimo vital o de subsistencia ha dicho la Corte, en reiterada jurisprudencia, que \u00e9ste se presume afectado, cuando la suspensi\u00f3n en el pago del salario se prolonga indefinidamente en el tiempo, de tal suerte que se coloca al trabajador y a su familia en una situaci\u00f3n econ\u00f3mica cr\u00edtica que afecta sus derechos fundamentales y que hace necesaria la intervenci\u00f3n r\u00e1pida y eficaz del juez de tutela para restablecer su goce, correspondi\u00e9ndole al demandado la demostraci\u00f3n de que el peticionario de la tutela cuenta con otros ingresos o recursos, con los cuales pueda atender sus necesidades primarias vitales y las de su familia. \u201c \u00a0<\/p>\n<p>\u201c2.3. En relaci\u00f3n con la procedencia de la acci\u00f3n de tutela frente al pago de obligaciones laborales, esta Corporaci\u00f3n en la sentencia de unificaci\u00f3n SU-995\/992, expres\u00f3: \u00a0<\/p>\n<p>\u201cb. La acci\u00f3n de tutela s\u00f3lo proceder\u00e1 como mecanismo para evitar que el trabajador sufra una situaci\u00f3n cr\u00edtica econ\u00f3mica y psicol\u00f3gica. Con esta referencia se busca dejar intacta la competencia de la jurisdicci\u00f3n laboral ordinaria, cuando no se trate de situaciones injustificadas, inminentes y graves que hacen urgente la intervenci\u00f3n del juez de amparo3. Esta Corporaci\u00f3n ha dicho al respecto\u201d: \u00a0<\/p>\n<p>\u201cLa jurisprudencia de la Corte ha sido enf\u00e1tica en sostener que la liquidaci\u00f3n y pago de obligaciones laborales escapa al \u00e1mbito propio de la acci\u00f3n de tutela, y si bien es cierto ha admitido su procedencia en algunos casos, ellos han sido excepcionales y, primordialmente, sustentados en la falta de idoneidad del medio ordinario en los t\u00e9rminos que se dejan expuestos, relativos siempre de manera espec\u00edfica y directa a las circunstancias en las que se encuentra el actor, lo cual excluye de plano que pueda concederse el amparo judicial para los indicados fines, masiva e indiscriminadamente\u201d4 \u00a0<\/p>\n<p>\u201cEn el mismo fallo se afirma:\u00a0 \u00a0<\/p>\n<p>\u201cAs\u00ed, ha encontrado la Corte que puede tutelarse el derecho del trabajador a obtener el pago de su salario cuando resulta afectado el m\u00ednimo vital (Cfr. sentencias T-426 del 24. de junio de 1992, T-063 del 22 de febrero de 1995, y T-437 del 16 de septiembre de 1996); que es posible intentar la acci\u00f3n de tutela para que se cancelen las mesadas pensionales dejadas de percibir por una &#8216;0persona de la tercera edad en circunstancias apremiantes y siendo ese su \u00fanico ingreso (Cfr. sentencias T-426 del 24 de junio de 1992, T-147 del 4 de abril de 1995, T-244 del 1 de junio de 1995, T-212 del 14 de mayo de 1996 y T- 608 del 13 de noviembre de 1996); que cuando la entidad obligada al pago de la pensi\u00f3n revoca unilateralmente su reconocimiento, procede la tutela para restablecer el derecho del afectado (Crf. sentencia T-246 del 3 de junio de 1996); que es posible restaurar, por la v\u00eda del amparo, la igualdad quebrantada por el Estado cuando se discrimina entre los trabajadores, para fijar el momento de la cancelaci\u00f3n de prestaciones, favoreciendo con un pago r\u00e1pido a quienes se acogen a determinado r\u00e9gimen y demor\u00e1ndolo indefinidamente a aquellos que han optado por otro (Cfr. sentencia T-418 del 9 de septiembre de 1996); que resulta admisible la tutela para \u00a8eliminar las desigualdades generadas por el uso indebido de los pactos colectivos de trabajo con el objeto de desestimular la asociaci\u00f3n sindical\u201c (sentencia SU-342 del 2 de agosto de 1995, M.P. Antonio Barrera Carbonell) Resalta la Sala.\u201d \u00a0<\/p>\n<p>\u201c2.4. Analizadas las demandas, se pone de presente que en ellas los demandantes no solicitan el pago de sus salarios, sino de algunas primas que tienen el car\u00e1cter de complementos salariales; de donde se deduce que la administraci\u00f3n departamental ha cumplido sus obligaciones en relaci\u00f3n con el pago de salarios. Tampoco se afirma por los demandantes que se les haya afectado el m\u00ednimo vital con el no pago de las primas reclamadas; ni dentro del proceso existe prueba alguna que permita a la Sala inferir que se ha afectado el referido m\u00ednimo. \u201c \u00a0<\/p>\n<p>\u201cLa demostraci\u00f3n de la lesi\u00f3n del m\u00ednimo vital es una condici\u00f3n necesaria para la procedencia de la acci\u00f3n y para que se puedan despachar favorablemente las pretensiones de los actores.\u201d \u00a0<\/p>\n<p>\u201cAdem\u00e1s, con las declaraciones de algunos de los demandantes y la informaci\u00f3n suministrada por el Tesorero General del Departamento, se pudo establecer que el m\u00ednimo vital de estas personas no est\u00e1 comprometiendo, toda vez que est\u00e1n recibiendo el pago oportuno de sus salarios y de las otras acreencias laborales legales, adeud\u00e1ndoseles solamente las primas extralegales.\u201d \u00a0<\/p>\n<p>\u201cEn cuanto a la alegada violaci\u00f3n del derecho a la igualdad, tampoco se ha establecido discriminaci\u00f3n alguna por la administraci\u00f3n departamental, si se tiene en cuenta que a las personas a quienes no se les ha cancelado esas primas son educadores nacionalizados al servicio del Departamento de Antioqu\u00eda, que se les paga con recursos provenientes del situado fiscal, a diferencia de los educadores departamentales y municipales a quienes si se les ha pagado, pero con cargo a los presupuestos del departamento o de cada municipio.\u201d \u00a0<\/p>\n<p>\u201cEn tales circunstancias, la tutela resulta ser un mecanismo inadecuado para obtener el pago de las referidas primas, dado que el incumplimiento de la administraci\u00f3n no configura una vulneraci\u00f3n o lesi\u00f3n de su m\u00ednimo vital, definido \u00e9ste como \u201clos requerimientos b\u00e1sicos indispensables para asegurar la digna subsistencia de la persona y de su familia, no solamente en lo relativo a alimentaci\u00f3n y vestuario sino en lo referente a la salud, educaci\u00f3n, vivienda, seguridad social y medio ambiente, en cuanto factores insustituibles para la preservaci\u00f3n de una calidad de vida que, no obstante su modestia, corresponda a las exigencias m\u00e1s elementales del ser humano5.\u201d \u00a0 \u00a0<\/p>\n<p>\u201cEn consecuencia, los demandantes tienen expeditos los instrumentos procesales alternativos, el proceso ejecutivo laboral, o la acci\u00f3n contenciosa administrativa, previo agotamiento de la v\u00eda gubernativa, para obtener la protecci\u00f3n de sus derechos.\u201d \u00a0<\/p>\n<p>Por lo anterior, se confirmar\u00e1n las sentencias que denegaron las pretensiones de tutela y se revocar\u00e1n las sentencias que accedieron a \u00e9stas. \u00a0<\/p>\n<p>IV. DECISI\u00d3N. \u00a0<\/p>\n<p>En m\u00e9rito de lo expuesto, la Sala Primera de Revisi\u00f3n de la Corte Constitucional, administrando justicia en nombre del pueblo y por mandato de la Constituci\u00f3n,\u00a0 \u00a0<\/p>\n<p>RESUELVE: \u00a0<\/p>\n<p>Primero. \u00a0REVOCAR los fallos de tutela proferidos por los Juzgados: Promiscuo de Familia de El Santuario (T-297.679, T-297.684), D\u00e9cimo Penal del Circuito de Medell\u00edn (T-299.207), Civil del Circuito de El Santuario (T-300.660, T-300.661, T-300.662, T-300.663, T-300.664, T-300.665, T-300.666, T-300.667, T-300.685, T-300.686, T-300.687, T-300.688, T-300.689, T-300.690, T-300.691, T-300.943, T-300.944, T-300.945, T-300.946, T-300.947, T-300.948, T-300.949, 300.950), Primero Civil del Circuito de Medell\u00edn (T-300.811), Penal del Circuito de El Santuario (T-301.187, T-301.248, T-301.249, T-301.250, T-301.251, T-301.252, T-301.253, T-301.254, T-301.255, T-301.256, T-301.257, T-301.258, T-307.949, T-307.950), Veintitr\u00e9s Penal del Circuito de Medell\u00edn (T-301.313, T-301.314), Catorce Penal del Circuito de Medell\u00edn (T-301.822), Noveno Penal Municipal de Medell\u00edn (T-301.933), Primero Penal del Circuito de Medell\u00edn (T-301.987, T-302.759, T-302.761, T-302.767, T-302.885), Segundo Civil del Circuito de Medell\u00edn (T-303.160), Veintitr\u00e9s Civil Municipal de Medell\u00edn (T-303.214), Veintiuno Penal del Circuito de Medell\u00edn (T-303.716), Diecisiete Civil del Circuito de Medell\u00edn (T-304.424, T-304.427, T-314.122, T-314.173), Octavo Civil del Circuito de Medell\u00edn (T-305.937, T-312.486), Quince Penal del Circuito de Medell\u00edn (T-307.745), Promiscuo Municipal de Granada (T-307.951, T-307.952), Veintid\u00f3s Civil Municipal de Medell\u00edn (T-308.336), S\u00e9ptimo Civil del Circuito de Medell\u00edn (T-308.521), Tribunal Superior de Medell\u00edn Sala Penal (T-308.886), Tribunal Superior de Antioqu\u00eda Sala Civil (T-312.478), y Promiscuo Municipal de Murind\u00f3 (T-317.394), en cuanto concedieron el amparo de tutela solicitado. En consecuencia NI\u00c9GASE la tutela concedida en los referidos procesos.\u00a0 \u00a0<\/p>\n<p>Segundo. CONFIRMAR los fallos de tutela que denegaron la protecci\u00f3n de tutela solicitada, proferidos en primera instancia por los siguientes despachos judiciales: Juzgado D\u00e9cimo Civil Municipal de Medell\u00edn (T-300.811), Juzgado Veintitr\u00e9s Penal Municipal de Medell\u00edn (T-301.314), Juzgado Cuarenta y uno Penal Municipal de Medell\u00edn (T-302.759), Juzgado Veintisiete Penal Municipal de Medell\u00edn (T-302.761), Juzgado Treinta y Seis Penal Municipal de Medell\u00edn (T-302.767), Juzgado Once Penal Municipal de Medell\u00edn (T-307.745), Juzgado Veinticinco Penal del Circuito de Medell\u00edn (T-308.886), Juzgado Promiscuo del Circuito de T\u00e1mesis (T-312.478), Juzgado Diecis\u00e9is Civil Municipal de Medell\u00edn (T-312.486) y Juzgado Doce Civil Municipal de Medell\u00edn (T-314.122).\u00a0 \u00a0<\/p>\n<p>Tercero. CONFIRMAR los fallos de tutela proferidos en \u00fanica y en segunda instancia por el Juzgado Veinte Penal Municipal de Medell\u00edn dentro del proceso T-291.457 y Juzgado Dieciocho Penal del Circuito de Medell\u00edn dentro del proceso T-308.262 y que denegaron la protecci\u00f3n de tutela solicitada. \u00a0<\/p>\n<p>Notif\u00edquese, comun\u00edquese, publ\u00edquese en la Gaceta de la Corte Constitucional y c\u00famplase. \u00a0\u00a0 \u00a0<\/p>\n<p>ANTONIO BARRERA CARBONELL \u00a0<\/p>\n<p>Magistrado \u00a0<\/p>\n<p>ALFREDO BELTRAN SIERRA \u00a0<\/p>\n<p>Magistrado \u00a0<\/p>\n<p>EDUARDO CIFUENTES MU\u00d1OZ \u00a0<\/p>\n<p>Magistrado \u00a0<\/p>\n<p>MARTHA SACHICA DE MONCALEANO \u00a0<\/p>\n<p>Secretaria General\u00a0 \u00a0<\/p>\n<p>ANEXO \u00a0<\/p>\n<p>T-291457 \u00a0 \u00a0 \u00a0 \u00a0 \u00a0 \u00a0 \u00a0 \u00a0 \u00a0 \u00a0\u00a0<\/p>\n<p>Elvia Ruth Mu\u00f1oz Londo\u00f1o \u00a0 \u00a0 \u00a0 \u00a0 \u00a0 \u00a0 \u00a0 \u00a0 \u00a0 \u00a0\u00a0<\/p>\n<p>Juzg. 20 Penal Municipal de Medell\u00edn \u00a0\u00a0<\/p>\n<p>T-297679 \u00a0 \u00a0 \u00a0 \u00a0 \u00a0 \u00a0 \u00a0 \u00a0 \u00a0 \u00a0\u00a0<\/p>\n<p>Ivan Acevedo Ortiz \u00a0 \u00a0 \u00a0 \u00a0 \u00a0 \u00a0 \u00a0 \u00a0 \u00a0 \u00a0\u00a0<\/p>\n<p>Juzg. Promiscuo Municipal de Granada Antioqu\u00eda CONCEDE \u00a0 \u00a0 \u00a0 \u00a0 \u00a0 \u00a0 \u00a0 \u00a0 \u00a0 \u00a0\u00a0<\/p>\n<p>Juzg. Promiscuo de Familia. \u00a0El Santuario Antioqu\u00eda CONCEDE \u00a0\u00a0<\/p>\n<p>T-297684 \u00a0 \u00a0 \u00a0 \u00a0 \u00a0 \u00a0 \u00a0 \u00a0 \u00a0 \u00a0\u00a0<\/p>\n<p>Oscar Emilio Mar\u00edn Betancur \u00a0 \u00a0 \u00a0 \u00a0 \u00a0 \u00a0 \u00a0 \u00a0 \u00a0 \u00a0\u00a0<\/p>\n<p>Juzg. Promiscuo Municipal de Granada Antioqu\u00eda CONCEDE \u00a0 \u00a0 \u00a0 \u00a0 \u00a0 \u00a0 \u00a0 \u00a0 \u00a0 \u00a0\u00a0<\/p>\n<p>Juzg. Promiscuo de Familia. \u00a0El Santuario Antioqu\u00eda CONCEDE \u00a0\u00a0<\/p>\n<p>T-299207 \u00a0 \u00a0\u00a0<\/p>\n<p>\u00a0 \u00a0\u00a0 \u00a0 \u00a0 \u00a0 \u00a0 \u00a0 \u00a0 \u00a0 \u00a0\u00a0<\/p>\n<p>Concepci\u00f3n Castillo D\u00edaz y otros. \u00a0 \u00a0 \u00a0 \u00a0 \u00a0 \u00a0 \u00a0 \u00a0 \u00a0 \u00a0\u00a0<\/p>\n<p>Juzg. 21 Penal Municipal de Medell\u00edn y otros. CONCEDE\u00a0 \u00a0 \u00a0 \u00a0 \u00a0 \u00a0 \u00a0 \u00a0 \u00a0 \u00a0 \u00a0\u00a0<\/p>\n<p>Juzg. 10 Penal del Circuito de Medell\u00edn CONCEDE.| \u00a0\u00a0<\/p>\n<p>T-300660 \u00a0 \u00a0\u00a0<\/p>\n<p>\u00a0 \u00a0\u00a0 \u00a0 \u00a0 \u00a0 \u00a0 \u00a0 \u00a0 \u00a0 \u00a0\u00a0<\/p>\n<p>Teresa Julia Hoyos Salazar \u00a0 \u00a0 \u00a0 \u00a0 \u00a0 \u00a0 \u00a0 \u00a0 \u00a0 \u00a0\u00a0<\/p>\n<p>Juzg. 1o Promiscuo Municipal El Santuario Antioqu\u00eda CONCEDE. \u00a0 \u00a0 \u00a0 \u00a0 \u00a0 \u00a0 \u00a0 \u00a0 \u00a0 \u00a0\u00a0<\/p>\n<p>Juzg. Civil del Circuito de El Santuario Antioqu\u00eda CONCEDE. \u00a0\u00a0<\/p>\n<p>T-300661 \u00a0 \u00a0 \u00a0 \u00a0 \u00a0 \u00a0 \u00a0 \u00a0 \u00a0 \u00a0\u00a0<\/p>\n<p>Rosalba Jim\u00e9nez Zuluaga \u00a0 \u00a0 \u00a0 \u00a0 \u00a0 \u00a0 \u00a0 \u00a0 \u00a0 \u00a0\u00a0<\/p>\n<p>Juzg. 1o Promiscuo Municipal El Santuario Antioqu\u00eda CONCEDE. \u00a0 \u00a0 \u00a0 \u00a0 \u00a0 \u00a0 \u00a0 \u00a0 \u00a0 \u00a0\u00a0<\/p>\n<p>Juzg. Civil del Circuito de El Santuario Antioqu\u00eda CONCEDE. \u00a0\u00a0<\/p>\n<p>T-300662 \u00a0 \u00a0 \u00a0 \u00a0 \u00a0 \u00a0 \u00a0 \u00a0 \u00a0 \u00a0\u00a0<\/p>\n<p>Gloria Ester Duque Botero \u00a0 \u00a0 \u00a0 \u00a0 \u00a0 \u00a0 \u00a0 \u00a0 \u00a0 \u00a0\u00a0<\/p>\n<p>Juzg. 1o Promiscuo Municipal El Santuario Antioqu\u00eda CONCEDE. \u00a0 \u00a0 \u00a0 \u00a0 \u00a0 \u00a0 \u00a0 \u00a0 \u00a0 \u00a0\u00a0<\/p>\n<p>T-300663 \u00a0 \u00a0 \u00a0 \u00a0 \u00a0 \u00a0 \u00a0 \u00a0 \u00a0 \u00a0\u00a0<\/p>\n<p>Rosa Omaira Salazar Duque \u00a0 \u00a0 \u00a0 \u00a0 \u00a0 \u00a0 \u00a0 \u00a0 \u00a0 \u00a0\u00a0<\/p>\n<p>Juzg. 1o Promiscuo Municipal El Santuario Antioqu\u00eda CONCEDE. \u00a0 \u00a0 \u00a0 \u00a0 \u00a0 \u00a0 \u00a0 \u00a0 \u00a0 \u00a0\u00a0<\/p>\n<p>Juzg. Civil del Circuito de El Santuario Antioqu\u00eda CONCEDE. \u00a0\u00a0<\/p>\n<p>T-300664 \u00a0 \u00a0 \u00a0 \u00a0 \u00a0 \u00a0 \u00a0 \u00a0 \u00a0 \u00a0\u00a0<\/p>\n<p>Mar\u00eda Graciela Aristizabal Duque \u00a0 \u00a0 \u00a0 \u00a0 \u00a0 \u00a0 \u00a0 \u00a0 \u00a0 \u00a0\u00a0<\/p>\n<p>Juzg. 1o Promiscuo Municipal El Santuario Antioqu\u00eda CONCEDE. \u00a0 \u00a0 \u00a0 \u00a0 \u00a0 \u00a0 \u00a0 \u00a0 \u00a0 \u00a0\u00a0<\/p>\n<p>Juzg. Civil del Circuito de El Santuario Antioqu\u00eda CONCEDE. \u00a0\u00a0<\/p>\n<p>T-300665 \u00a0 \u00a0 \u00a0 \u00a0 \u00a0 \u00a0 \u00a0 \u00a0 \u00a0 \u00a0\u00a0<\/p>\n<p>Flor Elena Aristizabal Salazar \u00a0 \u00a0 \u00a0 \u00a0 \u00a0 \u00a0 \u00a0 \u00a0 \u00a0 \u00a0\u00a0<\/p>\n<p>Juzg. 1o Promiscuo Municipal El Santuario Antioqu\u00eda CONCEDE. \u00a0 \u00a0 \u00a0 \u00a0 \u00a0 \u00a0 \u00a0 \u00a0 \u00a0 \u00a0\u00a0<\/p>\n<p>Juzg. Civil del Circuito de El Santuario Antioqu\u00eda CONCEDE. \u00a0\u00a0<\/p>\n<p>T-300666 \u00a0 \u00a0 \u00a0 \u00a0 \u00a0 \u00a0 \u00a0 \u00a0 \u00a0 \u00a0\u00a0<\/p>\n<p>Luz Elena Duque Giraldo \u00a0 \u00a0 \u00a0 \u00a0 \u00a0 \u00a0 \u00a0 \u00a0 \u00a0 \u00a0\u00a0<\/p>\n<p>Juzg. 2o Promiscuo Municipal El Santuario Antioqu\u00eda CONCEDE. \u00a0 \u00a0 \u00a0 \u00a0 \u00a0 \u00a0 \u00a0 \u00a0 \u00a0 \u00a0\u00a0<\/p>\n<p>Juzg. Civil del Circuito de El Santuario Antioqu\u00eda CONCEDE. \u00a0\u00a0<\/p>\n<p>T-300667 \u00a0 \u00a0 \u00a0 \u00a0 \u00a0 \u00a0 \u00a0 \u00a0 \u00a0 \u00a0\u00a0<\/p>\n<p>Mar\u00eda Gilma G\u00f3mez G\u00f3mez \u00a0 \u00a0 \u00a0 \u00a0 \u00a0 \u00a0 \u00a0 \u00a0 \u00a0 \u00a0\u00a0<\/p>\n<p>Juzg. 2o Promiscuo Municipal El Santuario Antioqu\u00eda CONCEDE. \u00a0 \u00a0 \u00a0 \u00a0 \u00a0 \u00a0 \u00a0 \u00a0 \u00a0 \u00a0\u00a0<\/p>\n<p>Juzg. Civil del Circuito de El Santuario Antioqu\u00eda CONCEDE. \u00a0\u00a0<\/p>\n<p>T-300685 \u00a0 \u00a0 \u00a0 \u00a0 \u00a0 \u00a0 \u00a0 \u00a0 \u00a0 \u00a0\u00a0<\/p>\n<p>Guillermo Alonso Zuluaga Hoyos \u00a0 \u00a0 \u00a0 \u00a0 \u00a0 \u00a0 \u00a0 \u00a0 \u00a0 \u00a0\u00a0<\/p>\n<p>Juzg. Promiscuo Municipal de Granada Antioqu\u00eda CONCEDE \u00a0 \u00a0 \u00a0 \u00a0 \u00a0 \u00a0 \u00a0 \u00a0 \u00a0 \u00a0\u00a0<\/p>\n<p>Juzg. Civil del Circuito de El Santuario Antioqu\u00eda CONCEDE. \u00a0<\/p>\n<p>T-300686 \u00a0 \u00a0 \u00a0 \u00a0 \u00a0 \u00a0 \u00a0 \u00a0 \u00a0 \u00a0\u00a0<\/p>\n<p>Pedro Humberto Hoyos Montes \u00a0 \u00a0 \u00a0 \u00a0 \u00a0 \u00a0 \u00a0 \u00a0 \u00a0 \u00a0\u00a0<\/p>\n<p>Juzg. Promiscuo Municipal de Granada Antioqu\u00eda CONCEDE \u00a0 \u00a0 \u00a0 \u00a0 \u00a0 \u00a0 \u00a0 \u00a0 \u00a0 \u00a0\u00a0<\/p>\n<p>Juzg. Civil del Circuito de El Santuario Antioqu\u00eda CONCEDE. \u00a0\u00a0<\/p>\n<p>T-300687 \u00a0 \u00a0 \u00a0 \u00a0 \u00a0 \u00a0 \u00a0 \u00a0 \u00a0 \u00a0\u00a0<\/p>\n<p>Ligia Amparo Giraldo Naranjo \u00a0 \u00a0 \u00a0 \u00a0 \u00a0 \u00a0 \u00a0 \u00a0 \u00a0 \u00a0\u00a0<\/p>\n<p>Juzg. Promiscuo Municipal de Granada Antioqu\u00eda CONCEDE \u00a0 \u00a0 \u00a0 \u00a0 \u00a0 \u00a0 \u00a0 \u00a0 \u00a0 \u00a0\u00a0<\/p>\n<p>Juzg. Civil del Circuito de El Santuario Antioqu\u00eda CONCEDE. \u00a0\u00a0<\/p>\n<p>T-300688 \u00a0 \u00a0 \u00a0 \u00a0 \u00a0 \u00a0 \u00a0 \u00a0 \u00a0 \u00a0\u00a0<\/p>\n<p>Octavio Galeano Tob\u00f3n \u00a0 \u00a0 \u00a0 \u00a0 \u00a0 \u00a0 \u00a0 \u00a0 \u00a0 \u00a0\u00a0<\/p>\n<p>Juzg. Promiscuo Municipal de Granada Antioqu\u00eda CONCEDE \u00a0 \u00a0 \u00a0 \u00a0 \u00a0 \u00a0 \u00a0 \u00a0 \u00a0 \u00a0\u00a0<\/p>\n<p>Juzg. Civil del Circuito de El Santuario Antioqu\u00eda CONCEDE. \u00a0\u00a0<\/p>\n<p>T-300689 \u00a0 \u00a0 \u00a0 \u00a0 \u00a0 \u00a0 \u00a0 \u00a0 \u00a0 \u00a0\u00a0<\/p>\n<p>Gerardo Arturo Mej\u00eda G\u00f3mez \u00a0 \u00a0 \u00a0 \u00a0 \u00a0 \u00a0 \u00a0 \u00a0 \u00a0 \u00a0\u00a0<\/p>\n<p>Juzg. Promiscuo Municipal de Granada Antioqu\u00eda CONCEDE \u00a0 \u00a0 \u00a0 \u00a0 \u00a0 \u00a0 \u00a0 \u00a0 \u00a0 \u00a0\u00a0<\/p>\n<p>Juzg. Civil del Circuito de El Santuario Antioqu\u00eda CONCEDE. \u00a0\u00a0<\/p>\n<p>T-300690 \u00a0 \u00a0 \u00a0 \u00a0 \u00a0 \u00a0 \u00a0 \u00a0 \u00a0 \u00a0\u00a0<\/p>\n<p>Julio Cesar L\u00f3pez Salazar \u00a0 \u00a0 \u00a0 \u00a0 \u00a0 \u00a0 \u00a0 \u00a0 \u00a0 \u00a0\u00a0<\/p>\n<p>Juzg. Promiscuo Municipal de Granada Antioqu\u00eda CONCEDE \u00a0 \u00a0 \u00a0 \u00a0 \u00a0 \u00a0 \u00a0 \u00a0 \u00a0 \u00a0\u00a0<\/p>\n<p>Juzg. Civil del Circuito de El Santuario Antioqu\u00eda CONCEDE. \u00a0\u00a0<\/p>\n<p>T-300691 \u00a0 \u00a0 \u00a0 \u00a0 \u00a0 \u00a0 \u00a0 \u00a0 \u00a0 \u00a0\u00a0<\/p>\n<p>Ram\u00f3n de Jes\u00fas Yepes Giraldo \u00a0 \u00a0 \u00a0 \u00a0 \u00a0 \u00a0 \u00a0 \u00a0 \u00a0 \u00a0\u00a0<\/p>\n<p>Juzg. Promiscuo Municipal de Granada Antioqu\u00eda CONCEDE \u00a0 \u00a0 \u00a0 \u00a0 \u00a0 \u00a0 \u00a0 \u00a0 \u00a0 \u00a0\u00a0<\/p>\n<p>Juzg. Civil del Circuito de El Santuario Antioqu\u00eda CONCEDE \u00a0\u00a0<\/p>\n<p>T-300811 \u00a0 \u00a0 \u00a0 \u00a0 \u00a0 \u00a0 \u00a0 \u00a0 \u00a0 \u00a0\u00a0<\/p>\n<p>Juzg. 10\u00ba Civil Municipal de Medell\u00edn DENIEGA \u00a0 \u00a0 \u00a0 \u00a0 \u00a0 \u00a0 \u00a0 \u00a0 \u00a0 \u00a0\u00a0<\/p>\n<p>Juzg. 1\u00ba Civil del Circuito de Medell\u00edn CONCEDE. \u00a0\u00a0<\/p>\n<p>T-300943 \u00a0 \u00a0 \u00a0 \u00a0 \u00a0 \u00a0 \u00a0 \u00a0 \u00a0 \u00a0\u00a0<\/p>\n<p>Blanca Oliva Ram\u00edrez G\u00f3mez \u00a0 \u00a0 \u00a0 \u00a0 \u00a0 \u00a0 \u00a0 \u00a0 \u00a0 \u00a0\u00a0<\/p>\n<p>Juzg. 1\u00ba Promiscuo Municipal El Santuario Antioqu\u00eda CONCEDE \u00a0 \u00a0 \u00a0 \u00a0 \u00a0 \u00a0 \u00a0 \u00a0 \u00a0 \u00a0\u00a0<\/p>\n<p>Juzg. Civil del Circuito de El Santuario Antioqu\u00eda CONCEDE \u00a0\u00a0<\/p>\n<p>T-300944 \u00a0 \u00a0 \u00a0 \u00a0 \u00a0 \u00a0 \u00a0 \u00a0 \u00a0 \u00a0\u00a0<\/p>\n<p>Luz Elena Salazar Jim\u00e9nez\u00a0 \u00a0 \u00a0 \u00a0 \u00a0 \u00a0 \u00a0 \u00a0 \u00a0 \u00a0 \u00a0\u00a0<\/p>\n<p>Juzg. 1\u00ba Promiscuo Municipal El Santuario Antioqu\u00eda CONCEDE \u00a0 \u00a0 \u00a0 \u00a0 \u00a0 \u00a0 \u00a0 \u00a0 \u00a0 \u00a0\u00a0<\/p>\n<p>Juzg. Civil del Circuito de El Santuario Antioqu\u00eda CONCEDE \u00a0\u00a0<\/p>\n<p>T-300945 \u00a0 \u00a0 \u00a0 \u00a0 \u00a0 \u00a0 \u00a0 \u00a0 \u00a0 \u00a0\u00a0<\/p>\n<p>Ana Gabriela Gonz\u00e1lez Hoyos \u00a0 \u00a0 \u00a0 \u00a0 \u00a0 \u00a0 \u00a0 \u00a0 \u00a0 \u00a0\u00a0<\/p>\n<p>Juzg. 1\u00ba Promiscuo Municipal El Santuario Antioqu\u00eda CONCEDE \u00a0 \u00a0 \u00a0 \u00a0 \u00a0 \u00a0 \u00a0 \u00a0 \u00a0 \u00a0\u00a0<\/p>\n<p>Juzg. Civil del Circuito de El Santuario Antioqu\u00eda CONCEDE \u00a0\u00a0<\/p>\n<p>T-300946 \u00a0 \u00a0 \u00a0 \u00a0 \u00a0 \u00a0 \u00a0 \u00a0 \u00a0 \u00a0\u00a0<\/p>\n<p>Mar\u00eda Ofelia G\u00f3mez Botero \u00a0 \u00a0 \u00a0 \u00a0 \u00a0 \u00a0 \u00a0 \u00a0 \u00a0 \u00a0\u00a0<\/p>\n<p>Juzg. 1\u00ba Promiscuo Municipal El Santuario Antioqu\u00eda CONCEDE \u00a0 \u00a0 \u00a0 \u00a0 \u00a0 \u00a0 \u00a0 \u00a0 \u00a0 \u00a0\u00a0<\/p>\n<p>Juzg. Civil del Circuito de El Santuario Antioqu\u00eda CONCEDE \u00a0\u00a0<\/p>\n<p>T-300947 \u00a0 \u00a0 \u00a0 \u00a0 \u00a0 \u00a0 \u00a0 \u00a0 \u00a0 \u00a0\u00a0<\/p>\n<p>Olga Oliva Ram\u00edrez Duque \u00a0 \u00a0 \u00a0 \u00a0 \u00a0 \u00a0 \u00a0 \u00a0 \u00a0 \u00a0\u00a0<\/p>\n<p>Juzg. 1\u00ba Promiscuo Municipal El Santuario Antioqu\u00eda CONCEDE \u00a0 \u00a0 \u00a0 \u00a0 \u00a0 \u00a0 \u00a0 \u00a0 \u00a0 \u00a0\u00a0<\/p>\n<p>Juzg. Civil del Circuito de El Santuario Antioqu\u00eda CONCEDE \u00a0\u00a0<\/p>\n<p>T-300948 \u00a0 \u00a0 \u00a0 \u00a0 \u00a0 \u00a0 \u00a0 \u00a0 \u00a0 \u00a0\u00a0<\/p>\n<p>Gloria Amparo Aristizabal Salazar \u00a0 \u00a0 \u00a0 \u00a0 \u00a0 \u00a0 \u00a0 \u00a0 \u00a0 \u00a0\u00a0<\/p>\n<p>Juzg. 2\u00ba Promiscuo Municipal El Santuario Antioqu\u00eda CONCEDE \u00a0 \u00a0 \u00a0 \u00a0 \u00a0 \u00a0 \u00a0 \u00a0 \u00a0 \u00a0\u00a0<\/p>\n<p>Juzg. Civil del Circuito de El Santuario Antioqu\u00eda CONCEDE \u00a0\u00a0<\/p>\n<p>T-300949 \u00a0 \u00a0 \u00a0 \u00a0 \u00a0 \u00a0 \u00a0 \u00a0 \u00a0 \u00a0\u00a0<\/p>\n<p>Mar\u00eda Carolina Aristizabal Duque \u00a0 \u00a0 \u00a0 \u00a0 \u00a0 \u00a0 \u00a0 \u00a0 \u00a0 \u00a0\u00a0<\/p>\n<p>Juzg. 2\u00ba Promiscuo Municipal El Santuario Antioqu\u00eda CONCEDE \u00a0 \u00a0 \u00a0 \u00a0 \u00a0 \u00a0 \u00a0 \u00a0 \u00a0 \u00a0\u00a0<\/p>\n<p>Juzg. Civil del Circuito de El Santuario Antioqu\u00eda CONCEDE \u00a0\u00a0<\/p>\n<p>T-300950 \u00a0 \u00a0 \u00a0 \u00a0 \u00a0 \u00a0 \u00a0 \u00a0 \u00a0 \u00a0\u00a0<\/p>\n<p>Mar\u00eda Nelly Zuluaga S. \u00a0 \u00a0 \u00a0 \u00a0 \u00a0 \u00a0 \u00a0 \u00a0 \u00a0 \u00a0\u00a0<\/p>\n<p>Juzg. 2\u00ba Promiscuo Municipal El Santuario Antioqu\u00eda CONCEDE \u00a0 \u00a0 \u00a0 \u00a0 \u00a0 \u00a0 \u00a0 \u00a0 \u00a0 \u00a0\u00a0<\/p>\n<p>Juzg. Civil del Circuito de El Santuario Antioqu\u00eda CONCEDE \u00a0\u00a0<\/p>\n<p>T-301187 \u00a0 \u00a0 \u00a0 \u00a0 \u00a0 \u00a0 \u00a0 \u00a0 \u00a0 \u00a0\u00a0<\/p>\n<p>Blanca Margarita Botero Ram\u00edrez \u00a0 \u00a0 \u00a0 \u00a0 \u00a0 \u00a0 \u00a0 \u00a0 \u00a0 \u00a0\u00a0<\/p>\n<p>Juzg. 2\u00ba Promiscuo Municipal El Santuario Antioqu\u00eda CONCEDE \u00a0 \u00a0 \u00a0 \u00a0 \u00a0 \u00a0 \u00a0 \u00a0 \u00a0 \u00a0\u00a0<\/p>\n<p>Juzg. Penal del Circuito de El Santuario Antioqu\u00eda CONCEDE \u00a0\u00a0<\/p>\n<p>Martha Nelly Vergara Quintero \u00a0 \u00a0 \u00a0 \u00a0 \u00a0 \u00a0 \u00a0 \u00a0 \u00a0 \u00a0\u00a0<\/p>\n<p>Juzg. \u00a0Promiscuo Municipal de Granada \u00a0Antioqu\u00eda CONCEDE \u00a0 \u00a0 \u00a0 \u00a0 \u00a0 \u00a0 \u00a0 \u00a0 \u00a0 \u00a0\u00a0<\/p>\n<p>Juzg. Penal del Circuito de El Santuario Antioqu\u00eda CONCEDE \u00a0\u00a0<\/p>\n<p>T-301249 \u00a0 \u00a0 \u00a0 \u00a0 \u00a0 \u00a0 \u00a0 \u00a0 \u00a0 \u00a0\u00a0<\/p>\n<p>Julio Cesar Giraldo Hoyos \u00a0 \u00a0 \u00a0 \u00a0 \u00a0 \u00a0 \u00a0 \u00a0 \u00a0 \u00a0\u00a0<\/p>\n<p>Juzg. Promiscuo Municipal de Granada Antioqu\u00eda CONCEDE \u00a0 \u00a0 \u00a0 \u00a0 \u00a0 \u00a0 \u00a0 \u00a0 \u00a0 \u00a0\u00a0<\/p>\n<p>Juzg. Penal del Circuito de El Santuario Antioqu\u00eda CONCEDE \u00a0\u00a0<\/p>\n<p>T-301250 \u00a0 \u00a0 \u00a0 \u00a0 \u00a0 \u00a0 \u00a0 \u00a0 \u00a0 \u00a0\u00a0<\/p>\n<p>Mar\u00eda Fanny Giraldo L\u00f3pez \u00a0 \u00a0 \u00a0 \u00a0 \u00a0 \u00a0 \u00a0 \u00a0 \u00a0 \u00a0\u00a0<\/p>\n<p>Juzg. Promiscuo Municipal de Granada Antioqu\u00eda CONCEDE \u00a0 \u00a0 \u00a0 \u00a0 \u00a0 \u00a0 \u00a0 \u00a0 \u00a0 \u00a0\u00a0<\/p>\n<p>Juzg. Penal del Circuito de El Santuario Antioqu\u00eda CONCEDE \u00a0\u00a0<\/p>\n<p>T-301251 \u00a0 \u00a0 \u00a0 \u00a0 \u00a0 \u00a0 \u00a0 \u00a0 \u00a0 \u00a0\u00a0<\/p>\n<p>Blanca Ligia Posso L\u00f3pez \u00a0 \u00a0 \u00a0 \u00a0 \u00a0 \u00a0 \u00a0 \u00a0 \u00a0 \u00a0\u00a0<\/p>\n<p>Juzg. Promiscuo Municipal de Granada Antioqu\u00eda CONCEDE \u00a0 \u00a0 \u00a0 \u00a0 \u00a0 \u00a0 \u00a0 \u00a0 \u00a0 \u00a0\u00a0<\/p>\n<p>Juzg. Penal del Circuito de El Santuario Antioqu\u00eda CONCEDE \u00a0\u00a0<\/p>\n<p>T-301252 \u00a0 \u00a0 \u00a0 \u00a0 \u00a0 \u00a0 \u00a0 \u00a0 \u00a0 \u00a0\u00a0<\/p>\n<p>Luis Fernando Rojas Sep\u00falveda. \u00a0 \u00a0 \u00a0 \u00a0 \u00a0 \u00a0 \u00a0 \u00a0 \u00a0 \u00a0\u00a0<\/p>\n<p>Juzg. Promiscuo Municipal de Granada Antioqu\u00eda CONCEDE \u00a0 \u00a0 \u00a0 \u00a0 \u00a0 \u00a0 \u00a0 \u00a0 \u00a0 \u00a0\u00a0<\/p>\n<p>Juzg. Penal del Circuito de El Santuario Antioqu\u00eda CONCEDE \u00a0\u00a0<\/p>\n<p>T-301253 \u00a0 \u00a0 \u00a0 \u00a0 \u00a0 \u00a0 \u00a0 \u00a0 \u00a0 \u00a0\u00a0<\/p>\n<p>Miguel Enoc Palacios Palacios. \u00a0 \u00a0 \u00a0 \u00a0 \u00a0 \u00a0 \u00a0 \u00a0 \u00a0 \u00a0\u00a0<\/p>\n<p>Juzg. 2\u00ba Promiscuo Municipal El Santuario Antioqu\u00eda CONCEDE \u00a0 \u00a0 \u00a0 \u00a0 \u00a0 \u00a0 \u00a0 \u00a0 \u00a0 \u00a0\u00a0<\/p>\n<p>Juzg. Penal del Circuito de El Santuario Antioqu\u00eda CONCEDE \u00a0\u00a0<\/p>\n<p>T-301254 \u00a0 \u00a0 \u00a0 \u00a0 \u00a0 \u00a0 \u00a0 \u00a0 \u00a0 \u00a0\u00a0<\/p>\n<p>Ana Deyanira G\u00f3mez Alzate \u00a0 \u00a0 \u00a0 \u00a0 \u00a0 \u00a0 \u00a0 \u00a0 \u00a0 \u00a0\u00a0<\/p>\n<p>Juzg. 2\u00ba Promiscuo Municipal El Santuario Antioqu\u00eda CONCEDE \u00a0 \u00a0 \u00a0 \u00a0 \u00a0 \u00a0 \u00a0 \u00a0 \u00a0 \u00a0\u00a0<\/p>\n<p>Juzg. Penal del Circuito de El Santuario Antioqu\u00eda CONCEDE \u00a0\u00a0<\/p>\n<p>T-301255 \u00a0 \u00a0 \u00a0 \u00a0 \u00a0 \u00a0 \u00a0 \u00a0 \u00a0 \u00a0\u00a0<\/p>\n<p>Mar\u00eda Roc\u00edo Suarez Salazar \u00a0 \u00a0 \u00a0 \u00a0 \u00a0 \u00a0 \u00a0 \u00a0 \u00a0 \u00a0\u00a0<\/p>\n<p>Juzg. Promiscuo Municipal de Granada Antioqu\u00eda CONCEDE \u00a0 \u00a0 \u00a0 \u00a0 \u00a0 \u00a0 \u00a0 \u00a0 \u00a0 \u00a0\u00a0<\/p>\n<p>Juzg. Penal del Circuito de El Santuario Antioqu\u00eda CONCEDE \u00a0<\/p>\n<p>T-301256 \u00a0 \u00a0 \u00a0 \u00a0 \u00a0 \u00a0 \u00a0 \u00a0 \u00a0 \u00a0\u00a0<\/p>\n<p>Gildardo de Jes\u00fas Tamayo Giraldo \u00a0 \u00a0 \u00a0 \u00a0 \u00a0 \u00a0 \u00a0 \u00a0 \u00a0 \u00a0\u00a0<\/p>\n<p>Juzg. Promiscuo Municipal de Granada \u00a0Antioqu\u00eda CONCEDE \u00a0 \u00a0 \u00a0 \u00a0 \u00a0 \u00a0 \u00a0 \u00a0 \u00a0 \u00a0\u00a0<\/p>\n<p>Juzg. Penal del Circuito de El Santuario Antioqu\u00eda CONCEDE \u00a0\u00a0<\/p>\n<p>T-301257 \u00a0 \u00a0 \u00a0 \u00a0 \u00a0 \u00a0 \u00a0 \u00a0 \u00a0 \u00a0\u00a0<\/p>\n<p>Luis Hern\u00e1n G\u00f3mez G\u00f3mez \u00a0 \u00a0 \u00a0 \u00a0 \u00a0 \u00a0 \u00a0 \u00a0 \u00a0 \u00a0\u00a0<\/p>\n<p>Juzg. Promiscuo Municipal de Granada \u00a0Antioqu\u00eda CONCEDE \u00a0 \u00a0 \u00a0 \u00a0 \u00a0 \u00a0 \u00a0 \u00a0 \u00a0 \u00a0\u00a0<\/p>\n<p>Juzg. Penal del Circuito de El Santuario Antioqu\u00eda CONCEDE \u00a0\u00a0<\/p>\n<p>T-301258 \u00a0 \u00a0 \u00a0 \u00a0 \u00a0 \u00a0 \u00a0 \u00a0 \u00a0 \u00a0\u00a0<\/p>\n<p>Jes\u00fas Mar\u00eda G\u00f3mez G\u00f3mez \u00a0 \u00a0 \u00a0 \u00a0 \u00a0 \u00a0 \u00a0 \u00a0 \u00a0 \u00a0\u00a0<\/p>\n<p>Juzg. Promiscuo Municipal de Granada Antioqu\u00eda CONCEDE \u00a0 \u00a0 \u00a0 \u00a0 \u00a0 \u00a0 \u00a0 \u00a0 \u00a0 \u00a0\u00a0<\/p>\n<p>Juzg. Penal del Circuito de El Santuario Antioqu\u00eda CONCEDE \u00a0\u00a0<\/p>\n<p>T-301313 \u00a0 \u00a0 \u00a0 \u00a0 \u00a0 \u00a0 \u00a0 \u00a0 \u00a0 \u00a0\u00a0<\/p>\n<p>Olga Amparo Baena R\u00edos \u00a0 \u00a0 \u00a0 \u00a0 \u00a0 \u00a0 \u00a0 \u00a0 \u00a0 \u00a0\u00a0<\/p>\n<p>Juzg. 25 Penal Municipal de Medell\u00edn CONCEDE \u00a0 \u00a0 \u00a0 \u00a0 \u00a0 \u00a0 \u00a0 \u00a0 \u00a0 \u00a0\u00a0<\/p>\n<p>Juzg. 23 Penal del Circuito de Medell\u00edn CONCEDE. \u00a0\u00a0<\/p>\n<p>T-301314 \u00a0 \u00a0 \u00a0 \u00a0 \u00a0 \u00a0 \u00a0 \u00a0 \u00a0 \u00a0\u00a0<\/p>\n<p>Juzg. 23 Penal Municipal de Medell\u00edn DENIEGA \u00a0 \u00a0 \u00a0 \u00a0 \u00a0 \u00a0 \u00a0 \u00a0 \u00a0 \u00a0\u00a0<\/p>\n<p>Juzg. 23 Penal del Circuito de Medell\u00edn CONCEDE. \u00a0\u00a0<\/p>\n<p>T-301822 \u00a0 \u00a0 \u00a0 \u00a0 \u00a0 \u00a0 \u00a0 \u00a0 \u00a0 \u00a0\u00a0<\/p>\n<p>Josefina Mar\u00edn de Benitez \u00a0 \u00a0 \u00a0 \u00a0 \u00a0 \u00a0 \u00a0 \u00a0 \u00a0 \u00a0\u00a0<\/p>\n<p>Juzg. 7 Penal Municipal de Medell\u00edn CONCEDE \u00a0 \u00a0 \u00a0 \u00a0 \u00a0 \u00a0 \u00a0 \u00a0 \u00a0 \u00a0\u00a0<\/p>\n<p>Juzg. 14 Penal del Circuito de Medell\u00edn CONCEDE. \u00a0\u00a0<\/p>\n<p>T-301933 \u00a0 \u00a0 \u00a0 \u00a0 \u00a0 \u00a0 \u00a0 \u00a0 \u00a0 \u00a0\u00a0<\/p>\n<p>Mar\u00eda Oliva Correa D\u00edaz \u00a0 \u00a0 \u00a0 \u00a0 \u00a0 \u00a0 \u00a0 \u00a0 \u00a0 \u00a0\u00a0<\/p>\n<p>Juzg. 9 Penal Municipal de Medell\u00edn CONCEDE \u00a0\u00a0<\/p>\n<p>T-301987 \u00a0 \u00a0 \u00a0 \u00a0 \u00a0 \u00a0 \u00a0 \u00a0 \u00a0 \u00a0\u00a0<\/p>\n<p>Mar\u00eda Eugenia Suaza Vergara. \u00a0 \u00a0 \u00a0 \u00a0 \u00a0 \u00a0 \u00a0 \u00a0 \u00a0 \u00a0\u00a0<\/p>\n<p>Juzg. 21 Penal Municipal de Medell\u00edn CONCEDE \u00a0 \u00a0 \u00a0 \u00a0 \u00a0 \u00a0 \u00a0 \u00a0 \u00a0 \u00a0\u00a0<\/p>\n<p>Juzg. 1\u00ba \u00a0Penal del Circuito de Medell\u00edn CONCEDE. \u00a0\u00a0<\/p>\n<p>T-302759 \u00a0 \u00a0\u00a0<\/p>\n<p>\u00a0 \u00a0\u00a0 \u00a0 \u00a0 \u00a0 \u00a0 \u00a0 \u00a0 \u00a0 \u00a0\u00a0<\/p>\n<p>Patricia Villegas Ossa y otra. \u00a0 \u00a0 \u00a0 \u00a0 \u00a0 \u00a0 \u00a0 \u00a0 \u00a0 \u00a0\u00a0<\/p>\n<p>Juzg. 41 Penal Municipal de Medell\u00edn DENIEGA \u00a0 \u00a0 \u00a0 \u00a0 \u00a0 \u00a0 \u00a0 \u00a0 \u00a0 \u00a0\u00a0<\/p>\n<p>Juzg. 1\u00ba Penal del Circuito de Medell\u00edn CONCEDE. \u00a0\u00a0<\/p>\n<p>T-302761 \u00a0 \u00a0 \u00a0 \u00a0 \u00a0 \u00a0 \u00a0 \u00a0 \u00a0 \u00a0\u00a0<\/p>\n<p>Mar\u00eda Victoria Vel\u00e1zquez Botero \u00a0 \u00a0 \u00a0 \u00a0 \u00a0 \u00a0 \u00a0 \u00a0 \u00a0 \u00a0\u00a0<\/p>\n<p>Juzg. 27 Penal Municipal de Medell\u00edn DENIEGA \u00a0 \u00a0 \u00a0 \u00a0 \u00a0 \u00a0 \u00a0 \u00a0 \u00a0 \u00a0\u00a0<\/p>\n<p>Juzg. 1\u00ba Penal del Circuito de Medell\u00edn CONCEDE. \u00a0\u00a0<\/p>\n<p>T-302767 \u00a0 \u00a0 \u00a0 \u00a0 \u00a0 \u00a0 \u00a0 \u00a0 \u00a0 \u00a0\u00a0<\/p>\n<p>Juzg. 36 Penal Municipal de Medell\u00edn DENIEGA \u00a0 \u00a0 \u00a0 \u00a0 \u00a0 \u00a0 \u00a0 \u00a0 \u00a0 \u00a0\u00a0<\/p>\n<p>Juzg. 1\u00ba Penal del Circuito de Medell\u00edn CONCEDE. \u00a0\u00a0<\/p>\n<p>T-302885 \u00a0 \u00a0 \u00a0 \u00a0 \u00a0 \u00a0 \u00a0 \u00a0 \u00a0 \u00a0\u00a0<\/p>\n<p>Edilma del Socorro G\u00f3mez Vallejo. \u00a0 \u00a0 \u00a0 \u00a0 \u00a0 \u00a0 \u00a0 \u00a0 \u00a0 \u00a0\u00a0<\/p>\n<p>Juzg. 21 Penal Municipal de Medell\u00edn CONCEDE. \u00a0 \u00a0 \u00a0 \u00a0 \u00a0 \u00a0 \u00a0 \u00a0 \u00a0 \u00a0\u00a0<\/p>\n<p>Juzg. 1\u00ba Penal del Circuito de Medell\u00edn CONCEDE. \u00a0\u00a0<\/p>\n<p>T-303160 \u00a0 \u00a0 \u00a0 \u00a0 \u00a0 \u00a0 \u00a0 \u00a0 \u00a0 \u00a0\u00a0<\/p>\n<p>Irma Doris Osorio R. y otras.\u00a0 \u00a0 \u00a0 \u00a0 \u00a0 \u00a0 \u00a0 \u00a0 \u00a0 \u00a0 \u00a0\u00a0<\/p>\n<p>Juzg. 18 Civil Municipal de Medell\u00edn CONCEDE. \u00a0 \u00a0 \u00a0 \u00a0 \u00a0 \u00a0 \u00a0 \u00a0 \u00a0 \u00a0\u00a0<\/p>\n<p>Juzg. 2\u00ba Civil del Circuito de Medell\u00edn CONCEDE. \u00a0<\/p>\n<p>T-303214 \u00a0 \u00a0 \u00a0 \u00a0 \u00a0 \u00a0 \u00a0 \u00a0 \u00a0 \u00a0\u00a0<\/p>\n<p>Refugio Elena David Sanmiguel. \u00a0 \u00a0 \u00a0 \u00a0 \u00a0 \u00a0 \u00a0 \u00a0 \u00a0 \u00a0\u00a0<\/p>\n<p>Juzg. 23 Civil Municipal de Medell\u00edn CONCEDE. \u00a0\u00a0<\/p>\n<p>T-303716 \u00a0 \u00a0 \u00a0 \u00a0 \u00a0 \u00a0 \u00a0 \u00a0 \u00a0 \u00a0\u00a0<\/p>\n<p>Berta Nohemy Giraldo Duque \u00a0 \u00a0 \u00a0 \u00a0 \u00a0 \u00a0 \u00a0 \u00a0 \u00a0 \u00a0\u00a0<\/p>\n<p>Juzg. 25 Penal Municipal de Medell\u00edn CONCEDE. \u00a0 \u00a0 \u00a0 \u00a0 \u00a0 \u00a0 \u00a0 \u00a0 \u00a0 \u00a0\u00a0<\/p>\n<p>Juzg. 21 Penal del Circuito de Medell\u00edn CONCEDE. \u00a0\u00a0<\/p>\n<p>T-304424 \u00a0 \u00a0 \u00a0 \u00a0 \u00a0 \u00a0 \u00a0 \u00a0 \u00a0 \u00a0\u00a0<\/p>\n<p>Augusto Javier Moreno Mej\u00eda \u00a0 \u00a0 \u00a0 \u00a0 \u00a0 \u00a0 \u00a0 \u00a0 \u00a0 \u00a0\u00a0<\/p>\n<p>Juzg. 9 Civil Municipal de Medell\u00edn CONCEDE. \u00a0 \u00a0 \u00a0 \u00a0 \u00a0 \u00a0 \u00a0 \u00a0 \u00a0 \u00a0\u00a0<\/p>\n<p>Juzg. 17 Civil del Circuito de Medell\u00edn CONCEDE. \u00a0\u00a0<\/p>\n<p>T-304427 \u00a0 \u00a0\u00a0<\/p>\n<p>\u00a0 \u00a0\u00a0 \u00a0 \u00a0 \u00a0 \u00a0 \u00a0 \u00a0 \u00a0 \u00a0\u00a0<\/p>\n<p>Mar\u00eda Camila Garc\u00eda de Lemus \u00a0 \u00a0 \u00a0 \u00a0 \u00a0 \u00a0 \u00a0 \u00a0 \u00a0 \u00a0\u00a0<\/p>\n<p>Juzg. 6 Civil Municipal de Medell\u00edn CONCEDE. \u00a0 \u00a0 \u00a0 \u00a0 \u00a0 \u00a0 \u00a0 \u00a0 \u00a0 \u00a0\u00a0<\/p>\n<p>Juzg. 17 Civil del Circuito de Medell\u00edn CONCEDE. \u00a0\u00a0<\/p>\n<p>T-305937 \u00a0 \u00a0\u00a0<\/p>\n<p>\u00a0 \u00a0\u00a0 \u00a0 \u00a0 \u00a0 \u00a0 \u00a0 \u00a0 \u00a0 \u00a0\u00a0<\/p>\n<p>Luz Amparo Zapata Agudelo \u00a0 \u00a0 \u00a0 \u00a0 \u00a0 \u00a0 \u00a0 \u00a0 \u00a0 \u00a0\u00a0<\/p>\n<p>Juzg. 6 Civil Municipal de Medell\u00edn CONCEDE. \u00a0 \u00a0 \u00a0 \u00a0 \u00a0 \u00a0 \u00a0 \u00a0 \u00a0 \u00a0\u00a0<\/p>\n<p>Juzg. 8 Civil del Circuito de Medell\u00edn CONCEDE. \u00a0\u00a0<\/p>\n<p>T-307745 \u00a0 \u00a0 \u00a0 \u00a0 \u00a0 \u00a0 \u00a0 \u00a0 \u00a0 \u00a0\u00a0<\/p>\n<p>Virginia del Socorro Ceballos Sosa. \u00a0 \u00a0 \u00a0 \u00a0 \u00a0 \u00a0 \u00a0 \u00a0 \u00a0 \u00a0\u00a0<\/p>\n<p>Juzg. 11 Penal \u00a0Municipal de Medell\u00edn DENIEGA. \u00a0 \u00a0 \u00a0 \u00a0 \u00a0 \u00a0 \u00a0 \u00a0 \u00a0 \u00a0\u00a0<\/p>\n<p>Juzg. 15 Penal del Circuito de Medell\u00edn CONCEDE. \u00a0\u00a0<\/p>\n<p>T-307949 \u00a0 \u00a0 \u00a0 \u00a0 \u00a0 \u00a0 \u00a0 \u00a0 \u00a0 \u00a0\u00a0<\/p>\n<p>Dora G\u00f3mez Jim\u00e9nez \u00a0 \u00a0 \u00a0 \u00a0 \u00a0 \u00a0 \u00a0 \u00a0 \u00a0 \u00a0\u00a0<\/p>\n<p>Juzg. Promiscuo Municipal de Granada Antioqu\u00eda CONCEDE \u00a0 \u00a0 \u00a0 \u00a0 \u00a0 \u00a0 \u00a0 \u00a0 \u00a0 \u00a0\u00a0<\/p>\n<p>Juzg. Penal del Circuito de El Santuario Antioqu\u00eda CONCEDE. \u00a0\u00a0<\/p>\n<p>Mar\u00eda Leticia Aristizabal\u00a0 \u00a0 \u00a0 \u00a0 \u00a0 \u00a0 \u00a0 \u00a0 \u00a0 \u00a0 \u00a0\u00a0<\/p>\n<p>Juzg. Promiscuo Municipal de Granada Antioqu\u00eda CONCEDE \u00a0 \u00a0 \u00a0 \u00a0 \u00a0 \u00a0 \u00a0 \u00a0 \u00a0 \u00a0\u00a0<\/p>\n<p>Juzg. Penal del Circuito de El Santuario Antioqu\u00eda CONCEDE. \u00a0\u00a0<\/p>\n<p>T-307951 \u00a0 \u00a0 \u00a0 \u00a0 \u00a0 \u00a0 \u00a0 \u00a0 \u00a0 \u00a0\u00a0<\/p>\n<p>Mar\u00eda Graciela Quintero Hoyos\u00a0 \u00a0 \u00a0 \u00a0 \u00a0 \u00a0 \u00a0 \u00a0 \u00a0 \u00a0 \u00a0\u00a0<\/p>\n<p>Juzg. Promiscuo Municipal de Granada Antioqu\u00eda CONCEDE \u00a0\u00a0<\/p>\n<p>T-307952 \u00a0 \u00a0 \u00a0 \u00a0 \u00a0 \u00a0 \u00a0 \u00a0 \u00a0 \u00a0\u00a0<\/p>\n<p>Mar\u00eda Amparo Giraldo Salazar \u00a0 \u00a0 \u00a0 \u00a0 \u00a0 \u00a0 \u00a0 \u00a0 \u00a0 \u00a0\u00a0<\/p>\n<p>Juzg. Promiscuo Municipal de Granada Antioqu\u00eda CONCEDE \u00a0\u00a0<\/p>\n<p>T-308262 \u00a0 \u00a0 \u00a0 \u00a0 \u00a0 \u00a0 \u00a0 \u00a0 \u00a0 \u00a0\u00a0<\/p>\n<p>Hilda Elena Valencia de Serna \u00a0 \u00a0 \u00a0 \u00a0 \u00a0 \u00a0 \u00a0 \u00a0 \u00a0 \u00a0\u00a0<\/p>\n<p>Juzg. 25 Penal Municipal de Medell\u00edn CONCEDE \u00a0 \u00a0 \u00a0 \u00a0 \u00a0 \u00a0 \u00a0 \u00a0 \u00a0 \u00a0\u00a0<\/p>\n<p>Juzg. 18 Penal del Circuito de Medell\u00edn DENIEGA. \u00a0\u00a0<\/p>\n<p>T-308336 \u00a0 \u00a0 \u00a0 \u00a0 \u00a0 \u00a0 \u00a0 \u00a0 \u00a0 \u00a0\u00a0<\/p>\n<p>Elida del Pilar Holguin Gaviria \u00a0 \u00a0 \u00a0 \u00a0 \u00a0 \u00a0 \u00a0 \u00a0 \u00a0 \u00a0\u00a0<\/p>\n<p>Juzg. 22 Civil \u00a0Municipal de Medell\u00edn CONCEDE \u00a0\u00a0<\/p>\n<p>T-308521 \u00a0 \u00a0 \u00a0 \u00a0 \u00a0 \u00a0 \u00a0 \u00a0 \u00a0 \u00a0\u00a0<\/p>\n<p>Gonzaga de Jes\u00fas Restrepo Ram\u00edrez \u00a0 \u00a0 \u00a0 \u00a0 \u00a0 \u00a0 \u00a0 \u00a0 \u00a0 \u00a0\u00a0<\/p>\n<p>Juzg. 6 Civil \u00a0Municipal de Medell\u00edn CONCEDE \u00a0 \u00a0 \u00a0 \u00a0 \u00a0 \u00a0 \u00a0 \u00a0 \u00a0 \u00a0\u00a0<\/p>\n<p>Juzg. 7 Civil del Circuito de Medell\u00edn CONCEDE. \u00a0\u00a0<\/p>\n<p>T-308886 \u00a0 \u00a0 \u00a0 \u00a0 \u00a0 \u00a0 \u00a0 \u00a0 \u00a0 \u00a0\u00a0<\/p>\n<p>G\u00famer de Jes\u00fas Gonz\u00e1lez G\u00f3mez y otro \u00a0 \u00a0 \u00a0 \u00a0 \u00a0 \u00a0 \u00a0 \u00a0 \u00a0 \u00a0\u00a0<\/p>\n<p>Juzg. 25 Penal del Circuito de Medell\u00edn DENIEGA \u00a0 \u00a0 \u00a0 \u00a0 \u00a0 \u00a0 \u00a0 \u00a0 \u00a0 \u00a0\u00a0<\/p>\n<p>Tribunal Superior de Medell\u00edn Sala Penal CONCEDE \u00a0(OJO) \u00a0\u00a0<\/p>\n<p>T-312478 \u00a0 \u00a0 \u00a0 \u00a0 \u00a0 \u00a0 \u00a0 \u00a0 \u00a0 \u00a0\u00a0<\/p>\n<p>Mar\u00eda Roc\u00edo Valencia Colorado y otros. \u00a0 \u00a0 \u00a0 \u00a0 \u00a0 \u00a0 \u00a0 \u00a0 \u00a0 \u00a0\u00a0<\/p>\n<p>Juzg. Promiscuo del Circuito de T\u00e1mesis Antioqu\u00eda \u00a0DENIEGA. \u00a0 \u00a0 \u00a0 \u00a0 \u00a0 \u00a0 \u00a0 \u00a0 \u00a0 \u00a0\u00a0<\/p>\n<p>Tribunal Superior de Antioqu\u00eda Sala Civil CONCEDE. \u00a0\u00a0<\/p>\n<p>T-312486 \u00a0 \u00a0 \u00a0 \u00a0 \u00a0 \u00a0 \u00a0 \u00a0 \u00a0 \u00a0\u00a0<\/p>\n<p>Mar\u00eda Lucila Arango Lopera \u00a0 \u00a0 \u00a0 \u00a0 \u00a0 \u00a0 \u00a0 \u00a0 \u00a0 \u00a0\u00a0<\/p>\n<p>Juzg. 16 Civil Municipal de Medell\u00edn DENIEGA \u00a0 \u00a0 \u00a0 \u00a0 \u00a0 \u00a0 \u00a0 \u00a0 \u00a0 \u00a0\u00a0<\/p>\n<p>Juzg. 8 Civil del Circuito de Medell\u00edn CONCEDE. \u00a0\u00a0<\/p>\n<p>T-314122 \u00a0 \u00a0 \u00a0 \u00a0 \u00a0 \u00a0 \u00a0 \u00a0 \u00a0 \u00a0\u00a0<\/p>\n<p>Leonila del Socorro Cano Mazo. \u00a0 \u00a0 \u00a0 \u00a0 \u00a0 \u00a0 \u00a0 \u00a0 \u00a0 \u00a0\u00a0<\/p>\n<p>Juzg. 12 Civil Municipal de Medell\u00edn DENIEGA \u00a0 \u00a0 \u00a0 \u00a0 \u00a0 \u00a0 \u00a0 \u00a0 \u00a0 \u00a0\u00a0<\/p>\n<p>Juzg. 17 Civil del Circuito de Medell\u00edn CONCEDE. \u00a0\u00a0<\/p>\n<p>T-314173 \u00a0 \u00a0 \u00a0 \u00a0 \u00a0 \u00a0 \u00a0 \u00a0 \u00a0 \u00a0\u00a0<\/p>\n<p>Regina Montoya Cifuentes \u00a0 \u00a0 \u00a0 \u00a0 \u00a0 \u00a0 \u00a0 \u00a0 \u00a0 \u00a0\u00a0<\/p>\n<p>Juzg. 17 Civil del Circuito de Medell\u00edn CONCEDE. \u00a0\u00a0<\/p>\n<p>T-317394 \u00a0 \u00a0 \u00a0 \u00a0 \u00a0 \u00a0 \u00a0 \u00a0 \u00a0 \u00a0\u00a0<\/p>\n<p>Nora Mar\u00eda Garc\u00eda Palomeque y otro. \u00a0 \u00a0 \u00a0 \u00a0 \u00a0 \u00a0 \u00a0 \u00a0 \u00a0 \u00a0\u00a0<\/p>\n<p>Juzg. Promiscuo Municipal de Murind\u00f3 Antioqu\u00eda. CONCEDE \u00a0<\/p>\n<p>\u00a0 \u00a0\u00a0<\/p>\n<p>1 M.P. Antonio Barrera Carbonell. \u00a0<\/p>\n<p>2 M.P. Carlos Gaviria D\u00edaz. \u00a0<\/p>\n<p>3 Se pueden consultar, entre otras, las sentencias: T-225 de 1993 M.P. Vladimiro Naranjo Mesa y T-125 de 1994. M.P. Jos\u00e9 Gregorio Hern\u00e1ndez Galindo. \u00a0<\/p>\n<p>4 Corte Constitucional Sentencia T-01 de 1997. M.P. Jos\u00e9 Gregorio Hern\u00e1ndez Galindo.\u00a0 \u00a0<\/p>\n<p>5 Sentencias T- 246 de \u00a01992; T- 366 de 1998, entre otras) \u00a0 \u00a0<\/p>\n<p><\/p>\n","protected":false},"excerpt":{"rendered":"<p>\u00a0 \u00a0 Sentencia T-851\/00 \u00a0 ACCION DE TUTELA-Procedencia excepcional pago de acreencias laborales \u00a0 DERECHO AL MINIMO VITAL DEL TRABAJADOR-No afectaci\u00f3n por no pago de primas complementarias de salario a educadores \u00a0 Referencia: expedientes \u00a0 T-291457, T-297679, T-297684, T-299207, T-300660, T-300661, T-300662, T-300663, T-300664, T-300665, T-300666, T-300667, T-300685, T-300686, T-300687, T-300688, T-300689, T-300690, T-300691, T-300811, [&hellip;]<\/p>\n","protected":false},"author":1,"featured_media":0,"comment_status":"open","ping_status":"open","sticky":false,"template":"","format":"standard","meta":{"footnotes":""},"categories":[39],"tags":[],"class_list":["post-6556","post","type-post","status-publish","format-standard","hentry","category-tutelas-2000"],"_links":{"self":[{"href":"https:\/\/www.dmsjuridica.com\/buscador_20179478954\/corteconstitucionalcronologico202454587\/wp-json\/wp\/v2\/posts\/6556","targetHints":{"allow":["GET"]}}],"collection":[{"href":"https:\/\/www.dmsjuridica.com\/buscador_20179478954\/corteconstitucionalcronologico202454587\/wp-json\/wp\/v2\/posts"}],"about":[{"href":"https:\/\/www.dmsjuridica.com\/buscador_20179478954\/corteconstitucionalcronologico202454587\/wp-json\/wp\/v2\/types\/post"}],"author":[{"embeddable":true,"href":"https:\/\/www.dmsjuridica.com\/buscador_20179478954\/corteconstitucionalcronologico202454587\/wp-json\/wp\/v2\/users\/1"}],"replies":[{"embeddable":true,"href":"https:\/\/www.dmsjuridica.com\/buscador_20179478954\/corteconstitucionalcronologico202454587\/wp-json\/wp\/v2\/comments?post=6556"}],"version-history":[{"count":0,"href":"https:\/\/www.dmsjuridica.com\/buscador_20179478954\/corteconstitucionalcronologico202454587\/wp-json\/wp\/v2\/posts\/6556\/revisions"}],"wp:attachment":[{"href":"https:\/\/www.dmsjuridica.com\/buscador_20179478954\/corteconstitucionalcronologico202454587\/wp-json\/wp\/v2\/media?parent=6556"}],"wp:term":[{"taxonomy":"category","embeddable":true,"href":"https:\/\/www.dmsjuridica.com\/buscador_20179478954\/corteconstitucionalcronologico202454587\/wp-json\/wp\/v2\/categories?post=6556"},{"taxonomy":"post_tag","embeddable":true,"href":"https:\/\/www.dmsjuridica.com\/buscador_20179478954\/corteconstitucionalcronologico202454587\/wp-json\/wp\/v2\/tags?post=6556"}],"curies":[{"name":"wp","href":"https:\/\/api.w.org\/{rel}","templated":true}]}}