{"id":7080,"date":"2024-05-31T14:35:31","date_gmt":"2024-05-31T14:35:31","guid":{"rendered":"https:\/\/www.dmsjuridica.com\/buscador_20179478954\/corteconstitucionalcronologico202454587\/2024\/05\/31\/t-031-01\/"},"modified":"2024-05-31T14:35:31","modified_gmt":"2024-05-31T14:35:31","slug":"t-031-01","status":"publish","type":"post","link":"https:\/\/www.dmsjuridica.com\/buscador_20179478954\/corteconstitucionalcronologico202454587\/t-031-01\/","title":{"rendered":"T-031-01"},"content":{"rendered":"\n<p>\u00a0 \u00a0 \u00a0 \u00a0 \u00a0 \u00a0 \u00a0 \u00a0 \u00a0 \u00a0 \u00a0<\/p>\n<p>Sentencia T-031\/01 \u00a0<\/p>\n<p>ACCION DE TUTELA-Naturaleza \u00a0<\/p>\n<p>JUEZ CONSTITUCIONAL-Improcedencia para sustituir a las autoridades en las competencias asignadas por la Constituci\u00f3n Pol\u00edtica \u00a0<\/p>\n<p>GOBIERNO NACIONAL-Formulaci\u00f3n anual del presupuesto y ley de apropiaciones\/JUEZ DE TUTELA-Imposibilidad de modificar presupuesto para incremento salarial de servidores p\u00fablicos \u00a0<\/p>\n<p>ACCION DE TUTELA COMO MECANISMO TRANSITORIO-Improcedencia incremento salarial para servidores p\u00fablicos \u00a0<\/p>\n<p>Referencia: expedientes T-364755 y otros \u00a0<\/p>\n<p>Accionantes: Maritza Estella Pab\u00f3n Casta\u00f1eda y otros \u00a0<\/p>\n<p>Magistrado Ponente:\u00a0 \u00a0<\/p>\n<p>Dr. ALEJANDRO MART\u00cdNEZ CABALLERO \u00a0<\/p>\n<p>La Sala Sexta de Revisi\u00f3n de la Corte Constitucional, integrada por los Magistrados doctores Alejandro Mart\u00ednez Caballero, Fabio Mor\u00f3n D\u00edaz y Cristina Pardo Schlesinger, en ejercicio de sus competencias constitucionales y legales, ha proferido la siguiente \u00a0<\/p>\n<p>SENTENCIA \u00a0<\/p>\n<p>En los procesos de revisi\u00f3n de los fallos dictados por numerosos jueces del pa\u00eds, dentro de las acciones de tutela instauradas por trabajadores del Estado &#8211; que se se\u00f1alar\u00e1n en cuadro en el texto de esta sentencia-, en contra de Presidencia de la Rep\u00fablica, Ministerio de Hacienda y Cr\u00e9dito P\u00fablico, el Ministerio de Educaci\u00f3n Nacional, el Departamento Administrativo de la Funci\u00f3n P\u00fablica, Asamblea de Boyac\u00e1, Gobernaci\u00f3n de Boyac\u00e1 y el Departamento Adminstrativo Nacional de la Econom\u00eda Solidaria. \u00a0<\/p>\n<p>El 27 de septiembre de 2000, la Sala Novena de Selecci\u00f3n de esta Corporaci\u00f3n decidi\u00f3 seleccionar para revisi\u00f3n y acumular entre s\u00ed los asuntos de la referencia. As\u00ed mismo, reparti\u00f3 a la Sala Sexta los expedientes acumulados para ser fallados en una misma sentencia.\u00a0 \u00a0<\/p>\n<p>I. ANTECEDENTES \u00a0<\/p>\n<p>\u00a0 \u00a0 \u00a0<\/p>\n<p>1. Hechos\u00a0 \u00a0 \u00a0<\/p>\n<p>&#8211; Si bien \u00a0la mayor\u00eda de acionantes laboran para los \u00a0departamentos de Magdalena, Tolima y Antioquia, estos no interpusieron la acci\u00f3n contra los respectivos gobiernos departamentales. \u00a0 \u00a0<\/p>\n<p>&#8211; Los actores, servidores p\u00fablicos, en su mayor\u00eda docentes, con excepci\u00f3n de tres que trabajan en la Rama Judicial, Departamento Adminstrativo de la Econom\u00eda Solidaria y la Secretar\u00eda de Agricultura de Boyac\u00e1 respectivamente, consideran que han sido discriminados por el gobierno nacional con la expedici\u00f3n del Decreto 182 de febrero 11 de 2000, el cual orden\u00f3 la congelaci\u00f3n integral a los salarios de los trabajadores que devengan entre dos y cuarenta salarios m\u00ednimos, en contraposici\u00f3n a otros servidores p\u00fablicos que si obtuvieron incremento salarial, as\u00ed: para los empleados cuya asignaci\u00f3n a enero de 2000 fue inferior a dos salarios m\u00ednimos, recibieron un aumento del nueve por ciento (9%) y, para otros funcionarios que devengan m\u00e1s de 40 salarios m\u00ednimos recibieron un reajuste del quince punto tres por ciento (15.3%), pese a la pol\u00edtica de ajuste fiscal que promovi\u00f3 el gobierno.\u00a0 \u00a0<\/p>\n<p>&#8211; A juicio de los distintos actores, la certificaci\u00f3n expedida por el Departamento Administrativo de Estad\u00edsticas DANE y el aumento del IPC, demuestran que la econom\u00eda en Colombia baj\u00f3 en 9.23%, porcentaje que resulta enga\u00f1oso frente al alza de todos los productos de la canasta familiar y otros items, que han sido incrementados en un 16%. Por ello, estiman el perjuicio en una disminuci\u00f3n del salario real en un 16%, por cuanto el gobierno ten\u00eda el deber de reconocer \u00a0a todos y cada uno de los empleados un reajuste en sus salarios, que le permitiese conservar el poder adquisitivo de \u00e9stos.\u00a0 \u00a0<\/p>\n<p>&#8211; Para reiterar sus pretensiones, los demandantes traen a colaci\u00f3n diferentes sentencias emitidas por la Corte Constitucional, que a su juicio, han referido a casos similares a los aqu\u00ed cuestionados, destacando las sentencias SU-519 de 1997 y la C-710 de 1999, referentes a que la remuneraci\u00f3n de los trabajadores debe ser m\u00f3vil y llamada a evolucionar proporcionalmente, de acuerdo con el aumento en el costo de la vida; y, agregan que el tiempo m\u00e1ximo de vigencia de cada r\u00e9gimen salarial, debe ir en aumento, al menos a\u00f1o por a\u00f1o, con el fin de resguardar a los trabajadores del negativo impacto que en sus ingresos laborales producen la p\u00e9rdida del poder adquisitivo y el encarecimiento del costo de vida en una econom\u00eda inflacionaria. \u00a0<\/p>\n<p>&#8211; Por \u00faltimo, los actores interponen la acci\u00f3n de tutela como el \u00fanico mecanismo judicial que existe en el ordenamiento jur\u00eddico \u00a0colombiano \u00a0para lograr el restablecimiento de los derechos que se dicen vulnerados y evitar perjuicios irremediables. \u00a0<\/p>\n<p>2. Las solicitudes \u00a0<\/p>\n<p>Por las razones expuestas, los accionantes consideran transgredidos sus derechos fundamentales a la igualdad (art\u00edculo 13), al salario digno y justo (art\u00edculo 25) m\u00f3vil y proporcional (art\u00edculo 53) y a la salud (art\u00edculo 49). En consecuencia solicitan a las entidades accionadas reajustar sus salarios con retroactividad al 1\u00ba de enero del a\u00f1o 2000, de conformidad con el \u00edndice de precios al consumidor causado a 31 de diciembre de 1999. \u00a0<\/p>\n<p>3. Intervenci\u00f3n de los accionados \u00a0<\/p>\n<p>3.1) El Director del Departamento Administrativo de la Funci\u00f3n P\u00fablica por medio de apoderado, intervino en la mayor\u00eda de acciones de la referencia, para solicitar que el juez constitucional se abstenga de tutelar el derecho invocado por los diferentes actores. Los aspectos centrales de la intervenci\u00f3n se resumen a continuaci\u00f3n: \u00a0<\/p>\n<p>La acci\u00f3n de tutela no es el medio id\u00f3neo para el caso en menci\u00f3n ya que existen otros mecanismos judiciales como puede ser la demanda de nulidad del decreto 182 del 11 de febrero de 2000 ante el Honorable Consejo de Estado. \u00a0<\/p>\n<p>No hubo violaci\u00f3n del derecho a la igualdad ya que existen circunstancias relievantes diferentes que a su vez ameritan un trato diferente. El interviniente cita las sentencias SC-221\/92 y T-422\/99 para sustentar su argumento. \u00a0<\/p>\n<p>No se viola el derecho a la vida y al trabajo en condiciones dignas y justas, ya que los demandantes pueden subsistir decorosamente con el \u00a0producto de su trabajo. Adem\u00e1s a aquellos empleados con condiciones mas desfavorables en t\u00e9rminos salariales, si se les aument\u00f3 el salario protegiendo as\u00ed los derechos en menci\u00f3n. \u00a0<\/p>\n<p>La modificaci\u00f3n del decreto mencionado no puede ser forzada por el mecanismo de la tutela, ya que en virtud de la potestad reglamentaria, es el Presidente de la Rep\u00fablica quien seg\u00fan los criterios de necesidad, conveniencia y oportunidad puede cambiarlo. \u00a0<\/p>\n<p>Reitera que esa decisi\u00f3n gubernamental fue tomada en virtud de la grave situaci\u00f3n fiscal que atraviesa el pa\u00eds y que de no ser as\u00ed, el gobierno nacional se ver\u00eda forzado a un recorte nominal y a una fusi\u00f3n de entidades. \u00a0<\/p>\n<p>3.2) El Ministro de Hacienda y Cr\u00e9dito P\u00fablico estando dentro del t\u00e9rmino legal, contest\u00f3 solicitando se nieguen las pretensiones de los accionantes y que se desvincule a este ministerio respecto de las pretensiones. Para el efecto adujo que la acci\u00f3n de tutela es improcedente. Expuso los siguientes argumentos: \u00a0<\/p>\n<p>Por mandato constitucional, la competencia para fijar los salarios de los servidores p\u00fablicos es compartida en cuanto a que el Gobierno debe sujetarse a los criterios establecidos por la ley Marco de salarios expedida por el Congreso, en este caso Ley 4 de 1992. \u00a0El art\u00edculo 2 de la misma ley, incluye la sujeci\u00f3n al marco de la pol\u00edtica macroecon\u00f3mica y fiscal en el momento que el Gobierno deba fijar el r\u00e9gimen salarial y prestacional. \u00a0<\/p>\n<p>En virtud del principio de la legalidad del gasto p\u00fablico, los gastos deben estar incorporados en la ley anual de presupuesto. De incurrirse en un gasto no incluido en esta ley, el funcionario estar\u00eda incurriendo en peculado por aplicaci\u00f3n oficial diferente. En el presupuesto del a\u00f1o 2000, el aumento salarial se fij\u00f3 teniendo en cuenta la disponibilidad de recursos y la coherencia macroecon\u00f3mica. \u00a0Con base en el mencionado presupuesto el Gobierno expidi\u00f3 el Decreto 182 de 2000. En este decreto si se realiz\u00f3 un aumento salarial pero focalizadamente favoreciendo a la poblaci\u00f3n m\u00e1s vulnerable y ajust\u00e1ndose a la dif\u00edcil situaci\u00f3n fiscal del pa\u00eds. \u00a0<\/p>\n<p>No existe violaci\u00f3n al principio de igualdad consagrado en la Constituci\u00f3n porque este autoriza un trato diferente a situaciones diferentes busc\u00e1ndose una justicia en el caso concreto. \u00a0Seg\u00fan el art\u00edculo 13 de la C.P., \u00a0el Estado Social de Derecho debe procurar una protecci\u00f3n especial a los m\u00e1s d\u00e9biles haciendo efectiva la igualdad material. En desarrollo de est\u00e9 art\u00edculo se realiz\u00f3 el aumento focalizado a aquellos servidores p\u00fablicos que devenguen menos de dos salarios m\u00ednimos. En este caso no se est\u00e1 realizando una discriminaci\u00f3n con los que devengan m\u00e1s de dos salarios m\u00ednimos, \u201csino una diferenciaci\u00f3n justificada y razonable.\u201d \u00a0<\/p>\n<p>No hay vulneraci\u00f3n del derecho al trabajo en cuanto a la conservaci\u00f3n del poder adquisitivo de l salario, ya que los accionantes reciben una remuneraci\u00f3n suficiente para garantizar una adecuada subsistencia a ellos y sus familias. \u00a0<\/p>\n<p>La decisi\u00f3n tomada por el Gobierno en la actual situaci\u00f3n econ\u00f3mica busca la protecci\u00f3n al trabajo ya que de no realizarse el aumento focalizado, el Gobierno se ver\u00eda obligado a realizar recorte de funcionarios y fusi\u00f3n de entidades estatales.\u00a0 \u00a0<\/p>\n<p>Los docentes han recibido un aumento salarial mayor que otros servidores p\u00fablicos en virtud del r\u00e9gimen especial de estos. El Estatuto Docente consagra la regulaci\u00f3n del aumento salarial de los profesores seg\u00fan el escalaf\u00f3n en que se encuentren. A mayor escalaf\u00f3n mayor salario. La movilidad de los maestros a los grados m\u00e1s altos del escalaf\u00f3n ha sido amplia; esto ha llevado a que comparativamente los maestros en comparaci\u00f3n con el sistema salarial general se encuentren en mejores condiciones. \u00a0<\/p>\n<p>3) El Ministerio de Educaci\u00f3n, estando dentro del t\u00e9rmino legal, contest\u00f3 solicitando se nieguen las pretensiones de los accionantes y que se desvincule a este ministerio respecto de las pretensiones. Para el efecto adujo que la acci\u00f3n de tutela es improcedente. Expuso los siguientes argumentos: \u00a0<\/p>\n<p>El Ministerio de Educaci\u00f3n no tiene la competencia para establecer el r\u00e9gimen y aumento de salarios de los servidores p\u00fablicos. \u00a0<\/p>\n<p>El gobierno nacional profiri\u00f3 el decreto No. 182 del 11 de febrero, de acuerdo con la situaci\u00f3n fiscal y econ\u00f3mica del pa\u00eds. Ah\u00ed se regul\u00f3, seg\u00fan sus competencias, el aumento salarial de los empleados p\u00fablicos. \u00a0<\/p>\n<p>No se determin\u00f3 el car\u00e1cter de los docentes ya que no se dijo si era nacionalizado, nacional, departamental o municipal y esto implica que no sea posible determinar si a los accionantes se les debe pagar con cargo al Situado Fiscal o con recursos propios de los Entes Territoriales. \u00a0<\/p>\n<p>4) La Secretar\u00eda Jur\u00eddica de la Presidencia de la Rep\u00fablica estando dentro del t\u00e9rmino legal, contest\u00f3 solicitando se nieguen las pretensiones de los accionantes. Para el efecto adujo que la acci\u00f3n de tutela es improcedente. Expuso los siguientes argumentos: \u00a0<\/p>\n<p>Al decretar un aumento salarial para todos los servidores p\u00fablicos, estar\u00eda contrariando las destinaciones presupuestales dispuestas por el congreso ya que la Ley del Presupuesto tiene que cubrir gastos de otras entidades y actividades del Estado. \u00a0<\/p>\n<p>El decreto 182 del 11 de febrero de 2000 se dict\u00f3 en concordancia con la dif\u00edcil situaci\u00f3n econ\u00f3mica y del pa\u00eds. \u00a0<\/p>\n<p>En 1999, se decret\u00f3 un aumento salarial del 15%, tres puntos superior a la inflaci\u00f3n de ese a\u00f1o la cual fue de 12%. Por lo tanto, se dio un beneficio anticipado que se ve compensado con el no aumento salarial en el 2000. \u00a0<\/p>\n<p>La aplicaci\u00f3n de ese decreto implica una realizaci\u00f3n efectiva de la igualdad real que implica un tratamiento diverso en situaciones diferentes, lo cual se presenta forma en que se decretaron los aumentos salariales.\u00a0 \u00a0<\/p>\n<p>Nadie est\u00e1 obligado a lo imposible, por lo tanto, si no hay recursos por parte del Gobierno no se puede decretar un aumento salarial a todos los funcionarios. \u00a0<\/p>\n<p>No hay violaci\u00f3n al derecho al trabajo porque las condiciones para que los funcionarios sigan trabajando est\u00e1n dadas. \u00a0<\/p>\n<p>En el caso en concreto, no procede la acci\u00f3n de tutela porque las medidas atacadas no se dirigen al actor en particular, sino son actos generales, impersonales y abstractos. \u00a0<\/p>\n<p>Finalmente, no se puede obligar al Presidente a ejecutar su potestad reglamentaria por medio de la tutela y menos si ello depende de lo establecido en la Ley General de Presupuesto. \u00a0<\/p>\n<p>4. Sentencias objeto de Revisi\u00f3n.\u00a0 \u00a0<\/p>\n<p>4.1) A la gran mayor\u00eda de las acciones instauradas les fue concedida la tutela en primera instancia con similares argumentos: \u00a0<\/p>\n<p>El decreto 1832 del 11 de febreo de 2000 est\u00e1 dirigido a todos los servidores p\u00fablicos pero omite regular la situaci\u00f3n salarial de los aquellos funcionarios cuyo salario para 1999 exced\u00eda los cuatrocientos setenta y dos mil novecientos veinte pesos ($472.920.oo).\u00a0 \u00a0<\/p>\n<p>Hay doble violaci\u00f3n del principio de igualdad en cuanto a la existencia de una norma constitucional que otorga un aumento salarial mayor a Congresistas y Magistrados de las Altas Corporaciones y en cuanto a la desigualdad en los aumentos salariales decretados por el decreto 1832 de 2000. \u00a0<\/p>\n<p>Al no aumentarse el salario a una parte de los servidores p\u00fablicos, se viola el principio de la movilidad salarial consagrado en el art\u00edculo 53 de la Constituci\u00f3n Pol\u00edtica. El salario vital m\u00ednimo debe variar acorde con las fluctuaciones del costo de vida.\u00a0 \u00a0<\/p>\n<p>Si bien los trabajadores tienen abierta la v\u00eda ordinaria laboral, en los casos en estudio, el mecanismo no ser\u00eda eficaz para la protecci\u00f3n del derecho fundamental. \u00a0<\/p>\n<p>Si el empleador se abstiene de aumentar los salarios, se est\u00e1 enriqueciendo sin justa causa ya que, al reconocerse el fen\u00f3meno inflacionario y no aumentarse el salario, se estar\u00eda pagando igual cantidad y calidad de trabajo por menor precio. \u00a0<\/p>\n<p>Se citan pronunciamientos de la Corte Constitucional en los cuales se manifiesta que es deber del Gobierno, y en general de los empleadores, velar por el mantenimiento del poder adquisitivo del salario realizando los aumentos necesarios a \u00e9ste. Entre otras, se citan las sentencias SU-519 de 1999, C-710 de 1999 y T- 483 de 1993. \u00a0<\/p>\n<p>4.2) Igualmente, en los casos en que se impugn\u00f3 la sentencia, los jueces de segunda instancia \u00a0confirmaron en su mayor\u00eda, con similares argumentos, las decisiones de los diferentes Juzgados.\u00a0 \u00a0<\/p>\n<p>5. A continuaci\u00f3n se realiza una breve descripci\u00f3n de cada uno de los expedientes que se someten a consideraci\u00f3n de la Corte \u00a0<\/p>\n<p>\u00a0 \u00a0 \u00a0 \u00a0 \u00a0<\/p>\n<p>No \u00a0 \u00a0\u00a0<\/p>\n<p>Expediente \u00a0 \u00a0 \u00a0 \u00a0 \u00a0 \u00a0 \u00a0 \u00a0 \u00a0 \u00a0\u00a0<\/p>\n<p>Demandante \u00a0 \u00a0 \u00a0 \u00a0 \u00a0 \u00a0 \u00a0 \u00a0 \u00a0 \u00a0\u00a0<\/p>\n<p>LUGAR DE TRABAJO \u00a0 \u00a0 \u00a0 \u00a0 \u00a0 \u00a0 \u00a0 \u00a0 \u00a0 \u00a0\u00a0<\/p>\n<p>1\u00aa Instancia \u00a0 \u00a0 \u00a0 \u00a0 \u00a0 \u00a0 \u00a0 \u00a0 \u00a0 \u00a0\u00a0<\/p>\n<p>Decisi\u00f3n \u00a0 \u00a0 \u00a0 \u00a0 \u00a0 \u00a0 \u00a0 \u00a0 \u00a0 \u00a0\u00a0<\/p>\n<p>2\u00aa\u00a0 \u00a0 \u00a0\u00a0<\/p>\n<p>Instancia \u00a0\u00a0<\/p>\n<p>T364755 \u00a0 \u00a0 \u00a0 \u00a0 \u00a0 \u00a0 \u00a0 \u00a0 \u00a0 \u00a0\u00a0<\/p>\n<p>\u00a0 MARITZA STELLA PABON CASTA\u00d1EDA \u00a0 \u00a0 \u00a0 \u00a0 \u00a0 \u00a0 \u00a0 \u00a0 \u00a0 \u00a0\u00a0<\/p>\n<p>Escuela No 3 de Ni\u00f1as (Ci\u00e9naga) \u00a0 \u00a0 \u00a0 \u00a0 \u00a0 \u00a0 \u00a0 \u00a0 \u00a0 \u00a0\u00a0<\/p>\n<p>Juzgado Segundo Laboral del Circuto de Ci\u00e9naga\u00a0 \u00a0 \u00a0 \u00a0 \u00a0 \u00a0 \u00a0 \u00a0 \u00a0 \u00a0 \u00a0\u00a0<\/p>\n<p>Concedi\u00f3 \u00a0 \u00a0 \u00a0 \u00a0 \u00a0 \u00a0 \u00a0 \u00a0 \u00a0 \u00a0\u00a0<\/p>\n<p>No hubo \u00a0\u00a0<\/p>\n<p>T 364756 \u00a0 \u00a0 \u00a0 \u00a0 \u00a0 \u00a0 \u00a0 \u00a0 \u00a0 \u00a0\u00a0<\/p>\n<p>\u00a0 GILBERTO TERRAZA THOMAS \u00a0 \u00a0 \u00a0 \u00a0 \u00a0 \u00a0 \u00a0 \u00a0 \u00a0 \u00a0\u00a0<\/p>\n<p>Colegio Nacionalizado de Ci\u00e9naga \u00a0 \u00a0 \u00a0 \u00a0 \u00a0 \u00a0 \u00a0 \u00a0 \u00a0 \u00a0\u00a0<\/p>\n<p>Juzgado Segundo Laboral del Circuto de Ci\u00e9naga\u00a0 \u00a0 \u00a0 \u00a0 \u00a0 \u00a0 \u00a0 \u00a0 \u00a0 \u00a0 \u00a0\u00a0<\/p>\n<p>Concedi\u00f3 \u00a0 \u00a0 \u00a0 \u00a0 \u00a0 \u00a0 \u00a0 \u00a0 \u00a0 \u00a0\u00a0<\/p>\n<p>No hubo \u00a0\u00a0<\/p>\n<p>T 364757 \u00a0 \u00a0 \u00a0 \u00a0 \u00a0 \u00a0 \u00a0 \u00a0 \u00a0 \u00a0\u00a0<\/p>\n<p>\u00a0 FERNEY ENRRIQUE ROBLES CARO \u00a0 \u00a0 \u00a0 \u00a0 \u00a0 \u00a0 \u00a0 \u00a0 \u00a0 \u00a0\u00a0<\/p>\n<p>Colegio Departamental Macindo \u00a0 \u00a0 \u00a0 \u00a0 \u00a0 \u00a0 \u00a0 \u00a0 \u00a0 \u00a0\u00a0<\/p>\n<p>Juzgado Segundo Laboral del Circuto de Ci\u00e9naga\u00a0 \u00a0 \u00a0 \u00a0 \u00a0 \u00a0 \u00a0 \u00a0 \u00a0 \u00a0 \u00a0\u00a0<\/p>\n<p>Concedi\u00f3 \u00a0 \u00a0 \u00a0 \u00a0 \u00a0 \u00a0 \u00a0 \u00a0 \u00a0 \u00a0\u00a0<\/p>\n<p>No hubo \u00a0\u00a0<\/p>\n<p>T 364758 \u00a0 \u00a0 \u00a0 \u00a0 \u00a0 \u00a0 \u00a0 \u00a0 \u00a0 \u00a0\u00a0<\/p>\n<p>\u00a0 RAQUELIRINA LOPEZ GUTIERREZ \u00a0 \u00a0 \u00a0 \u00a0 \u00a0 \u00a0 \u00a0 \u00a0 \u00a0 \u00a0\u00a0<\/p>\n<p>Docente Departamento del Magdalena \u00a0 \u00a0 \u00a0 \u00a0 \u00a0 \u00a0 \u00a0 \u00a0 \u00a0 \u00a0\u00a0<\/p>\n<p>Juzgado Segundo Laboral del Circuto de Ci\u00e9naga\u00a0 \u00a0 \u00a0 \u00a0 \u00a0 \u00a0 \u00a0 \u00a0 \u00a0 \u00a0 \u00a0\u00a0<\/p>\n<p>Concedi\u00f3 \u00a0 \u00a0 \u00a0 \u00a0 \u00a0 \u00a0 \u00a0 \u00a0 \u00a0 \u00a0\u00a0<\/p>\n<p>No hubo \u00a0\u00a0<\/p>\n<p>\u00a0 INGRIS CECILIA POLO CABRERA \u00a0 \u00a0 \u00a0 \u00a0 \u00a0 \u00a0 \u00a0 \u00a0 \u00a0 \u00a0\u00a0<\/p>\n<p>Colegio Nacionalizado Rodrigo Vives d`Andreis \u00a0 \u00a0 \u00a0 \u00a0 \u00a0 \u00a0 \u00a0 \u00a0 \u00a0 \u00a0\u00a0<\/p>\n<p>Juzgado Segundo Laboral del Circuto de Ci\u00e9naga\u00a0 \u00a0 \u00a0 \u00a0 \u00a0 \u00a0 \u00a0 \u00a0 \u00a0 \u00a0 \u00a0\u00a0<\/p>\n<p>Concedi\u00f3 \u00a0 \u00a0 \u00a0 \u00a0 \u00a0 \u00a0 \u00a0 \u00a0 \u00a0 \u00a0\u00a0<\/p>\n<p>No hubo \u00a0\u00a0<\/p>\n<p>T 364784 \u00a0 \u00a0 \u00a0 \u00a0 \u00a0 \u00a0 \u00a0 \u00a0 \u00a0 \u00a0\u00a0<\/p>\n<p>\u00a0 RUTH AMPARO SALAZAR MALUCHE \u00a0 \u00a0 \u00a0 \u00a0 \u00a0 \u00a0 \u00a0 \u00a0 \u00a0 \u00a0\u00a0<\/p>\n<p>Escuela Camilo Torres \u00a0 \u00a0 \u00a0 \u00a0 \u00a0 \u00a0 \u00a0 \u00a0 \u00a0 \u00a0\u00a0<\/p>\n<p>Juzgado Unico Penal Municipal de Ataco\u00a0 \u00a0 \u00a0 \u00a0 \u00a0 \u00a0 \u00a0 \u00a0 \u00a0 \u00a0 \u00a0\u00a0<\/p>\n<p>Concedi\u00f3 \u00a0 \u00a0 \u00a0 \u00a0 \u00a0 \u00a0 \u00a0 \u00a0 \u00a0 \u00a0\u00a0<\/p>\n<p>No hubo \u00a0\u00a0<\/p>\n<p>T 364838 \u00a0 \u00a0 \u00a0 \u00a0 \u00a0 \u00a0 \u00a0 \u00a0 \u00a0 \u00a0\u00a0<\/p>\n<p>\u00a0 GLORIA MARIA OYOLA DE MURCIA \u00a0 \u00a0 \u00a0 \u00a0 \u00a0 \u00a0 \u00a0 \u00a0 \u00a0 \u00a0\u00a0<\/p>\n<p>Escuela Camilo Torres \u00a0 \u00a0 \u00a0 \u00a0 \u00a0 \u00a0 \u00a0 \u00a0 \u00a0 \u00a0\u00a0<\/p>\n<p>Juzgado Unico Penal Municipal de Ataco\u00a0 \u00a0 \u00a0 \u00a0 \u00a0 \u00a0 \u00a0 \u00a0 \u00a0 \u00a0 \u00a0\u00a0<\/p>\n<p>Concedi\u00f3 \u00a0 \u00a0 \u00a0 \u00a0 \u00a0 \u00a0 \u00a0 \u00a0 \u00a0 \u00a0\u00a0<\/p>\n<p>No hubo \u00a0\u00a0<\/p>\n<p>T 364840 \u00a0 \u00a0 \u00a0 \u00a0 \u00a0 \u00a0 \u00a0 \u00a0 \u00a0 \u00a0\u00a0<\/p>\n<p>\u00a0 GLORIA NEYLA OSPINA DE MOLANO \u00a0 \u00a0 \u00a0 \u00a0 \u00a0 \u00a0 \u00a0 \u00a0 \u00a0 \u00a0\u00a0<\/p>\n<p>FED -Tolima \u00a0 \u00a0 \u00a0 \u00a0 \u00a0 \u00a0 \u00a0 \u00a0 \u00a0 \u00a0\u00a0<\/p>\n<p>Juzgado Unico Penal Municipal de Ataco\u00a0 \u00a0 \u00a0 \u00a0 \u00a0 \u00a0 \u00a0 \u00a0 \u00a0 \u00a0 \u00a0\u00a0<\/p>\n<p>Concedi\u00f3 \u00a0 \u00a0 \u00a0 \u00a0 \u00a0 \u00a0 \u00a0 \u00a0 \u00a0 \u00a0\u00a0<\/p>\n<p>No hubo \u00a0\u00a0<\/p>\n<p>T 364841 \u00a0 \u00a0 \u00a0 \u00a0 \u00a0 \u00a0 \u00a0 \u00a0 \u00a0 \u00a0\u00a0<\/p>\n<p>\u00a0 JOSE EDILBERTO CHARRY OSPINA \u00a0 \u00a0 \u00a0 \u00a0 \u00a0 \u00a0 \u00a0 \u00a0 \u00a0 \u00a0\u00a0<\/p>\n<p>Instituto Nacional Mart\u00edn Pomolo \u00a0 \u00a0 \u00a0 \u00a0 \u00a0 \u00a0 \u00a0 \u00a0 \u00a0 \u00a0\u00a0<\/p>\n<p>Juzgado Unico Penal Municipal de Ataco\u00a0 \u00a0 \u00a0 \u00a0 \u00a0 \u00a0 \u00a0 \u00a0 \u00a0 \u00a0 \u00a0\u00a0<\/p>\n<p>Concedi\u00f3 \u00a0 \u00a0 \u00a0 \u00a0 \u00a0 \u00a0 \u00a0 \u00a0 \u00a0 \u00a0\u00a0<\/p>\n<p>No hubo \u00a0\u00a0<\/p>\n<p>T 364842 \u00a0 \u00a0 \u00a0 \u00a0 \u00a0 \u00a0 \u00a0 \u00a0 \u00a0 \u00a0\u00a0<\/p>\n<p>\u00a0 IVAN EDGARDO TOVAR MURILLO \u00a0 \u00a0 \u00a0 \u00a0 \u00a0 \u00a0 \u00a0 \u00a0 \u00a0 \u00a0\u00a0<\/p>\n<p>Instituto Nacional Mart\u00edn Pomala \u00a0 \u00a0 \u00a0 \u00a0 \u00a0 \u00a0 \u00a0 \u00a0 \u00a0 \u00a0\u00a0<\/p>\n<p>Juzgado Unico Penal Municipal de Ataco\u00a0 \u00a0 \u00a0 \u00a0 \u00a0 \u00a0 \u00a0 \u00a0 \u00a0 \u00a0 \u00a0\u00a0<\/p>\n<p>Concedi\u00f3 \u00a0 \u00a0 \u00a0 \u00a0 \u00a0 \u00a0 \u00a0 \u00a0 \u00a0 \u00a0\u00a0<\/p>\n<p>No hubo \u00a0\u00a0<\/p>\n<p>T 366323 \u00a0 \u00a0 \u00a0 \u00a0 \u00a0 \u00a0 \u00a0 \u00a0 \u00a0 \u00a0\u00a0<\/p>\n<p>\u00a0 ANA CECILIA OSIO LORA \u00a0 \u00a0 \u00a0 \u00a0 \u00a0 \u00a0 \u00a0 \u00a0 \u00a0 \u00a0\u00a0<\/p>\n<p>Colegio Municipal de Bachillerato \u00a0 \u00a0 \u00a0 \u00a0 \u00a0 \u00a0 \u00a0 \u00a0 \u00a0 \u00a0\u00a0<\/p>\n<p>Juzgado Segundo Laboral del Circuito de Ci\u00e9naga \u00a0 \u00a0 \u00a0 \u00a0 \u00a0 \u00a0 \u00a0 \u00a0 \u00a0 \u00a0\u00a0<\/p>\n<p>Concedi\u00f3 \u00a0 \u00a0 \u00a0 \u00a0 \u00a0 \u00a0 \u00a0 \u00a0 \u00a0 \u00a0\u00a0<\/p>\n<p>No hubo \u00a0\u00a0<\/p>\n<p>T 367465 \u00a0 \u00a0 \u00a0 \u00a0 \u00a0 \u00a0 \u00a0 \u00a0 \u00a0 \u00a0\u00a0<\/p>\n<p>\u00a0 EDGAR DARIO MARMOLEJO ROLDAN \u00a0 \u00a0 \u00a0 \u00a0 \u00a0 \u00a0 \u00a0 \u00a0 \u00a0 \u00a0\u00a0<\/p>\n<p>Funcionario Rama Judicial \u00a0 \u00a0 \u00a0 \u00a0 \u00a0 \u00a0 \u00a0 \u00a0 \u00a0 \u00a0\u00a0<\/p>\n<p>Tribunal Administrativo de Cundinamarca Secci\u00f3n Primera\u00a0 \u00a0 \u00a0 \u00a0 \u00a0 \u00a0 \u00a0 \u00a0 \u00a0 \u00a0 \u00a0\u00a0<\/p>\n<p>Concedi\u00f3 \u00a0 \u00a0 \u00a0 \u00a0 \u00a0 \u00a0 \u00a0 \u00a0 \u00a0 \u00a0\u00a0<\/p>\n<p>T 366136 \u00a0 \u00a0 \u00a0 \u00a0 \u00a0 \u00a0 \u00a0 \u00a0 \u00a0 \u00a0\u00a0<\/p>\n<p>\u00a0 MARIA HERCILIA GRACIA DE CASTRO \u00a0 \u00a0 \u00a0 \u00a0 \u00a0 \u00a0 \u00a0 \u00a0 \u00a0 \u00a0\u00a0<\/p>\n<p>Concentraci\u00f3n Escolar Isaac J. Pereira (Ci\u00e9naga) \u00a0 \u00a0 \u00a0 \u00a0 \u00a0 \u00a0 \u00a0 \u00a0 \u00a0 \u00a0\u00a0<\/p>\n<p>Juzgado Segundo Laboral del Circuito de Ci\u00e9naga \u00a0 \u00a0 \u00a0 \u00a0 \u00a0 \u00a0 \u00a0 \u00a0 \u00a0 \u00a0\u00a0<\/p>\n<p>Concedi\u00f3\u00a0 \u00a0 \u00a0 \u00a0 \u00a0 \u00a0 \u00a0 \u00a0 \u00a0 \u00a0 \u00a0\u00a0<\/p>\n<p>No hubo \u00a0\u00a0<\/p>\n<p>T 366317 \u00a0 \u00a0 \u00a0 \u00a0 \u00a0 \u00a0 \u00a0 \u00a0 \u00a0 \u00a0\u00a0<\/p>\n<p>\u00a0 VICTOR ETIEN GARCIA ZU\u00d1IGA \u00a0 \u00a0 \u00a0 \u00a0 \u00a0 \u00a0 \u00a0 \u00a0 \u00a0 \u00a0\u00a0<\/p>\n<p>INEM \u00a0Jos\u00e9 Felix de Restrepo \u00a0Medell\u00edn \u00a0 \u00a0 \u00a0 \u00a0 \u00a0 \u00a0 \u00a0 \u00a0 \u00a0 \u00a0\u00a0<\/p>\n<p>Juzgado Octavo de Familia de Medell\u00edn \u00a0 \u00a0 \u00a0 \u00a0 \u00a0 \u00a0 \u00a0 \u00a0 \u00a0 \u00a0\u00a0<\/p>\n<p>Concedi\u00f3 \u00a0 \u00a0 \u00a0 \u00a0 \u00a0 \u00a0 \u00a0 \u00a0 \u00a0 \u00a0\u00a0<\/p>\n<p>No hubo \u00a0\u00a0<\/p>\n<p>T 367609 \u00a0 \u00a0 \u00a0 \u00a0 \u00a0 \u00a0 \u00a0 \u00a0 \u00a0 \u00a0\u00a0<\/p>\n<p>\u00a0 RAMON ARTURO GARCIA CORREA \u00a0 \u00a0 \u00a0 \u00a0 \u00a0 \u00a0 \u00a0 \u00a0 \u00a0 \u00a0\u00a0<\/p>\n<p>Educador Departamento de Antioquia \u00a0 \u00a0 \u00a0 \u00a0 \u00a0 \u00a0 \u00a0 \u00a0 \u00a0 \u00a0\u00a0<\/p>\n<p>Juzgado Sexto \u00a0de Familia de Medell\u00edn \u00a0 \u00a0 \u00a0 \u00a0 \u00a0 \u00a0 \u00a0 \u00a0 \u00a0 \u00a0\u00a0<\/p>\n<p>Concedi\u00f3 \u00a0 \u00a0 \u00a0 \u00a0 \u00a0 \u00a0 \u00a0 \u00a0 \u00a0 \u00a0\u00a0<\/p>\n<p>Tribunal Superior \u00a0de Medell\u00edn, Sala de Familia \u00a0 \u00a0\u00a0<\/p>\n<p>Confirm\u00f3 \u00a0\u00a0<\/p>\n<p>T 366149 \u00a0 \u00a0 \u00a0 \u00a0 \u00a0 \u00a0 \u00a0 \u00a0 \u00a0 \u00a0\u00a0<\/p>\n<p>\u00a0 LAUREANO CAEZ TURIZO Y OTROS \u00a0 \u00a0 \u00a0 \u00a0 \u00a0 \u00a0 \u00a0 \u00a0 \u00a0 \u00a0\u00a0<\/p>\n<p>Docentes Municipio de Santa Marta \u00a0 \u00a0 \u00a0 \u00a0 \u00a0 \u00a0 \u00a0 \u00a0 \u00a0 \u00a0\u00a0<\/p>\n<p>Tribunal Superior del Distrito Judicial de Santa marta, Sala de Conjeces Civil-Familia\u00a0 \u00a0 \u00a0 \u00a0 \u00a0 \u00a0 \u00a0 \u00a0 \u00a0 \u00a0 \u00a0\u00a0<\/p>\n<p>Concedi\u00f3\u00a0 \u00a0 \u00a0 \u00a0 \u00a0 \u00a0 \u00a0 \u00a0 \u00a0 \u00a0 \u00a0\u00a0<\/p>\n<p>No hubo \u00a0\u00a0<\/p>\n<p>T 366138 \u00a0 \u00a0 \u00a0 \u00a0 \u00a0 \u00a0 \u00a0 \u00a0 \u00a0 \u00a0\u00a0<\/p>\n<p>\u00a0 LILIA DEL CARMEN ESCUDERO MEZQUINA \u00a0 \u00a0 \u00a0 \u00a0 \u00a0 \u00a0 \u00a0 \u00a0 \u00a0 \u00a0\u00a0<\/p>\n<p>Docente Departamento del Magdalena \u00a0 \u00a0 \u00a0 \u00a0 \u00a0 \u00a0 \u00a0 \u00a0 \u00a0 \u00a0\u00a0<\/p>\n<p>Juzgado Segundo Laboral del Circuito de Ci\u00e9naga \u00a0 \u00a0 \u00a0 \u00a0 \u00a0 \u00a0 \u00a0 \u00a0 \u00a0 \u00a0\u00a0<\/p>\n<p>Concedi\u00f3 \u00a0 \u00a0 \u00a0 \u00a0 \u00a0 \u00a0 \u00a0 \u00a0 \u00a0 \u00a0\u00a0<\/p>\n<p>No hubo \u00a0\u00a0<\/p>\n<p>T 366139 \u00a0 \u00a0 \u00a0 \u00a0 \u00a0 \u00a0 \u00a0 \u00a0 \u00a0 \u00a0\u00a0<\/p>\n<p>\u00a0 ANDREA ROSA MARTINEZ DE VIVES \u00a0 \u00a0 \u00a0 \u00a0 \u00a0 \u00a0 \u00a0 \u00a0 \u00a0 \u00a0\u00a0<\/p>\n<p>Escuela No 3 de Ni\u00f1as Ci\u00e9naga \u00a0 \u00a0 \u00a0 \u00a0 \u00a0 \u00a0 \u00a0 \u00a0 \u00a0 \u00a0\u00a0<\/p>\n<p>Juzgado Segundo Laboral del Circuito de Ci\u00e9naga \u00a0 \u00a0 \u00a0 \u00a0 \u00a0 \u00a0 \u00a0 \u00a0 \u00a0 \u00a0\u00a0<\/p>\n<p>Concedi\u00f3 \u00a0 \u00a0 \u00a0 \u00a0 \u00a0 \u00a0 \u00a0 \u00a0 \u00a0 \u00a0\u00a0<\/p>\n<p>No hubo \u00a0\u00a0<\/p>\n<p>T 367466 \u00a0 \u00a0 \u00a0 \u00a0 \u00a0 \u00a0 \u00a0 \u00a0 \u00a0 \u00a0\u00a0<\/p>\n<p>\u00a0 PARMENIO PEREZ SILVA \u00a0 \u00a0 \u00a0 \u00a0 \u00a0 \u00a0 \u00a0 \u00a0 \u00a0 \u00a0\u00a0<\/p>\n<p>Servidor P\u00fablico del Departamento Administrativo de la Econom\u00eda Solidaria \u00a0 \u00a0 \u00a0 \u00a0 \u00a0 \u00a0 \u00a0 \u00a0 \u00a0 \u00a0\u00a0<\/p>\n<p>Tribunal Contencioso Administrativo de Cundinamarca Secci\u00f3n Tercera \u00a0 \u00a0 \u00a0 \u00a0 \u00a0 \u00a0 \u00a0 \u00a0 \u00a0 \u00a0\u00a0<\/p>\n<p>Concedi\u00f3 \u00a0 \u00a0 \u00a0 \u00a0 \u00a0 \u00a0 \u00a0 \u00a0 \u00a0 \u00a0\u00a0<\/p>\n<p>No hubo \u00a0\u00a0<\/p>\n<p>T 366137 \u00a0 \u00a0 \u00a0 \u00a0 \u00a0 \u00a0 \u00a0 \u00a0 \u00a0 \u00a0\u00a0<\/p>\n<p>\u00a0 AGUSTINA FAJARDO DE REVOLLO \u00a0 \u00a0 \u00a0 \u00a0 \u00a0 \u00a0 \u00a0 \u00a0 \u00a0 \u00a0\u00a0<\/p>\n<p>Nacionalizado Manuel \u00a0J. Del Castillo \u00a0 \u00a0 \u00a0 \u00a0 \u00a0 \u00a0 \u00a0 \u00a0 \u00a0 \u00a0\u00a0<\/p>\n<p>Juzgado Segundo Laboral del Circuito de Ci\u00e9naga \u00a0 \u00a0 \u00a0 \u00a0 \u00a0 \u00a0 \u00a0 \u00a0 \u00a0 \u00a0\u00a0<\/p>\n<p>Concedi\u00f3 \u00a0 \u00a0 \u00a0 \u00a0 \u00a0 \u00a0 \u00a0 \u00a0 \u00a0 \u00a0\u00a0<\/p>\n<p>No hubo \u00a0\u00a0<\/p>\n<p>\u00a0 GLADYS SOFIA GARCIA GARCIA\u00a0 \u00a0 \u00a0 \u00a0 \u00a0 \u00a0 \u00a0 \u00a0 \u00a0 \u00a0 \u00a0\u00a0<\/p>\n<p>Jard\u00edn Infantil Caracolito de la Isla del Rosario Puebloviejo (Magdalena) \u00a0 \u00a0 \u00a0 \u00a0 \u00a0 \u00a0 \u00a0 \u00a0 \u00a0 \u00a0\u00a0<\/p>\n<p>Juzgado Segundo Laboral del Circuito de Ci\u00e9naga \u00a0 \u00a0 \u00a0 \u00a0 \u00a0 \u00a0 \u00a0 \u00a0 \u00a0 \u00a0\u00a0<\/p>\n<p>Concedi\u00f3 \u00a0 \u00a0 \u00a0 \u00a0 \u00a0 \u00a0 \u00a0 \u00a0 \u00a0 \u00a0\u00a0<\/p>\n<p>No hubo \u00a0\u00a0<\/p>\n<p>T 366126 \u00a0 \u00a0 \u00a0 \u00a0 \u00a0 \u00a0 \u00a0 \u00a0 \u00a0 \u00a0\u00a0<\/p>\n<p>\u00a0 DOLLY CECILIA NU\u00d1EZ CERVANTES \u00a0 \u00a0 \u00a0 \u00a0 \u00a0 \u00a0 \u00a0 \u00a0 \u00a0 \u00a0\u00a0<\/p>\n<p>\u00a0Escuela No 1 de varones \u00a0 (Magdalena) \u00a0 \u00a0 \u00a0 \u00a0 \u00a0 \u00a0 \u00a0 \u00a0 \u00a0 \u00a0\u00a0<\/p>\n<p>Juzgado Segundo Laboral del Circuito de Ci\u00e9naga \u00a0 \u00a0 \u00a0 \u00a0 \u00a0 \u00a0 \u00a0 \u00a0 \u00a0 \u00a0\u00a0<\/p>\n<p>Concedi\u00f3 \u00a0 \u00a0 \u00a0 \u00a0 \u00a0 \u00a0 \u00a0 \u00a0 \u00a0 \u00a0\u00a0<\/p>\n<p>No hubo \u00a0\u00a0<\/p>\n<p>T 366326 \u00a0 \u00a0 \u00a0 \u00a0 \u00a0 \u00a0 \u00a0 \u00a0 \u00a0 \u00a0\u00a0<\/p>\n<p>\u00a0 BLANCA MARIA ZU\u00d1IGA DE TORNE \u00a0 \u00a0 \u00a0 \u00a0 \u00a0 \u00a0 \u00a0 \u00a0 \u00a0 \u00a0\u00a0<\/p>\n<p>\u00a0Escuela Isaac J.P. \u00a0 \u00a0 \u00a0 \u00a0 \u00a0 \u00a0 \u00a0 \u00a0 \u00a0 \u00a0\u00a0<\/p>\n<p>Juzgado Segundo Laboral del Circuito de Ci\u00e9naga \u00a0 \u00a0 \u00a0 \u00a0 \u00a0 \u00a0 \u00a0 \u00a0 \u00a0 \u00a0\u00a0<\/p>\n<p>Concedi\u00f3 \u00a0 \u00a0 \u00a0 \u00a0 \u00a0 \u00a0 \u00a0 \u00a0 \u00a0 \u00a0\u00a0<\/p>\n<p>No hubo \u00a0\u00a0<\/p>\n<p>T 366327 \u00a0 \u00a0 \u00a0 \u00a0 \u00a0 \u00a0 \u00a0 \u00a0 \u00a0 \u00a0\u00a0<\/p>\n<p>\u00a0 RITA SEGUNDA RUIZ TORRES \u00a0 \u00a0 \u00a0 \u00a0 \u00a0 \u00a0 \u00a0 \u00a0 \u00a0 \u00a0\u00a0<\/p>\n<p>Colegio Departamental Macondo \u00a0 \u00a0 \u00a0 \u00a0 \u00a0 \u00a0 \u00a0 \u00a0 \u00a0 \u00a0\u00a0<\/p>\n<p>Juzgado Segundo Laboral del Circuito de Ci\u00e9naga \u00a0 \u00a0 \u00a0 \u00a0 \u00a0 \u00a0 \u00a0 \u00a0 \u00a0 \u00a0\u00a0<\/p>\n<p>Concedi\u00f3 \u00a0 \u00a0 \u00a0 \u00a0 \u00a0 \u00a0 \u00a0 \u00a0 \u00a0 \u00a0\u00a0<\/p>\n<p>No hubo \u00a0\u00a0<\/p>\n<p>T 366325 \u00a0 \u00a0 \u00a0 \u00a0 \u00a0 \u00a0 \u00a0 \u00a0 \u00a0 \u00a0\u00a0<\/p>\n<p>\u00a0 JUANA DE DIOS SILVA MONTERO \u00a0 \u00a0 \u00a0 \u00a0 \u00a0 \u00a0 \u00a0 \u00a0 \u00a0 \u00a0\u00a0<\/p>\n<p>Docente (Magdalena) \u00a0 \u00a0 \u00a0 \u00a0 \u00a0 \u00a0 \u00a0 \u00a0 \u00a0 \u00a0\u00a0<\/p>\n<p>Juzgado Segundo Laboral del Circuito de Ci\u00e9naga \u00a0 \u00a0 \u00a0 \u00a0 \u00a0 \u00a0 \u00a0 \u00a0 \u00a0 \u00a0\u00a0<\/p>\n<p>Concedi\u00f3 \u00a0 \u00a0 \u00a0 \u00a0 \u00a0 \u00a0 \u00a0 \u00a0 \u00a0 \u00a0\u00a0<\/p>\n<p>No hubo \u00a0\u00a0<\/p>\n<p>T 364843 \u00a0 \u00a0 \u00a0 \u00a0 \u00a0 \u00a0 \u00a0 \u00a0 \u00a0 \u00a0\u00a0<\/p>\n<p>\u00a0 MARTHA PERDOMO DE PERDOMO \u00a0 \u00a0 \u00a0 \u00a0 \u00a0 \u00a0 \u00a0 \u00a0 \u00a0 \u00a0\u00a0<\/p>\n<p>FED Tolima \u00a0 \u00a0 \u00a0 \u00a0 \u00a0 \u00a0 \u00a0 \u00a0 \u00a0 \u00a0\u00a0<\/p>\n<p>Juzgado Unico Penal Municipal de Ataco \u00a0 \u00a0 \u00a0 \u00a0 \u00a0 \u00a0 \u00a0 \u00a0 \u00a0 \u00a0\u00a0<\/p>\n<p>Concedi\u00f3 \u00a0 \u00a0 \u00a0 \u00a0 \u00a0 \u00a0 \u00a0 \u00a0 \u00a0 \u00a0\u00a0<\/p>\n<p>No hubo \u00a0\u00a0<\/p>\n<p>T 364864 \u00a0 \u00a0 \u00a0 \u00a0 \u00a0 \u00a0 \u00a0 \u00a0 \u00a0 \u00a0\u00a0<\/p>\n<p>\u00a0 MIRALBA ORTIZ MOLANO \u00a0 \u00a0 \u00a0 \u00a0 \u00a0 \u00a0 \u00a0 \u00a0 \u00a0 \u00a0\u00a0<\/p>\n<p>Instituto Nacional \u00a0Mart\u00edn Polama \u00a0 \u00a0 \u00a0 \u00a0 \u00a0 \u00a0 \u00a0 \u00a0 \u00a0 \u00a0\u00a0<\/p>\n<p>Juzgado Unico Penal Municipal de Ataco \u00a0 \u00a0 \u00a0 \u00a0 \u00a0 \u00a0 \u00a0 \u00a0 \u00a0 \u00a0\u00a0<\/p>\n<p>Concedi\u00f3 \u00a0 \u00a0 \u00a0 \u00a0 \u00a0 \u00a0 \u00a0 \u00a0 \u00a0 \u00a0\u00a0<\/p>\n<p>No hubo \u00a0\u00a0<\/p>\n<p>\u00a0 MARIA SORIS GUERRA N. \u00a0 \u00a0 \u00a0 \u00a0 \u00a0 \u00a0 \u00a0 \u00a0 \u00a0 \u00a0\u00a0<\/p>\n<p>Instituto Nacional \u00a0Mart\u00edn Polama \u00a0 \u00a0 \u00a0 \u00a0 \u00a0 \u00a0 \u00a0 \u00a0 \u00a0 \u00a0\u00a0<\/p>\n<p>Juzgado Unico Penal Municipal de Ataco \u00a0 \u00a0 \u00a0 \u00a0 \u00a0 \u00a0 \u00a0 \u00a0 \u00a0 \u00a0\u00a0<\/p>\n<p>Concedi\u00f3 \u00a0 \u00a0 \u00a0 \u00a0 \u00a0 \u00a0 \u00a0 \u00a0 \u00a0 \u00a0\u00a0<\/p>\n<p>No hubo \u00a0\u00a0<\/p>\n<p>T 366057 \u00a0 \u00a0 \u00a0 \u00a0 \u00a0 \u00a0 \u00a0 \u00a0 \u00a0 \u00a0\u00a0<\/p>\n<p>\u00a0 MARTHA CECILIA SALAZAR ARANGO \u00a0 \u00a0 \u00a0 \u00a0 \u00a0 \u00a0 \u00a0 \u00a0 \u00a0 \u00a0\u00a0<\/p>\n<p>Escuela Mar\u00eda Bernal Molina \u00a0 \u00a0 \u00a0 \u00a0 \u00a0 \u00a0 \u00a0 \u00a0 \u00a0 \u00a0\u00a0<\/p>\n<p>Juzgado Quinto Civil Municipal de Medell\u00edn \u00a0 \u00a0 \u00a0 \u00a0 \u00a0 \u00a0 \u00a0 \u00a0 \u00a0 \u00a0\u00a0<\/p>\n<p>Concedi\u00f3 \u00a0 \u00a0 \u00a0 \u00a0 \u00a0 \u00a0 \u00a0 \u00a0 \u00a0 \u00a0\u00a0<\/p>\n<p>Juzgado Cuarto Civil del Circuito de Medell\u00edn \u00a0 \u00a0\u00a0<\/p>\n<p>Confirm\u00f3 \u00a0\u00a0<\/p>\n<p>T 366056 \u00a0 \u00a0 \u00a0 \u00a0 \u00a0 \u00a0 \u00a0 \u00a0 \u00a0 \u00a0\u00a0<\/p>\n<p>\u00a0 MARIA CONCEPCION ARROYO RENTERIA \u00a0 \u00a0 \u00a0 \u00a0 \u00a0 \u00a0 \u00a0 \u00a0 \u00a0 \u00a0\u00a0<\/p>\n<p>Liceo San Luis Gonzara \u00a0 \u00a0 \u00a0 \u00a0 \u00a0 \u00a0 \u00a0 \u00a0 \u00a0 \u00a0\u00a0<\/p>\n<p>Juzgado Cuarto Civil del Circuito de Medell\u00edn \u00a0 \u00a0 \u00a0 \u00a0 \u00a0 \u00a0 \u00a0 \u00a0 \u00a0 \u00a0\u00a0<\/p>\n<p>Concedi\u00f3 \u00a0 \u00a0 \u00a0 \u00a0 \u00a0 \u00a0 \u00a0 \u00a0 \u00a0 \u00a0\u00a0<\/p>\n<p>No hubo \u00a0\u00a0<\/p>\n<p>T 366990 \u00a0 \u00a0 \u00a0 \u00a0 \u00a0 \u00a0 \u00a0 \u00a0 \u00a0 \u00a0\u00a0<\/p>\n<p>\u00a0 LUZ MARINA ARISTIZABAL MEDINA \u00a0 \u00a0 \u00a0 \u00a0 \u00a0 \u00a0 \u00a0 \u00a0 \u00a0 \u00a0\u00a0<\/p>\n<p>Colegio Fe y Alegr\u00eda Villa de la Candelaria (Medell\u00edn) \u00a0 \u00a0 \u00a0 \u00a0 \u00a0 \u00a0 \u00a0 \u00a0 \u00a0 \u00a0\u00a0<\/p>\n<p>Juzgado Segundo Civil del Circuito de Medell\u00edn \u00a0 \u00a0 \u00a0 \u00a0 \u00a0 \u00a0 \u00a0 \u00a0 \u00a0 \u00a0\u00a0<\/p>\n<p>Concedi\u00f3 \u00a0 \u00a0 \u00a0 \u00a0 \u00a0 \u00a0 \u00a0 \u00a0 \u00a0 \u00a0\u00a0<\/p>\n<p>No hubo \u00a0\u00a0<\/p>\n<p>T 366991 \u00a0 \u00a0 \u00a0 \u00a0 \u00a0 \u00a0 \u00a0 \u00a0 \u00a0 \u00a0\u00a0<\/p>\n<p>\u00a0 LUZ MARY RIOS DE CARDONA \u00a0 \u00a0 \u00a0 \u00a0 \u00a0 \u00a0 \u00a0 \u00a0 \u00a0 \u00a0\u00a0<\/p>\n<p>Docente (Antioquia) \u00a0 \u00a0 \u00a0 \u00a0 \u00a0 \u00a0 \u00a0 \u00a0 \u00a0 \u00a0\u00a0<\/p>\n<p>Juzgado Duod\u00e9cimo Civil Municipal de Medell\u00edn \u00a0 \u00a0 \u00a0 \u00a0 \u00a0 \u00a0 \u00a0 \u00a0 \u00a0 \u00a0\u00a0<\/p>\n<p>Concedi\u00f3 \u00a0 \u00a0 \u00a0 \u00a0 \u00a0 \u00a0 \u00a0 \u00a0 \u00a0 \u00a0\u00a0<\/p>\n<p>No hubo \u00a0\u00a0<\/p>\n<p>T 367625 \u00a0 \u00a0 \u00a0 \u00a0 \u00a0 \u00a0 \u00a0 \u00a0 \u00a0 \u00a0\u00a0<\/p>\n<p>\u00a0 FRANCISCO ALFREDO BETANCUR BOLIVAR \u00a0 \u00a0 \u00a0 \u00a0 \u00a0 \u00a0 \u00a0 \u00a0 \u00a0 \u00a0\u00a0<\/p>\n<p>Docente (Antioquia) \u00a0 \u00a0 \u00a0 \u00a0 \u00a0 \u00a0 \u00a0 \u00a0 \u00a0 \u00a0\u00a0<\/p>\n<p>Juzgado Veintidos Civil Municipal de Medell\u00edn \u00a0 \u00a0 \u00a0 \u00a0 \u00a0 \u00a0 \u00a0 \u00a0 \u00a0 \u00a0\u00a0<\/p>\n<p>Concedi\u00f3 \u00a0 \u00a0 \u00a0 \u00a0 \u00a0 \u00a0 \u00a0 \u00a0 \u00a0 \u00a0\u00a0<\/p>\n<p>Juzgado Octavo Civil del Circuito de Medell\u00edn\u00a0 \u00a0 \u00a0\u00a0<\/p>\n<p>Confirm\u00f3 \u00a0\u00a0<\/p>\n<p>T 366027 \u00a0 \u00a0 \u00a0 \u00a0 \u00a0 \u00a0 \u00a0 \u00a0 \u00a0 \u00a0\u00a0<\/p>\n<p>\u00a0 BIBIANA MARIA MESA CANO \u00a0 \u00a0 \u00a0 \u00a0 \u00a0 \u00a0 \u00a0 \u00a0 \u00a0 \u00a0\u00a0<\/p>\n<p>Docente (Antioquia) \u00a0 \u00a0 \u00a0 \u00a0 \u00a0 \u00a0 \u00a0 \u00a0 \u00a0 \u00a0\u00a0<\/p>\n<p>Juzgado Primero Civil Municipal de Medell\u00edn \u00a0 \u00a0 \u00a0 \u00a0 \u00a0 \u00a0 \u00a0 \u00a0 \u00a0 \u00a0\u00a0<\/p>\n<p>Concedi\u00f3 \u00a0 \u00a0 \u00a0 \u00a0 \u00a0 \u00a0 \u00a0 \u00a0 \u00a0 \u00a0\u00a0<\/p>\n<p>No hubo \u00a0\u00a0<\/p>\n<p>T 365921 \u00a0 \u00a0 \u00a0 \u00a0 \u00a0 \u00a0 \u00a0 \u00a0 \u00a0 \u00a0\u00a0<\/p>\n<p>\u00a0 LUZ ADRIANA DELGADO CORREA \u00a0 \u00a0 \u00a0 \u00a0 \u00a0 \u00a0 \u00a0 \u00a0 \u00a0 \u00a0\u00a0<\/p>\n<p>Colegio el Mirador (Bello) \u00a0 \u00a0 \u00a0 \u00a0 \u00a0 \u00a0 \u00a0 \u00a0 \u00a0 \u00a0\u00a0<\/p>\n<p>Juzgado Segundo de Familia Medell\u00edn \u00a0 \u00a0 \u00a0 \u00a0 \u00a0 \u00a0 \u00a0 \u00a0 \u00a0 \u00a0\u00a0<\/p>\n<p>Concedi\u00f3 \u00a0 \u00a0 \u00a0 \u00a0 \u00a0 \u00a0 \u00a0 \u00a0 \u00a0 \u00a0\u00a0<\/p>\n<p>Tribunal Superior de Medell\u00edn Sala de Familia \u00a0 \u00a0\u00a0<\/p>\n<p>T 365934 \u00a0 \u00a0 \u00a0 \u00a0 \u00a0 \u00a0 \u00a0 \u00a0 \u00a0 \u00a0\u00a0<\/p>\n<p>\u00a0 INES LUCIA PALACIO OSORIO \u00a0 \u00a0 \u00a0 \u00a0 \u00a0 \u00a0 \u00a0 \u00a0 \u00a0 \u00a0\u00a0<\/p>\n<p>Docente (Antioquia) \u00a0 \u00a0 \u00a0 \u00a0 \u00a0 \u00a0 \u00a0 \u00a0 \u00a0 \u00a0\u00a0<\/p>\n<p>Juzgado Segundo de Familia de Medell\u00edn \u00a0 \u00a0 \u00a0 \u00a0 \u00a0 \u00a0 \u00a0 \u00a0 \u00a0 \u00a0\u00a0<\/p>\n<p>Concedi\u00f3 \u00a0 \u00a0 \u00a0 \u00a0 \u00a0 \u00a0 \u00a0 \u00a0 \u00a0 \u00a0\u00a0<\/p>\n<p>Tribunal Superior de Medell\u00edn, Sala de Familia Confirm\u00f3\u00a0 \u00a0\u00a0<\/p>\n<p>T 365979 \u00a0 \u00a0 \u00a0 \u00a0 \u00a0 \u00a0 \u00a0 \u00a0 \u00a0 \u00a0\u00a0<\/p>\n<p>\u00a0 MARIA LUZ ELISA T. DE TAPIA \u00a0 \u00a0 \u00a0 \u00a0 \u00a0 \u00a0 \u00a0 \u00a0 \u00a0 \u00a0\u00a0<\/p>\n<p>Colegio Mar\u00eda Goretti \u00a0 \u00a0 \u00a0 \u00a0 \u00a0 \u00a0 \u00a0 \u00a0 \u00a0 \u00a0\u00a0<\/p>\n<p>Tribunal Superior del Distrito Judicial de Pasto \u00a0 \u00a0 \u00a0 \u00a0 \u00a0 \u00a0 \u00a0 \u00a0 \u00a0 \u00a0\u00a0<\/p>\n<p>Concedi\u00f3 \u00a0 \u00a0 \u00a0 \u00a0 \u00a0 \u00a0 \u00a0 \u00a0 \u00a0 \u00a0\u00a0<\/p>\n<p>No hubo \u00a0\u00a0<\/p>\n<p>T 367638 \u00a0 \u00a0 \u00a0 \u00a0 \u00a0 \u00a0 \u00a0 \u00a0 \u00a0 \u00a0\u00a0<\/p>\n<p>\u00a0 MERCEDES ROSA CALLE ARAQUE \u00a0 \u00a0 \u00a0 \u00a0 \u00a0 \u00a0 \u00a0 \u00a0 \u00a0 \u00a0\u00a0<\/p>\n<p>Docente (Antioquia) \u00a0 \u00a0 \u00a0 \u00a0 \u00a0 \u00a0 \u00a0 \u00a0 \u00a0 \u00a0\u00a0<\/p>\n<p>Juzgado Decimonoveno Civil Municipal de Medell\u00edn \u00a0 \u00a0 \u00a0 \u00a0 \u00a0 \u00a0 \u00a0 \u00a0 \u00a0 \u00a0\u00a0<\/p>\n<p>Concedi\u00f3 \u00a0 \u00a0 \u00a0 \u00a0 \u00a0 \u00a0 \u00a0 \u00a0 \u00a0 \u00a0\u00a0<\/p>\n<p>Juzgado Segundo Civil del Circuito de Medell\u00edn \u00a0 \u00a0\u00a0<\/p>\n<p>Confirm\u00f3 \u00a0\u00a0<\/p>\n<p>T 366762 \u00a0 \u00a0 \u00a0 \u00a0 \u00a0 \u00a0 \u00a0 \u00a0 \u00a0 \u00a0\u00a0<\/p>\n<p>\u00a0 LIBIA INES ALEMAN NOVOA \u00a0 \u00a0 \u00a0 \u00a0 \u00a0 \u00a0 \u00a0 \u00a0 \u00a0 \u00a0\u00a0<\/p>\n<p>Auxiliar Administrativo Secretar\u00eda de \u00a0Agricultura de Boyac\u00e1 \u00a0 \u00a0 \u00a0 \u00a0 \u00a0 \u00a0 \u00a0 \u00a0 \u00a0 \u00a0\u00a0<\/p>\n<p>Juzgado Primero Penal Municipal de Tunja \u00a0 \u00a0 \u00a0 \u00a0 \u00a0 \u00a0 \u00a0 \u00a0 \u00a0 \u00a0\u00a0<\/p>\n<p>Neg\u00f3 \u00a0 \u00a0 \u00a0 \u00a0 \u00a0 \u00a0 \u00a0 \u00a0 \u00a0 \u00a0\u00a0<\/p>\n<p>Juzgado Quinto Penal del Circuito de Tunja \u00a0 \u00a0\u00a0<\/p>\n<p>Revoc\u00f3 y concedi\u00f3 \u00a0\u00a0<\/p>\n<p>T 366832 \u00a0 \u00a0 \u00a0 \u00a0 \u00a0 \u00a0 \u00a0 \u00a0 \u00a0 \u00a0\u00a0<\/p>\n<p>\u00a0 ESTHER JULIA BENITEZ \u00a0 \u00a0 \u00a0 \u00a0 \u00a0 \u00a0 \u00a0 \u00a0 \u00a0 \u00a0\u00a0<\/p>\n<p>\u00a0Colegio Miguel Mercado \u00a0 \u00a0 \u00a0 \u00a0 \u00a0 \u00a0 \u00a0 \u00a0 \u00a0 \u00a0\u00a0<\/p>\n<p>Juzgado Quinto Civil Municipal de Palmira \u00a0 \u00a0 \u00a0 \u00a0 \u00a0 \u00a0 \u00a0 \u00a0 \u00a0 \u00a0\u00a0<\/p>\n<p>Concedi\u00f3 \u00a0 \u00a0 \u00a0 \u00a0 \u00a0 \u00a0 \u00a0 \u00a0 \u00a0 \u00a0\u00a0<\/p>\n<p>No hubo \u00a0\u00a0<\/p>\n<p>T 366698 \u00a0 \u00a0 \u00a0 \u00a0 \u00a0 \u00a0 \u00a0 \u00a0 \u00a0 \u00a0\u00a0<\/p>\n<p>\u00a0 JUAN PABLO PEREZ BENITEZ\u00a0 \u00a0 \u00a0 \u00a0 \u00a0 \u00a0 \u00a0 \u00a0 \u00a0 \u00a0 \u00a0\u00a0<\/p>\n<p>Manuel Cano Rico (INDEN) de San Cristobal \u00a0 \u00a0 \u00a0 \u00a0 \u00a0 \u00a0 \u00a0 \u00a0 \u00a0 \u00a0\u00a0<\/p>\n<p>Juzgado Segundo de Menores de Medell\u00edn \u00a0 \u00a0 \u00a0 \u00a0 \u00a0 \u00a0 \u00a0 \u00a0 \u00a0 \u00a0\u00a0<\/p>\n<p>Concedi\u00f3 \u00a0 \u00a0\u00a0<\/p>\n<p>\u00a0 \u00a0\u00a0 \u00a0 \u00a0 \u00a0 \u00a0 \u00a0 \u00a0 \u00a0 \u00a0\u00a0<\/p>\n<p>Tribunal Superior de Medell\u00edn Sala de Familia \u00a0 \u00a0\u00a0<\/p>\n<p>Confirm\u00f3 \u00a0\u00a0<\/p>\n<p>T 366833 \u00a0 \u00a0 \u00a0 \u00a0 \u00a0 \u00a0 \u00a0 \u00a0 \u00a0 \u00a0\u00a0<\/p>\n<p>\u00a0 LIDA CRUZ DE GARCIA \u00a0 \u00a0 \u00a0 \u00a0 \u00a0 \u00a0 \u00a0 \u00a0 \u00a0 \u00a0\u00a0<\/p>\n<p>Docente (Valle del cauca) \u00a0 \u00a0 \u00a0 \u00a0 \u00a0 \u00a0 \u00a0 \u00a0 \u00a0 \u00a0\u00a0<\/p>\n<p>Juzgado Promiscuo \u00a0Municipal de San Pedro\u00a0 \u00a0 \u00a0 \u00a0 \u00a0 \u00a0 \u00a0 \u00a0 \u00a0 \u00a0 \u00a0\u00a0<\/p>\n<p>Neg\u00f3 \u00a0 \u00a0 \u00a0 \u00a0 \u00a0 \u00a0 \u00a0 \u00a0 \u00a0 \u00a0\u00a0<\/p>\n<p>Juzgado Primero Penal del Cicuito de Tulua \u00a0 \u00a0\u00a0<\/p>\n<p>Revoc\u00f3 y concedi\u00f3 \u00a0\u00a0<\/p>\n<p>T 366993 \u00a0 \u00a0 \u00a0 \u00a0 \u00a0 \u00a0 \u00a0 \u00a0 \u00a0 \u00a0\u00a0<\/p>\n<p>\u00a0 MARIA HERMELINA CASTA\u00d1O ESCOBAR \u00a0 \u00a0 \u00a0 \u00a0 \u00a0 \u00a0 \u00a0 \u00a0 \u00a0 \u00a0\u00a0<\/p>\n<p>Docente (Antioquia) \u00a0 \u00a0 \u00a0 \u00a0 \u00a0 \u00a0 \u00a0 \u00a0 \u00a0 \u00a0\u00a0<\/p>\n<p>Juzgado Segundo Civil del Circuito de Medell\u00edn \u00a0 \u00a0 \u00a0 \u00a0 \u00a0 \u00a0 \u00a0 \u00a0 \u00a0 \u00a0\u00a0<\/p>\n<p>Concedi\u00f3 \u00a0 \u00a0 \u00a0 \u00a0 \u00a0 \u00a0 \u00a0 \u00a0 \u00a0 \u00a0\u00a0<\/p>\n<p>No hubo \u00a0\u00a0<\/p>\n<p>T 367061 \u00a0 \u00a0 \u00a0 \u00a0 \u00a0 \u00a0 \u00a0 \u00a0 \u00a0 \u00a0\u00a0<\/p>\n<p>\u00a0 CECILIA SALAS CARDONA \u00a0 \u00a0 \u00a0 \u00a0 \u00a0 \u00a0 \u00a0 \u00a0 \u00a0 \u00a0\u00a0<\/p>\n<p>Colegio Santa Juana de Lestona C. \u00a0 \u00a0 \u00a0 \u00a0 \u00a0 \u00a0 \u00a0 \u00a0 \u00a0 \u00a0\u00a0<\/p>\n<p>Juzgado Sexto Civil Municipal de Medell\u00edn \u00a0 \u00a0 \u00a0 \u00a0 \u00a0 \u00a0 \u00a0 \u00a0 \u00a0 \u00a0\u00a0<\/p>\n<p>Concedi\u00f3 \u00a0 \u00a0 \u00a0 \u00a0 \u00a0 \u00a0 \u00a0 \u00a0 \u00a0 \u00a0\u00a0<\/p>\n<p>Juzgado Segundo Civil del Circuito de Medell\u00edn \u00a0 \u00a0\u00a0<\/p>\n<p>Confirm\u00f3 \u00a0\u00a0<\/p>\n<p>T 367165 \u00a0 \u00a0 \u00a0 \u00a0 \u00a0 \u00a0 \u00a0 \u00a0 \u00a0 \u00a0\u00a0<\/p>\n<p>\u00a0 JOSE DE JESUS MESA GALVIS \u00a0 \u00a0 \u00a0 \u00a0 \u00a0 \u00a0 \u00a0 \u00a0 \u00a0 \u00a0\u00a0<\/p>\n<p>Universidad del Atl\u00e1ntico \u00a0 \u00a0 \u00a0 \u00a0 \u00a0 \u00a0 \u00a0 \u00a0 \u00a0 \u00a0\u00a0<\/p>\n<p>Tribunal Superior del Distrito Judicial de Barranquilla Sala Laboral \u00a0 \u00a0 \u00a0 \u00a0 \u00a0 \u00a0 \u00a0 \u00a0 \u00a0 \u00a0\u00a0<\/p>\n<p>Concedi\u00f3 \u00a0 \u00a0 \u00a0 \u00a0 \u00a0 \u00a0 \u00a0 \u00a0 \u00a0 \u00a0\u00a0<\/p>\n<p>No hubo \u00a0\u00a0<\/p>\n<p>T 367420 \u00a0 \u00a0 \u00a0 \u00a0 \u00a0 \u00a0 \u00a0 \u00a0 \u00a0 \u00a0\u00a0<\/p>\n<p>\u00a0 ANA BEATRIZ CHAVERRA PANESSO \u00a0 \u00a0 \u00a0 \u00a0 \u00a0 \u00a0 \u00a0 \u00a0 \u00a0 \u00a0\u00a0<\/p>\n<p>Docente (Tolima) \u00a0 \u00a0 \u00a0 \u00a0 \u00a0 \u00a0 \u00a0 \u00a0 \u00a0 \u00a0\u00a0<\/p>\n<p>Juzgado Ochenta Penal Municipal de Bogot\u00e1 \u00a0 \u00a0 \u00a0 \u00a0 \u00a0 \u00a0 \u00a0 \u00a0 \u00a0 \u00a0\u00a0<\/p>\n<p>Neg\u00f3 \u00a0 \u00a0 \u00a0 \u00a0 \u00a0 \u00a0 \u00a0 \u00a0 \u00a0 \u00a0\u00a0<\/p>\n<p>No hubo \u00a0\u00a0<\/p>\n<p>T 367433 \u00a0 \u00a0 \u00a0 \u00a0 \u00a0 \u00a0 \u00a0 \u00a0 \u00a0 \u00a0\u00a0<\/p>\n<p>Docente (Antioquia) \u00a0 \u00a0 \u00a0 \u00a0 \u00a0 \u00a0 \u00a0 \u00a0 \u00a0 \u00a0\u00a0<\/p>\n<p>Juzgado Cuarto de Menores de Medell\u00edn \u00a0 \u00a0 \u00a0 \u00a0 \u00a0 \u00a0 \u00a0 \u00a0 \u00a0 \u00a0\u00a0<\/p>\n<p>Concedi\u00f3 \u00a0 \u00a0\u00a0<\/p>\n<p>\u00a0 \u00a0\u00a0 \u00a0 \u00a0 \u00a0 \u00a0 \u00a0 \u00a0 \u00a0 \u00a0\u00a0<\/p>\n<p>Tribunal Superior de\u00a0 \u00a0 \u00a0\u00a0<\/p>\n<p>Medell\u00edn, Sala Tercera \u00a0 \u00a0\u00a0<\/p>\n<p>Confirm\u00f3 \u00a0\u00a0<\/p>\n<p>T 366324 \u00a0 \u00a0 \u00a0 \u00a0 \u00a0 \u00a0 \u00a0 \u00a0 \u00a0 \u00a0\u00a0<\/p>\n<p>\u00a0 MAR\u00cdA ELENA ZU\u00d1IGA ARIAS \u00a0 \u00a0 \u00a0 \u00a0 \u00a0 \u00a0 \u00a0 \u00a0 \u00a0 \u00a0\u00a0<\/p>\n<p>Escuela Mixta \u00a0No. 17 Jornada Tarde \u00a0 \u00a0 \u00a0 \u00a0 \u00a0 \u00a0 \u00a0 \u00a0 \u00a0 \u00a0\u00a0<\/p>\n<p>Juzgado Segundo Laboral del Circuito Ci\u00e9naga \u00a0 \u00a0 \u00a0 \u00a0 \u00a0 \u00a0 \u00a0 \u00a0 \u00a0 \u00a0\u00a0<\/p>\n<p>Concedi\u00f3 \u00a0 \u00a0 \u00a0 \u00a0 \u00a0 \u00a0 \u00a0 \u00a0 \u00a0 \u00a0\u00a0<\/p>\n<p>No hubo \u00a0\u00a0<\/p>\n<p>T 364844 \u00a0 \u00a0 \u00a0 \u00a0 \u00a0 \u00a0 \u00a0 \u00a0 \u00a0 \u00a0\u00a0<\/p>\n<p>\u00a0 LIZANDRO MORALES ZABALA \u00a0 \u00a0 \u00a0 \u00a0 \u00a0 \u00a0 \u00a0 \u00a0 \u00a0 \u00a0\u00a0<\/p>\n<p>FED (Tolima) \u00a0 \u00a0 \u00a0 \u00a0 \u00a0 \u00a0 \u00a0 \u00a0 \u00a0 \u00a0\u00a0<\/p>\n<p>Juzgado Unico Penal Municipal de Ataco \u00a0 \u00a0 \u00a0 \u00a0 \u00a0 \u00a0 \u00a0 \u00a0 \u00a0 \u00a0\u00a0<\/p>\n<p>Concedi\u00f3 \u00a0 \u00a0 \u00a0 \u00a0 \u00a0 \u00a0 \u00a0 \u00a0 \u00a0 \u00a0\u00a0<\/p>\n<p>No hubo \u00a0\u00a0<\/p>\n<p>T 364839 \u00a0 \u00a0 \u00a0 \u00a0 \u00a0 \u00a0 \u00a0 \u00a0 \u00a0 \u00a0\u00a0<\/p>\n<p>\u00a0 MARIA DEYANIRA OSPINA ORTIZ \u00a0 \u00a0 \u00a0 \u00a0 \u00a0 \u00a0 \u00a0 \u00a0 \u00a0 \u00a0\u00a0<\/p>\n<p>FED (Tolima)\u00a0 \u00a0 \u00a0 \u00a0 \u00a0 \u00a0 \u00a0 \u00a0 \u00a0 \u00a0 \u00a0\u00a0<\/p>\n<p>Juzgado Unico Penal Municipal de Ataco \u00a0 \u00a0 \u00a0 \u00a0 \u00a0 \u00a0 \u00a0 \u00a0 \u00a0 \u00a0\u00a0<\/p>\n<p>Concedi\u00f3 \u00a0 \u00a0 \u00a0 \u00a0 \u00a0 \u00a0 \u00a0 \u00a0 \u00a0 \u00a0\u00a0<\/p>\n<p>No hubo \u00a0\u00a0<\/p>\n<p>T 365362 \u00a0 \u00a0 \u00a0 \u00a0 \u00a0 \u00a0 \u00a0 \u00a0 \u00a0 \u00a0\u00a0<\/p>\n<p>\u00a0 LUZ DARY PAREJA LAVERDE \u00a0 \u00a0 \u00a0 \u00a0 \u00a0 \u00a0 \u00a0 \u00a0 \u00a0 \u00a0\u00a0<\/p>\n<p>Docente (Antioquia) \u00a0 \u00a0 \u00a0 \u00a0 \u00a0 \u00a0 \u00a0 \u00a0 \u00a0 \u00a0\u00a0<\/p>\n<p>Juzgado Veintid\u00f3s Civil Municipal de Medell\u00edn \u00a0 \u00a0 \u00a0 \u00a0 \u00a0 \u00a0 \u00a0 \u00a0 \u00a0 \u00a0\u00a0<\/p>\n<p>Concedi\u00f3 \u00a0 \u00a0 \u00a0 \u00a0 \u00a0 \u00a0 \u00a0 \u00a0 \u00a0 \u00a0\u00a0<\/p>\n<p>Juzgado Cuarto Civil del Circuito de Medell\u00edn \u00a0 \u00a0\u00a0<\/p>\n<p>Confirm\u00f3 \u00a0\u00a0<\/p>\n<p>T 364875 \u00a0 \u00a0 \u00a0 \u00a0 \u00a0 \u00a0 \u00a0 \u00a0 \u00a0 \u00a0\u00a0<\/p>\n<p>\u00a0 FERNANDO ALVIRA TORRES \u00a0 \u00a0 \u00a0 \u00a0 \u00a0 \u00a0 \u00a0 \u00a0 \u00a0 \u00a0\u00a0<\/p>\n<p>Docente (Tolima) \u00a0 \u00a0 \u00a0 \u00a0 \u00a0 \u00a0 \u00a0 \u00a0 \u00a0 \u00a0\u00a0<\/p>\n<p>Juzgado Unico Penal Municipal de Ataco \u00a0 \u00a0 \u00a0 \u00a0 \u00a0 \u00a0 \u00a0 \u00a0 \u00a0 \u00a0\u00a0<\/p>\n<p>Concedi\u00f3 \u00a0 \u00a0 \u00a0 \u00a0 \u00a0 \u00a0 \u00a0 \u00a0 \u00a0 \u00a0\u00a0<\/p>\n<p>No hubo \u00a0\u00a0<\/p>\n<p>T 364876 \u00a0 \u00a0 \u00a0 \u00a0 \u00a0 \u00a0 \u00a0 \u00a0 \u00a0 \u00a0\u00a0<\/p>\n<p>\u00a0 ANA VILAMA HERNADZ DE ALVIRA \u00a0 \u00a0 \u00a0 \u00a0 \u00a0 \u00a0 \u00a0 \u00a0 \u00a0 \u00a0\u00a0<\/p>\n<p>Docente (Tolima) \u00a0 \u00a0 \u00a0 \u00a0 \u00a0 \u00a0 \u00a0 \u00a0 \u00a0 \u00a0\u00a0<\/p>\n<p>Juzgado Unico Penal Municipal de Ataco \u00a0 \u00a0 \u00a0 \u00a0 \u00a0 \u00a0 \u00a0 \u00a0 \u00a0 \u00a0\u00a0<\/p>\n<p>Concedi\u00f3 \u00a0 \u00a0 \u00a0 \u00a0 \u00a0 \u00a0 \u00a0 \u00a0 \u00a0 \u00a0\u00a0<\/p>\n<p>No hubo \u00a0\u00a0<\/p>\n<p>\u00a0 LIBIA NAJERA RAMOS \u00a0 \u00a0 \u00a0 \u00a0 \u00a0 \u00a0 \u00a0 \u00a0 \u00a0 \u00a0\u00a0<\/p>\n<p>FER (Tolima) \u00a0 \u00a0 \u00a0 \u00a0 \u00a0 \u00a0 \u00a0 \u00a0 \u00a0 \u00a0\u00a0<\/p>\n<p>Juzgado Unico Penal Municipal de Ataco \u00a0 \u00a0 \u00a0 \u00a0 \u00a0 \u00a0 \u00a0 \u00a0 \u00a0 \u00a0\u00a0<\/p>\n<p>Concedi\u00f3 \u00a0 \u00a0 \u00a0 \u00a0 \u00a0 \u00a0 \u00a0 \u00a0 \u00a0 \u00a0\u00a0<\/p>\n<p>No hubo \u00a0\u00a0<\/p>\n<p>T 364857 \u00a0 \u00a0 \u00a0 \u00a0 \u00a0 \u00a0 \u00a0 \u00a0 \u00a0 \u00a0\u00a0<\/p>\n<p>\u00a0 FAUSTINO GUTIERREZ RODRIGUEZ \u00a0 \u00a0 \u00a0 \u00a0 \u00a0 \u00a0 \u00a0 \u00a0 \u00a0 \u00a0\u00a0<\/p>\n<p>Docente (Tolima) \u00a0 \u00a0 \u00a0 \u00a0 \u00a0 \u00a0 \u00a0 \u00a0 \u00a0 \u00a0\u00a0<\/p>\n<p>Juzgado Unico Penal Municipal de Ataco \u00a0 \u00a0 \u00a0 \u00a0 \u00a0 \u00a0 \u00a0 \u00a0 \u00a0 \u00a0\u00a0<\/p>\n<p>Concedi\u00f3 \u00a0 \u00a0 \u00a0 \u00a0 \u00a0 \u00a0 \u00a0 \u00a0 \u00a0 \u00a0\u00a0<\/p>\n<p>No hubo \u00a0\u00a0<\/p>\n<p>T 364858 \u00a0 \u00a0 \u00a0 \u00a0 \u00a0 \u00a0 \u00a0 \u00a0 \u00a0 \u00a0\u00a0<\/p>\n<p>\u00a0 HUMBERTO TOVAR ANDRADE \u00a0 \u00a0 \u00a0 \u00a0 \u00a0 \u00a0 \u00a0 \u00a0 \u00a0 \u00a0\u00a0<\/p>\n<p>Escuela Urbana Mixta Nuestra Se\u00f1ora de Lourdes \u00a0 \u00a0 \u00a0 \u00a0 \u00a0 \u00a0 \u00a0 \u00a0 \u00a0 \u00a0\u00a0<\/p>\n<p>Juzgado Unico Penal Municipal de Ataco \u00a0 \u00a0 \u00a0 \u00a0 \u00a0 \u00a0 \u00a0 \u00a0 \u00a0 \u00a0\u00a0<\/p>\n<p>Concedi\u00f3 \u00a0 \u00a0 \u00a0 \u00a0 \u00a0 \u00a0 \u00a0 \u00a0 \u00a0 \u00a0\u00a0<\/p>\n<p>No hubo \u00a0\u00a0<\/p>\n<p>T 364859 \u00a0 \u00a0 \u00a0 \u00a0 \u00a0 \u00a0 \u00a0 \u00a0 \u00a0 \u00a0\u00a0<\/p>\n<p>\u00a0 ALVARO ARBOLEDA ALVAREZ \u00a0 \u00a0 \u00a0 \u00a0 \u00a0 \u00a0 \u00a0 \u00a0 \u00a0 \u00a0\u00a0<\/p>\n<p>N\u00facleo educativo No. 064 Ataco \u00a0 \u00a0 \u00a0 \u00a0 \u00a0 \u00a0 \u00a0 \u00a0 \u00a0 \u00a0\u00a0<\/p>\n<p>Juzgado Unico Penal Municipal de Ataco \u00a0 \u00a0 \u00a0 \u00a0 \u00a0 \u00a0 \u00a0 \u00a0 \u00a0 \u00a0\u00a0<\/p>\n<p>Concedi\u00f3 \u00a0 \u00a0 \u00a0 \u00a0 \u00a0 \u00a0 \u00a0 \u00a0 \u00a0 \u00a0\u00a0<\/p>\n<p>No hubo \u00a0\u00a0<\/p>\n<p>T 366469 \u00a0 \u00a0 \u00a0 \u00a0 \u00a0 \u00a0 \u00a0 \u00a0 \u00a0 \u00a0\u00a0<\/p>\n<p>\u00a0 JOSE JAIR VALENCIA \u00a0 \u00a0 \u00a0 \u00a0 \u00a0 \u00a0 \u00a0 \u00a0 \u00a0 \u00a0\u00a0<\/p>\n<p>Instituto Humberto Raffo Rivera \u00a0 \u00a0 \u00a0 \u00a0 \u00a0 \u00a0 \u00a0 \u00a0 \u00a0 \u00a0\u00a0<\/p>\n<p>Juzgado S\u00e9ptimo Civil Municipal de Palmira \u00a0 \u00a0 \u00a0 \u00a0 \u00a0 \u00a0 \u00a0 \u00a0 \u00a0 \u00a0\u00a0<\/p>\n<p>Concedi\u00f3 \u00a0 \u00a0 \u00a0 \u00a0 \u00a0 \u00a0 \u00a0 \u00a0 \u00a0 \u00a0\u00a0<\/p>\n<p>No hubo \u00a0\u00a0<\/p>\n<p>\u00a0 LUZ MARY ORTIZ MOLANO \u00a0 \u00a0 \u00a0 \u00a0 \u00a0 \u00a0 \u00a0 \u00a0 \u00a0 \u00a0\u00a0<\/p>\n<p>E.R.M. Agua Dulce (Tolima) \u00a0 \u00a0 \u00a0 \u00a0 \u00a0 \u00a0 \u00a0 \u00a0 \u00a0 \u00a0\u00a0<\/p>\n<p>Juzgado Unico Penal Municipal de Ataco \u00a0 \u00a0 \u00a0 \u00a0 \u00a0 \u00a0 \u00a0 \u00a0 \u00a0 \u00a0\u00a0<\/p>\n<p>Concedi\u00f3 \u00a0 \u00a0 \u00a0 \u00a0 \u00a0 \u00a0 \u00a0 \u00a0 \u00a0 \u00a0\u00a0<\/p>\n<p>No hubo \u00a0\u00a0<\/p>\n<p>T 364853 \u00a0 \u00a0 \u00a0 \u00a0 \u00a0 \u00a0 \u00a0 \u00a0 \u00a0 \u00a0\u00a0<\/p>\n<p>\u00a0 ASTRID LOZANO RODRIGUEZ \u00a0 \u00a0 \u00a0 \u00a0 \u00a0 \u00a0 \u00a0 \u00a0 \u00a0 \u00a0\u00a0<\/p>\n<p>Instituto Nacional Mart\u00edn Pomala \u00a0 \u00a0 \u00a0 \u00a0 \u00a0 \u00a0 \u00a0 \u00a0 \u00a0 \u00a0\u00a0<\/p>\n<p>Juzgado Unico Penal Municipal de Ataco \u00a0 \u00a0 \u00a0 \u00a0 \u00a0 \u00a0 \u00a0 \u00a0 \u00a0 \u00a0\u00a0<\/p>\n<p>Concedi\u00f3 \u00a0 \u00a0 \u00a0 \u00a0 \u00a0 \u00a0 \u00a0 \u00a0 \u00a0 \u00a0\u00a0<\/p>\n<p>No hubo \u00a0\u00a0<\/p>\n<p>T364854 \u00a0 \u00a0 \u00a0 \u00a0 \u00a0 \u00a0 \u00a0 \u00a0 \u00a0 \u00a0\u00a0<\/p>\n<p>\u00a0 HELIO FABIO JIMENE NARVAEZ \u00a0 \u00a0 \u00a0 \u00a0 \u00a0 \u00a0 \u00a0 \u00a0 \u00a0 \u00a0\u00a0<\/p>\n<p>Escuela Mixta Rural Palestina \u00a0 \u00a0 \u00a0 \u00a0 \u00a0 \u00a0 \u00a0 \u00a0 \u00a0 \u00a0\u00a0<\/p>\n<p>Juzgado Unico Penal Municipal de Ataco \u00a0 \u00a0 \u00a0 \u00a0 \u00a0 \u00a0 \u00a0 \u00a0 \u00a0 \u00a0\u00a0<\/p>\n<p>Concedi\u00f3 \u00a0 \u00a0 \u00a0 \u00a0 \u00a0 \u00a0 \u00a0 \u00a0 \u00a0 \u00a0\u00a0<\/p>\n<p>No hubo \u00a0\u00a0<\/p>\n<p>T 364855 \u00a0 \u00a0 \u00a0 \u00a0 \u00a0 \u00a0 \u00a0 \u00a0 \u00a0 \u00a0\u00a0<\/p>\n<p>\u00a0 MARIA DARCY GONZALES\u00a0 \u00a0 \u00a0 \u00a0 \u00a0 \u00a0 \u00a0 \u00a0 \u00a0 \u00a0 \u00a0\u00a0<\/p>\n<p>Escuela Rural San Pedro \u00a0 \u00a0 \u00a0 \u00a0 \u00a0 \u00a0 \u00a0 \u00a0 \u00a0 \u00a0\u00a0<\/p>\n<p>Juzgado Unico Penal Municipal de Ataco \u00a0 \u00a0 \u00a0 \u00a0 \u00a0 \u00a0 \u00a0 \u00a0 \u00a0 \u00a0\u00a0<\/p>\n<p>Concedi\u00f3 \u00a0 \u00a0 \u00a0 \u00a0 \u00a0 \u00a0 \u00a0 \u00a0 \u00a0 \u00a0\u00a0<\/p>\n<p>No hubo \u00a0\u00a0<\/p>\n<p>T 364856 \u00a0 \u00a0 \u00a0 \u00a0 \u00a0 \u00a0 \u00a0 \u00a0 \u00a0 \u00a0\u00a0<\/p>\n<p>\u00a0 LUZ MARINA GONZALES ARIAS \u00a0 \u00a0 \u00a0 \u00a0 \u00a0 \u00a0 \u00a0 \u00a0 \u00a0 \u00a0\u00a0<\/p>\n<p>Escuela Urbana Camilo Torres \u00a0 \u00a0 \u00a0 \u00a0 \u00a0 \u00a0 \u00a0 \u00a0 \u00a0 \u00a0\u00a0<\/p>\n<p>Juzgado Unico Penal Municipal de Ataco \u00a0 \u00a0 \u00a0 \u00a0 \u00a0 \u00a0 \u00a0 \u00a0 \u00a0 \u00a0\u00a0<\/p>\n<p>Concedi\u00f3 \u00a0 \u00a0 \u00a0 \u00a0 \u00a0 \u00a0 \u00a0 \u00a0 \u00a0 \u00a0\u00a0<\/p>\n<p>No hubo \u00a0\u00a0<\/p>\n<p>T 364849 \u00a0 \u00a0 \u00a0 \u00a0 \u00a0 \u00a0 \u00a0 \u00a0 \u00a0 \u00a0\u00a0<\/p>\n<p>\u00a0 FRANCISCO ANTONIO MIRANDA \u00a0 \u00a0 \u00a0 \u00a0 \u00a0 \u00a0 \u00a0 \u00a0 \u00a0 \u00a0\u00a0<\/p>\n<p>FED (Tolima) \u00a0 \u00a0 \u00a0 \u00a0 \u00a0 \u00a0 \u00a0 \u00a0 \u00a0 \u00a0\u00a0<\/p>\n<p>Juzgado Unico Penal Municipal de Ataco \u00a0 \u00a0 \u00a0 \u00a0 \u00a0 \u00a0 \u00a0 \u00a0 \u00a0 \u00a0\u00a0<\/p>\n<p>Concedi\u00f3 \u00a0 \u00a0 \u00a0 \u00a0 \u00a0 \u00a0 \u00a0 \u00a0 \u00a0 \u00a0\u00a0<\/p>\n<p>No hubo \u00a0\u00a0<\/p>\n<p>T 364850 \u00a0 \u00a0 \u00a0 \u00a0 \u00a0 \u00a0 \u00a0 \u00a0 \u00a0 \u00a0\u00a0<\/p>\n<p>\u00a0 MILLER CULMA \u00a0 \u00a0 \u00a0 \u00a0 \u00a0 \u00a0 \u00a0 \u00a0 \u00a0 \u00a0\u00a0<\/p>\n<p>Camilo Torres \u00a0 \u00a0 \u00a0 \u00a0 \u00a0 \u00a0 \u00a0 \u00a0 \u00a0 \u00a0\u00a0<\/p>\n<p>Juzgado Unico Penal Municipal de Ataco \u00a0 \u00a0 \u00a0 \u00a0 \u00a0 \u00a0 \u00a0 \u00a0 \u00a0 \u00a0\u00a0<\/p>\n<p>Concedi\u00f3 \u00a0 \u00a0 \u00a0 \u00a0 \u00a0 \u00a0 \u00a0 \u00a0 \u00a0 \u00a0\u00a0<\/p>\n<p>No hubo \u00a0\u00a0<\/p>\n<p>T 364851 \u00a0 \u00a0 \u00a0 \u00a0 \u00a0 \u00a0 \u00a0 \u00a0 \u00a0 \u00a0\u00a0<\/p>\n<p>FED (Tolima) \u00a0 \u00a0 \u00a0 \u00a0 \u00a0 \u00a0 \u00a0 \u00a0 \u00a0 \u00a0\u00a0<\/p>\n<p>Juzgado Unico Penal Municipal de Ataco \u00a0 \u00a0 \u00a0 \u00a0 \u00a0 \u00a0 \u00a0 \u00a0 \u00a0 \u00a0\u00a0<\/p>\n<p>Concedi\u00f3 \u00a0 \u00a0 \u00a0 \u00a0 \u00a0 \u00a0 \u00a0 \u00a0 \u00a0 \u00a0\u00a0<\/p>\n<p>No hubo \u00a0\u00a0<\/p>\n<p>T 364848 \u00a0 \u00a0 \u00a0 \u00a0 \u00a0 \u00a0 \u00a0 \u00a0 \u00a0 \u00a0\u00a0<\/p>\n<p>\u00a0 BEATRIZ HERANDEZ OSPINA \u00a0 \u00a0 \u00a0 \u00a0 \u00a0 \u00a0 \u00a0 \u00a0 \u00a0 \u00a0\u00a0<\/p>\n<p>Instituto Nacional Mart\u00edn Pomala \u00a0 \u00a0 \u00a0 \u00a0 \u00a0 \u00a0 \u00a0 \u00a0 \u00a0 \u00a0\u00a0<\/p>\n<p>Juzgado Unico Penal Municipal de Ataco \u00a0 \u00a0 \u00a0 \u00a0 \u00a0 \u00a0 \u00a0 \u00a0 \u00a0 \u00a0\u00a0<\/p>\n<p>Concedi\u00f3 \u00a0 \u00a0 \u00a0 \u00a0 \u00a0 \u00a0 \u00a0 \u00a0 \u00a0 \u00a0\u00a0<\/p>\n<p>No hubo \u00a0\u00a0<\/p>\n<p>T 364847 \u00a0 \u00a0 \u00a0 \u00a0 \u00a0 \u00a0 \u00a0 \u00a0 \u00a0 \u00a0\u00a0<\/p>\n<p>\u00a0 MARIO FERNANDO GARCIA TELLO \u00a0 \u00a0 \u00a0 \u00a0 \u00a0 \u00a0 \u00a0 \u00a0 \u00a0 \u00a0\u00a0<\/p>\n<p>Instituto Nacional Mart\u00edn Pomala \u00a0 \u00a0 \u00a0 \u00a0 \u00a0 \u00a0 \u00a0 \u00a0 \u00a0 \u00a0\u00a0<\/p>\n<p>Juzgado Unico Penal Municipal de Ataco \u00a0 \u00a0 \u00a0 \u00a0 \u00a0 \u00a0 \u00a0 \u00a0 \u00a0 \u00a0\u00a0<\/p>\n<p>Concedi\u00f3 \u00a0 \u00a0 \u00a0 \u00a0 \u00a0 \u00a0 \u00a0 \u00a0 \u00a0 \u00a0\u00a0<\/p>\n<p>No hubo \u00a0\u00a0<\/p>\n<p>T 366672 \u00a0 \u00a0 \u00a0 \u00a0 \u00a0 \u00a0 \u00a0 \u00a0 \u00a0 \u00a0\u00a0<\/p>\n<p>\u00a0 LUCIA ARANGO PEREZ \u00a0 \u00a0 \u00a0 \u00a0 \u00a0 \u00a0 \u00a0 \u00a0 \u00a0 \u00a0\u00a0<\/p>\n<p>John F. Kennedy de Envigado \u00a0 \u00a0 \u00a0 \u00a0 \u00a0 \u00a0 \u00a0 \u00a0 \u00a0 \u00a0\u00a0<\/p>\n<p>Juzgado Segundo de Menores de Medell\u00edn \u00a0 \u00a0 \u00a0 \u00a0 \u00a0 \u00a0 \u00a0 \u00a0 \u00a0 \u00a0\u00a0<\/p>\n<p>Concedi\u00f3 \u00a0 \u00a0 \u00a0 \u00a0 \u00a0 \u00a0 \u00a0 \u00a0 \u00a0 \u00a0\u00a0<\/p>\n<p>Tribunal Superior de Medell\u00edn, Sala de Familia \u00a0 \u00a0\u00a0<\/p>\n<p>Confirm\u00f3 \u00a0\u00a0<\/p>\n<p>T 364846 \u00a0 \u00a0 \u00a0 \u00a0 \u00a0 \u00a0 \u00a0 \u00a0 \u00a0 \u00a0\u00a0<\/p>\n<p>\u00a0 ARMANDO LOZANO CALDERON \u00a0 \u00a0 \u00a0 \u00a0 \u00a0 \u00a0 \u00a0 \u00a0 \u00a0 \u00a0\u00a0<\/p>\n<p>Instituto Nacional Mart\u00edn Pomala \u00a0 \u00a0 \u00a0 \u00a0 \u00a0 \u00a0 \u00a0 \u00a0 \u00a0 \u00a0\u00a0<\/p>\n<p>Juzgado Unico Penal Municipal de Ataco \u00a0 \u00a0 \u00a0 \u00a0 \u00a0 \u00a0 \u00a0 \u00a0 \u00a0 \u00a0\u00a0<\/p>\n<p>Concedi\u00f3\u00a0 \u00a0 \u00a0 \u00a0 \u00a0 \u00a0 \u00a0 \u00a0 \u00a0 \u00a0 \u00a0\u00a0<\/p>\n<p>No hubo \u00a0\u00a0<\/p>\n<p>\u00a0ANA SOFIA ROJAS CALABRIA \u00a0 \u00a0 \u00a0 \u00a0 \u00a0 \u00a0 \u00a0 \u00a0 \u00a0 \u00a0\u00a0<\/p>\n<p>Liceo Alfonso L\u00f3pez Pumarejo \u00a0 \u00a0 \u00a0 \u00a0 \u00a0 \u00a0 \u00a0 \u00a0 \u00a0 \u00a0\u00a0<\/p>\n<p>Juzgado Segundo Civil Municipal de Medell\u00edn \u00a0 \u00a0 \u00a0 \u00a0 \u00a0 \u00a0 \u00a0 \u00a0 \u00a0 \u00a0\u00a0<\/p>\n<p>Concedi\u00f3 \u00a0 \u00a0 \u00a0 \u00a0 \u00a0 \u00a0 \u00a0 \u00a0 \u00a0 \u00a0\u00a0<\/p>\n<p>Juzgado Cuarto Civil del Circuito de Medell\u00edn \u00a0 \u00a0\u00a0<\/p>\n<p>Confirm\u00f3 \u00a0\u00a0<\/p>\n<p>T 364865 \u00a0 \u00a0 \u00a0 \u00a0 \u00a0 \u00a0 \u00a0 \u00a0 \u00a0 \u00a0\u00a0<\/p>\n<p>\u00a0 MELIDA ORTIZ MOLANO \u00a0 \u00a0 \u00a0 \u00a0 \u00a0 \u00a0 \u00a0 \u00a0 \u00a0 \u00a0\u00a0<\/p>\n<p>Escuela Camilo Torres \u00a0 \u00a0 \u00a0 \u00a0 \u00a0 \u00a0 \u00a0 \u00a0 \u00a0 \u00a0\u00a0<\/p>\n<p>Juzgado Unico Penal Municipal de Ataco \u00a0 \u00a0 \u00a0 \u00a0 \u00a0 \u00a0 \u00a0 \u00a0 \u00a0 \u00a0\u00a0<\/p>\n<p>Concedi\u00f3 \u00a0 \u00a0 \u00a0 \u00a0 \u00a0 \u00a0 \u00a0 \u00a0 \u00a0 \u00a0\u00a0<\/p>\n<p>No hubo \u00a0\u00a0<\/p>\n<p>T 364866 \u00a0 \u00a0 \u00a0 \u00a0 \u00a0 \u00a0 \u00a0 \u00a0 \u00a0 \u00a0\u00a0<\/p>\n<p>\u00a0 MARIA DIONISIA PAMO DE RAYO \u00a0 \u00a0 \u00a0 \u00a0 \u00a0 \u00a0 \u00a0 \u00a0 \u00a0 \u00a0\u00a0<\/p>\n<p>Docente (Tolima) \u00a0 \u00a0 \u00a0 \u00a0 \u00a0 \u00a0 \u00a0 \u00a0 \u00a0 \u00a0\u00a0<\/p>\n<p>Juzgado Unico Penal Municipal de Ataco \u00a0 \u00a0 \u00a0 \u00a0 \u00a0 \u00a0 \u00a0 \u00a0 \u00a0 \u00a0\u00a0<\/p>\n<p>Concedi\u00f3 \u00a0 \u00a0 \u00a0 \u00a0 \u00a0 \u00a0 \u00a0 \u00a0 \u00a0 \u00a0\u00a0<\/p>\n<p>No hubo \u00a0\u00a0<\/p>\n<p>T 364867 \u00a0 \u00a0 \u00a0 \u00a0 \u00a0 \u00a0 \u00a0 \u00a0 \u00a0 \u00a0\u00a0<\/p>\n<p>\u00a0 JORGE ALFONSO LOZANO YATE \u00a0 \u00a0 \u00a0 \u00a0 \u00a0 \u00a0 \u00a0 \u00a0 \u00a0 \u00a0\u00a0<\/p>\n<p>Colegio Nacional Mart\u00edn Pomala \u00a0 \u00a0 \u00a0 \u00a0 \u00a0 \u00a0 \u00a0 \u00a0 \u00a0 \u00a0\u00a0<\/p>\n<p>Juzgado Unico Penal Municipal de Ataco \u00a0 \u00a0 \u00a0 \u00a0 \u00a0 \u00a0 \u00a0 \u00a0 \u00a0 \u00a0\u00a0<\/p>\n<p>Concedi\u00f3 \u00a0 \u00a0 \u00a0 \u00a0 \u00a0 \u00a0 \u00a0 \u00a0 \u00a0 \u00a0\u00a0<\/p>\n<p>No hubo \u00a0\u00a0<\/p>\n<p>T 364868 \u00a0 \u00a0 \u00a0 \u00a0 \u00a0 \u00a0 \u00a0 \u00a0 \u00a0 \u00a0\u00a0<\/p>\n<p>\u00a0 HUGO BARRAGAN PLAZAS \u00a0 \u00a0 \u00a0 \u00a0 \u00a0 \u00a0 \u00a0 \u00a0 \u00a0 \u00a0\u00a0<\/p>\n<p>Instituto Nacional Mart\u00edn Pomala \u00a0 \u00a0 \u00a0 \u00a0 \u00a0 \u00a0 \u00a0 \u00a0 \u00a0 \u00a0\u00a0<\/p>\n<p>Juzgado Unico Penal Municipal de Ataco \u00a0 \u00a0 \u00a0 \u00a0 \u00a0 \u00a0 \u00a0 \u00a0 \u00a0 \u00a0\u00a0<\/p>\n<p>Concedi\u00f3 \u00a0 \u00a0 \u00a0 \u00a0 \u00a0 \u00a0 \u00a0 \u00a0 \u00a0 \u00a0\u00a0<\/p>\n<p>No hubo \u00a0\u00a0<\/p>\n<p>T 365044 \u00a0 \u00a0 \u00a0 \u00a0 \u00a0 \u00a0 \u00a0 \u00a0 \u00a0 \u00a0\u00a0<\/p>\n<p>\u00a0 RUBIELA ALCIRA PORTILLA SALAS\u00a0 \u00a0 \u00a0\u00a0<\/p>\n<p>\u00a0 Y OTROS \u00a0 \u00a0 \u00a0 \u00a0 \u00a0 \u00a0 \u00a0 \u00a0 \u00a0 \u00a0\u00a0<\/p>\n<p>Docentes (Putumayo) \u00a0 \u00a0 \u00a0 \u00a0 \u00a0 \u00a0 \u00a0 \u00a0 \u00a0 \u00a0\u00a0<\/p>\n<p>Tribunal Superior del Distrito Judicial de Pasto, Sala laboral \u00a0 \u00a0 \u00a0 \u00a0 \u00a0 \u00a0 \u00a0 \u00a0 \u00a0 \u00a0\u00a0<\/p>\n<p>Concedi\u00f3 \u00a0 \u00a0 \u00a0 \u00a0 \u00a0 \u00a0 \u00a0 \u00a0 \u00a0 \u00a0\u00a0<\/p>\n<p>No hubo \u00a0\u00a0<\/p>\n<p>T 365649 \u00a0 \u00a0 \u00a0 \u00a0 \u00a0 \u00a0 \u00a0 \u00a0 \u00a0 \u00a0\u00a0<\/p>\n<p>\u00a0 JUANA MARIA PAZ DE POLO \u00a0 \u00a0 \u00a0 \u00a0 \u00a0 \u00a0 \u00a0 \u00a0 \u00a0 \u00a0\u00a0<\/p>\n<p>Escuela Urbana de varones No 2 \u00a0 \u00a0 \u00a0 \u00a0 \u00a0 \u00a0 \u00a0 \u00a0 \u00a0 \u00a0\u00a0<\/p>\n<p>Juzgado Segundo laboral del Circuito de Ci\u00e9naga \u00a0 \u00a0 \u00a0 \u00a0 \u00a0 \u00a0 \u00a0 \u00a0 \u00a0 \u00a0\u00a0<\/p>\n<p>Concedi\u00f3 \u00a0 \u00a0 \u00a0 \u00a0 \u00a0 \u00a0 \u00a0 \u00a0 \u00a0 \u00a0\u00a0<\/p>\n<p>No hubo \u00a0\u00a0<\/p>\n<p>T 365648 \u00a0 \u00a0 \u00a0 \u00a0 \u00a0 \u00a0 \u00a0 \u00a0 \u00a0 \u00a0\u00a0<\/p>\n<p>\u00a0 EDITH ISABEL BUSTILLO PAREJO \u00a0 \u00a0 \u00a0 \u00a0 \u00a0 \u00a0 \u00a0 \u00a0 \u00a0 \u00a0\u00a0<\/p>\n<p>Escuela Urbana de Ni\u00f1as No. 6 \u00a0 \u00a0 \u00a0 \u00a0 \u00a0 \u00a0 \u00a0 \u00a0 \u00a0 \u00a0\u00a0<\/p>\n<p>Juzgado Segundo laboral del Circuito de Ci\u00e9naga \u00a0 \u00a0 \u00a0 \u00a0 \u00a0 \u00a0 \u00a0 \u00a0 \u00a0 \u00a0\u00a0<\/p>\n<p>Concedi\u00f3 \u00a0 \u00a0 \u00a0 \u00a0 \u00a0 \u00a0 \u00a0 \u00a0 \u00a0 \u00a0\u00a0<\/p>\n<p>No hubo \u00a0\u00a0<\/p>\n<p>\u00a0 HECTOR HERNAN LOPEZ ESCOBAR \u00a0 \u00a0 \u00a0 \u00a0 \u00a0 \u00a0 \u00a0 \u00a0 \u00a0 \u00a0\u00a0<\/p>\n<p>Instituto Nacional Mart\u00edn Pomala \u00a0 \u00a0 \u00a0 \u00a0 \u00a0 \u00a0 \u00a0 \u00a0 \u00a0 \u00a0\u00a0<\/p>\n<p>Juzgado Unico Penal Municipal de Ataco \u00a0 \u00a0 \u00a0 \u00a0 \u00a0 \u00a0 \u00a0 \u00a0 \u00a0 \u00a0\u00a0<\/p>\n<p>Concedi\u00f3 \u00a0 \u00a0 \u00a0 \u00a0 \u00a0 \u00a0 \u00a0 \u00a0 \u00a0 \u00a0\u00a0<\/p>\n<p>No hubo \u00a0\u00a0<\/p>\n<p>T 364880 \u00a0 \u00a0 \u00a0 \u00a0 \u00a0 \u00a0 \u00a0 \u00a0 \u00a0 \u00a0\u00a0<\/p>\n<p>\u00a0 VIRGINIA DEL SOCORRO SILVA DURAN \u00a0 \u00a0 \u00a0 \u00a0 \u00a0 \u00a0 \u00a0 \u00a0 \u00a0 \u00a0\u00a0<\/p>\n<p>Escuela 12 de Varones Ci\u00e9naga \u00a0 \u00a0 \u00a0 \u00a0 \u00a0 \u00a0 \u00a0 \u00a0 \u00a0 \u00a0\u00a0<\/p>\n<p>Juzgado Primero Penal Municipal de Ci\u00e9naga \u00a0 \u00a0 \u00a0 \u00a0 \u00a0 \u00a0 \u00a0 \u00a0 \u00a0 \u00a0\u00a0<\/p>\n<p>Concedi\u00f3 \u00a0 \u00a0 \u00a0 \u00a0 \u00a0 \u00a0 \u00a0 \u00a0 \u00a0 \u00a0\u00a0<\/p>\n<p>Juzgado Segundo Penal del Circuito de Ci\u00e9naga \u00a0 \u00a0\u00a0<\/p>\n<p>Confirm\u00f3 \u00a0\u00a0<\/p>\n<p>T 364860 \u00a0 \u00a0 \u00a0 \u00a0 \u00a0 \u00a0 \u00a0 \u00a0 \u00a0 \u00a0\u00a0<\/p>\n<p>\u00a0 MARIA ANGELA FLOR GAITAN DE ALOPE \u00a0 \u00a0 \u00a0 \u00a0 \u00a0 \u00a0 \u00a0 \u00a0 \u00a0 \u00a0\u00a0<\/p>\n<p>FED (Tolima) \u00a0 \u00a0 \u00a0 \u00a0 \u00a0 \u00a0 \u00a0 \u00a0 \u00a0 \u00a0\u00a0<\/p>\n<p>Juzgado Unico Penal Municipal de Ataco \u00a0 \u00a0 \u00a0 \u00a0 \u00a0 \u00a0 \u00a0 \u00a0 \u00a0 \u00a0\u00a0<\/p>\n<p>Concedi\u00f3 \u00a0 \u00a0 \u00a0 \u00a0 \u00a0 \u00a0 \u00a0 \u00a0 \u00a0 \u00a0\u00a0<\/p>\n<p>No hubo \u00a0\u00a0<\/p>\n<p>T 364861 \u00a0 \u00a0 \u00a0 \u00a0 \u00a0 \u00a0 \u00a0 \u00a0 \u00a0 \u00a0\u00a0<\/p>\n<p>\u00a0 JOSE CAMILO TORRES \u00a0 \u00a0 \u00a0 \u00a0 \u00a0 \u00a0 \u00a0 \u00a0 \u00a0 \u00a0\u00a0<\/p>\n<p>Colegio Casa Verde (Tolima) \u00a0 \u00a0 \u00a0 \u00a0 \u00a0 \u00a0 \u00a0 \u00a0 \u00a0 \u00a0\u00a0<\/p>\n<p>Juzgado Unico Penal Municipal de Ataco \u00a0 \u00a0 \u00a0 \u00a0 \u00a0 \u00a0 \u00a0 \u00a0 \u00a0 \u00a0\u00a0<\/p>\n<p>Concedi\u00f3 \u00a0 \u00a0 \u00a0 \u00a0 \u00a0 \u00a0 \u00a0 \u00a0 \u00a0 \u00a0\u00a0<\/p>\n<p>No hubo \u00a0\u00a0<\/p>\n<p>T 365829 \u00a0 \u00a0 \u00a0 \u00a0 \u00a0 \u00a0 \u00a0 \u00a0 \u00a0 \u00a0\u00a0<\/p>\n<p>\u00a0 NORA ELENA JIMENEZ OSORIO Y TERESA\u00a0 \u00a0 \u00a0\u00a0<\/p>\n<p>\u00a0 DEL SOCORRO OCHOA \u00a0 \u00a0 \u00a0 \u00a0 \u00a0 \u00a0 \u00a0 \u00a0 \u00a0 \u00a0\u00a0<\/p>\n<p>Docente (Antioquia) \u00a0 \u00a0 \u00a0 \u00a0 \u00a0 \u00a0 \u00a0 \u00a0 \u00a0 \u00a0\u00a0<\/p>\n<p>Juzgado Tercero Civil Municipal de Medell\u00edn \u00a0 \u00a0 \u00a0 \u00a0 \u00a0 \u00a0 \u00a0 \u00a0 \u00a0 \u00a0\u00a0<\/p>\n<p>Concedi\u00f3 \u00a0 \u00a0 \u00a0 \u00a0 \u00a0 \u00a0 \u00a0 \u00a0 \u00a0 \u00a0\u00a0<\/p>\n<p>Juzgado Cuarto Civil del Circuito de Medell\u00edn \u00a0 \u00a0\u00a0<\/p>\n<p>Confirm\u00f3 \u00a0\u00a0<\/p>\n<p>T 364862 \u00a0 \u00a0 \u00a0 \u00a0 \u00a0 \u00a0 \u00a0 \u00a0 \u00a0 \u00a0\u00a0<\/p>\n<p>\u00a0 AYDEE TAFUR LARA \u00a0 \u00a0 \u00a0 \u00a0 \u00a0 \u00a0 \u00a0 \u00a0 \u00a0 \u00a0\u00a0<\/p>\n<p>Colegio Departamental Mesa de Pole \u00a0 \u00a0 \u00a0 \u00a0 \u00a0 \u00a0 \u00a0 \u00a0 \u00a0 \u00a0\u00a0<\/p>\n<p>Juzgado Unico Penal Municipal de Ataco \u00a0 \u00a0 \u00a0 \u00a0 \u00a0 \u00a0 \u00a0 \u00a0 \u00a0 \u00a0\u00a0<\/p>\n<p>Concedi\u00f3 \u00a0 \u00a0 \u00a0 \u00a0 \u00a0 \u00a0 \u00a0 \u00a0 \u00a0 \u00a0\u00a0<\/p>\n<p>No hubo \u00a0\u00a0<\/p>\n<p>T 366125 \u00a0 \u00a0 \u00a0 \u00a0 \u00a0 \u00a0 \u00a0 \u00a0 \u00a0 \u00a0\u00a0<\/p>\n<p>\u00a0 DUBY \u00a0ISABEL RODRIGUEZ RODRIGUEZ\u00a0 \u00a0 \u00a0 \u00a0 \u00a0 \u00a0 \u00a0 \u00a0 \u00a0 \u00a0 \u00a0\u00a0<\/p>\n<p>Escuela Rural Mixta la Gloria\u00a0 \u00a0 \u00a0 \u00a0 \u00a0 \u00a0 \u00a0 \u00a0 \u00a0 \u00a0 \u00a0\u00a0<\/p>\n<p>Juzgado Segundo Laboral del Circuito de Ci\u00e9naga \u00a0 \u00a0 \u00a0 \u00a0 \u00a0 \u00a0 \u00a0 \u00a0 \u00a0 \u00a0\u00a0<\/p>\n<p>Concedi\u00f3 \u00a0 \u00a0 \u00a0 \u00a0 \u00a0 \u00a0 \u00a0 \u00a0 \u00a0 \u00a0\u00a0<\/p>\n<p>No hubo \u00a0\u00a0<\/p>\n<p>T 366116 \u00a0 \u00a0 \u00a0 \u00a0 \u00a0 \u00a0 \u00a0 \u00a0 \u00a0 \u00a0\u00a0<\/p>\n<p>\u00a0 NANCY LOPEZ PE\u00d1A \u00a0 \u00a0 \u00a0 \u00a0 \u00a0 \u00a0 \u00a0 \u00a0 \u00a0 \u00a0\u00a0<\/p>\n<p>Juzgado Primero Civil Municipal de Cali \u00a0 \u00a0 \u00a0 \u00a0 \u00a0 \u00a0 \u00a0 \u00a0 \u00a0 \u00a0\u00a0<\/p>\n<p>Concedi\u00f3 \u00a0 \u00a0 \u00a0 \u00a0 \u00a0 \u00a0 \u00a0 \u00a0 \u00a0 \u00a0\u00a0<\/p>\n<p>No hubo \u00a0\u00a0<\/p>\n<p>T 365406 \u00a0 \u00a0 \u00a0 \u00a0 \u00a0 \u00a0 \u00a0 \u00a0 \u00a0 \u00a0\u00a0<\/p>\n<p>\u00a0 CONSUELO BEATRIZ IGIRIO DE\u00a0 \u00a0 \u00a0\u00a0<\/p>\n<p>\u00a0 HERNANDEZ \u00a0 \u00a0 \u00a0 \u00a0 \u00a0 \u00a0 \u00a0 \u00a0 \u00a0 \u00a0\u00a0<\/p>\n<p>Escuela Mixta No. 20 \u00a0 \u00a0 \u00a0 \u00a0 \u00a0 \u00a0 \u00a0 \u00a0 \u00a0 \u00a0\u00a0<\/p>\n<p>Juzgado Primero Penal Municipal de Ci\u00e9naga \u00a0 \u00a0 \u00a0 \u00a0 \u00a0 \u00a0 \u00a0 \u00a0 \u00a0 \u00a0\u00a0<\/p>\n<p>Concedi\u00f3 \u00a0 \u00a0 \u00a0 \u00a0 \u00a0 \u00a0 \u00a0 \u00a0 \u00a0 \u00a0\u00a0<\/p>\n<p>Juzgado Primero Penal del Circuito de Ci\u00e9naga \u00a0 \u00a0\u00a0<\/p>\n<p>Confirm\u00f3 \u00a0\u00a0<\/p>\n<p>T 365079 \u00a0 \u00a0 \u00a0 \u00a0 \u00a0 \u00a0 \u00a0 \u00a0 \u00a0 \u00a0\u00a0<\/p>\n<p>\u00a0 ROSA MARIA GOMEZ RAMIREZ \u00a0 \u00a0 \u00a0 \u00a0 \u00a0 \u00a0 \u00a0 \u00a0 \u00a0 \u00a0\u00a0<\/p>\n<p>Colegio Santa Juana de Lestonnae (Medell\u00edn) \u00a0 \u00a0 \u00a0 \u00a0 \u00a0 \u00a0 \u00a0 \u00a0 \u00a0 \u00a0\u00a0<\/p>\n<p>Juzgado Decimonoveno Civil Municipal de Medell\u00edn \u00a0 \u00a0 \u00a0 \u00a0 \u00a0 \u00a0 \u00a0 \u00a0 \u00a0 \u00a0\u00a0<\/p>\n<p>Concedi\u00f3 \u00a0 \u00a0 \u00a0 \u00a0 \u00a0 \u00a0 \u00a0 \u00a0 \u00a0 \u00a0\u00a0<\/p>\n<p>Juzgado Cuarto Civil del Circuito de Medell\u00edn \u00a0 \u00a0\u00a0<\/p>\n<p>Confirm\u00f3 \u00a0\u00a0<\/p>\n<p>T 365117 \u00a0 \u00a0 \u00a0 \u00a0 \u00a0 \u00a0 \u00a0 \u00a0 \u00a0 \u00a0\u00a0<\/p>\n<p>\u00a0 LUZ MARIA ALVAREZ PASTRANA \u00a0Y OTROS \u00a0 \u00a0 \u00a0 \u00a0 \u00a0 \u00a0 \u00a0 \u00a0 \u00a0 \u00a0\u00a0<\/p>\n<p>Liceo Los C\u00f3rdobas \u00a0 \u00a0 \u00a0 \u00a0 \u00a0 \u00a0 \u00a0 \u00a0 \u00a0 \u00a0\u00a0<\/p>\n<p>Juzgado Promiscuo Municipal de los C\u00f3rdobas \u00a0 \u00a0 \u00a0 \u00a0 \u00a0 \u00a0 \u00a0 \u00a0 \u00a0 \u00a0\u00a0<\/p>\n<p>Concedi\u00f3 \u00a0 \u00a0 \u00a0 \u00a0 \u00a0 \u00a0 \u00a0 \u00a0 \u00a0 \u00a0\u00a0<\/p>\n<p>No hubo \u00a0\u00a0<\/p>\n<p>T 366029 \u00a0 \u00a0 \u00a0 \u00a0 \u00a0 \u00a0 \u00a0 \u00a0 \u00a0 \u00a0\u00a0<\/p>\n<p>\u00a0 JOSE ALBERTO GARCIA GAVIRIA \u00a0 \u00a0 \u00a0 \u00a0 \u00a0 \u00a0 \u00a0 \u00a0 \u00a0 \u00a0\u00a0<\/p>\n<p>Docente (Antioquia) \u00a0 \u00a0 \u00a0 \u00a0 \u00a0 \u00a0 \u00a0 \u00a0 \u00a0 \u00a0\u00a0<\/p>\n<p>Juzgado Segundo de Familia Medell\u00edn \u00a0 \u00a0 \u00a0 \u00a0 \u00a0 \u00a0 \u00a0 \u00a0 \u00a0 \u00a0\u00a0<\/p>\n<p>Concedi\u00f3 \u00a0 \u00a0 \u00a0 \u00a0 \u00a0 \u00a0 \u00a0 \u00a0 \u00a0 \u00a0\u00a0<\/p>\n<p>Tribunal Superior de Medell\u00edn, Sala de Familia \u00a0 \u00a0\u00a0<\/p>\n<p>Confirm\u00f3 \u00a0\u00a0<\/p>\n<p>\u00a0 VICENTE MARTINEZ GUERRA \u00a0 \u00a0 \u00a0 \u00a0 \u00a0 \u00a0 \u00a0 \u00a0 \u00a0 \u00a0\u00a0<\/p>\n<p>Docente (Tolima) \u00a0 \u00a0 \u00a0 \u00a0 \u00a0 \u00a0 \u00a0 \u00a0 \u00a0 \u00a0\u00a0<\/p>\n<p>Juzgado Unico Penal Municipal de Ataco \u00a0 \u00a0 \u00a0 \u00a0 \u00a0 \u00a0 \u00a0 \u00a0 \u00a0 \u00a0\u00a0<\/p>\n<p>Concedi\u00f3 \u00a0 \u00a0 \u00a0 \u00a0 \u00a0 \u00a0 \u00a0 \u00a0 \u00a0 \u00a0\u00a0<\/p>\n<p>No hubo \u00a0\u00a0<\/p>\n<p>T 364879 \u00a0 \u00a0 \u00a0 \u00a0 \u00a0 \u00a0 \u00a0 \u00a0 \u00a0 \u00a0\u00a0<\/p>\n<p>\u00a0 LUIS ALFONSO ACOSTA SUAREZ\u00a0 \u00a0 \u00a0 \u00a0 \u00a0 \u00a0 \u00a0 \u00a0 \u00a0 \u00a0 \u00a0\u00a0<\/p>\n<p>Instituto Nacional Mart\u00edn Pomala \u00a0 \u00a0 \u00a0 \u00a0 \u00a0 \u00a0 \u00a0 \u00a0 \u00a0 \u00a0\u00a0<\/p>\n<p>Juzgado Unico Penal Municipal de Ataco \u00a0 \u00a0 \u00a0 \u00a0 \u00a0 \u00a0 \u00a0 \u00a0 \u00a0 \u00a0\u00a0<\/p>\n<p>Concedi\u00f3 \u00a0 \u00a0 \u00a0 \u00a0 \u00a0 \u00a0 \u00a0 \u00a0 \u00a0 \u00a0\u00a0<\/p>\n<p>No hubo \u00a0\u00a0<\/p>\n<p>T 364878 \u00a0 \u00a0 \u00a0 \u00a0 \u00a0 \u00a0 \u00a0 \u00a0 \u00a0 \u00a0\u00a0<\/p>\n<p>\u00a0 NIEVES RAQUEL DUSSAN \u00a0 \u00a0 \u00a0 \u00a0 \u00a0 \u00a0 \u00a0 \u00a0 \u00a0 \u00a0\u00a0<\/p>\n<p>Instituto Nacional Mart\u00edn Pomala \u00a0 \u00a0 \u00a0 \u00a0 \u00a0 \u00a0 \u00a0 \u00a0 \u00a0 \u00a0\u00a0<\/p>\n<p>Juzgado Unico Penal Municipal de Ataco \u00a0 \u00a0 \u00a0 \u00a0 \u00a0 \u00a0 \u00a0 \u00a0 \u00a0 \u00a0\u00a0<\/p>\n<p>Concedi\u00f3 \u00a0 \u00a0 \u00a0 \u00a0 \u00a0 \u00a0 \u00a0 \u00a0 \u00a0 \u00a0\u00a0<\/p>\n<p>No hubo \u00a0\u00a0<\/p>\n<p>T 364881 \u00a0 \u00a0 \u00a0 \u00a0 \u00a0 \u00a0 \u00a0 \u00a0 \u00a0 \u00a0\u00a0<\/p>\n<p>\u00a0 JUDITH ESPINOSA DE CAMPO \u00a0 \u00a0 \u00a0 \u00a0 \u00a0 \u00a0 \u00a0 \u00a0 \u00a0 \u00a0\u00a0<\/p>\n<p>Docente (Magdalena) \u00a0 \u00a0 \u00a0 \u00a0 \u00a0 \u00a0 \u00a0 \u00a0 \u00a0 \u00a0\u00a0<\/p>\n<p>Juzgado Primero Penal Municipal de Ci\u00e9naga \u00a0 \u00a0 \u00a0 \u00a0 \u00a0 \u00a0 \u00a0 \u00a0 \u00a0 \u00a0\u00a0<\/p>\n<p>Concedi\u00f3 \u00a0 \u00a0 \u00a0 \u00a0 \u00a0 \u00a0 \u00a0 \u00a0 \u00a0 \u00a0\u00a0<\/p>\n<p>Juzgado Segundo Penal del Circuito de Ci\u00e9naga \u00a0 \u00a0\u00a0<\/p>\n<p>Confirm\u00f3 \u00a0\u00a0<\/p>\n<p>\u00a0 MARTHA LUCIA DELGADO RIOS \u00a0 \u00a0 \u00a0 \u00a0 \u00a0 \u00a0 \u00a0 \u00a0 \u00a0 \u00a0\u00a0<\/p>\n<p>Instituto Nacional Mart\u00edn Pomala \u00a0 \u00a0 \u00a0 \u00a0 \u00a0 \u00a0 \u00a0 \u00a0 \u00a0 \u00a0\u00a0<\/p>\n<p>Juzgado Unico Penal Municipal de Ataco \u00a0 \u00a0 \u00a0 \u00a0 \u00a0 \u00a0 \u00a0 \u00a0 \u00a0 \u00a0\u00a0<\/p>\n<p>Concedi\u00f3\u00a0 \u00a0 \u00a0 \u00a0 \u00a0 \u00a0 \u00a0 \u00a0 \u00a0 \u00a0 \u00a0\u00a0<\/p>\n<p>No hubo \u00a0\u00a0<\/p>\n<p>T 364871 \u00a0 \u00a0 \u00a0 \u00a0 \u00a0 \u00a0 \u00a0 \u00a0 \u00a0 \u00a0\u00a0<\/p>\n<p>\u00a0 ANAIBAL OVIEDO CAICEDO \u00a0 \u00a0 \u00a0 \u00a0 \u00a0 \u00a0 \u00a0 \u00a0 \u00a0 \u00a0\u00a0<\/p>\n<p>Instituto Nacional Mart\u00edn Pomala \u00a0 \u00a0 \u00a0 \u00a0 \u00a0 \u00a0 \u00a0 \u00a0 \u00a0 \u00a0\u00a0<\/p>\n<p>Juzgado Unico Penal Municipal de Ataco \u00a0 \u00a0 \u00a0 \u00a0 \u00a0 \u00a0 \u00a0 \u00a0 \u00a0 \u00a0\u00a0<\/p>\n<p>Concedi\u00f3 \u00a0 \u00a0 \u00a0 \u00a0 \u00a0 \u00a0 \u00a0 \u00a0 \u00a0 \u00a0\u00a0<\/p>\n<p>No hubo \u00a0\u00a0<\/p>\n<p>T 364872 \u00a0 \u00a0 \u00a0 \u00a0 \u00a0 \u00a0 \u00a0 \u00a0 \u00a0 \u00a0\u00a0<\/p>\n<p>\u00a0 LUZ \u00a0RICO CAMPOS \u00a0 \u00a0 \u00a0 \u00a0 \u00a0 \u00a0 \u00a0 \u00a0 \u00a0 \u00a0\u00a0<\/p>\n<p>Instituto Nacional Mart\u00edn Pomala \u00a0 \u00a0 \u00a0 \u00a0 \u00a0 \u00a0 \u00a0 \u00a0 \u00a0 \u00a0\u00a0<\/p>\n<p>Juzgado Unico Penal Municipal de Ataco \u00a0 \u00a0 \u00a0 \u00a0 \u00a0 \u00a0 \u00a0 \u00a0 \u00a0 \u00a0\u00a0<\/p>\n<p>Concedi\u00f3 \u00a0 \u00a0 \u00a0 \u00a0 \u00a0 \u00a0 \u00a0 \u00a0 \u00a0 \u00a0\u00a0<\/p>\n<p>No hubo \u00a0\u00a0<\/p>\n<p>T 364873 \u00a0 \u00a0 \u00a0 \u00a0 \u00a0 \u00a0 \u00a0 \u00a0 \u00a0 \u00a0\u00a0<\/p>\n<p>\u00a0 MARLENY RICAUTE CHICA \u00a0 \u00a0 \u00a0 \u00a0 \u00a0 \u00a0 \u00a0 \u00a0 \u00a0 \u00a0\u00a0<\/p>\n<p>Instituto Nacional Mart\u00edn Pomala \u00a0 \u00a0 \u00a0 \u00a0 \u00a0 \u00a0 \u00a0 \u00a0 \u00a0 \u00a0\u00a0<\/p>\n<p>Juzgado Unico Penal Municipal de Ataco \u00a0 \u00a0 \u00a0 \u00a0 \u00a0 \u00a0 \u00a0 \u00a0 \u00a0 \u00a0\u00a0<\/p>\n<p>Concedi\u00f3 \u00a0 \u00a0 \u00a0 \u00a0 \u00a0 \u00a0 \u00a0 \u00a0 \u00a0 \u00a0\u00a0<\/p>\n<p>No hubo \u00a0\u00a0<\/p>\n<p>T 364874 \u00a0 \u00a0 \u00a0 \u00a0 \u00a0 \u00a0 \u00a0 \u00a0 \u00a0 \u00a0\u00a0<\/p>\n<p>\u00a0 RAFAEL EDUARDO CASTRO \u00a0 \u00a0 \u00a0 \u00a0 \u00a0 \u00a0 \u00a0 \u00a0 \u00a0 \u00a0\u00a0<\/p>\n<p>Instituto Nacional Mart\u00edn Pomala \u00a0 \u00a0 \u00a0 \u00a0 \u00a0 \u00a0 \u00a0 \u00a0 \u00a0 \u00a0\u00a0<\/p>\n<p>Juzgado Unico Penal Municipal de Ataco \u00a0 \u00a0 \u00a0 \u00a0 \u00a0 \u00a0 \u00a0 \u00a0 \u00a0 \u00a0\u00a0<\/p>\n<p>Concedi\u00f3 \u00a0 \u00a0 \u00a0 \u00a0 \u00a0 \u00a0 \u00a0 \u00a0 \u00a0 \u00a0\u00a0<\/p>\n<p>No hubo \u00a0\u00a0<\/p>\n<p>T 365652 \u00a0 \u00a0 \u00a0 \u00a0 \u00a0 \u00a0 \u00a0 \u00a0 \u00a0 \u00a0\u00a0<\/p>\n<p>\u00a0 ROSALBA PEREZ DE AVENDA\u00d1O \u00a0 \u00a0 \u00a0 \u00a0 \u00a0 \u00a0 \u00a0 \u00a0 \u00a0 \u00a0\u00a0<\/p>\n<p>Docente (Magdalena) \u00a0 \u00a0 \u00a0 \u00a0 \u00a0 \u00a0 \u00a0 \u00a0 \u00a0 \u00a0\u00a0<\/p>\n<p>Juzgado Segundo Laboral del Circuito de Ci\u00e9naga \u00a0 \u00a0 \u00a0 \u00a0 \u00a0 \u00a0 \u00a0 \u00a0 \u00a0 \u00a0\u00a0<\/p>\n<p>Concedi\u00f3 \u00a0 \u00a0 \u00a0 \u00a0 \u00a0 \u00a0 \u00a0 \u00a0 \u00a0 \u00a0\u00a0<\/p>\n<p>No hubo \u00a0\u00a0<\/p>\n<p>T 365651 \u00a0 \u00a0 \u00a0 \u00a0 \u00a0 \u00a0 \u00a0 \u00a0 \u00a0 \u00a0\u00a0<\/p>\n<p>\u00a0 GRACIELA ESTHER BUELVAS DE MARTINEZ \u00a0 \u00a0 \u00a0 \u00a0 \u00a0 \u00a0 \u00a0 \u00a0 \u00a0 \u00a0\u00a0<\/p>\n<p>Docente (Magdalena) \u00a0 \u00a0 \u00a0 \u00a0 \u00a0 \u00a0 \u00a0 \u00a0 \u00a0 \u00a0\u00a0<\/p>\n<p>Juzgado Segundo Laboral del Circuito de Ci\u00e9naga \u00a0 \u00a0 \u00a0 \u00a0 \u00a0 \u00a0 \u00a0 \u00a0 \u00a0 \u00a0\u00a0<\/p>\n<p>Concedi\u00f3 \u00a0 \u00a0 \u00a0 \u00a0 \u00a0 \u00a0 \u00a0 \u00a0 \u00a0 \u00a0\u00a0<\/p>\n<p>No hubo \u00a0\u00a0<\/p>\n<p>T 365650 \u00a0 \u00a0 \u00a0 \u00a0 \u00a0 \u00a0 \u00a0 \u00a0 \u00a0 \u00a0\u00a0<\/p>\n<p>\u00a0 ELENA MERCEDES DE LA CRUZ CANDANOSA \u00a0 \u00a0 \u00a0 \u00a0 \u00a0 \u00a0 \u00a0 \u00a0 \u00a0 \u00a0\u00a0<\/p>\n<p>Escuela Rural de R\u00edo Fr\u00edo la Pola \u00a0 \u00a0 \u00a0 \u00a0 \u00a0 \u00a0 \u00a0 \u00a0 \u00a0 \u00a0\u00a0<\/p>\n<p>Juzgado Segundo Laboral del Circuito de Ci\u00e9naga \u00a0 \u00a0 \u00a0 \u00a0 \u00a0 \u00a0 \u00a0 \u00a0 \u00a0 \u00a0\u00a0<\/p>\n<p>Concedi\u00f3 \u00a0 \u00a0 \u00a0 \u00a0 \u00a0 \u00a0 \u00a0 \u00a0 \u00a0 \u00a0\u00a0<\/p>\n<p>No hubo \u00a0\u00a0<\/p>\n<p>T 364880 \u00a0 \u00a0 \u00a0 \u00a0 \u00a0 \u00a0 \u00a0 \u00a0 \u00a0 \u00a0\u00a0<\/p>\n<p>\u00a0 VIRGINIA DEL SOCORRO SILVA DURAN \u00a0 \u00a0 \u00a0 \u00a0 \u00a0 \u00a0 \u00a0 \u00a0 \u00a0 \u00a0\u00a0<\/p>\n<p>Juzgado Primero Penal Municipal de Ci\u00e9naga \u00a0 \u00a0 \u00a0 \u00a0 \u00a0 \u00a0 \u00a0 \u00a0 \u00a0 \u00a0\u00a0<\/p>\n<p>Concedi\u00f3 \u00a0 \u00a0 \u00a0 \u00a0 \u00a0 \u00a0 \u00a0 \u00a0 \u00a0 \u00a0\u00a0<\/p>\n<p>Juzgado Segundo Penal del Circuito de Ci\u00e9naga \u00a0 \u00a0\u00a0<\/p>\n<p>Confirm\u00f3 \u00a0\u00a0<\/p>\n<p>T 364876 \u00a0 \u00a0 \u00a0 \u00a0 \u00a0 \u00a0 \u00a0 \u00a0 \u00a0 \u00a0\u00a0<\/p>\n<p>\u00a0 ANA VILMA HERNADEZ \u00a0 \u00a0 \u00a0 \u00a0 \u00a0 \u00a0 \u00a0 \u00a0 \u00a0 \u00a0\u00a0<\/p>\n<p>Docente (Tolima) \u00a0 \u00a0 \u00a0 \u00a0 \u00a0 \u00a0 \u00a0 \u00a0 \u00a0 \u00a0\u00a0<\/p>\n<p>Juzgado Unico Penal Municipal de Ataco \u00a0 \u00a0 \u00a0 \u00a0 \u00a0 \u00a0 \u00a0 \u00a0 \u00a0 \u00a0\u00a0<\/p>\n<p>Concedi\u00f3 \u00a0 \u00a0 \u00a0 \u00a0 \u00a0 \u00a0 \u00a0 \u00a0 \u00a0 \u00a0\u00a0<\/p>\n<p>No hubo \u00a0\u00a0<\/p>\n<p>T 364970 \u00a0 \u00a0 \u00a0 \u00a0 \u00a0 \u00a0 \u00a0 \u00a0 \u00a0 \u00a0\u00a0<\/p>\n<p>\u00a0 GLORIA ELENA SUAZA ROJAS \u00a0 \u00a0 \u00a0 \u00a0 \u00a0 \u00a0 \u00a0 \u00a0 \u00a0 \u00a0\u00a0<\/p>\n<p>Colegio Pedro Lu\u00eds \u00a0Villa \u00a0 \u00a0 \u00a0 \u00a0 \u00a0 \u00a0 \u00a0 \u00a0 \u00a0 \u00a0\u00a0<\/p>\n<p>Juzgado Tercero civil Municipal de Medell\u00edn \u00a0 \u00a0 \u00a0 \u00a0 \u00a0 \u00a0 \u00a0 \u00a0 \u00a0 \u00a0\u00a0<\/p>\n<p>Concedi\u00f3\u00a0 \u00a0 \u00a0 \u00a0 \u00a0 \u00a0 \u00a0 \u00a0 \u00a0 \u00a0 \u00a0\u00a0<\/p>\n<p>No hubo \u00a0<\/p>\n<p>II. FUNDAMENTOS JUR\u00cdDICOS \u00a0 \u00a0\u00a0<\/p>\n<p>1. Competencia. \u00a0 \u00a0<\/p>\n<p>Esta Corte es competente de conformidad con los art\u00edculos 86 y 241 de la Constituci\u00f3n Nacional, y el decreto 2591 de 1991, para revisar el presente fallo de tutela.\u00a0 \u00a0<\/p>\n<p>Improcedencia de la tutela para ordenar la modificaci\u00f3n de la pol\u00edtica fiscal del gobierno. Reiteraci\u00f3n de jurisprudencia \u00a0<\/p>\n<p>2. En reciente decisi\u00f3n un\u00e1nime, esta Corporaci\u00f3n neg\u00f3 el amparo de varios trabajadores y extrabajadores que presentaban id\u00e9nticas pretensiones a las que ocupa nuevamente la atenci\u00f3n de la Sala. En efecto, la sentencia SU-1052 de 20001, dijo que el car\u00e1cter subsidiario y residual de la acci\u00f3n de tutela impide que el juez constitucional interfiera en decisiones abstractas, generales e impersonales que la Constituci\u00f3n confiere a otras autoridades, puesto que el constituyente no le \u201cconfi\u00f3 al juez constitucional, por v\u00eda de tutela, el poder omn\u00edmodo de decidir en todos los asuntos p\u00fablicos, incluyendo la direcci\u00f3n econ\u00f3mica del Estado\u201d. Por consiguiente, el juez de tutela no debe resolver asuntos asignados a otras autoridades, pues de lo contrario transgrede los art\u00edculos 6\u00ba y 86 de la Carta. \u00a0<\/p>\n<p>En este contexto, la Sala Plena afirm\u00f3 que la decisi\u00f3n de aumentar el salario o las pensiones a los servidores de orden nacional, corresponde al gobierno nacional, como quiera que esa es una manifestaci\u00f3n de su poder de formulaci\u00f3n y aplicaci\u00f3n de la pol\u00edtica econ\u00f3mica y fiscal. En efecto, la Constituci\u00f3n establece que el presupuesto anual y la ley de apropiaciones deben tener iniciativa gubernamental; lo cual deber\u00e1 corresponder al Plan Nacional de Desarrollo. \u00a0<\/p>\n<p>En el mismo sentido, la sentencia SU-1052 de 2000, dijo que el juez constitucional no puede ordenar el incremento salarial anual de los trabajadores del Estado, como quiera que no es competente para ordenar el gasto. As\u00ed pues, el principio de legalidad del gasto (C.P. arts. 345 a 347 y 71 del Decreto 111 de 1996) dispone que \u201cno se puede crear una obligaci\u00f3n ni tampoco ordenar un gasto, sin que se cuente para el efecto con la respectiva disponibilidad presupuestal\u201d. \u00a0<\/p>\n<p>3. De otro lado, la Corte consider\u00f3 que el juez de tutela no puede decidir la presunta vulneraci\u00f3n del derecho a la igualdad de los trabajadores que no recibieron incremento salarial para el a\u00f1o 2000, en comparaci\u00f3n con los altos dignatarios cuyo aumento est\u00e1 consagrado en la Constituci\u00f3n o en el art\u00edculo 15 de la Ley 4\u00ba de 1992. A juicio de esta Corporaci\u00f3n, esa situaci\u00f3n debe ser analizada en el juicio de control de constitucionalidad abstracto, por lo que deber\u00eda demandarse la norma legal en cita, en ejercicio de la acci\u00f3n p\u00fablica de inconstitucionalidad. \u00a0<\/p>\n<p>4. Finalmente, esta Sala de Revisi\u00f3n considera que, en los asuntos sub iudice, no prospera la acci\u00f3n de tutela como mecanismo transitorio, como quiera que no se encuentra probado el perjuicio irremediable ni lo alegado cumple con las caracter\u00edsticas de gravedad, inminencia y urgencia del perjuicio. Al respecto, la Sala aduce que ninguno de los accionantes \u201cse refiere a circunstancias especiales, como tampoco se aportan pruebas de hechos excepcionales que ameriten protecci\u00f3n. De ah\u00ed que ha de considerarse que \u00e9stos han sido afectados por el incremento del costo de vida, al igual que todos los habitantes del territorio nacional, problem\u00e1tica que debido a su generalidad y a su componente estructural, no \u00a0puede remediarse mediante las \u00f3rdenes que compete impartir al juez de tutela\u201d2 \u00a0<\/p>\n<p>5. En raz\u00f3n a que los hechos y pretensiones que se estudian en el presente asunto son id\u00e9nticos a los resueltos por esta Corporaci\u00f3n en la sentencia SU-1052 de 2000, la Sala reiterar\u00e1 su jurisprudencia en cuanto considera que la acci\u00f3n de tutela no procede para reformar la pol\u00edtica fiscal del gobierno. Por consiguiente, se confirmar\u00e1n las decisiones de instancia que negaron la protecci\u00f3n solicitada3 y se revocar\u00e1n los fallos que concedieron la acci\u00f3n de tutela. \u00a0<\/p>\n<p>III. DECISI\u00d3N \u00a0<\/p>\n<p>En m\u00e9rito de lo expuesto, la Sala Sexta de Revisi\u00f3n de la Corte Constitucional, administrando justicia en nombre del pueblo y por mandato de la Constituci\u00f3n \u00a0<\/p>\n<p>RESUELVE: \u00a0<\/p>\n<p>PRIMERO. REVOCAR la sentencia proferida por el Juzgado Segundo Laboral del Circuito de Ci\u00e9naga el 5 de abril del presente a\u00f1o mediante la cual se concedi\u00f3 la tutela instaurada por Maritza Stella Pab\u00f3n Casta\u00f1eda contra la Naci\u00f3n \u2013 Presidente de la Rep\u00fablica, Ministerio de Hacienda y Cr\u00e9dito\u00a0 \u00a0<\/p>\n<p>P\u00fablico, Ministerio de Educaci\u00f3n y Departamento Administrativo de la Funci\u00f3n P\u00fablica. \u00a0<\/p>\n<p>SEGUNDO. REVOCAR la sentencia proferida por el Juzgado Segundo Laboral del Circuito de Ci\u00e9naga el 10 de mayo del presente a\u00f1o mediante la cual se concedi\u00f3 la tutela instaurada por Gilberto Terraza Thomas contra la Naci\u00f3n \u2013 Presidente de la Rep\u00fablica, Ministerio de Hacienda y Cr\u00e9dito P\u00fablico, Ministerio de Educaci\u00f3n y Departamento Administrativo de la Funci\u00f3n P\u00fablica. \u00a0<\/p>\n<p>TERCERO. REVOCAR la sentencia proferida por el Juzgado Segundo Laboral del Circuito de Ci\u00e9naga el 5 de abril del presente a\u00f1o mediante la cual se concedi\u00f3 la tutela instaurada por Ferney Enrrique Robles Caro contra la Naci\u00f3n \u2013 Presidente de la Rep\u00fablica, Ministerio de Hacienda y Cr\u00e9dito P\u00fablico, Ministerio de Educaci\u00f3n y Departamento Administrativo de la Funci\u00f3n P\u00fablica. \u00a0<\/p>\n<p>CUARTO. REVOCAR la sentencia proferida por el Juzgado Segundo Laboral del Circuito de Ci\u00e9naga el 31 de mayo del presente a\u00f1o mediante la cual se concedi\u00f3 la tutela instaurada por Raquel Irina l\u00f3pez Gutierrez contra la Naci\u00f3n \u2013 Presidente de la Rep\u00fablica, Ministerio de Hacienda y Cr\u00e9dito P\u00fablico, Ministerio de Educaci\u00f3n y Departamento Administrativo de la Funci\u00f3n P\u00fablica. \u00a0<\/p>\n<p>QUINTO. REVOCAR la sentencia proferida por el Juzgado Segundo Laboral del Circuito de Ci\u00e9naga el 30 de mayo del presente a\u00f1o mediante la cual se concedi\u00f3 la tutela instaurada por Ingris Cecilia Polo Carrera contra la Naci\u00f3n \u2013 Presidente de la Rep\u00fablica, Ministerio de Hacienda y Cr\u00e9dito P\u00fablico, Ministerio de Educaci\u00f3n y Departamento Administrativo de la Funci\u00f3n P\u00fablica. \u00a0<\/p>\n<p>SEXTO. REVOCAR la sentencia proferida por el Juzgado Unico Penal Municipal de Ataco el 11 de abril del presente a\u00f1o mediante la cual se concedi\u00f3 la tutela instaurada por Ruth Amparo Salazar Maluche contra la Naci\u00f3n \u2013 Ministerio de Hacienda y Cr\u00e9dito P\u00fablico, Ministerio de Educaci\u00f3n Nacional y el Departamento Administrativo de la Funci\u00f3n P\u00fablica. \u00a0<\/p>\n<p>SEPTIMO. REVOCAR la sentencia proferida por el Juzgado Unico Penal Municipal de Ataco el 11 de abril del presente a\u00f1o mediante la cual se concedi\u00f3 la tutela instaurada por Gloria Mar\u00eda Olaya de Murcia contra la Naci\u00f3n \u2013 Ministerio de Hacienda y Cr\u00e9dito P\u00fablico, Ministerio de Educaci\u00f3n Nacional y el Departamento Administrativo de la Funci\u00f3n P\u00fablica. \u00a0<\/p>\n<p>OCTAVO. REVOCAR la sentencia proferida por el Juzgado Unico Penal Municipal de Ataco el 11 de abril del presente a\u00f1o mediante la cual se concedi\u00f3 la tutela instaurada por Gloria Neyla Ospina de Molano contra la Naci\u00f3n \u2013 Ministerio de Hacienda y Cr\u00e9dito P\u00fablico, Ministerio de Educaci\u00f3n Nacional y el Departamento Administrativo de la Funci\u00f3n P\u00fablica. \u00a0<\/p>\n<p>NOVENO. REVOCAR la sentencia proferida por el Juzgado Unico Penal Municipal de Ataco el 11 de abril del presente a\u00f1o mediante la cual se concedi\u00f3 la tutela instaurada por Mar\u00eda Deyanira Ospina Ortiz contra la Naci\u00f3n \u2013 Ministerio de Hacienda y Cr\u00e9dito P\u00fablico, Ministerio de Educaci\u00f3n Nacional y el Departamento Administrativo de la Funci\u00f3n P\u00fablica. \u00a0<\/p>\n<p>DECIMO. REVOCAR la sentencia proferida por el Juzgado Unico Penal Municipal de Ataco el 11 de abril del presente a\u00f1o mediante la cual se concedi\u00f3 la tutela instaurada por Jos\u00e9 Edilberto Charry Ospina contra la Naci\u00f3n \u2013 Ministerio de Hacienda y Cr\u00e9dito P\u00fablico, Ministerio de Educaci\u00f3n Nacional y el Departamento Administrativo de la Funci\u00f3n P\u00fablica. \u00a0<\/p>\n<p>DECIMO PRIMERO. REVOCAR la sentencia proferida por el Juzgado Unico Penal Municipal de Ataco el 11 de abril del presente a\u00f1o mediante la cual se concedi\u00f3 la tutela instaurada por Iv\u00e1n Edgardo Tovar Murillo contra la Naci\u00f3n \u2013 Ministerio de Hacienda y Cr\u00e9dito P\u00fablico, Ministerio de Educaci\u00f3n Nacional y el Departamento Administrativo de la Funci\u00f3n P\u00fablica. \u00a0<\/p>\n<p>DECIMO SEGUNDO. REVOCAR la sentencia proferida por el Juzgado Unico Penal Municipal de Ataco el 11 de abril del presente a\u00f1o mediante la cual se concedi\u00f3 la tutela instaurada por Martha Perdomo de Perdomo contra la Naci\u00f3n \u2013 Ministerio de Hacienda y Cr\u00e9dito P\u00fablico, Ministerio de Educaci\u00f3n Nacional y el Departamento Administrativo de la Funci\u00f3n P\u00fablica. \u00a0<\/p>\n<p>DECIMO TERCERO. REVOCAR la sentencia proferida por el Juzgado Unico Penal Municipal de Ataco el 11 de abril del presente a\u00f1o mediante la cual se concedi\u00f3 la tutela instaurada por Lizandro Morales Zabala contra la Naci\u00f3n \u2013 Ministerio de Hacienda y Cr\u00e9dito P\u00fablico, Ministerio de Educaci\u00f3n Nacional y el Departamento Administrativo de la Funci\u00f3n P\u00fablica. \u00a0<\/p>\n<p>DECIMO CUARTO. REVOCAR la sentencia proferida por el Juzgado Unico Penal Municipal de Ataco el 11 de abril del presente a\u00f1o mediante la cual se concedi\u00f3 la tutela instaurada por Mar\u00eda Soris Guerra N. contra la Naci\u00f3n \u2013 Ministerio de Hacienda y Cr\u00e9dito P\u00fablico, Ministerio de Educaci\u00f3n Nacional y el Departamento Administrativo de la Funci\u00f3n P\u00fablica. \u00a0<\/p>\n<p>DECIMO QUINTO. REVOCAR la sentencia proferida por el Juzgado Unico Penal Municipal de Ataco el 11 de abril del presente a\u00f1o mediante la cual se concedi\u00f3 la tutela instaurada por Armando Lozano Calder\u00f3n contra la Naci\u00f3n \u2013 Ministerio de Hacienda y Cr\u00e9dito P\u00fablico, Ministerio de Educaci\u00f3n Nacional y el Departamento Administrativo de la Funci\u00f3n P\u00fablica. \u00a0<\/p>\n<p>DECIMO SEXTO. REVOCAR la sentencia proferida por el Juzgado Unico Penal Municipal de Ataco el 11 de abril del presente a\u00f1o mediante la cual se concedi\u00f3 la tutela instaurada por Mario Fernando Garc\u00eda Tello contra la Naci\u00f3n \u2013 Ministerio de Hacienda y Cr\u00e9dito P\u00fablico, Ministerio de Educaci\u00f3n Nacional y el Departamento Administrativo de la Funci\u00f3n P\u00fablica. \u00a0<\/p>\n<p>DECIMO SEPTIMO. REVOCAR la sentencia proferida por el Juzgado Unico Penal Municipal de Ataco el 11 de abril del presente a\u00f1o mediante la cual se concedi\u00f3 la tutela instaurada por Beatriz Hern\u00e1ndez Ospina contra la Naci\u00f3n \u2013 Ministerio de Hacienda y Cr\u00e9dito P\u00fablico, Ministerio de Educaci\u00f3n Nacional y el Departamento Administrativo de la Funci\u00f3n P\u00fablica. \u00a0<\/p>\n<p>DECIMO OCTAVO. REVOCAR la sentencia proferida por el Juzgado Unico Penal Municipal de Ataco el 11 de abril del presente a\u00f1o mediante la cual se concedi\u00f3 la tutela instaurada por Francisco Antonio Miranda contra la Naci\u00f3n \u2013 Ministerio de Hacienda y Cr\u00e9dito P\u00fablico, Ministerio de Educaci\u00f3n Nacional y el Departamento Administrativo de la Funci\u00f3n P\u00fablica. \u00a0<\/p>\n<p>DECIMO NOVENO. REVOCAR la sentencia proferida por el Juzgado Unico Penal Municipal de Ataco el 11 de abril del presente a\u00f1o mediante la cual se concedi\u00f3 la tutela instaurada por Miller Culma contra la Naci\u00f3n \u2013 Ministerio de Hacienda y Cr\u00e9dito P\u00fablico, Ministerio de Educaci\u00f3n Nacional y el Departamento Administrativo de la Funci\u00f3n P\u00fablica. \u00a0<\/p>\n<p>VIGESIMO. REVOCAR la sentencia proferida por el Juzgado Unico Penal Municipal de Ataco el 11 de abril del presente a\u00f1o mediante la cual se concedi\u00f3 la tutela instaurada por Gloria Gonzales de Tovar contra la Naci\u00f3n \u2013 Ministerio de Hacienda y Cr\u00e9dito P\u00fablico, Ministerio de Educaci\u00f3n Nacional y el Departamento Administrativo de la Funci\u00f3n P\u00fablica. \u00a0<\/p>\n<p>VIGESIMO PRIMERO. REVOCAR la sentencia proferida por el Juzgado Unico Penal Municipal de Ataco el 11 de abril del presente a\u00f1o mediante la cual se concedi\u00f3 la tutela instaurada por Luz Mary Ortiz Molano contra la Naci\u00f3n \u2013 Ministerio de Hacienda y Cr\u00e9dito P\u00fablico, Ministerio de Educaci\u00f3n Nacional y el Departamento Administrativo de la Funci\u00f3n P\u00fablica. \u00a0<\/p>\n<p>VIGESIMO SEGUNDO. REVOCAR la sentencia proferida por el Juzgado Unico Penal Municipal de Ataco el 11 de abril del presente a\u00f1o mediante la cual se concedi\u00f3 la tutela instaurada por Astrid Lozano Rodriguez contra la Naci\u00f3n \u2013 Ministerio de Hacienda y Cr\u00e9dito P\u00fablico, Ministerio de Educaci\u00f3n Nacional y el Departamento Administrativo de la Funci\u00f3n P\u00fablica. \u00a0<\/p>\n<p>VIGESIMO TERCERO. REVOCAR la sentencia proferida por el Juzgado Unico Penal Municipal de Ataco el 11 de abril del presente a\u00f1o mediante la cual se concedi\u00f3 la tutela instaurada por Helio Fabio Jim\u00e9nez Narvaez contra la Naci\u00f3n \u2013 Ministerio de Hacienda y Cr\u00e9dito P\u00fablico, Ministerio de Educaci\u00f3n Nacional y el Departamento Administrativo de la Funci\u00f3n P\u00fablica. \u00a0<\/p>\n<p>VIGESIMO CUARTO. REVOCAR la sentencia proferida por el Juzgado Unico Penal Municipal de Ataco el 11 de abril del presente a\u00f1o mediante la cual se concedi\u00f3 la tutela instaurada por Maria Darcy Gonzalez Arias contra la Naci\u00f3n \u2013 Ministerio de Hacienda y Cr\u00e9dito P\u00fablico, Ministerio de Educaci\u00f3n Nacional y el Departamento Administrativo de la Funci\u00f3n P\u00fablica. \u00a0<\/p>\n<p>VIGESIMO QUINTO. REVOCAR la sentencia proferida por el Juzgado Unico Penal Municipal de Ataco el 11 de abril del presente a\u00f1o mediante la cual se concedi\u00f3 la tutela instaurada por Luz Marina Gonzalez contra la Naci\u00f3n \u2013 Ministerio de Hacienda y Cr\u00e9dito P\u00fablico, Ministerio de Educaci\u00f3n Nacional y el Departamento Administrativo de la Funci\u00f3n P\u00fablica. \u00a0<\/p>\n<p>VIGESIMO SEXTO. REVOCAR la sentencia proferida por el Juzgado Unico Penal Municipal de Ataco el 11 de abril del presente a\u00f1o mediante la cual se concedi\u00f3 la tutela instaurada por Faustino Gutierrez Rodriguez contra la Naci\u00f3n \u2013 Ministerio de Hacienda y Cr\u00e9dito P\u00fablico, Ministerio de Educaci\u00f3n Nacional y el Departamento Administrativo de la Funci\u00f3n P\u00fablica. \u00a0<\/p>\n<p>VIGESIMO SEPTIMO. REVOCAR la sentencia proferida por el Juzgado Unico Penal Municipal de Ataco el 11 de abril del presente a\u00f1o mediante la cual se concedi\u00f3 la tutela instaurada por Humberto Tovar Andrade contra la Naci\u00f3n \u2013 Ministerio de Hacienda y Cr\u00e9dito P\u00fablico, Ministerio de Educaci\u00f3n Nacional y el Departamento Administrativo de la Funci\u00f3n P\u00fablica. \u00a0<\/p>\n<p>VIGESIMO OCTAVO. REVOCAR la sentencia proferida por el Juzgado Unico Penal Municipal de Ataco el 11 de abril del presente a\u00f1o mediante la cual se concedi\u00f3 la tutela instaurada por Alvaro Arboleda Alvarez contra la Naci\u00f3n \u2013 Ministerio de Hacienda y Cr\u00e9dito P\u00fablico, Ministerio de Educaci\u00f3n Nacional y el Departamento Administrativo de la Funci\u00f3n P\u00fablica. \u00a0<\/p>\n<p>VIGESIMO NOVENO. REVOCAR la sentencia proferida por el Juzgado Unico Penal Municipal de Ataco el 11 de abril del presente a\u00f1o mediante la cual se concedi\u00f3 la tutela instaurada por Mar\u00eda Angela Flor Gait\u00e1n de Alape contra la Naci\u00f3n \u2013 Ministerio de Hacienda y Cr\u00e9dito P\u00fablico, Ministerio de Educaci\u00f3n Nacional y el Departamento Administrativo de la Funci\u00f3n P\u00fablica. \u00a0<\/p>\n<p>TRIGESIMO. REVOCAR la sentencia proferida por el Juzgado Unico Penal Municipal de Ataco el 11 de abril del presente a\u00f1o mediante la cual se concedi\u00f3 la tutela instaurada por Jos\u00e9 Camilo Torres contra la Naci\u00f3n \u2013 Ministerio de Hacienda y Cr\u00e9dito P\u00fablico, Ministerio de Educaci\u00f3n Nacional y el Departamento Administrativo de la Funci\u00f3n P\u00fablica. \u00a0<\/p>\n<p>TRIGESIMO PRIMERO. REVOCAR la sentencia proferida por el Juzgado Unico Penal Municipal de Ataco el 11 de abril del presente a\u00f1o mediante la cual se concedi\u00f3 la tutela instaurada por Aydee Tafur Lara contra la Naci\u00f3n \u2013 Ministerio de Hacienda y Cr\u00e9dito P\u00fablico, Ministerio de Educaci\u00f3n Nacional y el Departamento Administrativo de la Funci\u00f3n P\u00fablica. \u00a0<\/p>\n<p>TRIGESIMO SEGUNDO. REVOCAR la sentencia proferida por el Juzgado Unico Penal Municipal de Ataco el 11 de abril del presente a\u00f1o mediante la cual se concedi\u00f3 la tutela instaurada por Hector Hern\u00e1n Lopez Escobar contra la Naci\u00f3n \u2013 Ministerio de Hacienda y Cr\u00e9dito P\u00fablico, Ministerio de Educaci\u00f3n Nacional y el Departamento Administrativo de la Funci\u00f3n P\u00fablica. \u00a0<\/p>\n<p>TRIGESIMO TERCERO. REVOCAR la sentencia proferida por el Juzgado Unico Penal Municipal de Ataco el 11 de abril del presente a\u00f1o mediante la cual se concedi\u00f3 la tutela instaurada por Miralba Ortiz Molano contra la Naci\u00f3n \u2013 Ministerio de Hacienda y Cr\u00e9dito P\u00fablico, Ministerio de Educaci\u00f3n Nacional y el Departamento Administrativo de la Funci\u00f3n P\u00fablica. \u00a0<\/p>\n<p>TRIGESIMO CUARTO. REVOCAR la sentencia proferida por el Juzgado Unico Penal Municipal de Ataco el 11 de abril del presente a\u00f1o mediante la cual se concedi\u00f3 la tutela instaurada por M\u00e9lida Ortiz Molano contra la Naci\u00f3n \u2013 Ministerio de Hacienda y Cr\u00e9dito P\u00fablico, Ministerio de Educaci\u00f3n Nacional y el Departamento Administrativo de la Funci\u00f3n P\u00fablica. \u00a0<\/p>\n<p>TRIGESIMO QUINTO. REVOCAR la sentencia proferida por el Juzgado Unico Penal Municipal de Ataco el 11 de abril del presente a\u00f1o mediante la cual se concedi\u00f3 la tutela instaurada por Mar\u00eda Dionicia Ramo de Rayo contra la Naci\u00f3n \u2013 Ministerio de Hacienda y Cr\u00e9dito P\u00fablico, Ministerio de Educaci\u00f3n Nacional y el Departamento Administrativo de la Funci\u00f3n P\u00fablica. \u00a0<\/p>\n<p>TRIGESIMO SEXTO. REVOCAR la sentencia proferida por el Juzgado Unico Penal Municipal de Ataco el 11 de abril del presente a\u00f1o mediante la cual se concedi\u00f3 la tutela instaurada por Jorge Alfonso Lozano Yate contra la Naci\u00f3n \u2013 Ministerio de Hacienda y Cr\u00e9dito P\u00fablico, Ministerio de Educaci\u00f3n Nacional y el Departamento Administrativo de la Funci\u00f3n P\u00fablica. \u00a0<\/p>\n<p>TRIGESIMO SEPTIMO. REVOCAR la sentencia proferida por el Juzgado Unico Penal Municipal de Ataco el 11 de abril del presente a\u00f1o mediante la cual se concedi\u00f3 la tutela instaurada por Hugo Barrag\u00e1n Plazas contra la Naci\u00f3n \u2013 Ministerio de Hacienda y Cr\u00e9dito P\u00fablico, Ministerio de Educaci\u00f3n Nacional y el Departamento Administrativo de la Funci\u00f3n P\u00fablica. \u00a0<\/p>\n<p>TRIGESIMO OCTAVO. REVOCAR la sentencia proferida por el Juzgado Unico Penal Municipal de Ataco el 11 de abril del presente a\u00f1o mediante la cual se concedi\u00f3 la tutela instaurada por Vicente Mart\u00ednez Guerra contra la Naci\u00f3n \u2013 Ministerio de Hacienda y Cr\u00e9dito P\u00fablico, Ministerio de Educaci\u00f3n Nacional y el Departamento Administrativo de la Funci\u00f3n P\u00fablica. \u00a0<\/p>\n<p>TRIGESIMO NOVENO. REVOCAR la sentencia proferida por el Juzgado Unico Penal Municipal de Ataco el 11 de abril del presente a\u00f1o mediante la cual se concedi\u00f3 la tutela instaurada por Martha Luc\u00eda Delgado R\u00edos contra la Naci\u00f3n \u2013 Ministerio de Hacienda y Cr\u00e9dito P\u00fablico, Ministerio de Educaci\u00f3n Nacional y el Departamento Administrativo de la Funci\u00f3n P\u00fablica. \u00a0<\/p>\n<p>CUADRAGESIMO. REVOCAR la sentencia proferida por el Juzgado Unico Penal Municipal de Ataco el 11 de abril del presente a\u00f1o mediante la cual se concedi\u00f3 la tutela instaurada por Anibal Oviedo Caicedo contra la Naci\u00f3n \u2013 Ministerio de Hacienda y Cr\u00e9dito P\u00fablico, Ministerio de Educaci\u00f3n Nacional y el Departamento Administrativo de la Funci\u00f3n P\u00fablica. \u00a0<\/p>\n<p>CUADRAGESIMO PRIMERO. REVOCAR la sentencia proferida por el Juzgado Unico Penal Municipal de Ataco el 11 de abril del presente a\u00f1o mediante la cual se concedi\u00f3 la tutela instaurada por Luz Rico Campos contra la Naci\u00f3n \u2013 Ministerio de Hacienda y Cr\u00e9dito P\u00fablico, Ministerio de Educaci\u00f3n Nacional y el Departamento Administrativo de la Funci\u00f3n P\u00fablica. \u00a0<\/p>\n<p>CUADRAGESIMO SEGUNDO. REVOCAR la sentencia proferida por el Juzgado Unico Penal Municipal de Ataco el 11 de abril del presente a\u00f1o mediante la cual se concedi\u00f3 la tutela instaurada por Marleny Ricaute \u00a0Chica contra la Naci\u00f3n \u2013 Ministerio de Hacienda y Cr\u00e9dito P\u00fablico, Ministerio de Educaci\u00f3n Nacional y el Departamento Administrativo de la Funci\u00f3n P\u00fablica. \u00a0<\/p>\n<p>CUADRAGESIMO TERCERO. REVOCAR la sentencia proferida por el Juzgado Unico Penal Municipal de Ataco el 11 de abril del presente a\u00f1o mediante la cual se concedi\u00f3 la tutela instaurada por Rafael Eduardo Castro contra la Naci\u00f3n \u2013 Ministerio de Hacienda y Cr\u00e9dito P\u00fablico, Ministerio de Educaci\u00f3n Nacional y el Departamento Administrativo de la Funci\u00f3n P\u00fablica. \u00a0<\/p>\n<p>CUADRAGESIMO CUARTO. REVOCAR la sentencia proferida por el Juzgado Unico Penal Municipal de Ataco el 11 de abril del presente a\u00f1o mediante la cual se concedi\u00f3 la tutela instaurada por Fernando Alvira Torres contra la Naci\u00f3n \u2013 Ministerio de Hacienda y Cr\u00e9dito P\u00fablico, Ministerio de Educaci\u00f3n Nacional y el Departamento Administrativo de la Funci\u00f3n P\u00fablica. \u00a0<\/p>\n<p>CUADRAGESIMO QUINTO. REVOCAR la sentencia proferida por el Juzgado Unico Penal Municipal de Ataco el 11 de abril del presente a\u00f1o mediante la cual se concedi\u00f3 la tutela instaurada por Ana Vilma Hernandez contra la Naci\u00f3n \u2013 Ministerio de Hacienda y Cr\u00e9dito P\u00fablico, Ministerio de Educaci\u00f3n Nacional y el Departamento Administrativo de la Funci\u00f3n P\u00fablica. \u00a0<\/p>\n<p>CUADRAGESIMO SEXTO. REVOCAR la sentencia proferida por el Juzgado Unico Penal Municipal de Ataco el 11 de abril del presente a\u00f1o mediante la cual se concedi\u00f3 la tutela instaurada por Libia Najera Ramos contra la Naci\u00f3n \u2013 Ministerio de Hacienda y Cr\u00e9dito P\u00fablico, Ministerio de Educaci\u00f3n Nacional y el Departamento Administrativo de la Funci\u00f3n P\u00fablica. \u00a0<\/p>\n<p>CUADRAGESIMO SEPTIMO. REVOCAR la sentencia proferida por el Juzgado Unico Penal Municipal de Ataco el 11 de abril del presente a\u00f1o mediante la cual se concedi\u00f3 la tutela instaurada por Raquel Dussan Nieves contra la Naci\u00f3n \u2013 Ministerio de Hacienda y Cr\u00e9dito P\u00fablico, Ministerio de Educaci\u00f3n Nacional y el Departamento Administrativo de la Funci\u00f3n P\u00fablica. \u00a0<\/p>\n<p>CUADRAGESIMO OCTAVO. REVOCAR la sentencia proferida por el Juzgado Unico Penal Municipal de Ataco el 11 de abril del presente a\u00f1o mediante la cual se concedi\u00f3 la tutela instaurada por Luis Alfonso Acosta Suarez contra la Naci\u00f3n \u2013 Ministerio de Hacienda y Cr\u00e9dito P\u00fablico, Ministerio de Educaci\u00f3n Nacional y el Departamento Administrativo de la Funci\u00f3n P\u00fablica. \u00a0<\/p>\n<p>CUADRAGESIMO NOVENO. REVOCAR las sentencias proferidas por el Juzgado Primero Penal Municipal de Ci\u00e9naga el 4 de mayo del presente a\u00f1o y el \u00a0Juzgado Segundo Penal del Circuito de Ci\u00e9naga el 19 de junio del presente a\u00f1o mediante las cuales se concedi\u00f3 la tutela instaurada por Virginia del Socorro Silva Duran contra la Naci\u00f3n \u2013 Ministerio de Hacienda y Cr\u00e9dito P\u00fablico, Ministerio de Educaci\u00f3n Nacional y el Departamento Administrativo de la Funci\u00f3n P\u00fablica. \u00a0<\/p>\n<p>QUINCUAGESIMO. REVOCAR las sentencias proferidas por el Juzgado Primero Penal Municipal de Ci\u00e9naga el 4 de mayo del presente a\u00f1o y el \u00a0Juzgado Segundo Penal del Circuito de Ci\u00e9naga el 19 de junio del presente a\u00f1o mediante las cuales se concedi\u00f3 la tutela instaurada por Judith Espinoza de Campo contra la Naci\u00f3n \u2013 Ministerio de Hacienda y Cr\u00e9dito P\u00fablico, Ministerio de Educaci\u00f3n Nacional y el Departamento Administrativo de la Funci\u00f3n P\u00fablica. \u00a0<\/p>\n<p>QUINCUAGESIMO PRIMERO. REVOCAR la sentencia proferida por el Juzgado Tercero Civil Municipal de Medell\u00edn el 5 de abril del presente a\u00f1o mediante la cual se concedi\u00f3 la tutela instaurada por Gloria Elena Suaza Rojas contra la Naci\u00f3n \u2013 Ministerio de Hacienda y Cr\u00e9dito P\u00fablico, Ministerio de Educaci\u00f3n Nacional y el Departamento Administrativo de la Funci\u00f3n P\u00fablica. \u00a0<\/p>\n<p>QUINCUAGESIMO SEGUNDOO. REVOCAR la sentencia proferida por el Tribunal Superior de Distrito Judicial de Pasto, sala Laboral el 22 de \u00a0mayo del presente a\u00f1o mediante la cual se concedi\u00f3 la tutela instaurada por Rubiela Alcira Portilla Salas, Ritha Margoth BotinaM., Segundo Mauro Velasquez Benavides, Jaime Eliecer Eraso Tumal, Consuelo Chaves de Reina, Myriam Cadena Mart\u00ednez, Myriam Herminia Jaramillo, Jos\u00e9 Guillermo Quistial Mueses, Lujan Alexander Oviedo M., Libia Aylen Pantoja Montezuma, Odilma Fajardo, Carmen Rita Rojas Vargas, Olmedo Apraez Enrriquez, Olga Amparo Cabrera D., Alia Antonia Reina Cajigas, Juan Bernardo Solarte B., Gloria Cecilia Mej\u00eda Ramirez, Segundo Fernado Ruales Trujillo, Mar\u00eda Luisa Solarte Melo, Luz Mar\u00eda L\u00f3pez de Villacorte, Alvaro Enrrique Revelo Rosero, Gonzalo Homero Gonzalez Bravo, Martha Niris Solarte, Aurelina Narvaez Caicedo, Rosmira Mar\u00eda Correa Posada, mar\u00eda Magnolia Correa Casta\u00f1eda, Elias Andrade Garc\u00eda, Myriam del Carmen Ceballos Cabrera, Julio Villota, Ana Cecilia Ortega Chaves, Lida Jovita Onofre Legarda, Jos\u00e9 Felix Ibarra Reina, Salvador G\u00f3mez Delgado, Rosario Yomar Ortega Benavides, Luis Hernando Vallejo Ascuntar, Jos\u00e9 Guillermo Bedoya, Imelda Chavez, Mar\u00eda Dolly Calder\u00f3n de Jurado, Doris Luc\u00eda Rosero Burgos y Edilma Mora. contra la Naci\u00f3n \u2013 Ministerio de Hacienda y Cr\u00e9dito P\u00fablico, Ministerio de Educaci\u00f3n Nacional y el Departamento Administrativo de la Funci\u00f3n P\u00fablica. \u00a0<\/p>\n<p>QUINCUAGESIMO TERCERO. REVOCAR las sentencias proferidas por el Juzgado Segundo Civil Municipal de Medell\u00edn el 12 de abril del presente a\u00f1o y el Juzgado Cuarto Civil del Circuito de Medell\u00edn el 6 de junio del presente a\u00f1o mediante las cuales se concedi\u00f3 la tutela instaurada por Ana Sof\u00eda Rojas Calabria contra la Naci\u00f3n \u2013 Ministerio de Hacienda y Cr\u00e9dito P\u00fablico, Ministerio de Educaci\u00f3n Nacional y el Departamento Administrativo de la Funci\u00f3n P\u00fablica. \u00a0<\/p>\n<p>QUINCUAGESIMO CUARTO. REVOCAR las sentencias proferidas por el Juzgado Decimonoveno Civil Municipal de Medell\u00edn el 4 de abril del presente a\u00f1o y el Juzgado Cuarto Civil del Circuito de Medell\u00edn el 12 de junio del presente a\u00f1o mediante las cuales se concedi\u00f3 la tutela instaurada por Rosa Mar\u00eda G\u00f3mez Ram\u00edrez contra la Naci\u00f3n \u2013 Ministerio de Hacienda y Cr\u00e9dito P\u00fablico, Ministerio de Educaci\u00f3n Nacional y el Departamento Administrativo de la Funci\u00f3n P\u00fablica. \u00a0<\/p>\n<p>QUINCUAGESIMO QUINTO. REVOCAR la sentencia proferida por el Juzgado Promiscuo Municipal de los Cordobas el 15 de junio del presente a\u00f1o mediante la cual se concedi\u00f3 la tutela instaurada por Luz Mar\u00eda Alvarez Pastrana, Elviro Rafael Nisperuza Vertel, Eduardo Enrrique Hern\u00e1ndez Marquez y Augusto Ernesto Alvares padilla contra la Naci\u00f3n \u2013 Ministerio de Hacienda y Cr\u00e9dito P\u00fablico, Ministerio de Educaci\u00f3n Nacional y el Departamento Administrativo de la Funci\u00f3n P\u00fablica. \u00a0<\/p>\n<p>QUINCUAGESIMO SEXTO. REVOCAR las sentencias proferidas por el Juzgado Veintidos Civil Municipal de Medell\u00edn el 23 de marzo del presente a\u00f1o y el Juzgado Cuarto Civil Circuito de Medell\u00edn el 6 de junio del presente a\u00f1o mediante las cuales se concedi\u00f3 la tutela instaurada por Luz Dary Pareja Laverde contra la Naci\u00f3n \u2013 Ministerio de Hacienda y Cr\u00e9dito P\u00fablico, Ministerio de Educaci\u00f3n Nacional y el Departamento Administrativo de la Funci\u00f3n P\u00fablica. \u00a0<\/p>\n<p>QUINCUAGESIMO SEPTIMO. REVOCAR las sentencias proferidas por el Juzgado Primero Penal Municipal de Ci\u00e9naga el 3 de abril del presente a\u00f1o y el Juzgado Primero Penal del Circuito de Ci\u00e9naga el 12 de mayo del presente a\u00f1o mediante las cuales se concedi\u00f3 la tutela instaurada por Consuelo Beatriz Ingirio de Hern\u00e1ndez contra la Naci\u00f3n \u2013 Ministerio de Hacienda y Cr\u00e9dito P\u00fablico, Ministerio de Educaci\u00f3n Nacional y el Departamento Administrativo de la Funci\u00f3n P\u00fablica. \u00a0<\/p>\n<p>QUINCUAGESIMO OCTAVO. REVOCAR las sentencias proferidas por el Juzgado Segundo Laboral del Circuito de Ci\u00e9naga el 6 de abril del presente a\u00f1o mediante las cuales se concedi\u00f3 la tutela instaurada por Isabel Bustillo Parejo contra la Naci\u00f3n \u2013 Ministerio de Hacienda y Cr\u00e9dito P\u00fablico, Ministerio de Educaci\u00f3n Nacional y el Departamento Administrativo de la Funci\u00f3n P\u00fablica. \u00a0<\/p>\n<p>QUINCUAGESIMO NOVENO. REVOCAR la sentencia proferida por el Juzgado Segundo Laboral del Circuito de Ci\u00e9naga el 6 de abril del presente a\u00f1o mediante la cual se concedi\u00f3 la tutela instaurada por Juana Mar\u00eda Paz de Polo contra la Naci\u00f3n \u2013 Ministerio de Hacienda y Cr\u00e9dito P\u00fablico, Ministerio de Educaci\u00f3n Nacional y el Departamento Administrativo de la Funci\u00f3n P\u00fablica. \u00a0<\/p>\n<p>SEXAGESIMO. REVOCAR la sentencia proferida por el Juzgado Segundo Laboral del Circuito de Ci\u00e9naga el 6 de abril del presente a\u00f1o mediante la cual se concedi\u00f3 la tutela instaurada por Elena Mercedes de la Cruz Candanosa contra la Naci\u00f3n \u2013 Ministerio de Hacienda y Cr\u00e9dito P\u00fablico, Ministerio de Educaci\u00f3n Nacional y el Departamento Administrativo de la Funci\u00f3n P\u00fablica. \u00a0<\/p>\n<p>SEXAGESIMO PRIMERO. REVOCAR la sentencia proferida por el Juzgado Segundo Laboral del Circuito de Ci\u00e9naga el 6 de abril del presente a\u00f1o mediante la cual se concedi\u00f3 la tutela instaurada por Graciela Esther Buelvas de Mart\u00ednez contra la Naci\u00f3n \u2013 Ministerio de Hacienda y Cr\u00e9dito P\u00fablico, Ministerio de Educaci\u00f3n Nacional y el Departamento Administrativo de la Funci\u00f3n P\u00fablica. \u00a0<\/p>\n<p>SEXAGESIMO SEGUNDO. REVOCAR la sentencia proferida por el Juzgado Segundo Laboral del Circuito de Ci\u00e9naga el 6 de abril del presente a\u00f1o mediante la cual se concedi\u00f3 la tutela instaurada por Rosalba P\u00e9rez de Avenda\u00f1o contra la Naci\u00f3n \u2013 Ministerio de Hacienda y Cr\u00e9dito P\u00fablico, Ministerio de Educaci\u00f3n Nacional y el Departamento Administrativo de la Funci\u00f3n P\u00fablica. \u00a0<\/p>\n<p>\u00a0 \u00a0<\/p>\n<p>SEXAGESIMO TERCERO. REVOCAR la sentencia proferida por el Juzgado Tercero Civil Municipal de Medell\u00edn el 5 de mayo del presente a\u00f1o mediante la cual se concedi\u00f3 la tutela instaurada por Nora Jim\u00e9nez Osorio y Teresa del Socorro Ochoa contra la Naci\u00f3n \u2013 Ministerio de Hacienda y Cr\u00e9dito P\u00fablico, Ministerio de Educaci\u00f3n Nacional y el Departamento Administrativo de la Funci\u00f3n P\u00fablica. \u00a0<\/p>\n<p>SEXAGESIMO CUARTO. REVOCAR las sentencias proferidas por el Juzgado Sexto de Familia de Medell\u00edn el 2 de mayo del presente a\u00f1o y el Tribunal de Medell\u00edn, Sala de Familia el 19 de junio del presente a\u00f1o mediante las cuales se concedi\u00f3 la tutela instaurada por Luz Adriana Delgado Correa contra la Naci\u00f3n \u2013 Ministerio de Hacienda y Cr\u00e9dito P\u00fablico, Ministerio de Educaci\u00f3n Nacional y el Departamento Administrativo de la Funci\u00f3n P\u00fablica. \u00a0<\/p>\n<p>SEXAGESIMO QUINTO. REVOCAR las sentencias proferidas por el Juzgado Segundo de Familia de Medell\u00edn el 2 de mayo del presente a\u00f1o y el Tribunal de Medell\u00edn sala de Familia el 16 de junio del presente a\u00f1o mediante las cuales se concedi\u00f3 la tutela instaurada por In\u00e9s Luc\u00eda Palacio Osorio contra la Naci\u00f3n \u2013 Ministerio de Hacienda y Cr\u00e9dito P\u00fablico, Ministerio de Educaci\u00f3n Nacional y el Departamento Administrativo de la Funci\u00f3n P\u00fablica. \u00a0<\/p>\n<p>SEXAGESIMO SEXTO. REVOCAR la sentencia proferida por el Tribunal Superior del Distrito Judicial de Pasto el 21 de junio del presente a\u00f1o mediante la cual se concedi\u00f3 la tutela instaurada por Mar\u00eda Elisa Tepud de Tapia contra la Naci\u00f3n \u2013 Ministerio de Hacienda y Cr\u00e9dito P\u00fablico, Ministerio de Educaci\u00f3n Nacional y el Departamento Administrativo de la Funci\u00f3n P\u00fablica. \u00a0<\/p>\n<p>SEXAGESIMO SEPTIMO. REVOCAR la sentencia proferida por el Juzgado Primero Civil Municipal de Medell\u00edn el 21 de junio del presente a\u00f1o mediante la cual se concedi\u00f3 la tutela instaurada por Bibiana Mar\u00eda Mesa Cano contra la Naci\u00f3n \u2013 Ministerio de Hacienda y Cr\u00e9dito P\u00fablico, Ministerio de Educaci\u00f3n Nacional y el Departamento Administrativo de la Funci\u00f3n P\u00fablica. \u00a0<\/p>\n<p>SEXAGESIMO OCTAVO. REVOCAR la sentencias proferidas por el Juzgado Segundo de Familia de Medell\u00edn el 2 de mayo del presente a\u00f1o y el Tribunal de Medell\u00edn , Sala Familia el 19 de junio del presente a\u00f1o mediante las cuales se concedi\u00f3 la tutela instaurada por Jos\u00e9 Alberto Garc\u00eda Gaviria contra la Naci\u00f3n \u2013 Ministerio de Hacienda y Cr\u00e9dito P\u00fablico, Ministerio de Educaci\u00f3n Nacional y el Departamento Administrativo de la Funci\u00f3n P\u00fablica. \u00a0<\/p>\n<p>SEXAGESIMO NOVENO. REVOCAR la sentencia proferida por el Juzgado Cuarto Civil del Circuito de medell\u00edn el 6 de junio del presente a\u00f1o mediante la cual se concedi\u00f3 la tutela instaurada por Mar\u00eda Concepci\u00f3n Arroyo Renter\u00eda contra la Naci\u00f3n \u2013 Ministerio de Hacienda y Cr\u00e9dito P\u00fablico, Ministerio de Educaci\u00f3n Nacional y el Departamento Administrativo de la Funci\u00f3n P\u00fablica. \u00a0<\/p>\n<p>SEPTUAGESIMO. REVOCAR las sentencias proferidas por el Juzgado Quinto Civil Municipal de Medell\u00edn el 14 de abril del presente a\u00f1o y el Juzgado Cuarto Civil del Circuito de Medell\u00edn el 9 de junio del presente a\u00f1o, mediante las cuales se concedi\u00f3 la tutela instaurada por Martha Cecilia Salazar contra la Naci\u00f3n \u2013 Ministerio de Hacienda y Cr\u00e9dito P\u00fablico, Ministerio de Educaci\u00f3n Nacional y el Departamento Administrativo de la Funci\u00f3n P\u00fablica. \u00a0<\/p>\n<p>SEPTUAGESIMO PRIMERO. REVOCAR la sentencia proferida por el Juzgado Primero Civil Municipal de Cali el 14 de julio del presente a\u00f1o mediante la cual se concedi\u00f3 la tutela instaurada por Nancy L\u00f3pez contra la Naci\u00f3n, Ministerio de Hacienda y Cr\u00e9dito P\u00fablico. \u00a0<\/p>\n<p>SEPTUAGESIMO SEGUNDO. REVOCAR la sentencia proferida por el Juzgado Segundo Laboral del Circuito de Ci\u00e9naga el 31 de mayo del presente a\u00f1o mediante la cual se concedi\u00f3 la tutela instaurada por Dubys Isabel Rodriguez contra la Naci\u00f3n \u2013 Ministerio de Hacienda y Cr\u00e9dito P\u00fablico, Ministerio de Educaci\u00f3n Nacional y el Departamento Administrativo de la Funci\u00f3n P\u00fablica. \u00a0<\/p>\n<p>SEPTUAGESIMO TERCERO. REVOCAR la sentencia proferida por el Juzgado Segundo Laboral del Circuito de Ci\u00e9naga el 6 de abril del presente a\u00f1o mediante la cual se concedi\u00f3 la tutela instaurada por Dolly Nu\u00f1ez Cervantes contra la Naci\u00f3n \u2013 Ministerio de Hacienda y Cr\u00e9dito P\u00fablico, Ministerio de Educaci\u00f3n Nacional y el Departamento Administrativo de la Funci\u00f3n P\u00fablica. \u00a0<\/p>\n<p>SEPTUAGESIMO CUARTO. REVOCAR la sentencia proferida por el Juzgado Segundo laboral del Circuito de Ci\u00e9naga el 31 de mayo del presente a\u00f1o mediante la cual se concedi\u00f3 la tutela instaurada por Gladys Sof\u00eda Garc\u00eda Garc\u00eda contra la Naci\u00f3n \u2013 Ministerio de Hacienda y Cr\u00e9dito P\u00fablico, Ministerio de Educaci\u00f3n Nacional y el Departamento Administrativo de la Funci\u00f3n P\u00fablica. \u00a0<\/p>\n<p>SEPTUAGESIMO QUINTO. REVOCAR la sentencia proferida por el Juzgado Segundo Laboral del Circuito de Ci\u00e9naga el 30 de mayo del presente a\u00f1o mediante la cual se concedi\u00f3 la tutela instaurada por Mar\u00eda Hercilia Gracia de Campo contra la Naci\u00f3n \u2013 Ministerio de Hacienda y Cr\u00e9dito P\u00fablico, Ministerio de Educaci\u00f3n Nacional y el Departamento Administrativo de la Funci\u00f3n P\u00fablica. \u00a0<\/p>\n<p>SEPTUAGESIMO SEXTO. REVOCAR la sentencia proferida por el Juzgado Segundo Laboral del Circuito de Ci\u00e9naga el 30 de mayo del presente a\u00f1o mediante la cual se concedi\u00f3 la tutela instaurada por Agustina Fajardo de Revollo contra la Naci\u00f3n \u2013 Ministerio de Hacienda y Cr\u00e9dito P\u00fablico, Ministerio de Educaci\u00f3n Nacional y el Departamento Administrativo de la Funci\u00f3n P\u00fablica. \u00a0<\/p>\n<p>SEPTUAGESIMO SEPTIMO. REVOCAR la sentencia proferida por el Juzgado Segundo Laboral del Circuito de Ci\u00e9naga el 30 de mayo del presente a\u00f1o mediante la cual se concedi\u00f3 la tutela instaurada por Lilia del Carmen Escudero Mezquina contra la Naci\u00f3n \u2013 Ministerio de Hacienda y Cr\u00e9dito P\u00fablico, Ministerio de Educaci\u00f3n Nacional y el Departamento Administrativo de la Funci\u00f3n P\u00fablica. \u00a0<\/p>\n<p>SEPTUAGESIMO OCTAVO. REVOCAR la sentencia proferida por el Juzgado Segundo Laboral del Circuito de Ci\u00e9naga el 30 de mayo del presente a\u00f1o mediante la cual se concedi\u00f3 la tutela instaurada por Andrea Rosa Mart\u00ednez de Vives contra la Naci\u00f3n \u2013 Ministerio de Hacienda y Cr\u00e9dito P\u00fablico, Ministerio de Educaci\u00f3n Nacional y el Departamento Administrativo de la Funci\u00f3n P\u00fablica. \u00a0<\/p>\n<p>SEPTUAGESIMO NOVENO. REVOCAR la sentencia proferida por el Tribunal Superior de Distrito Judicial de Santa Marta, Sala Civil-Familia el 13 \u00a0de julio del presente a\u00f1o mediante la cual se concedi\u00f3 la tutela instaurada por Laureano Caez Turizo contra la Naci\u00f3n \u2013 Ministerio de Hacienda y Cr\u00e9dito P\u00fablico, Ministerio de Educaci\u00f3n Nacional y el Departamento Administrativo de la Funci\u00f3n P\u00fablica. \u00a0<\/p>\n<p>OCTAGESIMO. REVOCAR la sentencia proferida por el Juzgado Octavo de Familia de Medell\u00edn el 29 de junio del presente a\u00f1o mediante la cual se concedi\u00f3 la tutela instaurada por Victor Etien Z\u00fa\u00f1iga Arias contra la Naci\u00f3n \u2013 Ministerio de Hacienda y Cr\u00e9dito P\u00fablico, Ministerio de Educaci\u00f3n Nacional y el Departamento Administrativo de la Funci\u00f3n P\u00fablica. \u00a0<\/p>\n<p>OCTAGESIMO PRIMERO. REVOCAR la sentencia proferida por el Juzgado Segundo Laboral del Circuito de Ci\u00e9naga el \u00a05 de abril del presente a\u00f1o mediante la cual se concedi\u00f3 la tutela instaurada por Ana Cecilia Osio Lora contra la Naci\u00f3n \u2013 Ministerio de Hacienda y Cr\u00e9dito P\u00fablico, Ministerio de Educaci\u00f3n Nacional y el Departamento Administrativo de la Funci\u00f3n P\u00fablica. \u00a0<\/p>\n<p>OCTAGESIMO SEGUNDO. REVOCAR la sentencia proferida por el Juzgado Segundo Laboral del Circuito de Ci\u00e9naga el 10 \u00a0de mayo del presente a\u00f1o mediante la cual se concedi\u00f3 la tutela instaurada por Mar\u00eda Elena Z\u00fa\u00f1iga Arias contra la Naci\u00f3n \u2013 Ministerio de Hacienda y Cr\u00e9dito P\u00fablico, Ministerio de Educaci\u00f3n Nacional y el Departamento Administrativo de la Funci\u00f3n P\u00fablica. \u00a0<\/p>\n<p>OCTAGESIMO TERCERO. REVOCAR la sentencia proferida por el Juzgado Segundo Laboral del Circuito de Ci\u00e9naga el 5 de abril del presente a\u00f1o mediante la cual se concedi\u00f3 la tutela instaurada por Juana de Dios Silva Montero contra la Naci\u00f3n \u2013 Ministerio de Hacienda y Cr\u00e9dito P\u00fablico, Ministerio de Educaci\u00f3n Nacional y el Departamento Administrativo de la Funci\u00f3n P\u00fablica. \u00a0<\/p>\n<p>OCTAGESIMO CUARTO. REVOCAR la sentencia proferida por el Juzgado Segundo laboral del Circuito de Ci\u00e9naga el 6 \u00a0de abril del presente a\u00f1o mediante la cual se concedi\u00f3 la tutela instaurada por Blanca Mar\u00eda Zu\u00f1iga de Torne contra la Naci\u00f3n \u2013 Ministerio de Hacienda y Cr\u00e9dito P\u00fablico, Ministerio de Educaci\u00f3n Nacional y el Departamento Administrativo de la Funci\u00f3n P\u00fablica. \u00a0<\/p>\n<p>OCTAGESIMO QUINTO. REVOCAR la sentencia proferida por el Juzgado Segundo Laboral del Circuito de Ci\u00e9naga el 5 \u00a0de abril del presente a\u00f1o mediante la cual se concedi\u00f3 la tutela instaurada por Rita Ruiz Torres contra la Naci\u00f3n \u2013 Ministerio de Hacienda y Cr\u00e9dito P\u00fablico, Ministerio de Educaci\u00f3n Nacional y el Departamento Administrativo de la Funci\u00f3n P\u00fablica. \u00a0<\/p>\n<p>OCTAGESIMO SEXTO. REVOCAR la sentencia proferida por el Juzgado Segundo Civil Municipal de Palmira el 23 de mayo del presente a\u00f1o mediante la cual se concedi\u00f3 la tutela instaurada por Jose Jair Valencia contra la Naci\u00f3n \u2013 Ministerio de Hacienda y Cr\u00e9dito P\u00fablico, Ministerio de Educaci\u00f3n Nacional. \u00a0<\/p>\n<p>OCTAGESIMO SEPTIMO. REVOCAR las sentencias proferidas por el Juzgado Segundo de Menores de Medell\u00edn el 11 de mayo del presente a\u00f1o y el Tribunal Superior de Medell\u00edn, Sala de Familia el 23 de junio del presente a\u00f1o mediante las cuales se concedi\u00f3 la tutela instaurada por Lucia Arango Perez contra la Naci\u00f3n \u2013 Ministerio de Hacienda y Cr\u00e9dito P\u00fablico, Ministerio de Educaci\u00f3n Nacional y el Departamento Administrativo de la Funci\u00f3n P\u00fablica. \u00a0<\/p>\n<p>OCTAGESIMO OCTAVO. REVOCAR las sentencias proferidas por el Juzgado Segundo de Menores de Medell\u00edn el 8 de mayo del presente a\u00f1o y el Tribunal Superior de Medell\u00edn Sala de Familia el 4 de julio del presente a\u00f1o mediante las cuales se concedi\u00f3 la tutela instaurada por Estella de Jes\u00fas Molina y Juan Pablo P\u00e9rez Benites contra la Naci\u00f3n \u2013 Ministerio de Hacienda y Cr\u00e9dito P\u00fablico, Ministerio de Educaci\u00f3n Nacional y el Departamento Administrativo de la Funci\u00f3n P\u00fablica. \u00a0<\/p>\n<p>OCTAGESIMO NOVENO. REVOCAR las sentencias proferidas por el Juzgado Primero Penal Municipal de Tunja el 15 de mayo del presente a\u00f1o y el Juzgado Quinto Penal del Circuito de Tunja el 15 de junio del presente a\u00f1o mediante las cuales se concedi\u00f3 la tutela instaurada por Libia In\u00e9s Alem\u00e1n Novoa contra Asamblea de Boyac\u00e1 y Gobernaci\u00f3n de Boyac\u00e1. \u00a0<\/p>\n<p>NONAGESIMO. REVOCAR la sentencia proferida por el Juzgado Quinto Civil Municipal de Palmira el \u00a023 de junio del presente a\u00f1o mediante las cual se concedi\u00f3 la tutela instaurada por Esther Julia Benitez contra la Naci\u00f3n \u2013 Ministerio de Hacienda y Cr\u00e9dito P\u00fablico y Ministerio de Educaci\u00f3n Nacional. \u00a0<\/p>\n<p>NONAGESIMO PRIMERO. REVOCAR las sentencias proferidas por el Juzgado Promiscuo Municipal de san Pedro el 13 de abril del presente a\u00f1o y el Juzgado Primero Penal del Circuito de Tulua el 29 de mayo del presente a\u00f1o mediante las cuales se concedi\u00f3 la tutela instaurada por Lida Cruz de Garc\u00eda contra la Naci\u00f3n \u2013 Ministerio de Hacienda y Cr\u00e9dito P\u00fablico, Ministerio de Educaci\u00f3n Nacional y el Departamento Administrativo de la Funci\u00f3n P\u00fablica. \u00a0<\/p>\n<p>NONAGESIMO SEGUNDO. REVOCAR la sentencia proferida por el Juzgado Segundo Civil del Circuito de Medell\u00edn el 29 \u00a0de mayo del presente a\u00f1o mediante la cual se concedi\u00f3 la tutela instaurada por Luz Marina Aristizabal contra la Naci\u00f3n \u2013 Ministerio de Hacienda y Cr\u00e9dito P\u00fablico, Ministerio de Educaci\u00f3n Nacional y el Departamento Administrativo de la Funci\u00f3n P\u00fablica. \u00a0<\/p>\n<p>NONAGESIMO TERCERO. REVOCAR la sentencia proferida por el Juzgado Duod\u00e9cimo Civil Municipal de Medell\u00edn el \u00a017 de mayo del presente a\u00f1o mediante la cual se concedi\u00f3 la tutela instaurada por Luz Mary R\u00edos de Cardona contra la Naci\u00f3n \u2013 Ministerio de Hacienda y Cr\u00e9dito P\u00fablico, Ministerio de Educaci\u00f3n Nacional y el Departamento Administrativo de la Funci\u00f3n P\u00fablica. \u00a0<\/p>\n<p>NONAGESIMO CUARTO. REVOCAR la sentencia proferida por el Juzgado segundo Civil del Circuito de Medell\u00edn el 25 de mayo del presente a\u00f1o mediante la cual se concedi\u00f3 la tutela instaurada por Mar\u00eda Hermelina Casta\u00f1o Escobar contra la Naci\u00f3n \u2013 Ministerio de Hacienda y Cr\u00e9dito P\u00fablico, Ministerio de Educaci\u00f3n Nacional y el Departamento Administrativo de la Funci\u00f3n P\u00fablica. \u00a0<\/p>\n<p>NONAGESIMO SEXTO. CONFIRMAR la sentencia proferida por el Juzgado Ochenta Penal Municipal de Bogot\u00e1 el 3 de mayo del presente a\u00f1o mediante la cual se concedi\u00f3 la tutela instaurada por Ana Beatriz Chaverra Paneso contra la Naci\u00f3n \u2013 Ministerio de Hacienda y Cr\u00e9dito P\u00fablico, Ministerio de Educaci\u00f3n Nacional y el Departamento Administrativo de la Funci\u00f3n P\u00fablica. \u00a0<\/p>\n<p>NONAGESIMO SEPTIMO. REVOCAR las sentencias proferidas por el Juzgado Cuarto de Menores de Medell\u00edn el 24 \u00a0de abril del presente a\u00f1o y el Tribunal Superior de Medell\u00edn, Sala Tercera el 23 de junio del presente a\u00f1o mediante las cuales se concedi\u00f3 la tutela instaurada por Ana Lucia Agudelo Mira contra la Naci\u00f3n \u2013 Ministerio de Hacienda y Cr\u00e9dito P\u00fablico, Ministerio de Educaci\u00f3n Nacional y el Departamento Administrativo de la Funci\u00f3n P\u00fablica. \u00a0<\/p>\n<p>NONAGESIMO OCTAVO. REVOCAR la sentencia proferida por el Tribunal Administrativo de Cundinamarca, Secci\u00f3n Tercera el 8 de agosto del presente a\u00f1o mediante la cual se concedi\u00f3 la tutela instaurada por Edgar Dar\u00edo Marmolejo Rold\u00e1n contra la Naci\u00f3n \u2013 Ministerio de Hacienda y Cr\u00e9dito P\u00fablico. \u00a0<\/p>\n<p>NONAGESIMO NOVENO. REVOCAR la sentencia proferida por el Tribunal Contencioso Administrativo de Cundinamarca, Secci\u00f3n Tercera el 24 \u00a0de julio \u00a0del presente a\u00f1o mediante la cual se concedi\u00f3 la tutela instaurada por Parmenio P\u00e9rez Silva contra la Naci\u00f3n \u2013 Ministerio de Hacienda y Cr\u00e9dito P\u00fablico y el Departamento Administrativo Nacional de la Econom\u00eda Solidaria. \u00a0<\/p>\n<p>DECAGESIMO. REVOCAR las sentencias proferidas por el Juzgado Sexto de Familia de Medell\u00edn el 16 \u00a0de mayo del presente a\u00f1o y el Tribunal Superior de Medell\u00edn, Sala de Familia el \u00a023 de junio del presente a\u00f1o mediante las cuales se concedi\u00f3 la tutela instaurada por Ram\u00f3n Arturo Garc\u00eda Correa contra la Naci\u00f3n \u2013 Ministerio de Hacienda y Cr\u00e9dito P\u00fablico, Ministerio de Educaci\u00f3n Nacional y el Departamento Administrativo de la Funci\u00f3n P\u00fablica. \u00a0<\/p>\n<p>DECAGESIMO PRIMERO. REVOCAR las sentencias proferidas por el Juzgado Veintidos Civil Municipal de Medell\u00edn el \u00a017 de marzo del presente a\u00f1o y el Juzgado Octavo Civil del Circuito de Medell\u00edn el 23 de junio del presente a\u00f1o mediante las cuales se concedi\u00f3 la tutela instaurada por Francisco Alfredo Betancur Bolivar contra la Naci\u00f3n \u2013 Ministerio de Hacienda y Cr\u00e9dito P\u00fablico, Ministerio de Educaci\u00f3n Nacional y el Departamento Administrativo de la Funci\u00f3n P\u00fablica. \u00a0<\/p>\n<p>DECAGESIMO SEGUNDO. REVOCAR las sentencias proferidas por el Juzgado Decimonoveno Civil Municipal de Medell\u00edn el \u00a024 de abril del presente a\u00f1o y el Juzgado Segundo Civil del Circuito de Medell\u00edn el 22 de junio del presente a\u00f1o mediante las cuales se concedi\u00f3 la tutela instaurada por Mercedes Rosa Calle Araque contra la Naci\u00f3n \u2013 Ministerio de Hacienda y Cr\u00e9dito P\u00fablico, Ministerio de Educaci\u00f3n Nacional y el Departamento Administrativo de la Funci\u00f3n P\u00fablica. \u00a0<\/p>\n<p>DECAGESIMO TERCERO. REVOCAR la sentencia proferida por el Tribunal Superior del Distrito Judicial de Barranquilla el 28 de abril del presente a\u00f1o mediante la cual se concedi\u00f3 la tutela instaurada por Jos\u00e9 de Jes\u00fas Mesa Galvis contra la Naci\u00f3n \u2013 Ministerio de Hacienda y Cr\u00e9dito P\u00fablico, Ministerio de Educaci\u00f3n Nacional y el Departamento Administrativo de la Funci\u00f3n P\u00fablica. \u00a0<\/p>\n<p>DECAGESIMO CUARTO. NO CONCEDER las tutelas en los casos indicados en los numerales anteriores por las razones expuestas en el presente fallo. \u00a0<\/p>\n<p>DECAGESIMO QUINTO.- L\u00cdBRESE por Secretar\u00eda las comunicaciones de que trata el art\u00edculo 36 del Decreto 2591 de 1991, para los efectos all\u00ed contemplados. \u00a0<\/p>\n<p>C\u00f3piese, notif\u00edquese, comun\u00edquese, c\u00famplase e ins\u00e9rtese en la Gaceta de la Corte Constitucional. \u00a0<\/p>\n<p>ALEJANDRO MARTINEZ CABALLERO \u00a0<\/p>\n<p>Magistrado \u00a0<\/p>\n<p>FABIO MORON DIAZ \u00a0<\/p>\n<p>Magistrado \u00a0<\/p>\n<p>CRISTINA PARDO SCHLESINGER \u00a0<\/p>\n<p>Magistrada \u00a0<\/p>\n<p>IVAN ESCRUCER\u00cdA MAYOLO \u00a0<\/p>\n<p>Secretario General (E) \u00a0<\/p>\n<p>\u00a0 \u00a0\u00a0<\/p>\n<p>1 M.P. Alvaro Tafur Galvis. \u00a0<\/p>\n<p>2 Sentencia SU-1052 de 2000. M.P. Alvaro Tafur Galvis \u00a0<\/p>\n<p><\/p>\n","protected":false},"excerpt":{"rendered":"<p>\u00a0 \u00a0 \u00a0 \u00a0 \u00a0 \u00a0 \u00a0 \u00a0 \u00a0 \u00a0 \u00a0 Sentencia T-031\/01 \u00a0 ACCION DE TUTELA-Naturaleza \u00a0 JUEZ CONSTITUCIONAL-Improcedencia para sustituir a las autoridades en las competencias asignadas por la Constituci\u00f3n Pol\u00edtica \u00a0 GOBIERNO NACIONAL-Formulaci\u00f3n anual del presupuesto y ley de apropiaciones\/JUEZ DE TUTELA-Imposibilidad de modificar presupuesto para incremento salarial de servidores p\u00fablicos \u00a0 [&hellip;]<\/p>\n","protected":false},"author":1,"featured_media":0,"comment_status":"open","ping_status":"open","sticky":false,"template":"","format":"standard","meta":{"footnotes":""},"categories":[47],"tags":[],"class_list":["post-7080","post","type-post","status-publish","format-standard","hentry","category-tutelas-2001"],"_links":{"self":[{"href":"https:\/\/www.dmsjuridica.com\/buscador_20179478954\/corteconstitucionalcronologico202454587\/wp-json\/wp\/v2\/posts\/7080","targetHints":{"allow":["GET"]}}],"collection":[{"href":"https:\/\/www.dmsjuridica.com\/buscador_20179478954\/corteconstitucionalcronologico202454587\/wp-json\/wp\/v2\/posts"}],"about":[{"href":"https:\/\/www.dmsjuridica.com\/buscador_20179478954\/corteconstitucionalcronologico202454587\/wp-json\/wp\/v2\/types\/post"}],"author":[{"embeddable":true,"href":"https:\/\/www.dmsjuridica.com\/buscador_20179478954\/corteconstitucionalcronologico202454587\/wp-json\/wp\/v2\/users\/1"}],"replies":[{"embeddable":true,"href":"https:\/\/www.dmsjuridica.com\/buscador_20179478954\/corteconstitucionalcronologico202454587\/wp-json\/wp\/v2\/comments?post=7080"}],"version-history":[{"count":0,"href":"https:\/\/www.dmsjuridica.com\/buscador_20179478954\/corteconstitucionalcronologico202454587\/wp-json\/wp\/v2\/posts\/7080\/revisions"}],"wp:attachment":[{"href":"https:\/\/www.dmsjuridica.com\/buscador_20179478954\/corteconstitucionalcronologico202454587\/wp-json\/wp\/v2\/media?parent=7080"}],"wp:term":[{"taxonomy":"category","embeddable":true,"href":"https:\/\/www.dmsjuridica.com\/buscador_20179478954\/corteconstitucionalcronologico202454587\/wp-json\/wp\/v2\/categories?post=7080"},{"taxonomy":"post_tag","embeddable":true,"href":"https:\/\/www.dmsjuridica.com\/buscador_20179478954\/corteconstitucionalcronologico202454587\/wp-json\/wp\/v2\/tags?post=7080"}],"curies":[{"name":"wp","href":"https:\/\/api.w.org\/{rel}","templated":true}]}}