{"id":7112,"date":"2024-05-31T14:35:33","date_gmt":"2024-05-31T14:35:33","guid":{"rendered":"https:\/\/www.dmsjuridica.com\/buscador_20179478954\/corteconstitucionalcronologico202454587\/2024\/05\/31\/t-081-01\/"},"modified":"2024-05-31T14:35:33","modified_gmt":"2024-05-31T14:35:33","slug":"t-081-01","status":"publish","type":"post","link":"https:\/\/www.dmsjuridica.com\/buscador_20179478954\/corteconstitucionalcronologico202454587\/t-081-01\/","title":{"rendered":"T-081-01"},"content":{"rendered":"\n<p>\u00a0 \u00a0 Sentencia T-081\/01 \u00a0<\/p>\n<p>ACCION DE TUTELA-Hecho superado por pago de acreencias laborales \u00a0<\/p>\n<p>Referencia: expedientes T-390829 \u00a0<\/p>\n<p>Acci\u00f3n de tutela instaurada por Olga Osiris Cervantes Acosta contra \u00a0el Departamento del Magdalena. \u00a0<\/p>\n<p>Magistrado: \u00a0<\/p>\n<p>Dr. FABIO MORON DIAZ \u00a0<\/p>\n<p>\u00a0 \u00a0 \u00a0 \u00a0 \u00a0 \u00a0 \u00a0 \u00a0 \u00a0 \u00a0 \u00a0 \u00a0 \u00a0 \u00a0 \u00a0 \u00a0 \u00a0<\/p>\n<p>Bogot\u00e1, D.C., enero veintinueve (29) de dos mil uno (2001) \u00a0<\/p>\n<p>La Sala S\u00e9ptima de Revisi\u00f3n de Tutelas de la Corte Constitucional, integrada por los Magistrados CRISTINA PARDO SCHLESINGER (e), ALVARO TAFUR GALVIS y FABIO MORON DIAZ, en ejercicio de sus competencias constitucionales y legales, ha proferido la siguiente \u00a0<\/p>\n<p>SENTENCIA \u00a0<\/p>\n<p>en el proceso de revisi\u00f3n del fallo proferido por el Juzgado Quinto Penal del Circuito de Santa Marta, dentro de la acci\u00f3n de tutela instaurada por OLGA OSIRIS CERVANTES ACOSTA contra\u00a0 el Departamento del Magdalena. \u00a0<\/p>\n<p>I. \u00a0 \u00a0 \u00a0 \u00a0ANTECEDENTES \u00a0<\/p>\n<p>1. Hechos \u00a0<\/p>\n<p>Manifiesta la petente que presta sus servicios como docente al Departamento del Magdalena, y que el motivo de su inconformidad radica en que su empleador le adeuda cuatro meses de salario correspondiente a marzo, abril, mayo y junio del 2000, circunstancia que le coloca en una dif\u00edcil situaci\u00f3n para cubrir sus necesidades b\u00e1sicas, motivo por el cual solicita el pago de su estipendio para de esa forma ver materializada la protecci\u00f3n de su derecho al trabajo. \u00a0<\/p>\n<p>El Departamento del Magdalena inform\u00f3 al Juez de instancia que el no pago de los salarios adeudados se debe a su dif\u00edcil situaci\u00f3n econ\u00f3mica. \u00a0<\/p>\n<p>2. \u00a0 \u00a0 \u00a0 \u00a0Sentencia Objeto de Revisi\u00f3n \u00a0<\/p>\n<p>El Juzgado Quinto Penal del Circuito de santa Marta, mediante prove\u00eddo del 17 de agosto de 2000, decidi\u00f3 negar las pretensiones de la demanda al considerar que &#8220;Asuntos como el objeto de esta acci\u00f3n de tutela no se adec\u00faan a las previsiones legales, ya que se trata del reclamo de salarios producto de una relaci\u00f3n laboral, por virtud de la cual se puede acudir a las v\u00edas ordinarias para pretender lo que en este caso se solicita&#8221;.\u00a0 \u00a0<\/p>\n<p>II. \u00a0CONSIDERACIONES Y FUNDAMENTOS \u00a0<\/p>\n<p>Reiteraci\u00f3n sobre el hecho superado \u00a0<\/p>\n<p>En muchas oportunidades1 esta Corporaci\u00f3n se ha referido al hecho consumado; entendido tal fen\u00f3meno jur\u00eddico como la cesaci\u00f3n de la actuaci\u00f3n impugnada de una autoridad p\u00fablica o un particular, lo cual hace entonces que se deniegue la acci\u00f3n incoada pues no existe un objeto jur\u00eddico sobre el cual proveer: \u00a0<\/p>\n<p>&#8220;Efectivamente, si como lo ha reconocido esta Corporaci\u00f3n en diferentes pronunciamientos y se reitera en esta Sentencia, la acci\u00f3n de tutela tiene por objeto la protecci\u00f3n efectiva e inmediata de los derechos constitucionales fundamentales, resulta l\u00f3gico suponer que su efectividad reside en la posibilidad que tiene el juez, en caso de existir la violaci\u00f3n o amenaza alegada, de impartir una orden encaminada a la defensa actual y cierta del derecho afectado. Pero si, como ocurre en el presente caso, la situaci\u00f3n de hecho que produce la violaci\u00f3n o amenaza ya ha sido superada, la acci\u00f3n de amparo pierde su raz\u00f3n de ser, pues la orden que pudiera impartir el juez no produce ning\u00fan efecto por carencia actual de objeto, resultando improcedente la tutela.&#8221; Sentencia T-675 de 1996 M.P. Dr. Vladimiro Naranjo Mesa. \u00a0<\/p>\n<p>En \u00a0efecto, mediante comunicaci\u00f3n de fecha diciembre 6 de 2000, la apoderada del Gobernador del Departamento del Magdalena2 informa al Magistrado Sustanciador lo siguiente: \u00a0<\/p>\n<p>&#8220;&#8230;. \u00a0<\/p>\n<p>Y en tal sentido me permito informarle que a todos los docentes del Departamento del Magdalena al igual que a la se\u00f1ora OLGA OSIRIS CERVANTES ACOSTA, identificada con la c\u00e9dula de ciudadan\u00eda No. 22.393.454 expedida en Barranquilla, se les cancelaron por intermedio de la Fiduciaria de Occidente en la cuenta que tienen cada uno de ellos en el banco Ganadero, el mes de marzo el 21 de agosto del 2000, los meses de abril hasta Agosto se cancelaron el 28 de septiembre del a\u00f1o en curso, las primas se cancelaron el d\u00eda 29 de septiembre de los corrientes y el mes de septiembre se cancel\u00f3 el 17 de noviembre del mismo a\u00f1o.&#8221; \u00a0<\/p>\n<p>Por consiguiente y en vista de que se est\u00e1 frente a un hecho superado, la Sala confirmar\u00e1 la providencia de segunda instancia, pero por los motivos expresados en la parte motiva de este prove\u00eddo. \u00a0<\/p>\n<p>II. \u00a0 \u00a0 \u00a0 \u00a0DECISION \u00a0<\/p>\n<p>En m\u00e9rito de lo expuesto, la Sala S\u00e9ptima de Revisi\u00f3n de la Corte Constitucional, administrando justicia en nombre del pueblo, y por mandato de la Constituci\u00f3n Pol\u00edtica, \u00a0<\/p>\n<p>RESUELVE \u00a0<\/p>\n<p>Primero.- CONFIRMAR la Sentencia proferida por el Juzgado Quinto Penal del Circuito de Santa Marta, de fecha 17 de agosto del 2000, que deneg\u00f3 las pretensiones de la demandante OLGA OSIRIS CERVANTES ACOSTA, pero por las razones expresadas en la parte motiva de este prove\u00eddo. \u00a0<\/p>\n<p>Segundo.- Por Secretar\u00eda General, l\u00edbrense las comunicaciones previstas en el art\u00edculo 36 del Decreto 2591 de 1991, para los efectos all\u00ed contemplados. \u00a0<\/p>\n<p>Notif\u00edquese, comun\u00edquese, publ\u00edquese en la Gaceta de la Corte Constitucional y c\u00famplase. \u00a0<\/p>\n<p>FABIO MORON DIAZ \u00a0<\/p>\n<p>Magistrado \u00a0<\/p>\n<p>CRISTINA PARDO SCHLESINGER \u00a0<\/p>\n<p>Magistrada (E) \u00a0<\/p>\n<p>ALVARO TAFUR GALVIS \u00a0<\/p>\n<p>Magistrado \u00a0<\/p>\n<p>IVAN ESCRUCERIA MAYOLO \u00a0<\/p>\n<p>Secretario General (E) \u00a0<\/p>\n<p>\u00a0 \u00a0\u00a0<\/p>\n<p>1 Al respecto consultar sentencias T-167\/97; T-463\/97; T-281\/98; T-288\/98; T-278\/99 entre muchas otras. \u00a0<\/p>\n<p>2 En el mismo sentido se pronunci\u00f3 el Secretario de Desarrollo de la Educaci\u00f3n del Departamento del Magdalena. \u00a0 \u00a0<\/p>\n<p><\/p>\n","protected":false},"excerpt":{"rendered":"<p>\u00a0 \u00a0 Sentencia T-081\/01 \u00a0 ACCION DE TUTELA-Hecho superado por pago de acreencias laborales \u00a0 Referencia: expedientes T-390829 \u00a0 Acci\u00f3n de tutela instaurada por Olga Osiris Cervantes Acosta contra \u00a0el Departamento del Magdalena. \u00a0 Magistrado: \u00a0 Dr. FABIO MORON DIAZ \u00a0 \u00a0 \u00a0 \u00a0 \u00a0 \u00a0 \u00a0 \u00a0 \u00a0 \u00a0 \u00a0 \u00a0 \u00a0 \u00a0 \u00a0 [&hellip;]<\/p>\n","protected":false},"author":1,"featured_media":0,"comment_status":"open","ping_status":"open","sticky":false,"template":"","format":"standard","meta":{"footnotes":""},"categories":[47],"tags":[],"class_list":["post-7112","post","type-post","status-publish","format-standard","hentry","category-tutelas-2001"],"_links":{"self":[{"href":"https:\/\/www.dmsjuridica.com\/buscador_20179478954\/corteconstitucionalcronologico202454587\/wp-json\/wp\/v2\/posts\/7112","targetHints":{"allow":["GET"]}}],"collection":[{"href":"https:\/\/www.dmsjuridica.com\/buscador_20179478954\/corteconstitucionalcronologico202454587\/wp-json\/wp\/v2\/posts"}],"about":[{"href":"https:\/\/www.dmsjuridica.com\/buscador_20179478954\/corteconstitucionalcronologico202454587\/wp-json\/wp\/v2\/types\/post"}],"author":[{"embeddable":true,"href":"https:\/\/www.dmsjuridica.com\/buscador_20179478954\/corteconstitucionalcronologico202454587\/wp-json\/wp\/v2\/users\/1"}],"replies":[{"embeddable":true,"href":"https:\/\/www.dmsjuridica.com\/buscador_20179478954\/corteconstitucionalcronologico202454587\/wp-json\/wp\/v2\/comments?post=7112"}],"version-history":[{"count":0,"href":"https:\/\/www.dmsjuridica.com\/buscador_20179478954\/corteconstitucionalcronologico202454587\/wp-json\/wp\/v2\/posts\/7112\/revisions"}],"wp:attachment":[{"href":"https:\/\/www.dmsjuridica.com\/buscador_20179478954\/corteconstitucionalcronologico202454587\/wp-json\/wp\/v2\/media?parent=7112"}],"wp:term":[{"taxonomy":"category","embeddable":true,"href":"https:\/\/www.dmsjuridica.com\/buscador_20179478954\/corteconstitucionalcronologico202454587\/wp-json\/wp\/v2\/categories?post=7112"},{"taxonomy":"post_tag","embeddable":true,"href":"https:\/\/www.dmsjuridica.com\/buscador_20179478954\/corteconstitucionalcronologico202454587\/wp-json\/wp\/v2\/tags?post=7112"}],"curies":[{"name":"wp","href":"https:\/\/api.w.org\/{rel}","templated":true}]}}