{"id":7115,"date":"2024-05-31T14:35:33","date_gmt":"2024-05-31T14:35:33","guid":{"rendered":"https:\/\/www.dmsjuridica.com\/buscador_20179478954\/corteconstitucionalcronologico202454587\/2024\/05\/31\/t-084-01\/"},"modified":"2024-05-31T14:35:33","modified_gmt":"2024-05-31T14:35:33","slug":"t-084-01","status":"publish","type":"post","link":"https:\/\/www.dmsjuridica.com\/buscador_20179478954\/corteconstitucionalcronologico202454587\/t-084-01\/","title":{"rendered":"T-084-01"},"content":{"rendered":"\n<p>ACCION DE TUTELA-Hecho superado por pago de acreencias laborales \u00a0<\/p>\n<p>Referencia: expediente T-394244 \u00a0<\/p>\n<p>Acci\u00f3n de tutela interpuesta por Jazmin Mejia Celis, contra el Hospital Nazareth E.S.E. de Barranquilla. \u00a0<\/p>\n<p>Magistrado Ponente: \u00a0<\/p>\n<p>Dr. FABIO MORON DIAZ\u00a0 \u00a0<\/p>\n<p>Bogot\u00e1, D.C., enero veintinueve (29) de dos mil uno (2001) \u00a0<\/p>\n<p>La Sala S\u00e9ptima de Revisi\u00f3n de Tutelas de la Corte Constitucional, integrada por los Magistrados CRISTINA PARDO SCHLESINGER (E), ALVARO TAFUR GALVIS y FABIO MORON DIAZ, en ejercicio de sus competencias constitucionales y legales, ha proferido la siguiente \u00a0<\/p>\n<p>SENTENCIA \u00a0<\/p>\n<p>en el proceso de revisi\u00f3n del fallo proferido por el \u00a0Tribunal Administrativo del Atl\u00e1ntico, de fecha 17 de marzo del 2000, dentro de la acci\u00f3n de tutela iniciada por JAZMIN MEJIA CELIS, contra el Hospital Nazareth E.S.E. de Barranquilla. \u00a0<\/p>\n<p>I. ANTECEDENTES \u00a0<\/p>\n<p>1. Hechos. \u00a0<\/p>\n<p>La actora se\u00f1ala en su escrito de tutela, que labora en la actualidad para el Hospital Nazareth de Barranquilla, entidad que no le ha cancelado sus salarios correspondientes a los meses de diciembre de 1999, enero y febrero del 2000, situaci\u00f3n que ha afectado su m\u00ednimo vital y el de su familia, toda vez que su estipendio constituye su \u00fanica fuente de ingreso. En vista de la problem\u00e1tica que est\u00e1 atravesando, solicita se le ordene al accionado la cancelaci\u00f3n de sus obligaciones laborales, y de esta forma lograr la protecci\u00f3n de su derecho al trabajo concordante con una subsistencia digna y justa. \u00a0<\/p>\n<p>Comenta que, la entidad cuestionada ha aducido para sustentar su actitud omisiva, la crisis econ\u00f3mica por la que atraviesa, situaci\u00f3n que ha convergido en no poder cumplir con la obligaci\u00f3n de cancelar las acreencias laborales a 441 empleados que laboran para la misma. \u00a0<\/p>\n<p>3. Sentencia Objeto de Revisi\u00f3n. \u00a0<\/p>\n<p>El Tribunal Administrativo del Atl\u00e1ntico, mediante prove\u00eddo del 17 de marzo del 2000, decidi\u00f3 negar la acci\u00f3n incoada al considerar que &#8220;para efectos \u00a0de reclamar el pago de esas obligaciones insolutas, el actor cuenta con otros medios de defensa judicial, como ser\u00eda las acciones ejecutivas ante la jurisdicci\u00f3n ordinaria laboral o las acciones contempladas en el C\u00f3digo Contencioso Administrativo ante esta jurisdicci\u00f3n&#8221; \u00a0<\/p>\n<p>II. CONSIDERACIONES Y FUNDAMENTOS DE LA CORTE CONSTITUCIONAL \u00a0<\/p>\n<p>Reiteraci\u00f3n sobre el hecho superado \u00a0<\/p>\n<p>En muchas oportunidades1 esta Corporaci\u00f3n se ha referido al hecho consumado; entendido tal fen\u00f3meno jur\u00eddico como la cesaci\u00f3n de la actuaci\u00f3n impugnada de una autoridad p\u00fablica o un particular, lo cual hace entonces que se deniegue la acci\u00f3n incoada pues no existe un objeto jur\u00eddico sobre el cual proveer: \u00a0<\/p>\n<p>&#8220;Efectivamente, si como lo ha reconocido esta Corporaci\u00f3n en diferentes pronunciamientos y se reitera en esta Sentencia, la acci\u00f3n de tutela tiene por objeto la protecci\u00f3n efectiva e inmediata de los derechos constitucionales fundamentales, resulta l\u00f3gico suponer que su efectividad reside en la posibilidad que tiene el juez, en caso de existir la violaci\u00f3n o amenaza alegada, de impartir una orden encaminada a la defensa actual y cierta del derecho afectado. Pero si, como ocurre en el presente caso, la situaci\u00f3n de hecho que produce la violaci\u00f3n o amenaza ya ha sido superada, la acci\u00f3n de amparo pierde su raz\u00f3n de ser, pues la orden que pudiera impartir el juez no produce ning\u00fan efecto por carencia actual de objeto, resultando improcedente la tutela.&#8221; Sentencia T-675 de 1996 M.P. Dr. Vladimiro Naranjo Mesa. \u00a0<\/p>\n<p>En este orden de ideas y descendiendo al caso sub lite, observa la Sala que el motivo generador de la acci\u00f3n de tutela ya desapareci\u00f3, esto es, la no cancelaci\u00f3n de algunas acreencias laborales al demandante por parte de su empleador, llega esta Corporaci\u00f3n a esta conclusi\u00f3n luego de valorar los elementos probatorios que obran en el plenario. En efecto, mediante comunicaci\u00f3n de fecha 20 de diciembre del 2000, el Gerente del Hospital Nazareth de Barranquilla, informa al Magistrado Sustanciador lo siguiente: \u00a0<\/p>\n<p>&#8220;&#8230;. \u00a0<\/p>\n<p>A efecto de dar cumplimiento a lo solicitado en oficio OPT-619\/2000 de expediente de la referencia, a Ustedes manifiesto que a la se\u00f1ora JAZMIN MEJIA CELIS, el Hospital Nazareth E.S.E. le cancel\u00f3 sus salarios correspondientes a los meses de diciembre del a\u00f1o 1999, enero y febrero del a\u00f1o 2000.&#8221; \u00a0<\/p>\n<p>III. DECISION \u00a0<\/p>\n<p>En m\u00e9rito de lo expuesto, la Sala S\u00e9ptima de Revisi\u00f3n de la Corte Constitucional, administrando justicia en nombre del Pueblo y por mandato de la Constituci\u00f3n Pol\u00edtica, \u00a0<\/p>\n<p>RESUELVE \u00a0<\/p>\n<p>Primero. \u00a0CONFIRMAR el fallo proferido por el Tribunal Administrativo del Atl\u00e1ntico, con fecha 17 de marzo del 2000, que neg\u00f3 las pretensiones de la demandante, pero por las razones expresadas en la parte motiva de este prove\u00eddo. \u00a0<\/p>\n<p>Segundo. Por Secretaria general, l\u00edbrense las comunicaciones previstas en el art\u00edculo 36 del decreto 2591 de 1991, para los efectos all\u00ed contemplados. \u00a0<\/p>\n<p>\u00a0 \u00a0<\/p>\n<p>Notif\u00edquese, comun\u00edquese, publ\u00edquese en la Gaceta de la Corte Constitucional y c\u00famplase. \u00a0<\/p>\n<p>FABIO MORON DIAZ \u00a0<\/p>\n<p>Magistrado \u00a0<\/p>\n<p>CRISTINA PARDO SCHLESINGER \u00a0<\/p>\n<p>Magistrada (E) \u00a0<\/p>\n<p>ALVARO TAFUR GALVIS \u00a0<\/p>\n<p>Magistrado \u00a0<\/p>\n<p>IVAN ESCRUCERIA MAYOLO \u00a0<\/p>\n<p>Secretario General (E) \u00a0<\/p>\n<p>1 Al respecto consultar sentencias T-167\/97; T-463\/97; T-281\/98; T-288\/98; T-278\/99 entre muchas otras. \u00a0 \u00a0<\/p>\n<p><\/p>\n","protected":false},"excerpt":{"rendered":"<p>ACCION DE TUTELA-Hecho superado por pago de acreencias laborales \u00a0 Referencia: expediente T-394244 \u00a0 Acci\u00f3n de tutela interpuesta por Jazmin Mejia Celis, contra el Hospital Nazareth E.S.E. de Barranquilla. \u00a0 Magistrado Ponente: \u00a0 Dr. FABIO MORON DIAZ\u00a0 \u00a0 Bogot\u00e1, D.C., enero veintinueve (29) de dos mil uno (2001) \u00a0 La Sala S\u00e9ptima de Revisi\u00f3n de [&hellip;]<\/p>\n","protected":false},"author":1,"featured_media":0,"comment_status":"open","ping_status":"open","sticky":false,"template":"","format":"standard","meta":{"footnotes":""},"categories":[47],"tags":[],"class_list":["post-7115","post","type-post","status-publish","format-standard","hentry","category-tutelas-2001"],"_links":{"self":[{"href":"https:\/\/www.dmsjuridica.com\/buscador_20179478954\/corteconstitucionalcronologico202454587\/wp-json\/wp\/v2\/posts\/7115","targetHints":{"allow":["GET"]}}],"collection":[{"href":"https:\/\/www.dmsjuridica.com\/buscador_20179478954\/corteconstitucionalcronologico202454587\/wp-json\/wp\/v2\/posts"}],"about":[{"href":"https:\/\/www.dmsjuridica.com\/buscador_20179478954\/corteconstitucionalcronologico202454587\/wp-json\/wp\/v2\/types\/post"}],"author":[{"embeddable":true,"href":"https:\/\/www.dmsjuridica.com\/buscador_20179478954\/corteconstitucionalcronologico202454587\/wp-json\/wp\/v2\/users\/1"}],"replies":[{"embeddable":true,"href":"https:\/\/www.dmsjuridica.com\/buscador_20179478954\/corteconstitucionalcronologico202454587\/wp-json\/wp\/v2\/comments?post=7115"}],"version-history":[{"count":0,"href":"https:\/\/www.dmsjuridica.com\/buscador_20179478954\/corteconstitucionalcronologico202454587\/wp-json\/wp\/v2\/posts\/7115\/revisions"}],"wp:attachment":[{"href":"https:\/\/www.dmsjuridica.com\/buscador_20179478954\/corteconstitucionalcronologico202454587\/wp-json\/wp\/v2\/media?parent=7115"}],"wp:term":[{"taxonomy":"category","embeddable":true,"href":"https:\/\/www.dmsjuridica.com\/buscador_20179478954\/corteconstitucionalcronologico202454587\/wp-json\/wp\/v2\/categories?post=7115"},{"taxonomy":"post_tag","embeddable":true,"href":"https:\/\/www.dmsjuridica.com\/buscador_20179478954\/corteconstitucionalcronologico202454587\/wp-json\/wp\/v2\/tags?post=7115"}],"curies":[{"name":"wp","href":"https:\/\/api.w.org\/{rel}","templated":true}]}}