{"id":7417,"date":"2024-05-31T14:35:51","date_gmt":"2024-05-31T14:35:51","guid":{"rendered":"https:\/\/www.dmsjuridica.com\/buscador_20179478954\/corteconstitucionalcronologico202454587\/2024\/05\/31\/t-179-01\/"},"modified":"2024-05-31T14:35:51","modified_gmt":"2024-05-31T14:35:51","slug":"t-179-01","status":"publish","type":"post","link":"https:\/\/www.dmsjuridica.com\/buscador_20179478954\/corteconstitucionalcronologico202454587\/t-179-01\/","title":{"rendered":"T-179-01"},"content":{"rendered":"\n<p>\u00a0 \u00a0 Sentencia T-179\/01 \u00a0<\/p>\n<p>ACCION DE TUTELA-Naturaleza \u00a0<\/p>\n<p>GOBIERNO NACIONAL-Formulaci\u00f3n anual del presupuesto y ley de apropiaciones\/JUEZ DE TUTELA-Imposibilidad de modificar presupuesto para incremento salarial de servidores p\u00fablicos \u00a0<\/p>\n<p>ACCION DE TUTELA TRANSITORIA-Improcedencia incremento salarial para servidores p\u00fablicos \u00a0<\/p>\n<p>DERECHO DE DEFENSA-Necesidad de fecha cierta en las sentencias \u00a0<\/p>\n<p>Referencia: expedientes \u00a0 acumulados \u00a0T-361601, \u00a0T-361913, T-362082, \u00a0T-362177, \u00a0T-362178, T-362180, T-362181, T-362183, \u00a0T-362186, \u00a0T-362224, T-362225, T-362226, T-362227, \u00a0T-362228, \u00a0T-362356, T-362631, T-362657, T-362688, \u00a0T-362708, \u00a0T-362720, T-362729, T-362732, T-362735, \u00a0T-362736, \u00a0T-362750, T-362867, T-363152, T-363250, \u00a0T-363265, \u00a0T-363266, T-363267, T-363357, T-363554, \u00a0T-363791, \u00a0T-363869, T-363942, T-363952, T-363953, \u00a0T-363954, \u00a0T-364266, T-364303, T-364620, T-389437, \u00a0T-389438, \u00a0T-389439, T-389440, T-389441, T-389442, \u00a0T-389443, \u00a0T-389876, T-389969, T-389971, T-390579, \u00a0T-390810, \u00a0T-391246, T-391625, T-391626, T-391697, \u00a0T-391698, \u00a0T-391785, T-391872, T-391873, T-391874, \u00a0T-391875, \u00a0T-391876, T-391965, T-392062, T-392467, \u00a0T-392468, \u00a0T-392469, T-392470, T-392471, T-392543, \u00a0 T-392544, \u00a0 T-392545 y T-392958 \u00a0<\/p>\n<p>Acciones de tutela incoadas por Olga Beatriz G\u00f3mez Atehort\u00faa y otros contra el Presidente \u00a0de \u00a0la Rep\u00fablica y varios organismos nacionales y departamentales \u00a0<\/p>\n<p>Magistrado Ponente: \u00a0<\/p>\n<p>Dr. JOS\u00c9 GREGORIO HERN\u00c1NDEZ GALINDO\u00a0 \u00a0<\/p>\n<p>Bogot\u00e1, D.C., catorce (14) de febrero de dos mil uno (2001). \u00a0<\/p>\n<p>La Sala Quinta de Revisi\u00f3n de la Corte Constitucional, en ejercicio de sus competencias constitucionales y legales, espec\u00edficamente las previstas en los art\u00edculos 86 y 241, numeral 9, de la Constituci\u00f3n Pol\u00edtica y en el Decreto 2591 de 1991, ha proferido la siguiente \u00a0<\/p>\n<p>SENTENCIA \u00a0<\/p>\n<p>dentro del proceso de revisi\u00f3n de los fallos dictados en el asunto de la referencia por los jueces y tribunales que se mencionan en el cuadro anexo. \u00a0<\/p>\n<p>I. ANTECEDENTES \u00a0<\/p>\n<p>Los demandantes, cuyos nombres constan en el cuadro anexo, incoaron acci\u00f3n de tutela contra el Presidente de la Rep\u00fablica, los ministros de Hacienda y Cr\u00e9dito P\u00fablico, de Desarrollo Econ\u00f3mico, de Salud, de Trabajo y Seguridad Social y de Educaci\u00f3n, los jefes del Departamento Nacional de Planeaci\u00f3n y del Departamento Administrativo de la Funci\u00f3n P\u00fablica; contra el Gobernador y el Presidente de la Asamblea Departamental de Antioquia; contra las universidades de Cundinamarca, Pedag\u00f3gica y Tecnol\u00f3gica de Colombia y Libre de Colombia, el Instituto Colombiano de Bienestar Familiar, el Alcalde Mayor de Bogot\u00e1, D.C., el Secretario de Hacienda del Distrito y el Departamento Administrativo Nacional de la Econom\u00eda Solidaria, por considerar vulnerados sus derechos consagrados en los art\u00edculos 1, 11, 13, 25 y 53 de la Carta Pol\u00edtica. \u00a0<\/p>\n<p>Manifestaron que son servidores p\u00fablicos y que para el a\u00f1o 2000 no recibieron reajuste en el monto de sus salarios, a pesar de que el salario m\u00ednimo fue incrementado y no obstante que para otros empleados s\u00ed hubo incremento, lo cual, en su criterio, desconoci\u00f3 el principio constitucional de la igualdad. Afirmaron que, aun no habi\u00e9ndose ajustado los salarios, el Gobierno Nacional autoriz\u00f3 el alza en los servicios p\u00fablicos domiciliarios y de los art\u00edculos de la canasta familiar. \u00a0<\/p>\n<p>Los peticionarios solicitaron a los jueces de tutela que ordenaran a los demandados disponer el reajuste de sus salarios en forma retroactiva al 1 de enero de 2000, algunos en un 15.3%, otros en una proporci\u00f3n igual al 15.23%, y otros con indexaci\u00f3n, cifra que, seg\u00fan adujeron, representa el aumento del costo de vida para el a\u00f1o 1999. \u00a0<\/p>\n<p>II. DECISIONES JUDICIALES OBJETO DE REVISION \u00a0<\/p>\n<p>En la mayor\u00eda de los procesos, los jueces de instancia, individualizados en el cuadro anexo, concedieron el amparo en algunos casos como mecanismo transitorio, y, en otros, en forma definitiva, por considerar que a los actores se les dio un trato discriminatorio, adem\u00e1s de que se les desconocieron sus derechos a una remuneraci\u00f3n m\u00ednima, vital y m\u00f3vil, a una mejor calidad de vida y a la igualdad. \u00a0<\/p>\n<p>En los casos de los expedientes T-361601, T-362356, T-362631, T-362750, T-363152 y T-392062 los jueces denegaron el amparo solicitado. \u00a0<\/p>\n<p>III. CONSIDERACIONES DE LA CORTE CONSTITUCIONAL Y FUNDAMENTOS DE LA DECISION \u00a0<\/p>\n<p>1. Reiteraci\u00f3n de jurisprudencia sobre la improcedencia de la acci\u00f3n de tutela para obtener el incremento salarial. Incompetencia del juez de tutela para modificar el presupuesto o para ordenar que se gaste sin sujeci\u00f3n a \u00e9l\u00a0 \u00a0<\/p>\n<p>La Corte debe reiterar una vez m\u00e1s que la acci\u00f3n de tutela no es el mecanismo id\u00f3neo para modificar el presupuesto o para ordenar la inclusi\u00f3n de nuevas partidas, con el fin de que se reajusten los salarios de los servidores p\u00fablicos. \u00a0<\/p>\n<p>Es as\u00ed como en la Sentencia SU-1052 del 10 de agosto de 2000 (M.P.: Dr. Alvaro Tafur Galvis) la Sala Plena expres\u00f3: \u00a0<\/p>\n<p>&#8220;\u2026al juez constitucional no le corresponde interferir, por v\u00eda de tutela, en las decisiones generales abstractas e impersonales confiadas por la Constituci\u00f3n Pol\u00edtica a otras autoridades estatales, aunque si podr\u00eda, en defensa de aquellas situaciones concretas y particulares que le competen, ordenar que se adopten medidas excepcionales con el prop\u00f3sito de salvaguardar los derechos de aquellos que, por quedar cubiertos en una decisi\u00f3n general, resultan discriminados y por tanto desprotegidos.\u00a0 \u00a0<\/p>\n<p>De tal manera que, tal como lo consideraron los jueces de instancia, mediante la acci\u00f3n de tutela no es posible sustituir al Gobierno Nacional en su gesti\u00f3n de formular y aplicar la pol\u00edtica fiscal del Estado, como tampoco resulta procedente, con el prop\u00f3sito por dem\u00e1s loable de proteger los derechos fundamentales, cuestionar las decisiones que con respecto a \u00e9sta facultad se tomen, porque de ser posibles la sustituci\u00f3n y la disputa, tendr\u00edamos que concluir que el constituyente le confi\u00f3 al juez constitucional, por v\u00eda de tutela, el poder omn\u00edmodo de decidir en todos los asuntos p\u00fablicos, incluyendo la direcci\u00f3n econ\u00f3mica del Estado lo cual, adem\u00e1s de impertinente, contradice abiertamente la Constituci\u00f3n Pol\u00edtica. Este ordenamiento determina con claridad las funciones de los diferentes \u00f3rganos del poder p\u00fablico delimitando las concurrencias, las cuales se establecen, como mecanismos de control y cooperaci\u00f3n en la consecuci\u00f3n de los fines del Estado, pero nunca como inmisiones o interferencias (Art. 113. C.P.).\u00a0 \u00a0<\/p>\n<p>As\u00ed las cosas, corresponde al Gobierno Nacional la formulaci\u00f3n anual del presupuesto de rentas y ley de apropiaciones que deber\u00e1 corresponder al Plan Nacional de Desarrollo, de conformidad con lo dispuesto en el art\u00edculo 346 de la Constituci\u00f3n Pol\u00edtica y compete al Congreso Nacional su aprobaci\u00f3n. Por su parte, esta Corporaci\u00f3n es la encargada de estudiar y decidir respecto de su constitucionalidad, si en ejercicio de la acci\u00f3n p\u00fablica de inconstitucionalidad se llegare a controvertir.\u00a0 \u00a0<\/p>\n<p>En consecuencia si como lo expone con claridad el Ministro de Hacienda y Cr\u00e9dito P\u00fablico y lo ha sostenido esta Corporaci\u00f3n, compete al Gobierno Nacional presentar el proyecto de presupuesto y la ley de apropiaciones en armon\u00eda con su pol\u00edtica econ\u00f3mica y fiscal, no le corresponde al juez de tutela ordenar su modificaci\u00f3n con miras a que se incluya un rubro destinado al incremento salarial de los servidores p\u00fablicos, porque, de hacerlo, se inmiscuir\u00eda por v\u00eda de tutela, en los asuntos que competen a otras autoridades, desbordando as\u00ed la competencia constitucional conferida en el art\u00edculo 86 de la Constituci\u00f3n Pol\u00edtica y deber\u00e1 responder por extralimitaci\u00f3n de funciones de conformidad con lo dispuesto por el art\u00edculo 6 del mismo ordenamiento&#8221;.\u00a0 \u00a0<\/p>\n<p>(\u2026) \u00a0<\/p>\n<p>&#8220;\u2026de conformidad con la regla de legalidad del gasto que es un desarrollo del principio de legalidad de la funci\u00f3n p\u00fablica, esta Corporaci\u00f3n no podr\u00eda crear la obligaci\u00f3n a cargo del Estado de reajustar el salario de los servidores p\u00fablicos en un monto determinado y para una vigencia espec\u00edfica, como tampoco ordenar que el Gobierno Nacional lo haga, porque adem\u00e1s de transgredir los art\u00edculos 6\u00b0 y 86 de la Constituci\u00f3n Pol\u00edtica, como qued\u00f3 explicado, quebrantar\u00eda los art\u00edculos 345, 346 y 347 del mismo ordenamiento, como tambi\u00e9n el art\u00edculo 71 del Estatuto Org\u00e1nico del Presupuesto (Decreto 111 de 1996). Lo anterior por cuanto, de conformidad con estas disposiciones no se puede crear una obligaci\u00f3n ni tampoco ordenar un gasto, sin que se cuente para el efecto con la respectiva disponibilidad presupuestal. As\u00ed mismo, no debe olvidarse que el art\u00edculo 136 del C\u00f3digo Penal tipifica como peculado comprometer sumas superiores a las fijadas en \u201cel presupuesto\u201d al igual que invertir las incluidas en \u00e9ste en forma diferente a la prevista. De tal suerte que, tanto por la naturaleza de la acci\u00f3n de tutela como por el principio de legalidad del gasto p\u00fablico, el juez constitucional no puede por v\u00eda de tutela incrementar el salario de los accionantes como tampoco ordenar al Gobierno Nacional que lo haga. \u00a0<\/p>\n<p>(\u2026) \u00a0<\/p>\n<p>Los tutelantes adem\u00e1s de estar inconformes con la decisi\u00f3n del Gobierno Nacional relativa al no incremento de sus salarios, discrepan de los reajustes previstos en el ordenamiento, tanto para los miembros del Congreso Nacional por el art\u00edculo 187 de la Constituci\u00f3n Pol\u00edtica, como para los Magistrados del Consejo Superior de la Judicatura, de la Corte Constitucional, de la Corte Suprema de Justicia, del Consejo de Estado y de otros funcionarios al servicio del Estado, por el art\u00edculo 15 de la Ley 04 de 1992. Al respecto consideran, que los incrementos previstos en estas normas desconocen el principio de igualdad consagrado en el art\u00edculo 13 de la Constituci\u00f3n Pol\u00edtica. Arguyen que la medida del Gobierno Nacional los discrimina, porque solo algunos servidores p\u00fablicos resultar\u00edan afectados con el no incremento de sus salarios para el presente a\u00f1o. Al respecto, precisa reiterar que las anteriores disposiciones no pueden ser controvertidas por v\u00eda de tutela porque tienen previsto en el ordenamiento un tr\u00e1mite especial que hace de suyo a la tutela improcedente.\u00a0 \u00a0<\/p>\n<p>De lo anterior se sigue que deben confirmarse las decisiones de instancia porque la acci\u00f3n de tutela, tal como qued\u00f3 expuesto, no es el mecanismo pertinente para cuestionar o modificar las orientaciones o directrices del Gobierno Nacional en materia de gasto p\u00fablico, en raz\u00f3n a que la pol\u00edtica fiscal del Estado se hace realidad en la Ley Org\u00e1nica del Presupuesto y Ley de apropiaciones para una vigencia determinada, que debe controvertirse, ante esta Corporaci\u00f3n, pero en ejercicio de la acci\u00f3n p\u00fablica de inconstitucionalidad. Al respecto vale recordar que a consideraci\u00f3n de \u00e9sta Corte se encuentran sendas demandas en las cuales se controvierte la constitucionalidad de la Ley 547 de 1999 &#8211; por la cual se decreta el Presupuesto de Rentas y Recursos de Capital y Ley de Apropiaciones para la vigencia Fiscal del 1\u00b0 de enero al 31 de diciembre del 2000- radicadas con los n\u00fameros 2780, 2804, 2922 y 3051. \u00a0<\/p>\n<p>Igualmente, tampoco la acci\u00f3n de tutela es el procedimiento id\u00f3neo para controvertir la constitucionalidad del art\u00edculo 15 de la Ley 04 de 1992. Esta disposici\u00f3n, al igual que las anteriores, debe demandarse ante \u00e9sta Corte en ejercicio de la acci\u00f3n p\u00fablica de inconstitucionalidad.\u00a0 \u00a0<\/p>\n<p>As\u00ed mismo, el mandato del art\u00edculo 187 de la Constituci\u00f3n Pol\u00edtica, de conformidad con el cual la asignaci\u00f3n de los miembros del Congreso se reajustar\u00e1 cada a\u00f1o, no puede objetarse por ning\u00fan procedimiento, puesto que su incuestionable jerarqu\u00eda la hace inmune a las controversias, incluso ante esta Corporaci\u00f3n a la cual corresponde velar por su guarda e integridad. No obstante cabe recordar que las mismas pueden ser reformadas por los canales previstos para el efecto en el mismo ordenamiento (Art. 374 a 379 C.P.).\u00a0 \u00a0<\/p>\n<p>(\u2026) \u00a0<\/p>\n<p>Corresponde a la Corte determinar si procede conceder las acciones instauradas como mecanismo transitorio, teniendo en cuenta que la solicitud de amparo constitucional definitivo debe negarse, por existir otros procedimientos establecidos en el ordenamiento para controvertir los hechos aducidos por los accionantes, tal y como qued\u00f3 explicado. \u00a0<\/p>\n<p>Por consiguiente, se hace necesario valorar la situaci\u00f3n particular y concreta de cada uno de los accionantes a fin de establecer, si las circunstancias relatadas por \u00e9stos son de tal gravedad que ameritan la intervenci\u00f3n del juez constitucional en asuntos que competen a otras autoridades desconociendo las disposiciones Constitucionales y legales que consagran y desarrollan el principio de la legalidad de la funci\u00f3n p\u00fablica. En caso contrario se negar\u00e1n las acciones tambi\u00e9n como mecanismo transitorio porque, si las circunstancias que aquejan a los accionantes no constituyen amenaza o consolidaci\u00f3n de un perjuicio irremediable, nada se remediar\u00eda con la intervenci\u00f3n del juez de tutela, empero si se quebrantar\u00eda todo el orden institucional.\u00a0 \u00a0<\/p>\n<p>Al respecto se observa que todos los accionantes invocan la protecci\u00f3n transitoria arguyendo que se disminuy\u00f3 el poder adquisitivo de su salario al no haberse decretado su reajuste de conformidad al incremento del IPC para el a\u00f1o inmediatamente anterior. Ninguno se refiere a circunstancias especiales, como tampoco se aportan pruebas de hechos excepcionales que ameriten protecci\u00f3n. De ah\u00ed que ha de considerarse que \u00e9stos han sido afectados por el incremento del costo de vida, al igual que todos los habitantes del territorio nacional, problem\u00e1tica que debido a su generalidad y a su componente estructural, no puede remediarse mediante las \u00f3rdenes que compete impartir al juez de tutela.\u00a0 \u00a0<\/p>\n<p>(\u2026) \u00a0<\/p>\n<p>Por consiguiente, la Corte estima que en el presente asunto la tutela no puede concederse como mecanismo transitorio, en raz\u00f3n a que deben ser las instancias correspondientes las que decidan si los actos generales que se controvierten, vulneran el derecho a la igualdad y al trabajo de los servidores p\u00fablicos; y, como ha quedado expuesto, ninguno de los accionantes adujo ni prob\u00f3 un perjuicio irremediable que amerite la protecci\u00f3n transitoria. \u00a0<\/p>\n<p>No obstante no puede desconocerse el efecto general que en los ingresos de los servidores p\u00fablicos ocasiona el no haberse decretado el incremento de sus salarios, por tanto, ha de recomendarse al Gobierno Nacional que tal como lo plantea en su escrito de contestaci\u00f3n, cuando las circunstancias lo permitan expida \u201clos Decretos que determinen el aumento salarial a partir del 1\u00b0 de enero del a\u00f1o 2.000 para los empleados p\u00fablicos y oficiales\u201d puesto que, tal como lo dispone la Constituci\u00f3n Pol\u00edtica y lo ha reiterado esta Corporaci\u00f3n, el salario es elemento esencial y definitivo para que el trabajador y su familia alcancen y mantengan una vida digna, lo cual implica que no puede permanecer est\u00e1tico sino que debe, cuando menos, permitirle al trabajador conservar su nivel de vida y esto no es posible, si la remuneraci\u00f3n que recibe por su trabajo pierde su poder adquisitivo&#8221;. \u00a0<\/p>\n<p>2. Necesidad de fecha cierta en las sentencias, como garant\u00eda del derecho de defensa de las partes. Derecho de las partes a conocer el fallo y a impugnarlo \u00a0<\/p>\n<p>Aunque, con base en consolidada jurisprudencia, la Corte denegar\u00e1 las tutelas incoadas, considera importante se\u00f1alar que es fundamental para los sujetos procesales enterarse sobre la fecha en que fue proferida la sentencia, para as\u00ed gozar de la plena garant\u00eda de su derecho de defensa, toda vez que si se omite la misma, aquellos quedan en la incertidumbre sobre la fecha de ejecutoria y notificaci\u00f3n y, por consiguiente, se ve cercenado su derecho a impugnar el fallo, que en ciertos eventos puede resultar contrario a sus intereses. Tal evento se present\u00f3 en los fallos proferidos dentro de los expedientes T-389969 y T-389971. \u00a0<\/p>\n<p>De otro lado, en los expedientes T-389437, T-389438, T-389439, T-389440, T-389441, T-389442, T-389443, T-389969 y T-389971 se encontr\u00f3 que tanto el auto admisorio de la demanda como el fallo de instancia tienen una constancia secretarial seg\u00fan la cual tales providencias fueron notificadas a trav\u00e9s de oficios, pero los mismos no constan en el expediente, lo que desconoce el derecho de defensa y, por ende el debido proceso.\u00a0 \u00a0<\/p>\n<p>Sobre el punto ya la Corte tuvo la oportunidad de se\u00f1alar que, en casos como el presente, y toda vez que el fallo que proferir\u00e1 la Corporaci\u00f3n no resulta adverso a los intereses de las partes que pudieron verse afectadas, no se decretar\u00e1 nulidad alguna y se decidir\u00e1 de fondo el asunto.\u00a0 \u00a0<\/p>\n<p>Dijo as\u00ed la Sala: \u00a0<\/p>\n<p>&#8220;Ha observado la Corte que en relaci\u00f3n con el Fallo de primera instancia, proferido el 4 de agosto de 1999, no hay prueba de que se hubiera notificado a las partes. S\u00f3lo aparece una anotaci\u00f3n manuscrita en el sentido de que se expidieron sendos oficios para dar a conocer a cada una de ellas la decisi\u00f3n, pero no reposa en el expediente copia de los mencionados oficios. \u00a0<\/p>\n<p>En principio, la circunstancia descrita afecta el debido proceso (art. 29 C.P.), en la medida en que coarta el derecho de defensa de los interesados directos en la resoluci\u00f3n del conflicto llevado ante los estrados judiciales, y desconoce abiertamente lo establecido en el art\u00edculo 16 del Decreto 2591 de 1991, seg\u00fan el cual las providencias que se dicten en los procesos de tutela &#8220;se notificar\u00e1n a las partes por el medio m\u00e1s expedito y eficaz&#8221; (subraya la Corte). \u00a0<\/p>\n<p>La eficacia significa en esta materia la escogencia del medio que permita, de manera real y concreta, obtener que las partes conozcan adecuadamente el contenido y alcances de la providencia dictada. \u00a0<\/p>\n<p>La Corte considera que el despacho judicial correspondiente debe asegurarse del recibo de la comunicaci\u00f3n por los afectados, y que en el expediente debe quedar clara e indudable constancia al respecto. \u00a0<\/p>\n<p>La ineficacia del medio utilizado por la oficina judicial para garantizar el derecho del que se trata conduce, adem\u00e1s, a la imposibilidad de que las partes ejerzan otro, de rango constitucional, cual es el de impugnar el fallo de tutela (art. 86 C.P.) y, por tanto, afecta tambi\u00e9n su derecho de acceso a la administraci\u00f3n de justicia (art. 229 C.P.). \u00a0<\/p>\n<p>En este caso, aunque la mencionada constancia no demuestra que efectivamente las partes fueron debidamente enteradas acerca de lo fallado -lo que podr\u00eda haber llevado a la Corte a devolver el expediente para que tal procedimiento fuese surtido y hubiese tenido lugar la oportunidad de la impugnaci\u00f3n-, se proferir\u00e1 el fallo de revisi\u00f3n con el objeto de hacer que prevalezca el derecho sustancial, teniendo en cuenta que la parte que habr\u00eda estado interesada en impugnar -la demandante- obtiene en sede de revisi\u00f3n ante esta Corte, con base en lo probado, la protecci\u00f3n de su derecho&#8221;. (Cfr. Corte Constitucional. Sentencia T-071 del 28 de enero de 2000). \u00a0<\/p>\n<p>Por otra parte, la Sala deja claro que la sentencia de segunda instancia que aparece dentro del expediente T-363152, proferida por el Juzgado 10 Civil del Circuito de Medell\u00edn, se refiri\u00f3 a otros accionantes cuyo escrito de tutela no consta dentro del referido expediente, motivo por el cual s\u00f3lo se confirmar\u00e1 la decisi\u00f3n parcialmente, en cuanto a los peticionarios Blanca Ligia Betancur Betancur, Judith Ram\u00edrez Rojas y Luz Helena Naranjo. As\u00ed mismo, se confirmar\u00e1 dicho fallo en forma parcial, en cuanto revoc\u00f3 el proferido por \u00a0el Juzgado 1 Civil Municipal de Medell\u00edn, cuya accionante es In\u00e9s Rubiela R\u00edos L\u00f3pez (expediente T-392062). \u00a0<\/p>\n<p>Dentro del expediente T-391965, aunque el juez de segunda instancia se\u00f1ala en la parte resolutiva que revoca el fallo del a-quo, lo cierto es que concede el amparo pero por la violaci\u00f3n de otros derechos distintos a los que el juez de primera instancia hab\u00eda encontrado vulnerados. \u00a0<\/p>\n<p>La Sala deja en claro que a pesar de que en la sentencia proferida por el Juzgado 3 Civil Municipal de Medell\u00edn (expediente T-390810), se se\u00f1ala como accionante a otra persona m\u00e1s, lo cierto es que en el expediente \u00fanicamente aparece el escrito de tutela incoado por Alba Libia Monroy P\u00e9rez, y el juez de segunda instancia s\u00f3lo se refiere a \u00e9sta. \u00a0<\/p>\n<p>Se revocar\u00e1n las decisiones de instancia que concedieron el amparo y se confirmar\u00e1n las que lo denegaron. Lo cual no significa que los trabajadores estatales demandantes no tuvieran derecho al aumento salarial que reclamaban, por el a\u00f1o 2000, pues les correspond\u00eda recibirlo, como lo dijo la Sala Plena en fallo de constitucionalidad C-1433 del 23 de octubre de 2000 (M.P.: Dr. Antonio Barrera Carbonell). Lo que ocurre -deja claro esta Corte- es que el medio judicial usado en los casos de autos para la reclamaci\u00f3n no es ni puede ser la acci\u00f3n de tutela. \u00a0<\/p>\n<p>DECISION \u00a0<\/p>\n<p>Con base en las expuestas consideraciones, la Sala Quinta de Revisi\u00f3n de la Corte Constitucional, administrando justicia en nombre del pueblo y por mandato de la Constituci\u00f3n, \u00a0<\/p>\n<p>RESUELVE: \u00a0<\/p>\n<p>Primero.- REVOCANSE los fallos proferidos por el Juzgado 15 Laboral del Circuito y por el Tribunal Superior de Bogot\u00e1, D.C., Sala Laboral de Conjueces, de Bogot\u00e1 (expedientes T-362657, T-362688, T-362708, T-362720 y T-362732); por el Tribunal Superior de Bogot\u00e1, D.C., Sala Laboral de Conjueces (expediente T-362729); por el Juzgado 18 Laboral del Circuito y por el Tribunal Superior de Bogot\u00e1, D.C., (expediente T-362735); por el Juzgado 19 Laboral del Circuito y por el Tribunal Superior de Bogot\u00e1, D.C., (expediente T-362736); por el Tribunal Administrativo de Cundinamarca, Secci\u00f3n Primera, (expedientes T-363250, T-363265, T-363266 y T-363267); por el Tribunal Administrativo de Norte de Santander (expediente T-363869); por el Tribunal Superior de Pasto, Sala de Decisi\u00f3n Laboral (expediente T-390579); por los juzgados 5 Civil Municipal de \u00a0Santa Marta (expediente T-361913); 10 Civil Municipal de Cali (expediente T-362082); 21 Civil Municipal y 7 Civil del Circuito de Medell\u00edn (expediente T-362177); 22 Civil Municipal y 7 Civil del Circuito de Medell\u00edn (expedientes T-362178 y T-362186); 16 Civil Municipal y 7 Civil del Circuito de Medell\u00edn (expediente T-362180); 2 Civil Municipal y 7 Civil del Circuito de Medell\u00edn (expediente T-362181); 19 Civil Municipal y 7 Civil del Circuito de Medell\u00edn (expediente T-362183); 2 Laboral del Circuito de Ci\u00e9naga (expedientes T-362224, T-362225, T-362226, T-362227 y T-362228); Promiscuo Municipal de Ricaurte (Nari\u00f1o) y Civil y Promiscuo de Familia del Circuito \u00a0Ad-hoc de T\u00faquerres (expediente T-362867); 2 de Familia de Medell\u00edn (expediente T-363357); 4 Civil Municipal de Medell\u00edn (expediente T-363554); 23 Civil Municipal y 12 Civil del Circuito de Medell\u00edn (expediente T-363791); Promiscuo del Circuito de Yolomb\u00f3, Antioquia (expediente T-363942); 5 Civil Municipal y 13 Civil del Circuito de Medell\u00edn (expediente T-363952); 13 Civil del Circuito de Medell\u00edn (expediente T-363953); 5 Civil Municipal y 13 Civil del Circuito de Medell\u00edn (expediente T-363954); 1 Penal del Circuito de Ci\u00e9naga (expediente T-364266); Civil Municipal de Yarumal (expediente T-364303); Promiscuo de Familia de Turbo (expediente T-364620); Promiscuo del Circuito de Ituango, Antioquia (expedientes T-389437, T-389438, T-389439, T-389440, T-389441, T-389442, T-389443, T-389969, T-389971, T-391625 y T-391626); Promiscuo Municipal de Belmira, Antioquia, y 2 Civil del Circuito de Medell\u00edn (expediente T-389876); 3 Civil Municipal y 2 Civil del Circuito de Medell\u00edn (expediente T-390810); 5 Civil del Circuito de Ibagu\u00e9 (expediente T-391246); 1 Penal Municipal y 2 Penal del Circuito de Ci\u00e9naga (expedientes T-391697 y T-391698); Promiscuo Municipal y Penal Ad-hoc de El Tabl\u00f3n de G\u00f3mez y de Pasto (expediente T-391785); 1 Penal Municipal y 1 Penal del Circuito de Ci\u00e9naga (expedientes T-391872, T-391873, T-391874, T-391875, T-391876, T-392467, T-392469, T-392470 y T-392471); 3 Civil Municipal y 1 Civil del Circuito de Ci\u00e9naga (expediente T-391965); 2 Penal Municipal y 1 Penal del Circuito de Ci\u00e9naga (expediente T-392468); Promiscuo Municipal de Valencia, C\u00f3rdoba (expedientes T-392543, T-392544 y T-392545) y 5 Civil del Circuito de Ibagu\u00e9 (expediente T-392958). En su lugar, se DENIEGA el amparo solicitado. \u00a0<\/p>\n<p>Segundo.- CONFIRMASE las sentencias proferidas \u00a0por \u00a0los \u00a0tribunales Superior \u00a0de \u00a0Santa \u00a0Rosa \u00a0de \u00a0Viterbo, \u00a0Sala de \u00a0Decisi\u00f3n \u00a0Penal (expediente T-362356) \u00a0y \u00a0Superior \u00a0 de Bogot\u00e1, Sala Laboral de Conjueces (expedientes T-362631 y T-362750), y por el Juzgado 15 Civil del Circuito de Medell\u00edn (expediente T-361601). \u00a0<\/p>\n<p>Tercero.- CONFIRMASE PARCIALMENTE el fallo proferido por el Juzgado 10 Civil del Circuito de Medell\u00edn (expedientes T-363152 y T-392062), s\u00f3lo en cuanto se refiere a las peticionarias Blanca Ligia Betancur Betancur, Judith Ram\u00edrez Rojas, Luz Helena Naranjo e In\u00e9s Rubiela R\u00edos L\u00f3pez. \u00a0<\/p>\n<p>Cuarto.- Por Secretar\u00eda, L\u00cdBRESE la comunicaci\u00f3n de que trata el art\u00edculo 36 del Decreto 2591 de 1991. \u00a0<\/p>\n<p>C\u00f3piese, notif\u00edquese, comun\u00edquese, publ\u00edquese en la Gaceta de la Corte Constitucional y c\u00famplase. \u00a0<\/p>\n<p>JOSE GREGORIO HERNANDEZ GALINDO \u00a0<\/p>\n<p>ALEJANDRO MARTINEZ CABALLERO \u00a0 \u00a0 \u00a0 \u00a0 \u00a0 \u00a0FABIO MORON DIAZ \u00a0<\/p>\n<p>\u00a0 \u00a0 \u00a0 \u00a0 Magistrado \u00a0 \u00a0 \u00a0 \u00a0 \u00a0 \u00a0 \u00a0 \u00a0 \u00a0 \u00a0 \u00a0 \u00a0 \u00a0 \u00a0 \u00a0 \u00a0 \u00a0 \u00a0 \u00a0 \u00a0 \u00a0 \u00a0 \u00a0 \u00a0 \u00a0 \u00a0 \u00a0 \u00a0 \u00a0 \u00a0 \u00a0 \u00a0 \u00a0 \u00a0 \u00a0 \u00a0 \u00a0 \u00a0 \u00a0Magistrado \u00a0<\/p>\n<p>MARTHA VICTORIA SACHICA MENDEZ \u00a0<\/p>\n<p>Secretaria General \u00a0<\/p>\n<p>N\u00ba. Expediente \u00a0 \u00a0 \u00a0 \u00a0 \u00a0 \u00a0 \u00a0 \u00a0 \u00a0 \u00a0\u00a0<\/p>\n<p>Actor \u00a0 \u00a0 \u00a0 \u00a0 \u00a0 \u00a0 \u00a0 \u00a0 \u00a0 \u00a0\u00a0<\/p>\n<p>Demandado\u00a0 \u00a0 \u00a0 \u00a0 \u00a0 \u00a0 \u00a0 \u00a0 \u00a0 \u00a0 \u00a0\u00a0<\/p>\n<p>1\u00aa Instancia \u00a0 \u00a0 \u00a0 \u00a0 \u00a0 \u00a0 \u00a0 \u00a0 \u00a0 \u00a0\u00a0<\/p>\n<p>Fallo \u00a0 \u00a0 \u00a0 \u00a0 \u00a0 \u00a0 \u00a0 \u00a0 \u00a0 \u00a0\u00a0<\/p>\n<p>2\u00aa Instancia \u00a0 \u00a0 \u00a0 \u00a0 \u00a0 \u00a0 \u00a0 \u00a0 \u00a0 \u00a0\u00a0<\/p>\n<p>Fallo \u00a0\u00a0<\/p>\n<p>T-361601 \u00a0 \u00a0 \u00a0 \u00a0 \u00a0 \u00a0 \u00a0 \u00a0 \u00a0 \u00a0\u00a0<\/p>\n<p>Olga Beatriz G\u00f3mez Atehort\u00faa \u00a0 \u00a0 \u00a0 \u00a0 \u00a0 \u00a0 \u00a0 \u00a0 \u00a0 \u00a0\u00a0<\/p>\n<p>La Naci\u00f3n, Ministerio de Hacienda y Cr\u00e9dito P\u00fablico, Ministerio de Educaci\u00f3n y Departamento Administrativo de la Funci\u00f3n P\u00fablica \u00a0 \u00a0 \u00a0 \u00a0 \u00a0 \u00a0 \u00a0 \u00a0 \u00a0 \u00a0\u00a0<\/p>\n<p>Juzgado 3 Civil Municipal de Medell\u00edn \u00a0 \u00a0\u00a0<\/p>\n<p>Mayo 25\/2000 \u00a0 \u00a0 \u00a0 \u00a0 \u00a0 \u00a0 \u00a0 \u00a0 \u00a0 \u00a0\u00a0<\/p>\n<p>Concede \u00a0 \u00a0 \u00a0 \u00a0 \u00a0 \u00a0 \u00a0 \u00a0 \u00a0 \u00a0\u00a0<\/p>\n<p>Juzgado 15 Civil del Circuito de Medell\u00edn \u00a0 \u00a0\u00a0<\/p>\n<p>Julio 25\/2000 \u00a0 \u00a0 \u00a0 \u00a0 \u00a0 \u00a0 \u00a0 \u00a0 \u00a0 \u00a0\u00a0<\/p>\n<p>Revoca \u00a0\u00a0<\/p>\n<p>Mar\u00eda Adela Gonz\u00e1lez Hoyos \u00a0\u00a0<\/p>\n<p>T-361913 \u00a0 \u00a0 \u00a0 \u00a0 \u00a0 \u00a0 \u00a0 \u00a0 \u00a0 \u00a0\u00a0<\/p>\n<p>Mar\u00eda Bernarda Alfaro Ochoa \u00a0 \u00a0 \u00a0 \u00a0 \u00a0 \u00a0 \u00a0 \u00a0 \u00a0 \u00a0\u00a0<\/p>\n<p>Juzgado 5 Civil Municipal de Santa Marta \u00a0 \u00a0\u00a0<\/p>\n<p>Junio 14\/2000 \u00a0 \u00a0 \u00a0 \u00a0 \u00a0 \u00a0 \u00a0 \u00a0 \u00a0 \u00a0\u00a0<\/p>\n<p>Concede \u00a0 \u00a0 \u00a0 \u00a0 \u00a0 \u00a0 \u00a0 \u00a0 \u00a0 \u00a0\u00a0<\/p>\n<p>No hubo \u00a0\u00a0<\/p>\n<p>T-362082 \u00a0 \u00a0 \u00a0 \u00a0 \u00a0 \u00a0 \u00a0 \u00a0 \u00a0 \u00a0\u00a0<\/p>\n<p>Jos\u00e9 Blises Mosquera Granja \u00a0 \u00a0 \u00a0 \u00a0 \u00a0 \u00a0 \u00a0 \u00a0 \u00a0 \u00a0\u00a0<\/p>\n<p>Presidente de la Rep\u00fablica y Ministerio de Hacienda y Cr\u00e9dito P\u00fablico \u00a0 \u00a0 \u00a0 \u00a0 \u00a0 \u00a0 \u00a0 \u00a0 \u00a0 \u00a0\u00a0<\/p>\n<p>Juzgado 10 Civil Municipal de Cali \u00a0 \u00a0\u00a0<\/p>\n<p>Julio 18\/2000 \u00a0 \u00a0 \u00a0 \u00a0 \u00a0 \u00a0 \u00a0 \u00a0 \u00a0 \u00a0\u00a0<\/p>\n<p>Concede \u00a0 \u00a0 \u00a0 \u00a0 \u00a0 \u00a0 \u00a0 \u00a0 \u00a0 \u00a0\u00a0<\/p>\n<p>No hubo \u00a0\u00a0<\/p>\n<p>T-362177 \u00a0 \u00a0 \u00a0 \u00a0 \u00a0 \u00a0 \u00a0 \u00a0 \u00a0 \u00a0\u00a0<\/p>\n<p>Ra\u00fal Alberto Bedoya Castrill\u00f3n\u00a0 \u00a0 \u00a0 \u00a0 \u00a0 \u00a0 \u00a0 \u00a0 \u00a0 \u00a0 \u00a0\u00a0<\/p>\n<p>Presidente de la Rep\u00fablica, Ministerio de Hacienda y Cr\u00e9dito P\u00fablico y Departamento Administrativo de la Funci\u00f3n P\u00fablica \u00a0 \u00a0 \u00a0 \u00a0 \u00a0 \u00a0 \u00a0 \u00a0 \u00a0 \u00a0\u00a0<\/p>\n<p>Juzgado 21 Civil Municipal de Medell\u00edn \u00a0 \u00a0\u00a0<\/p>\n<p>Mayo 8\/2000 \u00a0 \u00a0 \u00a0 \u00a0 \u00a0 \u00a0 \u00a0 \u00a0 \u00a0 \u00a0\u00a0<\/p>\n<p>Concede \u00a0 \u00a0 \u00a0 \u00a0 \u00a0 \u00a0 \u00a0 \u00a0 \u00a0 \u00a0\u00a0<\/p>\n<p>Juzgado 7 Civil del Circuito de Medell\u00edn \u00a0 \u00a0\u00a0<\/p>\n<p>Junio 22\/2000 \u00a0 \u00a0 \u00a0 \u00a0 \u00a0 \u00a0 \u00a0 \u00a0 \u00a0 \u00a0\u00a0<\/p>\n<p>Confirma \u00a0\u00a0<\/p>\n<p>T-362178 \u00a0 \u00a0 \u00a0 \u00a0 \u00a0 \u00a0 \u00a0 \u00a0 \u00a0 \u00a0\u00a0<\/p>\n<p>Mar\u00eda Elida Arenas Tob\u00f3n \u00a0 \u00a0 \u00a0 \u00a0 \u00a0 \u00a0 \u00a0 \u00a0 \u00a0 \u00a0\u00a0<\/p>\n<p>La Naci\u00f3n, Ministerio de Hacienda y Cr\u00e9dito P\u00fablico, Ministerio de Educaci\u00f3n y Departamento Administrativo de la Funci\u00f3n P\u00fablica \u00a0 \u00a0 \u00a0 \u00a0 \u00a0 \u00a0 \u00a0 \u00a0 \u00a0 \u00a0\u00a0<\/p>\n<p>Juzgado 22 Civil Municipal de Medell\u00edn \u00a0 \u00a0\u00a0<\/p>\n<p>Abril 24\/2000 \u00a0 \u00a0 \u00a0 \u00a0 \u00a0 \u00a0 \u00a0 \u00a0 \u00a0 \u00a0\u00a0<\/p>\n<p>Concede \u00a0 \u00a0 \u00a0 \u00a0 \u00a0 \u00a0 \u00a0 \u00a0 \u00a0 \u00a0\u00a0<\/p>\n<p>Juzgado 7 Civil del Circuito de Medell\u00edn \u00a0 \u00a0\u00a0<\/p>\n<p>Julio 4\/2000 \u00a0 \u00a0 \u00a0 \u00a0 \u00a0 \u00a0 \u00a0 \u00a0 \u00a0 \u00a0\u00a0<\/p>\n<p>Confirma \u00a0\u00a0<\/p>\n<p>T-362180 \u00a0 \u00a0 \u00a0 \u00a0 \u00a0 \u00a0 \u00a0 \u00a0 \u00a0 \u00a0\u00a0<\/p>\n<p>Luis Anibal Escobar Casta\u00f1eda \u00a0 \u00a0 \u00a0 \u00a0 \u00a0 \u00a0 \u00a0 \u00a0 \u00a0 \u00a0\u00a0<\/p>\n<p>Gobernador de Antioquia y Presidente de Asamblea Departamental de Antioquia \u00a0 \u00a0 \u00a0 \u00a0 \u00a0 \u00a0 \u00a0 \u00a0 \u00a0 \u00a0\u00a0<\/p>\n<p>Juzgado 16 Civil Municipal de Medell\u00edn \u00a0 \u00a0\u00a0<\/p>\n<p>Mayo 17\/2000 \u00a0 \u00a0 \u00a0 \u00a0 \u00a0 \u00a0 \u00a0 \u00a0 \u00a0 \u00a0\u00a0<\/p>\n<p>Concede \u00a0 \u00a0 \u00a0 \u00a0 \u00a0 \u00a0 \u00a0 \u00a0 \u00a0 \u00a0\u00a0<\/p>\n<p>Juzgado 7 Civil del Circuito de Medell\u00edn \u00a0 \u00a0\u00a0<\/p>\n<p>Junio 29\/2000 \u00a0 \u00a0 \u00a0 \u00a0 \u00a0 \u00a0 \u00a0 \u00a0 \u00a0 \u00a0\u00a0<\/p>\n<p>Confirma \u00a0\u00a0<\/p>\n<p>T-362181 \u00a0 \u00a0 \u00a0 \u00a0 \u00a0 \u00a0 \u00a0 \u00a0 \u00a0 \u00a0\u00a0<\/p>\n<p>Hildebrando Jaramillo L\u00f3pez \u00a0 \u00a0 \u00a0 \u00a0 \u00a0 \u00a0 \u00a0 \u00a0 \u00a0 \u00a0\u00a0<\/p>\n<p>La Naci\u00f3n, Ministerio de Hacienda y Cr\u00e9dito P\u00fablico, Ministerio de Educaci\u00f3n y Departamento Administrativo de la Funci\u00f3n P\u00fablica \u00a0 \u00a0 \u00a0 \u00a0 \u00a0 \u00a0 \u00a0 \u00a0 \u00a0 \u00a0\u00a0<\/p>\n<p>Juzgado 2 Civil Municipal de Medell\u00edn \u00a0 \u00a0\u00a0<\/p>\n<p>Mayo 5\/2000 \u00a0 \u00a0 \u00a0 \u00a0 \u00a0 \u00a0 \u00a0 \u00a0 \u00a0 \u00a0\u00a0<\/p>\n<p>Juzgado 7 Civil del Circuito de Medell\u00edn \u00a0 \u00a0\u00a0<\/p>\n<p>Junio 29\/2000 \u00a0 \u00a0 \u00a0 \u00a0 \u00a0 \u00a0 \u00a0 \u00a0 \u00a0 \u00a0\u00a0<\/p>\n<p>Confirma \u00a0\u00a0<\/p>\n<p>T-362183 \u00a0 \u00a0 \u00a0 \u00a0 \u00a0 \u00a0 \u00a0 \u00a0 \u00a0 \u00a0\u00a0<\/p>\n<p>Fanny Dolores Mar\u00edn Agudelo \u00a0 \u00a0 \u00a0 \u00a0 \u00a0 \u00a0 \u00a0 \u00a0 \u00a0 \u00a0\u00a0<\/p>\n<p>La Naci\u00f3n, Ministerio de Hacienda y Cr\u00e9dito P\u00fablico, Ministerio de Educaci\u00f3n y Departamento Administrativo de la Funci\u00f3n P\u00fablica \u00a0 \u00a0 \u00a0 \u00a0 \u00a0 \u00a0 \u00a0 \u00a0 \u00a0 \u00a0\u00a0<\/p>\n<p>Juzgado 19 Civil Municipal de Medell\u00edn \u00a0 \u00a0\u00a0<\/p>\n<p>Abril 6\/2000 \u00a0 \u00a0 \u00a0 \u00a0 \u00a0 \u00a0 \u00a0 \u00a0 \u00a0 \u00a0\u00a0<\/p>\n<p>Concede \u00a0 \u00a0 \u00a0 \u00a0 \u00a0 \u00a0 \u00a0 \u00a0 \u00a0 \u00a0\u00a0<\/p>\n<p>Juzgado 7 Civil del Circuito de Medell\u00edn \u00a0 \u00a0\u00a0<\/p>\n<p>Junio 13\/2000 \u00a0 \u00a0 \u00a0 \u00a0 \u00a0 \u00a0 \u00a0 \u00a0 \u00a0 \u00a0\u00a0<\/p>\n<p>Confirma \u00a0\u00a0<\/p>\n<p>Rosa Elena Guisao Pe\u00f1a \u00a0\u00a0<\/p>\n<p>Martha Nelly Rold\u00e1n Posada \u00a0\u00a0<\/p>\n<p>T-362186 \u00a0 \u00a0 \u00a0 \u00a0 \u00a0 \u00a0 \u00a0 \u00a0 \u00a0 \u00a0\u00a0<\/p>\n<p>Alba \u00a0Luc\u00eda Alvarez L\u00f3pez \u00a0 \u00a0 \u00a0 \u00a0 \u00a0 \u00a0 \u00a0 \u00a0 \u00a0 \u00a0\u00a0<\/p>\n<p>La Naci\u00f3n, Ministerio de Hacienda y Cr\u00e9dito P\u00fablico, Ministerio de Educaci\u00f3n y Departamento Administrativo de la Funci\u00f3n P\u00fablica \u00a0 \u00a0 \u00a0 \u00a0 \u00a0 \u00a0 \u00a0 \u00a0 \u00a0 \u00a0\u00a0<\/p>\n<p>Juzgado 22 Civil Municipal de Medell\u00edn \u00a0 \u00a0\u00a0<\/p>\n<p>Abril 12\/2000 \u00a0 \u00a0 \u00a0 \u00a0 \u00a0 \u00a0 \u00a0 \u00a0 \u00a0 \u00a0\u00a0<\/p>\n<p>Concede \u00a0 \u00a0 \u00a0 \u00a0 \u00a0 \u00a0 \u00a0 \u00a0 \u00a0 \u00a0\u00a0<\/p>\n<p>Juzgado 7 Civil del Circuito de Medell\u00edn \u00a0 \u00a0\u00a0<\/p>\n<p>Julio 10\/2000 \u00a0 \u00a0 \u00a0 \u00a0 \u00a0 \u00a0 \u00a0 \u00a0 \u00a0 \u00a0\u00a0<\/p>\n<p>Confirma \u00a0\u00a0<\/p>\n<p>T-362224 \u00a0 \u00a0 \u00a0 \u00a0 \u00a0 \u00a0 \u00a0 \u00a0 \u00a0 \u00a0\u00a0<\/p>\n<p>Nora Ester G\u00f3mez Oliveros \u00a0 \u00a0 \u00a0 \u00a0 \u00a0 \u00a0 \u00a0 \u00a0 \u00a0 \u00a0\u00a0<\/p>\n<p>La Naci\u00f3n, Ministerio de Hacienda y Cr\u00e9dito P\u00fablico, Ministerio de Educaci\u00f3n y Departamento Administrativo de la Funci\u00f3n P\u00fablica \u00a0 \u00a0 \u00a0 \u00a0 \u00a0 \u00a0 \u00a0 \u00a0 \u00a0 \u00a0\u00a0<\/p>\n<p>Juzgado 2 Laboral del Circuito de Ci\u00e9naga \u00a0 \u00a0\u00a0<\/p>\n<p>Abril 6\/2000 \u00a0 \u00a0 \u00a0 \u00a0 \u00a0 \u00a0 \u00a0 \u00a0 \u00a0 \u00a0\u00a0<\/p>\n<p>Concede \u00a0 \u00a0 \u00a0 \u00a0 \u00a0 \u00a0 \u00a0 \u00a0 \u00a0 \u00a0\u00a0<\/p>\n<p>No hubo \u00a0\u00a0<\/p>\n<p>T-362225 \u00a0 \u00a0 \u00a0 \u00a0 \u00a0 \u00a0 \u00a0 \u00a0 \u00a0 \u00a0\u00a0<\/p>\n<p>Cecilia Esther Cantillo de Agamez \u00a0 \u00a0 \u00a0 \u00a0 \u00a0 \u00a0 \u00a0 \u00a0 \u00a0 \u00a0\u00a0<\/p>\n<p>La Naci\u00f3n, Ministerio de Hacienda y Cr\u00e9dito P\u00fablico, Ministerio de Educaci\u00f3n y Departamento Administrativo de la Funci\u00f3n P\u00fablica \u00a0 \u00a0 \u00a0 \u00a0 \u00a0 \u00a0 \u00a0 \u00a0 \u00a0 \u00a0\u00a0<\/p>\n<p>Juzgado 2 Laboral del Circuito de Ci\u00e9naga \u00a0 \u00a0\u00a0<\/p>\n<p>Abril 6\/2000 \u00a0 \u00a0 \u00a0 \u00a0 \u00a0 \u00a0 \u00a0 \u00a0 \u00a0 \u00a0\u00a0<\/p>\n<p>Concede \u00a0 \u00a0 \u00a0 \u00a0 \u00a0 \u00a0 \u00a0 \u00a0 \u00a0 \u00a0\u00a0<\/p>\n<p>No hubo \u00a0\u00a0<\/p>\n<p>T-362226 \u00a0 \u00a0 \u00a0 \u00a0 \u00a0 \u00a0 \u00a0 \u00a0 \u00a0 \u00a0\u00a0<\/p>\n<p>Alfredo Segundo P\u00e9rez Gonz\u00e1lez \u00a0 \u00a0 \u00a0 \u00a0 \u00a0 \u00a0 \u00a0 \u00a0 \u00a0 \u00a0\u00a0<\/p>\n<p>La Naci\u00f3n, Ministerio de Hacienda y Cr\u00e9dito P\u00fablico, Ministerio de Educaci\u00f3n y Departamento Administrativo de la Funci\u00f3n P\u00fablica \u00a0 \u00a0 \u00a0 \u00a0 \u00a0 \u00a0 \u00a0 \u00a0 \u00a0 \u00a0\u00a0<\/p>\n<p>Abril 5\/2000 \u00a0 \u00a0 \u00a0 \u00a0 \u00a0 \u00a0 \u00a0 \u00a0 \u00a0 \u00a0\u00a0<\/p>\n<p>Concede \u00a0 \u00a0 \u00a0 \u00a0 \u00a0 \u00a0 \u00a0 \u00a0 \u00a0 \u00a0\u00a0<\/p>\n<p>No hubo \u00a0\u00a0<\/p>\n<p>T-362227 \u00a0 \u00a0 \u00a0 \u00a0 \u00a0 \u00a0 \u00a0 \u00a0 \u00a0 \u00a0\u00a0<\/p>\n<p>Fanny Elena Campo de Scott \u00a0 \u00a0 \u00a0 \u00a0 \u00a0 \u00a0 \u00a0 \u00a0 \u00a0 \u00a0\u00a0<\/p>\n<p>La Naci\u00f3n, Ministerio de Hacienda y Cr\u00e9dito P\u00fablico, Ministerio de Educaci\u00f3n y Departamento Administrativo de la Funci\u00f3n P\u00fablica \u00a0 \u00a0 \u00a0 \u00a0 \u00a0 \u00a0 \u00a0 \u00a0 \u00a0 \u00a0\u00a0<\/p>\n<p>Juzgado 2 Laboral del Circuito de Ci\u00e9naga \u00a0 \u00a0\u00a0<\/p>\n<p>Mayo 9\/2000 \u00a0 \u00a0 \u00a0 \u00a0 \u00a0 \u00a0 \u00a0 \u00a0 \u00a0 \u00a0\u00a0<\/p>\n<p>Concede \u00a0 \u00a0 \u00a0 \u00a0 \u00a0 \u00a0 \u00a0 \u00a0 \u00a0 \u00a0\u00a0<\/p>\n<p>No hubo \u00a0\u00a0<\/p>\n<p>T-362228 \u00a0 \u00a0 \u00a0 \u00a0 \u00a0 \u00a0 \u00a0 \u00a0 \u00a0 \u00a0\u00a0<\/p>\n<p>Lilia Elvira de la Hoz Escobar \u00a0 \u00a0 \u00a0 \u00a0 \u00a0 \u00a0 \u00a0 \u00a0 \u00a0 \u00a0\u00a0<\/p>\n<p>La Naci\u00f3n, Ministerio de Hacienda y Cr\u00e9dito P\u00fablico, Ministerio de Educaci\u00f3n y Departamento Administrativo de la Funci\u00f3n P\u00fablica \u00a0 \u00a0 \u00a0 \u00a0 \u00a0 \u00a0 \u00a0 \u00a0 \u00a0 \u00a0\u00a0<\/p>\n<p>Juzgado 2 Laboral del Circuito de Ci\u00e9naga \u00a0 \u00a0\u00a0<\/p>\n<p>Mayo 9\/2000 \u00a0 \u00a0 \u00a0 \u00a0 \u00a0 \u00a0 \u00a0 \u00a0 \u00a0 \u00a0\u00a0<\/p>\n<p>Concede \u00a0 \u00a0 \u00a0 \u00a0 \u00a0 \u00a0 \u00a0 \u00a0 \u00a0 \u00a0\u00a0<\/p>\n<p>No hubo \u00a0\u00a0<\/p>\n<p>T-362356 \u00a0 \u00a0 \u00a0 \u00a0 \u00a0 \u00a0 \u00a0 \u00a0 \u00a0 \u00a0\u00a0<\/p>\n<p>Luis Eduardo Bol\u00edvar \u00a0 \u00a0 \u00a0 \u00a0 \u00a0 \u00a0 \u00a0 \u00a0 \u00a0 \u00a0\u00a0<\/p>\n<p>La Naci\u00f3n, Ministerio de Hacienda y Cr\u00e9dito P\u00fablico, Ministerio de Educaci\u00f3n, Departamento Administrativo de la Funci\u00f3n P\u00fablica y Universidad Pedag\u00f3gica y Tecnol\u00f3gica de Colombia \u00a0 \u00a0 \u00a0 \u00a0 \u00a0 \u00a0 \u00a0 \u00a0 \u00a0 \u00a0\u00a0<\/p>\n<p>Tribunal Superior del Distrito Judicial de Santa Rosa de Viterbo, Sala de Decisi\u00f3n Penal \u00a0 \u00a0\u00a0<\/p>\n<p>Junio 16\/2000 \u00a0 \u00a0 \u00a0 \u00a0 \u00a0 \u00a0 \u00a0 \u00a0 \u00a0 \u00a0\u00a0<\/p>\n<p>Deniega \u00a0 \u00a0 \u00a0 \u00a0 \u00a0 \u00a0 \u00a0 \u00a0 \u00a0 \u00a0\u00a0<\/p>\n<p>No hubo \u00a0\u00a0<\/p>\n<p>T-362631 \u00a0 \u00a0 \u00a0 \u00a0 \u00a0 \u00a0 \u00a0 \u00a0 \u00a0 \u00a0\u00a0<\/p>\n<p>Nancy Mej\u00eda L\u00f3pez \u00a0 \u00a0 \u00a0 \u00a0 \u00a0 \u00a0 \u00a0 \u00a0 \u00a0 \u00a0\u00a0<\/p>\n<p>Presidente de la Rep\u00fablica, Ministerio de Hacienda y Cr\u00e9dito P\u00fablico, Ministerio de Trabajo y Seguridad Social, Ministerio de Desarrollo Econ\u00f3mico y Departamento Nacional de Planeaci\u00f3n \u00a0 \u00a0 \u00a0 \u00a0 \u00a0 \u00a0 \u00a0 \u00a0 \u00a0 \u00a0\u00a0<\/p>\n<p>Juzgado 19 Laboral del Circuito de Bogot\u00e1, D.C. \u00a0 \u00a0\u00a0<\/p>\n<p>Abril 28\/2000 \u00a0 \u00a0 \u00a0 \u00a0 \u00a0 \u00a0 \u00a0 \u00a0 \u00a0 \u00a0\u00a0<\/p>\n<p>Concede \u00a0 \u00a0 \u00a0 \u00a0 \u00a0 \u00a0 \u00a0 \u00a0 \u00a0 \u00a0\u00a0<\/p>\n<p>Tribunal Superior del Distrito Judicial de Bogot\u00e1, D.C., Sala Laboral de Conjueces \u00a0 \u00a0\u00a0<\/p>\n<p>Agosto 1\/2000 \u00a0 \u00a0 \u00a0 \u00a0 \u00a0 \u00a0 \u00a0 \u00a0 \u00a0 \u00a0\u00a0<\/p>\n<p>Revoca \u00a0\u00a0<\/p>\n<p>T-362657 \u00a0 \u00a0 \u00a0 \u00a0 \u00a0 \u00a0 \u00a0 \u00a0 \u00a0 \u00a0\u00a0<\/p>\n<p>Martha Cecilia Sabogal Marine \u00a0 \u00a0 \u00a0 \u00a0 \u00a0 \u00a0 \u00a0 \u00a0 \u00a0 \u00a0\u00a0<\/p>\n<p>Presidente de la Rep\u00fablica, Ministerio de Hacienda y Cr\u00e9dito P\u00fablico, Ministerio de Trabajo y Seguridad Social, Ministerio de Desarrollo Econ\u00f3mico y Departamento Nacional de Planeaci\u00f3n \u00a0 \u00a0 \u00a0 \u00a0 \u00a0 \u00a0 \u00a0 \u00a0 \u00a0 \u00a0\u00a0<\/p>\n<p>Juzgado 15 Laboral del Circuito de Bogot\u00e1, D.C. \u00a0 \u00a0\u00a0<\/p>\n<p>Abril 13\/2000 \u00a0 \u00a0 \u00a0 \u00a0 \u00a0 \u00a0 \u00a0 \u00a0 \u00a0 \u00a0\u00a0<\/p>\n<p>Concede \u00a0 \u00a0 \u00a0 \u00a0 \u00a0 \u00a0 \u00a0 \u00a0 \u00a0 \u00a0\u00a0<\/p>\n<p>Tribunal Superior del Distrito Judicial de Bogot\u00e1, D.C., Sala Laboral de Conjueces \u00a0 \u00a0\u00a0<\/p>\n<p>Julio 10\/2000 \u00a0 \u00a0 \u00a0 \u00a0 \u00a0 \u00a0 \u00a0 \u00a0 \u00a0 \u00a0\u00a0<\/p>\n<p>Confirma \u00a0\u00a0<\/p>\n<p>T-362688 \u00a0 \u00a0 \u00a0 \u00a0 \u00a0 \u00a0 \u00a0 \u00a0 \u00a0 \u00a0\u00a0<\/p>\n<p>Edgar Alonso Galindo Vicentes \u00a0 \u00a0 \u00a0 \u00a0 \u00a0 \u00a0 \u00a0 \u00a0 \u00a0 \u00a0\u00a0<\/p>\n<p>Presidente de la Rep\u00fablica, Ministerio de Hacienda y Cr\u00e9dito P\u00fablico, Ministerio de Trabajo y Seguridad Social, Ministerio de Desarrollo Econ\u00f3mico y Departamento Nacional de Planeaci\u00f3n \u00a0 \u00a0 \u00a0 \u00a0 \u00a0 \u00a0 \u00a0 \u00a0 \u00a0 \u00a0\u00a0<\/p>\n<p>Juzgado 15 Laboral del Circuito de Bogot\u00e1, D.C. \u00a0 \u00a0\u00a0<\/p>\n<p>Abril 7\/2000 \u00a0 \u00a0 \u00a0 \u00a0 \u00a0 \u00a0 \u00a0 \u00a0 \u00a0 \u00a0\u00a0<\/p>\n<p>Concede \u00a0 \u00a0 \u00a0 \u00a0 \u00a0 \u00a0 \u00a0 \u00a0 \u00a0 \u00a0\u00a0<\/p>\n<p>Tribunal Superior del Distrito Judicial de Bogot\u00e1, D.C., Sala Laboral de Conjueces \u00a0 \u00a0\u00a0<\/p>\n<p>Julio 4\/2000 \u00a0 \u00a0 \u00a0 \u00a0 \u00a0 \u00a0 \u00a0 \u00a0 \u00a0 \u00a0\u00a0<\/p>\n<p>T-362708 \u00a0 \u00a0 \u00a0 \u00a0 \u00a0 \u00a0 \u00a0 \u00a0 \u00a0 \u00a0\u00a0<\/p>\n<p>Sandra Gabriela Burgos L\u00f3pez \u00a0 \u00a0 \u00a0 \u00a0 \u00a0 \u00a0 \u00a0 \u00a0 \u00a0 \u00a0\u00a0<\/p>\n<p>Presidente de la Rep\u00fablica, Ministerio de Hacienda y Cr\u00e9dito P\u00fablico, Ministerio de Trabajo y Seguridad Social, Ministerio de Desarrollo Econ\u00f3mico y Departamento Nacional de Planeaci\u00f3n \u00a0 \u00a0 \u00a0 \u00a0 \u00a0 \u00a0 \u00a0 \u00a0 \u00a0 \u00a0\u00a0<\/p>\n<p>Juzgado 15 Laboral del Circuito de Bogot\u00e1, D.C. \u00a0 \u00a0\u00a0<\/p>\n<p>Marzo 30\/2000 \u00a0 \u00a0 \u00a0 \u00a0 \u00a0 \u00a0 \u00a0 \u00a0 \u00a0 \u00a0\u00a0<\/p>\n<p>Concede \u00a0 \u00a0 \u00a0 \u00a0 \u00a0 \u00a0 \u00a0 \u00a0 \u00a0 \u00a0\u00a0<\/p>\n<p>Tribunal Superior del Distrito Judicial de Bogot\u00e1, D.C., Sala Laboral de Conjueces \u00a0 \u00a0\u00a0<\/p>\n<p>Junio 22\/2000 \u00a0 \u00a0 \u00a0 \u00a0 \u00a0 \u00a0 \u00a0 \u00a0 \u00a0 \u00a0\u00a0<\/p>\n<p>Confirma \u00a0\u00a0<\/p>\n<p>T-362720 \u00a0 \u00a0 \u00a0 \u00a0 \u00a0 \u00a0 \u00a0 \u00a0 \u00a0 \u00a0\u00a0<\/p>\n<p>Lina Victoria Jara Betancourt \u00a0 \u00a0 \u00a0 \u00a0 \u00a0 \u00a0 \u00a0 \u00a0 \u00a0 \u00a0\u00a0<\/p>\n<p>Presidente de la Rep\u00fablica, Ministerio de Hacienda y Cr\u00e9dito P\u00fablico, Ministerio de Trabajo y Seguridad Social, Ministerio de Desarrollo Econ\u00f3mico, \u00a0Departamento Nacional de Planeaci\u00f3n e Instituto Colombiano de Bienestar Familiar \u00a0 \u00a0 \u00a0 \u00a0 \u00a0 \u00a0 \u00a0 \u00a0 \u00a0 \u00a0\u00a0<\/p>\n<p>Juzgado 15 Laboral del Circuito de Bogot\u00e1, D.C. \u00a0 \u00a0\u00a0<\/p>\n<p>Abril 7\/2000 \u00a0 \u00a0 \u00a0 \u00a0 \u00a0 \u00a0 \u00a0 \u00a0 \u00a0 \u00a0\u00a0<\/p>\n<p>Concede \u00a0 \u00a0 \u00a0 \u00a0 \u00a0 \u00a0 \u00a0 \u00a0 \u00a0 \u00a0\u00a0<\/p>\n<p>Tribunal Superior del Distrito Judicial de Bogot\u00e1, D.C., Sala Laboral de Conjueces \u00a0 \u00a0\u00a0<\/p>\n<p>Junio 20\/2000 \u00a0 \u00a0 \u00a0 \u00a0 \u00a0 \u00a0 \u00a0 \u00a0 \u00a0 \u00a0\u00a0<\/p>\n<p>Confirma \u00a0\u00a0<\/p>\n<p>T-362729 \u00a0 \u00a0 \u00a0 \u00a0 \u00a0 \u00a0 \u00a0 \u00a0 \u00a0 \u00a0\u00a0<\/p>\n<p>Ricardo Antonio Gonz\u00e1lez Gonz\u00e1lez \u00a0 \u00a0 \u00a0 \u00a0 \u00a0 \u00a0 \u00a0 \u00a0 \u00a0 \u00a0\u00a0<\/p>\n<p>Presidente de la Rep\u00fablica, Ministerio de Hacienda y Cr\u00e9dito P\u00fablico, Alcalde Mayor de Bogot\u00e1, D.C. y Secretario de Hacienda del Distrito \u00a0 \u00a0 \u00a0 \u00a0 \u00a0 \u00a0 \u00a0 \u00a0 \u00a0 \u00a0\u00a0<\/p>\n<p>Juzgado 5 Laboral del Circuito de Bogot\u00e1, D.C. \u00a0 \u00a0\u00a0<\/p>\n<p>Mayo 5\/2000 \u00a0 \u00a0 \u00a0 \u00a0 \u00a0 \u00a0 \u00a0 \u00a0 \u00a0 \u00a0\u00a0<\/p>\n<p>Deniega \u00a0 \u00a0 \u00a0 \u00a0 \u00a0 \u00a0 \u00a0 \u00a0 \u00a0 \u00a0\u00a0<\/p>\n<p>Tribunal Superior del Distrito Judicial de Bogot\u00e1, D.C., Sala Laboral de Conjueces \u00a0 \u00a0\u00a0<\/p>\n<p>Julio 31\/2000 \u00a0 \u00a0 \u00a0 \u00a0 \u00a0 \u00a0 \u00a0 \u00a0 \u00a0 \u00a0\u00a0<\/p>\n<p>Revoca\u00a0 \u00a0\u00a0<\/p>\n<p>T-362732 \u00a0 \u00a0 \u00a0 \u00a0 \u00a0 \u00a0 \u00a0 \u00a0 \u00a0 \u00a0\u00a0<\/p>\n<p>Lidy Luz Marina Rodr\u00edguez Guerrero \u00a0 \u00a0 \u00a0 \u00a0 \u00a0 \u00a0 \u00a0 \u00a0 \u00a0 \u00a0\u00a0<\/p>\n<p>Presidente de la Rep\u00fablica, Ministerio de Hacienda y Cr\u00e9dito P\u00fablico, Ministerio de Trabajo y Seguridad Social, Ministerio de Desarrollo Econ\u00f3mico y Departamento Nacional de Planeaci\u00f3n \u00a0 \u00a0 \u00a0 \u00a0 \u00a0 \u00a0 \u00a0 \u00a0 \u00a0 \u00a0\u00a0<\/p>\n<p>Juzgado 15 Laboral del Circuito de Bogot\u00e1, D.C. \u00a0 \u00a0\u00a0<\/p>\n<p>Abril 7\/2000 \u00a0 \u00a0 \u00a0 \u00a0 \u00a0 \u00a0 \u00a0 \u00a0 \u00a0 \u00a0\u00a0<\/p>\n<p>Concede \u00a0 \u00a0 \u00a0 \u00a0 \u00a0 \u00a0 \u00a0 \u00a0 \u00a0 \u00a0\u00a0<\/p>\n<p>Tribunal Superior del Distrito Judicial de Bogot\u00e1, D.C., Sala de Conjueces \u00a0 \u00a0\u00a0<\/p>\n<p>Julio 24\/2000 \u00a0 \u00a0 \u00a0 \u00a0 \u00a0 \u00a0 \u00a0 \u00a0 \u00a0 \u00a0\u00a0<\/p>\n<p>Confirma \u00a0\u00a0<\/p>\n<p>T-362735 \u00a0 \u00a0 \u00a0 \u00a0 \u00a0 \u00a0 \u00a0 \u00a0 \u00a0 \u00a0\u00a0<\/p>\n<p>Mar\u00eda del Rosario S\u00e1nchez Correa \u00a0 \u00a0 \u00a0 \u00a0 \u00a0 \u00a0 \u00a0 \u00a0 \u00a0 \u00a0\u00a0<\/p>\n<p>Presidente de la Rep\u00fablica, Ministerio de Hacienda y Cr\u00e9dito P\u00fablico, Ministerio de Educaci\u00f3n y Departamento Administrativo de la Funci\u00f3n P\u00fablica \u00a0 \u00a0 \u00a0 \u00a0 \u00a0 \u00a0 \u00a0 \u00a0 \u00a0 \u00a0\u00a0<\/p>\n<p>Juzgado 18 Laboral del Circuito de Bogot\u00e1, D.C. \u00a0 \u00a0\u00a0<\/p>\n<p>\u00a0 \u00a0\u00a0 \u00a0 \u00a0 \u00a0 \u00a0 \u00a0 \u00a0 \u00a0 \u00a0\u00a0<\/p>\n<p>Concede \u00a0 \u00a0 \u00a0 \u00a0 \u00a0 \u00a0 \u00a0 \u00a0 \u00a0 \u00a0\u00a0<\/p>\n<p>Tribunal Superior del Distrito Judicial de Bogot\u00e1, D.C., Sala Laboral de Conjueces \u00a0 \u00a0\u00a0<\/p>\n<p>Julio 4\/2000 \u00a0 \u00a0 \u00a0 \u00a0 \u00a0 \u00a0 \u00a0 \u00a0 \u00a0 \u00a0\u00a0<\/p>\n<p>Confirma \u00a0\u00a0<\/p>\n<p>Olga Luc\u00eda Gonz\u00e1lez Enriquez\u00a0 \u00a0 \u00a0 \u00a0 \u00a0 \u00a0 \u00a0 \u00a0 \u00a0 \u00a0 \u00a0\u00a0<\/p>\n<p>Presidente de la Rep\u00fablica, Ministerio de Hacienda y Cr\u00e9dito P\u00fablico y Alcalde Mayor de Bogot\u00e1, D.C.\u00a0 \u00a0 \u00a0 \u00a0 \u00a0 \u00a0 \u00a0 \u00a0 \u00a0 \u00a0 \u00a0\u00a0<\/p>\n<p>Juzgado 19 Laboral del Circuito de Bogot\u00e1, D.C. \u00a0 \u00a0\u00a0<\/p>\n<p>Mayo 3\/2000 \u00a0 \u00a0 \u00a0 \u00a0 \u00a0 \u00a0 \u00a0 \u00a0 \u00a0 \u00a0\u00a0<\/p>\n<p>Concede \u00a0 \u00a0 \u00a0 \u00a0 \u00a0 \u00a0 \u00a0 \u00a0 \u00a0 \u00a0\u00a0<\/p>\n<p>Tribunal Superior del Distrito Judicial de Bogot\u00e1, D.C., Sala Laboral de Conjueces \u00a0 \u00a0\u00a0<\/p>\n<p>Julio 12\/2000 \u00a0 \u00a0 \u00a0 \u00a0 \u00a0 \u00a0 \u00a0 \u00a0 \u00a0 \u00a0\u00a0<\/p>\n<p>Confirma \u00a0\u00a0<\/p>\n<p>T-362750 \u00a0 \u00a0 \u00a0 \u00a0 \u00a0 \u00a0 \u00a0 \u00a0 \u00a0 \u00a0\u00a0<\/p>\n<p>Fernando Eduardo Roberto Manuel Pardo Castro\u00a0 \u00a0 \u00a0 \u00a0 \u00a0 \u00a0 \u00a0 \u00a0 \u00a0 \u00a0 \u00a0\u00a0<\/p>\n<p>Presidente de la Rep\u00fablica, Ministerio de Hacienda y Cr\u00e9dito P\u00fablico y Alcalde Mayor de Bogot\u00e1, D.C.\u00a0 \u00a0 \u00a0 \u00a0 \u00a0 \u00a0 \u00a0 \u00a0 \u00a0 \u00a0 \u00a0\u00a0<\/p>\n<p>Juzgado 19 Laboral del Circuito de Bogot\u00e1, D.C. \u00a0 \u00a0\u00a0<\/p>\n<p>Mayo 24\/2000 \u00a0 \u00a0 \u00a0 \u00a0 \u00a0 \u00a0 \u00a0 \u00a0 \u00a0 \u00a0\u00a0<\/p>\n<p>Concede \u00a0 \u00a0 \u00a0 \u00a0 \u00a0 \u00a0 \u00a0 \u00a0 \u00a0 \u00a0\u00a0<\/p>\n<p>Tribunal Superior del Distrito Judicial de Bogot\u00e1, D.C., Sala Laboral de Conjueces \u00a0 \u00a0\u00a0<\/p>\n<p>Julio 19\/2000 \u00a0 \u00a0 \u00a0 \u00a0 \u00a0 \u00a0 \u00a0 \u00a0 \u00a0 \u00a0\u00a0<\/p>\n<p>Revoca \u00a0\u00a0<\/p>\n<p>T-362867 \u00a0 \u00a0 \u00a0 \u00a0 \u00a0 \u00a0 \u00a0 \u00a0 \u00a0 \u00a0\u00a0<\/p>\n<p>Magally del Socorro Burbano Garc\u00eda. \u00a0 \u00a0 \u00a0 \u00a0 \u00a0 \u00a0 \u00a0 \u00a0 \u00a0 \u00a0\u00a0<\/p>\n<p>La Naci\u00f3n, Ministerio de Hacienda y Cr\u00e9dito P\u00fablico, Ministerio de Educaci\u00f3n y Departamento Administrativo de la Funci\u00f3n P\u00fablica \u00a0 \u00a0 \u00a0 \u00a0 \u00a0 \u00a0 \u00a0 \u00a0 \u00a0 \u00a0\u00a0<\/p>\n<p>Juzgado Promiscuo Municipal de Ricaurte (Nari\u00f1o) \u00a0 \u00a0\u00a0<\/p>\n<p>Mayo 4\/2000 \u00a0 \u00a0 \u00a0 \u00a0 \u00a0 \u00a0 \u00a0 \u00a0 \u00a0 \u00a0\u00a0<\/p>\n<p>Concede \u00a0 \u00a0 \u00a0 \u00a0 \u00a0 \u00a0 \u00a0 \u00a0 \u00a0 \u00a0\u00a0<\/p>\n<p>Juzgado Civil y Promiscuo de Familia del Circuito Ad-hoc de T\u00faquerres \u00a0 \u00a0\u00a0<\/p>\n<p>Julio 11\/2000 \u00a0 \u00a0 \u00a0 \u00a0 \u00a0 \u00a0 \u00a0 \u00a0 \u00a0 \u00a0\u00a0<\/p>\n<p>Confirma \u00a0\u00a0<\/p>\n<p>Alvaro Salvador Carvajal Meneses \u00a0\u00a0<\/p>\n<p>Teresita de Jes\u00fas Florez Garc\u00eda \u00a0\u00a0<\/p>\n<p>Nora Amparo Jaramillo de G\u00f3mez \u00a0\u00a0<\/p>\n<p>Martha Cecilia Ruano Rosero \u00a0\u00a0<\/p>\n<p>Sandra Milena Florez Rosales \u00a0\u00a0<\/p>\n<p>Alicia Nohemy del Socorro Mor\u00e1n Guerrero \u00a0\u00a0<\/p>\n<p>Patricia del Socorro Garc\u00eda Castro \u00a0\u00a0<\/p>\n<p>Elsa Genith Padilla Guerrero \u00a0\u00a0<\/p>\n<p>Ilda Aura Vivas Prado \u00a0\u00a0<\/p>\n<p>Mar\u00eda Celina Meneses de D\u00edaz \u00a0\u00a0<\/p>\n<p>Teresa Moriano Padilla \u00a0\u00a0<\/p>\n<p>T-363152 \u00a0 \u00a0 \u00a0 \u00a0 \u00a0 \u00a0 \u00a0 \u00a0 \u00a0 \u00a0\u00a0<\/p>\n<p>Blanca Ligia Betancur Betancur \u00a0 \u00a0 \u00a0 \u00a0 \u00a0 \u00a0 \u00a0 \u00a0 \u00a0 \u00a0\u00a0<\/p>\n<p>La Naci\u00f3n, Ministerio de Hacienda y Cr\u00e9dito P\u00fablico, Ministerio de Educaci\u00f3n y Departamento Administrativo de la Funci\u00f3n P\u00fablica \u00a0 \u00a0 \u00a0 \u00a0 \u00a0 \u00a0 \u00a0 \u00a0 \u00a0 \u00a0\u00a0<\/p>\n<p>Mayo 30\/2000 \u00a0 \u00a0 \u00a0 \u00a0 \u00a0 \u00a0 \u00a0 \u00a0 \u00a0 \u00a0\u00a0<\/p>\n<p>Concede \u00a0 \u00a0 \u00a0 \u00a0 \u00a0 \u00a0 \u00a0 \u00a0 \u00a0 \u00a0\u00a0<\/p>\n<p>Juzgado 10 Civil del Circuito de Medell\u00edn \u00a0 \u00a0\u00a0<\/p>\n<p>Julio 21\/2000 \u00a0 \u00a0 \u00a0 \u00a0 \u00a0 \u00a0 \u00a0 \u00a0 \u00a0 \u00a0\u00a0<\/p>\n<p>Revoca \u00a0\u00a0<\/p>\n<p>Judith Ram\u00edrez Rojas \u00a0\u00a0<\/p>\n<p>Luz Helena Naranjo Henao \u00a0\u00a0<\/p>\n<p>T-363250 \u00a0 \u00a0 \u00a0 \u00a0 \u00a0 \u00a0 \u00a0 \u00a0 \u00a0 \u00a0\u00a0<\/p>\n<p>Luz Helena Gonz\u00e1lez Garz\u00f3n \u00a0 \u00a0 \u00a0 \u00a0 \u00a0 \u00a0 \u00a0 \u00a0 \u00a0 \u00a0\u00a0<\/p>\n<p>Presidente de la Rep\u00fablica, Ministerio de Hacienda y Cr\u00e9dito P\u00fablico, Ministerio de Educaci\u00f3n y Rector de la Universidad de Cundinamarca \u00a0 \u00a0 \u00a0 \u00a0 \u00a0 \u00a0 \u00a0 \u00a0 \u00a0 \u00a0\u00a0<\/p>\n<p>Tribunal Contencioso Administrativo de Cundinamarca, Secci\u00f3n Primera \u00a0 \u00a0\u00a0<\/p>\n<p>Agosto 2\/2000 \u00a0 \u00a0 \u00a0 \u00a0 \u00a0 \u00a0 \u00a0 \u00a0 \u00a0 \u00a0\u00a0<\/p>\n<p>Concede \u00a0 \u00a0 \u00a0 \u00a0 \u00a0 \u00a0 \u00a0 \u00a0 \u00a0 \u00a0\u00a0<\/p>\n<p>No hubo \u00a0\u00a0<\/p>\n<p>T-363265 \u00a0 \u00a0 \u00a0 \u00a0 \u00a0 \u00a0 \u00a0 \u00a0 \u00a0 \u00a0\u00a0<\/p>\n<p>Rosalba Morales Soto \u00a0 \u00a0 \u00a0 \u00a0 \u00a0 \u00a0 \u00a0 \u00a0 \u00a0 \u00a0\u00a0<\/p>\n<p>Presidente de la Rep\u00fablica, Ministerio de Hacienda y Cr\u00e9dito P\u00fablico, Ministerio de Educaci\u00f3n y Rector de la Universidad de Cundinamarca \u00a0 \u00a0 \u00a0 \u00a0 \u00a0 \u00a0 \u00a0 \u00a0 \u00a0 \u00a0\u00a0<\/p>\n<p>Tribunal Contencioso Administrativo de Cundinamarca, Secci\u00f3n Primera \u00a0 \u00a0\u00a0<\/p>\n<p>Agosto 2\/2000 \u00a0 \u00a0 \u00a0 \u00a0 \u00a0 \u00a0 \u00a0 \u00a0 \u00a0 \u00a0\u00a0<\/p>\n<p>Concede \u00a0 \u00a0 \u00a0 \u00a0 \u00a0 \u00a0 \u00a0 \u00a0 \u00a0 \u00a0\u00a0<\/p>\n<p>No hubo \u00a0\u00a0<\/p>\n<p>T-363266 \u00a0 \u00a0 \u00a0 \u00a0 \u00a0 \u00a0 \u00a0 \u00a0 \u00a0 \u00a0\u00a0<\/p>\n<p>Alicia Garc\u00eda de Meneses \u00a0 \u00a0 \u00a0 \u00a0 \u00a0 \u00a0 \u00a0 \u00a0 \u00a0 \u00a0\u00a0<\/p>\n<p>Presidente de la Rep\u00fablica, Ministerio de Hacienda y Cr\u00e9dito P\u00fablico y Departamento Administrativo Nacional de la Econom\u00eda Solidaria \u00a0 \u00a0 \u00a0 \u00a0 \u00a0 \u00a0 \u00a0 \u00a0 \u00a0 \u00a0\u00a0<\/p>\n<p>Tribunal Contencioso Administrativo de Cundinamarca, Secci\u00f3n Primera \u00a0 \u00a0\u00a0<\/p>\n<p>Agosto 2\/2000 \u00a0 \u00a0 \u00a0 \u00a0 \u00a0 \u00a0 \u00a0 \u00a0 \u00a0 \u00a0\u00a0<\/p>\n<p>Concede \u00a0 \u00a0 \u00a0 \u00a0 \u00a0 \u00a0 \u00a0 \u00a0 \u00a0 \u00a0\u00a0<\/p>\n<p>No hubo \u00a0\u00a0<\/p>\n<p>T-363267 \u00a0 \u00a0 \u00a0 \u00a0 \u00a0 \u00a0 \u00a0 \u00a0 \u00a0 \u00a0\u00a0<\/p>\n<p>Nestor Miguel Monsalve Ram\u00edrez \u00a0 \u00a0 \u00a0 \u00a0 \u00a0 \u00a0 \u00a0 \u00a0 \u00a0 \u00a0\u00a0<\/p>\n<p>Tribunal Contencioso Administrativo de Cundinamarca, Secci\u00f3n Primera \u00a0 \u00a0\u00a0<\/p>\n<p>Agosto 2\/2000 \u00a0 \u00a0 \u00a0 \u00a0 \u00a0 \u00a0 \u00a0 \u00a0 \u00a0 \u00a0\u00a0<\/p>\n<p>Concede \u00a0 \u00a0 \u00a0 \u00a0 \u00a0 \u00a0 \u00a0 \u00a0 \u00a0 \u00a0\u00a0<\/p>\n<p>No hubo \u00a0\u00a0<\/p>\n<p>T-363357 \u00a0 \u00a0 \u00a0 \u00a0 \u00a0 \u00a0 \u00a0 \u00a0 \u00a0 \u00a0\u00a0<\/p>\n<p>Carlos Iv\u00e1n Naranjo Ocampo \u00a0 \u00a0 \u00a0 \u00a0 \u00a0 \u00a0 \u00a0 \u00a0 \u00a0 \u00a0\u00a0<\/p>\n<p>La Naci\u00f3n, Ministerio de Hacienda y Cr\u00e9dito P\u00fablico y Ministerio de Trabajo y Seguridad Social \u00a0 \u00a0 \u00a0 \u00a0 \u00a0 \u00a0 \u00a0 \u00a0 \u00a0 \u00a0\u00a0<\/p>\n<p>Juzgado 2 de Familia de Medell\u00edn \u00a0 \u00a0\u00a0<\/p>\n<p>Junio 13\/2000 \u00a0 \u00a0 \u00a0 \u00a0 \u00a0 \u00a0 \u00a0 \u00a0 \u00a0 \u00a0\u00a0<\/p>\n<p>Concede \u00a0 \u00a0 \u00a0 \u00a0 \u00a0 \u00a0 \u00a0 \u00a0 \u00a0 \u00a0\u00a0<\/p>\n<p>No hubo \u00a0\u00a0<\/p>\n<p>T-363554 \u00a0 \u00a0 \u00a0 \u00a0 \u00a0 \u00a0 \u00a0 \u00a0 \u00a0 \u00a0\u00a0<\/p>\n<p>Mar\u00eda Erleny Gonz\u00e1lez Bol\u00edvar \u00a0 \u00a0 \u00a0 \u00a0 \u00a0 \u00a0 \u00a0 \u00a0 \u00a0 \u00a0\u00a0<\/p>\n<p>La Naci\u00f3n, Ministerio de Hacienda y Cr\u00e9dito P\u00fablico, Ministerio de Educaci\u00f3n y Departamento Administrativo de la Funci\u00f3n P\u00fablica \u00a0 \u00a0 \u00a0 \u00a0 \u00a0 \u00a0 \u00a0 \u00a0 \u00a0 \u00a0\u00a0<\/p>\n<p>Juzgado 4 Civil Municipal de Medell\u00edn \u00a0 \u00a0\u00a0<\/p>\n<p>Junio 23\/2000 \u00a0 \u00a0 \u00a0 \u00a0 \u00a0 \u00a0 \u00a0 \u00a0 \u00a0 \u00a0\u00a0<\/p>\n<p>Concede \u00a0 \u00a0 \u00a0 \u00a0 \u00a0 \u00a0 \u00a0 \u00a0 \u00a0 \u00a0\u00a0<\/p>\n<p>No hubo \u00a0\u00a0<\/p>\n<p>T-363791 \u00a0 \u00a0 \u00a0 \u00a0 \u00a0 \u00a0 \u00a0 \u00a0 \u00a0 \u00a0\u00a0<\/p>\n<p>Jorge Walter Tamayo Tapias \u00a0 \u00a0 \u00a0 \u00a0 \u00a0 \u00a0 \u00a0 \u00a0 \u00a0 \u00a0\u00a0<\/p>\n<p>La Naci\u00f3n, Ministerio de Hacienda y Cr\u00e9dito P\u00fablico, Ministerio de Educaci\u00f3n y Departamento Administrativo de la Funci\u00f3n P\u00fablica \u00a0 \u00a0 \u00a0 \u00a0 \u00a0 \u00a0 \u00a0 \u00a0 \u00a0 \u00a0\u00a0<\/p>\n<p>Juzgado 23 Civil Municipal de Medell\u00edn \u00a0 \u00a0\u00a0<\/p>\n<p>Junio 9\/2000 \u00a0 \u00a0 \u00a0 \u00a0 \u00a0 \u00a0 \u00a0 \u00a0 \u00a0 \u00a0\u00a0<\/p>\n<p>Concede \u00a0 \u00a0 \u00a0 \u00a0 \u00a0 \u00a0 \u00a0 \u00a0 \u00a0 \u00a0\u00a0<\/p>\n<p>Juzgado 12 Civil del Circuito de Medell\u00edn \u00a0 \u00a0\u00a0<\/p>\n<p>Julio 12\/2000 \u00a0 \u00a0 \u00a0 \u00a0 \u00a0 \u00a0 \u00a0 \u00a0 \u00a0 \u00a0\u00a0<\/p>\n<p>Confirma \u00a0\u00a0<\/p>\n<p>T-363869 \u00a0 \u00a0 \u00a0 \u00a0 \u00a0 \u00a0 \u00a0 \u00a0 \u00a0 \u00a0\u00a0<\/p>\n<p>Carlos Eloy Ronquillo Gamez \u00a0 \u00a0 \u00a0 \u00a0 \u00a0 \u00a0 \u00a0 \u00a0 \u00a0 \u00a0\u00a0<\/p>\n<p>Presidente de la Universidad Libre de Colombia \u00a0 \u00a0 \u00a0 \u00a0 \u00a0 \u00a0 \u00a0 \u00a0 \u00a0 \u00a0\u00a0<\/p>\n<p>Tribunal Administrativo de Norte de Santander \u00a0 \u00a0\u00a0<\/p>\n<p>Junio 20\/2000 \u00a0 \u00a0 \u00a0 \u00a0 \u00a0 \u00a0 \u00a0 \u00a0 \u00a0 \u00a0\u00a0<\/p>\n<p>No hubo \u00a0\u00a0<\/p>\n<p>T-363942 \u00a0 \u00a0 \u00a0 \u00a0 \u00a0 \u00a0 \u00a0 \u00a0 \u00a0 \u00a0\u00a0<\/p>\n<p>Miguel Antonio Tamayo Londo\u00f1o \u00a0 \u00a0 \u00a0 \u00a0 \u00a0 \u00a0 \u00a0 \u00a0 \u00a0 \u00a0\u00a0<\/p>\n<p>La Naci\u00f3n, Ministerio de Hacienda y Cr\u00e9dito P\u00fablico, Ministerio de Educaci\u00f3n y Departamento Administrativo de la Funci\u00f3n P\u00fablica \u00a0 \u00a0 \u00a0 \u00a0 \u00a0 \u00a0 \u00a0 \u00a0 \u00a0 \u00a0\u00a0<\/p>\n<p>Juzgado Promiscuo Municipal de San Roque (Antioquia) \u00a0 \u00a0\u00a0<\/p>\n<p>Abril 5\/2000 \u00a0 \u00a0 \u00a0 \u00a0 \u00a0 \u00a0 \u00a0 \u00a0 \u00a0 \u00a0\u00a0<\/p>\n<p>Deniega \u00a0 \u00a0 \u00a0 \u00a0 \u00a0 \u00a0 \u00a0 \u00a0 \u00a0 \u00a0\u00a0<\/p>\n<p>Juzgado Promiscuo del Circuito de Yolomb\u00f3 (Antioquia) \u00a0 \u00a0\u00a0<\/p>\n<p>Junio 13\/2000 \u00a0 \u00a0 \u00a0 \u00a0 \u00a0 \u00a0 \u00a0 \u00a0 \u00a0 \u00a0\u00a0<\/p>\n<p>Revoca \u00a0\u00a0<\/p>\n<p>Luis Gonzalo Hern\u00e1ndez Ram\u00edrez \u00a0\u00a0<\/p>\n<p>Nubia del Socorro L\u00f3pez Quintero \u00a0\u00a0<\/p>\n<p>Luis Alberto Fabra Meza \u00a0\u00a0<\/p>\n<p>Martha Higinia Castro Angel \u00a0\u00a0<\/p>\n<p>Alba Luc\u00eda Espinosa Perea\u00f1ez\u00a0 \u00a0\u00a0<\/p>\n<p>Angela Mar\u00eda Sep\u00falveda Garc\u00eda \u00a0\u00a0<\/p>\n<p>Martha Elena Estrada Carvajal \u00a0\u00a0<\/p>\n<p>Lillyam In\u00e9s Estrada Carvajal \u00a0\u00a0<\/p>\n<p>Martha Cecilia Rinc\u00f3n Rojas \u00a0\u00a0<\/p>\n<p>Mar\u00eda Mercedes Espinosa Perea\u00f1ez \u00a0\u00a0<\/p>\n<p>Carmen Luc\u00eda Marquez Betancur \u00a0\u00a0<\/p>\n<p>Luz Edilma L\u00f3pez Garc\u00eda \u00a0\u00a0<\/p>\n<p>Francisco Javier Baena G\u00f3mez \u00a0\u00a0<\/p>\n<p>Obed Antonio Cardona Tob\u00f3n \u00a0\u00a0<\/p>\n<p>William L\u00f3pez Gaviria \u00a0\u00a0<\/p>\n<p>Angela Ruth Monsalve Pati\u00f1o \u00a0\u00a0<\/p>\n<p>Francisco Javier Villegas Lopera \u00a0\u00a0<\/p>\n<p>Nora Mar\u00eda Arismendy Ramirez\u00a0 \u00a0\u00a0<\/p>\n<p>Elvia del Roc\u00edo Hern\u00e1ndez Ram\u00edrez \u00a0\u00a0<\/p>\n<p>Gloria Beatriz Marquez Betancurt \u00a0\u00a0<\/p>\n<p>Saul de Jes\u00fas S\u00e1nchez Casta\u00f1o\u00a0 \u00a0\u00a0<\/p>\n<p>Gloria Elena Cardona Marulanda \u00a0\u00a0<\/p>\n<p>Martha Susana Cardona Marulanda \u00a0\u00a0<\/p>\n<p>Oscar G\u00f3mez Londo\u00f1o \u00a0\u00a0<\/p>\n<p>Arnoldo de Jes\u00fas Vargas G\u00f3mez \u00a0\u00a0<\/p>\n<p>Sonia Elena Osorio Naranjo \u00a0\u00a0<\/p>\n<p>Lucelly de la Cruz C\u00e1rdenas Avecedo \u00a0\u00a0<\/p>\n<p>Juan Carlos Guti\u00e9rrez Rodr\u00edguez \u00a0\u00a0<\/p>\n<p>Dora Elena S\u00e1nchez Osorio \u00a0\u00a0<\/p>\n<p>Mar\u00eda Gabriela Molina Castrill\u00f3n\u00a0 \u00a0\u00a0<\/p>\n<p>Mar\u00eda Zoraida Madrid Molina \u00a0\u00a0<\/p>\n<p>Laura Rosa Gil Rend\u00f3n \u00a0\u00a0<\/p>\n<p>Francisco Javier S\u00e1nchez\u00a0 \u00a0\u00a0<\/p>\n<p>Mar\u00eda Chiquinquir\u00e1 Duque G\u00f3mez \u00a0\u00a0<\/p>\n<p>Ana Dolly Graciano \u00a0\u00a0<\/p>\n<p>Amparo del Socorro Molina G\u00f3mez \u00a0\u00a0<\/p>\n<p>Emilse Garz\u00f3n Duque \u00a0\u00a0<\/p>\n<p>Nohemy de Jes\u00fas Balv\u00edn Agudelo \u00a0\u00a0<\/p>\n<p>Luis Emilio Agudelo G\u00f3mez \u00a0\u00a0<\/p>\n<p>Libia Amparo Vel\u00e1squez D\u00edaz \u00a0\u00a0<\/p>\n<p>Ramiro Antonio Castro Angel \u00a0\u00a0<\/p>\n<p>Luz Marina Guerra \u00a0\u00a0<\/p>\n<p>Ernesto Antonio duque Carmona \u00a0\u00a0<\/p>\n<p>Rosa Mar\u00eda Recuero Botett \u00a0\u00a0<\/p>\n<p>Jorge Alberto Alzate Mora \u00a0\u00a0<\/p>\n<p>Luz Elena Molina Su\u00e1rez \u00a0\u00a0<\/p>\n<p>Bernarda del Socorro Ayala Franco \u00a0\u00a0<\/p>\n<p>Heriberto Obando Zapata \u00a0\u00a0<\/p>\n<p>Mar\u00eda Teresa Jaramillo Madrid \u00a0\u00a0<\/p>\n<p>Rafael Antonio Jaramillo Madrid \u00a0\u00a0<\/p>\n<p>Angela Mar\u00eda Zapata Mar\u00edn \u00a0\u00a0<\/p>\n<p>Nubia del Socorro Barrientos Ocampo \u00a0\u00a0<\/p>\n<p>Ruth Morelia Monsalve P\u00e9rez \u00a0\u00a0<\/p>\n<p>Ligia Esther Bustamante D\u00edaz \u00a0\u00a0<\/p>\n<p>Helda Marina Maldonado Maldonado \u00a0\u00a0<\/p>\n<p>Luis Alberto Rojo Restrepo\u00a0 \u00a0\u00a0<\/p>\n<p>Gloria Patricia S\u00e1nchez Jim\u00e9nez \u00a0\u00a0<\/p>\n<p>Octavio de Jes\u00fas Londo\u00f1o \u00a0\u00a0<\/p>\n<p>Francisco Javier Morales Moreno \u00a0\u00a0<\/p>\n<p>Mar\u00eda Elena Gonz\u00e1lez Molina \u00a0\u00a0<\/p>\n<p>Blanca Oliva Cadavid Restrepo \u00a0\u00a0<\/p>\n<p>Ana Joaquina Espinosa Perea\u00f1ez \u00a0\u00a0<\/p>\n<p>Luz Elena Rinc\u00f3n Galvis \u00a0\u00a0<\/p>\n<p>T-363952 \u00a0 \u00a0 \u00a0 \u00a0 \u00a0 \u00a0 \u00a0 \u00a0 \u00a0 \u00a0\u00a0<\/p>\n<p>Edilma del Socorro Torres Aristizabal \u00a0 \u00a0 \u00a0 \u00a0 \u00a0 \u00a0 \u00a0 \u00a0 \u00a0 \u00a0\u00a0<\/p>\n<p>La Naci\u00f3n, Ministerio de Hacienda y Cr\u00e9dito P\u00fablico, Ministerio de Educaci\u00f3n y Departamento Administrativo de la Funci\u00f3n P\u00fablica \u00a0 \u00a0 \u00a0 \u00a0 \u00a0 \u00a0 \u00a0 \u00a0 \u00a0 \u00a0\u00a0<\/p>\n<p>Juzgado 5 Civil Municipal de Medell\u00edn \u00a0 \u00a0\u00a0<\/p>\n<p>Mayo 11\/2000 \u00a0 \u00a0 \u00a0 \u00a0 \u00a0 \u00a0 \u00a0 \u00a0 \u00a0 \u00a0\u00a0<\/p>\n<p>Concede \u00a0 \u00a0 \u00a0 \u00a0 \u00a0 \u00a0 \u00a0 \u00a0 \u00a0 \u00a0\u00a0<\/p>\n<p>Juzgado 13 Civil del Circuito de Medell\u00edn \u00a0 \u00a0\u00a0<\/p>\n<p>Junio 30\/2000 \u00a0 \u00a0 \u00a0 \u00a0 \u00a0 \u00a0 \u00a0 \u00a0 \u00a0 \u00a0\u00a0<\/p>\n<p>Confirma \u00a0\u00a0<\/p>\n<p>Luz Amparo Torres Alvarez \u00a0 \u00a0 \u00a0 \u00a0 \u00a0 \u00a0 \u00a0 \u00a0 \u00a0 \u00a0\u00a0<\/p>\n<p>Presidente del Rep\u00fablica, Ministerio de Hacienda y Cr\u00e9dito P\u00fablico y Departamento Administrativo de la Funci\u00f3n P\u00fablica \u00a0 \u00a0 \u00a0 \u00a0 \u00a0 \u00a0 \u00a0 \u00a0 \u00a0 \u00a0\u00a0<\/p>\n<p>Juzgado 20 Civil Municipal de Medell\u00edn \u00a0 \u00a0\u00a0<\/p>\n<p>Mayo 16\/2000 \u00a0 \u00a0 \u00a0 \u00a0 \u00a0 \u00a0 \u00a0 \u00a0 \u00a0 \u00a0\u00a0<\/p>\n<p>Deniega \u00a0 \u00a0 \u00a0 \u00a0 \u00a0 \u00a0 \u00a0 \u00a0 \u00a0 \u00a0\u00a0<\/p>\n<p>Juzgado 13 Civil del Circuito de Medell\u00edn \u00a0 \u00a0\u00a0<\/p>\n<p>Junio 30\/2000 \u00a0 \u00a0 \u00a0 \u00a0 \u00a0 \u00a0 \u00a0 \u00a0 \u00a0 \u00a0\u00a0<\/p>\n<p>Revoca \u00a0\u00a0<\/p>\n<p>T-363954 \u00a0 \u00a0 \u00a0 \u00a0 \u00a0 \u00a0 \u00a0 \u00a0 \u00a0 \u00a0\u00a0<\/p>\n<p>Mariela Zuluaga Velilla \u00a0 \u00a0 \u00a0 \u00a0 \u00a0 \u00a0 \u00a0 \u00a0 \u00a0 \u00a0\u00a0<\/p>\n<p>La Naci\u00f3n, Ministerio de Hacienda y Cr\u00e9dito P\u00fablico, Ministerio de Educaci\u00f3n y Departamento Administrativo de la Funci\u00f3n P\u00fablica \u00a0 \u00a0 \u00a0 \u00a0 \u00a0 \u00a0 \u00a0 \u00a0 \u00a0 \u00a0\u00a0<\/p>\n<p>Juzgado 5 Civil Municipal de Medell\u00edn \u00a0 \u00a0\u00a0<\/p>\n<p>Mayo 4\/2000 \u00a0 \u00a0 \u00a0 \u00a0 \u00a0 \u00a0 \u00a0 \u00a0 \u00a0 \u00a0\u00a0<\/p>\n<p>Concede \u00a0 \u00a0 \u00a0 \u00a0 \u00a0 \u00a0 \u00a0 \u00a0 \u00a0 \u00a0\u00a0<\/p>\n<p>Juzgado 13 Civil del Circuito de Medell\u00edn \u00a0 \u00a0\u00a0<\/p>\n<p>Junio 30\/2000 \u00a0 \u00a0 \u00a0 \u00a0 \u00a0 \u00a0 \u00a0 \u00a0 \u00a0 \u00a0\u00a0<\/p>\n<p>Confirma \u00a0\u00a0<\/p>\n<p>T-364266 \u00a0 \u00a0 \u00a0 \u00a0 \u00a0 \u00a0 \u00a0 \u00a0 \u00a0 \u00a0\u00a0<\/p>\n<p>F\u00e1tima Mar\u00eda Alvarez Rodr\u00edguez \u00a0 \u00a0 \u00a0 \u00a0 \u00a0 \u00a0 \u00a0 \u00a0 \u00a0 \u00a0\u00a0<\/p>\n<p>La Naci\u00f3n, Ministerio de Hacienda y Cr\u00e9dito P\u00fablico, Ministerio de Educaci\u00f3n y Departamento Administrativo de la Funci\u00f3n P\u00fablica \u00a0 \u00a0 \u00a0 \u00a0 \u00a0 \u00a0 \u00a0 \u00a0 \u00a0 \u00a0\u00a0<\/p>\n<p>Juzgado 1 Penal del Circuito de Ci\u00e9naga \u00a0 \u00a0\u00a0<\/p>\n<p>Mayo 25\/2000 \u00a0 \u00a0 \u00a0 \u00a0 \u00a0 \u00a0 \u00a0 \u00a0 \u00a0 \u00a0\u00a0<\/p>\n<p>Concede \u00a0 \u00a0 \u00a0 \u00a0 \u00a0 \u00a0 \u00a0 \u00a0 \u00a0 \u00a0\u00a0<\/p>\n<p>No hubo \u00a0\u00a0<\/p>\n<p>T-364303 \u00a0 \u00a0 \u00a0 \u00a0 \u00a0 \u00a0 \u00a0 \u00a0 \u00a0 \u00a0\u00a0<\/p>\n<p>Jes\u00fas Mar\u00eda Florez Zapata \u00a0 \u00a0 \u00a0 \u00a0 \u00a0 \u00a0 \u00a0 \u00a0 \u00a0 \u00a0\u00a0<\/p>\n<p>La Naci\u00f3n, Ministerio de Hacienda y Cr\u00e9dito P\u00fablico, Ministerio de Educaci\u00f3n y Departamento Administrativo de la Funci\u00f3n P\u00fablica \u00a0 \u00a0 \u00a0 \u00a0 \u00a0 \u00a0 \u00a0 \u00a0 \u00a0 \u00a0\u00a0<\/p>\n<p>Juzgado Civil Municipal de Yarumal\u00a0 \u00a0 \u00a0\u00a0<\/p>\n<p>Junio 28\/2000 \u00a0 \u00a0 \u00a0 \u00a0 \u00a0 \u00a0 \u00a0 \u00a0 \u00a0 \u00a0\u00a0<\/p>\n<p>Concede \u00a0 \u00a0 \u00a0 \u00a0 \u00a0 \u00a0 \u00a0 \u00a0 \u00a0 \u00a0\u00a0<\/p>\n<p>No hubo \u00a0\u00a0<\/p>\n<p>T-364620 \u00a0 \u00a0 \u00a0 \u00a0 \u00a0 \u00a0 \u00a0 \u00a0 \u00a0 \u00a0\u00a0<\/p>\n<p>Luis Ernesto Bedoya G\u00f3mez \u00a0 \u00a0 \u00a0 \u00a0 \u00a0 \u00a0 \u00a0 \u00a0 \u00a0 \u00a0\u00a0<\/p>\n<p>La Naci\u00f3n, Ministerio de Hacienda y Cr\u00e9dito P\u00fablico, Ministerio de Educaci\u00f3n y Departamento Administrativo de la Funci\u00f3n P\u00fablica \u00a0 \u00a0 \u00a0 \u00a0 \u00a0 \u00a0 \u00a0 \u00a0 \u00a0 \u00a0\u00a0<\/p>\n<p>Juzgado Promiscuo Municipal de Arboletes \u00a0 \u00a0\u00a0<\/p>\n<p>Mayo 2\/2000 \u00a0 \u00a0 \u00a0 \u00a0 \u00a0 \u00a0 \u00a0 \u00a0 \u00a0 \u00a0\u00a0<\/p>\n<p>Deniega \u00a0 \u00a0 \u00a0 \u00a0 \u00a0 \u00a0 \u00a0 \u00a0 \u00a0 \u00a0\u00a0<\/p>\n<p>Juzgado Promiscuo de Familia de Turbo \u00a0 \u00a0\u00a0<\/p>\n<p>Junio 30\/2000 \u00a0 \u00a0 \u00a0 \u00a0 \u00a0 \u00a0 \u00a0 \u00a0 \u00a0 \u00a0\u00a0<\/p>\n<p>Revoca \u00a0\u00a0<\/p>\n<p>T-389437 \u00a0 \u00a0 \u00a0 \u00a0 \u00a0 \u00a0 \u00a0 \u00a0 \u00a0 \u00a0\u00a0<\/p>\n<p>Rosa Margarita Lopera P\u00e9rez \u00a0 \u00a0 \u00a0 \u00a0 \u00a0 \u00a0 \u00a0 \u00a0 \u00a0 \u00a0\u00a0<\/p>\n<p>La Naci\u00f3n, Ministerio de Hacienda y Cr\u00e9dito P\u00fablico, Ministerio de Educaci\u00f3n y Departamento Administrativo de la Funci\u00f3n P\u00fablica \u00a0 \u00a0 \u00a0 \u00a0 \u00a0 \u00a0 \u00a0 \u00a0 \u00a0 \u00a0\u00a0<\/p>\n<p>Juzgado Promiscuo del Circuito de Ituango (Antioquia) \u00a0 \u00a0\u00a0<\/p>\n<p>Agosto 9\/2000 \u00a0 \u00a0 \u00a0 \u00a0 \u00a0 \u00a0 \u00a0 \u00a0 \u00a0 \u00a0\u00a0<\/p>\n<p>Concede \u00a0 \u00a0 \u00a0 \u00a0 \u00a0 \u00a0 \u00a0 \u00a0 \u00a0 \u00a0\u00a0<\/p>\n<p>T-389438 \u00a0 \u00a0 \u00a0 \u00a0 \u00a0 \u00a0 \u00a0 \u00a0 \u00a0 \u00a0\u00a0<\/p>\n<p>Rosalba Correa Restrepo \u00a0 \u00a0 \u00a0 \u00a0 \u00a0 \u00a0 \u00a0 \u00a0 \u00a0 \u00a0\u00a0<\/p>\n<p>La Naci\u00f3n, Ministerio de Hacienda y Cr\u00e9dito P\u00fablico, Ministerio de Educaci\u00f3n y Departamento Administrativo de la Funci\u00f3n P\u00fablica \u00a0 \u00a0 \u00a0 \u00a0 \u00a0 \u00a0 \u00a0 \u00a0 \u00a0 \u00a0\u00a0<\/p>\n<p>Juzgado Promiscuo del Circuito de Ituango (Antioquia) \u00a0 \u00a0\u00a0<\/p>\n<p>Agosto 9\/2000 \u00a0 \u00a0 \u00a0 \u00a0 \u00a0 \u00a0 \u00a0 \u00a0 \u00a0 \u00a0\u00a0<\/p>\n<p>Concede \u00a0 \u00a0 \u00a0 \u00a0 \u00a0 \u00a0 \u00a0 \u00a0 \u00a0 \u00a0\u00a0<\/p>\n<p>No hubo \u00a0\u00a0<\/p>\n<p>T-389439 \u00a0 \u00a0 \u00a0 \u00a0 \u00a0 \u00a0 \u00a0 \u00a0 \u00a0 \u00a0\u00a0<\/p>\n<p>Deiro de Jes\u00fas R\u00edos Bedoya \u00a0 \u00a0 \u00a0 \u00a0 \u00a0 \u00a0 \u00a0 \u00a0 \u00a0 \u00a0\u00a0<\/p>\n<p>La Naci\u00f3n, Ministerio de Hacienda y Cr\u00e9dito P\u00fablico, Ministerio de Educaci\u00f3n y Departamento Administrativo de la Funci\u00f3n P\u00fablica \u00a0 \u00a0 \u00a0 \u00a0 \u00a0 \u00a0 \u00a0 \u00a0 \u00a0 \u00a0\u00a0<\/p>\n<p>Juzgado Promiscuo del Circuito de Ituango (Antioquia) \u00a0 \u00a0\u00a0<\/p>\n<p>Agosto 9\/2000 \u00a0 \u00a0 \u00a0 \u00a0 \u00a0 \u00a0 \u00a0 \u00a0 \u00a0 \u00a0\u00a0<\/p>\n<p>Concede \u00a0 \u00a0 \u00a0 \u00a0 \u00a0 \u00a0 \u00a0 \u00a0 \u00a0 \u00a0\u00a0<\/p>\n<p>No hubo \u00a0\u00a0<\/p>\n<p>T-389440 \u00a0 \u00a0 \u00a0 \u00a0 \u00a0 \u00a0 \u00a0 \u00a0 \u00a0 \u00a0\u00a0<\/p>\n<p>Mar\u00eda In\u00e9s Zabala Garc\u00eda \u00a0 \u00a0 \u00a0 \u00a0 \u00a0 \u00a0 \u00a0 \u00a0 \u00a0 \u00a0\u00a0<\/p>\n<p>La Naci\u00f3n, Ministerio de Hacienda y Cr\u00e9dito P\u00fablico, Ministerio de Educaci\u00f3n y Departamento Administrativo de la Funci\u00f3n P\u00fablica \u00a0 \u00a0 \u00a0 \u00a0 \u00a0 \u00a0 \u00a0 \u00a0 \u00a0 \u00a0\u00a0<\/p>\n<p>Juzgado Promiscuo del Circuito de Ituango (Antioquia) \u00a0 \u00a0\u00a0<\/p>\n<p>Agosto 9\/2000 \u00a0 \u00a0 \u00a0 \u00a0 \u00a0 \u00a0 \u00a0 \u00a0 \u00a0 \u00a0\u00a0<\/p>\n<p>Concede \u00a0 \u00a0 \u00a0 \u00a0 \u00a0 \u00a0 \u00a0 \u00a0 \u00a0 \u00a0\u00a0<\/p>\n<p>No hubo \u00a0\u00a0<\/p>\n<p>T-389441 \u00a0 \u00a0 \u00a0 \u00a0 \u00a0 \u00a0 \u00a0 \u00a0 \u00a0 \u00a0\u00a0<\/p>\n<p>Bertha In\u00e9s Alzate Mej\u00eda \u00a0 \u00a0 \u00a0 \u00a0 \u00a0 \u00a0 \u00a0 \u00a0 \u00a0 \u00a0\u00a0<\/p>\n<p>La Naci\u00f3n, Ministerio de Hacienda y Cr\u00e9dito P\u00fablico, Ministerio de Educaci\u00f3n y Departamento Administrativo de la Funci\u00f3n P\u00fablica \u00a0 \u00a0 \u00a0 \u00a0 \u00a0 \u00a0 \u00a0 \u00a0 \u00a0 \u00a0\u00a0<\/p>\n<p>Juzgado Promiscuo del Circuito de Ituango (Antioquia) \u00a0 \u00a0\u00a0<\/p>\n<p>Agosto 9\/2000 \u00a0 \u00a0 \u00a0 \u00a0 \u00a0 \u00a0 \u00a0 \u00a0 \u00a0 \u00a0\u00a0<\/p>\n<p>Concede \u00a0 \u00a0 \u00a0 \u00a0 \u00a0 \u00a0 \u00a0 \u00a0 \u00a0 \u00a0\u00a0<\/p>\n<p>No hubo \u00a0\u00a0<\/p>\n<p>T-389442 \u00a0 \u00a0 \u00a0 \u00a0 \u00a0 \u00a0 \u00a0 \u00a0 \u00a0 \u00a0\u00a0<\/p>\n<p>Mar\u00eda Alicia Mora Rodr\u00edguez \u00a0 \u00a0 \u00a0 \u00a0 \u00a0 \u00a0 \u00a0 \u00a0 \u00a0 \u00a0\u00a0<\/p>\n<p>La Naci\u00f3n, Ministerio de Hacienda y Cr\u00e9dito P\u00fablico, Ministerio de Educaci\u00f3n y Departamento Administrativo de la Funci\u00f3n P\u00fablica \u00a0 \u00a0 \u00a0 \u00a0 \u00a0 \u00a0 \u00a0 \u00a0 \u00a0 \u00a0\u00a0<\/p>\n<p>Juzgado Promiscuo del Circuito de Ituango (Antioquia) \u00a0 \u00a0\u00a0<\/p>\n<p>Agosto 9\/2000 \u00a0 \u00a0 \u00a0 \u00a0 \u00a0 \u00a0 \u00a0 \u00a0 \u00a0 \u00a0\u00a0<\/p>\n<p>Concede \u00a0 \u00a0 \u00a0 \u00a0 \u00a0 \u00a0 \u00a0 \u00a0 \u00a0 \u00a0\u00a0<\/p>\n<p>No hubo \u00a0\u00a0<\/p>\n<p>T-389443 \u00a0 \u00a0 \u00a0 \u00a0 \u00a0 \u00a0 \u00a0 \u00a0 \u00a0 \u00a0\u00a0<\/p>\n<p>Gladis Estela Zapata Pulgar\u00edn \u00a0 \u00a0 \u00a0 \u00a0 \u00a0 \u00a0 \u00a0 \u00a0 \u00a0 \u00a0\u00a0<\/p>\n<p>La Naci\u00f3n, Ministerio de Hacienda y Cr\u00e9dito P\u00fablico, Ministerio de Educaci\u00f3n y Departamento Administrativo de la Funci\u00f3n P\u00fablica \u00a0 \u00a0 \u00a0 \u00a0 \u00a0 \u00a0 \u00a0 \u00a0 \u00a0 \u00a0\u00a0<\/p>\n<p>Juzgado Promiscuo del Circuito de Ituango (Antioquia) \u00a0 \u00a0\u00a0<\/p>\n<p>Agosto 9\/2000 \u00a0 \u00a0 \u00a0 \u00a0 \u00a0 \u00a0 \u00a0 \u00a0 \u00a0 \u00a0\u00a0<\/p>\n<p>Concede \u00a0 \u00a0 \u00a0 \u00a0 \u00a0 \u00a0 \u00a0 \u00a0 \u00a0 \u00a0\u00a0<\/p>\n<p>No hubo \u00a0\u00a0<\/p>\n<p>T-389876 \u00a0 \u00a0 \u00a0 \u00a0 \u00a0 \u00a0 \u00a0 \u00a0 \u00a0 \u00a0\u00a0<\/p>\n<p>Gilma Noelia Escobar Zapata \u00a0 \u00a0 \u00a0 \u00a0 \u00a0 \u00a0 \u00a0 \u00a0 \u00a0 \u00a0\u00a0<\/p>\n<p>La Naci\u00f3n, Ministerio de Hacienda y Cr\u00e9dito P\u00fablico, Ministerio de Educaci\u00f3n y Departamento Administrativo de la Funci\u00f3n P\u00fablica \u00a0 \u00a0 \u00a0 \u00a0 \u00a0 \u00a0 \u00a0 \u00a0 \u00a0 \u00a0\u00a0<\/p>\n<p>Juzgado Promiscuo Municipal de Belmira (Antioquia) \u00a0 \u00a0\u00a0<\/p>\n<p>Mayo 22\/2000 \u00a0 \u00a0 \u00a0 \u00a0 \u00a0 \u00a0 \u00a0 \u00a0 \u00a0 \u00a0\u00a0<\/p>\n<p>Concede \u00a0 \u00a0 \u00a0 \u00a0 \u00a0 \u00a0 \u00a0 \u00a0 \u00a0 \u00a0\u00a0<\/p>\n<p>Agosto 14\/2000 \u00a0 \u00a0 \u00a0 \u00a0 \u00a0 \u00a0 \u00a0 \u00a0 \u00a0 \u00a0\u00a0<\/p>\n<p>Confirma \u00a0\u00a0<\/p>\n<p>T-389969 \u00a0 \u00a0 \u00a0 \u00a0 \u00a0 \u00a0 \u00a0 \u00a0 \u00a0 \u00a0\u00a0<\/p>\n<p>Jorge El\u00edas Zapata Ortiz \u00a0 \u00a0 \u00a0 \u00a0 \u00a0 \u00a0 \u00a0 \u00a0 \u00a0 \u00a0\u00a0<\/p>\n<p>La Naci\u00f3n, Ministerio de Hacienda y Cr\u00e9dito P\u00fablico, Ministerio de Educaci\u00f3n y Departamento Administrativo de la Funci\u00f3n P\u00fablica \u00a0 \u00a0 \u00a0 \u00a0 \u00a0 \u00a0 \u00a0 \u00a0 \u00a0 \u00a0\u00a0<\/p>\n<p>Juzgado Promiscuo del Circuito de Ituango (Antioquia) \u00a0 \u00a0\u00a0<\/p>\n<p>(sin fecha) \u00a0 \u00a0 \u00a0 \u00a0 \u00a0 \u00a0 \u00a0 \u00a0 \u00a0 \u00a0\u00a0<\/p>\n<p>Concede \u00a0 \u00a0 \u00a0 \u00a0 \u00a0 \u00a0 \u00a0 \u00a0 \u00a0 \u00a0\u00a0<\/p>\n<p>No hubo \u00a0\u00a0<\/p>\n<p>T-389971 \u00a0 \u00a0 \u00a0 \u00a0 \u00a0 \u00a0 \u00a0 \u00a0 \u00a0 \u00a0\u00a0<\/p>\n<p>Mar\u00eda Eunice Vel\u00e1squez Upegui \u00a0 \u00a0 \u00a0 \u00a0 \u00a0 \u00a0 \u00a0 \u00a0 \u00a0 \u00a0\u00a0<\/p>\n<p>La Naci\u00f3n, Ministerio de Hacienda y Cr\u00e9dito P\u00fablico, Ministerio de Educaci\u00f3n y Departamento Administrativo de la Funci\u00f3n P\u00fablica \u00a0 \u00a0 \u00a0 \u00a0 \u00a0 \u00a0 \u00a0 \u00a0 \u00a0 \u00a0\u00a0<\/p>\n<p>Juzgado Promiscuo del Circuito de Ituango (Antioquia) \u00a0 \u00a0\u00a0<\/p>\n<p>(sin fecha) \u00a0 \u00a0 \u00a0 \u00a0 \u00a0 \u00a0 \u00a0 \u00a0 \u00a0 \u00a0\u00a0<\/p>\n<p>Concede \u00a0 \u00a0 \u00a0 \u00a0 \u00a0 \u00a0 \u00a0 \u00a0 \u00a0 \u00a0\u00a0<\/p>\n<p>No hubo \u00a0\u00a0<\/p>\n<p>T-390579 \u00a0 \u00a0 \u00a0 \u00a0 \u00a0 \u00a0 \u00a0 \u00a0 \u00a0 \u00a0\u00a0<\/p>\n<p>Wilber Jes\u00fas Salas Cer\u00f3n \u00a0 \u00a0 \u00a0 \u00a0 \u00a0 \u00a0 \u00a0 \u00a0 \u00a0 \u00a0\u00a0<\/p>\n<p>La Naci\u00f3n, Ministerio de Hacienda \u00a0 \u00a0 \u00a0 \u00a0 \u00a0 \u00a0 \u00a0 \u00a0 \u00a0 \u00a0\u00a0<\/p>\n<p>Tribunal Superior del Distrito Judicial de Pasto, Sala de Decisi\u00f3n Laboral \u00a0 \u00a0\u00a0<\/p>\n<p>Junio 16\/2000 \u00a0 \u00a0 \u00a0 \u00a0 \u00a0 \u00a0 \u00a0 \u00a0 \u00a0 \u00a0\u00a0<\/p>\n<p>Concede \u00a0 \u00a0 \u00a0 \u00a0 \u00a0 \u00a0 \u00a0 \u00a0 \u00a0 \u00a0\u00a0<\/p>\n<p>No hubo \u00a0\u00a0<\/p>\n<p>T-390810 \u00a0 \u00a0 \u00a0 \u00a0 \u00a0 \u00a0 \u00a0 \u00a0 \u00a0 \u00a0\u00a0<\/p>\n<p>Alba Libia Monroy P\u00e9rez \u00a0 \u00a0 \u00a0 \u00a0 \u00a0 \u00a0 \u00a0 \u00a0 \u00a0 \u00a0\u00a0<\/p>\n<p>La Naci\u00f3n, Ministerio de Hacienda y Cr\u00e9dito P\u00fablico, Ministerio de Educaci\u00f3n y Departamento Administrativo de la Funci\u00f3n P\u00fablica \u00a0 \u00a0 \u00a0 \u00a0 \u00a0 \u00a0 \u00a0 \u00a0 \u00a0 \u00a0\u00a0<\/p>\n<p>Juzgado 3 Civil Municipal de Medell\u00edn \u00a0 \u00a0\u00a0<\/p>\n<p>Mayo 8\/2000 \u00a0 \u00a0 \u00a0 \u00a0 \u00a0 \u00a0 \u00a0 \u00a0 \u00a0 \u00a0\u00a0<\/p>\n<p>Concede \u00a0 \u00a0 \u00a0 \u00a0 \u00a0 \u00a0 \u00a0 \u00a0 \u00a0 \u00a0\u00a0<\/p>\n<p>Juzgado 2 Civil del Circuito de Medell\u00edn \u00a0 \u00a0\u00a0<\/p>\n<p>Julio 5\/2000 \u00a0 \u00a0 \u00a0 \u00a0 \u00a0 \u00a0 \u00a0 \u00a0 \u00a0 \u00a0\u00a0<\/p>\n<p>Confirma \u00a0\u00a0<\/p>\n<p>T-391246 \u00a0 \u00a0 \u00a0 \u00a0 \u00a0 \u00a0 \u00a0 \u00a0 \u00a0 \u00a0\u00a0<\/p>\n<p>Presidente de la Rep\u00fablica, Ministerio de Hacienda y Cr\u00e9dito P\u00fablico, Ministerio de Trabajo y Seguridad Social, Ministerio de Desarrollo Econ\u00f3mico y Departamento Nacional de Planeaci\u00f3n \u00a0 \u00a0 \u00a0 \u00a0 \u00a0 \u00a0 \u00a0 \u00a0 \u00a0 \u00a0\u00a0<\/p>\n<p>Juzgado 5 Civil del Circuito de Ibagu\u00e9 \u00a0 \u00a0\u00a0<\/p>\n<p>Marzo 23\/2000 \u00a0 \u00a0 \u00a0 \u00a0 \u00a0 \u00a0 \u00a0 \u00a0 \u00a0 \u00a0\u00a0<\/p>\n<p>Concede \u00a0 \u00a0 \u00a0 \u00a0 \u00a0 \u00a0 \u00a0 \u00a0 \u00a0 \u00a0\u00a0<\/p>\n<p>No hubo \u00a0\u00a0<\/p>\n<p>T-391625 \u00a0 \u00a0 \u00a0 \u00a0 \u00a0 \u00a0 \u00a0 \u00a0 \u00a0 \u00a0\u00a0<\/p>\n<p>Marina de Jes\u00fas Baena Bland\u00f3n \u00a0 \u00a0 \u00a0 \u00a0 \u00a0 \u00a0 \u00a0 \u00a0 \u00a0 \u00a0\u00a0<\/p>\n<p>La Naci\u00f3n, Ministerio de Hacienda y Cr\u00e9dito P\u00fablico, Ministerio de Educaci\u00f3n y Departamento Administrativo de la Funci\u00f3n P\u00fablica \u00a0 \u00a0 \u00a0 \u00a0 \u00a0 \u00a0 \u00a0 \u00a0 \u00a0 \u00a0\u00a0<\/p>\n<p>Juzgado Promiscuo del Circuito de Ituango (Antioquia) \u00a0 \u00a0\u00a0<\/p>\n<p>Agosto 9\/2000 \u00a0 \u00a0 \u00a0 \u00a0 \u00a0 \u00a0 \u00a0 \u00a0 \u00a0 \u00a0\u00a0<\/p>\n<p>Concede \u00a0 \u00a0 \u00a0 \u00a0 \u00a0 \u00a0 \u00a0 \u00a0 \u00a0 \u00a0\u00a0<\/p>\n<p>No hubo \u00a0\u00a0<\/p>\n<p>T-391626 \u00a0 \u00a0 \u00a0 \u00a0 \u00a0 \u00a0 \u00a0 \u00a0 \u00a0 \u00a0\u00a0<\/p>\n<p>Felipe Antonio Rivera Achicanoy \u00a0 \u00a0 \u00a0 \u00a0 \u00a0 \u00a0 \u00a0 \u00a0 \u00a0 \u00a0\u00a0<\/p>\n<p>La Naci\u00f3n, Ministerio de Hacienda y Cr\u00e9dito P\u00fablico, Ministerio de Educaci\u00f3n y Departamento Administrativo de la Funci\u00f3n P\u00fablica \u00a0 \u00a0 \u00a0 \u00a0 \u00a0 \u00a0 \u00a0 \u00a0 \u00a0 \u00a0\u00a0<\/p>\n<p>Juzgado Promiscuo del Circuito de Ituango (Antioquia) \u00a0 \u00a0\u00a0<\/p>\n<p>Agosto 9\/2000 \u00a0 \u00a0 \u00a0 \u00a0 \u00a0 \u00a0 \u00a0 \u00a0 \u00a0 \u00a0\u00a0<\/p>\n<p>Concede \u00a0 \u00a0 \u00a0 \u00a0 \u00a0 \u00a0 \u00a0 \u00a0 \u00a0 \u00a0\u00a0<\/p>\n<p>No hubo \u00a0\u00a0<\/p>\n<p>T-391697 \u00a0 \u00a0 \u00a0 \u00a0 \u00a0 \u00a0 \u00a0 \u00a0 \u00a0 \u00a0\u00a0<\/p>\n<p>Alfredo David Porto Camacho \u00a0 \u00a0 \u00a0 \u00a0 \u00a0 \u00a0 \u00a0 \u00a0 \u00a0 \u00a0\u00a0<\/p>\n<p>La Naci\u00f3n, Ministerio de Hacienda y Cr\u00e9dito P\u00fablico, Ministerio de Educaci\u00f3n y Departamento Administrativo de la Funci\u00f3n P\u00fablica \u00a0 \u00a0 \u00a0 \u00a0 \u00a0 \u00a0 \u00a0 \u00a0 \u00a0 \u00a0\u00a0<\/p>\n<p>Juzgado 1 Penal Municipal de Ci\u00e9naga \u00a0 \u00a0\u00a0<\/p>\n<p>Mayo 24\/2000 \u00a0 \u00a0 \u00a0 \u00a0 \u00a0 \u00a0 \u00a0 \u00a0 \u00a0 \u00a0\u00a0<\/p>\n<p>Concede \u00a0 \u00a0 \u00a0 \u00a0 \u00a0 \u00a0 \u00a0 \u00a0 \u00a0 \u00a0\u00a0<\/p>\n<p>Juzgado 2 Penal del Circuito de Ci\u00e9naga \u00a0 \u00a0\u00a0<\/p>\n<p>Junio 23\/2000 \u00a0 \u00a0 \u00a0 \u00a0 \u00a0 \u00a0 \u00a0 \u00a0 \u00a0 \u00a0\u00a0<\/p>\n<p>T-391698 \u00a0 \u00a0 \u00a0 \u00a0 \u00a0 \u00a0 \u00a0 \u00a0 \u00a0 \u00a0\u00a0<\/p>\n<p>Ninfa Margarita Miranda Garc\u00eda \u00a0 \u00a0 \u00a0 \u00a0 \u00a0 \u00a0 \u00a0 \u00a0 \u00a0 \u00a0\u00a0<\/p>\n<p>La Naci\u00f3n, Ministerio de Hacienda y Cr\u00e9dito P\u00fablico, Ministerio de Educaci\u00f3n y Departamento Administrativo de la Funci\u00f3n P\u00fablica \u00a0 \u00a0 \u00a0 \u00a0 \u00a0 \u00a0 \u00a0 \u00a0 \u00a0 \u00a0\u00a0<\/p>\n<p>Juzgado 1 Penal Municipal de Ci\u00e9naga \u00a0 \u00a0\u00a0<\/p>\n<p>Mayo 24\/2000 \u00a0 \u00a0 \u00a0 \u00a0 \u00a0 \u00a0 \u00a0 \u00a0 \u00a0 \u00a0\u00a0<\/p>\n<p>Concede \u00a0 \u00a0 \u00a0 \u00a0 \u00a0 \u00a0 \u00a0 \u00a0 \u00a0 \u00a0\u00a0<\/p>\n<p>Juzgado 2 Penal del Circuito de Ci\u00e9naga \u00a0 \u00a0\u00a0<\/p>\n<p>Junio 30\/2000 \u00a0 \u00a0 \u00a0 \u00a0 \u00a0 \u00a0 \u00a0 \u00a0 \u00a0 \u00a0\u00a0<\/p>\n<p>Confirma \u00a0\u00a0<\/p>\n<p>T-391785 \u00a0 \u00a0 \u00a0 \u00a0 \u00a0 \u00a0 \u00a0 \u00a0 \u00a0 \u00a0\u00a0<\/p>\n<p>Arturo Vicente Cassetta Mu\u00f1oz \u00a0 \u00a0 \u00a0 \u00a0 \u00a0 \u00a0 \u00a0 \u00a0 \u00a0 \u00a0\u00a0<\/p>\n<p>La Naci\u00f3n, Ministerio de Hacienda y Cr\u00e9dito P\u00fablico, Ministerio de Educaci\u00f3n y Departamento Administrativo de la Funci\u00f3n P\u00fablica \u00a0 \u00a0 \u00a0 \u00a0 \u00a0 \u00a0 \u00a0 \u00a0 \u00a0 \u00a0\u00a0<\/p>\n<p>Juzgado Promiscuo Municipal y Penal Ad-hoc de El Trabl\u00f2n de G\u00f3mez y de Pasto \u00a0 \u00a0\u00a0<\/p>\n<p>Julio 25\/2000 \u00a0 \u00a0 \u00a0 \u00a0 \u00a0 \u00a0 \u00a0 \u00a0 \u00a0 \u00a0\u00a0<\/p>\n<p>Concede \u00a0 \u00a0 \u00a0 \u00a0 \u00a0 \u00a0 \u00a0 \u00a0 \u00a0 \u00a0\u00a0<\/p>\n<p>No hubo \u00a0\u00a0<\/p>\n<p>Stella del Socorro Nasmuta Realpe\u00a0 \u00a0\u00a0<\/p>\n<p>Oneida del Carmen Bola\u00f1os Yela \u00a0\u00a0<\/p>\n<p>Francisco Urresti Madro\u00f1ero \u00a0\u00a0<\/p>\n<p>Germ\u00e1n Alonso Hern\u00e1ndez Pantoja \u00a0\u00a0<\/p>\n<p>Mary Amanda Lorena Mart\u00ednez C\u00f3rdoba \u00a0\u00a0<\/p>\n<p>Jos\u00e9 Fausto Reyes Enriquez\u00a0 \u00a0\u00a0<\/p>\n<p>Alvaro Ordo\u00f1ez Mej\u00eda \u00a0\u00a0<\/p>\n<p>T-391872 \u00a0 \u00a0 \u00a0 \u00a0 \u00a0 \u00a0 \u00a0 \u00a0 \u00a0 \u00a0\u00a0<\/p>\n<p>La Naci\u00f3n, Ministerio de Hacienda y Cr\u00e9dito P\u00fablico, Ministerio de Educaci\u00f3n y Departamento Administrativo de la Funci\u00f3n P\u00fablica \u00a0 \u00a0 \u00a0 \u00a0 \u00a0 \u00a0 \u00a0 \u00a0 \u00a0 \u00a0\u00a0<\/p>\n<p>Juzgado 1 Penal Municipal de Ci\u00e9naga \u00a0 \u00a0\u00a0<\/p>\n<p>Abril 3\/2000 \u00a0 \u00a0 \u00a0 \u00a0 \u00a0 \u00a0 \u00a0 \u00a0 \u00a0 \u00a0\u00a0<\/p>\n<p>Concede \u00a0 \u00a0 \u00a0 \u00a0 \u00a0 \u00a0 \u00a0 \u00a0 \u00a0 \u00a0\u00a0<\/p>\n<p>Juzgado 1 Penal del Circuito de Ci\u00e9naga \u00a0 \u00a0\u00a0<\/p>\n<p>Mayo 16\/2000 \u00a0 \u00a0 \u00a0 \u00a0 \u00a0 \u00a0 \u00a0 \u00a0 \u00a0 \u00a0\u00a0<\/p>\n<p>Confirma \u00a0\u00a0<\/p>\n<p>T-391873 \u00a0 \u00a0 \u00a0 \u00a0 \u00a0 \u00a0 \u00a0 \u00a0 \u00a0 \u00a0\u00a0<\/p>\n<p>Cilene Mar\u00eda Barrios de Cantillo \u00a0 \u00a0 \u00a0 \u00a0 \u00a0 \u00a0 \u00a0 \u00a0 \u00a0 \u00a0\u00a0<\/p>\n<p>La Naci\u00f3n, Ministerio de Hacienda y Cr\u00e9dito P\u00fablico, Ministerio de Educaci\u00f3n y Departamento Administrativo de la Funci\u00f3n P\u00fablica \u00a0 \u00a0 \u00a0 \u00a0 \u00a0 \u00a0 \u00a0 \u00a0 \u00a0 \u00a0\u00a0<\/p>\n<p>Juzgado 1 Penal Municipal de Ci\u00e9naga \u00a0 \u00a0\u00a0<\/p>\n<p>Abril 5\/2000 \u00a0 \u00a0 \u00a0 \u00a0 \u00a0 \u00a0 \u00a0 \u00a0 \u00a0 \u00a0\u00a0<\/p>\n<p>Concede \u00a0 \u00a0 \u00a0 \u00a0 \u00a0 \u00a0 \u00a0 \u00a0 \u00a0 \u00a0\u00a0<\/p>\n<p>Juzgado 1 Penal del Circuito de Ci\u00e9naga \u00a0 \u00a0\u00a0<\/p>\n<p>Mayo 16\/2000 \u00a0 \u00a0 \u00a0 \u00a0 \u00a0 \u00a0 \u00a0 \u00a0 \u00a0 \u00a0\u00a0<\/p>\n<p>Confirma \u00a0\u00a0<\/p>\n<p>T-391874 \u00a0 \u00a0 \u00a0 \u00a0 \u00a0 \u00a0 \u00a0 \u00a0 \u00a0 \u00a0\u00a0<\/p>\n<p>Marlene Agripina Guzm\u00e1n de Hort\u00faa \u00a0 \u00a0 \u00a0 \u00a0 \u00a0 \u00a0 \u00a0 \u00a0 \u00a0 \u00a0\u00a0<\/p>\n<p>La Naci\u00f3n, Ministerio de Hacienda y Cr\u00e9dito P\u00fablico, Ministerio de Educaci\u00f3n y Departamento Administrativo de la Funci\u00f3n P\u00fablica \u00a0 \u00a0 \u00a0 \u00a0 \u00a0 \u00a0 \u00a0 \u00a0 \u00a0 \u00a0\u00a0<\/p>\n<p>Juzgado 1 Penal Municipal de Ci\u00e9naga \u00a0 \u00a0\u00a0<\/p>\n<p>Abril 5\/2000 \u00a0 \u00a0 \u00a0 \u00a0 \u00a0 \u00a0 \u00a0 \u00a0 \u00a0 \u00a0\u00a0<\/p>\n<p>Concede \u00a0 \u00a0 \u00a0 \u00a0 \u00a0 \u00a0 \u00a0 \u00a0 \u00a0 \u00a0\u00a0<\/p>\n<p>Juzgado 1 Penal del Circuito de Ci\u00e9naga \u00a0 \u00a0\u00a0<\/p>\n<p>Mayo 16\/2000 \u00a0 \u00a0 \u00a0 \u00a0 \u00a0 \u00a0 \u00a0 \u00a0 \u00a0 \u00a0\u00a0<\/p>\n<p>Confirma \u00a0\u00a0<\/p>\n<p>T-391875 \u00a0 \u00a0 \u00a0 \u00a0 \u00a0 \u00a0 \u00a0 \u00a0 \u00a0 \u00a0\u00a0<\/p>\n<p>Judith Mar\u00eda Guette Bernal \u00a0 \u00a0 \u00a0 \u00a0 \u00a0 \u00a0 \u00a0 \u00a0 \u00a0 \u00a0\u00a0<\/p>\n<p>La Naci\u00f3n, Ministerio de Hacienda y Cr\u00e9dito P\u00fablico, Ministerio de Educaci\u00f3n y Departamento Administrativo de la Funci\u00f3n P\u00fablica \u00a0 \u00a0 \u00a0 \u00a0 \u00a0 \u00a0 \u00a0 \u00a0 \u00a0 \u00a0\u00a0<\/p>\n<p>Juzgado 1 Penal Municipal de Ci\u00e9naga \u00a0 \u00a0\u00a0<\/p>\n<p>Abril 5\/2000 \u00a0 \u00a0 \u00a0 \u00a0 \u00a0 \u00a0 \u00a0 \u00a0 \u00a0 \u00a0\u00a0<\/p>\n<p>Concede \u00a0 \u00a0 \u00a0 \u00a0 \u00a0 \u00a0 \u00a0 \u00a0 \u00a0 \u00a0\u00a0<\/p>\n<p>Juzgado 1 Penal del Circuito de Ci\u00e9naga \u00a0 \u00a0\u00a0<\/p>\n<p>Mayo 16\/2000 \u00a0 \u00a0 \u00a0 \u00a0 \u00a0 \u00a0 \u00a0 \u00a0 \u00a0 \u00a0\u00a0<\/p>\n<p>Confirma \u00a0\u00a0<\/p>\n<p>T-391876 \u00a0 \u00a0 \u00a0 \u00a0 \u00a0 \u00a0 \u00a0 \u00a0 \u00a0 \u00a0\u00a0<\/p>\n<p>Betty Acosta L\u00f3pez \u00a0 \u00a0 \u00a0 \u00a0 \u00a0 \u00a0 \u00a0 \u00a0 \u00a0 \u00a0\u00a0<\/p>\n<p>La Naci\u00f3n, Ministerio de Hacienda y Cr\u00e9dito P\u00fablico, Ministerio de Educaci\u00f3n y Departamento Administrativo de la Funci\u00f3n P\u00fablica \u00a0 \u00a0 \u00a0 \u00a0 \u00a0 \u00a0 \u00a0 \u00a0 \u00a0 \u00a0\u00a0<\/p>\n<p>Juzgado 1 Penal Municipal de Ci\u00e9naga \u00a0 \u00a0\u00a0<\/p>\n<p>Abril 5\/2000 \u00a0 \u00a0 \u00a0 \u00a0 \u00a0 \u00a0 \u00a0 \u00a0 \u00a0 \u00a0\u00a0<\/p>\n<p>Concede \u00a0 \u00a0 \u00a0 \u00a0 \u00a0 \u00a0 \u00a0 \u00a0 \u00a0 \u00a0\u00a0<\/p>\n<p>Juzgado 1 Penal del Circuito de Ci\u00e9naga \u00a0 \u00a0\u00a0<\/p>\n<p>Mayo 16\/2000 \u00a0 \u00a0 \u00a0 \u00a0 \u00a0 \u00a0 \u00a0 \u00a0 \u00a0 \u00a0\u00a0<\/p>\n<p>Confirma \u00a0\u00a0<\/p>\n<p>Aristides R. Torres Rico \u00a0 \u00a0 \u00a0 \u00a0 \u00a0 \u00a0 \u00a0 \u00a0 \u00a0 \u00a0\u00a0<\/p>\n<p>La Naci\u00f3n, Ministerio de Hacienda y Cr\u00e9dito P\u00fablico, Ministerio de Educaci\u00f3n y Departamento Administrativo de la Funci\u00f3n P\u00fablica \u00a0 \u00a0 \u00a0 \u00a0 \u00a0 \u00a0 \u00a0 \u00a0 \u00a0 \u00a0\u00a0<\/p>\n<p>Juzgado 3 Civil Municipal de Ci\u00e9naga \u00a0 \u00a0\u00a0<\/p>\n<p>Mayo 25\/2000 \u00a0 \u00a0 \u00a0 \u00a0 \u00a0 \u00a0 \u00a0 \u00a0 \u00a0 \u00a0\u00a0<\/p>\n<p>Concede \u00a0 \u00a0 \u00a0 \u00a0 \u00a0 \u00a0 \u00a0 \u00a0 \u00a0 \u00a0\u00a0<\/p>\n<p>Juzgado 1 Civil del Circuito de Ci\u00e9naga \u00a0 \u00a0\u00a0<\/p>\n<p>Julio 28\/2000 \u00a0 \u00a0 \u00a0 \u00a0 \u00a0 \u00a0 \u00a0 \u00a0 \u00a0 \u00a0\u00a0<\/p>\n<p>Revoca, pero concede el amparo de otros derechos \u00a0\u00a0<\/p>\n<p>T-392062 \u00a0 \u00a0 \u00a0 \u00a0 \u00a0 \u00a0 \u00a0 \u00a0 \u00a0 \u00a0\u00a0<\/p>\n<p>In\u00e9s Rubiela R\u00edos L\u00f3pez \u00a0 \u00a0 \u00a0 \u00a0 \u00a0 \u00a0 \u00a0 \u00a0 \u00a0 \u00a0\u00a0<\/p>\n<p>La Naci\u00f3n, Ministerio de Hacienda y Cr\u00e9dito P\u00fablico, Ministerio de Educaci\u00f3n y Departamento Administrativo de la Funci\u00f3n P\u00fablica \u00a0 \u00a0 \u00a0 \u00a0 \u00a0 \u00a0 \u00a0 \u00a0 \u00a0 \u00a0\u00a0<\/p>\n<p>Juzgado 1 Civil Municipal de Medell\u00edn \u00a0 \u00a0\u00a0<\/p>\n<p>Abril 5\/2000 \u00a0 \u00a0 \u00a0 \u00a0 \u00a0 \u00a0 \u00a0 \u00a0 \u00a0 \u00a0\u00a0<\/p>\n<p>Concede \u00a0 \u00a0 \u00a0 \u00a0 \u00a0 \u00a0 \u00a0 \u00a0 \u00a0 \u00a0\u00a0<\/p>\n<p>Juzgado 10 Civil del Circuito de Medell\u00edn \u00a0 \u00a0\u00a0<\/p>\n<p>Julio 21\/2000 \u00a0 \u00a0\u00a0<\/p>\n<p>Fallo aparece en expediente T-363152 \u00a0 \u00a0 \u00a0 \u00a0 \u00a0 \u00a0 \u00a0 \u00a0 \u00a0 \u00a0\u00a0<\/p>\n<p>Revoca\u00a0 \u00a0\u00a0<\/p>\n<p>T-392467 \u00a0 \u00a0 \u00a0 \u00a0 \u00a0 \u00a0 \u00a0 \u00a0 \u00a0 \u00a0\u00a0<\/p>\n<p>Mireya Mar\u00eda Argota de D\u00edaz \u00a0 \u00a0 \u00a0 \u00a0 \u00a0 \u00a0 \u00a0 \u00a0 \u00a0 \u00a0\u00a0<\/p>\n<p>La Naci\u00f3n, Ministerio de Hacienda y Cr\u00e9dito P\u00fablico, Ministerio de Educaci\u00f3n y Departamento Administrativo de la Funci\u00f3n P\u00fablica \u00a0 \u00a0 \u00a0 \u00a0 \u00a0 \u00a0 \u00a0 \u00a0 \u00a0 \u00a0\u00a0<\/p>\n<p>Juzgado 1 Penal Municipal de Ci\u00e9naga \u00a0 \u00a0\u00a0<\/p>\n<p>Abril 7\/2000 \u00a0 \u00a0 \u00a0 \u00a0 \u00a0 \u00a0 \u00a0 \u00a0 \u00a0 \u00a0\u00a0<\/p>\n<p>Concede \u00a0 \u00a0 \u00a0 \u00a0 \u00a0 \u00a0 \u00a0 \u00a0 \u00a0 \u00a0\u00a0<\/p>\n<p>Juzgado 1 Penal del Circuito de Ci\u00e9naga \u00a0 \u00a0\u00a0<\/p>\n<p>Mayo 16\/2000 \u00a0 \u00a0 \u00a0 \u00a0 \u00a0 \u00a0 \u00a0 \u00a0 \u00a0 \u00a0\u00a0<\/p>\n<p>Confirma \u00a0\u00a0<\/p>\n<p>T-392468 \u00a0 \u00a0 \u00a0 \u00a0 \u00a0 \u00a0 \u00a0 \u00a0 \u00a0 \u00a0\u00a0<\/p>\n<p>Manuel Barletta Acosta \u00a0 \u00a0 \u00a0 \u00a0 \u00a0 \u00a0 \u00a0 \u00a0 \u00a0 \u00a0\u00a0<\/p>\n<p>La Naci\u00f3n, Ministerio de Hacienda y Cr\u00e9dito P\u00fablico, Ministerio de Educaci\u00f3n y Departamento Administrativo de la Funci\u00f3n P\u00fablica \u00a0 \u00a0 \u00a0 \u00a0 \u00a0 \u00a0 \u00a0 \u00a0 \u00a0 \u00a0\u00a0<\/p>\n<p>Juzgado 2 Penal Municipal de Ci\u00e9naga \u00a0 \u00a0\u00a0<\/p>\n<p>Mayo 15\/2000 \u00a0 \u00a0 \u00a0 \u00a0 \u00a0 \u00a0 \u00a0 \u00a0 \u00a0 \u00a0\u00a0<\/p>\n<p>Concede \u00a0 \u00a0 \u00a0 \u00a0 \u00a0 \u00a0 \u00a0 \u00a0 \u00a0 \u00a0\u00a0<\/p>\n<p>Junio 9\/2000 \u00a0 \u00a0 \u00a0 \u00a0 \u00a0 \u00a0 \u00a0 \u00a0 \u00a0 \u00a0\u00a0<\/p>\n<p>Confirma \u00a0\u00a0<\/p>\n<p>Jos\u00e9 de J. Jim\u00e9nez Rodr\u00edguez \u00a0\u00a0<\/p>\n<p>Sosleny Mar\u00eda Santrich Robles \u00a0\u00a0<\/p>\n<p>Ra\u00fal Armando Florais\u00f3n Gonz\u00e1lez \u00a0\u00a0<\/p>\n<p>T-392469 \u00a0 \u00a0 \u00a0 \u00a0 \u00a0 \u00a0 \u00a0 \u00a0 \u00a0 \u00a0\u00a0<\/p>\n<p>Carmen A. Caicedo Mart\u00ednez \u00a0 \u00a0 \u00a0 \u00a0 \u00a0 \u00a0 \u00a0 \u00a0 \u00a0 \u00a0\u00a0<\/p>\n<p>La Naci\u00f3n, Ministerio de Hacienda y Cr\u00e9dito P\u00fablico, Ministerio de Educaci\u00f3n y Departamento Administrativo de la Funci\u00f3n P\u00fablica \u00a0 \u00a0 \u00a0 \u00a0 \u00a0 \u00a0 \u00a0 \u00a0 \u00a0 \u00a0\u00a0<\/p>\n<p>Juzgado 1 Penal Municipal de Ci\u00e9naga \u00a0 \u00a0\u00a0<\/p>\n<p>Abril 5\/2000 \u00a0 \u00a0 \u00a0 \u00a0 \u00a0 \u00a0 \u00a0 \u00a0 \u00a0 \u00a0\u00a0<\/p>\n<p>Concede \u00a0 \u00a0 \u00a0 \u00a0 \u00a0 \u00a0 \u00a0 \u00a0 \u00a0 \u00a0\u00a0<\/p>\n<p>Juzgado 1 Penal del Circuito de Ci\u00e9naga \u00a0 \u00a0\u00a0<\/p>\n<p>Mayo 16\/2000 \u00a0 \u00a0 \u00a0 \u00a0 \u00a0 \u00a0 \u00a0 \u00a0 \u00a0 \u00a0\u00a0<\/p>\n<p>Confirma \u00a0\u00a0<\/p>\n<p>T-392470 \u00a0 \u00a0 \u00a0 \u00a0 \u00a0 \u00a0 \u00a0 \u00a0 \u00a0 \u00a0\u00a0<\/p>\n<p>Mar\u00eda de Jes\u00fas Torres Rico \u00a0 \u00a0 \u00a0 \u00a0 \u00a0 \u00a0 \u00a0 \u00a0 \u00a0 \u00a0\u00a0<\/p>\n<p>La Naci\u00f3n, Ministerio de Hacienda y Cr\u00e9dito P\u00fablico, Ministerio de Educaci\u00f3n y Departamento Administrativo de la Funci\u00f3n P\u00fablica \u00a0 \u00a0 \u00a0 \u00a0 \u00a0 \u00a0 \u00a0 \u00a0 \u00a0 \u00a0\u00a0<\/p>\n<p>Juzgado 1 Penal Municipal de Ci\u00e9naga \u00a0 \u00a0\u00a0<\/p>\n<p>Abril 7\/2000 \u00a0 \u00a0 \u00a0 \u00a0 \u00a0 \u00a0 \u00a0 \u00a0 \u00a0 \u00a0\u00a0<\/p>\n<p>Concede \u00a0 \u00a0 \u00a0 \u00a0 \u00a0 \u00a0 \u00a0 \u00a0 \u00a0 \u00a0\u00a0<\/p>\n<p>Juzgado 1 Penal del Circuito de Ci\u00e9naga \u00a0 \u00a0\u00a0<\/p>\n<p>Confirma \u00a0\u00a0<\/p>\n<p>T-392471 \u00a0 \u00a0 \u00a0 \u00a0 \u00a0 \u00a0 \u00a0 \u00a0 \u00a0 \u00a0\u00a0<\/p>\n<p>Neftal\u00ed Maestre Matos \u00a0 \u00a0 \u00a0 \u00a0 \u00a0 \u00a0 \u00a0 \u00a0 \u00a0 \u00a0\u00a0<\/p>\n<p>La Naci\u00f3n, Ministerio de Hacienda y Cr\u00e9dito P\u00fablico, Ministerio de Educaci\u00f3n y Departamento Administrativo de la Funci\u00f3n P\u00fablica \u00a0 \u00a0 \u00a0 \u00a0 \u00a0 \u00a0 \u00a0 \u00a0 \u00a0 \u00a0\u00a0<\/p>\n<p>Juzgado 1 Penal Municipal de Ci\u00e9naga \u00a0 \u00a0\u00a0<\/p>\n<p>Abril 7\/2000 \u00a0 \u00a0 \u00a0 \u00a0 \u00a0 \u00a0 \u00a0 \u00a0 \u00a0 \u00a0\u00a0<\/p>\n<p>Concede \u00a0 \u00a0 \u00a0 \u00a0 \u00a0 \u00a0 \u00a0 \u00a0 \u00a0 \u00a0\u00a0<\/p>\n<p>Juzgado 1 Penal del Circuito de Ci\u00e9naga \u00a0 \u00a0\u00a0<\/p>\n<p>Mayo 16\/2000 \u00a0 \u00a0 \u00a0 \u00a0 \u00a0 \u00a0 \u00a0 \u00a0 \u00a0 \u00a0\u00a0<\/p>\n<p>Confirma \u00a0\u00a0<\/p>\n<p>T-392543 \u00a0 \u00a0 \u00a0 \u00a0 \u00a0 \u00a0 \u00a0 \u00a0 \u00a0 \u00a0\u00a0<\/p>\n<p>Marcelino Jos\u00e9 L\u00f3pez Soto \u00a0 \u00a0 \u00a0 \u00a0 \u00a0 \u00a0 \u00a0 \u00a0 \u00a0 \u00a0\u00a0<\/p>\n<p>La Naci\u00f3n, Ministerio de Hacienda y Cr\u00e9dito P\u00fablico, Ministerio de Educaci\u00f3n y Departamento Administrativo de la Funci\u00f3n P\u00fablica \u00a0 \u00a0 \u00a0 \u00a0 \u00a0 \u00a0 \u00a0 \u00a0 \u00a0 \u00a0\u00a0<\/p>\n<p>Juzgado Promiscuo Municipal de Valencia (C\u00f3rdoba) \u00a0 \u00a0\u00a0<\/p>\n<p>Julio 28\/2000 \u00a0 \u00a0 \u00a0 \u00a0 \u00a0 \u00a0 \u00a0 \u00a0 \u00a0 \u00a0\u00a0<\/p>\n<p>Concede \u00a0 \u00a0 \u00a0 \u00a0 \u00a0 \u00a0 \u00a0 \u00a0 \u00a0 \u00a0\u00a0<\/p>\n<p>No hubo \u00a0\u00a0<\/p>\n<p>T-392544 \u00a0 \u00a0 \u00a0 \u00a0 \u00a0 \u00a0 \u00a0 \u00a0 \u00a0 \u00a0\u00a0<\/p>\n<p>Mois\u00e9s Alberto Arrieta Gonz\u00e1lez \u00a0 \u00a0 \u00a0 \u00a0 \u00a0 \u00a0 \u00a0 \u00a0 \u00a0 \u00a0\u00a0<\/p>\n<p>La Naci\u00f3n, Ministerio de Hacienda y Cr\u00e9dito P\u00fablico, Ministerio de Educaci\u00f3n y Departamento Administrativo de la Funci\u00f3n P\u00fablica \u00a0 \u00a0 \u00a0 \u00a0 \u00a0 \u00a0 \u00a0 \u00a0 \u00a0 \u00a0\u00a0<\/p>\n<p>Juzgado Promiscuo Municipal de Valencia (C\u00f3rdoba) \u00a0 \u00a0\u00a0<\/p>\n<p>Julio 28\/2000 \u00a0 \u00a0 \u00a0 \u00a0 \u00a0 \u00a0 \u00a0 \u00a0 \u00a0 \u00a0\u00a0<\/p>\n<p>Concede \u00a0 \u00a0 \u00a0 \u00a0 \u00a0 \u00a0 \u00a0 \u00a0 \u00a0 \u00a0\u00a0<\/p>\n<p>No hubo \u00a0\u00a0<\/p>\n<p>T-392545 \u00a0 \u00a0 \u00a0 \u00a0 \u00a0 \u00a0 \u00a0 \u00a0 \u00a0 \u00a0\u00a0<\/p>\n<p>Mar\u00eda Patricia Pineda Ca\u00f1ola \u00a0 \u00a0 \u00a0 \u00a0 \u00a0 \u00a0 \u00a0 \u00a0 \u00a0 \u00a0\u00a0<\/p>\n<p>La Naci\u00f3n, Ministerio de Hacienda y Cr\u00e9dito P\u00fablico, Ministerio de Educaci\u00f3n y Departamento Administrativo de la Funci\u00f3n P\u00fablica \u00a0 \u00a0 \u00a0 \u00a0 \u00a0 \u00a0 \u00a0 \u00a0 \u00a0 \u00a0\u00a0<\/p>\n<p>Juzgado Promiscuo Municipal de Valencia (C\u00f3rdoba) \u00a0 \u00a0\u00a0<\/p>\n<p>Julio 28\/2000 \u00a0 \u00a0 \u00a0 \u00a0 \u00a0 \u00a0 \u00a0 \u00a0 \u00a0 \u00a0\u00a0<\/p>\n<p>Concede \u00a0 \u00a0 \u00a0 \u00a0 \u00a0 \u00a0 \u00a0 \u00a0 \u00a0 \u00a0\u00a0<\/p>\n<p>No hubo \u00a0\u00a0<\/p>\n<p>T-392958 \u00a0 \u00a0 \u00a0 \u00a0 \u00a0 \u00a0 \u00a0 \u00a0 \u00a0 \u00a0\u00a0<\/p>\n<p>Leonor Guarnizo Lozano \u00a0 \u00a0 \u00a0 \u00a0 \u00a0 \u00a0 \u00a0 \u00a0 \u00a0 \u00a0\u00a0<\/p>\n<p>Presidente de la Rep\u00fablica, Ministerio de Hacienda y Cr\u00e9dito P\u00fablico, Ministerio de Trabajo y Seguridad Social, Ministerio de Desarrollo Econ\u00f3mico y Departamento Nacional de Planeaci\u00f3n \u00a0 \u00a0 \u00a0 \u00a0 \u00a0 \u00a0 \u00a0 \u00a0 \u00a0 \u00a0\u00a0<\/p>\n<p>Juzgado 5 Civil del Circuito de Ibagu\u00e9 \u00a0 \u00a0\u00a0<\/p>\n<p>Marzo 28\/2000 \u00a0 \u00a0 \u00a0 \u00a0 \u00a0 \u00a0 \u00a0 \u00a0 \u00a0 \u00a0\u00a0<\/p>\n<p>Concede \u00a0 \u00a0 \u00a0 \u00a0 \u00a0 \u00a0 \u00a0 \u00a0 \u00a0 \u00a0\u00a0<\/p>\n<p>No hubo \u00a0<\/p>\n<p>\u00a0 \u00a0\u00a0<\/p>\n<p><\/p>\n","protected":false},"excerpt":{"rendered":"<p>\u00a0 \u00a0 Sentencia T-179\/01 \u00a0 ACCION DE TUTELA-Naturaleza \u00a0 GOBIERNO NACIONAL-Formulaci\u00f3n anual del presupuesto y ley de apropiaciones\/JUEZ DE TUTELA-Imposibilidad de modificar presupuesto para incremento salarial de servidores p\u00fablicos \u00a0 ACCION DE TUTELA TRANSITORIA-Improcedencia incremento salarial para servidores p\u00fablicos \u00a0 DERECHO DE DEFENSA-Necesidad de fecha cierta en las sentencias \u00a0 Referencia: expedientes \u00a0 acumulados \u00a0T-361601, [&hellip;]<\/p>\n","protected":false},"author":1,"featured_media":0,"comment_status":"open","ping_status":"open","sticky":false,"template":"","format":"standard","meta":{"footnotes":""},"categories":[47],"tags":[],"class_list":["post-7417","post","type-post","status-publish","format-standard","hentry","category-tutelas-2001"],"_links":{"self":[{"href":"https:\/\/www.dmsjuridica.com\/buscador_20179478954\/corteconstitucionalcronologico202454587\/wp-json\/wp\/v2\/posts\/7417","targetHints":{"allow":["GET"]}}],"collection":[{"href":"https:\/\/www.dmsjuridica.com\/buscador_20179478954\/corteconstitucionalcronologico202454587\/wp-json\/wp\/v2\/posts"}],"about":[{"href":"https:\/\/www.dmsjuridica.com\/buscador_20179478954\/corteconstitucionalcronologico202454587\/wp-json\/wp\/v2\/types\/post"}],"author":[{"embeddable":true,"href":"https:\/\/www.dmsjuridica.com\/buscador_20179478954\/corteconstitucionalcronologico202454587\/wp-json\/wp\/v2\/users\/1"}],"replies":[{"embeddable":true,"href":"https:\/\/www.dmsjuridica.com\/buscador_20179478954\/corteconstitucionalcronologico202454587\/wp-json\/wp\/v2\/comments?post=7417"}],"version-history":[{"count":0,"href":"https:\/\/www.dmsjuridica.com\/buscador_20179478954\/corteconstitucionalcronologico202454587\/wp-json\/wp\/v2\/posts\/7417\/revisions"}],"wp:attachment":[{"href":"https:\/\/www.dmsjuridica.com\/buscador_20179478954\/corteconstitucionalcronologico202454587\/wp-json\/wp\/v2\/media?parent=7417"}],"wp:term":[{"taxonomy":"category","embeddable":true,"href":"https:\/\/www.dmsjuridica.com\/buscador_20179478954\/corteconstitucionalcronologico202454587\/wp-json\/wp\/v2\/categories?post=7417"},{"taxonomy":"post_tag","embeddable":true,"href":"https:\/\/www.dmsjuridica.com\/buscador_20179478954\/corteconstitucionalcronologico202454587\/wp-json\/wp\/v2\/tags?post=7417"}],"curies":[{"name":"wp","href":"https:\/\/api.w.org\/{rel}","templated":true}]}}