{"id":7462,"date":"2024-05-31T14:35:54","date_gmt":"2024-05-31T14:35:54","guid":{"rendered":"https:\/\/www.dmsjuridica.com\/buscador_20179478954\/corteconstitucionalcronologico202454587\/2024\/05\/31\/t-234-01\/"},"modified":"2024-05-31T14:35:54","modified_gmt":"2024-05-31T14:35:54","slug":"t-234-01","status":"publish","type":"post","link":"https:\/\/www.dmsjuridica.com\/buscador_20179478954\/corteconstitucionalcronologico202454587\/t-234-01\/","title":{"rendered":"T-234-01"},"content":{"rendered":"\n<p>\u00a0 \u00a0 Sentencia T-234\/01 \u00a0<\/p>\n<p>ACCION DE TUTELA-Naturaleza \u00a0<\/p>\n<p>JUEZ CONSTITUCIONAL-Improcedencia para sustituir a las autoridades en las competencias asignadas por la Constituci\u00f3n Pol\u00edtica \u00a0<\/p>\n<p>GOBIERNO NACIONAL-Formulaci\u00f3n anual del presupuesto y ley de apropiaciones\/JUEZ DE TUTELA-Imposibilidad de modificar presupuesto para incremento salarial de servidores p\u00fablicos \u00a0<\/p>\n<p>ACCION DE TUTELA TRANSITORIA-Improcedencia incremento salarial para servidores p\u00fablicos \u00a0<\/p>\n<p>Referencia: expedientes \u00a0<\/p>\n<p>T-377255, T-377279, T-377381, T-377382, T-377451, T-377452, T-378102, T-378104, T-378231, T-378233, T-378238, T-378239, T-378240, T-378252, T-378253, T-378254, T-378255, T-378256, T-378294, T-378475, T-378476, T-379259, T-379365, T-379527, T-379528, T-379529, T-379534, T-379537, T-379568, T-379583, T-380163. \u00a0<\/p>\n<p>Accionantes: \u00a0<\/p>\n<p>Amado de Jes\u00fas S\u00e1nchez Henao, Pablo Emilio Gonz\u00e1lez, Roc\u00edo Amparo Ruiz Medina, Dario Orlando Lopera, Jos\u00e9 Gabriel P\u00e9rez Moreno, Mar\u00eda Eugenia Mojica Kefer, Patricia Arboleda Maturana, Aida Luz Mart\u00ednez L., Rosario Hoyos Zuluaga, Mar\u00eda Dolores Henao T., In\u00e9s Gonz\u00e1lez Araque, Carlos Enrique Ramos Caicedo, Bernarda Olivia Quinch\u00eda Abello, Mariela Valencia Jim\u00e9nez, Ana Yadira Eusse Saavedra, Fanny Cano de Gonz\u00e1lez, Gabriel Monsalve Madrigal, Didier de J. Serna Muriel, Enrique Lemos Mosquera, Ofelia de J. Ortiz Olarte, Rub\u00e9n Dario Arango Hidr\u00f3n, Jorge Luis Humanez Rosso, Flor Alba Argoty Chaves, Mar\u00eda Elena Galeano Restrepo, Blanca Nelly D\u00edaz Forero, Mar\u00eda Elly Aristizabal Ram\u00edrez, Mar\u00eda Regina Osorio Trujillo, Carmen Elena Sandoval Gonz\u00e1lez, Rosa Amalia Perea Hoyos, Mercedes M\u00e9ndez Roa, Miguel Alberto Zapata C\u00f3rdoba y otros.\u00a0 \u00a0<\/p>\n<p>Magistrado Ponente: \u00a0<\/p>\n<p>Dr. EDUARDO MONTEALEGRE LYNETT \u00a0<\/p>\n<p>Bogot\u00e1, D.C., veintis\u00e9is (26) de \u00a0febrero de dos mil uno (2001). \u00a0<\/p>\n<p>La Sala Primera de Revisi\u00f3n de la Corte Constitucional, integrada por los magistrados Eduardo Montealegre Lynett, Alfredo Beltr\u00e1n Sierra y Manuel Jos\u00e9 Cepeda Espinosa, en ejercicio de sus competencias constitucionales y legales, ha proferido la siguiente \u00a0<\/p>\n<p>SENTENCIA \u00a0<\/p>\n<p>dentro del proceso de revisi\u00f3n de los fallos dictados en \u00fanica, primera y en segunda instancia por distintos despachos judiciales en relaci\u00f3n con las acciones de tutela impetradas contra la Presidencia de la Rep\u00fablica, el Ministerio de Hacienda y Cr\u00e9dito P\u00fablico, el Ministerio de Educaci\u00f3n Nacional y el Departamento Administrativo de la Funci\u00f3n P\u00fablica, por los accionantes, servidores p\u00fablicos de diferentes categor\u00edas y entes del Estado. \u00a0<\/p>\n<p>I. ANTECEDENTES. \u00a0<\/p>\n<p>Pretensiones y hechos. \u00a0<\/p>\n<p>Los accionantes instauraron acci\u00f3n de tutela contra el Presidente de la Rep\u00fablica, el Ministro de Hacienda y Cr\u00e9dito P\u00fablico, el Ministro de Educaci\u00f3n Nacional, el Ministro de Trabajo y Seguridad Social y contra el Director del Departamento Administrativo de la Funci\u00f3n P\u00fablica, con el fin de obtener el amparo de sus derechos al trabajo en condiciones dignas, a la igualdad y al salario vital y m\u00f3vil y en tal virtud, que se ordene a dichos funcionarios disponer el reajuste de sus salarios, con retroactividad al 1\u00ba de enero de 2000, de conformidad con el I.P.C., causado a 31 de diciembre de 1999. \u00a0<\/p>\n<p>Son hechos comunes a todas las demandas los siguientes: \u00a0<\/p>\n<p>Los accionantes laboran al servicio del Estado, adscritos a diferentes entidades, en calidad de educadores, profesores de universidades, funcionarios y empleados de la Rama Judicial (fiscal\u00edas y juzgados), empleados del ICBF Regional Bogot\u00e1, empleados del SENA, Regional Antioqu\u00eda, funcionarios del Ministerio de Defensa Nacional y servidores p\u00fablicos de la Secretar\u00eda de Gobierno del Distrito Capital. \u00a0<\/p>\n<p>Manifiestan que el Gobierno Nacional, por intermedio del Ministro de Hacienda y Cr\u00e9dito P\u00fablico, anunci\u00f3 que los servidores p\u00fablicos que devengaran m\u00e1s de dos salarios m\u00ednimos mensuales vigentes, no tendr\u00edan derecho a ning\u00fan tipo de aumento salarial para el a\u00f1o 2000. \u00a0<\/p>\n<p>Mediante el Decreto 182 de 2000, el Gobierno Nacional opt\u00f3 por congelar los salarios de los servidores p\u00fablicos, con tres excepciones a saber: \u00a0<\/p>\n<p>a) para quienes devenguen el salario m\u00ednimo legal, un incremento del 9.23%. \u00a0<\/p>\n<p>b) para quienes devenguen hasta dos (2) salarios m\u00ednimos legales, un incremento del 9%. \u00a0<\/p>\n<p>c) para quienes devenguen m\u00e1s de cuarenta (40) salarios m\u00ednimos legales, se increment\u00f3 el salario en un 15.3%. \u00a0<\/p>\n<p>Mientras que para los trabajadores o servidores p\u00fablicos que devenguen m\u00e1s de dos (2) salarios m\u00ednimos y menos de cuarenta (40) salarios m\u00ednimos legales, se orden\u00f3 la congelaci\u00f3n del mismo.\u00a0 \u00a0<\/p>\n<p>Que sin embargo, en desarrollo de lo dispuesto en el art\u00edculo 187 de la Constituci\u00f3n Nacional y de la ley 04 de 1992, los salarios de los Congresistas y con ellos los de los Magistrados de las Altas Cortes, como tambi\u00e9n la remuneraci\u00f3n del Fiscal General de la Naci\u00f3n, del Procurador General de la Naci\u00f3n, del Contralor General de la Rep\u00fablica y del Defensor del Pueblo, tuvieron un reajuste del 15.3%. \u00a0<\/p>\n<p>Consideran que con esta discriminaci\u00f3n por parte del gobierno nacional se han vulnerado sus derechos fundamentales de la dignidad humana, de la igualdad, de remuneraci\u00f3n m\u00f3vil y vital, y que adem\u00e1s sus salarios se han visto disminuidos a causa del aumento en el costo de vida. \u00a0<\/p>\n<p>\u00a0 \u00a0<\/p>\n<p>II. DECISIONES JUDICIALES. \u00a0<\/p>\n<p>Conocieron de los procesos de tutela diferentes despachos judiciales del orden nacional, algunos concedieron el amparo de tutela solicitado y otros, lo negaron por considerar que no se presentaba vulneraci\u00f3n a los derechos invocados por los actores y porque la tutela no era el medio judicial procedente para la soluci\u00f3n de los problemas que aducen los accionantes. \u00a0<\/p>\n<p>Consideraron adem\u00e1s, que si el Gobierno Nacional, con fundamento en la crisis econ\u00f3mica que atraviesa el pa\u00eds, estim\u00f3 que no era posible hacer un incremento en los salarios de los servidores p\u00fablicos, lo hizo en ejercicio de las facultades constitucionales y legales que le otorga la Constituci\u00f3n, las que no pueden ser desconocidas a trav\u00e9s del mecanismo de tutela. \u00a0<\/p>\n<p>III. CONSIDERACIONES Y FUNDAMENTOS.\u00a0 \u00a0<\/p>\n<p>1. El problema jur\u00eddico planteado. \u00a0<\/p>\n<p>Corresponde a la Sala determinar si la acci\u00f3n de tutela constituye el instrumento procesal adecuado para que los demandantes obtengan el incremento salarial que reclaman. \u00a0<\/p>\n<p>\u00a0 \u00a0 \u00a0<\/p>\n<p>1. Soluci\u00f3n al problema planteado. \u00a0 \u00a0<\/p>\n<p>Mediante Sentencia SU 1052 de 10 de agosto de 20001, la Sala Plena de la Corte Constitucional se pronunci\u00f3 respecto de otras demandas de tutela, relacionadas con acciones interpuestas por otros servidores p\u00fablicos, que tienen en com\u00fan las mismas circunstancias y pretensiones a las aqu\u00ed planteadas; en consecuencia, es del caso reiterar las consideraciones y fundamentos, tenidos en cuenta en dicha oportunidad, para aplicarlas a los casos de que dan cuenta los procesos en referencia.\u00a0 \u00a0<\/p>\n<p>\u201c3. Naturaleza de la Acci\u00f3n de Tutela. Improcedencia de esta v\u00eda para sustituir a las autoridades en las competencias asignadas por la Constituci\u00f3n Pol\u00edtica\u201d\u00a0 \u00a0<\/p>\n<p>\u201cComo qued\u00f3 planteado, la decisi\u00f3n en el asunto que ocupa a la Corte, exige establecer si la acci\u00f3n de tutela es el mecanismo adecuado para ordenar al Gobierno Nacional el incremento de los salarios de los accionantes, dada su calidad de servidores p\u00fablicos, ya que a \u00e9stos para el presente a\u00f1o, no se les ha incrementado su remuneraci\u00f3n. Deber\u00e1 determinarse adem\u00e1s, si la acci\u00f3n de tutela procede como mecanismo transitorio, para el efecto, habr\u00e1 de precisarse si la situaci\u00f3n planteada por los invocantes constituye una amenaza a sus derechos fundamentales o les ha ocasionado un perjuicio irremediable\u201d.\u00a0 \u00a0<\/p>\n<p>\u201c3.1. Tal como lo ha sostenido la jurisprudencia de \u00e9sta Corporaci\u00f3n, de conformidad con lo dispuesto en el art\u00edculo 86 de la Constituci\u00f3n Pol\u00edtica, quien se sienta amenazado o vulnerado en sus derechos fundamentales, por acto u omisi\u00f3n de la autoridad p\u00fablica y, en casos excepcionales por un particular, puede invocar el amparo consagrado en el ordenamiento constitucional, para la protecci\u00f3n de estos especiales y trascendentales derechos\u201d.\u00a0 \u00a0<\/p>\n<p>\u201cAl respecto se ha sostenido que la acci\u00f3n de tutela es subsidiaria, en cuanto no procede cuando el ordenamiento prev\u00e9 otro mecanismo para la protecci\u00f3n del derecho invocado; tambi\u00e9n se la ha calificado de residual, en la medida en que complementa aquellos mecanismos previstos en el ordenamiento que no son suficientes o que no resultan verdaderamente eficaces en la protecci\u00f3n de los derechos fundamentales y adem\u00e1s se ha dicho que es informal, porque se tramitan por esta v\u00eda las violaciones o amenazadas de los derechos fundamentales que dada su evidencia y simplicidad no requieren la confrontaci\u00f3n propia de un proceso ante la justicia ordinaria.2 Debe agregarse adem\u00e1s, que la acci\u00f3n de tutela, dada su especificidad, est\u00e1 destinada a proteger situaciones individuales frente a aquellas actuaciones u omisiones que constituyan una efectiva amenaza o afrenta concreta a una persona determinada\u201d.\u00a0 \u00a0<\/p>\n<p>\u201cPor consiguiente, al juez constitucional no le corresponde interferir, por v\u00eda de tutela, en las decisiones generales abstractas e impersonales confiadas por la Constituci\u00f3n Pol\u00edtica a otras autoridades estatales, aunque si podr\u00eda, en defensa de aquellas situaciones concretas y particulares que le competen, ordenar que se adopten medidas excepcionales con el prop\u00f3sito de salvaguardar los derechos de aquellos que, por quedar cubiertos en una decisi\u00f3n general, resultan discriminados y por tanto desprotegidos\u201d.\u00a0 \u00a0<\/p>\n<p>\u201cDe tal manera que, tal como lo consideraron los jueces de instancia, mediante la acci\u00f3n de tutela no es posible sustituir al Gobierno Nacional en su gesti\u00f3n de formular y aplicar la pol\u00edtica fiscal del Estado, como tampoco resulta procedente, con el prop\u00f3sito por dem\u00e1s loable de proteger los derechos fundamentales, cuestionar las decisiones que con respecto a \u00e9sta facultad se tomen, porque de ser posibles la sustituci\u00f3n y la disputa, tendr\u00edamos que concluir que el constituyente le confi\u00f3 al juez constitucional, por v\u00eda de tutela, el poder omn\u00edmodo de decidir en todos los asuntos p\u00fablicos, incluyendo la direcci\u00f3n econ\u00f3mica del Estado lo cual, adem\u00e1s de impertinente, contradice abiertamente la Constituci\u00f3n Pol\u00edtica. Este ordenamiento determina con claridad las funciones de los diferentes \u00f3rganos del poder p\u00fablico delimitando las concurrencias, las cuales se establecen, como mecanismos de control y cooperaci\u00f3n en la consecuci\u00f3n de los fines del Estado, pero nunca como inmisiones o interferencias (Art. 113. C.P.)\u201d.\u00a0 \u00a0<\/p>\n<p>\u201cAs\u00ed las cosas, corresponde al Gobierno Nacional la formulaci\u00f3n anual del presupuesto de rentas y ley de apropiaciones que deber\u00e1 corresponder al Plan Nacional de Desarrollo, de conformidad con lo dispuesto en el art\u00edculo 346 de la Constituci\u00f3n Pol\u00edtica y compete al Congreso Nacional su aprobaci\u00f3n. Por su parte, esta Corporaci\u00f3n es la encargada de estudiar y decidir respecto de su constitucionalidad, si en ejercicio de la acci\u00f3n p\u00fablica de inconstitucionalidad se llegare a controvertir\u201d.\u00a0 \u00a0<\/p>\n<p>\u201cEn consecuencia si como lo expone con claridad el Ministro de Hacienda y Cr\u00e9dito P\u00fablico y lo ha sostenido esta Corporaci\u00f3n, compete al Gobierno Nacional presentar el proyecto de presupuesto y la ley de apropiaciones en armon\u00eda con su pol\u00edtica econ\u00f3mica y fiscal, no le corresponde al juez de tutela ordenar su modificaci\u00f3n con miras a que se incluya un rubro destinado al incremento salarial de los servidores p\u00fablicos, porque, de hacerlo, se inmiscuir\u00eda por v\u00eda de tutela, en los asuntos que competen a otras autoridades, desbordando as\u00ed la competencia constitucional conferida en el art\u00edculo 86 de la Constituci\u00f3n Pol\u00edtica y deber\u00e1 responder por extralimitaci\u00f3n de funciones de conformidad con lo dispuesto por el art\u00edculo 6 del mismo ordenamiento\u201d.\u00a0 \u00a0<\/p>\n<p>\u201cDe otra parte, debe recordarse que en la contestaci\u00f3n a las acciones de tutela cuyas decisiones se revisan, el Ministro de Hacienda y Cr\u00e9dito P\u00fablico relaciona la decisi\u00f3n del Gobierno Nacional de no incluir en el proyecto de presupuesto un rubro destinado a incrementar la remuneraci\u00f3n de los servidores p\u00fablicos que devengan m\u00e1s de dos salarios m\u00ednimos, con la necesidad de incluir en el proyecto de ley de presupuesto compromisos que cuenten con los correspondientes recursos para que puedan efectivamente ser atendidos, de conformidad con lo dispuesto por el art\u00edculo 39 del Decreto 111 de 1996, Estatuto Org\u00e1nico del Presupuesto\u201d.\u00a0 \u00a0<\/p>\n<p>\u201cEsta menci\u00f3n del Ministro de Hacienda no puede pasar inadvertida, porque de conformidad con la regla de legalidad del gasto que es un desarrollo del principio de legalidad de la funci\u00f3n p\u00fablica, esta Corporaci\u00f3n no podr\u00eda crear la obligaci\u00f3n a cargo del Estado de reajustar el salario de los servidores p\u00fablicos en un monto determinado y para una vigencia espec\u00edfica, como tampoco ordenar que el Gobierno Nacional lo haga, porque adem\u00e1s de transgredir los art\u00edculos 6\u00b0 y 86 de la Constituci\u00f3n Pol\u00edtica, como qued\u00f3 explicado, quebrantar\u00eda los art\u00edculos 345, 346 y 347 del mismo ordenamiento, como tambi\u00e9n el art\u00edculo 71 del Estatuto Org\u00e1nico del Presupuesto (Decreto 111 de 1996). Lo anterior por cuanto, de conformidad con estas disposiciones no se puede crear una obligaci\u00f3n ni tampoco ordenar un gasto, sin que se cuente para el efecto con la respectiva disponibilidad presupuestal. As\u00ed mismo, no debe olvidarse que el art\u00edculo 136 del C\u00f3digo Penal tipifica como peculado comprometer sumas superiores a las fijadas en \u201cel presupuesto\u201d al igual que invertir las incluidas en \u00e9ste en forma diferente a la prevista. De tal suerte que, tanto por la naturaleza de la acci\u00f3n de tutela como por el principio de legalidad del gasto p\u00fablico, el juez constitucional no puede por v\u00eda de tutela incrementar el salario de los accionantes como tampoco ordenar al Gobierno Nacional que lo haga\u201d.3 \u00a0<\/p>\n<p>\u201c3.2. Los tutelantes adem\u00e1s de estar inconformes con la decisi\u00f3n del Gobierno Nacional relativa al no incremento de sus salarios, discrepan de los reajustes previstos en el ordenamiento, tanto para los miembros del Congreso Nacional por el art\u00edculo 187 de la Constituci\u00f3n Pol\u00edtica, como para los Magistrados del Consejo Superior de la Judicatura, de la Corte Constitucional, de la Corte Suprema de Justicia, del Consejo de Estado y de otros funcionarios al servicio del Estado, por el art\u00edculo 15 de la Ley 04 de 1992. Al respecto consideran, que los incrementos previstos en estas normas desconocen el principio de igualdad consagrado en el art\u00edculo 13 de la Constituci\u00f3n Pol\u00edtica. Arguyen que la medida del Gobierno Nacional los discrimina, porque solo algunos servidores p\u00fablicos resultar\u00edan afectados con el no incremento de sus salarios para el presente a\u00f1o. Al respecto, precisa reiterar que las anteriores disposiciones no pueden ser controvertidas por v\u00eda de tutela porque tienen previsto en el ordenamiento un tr\u00e1mite especial que hace de suyo a la tutela improcedente\u201d.\u00a0 \u00a0<\/p>\n<p>\u201cDe lo anterior se sigue que deben confirmarse las decisiones de instancia porque la acci\u00f3n de tutela, tal como qued\u00f3 expuesto, no es el mecanismo pertinente para cuestionar o modificar las orientaciones o directrices del Gobierno Nacional en materia de gasto p\u00fablico, en raz\u00f3n a que la pol\u00edtica fiscal del Estado se hace realidad en la Ley Org\u00e1nica del Presupuesto y Ley de apropiaciones para una vigencia determinada, que debe controvertirse, ante esta Corporaci\u00f3n, pero en ejercicio de la acci\u00f3n p\u00fablica de inconstitucionalidad. Al respecto vale recordar que a consideraci\u00f3n de \u00e9sta Corte se encuentran sendas demandas en las cuales se controvierte la constitucionalidad de la Ley 547 de 1999 &#8211; por la cual se decreta el Presupuesto de Rentas y Recursos de Capital y Ley de Apropiaciones para la vigencia Fiscal del 1\u00b0 de enero al 31 de diciembre del 2000- radicadas con los n\u00fameros 2780, 2804, 2922 y 3051\u201d. \u00a0<\/p>\n<p>\u201cAs\u00ed mismo, el mandato del art\u00edculo 187 de la Constituci\u00f3n Pol\u00edtica, de conformidad con el cual la asignaci\u00f3n de los miembros del Congreso se reajustar\u00e1 cada a\u00f1o, no puede objetarse por ning\u00fan procedimiento, puesto que su incuestionable jerarqu\u00eda la hace inmune a las controversias, incluso ante esta Corporaci\u00f3n a la cual corresponde velar por su guarda e integridad. No obstante cabe recordar que las mismas pueden ser reformadas por los canales previstos para el efecto en el mismo ordenamiento (Art. 374 a 379 C.P.)\u201d.\u00a0 \u00a0<\/p>\n<p>3. Conclusi\u00f3n \u00a0<\/p>\n<p>En armon\u00eda con lo expuesto, debido a que es improcedente la acci\u00f3n de tutela instaurada por los accionantes por existir otro mecanismo de defensa judicial, y, que el perjuicio aducido no cumple con los requisitos de gravedad y particularidad necesarios para que proceda como amparo transitorio, se confirmar\u00e1n las decisiones que se revisan, proferidas en cuanto se negaron por improcedentes las acciones de tutela instauradas por los accionantes de la referencia y as\u00ed mismo se revocar\u00e1n las decisiones de instancias en las cuales se concedi\u00f3 el amparo de tutela solicitado. \u00a0<\/p>\n<p>IV. DECISI\u00d3N \u00a0<\/p>\n<p>En m\u00e9rito de lo expuesto, la Sala Primera de Revisi\u00f3n de la Corte Constitucional, administrando justicia en nombre del pueblo y por mandato de la Constituci\u00f3n,\u00a0 \u00a0<\/p>\n<p>RESUELVE: \u00a0<\/p>\n<p>PRIMERO. REVOCAR los fallos de tutela proferidos por los siguientes despachos: Juzgado Doce Civil del Circuito de Medell\u00edn (expediente T-377.255), Juzgado Tercero Penal del Circuito de Santa Marta (expediente T-377.279), Juzgado Trece Civil del Circuito de Medell\u00edn (expedientes T-377.381, T-377.382), Juzgado Sexto Civil del Circuito de Medell\u00edn (expedientes T-377.451, T-377.452), Tribunal Superior del Distrito Judicial de Bogot\u00e1 D.C. Sala de Conjueces (expedientes T-378.102, T-378.104), Juzgado Octavo Civil del Circuito de Medell\u00edn (expedientes T-378.231, T-378.233, T-378.238, T-378,239, T-378.240, T-378.252, T-378.253, T-378.254, T-378.255, T-378.256, T-378.294, T-378.475, T-378.476), Juzgado S\u00e9ptimo Civil Municipal de Cali (expediente T-379.259), Juzgado Primero Civil del Circuito de Pasto (expediente T-379.365), Juzgado Segundo Civil del Circuito de Medell\u00edn (expedientes T-379.527, T-379.528, T-379.529, T-379.534, T-379.537), Juzgado Tercero Laboral del Circuito de Bogot\u00e1 D.C.,(expediente T-379.568), Juzgado Primero Penal del Circuito de Ibagu\u00e9 (expediente T-379.583) Y Tribunal Superior de Medell\u00edn Sala Laboral (expediente T-380.163).\u00a0 \u00a0<\/p>\n<p>En consecuencia ni\u00e9gase la tutela concedida en los referidos procesos.\u00a0 \u00a0<\/p>\n<p>SEGUNDO. CONFIRMAR los fallos de tutela en cuanto denegaron la protecci\u00f3n de tutela solicitada, proferidos en primera instancia por los siguientes despachos judiciales: Juzgado Veinte Civil Municipal de Medell\u00edn (expediente T-377.382), Juzgado Quince Civil Municipal de Medell\u00edn (expediente T-378.238), Juzgado Promiscuo Municipal de Tangua (Nari\u00f1o) (expediente T-379.365), y Juzgado S\u00e9ptimo Penal Municipal de Ibagu\u00e9 (expediente T-379.583). \u00a0<\/p>\n<p>TERCERO. Por Secretar\u00eda, L\u00cdBRESE la comunicaci\u00f3n de que trata el art\u00edculo \u00a036 del Decreto 2591 de 1991. \u00a0<\/p>\n<p>Notif\u00edquese, comun\u00edquese, publ\u00edquese en la Gaceta de la Corte Constitucional y c\u00famplase. \u00a0<\/p>\n<p>EDUARDO MONTEALEGRE LYNETT \u00a0<\/p>\n<p>Magistrado \u00a0<\/p>\n<p>ALFREDO BELTRAN SIERRA \u00a0<\/p>\n<p>Magistrado \u00a0<\/p>\n<p>MANUEL JOSE CEPEDA ESPINOSA \u00a0<\/p>\n<p>Magistrado \u00a0<\/p>\n<p>MARTHA VICTORIA SACHICA MENDEZ \u00a0<\/p>\n<p>Expediente \u00a0 \u00a0 \u00a0 \u00a0 \u00a0 \u00a0 \u00a0 \u00a0 \u00a0 \u00a0\u00a0<\/p>\n<p>Accionante \u00a0 \u00a0 \u00a0 \u00a0 \u00a0 \u00a0 \u00a0 \u00a0 \u00a0 \u00a0\u00a0<\/p>\n<p>Primera Instancia \u00a0 \u00a0 \u00a0 \u00a0 \u00a0 \u00a0 \u00a0 \u00a0 \u00a0 \u00a0\u00a0<\/p>\n<p>Segunda Instancia \u00a0 \u00a0 \u00a0 \u00a0 \u00a0 \u00a0 \u00a0 \u00a0 \u00a0 \u00a0\u00a0<\/p>\n<p>Cargo \/ Empleo \u00a0\u00a0<\/p>\n<p>T-377255 \u00a0 \u00a0 \u00a0 \u00a0 \u00a0 \u00a0 \u00a0 \u00a0 \u00a0 \u00a0\u00a0<\/p>\n<p>Amado de Jes\u00fas S\u00e1nchez Henao \u00a0 \u00a0 \u00a0 \u00a0 \u00a0 \u00a0 \u00a0 \u00a0 \u00a0 \u00a0\u00a0<\/p>\n<p>Juzgado Quinto Civil Municipal de Medell\u00edn CONCEDE \u00a0 \u00a0 \u00a0 \u00a0 \u00a0 \u00a0 \u00a0 \u00a0 \u00a0 \u00a0\u00a0<\/p>\n<p>Juzgado Doce Civil del Circuito de Medell\u00edn CONCEDE \u00a0 \u00a0 \u00a0 \u00a0 \u00a0 \u00a0 \u00a0 \u00a0 \u00a0 \u00a0\u00a0<\/p>\n<p>Educador de Antioqu\u00eda \u00a0\u00a0<\/p>\n<p>T-377279 \u00a0 \u00a0 \u00a0 \u00a0 \u00a0 \u00a0 \u00a0 \u00a0 \u00a0 \u00a0\u00a0<\/p>\n<p>Pablo Emilio Gonz\u00e1lez Romero y otro \u00a0 \u00a0 \u00a0 \u00a0 \u00a0 \u00a0 \u00a0 \u00a0 \u00a0 \u00a0\u00a0<\/p>\n<p>Juzgado Tercero Penal del Circuito de Santa Marta. CONCEDE. \u00a0 \u00a0 \u00a0 \u00a0 \u00a0 \u00a0 \u00a0 \u00a0 \u00a0 \u00a0\u00a0<\/p>\n<p>\u00a0 \u00a0\u00a0 \u00a0 \u00a0 \u00a0 \u00a0 \u00a0 \u00a0 \u00a0 \u00a0\u00a0<\/p>\n<p>Profesor Universidad del Magdalena \u00a0\u00a0<\/p>\n<p>T-377381 \u00a0 \u00a0 \u00a0 \u00a0 \u00a0 \u00a0 \u00a0 \u00a0 \u00a0 \u00a0\u00a0<\/p>\n<p>Roc\u00edo Amparo Ruiz Medina\u00a0 \u00a0 \u00a0 \u00a0 \u00a0 \u00a0 \u00a0 \u00a0 \u00a0 \u00a0 \u00a0\u00a0<\/p>\n<p>Juzgado Primero Civil Municipal de Medell\u00edn CONCEDE \u00a0 \u00a0 \u00a0 \u00a0 \u00a0 \u00a0 \u00a0 \u00a0 \u00a0 \u00a0\u00a0<\/p>\n<p>Juzgado Trece Civil del Circuito de Medell\u00edn CONCEDE \u00a0 \u00a0 \u00a0 \u00a0 \u00a0 \u00a0 \u00a0 \u00a0 \u00a0 \u00a0\u00a0<\/p>\n<p>Educadora de Antioqu\u00eda \u00a0\u00a0<\/p>\n<p>T-377382 \u00a0 \u00a0 \u00a0 \u00a0 \u00a0 \u00a0 \u00a0 \u00a0 \u00a0 \u00a0\u00a0<\/p>\n<p>Dario Orlando Lopera Casta\u00f1eda\u00a0 \u00a0 \u00a0 \u00a0 \u00a0 \u00a0 \u00a0 \u00a0 \u00a0 \u00a0 \u00a0\u00a0<\/p>\n<p>Juzgado Veinte Civil Municipal de Medell\u00edn DENIEGA\u00a0 \u00a0 \u00a0 \u00a0 \u00a0 \u00a0 \u00a0 \u00a0 \u00a0 \u00a0 \u00a0\u00a0<\/p>\n<p>Juzgado Trece Civil del Circuito de Medell\u00edn CONCEDE \u00a0 \u00a0 \u00a0 \u00a0 \u00a0 \u00a0 \u00a0 \u00a0 \u00a0 \u00a0\u00a0<\/p>\n<p>Educador de Antioqu\u00eda \u00a0\u00a0<\/p>\n<p>T-377451 \u00a0 \u00a0 \u00a0 \u00a0 \u00a0 \u00a0 \u00a0 \u00a0 \u00a0 \u00a0\u00a0<\/p>\n<p>Jos\u00e9 Gabriel P\u00e9rez Moreno \u00a0 \u00a0 \u00a0 \u00a0 \u00a0 \u00a0 \u00a0 \u00a0 \u00a0 \u00a0\u00a0<\/p>\n<p>Juzgado Diecinueve Civil Municipal de Medell\u00edn CONCEDE \u00a0 \u00a0 \u00a0 \u00a0 \u00a0 \u00a0 \u00a0 \u00a0 \u00a0 \u00a0\u00a0<\/p>\n<p>Juzgado Sexto Civil del Circuito de Medell\u00edn CONCEDE \u00a0 \u00a0 \u00a0 \u00a0 \u00a0 \u00a0 \u00a0 \u00a0 \u00a0 \u00a0\u00a0<\/p>\n<p>Empleado P\u00fablico de Ministerio de Defensa Nacional. \u00a0\u00a0<\/p>\n<p>T-377452 \u00a0 \u00a0 \u00a0 \u00a0 \u00a0 \u00a0 \u00a0 \u00a0 \u00a0 \u00a0\u00a0<\/p>\n<p>Mar\u00eda Eugenia Mojica Kefer \u00a0 \u00a0 \u00a0 \u00a0 \u00a0 \u00a0 \u00a0 \u00a0 \u00a0 \u00a0\u00a0<\/p>\n<p>Juzgado Diecis\u00e9is Civil Municipal de Medell\u00edn CONCEDE \u00a0 \u00a0 \u00a0 \u00a0 \u00a0 \u00a0 \u00a0 \u00a0 \u00a0 \u00a0\u00a0<\/p>\n<p>Juzgado Sexto Civil del Circuito de Medell\u00edn CONCEDE \u00a0 \u00a0 \u00a0 \u00a0 \u00a0 \u00a0 \u00a0 \u00a0 \u00a0 \u00a0\u00a0<\/p>\n<p>Educadora de Antioqu\u00eda \u00a0\u00a0<\/p>\n<p>T-378102 \u00a0 \u00a0 \u00a0 \u00a0 \u00a0 \u00a0 \u00a0 \u00a0 \u00a0 \u00a0\u00a0<\/p>\n<p>Patricia Arboleda Maturana \u00a0 \u00a0 \u00a0 \u00a0 \u00a0 \u00a0 \u00a0 \u00a0 \u00a0 \u00a0\u00a0<\/p>\n<p>Juzgado Dieciocho Laboral del Circuito de Bogot\u00e1 D.C. CONCEDE \u00a0 \u00a0 \u00a0 \u00a0 \u00a0 \u00a0 \u00a0 \u00a0 \u00a0 \u00a0\u00a0<\/p>\n<p>Tribunal Superior del Distrito Judicial de Bogot\u00e1 Sala de Conjueces CONCEDE \u00a0 \u00a0 \u00a0 \u00a0 \u00a0 \u00a0 \u00a0 \u00a0 \u00a0 \u00a0\u00a0<\/p>\n<p>Educadora de Antioqu\u00eda \u00a0\u00a0<\/p>\n<p>T-378104 \u00a0 \u00a0 \u00a0 \u00a0 \u00a0 \u00a0 \u00a0 \u00a0 \u00a0 \u00a0\u00a0<\/p>\n<p>Aida Luz Mart\u00ednez Lizarralde \u00a0 \u00a0 \u00a0 \u00a0 \u00a0 \u00a0 \u00a0 \u00a0 \u00a0 \u00a0\u00a0<\/p>\n<p>Juzgado Diecinueve Laboral del Circuito de Bogot\u00e1 D.C. CONCEDE \u00a0 \u00a0 \u00a0 \u00a0 \u00a0 \u00a0 \u00a0 \u00a0 \u00a0 \u00a0\u00a0<\/p>\n<p>Tribunal Superior del Distrito Judicial de Bogot\u00e1 Sala de Conjueces CONCEDE \u00a0 \u00a0 \u00a0 \u00a0 \u00a0 \u00a0 \u00a0 \u00a0 \u00a0 \u00a0\u00a0<\/p>\n<p>T-378231 \u00a0 \u00a0 \u00a0 \u00a0 \u00a0 \u00a0 \u00a0 \u00a0 \u00a0 \u00a0\u00a0<\/p>\n<p>Rosario de la Cruz Hoyos Zuluaga y otros. \u00a0 \u00a0 \u00a0 \u00a0 \u00a0 \u00a0 \u00a0 \u00a0 \u00a0 \u00a0\u00a0<\/p>\n<p>Juzgado Diecis\u00e9is Civil Municipal de Medell\u00edn CONCEDE \u00a0 \u00a0 \u00a0 \u00a0 \u00a0 \u00a0 \u00a0 \u00a0 \u00a0 \u00a0\u00a0<\/p>\n<p>Juzgado Octavo Civil del Circuito de Medell\u00edn CONCEDE\u00a0 \u00a0 \u00a0 \u00a0 \u00a0 \u00a0 \u00a0 \u00a0 \u00a0 \u00a0 \u00a0\u00a0<\/p>\n<p>Educadores de Antioqu\u00eda \u00a0\u00a0<\/p>\n<p>T-378233 \u00a0 \u00a0 \u00a0 \u00a0 \u00a0 \u00a0 \u00a0 \u00a0 \u00a0 \u00a0\u00a0<\/p>\n<p>Mar\u00eda Dolores Henao Torres \u00a0 \u00a0 \u00a0 \u00a0 \u00a0 \u00a0 \u00a0 \u00a0 \u00a0 \u00a0\u00a0<\/p>\n<p>Juzgado Quinto Civil Municipal de Medell\u00edn CONCEDE \u00a0 \u00a0 \u00a0 \u00a0 \u00a0 \u00a0 \u00a0 \u00a0 \u00a0 \u00a0\u00a0<\/p>\n<p>Juzgado Octavo Civil del Circuito de Medell\u00edn CONCEDE\u00a0 \u00a0 \u00a0 \u00a0 \u00a0 \u00a0 \u00a0 \u00a0 \u00a0 \u00a0 \u00a0\u00a0<\/p>\n<p>Educadora de Antioqu\u00eda \u00a0\u00a0<\/p>\n<p>T-378238 \u00a0 \u00a0 \u00a0 \u00a0 \u00a0 \u00a0 \u00a0 \u00a0 \u00a0 \u00a0\u00a0<\/p>\n<p>In\u00e9s Gonz\u00e1lez Araque \u00a0 \u00a0 \u00a0 \u00a0 \u00a0 \u00a0 \u00a0 \u00a0 \u00a0 \u00a0\u00a0<\/p>\n<p>Juzgado Quince Civil Municipal de Medell\u00edn DENIEGA \u00a0 \u00a0 \u00a0 \u00a0 \u00a0 \u00a0 \u00a0 \u00a0 \u00a0 \u00a0\u00a0<\/p>\n<p>Juzgado Octavo Civil del Circuito de Medell\u00edn CONCEDE\u00a0 \u00a0 \u00a0 \u00a0 \u00a0 \u00a0 \u00a0 \u00a0 \u00a0 \u00a0 \u00a0\u00a0<\/p>\n<p>Educadora de Antioqu\u00eda \u00a0\u00a0<\/p>\n<p>T-378239 \u00a0 \u00a0 \u00a0 \u00a0 \u00a0 \u00a0 \u00a0 \u00a0 \u00a0 \u00a0\u00a0<\/p>\n<p>Carlos Enrique Ramos Caicedo y otros. \u00a0 \u00a0 \u00a0 \u00a0 \u00a0 \u00a0 \u00a0 \u00a0 \u00a0 \u00a0\u00a0<\/p>\n<p>Juzgado Diecinueve Civil Municipal de Medell\u00edn CONCEDE \u00a0 \u00a0 \u00a0 \u00a0 \u00a0 \u00a0 \u00a0 \u00a0 \u00a0 \u00a0\u00a0<\/p>\n<p>Juzgado Octavo Civil del Circuito de Medell\u00edn CONCEDE\u00a0 \u00a0 \u00a0 \u00a0 \u00a0 \u00a0 \u00a0 \u00a0 \u00a0 \u00a0 \u00a0\u00a0<\/p>\n<p>Educadores de Antioqu\u00eda \u00a0\u00a0<\/p>\n<p>T-378240 \u00a0 \u00a0 \u00a0 \u00a0 \u00a0 \u00a0 \u00a0 \u00a0 \u00a0 \u00a0\u00a0<\/p>\n<p>Bernarda Olivia Quinch\u00eda Abello \u00a0 \u00a0 \u00a0 \u00a0 \u00a0 \u00a0 \u00a0 \u00a0 \u00a0 \u00a0\u00a0<\/p>\n<p>Juzgado Doce Civil Municipal de Medell\u00edn CONCEDE \u00a0 \u00a0 \u00a0 \u00a0 \u00a0 \u00a0 \u00a0 \u00a0 \u00a0 \u00a0\u00a0<\/p>\n<p>Juzgado Octavo Civil del Circuito de Medell\u00edn CONCEDE \u00a0 \u00a0 \u00a0 \u00a0 \u00a0 \u00a0 \u00a0 \u00a0 \u00a0 \u00a0\u00a0<\/p>\n<p>Educadora de Antioqu\u00eda \u00a0\u00a0<\/p>\n<p>T-378252 \u00a0 \u00a0 \u00a0 \u00a0 \u00a0 \u00a0 \u00a0 \u00a0 \u00a0 \u00a0\u00a0<\/p>\n<p>Mariela Valencia Jim\u00e9nez \u00a0 \u00a0 \u00a0 \u00a0 \u00a0 \u00a0 \u00a0 \u00a0 \u00a0 \u00a0\u00a0<\/p>\n<p>Juzgado Veintiuno Civil Municipal de Medell\u00edn \u00a0CONCEDE \u00a0 \u00a0 \u00a0 \u00a0 \u00a0 \u00a0 \u00a0 \u00a0 \u00a0 \u00a0\u00a0<\/p>\n<p>Juzgado Octavo Civil del Circuito de Medell\u00edn CONCEDE\u00a0 \u00a0 \u00a0 \u00a0 \u00a0 \u00a0 \u00a0 \u00a0 \u00a0 \u00a0 \u00a0\u00a0<\/p>\n<p>Educadora de Antioqu\u00eda \u00a0\u00a0<\/p>\n<p>T-378253 \u00a0 \u00a0 \u00a0 \u00a0 \u00a0 \u00a0 \u00a0 \u00a0 \u00a0 \u00a0\u00a0<\/p>\n<p>Ana Yadira Eusse Saavedra \u00a0 \u00a0 \u00a0 \u00a0 \u00a0 \u00a0 \u00a0 \u00a0 \u00a0 \u00a0\u00a0<\/p>\n<p>Juzgado Diecisiete Civil Municipal de Medell\u00edn CONCEDE \u00a0 \u00a0 \u00a0 \u00a0 \u00a0 \u00a0 \u00a0 \u00a0 \u00a0 \u00a0\u00a0<\/p>\n<p>Juzgado Octavo Civil del Circuito de Medell\u00edn CONCEDE\u00a0 \u00a0 \u00a0 \u00a0 \u00a0 \u00a0 \u00a0 \u00a0 \u00a0 \u00a0 \u00a0\u00a0<\/p>\n<p>Educadora de Antioqu\u00eda \u00a0\u00a0<\/p>\n<p>T-378254 \u00a0 \u00a0 \u00a0 \u00a0 \u00a0 \u00a0 \u00a0 \u00a0 \u00a0 \u00a0\u00a0<\/p>\n<p>Fanny Cano de Gonz\u00e1lez \u00a0 \u00a0 \u00a0 \u00a0 \u00a0 \u00a0 \u00a0 \u00a0 \u00a0 \u00a0\u00a0<\/p>\n<p>Juzgado Veintid\u00f3s Civil Municipal de Medell\u00edn CONCEDE\u00a0 \u00a0 \u00a0 \u00a0 \u00a0 \u00a0 \u00a0 \u00a0 \u00a0 \u00a0 \u00a0\u00a0<\/p>\n<p>Juzgado Octavo Civil del Circuito de Medell\u00edn CONCEDE \u00a0 \u00a0 \u00a0 \u00a0 \u00a0 \u00a0 \u00a0 \u00a0 \u00a0 \u00a0\u00a0<\/p>\n<p>Educadora de Antioqu\u00eda \u00a0\u00a0<\/p>\n<p>T-378255 \u00a0 \u00a0 \u00a0 \u00a0 \u00a0 \u00a0 \u00a0 \u00a0 \u00a0 \u00a0\u00a0<\/p>\n<p>Gabriel Angel Monsalve Madrigal \u00a0 \u00a0 \u00a0 \u00a0 \u00a0 \u00a0 \u00a0 \u00a0 \u00a0 \u00a0\u00a0<\/p>\n<p>Juzgado Trece Civil Municipal de Medell\u00edn CONCEDE \u00a0 \u00a0 \u00a0 \u00a0 \u00a0 \u00a0 \u00a0 \u00a0 \u00a0 \u00a0\u00a0<\/p>\n<p>Juzgado Octavo Civil del Circuito de Medell\u00edn CONCEDE \u00a0 \u00a0 \u00a0 \u00a0 \u00a0 \u00a0 \u00a0 \u00a0 \u00a0 \u00a0\u00a0<\/p>\n<p>Educador de Antioqu\u00eda \u00a0\u00a0<\/p>\n<p>T-378256 \u00a0 \u00a0 \u00a0 \u00a0 \u00a0 \u00a0 \u00a0 \u00a0 \u00a0 \u00a0\u00a0<\/p>\n<p>Juzgado Diecinueve Civil Municipal de Medell\u00edn CONCEDE \u00a0 \u00a0 \u00a0 \u00a0 \u00a0 \u00a0 \u00a0 \u00a0 \u00a0 \u00a0\u00a0<\/p>\n<p>Juzgado Octavo Civil del Circuito de Medell\u00edn CONCEDE \u00a0 \u00a0 \u00a0 \u00a0 \u00a0 \u00a0 \u00a0 \u00a0 \u00a0 \u00a0\u00a0<\/p>\n<p>Educadores de Antioqu\u00eda \u00a0\u00a0<\/p>\n<p>T-378294 \u00a0 \u00a0 \u00a0 \u00a0 \u00a0 \u00a0 \u00a0 \u00a0 \u00a0 \u00a0\u00a0<\/p>\n<p>Edin Enrique Lemos Mosquera \u00a0 \u00a0 \u00a0 \u00a0 \u00a0 \u00a0 \u00a0 \u00a0 \u00a0 \u00a0\u00a0<\/p>\n<p>Juzgado Veintid\u00f3s Civil Municipal de Medell\u00edn CONCEDE \u00a0 \u00a0 \u00a0 \u00a0 \u00a0 \u00a0 \u00a0 \u00a0 \u00a0 \u00a0\u00a0<\/p>\n<p>Juzgado Octavo Civil del Circuito de Medell\u00edn CONCEDE \u00a0 \u00a0 \u00a0 \u00a0 \u00a0 \u00a0 \u00a0 \u00a0 \u00a0 \u00a0\u00a0<\/p>\n<p>Educador de Antioqu\u00eda \u00a0\u00a0<\/p>\n<p>T-378475 \u00a0 \u00a0 \u00a0 \u00a0 \u00a0 \u00a0 \u00a0 \u00a0 \u00a0 \u00a0\u00a0<\/p>\n<p>Ofelia de Jes\u00fas Ortiz Olarte\u00a0 \u00a0 \u00a0 \u00a0 \u00a0 \u00a0 \u00a0 \u00a0 \u00a0 \u00a0 \u00a0\u00a0<\/p>\n<p>Juzgado Veintid\u00f3s Civil Municipal de Medell\u00edn CONCEDE \u00a0 \u00a0 \u00a0 \u00a0 \u00a0 \u00a0 \u00a0 \u00a0 \u00a0 \u00a0\u00a0<\/p>\n<p>Juzgado Octavo Civil del Circuito de Medell\u00edn CONCEDE \u00a0 \u00a0 \u00a0 \u00a0 \u00a0 \u00a0 \u00a0 \u00a0 \u00a0 \u00a0\u00a0<\/p>\n<p>Educadora de Antioqu\u00eda \u00a0\u00a0<\/p>\n<p>T-378476 \u00a0 \u00a0 \u00a0 \u00a0 \u00a0 \u00a0 \u00a0 \u00a0 \u00a0 \u00a0\u00a0<\/p>\n<p>Rub\u00e9n Dario Arango Hidr\u00f3n \u00a0 \u00a0 \u00a0 \u00a0 \u00a0 \u00a0 \u00a0 \u00a0 \u00a0 \u00a0\u00a0<\/p>\n<p>Juzgado Once Civil Municipal de Medell\u00edn CONCEDE \u00a0 \u00a0 \u00a0 \u00a0 \u00a0 \u00a0 \u00a0 \u00a0 \u00a0 \u00a0\u00a0<\/p>\n<p>Juzgado Octavo Civil del Circuito de Medell\u00edn CONCEDE \u00a0 \u00a0 \u00a0 \u00a0 \u00a0 \u00a0 \u00a0 \u00a0 \u00a0 \u00a0\u00a0<\/p>\n<p>Empleado P\u00fablico del Ministerio de Defensa Nacional \u00a0\u00a0<\/p>\n<p>T-379259 \u00a0 \u00a0 \u00a0 \u00a0 \u00a0 \u00a0 \u00a0 \u00a0 \u00a0 \u00a0\u00a0<\/p>\n<p>Jorge Luis Humanez Rosso \u00a0 \u00a0 \u00a0 \u00a0 \u00a0 \u00a0 \u00a0 \u00a0 \u00a0 \u00a0\u00a0<\/p>\n<p>Juzgado S\u00e9ptimo Civil Municipal de Cali (Valle). CONCEDE \u00a0 \u00a0 \u00a0 \u00a0 \u00a0 \u00a0 \u00a0 \u00a0 \u00a0 \u00a0\u00a0<\/p>\n<p>\u00a0 \u00a0\u00a0 \u00a0 \u00a0 \u00a0 \u00a0 \u00a0 \u00a0 \u00a0 \u00a0\u00a0<\/p>\n<p>Empleado de la Fiscal\u00eda General de la Naci\u00f3n \u00a0\u00a0<\/p>\n<p>T-379365 \u00a0 \u00a0 \u00a0 \u00a0 \u00a0 \u00a0 \u00a0 \u00a0 \u00a0 \u00a0\u00a0<\/p>\n<p>Flor Alba Argoty Chaves y otros. \u00a0 \u00a0 \u00a0 \u00a0 \u00a0 \u00a0 \u00a0 \u00a0 \u00a0 \u00a0\u00a0<\/p>\n<p>Juzgado Promiscuo Municipal de Tangua (Nari\u00f1o). DENIEGA \u00a0 \u00a0 \u00a0 \u00a0 \u00a0 \u00a0 \u00a0 \u00a0 \u00a0 \u00a0\u00a0<\/p>\n<p>Juzgado Primero Civil del Circuito de Pasto (Nari\u00f1o). CONCEDE \u00a0 \u00a0 \u00a0 \u00a0 \u00a0 \u00a0 \u00a0 \u00a0 \u00a0 \u00a0\u00a0<\/p>\n<p>Educadores de Nari\u00f1o \u00a0\u00a0<\/p>\n<p>T-379527 \u00a0 \u00a0 \u00a0 \u00a0 \u00a0 \u00a0 \u00a0 \u00a0 \u00a0 \u00a0\u00a0<\/p>\n<p>Mar\u00eda Elena Galeano Restrepo\u00a0 \u00a0 \u00a0 \u00a0 \u00a0 \u00a0 \u00a0 \u00a0 \u00a0 \u00a0 \u00a0\u00a0<\/p>\n<p>Juzgado Segundo Civil del Circuito de Medell\u00edn CONCEDE \u00a0 \u00a0 \u00a0 \u00a0 \u00a0 \u00a0 \u00a0 \u00a0 \u00a0 \u00a0\u00a0<\/p>\n<p>\u00a0 \u00a0\u00a0 \u00a0 \u00a0 \u00a0 \u00a0 \u00a0 \u00a0 \u00a0 \u00a0\u00a0<\/p>\n<p>Empleada P\u00fablica del SENA Regional Antioqu\u00eda \u00a0\u00a0<\/p>\n<p>T-379528 \u00a0 \u00a0 \u00a0 \u00a0 \u00a0 \u00a0 \u00a0 \u00a0 \u00a0 \u00a0\u00a0<\/p>\n<p>Blanca Nelly D\u00edaz Forero \u00a0 \u00a0 \u00a0 \u00a0 \u00a0 \u00a0 \u00a0 \u00a0 \u00a0 \u00a0\u00a0<\/p>\n<p>Juzgado Segundo Civil del Circuito de Medell\u00edn CONCEDE \u00a0 \u00a0 \u00a0 \u00a0 \u00a0 \u00a0 \u00a0 \u00a0 \u00a0 \u00a0\u00a0<\/p>\n<p>\u00a0 \u00a0\u00a0 \u00a0 \u00a0 \u00a0 \u00a0 \u00a0 \u00a0 \u00a0 \u00a0\u00a0<\/p>\n<p>Empleada P\u00fablica del SENA Regional Antioqu\u00eda \u00a0\u00a0<\/p>\n<p>T-379529 \u00a0 \u00a0 \u00a0 \u00a0 \u00a0 \u00a0 \u00a0 \u00a0 \u00a0 \u00a0\u00a0<\/p>\n<p>Mar\u00eda Elly Aristizabal Ram\u00edrez \u00a0 \u00a0 \u00a0 \u00a0 \u00a0 \u00a0 \u00a0 \u00a0 \u00a0 \u00a0 \u00a0\u00a0<\/p>\n<p>Juzgado Segundo Civil del Circuito de Medell\u00edn CONCEDE \u00a0 \u00a0 \u00a0 \u00a0 \u00a0 \u00a0 \u00a0 \u00a0 \u00a0 \u00a0\u00a0<\/p>\n<p>\u00a0 \u00a0\u00a0 \u00a0 \u00a0 \u00a0 \u00a0 \u00a0 \u00a0 \u00a0 \u00a0\u00a0<\/p>\n<p>T-379534 \u00a0 \u00a0 \u00a0 \u00a0 \u00a0 \u00a0 \u00a0 \u00a0 \u00a0 \u00a0\u00a0<\/p>\n<p>Mar\u00eda Regina Osorio Trujillo y otros \u00a0 \u00a0 \u00a0 \u00a0 \u00a0 \u00a0 \u00a0 \u00a0 \u00a0 \u00a0\u00a0<\/p>\n<p>Juzgado Dieciocho Civil Municipal de Medell\u00edn CONCEDE \u00a0 \u00a0 \u00a0 \u00a0 \u00a0 \u00a0 \u00a0 \u00a0 \u00a0 \u00a0\u00a0<\/p>\n<p>Juzgado Segundo Civil del Circuito de Medell\u00edn CONCEDE \u00a0 \u00a0 \u00a0 \u00a0 \u00a0 \u00a0 \u00a0 \u00a0 \u00a0 \u00a0\u00a0<\/p>\n<p>Educadores de Antioqu\u00eda \u00a0\u00a0<\/p>\n<p>T-379537 \u00a0 \u00a0 \u00a0 \u00a0 \u00a0 \u00a0 \u00a0 \u00a0 \u00a0 \u00a0\u00a0<\/p>\n<p>Carmen Elena Sandoval Gonz\u00e1lez y otros \u00a0 \u00a0 \u00a0 \u00a0 \u00a0 \u00a0 \u00a0 \u00a0 \u00a0 \u00a0\u00a0<\/p>\n<p>Juzgado Tercero Civil Municipal de Medell\u00edn CONCEDE \u00a0 \u00a0 \u00a0 \u00a0 \u00a0 \u00a0 \u00a0 \u00a0 \u00a0 \u00a0\u00a0<\/p>\n<p>Juzgado Segundo Civil del Circuito de Medell\u00edn CONCEDE \u00a0 \u00a0 \u00a0 \u00a0 \u00a0 \u00a0 \u00a0 \u00a0 \u00a0 \u00a0\u00a0<\/p>\n<p>Educadores de Antioqu\u00eda \u00a0\u00a0<\/p>\n<p>T-379568 \u00a0 \u00a0 \u00a0 \u00a0 \u00a0 \u00a0 \u00a0 \u00a0 \u00a0 \u00a0\u00a0<\/p>\n<p>Rosa Amalia Perea Hoyos \u00a0 \u00a0 \u00a0 \u00a0 \u00a0 \u00a0 \u00a0 \u00a0 \u00a0 \u00a0\u00a0<\/p>\n<p>Juzgado Tercero Laboral del Circuito de Bogot\u00e1 D.C. CONCEDE \u00a0 \u00a0 \u00a0 \u00a0 \u00a0 \u00a0 \u00a0 \u00a0 \u00a0 \u00a0\u00a0<\/p>\n<p>\u00a0 \u00a0\u00a0 \u00a0 \u00a0 \u00a0 \u00a0 \u00a0 \u00a0 \u00a0 \u00a0\u00a0<\/p>\n<p>Funcionaria del ICBF Regional Bogot\u00e1\u00a0 \u00a0\u00a0<\/p>\n<p>T-379583 \u00a0 \u00a0 \u00a0 \u00a0 \u00a0 \u00a0 \u00a0 \u00a0 \u00a0 \u00a0\u00a0<\/p>\n<p>Mercedes M\u00e9ndez Roa \u00a0 \u00a0 \u00a0 \u00a0 \u00a0 \u00a0 \u00a0 \u00a0 \u00a0 \u00a0\u00a0<\/p>\n<p>Juzgado S\u00e9ptimo Penal Municipal de Ibagu\u00e9 (Tolima) DENIEGA \u00a0 \u00a0 \u00a0 \u00a0 \u00a0 \u00a0 \u00a0 \u00a0 \u00a0 \u00a0\u00a0<\/p>\n<p>Juzgado Primero Penal del Circuito de Ibagu\u00e9 (Tolima). CONCEDE \u00a0 \u00a0 \u00a0 \u00a0 \u00a0 \u00a0 \u00a0 \u00a0 \u00a0 \u00a0\u00a0<\/p>\n<p>Educadora del Tolima \u00a0\u00a0<\/p>\n<p>T-380163 \u00a0 \u00a0 \u00a0 \u00a0 \u00a0 \u00a0 \u00a0 \u00a0 \u00a0 \u00a0\u00a0<\/p>\n<p>Miguel Alberto Zapata C\u00f3rdoba y otros. \u00a0 \u00a0 \u00a0 \u00a0 \u00a0 \u00a0 \u00a0 \u00a0 \u00a0 \u00a0\u00a0<\/p>\n<p>Juzgado S\u00e9ptimo Laboral del Circuito de Medell\u00edn CONCEDE \u00a0 \u00a0 \u00a0 \u00a0 \u00a0 \u00a0 \u00a0 \u00a0 \u00a0 \u00a0\u00a0<\/p>\n<p>Tribunal Superior de Medell\u00edn Sala Laboral CONCEDE \u00a0 \u00a0 \u00a0 \u00a0 \u00a0 \u00a0 \u00a0 \u00a0 \u00a0 \u00a0\u00a0<\/p>\n<p>Educadores de Antioqu\u00eda \u00a0<\/p>\n<p>\u00a0 \u00a0\u00a0<\/p>\n<p>1 M.P. Alvaro Tafur Galvis \u00a0<\/p>\n<p>2 Consultar entre otras, las siguientes sentencias: T-329 de 1996, T-026 de 1997, T-272 de 1997, T-273 de 1997, T-331 de 1997, T-235 de 1998, T-414 de 1998, T-057 de 1999 y. T-815\/2000. \u00a0<\/p>\n<p>3Consultar entre otras \u00a0C-073 y 555 de 1993; C-018de 1996, T-363 de 1997 y C-054 de 1998.\u00a0 \u00a0<\/p>\n<p>{p} \u00a0<\/p>\n<p>\u00a0 \u00a0\u00a0<\/p>\n<p><\/p>\n","protected":false},"excerpt":{"rendered":"<p>\u00a0 \u00a0 Sentencia T-234\/01 \u00a0 ACCION DE TUTELA-Naturaleza \u00a0 JUEZ CONSTITUCIONAL-Improcedencia para sustituir a las autoridades en las competencias asignadas por la Constituci\u00f3n Pol\u00edtica \u00a0 GOBIERNO NACIONAL-Formulaci\u00f3n anual del presupuesto y ley de apropiaciones\/JUEZ DE TUTELA-Imposibilidad de modificar presupuesto para incremento salarial de servidores p\u00fablicos \u00a0 ACCION DE TUTELA TRANSITORIA-Improcedencia incremento salarial para servidores p\u00fablicos [&hellip;]<\/p>\n","protected":false},"author":1,"featured_media":0,"comment_status":"open","ping_status":"open","sticky":false,"template":"","format":"standard","meta":{"footnotes":""},"categories":[47],"tags":[],"class_list":["post-7462","post","type-post","status-publish","format-standard","hentry","category-tutelas-2001"],"_links":{"self":[{"href":"https:\/\/www.dmsjuridica.com\/buscador_20179478954\/corteconstitucionalcronologico202454587\/wp-json\/wp\/v2\/posts\/7462","targetHints":{"allow":["GET"]}}],"collection":[{"href":"https:\/\/www.dmsjuridica.com\/buscador_20179478954\/corteconstitucionalcronologico202454587\/wp-json\/wp\/v2\/posts"}],"about":[{"href":"https:\/\/www.dmsjuridica.com\/buscador_20179478954\/corteconstitucionalcronologico202454587\/wp-json\/wp\/v2\/types\/post"}],"author":[{"embeddable":true,"href":"https:\/\/www.dmsjuridica.com\/buscador_20179478954\/corteconstitucionalcronologico202454587\/wp-json\/wp\/v2\/users\/1"}],"replies":[{"embeddable":true,"href":"https:\/\/www.dmsjuridica.com\/buscador_20179478954\/corteconstitucionalcronologico202454587\/wp-json\/wp\/v2\/comments?post=7462"}],"version-history":[{"count":0,"href":"https:\/\/www.dmsjuridica.com\/buscador_20179478954\/corteconstitucionalcronologico202454587\/wp-json\/wp\/v2\/posts\/7462\/revisions"}],"wp:attachment":[{"href":"https:\/\/www.dmsjuridica.com\/buscador_20179478954\/corteconstitucionalcronologico202454587\/wp-json\/wp\/v2\/media?parent=7462"}],"wp:term":[{"taxonomy":"category","embeddable":true,"href":"https:\/\/www.dmsjuridica.com\/buscador_20179478954\/corteconstitucionalcronologico202454587\/wp-json\/wp\/v2\/categories?post=7462"},{"taxonomy":"post_tag","embeddable":true,"href":"https:\/\/www.dmsjuridica.com\/buscador_20179478954\/corteconstitucionalcronologico202454587\/wp-json\/wp\/v2\/tags?post=7462"}],"curies":[{"name":"wp","href":"https:\/\/api.w.org\/{rel}","templated":true}]}}