{"id":7631,"date":"2024-05-31T14:36:06","date_gmt":"2024-05-31T14:36:06","guid":{"rendered":"https:\/\/www.dmsjuridica.com\/buscador_20179478954\/corteconstitucionalcronologico202454587\/2024\/05\/31\/t-447-01\/"},"modified":"2024-05-31T14:36:06","modified_gmt":"2024-05-31T14:36:06","slug":"t-447-01","status":"publish","type":"post","link":"https:\/\/www.dmsjuridica.com\/buscador_20179478954\/corteconstitucionalcronologico202454587\/t-447-01\/","title":{"rendered":"T-447-01"},"content":{"rendered":"\n<p>\u00a0 \u00a0 {p} \u00a0<\/p>\n<p>Sentencia T-447\/01 \u00a0<\/p>\n<p>ACCION DE TUTELA TRANSITORIA-Improcedencia incremento salarial para servidores p\u00fablicos \u00a0<\/p>\n<p>Reiteraci\u00f3n de Jurisprudencia \u00a0<\/p>\n<p>Referencia: expediente T-412594 y acumulados (T-412595, T-412596, T-412597, T-412598, T-412599, T-412600, T-412601, T-412602, T-412603, T-412604, T-413473, T-413594, T-413657, T-413659 y T-413660) \u00a0<\/p>\n<p>Acci\u00f3n de tutela instaurada por Yanira Coronado Avenda\u00f1o y otros en contra de la Naci\u00f3n y otras instituciones. \u00a0<\/p>\n<p>Magistrado Ponente:\u00a0 \u00a0<\/p>\n<p>Dr. MANUEL JOS\u00c9 CEPEDA ESPINOSA \u00a0<\/p>\n<p>Bogot\u00e1, D.C., mayo cuatro (4) de dos mil uno (2001) \u00a0<\/p>\n<p>La Sala Tercera de Revisi\u00f3n de la Corte Constitucional, integrada por los magistrados, Manuel Jos\u00e9 Cepeda Espinosa, Jaime C\u00f3rdoba Trivi\u00f1o y Rodrigo Escobar Gil, en ejercicio de sus competencias constitucionales y legales, ha proferido la siguiente \u00a0<\/p>\n<p>SENTENCIA \u00a0<\/p>\n<p>en el proceso de revisi\u00f3n de los fallos proferidos por distintos despachos judiciales del pa\u00eds en los procesos de la referencia, dentro de las acciones de tutela instauradas por diferentes empleados y pensionados del sector p\u00fablico en contra del Presidente de la Rep\u00fablica, los Ministros de Hacienda y Cr\u00e9dito P\u00fablico y Educaci\u00f3n Nacional, el Jefe del Departamento Administrativo de la Funci\u00f3n P\u00fablica y el Director de Planeaci\u00f3n Nacional, entre otros. \u00a0<\/p>\n<p>La Sala de Selecci\u00f3n N\u00b0 2 de tutelas de la Corte Constitucional, por auto del nueve (9) de febrero del a\u00f1o 2001, orden\u00f3 la revisi\u00f3n de los casos de la referencia as\u00ed como su acumulaci\u00f3n, para ser decididos en una sola sentencia. \u00a0<\/p>\n<p>Correspondi\u00e9ndole a la Sala Tercera de Revisi\u00f3n adoptar la decisi\u00f3n, procede a proferir un solo fallo sobre los referidos procesos. \u00a0<\/p>\n<p>I. ANTECEDENTES \u00a0<\/p>\n<p>1. Hechos \u00a0<\/p>\n<p>1.1. Los actores consideran que la pol\u00edtica del Gobierno Nacional de no reconocer aumento alguno a los salarios de los empleados p\u00fablicos y a las pensiones de quienes devengaban para enero de 2000, m\u00e1s de dos (2) salarios m\u00ednimos mensuales, es contraria a sus derechos fundamentales, espec\u00edficamente de los derechos a un salario digno y justo (art\u00edculo 25); a un salario m\u00f3vil y proporcional (art\u00edculo 53), al reajuste peri\u00f3dico de las pensiones (art\u00edculo 53) y, en especial, al derecho a la igualdad (art\u00edculo 13), por cuanto unos servidores p\u00fablicos s\u00ed obtuvieron un aumento en sus salarios y mesadas pensionales. \u00a0<\/p>\n<p>1.2. Entienden los diversos actores que las decisiones econ\u00f3micas del Gobierno no pueden desconocer los derechos laborales de quienes prestan o prestaron sus servicios a los distintos entes del Estado, pues las asignaciones deben, por lo menos, mantener su valor adquisitivo. \u00a0<\/p>\n<p>1.3. Consideran as\u00ed que el Gobierno tiene el deber de reconocer a todos los empleados y pensionados estatales, un aumento o reajuste en sus emolumentos que garantice la preservaci\u00f3n de su poder adquisitivo. \u00a0<\/p>\n<p>1.4. En este sentido, solicitan que se ordene al Gobierno Nacional aumentar los salarios y pensiones de los actores, en un porcentaje igual o similar al \u00edndice del incremento de precios al consumidor que certifique el Departamento Administrativo de Estad\u00edstica -DANE-, a efectos de que puedan conservar el valor adquisitivo de los mismos. Consideran que esta orden debe tener un car\u00e1cter retroactivo a enero de 2000. \u00a0<\/p>\n<p>1.5. La acci\u00f3n de tutela para la protecci\u00f3n de los derechos fundamentales antes se\u00f1alados, seg\u00fan se lee en los diversos escritos de tutela, se interpone, en algunos casos, como mecanismo transitorio a efectos de evitar un perjuicio de car\u00e1cter irremediable.\u00a0 \u00a0<\/p>\n<p>2. Sentencias objeto de revisi\u00f3n \u00a0<\/p>\n<p>\u00a0 \u00a0 \u00a0\u00a0<\/p>\n<p>EXPEDIENTE \u00a0 \u00a0 \u00a0 \u00a0 \u00a0 \u00a0 \u00a0 \u00a0 \u00a0 \u00a0\u00a0<\/p>\n<p>\u00a0 \u00a0 \u00a0<\/p>\n<p>ACTOR \u00a0 \u00a0 \u00a0 \u00a0 \u00a0 \u00a0 \u00a0 \u00a0 \u00a0 \u00a0 \u00a0\u00a0<\/p>\n<p>\u00a0 \u00a0 \u00a0<\/p>\n<p>ENTIDAD DE VINCULACION \u00a0 \u00a0 \u00a0 \u00a0 \u00a0 \u00a0 \u00a0 \u00a0 \u00a0 \u00a0\u00a0<\/p>\n<p>\u00a0 \u00a0 \u00a0<\/p>\n<p>PRIMERA INSTANCIA\u00a0 \u00a0 \u00a0 \u00a0 \u00a0 \u00a0 \u00a0 \u00a0 \u00a0 \u00a0 \u00a0\u00a0<\/p>\n<p>\u00a0 \u00a0 \u00a0<\/p>\n<p>DECISI\u00d3N \u00a0 \u00a0 \u00a0 \u00a0 \u00a0 \u00a0 \u00a0 \u00a0 \u00a0 \u00a0\u00a0<\/p>\n<p>\u00a0 \u00a0 \u00a0<\/p>\n<p>SEGUNDA INSTANCIA \u00a0 \u00a0 \u00a0 \u00a0 \u00a0 \u00a0 \u00a0 \u00a0 \u00a0 \u00a0\u00a0<\/p>\n<p>\u00a0 \u00a0 \u00a0<\/p>\n<p>DECISI\u00d3N \u00a0\u00a0<\/p>\n<p>T-412.594 \u00a0 \u00a0 \u00a0 \u00a0 \u00a0 \u00a0 \u00a0 \u00a0 \u00a0 \u00a0\u00a0<\/p>\n<p>Yanira Avenda\u00f1o C. \u00a0 \u00a0 \u00a0 \u00a0 \u00a0 \u00a0 \u00a0 \u00a0 \u00a0 \u00a0\u00a0<\/p>\n<p>Ministerio de Educaci\u00f3n Nacional &#8211; Magdalena \u00a0 \u00a0 \u00a0 \u00a0 \u00a0 \u00a0 \u00a0 \u00a0 \u00a0 \u00a0\u00a0<\/p>\n<p>Juzgado 1\u00b0 Penal Municipal \u00a0 \u00a0\u00a0<\/p>\n<p>Ci\u00e9naga \u00a0 \u00a0 \u00a0 \u00a0 \u00a0 \u00a0 \u00a0 \u00a0 \u00a0 \u00a0\u00a0<\/p>\n<p>Concede\u00a0 \u00a0 \u00a0 \u00a0 \u00a0 \u00a0 \u00a0 \u00a0 \u00a0 \u00a0 \u00a0\u00a0<\/p>\n<p>Juzgado 1\u00b0 Penal del Circuito \u00a0 \u00a0\u00a0<\/p>\n<p>Ci\u00e9naga \u00a0 \u00a0 \u00a0 \u00a0 \u00a0 \u00a0 \u00a0 \u00a0 \u00a0 \u00a0\u00a0<\/p>\n<p>Confirma \u00a0\u00a0<\/p>\n<p>T-412.595 \u00a0 \u00a0 \u00a0 \u00a0 \u00a0 \u00a0 \u00a0 \u00a0 \u00a0 \u00a0\u00a0<\/p>\n<p>Jos\u00e9 L. Pom\u00e1rico M. \u00a0 \u00a0 \u00a0 \u00a0 \u00a0 \u00a0 \u00a0 \u00a0 \u00a0 \u00a0\u00a0<\/p>\n<p>Ministerio de Educaci\u00f3n Nacional &#8211; Magdalena \u00a0 \u00a0 \u00a0 \u00a0 \u00a0 \u00a0 \u00a0 \u00a0 \u00a0 \u00a0\u00a0<\/p>\n<p>Juzgado 1\u00b0 Penal Municipal \u00a0 \u00a0\u00a0<\/p>\n<p>Ci\u00e9naga \u00a0 \u00a0 \u00a0 \u00a0 \u00a0 \u00a0 \u00a0 \u00a0 \u00a0 \u00a0\u00a0<\/p>\n<p>Concede \u00a0 \u00a0 \u00a0 \u00a0 \u00a0 \u00a0 \u00a0 \u00a0 \u00a0 \u00a0\u00a0<\/p>\n<p>Juzgado 1\u00b0 Penal del Circuito \u00a0 \u00a0\u00a0<\/p>\n<p>Ci\u00e9naga \u00a0 \u00a0 \u00a0 \u00a0 \u00a0 \u00a0 \u00a0 \u00a0 \u00a0 \u00a0\u00a0<\/p>\n<p>Confirma\u00a0 \u00a0\u00a0<\/p>\n<p>Miguel A. Perea D. \u00a0 \u00a0 \u00a0 \u00a0 \u00a0 \u00a0 \u00a0 \u00a0 \u00a0 \u00a0\u00a0<\/p>\n<p>Ministerio de Educaci\u00f3n Nacional &#8211; Magdalena \u00a0 \u00a0 \u00a0 \u00a0 \u00a0 \u00a0 \u00a0 \u00a0 \u00a0 \u00a0\u00a0<\/p>\n<p>Juzgado 1\u00b0 Penal Municipal \u00a0 \u00a0\u00a0<\/p>\n<p>Ci\u00e9naga \u00a0 \u00a0 \u00a0 \u00a0 \u00a0 \u00a0 \u00a0 \u00a0 \u00a0 \u00a0\u00a0<\/p>\n<p>Concede \u00a0 \u00a0 \u00a0 \u00a0 \u00a0 \u00a0 \u00a0 \u00a0 \u00a0 \u00a0\u00a0<\/p>\n<p>Juzgado 1\u00b0 Penal del Circuito \u00a0 \u00a0\u00a0<\/p>\n<p>Ci\u00e9naga \u00a0 \u00a0 \u00a0 \u00a0 \u00a0 \u00a0 \u00a0 \u00a0 \u00a0 \u00a0\u00a0<\/p>\n<p>Confirma\u00a0 \u00a0\u00a0<\/p>\n<p>T-412.597 \u00a0 \u00a0 \u00a0 \u00a0 \u00a0 \u00a0 \u00a0 \u00a0 \u00a0 \u00a0\u00a0<\/p>\n<p>Elcy E. Correa M. \u00a0 \u00a0 \u00a0 \u00a0 \u00a0 \u00a0 \u00a0 \u00a0 \u00a0 \u00a0\u00a0<\/p>\n<p>Ministerio de Educaci\u00f3n Nacional &#8211; Magdalena \u00a0 \u00a0 \u00a0 \u00a0 \u00a0 \u00a0 \u00a0 \u00a0 \u00a0 \u00a0\u00a0<\/p>\n<p>Juzgado 1\u00b0 Penal Municipal \u00a0 \u00a0\u00a0<\/p>\n<p>Ci\u00e9naga \u00a0 \u00a0 \u00a0 \u00a0 \u00a0 \u00a0 \u00a0 \u00a0 \u00a0 \u00a0\u00a0<\/p>\n<p>Concede \u00a0 \u00a0 \u00a0 \u00a0 \u00a0 \u00a0 \u00a0 \u00a0 \u00a0 \u00a0\u00a0<\/p>\n<p>Juzgado 1\u00b0 Penal del Circuito \u00a0 \u00a0\u00a0<\/p>\n<p>Ci\u00e9naga \u00a0 \u00a0 \u00a0 \u00a0 \u00a0 \u00a0 \u00a0 \u00a0 \u00a0 \u00a0\u00a0<\/p>\n<p>Confirma \u00a0\u00a0<\/p>\n<p>T-412.598 \u00a0 \u00a0 \u00a0 \u00a0 \u00a0 \u00a0 \u00a0 \u00a0 \u00a0 \u00a0\u00a0<\/p>\n<p>Alba Y. Hern\u00e1ndez C. \u00a0 \u00a0 \u00a0 \u00a0 \u00a0 \u00a0 \u00a0 \u00a0 \u00a0 \u00a0\u00a0<\/p>\n<p>Ministerio de Educaci\u00f3n Nacional &#8211; Magdalena \u00a0 \u00a0 \u00a0 \u00a0 \u00a0 \u00a0 \u00a0 \u00a0 \u00a0 \u00a0\u00a0<\/p>\n<p>Juzgado 1\u00b0 Penal Municipal \u00a0 \u00a0\u00a0<\/p>\n<p>Ci\u00e9naga \u00a0 \u00a0 \u00a0 \u00a0 \u00a0 \u00a0 \u00a0 \u00a0 \u00a0 \u00a0\u00a0<\/p>\n<p>Concede \u00a0 \u00a0 \u00a0 \u00a0 \u00a0 \u00a0 \u00a0 \u00a0 \u00a0 \u00a0\u00a0<\/p>\n<p>Juzgado 1\u00b0 Penal del Circuito \u00a0 \u00a0\u00a0<\/p>\n<p>Ci\u00e9naga \u00a0 \u00a0 \u00a0 \u00a0 \u00a0 \u00a0 \u00a0 \u00a0 \u00a0 \u00a0\u00a0<\/p>\n<p>Confirma\u00a0 \u00a0\u00a0<\/p>\n<p>T-412.599 \u00a0 \u00a0 \u00a0 \u00a0 \u00a0 \u00a0 \u00a0 \u00a0 \u00a0 \u00a0\u00a0<\/p>\n<p>Sara B. Molinares \u00a0 \u00a0 \u00a0 \u00a0 \u00a0 \u00a0 \u00a0 \u00a0 \u00a0 \u00a0\u00a0<\/p>\n<p>Ministerio de Educaci\u00f3n Nacional &#8211; Magdalena \u00a0 \u00a0 \u00a0 \u00a0 \u00a0 \u00a0 \u00a0 \u00a0 \u00a0 \u00a0\u00a0<\/p>\n<p>Juzgado 1\u00b0 Penal Municipal \u00a0 \u00a0\u00a0<\/p>\n<p>Ci\u00e9naga \u00a0 \u00a0 \u00a0 \u00a0 \u00a0 \u00a0 \u00a0 \u00a0 \u00a0 \u00a0\u00a0<\/p>\n<p>Concede \u00a0 \u00a0 \u00a0 \u00a0 \u00a0 \u00a0 \u00a0 \u00a0 \u00a0 \u00a0\u00a0<\/p>\n<p>Ci\u00e9naga \u00a0 \u00a0 \u00a0 \u00a0 \u00a0 \u00a0 \u00a0 \u00a0 \u00a0 \u00a0\u00a0<\/p>\n<p>Confirma\u00a0 \u00a0\u00a0<\/p>\n<p>T-412.600 \u00a0 \u00a0 \u00a0 \u00a0 \u00a0 \u00a0 \u00a0 \u00a0 \u00a0 \u00a0\u00a0<\/p>\n<p>Ciro A. C\u00f3rdoba G. \u00a0 \u00a0 \u00a0 \u00a0 \u00a0 \u00a0 \u00a0 \u00a0 \u00a0 \u00a0\u00a0<\/p>\n<p>Ministerio de Educaci\u00f3n Nacional &#8211; Magdalena \u00a0 \u00a0 \u00a0 \u00a0 \u00a0 \u00a0 \u00a0 \u00a0 \u00a0 \u00a0\u00a0<\/p>\n<p>Juzgado 1\u00b0 Penal Municipal \u00a0 \u00a0\u00a0<\/p>\n<p>Ci\u00e9naga \u00a0 \u00a0 \u00a0 \u00a0 \u00a0 \u00a0 \u00a0 \u00a0 \u00a0 \u00a0\u00a0<\/p>\n<p>Concede \u00a0 \u00a0 \u00a0 \u00a0 \u00a0 \u00a0 \u00a0 \u00a0 \u00a0 \u00a0\u00a0<\/p>\n<p>Juzgado 1\u00b0 Penal del Circuito \u00a0 \u00a0\u00a0<\/p>\n<p>Ci\u00e9naga \u00a0 \u00a0 \u00a0 \u00a0 \u00a0 \u00a0 \u00a0 \u00a0 \u00a0 \u00a0\u00a0<\/p>\n<p>Confirma\u00a0 \u00a0\u00a0<\/p>\n<p>T-412.601 \u00a0 \u00a0 \u00a0 \u00a0 \u00a0 \u00a0 \u00a0 \u00a0 \u00a0 \u00a0\u00a0<\/p>\n<p>Lucila M. Garc\u00eda \u00a0 \u00a0 \u00a0 \u00a0 \u00a0 \u00a0 \u00a0 \u00a0 \u00a0 \u00a0\u00a0<\/p>\n<p>Ministerio de Educaci\u00f3n Nacional &#8211; Magdalena \u00a0 \u00a0 \u00a0 \u00a0 \u00a0 \u00a0 \u00a0 \u00a0 \u00a0 \u00a0\u00a0<\/p>\n<p>Juzgado 1\u00b0 Penal Municipal \u00a0 \u00a0\u00a0<\/p>\n<p>Ci\u00e9naga \u00a0 \u00a0 \u00a0 \u00a0 \u00a0 \u00a0 \u00a0 \u00a0 \u00a0 \u00a0\u00a0<\/p>\n<p>Concede \u00a0 \u00a0 \u00a0 \u00a0 \u00a0 \u00a0 \u00a0 \u00a0 \u00a0 \u00a0\u00a0<\/p>\n<p>Juzgado 1\u00b0 Penal del Circuito \u00a0 \u00a0\u00a0<\/p>\n<p>Ci\u00e9naga \u00a0 \u00a0 \u00a0 \u00a0 \u00a0 \u00a0 \u00a0 \u00a0 \u00a0 \u00a0\u00a0<\/p>\n<p>Confirma\u00a0 \u00a0\u00a0<\/p>\n<p>T-412.602 \u00a0 \u00a0 \u00a0 \u00a0 \u00a0 \u00a0 \u00a0 \u00a0 \u00a0 \u00a0\u00a0<\/p>\n<p>Ra\u00fal A. Salcedo E. \u00a0 \u00a0 \u00a0 \u00a0 \u00a0 \u00a0 \u00a0 \u00a0 \u00a0 \u00a0\u00a0<\/p>\n<p>Ministerio de Educaci\u00f3n Nacional &#8211; Magdalena \u00a0 \u00a0 \u00a0 \u00a0 \u00a0 \u00a0 \u00a0 \u00a0 \u00a0 \u00a0\u00a0<\/p>\n<p>Juzgado 1\u00b0 Penal Municipal \u00a0 \u00a0\u00a0<\/p>\n<p>Ci\u00e9naga \u00a0 \u00a0 \u00a0 \u00a0 \u00a0 \u00a0 \u00a0 \u00a0 \u00a0 \u00a0\u00a0<\/p>\n<p>Concede \u00a0 \u00a0 \u00a0 \u00a0 \u00a0 \u00a0 \u00a0 \u00a0 \u00a0 \u00a0\u00a0<\/p>\n<p>Juzgado 1\u00b0 Penal del Circuito \u00a0 \u00a0\u00a0<\/p>\n<p>Ci\u00e9naga \u00a0 \u00a0 \u00a0 \u00a0 \u00a0 \u00a0 \u00a0 \u00a0 \u00a0 \u00a0\u00a0<\/p>\n<p>Confirma\u00a0 \u00a0\u00a0<\/p>\n<p>T-412.603 \u00a0 \u00a0 \u00a0 \u00a0 \u00a0 \u00a0 \u00a0 \u00a0 \u00a0 \u00a0\u00a0<\/p>\n<p>Zoila R. Alvarez R. \u00a0 \u00a0 \u00a0 \u00a0 \u00a0 \u00a0 \u00a0 \u00a0 \u00a0 \u00a0\u00a0<\/p>\n<p>Ministerio de Educaci\u00f3n Nacional &#8211; Magdalena \u00a0 \u00a0 \u00a0 \u00a0 \u00a0 \u00a0 \u00a0 \u00a0 \u00a0 \u00a0\u00a0<\/p>\n<p>Juzgado 1\u00b0 Penal Municipal \u00a0 \u00a0\u00a0<\/p>\n<p>Ci\u00e9naga \u00a0 \u00a0 \u00a0 \u00a0 \u00a0 \u00a0 \u00a0 \u00a0 \u00a0 \u00a0\u00a0<\/p>\n<p>Concede \u00a0 \u00a0 \u00a0 \u00a0 \u00a0 \u00a0 \u00a0 \u00a0 \u00a0 \u00a0\u00a0<\/p>\n<p>Juzgado 1\u00b0 Penal del Circuito \u00a0 \u00a0\u00a0<\/p>\n<p>Ci\u00e9naga \u00a0 \u00a0 \u00a0 \u00a0 \u00a0 \u00a0 \u00a0 \u00a0 \u00a0 \u00a0\u00a0<\/p>\n<p>Confirma\u00a0 \u00a0\u00a0<\/p>\n<p>T-412.604 \u00a0 \u00a0 \u00a0 \u00a0 \u00a0 \u00a0 \u00a0 \u00a0 \u00a0 \u00a0\u00a0<\/p>\n<p>Claudio A. Iguar\u00e1n R. \u00a0 \u00a0 \u00a0 \u00a0 \u00a0 \u00a0 \u00a0 \u00a0 \u00a0 \u00a0\u00a0<\/p>\n<p>Ministerio de Educaci\u00f3n Nacional &#8211; Magdalena \u00a0 \u00a0 \u00a0 \u00a0 \u00a0 \u00a0 \u00a0 \u00a0 \u00a0 \u00a0\u00a0<\/p>\n<p>Ci\u00e9naga \u00a0 \u00a0 \u00a0 \u00a0 \u00a0 \u00a0 \u00a0 \u00a0 \u00a0 \u00a0\u00a0<\/p>\n<p>Concede \u00a0 \u00a0 \u00a0 \u00a0 \u00a0 \u00a0 \u00a0 \u00a0 \u00a0 \u00a0\u00a0<\/p>\n<p>Juzgado 1\u00b0 Penal del Circuito \u00a0 \u00a0\u00a0<\/p>\n<p>Ci\u00e9naga \u00a0 \u00a0 \u00a0 \u00a0 \u00a0 \u00a0 \u00a0 \u00a0 \u00a0 \u00a0\u00a0<\/p>\n<p>Confirma\u00a0 \u00a0\u00a0<\/p>\n<p>T-413.473 \u00a0 \u00a0 \u00a0 \u00a0 \u00a0 \u00a0 \u00a0 \u00a0 \u00a0 \u00a0\u00a0<\/p>\n<p>Nubia Ram\u00edrez E. y otros \u00a0 \u00a0 \u00a0 \u00a0 \u00a0 \u00a0 \u00a0 \u00a0 \u00a0 \u00a0\u00a0<\/p>\n<p>Secretar\u00eda de Educaci\u00f3n &#8211; Antioquia \u00a0 \u00a0 \u00a0 \u00a0 \u00a0 \u00a0 \u00a0 \u00a0 \u00a0 \u00a0\u00a0<\/p>\n<p>Juzgado 11\u00b0 Civil Municipal \u00a0 \u00a0\u00a0<\/p>\n<p>Medell\u00edn \u00a0 \u00a0 \u00a0 \u00a0 \u00a0 \u00a0 \u00a0 \u00a0 \u00a0 \u00a0\u00a0<\/p>\n<p>Concede \u00a0 \u00a0 \u00a0 \u00a0 \u00a0 \u00a0 \u00a0 \u00a0 \u00a0 \u00a0\u00a0<\/p>\n<p>No hubo \u00a0 \u00a0 \u00a0 \u00a0 \u00a0 \u00a0 \u00a0 \u00a0 \u00a0 \u00a0\u00a0<\/p>\n<p>\u00a0 \u00a0\u00a0<\/p>\n<p>T-413.594 \u00a0 \u00a0 \u00a0 \u00a0 \u00a0 \u00a0 \u00a0 \u00a0 \u00a0 \u00a0\u00a0<\/p>\n<p>Carmen M. Ram\u00edrez Ch. \u00a0 \u00a0 \u00a0 \u00a0 \u00a0 \u00a0 \u00a0 \u00a0 \u00a0 \u00a0\u00a0<\/p>\n<p>Secretar\u00eda de Educaci\u00f3n &#8211; Antioquia \u00a0 \u00a0 \u00a0 \u00a0 \u00a0 \u00a0 \u00a0 \u00a0 \u00a0 \u00a0\u00a0<\/p>\n<p>Juzgado 1\u00b0 Penal del Circuito Turbo \u00a0 \u00a0 \u00a0 \u00a0 \u00a0 \u00a0 \u00a0 \u00a0 \u00a0 \u00a0\u00a0<\/p>\n<p>Concede \u00a0 \u00a0 \u00a0 \u00a0 \u00a0 \u00a0 \u00a0 \u00a0 \u00a0 \u00a0\u00a0<\/p>\n<p>Tribunal Superior de Antioquia \u00a0 \u00a0\u00a0<\/p>\n<p>Sala de Decisi\u00f3n Penal \u00a0 \u00a0 \u00a0 \u00a0 \u00a0 \u00a0 \u00a0 \u00a0 \u00a0 \u00a0\u00a0<\/p>\n<p>Rechaza por extemporaneidad\u00a0 \u00a0\u00a0<\/p>\n<p>T-413.657 \u00a0 \u00a0 \u00a0 \u00a0 \u00a0 \u00a0 \u00a0 \u00a0 \u00a0 \u00a0\u00a0<\/p>\n<p>Alba L. Parra C. y otros \u00a0 \u00a0 \u00a0 \u00a0 \u00a0 \u00a0 \u00a0 \u00a0 \u00a0 \u00a0\u00a0<\/p>\n<p>Secretar\u00eda de Educaci\u00f3n &#8211; Antioquia \u00a0 \u00a0 \u00a0 \u00a0 \u00a0 \u00a0 \u00a0 \u00a0 \u00a0 \u00a0\u00a0<\/p>\n<p>Juzgado 4\u00b0 Laboral del Circuito de Medell\u00edn \u00a0 \u00a0 \u00a0 \u00a0 \u00a0 \u00a0 \u00a0 \u00a0 \u00a0 \u00a0\u00a0<\/p>\n<p>Concede \u00a0 \u00a0 \u00a0 \u00a0 \u00a0 \u00a0 \u00a0 \u00a0 \u00a0 \u00a0\u00a0<\/p>\n<p>Tribunal Superior de Medell\u00edn Sala Laboral (Conjueces) \u00a0 \u00a0 \u00a0 \u00a0 \u00a0 \u00a0 \u00a0 \u00a0 \u00a0 \u00a0\u00a0<\/p>\n<p>Confirma \u00a0\u00a0<\/p>\n<p>T-413.659 \u00a0 \u00a0 \u00a0 \u00a0 \u00a0 \u00a0 \u00a0 \u00a0 \u00a0 \u00a0\u00a0<\/p>\n<p>Magda S\u00e1nchez M. y otros \u00a0 \u00a0 \u00a0 \u00a0 \u00a0 \u00a0 \u00a0 \u00a0 \u00a0 \u00a0\u00a0<\/p>\n<p>Secretar\u00eda de Educaci\u00f3n &#8211; Antioquia \u00a0 \u00a0 \u00a0 \u00a0 \u00a0 \u00a0 \u00a0 \u00a0 \u00a0 \u00a0\u00a0<\/p>\n<p>Juzgado 4\u00b0 Laboral del Circuito de Medell\u00edn \u00a0 \u00a0 \u00a0 \u00a0 \u00a0 \u00a0 \u00a0 \u00a0 \u00a0 \u00a0\u00a0<\/p>\n<p>Concede \u00a0 \u00a0 \u00a0 \u00a0 \u00a0 \u00a0 \u00a0 \u00a0 \u00a0 \u00a0\u00a0<\/p>\n<p>Tribunal Superior de Medell\u00edn Sala Laboral (Conjueces) \u00a0 \u00a0 \u00a0 \u00a0 \u00a0 \u00a0 \u00a0 \u00a0 \u00a0 \u00a0\u00a0<\/p>\n<p>T-413.660 \u00a0 \u00a0 \u00a0 \u00a0 \u00a0 \u00a0 \u00a0 \u00a0 \u00a0 \u00a0\u00a0<\/p>\n<p>Francisco E. Arboleda y otros \u00a0 \u00a0 \u00a0 \u00a0 \u00a0 \u00a0 \u00a0 \u00a0 \u00a0 \u00a0\u00a0<\/p>\n<p>Caja de Sueldos de Retiro de las Fuerzas Militares \u00a0 \u00a0 \u00a0 \u00a0 \u00a0 \u00a0 \u00a0 \u00a0 \u00a0 \u00a0\u00a0<\/p>\n<p>Tribunal Superior de Medell\u00edn Sala Laboral (Conjueces) \u00a0 \u00a0 \u00a0 \u00a0 \u00a0 \u00a0 \u00a0 \u00a0 \u00a0 \u00a0\u00a0<\/p>\n<p>Concede \u00a0 \u00a0 \u00a0 \u00a0 \u00a0 \u00a0 \u00a0 \u00a0 \u00a0 \u00a0\u00a0<\/p>\n<p>No hubo \u00a0 \u00a0 \u00a0 \u00a0 \u00a0 \u00a0 \u00a0 \u00a0 \u00a0 \u00a0\u00a0<\/p>\n<p>\u00a0 \u00a0<\/p>\n<p>II. CONSIDERACIONES Y FUNDAMENTOS \u00a0<\/p>\n<p>1. Competencia \u00a0<\/p>\n<p>La Corte Constitucional, a trav\u00e9s de esta Sala, es competente para revisar las providencias proferidas por los jueces de instancia dentro del proceso de la referencia, en desarrollo de las facultades conferidas en los art\u00edculos 86 y 241 numeral 9 de la Constituci\u00f3n Pol\u00edtica, y de conformidad con los art\u00edculos 33 a 36 del Decreto 2591 de 1991. \u00a0<\/p>\n<p>2. Problema jur\u00eddico \u00a0<\/p>\n<p>De acuerdo con los hechos rese\u00f1ados, procede la Corte Constitucional a determinar si pueden los servidores p\u00fablicos y los ex servidores pensionados argumentar la vulneraci\u00f3n de sus derechos fundamentales para solicitar por medio de la acci\u00f3n de tutela el incremento de sus salarios o pensiones, con la consecuencia de modificar por esta v\u00eda la pol\u00edtica salarial establecida por las autoridades competentes de manera general. \u00a0<\/p>\n<p>3. Consideraciones \u00a0<\/p>\n<p>La Sala Plena de la Corte Constitucional ha reiterado en varias ocasiones, incluso en decisiones de unificaci\u00f3n que han contado con el respaldo un\u00e1nime de sus Magistrados, las razones por las cuales la acci\u00f3n de tutela es un mecanismo improcedente para solicitar modificaciones a las pol\u00edticas salariales de car\u00e1cter general fijadas por las autoridades competentes con el \u00e1nimo de reclamar la vulneraci\u00f3n de los derechos invocados. Esta Corporaci\u00f3n afirm\u00f3: \u00a0<\/p>\n<p>\u201cal juez constitucional no le corresponde interferir, por v\u00eda de tutela, en las decisiones generales abstractas e impersonales confiadas por la Constituci\u00f3n Pol\u00edtica a otras autoridades estatales, aunque si podr\u00eda, en defensa de aquellas situaciones concretas y particulares que le competen, ordenar que se adopten medidas excepcionales con el prop\u00f3sito de salvaguardar los derechos de aquellos que, por quedar cubiertos en una decisi\u00f3n general, resultan discriminados y por tanto desprotegidos.\u00a0 \u00a0<\/p>\n<p>\u201cDe tal manera que, tal como lo consideraron los jueces de instancia, mediante la acci\u00f3n de tutela no es posible sustituir al Gobierno Nacional en su gesti\u00f3n de formular y aplicar la pol\u00edtica fiscal del Estado, como tampoco resulta procedente, con el prop\u00f3sito por dem\u00e1s loable de proteger los derechos fundamentales, cuestionar las decisiones que con respecto a esta facultad se tomen, porque de ser posibles la sustituci\u00f3n y la disputa, tendr\u00edamos que concluir que el constituyente le confi\u00f3 al juez constitucional, por v\u00eda de tutela, el poder omn\u00edmodo de decidir en todos los asuntos p\u00fablicos, incluyendo la direcci\u00f3n econ\u00f3mica del Estado lo cual, adem\u00e1s de impertinente, contradice abiertamente la Constituci\u00f3n Pol\u00edtica. Este ordenamiento determina con claridad las funciones de los diferentes \u00f3rganos del poder p\u00fablico delimitando las concurrencias, las cuales se establecen, como mecanismos de control y cooperaci\u00f3n en la consecuci\u00f3n de los fines del Estado, pero nunca como inmisiones o interferencias (Art. 113. C.P.).\u00a0 \u00a0<\/p>\n<p>\u201cAs\u00ed las cosas, corresponde al Gobierno Nacional la formulaci\u00f3n anual del presupuesto de rentas y ley de apropiaciones que deber\u00e1 corresponder al Plan \u00a0de Desarrollo, de conformidad con lo dispuesto en el art\u00edculo 346 de la Constituci\u00f3n Pol\u00edtica y compete al Congreso Nacional su aprobaci\u00f3n. Por su parte, esta Corporaci\u00f3n es la encargada de estudiar y decidir respecto de su constitucionalidad, si en ejercicio de la acci\u00f3n p\u00fablica de inconstitucionalidad se llegare a controvertir.\u00a0 \u00a0<\/p>\n<p>\u201cEn consecuencia si como lo expone con claridad el Ministro de Hacienda y Cr\u00e9dito P\u00fablico y lo ha sostenido esta Corporaci\u00f3n, compete al Gobierno \u00a0presentar el proyecto de presupuesto y la ley de apropiaciones en armon\u00eda con su pol\u00edtica econ\u00f3mica y fiscal, no le corresponde al juez de tutela ordenar su modificaci\u00f3n con miras a que se incluya un rubro destinado al incremento salarial de los servidores p\u00fablicos, porque, de hacerlo, se inmiscuir\u00eda por v\u00eda de tutela, en los asuntos que competen a otras autoridades, desbordando as\u00ed la competencia constitucional conferida en el art\u00edculo 86 de la Constituci\u00f3n Pol\u00edtica y deber\u00e1 responder por extralimitaci\u00f3n de funciones de conformidad con lo dispuesto por el art\u00edculo 6 del mismo ordenamiento.\u00a0 \u00a0<\/p>\n<p>\u201cDe otra parte, debe recordarse que en la contestaci\u00f3n a las acciones de tutela cuyas decisiones se revisan, el Ministro de Hacienda y Cr\u00e9dito P\u00fablico relaciona la decisi\u00f3n del Gobierno de no incluir en el proyecto de presupuesto un rubro destinado a incrementar la remuneraci\u00f3n de los servidores p\u00fablicos que devengan m\u00e1s de dos salarios m\u00ednimos, con la necesidad de incluir en el proyecto de ley de presupuesto compromisos que cuenten con los correspondientes recursos para que puedan efectivamente ser atendidos, de conformidad con lo dispuesto por el art\u00edculo 39 del Decreto 111 de 1996, Estatuto Org\u00e1nico del Presupuesto.\u00a0 \u00a0<\/p>\n<p>\u201cEsta menci\u00f3n del Ministro de Hacienda no puede pasar inadvertida, porque de conformidad con la regla de legalidad del gasto que es un desarrollo del principio de legalidad de la funci\u00f3n p\u00fablica, esta Corporaci\u00f3n no podr\u00eda crear la obligaci\u00f3n a cargo del Estado de reajustar el salario de los servidores p\u00fablicos en un monto determinado y para una vigencia espec\u00edfica, como tampoco ordenar que el Gobierno Nacional lo haga, porque adem\u00e1s de transgredir los art\u00edculos 6\u00b0 y 86 de la Constituci\u00f3n Pol\u00edtica, como qued\u00f3 explicado, quebrantar\u00eda los art\u00edculos 345, 346 y 347 del mismo ordenamiento, como tambi\u00e9n el art\u00edculo 71 del Estatuto Org\u00e1nico del Presupuesto (Decreto 111 de 1996). Lo anterior por cuanto, de conformidad con estas disposiciones no se puede crear una obligaci\u00f3n ni tampoco ordenar un gasto, sin que se cuente para el efecto con la respectiva disponibilidad presupuestal. As\u00ed mismo, no debe olvidarse que el art\u00edculo 136 del C\u00f3digo Penal tipifica como peculado comprometer sumas superiores a las fijadas en \u201cel presupuesto\u201d al igual que invertir las incluidas en \u00e9ste en forma diferente a la prevista. De tal suerte que, tanto por la naturaleza de la acci\u00f3n de tutela como por el principio de legalidad del gasto p\u00fablico, el juez constitucional no puede por v\u00eda de tutela incrementar el salario de los accionantes como tampoco ordenar al Gobierno Nacional que lo haga. \u00a0<\/p>\n<p>&#8230; \u00a0<\/p>\n<p>\u201c4.- Improcedencia de la acci\u00f3n de tutela como medida transitoria.\u00a0 \u00a0<\/p>\n<p>\u201c&#8230;\u00a0 \u00a0<\/p>\n<p>\u201c &#8230; se observa que todos los accionantes invocan la protecci\u00f3n transitoria arguyendo que se disminuy\u00f3 el poder adquisitivo de su salario al no haberse decretado su reajuste de conformidad al incremento del IPC para el a\u00f1o inmediatamente anterior. Ninguno se refiere a circunstancias especiales, como tampoco se aportan pruebas de hechos excepcionales que ameriten protecci\u00f3n. De ah\u00ed que ha de considerarse que \u00e9stos han sido afectados por el incremento del costo de vida, al igual que todos los habitantes del territorio, problem\u00e1tica que debido a su generalidad y a su componente estructural, no puede remediarse mediante las \u00f3rdenes que compete impartir al juez de tutela.\u00a0 \u00a0<\/p>\n<p>\u201cAdem\u00e1s, de conformidad con lo expuesto por la apoderada de la Secretar\u00eda Jur\u00eddica de la Presidencia de la Rep\u00fablica, corroborado por el Ministerio de Hacienda y Cr\u00e9dito P\u00fablico y no contradicho por los actores, \u201cdebido a que a los servidores p\u00fablicos tuvieron en 1999 un incremento real de 3 puntos, al comparar el aumento salarial del 15% frente a una inflaci\u00f3n esperada del 12%. Como la inflaci\u00f3n prevista para el a\u00f1o 2000 es de un 10% y la masa salarial crecer\u00e1 un 5.6% , se presenta en el presenta a\u00f1o una p\u00e9rdida de 4 puntos que pr\u00e1cticamente es compensada con el aumento real obtenido por los servidores p\u00fablicos en el a\u00f1o inmediatamente anterior\u201d. Quiere decir entonces que la violaci\u00f3n general impersonal y abstracta del derecho al trabajo de los servidores p\u00fablicos, invocada para fundamentar el amparo provisional, no ha sido grave e irreparable porque, en t\u00e9rminos globales, de llegar la inflaci\u00f3n al 10% en el presente a\u00f1o, la p\u00e9rdida del poder adquisitivo de la masa salarial que conforman estos servidores ser\u00eda m\u00ednima.\u00a0 \u00a0<\/p>\n<p>Tal como lo ha hecho la Corte en los casos en los que existe identidad tanto en los hechos como en las pretensiones de las acciones de tutela que fueron revisadas en la Sentencia SU-1052 de 2000, nuevamente habr\u00e1 de reiterarse que la acci\u00f3n de tutela no procede, ni siquiera como mecanismo transitorio, para solicitar un incremento de los salarios o de las pensiones, de los empleados o ex empleados del Estado. \u00a0<\/p>\n<p>Puntualiza la Corte que en ninguno de los procesos objeto de revisi\u00f3n aparecen circunstancias especiales ni hechos excepcionales que hagan necesario llegar a una decisi\u00f3n diferente. \u00a0<\/p>\n<p>III. DECISION \u00a0<\/p>\n<p>La Corte por lo tanto reitera lo sostenido en la Sentencia SU-1052 de 2000. \u00a0<\/p>\n<p>IV. RESOLUCION \u00a0<\/p>\n<p>En m\u00e9rito de lo expuesto, la Sala Tercera de Revisi\u00f3n de la Corte Constitucional, administrando justicia en nombre del pueblo y por mandato de la Constituci\u00f3n, \u00a0<\/p>\n<p>RESUELVE \u00a0<\/p>\n<p>Primero.- REVOCAR los fallos proferidos por el Juzgado 1\u00b0 Penal del Circuito de Ci\u00e9naga (Expedientes T-412594, T-412595, T-412596, T-412597, T-412598, T-412599, T-412600, T-412601, T-412602, T-412603, T-412604), el fallo proferido por el Juzgado 11\u00b0 Civil Municipal de Medell\u00edn (Expediente T-413473), el fallo proferido por el Juzgado 1\u00b0 Penal del Circuito de Turbo (Expediente T-413594) y los fallos proferidos por la Sala Laboral (Conjueces) del Tribunal Superior de Medell\u00edn (T-413657, T-413659 y T-413660). \u00a0<\/p>\n<p>Segundo.- DENEGAR el amparo solicitado por los actores. \u00a0<\/p>\n<p>Tercero.- DESE cumplimiento \u00a0a lo previsto por el art\u00edculo 36 del Decreto 2591 de 1991. \u00a0<\/p>\n<p>Notif\u00edquese, comun\u00edquese, ins\u00e9rtese en la Gaceta de la Corte Constitucional y c\u00famplase, \u00a0<\/p>\n<p>MANUEL JOSE CEPEDA \u00a0ESPINOSA \u00a0<\/p>\n<p>Magistrado \u00a0<\/p>\n<p>JAIME C\u00d3RDOBA TRIVI\u00d1O \u00a0<\/p>\n<p>Magistrado \u00a0<\/p>\n<p>RODRIGO ESCOBAR GIL \u00a0<\/p>\n<p>Magistrado \u00a0<\/p>\n<p>MARTHA VICTORIA S\u00c1CHICA DE MONCALEANO \u00a0<\/p>\n<p>Secretaria General \u00a0<\/p>\n<p>\u00a0 \u00a0\u00a0<\/p>\n<p>1 Sentencia SU-1052 de 2000. M.P. Alvaro Tafur Galvis (En dicha sentencia, la Corte Constitucional confirm\u00f3 los fallos proferidos por varias autoridades judiciales, en los que se niegan las tutelas interpuestas por los accionantes en contra de la Naci\u00f3n por la decisi\u00f3n de no incrementar los salarios y las pensiones de los servidores y ex servidores estatales). \u00a0 \u00a0<\/p>\n<p><\/p>\n","protected":false},"excerpt":{"rendered":"<p>\u00a0 \u00a0 {p} \u00a0 Sentencia T-447\/01 \u00a0 ACCION DE TUTELA TRANSITORIA-Improcedencia incremento salarial para servidores p\u00fablicos \u00a0 Reiteraci\u00f3n de Jurisprudencia \u00a0 Referencia: expediente T-412594 y acumulados (T-412595, T-412596, T-412597, T-412598, T-412599, T-412600, T-412601, T-412602, T-412603, T-412604, T-413473, T-413594, T-413657, T-413659 y T-413660) \u00a0 Acci\u00f3n de tutela instaurada por Yanira Coronado Avenda\u00f1o y otros en contra [&hellip;]<\/p>\n","protected":false},"author":1,"featured_media":0,"comment_status":"open","ping_status":"open","sticky":false,"template":"","format":"standard","meta":{"footnotes":""},"categories":[47],"tags":[],"class_list":["post-7631","post","type-post","status-publish","format-standard","hentry","category-tutelas-2001"],"_links":{"self":[{"href":"https:\/\/www.dmsjuridica.com\/buscador_20179478954\/corteconstitucionalcronologico202454587\/wp-json\/wp\/v2\/posts\/7631","targetHints":{"allow":["GET"]}}],"collection":[{"href":"https:\/\/www.dmsjuridica.com\/buscador_20179478954\/corteconstitucionalcronologico202454587\/wp-json\/wp\/v2\/posts"}],"about":[{"href":"https:\/\/www.dmsjuridica.com\/buscador_20179478954\/corteconstitucionalcronologico202454587\/wp-json\/wp\/v2\/types\/post"}],"author":[{"embeddable":true,"href":"https:\/\/www.dmsjuridica.com\/buscador_20179478954\/corteconstitucionalcronologico202454587\/wp-json\/wp\/v2\/users\/1"}],"replies":[{"embeddable":true,"href":"https:\/\/www.dmsjuridica.com\/buscador_20179478954\/corteconstitucionalcronologico202454587\/wp-json\/wp\/v2\/comments?post=7631"}],"version-history":[{"count":0,"href":"https:\/\/www.dmsjuridica.com\/buscador_20179478954\/corteconstitucionalcronologico202454587\/wp-json\/wp\/v2\/posts\/7631\/revisions"}],"wp:attachment":[{"href":"https:\/\/www.dmsjuridica.com\/buscador_20179478954\/corteconstitucionalcronologico202454587\/wp-json\/wp\/v2\/media?parent=7631"}],"wp:term":[{"taxonomy":"category","embeddable":true,"href":"https:\/\/www.dmsjuridica.com\/buscador_20179478954\/corteconstitucionalcronologico202454587\/wp-json\/wp\/v2\/categories?post=7631"},{"taxonomy":"post_tag","embeddable":true,"href":"https:\/\/www.dmsjuridica.com\/buscador_20179478954\/corteconstitucionalcronologico202454587\/wp-json\/wp\/v2\/tags?post=7631"}],"curies":[{"name":"wp","href":"https:\/\/api.w.org\/{rel}","templated":true}]}}