{"id":8818,"date":"2024-05-31T16:33:44","date_gmt":"2024-05-31T16:33:44","guid":{"rendered":"https:\/\/www.dmsjuridica.com\/buscador_20179478954\/corteconstitucionalcronologico202454587\/2024\/05\/31\/t-565-02\/"},"modified":"2024-05-31T16:33:44","modified_gmt":"2024-05-31T16:33:44","slug":"t-565-02","status":"publish","type":"post","link":"https:\/\/www.dmsjuridica.com\/buscador_20179478954\/corteconstitucionalcronologico202454587\/t-565-02\/","title":{"rendered":"T-565-02"},"content":{"rendered":"\n<p>\u00a0 \u00a0 Sentencia T-565\/02 \u00a0<\/p>\n<p>ACCION DE TUTELA-Procedencia excepcional pago de acreencias laborales\/DERECHO AL MINIMO VITAL DEL TRABAJADOR-No afectaci\u00f3n por no pago de primas complementarias de salario a educadores \u00a0<\/p>\n<p>\u00a0 Reiteraci\u00f3n de Jurisprudencia \u00a0<\/p>\n<p>Referencia: expedientes T-592441 y T-592442\u00a0 \u00a0<\/p>\n<p>Acciones de tutela instauradas por Melida Margarita G\u00f3mez Duque y Araceli Luna, contra la Tesorer\u00eda General del Departamento de Antioquia.\u00a0 \u00a0<\/p>\n<p>Magistrado Ponente: \u00a0<\/p>\n<p>Dr. ALVARO TAFUR GALVIS \u00a0<\/p>\n<p>Bogot\u00e1 D.C., veinticinco (25) de julio de dos mil dos (2002). \u00a0<\/p>\n<p>La Sala Octava de Revisi\u00f3n de Tutelas de la Corte Constitucional, integrada por los Magistrados CLARA IN\u00c9S VARGAS HERN\u00c1NDEZ, JAIME ARAUJO RENTER\u00cdA y \u00c1LVARO TAFUR GALVIS, en ejercicio de sus competencias constitucionales y legales, ha proferido la siguiente, \u00a0<\/p>\n<p>SENTENCIA \u00a0<\/p>\n<p>dentro del proceso de revisi\u00f3n de las sentencias proferidas por el Juzgado Catorce Civil del Circuito de Medell\u00edn, en el tr\u00e1mite de las acciones de tutela interpuestas por Melida Margarita G\u00f3mez Duque y Araceli Luna, contra la Tesorer\u00eda General del Departamento de Antioquia. \u00a0<\/p>\n<p>\u00a0 \u00a0 \u00a0<\/p>\n<p>I. ANTECEDENTES. \u00a0 \u00a0<\/p>\n<p>Los hechos que motivaron las presentes acciones de tutela y que son objeto de revisi\u00f3n, pueden sintetizarse en los siguientes puntos: \u00a0<\/p>\n<p>\u00a0 \u00a0 \u00a0<\/p>\n<p>1. Las tutelantes son docentes vinculadas al Departamento de Antioquia, y laboran en diferentes centros educativos de dicha entidad territorial. \u00a0 \u00a0<\/p>\n<p>\u00a0 \u00a0 \u00a0<\/p>\n<p>1. El Departamento de Antioquia mediante ordenanzas departamentales cre\u00f3 \u00a0varias primas complementarias al salario b\u00e1sico, siendo una de ellas la denominada Prima de Vida Cara, la cual corresponde al ciento por ciento (100%) del monto del salario b\u00e1sico mensual devengado en se momento, la cual ser\u00eda pagada a todos los docentes en dos pagos: uno en el mes de febrero y el otro en el mes de agosto. \u00a0 \u00a0<\/p>\n<p>\u00a0 \u00a0 \u00a0<\/p>\n<p>1. No obstante lo anterior, manifiestan las aqu\u00ed tutelantes, que de manera discriminatoria el Departamento de Antioquia ha pagado a algunos docentes y funcionarios la prima en cuesti\u00f3n sin que para ello exista justificaci\u00f3n alguna. \u00a0 \u00a0<\/p>\n<p>Ante tal situaci\u00f3n, consideran las demandantes violado su derecho fundamental a la igualdad y piden su amparo constitucional. Para ello, solicitan se ordene al se\u00f1or Gobernador de Antioquia el pago total de los dineros correspondientes a la Prima de Vida Cara la cual se les adeuda. \u00a0<\/p>\n<p>II. DECISIONES JUDICIALES OBJETO DE REVISI\u00d3N. \u00a0<\/p>\n<p>En sentencias proferidas los d\u00edas veinticinco \/25) y veintis\u00e9is (26) de febrero del presente a\u00f1o, el Juzgado Catorce Civil del Circuito de Medell\u00edn, deneg\u00f3 las tutelas en cuesti\u00f3n. Con similares argumentos se\u00f1al\u00f3 que lo pretendido por las accionantes en estas tutelas, es lograr el pago de acreencias laborales, el cual se puede obtener por v\u00eda laboral. Adem\u00e1s, de los hechos no se puede deducir la vulneraci\u00f3n de ning\u00fan derecho fundamental en concreto, pues no se ha afectado ni su m\u00ednimo vital, ni el derecho a la protecci\u00f3n de las personas de la tercera edad; tampoco se esta ante una situaci\u00f3n apremiante e irresistible. No se vislumbra la violaci\u00f3n del derecho a la igualdad, pues lo que se advierte es un trato diferente frente a otros docentes que se encuentran bajo otros reg\u00edmenes salariales y prestacionales. Finalmente, los accionantes tampoco probaron que frente a otros docentes en igualdad de condiciones que ellos, se haya presentado un trato discriminatorio. \u00a0<\/p>\n<p>III. CONSIDERACIONES Y FUNDAMENTOS. \u00a0<\/p>\n<p>\u00a0 \u00a0 \u00a0<\/p>\n<p>1. Competencia \u00a0 \u00a0<\/p>\n<p>De conformidad con lo establecido en los art\u00edculos 86 y 241-9 de la Constituci\u00f3n Pol\u00edtica y en los art\u00edculos 31 a 36 del Decreto 2591 de 1991, la Corte Constitucional es competente para revisar las decisiones judiciales mencionadas.\u00a0 \u00a0<\/p>\n<p>\u00a0 \u00a0 \u00a0<\/p>\n<p>1. Reiteraci\u00f3n de jurisprudencia. Improcedencia de la acci\u00f3n de tutela para el pago de acreencias laborales. No afectaci\u00f3n del m\u00ednimo vital, ni violaci\u00f3n del derecho a la igualdad. \u00a0 \u00a0<\/p>\n<p>Esta Corporaci\u00f3n con ocasi\u00f3n de numerosas acciones de tutela instauradas por los docentes del Departamento de Antioquia contra dicho ente territorial o contra su Tesorer\u00eda Departamental, y falladas en sentencias T-376, T-440, T-541, T-605, T-656, T-724, T-808, T-851 y T-887 todas de 2000 y cuyo Magistrado Ponente fue el doctor Antonio Barrera Carbonell, as\u00ed como en la sentencia T-1218 del mismo a\u00f1o, Magistrado Ponente Alejandro Mart\u00ednez Caballero, y en sentencias T-286 y T-321 de 2001, Magistrado Ponente Alvaro Tafur Galvis se se\u00f1alaron las consideraciones que a continuaci\u00f3n se transcriben: \u00a0<\/p>\n<p>\u201c2.1. Seg\u00fan el art\u00edculo 86 de la Constituci\u00f3n Pol\u00edtica la acci\u00f3n de tutela es un mecanismo subsidiario de defensa, pues ella s\u00f3lo procede \u201ccuando el afectado no disponga de otro medio de defensa judicial, salvo que aqu\u00e9lla se utilice como mecanismo transitorio para evitar un perjuicio irremediable.\u201d \u00a0<\/p>\n<p>\u201cEn concordancia con tal disposici\u00f3n, la jurisprudencia constitucional ha establecido que los jueces de tutela no tienen competencia para resolver conflictos jur\u00eddicos ocasionados en el incumplimiento de obligaciones de \u00edndole laboral, a menos que ello comprometa o amenace el m\u00ednimo vital del peticionario, caso en el cual la tutela se torna id\u00f3nea para que a trav\u00e9s de este medio se pueda obtener el pago de aqu\u00e9llas, aun existiendo otras v\u00edas judiciales para lograr ese cometido.\u00a0 \u00a0<\/p>\n<p>\u00a0 \u00a0<\/p>\n<p>\u201c2.2. Sobre la afectaci\u00f3n del m\u00ednimo vital o de subsistencia ha dicho la Corte, en reiterada jurisprudencia, que \u00e9ste se presume afectado, cuando la suspensi\u00f3n en el pago del salario se prolonga indefinidamente en el tiempo, de tal suerte que se coloca al trabajador y a su familia en una situaci\u00f3n econ\u00f3mica cr\u00edtica que afecta sus derechos fundamentales y que hace necesaria la intervenci\u00f3n r\u00e1pida y eficaz del juez de tutela para restablecer su goce, correspondi\u00e9ndole al demandado la demostraci\u00f3n de que el peticionario de la tutela cuenta con otros ingresos o recursos, con los cuales pueda atender sus necesidades primarias vitales y las de su familia.\u00a0 \u00a0<\/p>\n<p>\u201c2.3. En relaci\u00f3n con la procedencia de la acci\u00f3n de tutela frente al pago de obligaciones laborales, esta Corporaci\u00f3n en la sentencia de unificaci\u00f3n SU-995\/991, expres\u00f3: \u00a0<\/p>\n<p>\u2018b. La acci\u00f3n de tutela s\u00f3lo proceder\u00e1 como mecanismo para evitar que el trabajador sufra una situaci\u00f3n cr\u00edtica econ\u00f3mica y psicol\u00f3gica. Con esta referencia se busca dejar intacta la competencia de la jurisdicci\u00f3n laboral ordinaria, cuando no se trate de situaciones injustificadas, inminentes y graves que hacen urgente la intervenci\u00f3n del juez de amparo2. Esta Corporaci\u00f3n ha dicho al respecto: \u00a0<\/p>\n<p>\u201cLa jurisprudencia de la Corte ha sido enf\u00e1tica en sostener que la liquidaci\u00f3n y pago de obligaciones laborales escapa al \u00e1mbito propio de la acci\u00f3n de tutela, y si bien es cierto ha admitido su procedencia en algunos casos, ellos han sido excepcionales y, primordialmente, sustentados en la falta de idoneidad del medio ordinario en los t\u00e9rminos que se dejan expuestos, relativos siempre de manera espec\u00edfica y directa a las circunstancias en las que se encuentra el actor, lo cual excluye de plano que pueda concederse el amparo judicial para los indicados fines, masiva e indiscriminadamente\u201d3 \u00a0<\/p>\n<p>\u201cEn el mismo fallo se afirma:\u00a0 \u00a0<\/p>\n<p>\u2018As\u00ed, ha encontrado la Corte que puede tutelarse el derecho del trabajador a obtener el pago de su salario cuando resulta afectado el m\u00ednimo vital (Cfr. sentencias T-426 del 24. de junio de 1992, T-063 del 22 de febrero de 1995, y T-437 del 16 de septiembre de 1996); que es posible intentar la acci\u00f3n de tutela para que se cancelen las mesadas pensionales dejadas de percibir por una &#8216;0persona de la tercera edad en circunstancias apremiantes y siendo ese su \u00fanico ingreso (Cfr. sentencias T-426 del 24 de junio de 1992, T-147 del 4 de abril de 1995, T-244 del 1 de junio de 1995, T-212 del 14 de mayo de 1996 y T- 608 del 13 de noviembre de 1996); que cuando la entidad obligada al pago de la pensi\u00f3n revoca unilateralmente su reconocimiento, procede la tutela para restablecer el derecho del afectado (Cfr. sentencia T-246 del 3 de junio de 1996); que es posible restaurar, por la v\u00eda del amparo, la igualdad quebrantada por el Estado cuando se discrimina entre los trabajadores, para fijar el momento de la cancelaci\u00f3n de prestaciones, favoreciendo con un pago r\u00e1pido a quienes se acogen a determinado r\u00e9gimen y demor\u00e1ndolo indefinidamente a aquellos que han optado por otro (Cfr. sentencia T-418 del 9 de septiembre de 1996); que resulta admisible la tutela para \u00b4eliminar las desigualdades generadas por el uso indebido de los pactos colectivos de trabajo con el objeto de desestimular la asociaci\u00f3n sindical\u00b4\u201c (sentencia SU-342 del 2 de agosto de 1995, M\u00a0.P. Antonio Barrera Carbonell) Resalta la Sala.\u2019 \u00a0<\/p>\n<p>\u201c2.4. Analizadas las demandas, se pone de presente que en ellas los demandantes no solicitan el pago de sus salarios, sino de algunas primas que tienen el car\u00e1cter de complementos salariales; de donde \u00a0se deduce que la administraci\u00f3n departamental ha cumplido sus obligaciones en relaci\u00f3n con el pago de salarios. Tampoco se afirma por los demandantes que se les haya afectado el m\u00ednimo vital con el no pago de las primas reclamadas; ni dentro del proceso existe prueba alguna que permita a la Sala inferir que se ha afectado el referido m\u00ednimo.\u00a0 \u00a0<\/p>\n<p>\u201cLa demostraci\u00f3n de la lesi\u00f3n del m\u00ednimo vital es una condici\u00f3n necesaria para la procedencia de la acci\u00f3n y para que se puedan despachar favorablemente las pretensiones de los actores. \u00a0<\/p>\n<p>\u201cAdem\u00e1s, con las declaraciones de algunos de los demandantes y la informaci\u00f3n suministrada por el Tesorero General del Departamento, se pudo establecer que el m\u00ednimo vital de estas personas no est\u00e1 comprometiendo, toda vez que est\u00e1n recibiendo el pago oportuno de sus salarios y de las otras acreencias laborales legales, adeud\u00e1ndoseles solamente las primas extralegales. \u00a0<\/p>\n<p>\u201cEn cuanto a la alegada violaci\u00f3n del derecho a la igualdad, tampoco se ha establecido discriminaci\u00f3n alguna por la administraci\u00f3n departamental, si se tiene en cuenta que a las personas a quienes no se les ha cancelado esas primas son educadores nacionalizados al servicio del Departamento de Antioquia, que se les paga con recursos provenientes del situado fiscal, a diferencia de los educadores departamentales y municipales a quienes si se les ha pagado, pero con cargo a los presupuestos del departamento o de cada municipio. \u00a0<\/p>\n<p>\u201cEn tales circunstancias, la tutela resulta ser un mecanismo inadecuado para obtener el pago de las referidas primas, dado que el incumplimiento de la administraci\u00f3n no configura una vulneraci\u00f3n o lesi\u00f3n de su m\u00ednimo vital, definido \u00e9ste como \u201clos requerimientos b\u00e1sicos indispensables para asegurar la digna subsistencia de la persona y de su familia, no solamente en lo relativo a alimentaci\u00f3n y vestuario sino en lo referente a la salud, educaci\u00f3n, vivienda, seguridad social y medio ambiente, en cuanto factores insustituibles para la preservaci\u00f3n de una calidad de vida que, no obstante su modestia, corresponda a las exigencias m\u00e1s elementales del ser humano4.\u201d \u00a0 \u00a0<\/p>\n<p>\u201cEn consecuencia, los demandantes tienen expeditos los instrumentos procesales ordenados, el proceso ejecutivo laboral, o la acci\u00f3n contenciosa administrativa, previo agotamiento de la v\u00eda gubernativa, para obtener la protecci\u00f3n de sus derechos.\u201d \u00a0<\/p>\n<p>En los casos objeto de revisi\u00f3n, al igual que en sentencias anteriores a las cuales se hizo alusi\u00f3n, las accionantes reclaman el pago de una prima complementaria del salario, m\u00e1s sin embargo, no reclaman el pago de este \u00faltimo, de donde se puede concluir que no hay afectaci\u00f3n alguna del m\u00ednimo vital. En efecto, de los expedientes se deduce que las demandantes quienes son docentes, perciben en la actualidad su salario, raz\u00f3n por lo cual no encuentran afectadas sus condiciones m\u00ednimas de vida digna, y no justifica por lo mismo la procedencia del amparo constitucional solicitado. \u00a0<\/p>\n<p>Por lo tanto, esta Sala de Revisi\u00f3n, con base en las mismas consideraciones expuestas en las sentencias ya referidas, confirmara las decisiones que negaron las tutelas objeto de revisi\u00f3n. \u00a0<\/p>\n<p>IV. DECISI\u00d3N. \u00a0<\/p>\n<p>En m\u00e9rito de lo expuesto, la Sala Octava de Revisi\u00f3n de la Corte Constitucional, administrando justicia en nombre del pueblo y por mandato de la Constituci\u00f3n, \u00a0<\/p>\n<p>RESUELVE \u00a0<\/p>\n<p>Primero. CONFIRMAR las decisiones proferidas por el Juzgado Catorce Civil del Circuito de Medell\u00edn los d\u00edas 25 y 26 de febrero del presente a\u00f1o, dentro del tr\u00e1mite de las acciones de tutela promovidas por las accionantes Melida Margarita G\u00f3mez Duque y Araceli Luna, pero por las consideraciones aqu\u00ed expuestas. \u00a0<\/p>\n<p>Segundo. Por Secretar\u00eda General, l\u00edbrese la comunicaci\u00f3n de que trata el art\u00edculo 36 del Decreto 2591 de 1991. \u00a0<\/p>\n<p>Notif\u00edquese, comun\u00edquese, publ\u00edquese en la Gaceta de la Corte Constitucional y c\u00famplase. \u00a0<\/p>\n<p>ALVARO TAFUR GALVIS \u00a0<\/p>\n<p>Magistrado Ponente \u00a0<\/p>\n<p>CLARA IN\u00c9S VARGAS HERN\u00c1NDEZ \u00a0<\/p>\n<p>Magistrada \u00a0<\/p>\n<p>JAIME ARA\u00daJO RENTER\u00cdA \u00a0<\/p>\n<p>Magistrado \u00a0<\/p>\n<p>MARTHA VICTORIA S\u00c1CHICA DE MONCALEANO \u00a0<\/p>\n<p>Secretaria General \u00a0 \u00a0<\/p>\n<p>2 Se pueden consultar, entre otras, las sentencias: T-225 de 1993 M.P. Vladimiro Naranjo Mesa y T-125 de 1994. M.P. Jos\u00e9 Gregorio Hern\u00e1ndez Galindo. \u00a0<\/p>\n<p>3 Corte Constitucional Sentencia T-01 de 1997. M.P. Jos\u00e9 Gregorio Hern\u00e1ndez Galindo.\u00a0 \u00a0<\/p>\n<p>4 Sentencias T-246 de \u00a01992; T-366 de 1998, entre otras \u00a0 \u00a0<\/p>\n<p><\/p>\n","protected":false},"excerpt":{"rendered":"<p>\u00a0 \u00a0 Sentencia T-565\/02 \u00a0 ACCION DE TUTELA-Procedencia excepcional pago de acreencias laborales\/DERECHO AL MINIMO VITAL DEL TRABAJADOR-No afectaci\u00f3n por no pago de primas complementarias de salario a educadores \u00a0 \u00a0 Reiteraci\u00f3n de Jurisprudencia \u00a0 Referencia: expedientes T-592441 y T-592442\u00a0 \u00a0 Acciones de tutela instauradas por Melida Margarita G\u00f3mez Duque y Araceli Luna, contra la [&hellip;]<\/p>\n","protected":false},"author":1,"featured_media":0,"comment_status":"open","ping_status":"open","sticky":false,"template":"","format":"standard","meta":{"footnotes":""},"categories":[51],"tags":[],"class_list":["post-8818","post","type-post","status-publish","format-standard","hentry","category-tutelas-2002"],"_links":{"self":[{"href":"https:\/\/www.dmsjuridica.com\/buscador_20179478954\/corteconstitucionalcronologico202454587\/wp-json\/wp\/v2\/posts\/8818","targetHints":{"allow":["GET"]}}],"collection":[{"href":"https:\/\/www.dmsjuridica.com\/buscador_20179478954\/corteconstitucionalcronologico202454587\/wp-json\/wp\/v2\/posts"}],"about":[{"href":"https:\/\/www.dmsjuridica.com\/buscador_20179478954\/corteconstitucionalcronologico202454587\/wp-json\/wp\/v2\/types\/post"}],"author":[{"embeddable":true,"href":"https:\/\/www.dmsjuridica.com\/buscador_20179478954\/corteconstitucionalcronologico202454587\/wp-json\/wp\/v2\/users\/1"}],"replies":[{"embeddable":true,"href":"https:\/\/www.dmsjuridica.com\/buscador_20179478954\/corteconstitucionalcronologico202454587\/wp-json\/wp\/v2\/comments?post=8818"}],"version-history":[{"count":0,"href":"https:\/\/www.dmsjuridica.com\/buscador_20179478954\/corteconstitucionalcronologico202454587\/wp-json\/wp\/v2\/posts\/8818\/revisions"}],"wp:attachment":[{"href":"https:\/\/www.dmsjuridica.com\/buscador_20179478954\/corteconstitucionalcronologico202454587\/wp-json\/wp\/v2\/media?parent=8818"}],"wp:term":[{"taxonomy":"category","embeddable":true,"href":"https:\/\/www.dmsjuridica.com\/buscador_20179478954\/corteconstitucionalcronologico202454587\/wp-json\/wp\/v2\/categories?post=8818"},{"taxonomy":"post_tag","embeddable":true,"href":"https:\/\/www.dmsjuridica.com\/buscador_20179478954\/corteconstitucionalcronologico202454587\/wp-json\/wp\/v2\/tags?post=8818"}],"curies":[{"name":"wp","href":"https:\/\/api.w.org\/{rel}","templated":true}]}}