{"id":9844,"date":"2024-05-31T17:26:02","date_gmt":"2024-05-31T17:26:02","guid":{"rendered":"https:\/\/www.dmsjuridica.com\/buscador_20179478954\/corteconstitucionalcronologico202454587\/2024\/05\/31\/t-326-03\/"},"modified":"2024-05-31T17:26:02","modified_gmt":"2024-05-31T17:26:02","slug":"t-326-03","status":"publish","type":"post","link":"https:\/\/www.dmsjuridica.com\/buscador_20179478954\/corteconstitucionalcronologico202454587\/t-326-03\/","title":{"rendered":"T-326-03"},"content":{"rendered":"\n<p>\u00a0 \u00a0 Sentencia T-326\/03 \u00a0<\/p>\n<p>DERECHO DE PETICION-T\u00e9rmino para resolver reconocimiento y pago de pensiones \u00a0<\/p>\n<p>PENSION DE JUBILACION-T\u00e9rmino de seis meses para tr\u00e1mite y pago\u00a0 \u00a0<\/p>\n<p>Reiteraci\u00f3n de Jurisprudencia \u00a0<\/p>\n<p>Referencia: expedientes acumulados T-711.844, T-711.886, T-711.889,T-711.898, T-711.924, T-712.276, T-712.638, T-712.973, T-714.161, T-715.379, T-715.480, T-715.683, T-716.076, T-716.077, T-716.147, T-716.180, y T-716.148. \u00a0<\/p>\n<p>Acci\u00f3n de tutela instaurada contra Cajanal Seccionales Bucaramanga, Medell\u00edn y Bogot\u00e1. \u00a0<\/p>\n<p>Procedencia: Juzgados 49 Penal del Circuito de Bogot\u00e1, Tribunal Superior de Bogot\u00e1 Sala Penal, Juzgado 2 Civil del Circuito de Bogot\u00e1, \u00a0Juzgado 2 Laboral del Circuito de Medell\u00edn, Juzgado 12 Civil del Circuito de Bogot\u00e1, Juzgado 29 Penal del Circuito de Bogot\u00e1, Juzgado 1 Laboral del Circuito de Bucaramanga, Juzgado 13 Laboral del Circuito de Bogot\u00e1, Tribunal Superior Sala Civil de Bogot\u00e1, Juzgado 38 Penal del Circuito, Juzgado 11 Laboral del Circuito de Bogot\u00e1 y Juzgado 17 Penal del Circuito. \u00a0<\/p>\n<p>Magistrado Ponente: \u00a0<\/p>\n<p>Dr. ALFREDO BELTR\u00c1N SIERRA \u00a0<\/p>\n<p>Bogot\u00e1 D.C., veinticuatro (24) de abril de dos mil tres (2003). \u00a0<\/p>\n<p>La Sala Segunda de Revisi\u00f3n de la Corte Constitucional, integrada por los Magistrados Alfredo Beltr\u00e1n Sierra, Manuel Jos\u00e9 Cepeda Espinosa y Jaime C\u00f3rdoba Trivi\u00f1o, en ejercicio de sus competencias constitucionales y legales, ha proferido la siguiente \u00a0<\/p>\n<p>SENTENCIA \u00a0<\/p>\n<p>en los procesos de revisi\u00f3n de los fallos adoptados por los despachos judiciales de la referencia, dentro de las acciones de tutela instauradas por los se\u00f1ores Mar\u00eda Teresa Duran Nu\u00f1ez (T-711.844), Margarita Delgado de Cortes (T-711.886), Rosa Isabel Marroqu\u00edn Serrato (T-711.889), Lupe Mar\u00eda Montenegro Navarro y Germ\u00e1n Augusto G\u00f3mez Mendez (T-711.898), Mar\u00eda Ines Monsalve de Ort\u00edz (T-711.924), Mar\u00eda Noelia Tangarife S\u00e1nchez (T-712.276), Mar\u00eda Ninfa G\u00f3mez Giraldo (T-712.638), Alvaro Gustavo Guzm\u00e1n Velandia (T-712.973), Pablo Manuel Iriarte Lara (T-714.161), Esperanza Gonz\u00e1lez Gir\u00f3n (T-715.379), Teresa Emilia Mesa Sampedro (T-715.480), Luis Alberto Jim\u00e9nez Polanco (T-715.683), Victor Gualteros (T-716.076), Jes\u00fas Eduardo Jim\u00e9nez Latorre (T-716.077), Mar\u00eda de los Angeles Torres Prieto (T-716.147), Gloria Ines Arbela\u00e9z L\u00f3pez (T-716.148) y Eugenia Baham\u00f3n de Jim\u00e9nez (T-716.180) contra la Caja Nacional de Previsi\u00f3n Social Cajanal Seccionales Bucaramanga, Medell\u00edn y Bogot\u00e1. \u00a0<\/p>\n<p>La Sala de Selecci\u00f3n No. 3 de la Corte Constitucional, por auto de marzo veintis\u00e9is (26) del a\u00f1o en curso, seleccion\u00f3, para efectos de su revisi\u00f3n, los fallos de la referencia. \u00a0Los expedientes llegaron a la Corte Constitucional, por remisi\u00f3n que hicieron los despachos judiciales se\u00f1alados, en virtud de lo ordenado por el art\u00edculo 31 del decreto 2591 de 1991. \u00a0<\/p>\n<p>Los diecisiete (17) expedientes de tutela en referencia fueron seleccionados y acumulados entre s\u00ed por medio del auto de selecci\u00f3n de marzo veintis\u00e9is (26) de dos mil tres (2003), para ser decididos en una sola sentencia, si as\u00ed lo considera pertinente la Sala de Revisi\u00f3n. \u00a0<\/p>\n<p>Esta Sala encuentra que, existe identidad en los hechos y derechos fundamentales vulnerados que dieron origen a las presentes acciones de tutela y, por ello es procedente la acumulaci\u00f3n decretada por la sala de selecci\u00f3n, raz\u00f3n suficiente para proferir una sola sentencia. \u00a0<\/p>\n<p>Advierte que el expediente T-712.684 actor Nemesio Coronado Padilla, fue acumulado al expediente T-710.189, tal como lo consider\u00f3 la Sala de Revisi\u00f3n.\u00a0 \u00a0<\/p>\n<p>I. ANTECEDENTES. \u00a0<\/p>\n<p>1. Hechos.\u00a0 \u00a0<\/p>\n<p>Expresan los actores, algunos de ellos actuando por medio de apoderado que, ejerciendo el derecho de petici\u00f3n contenido en el art\u00edculo 23 de la Carta, solicitaron a Cajanal reconocimiento de sus derechos pensionales pero a\u00fan no han tenido respuesta. \u00a0El cuadro que se presenta a continuaci\u00f3n relaciona la fecha y el tipo de petici\u00f3n elevada. \u00a0<\/p>\n<p>N\u00famero de \u00a0tutela \u00a0 \u00a0 \u00a0 \u00a0 \u00a0 \u00a0 \u00a0 \u00a0 \u00a0 \u00a0\u00a0<\/p>\n<p>Nombre del \u00a0actor \u00a0 \u00a0 \u00a0 \u00a0 \u00a0 \u00a0 \u00a0 \u00a0 \u00a0 \u00a0\u00a0<\/p>\n<p>Fecha de presentaci\u00f3n \u00a0 \u00a0 \u00a0 \u00a0 \u00a0 \u00a0 \u00a0 \u00a0 \u00a0 \u00a0\u00a0<\/p>\n<p>Solicitud \u00a0\u00a0<\/p>\n<p>T-711.844 \u00a0 \u00a0 \u00a0 \u00a0 \u00a0 \u00a0 \u00a0 \u00a0 \u00a0 \u00a0\u00a0<\/p>\n<p>Mar\u00eda Teresa Duran Nu\u00f1ez \u00a0 \u00a0 \u00a0 \u00a0 \u00a0 \u00a0 \u00a0 \u00a0 \u00a0 \u00a0\u00a0<\/p>\n<p>Julio 29 de 2002 \u00a0 \u00a0 \u00a0 \u00a0 \u00a0 \u00a0 \u00a0 \u00a0 \u00a0 \u00a0\u00a0<\/p>\n<p>Reconocimiento y pago de la pensi\u00f3n de jubilaci\u00f3n \u00a0\u00a0<\/p>\n<p>T-711.886 \u00a0 \u00a0 \u00a0 \u00a0 \u00a0 \u00a0 \u00a0 \u00a0 \u00a0 \u00a0\u00a0<\/p>\n<p>Margarita Delgado de Cortes\u00a0 \u00a0 \u00a0 \u00a0 \u00a0 \u00a0 \u00a0 \u00a0 \u00a0 \u00a0 \u00a0\u00a0<\/p>\n<p>Agosto 20 de 2002 \u00a0 \u00a0 \u00a0 \u00a0 \u00a0 \u00a0 \u00a0 \u00a0 \u00a0 \u00a0\u00a0<\/p>\n<p>Reconocimiento y pago de la pensi\u00f3n gracia \u00a0\u00a0<\/p>\n<p>T-711.889 \u00a0 \u00a0 \u00a0 \u00a0 \u00a0 \u00a0 \u00a0 \u00a0 \u00a0 \u00a0\u00a0<\/p>\n<p>Rosa Isabel Marroqu\u00edn Serrato \u00a0 \u00a0 \u00a0 \u00a0 \u00a0 \u00a0 \u00a0 \u00a0 \u00a0 \u00a0\u00a0<\/p>\n<p>Septiembre 10 de 2002 \u00a0 \u00a0 \u00a0 \u00a0 \u00a0 \u00a0 \u00a0 \u00a0 \u00a0 \u00a0\u00a0<\/p>\n<p>Reconocimiento y pago de la pensi\u00f3n gracia. \u00a0\u00a0<\/p>\n<p>T-711.898 \u00a0 \u00a0 \u00a0 \u00a0 \u00a0 \u00a0 \u00a0 \u00a0 \u00a0 \u00a0\u00a0<\/p>\n<p>Lupe Mar\u00eda Montenegro Navarro y Germ\u00e1n Augusto G\u00f3mez Mendez \u00a0 \u00a0 \u00a0 \u00a0 \u00a0 \u00a0 \u00a0 \u00a0 \u00a0 \u00a0\u00a0<\/p>\n<p>Agosto 14 y septiembre 5 de 2002 \u00a0 \u00a0 \u00a0 \u00a0 \u00a0 \u00a0 \u00a0 \u00a0 \u00a0 \u00a0\u00a0<\/p>\n<p>Reconocimiento y pago de la pensi\u00f3n gracia. \u00a0\u00a0<\/p>\n<p>T-711.924 \u00a0 \u00a0 \u00a0 \u00a0 \u00a0 \u00a0 \u00a0 \u00a0 \u00a0 \u00a0\u00a0<\/p>\n<p>Junio 19 de 2002 \u00a0 \u00a0 \u00a0 \u00a0 \u00a0 \u00a0 \u00a0 \u00a0 \u00a0 \u00a0\u00a0<\/p>\n<p>Reconocimiento y pago de la pensi\u00f3n gracia. \u00a0\u00a0<\/p>\n<p>T-712.276 \u00a0 \u00a0 \u00a0 \u00a0 \u00a0 \u00a0 \u00a0 \u00a0 \u00a0 \u00a0\u00a0<\/p>\n<p>Mar\u00eda Noelia Tangarife \u00a0 \u00a0 \u00a0 \u00a0 \u00a0 \u00a0 \u00a0 \u00a0 \u00a0 \u00a0\u00a0<\/p>\n<p>Septiembre 10 de 2002 \u00a0 \u00a0 \u00a0 \u00a0 \u00a0 \u00a0 \u00a0 \u00a0 \u00a0 \u00a0\u00a0<\/p>\n<p>Reconocimiento y pago de la pensi\u00f3n gracia. \u00a0\u00a0<\/p>\n<p>T-712.638 \u00a0 \u00a0 \u00a0 \u00a0 \u00a0 \u00a0 \u00a0 \u00a0 \u00a0 \u00a0\u00a0<\/p>\n<p>Mar\u00eda Ninfa G\u00f3mez Giraldo \u00a0 \u00a0 \u00a0 \u00a0 \u00a0 \u00a0 \u00a0 \u00a0 \u00a0 \u00a0\u00a0<\/p>\n<p>Julio 8 de 2002 \u00a0 \u00a0 \u00a0 \u00a0 \u00a0 \u00a0 \u00a0 \u00a0 \u00a0 \u00a0\u00a0<\/p>\n<p>Reconocimiento y pago de la pensi\u00f3n de jubilaci\u00f3n \u00a0\u00a0<\/p>\n<p>T-712.973 \u00a0 \u00a0 \u00a0 \u00a0 \u00a0 \u00a0 \u00a0 \u00a0 \u00a0 \u00a0\u00a0<\/p>\n<p>Alvaro Gustavo German Velandia \u00a0 \u00a0 \u00a0 \u00a0 \u00a0 \u00a0 \u00a0 \u00a0 \u00a0 \u00a0\u00a0<\/p>\n<p>Septiembre 23 de 2002 \u00a0 \u00a0 \u00a0 \u00a0 \u00a0 \u00a0 \u00a0 \u00a0 \u00a0 \u00a0\u00a0<\/p>\n<p>Reconocimiento y pago de la pensi\u00f3n de jubilaci\u00f3n. \u00a0\u00a0<\/p>\n<p>T-714.161 \u00a0 \u00a0 \u00a0 \u00a0 \u00a0 \u00a0 \u00a0 \u00a0 \u00a0 \u00a0\u00a0<\/p>\n<p>Pablo Manuel Iriarte Lara \u00a0 \u00a0 \u00a0 \u00a0 \u00a0 \u00a0 \u00a0 \u00a0 \u00a0 \u00a0\u00a0<\/p>\n<p>Agosto 28 de 2002 \u00a0 \u00a0 \u00a0 \u00a0 \u00a0 \u00a0 \u00a0 \u00a0 \u00a0 \u00a0\u00a0<\/p>\n<p>Reconocimiento y pago de la pensi\u00f3n de jubilaci\u00f3n \u00a0\u00a0<\/p>\n<p>T-715.379 \u00a0 \u00a0 \u00a0 \u00a0 \u00a0 \u00a0 \u00a0 \u00a0 \u00a0 \u00a0\u00a0<\/p>\n<p>Esperanza Gonz\u00e1lez Gir\u00f3n \u00a0 \u00a0 \u00a0 \u00a0 \u00a0 \u00a0 \u00a0 \u00a0 \u00a0 \u00a0\u00a0<\/p>\n<p>Septiembre 11 de 2002 \u00a0 \u00a0 \u00a0 \u00a0 \u00a0 \u00a0 \u00a0 \u00a0 \u00a0 \u00a0\u00a0<\/p>\n<p>Recursos de revisi\u00f3n y apelaci\u00f3n a favor de los se\u00f1ores Mar\u00eda Teresa G\u00f3mez y Jaime Gonz\u00e1lez contra la resoluci\u00f3n que les reconoci\u00f3 pensi\u00f3n de sustituci\u00f3n. \u00a0\u00a0<\/p>\n<p>T-715.480 \u00a0 \u00a0 \u00a0 \u00a0 \u00a0 \u00a0 \u00a0 \u00a0 \u00a0 \u00a0\u00a0<\/p>\n<p>Teresa Emilia Mesa Sampedro \u00a0 \u00a0 \u00a0 \u00a0 \u00a0 \u00a0 \u00a0 \u00a0 \u00a0 \u00a0\u00a0<\/p>\n<p>Diciembre 24 de 2002\u00a0 \u00a0 \u00a0 \u00a0 \u00a0 \u00a0 \u00a0 \u00a0 \u00a0 \u00a0 \u00a0\u00a0<\/p>\n<p>Reconocimiento y pago de la pensi\u00f3n de jubilaci\u00f3n \u00a0\u00a0<\/p>\n<p>T-715.683 \u00a0 \u00a0 \u00a0 \u00a0 \u00a0 \u00a0 \u00a0 \u00a0 \u00a0 \u00a0\u00a0<\/p>\n<p>Luis Alberto Jim\u00e9nez Polanco \u00a0 \u00a0 \u00a0 \u00a0 \u00a0 \u00a0 \u00a0 \u00a0 \u00a0 \u00a0\u00a0<\/p>\n<p>Diciembre 5 de 2002 \u00a0 \u00a0 \u00a0 \u00a0 \u00a0 \u00a0 \u00a0 \u00a0 \u00a0 \u00a0\u00a0<\/p>\n<p>Reconocimiento y pago de la pensi\u00f3n de gracia \u00a0\u00a0<\/p>\n<p>T-716.076 \u00a0 \u00a0 \u00a0 \u00a0 \u00a0 \u00a0 \u00a0 \u00a0 \u00a0 \u00a0\u00a0<\/p>\n<p>Victor Gualteros \u00a0 \u00a0 \u00a0 \u00a0 \u00a0 \u00a0 \u00a0 \u00a0 \u00a0 \u00a0\u00a0<\/p>\n<p>Noviembre 14 de 2002 \u00a0 \u00a0 \u00a0 \u00a0 \u00a0 \u00a0 \u00a0 \u00a0 \u00a0 \u00a0\u00a0<\/p>\n<p>Reconocimiento y pago de la pensi\u00f3n de jubilaci\u00f3n \u00a0\u00a0<\/p>\n<p>T-716.077 \u00a0 \u00a0 \u00a0 \u00a0 \u00a0 \u00a0 \u00a0 \u00a0 \u00a0 \u00a0\u00a0<\/p>\n<p>Jes\u00fas Eduardo Jim\u00e9nez Latorre \u00a0 \u00a0 \u00a0 \u00a0 \u00a0 \u00a0 \u00a0 \u00a0 \u00a0 \u00a0\u00a0<\/p>\n<p>Noviembre 7 de 2002 \u00a0 \u00a0 \u00a0 \u00a0 \u00a0 \u00a0 \u00a0 \u00a0 \u00a0 \u00a0\u00a0<\/p>\n<p>Reconocimiento y pago de la pensi\u00f3n de jubilaci\u00f3n \u00a0\u00a0<\/p>\n<p>T.716.147 \u00a0 \u00a0 \u00a0 \u00a0 \u00a0 \u00a0 \u00a0 \u00a0 \u00a0 \u00a0\u00a0<\/p>\n<p>Mar\u00eda de los Angeles Torres Prieto \u00a0 \u00a0 \u00a0 \u00a0 \u00a0 \u00a0 \u00a0 \u00a0 \u00a0 \u00a0\u00a0<\/p>\n<p>Septiembre 26 de 2002 \u00a0 \u00a0 \u00a0 \u00a0 \u00a0 \u00a0 \u00a0 \u00a0 \u00a0 \u00a0\u00a0<\/p>\n<p>Reconocimiento y pago de la pensi\u00f3n de jubilaci\u00f3n \u00a0\u00a0<\/p>\n<p>T-716.148 \u00a0 \u00a0 \u00a0 \u00a0 \u00a0 \u00a0 \u00a0 \u00a0 \u00a0 \u00a0\u00a0<\/p>\n<p>Gloria Ines Arbelaez L\u00f3pez \u00a0 \u00a0 \u00a0 \u00a0 \u00a0 \u00a0 \u00a0 \u00a0 \u00a0 \u00a0\u00a0<\/p>\n<p>Octubre 2 de 2002 \u00a0 \u00a0 \u00a0 \u00a0 \u00a0 \u00a0 \u00a0 \u00a0 \u00a0 \u00a0\u00a0<\/p>\n<p>T-716.180 \u00a0 \u00a0 \u00a0 \u00a0 \u00a0 \u00a0 \u00a0 \u00a0 \u00a0 \u00a0\u00a0<\/p>\n<p>Eugenia Bahamon de Jim\u00e9nez \u00a0 \u00a0 \u00a0 \u00a0 \u00a0 \u00a0 \u00a0 \u00a0 \u00a0 \u00a0\u00a0<\/p>\n<p>Septiembre 10 de 2002 \u00a0 \u00a0 \u00a0 \u00a0 \u00a0 \u00a0 \u00a0 \u00a0 \u00a0 \u00a0\u00a0<\/p>\n<p>Reconocimiento y pago de la pensi\u00f3n de gracia \u00a0<\/p>\n<p>2. Pretensiones y derechos presuntamente vulnerados. \u00a0<\/p>\n<p>Para los actores, Cajanal les est\u00e1 vulnerando los derechos de petici\u00f3n, seguridad social y debido proceso, al no atender las solicitudes presentadas con relaci\u00f3n al derecho pensional que creen les asiste, luego de haber transcurrido m\u00e1s de cuatro meses de haber elevado las solicitudes. \u00a0Motivo por el cual, solicitan se resuelva de fondo. \u00a0<\/p>\n<p>3. Sentencias de primera y segunda instancia que son objeto de revisi\u00f3n. \u00a0<\/p>\n<p>No. expediente \u00a0 \u00a0 \u00a0 \u00a0 \u00a0 \u00a0 \u00a0 \u00a0 \u00a0 \u00a0\u00a0<\/p>\n<p>Nombre del \u00a0actor \u00a0 \u00a0 \u00a0 \u00a0 \u00a0 \u00a0 \u00a0 \u00a0 \u00a0 \u00a0\u00a0<\/p>\n<p>1\u00aa Instancia y fecha de fallo \u00a0 \u00a0 \u00a0 \u00a0 \u00a0 \u00a0 \u00a0 \u00a0 \u00a0 \u00a0\u00a0<\/p>\n<p>Decisi\u00f3n \u00a0 \u00a0 \u00a0 \u00a0 \u00a0 \u00a0 \u00a0 \u00a0 \u00a0 \u00a0\u00a0<\/p>\n<p>2\u00aa Instancia y fecha de fallo \u00a0 \u00a0 \u00a0 \u00a0 \u00a0 \u00a0 \u00a0 \u00a0 \u00a0 \u00a0\u00a0<\/p>\n<p>Decisi\u00f3n \u00a0\u00a0<\/p>\n<p>T-711.844 \u00a0 \u00a0 \u00a0 \u00a0 \u00a0 \u00a0 \u00a0 \u00a0 \u00a0 \u00a0\u00a0<\/p>\n<p>Mar\u00eda Teresa Duran Nu\u00f1ez \u00a0 \u00a0 \u00a0 \u00a0 \u00a0 \u00a0 \u00a0 \u00a0 \u00a0 \u00a0\u00a0<\/p>\n<p>Juzgado 34 Penal del Circuito de Bogot\u00e1. Diciembre 3 de 2002. \u00a0 \u00a0 \u00a0 \u00a0 \u00a0 \u00a0 \u00a0 \u00a0 \u00a0 \u00a0\u00a0<\/p>\n<p>Deniega\u00a0 \u00a0 \u00a0 \u00a0 \u00a0 \u00a0 \u00a0 \u00a0 \u00a0 \u00a0 \u00a0\u00a0<\/p>\n<p>Tribunal Superior Sala Penal de Bogot\u00e1. Enero 28 de 2003. \u00a0 \u00a0 \u00a0 \u00a0 \u00a0 \u00a0 \u00a0 \u00a0 \u00a0 \u00a0\u00a0<\/p>\n<p>Confirma\u00a0 \u00a0\u00a0<\/p>\n<p>T-711.886 \u00a0 \u00a0 \u00a0 \u00a0 \u00a0 \u00a0 \u00a0 \u00a0 \u00a0 \u00a0\u00a0<\/p>\n<p>Margarita Delgado de Cortes \u00a0 \u00a0 \u00a0 \u00a0 \u00a0 \u00a0 \u00a0 \u00a0 \u00a0 \u00a0\u00a0<\/p>\n<p>Juzgado 49 Penal del Circuito. Enero 28 de 2003. \u00a0 \u00a0 \u00a0 \u00a0 \u00a0 \u00a0 \u00a0 \u00a0 \u00a0 \u00a0\u00a0<\/p>\n<p>Deniega\u00a0 \u00a0\u00a0<\/p>\n<p>T-711.889 \u00a0 \u00a0 \u00a0 \u00a0 \u00a0 \u00a0 \u00a0 \u00a0 \u00a0 \u00a0\u00a0<\/p>\n<p>Rosa Isabel Marroquin Serrato \u00a0 \u00a0 \u00a0 \u00a0 \u00a0 \u00a0 \u00a0 \u00a0 \u00a0 \u00a0\u00a0<\/p>\n<p>Juzgado 49 Penal del Circuito de Bogot\u00e1. Enero 27 de 2003. \u00a0 \u00a0 \u00a0 \u00a0 \u00a0 \u00a0 \u00a0 \u00a0 \u00a0 \u00a0\u00a0<\/p>\n<p>Deniega \u00a0\u00a0<\/p>\n<p>T-711.898 \u00a0 \u00a0 \u00a0 \u00a0 \u00a0 \u00a0 \u00a0 \u00a0 \u00a0 \u00a0\u00a0<\/p>\n<p>Lupe Mar\u00eda Montenegro Navarro y Germ\u00e1n Augusto G\u00f3mez M\u00e9ndez \u00a0 \u00a0 \u00a0 \u00a0 \u00a0 \u00a0 \u00a0 \u00a0 \u00a0 \u00a0\u00a0<\/p>\n<p>Juzgado 49 Penal del Circuito de Bogot\u00e1. Diciembre 19 de 2002 \u00a0 \u00a0 \u00a0 \u00a0 \u00a0 \u00a0 \u00a0 \u00a0 \u00a0 \u00a0\u00a0<\/p>\n<p>Deniega\u00a0 \u00a0\u00a0<\/p>\n<p>T-711.924 \u00a0 \u00a0 \u00a0 \u00a0 \u00a0 \u00a0 \u00a0 \u00a0 \u00a0 \u00a0\u00a0<\/p>\n<p>Mar\u00eda In\u00e9s Monsalve de Ort\u00edz \u00a0 \u00a0 \u00a0 \u00a0 \u00a0 \u00a0 \u00a0 \u00a0 \u00a0 \u00a0\u00a0<\/p>\n<p>Juzgado 48 Penal del Circuito de Bogot\u00e1. Noviembre 6 de 2002 \u00a0 \u00a0 \u00a0 \u00a0 \u00a0 \u00a0 \u00a0 \u00a0 \u00a0 \u00a0\u00a0<\/p>\n<p>Deniega \u00a0 \u00a0 \u00a0 \u00a0 \u00a0 \u00a0 \u00a0 \u00a0 \u00a0 \u00a0\u00a0<\/p>\n<p>Tribunal Superior Sala Penal de Bogot\u00e1. Enero 17 de 2003. \u00a0 \u00a0 \u00a0 \u00a0 \u00a0 \u00a0 \u00a0 \u00a0 \u00a0 \u00a0\u00a0<\/p>\n<p>T-712.276 \u00a0 \u00a0 \u00a0 \u00a0 \u00a0 \u00a0 \u00a0 \u00a0 \u00a0 \u00a0\u00a0<\/p>\n<p>Maria Noelia Tangarife S\u00e1nchez \u00a0 \u00a0 \u00a0 \u00a0 \u00a0 \u00a0 \u00a0 \u00a0 \u00a0 \u00a0\u00a0<\/p>\n<p>Juzgado 2 Civil del Circuito de Bogot\u00e1. Enero 28 de 2003. \u00a0 \u00a0 \u00a0 \u00a0 \u00a0 \u00a0 \u00a0 \u00a0 \u00a0 \u00a0\u00a0<\/p>\n<p>Deniega \u00a0\u00a0<\/p>\n<p>T-712.638 \u00a0 \u00a0 \u00a0 \u00a0 \u00a0 \u00a0 \u00a0 \u00a0 \u00a0 \u00a0\u00a0<\/p>\n<p>Mar\u00eda Ninfa G\u00f3mez Giraldo \u00a0 \u00a0 \u00a0 \u00a0 \u00a0 \u00a0 \u00a0 \u00a0 \u00a0 \u00a0\u00a0<\/p>\n<p>Juzgado 2 Laboral del Circuito de Medell\u00edn. \u00a0Noviembre 26 de 2002 \u00a0 \u00a0 \u00a0 \u00a0 \u00a0 \u00a0 \u00a0 \u00a0 \u00a0 \u00a0\u00a0<\/p>\n<p>Deniega \u00a0\u00a0<\/p>\n<p>T-712.973 \u00a0 \u00a0 \u00a0 \u00a0 \u00a0 \u00a0 \u00a0 \u00a0 \u00a0 \u00a0\u00a0<\/p>\n<p>Alvaro Augusto G\u00fazman Velandia \u00a0 \u00a0 \u00a0 \u00a0 \u00a0 \u00a0 \u00a0 \u00a0 \u00a0 \u00a0\u00a0<\/p>\n<p>Juzgado 12 Civil del Circuito de Bogot\u00e1. \u00a0 Enero 20 de 2003. \u00a0 \u00a0 \u00a0 \u00a0 \u00a0 \u00a0 \u00a0 \u00a0 \u00a0 \u00a0\u00a0<\/p>\n<p>Deniega \u00a0\u00a0<\/p>\n<p>T-714.161 \u00a0 \u00a0 \u00a0 \u00a0 \u00a0 \u00a0 \u00a0 \u00a0 \u00a0 \u00a0\u00a0<\/p>\n<p>Pablo Manuel Iriarte Lara \u00a0 \u00a0 \u00a0 \u00a0 \u00a0 \u00a0 \u00a0 \u00a0 \u00a0 \u00a0\u00a0<\/p>\n<p>Juzgado 29 Penal del Circuito de Bogot\u00e1. \u00a0Febrero 6 de 2003. \u00a0 \u00a0 \u00a0 \u00a0 \u00a0 \u00a0 \u00a0 \u00a0 \u00a0 \u00a0\u00a0<\/p>\n<p>Deniega \u00a0\u00a0<\/p>\n<p>T-715.379 \u00a0 \u00a0 \u00a0 \u00a0 \u00a0 \u00a0 \u00a0 \u00a0 \u00a0 \u00a0\u00a0<\/p>\n<p>Esperanza Gonz\u00e1lez Gir\u00f3n \u00a0 \u00a0 \u00a0 \u00a0 \u00a0 \u00a0 \u00a0 \u00a0 \u00a0 \u00a0\u00a0<\/p>\n<p>Juzgado 1 Laboral del Circuito de Bucaramanga. \u00a0Febrero 14 de 2002. \u00a0 \u00a0 \u00a0 \u00a0 \u00a0 \u00a0 \u00a0 \u00a0 \u00a0 \u00a0\u00a0<\/p>\n<p>Deniega \u00a0\u00a0<\/p>\n<p>T-715.480 \u00a0 \u00a0 \u00a0 \u00a0 \u00a0 \u00a0 \u00a0 \u00a0 \u00a0 \u00a0\u00a0<\/p>\n<p>Teresa Emilia Mesa Sampedro \u00a0 \u00a0 \u00a0 \u00a0 \u00a0 \u00a0 \u00a0 \u00a0 \u00a0 \u00a0\u00a0<\/p>\n<p>Juzgado 13 Laboral del Circuito de Bogot\u00e1. Febrero 10 de 2003. \u00a0 \u00a0 \u00a0 \u00a0 \u00a0 \u00a0 \u00a0 \u00a0 \u00a0 \u00a0 Deniega \u00a0\u00a0<\/p>\n<p>T-715.683 \u00a0 \u00a0 \u00a0 \u00a0 \u00a0 \u00a0 \u00a0 \u00a0 \u00a0 \u00a0\u00a0<\/p>\n<p>Luis Alberto Jim\u00e9nez Polanco \u00a0 \u00a0 \u00a0 \u00a0 \u00a0 \u00a0 \u00a0 \u00a0 \u00a0 \u00a0\u00a0<\/p>\n<p>Juzgado 2 Civil del Circuito de Bogot\u00e1. Enero 29 de 2003. \u00a0 \u00a0 \u00a0 \u00a0 \u00a0 \u00a0 \u00a0 \u00a0 \u00a0 \u00a0\u00a0<\/p>\n<p>Deniega \u00a0 \u00a0 \u00a0 \u00a0 \u00a0 \u00a0 \u00a0 \u00a0 \u00a0 \u00a0\u00a0<\/p>\n<p>Tribunal Superior Sala Civil de Bogot\u00e1. \u00a0Febrero 2 de 2003. \u00a0 \u00a0 \u00a0 \u00a0 \u00a0 \u00a0 \u00a0 \u00a0 \u00a0 \u00a0\u00a0<\/p>\n<p>Confirma \u00a0\u00a0<\/p>\n<p>T-716.076 \u00a0 \u00a0 \u00a0 \u00a0 \u00a0 \u00a0 \u00a0 \u00a0 \u00a0 \u00a0\u00a0<\/p>\n<p>Victor Gualteros \u00a0 \u00a0 \u00a0 \u00a0 \u00a0 \u00a0 \u00a0 \u00a0 \u00a0 \u00a0\u00a0<\/p>\n<p>Juzgado 38 Penal del Circuito de Bogot\u00e1. Febrero 17 de 2003. \u00a0 \u00a0 \u00a0 \u00a0 \u00a0 \u00a0 \u00a0 \u00a0 \u00a0 \u00a0\u00a0<\/p>\n<p>Deniega \u00a0\u00a0<\/p>\n<p>T-716.077 \u00a0 \u00a0 \u00a0 \u00a0 \u00a0 \u00a0 \u00a0 \u00a0 \u00a0 \u00a0\u00a0<\/p>\n<p>Jes\u00fas Eduardo Jim\u00e9nez Latorre \u00a0 \u00a0 \u00a0 \u00a0 \u00a0 \u00a0 \u00a0 \u00a0 \u00a0 \u00a0\u00a0<\/p>\n<p>Juzgado 38 Penal del Circuito de Bogot\u00e1. \u00a0Febrero 17 de 2003. \u00a0 \u00a0 \u00a0 \u00a0 \u00a0 \u00a0 \u00a0 \u00a0 \u00a0 \u00a0\u00a0<\/p>\n<p>Deniega \u00a0\u00a0<\/p>\n<p>T-716.147 \u00a0 \u00a0 \u00a0 \u00a0 \u00a0 \u00a0 \u00a0 \u00a0 \u00a0 \u00a0\u00a0<\/p>\n<p>Mar\u00eda de los Angeles Torres Prieto \u00a0 \u00a0 \u00a0 \u00a0 \u00a0 \u00a0 \u00a0 \u00a0 \u00a0 \u00a0\u00a0<\/p>\n<p>Juzgado 11 Laboral del Circuito de Bogot\u00e1. \u00a0Febrero 4 de 2003. \u00a0 \u00a0 \u00a0 \u00a0 \u00a0 \u00a0 \u00a0 \u00a0 \u00a0 \u00a0\u00a0<\/p>\n<p>Deniega \u00a0\u00a0<\/p>\n<p>T-716.148 \u00a0 \u00a0 \u00a0 \u00a0 \u00a0 \u00a0 \u00a0 \u00a0 \u00a0 \u00a0\u00a0<\/p>\n<p>Gloria Ines Arbelaez L\u00f3pez \u00a0 \u00a0 \u00a0 \u00a0 \u00a0 \u00a0 \u00a0 \u00a0 \u00a0 \u00a0\u00a0<\/p>\n<p>Juzgado 11 Laboral del Circuito de Bogot\u00e1. \u00a0Febrero 4 de 2003. \u00a0 \u00a0 \u00a0 \u00a0 \u00a0 \u00a0 \u00a0 \u00a0 \u00a0 \u00a0\u00a0<\/p>\n<p>Deniega \u00a0\u00a0<\/p>\n<p>T-716.180 \u00a0 \u00a0 \u00a0 \u00a0 \u00a0 \u00a0 \u00a0 \u00a0 \u00a0 \u00a0\u00a0<\/p>\n<p>Eugenia Baham\u00f3n de Jim\u00e9nez \u00a0 \u00a0 \u00a0 \u00a0 \u00a0 \u00a0 \u00a0 \u00a0 \u00a0 \u00a0\u00a0<\/p>\n<p>Juzgado 17 Penal del Circuito de Bogot\u00e1. \u00a0Enero 27 de 2003. \u00a0 \u00a0 \u00a0 \u00a0 \u00a0 \u00a0 \u00a0 \u00a0 \u00a0 \u00a0\u00a0<\/p>\n<p>Deniega \u00a0<\/p>\n<p>Los se\u00f1ores Mar\u00eda Teresa Duran Nu\u00f1ez, Mar\u00eda In\u00e9s Monsalve de Ort\u00edz y Luis Alberto Jim\u00e9nez Polanco presentaron impugnaci\u00f3n respecto de las acciones de tutela radicadas con los n\u00fameros T-711.844, T-711.924 y T-715.683 respectivamente, escrito en el cual, se tuvo en cuenta la sentencia T-170 de 2000 proferida por la Corte Constitucional, donde se sostuvo que las administradoras de fondo de pensiones tienen un plazo de cuatro meses, para decidir sobre el reconocimiento de un derecho pensional, t\u00e9rmino que a su parecer, les debe ser aplicado. \u00a0<\/p>\n<p>Estas acciones de tutela fueron confirmadas en segunda instancia, los despachos judiciales de conocimiento compartieron el argumento del a quo, al dar aplicaci\u00f3n a la Ley 700 de 2001. \u00a0<\/p>\n<p>II. CONSIDERACIONES Y FUNDAMENTOS DE LA CORTE CONSTITUCIONAL. \u00a0<\/p>\n<p>Primera. Competencia. \u00a0<\/p>\n<p>La Sala Segunda de Revisi\u00f3n es competente para decidir sobre el asunto de la referencia, de conformidad con lo dispuesto en los art\u00edculos 241, numeral 9\u00b0, de la Constituci\u00f3n, y 33 y 34 del decreto 2591 de 1991. \u00a0<\/p>\n<p>Segunda. El asunto objeto de discusi\u00f3n. \u00a0 \u00a0<\/p>\n<p>La discusi\u00f3n del tema objeto de revisi\u00f3n, centra su atenci\u00f3n en el t\u00e9rmino que fijo el legislador en la Ley 700 de 2001, para resolver sobre asuntos pensionales y el alcance que tiene constitucionalmente. \u00a0<\/p>\n<p>La Sala de Revisi\u00f3n debe decidir entonces, si el t\u00e9rmino de seis meses a que se refiere la ley 700 de 2001, es aplicable para el reconocimiento y pago de derechos pensionales, lo mismo que para resolver derechos de petici\u00f3n relacionados con el tema. \u00a0En caso contrario, resulta necesario aclarar que t\u00e9rmino se utiliza en uno y otro caso. \u00a0<\/p>\n<p>Tercera. \u00a0T\u00e9rmino para resolver reconocimiento y pago de pensiones de acuerdo a la ley 700 de 2001 y aplicaci\u00f3n del derecho de petici\u00f3n contenido en el art\u00edculo 23 de la Constituci\u00f3n Pol\u00edtica. \u00a0<\/p>\n<p>Luego de la innumerable jurisprudencia proferida por la Corte Constitucional con relaci\u00f3n al derecho de petici\u00f3n, se concluy\u00f3 en la sentencia T-001 de 2003 M.P. Dr. Marco Gerardo Monroy Cabra, que el t\u00e9rmino de cuatro (4) meses establecido en el art\u00edculo 19\u00ba del Decreto 656 de 1994 es para resolver solicitudes pensionales y el de seis (6) meses contenido en el art\u00edculo 4\u00ba de la Ley 700 de 2001, es para adelantar el tr\u00e1mite de reconocimiento y pago de las mesadas respectivas. \u00a0Se dijo adem\u00e1s que, existe un tercer t\u00e9rmino se\u00f1alado en el art\u00edculo 6\u00ba del C.C.A., que es de 15 d\u00edas, aplicable en caso de que se eleven derechos de petici\u00f3n para obtener informaci\u00f3n sobre el tr\u00e1mite de una diligencia o la resoluci\u00f3n de recursos contra decisiones que hayan decidido reconocimiento o no de derechos pensionales.\u00a0 \u00a0<\/p>\n<p>La sentencia mencionada observ\u00f3 que, con la expedici\u00f3n de la Ley 700 de 2001, el art\u00edculo 4\u00ba fij\u00f3 el t\u00e9rmino de seis (6) meses para \u201cadelantar los tr\u00e1mites necesarios tendientes al pago de las mesadas correspondientes.\u201d, entonces, se refiri\u00f3 de \u00e9sta manera: \u201cObs\u00e9rvese c\u00f3mo el art\u00edculo 4\u00ba establece un t\u00e9rmino de seis meses no para decidir sobre las solicitudes en materia de pensi\u00f3n, como lo hace el art\u00edculo 9\u00ba del Decreto 656 de 1994, sino para adelantar los tr\u00e1mites necesarios para el reconocimiento y pago de las mesadas; es decir, para el desembolso efectivo del monto de las mismas. \u00a0<\/p>\n<p>Estos dos t\u00e9rminos aplicables con respecto al tr\u00e1mite de pensiones se ven complementados con un tercero. Seg\u00fan la jurisprudencia de la Corte Constitucional para la resoluci\u00f3n de recursos interpuestos ante decisiones que resuelven sobre el reconocimiento o no reconocimiento de una pensi\u00f3n \u201csigue vigente y le resulta aplicable (&#8230;) el t\u00e9rmino de 15 d\u00edas h\u00e1biles a que hace referencia expresa el art\u00edculo 6 del C\u00f3digo Contencioso Administrativo\u201d1 \u00a0<\/p>\n<p>El t\u00e9rmino de 15 d\u00edas, consagrado en el art\u00edculo 6\u00ba del C\u00f3digo Contencioso Administrativo, se aplica tambi\u00e9n en caso de que se presenten derechos de petici\u00f3n en los cuales se solicite, simplemente, informaci\u00f3n acerca del estado del tr\u00e1mite adelantado en materia de pensi\u00f3n o copias sobre documentos ya existentes dentro del expediente de la solicitud de pensi\u00f3n.\u201d \u00a0<\/p>\n<p>El pronunciamiento constitucional mencionado tuvo como fundamento jurisprudencial, la sentencia T-170 de 2000 M.P. Dr. Alfredo Beltran Sierra, dentro de la cual, se aplic\u00f3 por analog\u00eda el Decreto 656 de 1994, estableciendo cuatro (4) meses para resolver solicitudes que tienen que ver con diversas clases de pensiones, as\u00ed mismo dijo \u201cHecho \u00e9ste que tendr\u00e1 que ser informado al solicitante en el lapso al que hace referencia el art\u00edculo 6 del C\u00f3digo Contencioso Administrativo\u201d2. Sobre el t\u00e9rmino se\u00f1alado, se dijo en esta sentencia lo siguiente: \u00a0<\/p>\n<p>\u201cLa norma a la que se hace referencia, es al \u00a0art\u00edculo 19 del decreto 656 de 1994, por el cual se establece el r\u00e9gimen jur\u00eddico y financiero de las sociedades \u00a0que administren fondos de pensiones. El mencionado art\u00edculo, faculta al Gobierno Nacional para establecer plazos y procedimientos \u00a0para que las administradoras de fondos de pensiones decidan las solicitudes que sobre las diversas clases de pensiones que se les presenten, plazo que en ning\u00fan caso puede ser superior a cuatro (4) meses. Al tiempo que el art\u00edculo 21 del mismo decreto, impone sanciones en el evento en que dicho \u00a0t\u00e9rmino sea incumplido, sanci\u00f3n que consiste en el pago de una pensi\u00f3n provisional hasta tanto exista un reconocimiento definitivo de la prestaci\u00f3n.\u00a0 \u00a0<\/p>\n<p>3.7. El Gobierno hasta la fecha no ha reglamentado esta norma, pese a su importancia. Sin embargo, \u00a0es claro que el art\u00edculo en comento \u00a0consagra un l\u00edmite m\u00e1ximo que no s\u00f3lo obliga al Gobierno sino a las sociedades administradoras de pensiones, pues el mencionado precepto sirve de par\u00e1metro &#8211; l\u00edmite tanto a la funci\u00f3n reglamentaria de aqu\u00e9l como a la discrecionalidad de \u00e9stas al momento de decidir sobre esta clase de solicitudes. As\u00ed las cosas, la \u00a0inexistencia de reglamentaci\u00f3n sobre los plazos y procedimientos de que trata la norma en menci\u00f3n, no impide \u00a0su aplicaci\u00f3n, en cuanto ella determina el \u00a0l\u00edmite m\u00e1ximo para dar respuesta a las solicitudes sobre reconocimiento de pensi\u00f3n, en cualquiera de sus modalidades. \u00a0<\/p>\n<p>&#8230; \u00a0<\/p>\n<p>As\u00ed, mientras el legislador cumple su funci\u00f3n de establecer \u00a0un t\u00e9rmino razonable \u00a0en que entidades como el Seguro Social deben emplear para dar respuesta a las solicitudes que sus afiliados, espec\u00edficamente en materia de reconocimiento de pensiones, ha de entenderse que esta entidad debe aplicar por analog\u00eda el lapso \u00a0contenido en el art\u00edculo 19 del decreto 656 de 1994, seg\u00fan el cual las solicitudes de pensi\u00f3n deben resolverse de fondo en un t\u00e9rmino m\u00e1ximo de cuatro (4) meses desde el momento en que se radique la respectiva petici\u00f3n.\u201d \u00a0<\/p>\n<p>En estas condiciones, se reitera que las entidades p\u00fablicas o privadas del Sistema General de Pensiones para hacer efectivo el derecho solicitado, cuentan, en total, con un t\u00e9rmino m\u00e1ximo de seis meses para tramitar y comenzar a pagar la pensi\u00f3n respectiva, que se distribuyen as\u00ed: quince d\u00edas para atender preliminarmente la petici\u00f3n y hacer las indicaciones que fueren pertinentes al solicitante; cuatro meses para resolver la solicitud de la petici\u00f3n en concreto, de tal manera que se comience a pagar la pensi\u00f3n correspondiente a m\u00e1s tardar seis meses despu\u00e9s de que se hizo la solicitud inicial. \u00a0<\/p>\n<p>Frente al caso objeto de estudio, tenemos que, se trata de diecisiete personas que en forma individual y en distintas fechas elevaron derechos de petici\u00f3n a Cajanal, en el sentido de obtener reconocimiento y pago de pensi\u00f3n o resoluci\u00f3n de recursos interpuestos, pero a pesar de que en cada una de las solicitudes ha transcurrido m\u00e1s de cuatro meses, Cajanal ha omitido dar informaci\u00f3n o establecer la fecha en que dar\u00e1 respuesta efectiva. \u00a0<\/p>\n<p>Ello quiere indicar que, Cajanal no ha tenido en cuenta la jurisprudencia constitucional ni la ley existente sobre el tema del derecho de petici\u00f3n y por ello, dej\u00f3 vencer el t\u00e9rmino para informar o resolver lo pedido. \u00a0En estas condiciones, se revocar\u00e1n los fallos dictados por los despachos judiciales de instancia y en su lugar, se conceder\u00e1 el derecho de petici\u00f3n invocado por los actores, para que en el t\u00e9rmino de cuarenta y ocho (48) horas, si a\u00fan no lo ha hecho, profiera el acto administrativo correspondiente. \u00a0<\/p>\n<p>III. DECISI\u00d3N. \u00a0<\/p>\n<p>En m\u00e9rito de lo expuesto, la Sala Segunda de Revisi\u00f3n de la Corte Constitucional, administrando justicia en nombre del pueblo y por mandato de la Constituci\u00f3n, \u00a0<\/p>\n<p>RESUELVE: \u00a0<\/p>\n<p>Primero. REVOCAR los fallos proferidos por el Juzgados 49 Penal del Circuito de Bogot\u00e1, Tribunal Superior de Bogot\u00e1 Sala Penal, Juzgado 2 Civil del Circuito de Bogot\u00e1, \u00a0Juzgado 2 Laboral del Circuito de Medell\u00edn, Juzgado 12 Civil del Circuito de Bogot\u00e1, Juzgado 29 Penal del Circuito de Bogot\u00e1, Juzgado 1 Laboral del Circuito de Bucaramanga, Juzgado 13 Laboral del Circuito de Bogot\u00e1, Tribunal Superior Sala Civil de Bogot\u00e1, Juzgado 38 Penal del Circuito, Juzgado 11 Laboral del Circuito de Bogot\u00e1 y Juzgado 17 Penal del Circuito dentro de las acciones de tutela instauradas por los se\u00f1ores Mar\u00eda Teresa Duran Nu\u00f1ez (T-711.844), Margarita Delgado de Cortes (T-711.886), Rosa Isabel Marroqu\u00edn Serrato (T-711.889), Lupe Mar\u00eda Montenegro Navarro y Germ\u00e1n Augusto G\u00f3mez Mendez (T-711.898), Mar\u00eda Ines Monsalve de Ort\u00edz (T-711.924), Mar\u00eda Noelia Tangarife S\u00e1nchez (T-712.276), Mar\u00eda Ninfa G\u00f3mez Giraldo (T-712.638), Alvaro Gustavo Guzm\u00e1n Velandia (T-712.973), Pablo Manuel Iriarte Lara (T-714.161), Esperanza Gonz\u00e1lez Gir\u00f3n (T-715.379), Teresa Emilia Mesa Sampedro (T-715.480), Luis Alberto Jim\u00e9nez Polanco (T-715.683), Victor Gualteros (T-716.076), Jes\u00fas Eduardo Jim\u00e9nez Latorre (T-716.077), Mar\u00eda de los Angeles Torres Prieto (T-716.147), Gloria Ines Arbela\u00e9z L\u00f3pez (T-716.148) y Eugenia Baham\u00f3n de Jim\u00e9nez (T-716.180) respectivamente, por cuanto denegaron la protecci\u00f3n del derecho fundamental de petici\u00f3n invocado en las acciones de tutela interpuestas contra la Caja Nacional de Previsi\u00f3n Social Cajanal Seccionales Bucaramanga, Medell\u00edn y Bogot\u00e1. \u00a0<\/p>\n<p>Segundo: En su lugar, CONCEDER la protecci\u00f3n del derecho de petici\u00f3n solicitado por los actores. \u00a0ORDENAR al representante legal de Cajanal Seccionales Bucaramanga, Medell\u00edn y Bogot\u00e1, o quien haga sus veces, que dentro del t\u00e9rmino de cuarenta y ocho (48) horas, siguientes a la notificaci\u00f3n de este fallo, expida si a\u00fan no lo ha hecho, acto administrativo que resuelva de manera clara, precisa y de fondo las solicitudes elevadas por los actores. \u00a0<\/p>\n<p>Tercero: Por Secretaria General, l\u00edbrense las comunicaciones de que trata el art\u00edculo 36 del decreto 2591 de 1991. \u00a0<\/p>\n<p>C\u00f3piese, notif\u00edquese, comun\u00edquese, ins\u00e9rtese en la Gaceta de la Corte Constitucional y c\u00famplase. \u00a0<\/p>\n<p>ALFREDO BELTR\u00c1N SIERRA \u00a0<\/p>\n<p>Magistrado Ponente \u00a0<\/p>\n<p>MANUEL JOSE CEPEDA ESPINOSA \u00a0<\/p>\n<p>Magistrado \u00a0<\/p>\n<p>Magistrado\u00a0 \u00a0<\/p>\n<p>MARTHA VICTORIA SACHICA MENDEZ \u00a0<\/p>\n<p>Secretaria General\u00a0 \u00a0<\/p>\n<p>\u00a0 \u00a0\u00a0<\/p>\n<p>1 Ver sentencia T-1086\/02, M.P. Rodrigo Escobar Gil \u00a0(En esta ocasi\u00f3n la Corte tutel\u00f3 el derecho de petici\u00f3n en materia de pensiones a una persona que hab\u00eda interpuesto recurso de apelaci\u00f3n contra la reliquidaci\u00f3n de su pensi\u00f3n de gracia sin que habiendo transcurrido cuatro meses hubiera obtenido respuesta alguna. La Sala de Revisi\u00f3n se\u00f1al\u00f3 que tal solicitud se debi\u00f3 haber respondido en 15 d\u00edas.) En el mismo sentido ver la sentencia T-795\/02, M.P. Alfredo Beltr\u00e1n Sierra. \u00a0<\/p>\n<p>2 \u201cArt. 6- Las peticiones se resolver\u00e1n o contestar\u00e1n dentro de los quince (15) d\u00edas siguientes a la fecha de su recibo. \u00a0Cuando no fuere posible resolver o contestar la petici\u00f3n, en dicho plazo, se deber\u00e1 informar as\u00ed al interesado, expresando los motivos de la demora y se\u00f1alando a la vez la fecha en que se resolver\u00e1 o se dar\u00e1 respuesta\u201d.\u00a0 \u00a0 \u00a0<\/p>\n<p><\/p>\n","protected":false},"excerpt":{"rendered":"<p>\u00a0 \u00a0 Sentencia T-326\/03 \u00a0 DERECHO DE PETICION-T\u00e9rmino para resolver reconocimiento y pago de pensiones \u00a0 PENSION DE JUBILACION-T\u00e9rmino de seis meses para tr\u00e1mite y pago\u00a0 \u00a0 Reiteraci\u00f3n de Jurisprudencia \u00a0 Referencia: expedientes acumulados T-711.844, T-711.886, T-711.889,T-711.898, T-711.924, T-712.276, T-712.638, T-712.973, T-714.161, T-715.379, T-715.480, T-715.683, T-716.076, T-716.077, T-716.147, T-716.180, y T-716.148. \u00a0 Acci\u00f3n de tutela [&hellip;]<\/p>\n","protected":false},"author":1,"featured_media":0,"comment_status":"open","ping_status":"open","sticky":false,"template":"","format":"standard","meta":{"footnotes":""},"categories":[55],"tags":[],"class_list":["post-9844","post","type-post","status-publish","format-standard","hentry","category-tutelas-2003"],"_links":{"self":[{"href":"https:\/\/www.dmsjuridica.com\/buscador_20179478954\/corteconstitucionalcronologico202454587\/wp-json\/wp\/v2\/posts\/9844","targetHints":{"allow":["GET"]}}],"collection":[{"href":"https:\/\/www.dmsjuridica.com\/buscador_20179478954\/corteconstitucionalcronologico202454587\/wp-json\/wp\/v2\/posts"}],"about":[{"href":"https:\/\/www.dmsjuridica.com\/buscador_20179478954\/corteconstitucionalcronologico202454587\/wp-json\/wp\/v2\/types\/post"}],"author":[{"embeddable":true,"href":"https:\/\/www.dmsjuridica.com\/buscador_20179478954\/corteconstitucionalcronologico202454587\/wp-json\/wp\/v2\/users\/1"}],"replies":[{"embeddable":true,"href":"https:\/\/www.dmsjuridica.com\/buscador_20179478954\/corteconstitucionalcronologico202454587\/wp-json\/wp\/v2\/comments?post=9844"}],"version-history":[{"count":0,"href":"https:\/\/www.dmsjuridica.com\/buscador_20179478954\/corteconstitucionalcronologico202454587\/wp-json\/wp\/v2\/posts\/9844\/revisions"}],"wp:attachment":[{"href":"https:\/\/www.dmsjuridica.com\/buscador_20179478954\/corteconstitucionalcronologico202454587\/wp-json\/wp\/v2\/media?parent=9844"}],"wp:term":[{"taxonomy":"category","embeddable":true,"href":"https:\/\/www.dmsjuridica.com\/buscador_20179478954\/corteconstitucionalcronologico202454587\/wp-json\/wp\/v2\/categories?post=9844"},{"taxonomy":"post_tag","embeddable":true,"href":"https:\/\/www.dmsjuridica.com\/buscador_20179478954\/corteconstitucionalcronologico202454587\/wp-json\/wp\/v2\/tags?post=9844"}],"curies":[{"name":"wp","href":"https:\/\/api.w.org\/{rel}","templated":true}]}}