{"id":45584,"date":"2021-08-19T17:45:17","date_gmt":"2021-08-19T17:45:17","guid":{"rendered":"https:\/\/www.dmsjuridica.com\/buscador_20179478954\/indice_tematico_corte\/2021\/08\/19\/accion-de-tutela-contra-sentencia-de-tribunal-administrativo\/"},"modified":"2021-08-19T17:45:17","modified_gmt":"2021-08-19T17:45:17","slug":"accion-de-tutela-contra-sentencia-de-tribunal-administrativo","status":"publish","type":"post","link":"https:\/\/www.dmsjuridica.com\/buscador_20179478954\/indice_tematico_corte\/2021\/08\/19\/accion-de-tutela-contra-sentencia-de-tribunal-administrativo\/","title":{"rendered":"ACCION DE TUTELA CONTRA SENTENCIA DE TRIBUNAL ADMINISTRATIVO"},"content":{"rendered":"\n<p>  ACCION DE TUTELA CONTRA SENTENCIA DE TRIBUNAL ADMINISTRATIVO-Caso en que se  considera que no se incurri\u00f3 en v\u00eda de hecho al condenarse solidariamente a  sociedad demandante en acci\u00f3n popular (S.\u00a0<a style=\"font-family: Verdana, sans-serif; font-size: 13.3333px; font-style: normal; font-variant-ligatures: normal; font-variant-caps: normal; font-weight: 400; letter-spacing: normal; orphans: 2; text-align: start; text-indent: 0px; text-transform: none; white-space: normal; widows: 2; word-spacing: 0px; -webkit-text-stroke-width: 0px; color: blue; text-decoration: underline\" href=\"https:\/\/www.dmsjuridica.com\/JURISPRUDENCIA\/CORTE_CONSTITUCIONAL\/docs\/2009\/T-419-09.html\">T-419\/09<\/a>)<\/p>\n","protected":false},"excerpt":{"rendered":"<p>ACCION DE TUTELA CONTRA SENTENCIA DE TRIBUNAL ADMINISTRATIVO-Caso en que se considera que no se incurri\u00f3 en v\u00eda de hecho al condenarse solidariamente a sociedad demandante en acci\u00f3n popular (S.\u00a0T-419\/09)<\/p>\n","protected":false},"author":1,"featured_media":0,"comment_status":"open","ping_status":"open","sticky":false,"template":"","format":"standard","meta":{"footnotes":""},"categories":[4],"tags":[],"class_list":["post-45584","post","type-post","status-publish","format-standard","hentry","category-a"],"_links":{"self":[{"href":"https:\/\/www.dmsjuridica.com\/buscador_20179478954\/indice_tematico_corte\/wp-json\/wp\/v2\/posts\/45584","targetHints":{"allow":["GET"]}}],"collection":[{"href":"https:\/\/www.dmsjuridica.com\/buscador_20179478954\/indice_tematico_corte\/wp-json\/wp\/v2\/posts"}],"about":[{"href":"https:\/\/www.dmsjuridica.com\/buscador_20179478954\/indice_tematico_corte\/wp-json\/wp\/v2\/types\/post"}],"author":[{"embeddable":true,"href":"https:\/\/www.dmsjuridica.com\/buscador_20179478954\/indice_tematico_corte\/wp-json\/wp\/v2\/users\/1"}],"replies":[{"embeddable":true,"href":"https:\/\/www.dmsjuridica.com\/buscador_20179478954\/indice_tematico_corte\/wp-json\/wp\/v2\/comments?post=45584"}],"version-history":[{"count":0,"href":"https:\/\/www.dmsjuridica.com\/buscador_20179478954\/indice_tematico_corte\/wp-json\/wp\/v2\/posts\/45584\/revisions"}],"wp:attachment":[{"href":"https:\/\/www.dmsjuridica.com\/buscador_20179478954\/indice_tematico_corte\/wp-json\/wp\/v2\/media?parent=45584"}],"wp:term":[{"taxonomy":"category","embeddable":true,"href":"https:\/\/www.dmsjuridica.com\/buscador_20179478954\/indice_tematico_corte\/wp-json\/wp\/v2\/categories?post=45584"},{"taxonomy":"post_tag","embeddable":true,"href":"https:\/\/www.dmsjuridica.com\/buscador_20179478954\/indice_tematico_corte\/wp-json\/wp\/v2\/tags?post=45584"}],"curies":[{"name":"wp","href":"https:\/\/api.w.org\/{rel}","templated":true}]}}