{"id":53306,"date":"2021-08-26T16:06:53","date_gmt":"2021-08-26T16:06:53","guid":{"rendered":"https:\/\/www.dmsjuridica.com\/buscador_20179478954\/indice_tematico_corte\/2021\/08\/26\/derecho-a-la-igualdad-y-a-la-no-discriminacion-de-enfermos-de-vih-sida\/"},"modified":"2021-08-26T16:06:53","modified_gmt":"2021-08-26T16:06:53","slug":"derecho-a-la-igualdad-y-a-la-no-discriminacion-de-enfermos-de-vih-sida","status":"publish","type":"post","link":"https:\/\/www.dmsjuridica.com\/buscador_20179478954\/indice_tematico_corte\/2021\/08\/26\/derecho-a-la-igualdad-y-a-la-no-discriminacion-de-enfermos-de-vih-sida\/","title":{"rendered":"DERECHO A LA IGUALDAD Y A LA NO DISCRIMINACION DE ENFERMOS DE VIH SIDA"},"content":{"rendered":"\n<p align=\"justify\" style=\"color: rgb(128, 128, 128); font-family: Arial; font-size: medium; font-style: normal; font-variant-ligatures: normal; font-variant-caps: normal; font-weight: 400; letter-spacing: normal; orphans: 2; text-indent: 0px; text-transform: none; white-space: normal; widows: 2; word-spacing: 0px; -webkit-text-stroke-width: 0px; text-decoration-thickness: initial; text-decoration-style: initial; text-decoration-color: initial\"> <font face=\"Verdana\" size=\"2\">DERECHO A LA IGUALDAD Y A LA NO DISCRIMINACION DE  ENFERMOS DE VIH\/SIDA-Orden a la Polic\u00eda admitir al actor en la convocatoria para  la reincorporaci\u00f3n de patrulleros de la Polic\u00eda Nacional\u00a0\u00a0<a href=\"https:\/\/www.dmsjuridica.com\/JURISPRUDENCIA\/CORTE_CONSTITUCIONAL\/docs\/2012\/T-878-12.html\">T-878\/12<\/a><\/font><\/p>\n<p align=\"justify\" style=\"color: rgb(128, 128, 128); font-family: Arial; font-size: medium; font-style: normal; font-variant-ligatures: normal; font-variant-caps: normal; font-weight: 400; letter-spacing: normal; orphans: 2; text-indent: 0px; text-transform: none; white-space: normal; widows: 2; word-spacing: 0px; -webkit-text-stroke-width: 0px; text-decoration-thickness: initial; text-decoration-style: initial; text-decoration-color: initial\"> <font face=\"Verdana\" size=\"2\">DERECHO A LA IGUALDAD Y A LA NO DISCRIMINACION DE  ENFERMOS DE VIH\/SIDA-Orden a la Polic\u00eda brindar la asesor\u00eda post test y  practicar la prueba psicol\u00f3gica y surtir ininterrumpidamente las dem\u00e1s etapas  dentro del proceso de selecci\u00f3n del actor\u00a0\u00a0<a href=\"https:\/\/www.dmsjuridica.com\/JURISPRUDENCIA\/CORTE_CONSTITUCIONAL\/docs\/2012\/T-878-12.html\">T-878\/12<\/a><\/font><\/p>\n<p align=\"justify\" style=\"color: rgb(128, 128, 128); font-family: Arial; font-size: medium; font-style: normal; font-variant-ligatures: normal; font-variant-caps: normal; font-weight: 400; letter-spacing: normal; orphans: 2; text-indent: 0px; text-transform: none; white-space: normal; widows: 2; word-spacing: 0px; -webkit-text-stroke-width: 0px; text-decoration-thickness: initial; text-decoration-style: initial; text-decoration-color: initial\"> <font face=\"Verdana\" size=\"2\">DERECHO A LA IGUALDAD Y A LA NO DISCRIMINACION DE  ENFERMOS DE VIH\/SIDA &#8211; Tienen derecho a recibir trato especial y favorable por  todas las autoridades p\u00fablicas y un comportamiento solidario por parte de los  dem\u00e1s miembros de la sociedad.\u00a0\u00a0<a href=\"https:\/\/www.dmsjuridica.com\/JURISPRUDENCIA\/CORTE_CONSTITUCIONAL\/docs\/2013\/T-376-13.html\">T-376\/13<\/a>.<\/font><\/p>\n","protected":false},"excerpt":{"rendered":"<p>DERECHO A LA IGUALDAD Y A LA NO DISCRIMINACION DE ENFERMOS DE VIH\/SIDA-Orden a la Polic\u00eda admitir al actor en la convocatoria para la reincorporaci\u00f3n de patrulleros de la Polic\u00eda Nacional\u00a0\u00a0T-878\/12 DERECHO A LA IGUALDAD Y A LA NO DISCRIMINACION DE ENFERMOS DE VIH\/SIDA-Orden a la Polic\u00eda brindar la asesor\u00eda post test y practicar la [&hellip;]<\/p>\n","protected":false},"author":1,"featured_media":0,"comment_status":"open","ping_status":"open","sticky":false,"template":"","format":"standard","meta":{"footnotes":""},"categories":[7],"tags":[],"class_list":["post-53306","post","type-post","status-publish","format-standard","hentry","category-d"],"_links":{"self":[{"href":"https:\/\/www.dmsjuridica.com\/buscador_20179478954\/indice_tematico_corte\/wp-json\/wp\/v2\/posts\/53306","targetHints":{"allow":["GET"]}}],"collection":[{"href":"https:\/\/www.dmsjuridica.com\/buscador_20179478954\/indice_tematico_corte\/wp-json\/wp\/v2\/posts"}],"about":[{"href":"https:\/\/www.dmsjuridica.com\/buscador_20179478954\/indice_tematico_corte\/wp-json\/wp\/v2\/types\/post"}],"author":[{"embeddable":true,"href":"https:\/\/www.dmsjuridica.com\/buscador_20179478954\/indice_tematico_corte\/wp-json\/wp\/v2\/users\/1"}],"replies":[{"embeddable":true,"href":"https:\/\/www.dmsjuridica.com\/buscador_20179478954\/indice_tematico_corte\/wp-json\/wp\/v2\/comments?post=53306"}],"version-history":[{"count":0,"href":"https:\/\/www.dmsjuridica.com\/buscador_20179478954\/indice_tematico_corte\/wp-json\/wp\/v2\/posts\/53306\/revisions"}],"wp:attachment":[{"href":"https:\/\/www.dmsjuridica.com\/buscador_20179478954\/indice_tematico_corte\/wp-json\/wp\/v2\/media?parent=53306"}],"wp:term":[{"taxonomy":"category","embeddable":true,"href":"https:\/\/www.dmsjuridica.com\/buscador_20179478954\/indice_tematico_corte\/wp-json\/wp\/v2\/categories?post=53306"},{"taxonomy":"post_tag","embeddable":true,"href":"https:\/\/www.dmsjuridica.com\/buscador_20179478954\/indice_tematico_corte\/wp-json\/wp\/v2\/tags?post=53306"}],"curies":[{"name":"wp","href":"https:\/\/api.w.org\/{rel}","templated":true}]}}