{"id":54158,"date":"2021-08-26T16:50:57","date_gmt":"2021-08-26T16:50:57","guid":{"rendered":"https:\/\/www.dmsjuridica.com\/buscador_20179478954\/indice_tematico_corte\/2021\/08\/26\/derecho-a-la-salud-y-a-la-vida-digna-de-adulto-mayor\/"},"modified":"2021-08-26T16:50:57","modified_gmt":"2021-08-26T16:50:57","slug":"derecho-a-la-salud-y-a-la-vida-digna-de-adulto-mayor","status":"publish","type":"post","link":"https:\/\/www.dmsjuridica.com\/buscador_20179478954\/indice_tematico_corte\/2021\/08\/26\/derecho-a-la-salud-y-a-la-vida-digna-de-adulto-mayor\/","title":{"rendered":"DERECHO A LA SALUD Y A LA VIDA DIGNA DE ADULTO MAYOR"},"content":{"rendered":"\n<p align=\"justify\" style=\"color: rgb(128, 128, 128); font-family: Arial; font-size: medium; font-style: normal; font-variant-ligatures: normal; font-variant-caps: normal; font-weight: 400; letter-spacing: normal; orphans: 2; text-indent: 0px; text-transform: none; white-space: normal; widows: 2; word-spacing: 0px; -webkit-text-stroke-width: 0px; text-decoration-thickness: initial; text-decoration-style: initial; text-decoration-color: initial; margin-top: 0px; margin-bottom: 0px\"> <font face=\"Verdana\" size=\"2\">DERECHO A LA SALUD Y A LA VIDA DIGNA DE ADULTO  MAYOR &#8211; Exonerar de los copagos que la EPS pueda cobrar por concepto del  tratamiento de la enfermedad, al haberse acreditado la falta de capacidad  econ\u00f3mica del accionante.\u00a0<a href=\"https:\/\/www.dmsjuridica.com\/JURISPRUDENCIA\/CORTE_CONSTITUCIONAL\/docs\/2014\/T-610-14.html\">T-610\/14<\/a>.<\/font><\/p>\n<p align=\"justify\" style=\"color: rgb(128, 128, 128); font-family: Arial; font-size: medium; font-style: normal; font-variant-ligatures: normal; font-variant-caps: normal; font-weight: 400; letter-spacing: normal; orphans: 2; text-indent: 0px; text-transform: none; white-space: normal; widows: 2; word-spacing: 0px; -webkit-text-stroke-width: 0px; text-decoration-thickness: initial; text-decoration-style: initial; text-decoration-color: initial; margin-top: 0px; margin-bottom: 0px\"> \u00a0<\/p>\n<p align=\"justify\" style=\"color: rgb(128, 128, 128); font-family: Arial; font-size: medium; font-style: normal; font-variant-ligatures: normal; font-variant-caps: normal; font-weight: 400; letter-spacing: normal; orphans: 2; text-indent: 0px; text-transform: none; white-space: normal; widows: 2; word-spacing: 0px; -webkit-text-stroke-width: 0px; text-decoration-thickness: initial; text-decoration-style: initial; text-decoration-color: initial; margin-top: 0px; margin-bottom: 0px\"> <font face=\"Verdana\" size=\"2\">DERECHO A LA SALUD Y A LA VIDA DIGNA DE ADULTO  MAYOR &#8211; Orden a EPS autorizar cuidado de enfermer\u00eda, suministro de pa\u00f1ales  desechables y pa\u00f1itos h\u00famedos y entrega de silla de ruedas.\u00a0<a href=\"https:\/\/www.dmsjuridica.com\/JURISPRUDENCIA\/CORTE_CONSTITUCIONAL\/docs\/2014\/T-381-14.html\">T-381\/14<\/a>.<\/font><\/p>\n<p align=\"justify\" style=\"color: rgb(128, 128, 128); font-family: Arial; font-size: medium; font-style: normal; font-variant-ligatures: normal; font-variant-caps: normal; font-weight: 400; letter-spacing: normal; orphans: 2; text-indent: 0px; text-transform: none; white-space: normal; widows: 2; word-spacing: 0px; -webkit-text-stroke-width: 0px; text-decoration-thickness: initial; text-decoration-style: initial; text-decoration-color: initial; margin-top: 0px; margin-bottom: 0px\"> \u00a0<\/p>\n<p align=\"justify\" style=\"color: rgb(128, 128, 128); font-family: Arial; font-size: medium; font-style: normal; font-variant-ligatures: normal; font-variant-caps: normal; font-weight: 400; letter-spacing: normal; orphans: 2; text-indent: 0px; text-transform: none; white-space: normal; widows: 2; word-spacing: 0px; -webkit-text-stroke-width: 0px; text-decoration-thickness: initial; text-decoration-style: initial; text-decoration-color: initial; margin-top: 0px; margin-bottom: 0px\"> <font face=\"Verdana\" size=\"2\">DERECHO A LA SALUD Y A LA VIDA DIGNA DE ADULTO  MAYOR &#8211; Orden a EPS brindar el tratamiento integral para la patolog\u00eda de tumor  de piel.\u00a0<a href=\"https:\/\/www.dmsjuridica.com\/JURISPRUDENCIA\/CORTE_CONSTITUCIONAL\/docs\/2014\/T-457-14.html\">T-457\/14<\/a>.<\/font><\/p>\n<p align=\"justify\" style=\"color: rgb(128, 128, 128); font-family: Arial; font-size: medium; font-style: normal; font-variant-ligatures: normal; font-variant-caps: normal; font-weight: 400; letter-spacing: normal; orphans: 2; text-indent: 0px; text-transform: none; white-space: normal; widows: 2; word-spacing: 0px; -webkit-text-stroke-width: 0px; text-decoration-thickness: initial; text-decoration-style: initial; text-decoration-color: initial; margin-top: 0px; margin-bottom: 0px\"> <font face=\"Verdana\" size=\"2\"><br \/> DERECHO A LA SALUD Y A LA VIDA DIGNA DE ADULTO MAYOR &#8211; Orden a EPS exonerar de  copagos en virtud de la enfermedad catastr\u00f3fica que se padece.\u00a0<a href=\"https:\/\/www.dmsjuridica.com\/JURISPRUDENCIA\/CORTE_CONSTITUCIONAL\/docs\/2014\/T-381-14.html\">T-381\/14<\/a>.<\/font><\/p>\n<p>  <font size=\"2\">DERECHO A LA SALUD Y A LA VIDA DIGNA DE ADULTO MAYOR-Orden a EPS  realizar los ex\u00e1menes diagn\u00f3sticos y valoraciones m\u00e9dicas necesarias para  establecer si el actor requiere el servicio de enfermer\u00eda permanente y el  suministro de gasas y pa\u00f1itos\u00a0<\/font><font size=\"2\">\u00a0<\/font><a style=\"font-family: Arial; font-style: normal; font-variant-ligatures: normal; font-variant-caps: normal; font-weight: 400; letter-spacing: normal; orphans: 2; text-align: justify; text-indent: 0px; text-transform: none; white-space: normal; widows: 2; word-spacing: 0px; -webkit-text-stroke-width: 0px\" href=\"https:\/\/www.dmsjuridica.com\/JURISPRUDENCIA\/CORTE_CONSTITUCIONAL\/docs\/2012\/T-841-12.html\"><font size=\"2\">T-841\/12<\/font><\/a><font size=\"2\">.<\/font><\/p>\n<p align=\"justify\" style=\"color: rgb(128, 128, 128); font-family: Arial; font-size: medium; font-style: normal; font-variant-ligatures: normal; font-variant-caps: normal; font-weight: 400; letter-spacing: normal; orphans: 2; text-indent: 0px; text-transform: none; white-space: normal; widows: 2; word-spacing: 0px; -webkit-text-stroke-width: 0px; text-decoration-thickness: initial; text-decoration-style: initial; text-decoration-color: initial;\"> <font face=\"Verdana\" size=\"2\">DERECHO A LA SALUD Y A LA VIDA DIGNA DE ADULTO  MAYOR-Orden a EPS suministrar pa\u00f1ales desechables\u00a0\u00a0<a href=\"https:\/\/www.dmsjuridica.com\/JURISPRUDENCIA\/CORTE_CONSTITUCIONAL\/docs\/2014\/T-266-14.html\">T-266\/14<\/a>\u00a0&#8211;\u00a0<a href=\"https:\/\/www.dmsjuridica.com\/JURISPRUDENCIA\/CORTE_CONSTITUCIONAL\/docs\/2014\/T-636-14.html\">T-636\/14<\/a>.<\/font><\/p>\n<p align=\"justify\" style=\"color: rgb(128, 128, 128); font-family: Arial; font-size: medium; font-style: normal; font-variant-ligatures: normal; font-variant-caps: normal; font-weight: 400; letter-spacing: normal; orphans: 2; text-indent: 0px; text-transform: none; white-space: normal; widows: 2; word-spacing: 0px; -webkit-text-stroke-width: 0px; text-decoration-thickness: initial; text-decoration-style: initial; text-decoration-color: initial;\"> <font face=\"Verdana\" size=\"2\">DERECHO A LA SALUD Y A LA VIDA DIGNA DE ADULTO  MAYOR &#8211; Orden a EPS suministrar pa\u00f1ales desechables cobrando \u00fanicamente el 50%  de su costo.\u00a0\u00a0<a href=\"https:\/\/www.dmsjuridica.com\/JURISPRUDENCIA\/CORTE_CONSTITUCIONAL\/docs\/2014\/T-266-14.html\">T-266\/14<\/a>\u00a0&#8211;\u00a0<a href=\"https:\/\/www.dmsjuridica.com\/JURISPRUDENCIA\/CORTE_CONSTITUCIONAL\/docs\/2014\/T-457-14.html\">T-457\/14<\/a>.<\/font><\/p>\n<p align=\"justify\" style=\"color: rgb(128, 128, 128); font-family: Arial; font-size: medium; font-style: normal; font-variant-ligatures: normal; font-variant-caps: normal; font-weight: 400; letter-spacing: normal; orphans: 2; text-indent: 0px; text-transform: none; white-space: normal; widows: 2; word-spacing: 0px; -webkit-text-stroke-width: 0px; text-decoration-thickness: initial; text-decoration-style: initial; text-decoration-color: initial;\"> <font face=\"Verdana\" size=\"2\">DERECHO A LA SALUD Y A LA VIDA DIGNA DE ADULTO  MAYOR &#8211; Orden a Eps suministrar pa\u00f1ales desechables, pa\u00f1itos, visitas m\u00e9dicas y  servicio de enfermer\u00eda domiciliaria de manera provisional.\u00a0<a href=\"https:\/\/www.dmsjuridica.com\/JURISPRUDENCIA\/CORTE_CONSTITUCIONAL\/docs\/2014\/T-361-14.html\">T-361\/14<\/a>.<\/font><\/p>\n<p align=\"justify\" style=\"color: rgb(128, 128, 128); font-family: Arial; font-size: medium; font-style: normal; font-variant-ligatures: normal; font-variant-caps: normal; font-weight: 400; letter-spacing: normal; orphans: 2; text-indent: 0px; text-transform: none; white-space: normal; widows: 2; word-spacing: 0px; -webkit-text-stroke-width: 0px; text-decoration-thickness: initial; text-decoration-style: initial; text-decoration-color: initial;\"> <font face=\"Verdana\" size=\"2\">DERECHO A LA SALUD Y A LA VIDA DIGNA DE ADULTO  MAYOR &#8211; Orden a EPS suministro de pa\u00f1ales desechables.\u00a0\u00a0<a href=\"https:\/\/www.dmsjuridica.com\/JURISPRUDENCIA\/CORTE_CONSTITUCIONAL\/docs\/2014\/T-118-14.html\">T-118\/14<\/a>\u00a0&#8211;\u00a0<a href=\"https:\/\/www.dmsjuridica.com\/JURISPRUDENCIA\/CORTE_CONSTITUCIONAL\/docs\/2014\/T-639-14.html\">T-639\/14<\/a>.<\/font><\/p>\n<p align=\"justify\" style=\"color: rgb(128, 128, 128); font-family: Arial; font-size: medium; font-style: normal; font-variant-ligatures: normal; font-variant-caps: normal; font-weight: 400; letter-spacing: normal; orphans: 2; text-indent: 0px; text-transform: none; white-space: normal; widows: 2; word-spacing: 0px; -webkit-text-stroke-width: 0px; text-decoration-thickness: initial; text-decoration-style: initial; text-decoration-color: initial;\"> <font face=\"Verdana\" size=\"2\">DERECHO A LA SALUD Y A LA VIDA DIGNA DE ADULTO  MAYOR &#8211; Orden a EPS suministro de pa\u00f1ales desechables y suplemento alimenticio  ensure, podr\u00e1 repetir ante el Fosyga\u00a0\u00a0<a href=\"https:\/\/www.dmsjuridica.com\/JURISPRUDENCIA\/CORTE_CONSTITUCIONAL\/docs\/2014\/T-054-14.html\">T-054\/14<\/a>\u00a0&#8211;\u00a0<a href=\"https:\/\/www.dmsjuridica.com\/JURISPRUDENCIA\/CORTE_CONSTITUCIONAL\/docs\/2014\/T-728-14.html\">T-728\/14<\/a>.<\/font><\/p>\n<p align=\"justify\" style=\"color: rgb(128, 128, 128); font-family: Arial; font-size: medium; font-style: normal; font-variant-ligatures: normal; font-variant-caps: normal; font-weight: 400; letter-spacing: normal; orphans: 2; text-indent: 0px; text-transform: none; white-space: normal; widows: 2; word-spacing: 0px; -webkit-text-stroke-width: 0px; text-decoration-thickness: initial; text-decoration-style: initial; text-decoration-color: initial;\"> <font face=\"Verdana\" size=\"2\">DERECHO A LA SALUD Y A LA VIDA DIGNA DE ADULTO  MAYOR &#8211; Orden a EPS suministro de silla de ruedas y pa\u00f1ales desechables.\u00a0\u00a0<a href=\"https:\/\/www.dmsjuridica.com\/JURISPRUDENCIA\/CORTE_CONSTITUCIONAL\/docs\/2012\/T-841-12.html\">T-841\/12<\/a>\u00a0&#8211;\u00a0<a href=\"https:\/\/www.dmsjuridica.com\/JURISPRUDENCIA\/CORTE_CONSTITUCIONAL\/docs\/2014\/T-636-14.html\">T-636\/14<\/a>.<\/font><\/p>\n<p align=\"justify\" style=\"color: rgb(128, 128, 128); font-family: Arial; font-size: medium; font-style: normal; font-variant-ligatures: normal; font-variant-caps: normal; font-weight: 400; letter-spacing: normal; orphans: 2; text-indent: 0px; text-transform: none; white-space: normal; widows: 2; word-spacing: 0px; -webkit-text-stroke-width: 0px; text-decoration-thickness: initial; text-decoration-style: initial; text-decoration-color: initial;\"> <font face=\"Verdana\" size=\"2\">DERECHO A LA SALUD Y A LA VIDA DIGNA DE ADULTO  MAYOR &#8211; Orden a EPS suministro de silla de ruedas, pa\u00f1ales desechables\u00a0y  atenci\u00f3n por especialista y estudiar si se\u00a0requiere con necesidad lacrema  antiescaras que se reclama.\u00a0<a href=\"https:\/\/www.dmsjuridica.com\/JURISPRUDENCIA\/CORTE_CONSTITUCIONAL\/docs\/2014\/T-266-14.html\">T-266\/14<\/a>.<\/font><\/p>\n<p align=\"justify\" style=\"color: rgb(128, 128, 128); font-family: Arial; font-size: medium; font-style: normal; font-variant-ligatures: normal; font-variant-caps: normal; font-weight: 400; letter-spacing: normal; orphans: 2; text-indent: 0px; text-transform: none; white-space: normal; widows: 2; word-spacing: 0px; -webkit-text-stroke-width: 0px; text-decoration-thickness: initial; text-decoration-style: initial; text-decoration-color: initial;\"> <font face=\"Verdana\" size=\"2\">DERECHO A LA SALUD Y A LA VIDA DIGNA DE ADULTO  MAYOR &#8211; Orden a EPS suministro de silla de ruedas, pa\u00f1ales desechables y  suplemento alimenticio ensure, podr\u00e1 repetir ante el Fosyga.\u00a0\u00a0<a href=\"https:\/\/www.dmsjuridica.com\/JURISPRUDENCIA\/CORTE_CONSTITUCIONAL\/docs\/2013\/T-033-13.html\">T-033\/13<\/a>.<\/font><\/p>\n<p align=\"justify\" style=\"color: rgb(128, 128, 128); font-family: Arial; font-size: medium; font-style: normal; font-variant-ligatures: normal; font-variant-caps: normal; font-weight: 400; letter-spacing: normal; orphans: 2; text-indent: 0px; text-transform: none; white-space: normal; widows: 2; word-spacing: 0px; -webkit-text-stroke-width: 0px; text-decoration-thickness: initial; text-decoration-style: initial; text-decoration-color: initial;\"> <font face=\"Verdana\" size=\"2\">DERECHO A LA SALUD Y A LA VIDA DIGNA DE ADULTO  MAYOR-Orden a EPS suministro de silla de ruedas, pa\u00f1ales desechables y  tratamiento integral correspondiente a sus patolog\u00edas\u00a0\u00a0<a href=\"https:\/\/www.dmsjuridica.com\/JURISPRUDENCIA\/CORTE_CONSTITUCIONAL\/docs\/2014\/T-025-14.html\">T-025\/14<\/a>\u00a0&#8211;\u00a0<a href=\"https:\/\/www.dmsjuridica.com\/JURISPRUDENCIA\/CORTE_CONSTITUCIONAL\/docs\/2014\/T-639-14.html\">T-639\/14<\/a>.<\/font><\/p>\n<p align=\"justify\" style=\"color: rgb(128, 128, 128); font-family: Arial; font-size: medium; font-style: normal; font-variant-ligatures: normal; font-variant-caps: normal; font-weight: 400; letter-spacing: normal; orphans: 2; text-indent: 0px; text-transform: none; white-space: normal; widows: 2; word-spacing: 0px; -webkit-text-stroke-width: 0px; text-decoration-thickness: initial; text-decoration-style: initial; text-decoration-color: initial;\"> <font face=\"Verdana\" size=\"2\">DERECHO A LA SALUD Y A LA VIDA DIGNA DE ADULTO  MAYOR &#8211; Orden a EPSS suministro de pa\u00f1ales de manera provisional, condicionado a  valoraci\u00f3n m\u00e9dica donde se confirme la imposibilidad de controlar esf\u00ednteres.\u00a0\u00a0<a href=\"https:\/\/www.dmsjuridica.com\/JURISPRUDENCIA\/CORTE_CONSTITUCIONAL\/docs\/2013\/T-089-13.html\">T-089\/13<\/a>.<\/font><\/p>\n<p align=\"justify\" style=\"color: rgb(128, 128, 128); font-family: Arial; font-size: medium; font-style: normal; font-variant-ligatures: normal; font-variant-caps: normal; font-weight: 400; letter-spacing: normal; orphans: 2; text-indent: 0px; text-transform: none; white-space: normal; widows: 2; word-spacing: 0px; -webkit-text-stroke-width: 0px; text-decoration-thickness: initial; text-decoration-style: initial; text-decoration-color: initial;\"> <font face=\"Verdana\" size=\"2\">DERECHO A LA SALUD Y A LA VIDA DIGNA DE ADULTO  MAYOR &#8211; Vulneraci\u00f3n por EPS al no realizar cirug\u00eda a paciente enfermo de  pr\u00f3stata.\u00a0\u00a0<a href=\"https:\/\/www.dmsjuridica.com\/JURISPRUDENCIA\/CORTE_CONSTITUCIONAL\/docs\/2013\/T-323-13.html\">T-323\/13<\/a>.<\/font><\/p>\n<p align=\"justify\" style=\"color: rgb(128, 128, 128); font-family: Arial; font-size: medium; font-style: normal; font-variant-ligatures: normal; font-variant-caps: normal; font-weight: 400; letter-spacing: normal; orphans: 2; text-indent: 0px; text-transform: none; white-space: normal; widows: 2; word-spacing: 0px; -webkit-text-stroke-width: 0px; text-decoration-thickness: initial; text-decoration-style: initial; text-decoration-color: initial;\"> <font face=\"Verdana\" size=\"2\">DERECHO A LA SALUD Y A LA VIDA DIGNA DE ADULTO  MAYOR &#8211; Vulneraci\u00f3n por EPS por decisi\u00f3n de reemplazar el suministro de ox\u00edgeno  en pipetas por un generador de ox\u00edgeno que opera con energ\u00eda el\u00e9ctrica, sin  contar con la precaria situaci\u00f3n econ\u00f3mica del paciente.\u00a0\u00a0<a href=\"https:\/\/www.dmsjuridica.com\/JURISPRUDENCIA\/CORTE_CONSTITUCIONAL\/docs\/2013\/T-117A-13.html\">T-117A\/13<\/a>,\u00a0<a href=\"https:\/\/www.dmsjuridica.com\/JURISPRUDENCIA\/CORTE_CONSTITUCIONAL\/docs\/2013\/T-199-13.html\">T-199\/13<\/a>,\u00a0<a href=\"https:\/\/www.dmsjuridica.com\/JURISPRUDENCIA\/CORTE_CONSTITUCIONAL\/docs\/2013\/T-501-13.html\">T-501\/13<\/a>.<\/font><\/p>\n","protected":false},"excerpt":{"rendered":"<p>DERECHO A LA SALUD Y A LA VIDA DIGNA DE ADULTO MAYOR &#8211; Exonerar de los copagos que la EPS pueda cobrar por concepto del tratamiento de la enfermedad, al haberse acreditado la falta de capacidad econ\u00f3mica del accionante.\u00a0T-610\/14. \u00a0 DERECHO A LA SALUD Y A LA VIDA DIGNA DE ADULTO MAYOR &#8211; Orden a [&hellip;]<\/p>\n","protected":false},"author":1,"featured_media":0,"comment_status":"open","ping_status":"open","sticky":false,"template":"","format":"standard","meta":{"footnotes":""},"categories":[7],"tags":[],"class_list":["post-54158","post","type-post","status-publish","format-standard","hentry","category-d"],"_links":{"self":[{"href":"https:\/\/www.dmsjuridica.com\/buscador_20179478954\/indice_tematico_corte\/wp-json\/wp\/v2\/posts\/54158","targetHints":{"allow":["GET"]}}],"collection":[{"href":"https:\/\/www.dmsjuridica.com\/buscador_20179478954\/indice_tematico_corte\/wp-json\/wp\/v2\/posts"}],"about":[{"href":"https:\/\/www.dmsjuridica.com\/buscador_20179478954\/indice_tematico_corte\/wp-json\/wp\/v2\/types\/post"}],"author":[{"embeddable":true,"href":"https:\/\/www.dmsjuridica.com\/buscador_20179478954\/indice_tematico_corte\/wp-json\/wp\/v2\/users\/1"}],"replies":[{"embeddable":true,"href":"https:\/\/www.dmsjuridica.com\/buscador_20179478954\/indice_tematico_corte\/wp-json\/wp\/v2\/comments?post=54158"}],"version-history":[{"count":0,"href":"https:\/\/www.dmsjuridica.com\/buscador_20179478954\/indice_tematico_corte\/wp-json\/wp\/v2\/posts\/54158\/revisions"}],"wp:attachment":[{"href":"https:\/\/www.dmsjuridica.com\/buscador_20179478954\/indice_tematico_corte\/wp-json\/wp\/v2\/media?parent=54158"}],"wp:term":[{"taxonomy":"category","embeddable":true,"href":"https:\/\/www.dmsjuridica.com\/buscador_20179478954\/indice_tematico_corte\/wp-json\/wp\/v2\/categories?post=54158"},{"taxonomy":"post_tag","embeddable":true,"href":"https:\/\/www.dmsjuridica.com\/buscador_20179478954\/indice_tematico_corte\/wp-json\/wp\/v2\/tags?post=54158"}],"curies":[{"name":"wp","href":"https:\/\/api.w.org\/{rel}","templated":true}]}}