{"id":80547,"date":"2021-10-28T16:15:22","date_gmt":"2021-10-28T16:15:22","guid":{"rendered":"https:\/\/www.dmsjuridica.com\/buscador_20179478954\/indice_tematico_corte\/2021\/10\/28\/unidad-normativa\/"},"modified":"2021-10-28T16:15:22","modified_gmt":"2021-10-28T16:15:22","slug":"unidad-normativa","status":"publish","type":"post","link":"https:\/\/www.dmsjuridica.com\/buscador_20179478954\/indice_tematico_corte\/2021\/10\/28\/unidad-normativa\/","title":{"rendered":"UNIDAD NORMATIVA"},"content":{"rendered":"\n<p class=\"MsoNormal\" style=\"line-height: 22px; font-size: 11pt; font-family: Arial; color: rgb(0, 0, 0); font-style: normal; font-variant-ligatures: normal; font-variant-caps: normal; font-weight: 400; letter-spacing: normal; orphans: 2; text-align: start; text-indent: 0px; text-transform: none; white-space: normal; widows: 2; word-spacing: 0px; -webkit-text-stroke-width: 0px; text-decoration-thickness: initial; text-decoration-style: initial; text-decoration-color: initial; margin-left: 0cm; margin-right: 0cm; margin-top: 0cm; margin-bottom: 0.0001pt\"> <font size=\"2\">UNIDAD NORMATIVA-Conformaci\u00f3n-\u00a0<\/font><a style=\"color: blue; text-decoration: underline\" href=\"https:\/\/www.dmsjuridica.com\/JURISPRUDENCIA\/CORTE_CONSTITUCIONAL\/docs\/https:\/\/www.dmsjuridica.com\/JURISPRUDENCIA\/CORTE_CONSTITUCIONAL\/docs\/2019\/C-111-19.html\"><font size=\"2\">C-111-19<\/font><\/a><\/p>\n<p class=\"MsoNormal\" style=\"line-height: 22px; font-size: 11pt; font-family: Arial; color: rgb(0, 0, 0); font-style: normal; font-variant-ligatures: normal; font-variant-caps: normal; font-weight: 400; letter-spacing: normal; orphans: 2; text-align: start; text-indent: 0px; text-transform: none; white-space: normal; widows: 2; word-spacing: 0px; -webkit-text-stroke-width: 0px; text-decoration-thickness: initial; text-decoration-style: initial; text-decoration-color: initial; margin-left: 0cm; margin-right: 0cm; margin-top: 0cm; margin-bottom: 0.0001pt\"> <font size=\"2\">UNIDAD NORMATIVA-Hip\u00f3tesis en que  procede su integraci\u00f3n\/UNIDAD NORMATIVA-Procedencia &#8211;\u00a0<\/font><a style=\"color: blue; text-decoration: underline\" href=\"https:\/\/www.dmsjuridica.com\/JURISPRUDENCIA\/CORTE_CONSTITUCIONAL\/docs\/https:\/\/www.dmsjuridica.com\/JURISPRUDENCIA\/CORTE_CONSTITUCIONAL\/docs\/2019\/C-086-19.html\"><font size=\"2\">C-086-19<\/font><\/a><\/p>\n<p class=\"MsoNormal\" style=\"line-height: 22px; font-family: Arial; color: rgb(0, 0, 0); font-style: normal; font-variant-ligatures: normal; font-variant-caps: normal; font-weight: 400; letter-spacing: normal; orphans: 2; text-align: start; text-indent: 0px; text-transform: none; white-space: normal; widows: 2; word-spacing: 0px; -webkit-text-stroke-width: 0px; text-decoration-thickness: initial; text-decoration-style: initial; text-decoration-color: initial; margin-left: 0cm; margin-right: 0cm; margin-top: 0cm; margin-bottom: 0.0001pt\"> <font size=\"2\">UNIDAD NORMATIVA-Integraci\u00f3n &#8211;\u00a0<\/font><a style=\"color: blue; text-decoration: underline\" href=\"https:\/\/www.dmsjuridica.com\/JURISPRUDENCIA\/CORTE_CONSTITUCIONAL\/docs\/https:\/\/www.dmsjuridica.com\/JURISPRUDENCIA\/CORTE_CONSTITUCIONAL\/docs\/2019\/C-290-19.html\"><font size=\"2\">C-290-19<\/font><\/a><\/p>\n<p class=\"MsoNormal\" style=\"line-height: 22px; font-size: 11pt; font-family: Calibri, sans-serif; color: rgb(0, 0, 0); font-style: normal; font-variant-ligatures: normal; font-variant-caps: normal; font-weight: 400; letter-spacing: normal; orphans: 2; text-align: start; text-indent: 0px; text-transform: none; white-space: normal; widows: 2; word-spacing: 0px; -webkit-text-stroke-width: 0px; text-decoration-thickness: initial; text-decoration-style: initial; text-decoration-color: initial; margin-left: 0cm; margin-right: 0cm; margin-top: 0cm; margin-bottom: 0.0001pt\">  <font size=\"2\">UNIDAD NORMATIVA-Jurisprudencia constitucional (S.<\/font><font size=\"2\">\u00a0<\/font><a style=\"font-family: Arial; font-style: normal; font-variant-ligatures: normal; font-variant-caps: normal; font-weight: 400; letter-spacing: normal; orphans: 2; text-align: justify; text-indent: 0px; text-transform: none; white-space: normal; widows: 1; word-spacing: 0px; -webkit-text-stroke-width: 0px\" href=\"https:\/\/www.dmsjuridica.com\/JURISPRUDENCIA\/CORTE_CONSTITUCIONAL\/docs\/2013\/C-125-13.html\"><font size=\"2\">C-125\/13<\/font><\/a><font size=\"2\">)<\/font><\/p>\n<p align=\"justify\" style=\"color: rgb(128, 128, 128); font-family: Arial; font-size: medium; font-style: normal; font-variant-ligatures: normal; font-variant-caps: normal; font-weight: 400; letter-spacing: normal; orphans: 2; text-indent: 0px; text-transform: none; white-space: normal; widows: 1; word-spacing: 0px; -webkit-text-stroke-width: 0px; text-decoration-thickness: initial; text-decoration-style: initial; text-decoration-color: initial;\"> <font face=\"Verdana\" size=\"2\">UNIDAD NORMATIVA (<a href=\"https:\/\/www.dmsjuridica.com\/JURISPRUDENCIA\/CORTE_CONSTITUCIONAL\/docs\/1992\/A001-92.html\">A.  001\/92<\/a>,\u00a0<a href=\"https:\/\/www.dmsjuridica.com\/JURISPRUDENCIA\/CORTE_CONSTITUCIONAL\/docs\/1992\/A012-92.html\">A.  012\/92<\/a>,\u00a0<a href=\"https:\/\/www.dmsjuridica.com\/JURISPRUDENCIA\/CORTE_CONSTITUCIONAL\/docs\/1992\/C-434-92.html\">C-434\/92<\/a>,\u00a0<a href=\"https:\/\/www.dmsjuridica.com\/JURISPRUDENCIA\/CORTE_CONSTITUCIONAL\/docs\/1992\/C-479-92.html\">C-479\/92<\/a>,\u00a0<a href=\"https:\/\/www.dmsjuridica.com\/JURISPRUDENCIA\/CORTE_CONSTITUCIONAL\/docs\/1992\/C-514-92.html\">C-514\/92<\/a>,\u00a0<a href=\"https:\/\/www.dmsjuridica.com\/JURISPRUDENCIA\/CORTE_CONSTITUCIONAL\/docs\/1992\/C-543-92.html\">C-543\/92<\/a>,\u00a0<a href=\"https:\/\/www.dmsjuridica.com\/JURISPRUDENCIA\/CORTE_CONSTITUCIONAL\/docs\/1992\/C-592-92.html\">C-592\/92<\/a>,\u00a0<a href=\"https:\/\/www.dmsjuridica.com\/JURISPRUDENCIA\/CORTE_CONSTITUCIONAL\/docs\/1993\/C-454-93.html\">C-454\/93<\/a>,\u00a0<a href=\"https:\/\/www.dmsjuridica.com\/JURISPRUDENCIA\/CORTE_CONSTITUCIONAL\/docs\/1993\/C-465-93.html\">C-465\/93<\/a>,\u00a0<a href=\"https:\/\/www.dmsjuridica.com\/JURISPRUDENCIA\/CORTE_CONSTITUCIONAL\/docs\/1994\/C-221-94.html\">C-221\/94<\/a>,  S.V.\u00a0<a href=\"https:\/\/www.dmsjuridica.com\/JURISPRUDENCIA\/CORTE_CONSTITUCIONAL\/docs\/1995\/C-246-95.html\">C-246\/95<\/a>,\u00a0<a href=\"https:\/\/www.dmsjuridica.com\/JURISPRUDENCIA\/CORTE_CONSTITUCIONAL\/docs\/1995\/C-531-95.html\">C-531\/95<\/a>,\u00a0<a href=\"https:\/\/www.dmsjuridica.com\/JURISPRUDENCIA\/CORTE_CONSTITUCIONAL\/docs\/1995\/C-577-95.html\">C-577\/95<\/a>,\u00a0<a href=\"https:\/\/www.dmsjuridica.com\/JURISPRUDENCIA\/CORTE_CONSTITUCIONAL\/docs\/1997\/C-178-97.html\">C-178\/97<\/a>,\u00a0<a href=\"https:\/\/www.dmsjuridica.com\/JURISPRUDENCIA\/CORTE_CONSTITUCIONAL\/docs\/1997\/C-232-97.html\">C-232\/97<\/a>,\u00a0<a href=\"https:\/\/www.dmsjuridica.com\/JURISPRUDENCIA\/CORTE_CONSTITUCIONAL\/docs\/1997\/C-470-97.html\">C-470\/97<\/a>,\u00a0<a href=\"https:\/\/www.dmsjuridica.com\/JURISPRUDENCIA\/CORTE_CONSTITUCIONAL\/docs\/1998\/C-542-98.html\">C-542\/98<\/a>,\u00a0<a href=\"https:\/\/www.dmsjuridica.com\/JURISPRUDENCIA\/CORTE_CONSTITUCIONAL\/docs\/2003\/C-253-03.html\">C-253\/03<\/a>)<\/font><\/p>\n<p align=\"justify\" style=\"color: rgb(128, 128, 128); font-family: Arial; font-size: medium; font-style: normal; font-variant-ligatures: normal; font-variant-caps: normal; font-weight: 400; letter-spacing: normal; orphans: 2; text-indent: 0px; text-transform: none; white-space: normal; widows: 1; word-spacing: 0px; -webkit-text-stroke-width: 0px; text-decoration-thickness: initial; text-decoration-style: initial; text-decoration-color: initial;\"> <font face=\"Verdana\" size=\"2\">UNIDAD NORMATIVA &#8211; Causales de procedencia de  integraci\u00f3n oficiosa. C-041\/15<\/font><\/p>\n<p align=\"justify\" style=\"color: rgb(128, 128, 128); font-family: Arial; font-size: medium; font-style: normal; font-variant-ligatures: normal; font-variant-caps: normal; font-weight: 400; letter-spacing: normal; orphans: 2; text-indent: 0px; text-transform: none; white-space: normal; widows: 1; word-spacing: 0px; -webkit-text-stroke-width: 0px; text-decoration-thickness: initial; text-decoration-style: initial; text-decoration-color: initial;\"> <font face=\"Verdana\" size=\"2\">UNIDAD NORMATIVA-Alcance (S.\u00a0<a href=\"https:\/\/www.dmsjuridica.com\/JURISPRUDENCIA\/CORTE_CONSTITUCIONAL\/docs\/1997\/C-448-97.html\">C-448\/97<\/a>,\u00a0<a href=\"https:\/\/www.dmsjuridica.com\/JURISPRUDENCIA\/CORTE_CONSTITUCIONAL\/docs\/2000\/C-485-00.html\">C-485\/00<\/a>,\u00a0<a href=\"https:\/\/www.dmsjuridica.com\/JURISPRUDENCIA\/CORTE_CONSTITUCIONAL\/docs\/2002\/C-419-02.html\">C-419\/02<\/a>,\u00a0<a href=\"https:\/\/www.dmsjuridica.com\/JURISPRUDENCIA\/CORTE_CONSTITUCIONAL\/docs\/2003\/C-004-03.html\">C-004\/03<\/a>)<\/font><\/p>\n<p align=\"justify\" style=\"color: rgb(128, 128, 128); font-family: Arial; font-size: medium; font-style: normal; font-variant-ligatures: normal; font-variant-caps: normal; font-weight: 400; letter-spacing: normal; orphans: 2; text-indent: 0px; text-transform: none; white-space: normal; widows: 1; word-spacing: 0px; -webkit-text-stroke-width: 0px; text-decoration-thickness: initial; text-decoration-style: initial; text-decoration-color: initial;\"> <font face=\"Verdana\" size=\"2\">UNIDAD NORMATIVA-Alcance de la integraci\u00f3n por la  Corte Constitucional (A.E.V.\u00a0<a href=\"https:\/\/www.dmsjuridica.com\/JURISPRUDENCIA\/CORTE_CONSTITUCIONAL\/docs\/2004\/C-349-04.html\">C-349\/04<\/a>)<\/font><\/p>\n<p align=\"justify\" style=\"color: rgb(128, 128, 128); font-family: Arial; font-size: medium; font-style: normal; font-variant-ligatures: normal; font-variant-caps: normal; font-weight: 400; letter-spacing: normal; orphans: 2; text-indent: 0px; text-transform: none; white-space: normal; widows: 1; word-spacing: 0px; -webkit-text-stroke-width: 0px; text-decoration-thickness: initial; text-decoration-style: initial; text-decoration-color: initial;\"> <font face=\"Verdana\" size=\"2\">UNIDAD NORMATIVA-Alcance en decisiones de  inexequibilidad (S.\u00a0<a href=\"https:\/\/www.dmsjuridica.com\/JURISPRUDENCIA\/CORTE_CONSTITUCIONAL\/docs\/2003\/C-810-03.html\">C-810\/03<\/a>)<\/font><\/p>\n<p align=\"justify\" style=\"color: rgb(128, 128, 128); font-family: Arial; font-size: medium; font-style: normal; font-variant-ligatures: normal; font-variant-caps: normal; font-weight: 400; letter-spacing: normal; orphans: 2; text-indent: 0px; text-transform: none; white-space: normal; widows: 1; word-spacing: 0px; -webkit-text-stroke-width: 0px; text-decoration-thickness: initial; text-decoration-style: initial; text-decoration-color: initial;\"> <font face=\"Verdana\" size=\"2\">UNIDAD NORMATIVA-Alcance excepcional (S.\u00a0<a href=\"https:\/\/www.dmsjuridica.com\/JURISPRUDENCIA\/CORTE_CONSTITUCIONAL\/docs\/1997\/C-320-97.html\">C-320\/97<\/a>,\u00a0<a href=\"https:\/\/www.dmsjuridica.com\/JURISPRUDENCIA\/CORTE_CONSTITUCIONAL\/docs\/1999\/C-481-99.html\">C-481\/99<\/a>,\u00a0<a href=\"https:\/\/www.dmsjuridica.com\/JURISPRUDENCIA\/CORTE_CONSTITUCIONAL\/docs\/2000\/C-992-00.html\">C-992\/00<\/a>,\u00a0<a href=\"https:\/\/www.dmsjuridica.com\/JURISPRUDENCIA\/CORTE_CONSTITUCIONAL\/docs\/2010\/C-553-10.html\">C-553\/10<\/a>,\u00a0<a href=\"https:\/\/www.dmsjuridica.com\/JURISPRUDENCIA\/CORTE_CONSTITUCIONAL\/docs\/2010\/C-942-10.html\">C-942\/10<\/a>,\u00a0<a href=\"https:\/\/www.dmsjuridica.com\/JURISPRUDENCIA\/CORTE_CONSTITUCIONAL\/docs\/2011\/C-634-11.html\">C-634\/11<\/a>)<\/font><\/p>\n<p align=\"justify\" style=\"color: rgb(128, 128, 128); font-family: Arial; font-size: medium; font-style: normal; font-variant-ligatures: normal; font-variant-caps: normal; font-weight: 400; letter-spacing: normal; orphans: 2; text-indent: 0px; text-transform: none; white-space: normal; widows: 1; word-spacing: 0px; -webkit-text-stroke-width: 0px; text-decoration-thickness: initial; text-decoration-style: initial; text-decoration-color: initial;\"> <font face=\"Verdana\" size=\"2\">UNIDAD NORMATIVA-An\u00e1lisis de dos normas (S.\u00a0<a href=\"https:\/\/www.dmsjuridica.com\/JURISPRUDENCIA\/CORTE_CONSTITUCIONAL\/docs\/2000\/C-381-00.html\">C-381\/00<\/a>)<\/font><\/p>\n<p align=\"justify\" style=\"color: rgb(128, 128, 128); font-family: Arial; font-size: medium; font-style: normal; font-variant-ligatures: normal; font-variant-caps: normal; font-weight: 400; letter-spacing: normal; orphans: 2; text-indent: 0px; text-transform: none; white-space: normal; widows: 1; word-spacing: 0px; -webkit-text-stroke-width: 0px; text-decoration-thickness: initial; text-decoration-style: initial; text-decoration-color: initial;\"> <font face=\"Verdana\" size=\"2\">UNIDAD NORMATIVA-Aplicaci\u00f3n (S.\u00a0<a href=\"https:\/\/www.dmsjuridica.com\/JURISPRUDENCIA\/CORTE_CONSTITUCIONAL\/docs\/1996\/C-599-96.html\">C-599\/96<\/a>,\u00a0<a href=\"https:\/\/www.dmsjuridica.com\/JURISPRUDENCIA\/CORTE_CONSTITUCIONAL\/docs\/1997\/C-195-97.html\">C-195\/97<\/a>,\u00a0<a href=\"https:\/\/www.dmsjuridica.com\/JURISPRUDENCIA\/CORTE_CONSTITUCIONAL\/docs\/1997\/C-358-97.html\">C-358\/97<\/a>,\u00a0<a href=\"https:\/\/www.dmsjuridica.com\/JURISPRUDENCIA\/CORTE_CONSTITUCIONAL\/docs\/1998\/C-445-98.html\">C-445\/98<\/a>,\u00a0<a href=\"https:\/\/www.dmsjuridica.com\/JURISPRUDENCIA\/CORTE_CONSTITUCIONAL\/docs\/2000\/C-567-00.html\">C-567\/00<\/a>,\u00a0<a href=\"https:\/\/www.dmsjuridica.com\/JURISPRUDENCIA\/CORTE_CONSTITUCIONAL\/docs\/2000\/C-658-00.html\">C-658\/00<\/a>,\u00a0<a href=\"https:\/\/www.dmsjuridica.com\/JURISPRUDENCIA\/CORTE_CONSTITUCIONAL\/docs\/2000\/C-662-00.html\">C-662\/00<\/a>,\u00a0<a href=\"https:\/\/www.dmsjuridica.com\/JURISPRUDENCIA\/CORTE_CONSTITUCIONAL\/docs\/2000\/C-663-00.html\">C-663\/00<\/a>,\u00a0<a href=\"https:\/\/www.dmsjuridica.com\/JURISPRUDENCIA\/CORTE_CONSTITUCIONAL\/docs\/2000\/C-697-00.html\">C-697\/00<\/a>,\u00a0<a href=\"https:\/\/www.dmsjuridica.com\/JURISPRUDENCIA\/CORTE_CONSTITUCIONAL\/docs\/2000\/C-996-00.html\">C-996\/00<\/a>,\u00a0<a href=\"https:\/\/www.dmsjuridica.com\/JURISPRUDENCIA\/CORTE_CONSTITUCIONAL\/docs\/2000\/C-1162-00.html\">C-1162\/00<\/a>)<\/font><\/p>\n<p align=\"justify\" style=\"color: rgb(128, 128, 128); font-family: Arial; font-size: medium; font-style: normal; font-variant-ligatures: normal; font-variant-caps: normal; font-weight: 400; letter-spacing: normal; orphans: 2; text-indent: 0px; text-transform: none; white-space: normal; widows: 1; word-spacing: 0px; -webkit-text-stroke-width: 0px; text-decoration-thickness: initial; text-decoration-style: initial; text-decoration-color: initial;\"> <font face=\"Verdana\" size=\"2\">UNIDAD NORMATIVA &#8211; Car\u00e1cter excepcional. (S.\u00a0<a href=\"https:\/\/www.dmsjuridica.com\/JURISPRUDENCIA\/CORTE_CONSTITUCIONAL\/docs\/2000\/C-1109-00.html\">C-1109\/00<\/a>,\u00a0<a href=\"https:\/\/www.dmsjuridica.com\/JURISPRUDENCIA\/CORTE_CONSTITUCIONAL\/docs\/2001\/C-328-01.html\">C-328\/01<\/a>,\u00a0<a href=\"https:\/\/www.dmsjuridica.com\/JURISPRUDENCIA\/CORTE_CONSTITUCIONAL\/docs\/2001\/C-813-01.html\">C-813\/01<\/a>,\u00a0<a href=\"https:\/\/www.dmsjuridica.com\/JURISPRUDENCIA\/CORTE_CONSTITUCIONAL\/docs\/2003\/C-1201-03.html\">C-1201\/03<\/a>,\u00a0<a href=\"https:\/\/www.dmsjuridica.com\/JURISPRUDENCIA\/CORTE_CONSTITUCIONAL\/docs\/2013\/C-766-13.html\">C-766\/13<\/a>).<\/font><\/p>\n<p align=\"justify\" style=\"color: rgb(128, 128, 128); font-family: Arial; font-size: medium; font-style: normal; font-variant-ligatures: normal; font-variant-caps: normal; font-weight: 400; letter-spacing: normal; orphans: 2; text-indent: 0px; text-transform: none; white-space: normal; widows: 1; word-spacing: 0px; -webkit-text-stroke-width: 0px; text-decoration-thickness: initial; text-decoration-style: initial; text-decoration-color: initial;\"> <font face=\"Verdana\" size=\"2\">UNIDAD NORMATIVA &#8211; Casos en que procede  integraci\u00f3n. (S.\u00a0<a href=\"https:\/\/www.dmsjuridica.com\/JURISPRUDENCIA\/CORTE_CONSTITUCIONAL\/docs\/2004\/C-224-04.html\">C-224\/04<\/a>,\u00a0<a href=\"https:\/\/www.dmsjuridica.com\/JURISPRUDENCIA\/CORTE_CONSTITUCIONAL\/docs\/2004\/C-1119-04.html\">C-1119\/04<\/a>,\u00a0<a href=\"https:\/\/www.dmsjuridica.com\/JURISPRUDENCIA\/CORTE_CONSTITUCIONAL\/docs\/2005\/C-538-05.html\">C-538\/05<\/a>,\u00a0<a href=\"https:\/\/www.dmsjuridica.com\/JURISPRUDENCIA\/CORTE_CONSTITUCIONAL\/docs\/2005\/C-707-05.html\">C-707\/05<\/a>,\u00a0<a href=\"https:\/\/www.dmsjuridica.com\/JURISPRUDENCIA\/CORTE_CONSTITUCIONAL\/docs\/2005\/C-777-05.html\">C-777\/05<\/a>,\u00a0<a href=\"https:\/\/www.dmsjuridica.com\/JURISPRUDENCIA\/CORTE_CONSTITUCIONAL\/docs\/2006\/C-422-06.html\">C-422\/06<\/a>,\u00a0<a href=\"https:\/\/www.dmsjuridica.com\/JURISPRUDENCIA\/CORTE_CONSTITUCIONAL\/docs\/2006\/C-536-06.html\">C-536\/06<\/a>,\u00a0<a href=\"https:\/\/www.dmsjuridica.com\/JURISPRUDENCIA\/CORTE_CONSTITUCIONAL\/docs\/2006\/C-860-06.html\">C-860\/06<\/a>,\u00a0<a href=\"https:\/\/www.dmsjuridica.com\/JURISPRUDENCIA\/CORTE_CONSTITUCIONAL\/docs\/2010\/C-979-10.html\">C-979\/10<\/a>,\u00a0<a href=\"https:\/\/www.dmsjuridica.com\/JURISPRUDENCIA\/CORTE_CONSTITUCIONAL\/docs\/2011\/A100A-11.html\">A.  100A\/11<\/a>,<a href=\"https:\/\/www.dmsjuridica.com\/JURISPRUDENCIA\/CORTE_CONSTITUCIONAL\/docs\/2014\/C-388-14.html\">C-388\/14<\/a>\u00a0&#8211;\u00a0<a href=\"https:\/\/www.dmsjuridica.com\/JURISPRUDENCIA\/CORTE_CONSTITUCIONAL\/docs\/2014\/C-500-14.html\">C-500\/14<\/a>).<\/font><\/p>\n<p align=\"justify\" style=\"color: rgb(128, 128, 128); font-family: Arial; font-size: medium; font-style: normal; font-variant-ligatures: normal; font-variant-caps: normal; font-weight: 400; letter-spacing: normal; orphans: 2; text-indent: 0px; text-transform: none; white-space: normal; widows: 1; word-spacing: 0px; -webkit-text-stroke-width: 0px; text-decoration-thickness: initial; text-decoration-style: initial; text-decoration-color: initial;\"> <font face=\"Verdana\" size=\"2\">UNIDAD NORMATIVA &#8211; Causales de procedencia. (S.\u00a0<a href=\"https:\/\/www.dmsjuridica.com\/JURISPRUDENCIA\/CORTE_CONSTITUCIONAL\/docs\/2002\/C-128-02.html\">C-128\/02<\/a>,\u00a0<a href=\"https:\/\/www.dmsjuridica.com\/JURISPRUDENCIA\/CORTE_CONSTITUCIONAL\/docs\/2013\/C-766-13.html\">C-766\/13<\/a>).<\/font><\/p>\n<p align=\"justify\" style=\"color: rgb(128, 128, 128); font-family: Arial; font-size: medium; font-style: normal; font-variant-ligatures: normal; font-variant-caps: normal; font-weight: 400; letter-spacing: normal; orphans: 2; text-indent: 0px; text-transform: none; white-space: normal; widows: 1; word-spacing: 0px; -webkit-text-stroke-width: 0px; text-decoration-thickness: initial; text-decoration-style: initial; text-decoration-color: initial;\"> <font face=\"Verdana\" size=\"2\">UNIDAD NORMATIVA &#8211; Causales de procedencia de  integraci\u00f3n. (S.\u00a0<a href=\"https:\/\/www.dmsjuridica.com\/JURISPRUDENCIA\/CORTE_CONSTITUCIONAL\/docs\/1999\/C-539-99.html\">C-539\/99<\/a>,\u00a0<a href=\"https:\/\/www.dmsjuridica.com\/JURISPRUDENCIA\/CORTE_CONSTITUCIONAL\/docs\/2014\/C-366-14.html\">C-366\/14<\/a>\u00a0&#8211;\u00a0<a href=\"https:\/\/www.dmsjuridica.com\/JURISPRUDENCIA\/CORTE_CONSTITUCIONAL\/docs\/2014\/C-814-14.html\">C-814\/14<\/a>).<\/font><\/p>\n<p align=\"justify\" style=\"color: rgb(128, 128, 128); font-family: Arial; font-size: medium; font-style: normal; font-variant-ligatures: normal; font-variant-caps: normal; font-weight: 400; letter-spacing: normal; orphans: 2; text-indent: 0px; text-transform: none; white-space: normal; widows: 1; word-spacing: 0px; -webkit-text-stroke-width: 0px; text-decoration-thickness: initial; text-decoration-style: initial; text-decoration-color: initial;\"> <font face=\"Verdana\" size=\"2\">UNIDAD NORMATIVA-Causales de procedencia de  integraci\u00f3n oficiosa (S.\u00a0<a href=\"https:\/\/www.dmsjuridica.com\/JURISPRUDENCIA\/CORTE_CONSTITUCIONAL\/docs\/2011\/C-629-11.html\">C-629\/11<\/a>)<\/font><\/p>\n<p align=\"justify\" style=\"color: rgb(128, 128, 128); font-family: Arial; font-size: medium; font-style: normal; font-variant-ligatures: normal; font-variant-caps: normal; font-weight: 400; letter-spacing: normal; orphans: 2; text-indent: 0px; text-transform: none; white-space: normal; widows: 1; word-spacing: 0px; -webkit-text-stroke-width: 0px; text-decoration-thickness: initial; text-decoration-style: initial; text-decoration-color: initial;\"> <font face=\"Verdana\" size=\"2\">UNIDAD NORMATIVA-Celebraci\u00f3n de matrimonio civil  en el domicilio de la mujer (S.\u00a0<a href=\"https:\/\/www.dmsjuridica.com\/JURISPRUDENCIA\/CORTE_CONSTITUCIONAL\/docs\/2000\/C-112-00.html\">C-112\/00<\/a>)<\/font><\/p>\n<p align=\"justify\" style=\"color: rgb(128, 128, 128); font-family: Arial; font-size: medium; font-style: normal; font-variant-ligatures: normal; font-variant-caps: normal; font-weight: 400; letter-spacing: normal; orphans: 2; text-indent: 0px; text-transform: none; white-space: normal; widows: 1; word-spacing: 0px; -webkit-text-stroke-width: 0px; text-decoration-thickness: initial; text-decoration-style: initial; text-decoration-color: initial;\"> <font face=\"Verdana\" size=\"2\">UNIDAD NORMATIVA &#8211; Concepto. (S.\u00a0<a href=\"https:\/\/www.dmsjuridica.com\/JURISPRUDENCIA\/CORTE_CONSTITUCIONAL\/docs\/2009\/C-930-09.html\">C-930\/09<\/a>,\u00a0<a href=\"https:\/\/www.dmsjuridica.com\/JURISPRUDENCIA\/CORTE_CONSTITUCIONAL\/docs\/2013\/C-264-13.html\">C-264\/13<\/a>).<\/font><\/p>\n<p align=\"justify\" style=\"color: rgb(128, 128, 128); font-family: Arial; font-size: medium; font-style: normal; font-variant-ligatures: normal; font-variant-caps: normal; font-weight: 400; letter-spacing: normal; orphans: 2; text-indent: 0px; text-transform: none; white-space: normal; widows: 1; word-spacing: 0px; -webkit-text-stroke-width: 0px; text-decoration-thickness: initial; text-decoration-style: initial; text-decoration-color: initial;\"> <font face=\"Verdana\" size=\"2\">UNIDAD NORMATIVA-Conexidad (S.P.V.\u00a0<a href=\"https:\/\/www.dmsjuridica.com\/JURISPRUDENCIA\/CORTE_CONSTITUCIONAL\/docs\/1997\/C-012-97.html\">C-012\/97<\/a>)<\/font><\/p>\n<p align=\"justify\" style=\"color: rgb(128, 128, 128); font-family: Arial; font-size: medium; font-style: normal; font-variant-ligatures: normal; font-variant-caps: normal; font-weight: 400; letter-spacing: normal; orphans: 2; text-indent: 0px; text-transform: none; white-space: normal; widows: 1; word-spacing: 0px; -webkit-text-stroke-width: 0px; text-decoration-thickness: initial; text-decoration-style: initial; text-decoration-color: initial;\"> <font face=\"Verdana\" size=\"2\">UNIDAD NORMATIVA-Constituci\u00f3n (S.P.V.\u00a0<a href=\"https:\/\/www.dmsjuridica.com\/JURISPRUDENCIA\/CORTE_CONSTITUCIONAL\/docs\/2000\/C-384-00.html\">C-384\/00<\/a>)<\/font><\/p>\n<p align=\"justify\" style=\"color: rgb(128, 128, 128); font-family: Arial; font-size: medium; font-style: normal; font-variant-ligatures: normal; font-variant-caps: normal; font-weight: 400; letter-spacing: normal; orphans: 2; text-indent: 0px; text-transform: none; white-space: normal; widows: 1; word-spacing: 0px; -webkit-text-stroke-width: 0px; text-decoration-thickness: initial; text-decoration-style: initial; text-decoration-color: initial;\"> <font face=\"Verdana\" size=\"2\">UNIDAD NORMATIVA-Creaci\u00f3n de instituci\u00f3n o  definici\u00f3n de obligaci\u00f3n y regulaci\u00f3n accesoria (S.V.\u00a0<a href=\"https:\/\/www.dmsjuridica.com\/JURISPRUDENCIA\/CORTE_CONSTITUCIONAL\/docs\/2002\/C-251-02.html\">C-251\/02<\/a>)<\/font><\/p>\n<p align=\"justify\" style=\"color: rgb(128, 128, 128); font-family: Arial; font-size: medium; font-style: normal; font-variant-ligatures: normal; font-variant-caps: normal; font-weight: 400; letter-spacing: normal; orphans: 2; text-indent: 0px; text-transform: none; white-space: normal; widows: 1; word-spacing: 0px; -webkit-text-stroke-width: 0px; text-decoration-thickness: initial; text-decoration-style: initial; text-decoration-color: initial;\"> <font face=\"Verdana\" size=\"2\">UNIDAD NORMATIVA-Decisiones de exequibilidad o  inexequibilidad (S.\u00a0<a href=\"https:\/\/www.dmsjuridica.com\/JURISPRUDENCIA\/CORTE_CONSTITUCIONAL\/docs\/2001\/C-506-01.html\">C-506\/01<\/a>)<\/font><\/p>\n<p align=\"justify\" style=\"color: rgb(128, 128, 128); font-family: Arial; font-size: medium; font-style: normal; font-variant-ligatures: normal; font-variant-caps: normal; font-weight: 400; letter-spacing: normal; orphans: 2; text-indent: 0px; text-transform: none; white-space: normal; widows: 1; word-spacing: 0px; -webkit-text-stroke-width: 0px; text-decoration-thickness: initial; text-decoration-style: initial; text-decoration-color: initial;\"> <font face=\"Verdana\" size=\"2\">UNIDAD NORMATIVA-Demostraci\u00f3n rigurosa para  declaraci\u00f3n de inexequibilidad total de una ley (S.V.\u00a0<a href=\"https:\/\/www.dmsjuridica.com\/JURISPRUDENCIA\/CORTE_CONSTITUCIONAL\/docs\/2002\/C-251-02.html\">C-251\/02<\/a>)<\/font><\/p>\n<p align=\"justify\" style=\"color: rgb(128, 128, 128); font-family: Arial; font-size: medium; font-style: normal; font-variant-ligatures: normal; font-variant-caps: normal; font-weight: 400; letter-spacing: normal; orphans: 2; text-indent: 0px; text-transform: none; white-space: normal; widows: 1; word-spacing: 0px; -webkit-text-stroke-width: 0px; text-decoration-thickness: initial; text-decoration-style: initial; text-decoration-color: initial;\"> <font face=\"Verdana\" size=\"2\">UNIDAD NORMATIVA-Efectos cuando  inconstitucionalidad recae sobre eje esencial del sistema creado por el  legislador (S.\u00a0<a href=\"https:\/\/www.dmsjuridica.com\/JURISPRUDENCIA\/CORTE_CONSTITUCIONAL\/docs\/2008\/C-879-08.html\">C-879\/08<\/a>)<\/font><\/p>\n<p align=\"justify\" style=\"color: rgb(128, 128, 128); font-family: Arial; font-size: medium; font-style: normal; font-variant-ligatures: normal; font-variant-caps: normal; font-weight: 400; letter-spacing: normal; orphans: 2; text-indent: 0px; text-transform: none; white-space: normal; widows: 1; word-spacing: 0px; -webkit-text-stroke-width: 0px; text-decoration-thickness: initial; text-decoration-style: initial; text-decoration-color: initial;\"> <font face=\"Verdana\" size=\"2\">UNIDAD NORMATIVA-Establecimiento no es requisito  para quien instaura la acci\u00f3n p\u00fablica de inconstitucionalidad (S.V.\u00a0<a href=\"https:\/\/www.dmsjuridica.com\/JURISPRUDENCIA\/CORTE_CONSTITUCIONAL\/docs\/2005\/C-1299-05.html\">C-1299\/05<\/a>,  S.V.\u00a0<a href=\"https:\/\/www.dmsjuridica.com\/JURISPRUDENCIA\/CORTE_CONSTITUCIONAL\/docs\/2009\/C-761-09.html\">C-761\/09<\/a>)<\/font><\/p>\n<p align=\"justify\" style=\"color: rgb(128, 128, 128); font-family: Arial; font-size: medium; font-style: normal; font-variant-ligatures: normal; font-variant-caps: normal; font-weight: 400; letter-spacing: normal; orphans: 2; text-indent: 0px; text-transform: none; white-space: normal; widows: 1; word-spacing: 0px; -webkit-text-stroke-width: 0px; text-decoration-thickness: initial; text-decoration-style: initial; text-decoration-color: initial;\"> <font face=\"Verdana\" size=\"2\">UNIDAD NORMATIVA-Eventos en que procede de manera  excepcional (S.\u00a0<a href=\"https:\/\/www.dmsjuridica.com\/JURISPRUDENCIA\/CORTE_CONSTITUCIONAL\/docs\/2003\/C-781-03.html\">C-781\/03<\/a>,\u00a0<a href=\"https:\/\/www.dmsjuridica.com\/JURISPRUDENCIA\/CORTE_CONSTITUCIONAL\/docs\/2004\/C-998-04.html\">C-998\/04<\/a>,\u00a0<a href=\"https:\/\/www.dmsjuridica.com\/JURISPRUDENCIA\/CORTE_CONSTITUCIONAL\/docs\/2004\/C-1126-04.html\">C-1126\/04<\/a>)<\/font><\/p>\n<p align=\"justify\" style=\"color: rgb(128, 128, 128); font-family: Arial; font-size: medium; font-style: normal; font-variant-ligatures: normal; font-variant-caps: normal; font-weight: 400; letter-spacing: normal; orphans: 2; text-indent: 0px; text-transform: none; white-space: normal; widows: 1; word-spacing: 0px; -webkit-text-stroke-width: 0px; text-decoration-thickness: initial; text-decoration-style: initial; text-decoration-color: initial;\"> <font face=\"Verdana\" size=\"2\">UNIDAD NORMATIVA-Eventos para la integraci\u00f3n (S.\u00a0<a href=\"https:\/\/www.dmsjuridica.com\/JURISPRUDENCIA\/CORTE_CONSTITUCIONAL\/docs\/2001\/C-579-01.html\">C-579\/01<\/a>)<\/font><\/p>\n<p align=\"justify\" style=\"color: rgb(128, 128, 128); font-family: Arial; font-size: medium; font-style: normal; font-variant-ligatures: normal; font-variant-caps: normal; font-weight: 400; letter-spacing: normal; orphans: 2; text-indent: 0px; text-transform: none; white-space: normal; widows: 1; word-spacing: 0px; -webkit-text-stroke-width: 0px; text-decoration-thickness: initial; text-decoration-style: initial; text-decoration-color: initial;\"> <font face=\"Verdana\" size=\"2\">UNIDAD NORMATIVA-Extensi\u00f3n a normas no demandadas  (S.\u00a0<a href=\"https:\/\/www.dmsjuridica.com\/JURISPRUDENCIA\/CORTE_CONSTITUCIONAL\/docs\/2002\/C-373-02.html\">C-373\/02<\/a>)<\/font><\/p>\n<p align=\"justify\" style=\"color: rgb(128, 128, 128); font-family: Arial; font-size: medium; font-style: normal; font-variant-ligatures: normal; font-variant-caps: normal; font-weight: 400; letter-spacing: normal; orphans: 2; text-indent: 0px; text-transform: none; white-space: normal; widows: 1; word-spacing: 0px; -webkit-text-stroke-width: 0px; text-decoration-thickness: initial; text-decoration-style: initial; text-decoration-color: initial;\"> <font face=\"Verdana\" size=\"2\">UNIDAD NORMATIVA-Extensi\u00f3n a toda la norma (S.\u00a0<a href=\"https:\/\/www.dmsjuridica.com\/JURISPRUDENCIA\/CORTE_CONSTITUCIONAL\/docs\/2000\/C-164-00.html\">C-164\/00<\/a>)<\/font><\/p>\n<p align=\"justify\" style=\"color: rgb(128, 128, 128); font-family: Arial; font-size: medium; font-style: normal; font-variant-ligatures: normal; font-variant-caps: normal; font-weight: 400; letter-spacing: normal; orphans: 2; text-indent: 0px; text-transform: none; white-space: normal; widows: 1; word-spacing: 0px; -webkit-text-stroke-width: 0px; text-decoration-thickness: initial; text-decoration-style: initial; text-decoration-color: initial;\"> <font face=\"Verdana\" size=\"2\">UNIDAD NORMATIVA-Extensi\u00f3n de pronunciamiento por  contrariedad entre la Constituci\u00f3n y una regla de derecho (S.\u00a0<a href=\"https:\/\/www.dmsjuridica.com\/JURISPRUDENCIA\/CORTE_CONSTITUCIONAL\/docs\/2002\/C-373-02.html\">C-373\/02<\/a>)<\/font><\/p>\n<p align=\"justify\" style=\"color: rgb(128, 128, 128); font-family: Arial; font-size: medium; font-style: normal; font-variant-ligatures: normal; font-variant-caps: normal; font-weight: 400; letter-spacing: normal; orphans: 2; text-indent: 0px; text-transform: none; white-space: normal; widows: 1; word-spacing: 0px; -webkit-text-stroke-width: 0px; text-decoration-thickness: initial; text-decoration-style: initial; text-decoration-color: initial;\"> <font face=\"Verdana\" size=\"2\">UNIDAD NORMATIVA-Facultad excepcional (S.\u00a0<a href=\"https:\/\/www.dmsjuridica.com\/JURISPRUDENCIA\/CORTE_CONSTITUCIONAL\/docs\/2004\/C-662-04.html\">C-662\/04<\/a>)<\/font><\/p>\n<p align=\"justify\" style=\"color: rgb(128, 128, 128); font-family: Arial; font-size: medium; font-style: normal; font-variant-ligatures: normal; font-variant-caps: normal; font-weight: 400; letter-spacing: normal; orphans: 2; text-indent: 0px; text-transform: none; white-space: normal; widows: 1; word-spacing: 0px; -webkit-text-stroke-width: 0px; text-decoration-thickness: initial; text-decoration-style: initial; text-decoration-color: initial;\"> <font face=\"Verdana\" size=\"2\">UNIDAD NORMATIVA-Finalidad de la integraci\u00f3n (S.\u00a0<a href=\"https:\/\/www.dmsjuridica.com\/JURISPRUDENCIA\/CORTE_CONSTITUCIONAL\/docs\/2002\/C-917-02.html\">C-917\/02<\/a>,\u00a0<a href=\"https:\/\/www.dmsjuridica.com\/JURISPRUDENCIA\/CORTE_CONSTITUCIONAL\/docs\/2003\/C-250-03.html\">C-250\/03<\/a>)<\/font><\/p>\n<p align=\"justify\" style=\"color: rgb(128, 128, 128); font-family: Arial; font-size: medium; font-style: normal; font-variant-ligatures: normal; font-variant-caps: normal; font-weight: 400; letter-spacing: normal; orphans: 2; text-indent: 0px; text-transform: none; white-space: normal; widows: 1; word-spacing: 0px; -webkit-text-stroke-width: 0px; text-decoration-thickness: initial; text-decoration-style: initial; text-decoration-color: initial;\"> <font face=\"Verdana\" size=\"2\">UNIDAD NORMATIVA-Hace parte del proceso de control  constitucional (<a href=\"https:\/\/www.dmsjuridica.com\/JURISPRUDENCIA\/CORTE_CONSTITUCIONAL\/docs\/1998\/A022-98.html\">A. 022\/98<\/a>)<\/font><\/p>\n<p align=\"justify\" style=\"color: rgb(128, 128, 128); font-family: Arial; font-size: medium; font-style: normal; font-variant-ligatures: normal; font-variant-caps: normal; font-weight: 400; letter-spacing: normal; orphans: 2; text-indent: 0px; text-transform: none; white-space: normal; widows: 1; word-spacing: 0px; -webkit-text-stroke-width: 0px; text-decoration-thickness: initial; text-decoration-style: initial; text-decoration-color: initial;\"> <font face=\"Verdana\" size=\"2\">UNIDAD NORMATIVA-Hip\u00f3tesis (S.\u00a0<a href=\"https:\/\/www.dmsjuridica.com\/JURISPRUDENCIA\/CORTE_CONSTITUCIONAL\/docs\/2003\/C-1201-03.html\">C-1201\/03<\/a>)<\/font><\/p>\n<p align=\"justify\" style=\"color: rgb(128, 128, 128); font-family: Arial; font-size: medium; font-style: normal; font-variant-ligatures: normal; font-variant-caps: normal; font-weight: 400; letter-spacing: normal; orphans: 2; text-indent: 0px; text-transform: none; white-space: normal; widows: 1; word-spacing: 0px; -webkit-text-stroke-width: 0px; text-decoration-thickness: initial; text-decoration-style: initial; text-decoration-color: initial;\"> <font face=\"Verdana\" size=\"2\">UNIDAD NORMATIVA-Hip\u00f3tesis de integraci\u00f3n (S.\u00a0<a href=\"https:\/\/www.dmsjuridica.com\/JURISPRUDENCIA\/CORTE_CONSTITUCIONAL\/docs\/2007\/C-720-07.html\">C-720\/07<\/a>,\u00a0<a href=\"https:\/\/www.dmsjuridica.com\/JURISPRUDENCIA\/CORTE_CONSTITUCIONAL\/docs\/2008\/C-256-08.html\">C-256\/08<\/a>,\u00a0<a href=\"https:\/\/www.dmsjuridica.com\/JURISPRUDENCIA\/CORTE_CONSTITUCIONAL\/docs\/2008\/C-463-08.html\">C-463\/08<\/a>)<\/font><\/p>\n<p align=\"justify\" style=\"color: rgb(128, 128, 128); font-family: Arial; font-size: medium; font-style: normal; font-variant-ligatures: normal; font-variant-caps: normal; font-weight: 400; letter-spacing: normal; orphans: 2; text-indent: 0px; text-transform: none; white-space: normal; widows: 1; word-spacing: 0px; -webkit-text-stroke-width: 0px; text-decoration-thickness: initial; text-decoration-style: initial; text-decoration-color: initial;\"> <font face=\"Verdana\" size=\"2\">UNIDAD NORMATIVA &#8211; Hip\u00f3tesis de presentaci\u00f3n.  (S.V.\u00a0<a href=\"https:\/\/www.dmsjuridica.com\/JURISPRUDENCIA\/CORTE_CONSTITUCIONAL\/docs\/2002\/C-251-02.html\">C-251\/02<\/a>,\u00a0<a href=\"https:\/\/www.dmsjuridica.com\/JURISPRUDENCIA\/CORTE_CONSTITUCIONAL\/docs\/2004\/C-349-04.html\">C-349\/04<\/a>,\u00a0<a href=\"https:\/\/www.dmsjuridica.com\/JURISPRUDENCIA\/CORTE_CONSTITUCIONAL\/docs\/2014\/C-767-14.html\">C-767\/14<\/a>\u00a0&#8211;\u00a0<a href=\"https:\/\/www.dmsjuridica.com\/JURISPRUDENCIA\/CORTE_CONSTITUCIONAL\/docs\/2014\/C-814-14.html\">C-814\/14<\/a>).<\/font><\/p>\n<p align=\"justify\" style=\"color: rgb(128, 128, 128); font-family: Arial; font-size: medium; font-style: normal; font-variant-ligatures: normal; font-variant-caps: normal; font-weight: 400; letter-spacing: normal; orphans: 2; text-indent: 0px; text-transform: none; white-space: normal; widows: 1; word-spacing: 0px; -webkit-text-stroke-width: 0px; text-decoration-thickness: initial; text-decoration-style: initial; text-decoration-color: initial;\"> <font face=\"Verdana\" size=\"2\">UNIDAD NORMATIVA-Hip\u00f3tesis en que procede su  integraci\u00f3n (S.\u00a0<a href=\"https:\/\/www.dmsjuridica.com\/JURISPRUDENCIA\/CORTE_CONSTITUCIONAL\/docs\/2008\/C-864-08.html\">C-864\/08<\/a>)<\/font><\/p>\n<p align=\"justify\" style=\"color: rgb(128, 128, 128); font-family: Arial; font-size: medium; font-style: normal; font-variant-ligatures: normal; font-variant-caps: normal; font-weight: 400; letter-spacing: normal; orphans: 2; text-indent: 0px; text-transform: none; white-space: normal; widows: 1; word-spacing: 0px; -webkit-text-stroke-width: 0px; text-decoration-thickness: initial; text-decoration-style: initial; text-decoration-color: initial;\"> <font face=\"Verdana\" size=\"2\">UNIDAD NORMATIVA-Implicaciones en la participaci\u00f3n  ciudadana (S.\u00a0<a href=\"https:\/\/www.dmsjuridica.com\/JURISPRUDENCIA\/CORTE_CONSTITUCIONAL\/docs\/1998\/C-298-98.html\">C-298\/98<\/a>)<\/font><\/p>\n<p align=\"justify\" style=\"color: rgb(128, 128, 128); font-family: Arial; font-size: medium; font-style: normal; font-variant-ligatures: normal; font-variant-caps: normal; font-weight: 400; letter-spacing: normal; orphans: 2; text-indent: 0px; text-transform: none; white-space: normal; widows: 1; word-spacing: 0px; -webkit-text-stroke-width: 0px; text-decoration-thickness: initial; text-decoration-style: initial; text-decoration-color: initial;\"> <font face=\"Verdana\" size=\"2\">UNIDAD NORMATIVA-Importancia en eventos de rechazo  en el auto admisorio de la demanda por presunta existencia de cosa juzgada (S.\u00a0<a href=\"https:\/\/www.dmsjuridica.com\/JURISPRUDENCIA\/CORTE_CONSTITUCIONAL\/docs\/2007\/C-720-07.html\">C-720\/07<\/a>)<\/font><\/p>\n<p align=\"justify\" style=\"color: rgb(128, 128, 128); font-family: Arial; font-size: medium; font-style: normal; font-variant-ligatures: normal; font-variant-caps: normal; font-weight: 400; letter-spacing: normal; orphans: 2; text-indent: 0px; text-transform: none; white-space: normal; widows: 1; word-spacing: 0px; -webkit-text-stroke-width: 0px; text-decoration-thickness: initial; text-decoration-style: initial; text-decoration-color: initial;\"> <font face=\"Verdana\" size=\"2\">UNIDAD NORMATIVA-Improcedencia (S.\u00a0<a href=\"https:\/\/www.dmsjuridica.com\/JURISPRUDENCIA\/CORTE_CONSTITUCIONAL\/docs\/1994\/C-188-94.html\">C-188\/94<\/a>,\u00a0<a href=\"https:\/\/www.dmsjuridica.com\/JURISPRUDENCIA\/CORTE_CONSTITUCIONAL\/docs\/1994\/C-514-94.html\">C-514\/94<\/a>,\u00a0<a href=\"https:\/\/www.dmsjuridica.com\/JURISPRUDENCIA\/CORTE_CONSTITUCIONAL\/docs\/1999\/C-721-99.html\">C-721\/99<\/a>,\u00a0<a href=\"https:\/\/www.dmsjuridica.com\/JURISPRUDENCIA\/CORTE_CONSTITUCIONAL\/docs\/2000\/C-1109-00.html\">C-1109\/00<\/a>,\u00a0<a href=\"https:\/\/www.dmsjuridica.com\/JURISPRUDENCIA\/CORTE_CONSTITUCIONAL\/docs\/2003\/C-781-03.html\">C-781\/03<\/a>,\u00a0<a href=\"https:\/\/www.dmsjuridica.com\/JURISPRUDENCIA\/CORTE_CONSTITUCIONAL\/docs\/2003\/C-1201-03.html\">C-1201\/03<\/a>,\u00a0<a href=\"https:\/\/www.dmsjuridica.com\/JURISPRUDENCIA\/CORTE_CONSTITUCIONAL\/docs\/2005\/C-1155-05.html\">C-1155\/05<\/a>,\u00a0<a href=\"https:\/\/www.dmsjuridica.com\/JURISPRUDENCIA\/CORTE_CONSTITUCIONAL\/docs\/2011\/C-262-11.html\">C-262\/11<\/a>)<\/font><\/p>\n<p align=\"justify\" style=\"color: rgb(128, 128, 128); font-family: Arial; font-size: medium; font-style: normal; font-variant-ligatures: normal; font-variant-caps: normal; font-weight: 400; letter-spacing: normal; orphans: 2; text-indent: 0px; text-transform: none; white-space: normal; widows: 1; word-spacing: 0px; -webkit-text-stroke-width: 0px; text-decoration-thickness: initial; text-decoration-style: initial; text-decoration-color: initial;\"> <font face=\"Verdana\" size=\"2\">UNIDAD NORMATIVA-Improcedencia de integraci\u00f3n (S.\u00a0<a href=\"https:\/\/www.dmsjuridica.com\/JURISPRUDENCIA\/CORTE_CONSTITUCIONAL\/docs\/2005\/C-421-05.html\">C-421\/05<\/a>,\u00a0<a href=\"https:\/\/www.dmsjuridica.com\/JURISPRUDENCIA\/CORTE_CONSTITUCIONAL\/docs\/2006\/C-536-06.html\">C-536\/06<\/a>,\u00a0<a href=\"https:\/\/www.dmsjuridica.com\/JURISPRUDENCIA\/CORTE_CONSTITUCIONAL\/docs\/2006\/C-860-06.html\">C-860\/06<\/a>,\u00a0<a href=\"https:\/\/www.dmsjuridica.com\/JURISPRUDENCIA\/CORTE_CONSTITUCIONAL\/docs\/2008\/C-1007-08.html\">C-1007\/08<\/a>)<\/font><\/p>\n<p align=\"justify\" style=\"color: rgb(128, 128, 128); font-family: Arial; font-size: medium; font-style: normal; font-variant-ligatures: normal; font-variant-caps: normal; font-weight: 400; letter-spacing: normal; orphans: 2; text-indent: 0px; text-transform: none; white-space: normal; widows: 1; word-spacing: 0px; -webkit-text-stroke-width: 0px; text-decoration-thickness: initial; text-decoration-style: initial; text-decoration-color: initial;\"> <font face=\"Verdana\" size=\"2\">UNIDAD NORMATIVA-Improcedencia de integraci\u00f3n por  gozar de contenido propio, aut\u00f3nomo y separable (S.P.V.\u00a0<a href=\"https:\/\/www.dmsjuridica.com\/JURISPRUDENCIA\/CORTE_CONSTITUCIONAL\/docs\/2004\/C-224-04.html\">C-224\/04<\/a>)<\/font><\/p>\n<p align=\"justify\" style=\"color: rgb(128, 128, 128); font-family: Arial; font-size: medium; font-style: normal; font-variant-ligatures: normal; font-variant-caps: normal; font-weight: 400; letter-spacing: normal; orphans: 2; text-indent: 0px; text-transform: none; white-space: normal; widows: 1; word-spacing: 0px; -webkit-text-stroke-width: 0px; text-decoration-thickness: initial; text-decoration-style: initial; text-decoration-color: initial;\"> <font face=\"Verdana\" size=\"2\">UNIDAD NORMATIVA-Improcedencia de integraci\u00f3n por  modificaci\u00f3n (S.\u00a0<a href=\"https:\/\/www.dmsjuridica.com\/JURISPRUDENCIA\/CORTE_CONSTITUCIONAL\/docs\/2003\/C-405-03.html\">C-405\/03<\/a>)<\/font><\/p>\n<p align=\"justify\" style=\"color: rgb(128, 128, 128); font-family: Arial; font-size: medium; font-style: normal; font-variant-ligatures: normal; font-variant-caps: normal; font-weight: 400; letter-spacing: normal; orphans: 2; text-indent: 0px; text-transform: none; white-space: normal; widows: 1; word-spacing: 0px; -webkit-text-stroke-width: 0px; text-decoration-thickness: initial; text-decoration-style: initial; text-decoration-color: initial;\"> <font face=\"Verdana\" size=\"2\">UNIDAD NORMATIVA-Improcedencia de integraci\u00f3n por  no cumplirse los presupuestos (S.P.V.\u00a0<a href=\"https:\/\/www.dmsjuridica.com\/JURISPRUDENCIA\/CORTE_CONSTITUCIONAL\/docs\/2004\/C-224-04.html\">C-224\/04<\/a>)<\/font><\/p>\n<p align=\"justify\" style=\"color: rgb(128, 128, 128); font-family: Arial; font-size: medium; font-style: normal; font-variant-ligatures: normal; font-variant-caps: normal; font-weight: 400; letter-spacing: normal; orphans: 2; text-indent: 0px; text-transform: none; white-space: normal; widows: 1; word-spacing: 0px; -webkit-text-stroke-width: 0px; text-decoration-thickness: initial; text-decoration-style: initial; text-decoration-color: initial;\"> <font face=\"Verdana\" size=\"2\">UNIDAD NORMATIVA-Improcedencia de integraci\u00f3n por  no estar dadas las condiciones jur\u00eddicas (S.P.V.\u00a0<a href=\"https:\/\/www.dmsjuridica.com\/JURISPRUDENCIA\/CORTE_CONSTITUCIONAL\/docs\/2004\/C-224-04.html\">C-224\/04<\/a>)<\/font><\/p>\n<p align=\"justify\" style=\"color: rgb(128, 128, 128); font-family: Arial; font-size: medium; font-style: normal; font-variant-ligatures: normal; font-variant-caps: normal; font-weight: 400; letter-spacing: normal; orphans: 2; text-indent: 0px; text-transform: none; white-space: normal; widows: 1; word-spacing: 0px; -webkit-text-stroke-width: 0px; text-decoration-thickness: initial; text-decoration-style: initial; text-decoration-color: initial;\"> <font face=\"Verdana\" size=\"2\">UNIDAD NORMATIVA-Improcedencia de su integraci\u00f3n  (S.\u00a0<a href=\"https:\/\/www.dmsjuridica.com\/JURISPRUDENCIA\/CORTE_CONSTITUCIONAL\/docs\/2010\/C-334-10.html\">C-334\/10<\/a>)<\/font><\/p>\n<p align=\"justify\" style=\"color: rgb(128, 128, 128); font-family: Arial; font-size: medium; font-style: normal; font-variant-ligatures: normal; font-variant-caps: normal; font-weight: 400; letter-spacing: normal; orphans: 2; text-indent: 0px; text-transform: none; white-space: normal; widows: 1; word-spacing: 0px; -webkit-text-stroke-width: 0px; text-decoration-thickness: initial; text-decoration-style: initial; text-decoration-color: initial;\"> <font face=\"Verdana\" size=\"2\">UNIDAD NORMATIVA-Improcedencia por carencia de  competencias sobre norma (S.\u00a0<a href=\"https:\/\/www.dmsjuridica.com\/JURISPRUDENCIA\/CORTE_CONSTITUCIONAL\/docs\/2000\/C-1379-00.html\">C-1379\/00<\/a>)<\/font><\/p>\n<p align=\"justify\" style=\"color: rgb(128, 128, 128); font-family: Arial; font-size: medium; font-style: normal; font-variant-ligatures: normal; font-variant-caps: normal; font-weight: 400; letter-spacing: normal; orphans: 2; text-indent: 0px; text-transform: none; white-space: normal; widows: 1; word-spacing: 0px; -webkit-text-stroke-width: 0px; text-decoration-thickness: initial; text-decoration-style: initial; text-decoration-color: initial;\"> <font face=\"Verdana\" size=\"2\">UNIDAD NORMATIVA-Improcedencia por entidad  jur\u00eddica propia (S.\u00a0<a href=\"https:\/\/www.dmsjuridica.com\/JURISPRUDENCIA\/CORTE_CONSTITUCIONAL\/docs\/2002\/C-974-02.html\">C-974\/02<\/a>)<\/font><\/p>\n<p align=\"justify\" style=\"color: rgb(128, 128, 128); font-family: Arial; font-size: medium; font-style: normal; font-variant-ligatures: normal; font-variant-caps: normal; font-weight: 400; letter-spacing: normal; orphans: 2; text-indent: 0px; text-transform: none; white-space: normal; widows: 1; word-spacing: 0px; -webkit-text-stroke-width: 0px; text-decoration-thickness: initial; text-decoration-style: initial; text-decoration-color: initial;\"> <font face=\"Verdana\" size=\"2\">UNIDAD NORMATIVA-Inexequibilidad de sistema  normativo completo (S.\u00a0<a href=\"https:\/\/www.dmsjuridica.com\/JURISPRUDENCIA\/CORTE_CONSTITUCIONAL\/docs\/2008\/C-879-08.html\">C-879\/08<\/a>)<\/font><\/p>\n<p align=\"justify\" style=\"color: rgb(128, 128, 128); font-family: Arial; font-size: medium; font-style: normal; font-variant-ligatures: normal; font-variant-caps: normal; font-weight: 400; letter-spacing: normal; orphans: 2; text-indent: 0px; text-transform: none; white-space: normal; widows: 1; word-spacing: 0px; -webkit-text-stroke-width: 0px; text-decoration-thickness: initial; text-decoration-style: initial; text-decoration-color: initial;\"> <font face=\"Verdana\" size=\"2\">UNIDAD NORMATIVA &#8211; Inexistencia de presupuestos  para la integraci\u00f3n. (A.V.\u00a0<a href=\"https:\/\/www.dmsjuridica.com\/JURISPRUDENCIA\/CORTE_CONSTITUCIONAL\/docs\/2004\/C-349-04.html\">C-349\/04<\/a>,  S.P.V.\u00a0<a href=\"https:\/\/www.dmsjuridica.com\/JURISPRUDENCIA\/CORTE_CONSTITUCIONAL\/docs\/2004\/C-349-04.html\">C-349\/04<\/a>,\u00a0<a href=\"https:\/\/www.dmsjuridica.com\/JURISPRUDENCIA\/CORTE_CONSTITUCIONAL\/docs\/2014\/C-767-14.html\">C-767\/14<\/a>\u00a0&#8211;\u00a0<a href=\"https:\/\/www.dmsjuridica.com\/JURISPRUDENCIA\/CORTE_CONSTITUCIONAL\/docs\/2014\/T-656-14.html\">T-656\/14<\/a>).<\/font><\/p>\n<p align=\"justify\" style=\"color: rgb(128, 128, 128); font-family: Arial; font-size: medium; font-style: normal; font-variant-ligatures: normal; font-variant-caps: normal; font-weight: 400; letter-spacing: normal; orphans: 2; text-indent: 0px; text-transform: none; white-space: normal; widows: 1; word-spacing: 0px; -webkit-text-stroke-width: 0px; text-decoration-thickness: initial; text-decoration-style: initial; text-decoration-color: initial;\"> <font face=\"Verdana\" size=\"2\">UNIDAD NORMATIVA-Inseparabilidad interna de normas  de proyecto de ley estatutaria que tienen conexidad inescindible con acto  legislativo relativo a estatuto antiterrorista (S.\u00a0<a href=\"https:\/\/www.dmsjuridica.com\/JURISPRUDENCIA\/CORTE_CONSTITUCIONAL\/docs\/2004\/C-1119-04.html\">C-1119\/04<\/a>)<\/font><\/p>\n<p align=\"justify\" style=\"color: rgb(128, 128, 128); font-family: Arial; font-size: medium; font-style: normal; font-variant-ligatures: normal; font-variant-caps: normal; font-weight: 400; letter-spacing: normal; orphans: 2; text-indent: 0px; text-transform: none; white-space: normal; widows: 1; word-spacing: 0px; -webkit-text-stroke-width: 0px; text-decoration-thickness: initial; text-decoration-style: initial; text-decoration-color: initial;\"> <font face=\"Verdana\" size=\"2\">UNIDAD NORMATIVA &#8211; Inseparabilidad interna de  normas de proyecto de ley estatutaria que tienen conexidad inescindible con acto  legislativo relativo al fuero penal militar. (S.\u00a0<a href=\"https:\/\/www.dmsjuridica.com\/JURISPRUDENCIA\/CORTE_CONSTITUCIONAL\/docs\/2014\/C-388-14.html\">C-388\/14<\/a>\u00a0&#8211;\u00a0<a href=\"https:\/\/www.dmsjuridica.com\/JURISPRUDENCIA\/CORTE_CONSTITUCIONAL\/docs\/2014\/T-606-14.html\">T-606\/14<\/a>).<\/font><\/p>\n<p align=\"justify\" style=\"color: rgb(128, 128, 128); font-family: Arial; font-size: medium; font-style: normal; font-variant-ligatures: normal; font-variant-caps: normal; font-weight: 400; letter-spacing: normal; orphans: 2; text-indent: 0px; text-transform: none; white-space: normal; widows: 1; word-spacing: 0px; -webkit-text-stroke-width: 0px; text-decoration-thickness: initial; text-decoration-style: initial; text-decoration-color: initial;\"> <font face=\"Verdana\" size=\"2\">UNIDAD NORMATIVA &#8211; Integraci\u00f3n (S.\u00a0<a href=\"https:\/\/www.dmsjuridica.com\/JURISPRUDENCIA\/CORTE_CONSTITUCIONAL\/docs\/2000\/C-381-00.html\">C-381\/00<\/a>,\u00a0<a href=\"https:\/\/www.dmsjuridica.com\/JURISPRUDENCIA\/CORTE_CONSTITUCIONAL\/docs\/2000\/C-797-00.html\">C-797\/00<\/a>,\u00a0<a href=\"https:\/\/www.dmsjuridica.com\/JURISPRUDENCIA\/CORTE_CONSTITUCIONAL\/docs\/2001\/C-543-01.html\">C-543\/01<\/a>,\u00a0<a href=\"https:\/\/www.dmsjuridica.com\/JURISPRUDENCIA\/CORTE_CONSTITUCIONAL\/docs\/2001\/C-551-01.html\">C-551\/01<\/a>,  A.V.\u00a0<a href=\"https:\/\/www.dmsjuridica.com\/JURISPRUDENCIA\/CORTE_CONSTITUCIONAL\/docs\/2001\/C-776-01.html\">C-776\/01<\/a>,\u00a0<a href=\"https:\/\/www.dmsjuridica.com\/JURISPRUDENCIA\/CORTE_CONSTITUCIONAL\/docs\/2001\/C-808-01.html\">C-808\/01<\/a>,\u00a0<a href=\"https:\/\/www.dmsjuridica.com\/JURISPRUDENCIA\/CORTE_CONSTITUCIONAL\/docs\/2001\/C-828-01.html\">C-828\/01<\/a>,\u00a0<a href=\"https:\/\/www.dmsjuridica.com\/JURISPRUDENCIA\/CORTE_CONSTITUCIONAL\/docs\/2001\/C-896-01.html\">C-896\/01<\/a>,  S.V.\u00a0<a href=\"https:\/\/www.dmsjuridica.com\/JURISPRUDENCIA\/CORTE_CONSTITUCIONAL\/docs\/2001\/C-893-01.html\">C-893\/01<\/a>,  S.P.V.\u00a0<a href=\"https:\/\/www.dmsjuridica.com\/JURISPRUDENCIA\/CORTE_CONSTITUCIONAL\/docs\/2001\/C-973-01.html\">C-973\/01<\/a>,\u00a0<a href=\"https:\/\/www.dmsjuridica.com\/JURISPRUDENCIA\/CORTE_CONSTITUCIONAL\/docs\/2001\/C-1194-01.html\">C-1194\/01<\/a>,\u00a0<a href=\"https:\/\/www.dmsjuridica.com\/JURISPRUDENCIA\/CORTE_CONSTITUCIONAL\/docs\/2002\/C-130-02.html\">C-130\/02<\/a>,\u00a0<a href=\"https:\/\/www.dmsjuridica.com\/JURISPRUDENCIA\/CORTE_CONSTITUCIONAL\/docs\/2002\/C-158-02.html\">C-158\/02<\/a>,\u00a0<a href=\"https:\/\/www.dmsjuridica.com\/JURISPRUDENCIA\/CORTE_CONSTITUCIONAL\/docs\/2002\/C-245-02.html\">C-245\/02<\/a>,\u00a0<a href=\"https:\/\/www.dmsjuridica.com\/JURISPRUDENCIA\/CORTE_CONSTITUCIONAL\/docs\/2002\/C-265-02.html\">C-265\/02<\/a>,\u00a0<a href=\"https:\/\/www.dmsjuridica.com\/JURISPRUDENCIA\/CORTE_CONSTITUCIONAL\/docs\/2002\/C-290-02.html\">C-290\/02<\/a>,\u00a0<a href=\"https:\/\/www.dmsjuridica.com\/JURISPRUDENCIA\/CORTE_CONSTITUCIONAL\/docs\/2002\/C-314-02.html\">C-314\/02<\/a>,\u00a0<a href=\"https:\/\/www.dmsjuridica.com\/JURISPRUDENCIA\/CORTE_CONSTITUCIONAL\/docs\/2002\/C-317-02.html\">C-317\/02<\/a>,\u00a0<a href=\"https:\/\/www.dmsjuridica.com\/JURISPRUDENCIA\/CORTE_CONSTITUCIONAL\/docs\/2002\/C-370-02.html\">C-370\/02<\/a>,\u00a0<a href=\"https:\/\/www.dmsjuridica.com\/JURISPRUDENCIA\/CORTE_CONSTITUCIONAL\/docs\/2002\/C-642-02.html\">C-642\/02<\/a>,\u00a0<a href=\"https:\/\/www.dmsjuridica.com\/JURISPRUDENCIA\/CORTE_CONSTITUCIONAL\/docs\/2002\/C-832-02.html\">C-832\/02<\/a>,\u00a0<a href=\"https:\/\/www.dmsjuridica.com\/JURISPRUDENCIA\/CORTE_CONSTITUCIONAL\/docs\/2002\/C-887-02.html\">C-887\/02<\/a>,\u00a0<a href=\"https:\/\/www.dmsjuridica.com\/JURISPRUDENCIA\/CORTE_CONSTITUCIONAL\/docs\/2002\/C-918-02.html\">C-918\/02<\/a>,\u00a0<a href=\"https:\/\/www.dmsjuridica.com\/JURISPRUDENCIA\/CORTE_CONSTITUCIONAL\/docs\/2002\/C-948-02.html\">C-948\/02<\/a>,\u00a0<a href=\"https:\/\/www.dmsjuridica.com\/JURISPRUDENCIA\/CORTE_CONSTITUCIONAL\/docs\/2002\/C-973-02.html\">C-973\/02<\/a>,\u00a0<a href=\"https:\/\/www.dmsjuridica.com\/JURISPRUDENCIA\/CORTE_CONSTITUCIONAL\/docs\/2003\/C-875-03.html\">C-875\/03<\/a>,\u00a0<a href=\"https:\/\/www.dmsjuridica.com\/JURISPRUDENCIA\/CORTE_CONSTITUCIONAL\/docs\/2003\/C-1090-03.html\">C-1090\/03<\/a>,<a href=\"https:\/\/www.dmsjuridica.com\/JURISPRUDENCIA\/CORTE_CONSTITUCIONAL\/docs\/2004\/C-014-04.html\">C-014\/04<\/a>,\u00a0<a href=\"https:\/\/www.dmsjuridica.com\/JURISPRUDENCIA\/CORTE_CONSTITUCIONAL\/docs\/2004\/C-227-04.html\">C-227\/04<\/a>,\u00a0<a href=\"https:\/\/www.dmsjuridica.com\/JURISPRUDENCIA\/CORTE_CONSTITUCIONAL\/docs\/2004\/C-349-04.html\">C-349\/04<\/a>,\u00a0<a href=\"https:\/\/www.dmsjuridica.com\/JURISPRUDENCIA\/CORTE_CONSTITUCIONAL\/docs\/2004\/C-431-04.html\">C-431\/04<\/a>,\u00a0<a href=\"https:\/\/www.dmsjuridica.com\/JURISPRUDENCIA\/CORTE_CONSTITUCIONAL\/docs\/2004\/C-662-04.html\">C-662\/04<\/a>,\u00a0<a href=\"https:\/\/www.dmsjuridica.com\/JURISPRUDENCIA\/CORTE_CONSTITUCIONAL\/docs\/2004\/C-1049-04.html\">C-1049\/04<\/a>,\u00a0<a href=\"https:\/\/www.dmsjuridica.com\/JURISPRUDENCIA\/CORTE_CONSTITUCIONAL\/docs\/2004\/C-1088-04.html\">C-1088\/04<\/a>,\u00a0<a href=\"https:\/\/www.dmsjuridica.com\/JURISPRUDENCIA\/CORTE_CONSTITUCIONAL\/docs\/2004\/C-1169-04.html\">C-1169\/04<\/a>,\u00a0<a href=\"https:\/\/www.dmsjuridica.com\/JURISPRUDENCIA\/CORTE_CONSTITUCIONAL\/docs\/2005\/C-477-05.html\">C-477\/05<\/a>,\u00a0<a href=\"https:\/\/www.dmsjuridica.com\/JURISPRUDENCIA\/CORTE_CONSTITUCIONAL\/docs\/2005\/C-534-05.html\">C-534\/05<\/a>,\u00a0<a href=\"https:\/\/www.dmsjuridica.com\/JURISPRUDENCIA\/CORTE_CONSTITUCIONAL\/docs\/2005\/C-538-05.html\">C-538\/05<\/a>,\u00a0<a href=\"https:\/\/www.dmsjuridica.com\/JURISPRUDENCIA\/CORTE_CONSTITUCIONAL\/docs\/2005\/C-591-05.html\">C-591\/05<\/a>,\u00a0<a href=\"https:\/\/www.dmsjuridica.com\/JURISPRUDENCIA\/CORTE_CONSTITUCIONAL\/docs\/2005\/C-673-05.html\">C-673\/05<\/a>,\u00a0<a href=\"https:\/\/www.dmsjuridica.com\/JURISPRUDENCIA\/CORTE_CONSTITUCIONAL\/docs\/2005\/C-777-05.html\">C-777\/05<\/a>,\u00a0<a href=\"https:\/\/www.dmsjuridica.com\/JURISPRUDENCIA\/CORTE_CONSTITUCIONAL\/docs\/2005\/C-850-05.html\">C-850\/05<\/a>,\u00a0<a href=\"https:\/\/www.dmsjuridica.com\/JURISPRUDENCIA\/CORTE_CONSTITUCIONAL\/docs\/2005\/C-925-05.html\">C-925\/05<\/a>,\u00a0<a href=\"https:\/\/www.dmsjuridica.com\/JURISPRUDENCIA\/CORTE_CONSTITUCIONAL\/docs\/2005\/C-1004-05.html\">C-1004\/05<\/a>,\u00a0<a href=\"https:\/\/www.dmsjuridica.com\/JURISPRUDENCIA\/CORTE_CONSTITUCIONAL\/docs\/2005\/C-1262-05.html\">C-1262\/05<\/a>,\u00a0<a href=\"https:\/\/www.dmsjuridica.com\/JURISPRUDENCIA\/CORTE_CONSTITUCIONAL\/docs\/2006\/C-040-06.html\">C-040\/06<\/a>,\u00a0<a href=\"https:\/\/www.dmsjuridica.com\/JURISPRUDENCIA\/CORTE_CONSTITUCIONAL\/docs\/2006\/C-111-06.html\">C-111\/06<\/a>,\u00a0<a href=\"https:\/\/www.dmsjuridica.com\/JURISPRUDENCIA\/CORTE_CONSTITUCIONAL\/docs\/2006\/C-118-06.html\">C-118\/06<\/a>,\u00a0<a href=\"https:\/\/www.dmsjuridica.com\/JURISPRUDENCIA\/CORTE_CONSTITUCIONAL\/docs\/2006\/C-340-06.html\">C-340\/06<\/a>,\u00a0<a href=\"https:\/\/www.dmsjuridica.com\/JURISPRUDENCIA\/CORTE_CONSTITUCIONAL\/docs\/2006\/C-354-06.html\">C-354\/06<\/a>,\u00a0<a href=\"https:\/\/www.dmsjuridica.com\/JURISPRUDENCIA\/CORTE_CONSTITUCIONAL\/docs\/2006\/C-370-06.html\">C-370\/06<\/a>,\u00a0<a href=\"https:\/\/www.dmsjuridica.com\/JURISPRUDENCIA\/CORTE_CONSTITUCIONAL\/docs\/2006\/C-664-06.html\">C-664\/06<\/a>,\u00a0<a href=\"https:\/\/www.dmsjuridica.com\/JURISPRUDENCIA\/CORTE_CONSTITUCIONAL\/docs\/2006\/C-804-06.html\">C-804\/06<\/a>,\u00a0<a href=\"https:\/\/www.dmsjuridica.com\/JURISPRUDENCIA\/CORTE_CONSTITUCIONAL\/docs\/2006\/C-1032-06.html\">C-1032\/06<\/a>,\u00a0<a href=\"https:\/\/www.dmsjuridica.com\/JURISPRUDENCIA\/CORTE_CONSTITUCIONAL\/docs\/2006\/C-1033-06.html\">C-1033\/06<\/a>,\u00a0<a href=\"https:\/\/www.dmsjuridica.com\/JURISPRUDENCIA\/CORTE_CONSTITUCIONAL\/docs\/2007\/C-075-07.html\">C-075\/07<\/a>,\u00a0<a href=\"https:\/\/www.dmsjuridica.com\/JURISPRUDENCIA\/CORTE_CONSTITUCIONAL\/docs\/2007\/C-099-07.html\">C-099\/07<\/a>,\u00a0<a href=\"https:\/\/www.dmsjuridica.com\/JURISPRUDENCIA\/CORTE_CONSTITUCIONAL\/docs\/2007\/C-176-07.html\">C-176\/07<\/a>,\u00a0<a href=\"https:\/\/www.dmsjuridica.com\/JURISPRUDENCIA\/CORTE_CONSTITUCIONAL\/docs\/2007\/C-209-07.html\">C-209\/07<\/a>,\u00a0<a href=\"https:\/\/www.dmsjuridica.com\/JURISPRUDENCIA\/CORTE_CONSTITUCIONAL\/docs\/2007\/C-279-07.html\">C-279\/07<\/a>,\u00a0<a href=\"https:\/\/www.dmsjuridica.com\/JURISPRUDENCIA\/CORTE_CONSTITUCIONAL\/docs\/2007\/C-336-07.html\">C-336\/07<\/a>,\u00a0<a href=\"https:\/\/www.dmsjuridica.com\/JURISPRUDENCIA\/CORTE_CONSTITUCIONAL\/docs\/2007\/C-393-07.html\">C-393\/07<\/a>,\u00a0<a href=\"https:\/\/www.dmsjuridica.com\/JURISPRUDENCIA\/CORTE_CONSTITUCIONAL\/docs\/2007\/C-516-07.html\">C-516\/07<\/a>,\u00a0<a href=\"https:\/\/www.dmsjuridica.com\/JURISPRUDENCIA\/CORTE_CONSTITUCIONAL\/docs\/2007\/C-544-07.html\">C-544\/07<\/a>,\u00a0<a href=\"https:\/\/www.dmsjuridica.com\/JURISPRUDENCIA\/CORTE_CONSTITUCIONAL\/docs\/2007\/C-311-07.html\">C-311\/07<\/a>,\u00a0<a href=\"https:\/\/www.dmsjuridica.com\/JURISPRUDENCIA\/CORTE_CONSTITUCIONAL\/docs\/2007\/C-780-07.html\">C-780\/07<\/a>,\u00a0<a href=\"https:\/\/www.dmsjuridica.com\/JURISPRUDENCIA\/CORTE_CONSTITUCIONAL\/docs\/2007\/C-720-07.html\">C-720\/07<\/a>,\u00a0<a href=\"https:\/\/www.dmsjuridica.com\/JURISPRUDENCIA\/CORTE_CONSTITUCIONAL\/docs\/2007\/C-1003-07.html\">C-1003\/07<\/a>,\u00a0<a href=\"https:\/\/www.dmsjuridica.com\/JURISPRUDENCIA\/CORTE_CONSTITUCIONAL\/docs\/2008\/C-293-08.html\">C-293\/08<\/a>,\u00a0<a href=\"https:\/\/www.dmsjuridica.com\/JURISPRUDENCIA\/CORTE_CONSTITUCIONAL\/docs\/2008\/C-857-08.html\">C-857\/08<\/a>,\u00a0<a href=\"https:\/\/www.dmsjuridica.com\/JURISPRUDENCIA\/CORTE_CONSTITUCIONAL\/docs\/2009\/C-409-09.html\">C-409\/09<\/a>,\u00a0<a href=\"https:\/\/www.dmsjuridica.com\/JURISPRUDENCIA\/CORTE_CONSTITUCIONAL\/docs\/2010\/C-059-10.html\">C-059\/10<\/a>,\u00a0<a href=\"https:\/\/www.dmsjuridica.com\/JURISPRUDENCIA\/CORTE_CONSTITUCIONAL\/docs\/2010\/C-553-10.html\">C-553\/10<\/a>,\u00a0<a href=\"https:\/\/www.dmsjuridica.com\/JURISPRUDENCIA\/CORTE_CONSTITUCIONAL\/docs\/2010\/C-979-10.html\">C-979\/10<\/a>,\u00a0<a href=\"https:\/\/www.dmsjuridica.com\/JURISPRUDENCIA\/CORTE_CONSTITUCIONAL\/docs\/2011\/C-371-11.html\">C-371\/11<\/a>,\u00a0<a href=\"https:\/\/www.dmsjuridica.com\/JURISPRUDENCIA\/CORTE_CONSTITUCIONAL\/docs\/2012\/C-630-12.html\">C-630\/12<\/a>,<a href=\"https:\/\/www.dmsjuridica.com\/JURISPRUDENCIA\/CORTE_CONSTITUCIONAL\/docs\/2012\/C-818-12.html\">C-818\/12<\/a>,\u00a0<a href=\"https:\/\/www.dmsjuridica.com\/JURISPRUDENCIA\/CORTE_CONSTITUCIONAL\/docs\/2013\/C-100-13.html\">C-100\/13<\/a>,\u00a0<a href=\"https:\/\/www.dmsjuridica.com\/JURISPRUDENCIA\/CORTE_CONSTITUCIONAL\/docs\/2014\/C-180-14.html\">C-180\/14<\/a>,\u00a0<a href=\"https:\/\/www.dmsjuridica.com\/JURISPRUDENCIA\/CORTE_CONSTITUCIONAL\/docs\/2014\/C-506-14.html\">C-506\/14<\/a>).<\/font><\/p>\n<p align=\"justify\" style=\"color: rgb(128, 128, 128); font-family: Arial; font-size: medium; font-style: normal; font-variant-ligatures: normal; font-variant-caps: normal; font-weight: 400; letter-spacing: normal; orphans: 2; text-indent: 0px; text-transform: none; white-space: normal; widows: 1; word-spacing: 0px; -webkit-text-stroke-width: 0px; text-decoration-thickness: initial; text-decoration-style: initial; text-decoration-color: initial;\"> <font face=\"Verdana\" size=\"2\">UNIDAD NORMATIVA-Integraci\u00f3n como \u00faltimo recurso  para evitar fallo inhibitorio (S.\u00a0<a href=\"https:\/\/www.dmsjuridica.com\/JURISPRUDENCIA\/CORTE_CONSTITUCIONAL\/docs\/2003\/C-1201-03.html\">C-1201\/03<\/a>)<\/font><\/p>\n<p align=\"justify\" style=\"color: rgb(128, 128, 128); font-family: Arial; font-size: medium; font-style: normal; font-variant-ligatures: normal; font-variant-caps: normal; font-weight: 400; letter-spacing: normal; orphans: 2; text-indent: 0px; text-transform: none; white-space: normal; widows: 1; word-spacing: 0px; -webkit-text-stroke-width: 0px; text-decoration-thickness: initial; text-decoration-style: initial; text-decoration-color: initial;\"> <font face=\"Verdana\" size=\"2\">UNIDAD NORMATIVA-Integraci\u00f3n con ley habilitante y  decreto que la desarrolla (S.\u00a0<a href=\"https:\/\/www.dmsjuridica.com\/JURISPRUDENCIA\/CORTE_CONSTITUCIONAL\/docs\/2004\/C-432-04.html\">C-432\/04<\/a>,\u00a0<a href=\"https:\/\/www.dmsjuridica.com\/JURISPRUDENCIA\/CORTE_CONSTITUCIONAL\/docs\/2006\/C-858-06.html\">C-858\/06<\/a>)<\/font><\/p>\n<p align=\"justify\" style=\"color: rgb(128, 128, 128); font-family: Arial; font-size: medium; font-style: normal; font-variant-ligatures: normal; font-variant-caps: normal; font-weight: 400; letter-spacing: normal; orphans: 2; text-indent: 0px; text-transform: none; white-space: normal; widows: 1; word-spacing: 0px; -webkit-text-stroke-width: 0px; text-decoration-thickness: initial; text-decoration-style: initial; text-decoration-color: initial;\"> <font face=\"Verdana\" size=\"2\">UNIDAD NORMATIVA-Integraci\u00f3n conlleva  inconstitucionalidad de disposici\u00f3n con la cual de hace unidad normativa (S.\u00a0<a href=\"https:\/\/www.dmsjuridica.com\/JURISPRUDENCIA\/CORTE_CONSTITUCIONAL\/docs\/2008\/C-753-08.html\">C-753\/08<\/a>)<\/font><\/p>\n<p align=\"justify\" style=\"color: rgb(128, 128, 128); font-family: Arial; font-size: medium; font-style: normal; font-variant-ligatures: normal; font-variant-caps: normal; font-weight: 400; letter-spacing: normal; orphans: 2; text-indent: 0px; text-transform: none; white-space: normal; widows: 1; word-spacing: 0px; -webkit-text-stroke-width: 0px; text-decoration-thickness: initial; text-decoration-style: initial; text-decoration-color: initial;\"> <font face=\"Verdana\" size=\"2\">UNIDAD NORMATIVA-Integraci\u00f3n cuando aparece prima  facie de dudosa constitucionalidad (S.\u00a0<a href=\"https:\/\/www.dmsjuridica.com\/JURISPRUDENCIA\/CORTE_CONSTITUCIONAL\/docs\/2002\/C-1038-02.html\">C-1038\/02<\/a>)<\/font><\/p>\n<p align=\"justify\" style=\"color: rgb(128, 128, 128); font-family: Arial; font-size: medium; font-style: normal; font-variant-ligatures: normal; font-variant-caps: normal; font-weight: 400; letter-spacing: normal; orphans: 2; text-indent: 0px; text-transform: none; white-space: normal; widows: 1; word-spacing: 0px; -webkit-text-stroke-width: 0px; text-decoration-thickness: initial; text-decoration-style: initial; text-decoration-color: initial;\"> <font face=\"Verdana\" size=\"2\">UNIDAD NORMATIVA-Integraci\u00f3n excepcional (S.\u00a0<a href=\"https:\/\/www.dmsjuridica.com\/JURISPRUDENCIA\/CORTE_CONSTITUCIONAL\/docs\/2002\/C-266-02.html\">C-266\/02<\/a>,\u00a0<a href=\"https:\/\/www.dmsjuridica.com\/JURISPRUDENCIA\/CORTE_CONSTITUCIONAL\/docs\/2004\/C-311-04.html\">C-311\/04<\/a>,\u00a0<a href=\"https:\/\/www.dmsjuridica.com\/JURISPRUDENCIA\/CORTE_CONSTITUCIONAL\/docs\/2004\/C-514-04.html\">C-514\/04<\/a>,\u00a0<a href=\"https:\/\/www.dmsjuridica.com\/JURISPRUDENCIA\/CORTE_CONSTITUCIONAL\/docs\/2006\/C-536-06.html\">C-536\/06<\/a>,\u00a0<a href=\"https:\/\/www.dmsjuridica.com\/JURISPRUDENCIA\/CORTE_CONSTITUCIONAL\/docs\/2006\/C-860-06.html\">C-860\/06<\/a>,\u00a0<a href=\"https:\/\/www.dmsjuridica.com\/JURISPRUDENCIA\/CORTE_CONSTITUCIONAL\/docs\/2006\/C-1043-06.html\">C-1043\/06<\/a>,\u00a0<a href=\"https:\/\/www.dmsjuridica.com\/JURISPRUDENCIA\/CORTE_CONSTITUCIONAL\/docs\/2007\/C-099-07.html\">C-099\/07<\/a>)<\/font><\/p>\n<p align=\"justify\" style=\"color: rgb(128, 128, 128); font-family: Arial; font-size: medium; font-style: normal; font-variant-ligatures: normal; font-variant-caps: normal; font-weight: 400; letter-spacing: normal; orphans: 2; text-indent: 0px; text-transform: none; white-space: normal; widows: 1; word-spacing: 0px; -webkit-text-stroke-width: 0px; text-decoration-thickness: initial; text-decoration-style: initial; text-decoration-color: initial;\"> <font face=\"Verdana\" size=\"2\">UNIDAD NORMATIVA-Integraci\u00f3n excepcional y  procedencia (<a href=\"https:\/\/www.dmsjuridica.com\/JURISPRUDENCIA\/CORTE_CONSTITUCIONAL\/docs\/2010\/A353-10.html\">A. 353\/10<\/a>)<\/font><\/p>\n<p align=\"justify\" style=\"color: rgb(128, 128, 128); font-family: Arial; font-size: medium; font-style: normal; font-variant-ligatures: normal; font-variant-caps: normal; font-weight: 400; letter-spacing: normal; orphans: 2; text-indent: 0px; text-transform: none; white-space: normal; widows: 1; word-spacing: 0px; -webkit-text-stroke-width: 0px; text-decoration-thickness: initial; text-decoration-style: initial; text-decoration-color: initial;\"> <font face=\"Verdana\" size=\"2\">UNIDAD NORMATIVA-Integraci\u00f3n indispensable para el  caso (A.V.\u00a0<a href=\"https:\/\/www.dmsjuridica.com\/JURISPRUDENCIA\/CORTE_CONSTITUCIONAL\/docs\/2004\/C-314-04.html\">C-314\/04<\/a>)<\/font><\/p>\n<p align=\"justify\" style=\"color: rgb(128, 128, 128); font-family: Arial; font-size: medium; font-style: normal; font-variant-ligatures: normal; font-variant-caps: normal; font-weight: 400; letter-spacing: normal; orphans: 2; text-indent: 0px; text-transform: none; white-space: normal; widows: 1; word-spacing: 0px; -webkit-text-stroke-width: 0px; text-decoration-thickness: initial; text-decoration-style: initial; text-decoration-color: initial;\"> <font face=\"Verdana\" size=\"2\">UNIDAD NORMATIVA-Integraci\u00f3n no era necesaria para  pronunciamiento de fondo (S.V.\u00a0<a href=\"https:\/\/www.dmsjuridica.com\/JURISPRUDENCIA\/CORTE_CONSTITUCIONAL\/docs\/2009\/C-854-09.html\">C-854\/09<\/a>)<\/font><\/p>\n<p align=\"justify\" style=\"color: rgb(128, 128, 128); font-family: Arial; font-size: medium; font-style: normal; font-variant-ligatures: normal; font-variant-caps: normal; font-weight: 400; letter-spacing: normal; orphans: 2; text-indent: 0px; text-transform: none; white-space: normal; widows: 1; word-spacing: 0px; -webkit-text-stroke-width: 0px; text-decoration-thickness: initial; text-decoration-style: initial; text-decoration-color: initial;\"> <font face=\"Verdana\" size=\"2\">UNIDAD NORMATIVA-Integraci\u00f3n no era necesaria para  pronunciarse sobre la norma demandada (S.V.\u00a0<a href=\"https:\/\/www.dmsjuridica.com\/JURISPRUDENCIA\/CORTE_CONSTITUCIONAL\/docs\/2009\/C-761-09.html\">C-761\/09<\/a>)<\/font><\/p>\n<p align=\"justify\" style=\"color: rgb(128, 128, 128); font-family: Arial; font-size: medium; font-style: normal; font-variant-ligatures: normal; font-variant-caps: normal; font-weight: 400; letter-spacing: normal; orphans: 2; text-indent: 0px; text-transform: none; white-space: normal; widows: 1; word-spacing: 0px; -webkit-text-stroke-width: 0px; text-decoration-thickness: initial; text-decoration-style: initial; text-decoration-color: initial;\"> <font face=\"Verdana\" size=\"2\">UNIDAD NORMATIVA-Integraci\u00f3n no era necesaria para  propiciar un pronunciamiento de fondo (S.V.\u00a0<a href=\"https:\/\/www.dmsjuridica.com\/JURISPRUDENCIA\/CORTE_CONSTITUCIONAL\/docs\/2011\/C-574-11.html\">C-574\/11<\/a>)<\/font><\/p>\n<p align=\"justify\" style=\"color: rgb(128, 128, 128); font-family: Arial; font-size: medium; font-style: normal; font-variant-ligatures: normal; font-variant-caps: normal; font-weight: 400; letter-spacing: normal; orphans: 2; text-indent: 0px; text-transform: none; white-space: normal; widows: 1; word-spacing: 0px; -webkit-text-stroke-width: 0px; text-decoration-thickness: initial; text-decoration-style: initial; text-decoration-color: initial;\"> <font face=\"Verdana\" size=\"2\">UNIDAD NORMATIVA-Integraci\u00f3n para dar sentido a la  decisi\u00f3n (S.\u00a0<a href=\"https:\/\/www.dmsjuridica.com\/JURISPRUDENCIA\/CORTE_CONSTITUCIONAL\/docs\/2002\/C-642-02.html\">C-642\/02<\/a>)<\/font><\/p>\n<p align=\"justify\" style=\"color: rgb(128, 128, 128); font-family: Arial; font-size: medium; font-style: normal; font-variant-ligatures: normal; font-variant-caps: normal; font-weight: 400; letter-spacing: normal; orphans: 2; text-indent: 0px; text-transform: none; white-space: normal; widows: 1; word-spacing: 0px; -webkit-text-stroke-width: 0px; text-decoration-thickness: initial; text-decoration-style: initial; text-decoration-color: initial;\"> <font face=\"Verdana\" size=\"2\">UNIDAD NORMATIVA-Integraci\u00f3n para evitar fallo  irrelevante (S.\u00a0<a href=\"https:\/\/www.dmsjuridica.com\/JURISPRUDENCIA\/CORTE_CONSTITUCIONAL\/docs\/2002\/C-642-02.html\">C-642\/02<\/a>)<\/font><\/p>\n<p align=\"justify\" style=\"color: rgb(128, 128, 128); font-family: Arial; font-size: medium; font-style: normal; font-variant-ligatures: normal; font-variant-caps: normal; font-weight: 400; letter-spacing: normal; orphans: 2; text-indent: 0px; text-transform: none; white-space: normal; widows: 1; word-spacing: 0px; -webkit-text-stroke-width: 0px; text-decoration-thickness: initial; text-decoration-style: initial; text-decoration-color: initial;\"> <font face=\"Verdana\" size=\"2\">UNIDAD NORMATIVA &#8211; Integraci\u00f3n para evitar que el  fallo sea inocuo. (S.\u00a0<a href=\"https:\/\/www.dmsjuridica.com\/JURISPRUDENCIA\/CORTE_CONSTITUCIONAL\/docs\/2004\/C-1175-04.html\">C-1175\/04<\/a>,\u00a0<a href=\"https:\/\/www.dmsjuridica.com\/JURISPRUDENCIA\/CORTE_CONSTITUCIONAL\/docs\/2009\/C-714-09.html\">C-714\/09<\/a>,\u00a0<a href=\"https:\/\/www.dmsjuridica.com\/JURISPRUDENCIA\/CORTE_CONSTITUCIONAL\/docs\/2010\/C-121-10.html\">C-121\/10<\/a>,\u00a0<a href=\"https:\/\/www.dmsjuridica.com\/JURISPRUDENCIA\/CORTE_CONSTITUCIONAL\/docs\/2012\/C-502-12.html\">C-502\/12<\/a>,\u00a0<a href=\"https:\/\/www.dmsjuridica.com\/JURISPRUDENCIA\/CORTE_CONSTITUCIONAL\/docs\/2013\/C-624-13.html\">C-624\/13<\/a>).<\/font><\/p>\n<p align=\"justify\" style=\"color: rgb(128, 128, 128); font-family: Arial; font-size: medium; font-style: normal; font-variant-ligatures: normal; font-variant-caps: normal; font-weight: 400; letter-spacing: normal; orphans: 2; text-indent: 0px; text-transform: none; white-space: normal; widows: 1; word-spacing: 0px; -webkit-text-stroke-width: 0px; text-decoration-thickness: initial; text-decoration-style: initial; text-decoration-color: initial;\"> <font face=\"Verdana\" size=\"2\">UNIDAD NORMATIVA-Integraci\u00f3n por conformar un  sistema normativo integral con la ley habilitante con el decreto que la  desarrolla (S.\u00a0<a href=\"https:\/\/www.dmsjuridica.com\/JURISPRUDENCIA\/CORTE_CONSTITUCIONAL\/docs\/2004\/C-432-04.html\">C-432\/04<\/a>)<\/font><\/p>\n<p align=\"justify\" style=\"color: rgb(128, 128, 128); font-family: Arial; font-size: medium; font-style: normal; font-variant-ligatures: normal; font-variant-caps: normal; font-weight: 400; letter-spacing: normal; orphans: 2; text-indent: 0px; text-transform: none; white-space: normal; widows: 1; word-spacing: 0px; -webkit-text-stroke-width: 0px; text-decoration-thickness: initial; text-decoration-style: initial; text-decoration-color: initial;\"> <font face=\"Verdana\" size=\"2\">UNIDAD NORMATIVA-Integraci\u00f3n por presentaci\u00f3n de  demanda en debida forma (S.\u00a0<a href=\"https:\/\/www.dmsjuridica.com\/JURISPRUDENCIA\/CORTE_CONSTITUCIONAL\/docs\/2002\/C-185-02.html\">C-185\/02<\/a>)<\/font><\/p>\n<p align=\"justify\" style=\"color: rgb(128, 128, 128); font-family: Arial; font-size: medium; font-style: normal; font-variant-ligatures: normal; font-variant-caps: normal; font-weight: 400; letter-spacing: normal; orphans: 2; text-indent: 0px; text-transform: none; white-space: normal; widows: 1; word-spacing: 0px; -webkit-text-stroke-width: 0px; text-decoration-thickness: initial; text-decoration-style: initial; text-decoration-color: initial;\"> <font face=\"Verdana\" size=\"2\">UNIDAD NORMATIVA-Integraci\u00f3n sin relaci\u00f3n de  conexidad (S.P.V.\u00a0<a href=\"https:\/\/www.dmsjuridica.com\/JURISPRUDENCIA\/CORTE_CONSTITUCIONAL\/docs\/2001\/C-806-01.html\">C-806\/01<\/a>)<\/font><\/p>\n<p align=\"justify\" style=\"color: rgb(128, 128, 128); font-family: Arial; font-size: medium; font-style: normal; font-variant-ligatures: normal; font-variant-caps: normal; font-weight: 400; letter-spacing: normal; orphans: 2; text-indent: 0px; text-transform: none; white-space: normal; widows: 1; word-spacing: 0px; -webkit-text-stroke-width: 0px; text-decoration-thickness: initial; text-decoration-style: initial; text-decoration-color: initial;\"> <font face=\"Verdana\" size=\"2\">UNIDAD NORMATIVA-Integraci\u00f3n sobre conjunto del  art\u00edculo (S.\u00a0<a href=\"https:\/\/www.dmsjuridica.com\/JURISPRUDENCIA\/CORTE_CONSTITUCIONAL\/docs\/2001\/C-500-01.html\">C-500\/01<\/a>,\u00a0<a href=\"https:\/\/www.dmsjuridica.com\/JURISPRUDENCIA\/CORTE_CONSTITUCIONAL\/docs\/2003\/C-913-03.html\">C-913\/03<\/a>)<\/font><\/p>\n<p align=\"justify\" style=\"color: rgb(128, 128, 128); font-family: Arial; font-size: medium; font-style: normal; font-variant-ligatures: normal; font-variant-caps: normal; font-weight: 400; letter-spacing: normal; orphans: 2; text-indent: 0px; text-transform: none; white-space: normal; widows: 1; word-spacing: 0px; -webkit-text-stroke-width: 0px; text-decoration-thickness: initial; text-decoration-style: initial; text-decoration-color: initial;\"> <font face=\"Verdana\" size=\"2\">UNIDAD NORMATIVA-Integraci\u00f3n y procedencia (S.\u00a0<a href=\"https:\/\/www.dmsjuridica.com\/JURISPRUDENCIA\/CORTE_CONSTITUCIONAL\/docs\/2003\/C-329-03.html\">C-329\/03<\/a>)<\/font><\/p>\n<p align=\"justify\" style=\"color: rgb(128, 128, 128); font-family: Arial; font-size: medium; font-style: normal; font-variant-ligatures: normal; font-variant-caps: normal; font-weight: 400; letter-spacing: normal; orphans: 2; text-indent: 0px; text-transform: none; white-space: normal; widows: 1; word-spacing: 0px; -webkit-text-stroke-width: 0px; text-decoration-thickness: initial; text-decoration-style: initial; text-decoration-color: initial;\"> <font face=\"Verdana\" size=\"2\">UNIDAD NORMATIVA &#8211; Jurisprudencia constitucional.  (S.\u00a0<a href=\"https:\/\/www.dmsjuridica.com\/JURISPRUDENCIA\/CORTE_CONSTITUCIONAL\/docs\/2013\/C-125-13.html\">C-125\/13<\/a>\u00a0&#8211;\u00a0<a href=\"https:\/\/www.dmsjuridica.com\/JURISPRUDENCIA\/CORTE_CONSTITUCIONAL\/docs\/2013\/C-766-13.html\">C-766\/13<\/a>\u00a0&#8211;\u00a0<a href=\"https:\/\/www.dmsjuridica.com\/JURISPRUDENCIA\/CORTE_CONSTITUCIONAL\/docs\/2014\/C-180-14.html\">C-180\/14<\/a>).<\/font><\/p>\n<p align=\"justify\" style=\"color: rgb(128, 128, 128); font-family: Arial; font-size: medium; font-style: normal; font-variant-ligatures: normal; font-variant-caps: normal; font-weight: 400; letter-spacing: normal; orphans: 2; text-indent: 0px; text-transform: none; white-space: normal; widows: 1; word-spacing: 0px; -webkit-text-stroke-width: 0px; text-decoration-thickness: initial; text-decoration-style: initial; text-decoration-color: initial;\"> <font face=\"Verdana\" size=\"2\">UNIDAD NORMATIVA-Justificaci\u00f3n y aplicaci\u00f3n (S.\u00a0<a href=\"https:\/\/www.dmsjuridica.com\/JURISPRUDENCIA\/CORTE_CONSTITUCIONAL\/docs\/2008\/C-462-08.html\">C-462\/08<\/a>)<\/font><\/p>\n<p align=\"justify\" style=\"color: rgb(128, 128, 128); font-family: Arial; font-size: medium; font-style: normal; font-variant-ligatures: normal; font-variant-caps: normal; font-weight: 400; letter-spacing: normal; orphans: 2; text-indent: 0px; text-transform: none; white-space: normal; widows: 1; word-spacing: 0px; -webkit-text-stroke-width: 0px; text-decoration-thickness: initial; text-decoration-style: initial; text-decoration-color: initial;\"> <font face=\"Verdana\" size=\"2\">UNIDAD NORMATIVA-No conformaci\u00f3n sobre decretos  reglamentarios (S.\u00a0<a href=\"https:\/\/www.dmsjuridica.com\/JURISPRUDENCIA\/CORTE_CONSTITUCIONAL\/docs\/2002\/C-419-02.html\">C-419\/02<\/a>)<\/font><\/p>\n<p align=\"justify\" style=\"color: rgb(128, 128, 128); font-family: Arial; font-size: medium; font-style: normal; font-variant-ligatures: normal; font-variant-caps: normal; font-weight: 400; letter-spacing: normal; orphans: 2; text-indent: 0px; text-transform: none; white-space: normal; widows: 1; word-spacing: 0px; -webkit-text-stroke-width: 0px; text-decoration-thickness: initial; text-decoration-style: initial; text-decoration-color: initial;\"> <font face=\"Verdana\" size=\"2\">UNIDAD NORMATIVA-No integraci\u00f3n (S.\u00a0<a href=\"https:\/\/www.dmsjuridica.com\/JURISPRUDENCIA\/CORTE_CONSTITUCIONAL\/docs\/2003\/C-970-03.html\">C-970\/03<\/a>,\u00a0<a href=\"https:\/\/www.dmsjuridica.com\/JURISPRUDENCIA\/CORTE_CONSTITUCIONAL\/docs\/2005\/C-401-05.html\">C-401\/05<\/a>,\u00a0<a href=\"https:\/\/www.dmsjuridica.com\/JURISPRUDENCIA\/CORTE_CONSTITUCIONAL\/docs\/2005\/C-448-05.html\">C-448\/05<\/a>,\u00a0<a href=\"https:\/\/www.dmsjuridica.com\/JURISPRUDENCIA\/CORTE_CONSTITUCIONAL\/docs\/2005\/C-707-05.html\">C-707\/05<\/a>,\u00a0<a href=\"https:\/\/www.dmsjuridica.com\/JURISPRUDENCIA\/CORTE_CONSTITUCIONAL\/docs\/2005\/C-1003-05.html\">C-1003\/05<\/a>,\u00a0<a href=\"https:\/\/www.dmsjuridica.com\/JURISPRUDENCIA\/CORTE_CONSTITUCIONAL\/docs\/2005\/C-1299-05.html\">C-1299\/05<\/a>,\u00a0<a href=\"https:\/\/www.dmsjuridica.com\/JURISPRUDENCIA\/CORTE_CONSTITUCIONAL\/docs\/2006\/C-355-06.html\">C-355\/06<\/a>,\u00a0<a href=\"https:\/\/www.dmsjuridica.com\/JURISPRUDENCIA\/CORTE_CONSTITUCIONAL\/docs\/2006\/C-422-06.html\">C-422\/06<\/a>,\u00a0<a href=\"https:\/\/www.dmsjuridica.com\/JURISPRUDENCIA\/CORTE_CONSTITUCIONAL\/docs\/2006\/C-537-06.html\">C-537\/06<\/a>,\u00a0<a href=\"https:\/\/www.dmsjuridica.com\/JURISPRUDENCIA\/CORTE_CONSTITUCIONAL\/docs\/2006\/C-664-06.html\">C-664\/06<\/a>,\u00a0<a href=\"https:\/\/www.dmsjuridica.com\/JURISPRUDENCIA\/CORTE_CONSTITUCIONAL\/docs\/2007\/C-476-07.html\">C-476\/07<\/a>,\u00a0<a href=\"https:\/\/www.dmsjuridica.com\/JURISPRUDENCIA\/CORTE_CONSTITUCIONAL\/docs\/2007\/C-520-07.html\">C-520\/07<\/a>,<a href=\"https:\/\/www.dmsjuridica.com\/JURISPRUDENCIA\/CORTE_CONSTITUCIONAL\/docs\/2009\/C-761-09.html\">C-761\/09<\/a>)<\/font><\/p>\n<p align=\"justify\" style=\"color: rgb(128, 128, 128); font-family: Arial; font-size: medium; font-style: normal; font-variant-ligatures: normal; font-variant-caps: normal; font-weight: 400; letter-spacing: normal; orphans: 2; text-indent: 0px; text-transform: none; white-space: normal; widows: 1; word-spacing: 0px; -webkit-text-stroke-width: 0px; text-decoration-thickness: initial; text-decoration-style: initial; text-decoration-color: initial;\"> <font face=\"Verdana\" size=\"2\">UNIDAD NORMATIVA-No integraci\u00f3n al no haberse  planteado una controversia constitucional y no resultar imprescindible (S.\u00a0<a href=\"https:\/\/www.dmsjuridica.com\/JURISPRUDENCIA\/CORTE_CONSTITUCIONAL\/docs\/2004\/C-910-04.html\">C-910\/04<\/a>)<\/font><\/p>\n<p align=\"justify\" style=\"color: rgb(128, 128, 128); font-family: Arial; font-size: medium; font-style: normal; font-variant-ligatures: normal; font-variant-caps: normal; font-weight: 400; letter-spacing: normal; orphans: 2; text-indent: 0px; text-transform: none; white-space: normal; widows: 1; word-spacing: 0px; -webkit-text-stroke-width: 0px; text-decoration-thickness: initial; text-decoration-style: initial; text-decoration-color: initial;\"> <font face=\"Verdana\" size=\"2\">UNIDAD NORMATIVA-No integraci\u00f3n oficiosa para el  caso (A.E.V.\u00a0<a href=\"https:\/\/www.dmsjuridica.com\/JURISPRUDENCIA\/CORTE_CONSTITUCIONAL\/docs\/2004\/C-349-04.html\">C-349\/04<\/a>)<\/font><\/p>\n<p align=\"justify\" style=\"color: rgb(128, 128, 128); font-family: Arial; font-size: medium; font-style: normal; font-variant-ligatures: normal; font-variant-caps: normal; font-weight: 400; letter-spacing: normal; orphans: 2; text-indent: 0px; text-transform: none; white-space: normal; widows: 1; word-spacing: 0px; -webkit-text-stroke-width: 0px; text-decoration-thickness: initial; text-decoration-style: initial; text-decoration-color: initial;\"> <font face=\"Verdana\" size=\"2\">UNIDAD NORMATIVA-No integraci\u00f3n por conservaci\u00f3n  de pleno sentido del texto en caso de inexequibilidad (S.\u00a0<a href=\"https:\/\/www.dmsjuridica.com\/JURISPRUDENCIA\/CORTE_CONSTITUCIONAL\/docs\/2002\/C-487-02.html\">C-487\/02<\/a>)<\/font><\/p>\n<p align=\"justify\" style=\"color: rgb(128, 128, 128); font-family: Arial; font-size: medium; font-style: normal; font-variant-ligatures: normal; font-variant-caps: normal; font-weight: 400; letter-spacing: normal; orphans: 2; text-indent: 0px; text-transform: none; white-space: normal; widows: 1; word-spacing: 0px; -webkit-text-stroke-width: 0px; text-decoration-thickness: initial; text-decoration-style: initial; text-decoration-color: initial;\"> <font face=\"Verdana\" size=\"2\">UNIDAD NORMATIVA-No integraci\u00f3n por falta de  competencia (S.\u00a0<a href=\"https:\/\/www.dmsjuridica.com\/JURISPRUDENCIA\/CORTE_CONSTITUCIONAL\/docs\/2007\/C-099-07.html\">C-099\/07<\/a>)<\/font><\/p>\n<p align=\"justify\" style=\"color: rgb(128, 128, 128); font-family: Arial; font-size: medium; font-style: normal; font-variant-ligatures: normal; font-variant-caps: normal; font-weight: 400; letter-spacing: normal; orphans: 2; text-indent: 0px; text-transform: none; white-space: normal; widows: 1; word-spacing: 0px; -webkit-text-stroke-width: 0px; text-decoration-thickness: initial; text-decoration-style: initial; text-decoration-color: initial;\"> <font face=\"Verdana\" size=\"2\">UNIDAD NORMATIVA-No integraci\u00f3n por inexistencia  de demanda (S.P.V.\u00a0<a href=\"https:\/\/www.dmsjuridica.com\/JURISPRUDENCIA\/CORTE_CONSTITUCIONAL\/docs\/2001\/C-806-01.html\">C-806\/01<\/a>)<\/font><\/p>\n<p align=\"justify\" style=\"color: rgb(128, 128, 128); font-family: Arial; font-size: medium; font-style: normal; font-variant-ligatures: normal; font-variant-caps: normal; font-weight: 400; letter-spacing: normal; orphans: 2; text-indent: 0px; text-transform: none; white-space: normal; widows: 1; word-spacing: 0px; -webkit-text-stroke-width: 0px; text-decoration-thickness: initial; text-decoration-style: initial; text-decoration-color: initial;\"> <font face=\"Verdana\" size=\"2\">UNIDAD NORMATIVA-Noci\u00f3n (S.\u00a0<a href=\"https:\/\/www.dmsjuridica.com\/JURISPRUDENCIA\/CORTE_CONSTITUCIONAL\/docs\/2012\/C-634-12.html\">C-634\/12<\/a>)<\/font><\/p>\n<p align=\"justify\" style=\"color: rgb(128, 128, 128); font-family: Arial; font-size: medium; font-style: normal; font-variant-ligatures: normal; font-variant-caps: normal; font-weight: 400; letter-spacing: normal; orphans: 2; text-indent: 0px; text-transform: none; white-space: normal; widows: 1; word-spacing: 0px; -webkit-text-stroke-width: 0px; text-decoration-thickness: initial; text-decoration-style: initial; text-decoration-color: initial;\"> <font face=\"Verdana\" size=\"2\">UNIDAD NORMATIVA-Otros art\u00edculos que reproducen  contenido normativo retirado del ordenamiento (S.\u00a0<a href=\"https:\/\/www.dmsjuridica.com\/JURISPRUDENCIA\/CORTE_CONSTITUCIONAL\/docs\/2002\/C-128-02.html\">C-128\/02<\/a>)<\/font><\/p>\n<p align=\"justify\" style=\"color: rgb(128, 128, 128); font-family: Arial; font-size: medium; font-style: normal; font-variant-ligatures: normal; font-variant-caps: normal; font-weight: 400; letter-spacing: normal; orphans: 2; text-indent: 0px; text-transform: none; white-space: normal; widows: 1; word-spacing: 0px; -webkit-text-stroke-width: 0px; text-decoration-thickness: initial; text-decoration-style: initial; text-decoration-color: initial;\"> <font face=\"Verdana\" size=\"2\">UNIDAD NORMATIVA-Prelaci\u00f3n que debe aplicarse  entre la ley, reglamentos ejecutivos y \u00f3rdenes superiores (S.\u00a0<a href=\"https:\/\/www.dmsjuridica.com\/JURISPRUDENCIA\/CORTE_CONSTITUCIONAL\/docs\/2000\/C-037-00.html\">C-037\/00<\/a>)<\/font><\/p>\n<p align=\"justify\" style=\"color: rgb(128, 128, 128); font-family: Arial; font-size: medium; font-style: normal; font-variant-ligatures: normal; font-variant-caps: normal; font-weight: 400; letter-spacing: normal; orphans: 2; text-indent: 0px; text-transform: none; white-space: normal; widows: 1; word-spacing: 0px; -webkit-text-stroke-width: 0px; text-decoration-thickness: initial; text-decoration-style: initial; text-decoration-color: initial;\"> <font face=\"Verdana\" size=\"2\">UNIDAD NORMATIVA-Procedencia (<a href=\"https:\/\/www.dmsjuridica.com\/JURISPRUDENCIA\/CORTE_CONSTITUCIONAL\/docs\/1998\/A022-98.html\">A.  022\/98<\/a>,\u00a0<a href=\"https:\/\/www.dmsjuridica.com\/JURISPRUDENCIA\/CORTE_CONSTITUCIONAL\/docs\/1998\/C-298-98.html\">C-298\/98<\/a>,\u00a0<a href=\"https:\/\/www.dmsjuridica.com\/JURISPRUDENCIA\/CORTE_CONSTITUCIONAL\/docs\/1999\/C-505-99.html\">C-505\/99<\/a>,\u00a0<a href=\"https:\/\/www.dmsjuridica.com\/JURISPRUDENCIA\/CORTE_CONSTITUCIONAL\/docs\/2000\/C-1316-00.html\">C-1316\/00<\/a>,\u00a0<a href=\"https:\/\/www.dmsjuridica.com\/JURISPRUDENCIA\/CORTE_CONSTITUCIONAL\/docs\/2002\/C-200-02.html\">C-200\/02<\/a>,\u00a0<a href=\"https:\/\/www.dmsjuridica.com\/JURISPRUDENCIA\/CORTE_CONSTITUCIONAL\/docs\/2007\/C-720-07.html\">C-720\/07<\/a>,\u00a0<a href=\"https:\/\/www.dmsjuridica.com\/JURISPRUDENCIA\/CORTE_CONSTITUCIONAL\/docs\/2007\/C-1003-07.html\">C-1003\/07<\/a>,\u00a0<a href=\"https:\/\/www.dmsjuridica.com\/JURISPRUDENCIA\/CORTE_CONSTITUCIONAL\/docs\/2008\/C-463-08.html\">C-463\/08<\/a>)<\/font><\/p>\n<p align=\"justify\" style=\"color: rgb(128, 128, 128); font-family: Arial; font-size: medium; font-style: normal; font-variant-ligatures: normal; font-variant-caps: normal; font-weight: 400; letter-spacing: normal; orphans: 2; text-indent: 0px; text-transform: none; white-space: normal; widows: 1; word-spacing: 0px; -webkit-text-stroke-width: 0px; text-decoration-thickness: initial; text-decoration-style: initial; text-decoration-color: initial;\"> <font face=\"Verdana\" size=\"2\">UNIDAD NORMATIVA-Procedencia cuando se deben  estudiar otros aspectos normativos (S.\u00a0<a href=\"https:\/\/www.dmsjuridica.com\/JURISPRUDENCIA\/CORTE_CONSTITUCIONAL\/docs\/1998\/C-298-98.html\">C-298\/98<\/a>)<\/font><\/p>\n<p align=\"justify\" style=\"color: rgb(128, 128, 128); font-family: Arial; font-size: medium; font-style: normal; font-variant-ligatures: normal; font-variant-caps: normal; font-weight: 400; letter-spacing: normal; orphans: 2; text-indent: 0px; text-transform: none; white-space: normal; widows: 1; word-spacing: 0px; -webkit-text-stroke-width: 0px; text-decoration-thickness: initial; text-decoration-style: initial; text-decoration-color: initial;\"> <font face=\"Verdana\" size=\"2\">UNIDAD NORMATIVA-Procedencia de integraci\u00f3n (S.\u00a0<a href=\"https:\/\/www.dmsjuridica.com\/JURISPRUDENCIA\/CORTE_CONSTITUCIONAL\/docs\/2004\/C-864-04.html\">C-864\/04<\/a>)<\/font><\/p>\n<p align=\"justify\" style=\"color: rgb(128, 128, 128); font-family: Arial; font-size: medium; font-style: normal; font-variant-ligatures: normal; font-variant-caps: normal; font-weight: 400; letter-spacing: normal; orphans: 2; text-indent: 0px; text-transform: none; white-space: normal; widows: 1; word-spacing: 0px; -webkit-text-stroke-width: 0px; text-decoration-thickness: initial; text-decoration-style: initial; text-decoration-color: initial;\"> <font face=\"Verdana\" size=\"2\">UNIDAD NORMATIVA-Procedencia de integraci\u00f3n por  relaci\u00f3n inescindible con el resto de la disposici\u00f3n (S.\u00a0<a href=\"https:\/\/www.dmsjuridica.com\/JURISPRUDENCIA\/CORTE_CONSTITUCIONAL\/docs\/2004\/C-998-04.html\">C-998\/04<\/a>)<\/font><\/p>\n<p align=\"justify\" style=\"color: rgb(128, 128, 128); font-family: Arial; font-size: medium; font-style: normal; font-variant-ligatures: normal; font-variant-caps: normal; font-weight: 400; letter-spacing: normal; orphans: 2; text-indent: 0px; text-transform: none; white-space: normal; widows: 1; word-spacing: 0px; -webkit-text-stroke-width: 0px; text-decoration-thickness: initial; text-decoration-style: initial; text-decoration-color: initial;\"> <font face=\"Verdana\" size=\"2\">UNIDAD NORMATIVA-Procedencia excepcional (S.\u00a0<a href=\"https:\/\/www.dmsjuridica.com\/JURISPRUDENCIA\/CORTE_CONSTITUCIONAL\/docs\/2001\/C-506-01.html\">C-506\/01<\/a>,\u00a0<a href=\"https:\/\/www.dmsjuridica.com\/JURISPRUDENCIA\/CORTE_CONSTITUCIONAL\/docs\/2001\/C-551-01.html\">C-551\/01<\/a>,\u00a0<a href=\"https:\/\/www.dmsjuridica.com\/JURISPRUDENCIA\/CORTE_CONSTITUCIONAL\/docs\/2002\/C-453-02.html\">C-453\/02<\/a>,\u00a0<a href=\"https:\/\/www.dmsjuridica.com\/JURISPRUDENCIA\/CORTE_CONSTITUCIONAL\/docs\/2003\/C-913-03.html\">C-913\/03<\/a>)<\/font><\/p>\n<p align=\"justify\" style=\"color: rgb(128, 128, 128); font-family: Arial; font-size: medium; font-style: normal; font-variant-ligatures: normal; font-variant-caps: normal; font-weight: 400; letter-spacing: normal; orphans: 2; text-indent: 0px; text-transform: none; white-space: normal; widows: 1; word-spacing: 0px; -webkit-text-stroke-width: 0px; text-decoration-thickness: initial; text-decoration-style: initial; text-decoration-color: initial;\"> <font face=\"Verdana\" size=\"2\">UNIDAD NORMATIVA-Procedencia excepcional de  integraci\u00f3n (S.\u00a0<a href=\"https:\/\/www.dmsjuridica.com\/JURISPRUDENCIA\/CORTE_CONSTITUCIONAL\/docs\/2002\/C-228-02.html\">C-228\/02<\/a>,\u00a0<a href=\"https:\/\/www.dmsjuridica.com\/JURISPRUDENCIA\/CORTE_CONSTITUCIONAL\/docs\/2005\/C-1121-05.html\">C-1121\/05<\/a>,\u00a0<a href=\"https:\/\/www.dmsjuridica.com\/JURISPRUDENCIA\/CORTE_CONSTITUCIONAL\/docs\/2009\/C-714-09.html\">C-714\/09<\/a>,\u00a0<a href=\"https:\/\/www.dmsjuridica.com\/JURISPRUDENCIA\/CORTE_CONSTITUCIONAL\/docs\/2012\/C-502-12.html\">C-502\/12<\/a>)<\/font><\/p>\n<p align=\"justify\" style=\"color: rgb(128, 128, 128); font-family: Arial; font-size: medium; font-style: normal; font-variant-ligatures: normal; font-variant-caps: normal; font-weight: 400; letter-spacing: normal; orphans: 2; text-indent: 0px; text-transform: none; white-space: normal; widows: 1; word-spacing: 0px; -webkit-text-stroke-width: 0px; text-decoration-thickness: initial; text-decoration-style: initial; text-decoration-color: initial;\"> <font face=\"Verdana\" size=\"2\">UNIDAD NORMATIVA-Raz\u00f3n para integraci\u00f3n (S.V.\u00a0<a href=\"https:\/\/www.dmsjuridica.com\/JURISPRUDENCIA\/CORTE_CONSTITUCIONAL\/docs\/2000\/C-164-00.html\">C-164\/00<\/a>)<\/font><\/p>\n<p align=\"justify\" style=\"color: rgb(128, 128, 128); font-family: Arial; font-size: medium; font-style: normal; font-variant-ligatures: normal; font-variant-caps: normal; font-weight: 400; letter-spacing: normal; orphans: 2; text-indent: 0px; text-transform: none; white-space: normal; widows: 1; word-spacing: 0px; -webkit-text-stroke-width: 0px; text-decoration-thickness: initial; text-decoration-style: initial; text-decoration-color: initial;\"> <font face=\"Verdana\" size=\"2\">UNIDAD NORMATIVA-Referencia a otras disposiciones  por \u00edntima relaci\u00f3n (S.V.\u00a0<a href=\"https:\/\/www.dmsjuridica.com\/JURISPRUDENCIA\/CORTE_CONSTITUCIONAL\/docs\/2002\/C-251-02.html\">C-251\/02<\/a>)<\/font><\/p>\n<p align=\"justify\" style=\"color: rgb(128, 128, 128); font-family: Arial; font-size: medium; font-style: normal; font-variant-ligatures: normal; font-variant-caps: normal; font-weight: 400; letter-spacing: normal; orphans: 2; text-indent: 0px; text-transform: none; white-space: normal; widows: 1; word-spacing: 0px; -webkit-text-stroke-width: 0px; text-decoration-thickness: initial; text-decoration-style: initial; text-decoration-color: initial;\"> <font face=\"Verdana\" size=\"2\">UNIDAD NORMATIVA &#8211; Regla. (S.\u00a0<a href=\"https:\/\/www.dmsjuridica.com\/JURISPRUDENCIA\/CORTE_CONSTITUCIONAL\/docs\/2014\/C-088-14.html\">C-088\/14<\/a>\u00a0&#8211;\u00a0<a href=\"https:\/\/www.dmsjuridica.com\/JURISPRUDENCIA\/CORTE_CONSTITUCIONAL\/docs\/2014\/C-289-14.html\">C-289\/14<\/a>).<\/font><\/p>\n<p align=\"justify\" style=\"color: rgb(128, 128, 128); font-family: Arial; font-size: medium; font-style: normal; font-variant-ligatures: normal; font-variant-caps: normal; font-weight: 400; letter-spacing: normal; orphans: 2; text-indent: 0px; text-transform: none; white-space: normal; widows: 1; word-spacing: 0px; -webkit-text-stroke-width: 0px; text-decoration-thickness: initial; text-decoration-style: initial; text-decoration-color: initial;\"> <font face=\"Verdana\" size=\"2\">UNIDAD NORMATIVA-Relaci\u00f3n entre norma demandada y  otras no impon\u00eda la integraci\u00f3n (S.V.\u00a0<a href=\"https:\/\/www.dmsjuridica.com\/JURISPRUDENCIA\/CORTE_CONSTITUCIONAL\/docs\/2009\/C-761-09.html\">C-761\/09<\/a>)<\/font><\/p>\n<p align=\"justify\" style=\"color: rgb(128, 128, 128); font-family: Arial; font-size: medium; font-style: normal; font-variant-ligatures: normal; font-variant-caps: normal; font-weight: 400; letter-spacing: normal; orphans: 2; text-indent: 0px; text-transform: none; white-space: normal; widows: 1; word-spacing: 0px; -webkit-text-stroke-width: 0px; text-decoration-thickness: initial; text-decoration-style: initial; text-decoration-color: initial;\"> <font face=\"Verdana\" size=\"2\">UNIDAD NORMATIVA-Resto de la disposici\u00f3n (S.\u00a0<a href=\"https:\/\/www.dmsjuridica.com\/JURISPRUDENCIA\/CORTE_CONSTITUCIONAL\/docs\/2000\/C-128-00.html\">C-128\/00<\/a>)<\/font><\/p>\n<p align=\"justify\" style=\"color: rgb(128, 128, 128); font-family: Arial; font-size: medium; font-style: normal; font-variant-ligatures: normal; font-variant-caps: normal; font-weight: 400; letter-spacing: normal; orphans: 2; text-indent: 0px; text-transform: none; white-space: normal; widows: 1; word-spacing: 0px; -webkit-text-stroke-width: 0px; text-decoration-thickness: initial; text-decoration-style: initial; text-decoration-color: initial;\"> <font face=\"Verdana\" size=\"2\">UNIDAD NORMATIVA-Sentido lato o amplio (S.\u00a0<a href=\"https:\/\/www.dmsjuridica.com\/JURISPRUDENCIA\/CORTE_CONSTITUCIONAL\/docs\/2003\/C-1201-03.html\">C-1201\/03<\/a>)<\/font><\/p>\n<p align=\"justify\" style=\"color: rgb(128, 128, 128); font-family: Arial; font-size: medium; font-style: normal; font-variant-ligatures: normal; font-variant-caps: normal; font-weight: 400; letter-spacing: normal; orphans: 2; text-indent: 0px; text-transform: none; white-space: normal; widows: 1; word-spacing: 0px; -webkit-text-stroke-width: 0px; text-decoration-thickness: initial; text-decoration-style: initial; text-decoration-color: initial;\"> <font face=\"Verdana\" size=\"2\">UNIDAD NORMATIVA-Sentido lato o amplio del  concepto (S.\u00a0<a href=\"https:\/\/www.dmsjuridica.com\/JURISPRUDENCIA\/CORTE_CONSTITUCIONAL\/docs\/2012\/C-634-12.html\">C-634\/12<\/a>)<\/font><\/p>\n<p align=\"justify\" style=\"color: rgb(128, 128, 128); font-family: Arial; font-size: medium; font-style: normal; font-variant-ligatures: normal; font-variant-caps: normal; font-weight: 400; letter-spacing: normal; orphans: 2; text-indent: 0px; text-transform: none; white-space: normal; widows: 1; word-spacing: 0px; -webkit-text-stroke-width: 0px; text-decoration-thickness: initial; text-decoration-style: initial; text-decoration-color: initial;\"> <font face=\"Verdana\" size=\"2\">UNIDAD NORMATIVA-Sentido propio (S.\u00a0<a href=\"https:\/\/www.dmsjuridica.com\/JURISPRUDENCIA\/CORTE_CONSTITUCIONAL\/docs\/2003\/C-1201-03.html\">C-1201\/03<\/a>)<\/font><\/p>\n<p align=\"justify\" style=\"color: rgb(128, 128, 128); font-family: Arial; font-size: medium; font-style: normal; font-variant-ligatures: normal; font-variant-caps: normal; font-weight: 400; letter-spacing: normal; orphans: 2; text-indent: 0px; text-transform: none; white-space: normal; widows: 1; word-spacing: 0px; -webkit-text-stroke-width: 0px; text-decoration-thickness: initial; text-decoration-style: initial; text-decoration-color: initial;\"> <font face=\"Verdana\" size=\"2\">UNIDAD NORMATIVA-Separabilidad de disposici\u00f3n  (S.V.\u00a0<a href=\"https:\/\/www.dmsjuridica.com\/JURISPRUDENCIA\/CORTE_CONSTITUCIONAL\/docs\/2002\/C-251-02.html\">C-251\/02<\/a>)<\/font><\/p>\n<p align=\"justify\" style=\"color: rgb(128, 128, 128); font-family: Arial; font-size: medium; font-style: normal; font-variant-ligatures: normal; font-variant-caps: normal; font-weight: 400; letter-spacing: normal; orphans: 2; text-indent: 0px; text-transform: none; white-space: normal; widows: 1; word-spacing: 0px; -webkit-text-stroke-width: 0px; text-decoration-thickness: initial; text-decoration-style: initial; text-decoration-color: initial;\"> <font face=\"Verdana\" size=\"2\">UNIDAD NORMATIVA &#8211; Separabilidad e inseparabilidad  de una disposici\u00f3n legal. (S.\u00a0<a href=\"https:\/\/www.dmsjuridica.com\/JURISPRUDENCIA\/CORTE_CONSTITUCIONAL\/docs\/2004\/C-1119-04.html\">C-1119\/04<\/a>,\u00a0<a href=\"https:\/\/www.dmsjuridica.com\/JURISPRUDENCIA\/CORTE_CONSTITUCIONAL\/docs\/2014\/C-388-14.html\">C-388\/14<\/a>\u00a0&#8211;\u00a0<a href=\"https:\/\/www.dmsjuridica.com\/JURISPRUDENCIA\/CORTE_CONSTITUCIONAL\/docs\/2014\/T-607-14.html\">T-607\/14<\/a>).<\/font><\/p>\n","protected":false},"excerpt":{"rendered":"<p>UNIDAD NORMATIVA-Conformaci\u00f3n-\u00a0C-111-19 UNIDAD NORMATIVA-Hip\u00f3tesis en que procede su integraci\u00f3n\/UNIDAD NORMATIVA-Procedencia &#8211;\u00a0C-086-19 UNIDAD NORMATIVA-Integraci\u00f3n &#8211;\u00a0C-290-19 UNIDAD NORMATIVA-Jurisprudencia constitucional (S.\u00a0C-125\/13) UNIDAD NORMATIVA (A. 001\/92,\u00a0A. 012\/92,\u00a0C-434\/92,\u00a0C-479\/92,\u00a0C-514\/92,\u00a0C-543\/92,\u00a0C-592\/92,\u00a0C-454\/93,\u00a0C-465\/93,\u00a0C-221\/94, S.V.\u00a0C-246\/95,\u00a0C-531\/95,\u00a0C-577\/95,\u00a0C-178\/97,\u00a0C-232\/97,\u00a0C-470\/97,\u00a0C-542\/98,\u00a0C-253\/03) UNIDAD NORMATIVA &#8211; Causales de procedencia de integraci\u00f3n oficiosa. C-041\/15 UNIDAD NORMATIVA-Alcance (S.\u00a0C-448\/97,\u00a0C-485\/00,\u00a0C-419\/02,\u00a0C-004\/03) UNIDAD NORMATIVA-Alcance de la integraci\u00f3n por la Corte Constitucional (A.E.V.\u00a0C-349\/04) UNIDAD NORMATIVA-Alcance en decisiones de inexequibilidad (S.\u00a0C-810\/03) UNIDAD [&hellip;]<\/p>\n","protected":false},"author":1,"featured_media":0,"comment_status":"open","ping_status":"open","sticky":false,"template":"","format":"standard","meta":{"footnotes":""},"categories":[23],"tags":[],"class_list":["post-80547","post","type-post","status-publish","format-standard","hentry","category-u"],"_links":{"self":[{"href":"https:\/\/www.dmsjuridica.com\/buscador_20179478954\/indice_tematico_corte\/wp-json\/wp\/v2\/posts\/80547","targetHints":{"allow":["GET"]}}],"collection":[{"href":"https:\/\/www.dmsjuridica.com\/buscador_20179478954\/indice_tematico_corte\/wp-json\/wp\/v2\/posts"}],"about":[{"href":"https:\/\/www.dmsjuridica.com\/buscador_20179478954\/indice_tematico_corte\/wp-json\/wp\/v2\/types\/post"}],"author":[{"embeddable":true,"href":"https:\/\/www.dmsjuridica.com\/buscador_20179478954\/indice_tematico_corte\/wp-json\/wp\/v2\/users\/1"}],"replies":[{"embeddable":true,"href":"https:\/\/www.dmsjuridica.com\/buscador_20179478954\/indice_tematico_corte\/wp-json\/wp\/v2\/comments?post=80547"}],"version-history":[{"count":0,"href":"https:\/\/www.dmsjuridica.com\/buscador_20179478954\/indice_tematico_corte\/wp-json\/wp\/v2\/posts\/80547\/revisions"}],"wp:attachment":[{"href":"https:\/\/www.dmsjuridica.com\/buscador_20179478954\/indice_tematico_corte\/wp-json\/wp\/v2\/media?parent=80547"}],"wp:term":[{"taxonomy":"category","embeddable":true,"href":"https:\/\/www.dmsjuridica.com\/buscador_20179478954\/indice_tematico_corte\/wp-json\/wp\/v2\/categories?post=80547"},{"taxonomy":"post_tag","embeddable":true,"href":"https:\/\/www.dmsjuridica.com\/buscador_20179478954\/indice_tematico_corte\/wp-json\/wp\/v2\/tags?post=80547"}],"curies":[{"name":"wp","href":"https:\/\/api.w.org\/{rel}","templated":true}]}}