{"id":80600,"date":"2021-10-28T16:15:23","date_gmt":"2021-10-28T16:15:23","guid":{"rendered":"https:\/\/www.dmsjuridica.com\/buscador_20179478954\/indice_tematico_corte\/2021\/10\/28\/universidad-antonio-narino\/"},"modified":"2021-10-28T16:15:23","modified_gmt":"2021-10-28T16:15:23","slug":"universidad-antonio-narino","status":"publish","type":"post","link":"https:\/\/www.dmsjuridica.com\/buscador_20179478954\/indice_tematico_corte\/2021\/10\/28\/universidad-antonio-narino\/","title":{"rendered":"UNIVERSIDAD ANTONIO NARI\u00d1O"},"content":{"rendered":"\n<p align=\"justify\" style=\"color: rgb(128, 128, 128); font-family: Arial; font-size: medium; font-style: normal; font-variant-ligatures: normal; font-variant-caps: normal; font-weight: 400; letter-spacing: normal; orphans: 2; text-indent: 0px; text-transform: none; white-space: normal; widows: 1; word-spacing: 0px; -webkit-text-stroke-width: 0px; text-decoration-thickness: initial; text-decoration-style: initial; text-decoration-color: initial\"> <font face=\"Verdana\" size=\"2\">UNIVERSIDAD ANTONIO NARI\u00d1O-A qui\u00e9nes se les  notifica la apertura de la investigaci\u00f3n administrativa (S.\u00a0<a href=\"https:\/\/www.dmsjuridica.com\/JURISPRUDENCIA\/CORTE_CONSTITUCIONAL\/docs\/2002\/T-168-02.html\">T-168\/02<\/a>)<\/font><\/p>\n<p align=\"justify\" style=\"color: rgb(128, 128, 128); font-family: Arial; font-size: medium; font-style: normal; font-variant-ligatures: normal; font-variant-caps: normal; font-weight: 400; letter-spacing: normal; orphans: 2; text-indent: 0px; text-transform: none; white-space: normal; widows: 1; word-spacing: 0px; -webkit-text-stroke-width: 0px; text-decoration-thickness: initial; text-decoration-style: initial; text-decoration-color: initial\"> <font face=\"Verdana\" size=\"2\">UNIVERSIDAD ANTONIO NARI\u00d1O-En qui\u00e9nes recae el  deber de comunicar a la comunidad universitaria los asuntos que interesan a la  instituci\u00f3n (S.\u00a0<a href=\"https:\/\/www.dmsjuridica.com\/JURISPRUDENCIA\/CORTE_CONSTITUCIONAL\/docs\/2002\/T-168-02.html\">T-168\/02<\/a>)<\/font><\/p>\n<p align=\"justify\" style=\"color: rgb(128, 128, 128); font-family: Arial; font-size: medium; font-style: normal; font-variant-ligatures: normal; font-variant-caps: normal; font-weight: 400; letter-spacing: normal; orphans: 2; text-indent: 0px; text-transform: none; white-space: normal; widows: 1; word-spacing: 0px; -webkit-text-stroke-width: 0px; text-decoration-thickness: initial; text-decoration-style: initial; text-decoration-color: initial\"> <font face=\"Verdana\" size=\"2\">UNIVERSIDAD ANTONIO NARI\u00d1O-Quienes son partes en  el proceso administrativo (S.\u00a0<a href=\"https:\/\/www.dmsjuridica.com\/JURISPRUDENCIA\/CORTE_CONSTITUCIONAL\/docs\/2002\/T-168-02.html\">T-168\/02<\/a>)<\/font><\/p>\n","protected":false},"excerpt":{"rendered":"<p>UNIVERSIDAD ANTONIO NARI\u00d1O-A qui\u00e9nes se les notifica la apertura de la investigaci\u00f3n administrativa (S.\u00a0T-168\/02) UNIVERSIDAD ANTONIO NARI\u00d1O-En qui\u00e9nes recae el deber de comunicar a la comunidad universitaria los asuntos que interesan a la instituci\u00f3n (S.\u00a0T-168\/02) UNIVERSIDAD ANTONIO NARI\u00d1O-Quienes son partes en el proceso administrativo (S.\u00a0T-168\/02)<\/p>\n","protected":false},"author":1,"featured_media":0,"comment_status":"open","ping_status":"open","sticky":false,"template":"","format":"standard","meta":{"footnotes":""},"categories":[23],"tags":[],"class_list":["post-80600","post","type-post","status-publish","format-standard","hentry","category-u"],"_links":{"self":[{"href":"https:\/\/www.dmsjuridica.com\/buscador_20179478954\/indice_tematico_corte\/wp-json\/wp\/v2\/posts\/80600","targetHints":{"allow":["GET"]}}],"collection":[{"href":"https:\/\/www.dmsjuridica.com\/buscador_20179478954\/indice_tematico_corte\/wp-json\/wp\/v2\/posts"}],"about":[{"href":"https:\/\/www.dmsjuridica.com\/buscador_20179478954\/indice_tematico_corte\/wp-json\/wp\/v2\/types\/post"}],"author":[{"embeddable":true,"href":"https:\/\/www.dmsjuridica.com\/buscador_20179478954\/indice_tematico_corte\/wp-json\/wp\/v2\/users\/1"}],"replies":[{"embeddable":true,"href":"https:\/\/www.dmsjuridica.com\/buscador_20179478954\/indice_tematico_corte\/wp-json\/wp\/v2\/comments?post=80600"}],"version-history":[{"count":0,"href":"https:\/\/www.dmsjuridica.com\/buscador_20179478954\/indice_tematico_corte\/wp-json\/wp\/v2\/posts\/80600\/revisions"}],"wp:attachment":[{"href":"https:\/\/www.dmsjuridica.com\/buscador_20179478954\/indice_tematico_corte\/wp-json\/wp\/v2\/media?parent=80600"}],"wp:term":[{"taxonomy":"category","embeddable":true,"href":"https:\/\/www.dmsjuridica.com\/buscador_20179478954\/indice_tematico_corte\/wp-json\/wp\/v2\/categories?post=80600"},{"taxonomy":"post_tag","embeddable":true,"href":"https:\/\/www.dmsjuridica.com\/buscador_20179478954\/indice_tematico_corte\/wp-json\/wp\/v2\/tags?post=80600"}],"curies":[{"name":"wp","href":"https:\/\/api.w.org\/{rel}","templated":true}]}}