{"id":80610,"date":"2021-10-28T16:15:24","date_gmt":"2021-10-28T16:15:24","guid":{"rendered":"https:\/\/www.dmsjuridica.com\/buscador_20179478954\/indice_tematico_corte\/2021\/10\/28\/universidad-del-estado\/"},"modified":"2021-10-28T16:15:24","modified_gmt":"2021-10-28T16:15:24","slug":"universidad-del-estado","status":"publish","type":"post","link":"https:\/\/www.dmsjuridica.com\/buscador_20179478954\/indice_tematico_corte\/2021\/10\/28\/universidad-del-estado\/","title":{"rendered":"UNIVERSIDAD DEL ESTADO"},"content":{"rendered":"\n<p align=\"justify\" style=\"color: rgb(128, 128, 128); font-family: Arial; font-size: medium; font-style: normal; font-variant-ligatures: normal; font-variant-caps: normal; font-weight: 400; letter-spacing: normal; orphans: 2; text-indent: 0px; text-transform: none; white-space: normal; widows: 1; word-spacing: 0px; -webkit-text-stroke-width: 0px; text-decoration-thickness: initial; text-decoration-style: initial; text-decoration-color: initial\"> <font face=\"Verdana\" size=\"2\">UNIVERSIDAD DEL ESTADO-Asignaci\u00f3n de distinta  categor\u00eda a entes que no tengan tal car\u00e1cter (S.\u00a0<a href=\"https:\/\/www.dmsjuridica.com\/JURISPRUDENCIA\/CORTE_CONSTITUCIONAL\/docs\/2000\/C-560-00.html\">C-560\/00<\/a>)<\/font><\/p>\n<p align=\"justify\" style=\"color: rgb(128, 128, 128); font-family: Arial; font-size: medium; font-style: normal; font-variant-ligatures: normal; font-variant-caps: normal; font-weight: 400; letter-spacing: normal; orphans: 2; text-indent: 0px; text-transform: none; white-space: normal; widows: 1; word-spacing: 0px; -webkit-text-stroke-width: 0px; text-decoration-thickness: initial; text-decoration-style: initial; text-decoration-color: initial\"> <font face=\"Verdana\" size=\"2\">UNIVERSIDAD DEL ESTADO-Colaboraci\u00f3n arm\u00f3nica para  lograr los fines del Estado social de Derecho (S.\u00a0<a href=\"https:\/\/www.dmsjuridica.com\/JURISPRUDENCIA\/CORTE_CONSTITUCIONAL\/docs\/2003\/C-121-03.html\">C-121\/03<\/a>)<\/font><\/p>\n<p align=\"justify\" style=\"color: rgb(128, 128, 128); font-family: Arial; font-size: medium; font-style: normal; font-variant-ligatures: normal; font-variant-caps: normal; font-weight: 400; letter-spacing: normal; orphans: 2; text-indent: 0px; text-transform: none; white-space: normal; widows: 1; word-spacing: 0px; -webkit-text-stroke-width: 0px; text-decoration-thickness: initial; text-decoration-style: initial; text-decoration-color: initial\"> <font face=\"Verdana\" size=\"2\">UNIVERSIDAD DEL ESTADO-Dise\u00f1o de mecanismos de  control especial (S.\u00a0<a href=\"https:\/\/www.dmsjuridica.com\/JURISPRUDENCIA\/CORTE_CONSTITUCIONAL\/docs\/1997\/C-220-97.html\">C-220\/97<\/a>)<\/font><\/p>\n<p align=\"justify\" style=\"color: rgb(128, 128, 128); font-family: Arial; font-size: medium; font-style: normal; font-variant-ligatures: normal; font-variant-caps: normal; font-weight: 400; letter-spacing: normal; orphans: 2; text-indent: 0px; text-transform: none; white-space: normal; widows: 1; word-spacing: 0px; -webkit-text-stroke-width: 0px; text-decoration-thickness: initial; text-decoration-style: initial; text-decoration-color: initial\"> <font face=\"Verdana\" size=\"2\">UNIVERSIDAD DEL ESTADO-Establecimiento de r\u00e9gimen  especial por legislador (S.\u00a0<a href=\"https:\/\/www.dmsjuridica.com\/JURISPRUDENCIA\/CORTE_CONSTITUCIONAL\/docs\/2002\/C-829-02.html\">C-829\/02<\/a>)<\/font><\/p>\n<p align=\"justify\" style=\"color: rgb(128, 128, 128); font-family: Arial; font-size: medium; font-style: normal; font-variant-ligatures: normal; font-variant-caps: normal; font-weight: 400; letter-spacing: normal; orphans: 2; text-indent: 0px; text-transform: none; white-space: normal; widows: 1; word-spacing: 0px; -webkit-text-stroke-width: 0px; text-decoration-thickness: initial; text-decoration-style: initial; text-decoration-color: initial\"> <font face=\"Verdana\" size=\"2\">UNIVERSIDAD DEL ESTADO-Inaplicaci\u00f3n de normas  sobre carrera administrativa (S.\u00a0<a href=\"https:\/\/www.dmsjuridica.com\/JURISPRUDENCIA\/CORTE_CONSTITUCIONAL\/docs\/2000\/C-560-00.html\">C-560\/00<\/a>)<\/font><\/p>\n<p align=\"justify\" style=\"color: rgb(128, 128, 128); font-family: Arial; font-size: medium; font-style: normal; font-variant-ligatures: normal; font-variant-caps: normal; font-weight: 400; letter-spacing: normal; orphans: 2; text-indent: 0px; text-transform: none; white-space: normal; widows: 1; word-spacing: 0px; -webkit-text-stroke-width: 0px; text-decoration-thickness: initial; text-decoration-style: initial; text-decoration-color: initial\"> <font face=\"Verdana\" size=\"2\">UNIVERSIDAD DEL ESTADO-Manejo de presupuesto (S.\u00a0<a href=\"https:\/\/www.dmsjuridica.com\/JURISPRUDENCIA\/CORTE_CONSTITUCIONAL\/docs\/1994\/C-547-94.html\">C-547\/94<\/a>)<\/font><\/p>\n<p align=\"justify\" style=\"color: rgb(128, 128, 128); font-family: Arial; font-size: medium; font-style: normal; font-variant-ligatures: normal; font-variant-caps: normal; font-weight: 400; letter-spacing: normal; orphans: 2; text-indent: 0px; text-transform: none; white-space: normal; widows: 1; word-spacing: 0px; -webkit-text-stroke-width: 0px; text-decoration-thickness: initial; text-decoration-style: initial; text-decoration-color: initial\"> <font face=\"Verdana\" size=\"2\">UNIVERSIDAD DEL ESTADO-No forma parte de la  administraci\u00f3n como \u00f3rgano dependiente y bajo el control de tutela del Ejecutivo  (S.\u00a0<a href=\"https:\/\/www.dmsjuridica.com\/JURISPRUDENCIA\/CORTE_CONSTITUCIONAL\/docs\/2003\/C-121-03.html\">C-121\/03<\/a>)<\/font><\/p>\n<p align=\"justify\" style=\"color: rgb(128, 128, 128); font-family: Arial; font-size: medium; font-style: normal; font-variant-ligatures: normal; font-variant-caps: normal; font-weight: 400; letter-spacing: normal; orphans: 2; text-indent: 0px; text-transform: none; white-space: normal; widows: 1; word-spacing: 0px; -webkit-text-stroke-width: 0px; text-decoration-thickness: initial; text-decoration-style: initial; text-decoration-color: initial\"> <font face=\"Verdana\" size=\"2\">UNIVERSIDAD DEL ESTADO-No hace parte de la  administraci\u00f3n como \u00f3rgano dependiente (A.V.\u00a0<a href=\"https:\/\/www.dmsjuridica.com\/JURISPRUDENCIA\/CORTE_CONSTITUCIONAL\/docs\/2003\/C-121-03.html\">C-121\/03<\/a>)<\/font><\/p>\n<p align=\"justify\" style=\"color: rgb(128, 128, 128); font-family: Arial; font-size: medium; font-style: normal; font-variant-ligatures: normal; font-variant-caps: normal; font-weight: 400; letter-spacing: normal; orphans: 2; text-indent: 0px; text-transform: none; white-space: normal; widows: 1; word-spacing: 0px; -webkit-text-stroke-width: 0px; text-decoration-thickness: initial; text-decoration-style: initial; text-decoration-color: initial\"> <font face=\"Verdana\" size=\"2\">UNIVERSIDAD DEL ESTADO-No hace parte de la Rama  Ejecutiva (S.\u00a0<a href=\"https:\/\/www.dmsjuridica.com\/JURISPRUDENCIA\/CORTE_CONSTITUCIONAL\/docs\/2000\/C-560-00.html\">C-560\/00<\/a>)<\/font><\/p>\n<p align=\"justify\" style=\"color: rgb(128, 128, 128); font-family: Arial; font-size: medium; font-style: normal; font-variant-ligatures: normal; font-variant-caps: normal; font-weight: 400; letter-spacing: normal; orphans: 2; text-indent: 0px; text-transform: none; white-space: normal; widows: 1; word-spacing: 0px; -webkit-text-stroke-width: 0px; text-decoration-thickness: initial; text-decoration-style: initial; text-decoration-color: initial\"> <font face=\"Verdana\" size=\"2\">UNIVERSIDAD DEL ESTADO-Normas espec\u00edficas (S.\u00a0<a href=\"https:\/\/www.dmsjuridica.com\/JURISPRUDENCIA\/CORTE_CONSTITUCIONAL\/docs\/2002\/C-829-02.html\">C-829\/02<\/a>)<\/font><\/p>\n<p align=\"justify\" style=\"color: rgb(128, 128, 128); font-family: Arial; font-size: medium; font-style: normal; font-variant-ligatures: normal; font-variant-caps: normal; font-weight: 400; letter-spacing: normal; orphans: 2; text-indent: 0px; text-transform: none; white-space: normal; widows: 1; word-spacing: 0px; -webkit-text-stroke-width: 0px; text-decoration-thickness: initial; text-decoration-style: initial; text-decoration-color: initial\"> <font face=\"Verdana\" size=\"2\">UNIVERSIDAD DEL ESTADO-Organizaci\u00f3n del personal  docente y administrativo (S.\u00a0<a href=\"https:\/\/www.dmsjuridica.com\/JURISPRUDENCIA\/CORTE_CONSTITUCIONAL\/docs\/2000\/C-560-00.html\">C-560\/00<\/a>)<\/font><\/p>\n<p align=\"justify\" style=\"color: rgb(128, 128, 128); font-family: Arial; font-size: medium; font-style: normal; font-variant-ligatures: normal; font-variant-caps: normal; font-weight: 400; letter-spacing: normal; orphans: 2; text-indent: 0px; text-transform: none; white-space: normal; widows: 1; word-spacing: 0px; -webkit-text-stroke-width: 0px; text-decoration-thickness: initial; text-decoration-style: initial; text-decoration-color: initial\"> <font face=\"Verdana\" size=\"2\">UNIVERSIDAD DEL ESTADO-R\u00e9gimen especial (S.\u00a0<a href=\"https:\/\/www.dmsjuridica.com\/JURISPRUDENCIA\/CORTE_CONSTITUCIONAL\/docs\/2000\/C-560-00.html\">C-560\/00<\/a>)<\/font><\/p>\n<p align=\"justify\" style=\"color: rgb(128, 128, 128); font-family: Arial; font-size: medium; font-style: normal; font-variant-ligatures: normal; font-variant-caps: normal; font-weight: 400; letter-spacing: normal; orphans: 2; text-indent: 0px; text-transform: none; white-space: normal; widows: 1; word-spacing: 0px; -webkit-text-stroke-width: 0px; text-decoration-thickness: initial; text-decoration-style: initial; text-decoration-color: initial\"> <font face=\"Verdana\" size=\"2\">UNIVERSIDAD DEL ESTADO-R\u00e9gimen particular y  especial de organizaci\u00f3n (S.\u00a0<a href=\"https:\/\/www.dmsjuridica.com\/JURISPRUDENCIA\/CORTE_CONSTITUCIONAL\/docs\/2003\/C-121-03.html\">C-121\/03<\/a>)<\/font><\/p>\n<p align=\"justify\" style=\"color: rgb(128, 128, 128); font-family: Arial; font-size: medium; font-style: normal; font-variant-ligatures: normal; font-variant-caps: normal; font-weight: 400; letter-spacing: normal; orphans: 2; text-indent: 0px; text-transform: none; white-space: normal; widows: 1; word-spacing: 0px; -webkit-text-stroke-width: 0px; text-decoration-thickness: initial; text-decoration-style: initial; text-decoration-color: initial\"> <font face=\"Verdana\" size=\"2\">UNIVERSIDAD DEL ESTADO-Trato diferenciado (S.\u00a0<a href=\"https:\/\/www.dmsjuridica.com\/JURISPRUDENCIA\/CORTE_CONSTITUCIONAL\/docs\/1996\/C-360-96.html\">C-360\/96<\/a>)<\/font><\/p>\n","protected":false},"excerpt":{"rendered":"<p>UNIVERSIDAD DEL ESTADO-Asignaci\u00f3n de distinta categor\u00eda a entes que no tengan tal car\u00e1cter (S.\u00a0C-560\/00) UNIVERSIDAD DEL ESTADO-Colaboraci\u00f3n arm\u00f3nica para lograr los fines del Estado social de Derecho (S.\u00a0C-121\/03) UNIVERSIDAD DEL ESTADO-Dise\u00f1o de mecanismos de control especial (S.\u00a0C-220\/97) UNIVERSIDAD DEL ESTADO-Establecimiento de r\u00e9gimen especial por legislador (S.\u00a0C-829\/02) UNIVERSIDAD DEL ESTADO-Inaplicaci\u00f3n de normas sobre carrera administrativa (S.\u00a0C-560\/00) [&hellip;]<\/p>\n","protected":false},"author":1,"featured_media":0,"comment_status":"open","ping_status":"open","sticky":false,"template":"","format":"standard","meta":{"footnotes":""},"categories":[23],"tags":[],"class_list":["post-80610","post","type-post","status-publish","format-standard","hentry","category-u"],"_links":{"self":[{"href":"https:\/\/www.dmsjuridica.com\/buscador_20179478954\/indice_tematico_corte\/wp-json\/wp\/v2\/posts\/80610","targetHints":{"allow":["GET"]}}],"collection":[{"href":"https:\/\/www.dmsjuridica.com\/buscador_20179478954\/indice_tematico_corte\/wp-json\/wp\/v2\/posts"}],"about":[{"href":"https:\/\/www.dmsjuridica.com\/buscador_20179478954\/indice_tematico_corte\/wp-json\/wp\/v2\/types\/post"}],"author":[{"embeddable":true,"href":"https:\/\/www.dmsjuridica.com\/buscador_20179478954\/indice_tematico_corte\/wp-json\/wp\/v2\/users\/1"}],"replies":[{"embeddable":true,"href":"https:\/\/www.dmsjuridica.com\/buscador_20179478954\/indice_tematico_corte\/wp-json\/wp\/v2\/comments?post=80610"}],"version-history":[{"count":0,"href":"https:\/\/www.dmsjuridica.com\/buscador_20179478954\/indice_tematico_corte\/wp-json\/wp\/v2\/posts\/80610\/revisions"}],"wp:attachment":[{"href":"https:\/\/www.dmsjuridica.com\/buscador_20179478954\/indice_tematico_corte\/wp-json\/wp\/v2\/media?parent=80610"}],"wp:term":[{"taxonomy":"category","embeddable":true,"href":"https:\/\/www.dmsjuridica.com\/buscador_20179478954\/indice_tematico_corte\/wp-json\/wp\/v2\/categories?post=80610"},{"taxonomy":"post_tag","embeddable":true,"href":"https:\/\/www.dmsjuridica.com\/buscador_20179478954\/indice_tematico_corte\/wp-json\/wp\/v2\/tags?post=80610"}],"curies":[{"name":"wp","href":"https:\/\/api.w.org\/{rel}","templated":true}]}}