{"id":80660,"date":"2021-10-28T16:15:26","date_gmt":"2021-10-28T16:15:26","guid":{"rendered":"https:\/\/www.dmsjuridica.com\/buscador_20179478954\/indice_tematico_corte\/2021\/10\/28\/utilizacion-de-cargo-publico-para-participar-de-manera-activa-en-controversias-politicas\/"},"modified":"2021-10-28T16:15:26","modified_gmt":"2021-10-28T16:15:26","slug":"utilizacion-de-cargo-publico-para-participar-de-manera-activa-en-controversias-politicas","status":"publish","type":"post","link":"https:\/\/www.dmsjuridica.com\/buscador_20179478954\/indice_tematico_corte\/2021\/10\/28\/utilizacion-de-cargo-publico-para-participar-de-manera-activa-en-controversias-politicas\/","title":{"rendered":"UTILIZACION DE CARGO PUBLICO PARA PARTICIPAR DE MANERA ACTIVA EN CONTROVERSIAS POLITICAS"},"content":{"rendered":"\n<p align=\"justify\" style=\"color: rgb(128, 128, 128); font-family: Arial; font-size: medium; font-style: normal; font-variant-ligatures: normal; font-variant-caps: normal; font-weight: 400; letter-spacing: normal; orphans: 2; text-indent: 0px; text-transform: none; white-space: normal; widows: 1; word-spacing: 0px; -webkit-text-stroke-width: 0px; text-decoration-thickness: initial; text-decoration-style: initial; text-decoration-color: initial; margin-top: 0px; margin-bottom: 0px\"> <font face=\"Verdana\" size=\"2\">UTILIZACION DE CARGO PUBLICO PARA PARTICIPAR DE  MANERA ACTIVA EN CONTROVERSIAS POLITICAS &#8211; Aptitud de la demanda.\u00a0<a href=\"https:\/\/www.dmsjuridica.com\/JURISPRUDENCIA\/CORTE_CONSTITUCIONAL\/docs\/2014\/C-757-14.html\">C-757\/14<\/a>.<\/font><\/p>\n<p align=\"justify\" style=\"color: rgb(128, 128, 128); font-family: Arial; font-size: medium; font-style: normal; font-variant-ligatures: normal; font-variant-caps: normal; font-weight: 400; letter-spacing: normal; orphans: 2; text-indent: 0px; text-transform: none; white-space: normal; widows: 1; word-spacing: 0px; -webkit-text-stroke-width: 0px; text-decoration-thickness: initial; text-decoration-style: initial; text-decoration-color: initial; margin-top: 0px; margin-bottom: 0px\"> <font face=\"Verdana\" size=\"2\"><br \/> UTILIZACION DE CARGO PUBLICO PARA PARTICIPAR DE MANERA ACTIVA EN CONTROVERSIAS  POLITICAS &#8211; Contenido y alcance.\u00a0<a href=\"https:\/\/www.dmsjuridica.com\/JURISPRUDENCIA\/CORTE_CONSTITUCIONAL\/docs\/2014\/C-757-14.html\">C-757\/14<\/a>.<\/font><\/p>\n<p align=\"justify\" style=\"color: rgb(128, 128, 128); font-family: Arial; font-size: medium; font-style: normal; font-variant-ligatures: normal; font-variant-caps: normal; font-weight: 400; letter-spacing: normal; orphans: 2; text-indent: 0px; text-transform: none; white-space: normal; widows: 1; word-spacing: 0px; -webkit-text-stroke-width: 0px; text-decoration-thickness: initial; text-decoration-style: initial; text-decoration-color: initial; margin-top: 0px; margin-bottom: 0px\"> <font face=\"Verdana\" size=\"2\"><br \/> UTILIZACION DE CARGO PUBLICO PARA PARTICIPAR DE MANERA ACTIVA EN CONTROVERSIAS  POLITICAS &#8211; Juicio de proporcionalidad.\u00a0<a href=\"https:\/\/www.dmsjuridica.com\/JURISPRUDENCIA\/CORTE_CONSTITUCIONAL\/docs\/2014\/C-757-14.html\">C-757\/14<\/a>.<\/font><\/p>\n<p align=\"justify\" style=\"color: rgb(128, 128, 128); font-family: Arial; font-size: medium; font-style: normal; font-variant-ligatures: normal; font-variant-caps: normal; font-weight: 400; letter-spacing: normal; orphans: 2; text-indent: 0px; text-transform: none; white-space: normal; widows: 1; word-spacing: 0px; -webkit-text-stroke-width: 0px; text-decoration-thickness: initial; text-decoration-style: initial; text-decoration-color: initial; margin-top: 0px; margin-bottom: 0px\"> <font face=\"Verdana\" size=\"2\"><br \/> <\/font><\/p>\n<p>  <font size=\"2\">UTILIZACION DE CARGO PUBLICO PARA PARTICIPAR DE MANERA ACTIVA EN  CONTROVERSIAS POLITICAS &#8211; Tipificaci\u00f3n como falta disciplinaria grav\u00edsima no  vulnera libertad de expresi\u00f3n ni libre ejercicio del derecho al sufragio y  derechos pol\u00edticos.\u00a0<\/font><a style=\"font-family: Arial; font-style: normal; font-variant-ligatures: normal; font-variant-caps: normal; font-weight: 400; letter-spacing: normal; orphans: 2; text-align: justify; text-indent: 0px; text-transform: none; white-space: normal; widows: 1; word-spacing: 0px; -webkit-text-stroke-width: 0px\" href=\"https:\/\/www.dmsjuridica.com\/JURISPRUDENCIA\/CORTE_CONSTITUCIONAL\/docs\/2014\/C-757-14.html\"><font size=\"2\">C-757\/14<\/font><\/a><font size=\"2\">.<\/font><\/p>\n","protected":false},"excerpt":{"rendered":"<p>UTILIZACION DE CARGO PUBLICO PARA PARTICIPAR DE MANERA ACTIVA EN CONTROVERSIAS POLITICAS &#8211; Aptitud de la demanda.\u00a0C-757\/14. UTILIZACION DE CARGO PUBLICO PARA PARTICIPAR DE MANERA ACTIVA EN CONTROVERSIAS POLITICAS &#8211; Contenido y alcance.\u00a0C-757\/14. UTILIZACION DE CARGO PUBLICO PARA PARTICIPAR DE MANERA ACTIVA EN CONTROVERSIAS POLITICAS &#8211; Juicio de proporcionalidad.\u00a0C-757\/14. UTILIZACION DE CARGO PUBLICO PARA PARTICIPAR [&hellip;]<\/p>\n","protected":false},"author":1,"featured_media":0,"comment_status":"open","ping_status":"open","sticky":false,"template":"","format":"standard","meta":{"footnotes":""},"categories":[23],"tags":[],"class_list":["post-80660","post","type-post","status-publish","format-standard","hentry","category-u"],"_links":{"self":[{"href":"https:\/\/www.dmsjuridica.com\/buscador_20179478954\/indice_tematico_corte\/wp-json\/wp\/v2\/posts\/80660","targetHints":{"allow":["GET"]}}],"collection":[{"href":"https:\/\/www.dmsjuridica.com\/buscador_20179478954\/indice_tematico_corte\/wp-json\/wp\/v2\/posts"}],"about":[{"href":"https:\/\/www.dmsjuridica.com\/buscador_20179478954\/indice_tematico_corte\/wp-json\/wp\/v2\/types\/post"}],"author":[{"embeddable":true,"href":"https:\/\/www.dmsjuridica.com\/buscador_20179478954\/indice_tematico_corte\/wp-json\/wp\/v2\/users\/1"}],"replies":[{"embeddable":true,"href":"https:\/\/www.dmsjuridica.com\/buscador_20179478954\/indice_tematico_corte\/wp-json\/wp\/v2\/comments?post=80660"}],"version-history":[{"count":0,"href":"https:\/\/www.dmsjuridica.com\/buscador_20179478954\/indice_tematico_corte\/wp-json\/wp\/v2\/posts\/80660\/revisions"}],"wp:attachment":[{"href":"https:\/\/www.dmsjuridica.com\/buscador_20179478954\/indice_tematico_corte\/wp-json\/wp\/v2\/media?parent=80660"}],"wp:term":[{"taxonomy":"category","embeddable":true,"href":"https:\/\/www.dmsjuridica.com\/buscador_20179478954\/indice_tematico_corte\/wp-json\/wp\/v2\/categories?post=80660"},{"taxonomy":"post_tag","embeddable":true,"href":"https:\/\/www.dmsjuridica.com\/buscador_20179478954\/indice_tematico_corte\/wp-json\/wp\/v2\/tags?post=80660"}],"curies":[{"name":"wp","href":"https:\/\/api.w.org\/{rel}","templated":true}]}}