{"id":4990,"date":"2021-07-12T14:16:07","date_gmt":"2021-07-12T14:16:07","guid":{"rendered":"https:\/\/www.dmsjuridica.com\/buscador_20179478954\/indice_tematico_spenal\/2021\/07\/12\/derechos-al-buen-nombre-y-a-la-honra\/"},"modified":"2025-06-24T16:21:30","modified_gmt":"2025-06-24T21:21:30","slug":"derechos-al-buen-nombre-y-a-la-honra","status":"publish","type":"post","link":"https:\/\/www.dmsjuridica.com\/buscador_20179478954\/indice_tematico_spenal\/2021\/07\/12\/derechos-al-buen-nombre-y-a-la-honra\/","title":{"rendered":"DERECHOS AL BUEN NOMBRE Y A LA HONRA"},"content":{"rendered":"<p><b>DERECHO A LA HONRA Y EL BUEN NOMBRE<\/b>\u00a0&#8211; Ausencia de vulneraci\u00f3n del drecho &#8211;\u00a0<span lang=\"EN-US\"><a href=\"https:\/\/dmsjuridica.com\/JURISPRUDENCIA\/SALA_PENAL\/docs\/sentencias_indice_2024\/STP6601-2024.docx\"><span lang=\"ES-US\">STP6601-2024<\/span><\/a><\/span><\/p>\n<p class=\"MsoNormal\" style=\"color: #000000; font-family: Times New Roman; font-size: medium; font-style: normal; font-variant-ligatures: normal; font-variant-caps: normal; font-weight: 400; letter-spacing: normal; orphans: 2; text-align: start; text-indent: 0px; text-transform: none; white-space: normal; widows: 2; word-spacing: 0px; -webkit-text-stroke-width: 0px; text-decoration-thickness: initial; text-decoration-style: initial; text-decoration-color: initial; line-height: 24px;\">DERECHOS AL BUEN NOMBRE Y A LA HONRA\u00a0&#8211; Ausencia de vulneraci\u00f3n: las declaraciones realizadas por la Auditor\u00eda General de la Rep\u00fablica que involucran a la empresa accionante, cumplen con el marco de veracidad e imparcialidad que exige el ejercicio del derecho a la libertad de informaci\u00f3n. \u00a0&#8211;\u00a0<a style=\"color: #0563c1; text-decoration: underline;\" href=\"https:\/\/www.dmsjuridica.com\/JURISPRUDENCIA\/SALA_PENAL\/docs\/2019-2020\/STP15291-2019.doc\">STP15291-2019<\/a><\/p>\n<p class=\"MsoNormal\" style=\"color: #000000; font-family: Times New Roman; font-size: medium; font-style: normal; font-variant-ligatures: normal; font-variant-caps: normal; font-weight: 400; letter-spacing: normal; orphans: 2; text-align: start; text-indent: 0px; text-transform: none; white-space: normal; widows: 2; word-spacing: 0px; -webkit-text-stroke-width: 0px; text-decoration-thickness: initial; text-decoration-style: initial; text-decoration-color: initial; line-height: 24px;\"><a name=\"DERECHOS_AL_BUEN_NOMBRE_Y_A_LA_HONRA\"><\/a>DERECHOS AL BUEN NOMBRE Y A LA HONRA\u00a0&#8211;\u00a0Ausencia de vulneraci\u00f3n: las expresiones utilizadas por el senador Armando Alberto Benedetti Villaneda en contra del se\u00f1or Luis Carlos Sarmiento Angulo no tocan el n\u00facleo esencial de los derechos al buen nombre y a la honra, ni menoscaban su reputaci\u00f3n o dignidad.\u00a0<b><a style=\"color: #0563c1; text-decoration: underline;\" href=\"https:\/\/www.dmsjuridica.com\/JURISPRUDENCIA\/SALA_PENAL\/docs\/2018\/STP3366-2018.doc\">STP3366-2018<\/a><\/b><\/p>\n<p class=\"MsoNormal\" style=\"color: #000000; font-family: Times New Roman; font-size: medium; font-style: normal; font-variant-ligatures: normal; font-variant-caps: normal; font-weight: 400; letter-spacing: normal; orphans: 2; text-align: start; text-indent: 0px; text-transform: none; white-space: normal; widows: 2; word-spacing: 0px; -webkit-text-stroke-width: 0px; text-decoration-thickness: initial; text-decoration-style: initial; text-decoration-color: initial; line-height: 24px;\">DERECHOS AL BUEN NOMBRE Y A LA HONRA\u00a0&#8211;\u00a0Ausencia de vulneraci\u00f3n: las opiniones expresadas por los representantes a la C\u00e1mara Edward David Rodr\u00edguez y Santiago Valencia Gonz\u00e1lez en audiencia p\u00fablica convocada por la C\u00e1mara de Representantes, en contra del se\u00f1or Seuxis Pauc\u00edas Hern\u00e1ndez Solarte, est\u00e1n amparadas por la inviolabilidad de la opini\u00f3n de congresista.\u00a0<b><a style=\"color: #0563c1; text-decoration: underline;\" href=\"https:\/\/www.dmsjuridica.com\/JURISPRUDENCIA\/SALA_PENAL\/docs\/2018\/STP687-2018.doc\">\u00a0STP687-2018<\/a><\/b><\/p>\n<p class=\"MsoNormal\" style=\"color: #000000; font-family: Times New Roman; font-size: medium; font-style: normal; font-variant-ligatures: normal; font-variant-caps: normal; font-weight: 400; letter-spacing: normal; orphans: 2; text-align: start; text-indent: 0px; text-transform: none; white-space: normal; widows: 2; word-spacing: 0px; -webkit-text-stroke-width: 0px; text-decoration-thickness: initial; text-decoration-style: initial; text-decoration-color: initial; line-height: 24px;\">DERECHOS AL BUEN NOMBRE Y A LA HONRA\u00a0&#8211;\u00a0Ausencia de vulneraci\u00f3n: los calificativos negativos utilizados por la senadora Claudia Nayibe L\u00f3pez Hern\u00e1ndez en contra del consejal Hosman Yaith Mart\u00ednez Moreno no tocan el n\u00facleo esencial de los derechos al buen nombre y a la honra, ni menoscaban su reputaci\u00f3n o dignidad.\u00a0<b><a style=\"color: #0563c1; text-decoration: underline;\" href=\"https:\/\/www.dmsjuridica.com\/JURISPRUDENCIA\/SALA_PENAL\/docs\/2018\/STP2554-2018.doc\">STP2554-2018<\/a><\/b><\/p>\n<p class=\"MsoNormal\" style=\"color: #000000; font-family: Times New Roman; font-size: medium; font-style: normal; font-variant-ligatures: normal; font-variant-caps: normal; font-weight: 400; letter-spacing: normal; orphans: 2; text-align: start; text-indent: 0px; text-transform: none; white-space: normal; widows: 2; word-spacing: 0px; -webkit-text-stroke-width: 0px; text-decoration-thickness: initial; text-decoration-style: initial; text-decoration-color: initial; line-height: 24px;\">DERECHOS AL BUEN NOMBRE Y A LA HONRA\u00a0&#8211;\u00a0Las manifestaciones expresadas por el senador Armando Alberto Benedetti Villaneda en contra del se\u00f1or Luis Carlos Sarmiento Angulo en la rueda de prensa, no est\u00e1n amparadas por la inviolabilidad parlamentaria.\u00a0<b><a style=\"color: #0563c1; text-decoration: underline;\" href=\"https:\/\/www.dmsjuridica.com\/JURISPRUDENCIA\/SALA_PENAL\/docs\/2018\/STP3366-2018.doc\">STP3366-2018<\/a><\/b><\/p>\n<p class=\"MsoNormal\" style=\"color: #000000; font-family: Times New Roman; font-size: medium; font-style: normal; font-variant-ligatures: normal; font-variant-caps: normal; font-weight: 400; letter-spacing: normal; orphans: 2; text-align: start; text-indent: 0px; text-transform: none; white-space: normal; widows: 2; word-spacing: 0px; -webkit-text-stroke-width: 0px; text-decoration-thickness: initial; text-decoration-style: initial; text-decoration-color: initial; line-height: 24px;\">DERECHOS AL BUEN NOMBRE Y A LA HONRA\u00a0&#8211;\u00a0Las manifestaciones p\u00fablicas realizadas por la senadora Claudia Nayibe L\u00f3pez Hern\u00e1ndez en los medios de comunicaci\u00f3n, sobre la opini\u00f3n personal que tiene del consejal Hosman Yaith Mart\u00ednez Moreno, fueron efectuadas en el ejercicio del derecho a la libertad de expresi\u00f3n.\u00a0<b><a style=\"color: #0563c1; text-decoration: underline;\" href=\"https:\/\/www.dmsjuridica.com\/JURISPRUDENCIA\/SALA_PENAL\/docs\/2018\/STP2554-2018.doc\">STP2554-2018<\/a><\/b><\/p>\n","protected":false},"excerpt":{"rendered":"<p>DERECHO A LA HONRA Y EL BUEN NOMBRE\u00a0&#8211; Ausencia de vulneraci\u00f3n del drecho &#8211;\u00a0STP6601-2024 DERECHOS AL BUEN NOMBRE Y A LA HONRA\u00a0&#8211; Ausencia de vulneraci\u00f3n: las declaraciones realizadas por la Auditor\u00eda General de la Rep\u00fablica que involucran a la empresa accionante, cumplen con el marco de veracidad e imparcialidad que exige el ejercicio del derecho [&hellip;]<\/p>\n","protected":false},"author":1,"featured_media":0,"comment_status":"open","ping_status":"open","sticky":false,"template":"","format":"standard","meta":{"footnotes":""},"categories":[8],"tags":[],"class_list":["post-4990","post","type-post","status-publish","format-standard","hentry","category-d"],"_links":{"self":[{"href":"https:\/\/www.dmsjuridica.com\/buscador_20179478954\/indice_tematico_spenal\/wp-json\/wp\/v2\/posts\/4990","targetHints":{"allow":["GET"]}}],"collection":[{"href":"https:\/\/www.dmsjuridica.com\/buscador_20179478954\/indice_tematico_spenal\/wp-json\/wp\/v2\/posts"}],"about":[{"href":"https:\/\/www.dmsjuridica.com\/buscador_20179478954\/indice_tematico_spenal\/wp-json\/wp\/v2\/types\/post"}],"author":[{"embeddable":true,"href":"https:\/\/www.dmsjuridica.com\/buscador_20179478954\/indice_tematico_spenal\/wp-json\/wp\/v2\/users\/1"}],"replies":[{"embeddable":true,"href":"https:\/\/www.dmsjuridica.com\/buscador_20179478954\/indice_tematico_spenal\/wp-json\/wp\/v2\/comments?post=4990"}],"version-history":[{"count":1,"href":"https:\/\/www.dmsjuridica.com\/buscador_20179478954\/indice_tematico_spenal\/wp-json\/wp\/v2\/posts\/4990\/revisions"}],"predecessor-version":[{"id":7129,"href":"https:\/\/www.dmsjuridica.com\/buscador_20179478954\/indice_tematico_spenal\/wp-json\/wp\/v2\/posts\/4990\/revisions\/7129"}],"wp:attachment":[{"href":"https:\/\/www.dmsjuridica.com\/buscador_20179478954\/indice_tematico_spenal\/wp-json\/wp\/v2\/media?parent=4990"}],"wp:term":[{"taxonomy":"category","embeddable":true,"href":"https:\/\/www.dmsjuridica.com\/buscador_20179478954\/indice_tematico_spenal\/wp-json\/wp\/v2\/categories?post=4990"},{"taxonomy":"post_tag","embeddable":true,"href":"https:\/\/www.dmsjuridica.com\/buscador_20179478954\/indice_tematico_spenal\/wp-json\/wp\/v2\/tags?post=4990"}],"curies":[{"name":"wp","href":"https:\/\/api.w.org\/{rel}","templated":true}]}}