{"id":5047,"date":"2021-07-12T14:16:10","date_gmt":"2021-07-12T14:16:10","guid":{"rendered":"https:\/\/www.dmsjuridica.com\/buscador_20179478954\/indice_tematico_spenal\/2021\/07\/12\/detencion-domiciliaria\/"},"modified":"2025-06-25T16:29:27","modified_gmt":"2025-06-25T21:29:27","slug":"detencion-domiciliaria","status":"publish","type":"post","link":"https:\/\/www.dmsjuridica.com\/buscador_20179478954\/indice_tematico_spenal\/2021\/07\/12\/detencion-domiciliaria\/","title":{"rendered":"DETENCI\u00d3N DOMICILIARIA"},"content":{"rendered":"<p style=\"font-weight: 400;\"><strong>DETENCI\u00d3N DOMICILIARIA<\/strong>\u00a0&#8211; Diferencias con la Prisi\u00f3n Domiciliaria &#8211;\u00a0<a href=\"https:\/\/dmsjuridica.com\/JURISPRUDENCIA\/SALA_PENAL\/docs\/sentencias_indice_2024\/AP6277-2024.docx\">AP6277-2024<\/a><\/p>\n<p style=\"font-weight: 400;\"><strong>DETENCI\u00d3N DOMICILIARIA<\/strong>\u00a0&#8211; No conlleva el otorgamiento de prisi\u00f3n domiciliaria &#8211;\u00a0<a href=\"https:\/\/dmsjuridica.com\/JURISPRUDENCIA\/SALA_PENAL\/docs\/sentencias_indice_2024\/AP6277-2024.docx\">AP6277-2024<\/a><\/p>\n<p class=\"MsoNormal\" style=\"color: #000000; font-family: Times New Roman; font-size: medium; font-style: normal; font-variant-ligatures: normal; font-variant-caps: normal; font-weight: 400; letter-spacing: normal; orphans: 2; text-align: start; text-indent: 0px; text-transform: none; white-space: normal; widows: 2; word-spacing: 0px; -webkit-text-stroke-width: 0px; text-decoration-thickness: initial; text-decoration-style: initial; text-decoration-color: initial; line-height: 24px;\">DETENCI\u00d3N DOMICILIARIA &#8211;\u00a0<a style=\"color: #0563c1; text-decoration: underline;\" href=\"https:\/\/www.dmsjuridica.com\/JURISPRUDENCIA\/SALA_PENAL\/docs\/2019-2020\/AP1577-2020.doc\">AP1577-2020<\/a><\/p>\n<p class=\"MsoNormal\" style=\"color: #000000; font-family: Times New Roman; font-size: medium; font-style: normal; font-variant-ligatures: normal; font-variant-caps: normal; font-weight: 400; letter-spacing: normal; orphans: 2; text-align: start; text-indent: 0px; text-transform: none; white-space: normal; widows: 2; word-spacing: 0px; -webkit-text-stroke-width: 0px; text-decoration-thickness: initial; text-decoration-style: initial; text-decoration-color: initial; line-height: 24px;\"><a name=\"DETENCI\u00d3N_DOMICILIARIA\"><\/a>DETENCI\u00d3N DOMICILIARIA\u00a0&#8211; Alternatividad penal.\u00a0<b><a style=\"color: #0563c1; text-decoration: underline;\" href=\"https:\/\/www.dmsjuridica.com\/JURISPRUDENCIA\/SALA_PENAL\/docs\/1998\/11343%20(21-01-98).html\">11343\/98<\/a><\/b><\/p>\n<p class=\"MsoNormal\" style=\"color: #000000; font-family: Times New Roman; font-size: medium; font-style: normal; font-variant-ligatures: normal; font-variant-caps: normal; font-weight: 400; letter-spacing: normal; orphans: 2; text-align: start; text-indent: 0px; text-transform: none; white-space: normal; widows: 2; word-spacing: 0px; -webkit-text-stroke-width: 0px; text-decoration-thickness: initial; text-decoration-style: initial; text-decoration-color: initial; line-height: 24px;\">DETENCI\u00d3N DOMICILIARIA &#8211; Como medida sustitutiva de la detenci\u00f3n preventiva.\u00a0<a style=\"color: #0563c1; text-decoration: underline;\" href=\"https:\/\/www.dmsjuridica.com\/JURISPRUDENCIA\/SALA_PENAL\/docs\/2001\/18684(12-09-01).html\">18684\/01<\/a>\u00a0&#8211;\u00a0<b><a style=\"color: #0563c1; text-decoration: underline;\" href=\"https:\/\/www.dmsjuridica.com\/JURISPRUDENCIA\/SALA_PENAL\/docs\/2001\/17015(18-09-01).html\">17015\/01<\/a><\/b><\/p>\n<p class=\"MsoNormal\" style=\"color: #000000; font-family: Times New Roman; font-size: medium; font-style: normal; font-variant-ligatures: normal; font-variant-caps: normal; font-weight: 400; letter-spacing: normal; orphans: 2; text-align: start; text-indent: 0px; text-transform: none; white-space: normal; widows: 2; word-spacing: 0px; -webkit-text-stroke-width: 0px; text-decoration-thickness: initial; text-decoration-style: initial; text-decoration-color: initial; line-height: 24px;\">DETENCI\u00d3N DOMICILIARIA &#8211; Competencia para concederla.\u00a0<b><a style=\"color: #0563c1; text-decoration: underline;\" href=\"https:\/\/www.dmsjuridica.com\/JURISPRUDENCIA\/SALA_PENAL\/docs\/1999\/11715j.html\">11715\/99<\/a><\/b><\/p>\n<p class=\"MsoNormal\" style=\"color: #000000; font-family: Times New Roman; font-size: medium; font-style: normal; font-variant-ligatures: normal; font-variant-caps: normal; font-weight: 400; letter-spacing: normal; orphans: 2; text-align: start; text-indent: 0px; text-transform: none; white-space: normal; widows: 2; word-spacing: 0px; -webkit-text-stroke-width: 0px; text-decoration-thickness: initial; text-decoration-style: initial; text-decoration-color: initial; line-height: 24px;\">DETENCI\u00d3N DOMICILIARIA &#8211; Competencia para otorgarla.\u00a0<b><a style=\"color: #0563c1; text-decoration: underline;\" href=\"https:\/\/www.dmsjuridica.com\/JURISPRUDENCIA\/SALA_PENAL\/docs\/1999\/12136g.html\">12136\/99<\/a><\/b><\/p>\n<p class=\"MsoNormal\" style=\"color: #000000; font-family: Times New Roman; font-size: medium; font-style: normal; font-variant-ligatures: normal; font-variant-caps: normal; font-weight: 400; letter-spacing: normal; orphans: 2; text-align: start; text-indent: 0px; text-transform: none; white-space: normal; widows: 2; word-spacing: 0px; -webkit-text-stroke-width: 0px; text-decoration-thickness: initial; text-decoration-style: initial; text-decoration-color: initial; line-height: 24px;\">DETENCI\u00d3N DOMICILIARIA &#8211; Diferencias con la prisi\u00f3n domiciliaria.\u00a0<a style=\"color: #0563c1; text-decoration: underline;\" href=\"https:\/\/www.dmsjuridica.com\/JURISPRUDENCIA\/SALA_PENAL\/docs\/2006\/24679(27-07-06)-1.html\">24679\/06<\/a>\u00a0&#8211;\u00a0<a style=\"color: #0563c1; text-decoration: underline;\" href=\"https:\/\/www.dmsjuridica.com\/JURISPRUDENCIA\/SALA_PENAL\/docs\/2006\/24765(28-09-06)-1.html\">24765\/06<\/a>\u00a0&#8211;\u00a0<b><a style=\"color: #0563c1; text-decoration: underline;\" href=\"https:\/\/www.dmsjuridica.com\/JURISPRUDENCIA\/SALA_PENAL\/docs\/2019-2020\/dmsjuridica.com\/JURISPRUDENCIA\/SALA_PENAL\/Html\/SJ\/Html\/docs\/C.S.J%20SALA%20PENAL\/25517(12-12-06)-1.html\">25517\/06<\/a><\/b><\/p>\n<p class=\"MsoNormal\" style=\"color: #000000; font-family: Times New Roman; font-size: medium; font-style: normal; font-variant-ligatures: normal; font-variant-caps: normal; font-weight: 400; letter-spacing: normal; orphans: 2; text-align: start; text-indent: 0px; text-transform: none; white-space: normal; widows: 2; word-spacing: 0px; -webkit-text-stroke-width: 0px; text-decoration-thickness: initial; text-decoration-style: initial; text-decoration-color: initial; line-height: 24px;\">DETENCI\u00d3N DOMICILIARIA &#8211; En el tr\u00e1mite del recurso de casaci\u00f3n No tiene competencia la Corte.\u00a0<b><a style=\"color: #0563c1; text-decoration: underline;\" href=\"https:\/\/www.dmsjuridica.com\/JURISPRUDENCIA\/SALA_PENAL\/docs\/1999\/15589a1.html\">15589\/99<\/a><\/b><\/p>\n<p class=\"MsoNormal\" style=\"color: #000000; font-family: Times New Roman; font-size: medium; font-style: normal; font-variant-ligatures: normal; font-variant-caps: normal; font-weight: 400; letter-spacing: normal; orphans: 2; text-align: start; text-indent: 0px; text-transform: none; white-space: normal; widows: 2; word-spacing: 0px; -webkit-text-stroke-width: 0px; text-decoration-thickness: initial; text-decoration-style: initial; text-decoration-color: initial; line-height: 24px;\">DETENCI\u00d3N DOMICILIARIA &#8211; Improcedencia ante sentencia de primer grado.\u00a0<b><a style=\"color: #0563c1; text-decoration: underline;\" href=\"https:\/\/www.dmsjuridica.com\/JURISPRUDENCIA\/SALA_PENAL\/docs\/2002\/11004(11-07-02).html\">11004\/02<\/a><\/b><\/p>\n<p class=\"MsoNormal\" style=\"color: #000000; font-family: Times New Roman; font-size: medium; font-style: normal; font-variant-ligatures: normal; font-variant-caps: normal; font-weight: 400; letter-spacing: normal; orphans: 2; text-align: start; text-indent: 0px; text-transform: none; white-space: normal; widows: 2; word-spacing: 0px; -webkit-text-stroke-width: 0px; text-decoration-thickness: initial; text-decoration-style: initial; text-decoration-color: initial; line-height: 24px;\">DETENCI\u00d3N DOMICILIARIA &#8211; Improcedencia de la medida despu\u00e9s del fallo de condena que niega la ejecuci\u00f3n condicional.\u00a0<a style=\"color: #0563c1; text-decoration: underline;\" href=\"https:\/\/www.dmsjuridica.com\/JURISPRUDENCIA\/SALA_PENAL\/docs\/1999\/15589a1.html\">15589\/99<\/a>\u00a0&#8211;\u00a0<b><a style=\"color: #0563c1; text-decoration: underline;\" href=\"https:\/\/www.dmsjuridica.com\/JURISPRUDENCIA\/SALA_PENAL\/docs\/1999\/13368b1.html\">13368\/99<\/a><\/b><\/p>\n<p class=\"MsoNormal\" style=\"color: #000000; font-family: Times New Roman; font-size: medium; font-style: normal; font-variant-ligatures: normal; font-variant-caps: normal; font-weight: 400; letter-spacing: normal; orphans: 2; text-align: start; text-indent: 0px; text-transform: none; white-space: normal; widows: 2; word-spacing: 0px; -webkit-text-stroke-width: 0px; text-decoration-thickness: initial; text-decoration-style: initial; text-decoration-color: initial; line-height: 24px;\">DETENCI\u00d3N DOMICILIARIA &#8211; Inaplicaci\u00f3n de la Ley 1709:\u00a0Lex\u00a0tertia.\u00a0<b><a style=\"color: #0563c1; text-decoration: underline;\" href=\"https:\/\/www.dmsjuridica.com\/JURISPRUDENCIA\/SALA_PENAL\/docs\/2014\/%20%20%20%20%20%20AP782-2014(34099).html\">AP782\/14<\/a><\/b><\/p>\n<p class=\"MsoNormal\" style=\"color: #000000; font-family: Times New Roman; font-size: medium; font-style: normal; font-variant-ligatures: normal; font-variant-caps: normal; font-weight: 400; letter-spacing: normal; orphans: 2; text-align: start; text-indent: 0px; text-transform: none; white-space: normal; widows: 2; word-spacing: 0px; -webkit-text-stroke-width: 0px; text-decoration-thickness: initial; text-decoration-style: initial; text-decoration-color: initial; line-height: 24px;\">DETENCI\u00d3N DOMICILIARIA &#8211; Juicio\u00a0 de\u00a0 ponderaci\u00f3n.\u00a0<b><a style=\"color: #0563c1; text-decoration: underline;\" href=\"https:\/\/www.dmsjuridica.com\/JURISPRUDENCIA\/SALA_PENAL\/docs\/2011\/35943(22-06-11).html\">35943\/11<\/a><\/b><\/p>\n<p class=\"MsoNormal\" style=\"color: #000000; font-family: Times New Roman; font-size: medium; font-style: normal; font-variant-ligatures: normal; font-variant-caps: normal; font-weight: 400; letter-spacing: normal; orphans: 2; text-align: start; text-indent: 0px; text-transform: none; white-space: normal; widows: 2; word-spacing: 0px; -webkit-text-stroke-width: 0px; text-decoration-thickness: initial; text-decoration-style: initial; text-decoration-color: initial; line-height: 24px;\">DETENCI\u00d3N DOMICILIARIA &#8211; No procede cuando ha sido proferida sentencia de primer grado.\u00a0<b><a style=\"color: #0563c1; text-decoration: underline;\" href=\"https:\/\/www.dmsjuridica.com\/JURISPRUDENCIA\/SALA_PENAL\/docs\/2000\/12329mar1.html\">12329\/00<\/a><\/b><\/p>\n<p class=\"MsoNormal\" style=\"color: #000000; font-family: Times New Roman; font-size: medium; font-style: normal; font-variant-ligatures: normal; font-variant-caps: normal; font-weight: 400; letter-spacing: normal; orphans: 2; text-align: start; text-indent: 0px; text-transform: none; white-space: normal; widows: 2; word-spacing: 0px; -webkit-text-stroke-width: 0px; text-decoration-thickness: initial; text-decoration-style: initial; text-decoration-color: initial; line-height: 24px;\">DETENCI\u00d3N DOMICILIARIA &#8211; No se materializa ante la omisi\u00f3n de los compromisos previos.\u00a0<a style=\"color: #0563c1; text-decoration: underline;\" href=\"https:\/\/www.dmsjuridica.com\/JURISPRUDENCIA\/SALA_PENAL\/docs\/2000\/12818nov.html\">12818\/00<\/a>\u00a0&#8211;\u00a0<b><a style=\"color: #0563c1; text-decoration: underline;\" href=\"https:\/\/www.dmsjuridica.com\/JURISPRUDENCIA\/SALA_PENAL\/docs\/2000\/12818nov.html\">12818\/00<\/a><\/b><\/p>\n<p class=\"MsoNormal\" style=\"color: #000000; font-family: Times New Roman; font-size: medium; font-style: normal; font-variant-ligatures: normal; font-variant-caps: normal; font-weight: 400; letter-spacing: normal; orphans: 2; text-align: start; text-indent: 0px; text-transform: none; white-space: normal; widows: 2; word-spacing: 0px; -webkit-text-stroke-width: 0px; text-decoration-thickness: initial; text-decoration-style: initial; text-decoration-color: initial; line-height: 24px;\">DETENCI\u00d3N DOMICILIARIA &#8211; Padre\u00a0 cabeza\u00a0 de\u00a0 familia.\u00a0<b><a style=\"color: #0563c1; text-decoration: underline;\" href=\"https:\/\/www.dmsjuridica.com\/JURISPRUDENCIA\/SALA_PENAL\/docs\/2011\/35943(22-06-11).html\">35943\/11<\/a><\/b><\/p>\n<p class=\"MsoNormal\" style=\"color: #000000; font-family: Times New Roman; font-size: medium; font-style: normal; font-variant-ligatures: normal; font-variant-caps: normal; font-weight: 400; letter-spacing: normal; orphans: 2; text-align: start; text-indent: 0px; text-transform: none; white-space: normal; widows: 2; word-spacing: 0px; -webkit-text-stroke-width: 0px; text-decoration-thickness: initial; text-decoration-style: initial; text-decoration-color: initial; line-height: 24px;\">DETENCI\u00d3N DOMICILIARIA &#8211; Padre\u00a0 cabeza\u00a0 de\u00a0 familia:\u00a0 Mengua\u00a0 o\u00a0 intrascendencia del\u00a0 inter\u00e9s\u00a0 superior\u00a0 del\u00a0 menor.\u00a0<b><a style=\"color: #0563c1; text-decoration: underline;\" href=\"https:\/\/www.dmsjuridica.com\/JURISPRUDENCIA\/SALA_PENAL\/docs\/2011\/35943(22-06-11).html\">35943\/11<\/a><\/b><\/p>\n<p class=\"MsoNormal\" style=\"color: #000000; font-family: Times New Roman; font-size: medium; font-style: normal; font-variant-ligatures: normal; font-variant-caps: normal; font-weight: 400; letter-spacing: normal; orphans: 2; text-align: start; text-indent: 0px; text-transform: none; white-space: normal; widows: 2; word-spacing: 0px; -webkit-text-stroke-width: 0px; text-decoration-thickness: initial; text-decoration-style: initial; text-decoration-color: initial; line-height: 24px;\">DETENCI\u00d3N DOMICILIARIA &#8211; Redenci\u00f3n de pena por trabajo ejecutado.\u00a0<b><a style=\"color: #0563c1; text-decoration: underline;\" href=\"https:\/\/www.dmsjuridica.com\/JURISPRUDENCIA\/SALA_PENAL\/docs\/2004\/8041(01-12-04).html\">8041\/04<\/a><\/b><\/p>\n<p class=\"MsoNormal\" style=\"color: #000000; font-family: Times New Roman; font-size: medium; font-style: normal; font-variant-ligatures: normal; font-variant-caps: normal; font-weight: 400; letter-spacing: normal; orphans: 2; text-align: start; text-indent: 0px; text-transform: none; white-space: normal; widows: 2; word-spacing: 0px; -webkit-text-stroke-width: 0px; text-decoration-thickness: initial; text-decoration-style: initial; text-decoration-color: initial; line-height: 24px;\">DETENCI\u00d3N DOMICILIARIA &#8211; Requisito subjetivo prevenci\u00f3n general.\u00a0<a style=\"color: #0563c1; text-decoration: underline;\" href=\"https:\/\/www.dmsjuridica.com\/JURISPRUDENCIA\/SALA_PENAL\/docs\/2000\/16997oct.html\">16997\/00<\/a>\u00a0&#8211;\u00a0<a style=\"color: #0563c1; text-decoration: underline;\" href=\"https:\/\/www.dmsjuridica.com\/JURISPRUDENCIA\/SALA_PENAL\/docs\/2001\/18773(09-10-01).html\">18773\/01<\/a>\u00a0&#8211;\u00a0<a style=\"color: #0563c1; text-decoration: underline;\" href=\"https:\/\/www.dmsjuridica.com\/JURISPRUDENCIA\/SALA_PENAL\/docs\/2001\/15007(17-10-01).html\">15007\/01<\/a>\u00a0&#8211;\u00a0<b><a style=\"color: #0563c1; text-decoration: underline;\" href=\"https:\/\/www.dmsjuridica.com\/JURISPRUDENCIA\/SALA_PENAL\/docs\/2002\/13085(05-11-02).html\">13085\/02<\/a><\/b><\/p>\n<p class=\"MsoNormal\" style=\"color: #000000; font-family: Times New Roman; font-size: medium; font-style: normal; font-variant-ligatures: normal; font-variant-caps: normal; font-weight: 400; letter-spacing: normal; orphans: 2; text-align: start; text-indent: 0px; text-transform: none; white-space: normal; widows: 2; word-spacing: 0px; -webkit-text-stroke-width: 0px; text-decoration-thickness: initial; text-decoration-style: initial; text-decoration-color: initial; line-height: 24px;\">DETENCI\u00d3N DOMICILIARIA &#8211; Requisito subjetivo.\u00a0<b><a style=\"color: #0563c1; text-decoration: underline;\" href=\"https:\/\/www.dmsjuridica.com\/JURISPRUDENCIA\/SALA_PENAL\/docs\/2000\/16693abr.html\">16693\/00<\/a><\/b><\/p>\n<p class=\"MsoNormal\" style=\"color: #000000; font-family: Times New Roman; font-size: medium; font-style: normal; font-variant-ligatures: normal; font-variant-caps: normal; font-weight: 400; letter-spacing: normal; orphans: 2; text-align: start; text-indent: 0px; text-transform: none; white-space: normal; widows: 2; word-spacing: 0px; -webkit-text-stroke-width: 0px; text-decoration-thickness: initial; text-decoration-style: initial; text-decoration-color: initial; line-height: 24px;\">DETENCI\u00d3N DOMICILIARIA &#8211; Requisitos de la Ley 750 de 2002. 24155\/06 &#8211;\u00a0<a style=\"color: #0563c1; text-decoration: underline;\" href=\"https:\/\/www.dmsjuridica.com\/JURISPRUDENCIA\/SALA_PENAL\/docs\/2007\/26716(16-05-07).html\">26716\/07<\/a>\u00a0&#8211;\u00a0<b><a style=\"color: #0563c1; text-decoration: underline;\" href=\"https:\/\/www.dmsjuridica.com\/JURISPRUDENCIA\/SALA_PENAL\/docs\/2007\/27064(13-06-07).html\">27064\/07<\/a><\/b><\/p>\n<p class=\"MsoNormal\" style=\"color: #000000; font-family: Times New Roman; font-size: medium; font-style: normal; font-variant-ligatures: normal; font-variant-caps: normal; font-weight: 400; letter-spacing: normal; orphans: 2; text-align: start; text-indent: 0px; text-transform: none; white-space: normal; widows: 2; word-spacing: 0px; -webkit-text-stroke-width: 0px; text-decoration-thickness: initial; text-decoration-style: initial; text-decoration-color: initial; line-height: 24px;\">DETENCI\u00d3N DOMICILIARIA &#8211; Requisitos: Evoluci\u00f3n\u00a0 jurisprudencial.\u00a0<b><a style=\"color: #0563c1; text-decoration: underline;\" href=\"https:\/\/www.dmsjuridica.com\/JURISPRUDENCIA\/SALA_PENAL\/docs\/2011\/35943(22-06-11).html\">35943\/11<\/a><\/b><\/p>\n<p class=\"MsoNormal\" style=\"color: #000000; font-family: Times New Roman; font-size: medium; font-style: normal; font-variant-ligatures: normal; font-variant-caps: normal; font-weight: 400; letter-spacing: normal; orphans: 2; text-align: start; text-indent: 0px; text-transform: none; white-space: normal; widows: 2; word-spacing: 0px; -webkit-text-stroke-width: 0px; text-decoration-thickness: initial; text-decoration-style: initial; text-decoration-color: initial; line-height: 24px;\">DETENCI\u00d3N DOMICILIARIA &#8211; Requisitos: Personalidad del procesado.\u00a0<b><a style=\"color: #0563c1; text-decoration: underline;\" href=\"https:\/\/www.dmsjuridica.com\/JURISPRUDENCIA\/SALA_PENAL\/docs\/2011\/35943(22-06-11).html\">35943\/11<\/a><\/b><\/p>\n<p class=\"MsoNormal\" style=\"color: #000000; font-family: Times New Roman; font-size: medium; font-style: normal; font-variant-ligatures: normal; font-variant-caps: normal; font-weight: 400; letter-spacing: normal; orphans: 2; text-align: start; text-indent: 0px; text-transform: none; white-space: normal; widows: 2; word-spacing: 0px; -webkit-text-stroke-width: 0px; text-decoration-thickness: initial; text-decoration-style: initial; text-decoration-color: initial; line-height: 24px;\">DETENCI\u00d3N DOMICILIARIA &#8211; Variaci\u00f3n del lugar de residencia.\u00a0<b><a style=\"color: #0563c1; text-decoration: underline;\" href=\"https:\/\/www.dmsjuridica.com\/JURISPRUDENCIA\/SALA_PENAL\/docs\/1999\/15273dic1.html\">15273\/99<\/a><\/b><\/p>\n<p class=\"MsoNormal\" style=\"color: #000000; font-family: Times New Roman; font-size: medium; font-style: normal; font-variant-ligatures: normal; font-variant-caps: normal; font-weight: 400; letter-spacing: normal; orphans: 2; text-align: start; text-indent: 0px; text-transform: none; white-space: normal; widows: 2; word-spacing: 0px; -webkit-text-stroke-width: 0px; text-decoration-thickness: initial; text-decoration-style: initial; text-decoration-color: initial; line-height: 24px;\">DETENCI\u00d3N DOMICILIARIA &#8211; Viabilidad.\u00a0<b><a style=\"color: #0563c1; text-decoration: underline;\" href=\"https:\/\/www.dmsjuridica.com\/JURISPRUDENCIA\/SALA_PENAL\/docs\/1999\/13368b1.html\">13368\/99<\/a><\/b><\/p>\n<p class=\"MsoNormal\" style=\"color: #000000; font-family: Times New Roman; font-size: medium; font-style: normal; font-variant-ligatures: normal; font-variant-caps: normal; font-weight: 400; letter-spacing: normal; orphans: 2; text-align: start; text-indent: 0px; text-transform: none; white-space: normal; widows: 2; word-spacing: 0px; -webkit-text-stroke-width: 0px; text-decoration-thickness: initial; text-decoration-style: initial; text-decoration-color: initial; line-height: 24px;\">DETENCI\u00d3N DOMICILIARIA- Diferencias con la Prisi\u00f3n Domiciliaria\u00a0 &#8211;\u00a0<a style=\"color: #0563c1; text-decoration: underline;\" href=\"https:\/\/www.dmsjuridica.com\/JURISPRUDENCIA\/SALA_PENAL\/docs\/2019-2020\/AP662-2020.doc\">AP662-2020<\/a><\/p>\n<p class=\"MsoNormal\" style=\"color: #000000; font-family: Times New Roman; font-size: medium; font-style: normal; font-variant-ligatures: normal; font-variant-caps: normal; font-weight: 400; letter-spacing: normal; orphans: 2; text-align: start; text-indent: 0px; text-transform: none; white-space: normal; widows: 2; word-spacing: 0px; -webkit-text-stroke-width: 0px; text-decoration-thickness: initial; text-decoration-style: initial; text-decoration-color: initial; line-height: 24px;\">DETENCI\u00d3N DOMICILIARIA- Es diferente a la prisi\u00f3n domiciliaria\u00a0 &#8211;\u00a0<a style=\"color: #0563c1; text-decoration: underline;\" href=\"https:\/\/www.dmsjuridica.com\/JURISPRUDENCIA\/SALA_PENAL\/docs\/2019-2020\/AP2492-2020.doc\">AP2492-2020<\/a><\/p>\n<p class=\"MsoNormal\" style=\"color: #000000; font-family: Times New Roman; font-size: medium; font-style: normal; font-variant-ligatures: normal; font-variant-caps: normal; font-weight: 400; letter-spacing: normal; orphans: 2; text-align: start; text-indent: 0px; text-transform: none; white-space: normal; widows: 2; word-spacing: 0px; -webkit-text-stroke-width: 0px; text-decoration-thickness: initial; text-decoration-style: initial; text-decoration-color: initial; line-height: 24px;\">DETENCI\u00d3N DOMICILIARIA- Improcedencia ante sentencia de primer grado\u00a0 &#8211;\u00a0<a style=\"color: #0563c1; text-decoration: underline;\" href=\"https:\/\/www.dmsjuridica.com\/JURISPRUDENCIA\/SALA_PENAL\/docs\/2019-2020\/SP846-2020.doc\">SP846-2020<\/a><\/p>\n<p class=\"MsoNormal\" style=\"color: #000000; font-family: 'Times New Roman'; font-size: medium; font-style: normal; font-variant-ligatures: normal; font-variant-caps: normal; font-weight: 400; letter-spacing: normal; orphans: 2; text-align: start; text-indent: 0px; text-transform: none; white-space: normal; widows: 2; word-spacing: 0px; -webkit-text-stroke-width: 0px; text-decoration-thickness: initial; text-decoration-style: initial; text-decoration-color: initial; line-height: 24px;\">DETENCI\u00d3N DOMICILIARIA\u00a0&#8211; Derecho instituido en favor y para la protecci\u00f3n de los hijos.\u00a0<b><a style=\"color: #0563c1; text-decoration: underline;\" href=\"https:\/\/www.dmsjuridica.com\/JURISPRUDENCIA\/SALA_PENAL\/docs\/2004\/22497(25-08-04).html\">22497\/04<\/a><\/b><\/p>\n<p class=\"MsoNormal\" style=\"color: #000000; font-family: 'Times New Roman'; font-size: medium; font-style: normal; font-variant-ligatures: normal; font-variant-caps: normal; font-weight: 400; letter-spacing: normal; orphans: 2; text-align: start; text-indent: 0px; text-transform: none; white-space: normal; widows: 2; word-spacing: 0px; -webkit-text-stroke-width: 0px; text-decoration-thickness: initial; text-decoration-style: initial; text-decoration-color: initial; line-height: 24px;\">DETENCI\u00d3N DOMICILIARIA\u00a0&#8211; Enfermedad grave\u00a0\u00a0<b><a style=\"color: #0563c1; text-decoration: underline;\" href=\"https:\/\/www.dmsjuridica.com\/JURISPRUDENCIA\/SALA_PENAL\/docs\/2019\/SP024-2019.doc\">SP024-2019<\/a><\/b><\/p>\n<p class=\"MsoNormal\" style=\"color: #000000; font-family: 'Times New Roman'; font-size: medium; font-style: normal; font-variant-ligatures: normal; font-variant-caps: normal; font-weight: 400; letter-spacing: normal; orphans: 2; text-align: start; text-indent: 0px; text-transform: none; white-space: normal; widows: 2; word-spacing: 0px; -webkit-text-stroke-width: 0px; text-decoration-thickness: initial; text-decoration-style: initial; text-decoration-color: initial; line-height: 24px;\">DETENCI\u00d3N DOMICILIARIA\u00a0&#8211; Enfermedad grave: requiere el dictamen m\u00e9dico, psiqui\u00e1trico y psicol\u00f3gico sobre el estado actual de salud \u00a0&#8211;\u00a0<a style=\"color: #0563c1; text-decoration: underline;\" href=\"https:\/\/www.dmsjuridica.com\/JURISPRUDENCIA\/SALA_PENAL\/docs\/2019-2020\/AP5219-2019.doc\">AP5219-2019<\/a><\/p>\n<p class=\"MsoNormal\" style=\"color: #000000; font-family: 'Times New Roman'; font-size: medium; font-style: normal; font-variant-ligatures: normal; font-variant-caps: normal; font-weight: 400; letter-spacing: normal; orphans: 2; text-align: start; text-indent: 0px; text-transform: none; white-space: normal; widows: 2; word-spacing: 0px; -webkit-text-stroke-width: 0px; text-decoration-thickness: initial; text-decoration-style: initial; text-decoration-color: initial; line-height: 24px;\">DETENCI\u00d3N DOMICILIARIA\u00a0&#8211; Improcedencia \u00a0&#8211;\u00a0<a style=\"color: #0563c1; text-decoration: underline;\" href=\"https:\/\/www.dmsjuridica.com\/JURISPRUDENCIA\/SALA_PENAL\/docs\/2019-2020\/AP5219-2019.doc\">AP5219-2019<\/a><\/p>\n<p class=\"MsoNormal\" style=\"color: #000000; font-family: 'Times New Roman'; font-size: medium; font-style: normal; font-variant-ligatures: normal; font-variant-caps: normal; font-weight: 400; letter-spacing: normal; orphans: 2; text-align: start; text-indent: 0px; text-transform: none; white-space: normal; widows: 2; word-spacing: 0px; -webkit-text-stroke-width: 0px; text-decoration-thickness: initial; text-decoration-style: initial; text-decoration-color: initial; line-height: 24px;\">DETENCI\u00d3N DOMICILIARIA\u00a0&#8211; No conlleva el otorgamiento de prisi\u00f3n domiciliaria \u00a0&#8211;\u00a0<a style=\"color: #0563c1; text-decoration: underline;\" href=\"https:\/\/www.dmsjuridica.com\/JURISPRUDENCIA\/SALA_PENAL\/docs\/2019-2020\/AHP4579-2019.doc\">AHP4579-2019<\/a><\/p>\n<p class=\"MsoNormal\" style=\"color: #000000; font-family: 'Times New Roman'; font-size: medium; font-style: normal; font-variant-ligatures: normal; font-variant-caps: normal; font-weight: 400; letter-spacing: normal; orphans: 2; text-align: start; text-indent: 0px; text-transform: none; white-space: normal; widows: 2; word-spacing: 0px; -webkit-text-stroke-width: 0px; text-decoration-thickness: initial; text-decoration-style: initial; text-decoration-color: initial; line-height: 24px;\">DETENCI\u00d3N DOMICILIARIA\u00a0&#8211; Requisito subjetivo: Instrumentos internacionales\u00a0<b><a style=\"color: #0563c1; text-decoration: underline;\" href=\"https:\/\/www.dmsjuridica.com\/JURISPRUDENCIA\/SALA_PENAL\/docs\/2008\/28975(13-02-08).html\">28975\/08<\/a><\/b><\/p>\n<p class=\"MsoNormal\" style=\"color: #000000; font-family: 'Times New Roman'; font-size: medium; font-style: normal; font-variant-ligatures: normal; font-variant-caps: normal; font-weight: 400; letter-spacing: normal; orphans: 2; text-align: start; text-indent: 0px; text-transform: none; white-space: normal; widows: 2; word-spacing: 0px; -webkit-text-stroke-width: 0px; text-decoration-thickness: initial; text-decoration-style: initial; text-decoration-color: initial; line-height: 24px;\">DETENCI\u00d3N DOMICILIARIA\u00a0&#8211; Requisitos: Peligro para la comunidad\u00a0<b><a style=\"color: #0563c1; text-decoration: underline;\" href=\"https:\/\/www.dmsjuridica.com\/JURISPRUDENCIA\/SALA_PENAL\/docs\/2008\/30520(02-12-08).html\">30520\/08<\/a><\/b><\/p>\n<p class=\"MsoNormal\" style=\"color: #000000; font-family: 'Times New Roman'; font-size: medium; font-style: normal; font-variant-ligatures: normal; font-variant-caps: normal; font-weight: 400; letter-spacing: normal; orphans: 2; text-align: start; text-indent: 0px; text-transform: none; white-space: normal; widows: 2; word-spacing: 0px; -webkit-text-stroke-width: 0px; text-decoration-thickness: initial; text-decoration-style: initial; text-decoration-color: initial; line-height: 24px;\">DETENCI\u00d3N DOMICILIARIA\u00a0&#8211; Sindicado esta en condici\u00f3n de padre cabeza de familia.\u00a0<b><a style=\"color: #0563c1; text-decoration: underline;\" href=\"https:\/\/www.dmsjuridica.com\/JURISPRUDENCIA\/SALA_PENAL\/docs\/2004\/22638(25-08-04).html\">22638\/04<\/a><\/b><\/p>\n<p class=\"MsoNormal\" style=\"color: #000000; font-family: 'Times New Roman'; font-size: medium; font-style: normal; font-variant-ligatures: normal; font-variant-caps: normal; font-weight: 400; letter-spacing: normal; orphans: 2; text-align: start; text-indent: 0px; text-transform: none; white-space: normal; widows: 2; word-spacing: 0px; -webkit-text-stroke-width: 0px; text-decoration-thickness: initial; text-decoration-style: initial; text-decoration-color: initial; line-height: 24px;\">DETENCI\u00d3N DOMICILIARIA\u00a0&#8211; Solo es posible antes de la sentencia\u00a0<b><a style=\"color: #0563c1; text-decoration: underline;\" href=\"https:\/\/www.dmsjuridica.com\/JURISPRUDENCIA\/SALA_PENAL\/docs\/2008\/29019(09-06-08).html\">29019\/08<\/a><\/b><\/p>\n<p class=\"MsoNormal\" style=\"color: #000000; font-family: 'Times New Roman'; font-size: medium; font-style: normal; font-variant-ligatures: normal; font-variant-caps: normal; font-weight: 400; letter-spacing: normal; orphans: 2; text-align: start; text-indent: 0px; text-transform: none; white-space: normal; widows: 2; word-spacing: 0px; -webkit-text-stroke-width: 0px; text-decoration-thickness: initial; text-decoration-style: initial; text-decoration-color: initial; line-height: 24px;\">DETENCI\u00d3N DOMICILIARIA\u00a0&#8211;\u00a0Enfermedad grave.\u00a0AP1528-2018<\/p>\n<p class=\"MsoNormal\" style=\"color: #000000; font-family: 'Times New Roman'; font-size: medium; font-style: normal; font-variant-ligatures: normal; font-variant-caps: normal; font-weight: 400; letter-spacing: normal; orphans: 2; text-align: start; text-indent: 0px; text-transform: none; white-space: normal; widows: 2; word-spacing: 0px; -webkit-text-stroke-width: 0px; text-decoration-thickness: initial; text-decoration-style: initial; text-decoration-color: initial; line-height: 24px;\">DETENCI\u00d3N DOMICILIARIA\u00a0&#8211;\u00a0Improcedencia.\u00a0AP1912-2018-AP2068-2018<\/p>\n<p class=\"MsoNormal\" style=\"color: #000000; font-family: 'Times New Roman'; font-size: medium; font-style: normal; font-variant-ligatures: normal; font-variant-caps: normal; font-weight: 400; letter-spacing: normal; orphans: 2; text-align: start; text-indent: 0px; text-transform: none; white-space: normal; widows: 2; word-spacing: 0px; -webkit-text-stroke-width: 0px; text-decoration-thickness: initial; text-decoration-style: initial; text-decoration-color: initial; line-height: 24px;\">DETENCI\u00d3N DOMICILIARIA\u00a0&#8211;\u00a0Improcedencia: cuando se le acusa por alguno de los delitos enlistados en el art. 68A del C.P. .\u00a0<a style=\"color: #0563c1; text-decoration: underline;\" href=\"https:\/\/www.dmsjuridica.com\/JURISPRUDENCIA\/SALA_PENAL\/docs\/2018\/AP2703-2018(52255).doc\">AP2703-2018<\/a>-AP2068-2018<\/p>\n<p class=\"MsoNormal\" style=\"color: #000000; font-family: 'Times New Roman'; font-size: medium; font-style: normal; font-variant-ligatures: normal; font-variant-caps: normal; font-weight: 400; letter-spacing: normal; orphans: 2; text-align: start; text-indent: 0px; text-transform: none; white-space: normal; widows: 2; word-spacing: 0px; -webkit-text-stroke-width: 0px; text-decoration-thickness: initial; text-decoration-style: initial; text-decoration-color: initial; line-height: 24px;\">DETENCI\u00d3N DOMICILIARIA\u00a0&#8211;\u00a0No conlleva el otorgamiento de prisi\u00f3n domiciliaria.\u00a0<b><a style=\"color: #0563c1; text-decoration: underline;\" href=\"https:\/\/www.dmsjuridica.com\/JURISPRUDENCIA\/SALA_PENAL\/docs\/2018\/AP3167-2018(52607).doc\">AP3167-2018<\/a><\/b><\/p>\n<p class=\"MsoNormal\" style=\"color: #000000; font-family: 'Times New Roman'; font-size: medium; font-style: normal; font-variant-ligatures: normal; font-variant-caps: normal; font-weight: 400; letter-spacing: normal; orphans: 2; text-align: start; text-indent: 0px; text-transform: none; white-space: normal; widows: 2; word-spacing: 0px; -webkit-text-stroke-width: 0px; text-decoration-thickness: initial; text-decoration-style: initial; text-decoration-color: initial; line-height: 24px;\">DETENCI\u00d3N DOMICILIARIA\u00a0&#8211;\u00a0Padres cabeza de familia: requisitos.\u00a0AP1528-2018-<b><a style=\"color: #0563c1; text-decoration: underline;\" href=\"https:\/\/www.dmsjuridica.com\/JURISPRUDENCIA\/SALA_PENAL\/docs\/2018\/SP4495-2018(51507).doc\">SP4495-2018<\/a><\/b><\/p>\n<p class=\"MsoNormal\" style=\"color: #000000; font-family: 'Times New Roman'; font-size: medium; font-style: normal; font-variant-ligatures: normal; font-variant-caps: normal; font-weight: 400; letter-spacing: normal; orphans: 2; text-align: start; text-indent: 0px; text-transform: none; white-space: normal; widows: 2; word-spacing: 0px; -webkit-text-stroke-width: 0px; text-decoration-thickness: initial; text-decoration-style: initial; text-decoration-color: initial; line-height: 24px;\">DETENCI\u00d3N DOMICILIARIA.\u00a0<a style=\"color: #0563c1; text-decoration: underline;\" href=\"https:\/\/www.dmsjuridica.com\/JURISPRUDENCIA\/SALA_PENAL\/docs\/1995\/9533%20(20-04-95).html\">09533\/95<\/a>\u00a0&#8211;\u00a0<a style=\"color: #0563c1; text-decoration: underline;\" href=\"https:\/\/www.dmsjuridica.com\/JURISPRUDENCIA\/SALA_PENAL\/docs\/1995\/9579%20(16-08-95).html\">09579\/95<\/a>\u00a0&#8211;\u00a0<a style=\"color: #0563c1; text-decoration: underline;\" href=\"https:\/\/www.dmsjuridica.com\/JURISPRUDENCIA\/SALA_PENAL\/docs\/1996\/9579%20(05-12-96).html\">09579\/96<\/a>\u00a0&#8211;\u00a0<a style=\"color: #0563c1; text-decoration: underline;\" href=\"https:\/\/www.dmsjuridica.com\/JURISPRUDENCIA\/SALA_PENAL\/docs\/1996\/10684%20(08-08-96).html\">10684\/96<\/a>\u00a0&#8211;\u00a0<a style=\"color: #0563c1; text-decoration: underline;\" href=\"https:\/\/www.dmsjuridica.com\/JURISPRUDENCIA\/SALA_PENAL\/docs\/1997\/12699%20(05-06-97).html\">12699\/97<\/a>\u00a0&#8211;\u00a0<a style=\"color: #0563c1; text-decoration: underline;\" href=\"https:\/\/www.dmsjuridica.com\/JURISPRUDENCIA\/SALA_PENAL\/docs\/1997\/12907%20(11-11-97).html\">12907\/97<\/a>\u00a0&#8211;\u00a0<a style=\"color: #0563c1; text-decoration: underline;\" href=\"https:\/\/www.dmsjuridica.com\/JURISPRUDENCIA\/SALA_PENAL\/docs\/1997\/12966%20(19-12-97).html\">12966\/97<\/a>\u00a0&#8211;\u00a0<a style=\"color: #0563c1; text-decoration: underline;\" href=\"https:\/\/www.dmsjuridica.com\/JURISPRUDENCIA\/SALA_PENAL\/docs\/1997\/12452%20(04-08-97).html\">12452\/97<\/a>\u00a0&#8211;\u00a0<a style=\"color: #0563c1; text-decoration: underline;\" href=\"https:\/\/www.dmsjuridica.com\/JURISPRUDENCIA\/SALA_PENAL\/docs\/1997\/12532%20(11-03-97).html\">12532\/97<\/a>\u00a0&#8211;\u00a0<a style=\"color: #0563c1; text-decoration: underline;\" href=\"https:\/\/www.dmsjuridica.com\/JURISPRUDENCIA\/SALA_PENAL\/docs\/1997\/13259%20(15-07-97).html\">13259\/97<\/a>\u00a0&#8211;\u00a0<a style=\"color: #0563c1; text-decoration: underline;\" href=\"https:\/\/www.dmsjuridica.com\/JURISPRUDENCIA\/SALA_PENAL\/docs\/1997\/13287%20(14-10-97).html\">13287\/97<\/a>\u00a0&#8211;\u00a0<a style=\"color: #0563c1; text-decoration: underline;\" href=\"https:\/\/www.dmsjuridica.com\/JURISPRUDENCIA\/SALA_PENAL\/docs\/1997\/13588%20(15-09-97).html\">13588\/97<\/a>\u00a0&#8211;\u00a0<a style=\"color: #0563c1; text-decoration: underline;\" href=\"https:\/\/www.dmsjuridica.com\/JURISPRUDENCIA\/SALA_PENAL\/docs\/1998\/11193%20(06-05-98).html\">11193\/98<\/a>\u00a0&#8211;\u00a0<a style=\"color: #0563c1; text-decoration: underline;\" href=\"https:\/\/www.dmsjuridica.com\/JURISPRUDENCIA\/SALA_PENAL\/docs\/1998\/13195%20(12-05-98).html\">13195\/98<\/a>\u00a0&#8211;\u00a0<a style=\"color: #0563c1; text-decoration: underline;\" href=\"https:\/\/www.dmsjuridica.com\/JURISPRUDENCIA\/SALA_PENAL\/docs\/1998\/13290%20(26-05-98).html\">13290\/98<\/a>\u00a0&#8211;\u00a0<a style=\"color: #0563c1; text-decoration: underline;\" href=\"https:\/\/www.dmsjuridica.com\/JURISPRUDENCIA\/SALA_PENAL\/docs\/1999\/12907e.html\">12907\/99<\/a>\u00a0&#8211;\u00a0<a style=\"color: #0563c1; text-decoration: underline;\" href=\"https:\/\/www.dmsjuridica.com\/JURISPRUDENCIA\/SALA_PENAL\/docs\/1999\/14123f.html\">14123\/99<\/a>\u00a0&#8211;\u00a0<a style=\"color: #0563c1; text-decoration: underline;\" href=\"https:\/\/www.dmsjuridica.com\/JURISPRUDENCIA\/SALA_PENAL\/docs\/1999\/15595a1.html\">15595\/99<\/a>\u00a0&#8211;\u00a0<a style=\"color: #0563c1; text-decoration: underline;\" href=\"https:\/\/www.dmsjuridica.com\/JURISPRUDENCIA\/SALA_PENAL\/docs\/1999\/15623i.html\">15623\/99<\/a>\u00a0&#8211;\u00a0<a style=\"color: #0563c1; text-decoration: underline;\" href=\"https:\/\/www.dmsjuridica.com\/JURISPRUDENCIA\/SALA_PENAL\/docs\/1999\/15736g.html\">15736\/99<\/a>\u00a0&#8211;\u00a0<a style=\"color: #0563c1; text-decoration: underline;\" href=\"https:\/\/www.dmsjuridica.com\/JURISPRUDENCIA\/SALA_PENAL\/docs\/1999\/15736g.html\">15736\/99<\/a>\u00a0&#8211;\u00a0<a style=\"color: #0563c1; text-decoration: underline;\" href=\"https:\/\/www.dmsjuridica.com\/JURISPRUDENCIA\/SALA_PENAL\/docs\/1999\/12944j.html\">12944\/99<\/a>\u00a0&#8211;\u00a0<a style=\"color: #0563c1; text-decoration: underline;\" href=\"https:\/\/www.dmsjuridica.com\/JURISPRUDENCIA\/SALA_PENAL\/docs\/2001\/18222%20(28-03-01).html\">18222\/01<\/a>\u00a0&#8211;\u00a0<a style=\"color: #0563c1; text-decoration: underline;\" href=\"https:\/\/www.dmsjuridica.com\/JURISPRUDENCIA\/SALA_PENAL\/docs\/2001\/16583(18-12-01).html\">16583\/01<\/a>\u00a0&#8211;\u00a0<a style=\"color: #0563c1; text-decoration: underline;\" href=\"https:\/\/www.dmsjuridica.com\/JURISPRUDENCIA\/SALA_PENAL\/docs\/2002\/7026(14-03-02).html\">07026\/02<\/a>\u00a0&#8211;\u00a0<a style=\"color: #0563c1; text-decoration: underline;\" href=\"https:\/\/www.dmsjuridica.com\/JURISPRUDENCIA\/SALA_PENAL\/docs\/2002\/19177(26-02-02).html\">19177\/02<\/a>\u00a0&#8211;\u00a0<b><a style=\"color: #0563c1; text-decoration: underline;\" href=\"https:\/\/www.dmsjuridica.com\/JURISPRUDENCIA\/SALA_PENAL\/docs\/2002\/19659(16-07-02).html\">19659\/02<\/a><\/b><\/p>\n<p class=\"MsoNormal\" style=\"color: #000000; font-family: 'Times New Roman'; font-size: medium; font-style: normal; font-variant-ligatures: normal; font-variant-caps: normal; font-weight: 400; letter-spacing: normal; orphans: 2; text-align: start; text-indent: 0px; text-transform: none; white-space: normal; widows: 2; word-spacing: 0px; -webkit-text-stroke-width: 0px; text-decoration-thickness: initial; text-decoration-style: initial; text-decoration-color: initial; line-height: 24px;\">DETENCI\u00d3N\u00a0 DOMICILIARIA &#8211; Requisitos: Variaci\u00f3n\u00a0 jurisprudencial.\u00a0<b><a style=\"color: #0563c1; text-decoration: underline;\" href=\"https:\/\/www.dmsjuridica.com\/JURISPRUDENCIA\/SALA_PENAL\/docs\/2011\/35943(22-06-11).html\">35943\/11<\/a><\/b><\/p>\n<p class=\"MsoNormal\" style=\"color: #000000; font-family: 'Times New Roman'; font-size: medium; font-style: normal; font-variant-ligatures: normal; font-variant-caps: normal; font-weight: 400; letter-spacing: normal; orphans: 2; text-align: start; text-indent: 0px; text-transform: none; white-space: normal; widows: 2; word-spacing: 0px; -webkit-text-stroke-width: 0px; text-decoration-thickness: initial; text-decoration-style: initial; text-decoration-color: initial; line-height: 24px;\">DETENCI\u00d3N\u00a0DOMICILIARIA &#8211; Antecedentes.\u00a0<b><a style=\"color: #0563c1; text-decoration: underline;\" href=\"https:\/\/www.dmsjuridica.com\/JURISPRUDENCIA\/SALA_PENAL\/docs\/2011\/35943(22-06-11).html\">35943\/11<\/a><\/b><\/p>\n<p class=\"MsoNormal\" style=\"color: #000000; font-family: 'Times New Roman'; font-size: medium; font-style: normal; font-variant-ligatures: normal; font-variant-caps: normal; font-weight: 400; letter-spacing: normal; orphans: 2; text-align: start; text-indent: 0px; text-transform: none; white-space: normal; widows: 2; word-spacing: 0px; -webkit-text-stroke-width: 0px; text-decoration-thickness: initial; text-decoration-style: initial; text-decoration-color: initial; line-height: 24px;\">DETENCI\u00d3N\u00a0DOMICILIARIA &#8211; Requisitos.\u00a0<b><a style=\"color: #0563c1; text-decoration: underline;\" href=\"https:\/\/www.dmsjuridica.com\/JURISPRUDENCIA\/SALA_PENAL\/docs\/2011\/35943(22-06-11).html\">35943\/11<\/a><\/b><\/p>\n","protected":false},"excerpt":{"rendered":"<p>DETENCI\u00d3N DOMICILIARIA\u00a0&#8211; Diferencias con la Prisi\u00f3n Domiciliaria &#8211;\u00a0AP6277-2024 DETENCI\u00d3N DOMICILIARIA\u00a0&#8211; No conlleva el otorgamiento de prisi\u00f3n domiciliaria &#8211;\u00a0AP6277-2024 DETENCI\u00d3N DOMICILIARIA &#8211;\u00a0AP1577-2020 DETENCI\u00d3N DOMICILIARIA\u00a0&#8211; Alternatividad penal.\u00a011343\/98 DETENCI\u00d3N DOMICILIARIA &#8211; Como medida sustitutiva de la detenci\u00f3n preventiva.\u00a018684\/01\u00a0&#8211;\u00a017015\/01 DETENCI\u00d3N DOMICILIARIA &#8211; Competencia para concederla.\u00a011715\/99 DETENCI\u00d3N DOMICILIARIA &#8211; Competencia para otorgarla.\u00a012136\/99 DETENCI\u00d3N DOMICILIARIA &#8211; Diferencias con la prisi\u00f3n domiciliaria.\u00a024679\/06\u00a0&#8211;\u00a024765\/06\u00a0&#8211;\u00a025517\/06 [&hellip;]<\/p>\n","protected":false},"author":1,"featured_media":0,"comment_status":"open","ping_status":"open","sticky":false,"template":"","format":"standard","meta":{"footnotes":""},"categories":[8],"tags":[],"class_list":["post-5047","post","type-post","status-publish","format-standard","hentry","category-d"],"_links":{"self":[{"href":"https:\/\/www.dmsjuridica.com\/buscador_20179478954\/indice_tematico_spenal\/wp-json\/wp\/v2\/posts\/5047","targetHints":{"allow":["GET"]}}],"collection":[{"href":"https:\/\/www.dmsjuridica.com\/buscador_20179478954\/indice_tematico_spenal\/wp-json\/wp\/v2\/posts"}],"about":[{"href":"https:\/\/www.dmsjuridica.com\/buscador_20179478954\/indice_tematico_spenal\/wp-json\/wp\/v2\/types\/post"}],"author":[{"embeddable":true,"href":"https:\/\/www.dmsjuridica.com\/buscador_20179478954\/indice_tematico_spenal\/wp-json\/wp\/v2\/users\/1"}],"replies":[{"embeddable":true,"href":"https:\/\/www.dmsjuridica.com\/buscador_20179478954\/indice_tematico_spenal\/wp-json\/wp\/v2\/comments?post=5047"}],"version-history":[{"count":1,"href":"https:\/\/www.dmsjuridica.com\/buscador_20179478954\/indice_tematico_spenal\/wp-json\/wp\/v2\/posts\/5047\/revisions"}],"predecessor-version":[{"id":7258,"href":"https:\/\/www.dmsjuridica.com\/buscador_20179478954\/indice_tematico_spenal\/wp-json\/wp\/v2\/posts\/5047\/revisions\/7258"}],"wp:attachment":[{"href":"https:\/\/www.dmsjuridica.com\/buscador_20179478954\/indice_tematico_spenal\/wp-json\/wp\/v2\/media?parent=5047"}],"wp:term":[{"taxonomy":"category","embeddable":true,"href":"https:\/\/www.dmsjuridica.com\/buscador_20179478954\/indice_tematico_spenal\/wp-json\/wp\/v2\/categories?post=5047"},{"taxonomy":"post_tag","embeddable":true,"href":"https:\/\/www.dmsjuridica.com\/buscador_20179478954\/indice_tematico_spenal\/wp-json\/wp\/v2\/tags?post=5047"}],"curies":[{"name":"wp","href":"https:\/\/api.w.org\/{rel}","templated":true}]}}