{"id":17180,"date":"2023-07-10T14:38:26","date_gmt":"2023-07-10T14:38:26","guid":{"rendered":"https:\/\/www.dmsjuridica.com\/buscador_20179478954\/legislacion\/decretos\/2023\/07\/10\/decreto-369-de-1984\/"},"modified":"2023-07-10T14:38:26","modified_gmt":"2023-07-10T14:38:26","slug":"decreto-369-de-1984","status":"publish","type":"post","link":"https:\/\/www.dmsjuridica.com\/buscador_20179478954\/legislacion\/decretos\/2023\/07\/10\/decreto-369-de-1984\/","title":{"rendered":"DECRETO 369 DE 1984"},"content":{"rendered":"\n<p style=\"margin-top: 0; margin-bottom: 0\" align=\"justify\">DECRETO 369 DE 1984 <\/p>\n<p style=\"margin-top: 0; margin-bottom: 0\" align=\"justify\">(Febrero \u00a015) \u00a0 \u00a0<\/p>\n<p style=\"margin-top: 0; margin-bottom: 0\" align=\"justify\">\u00a0 \u00a0 \u00a0<\/p>\n<p style=\"margin-top: 0; margin-bottom: 0\" align=\"justify\">Por \u00a0medio del cual se regulan los aspectos de Comercio Exterior de las Zonas \u00a0Francas. \u00a0 \u00a0<\/p>\n<p style=\"margin-top: 0; margin-bottom: 0\" align=\"justify\">\u00a0 \u00a0 \u00a0<\/p>\n<p style=\"margin-top: 0; margin-bottom: 0\" align=\"justify\">El \u00a0Presidente de la Rep\u00fablica de Colombia, \u00a0 \u00a0<\/p>\n<p style=\"margin-top: 0; margin-bottom: 0\" align=\"justify\">\u00a0 \u00a0 \u00a0<\/p>\n<p style=\"margin-top: 0; margin-bottom: 0\" align=\"justify\">en uso \u00a0de las facultades conferidas por el ordinal 22 del art\u00edculo 120 de la \u00a0Constituci\u00f3n Nacional y con sujeci\u00f3n a las pautas generales consagradas en el \u00a0art\u00edculo 7\u00b0 de la \u00a0 Ley 48 de 1983, \u00a0 \u00a0<\/p>\n<p style=\"margin-top: 0; margin-bottom: 0\" align=\"justify\">\u00a0 \u00a0 \u00a0<\/p>\n<p style=\"margin-top: 0; margin-bottom: 0\" align=\"justify\">CONSIDERANDO: \u00a0 \u00a0<\/p>\n<p style=\"margin-top: 0; margin-bottom: 0\" align=\"justify\">\u00a0 \u00a0 \u00a0<\/p>\n<p style=\"margin-top: 0; margin-bottom: 0\" align=\"justify\">1. Que el art\u00edculo 7\u00ba de la \u00a0 Ley 48 de 1983 fija las \u00a0pautas generales para regular los aspectos de comercio exterior de las zonas \u00a0francas; \u00a0 \u00a0<\/p>\n<p style=\"margin-top: 0; margin-bottom: 0\" align=\"justify\">\u00a0 \u00a0 \u00a0<\/p>\n<p style=\"margin-top: 0; margin-bottom: 0\" align=\"justify\">2. Que es necesario fijar \u00a0criterios y condiciones para garantizar el desarrollo de las actividades que se \u00a0realicen en las zonas francas, as\u00ed como establecer controles para regular los \u00a0ingresos y egresos de mercanc\u00edas a las \u00e1reas comerciales e industriales de las \u00a0mismas; \u00a0 \u00a0<\/p>\n<p style=\"margin-top: 0; margin-bottom: 0\" align=\"justify\">\u00a0 \u00a0 \u00a0<\/p>\n<p style=\"margin-top: 0; margin-bottom: 0\" align=\"justify\">3. Que se debe brindar a los \u00a0usuarios de las zonas francas, los est\u00edmulos y condiciones adecuadas para que puedan \u00a0competir con eficiencia en los mercados internacionales, \u00a0 \u00a0<\/p>\n<p style=\"margin-top: 0; margin-bottom: 0\" align=\"justify\">\u00a0 \u00a0 \u00a0<\/p>\n<p style=\"margin-top: 0; margin-bottom: 0\" align=\"justify\">DECRETA: \u00a0 \u00a0<\/p>\n<p style=\"margin-top: 0; margin-bottom: 0\" align=\"justify\">\u00a0 \u00a0 \u00a0<\/p>\n<p style=\"margin-top: 0; margin-bottom: 0\" align=\"justify\">Art\u00edculo 10-Del \u00a0objeto. Las zonas francas constituyen instrumentos de pol\u00edtica econ\u00f3mica para \u00a0promover y facilitar la exportaci\u00f3n de bienes y servicios, generar empleo, \u00a0estimular la industria, vincular a ellas la inversi\u00f3n extranjera, introducir \u00a0nuevas tecnolog\u00edas, contribuir a la sustituci\u00f3n y flujo de importaciones, y, en \u00a0general, fomentar el desarrollo econ\u00f3mico y social de la regi\u00f3n donde se \u00a0establezcan, de acuerdo con las condiciones que m\u00e1s adelante se determinan. \u00a0 \u00a0<\/p>\n<p style=\"margin-top: 0; margin-bottom: 0\" align=\"justify\">\u00a0 \u00a0 \u00a0<\/p>\n<p style=\"margin-top: 0; margin-bottom: 0\" align=\"justify\">Par\u00e1grafo.-En materia de \u00a0comercio exterior, en las zonas francas se aplicar\u00e1n las normas contempladas en \u00a0este decreto. \u00a0 \u00a0<\/p>\n<p style=\"margin-top: 0; margin-bottom: 0\" align=\"justify\">\u00a0 \u00a0 \u00a0<\/p>\n<p style=\"margin-top: 0; margin-bottom: 0\" align=\"justify\">Articulo 20-De las \u00a0zonas francas industriales. Las zonas francas industriales tendr\u00e1n por objeto promover \u00a0y desarrollar el proceso de industrializaci\u00f3n de los insumos y materias primas \u00a0as\u00ed como la fabricaci\u00f3n y ensamble de productos terminados y en ellas podr\u00e1n \u00a0instalarse toda clase de empresas industriales, en los t\u00e9rminos y condiciones \u00a0que este decreto contempla. \u00a0 \u00a0<\/p>\n<p style=\"margin-top: 0; margin-bottom: 0\" align=\"justify\">\u00a0 \u00a0 \u00a0<\/p>\n<p style=\"margin-top: 0; margin-bottom: 0\" align=\"justify\">Los productos manufacturados en \u00a0las zonas francas industriales deber\u00e1n destinarse principalmente a la \u00a0exportaci\u00f3n. Conforme a las condiciones que este decreto establece, podr\u00e1n \u00a0introducirse al territorio aduanero nacional. \u00a0 \u00a0<\/p>\n<p style=\"margin-top: 0; margin-bottom: 0\" align=\"justify\">\u00a0 \u00a0 \u00a0<\/p>\n<p style=\"margin-top: 0; margin-bottom: 0\" align=\"justify\">Art\u00edculo 30-De las \u00a0zonas francas comerciales. Las zonas francas comerciales tendr\u00e1n por objeto \u00a0promover y facilitar el comercio internacional. Para este efecto, los usuarios \u00a0inscritos en las zonas francas comerciales, podr\u00e1n realizar las siguientes \u00a0operaciones: \u00a0 \u00a0<\/p>\n<p style=\"margin-top: 0; margin-bottom: 0\" align=\"justify\">\u00a0 \u00a0 \u00a0<\/p>\n<p style=\"margin-top: 0; margin-bottom: 0\" align=\"justify\">a) Almacenar bienes de origen \u00a0nacional o extranjero para su venta, comercializaci\u00f3n o uso posterior fuera del \u00a0pa\u00eds. \u00a0 \u00a0<\/p>\n<p style=\"margin-top: 0; margin-bottom: 0\" align=\"justify\">\u00a0 \u00a0 \u00a0<\/p>\n<p style=\"margin-top: 0; margin-bottom: 0\" align=\"justify\">b) Importar para el mercado \u00a0nacional y con estricto cumplimiento de las formalidades legales, bienes en \u00a0ellas almacenados. \u00a0 \u00a0<\/p>\n<p style=\"margin-top: 0; margin-bottom: 0\" align=\"justify\">\u00a0 \u00a0 \u00a0<\/p>\n<p style=\"margin-top: 0; margin-bottom: 0\" align=\"justify\">Art\u00edculo 40-De otras \u00a0actividades dentro del \u00e1rea. Dentro del \u00e1rea correspondiente a las zonas \u00a0francas, no se permitir\u00e1 el establecimiento de residencias particulares, ni el \u00a0ejercicio del comercio al por menor con excepci\u00f3n del que sea necesario para \u00a0atender servicios imprescindibles utilizados en la zona a juicio y con \u00a0autorizaci\u00f3n de la gerencia, tales como restaurantes, cafeter\u00edas, \u00a0avituallamiento de naves y aeronaves. \u00a0 \u00a0<\/p>\n<p style=\"margin-top: 0; margin-bottom: 0\" align=\"justify\">\u00a0 \u00a0 \u00a0<\/p>\n<p style=\"margin-top: 0; margin-bottom: 0\" align=\"justify\">Par\u00e1grafo.-No se podr\u00e1n \u00a0introducir a las zonas francas armas, caf\u00e9, animales que se consideren en \u00a0peligro de extinci\u00f3n y sus pieles, cuando as\u00ed lo determinen las entidades \u00a0competentes, o cualquier otro tipo de bien cuya introducci\u00f3n proh\u00edba el \u00a0Gobierno Nacional. Los explosivos y materias inflamables s\u00f3lo podr\u00e1n \u00a0introducirse a las zonas francas que tengan instalaciones adecuadas para ellos. \u00a0 \u00a0<\/p>\n<p style=\"margin-top: 0; margin-bottom: 0\" align=\"justify\">\u00a0 \u00a0 \u00a0<\/p>\n<p style=\"margin-top: 0; margin-bottom: 0\" align=\"justify\">Art\u00edculo 50-Informaci\u00f3n \u00a0del Incomex para proyectos industriales en las zonas francas. Antes de la \u00a0aprobaci\u00f3n de un proyecto industrial o de la elaboraci\u00f3n de nuevos productos por \u00a0parte de las industrias instaladas en las zonas francas, los gerentes de estas \u00a0\u00faltimas solicitaran al lncom\u00e9x informaci\u00f3n sobre los siguientes aspectos: \u00a0 \u00a0<\/p>\n<p style=\"margin-top: 0; margin-bottom: 0\" align=\"justify\">\u00a0 \u00a0 \u00a0<\/p>\n<p style=\"margin-top: 0; margin-bottom: 0\" align=\"justify\">a) Posibilidad de importar al territorio aduanero \u00a0colombiano en el corto o en el mediano plazo un porcentaje determinado de los \u00a0bienes objeto del proyecto, para lo cual se deber\u00e1 describir el producto, las \u00a0materias primas nacionales o extranjeras utilizadas, los precios de venta \u00a0estimados, as\u00ed como las cantidades previstas de producci\u00f3n, exportaci\u00f3n e importaci\u00f3n. \u00a0 \u00a0<\/p>\n<p style=\"margin-top: 0; margin-bottom: 0\" align=\"justify\">\u00a0 \u00a0 \u00a0<\/p>\n<p style=\"margin-top: 0; margin-bottom: 0\" align=\"justify\">b) Posibilidad de importar al \u00a0territorio aduanero colombiano las segundas, residuos o desperdicios con valor \u00a0comercial, para lo cual se deber\u00e1 acompa\u00f1ar una proyecci\u00f3n de los valores y \u00a0cantidades respectivos. \u00a0 \u00a0<\/p>\n<p style=\"margin-top: 0; margin-bottom: 0\" align=\"justify\">\u00a0 \u00a0 \u00a0<\/p>\n<p style=\"margin-top: 0; margin-bottom: 0\" align=\"justify\">El Incomex deber\u00e1 rendir el \u00a0informe previsto en este art\u00edculo en un plazo no mayor de quince d\u00edas h\u00e1biles. \u00a0Tal informaci\u00f3n servir\u00e1 para ilustrar a los posibles inversionistas sobre la \u00a0posibilidad de participar en el mercado interno y no podr\u00e1 ser considerado como \u00a0una licencia o registro de importaci\u00f3n. \u00a0 \u00a0<\/p>\n<p style=\"margin-top: 0; margin-bottom: 0\" align=\"justify\">\u00a0 \u00a0 \u00a0<\/p>\n<p style=\"margin-top: 0; margin-bottom: 0\" align=\"justify\">Par\u00e1grafo.-Establ\u00e9cese un plazo \u00a0de noventa (90) d\u00edas h\u00e1biles a partir de la fecha de expedici\u00f3n del presente decreto \u00a0para que el Incomex elabore la informaci\u00f3n de que trata este art\u00edculo, en \u00a0relaci\u00f3n con las empresas actualmente vinculadas a las zonas francas. \u00a0 \u00a0<\/p>\n<p style=\"margin-top: 0; margin-bottom: 0\" align=\"justify\">\u00a0 \u00a0 \u00a0<\/p>\n<p style=\"margin-top: 0; margin-bottom: 0\" align=\"justify\">Articulo 60-Permiso \u00a0previo de introducci\u00f3n. La introducci\u00f3n de bienes provenientes del exterior a \u00a0las zonas francas comerciales o industriales, no requerir\u00e1 de licencia o \u00a0registro previo de importaci\u00f3n. No obstante, se deber\u00e1 tramitar ante la zona \u00a0franca el permiso previo de introducci\u00f3n antes del embarque de las mercanc\u00edas y \u00a0entregar copia del mismo a la Aduana Nacional. Sin este requisito no podr\u00e1n \u00a0introducirse las mercanc\u00edas a las zonas. \u00a0 \u00a0<\/p>\n<p style=\"margin-top: 0; margin-bottom: 0\" align=\"justify\">\u00a0 \u00a0 \u00a0<\/p>\n<p style=\"margin-top: 0; margin-bottom: 0\" align=\"justify\">La introducci\u00f3n de mercanc\u00edas \u00a0provenientes del territorio nacional a una zona franca no constituye \u00a0exportaci\u00f3n. \u00a0 \u00a0<\/p>\n<p style=\"margin-top: 0; margin-bottom: 0\" align=\"justify\">\u00a0 \u00a0 \u00a0<\/p>\n<p style=\"margin-top: 0; margin-bottom: 0\" align=\"justify\">Par\u00e1grafo 1\u00ba-La gerencia \u00a0de la zona franca publicar\u00e1 al t\u00e9rmino de cada mes una relaci\u00f3n de los permisos \u00a0previos de introducci\u00f3n otorgados durante ese per\u00edodo. \u00a0 \u00a0<\/p>\n<p style=\"margin-top: 0; margin-bottom: 0\" align=\"justify\">\u00a0 \u00a0 \u00a0<\/p>\n<p style=\"margin-top: 0; margin-bottom: 0\" align=\"justify\">Par\u00e1grafo 20-El \u00a0permiso de que trata el presente art\u00edculo se exigir\u00e1 para las mercanc\u00edas que se \u00a0embarquen a partir de los dos (2) meses siguientes a la expedici\u00f3n de este decreto. \u00a0 \u00a0<\/p>\n<p style=\"margin-top: 0; margin-bottom: 0\" align=\"justify\">\u00a0 \u00a0 \u00a0<\/p>\n<p style=\"margin-top: 0; margin-bottom: 0\" align=\"justify\">Art\u00edculo 70-Introducci\u00f3n \u00a0al territorio aduanero de bienes nacionales o nacionalizados. La introducci\u00f3n \u00a0al pa\u00eds de bienes nacionales, nacionalizados o fabricados totalmente con \u00a0materias primas nacionales o nacionalizadas no requerir\u00e1n de registro o \u00a0licencia previa de importaci\u00f3n. La circunstancia anterior se acreditar\u00e1 con el \u00a0Certificado de Integraci\u00f3n, expedido por la gerencia de la zona franca. \u00a0 \u00a0<\/p>\n<p style=\"margin-top: 0; margin-bottom: 0\" align=\"justify\">\u00a0 \u00a0 \u00a0<\/p>\n<p style=\"margin-top: 0; margin-bottom: 0\" align=\"justify\">Par\u00e1grafo.-Los mecanismos para \u00a0la obtenci\u00f3n y expedici\u00f3n del Certificado de Integraci\u00f3n de que trata el \u00a0presente art\u00edculo, ser\u00e1n definidos por el Consejo Nacional de Zonas Francas. \u00a0 \u00a0<\/p>\n<p style=\"margin-top: 0; margin-bottom: 0\" align=\"justify\">\u00a0 \u00a0 \u00a0<\/p>\n<p style=\"margin-top: 0; margin-bottom: 0\" align=\"justify\">Art\u00edculo 80-Criterios \u00a0para aprobar licencias previas de importaci\u00f3n sobre bienes producidos en las \u00a0zonas francas colombianas. La Junta de Importaciones s\u00f3lo podr\u00e1 aprobar la \u00a0introducci\u00f3n de bienes fabricados en zonas francas, cuando el bien cuya \u00a0importaci\u00f3n se autoriza sustituya importaciones. Igualmente, al aprobar las \u00a0licencias de bienes fabricados en las zonas francas, amparados en el r\u00e9gimen de \u00a0licencia previa y que se pretendan introducir al mercado dom\u00e9stico, la Junta \u00a0tendr\u00e1 en cuenta los siguientes criterios: \u00a0 \u00a0<\/p>\n<p style=\"margin-top: 0; margin-bottom: 0\" align=\"justify\">\u00a0 \u00a0 \u00a0<\/p>\n<p style=\"margin-top: 0; margin-bottom: 0\" align=\"justify\">a) Que el producto fabricado en \u00a0las zonas francas incorpore un agregado nacional significativo. \u00a0 \u00a0<\/p>\n<p style=\"margin-top: 0; margin-bottom: 0\" align=\"justify\">\u00a0 \u00a0 \u00a0<\/p>\n<p style=\"margin-top: 0; margin-bottom: 0\" align=\"justify\">b) Que la mercanc\u00eda que se \u00a0pretenda importar requiera para su fabricaci\u00f3n la utilizaci\u00f3n intensiva de mano \u00a0de obra. \u00a0 \u00a0<\/p>\n<p style=\"margin-top: 0; margin-bottom: 0\" align=\"justify\">\u00a0 \u00a0 \u00a0<\/p>\n<p style=\"margin-top: 0; margin-bottom: 0\" align=\"justify\">c) Que el precio en f\u00e1brica de \u00a0los bienes cuya importaci\u00f3n se solicita sea similar al precio de los mismos \u00a0bienes importados directamente del exterior. \u00a0 \u00a0<\/p>\n<p style=\"margin-top: 0; margin-bottom: 0\" align=\"justify\">\u00a0 \u00a0 \u00a0<\/p>\n<p style=\"margin-top: 0; margin-bottom: 0\" align=\"justify\">d) Que la industria establecida \u00a0en zona franca presente un balance favorable en la exportaci\u00f3n de los bienes \u00a0que se planea introducir al mercado dom\u00e9stico. \u00a0 \u00a0<\/p>\n<p style=\"margin-top: 0; margin-bottom: 0\" align=\"justify\">\u00a0 \u00a0 \u00a0<\/p>\n<p style=\"margin-top: 0; margin-bottom: 0\" align=\"justify\">e) Que los bienes cuya \u00a0importaci\u00f3n se solicita se destinen a cubrir un faltante en la oferta de la \u00a0producci\u00f3n nacional. \u00a0 \u00a0<\/p>\n<p style=\"margin-top: 0; margin-bottom: 0\" align=\"justify\">\u00a0 \u00a0 \u00a0<\/p>\n<p style=\"margin-top: 0; margin-bottom: 0\" align=\"justify\">Par\u00e1grafo 10-La \u00a0junta de Importaciones dar\u00e1 prelaci\u00f3n a los bienes fabricados en las zonas francas \u00a0colombianas en relaci\u00f3n con aquellos bienes iguales o similares que se importen \u00a0directamente del exterior. \u00a0 \u00a0<\/p>\n<p style=\"margin-top: 0; margin-bottom: 0\" align=\"justify\">\u00a0 \u00a0 \u00a0<\/p>\n<p style=\"margin-top: 0; margin-bottom: 0\" align=\"justify\">Par\u00e1grafo 20-La \u00a0junta de Importaciones podr\u00e1 aprobar licencias para los bienes fabricados en \u00a0las zonas francas colombianas con una vigencia diferente a la normalmente \u00a0establecida. \u00a0 \u00a0<\/p>\n<p style=\"margin-top: 0; margin-bottom: 0\" align=\"justify\">\u00a0 \u00a0 \u00a0<\/p>\n<p style=\"margin-top: 0; margin-bottom: 0\" align=\"justify\">Art\u00edculo 90-Aprobaci\u00f3n \u00a0de segundas, mercanc\u00edas rechazadas y residuos o desperdicios. La Junta de \u00a0Importaciones para aprobar las solicitudes de licencias de importaci\u00f3n de las \u00a0segundas, los productos rechazados, as\u00ed como los residuos o desperdicios con \u00a0valor comercial, tendr\u00e1 en cuenta los siguientes criterios: \u00a0 \u00a0<\/p>\n<p style=\"margin-top: 0; margin-bottom: 0\" align=\"justify\">\u00a0 \u00a0 \u00a0<\/p>\n<p style=\"margin-top: 0; margin-bottom: 0\" align=\"justify\">a) Que el porcentaje de las \u00a0segundas o rechazados frente a la producci\u00f3n de la empresa, sea m\u00ednimo. \u00a0 \u00a0<\/p>\n<p style=\"margin-top: 0; margin-bottom: 0\" align=\"justify\">\u00a0 \u00a0 \u00a0<\/p>\n<p style=\"margin-top: 0; margin-bottom: 0\" align=\"justify\">b) Que su importaci\u00f3n no afecte \u00a0la producci\u00f3n nacional de bienes iguales o similares, sean \u00e9stos de superior o \u00a0id\u00e9ntica condici\u00f3n, teniendo en cuenta la pol\u00edtica de protecci\u00f3n a la industria \u00a0dom\u00e9stica. \u00a0 \u00a0<\/p>\n<p style=\"margin-top: 0; margin-bottom: 0\" align=\"justify\">\u00a0 \u00a0 \u00a0<\/p>\n<p style=\"margin-top: 0; margin-bottom: 0\" align=\"justify\">c) Que la clase y cantidad de \u00a0los residuos o desperdicios, su valor e incidencia sobre el mercado nacional de \u00a0bienes iguales o similares, as\u00ed como los efectos sobre la contaminaci\u00f3n \u00a0ambiental sean m\u00ednimos. \u00a0 \u00a0<\/p>\n<p style=\"margin-top: 0; margin-bottom: 0\" align=\"justify\">\u00a0 \u00a0 \u00a0<\/p>\n<p style=\"margin-top: 0; margin-bottom: 0\" align=\"justify\">d) Que se presente dificultad \u00a0para destinar a la exportaci\u00f3n las segundas, rechazos, residuos o desperdicios. \u00a0 \u00a0<\/p>\n<p style=\"margin-top: 0; margin-bottom: 0\" align=\"justify\">\u00a0 \u00a0 \u00a0<\/p>\n<p style=\"margin-top: 0; margin-bottom: 0\" align=\"justify\">Art\u00edculo 10.-Presentaci\u00f3n de \u00a0registro o licencias por intermedio de las zonas. Las gerencias de las zonas o \u00a0los titulares legales de las mercanc\u00edas, presentar\u00e1n al Instituto Colombiano de \u00a0Comercio Exterior los formularios, registros o licencias de importaci\u00f3n, en los \u00a0siguientes eventos: \u00a0 \u00a0<\/p>\n<p style=\"margin-top: 0; margin-bottom: 0\" align=\"justify\">\u00a0 \u00a0 \u00a0<\/p>\n<p style=\"margin-top: 0; margin-bottom: 0\" align=\"justify\">a) Bienes cuyo abandono se \u00a0decret\u00f3 por parte de la zona franca. \u00a0 \u00a0<\/p>\n<p style=\"margin-top: 0; margin-bottom: 0\" align=\"justify\">\u00a0 \u00a0 \u00a0<\/p>\n<p style=\"margin-top: 0; margin-bottom: 0\" align=\"justify\">b) Bienes de sociedades que \u00a0sean liquidadas. \u00a0 \u00a0<\/p>\n<p style=\"margin-top: 0; margin-bottom: 0\" align=\"justify\">\u00a0 \u00a0 \u00a0<\/p>\n<p style=\"margin-top: 0; margin-bottom: 0\" align=\"justify\">c) Bienes que encontr\u00e1ndose en \u00a0zonas francas sean rematados. \u00a0 \u00a0<\/p>\n<p style=\"margin-top: 0; margin-bottom: 0\" align=\"justify\">\u00a0 \u00a0 \u00a0<\/p>\n<p style=\"margin-top: 0; margin-bottom: 0\" align=\"justify\">Art\u00edculo \u00a011.-Aprobaci\u00f3n de maquinar\u00eda o equipo instalado en zonas francas. La junta de \u00a0Importaciones podr\u00e1 aprobar las licencias de importaci\u00f3n de las maquinarias o \u00a0equipos que se encuentren instalados en las zonas francas industriales y que se \u00a0pretendan introducir al mercado nacional cuando cumplan alguna de las \u00a0siguientes condiciones: \u00a0 \u00a0<\/p>\n<p style=\"margin-top: 0; margin-bottom: 0\" align=\"justify\">\u00a0 \u00a0 \u00a0<\/p>\n<p style=\"margin-top: 0; margin-bottom: 0\" align=\"justify\">a) Si el equipo cumple con los \u00a0requisitos tecnol\u00f3gicos y econ\u00f3micos del sector industrial al cual habr\u00e1 de \u00a0destinarse. \u00a0 \u00a0<\/p>\n<p style=\"margin-top: 0; margin-bottom: 0\" align=\"justify\">\u00a0 \u00a0 \u00a0<\/p>\n<p style=\"margin-top: 0; margin-bottom: 0\" align=\"justify\">b) Si hubieren transcurrido m\u00e1s \u00a0de cinco (5) a\u00f1os contados a partir de la introducci\u00f3n del equipo nuevo a la \u00a0zona franca. \u00a0 \u00a0<\/p>\n<p style=\"margin-top: 0; margin-bottom: 0\" align=\"justify\">\u00a0 \u00a0 \u00a0<\/p>\n<p style=\"margin-top: 0; margin-bottom: 0\" align=\"justify\">Art\u00edculo 12.-De los \u00a0certificados de integraci\u00f3n. El Certificado de Integraci\u00f3n es un documento \u00a0expedido por la gerencia de la zona franca, en el cual se determina la \u00a0participaci\u00f3n y el valor de las materias primas e insumos extranjeros y \u00a0nacionales as\u00ed como el valor agregado nacional. \u00a0 \u00a0<\/p>\n<p style=\"margin-top: 0; margin-bottom: 0\" align=\"justify\">\u00a0 \u00a0 \u00a0<\/p>\n<p style=\"margin-top: 0; margin-bottom: 0\" align=\"justify\">Toda solicitud de registro de \u00a0importaci\u00f3n o exportaci\u00f3n de productos fabricados en zonas francas deber\u00e1 \u00a0acompa\u00f1arse del Certificado de Integraci\u00f3n, el cual se diligenciar\u00e1 de acuerdo \u00a0con el formulario que para tal fin dise\u00f1e el Ministerio de Desarrollo \u00a0Econ\u00f3mico. El Incomex podr\u00e1 verificar en cualquier momento los datos \u00a0consignados en el Certificado de Integraci\u00f3n. \u00a0 \u00a0<\/p>\n<p style=\"margin-top: 0; margin-bottom: 0\" align=\"justify\">\u00a0 \u00a0 \u00a0<\/p>\n<p style=\"margin-top: 0; margin-bottom: 0\" align=\"justify\">Art\u00edculo 13.-De los \u00a0certificados de origen. El Incomex expedir\u00e1 los certificados de origen para los \u00a0productos manufacturados en las zonas francas a condici\u00f3n de que cumplan con \u00a0los requisitos exigidos por los tratados suscritos y ratificados por Colombia. \u00a0 \u00a0<\/p>\n<p style=\"margin-top: 0; margin-bottom: 0\" align=\"justify\">\u00a0 \u00a0 \u00a0<\/p>\n<p style=\"margin-top: 0; margin-bottom: 0\" align=\"justify\">Art\u00edculo 14.-De las cuotas de \u00a0exportaci\u00f3n. Las cuotas de exportaci\u00f3n asignadas a Colombia en los convenios \u00a0internacionales, podr\u00e1n ser utilizadas por las empresas instaladas en las zonas \u00a0francas colombianas, en cuanto resulten excedentes que no hayan de ser \u00a0utilizados por empresas ubicadas en el territorio aduanero colombiano. \u00a0 \u00a0<\/p>\n<p style=\"margin-top: 0; margin-bottom: 0\" align=\"justify\">\u00a0 \u00a0 \u00a0<\/p>\n<p style=\"margin-top: 0; margin-bottom: 0\" align=\"justify\">Art\u00edculo 15.-Libertad de \u00a0exportaci\u00f3n. Las empresas instaladas en las zonas francas industriales tendr\u00e1n \u00a0derecho a la libre exportaci\u00f3n de los productos en ellas manufacturados, pero \u00a0tendr\u00e1n la obligaci\u00f3n de registrar la correspondiente exportaci\u00f3n, indicando el \u00a0porcentaje del valor agregado nacional o extranjero. \u00a0 \u00a0<\/p>\n<p style=\"margin-top: 0; margin-bottom: 0\" align=\"justify\">\u00a0 \u00a0 \u00a0<\/p>\n<p style=\"margin-top: 0; margin-bottom: 0\" align=\"justify\">El Incomex podr\u00e1 autorizar \u00a0registros o reg\u00edmenes semestrales de exportaci\u00f3n para los bienes fabricados en \u00a0las zonas, cuando \u00e9sta sea de bienes de id\u00e9nticas caracter\u00edsticas, valor y \u00a0participaci\u00f3n nacional o extranjera. \u00a0 \u00a0<\/p>\n<p style=\"margin-top: 0; margin-bottom: 0\" align=\"justify\">\u00a0 \u00a0 \u00a0<\/p>\n<p style=\"margin-top: 0; margin-bottom: 0\" align=\"justify\">Articulo 16.-Restricci\u00f3n de la \u00a0introducci\u00f3n de bienes en la zona. No se podr\u00e1n introducir a las zonas francas \u00a0industriales o comerciales, productos provenientes del territorio aduanero \u00a0colombiano cuya exportaci\u00f3n est\u00e9 prohibida, suspendida o restringida a menos \u00a0que lo autorice la autoridad competente o hayan de transformarse en bienes cuya \u00a0exportaci\u00f3n est\u00e9 permitida. \u00a0 \u00a0<\/p>\n<p style=\"margin-top: 0; margin-bottom: 0\" align=\"justify\">\u00a0 \u00a0 \u00a0<\/p>\n<p style=\"margin-top: 0; margin-bottom: 0\" align=\"justify\">Art\u00edculo 17.-De la reserva de \u00a0carga. Las normas sobre reserva de carga no ser\u00e1n aplicables al transporte de bienes \u00a0importados por empresas establecidas en las zonas francas industriales y que \u00a0hayan de ser utilizados en procesos industriales dentro del \u00e1rea de su \u00a0jurisdicci\u00f3n. \u00a0 \u00a0<\/p>\n<p style=\"margin-top: 0; margin-bottom: 0\" align=\"justify\">\u00a0 \u00a0 \u00a0<\/p>\n<p style=\"margin-top: 0; margin-bottom: 0\" align=\"justify\">Par\u00e1grafo.-Los documentos de \u00a0importaci\u00f3n de las mercanc\u00edas que se vayan a introducir a las zonas francas y \u00a0los permisos de introducci\u00f3n no requerir\u00e1n de visado consular. \u00a0 \u00a0<\/p>\n<p style=\"margin-top: 0; margin-bottom: 0\" align=\"justify\">\u00a0 \u00a0 \u00a0<\/p>\n<p style=\"margin-top: 0; margin-bottom: 0\" align=\"justify\">Art\u00edculo 18.-Del r\u00e9gimen de \u00a0contrataci\u00f3n. Sin perjuicio de lo previsto en el art\u00edculo 252 del Decreto 222 \u00a0en cuanto a los conceptos del Consejo de Ministros y Consejo de Estado, los \u00a0contratos que en materia de arrendamiento de locales celebren las zonas francas \u00a0con personas naturales o jur\u00eddicas o con las sociedades extranjeras, para el \u00a0desarrollo de actividades industriales y comerciales o para el dep\u00f3sito de \u00a0mercanc\u00edas, s\u00f3lo requerir\u00e1n para su celebraci\u00f3n, perfeccionamiento y validez, \u00a0la presentaci\u00f3n del paz y salvo por el contratista y la constituci\u00f3n y \u00a0aprobaci\u00f3n de garant\u00edas. Estos contratos no estar\u00e1n sujetos a las normas sobre \u00a0control de arrendamientos. \u00a0 \u00a0<\/p>\n<p style=\"margin-top: 0; margin-bottom: 0\" align=\"justify\">\u00a0 \u00a0 \u00a0<\/p>\n<p style=\"margin-top: 0; margin-bottom: 0\" align=\"justify\">Art\u00edculo 19.-Del \u00a0establecimiento de empresas en zonas francas. En las zonas francas podr\u00e1n \u00a0establecerse las personas naturales o jur\u00eddicas de nacionalidad colombiana y \u00a0las sociedades extranjeras, previo concepto favorable del Ministerio de \u00a0Desarrollo Econ\u00f3mico y posterior aprobaci\u00f3n e inscripci\u00f3n ante la respectiva \u00a0entidad. \u00a0 \u00a0<\/p>\n<p style=\"margin-top: 0; margin-bottom: 0\" align=\"justify\">\u00a0 \u00a0 \u00a0<\/p>\n<p style=\"margin-top: 0; margin-bottom: 0\" align=\"justify\">Par\u00e1grafo 10-El \u00a0Ministerio de Desarrollo Econ\u00f3mico contar\u00e1 con un plazo de treinta (30) d\u00edas \u00a0calendario contados a partir de la fecha de la presentaci\u00f3n de la solicitud \u00a0para emitir dicho concepto. En caso de requerirse informaci\u00f3n complementaria, \u00a0el Ministerio la solicitar\u00e1 dentro de los primeros quince (15) d\u00edas calendario \u00a0y el interesado deber\u00e1 entregarla antes del vencimiento del t\u00e9rmino fijado de \u00a0treinta (30) d\u00edas. En este \u00faltimo evento el Ministerio deber\u00e1 resolver dentro \u00a0de los quince (15) d\u00edas calendario siguientes. \u00a0 \u00a0<\/p>\n<p style=\"margin-top: 0; margin-bottom: 0\" align=\"justify\">\u00a0 \u00a0 \u00a0<\/p>\n<p style=\"margin-top: 0; margin-bottom: 0\" align=\"justify\">Si transcurridos los plazos \u00a0anteriores, el Ministerio no se hubiere pronunciado, se considerar\u00e1 tal \u00a0silencio como concepto favorable. \u00a0 \u00a0<\/p>\n<p style=\"margin-top: 0; margin-bottom: 0\" align=\"justify\">\u00a0 \u00a0 \u00a0<\/p>\n<p style=\"margin-top: 0; margin-bottom: 0\" align=\"justify\">Par\u00e1grafo 20-Corresponde \u00a0al Secretario del Consejo Nacional de Zonas Francas, como funcionario del \u00a0Ministerio de Desarrollo Econ\u00f3mico emitir el concepto previo a que hacen \u00a0referencia los art\u00edculos 19 y 20 de este decreto. \u00a0 \u00a0<\/p>\n<p style=\"margin-top: 0; margin-bottom: 0\" align=\"justify\">\u00a0 \u00a0 \u00a0<\/p>\n<p style=\"margin-top: 0; margin-bottom: 0\" align=\"justify\">Art\u00edculo 20.-De la renovaci\u00f3n \u00a0de los contratos de las empresas actualmente establecidas en zonas francas. \u00a0Para la renovaci\u00f3n de los contratos de las empresas actualmente establecidas en \u00a0las zonas francas se requerir\u00e1 del concepto previo del Ministerio de Desarrollo \u00a0Econ\u00f3mico y de la posterior aprobaci\u00f3n de la zona franca respectiva. \u00a0 \u00a0<\/p>\n<p style=\"margin-top: 0; margin-bottom: 0\" align=\"justify\">\u00a0 \u00a0 \u00a0<\/p>\n<p style=\"margin-top: 0; margin-bottom: 0\" align=\"justify\">Par\u00e1grafo.-Para lo contemplado \u00a0en este art\u00edculo establ\u00e9cense los mismos per\u00edodos y condiciones del art\u00edculo \u00a0anterior. \u00a0 \u00a0<\/p>\n<p style=\"margin-top: 0; margin-bottom: 0\" align=\"justify\">\u00a0 \u00a0 \u00a0<\/p>\n<p style=\"margin-top: 0; margin-bottom: 0\" align=\"justify\">Art\u00edculo 21.-Sobre la \u00a0inscripci\u00f3n de industrias. Las empresas instaladas en las zonas francas \u00a0industriales podr\u00e1n inscribirse como productores nacionales y deber\u00e1n hacerlo \u00a0en el Registro Nacional de Comercio Exterior de acuerdo con las normas \u00a0pertinentes. \u00a0 \u00a0<\/p>\n<p style=\"margin-top: 0; margin-bottom: 0\" align=\"justify\">\u00a0 \u00a0 \u00a0<\/p>\n<p style=\"margin-top: 0; margin-bottom: 0\" align=\"justify\">Art\u00edculo \u00a022.-Utilizaci\u00f3n de sistemas especiales de intercambio comercial. Las empresas industriales \u00a0y comerciales instaladas en las zonas francas podr\u00e1n utilizar los sistemas \u00a0especiales de intercambio comercial previstos en el articulo d\u00e9cimo segundo de \u00a0la \u00a0 Ley 48 de 1983. \u00a0 \u00a0<\/p>\n<p style=\"margin-top: 0; margin-bottom: 0\" align=\"justify\">\u00a0 \u00a0 \u00a0<\/p>\n<p style=\"margin-top: 0; margin-bottom: 0\" align=\"justify\">Art\u00edculo 23.-Divisi\u00f3n de las \u00a0\u00e1reas de las zonas francas. En las zonas francas que tengan el doble car\u00e1cter \u00a0de industriales y comerciales, las \u00e1reas de instalaciones destinadas a atender \u00a0el desarrollo de cada una de estas actividades deber\u00e1n estar f\u00edsicamente \u00a0separadas. Cuando estas \u00e1reas sean contiguas, deber\u00e1n separarse con muros \u00a0infranqueables de tal manera que cualquier traslado de personas o mercanc\u00edas de \u00a0un \u00e1rea a otra, tenga que hacerse necesariamente por las puertas destinadas al \u00a0efecto. \u00a0 \u00a0<\/p>\n<p style=\"margin-top: 0; margin-bottom: 0\" align=\"justify\">\u00a0 \u00a0 \u00a0<\/p>\n<p style=\"margin-top: 0; margin-bottom: 0\" align=\"justify\">Par\u00e1grafo.-La divisi\u00f3n f\u00edsica \u00a0entre las zonas francas industriales y las comerciales establecidas, se \u00a0realizar\u00e1 a medida que se vayan venciendo los contratos celebrados entre las \u00a0zonas francas y los usuarios. Para tal fin los gerentes o directores de las \u00a0zonas francas proporcionar\u00e1n al Ministerio de Desarrollo Econ\u00f3mico y a las \u00a0Administraciones de Aduana, copia de los contratos. \u00a0 \u00a0<\/p>\n<p style=\"margin-top: 0; margin-bottom: 0\" align=\"justify\">\u00a0 \u00a0 \u00a0<\/p>\n<p style=\"margin-top: 0; margin-bottom: 0\" align=\"justify\">Articulo 24.-En ning\u00fan caso el almacenamiento de \u00a0bienes que en la fecha de expedici\u00f3n de este decreto se encuentren en las zonas \u00a0francas obligar\u00e1 al Gobierno a la autorizaci\u00f3n de la introducci\u00f3n de dichos \u00a0bienes al territorio aduanero, salvo que se obtenga la aprobaci\u00f3n de licencias \u00a0o registros de importaci\u00f3n. \u00a0 \u00a0<\/p>\n<p style=\"margin-top: 0; margin-bottom: 0\" align=\"justify\">\u00a0 \u00a0 \u00a0<\/p>\n<p style=\"margin-top: 0; margin-bottom: 0\" align=\"justify\">Art\u00edculo 25.-Sello de reserva \u00a0de carga. Los gerentes de las zonas francas estampar\u00e1n sobre el permiso previo \u00a0de introducci\u00f3n el Sello de reserva de carga. En el evento de que el usuario de \u00a0la zona Franca Comercial no haya transportado su mercanc\u00eda en barcos de bandera \u00a0colombiana o l\u00edneas aso-ciadas. el gerente comunicar\u00e1 a la capitan\u00eda del puerto \u00a0y al Ministerio de Desarrollo Econ\u00f3mico tal infracci\u00f3n. \u00a0 \u00a0<\/p>\n<p style=\"margin-top: 0; margin-bottom: 0\" align=\"justify\">\u00a0 \u00a0 \u00a0<\/p>\n<p style=\"margin-top: 0; margin-bottom: 0\" align=\"justify\">El usuario perder\u00e1 el derecho de introducir \u00a0mercanc\u00edas a las zonas francas comerciales del pa\u00eds, durante el a\u00f1o siguiente a \u00a0la resoluci\u00f3n que determine la violaci\u00f3n al sello de reserva de carga, de \u00a0conformidad con las normas que rijan sobre a materia. \u00a0 \u00a0<\/p>\n<p style=\"margin-top: 0; margin-bottom: 0\" align=\"justify\">\u00a0 \u00a0 \u00a0<\/p>\n<p style=\"margin-top: 0; margin-bottom: 0\" align=\"justify\">Art\u00edculo 26.-Este decreto rige \u00a0a partir de la fecha de su expedici\u00f3n y deroga las normas que le sean \u00a0contrarias. \u00a0 \u00a0<\/p>\n<p style=\"margin-top: 0; margin-bottom: 0\" align=\"justify\">\u00a0 \u00a0 \u00a0<\/p>\n<p style=\"margin-top: 0; margin-bottom: 0\" align=\"justify\">Comun\u00edquese y c\u00famplase. \u00a0 \u00a0<\/p>\n<p style=\"margin-top: 0; margin-bottom: 0\" align=\"justify\">\u00a0 \u00a0 \u00a0<\/p>\n<p style=\"margin-top: 0; margin-bottom: 0\" align=\"justify\">Dado en Bogot\u00e1, D. E., a 15 de \u00a0febrero de 1984. \u00a0 \u00a0<\/p>\n<p style=\"margin-top: 0; margin-bottom: 0\" align=\"justify\">\u00a0 \u00a0 \u00a0<\/p>\n<p style=\"margin-top: 0; margin-bottom: 0\" align=\"justify\">BELISARIO \u00a0BETANCUR \u00a0 \u00a0<\/p>\n<p style=\"margin-top: 0; margin-bottom: 0\" align=\"justify\">\u00a0 \u00a0 \u00a0<\/p>\n<p style=\"margin-top: 0; margin-bottom: 0\" align=\"justify\">El Ministro de Desarrollo \u00a0Econ\u00f3mico, \u00a0 \u00a0<\/p>\n<p style=\"margin-top: 0; margin-bottom: 0\" align=\"justify\">Rodrigo \u00a0Mar\u00edn Bernal. \u00a0 \u00a0 \u00a0 \u00a0 \u00a0<\/p>\n<p style=\"margin-top: 0; margin-bottom: 0\" align=\"justify\"><\/p>\n","protected":false},"excerpt":{"rendered":"<p>DECRETO 369 DE 1984 (Febrero \u00a015) \u00a0 \u00a0 \u00a0 \u00a0 \u00a0 Por \u00a0medio del cual se regulan los aspectos de Comercio Exterior de las Zonas \u00a0Francas. \u00a0 \u00a0 \u00a0 \u00a0 \u00a0 El \u00a0Presidente de la Rep\u00fablica de Colombia, \u00a0 \u00a0 \u00a0 \u00a0 \u00a0 en uso \u00a0de las facultades conferidas por el ordinal 22 del art\u00edculo [&hellip;]<\/p>\n","protected":false},"author":1,"featured_media":0,"comment_status":"open","ping_status":"open","sticky":false,"template":"","format":"standard","meta":{"footnotes":""},"categories":[27],"tags":[],"class_list":["post-17180","post","type-post","status-publish","format-standard","hentry","category-decretos-1984"],"_links":{"self":[{"href":"https:\/\/www.dmsjuridica.com\/buscador_20179478954\/legislacion\/decretos\/wp-json\/wp\/v2\/posts\/17180","targetHints":{"allow":["GET"]}}],"collection":[{"href":"https:\/\/www.dmsjuridica.com\/buscador_20179478954\/legislacion\/decretos\/wp-json\/wp\/v2\/posts"}],"about":[{"href":"https:\/\/www.dmsjuridica.com\/buscador_20179478954\/legislacion\/decretos\/wp-json\/wp\/v2\/types\/post"}],"author":[{"embeddable":true,"href":"https:\/\/www.dmsjuridica.com\/buscador_20179478954\/legislacion\/decretos\/wp-json\/wp\/v2\/users\/1"}],"replies":[{"embeddable":true,"href":"https:\/\/www.dmsjuridica.com\/buscador_20179478954\/legislacion\/decretos\/wp-json\/wp\/v2\/comments?post=17180"}],"version-history":[{"count":0,"href":"https:\/\/www.dmsjuridica.com\/buscador_20179478954\/legislacion\/decretos\/wp-json\/wp\/v2\/posts\/17180\/revisions"}],"wp:attachment":[{"href":"https:\/\/www.dmsjuridica.com\/buscador_20179478954\/legislacion\/decretos\/wp-json\/wp\/v2\/media?parent=17180"}],"wp:term":[{"taxonomy":"category","embeddable":true,"href":"https:\/\/www.dmsjuridica.com\/buscador_20179478954\/legislacion\/decretos\/wp-json\/wp\/v2\/categories?post=17180"},{"taxonomy":"post_tag","embeddable":true,"href":"https:\/\/www.dmsjuridica.com\/buscador_20179478954\/legislacion\/decretos\/wp-json\/wp\/v2\/tags?post=17180"}],"curies":[{"name":"wp","href":"https:\/\/api.w.org\/{rel}","templated":true}]}}